{"id":10218,"date":"2025-10-27T13:27:29","date_gmt":"2025-10-27T16:27:29","guid":{"rendered":"https:\/\/universofamilia.com\/?p=10218"},"modified":"2025-10-27T13:27:40","modified_gmt":"2025-10-27T16:27:40","slug":"proteccion-familiar-en-tiempos-de-incertidumbre-economica","status":"publish","type":"post","link":"http:\/\/universofamilia.com\/ro\/proteccion-familiar-en-tiempos-de-incertidumbre-economica\/","title":{"rendered":"Protec\u021bia familiei \u00een perioade de incertitudine economic\u0103"},"content":{"rendered":"<p class=\"has-text-align-center\">\u00cen 2025, \u00eentrebarea <strong>\u201eProtec\u021bia familiei \u00een perioade de incertitudine economic\u0103\u201d<\/strong> devine mai relevant\u0103 ca niciodat\u0103.<\/p>\n\n\n\n<figure class=\"wp-block-gallery aligncenter has-nested-images columns-default is-cropped wp-block-gallery-1 is-layout-flex wp-block-gallery-is-layout-flex\">\n<figure class=\"wp-block-image size-full\"><img loading=\"lazy\" decoding=\"async\" width=\"450\" height=\"250\" data-id=\"10220\" src=\"https:\/\/universofamilia.com\/wp-content\/uploads\/sites\/148\/2025\/10\/Destaque-Novo-Universo-25-1.jpg\" alt=\"\" class=\"wp-image-10220\" srcset=\"http:\/\/universofamilia.com\/wp-content\/uploads\/sites\/148\/2025\/10\/Destaque-Novo-Universo-25-1.jpg 450w, http:\/\/universofamilia.com\/wp-content\/uploads\/sites\/148\/2025\/10\/Destaque-Novo-Universo-25-1-300x167.jpg 300w, http:\/\/universofamilia.com\/wp-content\/uploads\/sites\/148\/2025\/10\/Destaque-Novo-Universo-25-1-18x10.jpg 18w\" sizes=\"(max-width: 450px) 100vw, 450px\" \/><figcaption class=\"wp-element-caption\">CANVA<\/figcaption><\/figure>\n<\/figure>\n\n\n\n<p class=\"has-text-align-center\">Infla\u021bia global\u0103, pie\u021bele volatile ale muncii \u0219i instabilitatea politic\u0103 din diverse regiuni au creat un mediu \u00een care planificarea financiar\u0103 a familiei nu mai este op\u021bional\u0103, ci o necesitate critic\u0103.<\/p>\n\n\n\n<p class=\"has-text-align-center\">Conform B\u0103ncii Mondiale, infla\u021bia din America Latin\u0103 este estimat\u0103 la o medie de 5,8% \u00een acest an, afect\u00e2nd direct puterea de cump\u0103rare a familiilor.<\/p>\n\n\n\n<p>Acest articol ofer\u0103 o analiz\u0103 aprofundat\u0103 \u0219i strategii practice pentru a ajuta familiile mexicane \u0219i latino-americane s\u0103 \u00ee\u0219i protejeze finan\u021bele, s\u0103 ia decizii inteligente \u0219i s\u0103 \u00ee\u0219i consolideze rezilien\u021ba economic\u0103 \u00een fa\u021ba incertitudinii.<\/p>\n\n\n\n<p>Vom explora cum s\u0103 organiz\u0103m un buget familial, s\u0103 promov\u0103m educa\u021bia financiar\u0103, s\u0103 diversific\u0103m veniturile, s\u0103 profit\u0103m de asigur\u0103ri \u0219i multe altele.<\/p>\n\n\n\n<h2 class=\"wp-block-heading\">Rezumat<\/h2>\n\n\n\n<p>Pentru a v\u0103 ghida \u00een timpul lecturii, acest articol se concentreaz\u0103 pe opt domenii cheie:<\/p>\n\n\n\n<ol>\n<li>Constituirea unui fond solid pentru situa\u021bii de urgen\u021b\u0103.<\/li>\n\n\n\n<li>\u00centocmirea unui buget familial detaliat.<\/li>\n\n\n\n<li>Educa\u021bia financiar\u0103 ca instrument pentru rezilien\u021b\u0103.<\/li>\n\n\n\n<li>Diversificarea surselor de venit.<\/li>\n\n\n\n<li>\u00cencheierea unei asigur\u0103ri corespunz\u0103toare.<\/li>\n\n\n\n<li>Mentalitatea de economisire \u0219i obiceiurile responsabile.<\/li>\n\n\n\n<li>Consultan\u021b\u0103 financiar\u0103 profesional\u0103.<\/li>\n\n\n\n<li>Flexibilitate \u0219i adaptare la schimb\u0103rile economice.<\/li>\n<\/ol>\n\n\n\n<p>De-a lungul textului, vom include exemple practice, analogii \u0219i sfaturi care v\u0103 vor ajuta s\u0103 \u00een\u021belege\u021bi mai bine cum pot familiile s\u0103 ia m\u0103suri pentru a-\u0219i proteja bun\u0103starea economic\u0103.<\/p>\n\n\n\n<h2 class=\"wp-block-heading\">\u00cenfiin\u021barea unui Fond de Urgen\u021b\u0103 pentru Protec\u021bia Familiei \u00een perioade de incertitudine economic\u0103<\/h2>\n\n\n\n<p>Primul pas pentru a te proteja de incertitudinea economic\u0103 este s\u0103 creezi un fond de urgen\u021b\u0103.<\/p>\n\n\n\n<p><\/p>\n\n\n\n<p>Acest fond ar trebui s\u0103 acopere cheltuieli esen\u021biale pe o perioad\u0103 de trei p\u00e2n\u0103 la \u0219ase luni, inclusiv m\u00e2ncare, locuin\u021b\u0103, utilit\u0103\u021bi \u0219i transport.<\/p>\n\n\n\n<p>Aceast\u0103 rezerv\u0103 financiar\u0103 permite familiilor s\u0103 fac\u0103 fa\u021b\u0103 evenimentelor neprev\u0103zute f\u0103r\u0103 a recurge la datorii costisitoare.<\/p>\n\n\n\n<p><strong>Exemplu real:<\/strong> O familie cu venituri medii din Mexico City a alocat 10% din salariul lunar unui fond de urgen\u021b\u0103 timp de doi ani.<\/p>\n\n\n\n<p>C\u00e2nd infla\u021bia a lovit pre\u021burile alimentelor \u0219i serviciilor \u00een 2025, ace\u0219tia au reu\u0219it s\u0103-\u0219i men\u021bin\u0103 calitatea vie\u021bii f\u0103r\u0103 a-\u0219i compromite obliga\u021biile financiare.<\/p>\n\n\n\n<p>Economisirea nu necesit\u0103 sume mari de bani; ceea ce conteaz\u0103 este consecven\u021ba \u0219i disciplina.<\/p>\n\n\n\n<p>Automatizarea transferurilor c\u0103tre un cont de economii separat poate fi o metod\u0103 eficient\u0103 pentru men\u021binerea consecven\u021bei.<\/p>\n\n\n\n<h2 class=\"wp-block-heading\">Preg\u0103ti\u021bi un buget familial<\/h2>\n\n\n\n<p>Bugetul familial este o foaie de parcurs care v\u0103 permite s\u0103 gestiona\u021bi eficient veniturile \u0219i cheltuielile gospod\u0103riei.<\/p>\n\n\n\n<p>Pentru a face acest lucru corect, trebuie mai \u00eent\u00e2i s\u0103 enumera\u021bi toate sursele de venit \u0219i apoi s\u0103 identifica\u021bi toate cheltuielile fixe \u0219i variabile.<\/p>\n\n\n\n<p><strong>Exemplu:<\/strong> Mar\u00eda, o mam\u0103 a trei copii din Monterrey, folose\u0219te o foaie de calcul lunar\u0103 \u00een care \u00ee\u0219i clasific\u0103 cheltuielile \u00een alimente, transport, educa\u021bie, divertisment \u0219i economii.<\/p>\n\n\n\n<p>Acest lucru v\u0103 permite s\u0103 detecta\u021bi scurgerile de numerar \u0219i s\u0103 realoca\u021bi resurse c\u0103tre ceea ce conteaz\u0103 cu adev\u0103rat, cum ar fi economisirea \u0219i investi\u021biile \u00een educa\u021bia copiilor dumneavoastr\u0103.<\/p>\n\n\n\n<p>Un buget clar te ajut\u0103 s\u0103 iei decizii informate \u0219i evi\u021bi s\u0103 cazi \u00een capcana cheltuielilor impulsive.<\/p>\n\n\n\n<p>\u00cen plus, implicarea tuturor membrilor familiei promoveaz\u0103 educa\u021bia financiar\u0103 \u0219i responsabilitatea comun\u0103.<\/p>\n\n\n\n<h2 class=\"wp-block-heading\">Promovarea educa\u021biei financiare acas\u0103<\/h2>\n\n\n\n<p>Educa\u021bia financiar\u0103 este esen\u021bial\u0103 pentru ca membrii familiei s\u0103 \u00een\u021beleag\u0103 cum func\u021bioneaz\u0103 concepte precum economii, investi\u021bii, infla\u021bie \u0219i datorii.<\/p>\n\n\n\n<p>Predarea de la o v\u00e2rst\u0103 fraged\u0103 \u00eei ajut\u0103 pe copii \u0219i adolescen\u021bi s\u0103 dezvolte obiceiuri responsabile care vor avea un impact pozitiv asupra viitorului lor economic.<\/p>\n\n\n\n<p><strong>Date relevante:<\/strong> Conform CEPAL, gospod\u0103riile cu educa\u021bie financiar\u0103 prezint\u0103 o probabilitate cu 25% mai mare de a men\u021bine economii constante \u0219i de a lua decizii de investi\u021bii informate (<a>cepal.org<\/a>).<\/p>\n\n\n\n<p>Activit\u0103\u021bi simple, cum ar fi implicarea copiilor \u00een bugetare, \u00eenv\u0103\u021barea lor cum s\u0103 compare pre\u021burile sau alocarea unei sume de bani pentru a-\u0219i gestiona cheltuielile personale, pot fi foarte eficiente.<\/p>\n\n\n\n<h2 class=\"wp-block-heading\">Diversifica\u021bi sursele de venit<\/h2>\n\n\n\n<p>Dependen\u021ba de un singur venit reprezint\u0103 un risc semnificativ \u00een perioade de incertitudine.<\/p>\n\n\n\n<p>Explorarea de noi surse de venit, cum ar fi munca independent\u0103, antreprenoriatul sau investi\u021biile mici, poate oferi stabilitate \u0219i reduce vulnerabilitatea la pierderea locului de munc\u0103.<\/p>\n\n\n\n<p><strong>Exemplu:<\/strong> Luis, inginer \u00een Guadalajara, a \u00eenceput s\u0103 ofere cursuri de programare online, pe l\u00e2ng\u0103 jobul s\u0103u principal.<\/p>\n\n\n\n<p>\u00cen perioada volatil\u0103 a pie\u021bei muncii din 2025, venitul ei suplimentar i-a permis s\u0103 \u00ee\u0219i men\u021bin\u0103 cheltuielile esen\u021biale \u0219i s\u0103 continue s\u0103 economiseasc\u0103.<\/p>\n\n\n\n<p>Diversificarea nu numai c\u0103 protejeaz\u0103 familiile de crize, ci deschide \u0219i oportunit\u0103\u021bi pentru dezvoltarea competen\u021belor \u0219i explorarea unor noi surse de cre\u0219tere economic\u0103.<\/p>\n\n\n\n<h2 class=\"wp-block-heading\">S\u0103 ave\u021bi o asigurare adecvat\u0103<\/h2>\n\n\n\n<p>Asigurarea este un instrument cheie pentru protejarea familiei \u00eempotriva evenimentelor neprev\u0103zute. Acoperirea recomandat\u0103 include asigur\u0103ri de s\u0103n\u0103tate, via\u021b\u0103, locuin\u021b\u0103 \u0219i auto.<\/p>\n\n\n\n<p>\u00cen caz de urgen\u021b\u0103, aceste poli\u021be de asigurare \u00eempiedic\u0103 familiile s\u0103 \u00ee\u0219i lichideze economiile sau s\u0103 se \u00eendatoreze.<\/p>\n\n\n\n<p><strong>Statistici relevante:<\/strong> Un studiu realizat de Asocia\u021bia Mexican\u0103 a Institu\u021biilor de Asigur\u0103ri (AMIS) indic\u0103 faptul c\u0103 doar 40% dintre familiile mexicane au o asigurare medical\u0103 adecvat\u0103, ceea ce le face vulnerabile la cheltuieli neprev\u0103zute.<a>amis.com.mx<\/a>).<\/p>\n\n\n\n<p>Alegerea asigur\u0103rii potrivite implic\u0103 analizarea nevoilor specifice fiec\u0103rei familii \u0219i evaluarea raportului cost-beneficiu al fiec\u0103rei poli\u021be.<\/p>\n\n\n\n<h2 class=\"wp-block-heading\">Men\u021bine\u021bi o mentalitate de economisire<\/h2>\n\n\n\n<p>Adoptarea unei mentalit\u0103\u021bi de economisire constant\u0103 este crucial\u0103, chiar \u0219i \u00een cazul unor sume mici.<\/p>\n\n\n\n<p>Automatizarea depunerilor \u00een conturi de economii, stabilirea unor obiective clare \u0219i revizuirea periodic\u0103 a cheltuielilor v\u0103 permit s\u0103 men\u021bine\u021bi un control real asupra finan\u021belor dumneavoastr\u0103.<\/p>\n\n\n\n<p>O analogie util\u0103: economiile familiei sunt ca o gr\u0103din\u0103. Dac\u0103 sunt plantate constant \u0219i \u00eengrijite regulat, vor cre\u0219te \u0219i vor da roade la momentul potrivit.<\/p>\n\n\n\n<p>Neglijarea acesteia, pe de alt\u0103 parte, poate l\u0103sa familia f\u0103r\u0103 resurse \u00een momente critice.<\/p>\n\n\n\n<figure class=\"wp-block-gallery aligncenter has-nested-images columns-default is-cropped wp-block-gallery-2 is-layout-flex wp-block-gallery-is-layout-flex\">\n<figure class=\"wp-block-image size-full\"><img loading=\"lazy\" decoding=\"async\" width=\"450\" height=\"250\" data-id=\"10221\" src=\"https:\/\/universofamilia.com\/wp-content\/uploads\/sites\/148\/2025\/10\/Destaque-Novo-Universo-26.jpg\" alt=\"\" class=\"wp-image-10221\" srcset=\"http:\/\/universofamilia.com\/wp-content\/uploads\/sites\/148\/2025\/10\/Destaque-Novo-Universo-26.jpg 450w, http:\/\/universofamilia.com\/wp-content\/uploads\/sites\/148\/2025\/10\/Destaque-Novo-Universo-26-300x167.jpg 300w, http:\/\/universofamilia.com\/wp-content\/uploads\/sites\/148\/2025\/10\/Destaque-Novo-Universo-26-18x10.jpg 18w\" sizes=\"(max-width: 450px) 100vw, 450px\" \/><figcaption class=\"wp-element-caption\">CANVA<\/figcaption><\/figure>\n<\/figure>\n\n\n\n<p>Cite\u015fte mai mult:&nbsp;<a href=\"http:\/\/universofamilia.com\/ro\/economia-mundial-en-2025-recesion-o-recuperacion\/\">Economia mondial\u0103 \u00een 2025: recesiune sau redresare?<\/a><\/p>\n\n\n\n<h2 class=\"wp-block-heading\">Cere\u021bi sfaturi financiare profesionale<\/h2>\n\n\n\n<p>Consultan\u021ba profesional\u0103 v\u0103 permite s\u0103 optimiza\u021bi gestionarea resurselor, s\u0103 planifica\u021bi investi\u021biile \u0219i s\u0103 lua\u021bi decizii strategice informate.<\/p>\n\n\n\n<p>Consultan\u021bii financiari v\u0103 pot ajuta s\u0103 crea\u021bi planuri de economii, s\u0103 securiza\u021bi investi\u021biile \u0219i s\u0103 elabora\u021bi strategii fiscale care s\u0103 maximizeze bun\u0103starea familiei.<\/p>\n\n\n\n<p>Nu este vorba doar despre averi mari; orice familie poate beneficia de un planificator financiar care adapteaz\u0103 strategiile la bugetul \u0219i nevoile specifice ale gospod\u0103riei.<\/p>\n\n\n\n<h2 class=\"wp-block-heading\">Fii flexibil \u0219i adapteaz\u0103-te la schimb\u0103ri<\/h2>\n\n\n\n<p>Rezilien\u021ba economic\u0103 depinde de capacitatea de adaptare la noile circumstan\u021be.<\/p>\n\n\n\n<p>Ajustarea bugetului, explorarea oportunit\u0103\u021bilor de venit \u0219i schimbarea obiceiurilor de cheltuieli sunt ac\u021biuni care permit familiilor s\u0103 fac\u0103 fa\u021b\u0103 incertitudinii cu mai mult\u0103 \u00eencredere.<\/p>\n\n\n\n<p>\u00cen 2025, economia global\u0103 trece printr-o schimbare rapid\u0103 \u0219i constant\u0103. Flexibilitatea \u00ee\u021bi permite s\u0103 anticipezi problemele \u0219i s\u0103 profi\u021bi de oportunit\u0103\u021bi pe care al\u021bii le-ar putea trece cu vederea.<\/p>\n\n\n\n<h2 class=\"wp-block-heading\">Strategii suplimentare pentru protejarea familiilor<\/h2>\n\n\n\n<ol>\n<li><strong>Cump\u0103r\u0103turi inteligente:<\/strong> Compar\u0103 pre\u021burile, profit\u0103 de reduceri \u0219i prioritizeaz\u0103 nevoile reale.<\/li>\n\n\n\n<li><strong>Planificare educa\u021bional\u0103:<\/strong> Evalua\u021bi alternativele educa\u021bionale care optimizeaz\u0103 raportul cost-beneficiu f\u0103r\u0103 a compromite calitatea.<\/li>\n\n\n\n<li><strong>Utilizarea responsabil\u0103 a creditului:<\/strong> Evita\u021bi datoriile inutile \u0219i acorda\u021bi prioritate achit\u0103rii datoriilor cu dob\u00e2nzi mari.<\/li>\n\n\n\n<li><strong>Investi\u021bii \u00een competen\u021be:<\/strong> Instrui\u021bi-v\u0103 pentru noi locuri de munc\u0103 sau afaceri care genereaz\u0103 venituri suplimentare.<\/li>\n<\/ol>\n\n\n\n<h2 class=\"wp-block-heading\">Concluzie<\/h2>\n\n\n\n<p>Protejarea familiei dumneavoastr\u0103 \u00een perioade de incertitudine economic\u0103 necesit\u0103 o abordare cuprinz\u0103toare.<\/p>\n\n\n\n<p>Crearea unui fond de urgen\u021b\u0103, \u00eentocmirea unui buget, educa\u021bia financiar\u0103, diversificarea veniturilor, asigurarea adecvat\u0103, economisirea constant\u0103, solicitarea de sfaturi profesionale \u0219i adaptarea la schimb\u0103ri sunt strategii esen\u021biale.<\/p>\n\n\n\n<p>\u00centrebarea <strong>\u201eProtec\u021bia familiei \u00een perioade de incertitudine economic\u0103\u201d<\/strong> Nu este doar retoric\u0103; este un ghid pentru ac\u021biune.<\/p>\n\n\n\n<p>Familiile care implementeaz\u0103 aceste strategii au mai multe \u0219anse s\u0103 \u00ee\u0219i men\u021bin\u0103 stabilitatea, s\u0103 fac\u0103 fa\u021b\u0103 cu \u00eencredere crizelor \u0219i s\u0103 \u00ee\u0219i construiasc\u0103 un viitor financiar solid.<\/p>\n\n\n\n<p>Cite\u015fte mai mult:&nbsp;<a href=\"http:\/\/universofamilia.com\/ro\/crisis-climatica-global\/\">Criza climatic\u0103 global\u0103: impactul afecteaz\u0103 deja milioane de oameni<\/a><\/p>\n\n\n\n<h3 class=\"wp-block-heading\">\u00centreb\u0103ri frecvente<\/h3>\n\n\n\n<p><strong>1. C\u00e2t ar trebui s\u0103 economisesc pentru un fond de urgen\u021b\u0103?<\/strong><br>\u00centre trei \u0219i \u0219ase luni de cheltuieli esen\u021biale.<\/p>\n\n\n\n<p><strong>2. Cum \u00eemi pot implica copiii \u00een educa\u021bia financiar\u0103?<\/strong><br>D\u0103-le o aloca\u021bie, \u00eenva\u021b\u0103-i cum s\u0103 compare pre\u021burile \u0219i economise\u0219te pentru obiective personale.<\/p>\n\n\n\n<p><strong>3. Ce asigurare este esen\u021bial\u0103?<\/strong><br>Servicii de s\u0103n\u0103tate, via\u021b\u0103, locuin\u021b\u0103 \u0219i auto, bazate pe nevoile specifice ale familiei.<\/p>\n\n\n\n<p><strong>4. Cum s\u0103 diversifici veniturile f\u0103r\u0103 a-\u021bi neglija principalul loc de munc\u0103?<\/strong><br>Exploreaz\u0103 munca independent\u0103, startup-urile mici sau investi\u021biile cu risc sc\u0103zut care nu \u00ee\u021bi necesit\u0103 tot timpul.<\/p>\n\n\n\n<p><strong>5. C\u00e2nd ar trebui s\u0103 solicita\u021bi sfatul unui profesionist?<\/strong><br>Ori de c\u00e2te ori dori\u021bi s\u0103 optimiza\u021bi resursele, s\u0103 planifica\u021bi investi\u021biile sau s\u0103 proteja\u021bi bunurile familiei.<\/p>","protected":false},"excerpt":{"rendered":"<p>En 2025, la pregunta \u201cProtecci\u00f3n familiar en tiempos de incertidumbre econ\u00f3mica\u201d se vuelve m\u00e1s relevante que nunca. La inflaci\u00f3n global, la volatilidad de los mercados laborales y la inestabilidad pol\u00edtica en diversas regiones han generado un entorno en el que la planificaci\u00f3n financiera familiar ya no es opcional, sino una necesidad cr\u00edtica. Seg\u00fan el Banco [&hellip;]<\/p>","protected":false},"author":219,"featured_media":10219,"comment_status":"closed","ping_status":"open","sticky":false,"template":"","format":"standard","meta":{"footnotes":""},"categories":[4],"tags":[],"yoast_head":"<!-- This site is optimized with the Yoast SEO plugin v23.3 - https:\/\/yoast.com\/wordpress\/plugins\/seo\/ -->\n<title>Protecci\u00f3n familiar en tiempos de incertidumbre econ\u00f3mica - Universo Fam\u00edlia<\/title>\n<meta name=\"description\" content=\"En 2025, la pregunta \u201cProtecci\u00f3n familiar en tiempos de incertidumbre econ\u00f3mica\u201d se vuelve m\u00e1s relevante que nunca.\" \/>\n<meta name=\"robots\" content=\"index, follow, max-snippet:-1, max-image-preview:large, max-video-preview:-1\" \/>\n<link rel=\"canonical\" href=\"https:\/\/universofamilia.com\/ro\/proteccion-familiar-en-tiempos-de-incertidumbre-economica\/\" \/>\n<meta property=\"og:locale\" content=\"ro_RO\" \/>\n<meta property=\"og:type\" content=\"article\" \/>\n<meta property=\"og:title\" content=\"Protecci\u00f3n familiar en tiempos de incertidumbre econ\u00f3mica - Universo Fam\u00edlia\" \/>\n<meta property=\"og:description\" content=\"En 2025, la pregunta \u201cProtecci\u00f3n familiar en tiempos de incertidumbre econ\u00f3mica\u201d se vuelve m\u00e1s relevante que nunca.\" \/>\n<meta property=\"og:url\" content=\"https:\/\/universofamilia.com\/ro\/proteccion-familiar-en-tiempos-de-incertidumbre-economica\/\" \/>\n<meta property=\"og:site_name\" content=\"Universo Fam\u00edlia\" \/>\n<meta property=\"article:published_time\" content=\"2025-10-27T16:27:29+00:00\" \/>\n<meta property=\"article:modified_time\" content=\"2025-10-27T16:27:40+00:00\" \/>\n<meta property=\"og:image\" content=\"https:\/\/universofamilia.com\/wp-content\/uploads\/sites\/148\/2025\/10\/Destaque-Novo-Universo-25.jpg\" \/>\n\t<meta property=\"og:image:width\" content=\"450\" \/>\n\t<meta property=\"og:image:height\" content=\"250\" \/>\n\t<meta property=\"og:image:type\" content=\"image\/jpeg\" \/>\n<meta name=\"author\" content=\"Matheus Sangaletti\" \/>\n<meta name=\"twitter:card\" content=\"summary_large_image\" \/>\n<meta name=\"twitter:label1\" content=\"Written by\" \/>\n\t<meta name=\"twitter:data1\" content=\"Matheus Sangaletti\" \/>\n\t<meta name=\"twitter:label2\" content=\"Est. reading time\" \/>\n\t<meta name=\"twitter:data2\" content=\"8 minute\" \/>\n<script type=\"application\/ld+json\" class=\"yoast-schema-graph\">{\"@context\":\"https:\/\/schema.org\",\"@graph\":[{\"@type\":\"WebPage\",\"@id\":\"https:\/\/universofamilia.com\/el\/proteccion-familiar-en-tiempos-de-incertidumbre-economica\/\",\"url\":\"https:\/\/universofamilia.com\/el\/proteccion-familiar-en-tiempos-de-incertidumbre-economica\/\",\"name\":\"Protecci\u00f3n familiar en tiempos de incertidumbre econ\u00f3mica - Universo Fam\u00edlia\",\"isPartOf\":{\"@id\":\"https:\/\/universofamilia.com\/el\/#website\"},\"primaryImageOfPage\":{\"@id\":\"https:\/\/universofamilia.com\/el\/proteccion-familiar-en-tiempos-de-incertidumbre-economica\/#primaryimage\"},\"image\":{\"@id\":\"https:\/\/universofamilia.com\/el\/proteccion-familiar-en-tiempos-de-incertidumbre-economica\/#primaryimage\"},\"thumbnailUrl\":\"http:\/\/universofamilia.com\/wp-content\/uploads\/sites\/148\/2025\/10\/Destaque-Novo-Universo-25.jpg\",\"datePublished\":\"2025-10-27T16:27:29+00:00\",\"dateModified\":\"2025-10-27T16:27:40+00:00\",\"author\":{\"@id\":\"https:\/\/universofamilia.com\/el\/#\/schema\/person\/92fcd07e9b1f4323bf74f3170fc0f78a\"},\"description\":\"En 2025, la pregunta \u201cProtecci\u00f3n familiar en tiempos de incertidumbre econ\u00f3mica\u201d se vuelve m\u00e1s relevante que nunca.\",\"breadcrumb\":{\"@id\":\"https:\/\/universofamilia.com\/el\/proteccion-familiar-en-tiempos-de-incertidumbre-economica\/#breadcrumb\"},\"inLanguage\":\"ro-RO\",\"potentialAction\":[{\"@type\":\"ReadAction\",\"target\":[\"https:\/\/universofamilia.com\/el\/proteccion-familiar-en-tiempos-de-incertidumbre-economica\/\"]}]},{\"@type\":\"ImageObject\",\"inLanguage\":\"ro-RO\",\"@id\":\"https:\/\/universofamilia.com\/el\/proteccion-familiar-en-tiempos-de-incertidumbre-economica\/#primaryimage\",\"url\":\"http:\/\/universofamilia.com\/wp-content\/uploads\/sites\/148\/2025\/10\/Destaque-Novo-Universo-25.jpg\",\"contentUrl\":\"http:\/\/universofamilia.com\/wp-content\/uploads\/sites\/148\/2025\/10\/Destaque-Novo-Universo-25.jpg\",\"width\":450,\"height\":250},{\"@type\":\"BreadcrumbList\",\"@id\":\"https:\/\/universofamilia.com\/el\/proteccion-familiar-en-tiempos-de-incertidumbre-economica\/#breadcrumb\",\"itemListElement\":[{\"@type\":\"ListItem\",\"position\":1,\"name\":\"Home\",\"item\":\"https:\/\/universofamilia.com\/el\/\"},{\"@type\":\"ListItem\",\"position\":2,\"name\":\"Protecci\u00f3n familiar en tiempos de incertidumbre econ\u00f3mica\"}]},{\"@type\":\"WebSite\",\"@id\":\"https:\/\/universofamilia.com\/el\/#website\",\"url\":\"https:\/\/universofamilia.com\/el\/\",\"name\":\"Universo Fam\u00edlia\",\"description\":\"\",\"potentialAction\":[{\"@type\":\"SearchAction\",\"target\":{\"@type\":\"EntryPoint\",\"urlTemplate\":\"https:\/\/universofamilia.com\/el\/?s={search_term_string}\"},\"query-input\":\"required name=search_term_string\"}],\"inLanguage\":\"ro-RO\"},{\"@type\":\"Person\",\"@id\":\"https:\/\/universofamilia.com\/el\/#\/schema\/person\/92fcd07e9b1f4323bf74f3170fc0f78a\",\"name\":\"Matheus Sangaletti\",\"image\":{\"@type\":\"ImageObject\",\"inLanguage\":\"ro-RO\",\"@id\":\"https:\/\/universofamilia.com\/el\/#\/schema\/person\/image\/\",\"url\":\"http:\/\/2.gravatar.com\/avatar\/280ea957a14a48e6a1ad2133d2cc27c9?s=96&d=mm&r=g\",\"contentUrl\":\"http:\/\/2.gravatar.com\/avatar\/280ea957a14a48e6a1ad2133d2cc27c9?s=96&d=mm&r=g\",\"caption\":\"Matheus Sangaletti\"},\"url\":\"http:\/\/universofamilia.com\/ro\/author\/matheuss\/\"}]}<\/script>\n<!-- \/ Yoast SEO plugin. -->","yoast_head_json":{"title":"Protecci\u00f3n familiar en tiempos de incertidumbre econ\u00f3mica - Universo Fam\u00edlia","description":"En 2025, la pregunta \u201cProtecci\u00f3n familiar en tiempos de incertidumbre econ\u00f3mica\u201d se vuelve m\u00e1s relevante que nunca.","robots":{"index":"index","follow":"follow","max-snippet":"max-snippet:-1","max-image-preview":"max-image-preview:large","max-video-preview":"max-video-preview:-1"},"canonical":"https:\/\/universofamilia.com\/ro\/proteccion-familiar-en-tiempos-de-incertidumbre-economica\/","og_locale":"ro_RO","og_type":"article","og_title":"Protecci\u00f3n familiar en tiempos de incertidumbre econ\u00f3mica - Universo Fam\u00edlia","og_description":"En 2025, la pregunta \u201cProtecci\u00f3n familiar en tiempos de incertidumbre econ\u00f3mica\u201d se vuelve m\u00e1s relevante que nunca.","og_url":"https:\/\/universofamilia.com\/ro\/proteccion-familiar-en-tiempos-de-incertidumbre-economica\/","og_site_name":"Universo Fam\u00edlia","article_published_time":"2025-10-27T16:27:29+00:00","article_modified_time":"2025-10-27T16:27:40+00:00","og_image":[{"width":450,"height":250,"url":"https:\/\/universofamilia.com\/wp-content\/uploads\/sites\/148\/2025\/10\/Destaque-Novo-Universo-25.jpg","type":"image\/jpeg"}],"author":"Matheus Sangaletti","twitter_card":"summary_large_image","twitter_misc":{"Written by":"Matheus Sangaletti","Est. reading time":"8 minute"},"schema":{"@context":"https:\/\/schema.org","@graph":[{"@type":"WebPage","@id":"https:\/\/universofamilia.com\/el\/proteccion-familiar-en-tiempos-de-incertidumbre-economica\/","url":"https:\/\/universofamilia.com\/el\/proteccion-familiar-en-tiempos-de-incertidumbre-economica\/","name":"Protecci\u00f3n familiar en tiempos de incertidumbre econ\u00f3mica - Universo Fam\u00edlia","isPartOf":{"@id":"https:\/\/universofamilia.com\/el\/#website"},"primaryImageOfPage":{"@id":"https:\/\/universofamilia.com\/el\/proteccion-familiar-en-tiempos-de-incertidumbre-economica\/#primaryimage"},"image":{"@id":"https:\/\/universofamilia.com\/el\/proteccion-familiar-en-tiempos-de-incertidumbre-economica\/#primaryimage"},"thumbnailUrl":"http:\/\/universofamilia.com\/wp-content\/uploads\/sites\/148\/2025\/10\/Destaque-Novo-Universo-25.jpg","datePublished":"2025-10-27T16:27:29+00:00","dateModified":"2025-10-27T16:27:40+00:00","author":{"@id":"https:\/\/universofamilia.com\/el\/#\/schema\/person\/92fcd07e9b1f4323bf74f3170fc0f78a"},"description":"En 2025, la pregunta \u201cProtecci\u00f3n familiar en tiempos de incertidumbre econ\u00f3mica\u201d se vuelve m\u00e1s relevante que nunca.","breadcrumb":{"@id":"https:\/\/universofamilia.com\/el\/proteccion-familiar-en-tiempos-de-incertidumbre-economica\/#breadcrumb"},"inLanguage":"ro-RO","potentialAction":[{"@type":"ReadAction","target":["https:\/\/universofamilia.com\/el\/proteccion-familiar-en-tiempos-de-incertidumbre-economica\/"]}]},{"@type":"ImageObject","inLanguage":"ro-RO","@id":"https:\/\/universofamilia.com\/el\/proteccion-familiar-en-tiempos-de-incertidumbre-economica\/#primaryimage","url":"http:\/\/universofamilia.com\/wp-content\/uploads\/sites\/148\/2025\/10\/Destaque-Novo-Universo-25.jpg","contentUrl":"http:\/\/universofamilia.com\/wp-content\/uploads\/sites\/148\/2025\/10\/Destaque-Novo-Universo-25.jpg","width":450,"height":250},{"@type":"BreadcrumbList","@id":"https:\/\/universofamilia.com\/el\/proteccion-familiar-en-tiempos-de-incertidumbre-economica\/#breadcrumb","itemListElement":[{"@type":"ListItem","position":1,"name":"Home","item":"https:\/\/universofamilia.com\/el\/"},{"@type":"ListItem","position":2,"name":"Protecci\u00f3n familiar en tiempos de incertidumbre econ\u00f3mica"}]},{"@type":"WebSite","@id":"https:\/\/universofamilia.com\/el\/#website","url":"https:\/\/universofamilia.com\/el\/","name":"Universo Fam\u00edlia","description":"","potentialAction":[{"@type":"SearchAction","target":{"@type":"EntryPoint","urlTemplate":"https:\/\/universofamilia.com\/el\/?s={search_term_string}"},"query-input":"required name=search_term_string"}],"inLanguage":"ro-RO"},{"@type":"Person","@id":"https:\/\/universofamilia.com\/el\/#\/schema\/person\/92fcd07e9b1f4323bf74f3170fc0f78a","name":"Matheus Sangaletti","image":{"@type":"ImageObject","inLanguage":"ro-RO","@id":"https:\/\/universofamilia.com\/el\/#\/schema\/person\/image\/","url":"http:\/\/2.gravatar.com\/avatar\/280ea957a14a48e6a1ad2133d2cc27c9?s=96&d=mm&r=g","contentUrl":"http:\/\/2.gravatar.com\/avatar\/280ea957a14a48e6a1ad2133d2cc27c9?s=96&d=mm&r=g","caption":"Matheus Sangaletti"},"url":"http:\/\/universofamilia.com\/ro\/author\/matheuss\/"}]}},"_links":{"self":[{"href":"http:\/\/universofamilia.com\/ro\/wp-json\/wp\/v2\/posts\/10218"}],"collection":[{"href":"http:\/\/universofamilia.com\/ro\/wp-json\/wp\/v2\/posts"}],"about":[{"href":"http:\/\/universofamilia.com\/ro\/wp-json\/wp\/v2\/types\/post"}],"author":[{"embeddable":true,"href":"http:\/\/universofamilia.com\/ro\/wp-json\/wp\/v2\/users\/219"}],"replies":[{"embeddable":true,"href":"http:\/\/universofamilia.com\/ro\/wp-json\/wp\/v2\/comments?post=10218"}],"version-history":[{"count":3,"href":"http:\/\/universofamilia.com\/ro\/wp-json\/wp\/v2\/posts\/10218\/revisions"}],"predecessor-version":[{"id":10224,"href":"http:\/\/universofamilia.com\/ro\/wp-json\/wp\/v2\/posts\/10218\/revisions\/10224"}],"wp:featuredmedia":[{"embeddable":true,"href":"http:\/\/universofamilia.com\/ro\/wp-json\/wp\/v2\/media\/10219"}],"wp:attachment":[{"href":"http:\/\/universofamilia.com\/ro\/wp-json\/wp\/v2\/media?parent=10218"}],"wp:term":[{"taxonomy":"category","embeddable":true,"href":"http:\/\/universofamilia.com\/ro\/wp-json\/wp\/v2\/categories?post=10218"},{"taxonomy":"post_tag","embeddable":true,"href":"http:\/\/universofamilia.com\/ro\/wp-json\/wp\/v2\/tags?post=10218"}],"curies":[{"name":"wp","href":"https:\/\/api.w.org\/{rel}","templated":true}]}}