{"id":10395,"date":"2025-11-21T22:52:32","date_gmt":"2025-11-22T01:52:32","guid":{"rendered":"https:\/\/universofamilia.com\/?p=10395"},"modified":"2025-11-21T22:52:36","modified_gmt":"2025-11-22T01:52:36","slug":"como-resguardar-tu-informacion-personal-en-la-era-digital","status":"publish","type":"post","link":"http:\/\/universofamilia.com\/ro\/como-resguardar-tu-informacion-personal-en-la-era-digital\/","title":{"rendered":"Cum s\u0103 v\u0103 proteja\u021bi informa\u021biile personale \u00een era digital\u0103"},"content":{"rendered":"<p class=\"has-text-align-center\">Expresia <strong>\u201e<em>Cum s\u0103 v\u0103 proteja\u021bi informa\u021biile personale \u00een era digital\u0103<\/em>\u201e<\/strong> A devenit o preocupare zilnic\u0103 \u00een 2025, \u00een special din cauza cre\u0219terii num\u0103rului de scurgeri de date \u0219i a utiliz\u0103rii intensive a datelor de c\u0103tre aplica\u021bii, platforme \u0219i servicii.<\/p>\n\n\n\n<figure class=\"wp-block-gallery has-nested-images columns-default is-cropped wp-block-gallery-1 is-layout-flex wp-block-gallery-is-layout-flex\">\n<figure class=\"wp-block-image size-full\"><img loading=\"lazy\" decoding=\"async\" width=\"450\" height=\"250\" data-id=\"10399\" src=\"https:\/\/universofamilia.com\/wp-content\/uploads\/sites\/148\/2025\/11\/Destaque-Novo-Universo-9.jpg\" alt=\"\" class=\"wp-image-10399\" srcset=\"http:\/\/universofamilia.com\/wp-content\/uploads\/sites\/148\/2025\/11\/Destaque-Novo-Universo-9.jpg 450w, http:\/\/universofamilia.com\/wp-content\/uploads\/sites\/148\/2025\/11\/Destaque-Novo-Universo-9-300x167.jpg 300w, http:\/\/universofamilia.com\/wp-content\/uploads\/sites\/148\/2025\/11\/Destaque-Novo-Universo-9-18x10.jpg 18w\" sizes=\"(max-width: 450px) 100vw, 450px\" \/><figcaption class=\"wp-element-caption\">Canva<\/figcaption><\/figure>\n<\/figure>\n\n\n\n<p class=\"has-text-align-center\">\u00cenainte de a intra \u00een detalii, este util s\u0103 facem o scurt\u0103 trecere \u00een revist\u0103:<\/p>\n\n\n\n<p class=\"has-text-align-center\">De ce datele cu caracter personal au devenit at\u00e2t de valoroase, ce practici ofer\u0103 o protec\u021bie sporit\u0103, statistici oficiale recente, dou\u0103 exemple din lumea real\u0103, o analogie clar\u0103, un tabel cu m\u0103suri esen\u021biale \u0219i r\u0103spunsuri rapide la \u00eentreb\u0103ri frecvente.<\/p>\n\n\n\n<p class=\"has-text-align-center\">Nu crezi c\u0103 e timpul s\u0103-\u021bi protejezi via\u021ba digital\u0103 \u00eenainte ca o eroare de judecat\u0103 s\u0103 te pun\u0103 \u00een pericol?<\/p>\n\n\n\n<h2 class=\"wp-block-heading\"><strong>Noua valoare a identit\u0103\u021bii tale digitale<\/strong><\/h2>\n\n\n\n<p>Odat\u0103 cu tot mai multe proceduri, achizi\u021bii \u0219i conversa\u021bii care se deplaseaz\u0103 online, confiden\u021bialitatea a \u00eencetat s\u0103 mai fie un detaliu tehnic \u0219i a devenit o responsabilitate cotidian\u0103.<\/p>\n\n\n\n<p>Comisia Federal\u0103 pentru Comer\u021b din SUA (FTC) a \u00eenregistrat peste <strong>1,1 milioane de raport\u0103ri de furt de identitate<\/strong>Aceast\u0103 cifr\u0103 are un impact \u0219i asupra Mexicului, datorit\u0103 schimbului constant de platforme transfrontaliere, metode de plat\u0103 \u0219i servicii.<\/p>\n\n\n\n<p>Av\u00e2nd \u00een vedere acest scenariu, \u00een\u021belegerea <strong>Cum s\u0103 v\u0103 proteja\u021bi informa\u021biile personale \u00een era digital\u0103<\/strong> Devine o abilitate de baz\u0103 pentru orice persoan\u0103 conectat\u0103.<\/p>\n\n\n\n<p>Protejarea datelor implic\u0103 mai mult dec\u00e2t simpla utilizare a unor parole puternice; include decizii zilnice care reduc expunerea.<\/p>\n\n\n\n<p>La fel cum nu \u021bi-ai l\u0103sa casa descuiat\u0103 c\u00e2nd ie\u0219i, securitatea digital\u0103 ac\u021bioneaz\u0103 ca instalarea unei lac\u0103te bune, alegerea cine are o copie \u0219i verificarea dac\u0103 cineva a \u00eencercat s\u0103 intre f\u0103r\u0103 permisiune.<\/p>\n\n\n\n<p>Aceast\u0103 analogie ajut\u0103 la \u00een\u021belegerea faptului c\u0103 intimitatea necesit\u0103 judecat\u0103, consecven\u021b\u0103 \u0219i aten\u021bie.<\/p>\n\n\n\n<h2 class=\"wp-block-heading\"><strong>Informa\u021biile personale ca moned\u0103 de schimb<\/strong><\/h2>\n\n\n\n<p>P\u00e2n\u0103 \u00een 2025, majoritatea serviciilor digitale vor func\u021biona pe un model bazat pe date.<\/p>\n\n\n\n<p>Obiceiurile tale de cump\u0103r\u0103turi, loca\u021bia, preferin\u021bele, ritmul de navigare \u0219i interac\u021biunile servesc drept date de intrare pentru personalizarea con\u021binutului, \u00eembun\u0103t\u0103\u021birea sistemelor de inteligen\u021b\u0103 artificial\u0103 sau definirea strategiilor de afaceri.<\/p>\n\n\n\n<p>Nu este vorba despre demonizarea acestui schimb; multe platforme men\u021bin politici clare \u0219i respect\u0103 reglement\u0103rile.<\/p>\n\n\n\n<p>Punctul central const\u0103 \u00een \u00een\u021belegerea a ceea ce \u00eemp\u0103rt\u0103\u0219e\u0219ti, cu cine \u0219i \u00een ce scop.<\/p>\n\n\n\n<p>Uneori, oamenii accept\u0103 permisiuni \u00een aplica\u021bii doar pentru a avansa rapid, f\u0103r\u0103 s\u0103 observe c\u0103 permiterea accesului la fotografii, microfon sau contacte poate deschide u\u0219i inutile c\u0103tre ter\u021bi.<\/p>\n\n\n\n<h2 class=\"wp-block-heading\"><strong>Cele mai bune practici pentru a v\u0103 consolida confiden\u021bialitatea digital\u0103<\/strong><\/h2>\n\n\n\n<h3 class=\"wp-block-heading\"><strong>1. Revizuiri periodice ale conturilor dumneavoastr\u0103<\/strong><\/h3>\n\n\n\n<p>Verificarea dispozitivelor conectate, a permisiunilor acordate \u0219i a informa\u021biilor stocate ajut\u0103 la detectarea accesului neobi\u0219nuit.<\/p>\n\n\n\n<p>Mul\u021bi utilizatori p\u0103r\u0103sesc sesiunile active pe telefoane mobile vechi sau pe dispozitive partajate, ceea ce amplific\u0103 riscurile f\u0103r\u0103 ca ace\u0219tia s\u0103 observe.<\/p>\n\n\n\n<h3 class=\"wp-block-heading\"><strong>2. Autentificare multi-factor<\/strong><\/h3>\n\n\n\n<p>Activarea codurilor temporare, a cheilor de securitate sau a aplica\u021biilor de autentificare creeaz\u0103 o barier\u0103 puternic\u0103 \u00eempotriva accesului neautorizat.<\/p>\n\n\n\n<p>Este una dintre cele mai fiabile m\u0103suri pentru <strong>Cum s\u0103 v\u0103 proteja\u021bi informa\u021biile personale \u00een era digital\u0103<\/strong>chiar \u0219i f\u0103r\u0103 cuno\u0219tin\u021be avansate.<\/p>\n\n\n\n<h3 class=\"wp-block-heading\"><strong>3. Gestionare inteligent\u0103 a parolelor<\/strong><\/h3>\n\n\n\n<p>Alegerea unor fraze lungi \u0219i u\u0219or de re\u021binut sau utilizarea unor manageri de parole \u00eengreuneaz\u0103 atacurile de tip \u201ebrute force\u201d.<\/p>\n\n\n\n<p>Uit\u0103 de folosirea zilelor de na\u0219tere sau a numelor comune; acestea sunt de domeniul trecutului.<\/p>\n\n\n\n<h3 class=\"wp-block-heading\"><strong>4. Igien\u0103 digital\u0103 continu\u0103<\/strong><\/h3>\n\n\n\n<p>Eliminarea aplica\u021biilor pe care nu le mai utiliza\u021bi, anularea serviciilor inactive \u0219i \u0219tergerea informa\u021biilor salvate \u00een browser reduc cantitatea de date disponibile.<\/p>\n\n\n\n<p>Cu c\u00e2t la\u0219i mai pu\u021bine urme, cu at\u00e2t e\u0219ti mai pu\u021bin expus.<\/p>\n\n\n\n<h3 class=\"wp-block-heading\"><strong>5. Copii de rezerv\u0103 securizate<\/strong><\/h3>\n\n\n\n<p>Stocarea documentelor importante pe servicii de \u00eencredere cu criptare \u0219i autentificare \u00een doi pa\u0219i previne pierderile nea\u0219teptate.<\/p>\n\n\n\n<p>A te baza exclusiv pe stocarea local\u0103 este riscant \u00eentr-o lume \u00een care defec\u021biunile hardware \u0219i atacurile ransomware continu\u0103 s\u0103 creasc\u0103.<\/p>\n\n\n\n<h2 class=\"wp-block-heading\"><strong>Exemple din via\u021ba real\u0103 care arat\u0103 de ce este important\u0103 preven\u021bia<\/strong><\/h2>\n\n\n\n<p><strong>Exemplul 1:<\/strong><br>O femeie de serviciu din Mexico City a detectat comisioane bancare ciudate dup\u0103 ce s-a conectat la o re\u021bea Wi-Fi public\u0103 \u00eentr-o cafenea.<\/p>\n\n\n\n<p>Nu a fost un atac sofisticat: infractorul cibernetic a interceptat doar trafic necriptat. Banca dumneavoastr\u0103 a confirmat c\u0103 re\u021beaua nesecurizat\u0103 a fost punctul de intrare.<\/p>\n\n\n\n<p><strong>Exemplul 2:<\/strong><br>Un antreprenor a partajat documente strategice prin intermediul unui link deschis \u00een cloud. F\u0103r\u0103 \u0219tirea lui, linkul era indexat de motoarele de c\u0103utare.<\/p>\n\n\n\n<p>S\u0103pt\u0103m\u00e2ni mai t\u00e2rziu, informa\u021bii sensibile au circulat pe re\u021belele de socializare. Problema nu era un atac cibernetic, ci o configurare gre\u0219it\u0103 a permisiunilor.<\/p>\n\n\n\n<p>Ambele cazuri subliniaz\u0103 importan\u021ba \u00eenv\u0103\u021b\u0103rii <strong>Cum s\u0103 v\u0103 proteja\u021bi informa\u021biile personale \u00een era digital\u0103<\/strong> \u00eenainte de a suferi consecin\u021be mai mari.<\/p>\n\n\n\n<h2 class=\"wp-block-heading\"><strong>Tehnologia ajut\u0103, dar deciziile tale conteaz\u0103 mai mult.<\/strong><\/h2>\n\n\n\n<p>VPN-urile fiabile, browserele securizate, sistemele actualizate \u0219i extensiile de confiden\u021bialitate \u00ee\u021bi consolideaz\u0103 protec\u021bia.<\/p>\n\n\n\n<p>Chiar \u0219i a\u0219a, cea mai bun\u0103 ap\u0103rare r\u0103m\u00e2ne judecata personal\u0103: evita\u021bi deschiderea linkurilor suspecte, refuza\u021bi permisiunile inutile \u0219i verifica\u021bi adresele web \u00eenainte de a introduce date.<\/p>\n\n\n\n<p>Platformele \u00ee\u0219i schimb\u0103 constant politicile; dac\u0103 e\u0219ti informat, previi expunerea datelor tale din cauza set\u0103rilor implicite pe care s-ar putea s\u0103 nu le fi verificat niciodat\u0103.<\/p>\n\n\n\n<h2 class=\"wp-block-heading\">Tabel cheie pentru a v\u0103 consolida strategia personal\u0103<\/h2>\n\n\n\n<figure class=\"wp-block-table\"><table><thead><tr><th>Practic\u0103 recomandat\u0103<\/th><th>Principalul beneficiu<\/th><\/tr><\/thead><tbody><tr><td>Autentificare multi-factor<\/td><td>Reduce accesul neautorizat<\/td><\/tr><tr><td>Verificarea permisiunilor aplica\u021biei<\/td><td>Limita\u021bi scurgerile inutile<\/td><\/tr><tr><td>Parole puternice sau manager de parole<\/td><td>Complic\u0103 atacurile automate<\/td><\/tr><tr><td>Conexiuni securizate (Wi-Fi fiabil + HTTPS)<\/td><td>Minimizeaz\u0103 spionajul \u00een trafic<\/td><\/tr><tr><td>Copii de rezerv\u0103 criptate<\/td><td>Previne pierderea sau furtul de date<\/td><\/tr><\/tbody><\/table><figcaption class=\"wp-element-caption\">Cum s\u0103 v\u0103 proteja\u021bi informa\u021biile personale \u00een era digital\u0103<\/figcaption><\/figure>\n\n\n\n<figure class=\"wp-block-gallery has-nested-images columns-default is-cropped wp-block-gallery-2 is-layout-flex wp-block-gallery-is-layout-flex\">\n<figure class=\"wp-block-image size-full\"><img loading=\"lazy\" decoding=\"async\" width=\"450\" height=\"250\" data-id=\"10400\" src=\"https:\/\/universofamilia.com\/wp-content\/uploads\/sites\/148\/2025\/11\/Destaque-Novo-Universo-1-5.jpg\" alt=\"\" class=\"wp-image-10400\" srcset=\"http:\/\/universofamilia.com\/wp-content\/uploads\/sites\/148\/2025\/11\/Destaque-Novo-Universo-1-5.jpg 450w, http:\/\/universofamilia.com\/wp-content\/uploads\/sites\/148\/2025\/11\/Destaque-Novo-Universo-1-5-300x167.jpg 300w, http:\/\/universofamilia.com\/wp-content\/uploads\/sites\/148\/2025\/11\/Destaque-Novo-Universo-1-5-18x10.jpg 18w\" sizes=\"(max-width: 450px) 100vw, 450px\" \/><figcaption class=\"wp-element-caption\">Canva<\/figcaption><\/figure>\n<\/figure>\n\n\n\n<p>Cite\u015fte mai mult:<a href=\"http:\/\/universofamilia.com\/ro\/inteligencia-artificial-en-el-dia-a-dia\/\">&nbsp;Inteligen\u021ba artificial\u0103 \u00een via\u021ba de zi cu zi<\/a><\/p>\n\n\n\n<h2 class=\"wp-block-heading\"><strong>Importan\u021ba educa\u021biei digitale continue<\/strong><\/h2>\n\n\n\n<p>Competen\u021ba digital\u0103 este acum la fel de esen\u021bial\u0103 ca \u00eenv\u0103\u021barea conducerii. Amenin\u021b\u0103rile evolueaz\u0103, instrumentele se schimb\u0103, iar reglement\u0103rile avanseaz\u0103.<\/p>\n\n\n\n<p>Urm\u0103rirea unor surse de \u00eencredere, participarea la cursuri scurte sau consultarea INAI (Institutul Na\u021bional pentru Transparen\u021b\u0103, Acces la Informa\u021bie \u0219i Protec\u021bia Datelor cu Caracter Personal) v\u0103 \u00eent\u0103re\u0219te judecata.<\/p>\n\n\n\n<p>\u00cen plus, \u00eemp\u0103rt\u0103\u0219irea bunelor practici cu membrii familiei, \u00een special cu tinerii \u0219i adul\u021bii \u00een v\u00e2rst\u0103, reduce probabilitatea de a c\u0103dea victim\u0103 escrocheriilor, uzurp\u0103rii identit\u0103\u021bii sau manipul\u0103rii emo\u021bionale.<\/p>\n\n\n\n<h2 class=\"wp-block-heading\"><strong>Concluzie: Protejarea datelor \u00eenseamn\u0103 protejarea lini\u0219tii suflete\u0219ti<\/strong><\/h2>\n\n\n\n<p>Confiden\u021bialitatea nu este un lux, ci un drept. Acordarea a c\u00e2teva minute pe s\u0103pt\u0103m\u00e2n\u0103 pentru a analiza mediul t\u0103u digital te poate scuti de pierderi financiare, stres \u0219i bre\u0219e de securitate inutile.<\/p>\n\n\n\n<p>Combina\u021bia dintre obiceiuri consecvente, tehnologie fiabil\u0103 \u0219i aten\u021bie activ\u0103 constituie cea mai sigur\u0103 cale.<\/p>\n\n\n\n<p>\u00centr-un mediu \u00een care aproape totul se \u00eent\u00e2mpl\u0103 prin intermediul telefonului mobil, computerului sau cloud-ului, protejarea informa\u021biilor v\u0103 permite s\u0103 naviga\u021bi cu mai mult\u0103 libertate \u0219i mai pu\u021bin\u0103 incertitudine.<\/p>\n\n\n\n<p>Cite\u015fte mai mult: <a href=\"http:\/\/universofamilia.com\/ro\/privacidad-en-linea\/\">Cum s\u0103 v\u0103 proteja\u021bi datele personale \u00een era digital\u0103<\/a><\/p>\n\n\n\n<h1 class=\"wp-block-heading\"><strong>\u00centreb\u0103ri frecvente (FAQ)<\/strong><\/h1>\n\n\n\n<p><strong>1. C\u00e2t de des ar trebui s\u0103-mi schimb parolele?<\/strong><\/p>\n\n\n\n<p>\u00centre 3 \u0219i 6 luni, \u00een func\u021bie de tipul de cont. Pentru servicii bancare \u0219i e-mail, intervalele mai scurte sunt mai potrivite.<\/p>\n\n\n\n<p><strong>2. \u00cemi protejeaz\u0103 cu adev\u0103rat informa\u021biile un VPN?<\/strong><\/p>\n\n\n\n<p>Da, at\u00e2ta timp c\u00e2t este un VPN fiabil, cu reguli clare de ne\u00eenregistrare a datelor. Este util \u00een special \u00een re\u021belele publice.<\/p>\n\n\n\n<p><strong>3. Este sigur s\u0103 stochez documente \u00een cloud?<\/strong><\/p>\n\n\n\n<p>Da, at\u00e2ta timp c\u00e2t serviciul implementeaz\u0103 o criptare bun\u0103, autentificare cu doi factori \u0219i permisiuni private configurate corespunz\u0103tor.<\/p>\n\n\n\n<p><strong>4. Ce ar trebui s\u0103 verific \u00eenainte de a instala o aplica\u021bie?<\/strong><\/p>\n\n\n\n<p>Permisiuni solicitate, reputa\u021bia dezvoltatorului, evalu\u0103ri \u0219i politica de confiden\u021bialitate. Orice permisiune care nu are sens este un semnal de alarm\u0103.<\/p>\n\n\n\n<p><strong>5. Cum pot afla dac\u0103 datele mele au fost scurse?<\/strong><\/p>\n\n\n\n<p>Instrumente precum \u201eHave I Been Pwned\u201d v\u0103 permit s\u0103 verifica\u021bi dac\u0103 e-mailul dvs. a ap\u0103rut \u00een bre\u0219e cunoscute, iar mai multe b\u0103nci avertizeaz\u0103 despre activit\u0103\u021bi suspecte.<\/p>","protected":false},"excerpt":{"rendered":"<p>Expresia \u201eCum s\u0103 v\u0103 proteja\u021bi informa\u021biile personale \u00een era digital\u0103\u201d a devenit o preocupare zilnic\u0103 \u00een 2025, \u00een special din cauza cre\u0219terii num\u0103rului de \u00eenc\u0103lc\u0103ri ale securit\u0103\u021bii datelor \u0219i a utiliz\u0103rii intensive a datelor de c\u0103tre aplica\u021bii, platforme \u0219i servicii. \u00cenainte de a aprofunda subiectul, merit\u0103 s\u0103 trecem \u00een revist\u0103 un scurt rezumat: De ce datele personale [\u2026]<\/p>","protected":false},"author":219,"featured_media":10396,"comment_status":"closed","ping_status":"open","sticky":false,"template":"","format":"standard","meta":{"footnotes":""},"categories":[3],"tags":[],"yoast_head":"<!-- This site is optimized with the Yoast SEO plugin v23.3 - https:\/\/yoast.com\/wordpress\/plugins\/seo\/ -->\n<title>C\u00f3mo resguardar tu informaci\u00f3n personal en la era digital - Universo Fam\u00edlia<\/title>\n<meta name=\"description\" content=\"La frase \u201cC\u00f3mo resguardar tu informaci\u00f3n personal en la era digital\u201d se ha vuelto una preocupaci\u00f3n diaria en 2025, especialmente por el...\" \/>\n<meta name=\"robots\" content=\"index, follow, max-snippet:-1, max-image-preview:large, max-video-preview:-1\" \/>\n<link rel=\"canonical\" href=\"http:\/\/universofamilia.com\/ro\/como-resguardar-tu-informacion-personal-en-la-era-digital\/\" \/>\n<meta property=\"og:locale\" content=\"ro_RO\" \/>\n<meta property=\"og:type\" content=\"article\" \/>\n<meta property=\"og:title\" content=\"C\u00f3mo resguardar tu informaci\u00f3n personal en la era digital - Universo Fam\u00edlia\" \/>\n<meta property=\"og:description\" content=\"La frase \u201cC\u00f3mo resguardar tu informaci\u00f3n personal en la era digital\u201d se ha vuelto una preocupaci\u00f3n diaria en 2025, especialmente por el...\" \/>\n<meta property=\"og:url\" content=\"http:\/\/universofamilia.com\/ro\/como-resguardar-tu-informacion-personal-en-la-era-digital\/\" \/>\n<meta property=\"og:site_name\" content=\"Universo Fam\u00edlia\" \/>\n<meta property=\"article:published_time\" content=\"2025-11-22T01:52:32+00:00\" \/>\n<meta property=\"article:modified_time\" content=\"2025-11-22T01:52:36+00:00\" \/>\n<meta property=\"og:image\" content=\"http:\/\/universofamilia.com\/wp-content\/uploads\/sites\/148\/2025\/11\/Destaque-Novo-Universo-7.jpg\" \/>\n\t<meta property=\"og:image:width\" content=\"450\" \/>\n\t<meta property=\"og:image:height\" content=\"250\" \/>\n\t<meta property=\"og:image:type\" content=\"image\/jpeg\" \/>\n<meta name=\"author\" content=\"Matheus Sangaletti\" \/>\n<meta name=\"twitter:card\" content=\"summary_large_image\" \/>\n<meta name=\"twitter:label1\" content=\"Written by\" \/>\n\t<meta name=\"twitter:data1\" content=\"Matheus Sangaletti\" \/>\n\t<meta name=\"twitter:label2\" content=\"Est. reading time\" \/>\n\t<meta name=\"twitter:data2\" content=\"7 minute\" \/>\n<script type=\"application\/ld+json\" class=\"yoast-schema-graph\">{\"@context\":\"https:\/\/schema.org\",\"@graph\":[{\"@type\":\"WebPage\",\"@id\":\"http:\/\/universofamilia.com\/ja\/como-resguardar-tu-informacion-personal-en-la-era-digital\/\",\"url\":\"http:\/\/universofamilia.com\/ja\/como-resguardar-tu-informacion-personal-en-la-era-digital\/\",\"name\":\"C\u00f3mo resguardar tu informaci\u00f3n personal en la era digital - Universo Fam\u00edlia\",\"isPartOf\":{\"@id\":\"https:\/\/universofamilia.com\/el\/#website\"},\"primaryImageOfPage\":{\"@id\":\"http:\/\/universofamilia.com\/ja\/como-resguardar-tu-informacion-personal-en-la-era-digital\/#primaryimage\"},\"image\":{\"@id\":\"http:\/\/universofamilia.com\/ja\/como-resguardar-tu-informacion-personal-en-la-era-digital\/#primaryimage\"},\"thumbnailUrl\":\"http:\/\/universofamilia.com\/wp-content\/uploads\/sites\/148\/2025\/11\/Destaque-Novo-Universo-7.jpg\",\"datePublished\":\"2025-11-22T01:52:32+00:00\",\"dateModified\":\"2025-11-22T01:52:36+00:00\",\"author\":{\"@id\":\"https:\/\/universofamilia.com\/el\/#\/schema\/person\/92fcd07e9b1f4323bf74f3170fc0f78a\"},\"description\":\"La frase \u201cC\u00f3mo resguardar tu informaci\u00f3n personal en la era digital\u201d se ha vuelto una preocupaci\u00f3n diaria en 2025, especialmente por el...\",\"breadcrumb\":{\"@id\":\"http:\/\/universofamilia.com\/ja\/como-resguardar-tu-informacion-personal-en-la-era-digital\/#breadcrumb\"},\"inLanguage\":\"ro-RO\",\"potentialAction\":[{\"@type\":\"ReadAction\",\"target\":[\"http:\/\/universofamilia.com\/ja\/como-resguardar-tu-informacion-personal-en-la-era-digital\/\"]}]},{\"@type\":\"ImageObject\",\"inLanguage\":\"ro-RO\",\"@id\":\"http:\/\/universofamilia.com\/ja\/como-resguardar-tu-informacion-personal-en-la-era-digital\/#primaryimage\",\"url\":\"http:\/\/universofamilia.com\/wp-content\/uploads\/sites\/148\/2025\/11\/Destaque-Novo-Universo-7.jpg\",\"contentUrl\":\"http:\/\/universofamilia.com\/wp-content\/uploads\/sites\/148\/2025\/11\/Destaque-Novo-Universo-7.jpg\",\"width\":450,\"height\":250},{\"@type\":\"BreadcrumbList\",\"@id\":\"http:\/\/universofamilia.com\/ja\/como-resguardar-tu-informacion-personal-en-la-era-digital\/#breadcrumb\",\"itemListElement\":[{\"@type\":\"ListItem\",\"position\":1,\"name\":\"Home\",\"item\":\"https:\/\/universofamilia.com\/el\/\"},{\"@type\":\"ListItem\",\"position\":2,\"name\":\"C\u00f3mo resguardar tu informaci\u00f3n personal en la era digital\"}]},{\"@type\":\"WebSite\",\"@id\":\"https:\/\/universofamilia.com\/el\/#website\",\"url\":\"https:\/\/universofamilia.com\/el\/\",\"name\":\"Universo Fam\u00edlia\",\"description\":\"\",\"potentialAction\":[{\"@type\":\"SearchAction\",\"target\":{\"@type\":\"EntryPoint\",\"urlTemplate\":\"https:\/\/universofamilia.com\/el\/?s={search_term_string}\"},\"query-input\":\"required name=search_term_string\"}],\"inLanguage\":\"ro-RO\"},{\"@type\":\"Person\",\"@id\":\"https:\/\/universofamilia.com\/el\/#\/schema\/person\/92fcd07e9b1f4323bf74f3170fc0f78a\",\"name\":\"Matheus Sangaletti\",\"image\":{\"@type\":\"ImageObject\",\"inLanguage\":\"ro-RO\",\"@id\":\"https:\/\/universofamilia.com\/el\/#\/schema\/person\/image\/\",\"url\":\"http:\/\/2.gravatar.com\/avatar\/280ea957a14a48e6a1ad2133d2cc27c9?s=96&d=mm&r=g\",\"contentUrl\":\"http:\/\/2.gravatar.com\/avatar\/280ea957a14a48e6a1ad2133d2cc27c9?s=96&d=mm&r=g\",\"caption\":\"Matheus Sangaletti\"},\"url\":\"http:\/\/universofamilia.com\/ro\/author\/matheuss\/\"}]}<\/script>\n<!-- \/ Yoast SEO plugin. -->","yoast_head_json":{"title":"C\u00f3mo resguardar tu informaci\u00f3n personal en la era digital - Universo Fam\u00edlia","description":"La frase \u201cC\u00f3mo resguardar tu informaci\u00f3n personal en la era digital\u201d se ha vuelto una preocupaci\u00f3n diaria en 2025, especialmente por el...","robots":{"index":"index","follow":"follow","max-snippet":"max-snippet:-1","max-image-preview":"max-image-preview:large","max-video-preview":"max-video-preview:-1"},"canonical":"http:\/\/universofamilia.com\/ro\/como-resguardar-tu-informacion-personal-en-la-era-digital\/","og_locale":"ro_RO","og_type":"article","og_title":"C\u00f3mo resguardar tu informaci\u00f3n personal en la era digital - Universo Fam\u00edlia","og_description":"La frase \u201cC\u00f3mo resguardar tu informaci\u00f3n personal en la era digital\u201d se ha vuelto una preocupaci\u00f3n diaria en 2025, especialmente por el...","og_url":"http:\/\/universofamilia.com\/ro\/como-resguardar-tu-informacion-personal-en-la-era-digital\/","og_site_name":"Universo Fam\u00edlia","article_published_time":"2025-11-22T01:52:32+00:00","article_modified_time":"2025-11-22T01:52:36+00:00","og_image":[{"width":450,"height":250,"url":"http:\/\/universofamilia.com\/wp-content\/uploads\/sites\/148\/2025\/11\/Destaque-Novo-Universo-7.jpg","type":"image\/jpeg"}],"author":"Matheus Sangaletti","twitter_card":"summary_large_image","twitter_misc":{"Written by":"Matheus Sangaletti","Est. reading time":"7 minute"},"schema":{"@context":"https:\/\/schema.org","@graph":[{"@type":"WebPage","@id":"http:\/\/universofamilia.com\/ja\/como-resguardar-tu-informacion-personal-en-la-era-digital\/","url":"http:\/\/universofamilia.com\/ja\/como-resguardar-tu-informacion-personal-en-la-era-digital\/","name":"C\u00f3mo resguardar tu informaci\u00f3n personal en la era digital - Universo Fam\u00edlia","isPartOf":{"@id":"https:\/\/universofamilia.com\/el\/#website"},"primaryImageOfPage":{"@id":"http:\/\/universofamilia.com\/ja\/como-resguardar-tu-informacion-personal-en-la-era-digital\/#primaryimage"},"image":{"@id":"http:\/\/universofamilia.com\/ja\/como-resguardar-tu-informacion-personal-en-la-era-digital\/#primaryimage"},"thumbnailUrl":"http:\/\/universofamilia.com\/wp-content\/uploads\/sites\/148\/2025\/11\/Destaque-Novo-Universo-7.jpg","datePublished":"2025-11-22T01:52:32+00:00","dateModified":"2025-11-22T01:52:36+00:00","author":{"@id":"https:\/\/universofamilia.com\/el\/#\/schema\/person\/92fcd07e9b1f4323bf74f3170fc0f78a"},"description":"La frase \u201cC\u00f3mo resguardar tu informaci\u00f3n personal en la era digital\u201d se ha vuelto una preocupaci\u00f3n diaria en 2025, especialmente por el...","breadcrumb":{"@id":"http:\/\/universofamilia.com\/ja\/como-resguardar-tu-informacion-personal-en-la-era-digital\/#breadcrumb"},"inLanguage":"ro-RO","potentialAction":[{"@type":"ReadAction","target":["http:\/\/universofamilia.com\/ja\/como-resguardar-tu-informacion-personal-en-la-era-digital\/"]}]},{"@type":"ImageObject","inLanguage":"ro-RO","@id":"http:\/\/universofamilia.com\/ja\/como-resguardar-tu-informacion-personal-en-la-era-digital\/#primaryimage","url":"http:\/\/universofamilia.com\/wp-content\/uploads\/sites\/148\/2025\/11\/Destaque-Novo-Universo-7.jpg","contentUrl":"http:\/\/universofamilia.com\/wp-content\/uploads\/sites\/148\/2025\/11\/Destaque-Novo-Universo-7.jpg","width":450,"height":250},{"@type":"BreadcrumbList","@id":"http:\/\/universofamilia.com\/ja\/como-resguardar-tu-informacion-personal-en-la-era-digital\/#breadcrumb","itemListElement":[{"@type":"ListItem","position":1,"name":"Home","item":"https:\/\/universofamilia.com\/el\/"},{"@type":"ListItem","position":2,"name":"C\u00f3mo resguardar tu informaci\u00f3n personal en la era digital"}]},{"@type":"WebSite","@id":"https:\/\/universofamilia.com\/el\/#website","url":"https:\/\/universofamilia.com\/el\/","name":"Universo Fam\u00edlia","description":"","potentialAction":[{"@type":"SearchAction","target":{"@type":"EntryPoint","urlTemplate":"https:\/\/universofamilia.com\/el\/?s={search_term_string}"},"query-input":"required name=search_term_string"}],"inLanguage":"ro-RO"},{"@type":"Person","@id":"https:\/\/universofamilia.com\/el\/#\/schema\/person\/92fcd07e9b1f4323bf74f3170fc0f78a","name":"Matheus Sangaletti","image":{"@type":"ImageObject","inLanguage":"ro-RO","@id":"https:\/\/universofamilia.com\/el\/#\/schema\/person\/image\/","url":"http:\/\/2.gravatar.com\/avatar\/280ea957a14a48e6a1ad2133d2cc27c9?s=96&d=mm&r=g","contentUrl":"http:\/\/2.gravatar.com\/avatar\/280ea957a14a48e6a1ad2133d2cc27c9?s=96&d=mm&r=g","caption":"Matheus Sangaletti"},"url":"http:\/\/universofamilia.com\/ro\/author\/matheuss\/"}]}},"_links":{"self":[{"href":"http:\/\/universofamilia.com\/ro\/wp-json\/wp\/v2\/posts\/10395"}],"collection":[{"href":"http:\/\/universofamilia.com\/ro\/wp-json\/wp\/v2\/posts"}],"about":[{"href":"http:\/\/universofamilia.com\/ro\/wp-json\/wp\/v2\/types\/post"}],"author":[{"embeddable":true,"href":"http:\/\/universofamilia.com\/ro\/wp-json\/wp\/v2\/users\/219"}],"replies":[{"embeddable":true,"href":"http:\/\/universofamilia.com\/ro\/wp-json\/wp\/v2\/comments?post=10395"}],"version-history":[{"count":1,"href":"http:\/\/universofamilia.com\/ro\/wp-json\/wp\/v2\/posts\/10395\/revisions"}],"predecessor-version":[{"id":10401,"href":"http:\/\/universofamilia.com\/ro\/wp-json\/wp\/v2\/posts\/10395\/revisions\/10401"}],"wp:featuredmedia":[{"embeddable":true,"href":"http:\/\/universofamilia.com\/ro\/wp-json\/wp\/v2\/media\/10396"}],"wp:attachment":[{"href":"http:\/\/universofamilia.com\/ro\/wp-json\/wp\/v2\/media?parent=10395"}],"wp:term":[{"taxonomy":"category","embeddable":true,"href":"http:\/\/universofamilia.com\/ro\/wp-json\/wp\/v2\/categories?post=10395"},{"taxonomy":"post_tag","embeddable":true,"href":"http:\/\/universofamilia.com\/ro\/wp-json\/wp\/v2\/tags?post=10395"}],"curies":[{"name":"wp","href":"https:\/\/api.w.org\/{rel}","templated":true}]}}