{"id":10459,"date":"2025-12-26T11:16:37","date_gmt":"2025-12-26T14:16:37","guid":{"rendered":"https:\/\/universofamilia.com\/?p=10459"},"modified":"2025-12-26T11:16:39","modified_gmt":"2025-12-26T14:16:39","slug":"como-prepararse-para-entrevistas-de-trabajo-virtuales","status":"publish","type":"post","link":"http:\/\/universofamilia.com\/ro\/como-prepararse-para-entrevistas-de-trabajo-virtuales\/","title":{"rendered":"Cum s\u0103 te preg\u0103te\u0219ti pentru interviurile de angajare virtuale"},"content":{"rendered":"<p class=\"has-text-align-center\"><strong>Cum s\u0103 te preg\u0103te\u0219ti pentru interviurile de angajare virtuale<\/strong> A devenit o competen\u021b\u0103 profesional\u0103 esen\u021bial\u0103 p\u00e2n\u0103 \u00een 2025.<\/p>\n\n\n\n<figure class=\"wp-block-gallery has-nested-images columns-default is-cropped wp-block-gallery-1 is-layout-flex wp-block-gallery-is-layout-flex\">\n<figure class=\"wp-block-image size-full\"><img loading=\"lazy\" decoding=\"async\" width=\"450\" height=\"250\" data-id=\"10461\" src=\"https:\/\/universofamilia.com\/wp-content\/uploads\/sites\/148\/2025\/12\/Destaque-Novo-Universo-16-1.jpg\" alt=\"\" class=\"wp-image-10461\" srcset=\"http:\/\/universofamilia.com\/wp-content\/uploads\/sites\/148\/2025\/12\/Destaque-Novo-Universo-16-1.jpg 450w, http:\/\/universofamilia.com\/wp-content\/uploads\/sites\/148\/2025\/12\/Destaque-Novo-Universo-16-1-300x167.jpg 300w, http:\/\/universofamilia.com\/wp-content\/uploads\/sites\/148\/2025\/12\/Destaque-Novo-Universo-16-1-18x10.jpg 18w\" sizes=\"(max-width: 450px) 100vw, 450px\" \/><figcaption class=\"wp-element-caption\">Cum s\u0103 te preg\u0103te\u0219ti pentru interviurile de angajare virtuale<\/figcaption><\/figure>\n<\/figure>\n\n\n\n<p class=\"has-text-align-center\">Dezvoltarea muncii la distan\u021b\u0103, a proceselor de recrutare hibride \u0219i digitalizarea talentelor au schimbat pentru totdeauna modul \u00een care companiile evalueaz\u0103 candida\u021bii.<\/p>\n\n\n\n<p>A avea un CV bun nu mai este suficient: acum conteaz\u0103 \u0219i modul \u00een care comunici prin intermediul unui ecran, cum gestionezi tehnologia \u0219i c\u00e2t de autentic po\u021bi fi \u00eentr-un mediu digital.<\/p>\n\n\n\n<p>\u00cenainte de a intra \u00een detalii, merit\u0103 s\u0103 oferim un scurt rezumat pentru a ghida lectura: de ce interviurile virtuale sunt acum norma \u0219i ce gre\u0219eli continu\u0103 s\u0103 coste oportunit\u0103\u021bi.<\/p>\n\n\n\n<p>Cum s\u0103 preg\u0103te\u0219ti mediul \u0219i tehnologia, ce evalueaz\u0103 cu adev\u0103rat recrutorii, o statistic\u0103 cheie, dou\u0103 exemple din lumea real\u0103, o analogie revelatoare, un tabel practic \u0219i r\u0103spunsuri clare la \u00eentreb\u0103ri frecvente.<\/p>\n\n\n\n<h2 class=\"wp-block-heading\"><strong>Noul context al interviurilor virtuale \u00een 2025<\/strong><\/h2>\n\n\n\n<p>Interviurile virtuale nu mai sunt o solu\u021bie temporar\u0103. Platforme precum Zoom, Microsoft Teams \u0219i Google Meet au devenit ferm integrate \u00een procesele de recrutare, chiar \u0219i \u00een companiile tradi\u021bionale.<\/p>\n\n\n\n<p>Acest format permite reducerea costurilor, extinderea acoperirii globale a talentelor \u0219i un proces decizional mai rapid.<\/p>\n\n\n\n<p>Totu\u0219i, schimbarea a ridicat \u0219i \u0219tacheta.<\/p>\n\n\n\n<p>Cei care particip\u0103 la un interviu online demonstreaz\u0103 nu doar cuno\u0219tin\u021be tehnice, ci \u0219i abilit\u0103\u021bi digitale, comunicare clar\u0103 \u0219i adaptabilitate.<\/p>\n\n\n\n<p>A fi preg\u0103tit nu mai este op\u021bional; face diferen\u021ba dintre a merge mai departe sau a fi l\u0103sat \u00een urm\u0103.<\/p>\n\n\n\n<h2 class=\"wp-block-heading\"><strong>Ce caut\u0103 recrutorii la un interviu virtual ast\u0103zi<\/strong><\/h2>\n\n\n\n<p>Mul\u021bi candida\u021bi cred c\u0103 recrutorul doar evalueaz\u0103 r\u0103spunsurile. \u00cen realitate, analiza merge mult mai departe.<\/p>\n\n\n\n<p>Observa\u021bi modul de exprimare, capacitatea de sintez\u0103, limbajul corpului \u00een fa\u021ba camerei \u0219i gestionarea problemelor tehnice neprev\u0103zute.<\/p>\n\n\n\n<p>Conform unui raport al <strong>Raportul LinkedIn privind \u00eenv\u0103\u021barea la locul de munc\u0103<\/strong>, mai mult dec\u00e2t <strong>70% dintre recrutori consider\u0103 abilit\u0103\u021bile de comunicare \u0219i adaptabilitate digital\u0103 la fel de importante ca expertiza tehnic\u0103.<\/strong> \u00een procesele virtuale.<\/p>\n\n\n\n<p>Aceste date confirm\u0103 faptul c\u0103 preg\u0103tirea trebuie s\u0103 fie cuprinz\u0103toare \u0219i nu se limiteaz\u0103 la discursul profesional.<\/p>\n\n\n\n<h2 class=\"wp-block-heading\"><strong>Preg\u0103tirea tehnic\u0103: funda\u021bia care nu las\u0103 loc de eroare<\/strong><\/h2>\n\n\n\n<p>De\u0219i poate p\u0103rea evident, multe procese se pierd din cauza unor erori simple. O conexiune proast\u0103, un microfon defect sau un mediu zgomotos creeaz\u0103 o impresie negativ\u0103 imediat\u0103.<\/p>\n\n\n\n<p>Este recomandabil s\u0103 verifica\u021bi tehnologia cu cel pu\u021bin o zi \u00eenainte. O camer\u0103 la nivelul ochilor, un sunet clar \u0219i o conexiune stabil\u0103 transmit profesionalism.<\/p>\n\n\n\n<p>\u00cen plus, \u00eenchiderea aplica\u021biilor inutile previne \u00eentreruperile nea\u0219teptate.<\/p>\n\n\n\n<p>Aici intr\u0103 \u00een joc o regul\u0103 pu\u021bin men\u021bionat\u0103: simplitatea.<\/p>\n\n\n\n<p>Un fundal \u00eengrijit \u0219i neutru transmite concentrare. Nu este vorba despre a impresiona prin tehnologie, ci despre a facilita conversa\u021bia.<\/p>\n\n\n\n<h2 class=\"wp-block-heading\"><strong>Mediul \u00eenconjur\u0103tor: mai important dec\u00e2t \u00ee\u021bi imaginezi<\/strong><\/h2>\n\n\n\n<p>Spa\u021biul din care te conectezi comunic\u0103 \u0219i el ceva. Lumina natural\u0103, un perete curat sau un fundal virtual discret \u0219i un scaun confortabil, toate acestea influen\u021beaz\u0103 performan\u021ba ta.<\/p>\n\n\n\n<p>O postur\u0103 vertical\u0103 proiecteaz\u0103 \u00eencredere \u0219i energie, chiar \u0219i prin intermediul ecranului.<\/p>\n\n\n\n<p>\u00cen plus, notificarea contactelor apropiate pentru a evita \u00eentreruperile demonstreaz\u0103 previziune. Acest detaliu, de\u0219i adesea trecut cu vederea, reduce stresul \u0219i \u00eembun\u0103t\u0103\u021be\u0219te fluxul comunic\u0103rii.<\/p>\n\n\n\n<h2 class=\"wp-block-heading\"><strong>Comunicarea verbal\u0103 \u0219i nonverbal\u0103 pe ecran<\/strong><\/h2>\n\n\n\n<p>A vorbi \u00een fa\u021ba unei camere necesit\u0103 ajust\u0103ri. Privirea direct\u0103 a obiectivului, \u0219i nu a propriei imagini, creeaz\u0103 un sentiment de contact vizual.<\/p>\n\n\n\n<p>Modularea vocii, pauzele \u0219i evitarea cuvintelor de umplutur\u0103 \u00eent\u0103resc claritatea mesajului.<\/p>\n\n\n\n<p>Expresiile faciale conteaz\u0103 \u0219i ele. Z\u00e2mbetul natural, \u00eencuviin\u021barea din cap \u0219i manifestarea interesului men\u021bin conexiunea uman\u0103.<\/p>\n\n\n\n<p>Chiar dac\u0103 mediul este digital, interviul este totu\u0219i o conversa\u021bie \u00eentre oameni.<\/p>\n\n\n\n<p>Aceasta ridic\u0103 o \u00eentrebare cheie pentru reflec\u021bie: <strong>Dac\u0103 recrutorul ar avea doar imaginea \u0219i vocea ta, ce poveste profesional\u0103 ar percepe?<\/strong><\/p>\n\n\n\n<h2 class=\"wp-block-heading\"><strong>Cum s\u0103 structurezi strategic r\u0103spunsurile<\/strong><\/h2>\n\n\n\n<p>Improviza\u021bia rareori func\u021bioneaz\u0103. Preg\u0103tirea r\u0103spunsurilor cu exemple concrete ofer\u0103 credibilitate.<\/p>\n\n\n\n<p>O tehnic\u0103 util\u0103 este descrierea pe scurt a situa\u021biei, explicarea ac\u021biunilor \u00eentreprinse \u0219i concluzionarea cu rezultatul ob\u021binut.<\/p>\n\n\n\n<h3 class=\"wp-block-heading\"><strong>Exemplul 1<\/strong><\/h3>\n\n\n\n<p>O candidat\u0103 pentru un post de marketing digital a explicat cum a adaptat o campanie fa\u021b\u0103 \u00een fa\u021b\u0103 la un format online \u00een timpul unei crize, eviden\u021biind indicatori reali de conversie.<\/p>\n\n\n\n<p>Claritatea \u0219i concentrarea pe rezultate i-au consolidat profilul, chiar \u0219i f\u0103r\u0103 experien\u021b\u0103 anterioar\u0103 \u00een munca la distan\u021b\u0103.<\/p>\n\n\n\n<p>Acest tip de nara\u021biune conecteaz\u0103 experien\u021ba cu contextul actual, lucru foarte apreciat \u00een interviurile virtuale.<\/p>\n\n\n\n<h2 class=\"wp-block-heading\"><strong>\u021ainut\u0103 \u0219i aspect profesional<\/strong><\/h2>\n\n\n\n<p>Chiar dac\u0103 interviul are loc de acas\u0103, imaginea ar trebui s\u0103 se alinieze cu cultura companiei.<\/p>\n\n\n\n<p>\u021ainuta profesional\u0103, culorile discrete \u0219i evitarea imprimeurilor stridente ajut\u0103 la men\u021binerea concentr\u0103rii asupra discursului.<\/p>\n\n\n\n<p>\u00cembr\u0103c\u0103mintea adecvat\u0103 influen\u021beaz\u0103 \u0219i atitudinea. \u00cembr\u0103c\u0103mintea ac\u021bioneaz\u0103 ca o ancor\u0103 psihologic\u0103, preg\u0103tind mintea pentru o performan\u021b\u0103 mai \u00eencrez\u0103toare \u0219i mai concentrat\u0103.<\/p>\n\n\n\n<h2 class=\"wp-block-heading\"><strong>Cercet\u0103ri anterioare: diferen\u021bialul silen\u021bios<\/strong><\/h2>\n\n\n\n<p>Cunoa\u0219terea companiei, a culturii sale \u0219i a provoc\u0103rilor sale actuale demonstreaz\u0103 un interes autentic.<\/p>\n\n\n\n<p>Consultarea site-ului lor web, a re\u021belelor profesionale \u0219i a \u0219tirilor recente v\u0103 permite s\u0103 formula\u021bi \u00eentreb\u0103ri inteligente.<\/p>\n\n\n\n<p>Cercet\u0103torii dau dovad\u0103 de angajament. \u00cen plus, conectarea abilit\u0103\u021bilor tale cu nevoile reale ale afacerii consolideaz\u0103 percep\u021bia valorii.<\/p>\n\n\n\n<h2 class=\"wp-block-heading\"><strong>Analogia care explic\u0103 totul<\/strong><\/h2>\n\n\n\n<p>Preg\u0103tirea pentru un interviu virtual este foarte similar\u0103 cu <strong>a acorda un instrument \u00eenainte de un concert<\/strong>Talentul exist\u0103 deja, dar f\u0103r\u0103 o ajustare prealabil\u0103, sunetul \u00ee\u0219i pierde din putere.<\/p>\n\n\n\n<p>Preg\u0103tirea nu te schimb\u0103, ci doar \u00ee\u021bi permite s\u0103 auzi clar ce e mai bun din tine.<\/p>\n\n\n\n<h2 class=\"wp-block-heading\"><strong>Ghid practic: aspecte cheie pentru un interviu virtual de succes<\/strong><\/h2>\n\n\n\n<figure class=\"wp-block-table\"><table><thead><tr><th>Zona evaluat\u0103<\/th><th>Ce s\u0103 verifici \u00eenainte de interviu<\/th><\/tr><\/thead><tbody><tr><td>Tehnologie<\/td><td>Camer\u0103, microfon \u0219i conexiune<\/td><\/tr><tr><td>\u00cen jurul<\/td><td>Lumin\u0103, fundal \u0219i lini\u0219te<\/td><\/tr><tr><td>Comunicare<\/td><td>Claritate, pauze \u0219i contact vizual<\/td><\/tr><tr><td>Con\u0163inut<\/td><td>R\u0103spunsuri structurate<\/td><\/tr><tr><td>Imagine profesional\u0103<\/td><td>\u00cembr\u0103c\u0103minte adecvat\u0103 rolului<\/td><\/tr><\/tbody><\/table><figcaption class=\"wp-element-caption\">Cum s\u0103 te preg\u0103te\u0219ti pentru interviurile de angajare virtuale<\/figcaption><\/figure>\n\n\n\n<figure class=\"wp-block-gallery has-nested-images columns-default is-cropped wp-block-gallery-2 is-layout-flex wp-block-gallery-is-layout-flex\">\n<figure class=\"wp-block-image size-full\"><img loading=\"lazy\" decoding=\"async\" width=\"450\" height=\"250\" data-id=\"10462\" src=\"https:\/\/universofamilia.com\/wp-content\/uploads\/sites\/148\/2025\/12\/Destaque-Novo-Universo-17.jpg\" alt=\"\" class=\"wp-image-10462\" srcset=\"http:\/\/universofamilia.com\/wp-content\/uploads\/sites\/148\/2025\/12\/Destaque-Novo-Universo-17.jpg 450w, http:\/\/universofamilia.com\/wp-content\/uploads\/sites\/148\/2025\/12\/Destaque-Novo-Universo-17-300x167.jpg 300w, http:\/\/universofamilia.com\/wp-content\/uploads\/sites\/148\/2025\/12\/Destaque-Novo-Universo-17-18x10.jpg 18w\" sizes=\"(max-width: 450px) 100vw, 450px\" \/><figcaption class=\"wp-element-caption\">Cum s\u0103 te preg\u0103te\u0219ti pentru interviurile de angajare virtuale<\/figcaption><\/figure>\n<\/figure>\n\n\n\n<p>Cite\u015fte mai mult:\u00a0<a href=\"http:\/\/universofamilia.com\/ro\/carreras-sostenibles-empleos-verdes-en-auge\/\">Cariere sustenabile: locuri de munc\u0103 verzi \u00een plin\u0103 expansiune<\/a><\/p>\n\n\n\n<h2 class=\"wp-block-heading\"><strong>Gestionarea evenimentelor neprev\u0103zute f\u0103r\u0103 a pierde credibilitatea<\/strong><\/h2>\n\n\n\n<p>Pot ap\u0103rea probleme tehnice chiar \u0219i \u00een timpul preg\u0103tirii.<\/p>\n\n\n\n<p>Diferen\u021ba const\u0103 \u00een modul \u00een care sunt gestionate. Notificarea calm\u0103 a oamenilor, propunerea unei solu\u021bii rapide \u0219i men\u021binerea unei atitudini profesionale v\u0103 protejeaz\u0103 imaginea.<\/p>\n\n\n\n<h3 class=\"wp-block-heading\"><strong>Exemplul 2<\/strong><\/h3>\n\n\n\n<p>Un dezvoltator a pierdut conexiunea \u00een timpul unui interviu interna\u021bional.<\/p>\n\n\n\n<p>\u00cen loc s\u0103 intre \u00een panic\u0103, a reluat conversa\u021bia, \u0219i-a cerut scurte scuze \u0219i a reluat calm.<\/p>\n\n\n\n<p>Acea reac\u021bie a fost apreciat\u0103 ca un semn de maturitate profesional\u0103.<\/p>\n\n\n\n<h2 class=\"wp-block-heading\"><strong>\u00cencheierea: o oportunitate ratat\u0103<\/strong><\/h2>\n\n\n\n<p>Mul\u021bi candida\u021bi neglijeaz\u0103 \u00eencheierea tranzac\u021biei. Mul\u021bumirile pentru timpul acordat, prezentarea pe scurt a interesului dumneavoastr\u0103 \u0219i \u00eentreb\u0103rile despre urm\u0103torii pa\u0219i las\u0103 o impresie pozitiv\u0103 \u0219i profesional\u0103.<\/p>\n\n\n\n<p>Trimiterea unui mesaj de mul\u021bumire ulterior \u00eent\u0103re\u0219te leg\u0103tura \u0219i demonstreaz\u0103 curtoazie profesional\u0103, o calitate care r\u0103m\u00e2ne foarte apreciat\u0103.<\/p>\n\n\n\n<h2 class=\"wp-block-heading\"><strong>Concluzie<\/strong><\/h2>\n\n\n\n<p>Maestru <strong>Cum s\u0103 te preg\u0103te\u0219ti pentru interviurile de angajare virtuale<\/strong> Implic\u0103 mult mai mult dec\u00e2t pornirea camerei \u0219i r\u0103spunsul la \u00eentreb\u0103ri.<\/p>\n\n\n\n<p>Necesit\u0103 strategie, con\u0219tientizare de sine \u0219i adaptare la noul limbaj digital al pie\u021bei muncii.<\/p>\n\n\n\n<p>Cei care sunt preg\u0103ti\u021bi transmit \u00eencredere, claritate \u0219i profesionalism, chiar \u0219i prin intermediul unui ecran.<\/p>\n\n\n\n<p>\u00centr-un mediu competitiv \u0219i global, interviul virtual nu este un obstacol, ci o demonstra\u021bie de performan\u021b\u0103.<\/p>\n\n\n\n<p>O bun\u0103 preg\u0103tire \u00ee\u021bi permite s\u0103-\u021bi ar\u0103\u021bi adev\u0103rata valoare \u0219i s\u0103 abordezi oportunitatea pe care o cau\u021bi cu mai mult\u0103 \u00eencredere.<\/p>\n\n\n\n<p>Cite\u015fte mai mult:\u00a0<a href=\"http:\/\/universofamilia.com\/ro\/el-teletrabajo-en-2025-las-nuevas-tendencias-del-home-office\/\">Telemunca \u00een 2025: Noi tendin\u021be pentru birourile de acas\u0103<\/a><\/p>\n\n\n\n<h2 class=\"wp-block-heading\"><strong>\u00centreb\u0103ri frecvente<\/strong><\/h2>\n\n\n\n<p><strong>Sunt interviurile virtuale mai pu\u021bin formale dec\u00e2t interviurile fa\u021b\u0103 \u00een fa\u021b\u0103?<\/strong><\/p>\n\n\n\n<p>Nu. Chiar dac\u0103 mediul este digital, nivelul de profesionalism a\u0219teptat r\u0103m\u00e2ne acela\u0219i sau chiar mai ridicat.<\/p>\n\n\n\n<p><strong>Este recomandabil s\u0103 folosi\u021bi fonduri virtuale?<\/strong><\/p>\n\n\n\n<p>Da, at\u00e2ta timp c\u00e2t sunt discrete \u0219i stabile. Un fundal real, bine organizat, creeaz\u0103 de obicei un aspect mai natural.<\/p>\n\n\n\n<p><strong>Cu c\u00e2t timp \u00eenainte ar trebui s\u0103 m\u0103 conectez?<\/strong><\/p>\n\n\n\n<p>Sosirea cu 5 p\u00e2n\u0103 la 10 minute \u00eenainte este suficient\u0103 pentru a verifica detaliile f\u0103r\u0103 a cauza disconfort.<\/p>\n\n\n\n<p><strong>Este recomandabil s\u0103 lua\u021bi noti\u021be \u00een timpul interviului?<\/strong><\/p>\n\n\n\n<p>Da, at\u00e2ta timp c\u00e2t se face pe scurt \u0219i f\u0103r\u0103 a pierde contactul vizual.<\/p>\n\n\n\n<p><strong>Poate preg\u0103tirea tehnic\u0103 s\u0103 compenseze lipsa de experien\u021b\u0103?<\/strong><\/p>\n\n\n\n<p>Nu \u00eenlocuie\u0219te experien\u021ba, dar consolideaz\u0103 percep\u021bia de competen\u021b\u0103 \u0219i profesionalism.<\/p>\n\n\n\n<p>Preg\u0103tirea de ast\u0103zi nu numai c\u0103 \u00ee\u021bi \u00eembun\u0103t\u0103\u021be\u0219te performan\u021ba, dar \u00ee\u021bi spore\u0219te \u0219i \u00eencrederea.<\/p>\n\n\n\n<p>\u00centr-o pia\u021b\u0103 a muncii digitalizat\u0103, aceast\u0103 combina\u021bie r\u0103m\u00e2ne unul dintre cele mai valoroase atuuri.<\/p>","protected":false},"excerpt":{"rendered":"<p>C\u00f3mo prepararse para entrevistas de trabajo virtuales se ha convertido en una habilidad profesional imprescindible en 2025. El crecimiento del trabajo remoto, los procesos h\u00edbridos de reclutamiento y la digitalizaci\u00f3n del talento cambiaron para siempre la forma en que las empresas eval\u00faan candidatos. Ya no basta con tener un buen curr\u00edculum: ahora tambi\u00e9n importa c\u00f3mo [&hellip;]<\/p>","protected":false},"author":219,"featured_media":10460,"comment_status":"closed","ping_status":"open","sticky":false,"template":"","format":"standard","meta":{"footnotes":""},"categories":[5],"tags":[],"yoast_head":"<!-- This site is optimized with the Yoast SEO plugin v23.3 - https:\/\/yoast.com\/wordpress\/plugins\/seo\/ -->\n<title>C\u00f3mo prepararse para entrevistas de trabajo virtuales - Universo Fam\u00edlia<\/title>\n<meta name=\"description\" content=\"C\u00f3mo prepararse para entrevistas de trabajo virtuales se ha convertido en una habilidad profesional imprescindible en 2025.\" \/>\n<meta name=\"robots\" content=\"index, follow, max-snippet:-1, max-image-preview:large, max-video-preview:-1\" \/>\n<link rel=\"canonical\" href=\"https:\/\/universofamilia.com\/ro\/como-prepararse-para-entrevistas-de-trabajo-virtuales\/\" \/>\n<meta property=\"og:locale\" content=\"ro_RO\" \/>\n<meta property=\"og:type\" content=\"article\" \/>\n<meta property=\"og:title\" content=\"C\u00f3mo prepararse para entrevistas de trabajo virtuales - Universo Fam\u00edlia\" \/>\n<meta property=\"og:description\" content=\"C\u00f3mo prepararse para entrevistas de trabajo virtuales se ha convertido en una habilidad profesional imprescindible en 2025.\" \/>\n<meta property=\"og:url\" content=\"https:\/\/universofamilia.com\/ro\/como-prepararse-para-entrevistas-de-trabajo-virtuales\/\" \/>\n<meta property=\"og:site_name\" content=\"Universo Fam\u00edlia\" \/>\n<meta property=\"article:published_time\" content=\"2025-12-26T14:16:37+00:00\" \/>\n<meta property=\"article:modified_time\" content=\"2025-12-26T14:16:39+00:00\" \/>\n<meta property=\"og:image\" content=\"https:\/\/universofamilia.com\/wp-content\/uploads\/sites\/148\/2025\/12\/Destaque-Novo-Universo-16.jpg\" \/>\n\t<meta property=\"og:image:width\" content=\"450\" \/>\n\t<meta property=\"og:image:height\" content=\"250\" \/>\n\t<meta property=\"og:image:type\" content=\"image\/jpeg\" \/>\n<meta name=\"author\" content=\"Matheus Sangaletti\" \/>\n<meta name=\"twitter:card\" content=\"summary_large_image\" \/>\n<meta name=\"twitter:label1\" content=\"Written by\" \/>\n\t<meta name=\"twitter:data1\" content=\"Matheus Sangaletti\" \/>\n\t<meta name=\"twitter:label2\" content=\"Est. reading time\" \/>\n\t<meta name=\"twitter:data2\" content=\"8 minute\" \/>\n<script type=\"application\/ld+json\" class=\"yoast-schema-graph\">{\"@context\":\"https:\/\/schema.org\",\"@graph\":[{\"@type\":\"WebPage\",\"@id\":\"https:\/\/universofamilia.com\/ja\/como-prepararse-para-entrevistas-de-trabajo-virtuales\/\",\"url\":\"https:\/\/universofamilia.com\/ja\/como-prepararse-para-entrevistas-de-trabajo-virtuales\/\",\"name\":\"C\u00f3mo prepararse para entrevistas de trabajo virtuales - Universo Fam\u00edlia\",\"isPartOf\":{\"@id\":\"http:\/\/universofamilia.com\/zh_hk\/#website\"},\"primaryImageOfPage\":{\"@id\":\"https:\/\/universofamilia.com\/ja\/como-prepararse-para-entrevistas-de-trabajo-virtuales\/#primaryimage\"},\"image\":{\"@id\":\"https:\/\/universofamilia.com\/ja\/como-prepararse-para-entrevistas-de-trabajo-virtuales\/#primaryimage\"},\"thumbnailUrl\":\"http:\/\/universofamilia.com\/wp-content\/uploads\/sites\/148\/2025\/12\/Destaque-Novo-Universo-16.jpg\",\"datePublished\":\"2025-12-26T14:16:37+00:00\",\"dateModified\":\"2025-12-26T14:16:39+00:00\",\"author\":{\"@id\":\"http:\/\/universofamilia.com\/zh_hk\/#\/schema\/person\/92fcd07e9b1f4323bf74f3170fc0f78a\"},\"description\":\"C\u00f3mo prepararse para entrevistas de trabajo virtuales se ha convertido en una habilidad profesional imprescindible en 2025.\",\"breadcrumb\":{\"@id\":\"https:\/\/universofamilia.com\/ja\/como-prepararse-para-entrevistas-de-trabajo-virtuales\/#breadcrumb\"},\"inLanguage\":\"ro-RO\",\"potentialAction\":[{\"@type\":\"ReadAction\",\"target\":[\"https:\/\/universofamilia.com\/ja\/como-prepararse-para-entrevistas-de-trabajo-virtuales\/\"]}]},{\"@type\":\"ImageObject\",\"inLanguage\":\"ro-RO\",\"@id\":\"https:\/\/universofamilia.com\/ja\/como-prepararse-para-entrevistas-de-trabajo-virtuales\/#primaryimage\",\"url\":\"http:\/\/universofamilia.com\/wp-content\/uploads\/sites\/148\/2025\/12\/Destaque-Novo-Universo-16.jpg\",\"contentUrl\":\"http:\/\/universofamilia.com\/wp-content\/uploads\/sites\/148\/2025\/12\/Destaque-Novo-Universo-16.jpg\",\"width\":450,\"height\":250,\"caption\":\"C\u00f3mo prepararse para entrevistas de trabajo virtuales\"},{\"@type\":\"BreadcrumbList\",\"@id\":\"https:\/\/universofamilia.com\/ja\/como-prepararse-para-entrevistas-de-trabajo-virtuales\/#breadcrumb\",\"itemListElement\":[{\"@type\":\"ListItem\",\"position\":1,\"name\":\"Home\",\"item\":\"http:\/\/universofamilia.com\/zh_hk\/\"},{\"@type\":\"ListItem\",\"position\":2,\"name\":\"C\u00f3mo prepararse para entrevistas de trabajo virtuales\"}]},{\"@type\":\"WebSite\",\"@id\":\"http:\/\/universofamilia.com\/zh_hk\/#website\",\"url\":\"http:\/\/universofamilia.com\/zh_hk\/\",\"name\":\"Universo Fam\u00edlia\",\"description\":\"\",\"potentialAction\":[{\"@type\":\"SearchAction\",\"target\":{\"@type\":\"EntryPoint\",\"urlTemplate\":\"http:\/\/universofamilia.com\/zh_hk\/?s={search_term_string}\"},\"query-input\":\"required name=search_term_string\"}],\"inLanguage\":\"ro-RO\"},{\"@type\":\"Person\",\"@id\":\"http:\/\/universofamilia.com\/zh_hk\/#\/schema\/person\/92fcd07e9b1f4323bf74f3170fc0f78a\",\"name\":\"Matheus Sangaletti\",\"image\":{\"@type\":\"ImageObject\",\"inLanguage\":\"ro-RO\",\"@id\":\"http:\/\/universofamilia.com\/zh_hk\/#\/schema\/person\/image\/\",\"url\":\"http:\/\/2.gravatar.com\/avatar\/280ea957a14a48e6a1ad2133d2cc27c9?s=96&d=mm&r=g\",\"contentUrl\":\"http:\/\/2.gravatar.com\/avatar\/280ea957a14a48e6a1ad2133d2cc27c9?s=96&d=mm&r=g\",\"caption\":\"Matheus Sangaletti\"},\"url\":\"http:\/\/universofamilia.com\/ro\/author\/matheuss\/\"}]}<\/script>\n<!-- \/ Yoast SEO plugin. -->","yoast_head_json":{"title":"C\u00f3mo prepararse para entrevistas de trabajo virtuales - Universo Fam\u00edlia","description":"C\u00f3mo prepararse para entrevistas de trabajo virtuales se ha convertido en una habilidad profesional imprescindible en 2025.","robots":{"index":"index","follow":"follow","max-snippet":"max-snippet:-1","max-image-preview":"max-image-preview:large","max-video-preview":"max-video-preview:-1"},"canonical":"https:\/\/universofamilia.com\/ro\/como-prepararse-para-entrevistas-de-trabajo-virtuales\/","og_locale":"ro_RO","og_type":"article","og_title":"C\u00f3mo prepararse para entrevistas de trabajo virtuales - Universo Fam\u00edlia","og_description":"C\u00f3mo prepararse para entrevistas de trabajo virtuales se ha convertido en una habilidad profesional imprescindible en 2025.","og_url":"https:\/\/universofamilia.com\/ro\/como-prepararse-para-entrevistas-de-trabajo-virtuales\/","og_site_name":"Universo Fam\u00edlia","article_published_time":"2025-12-26T14:16:37+00:00","article_modified_time":"2025-12-26T14:16:39+00:00","og_image":[{"width":450,"height":250,"url":"https:\/\/universofamilia.com\/wp-content\/uploads\/sites\/148\/2025\/12\/Destaque-Novo-Universo-16.jpg","type":"image\/jpeg"}],"author":"Matheus Sangaletti","twitter_card":"summary_large_image","twitter_misc":{"Written by":"Matheus Sangaletti","Est. reading time":"8 minute"},"schema":{"@context":"https:\/\/schema.org","@graph":[{"@type":"WebPage","@id":"https:\/\/universofamilia.com\/ja\/como-prepararse-para-entrevistas-de-trabajo-virtuales\/","url":"https:\/\/universofamilia.com\/ja\/como-prepararse-para-entrevistas-de-trabajo-virtuales\/","name":"C\u00f3mo prepararse para entrevistas de trabajo virtuales - Universo Fam\u00edlia","isPartOf":{"@id":"http:\/\/universofamilia.com\/zh_hk\/#website"},"primaryImageOfPage":{"@id":"https:\/\/universofamilia.com\/ja\/como-prepararse-para-entrevistas-de-trabajo-virtuales\/#primaryimage"},"image":{"@id":"https:\/\/universofamilia.com\/ja\/como-prepararse-para-entrevistas-de-trabajo-virtuales\/#primaryimage"},"thumbnailUrl":"http:\/\/universofamilia.com\/wp-content\/uploads\/sites\/148\/2025\/12\/Destaque-Novo-Universo-16.jpg","datePublished":"2025-12-26T14:16:37+00:00","dateModified":"2025-12-26T14:16:39+00:00","author":{"@id":"http:\/\/universofamilia.com\/zh_hk\/#\/schema\/person\/92fcd07e9b1f4323bf74f3170fc0f78a"},"description":"C\u00f3mo prepararse para entrevistas de trabajo virtuales se ha convertido en una habilidad profesional imprescindible en 2025.","breadcrumb":{"@id":"https:\/\/universofamilia.com\/ja\/como-prepararse-para-entrevistas-de-trabajo-virtuales\/#breadcrumb"},"inLanguage":"ro-RO","potentialAction":[{"@type":"ReadAction","target":["https:\/\/universofamilia.com\/ja\/como-prepararse-para-entrevistas-de-trabajo-virtuales\/"]}]},{"@type":"ImageObject","inLanguage":"ro-RO","@id":"https:\/\/universofamilia.com\/ja\/como-prepararse-para-entrevistas-de-trabajo-virtuales\/#primaryimage","url":"http:\/\/universofamilia.com\/wp-content\/uploads\/sites\/148\/2025\/12\/Destaque-Novo-Universo-16.jpg","contentUrl":"http:\/\/universofamilia.com\/wp-content\/uploads\/sites\/148\/2025\/12\/Destaque-Novo-Universo-16.jpg","width":450,"height":250,"caption":"C\u00f3mo prepararse para entrevistas de trabajo virtuales"},{"@type":"BreadcrumbList","@id":"https:\/\/universofamilia.com\/ja\/como-prepararse-para-entrevistas-de-trabajo-virtuales\/#breadcrumb","itemListElement":[{"@type":"ListItem","position":1,"name":"Home","item":"http:\/\/universofamilia.com\/zh_hk\/"},{"@type":"ListItem","position":2,"name":"C\u00f3mo prepararse para entrevistas de trabajo virtuales"}]},{"@type":"WebSite","@id":"http:\/\/universofamilia.com\/zh_hk\/#website","url":"http:\/\/universofamilia.com\/zh_hk\/","name":"Universo Fam\u00edlia","description":"","potentialAction":[{"@type":"SearchAction","target":{"@type":"EntryPoint","urlTemplate":"http:\/\/universofamilia.com\/zh_hk\/?s={search_term_string}"},"query-input":"required name=search_term_string"}],"inLanguage":"ro-RO"},{"@type":"Person","@id":"http:\/\/universofamilia.com\/zh_hk\/#\/schema\/person\/92fcd07e9b1f4323bf74f3170fc0f78a","name":"Matheus Sangaletti","image":{"@type":"ImageObject","inLanguage":"ro-RO","@id":"http:\/\/universofamilia.com\/zh_hk\/#\/schema\/person\/image\/","url":"http:\/\/2.gravatar.com\/avatar\/280ea957a14a48e6a1ad2133d2cc27c9?s=96&d=mm&r=g","contentUrl":"http:\/\/2.gravatar.com\/avatar\/280ea957a14a48e6a1ad2133d2cc27c9?s=96&d=mm&r=g","caption":"Matheus Sangaletti"},"url":"http:\/\/universofamilia.com\/ro\/author\/matheuss\/"}]}},"_links":{"self":[{"href":"http:\/\/universofamilia.com\/ro\/wp-json\/wp\/v2\/posts\/10459"}],"collection":[{"href":"http:\/\/universofamilia.com\/ro\/wp-json\/wp\/v2\/posts"}],"about":[{"href":"http:\/\/universofamilia.com\/ro\/wp-json\/wp\/v2\/types\/post"}],"author":[{"embeddable":true,"href":"http:\/\/universofamilia.com\/ro\/wp-json\/wp\/v2\/users\/219"}],"replies":[{"embeddable":true,"href":"http:\/\/universofamilia.com\/ro\/wp-json\/wp\/v2\/comments?post=10459"}],"version-history":[{"count":1,"href":"http:\/\/universofamilia.com\/ro\/wp-json\/wp\/v2\/posts\/10459\/revisions"}],"predecessor-version":[{"id":10463,"href":"http:\/\/universofamilia.com\/ro\/wp-json\/wp\/v2\/posts\/10459\/revisions\/10463"}],"wp:featuredmedia":[{"embeddable":true,"href":"http:\/\/universofamilia.com\/ro\/wp-json\/wp\/v2\/media\/10460"}],"wp:attachment":[{"href":"http:\/\/universofamilia.com\/ro\/wp-json\/wp\/v2\/media?parent=10459"}],"wp:term":[{"taxonomy":"category","embeddable":true,"href":"http:\/\/universofamilia.com\/ro\/wp-json\/wp\/v2\/categories?post=10459"},{"taxonomy":"post_tag","embeddable":true,"href":"http:\/\/universofamilia.com\/ro\/wp-json\/wp\/v2\/tags?post=10459"}],"curies":[{"name":"wp","href":"https:\/\/api.w.org\/{rel}","templated":true}]}}