{"id":10464,"date":"2025-12-26T12:09:03","date_gmt":"2025-12-26T15:09:03","guid":{"rendered":"https:\/\/universofamilia.com\/?p=10464"},"modified":"2025-12-26T12:09:05","modified_gmt":"2025-12-26T15:09:05","slug":"las-preguntas-de-entrevista-mas-comunes-de-2025","status":"publish","type":"post","link":"http:\/\/universofamilia.com\/ro\/las-preguntas-de-entrevista-mas-comunes-de-2025\/","title":{"rendered":"Cele mai frecvente \u00eentreb\u0103ri la interviuri \u00een 2025"},"content":{"rendered":"<p class=\"has-text-align-center\"><strong>Cele mai frecvente \u00eentreb\u0103ri la interviuri \u00een 2025<\/strong> Acestea reflect\u0103 o pia\u021b\u0103 a muncii mai digital\u0103, mai uman\u0103 \u0219i mai strategic\u0103 ca niciodat\u0103.<\/p>\n\n\n\n<figure class=\"wp-block-gallery has-nested-images columns-default is-cropped wp-block-gallery-1 is-layout-flex wp-block-gallery-is-layout-flex\">\n<figure class=\"wp-block-image size-full\"><img loading=\"lazy\" decoding=\"async\" width=\"450\" height=\"250\" data-id=\"10465\" src=\"https:\/\/universofamilia.com\/wp-content\/uploads\/sites\/148\/2025\/12\/Destaque-Novo-Universo-18.jpg\" alt=\"\" class=\"wp-image-10465\" srcset=\"http:\/\/universofamilia.com\/wp-content\/uploads\/sites\/148\/2025\/12\/Destaque-Novo-Universo-18.jpg 450w, http:\/\/universofamilia.com\/wp-content\/uploads\/sites\/148\/2025\/12\/Destaque-Novo-Universo-18-300x167.jpg 300w, http:\/\/universofamilia.com\/wp-content\/uploads\/sites\/148\/2025\/12\/Destaque-Novo-Universo-18-18x10.jpg 18w\" sizes=\"(max-width: 450px) 100vw, 450px\" \/><figcaption class=\"wp-element-caption\">Cele mai frecvente \u00eentreb\u0103ri la interviuri \u00een 2025<\/figcaption><\/figure>\n<\/figure>\n\n\n\n<p class=\"has-text-align-center\">\u00centr-un context \u00een care procesele virtuale, inteligen\u021ba artificial\u0103 \u00een recrutare \u0219i echipele globale coexist\u0103, interviurile au \u00eencetat s\u0103 se mai concentreze exclusiv pe CV.<\/p>\n\n\n\n<p class=\"has-text-align-center\">Ast\u0103zi, ei evalueaz\u0103 g\u00e2ndirea critic\u0103, adaptabilitatea \u0219i consecven\u021ba profesional\u0103.<\/p>\n\n\n\n<p>\u00cenainte de a continua, iat\u0103 un scurt rezumat pentru a v\u0103 ghida lectura: cum s-a schimbat abordarea interviurilor \u00een 2025, ce caut\u0103 cu adev\u0103rat companiile \u0219i cele mai frecvente categorii de \u00eentreb\u0103ri.<\/p>\n\n\n\n<p>Cum s\u0103 r\u0103spunzi f\u0103r\u0103 s\u0103 pari generic, o statistic\u0103 relevant\u0103, dou\u0103 exemple reale, o analogie clar\u0103, un tabel practic \u0219i un bloc de \u00eentreb\u0103ri frecvente.<\/p>\n\n\n\n<h2 class=\"wp-block-heading\"><strong>De ce s-au schimbat at\u00e2t de mult interviurile \u00een 2025<\/strong><\/h2>\n\n\n\n<p>Transformarea muncii a accelerat o evolu\u021bie profund\u0103 a proceselor de selec\u021bie.<\/p>\n\n\n\n<p>Automatizarea, munca la distan\u021b\u0103 \u0219i lipsa de talente specializate au obligat companiile s\u0103 \u00ee\u0219i rafineze \u00eentreb\u0103rile.<\/p>\n\n\n\n<p>Nu mai este suficient s\u0103 confirmi experien\u021ba; acum este important s\u0103 \u00een\u021belegi cum g\u00e2nde\u0219ti, cum decizi \u0219i cum te adaptezi.<\/p>\n\n\n\n<p>Conform <strong>Raportul privind viitorul locurilor de munc\u0103 al Forumului Economic Mondial<\/strong>Abilit\u0103\u021bile non-tehnice, capacitatea de a \u00eenv\u0103\u021ba continuu \u0219i abilitatea de a rezolva probleme complexe sunt printre cele mai apreciate de angajatori la nivel global.<\/p>\n\n\n\n<p>Aceast\u0103 tendin\u021b\u0103 explic\u0103 de ce interviurile actuale aprofundeaz\u0103 comportamentele \u0219i criteriile personale.<\/p>\n\n\n\n<h2 class=\"wp-block-heading\"><strong>Ce caut\u0103 cu adev\u0103rat recrutorii ast\u0103zi<\/strong><\/h2>\n\n\n\n<p>\u00cen spatele fiec\u0103rei \u00eentreb\u0103ri se afl\u0103 o inten\u021bie clar\u0103. Recrutorul caut\u0103 consecven\u021b\u0103 \u00eentre ceea ce spui, ceea ce ai f\u0103cut \u0219i ceea ce ai putea contribui.<\/p>\n\n\n\n<p>De asemenea, demonstreaz\u0103 claritate \u00een comunicarea ideilor, gestionarea presiunii \u0219i onestitate profesional\u0103.<\/p>\n\n\n\n<p>A r\u0103spunde bine nu \u00eenseamn\u0103 a memora fraze, ci mai degrab\u0103 a \u00een\u021belege scopul fiec\u0103rei afirma\u021bii. Atunci c\u00e2nd identifici acea logic\u0103, discursul t\u0103u devine mai natural \u0219i mai credibil.<\/p>\n\n\n\n<h2 class=\"wp-block-heading\"><strong>\u00centreb\u0103ri despre parcursul profesional<\/strong><\/h2>\n\n\n\n<p>Experien\u021ba r\u0103m\u00e2ne una dintre principalele categorii, de\u0219i cu un accent diferit. Pozi\u021bia anterioar\u0103 nu mai este singurul factor; impactul generat este ceea ce conteaz\u0103 acum.<\/p>\n\n\n\n<p>\u00centreb\u0103ri de acest gen apar aici:<\/p>\n\n\n\n<ul>\n<li>Poveste\u0219te-mi despre cea mai relevant\u0103 experien\u021b\u0103 a ta pentru acest post.<\/li>\n\n\n\n<li>Ce ai \u00eenv\u0103\u021bat \u00een ultimul t\u0103u rol pe care l-ai aplica mai bine ast\u0103zi?<\/li>\n<\/ul>\n\n\n\n<p>Accentul se pune pe \u00eenv\u0103\u021bare \u0219i evolu\u021bie, nu pe o list\u0103 de func\u021bii.<\/p>\n\n\n\n<h3 class=\"wp-block-heading\"><strong>Exemplul 1<\/strong><\/h3>\n\n\n\n<p>O analist\u0103 de date a explicat cum a trecut de la generarea de rapoarte la propunerea de \u00eembun\u0103t\u0103\u021biri ale afacerii pe baza informa\u021biilor.<\/p>\n\n\n\n<p>Acea nara\u021biune a demonstrat cre\u0219tere, ini\u021biativ\u0103 \u0219i aliniere cu obiectivele afacerii.<\/p>\n\n\n\n<h2 class=\"wp-block-heading\"><strong>\u00centreb\u0103ri despre abilit\u0103\u021bi \u0219i competen\u021be cheie<\/strong><\/h2>\n\n\n\n<p>P\u00e2n\u0103 \u00een 2025, companiile vor prioritiza competen\u021bele transferabile. De aceea, apar \u00eentreb\u0103ri care se concentreaz\u0103 pe situa\u021bii din lumea real\u0103, nu pe teorii.<\/p>\n\n\n\n<p>Printre cele mai comune se num\u0103r\u0103:<\/p>\n\n\n\n<ul>\n<li>Cum gestionezi o schimbare nea\u0219teptat\u0103 a priorit\u0103\u021bilor tale?<\/li>\n\n\n\n<li>Descrie o situa\u021bie \u00een care a trebuit s\u0103 \u00eenve\u021bi ceva nou rapid.<\/li>\n<\/ul>\n\n\n\n<p>Acest tip de \u00eentrebare m\u0103soar\u0103 adaptabilitatea \u0219i o mentalitate orientat\u0103 spre cre\u0219tere.<\/p>\n\n\n\n<h2 class=\"wp-block-heading\"><strong>Evaluarea competen\u021belor digitale \u0219i munca la distan\u021b\u0103<\/strong><\/h2>\n\n\n\n<p>Competen\u021ba tehnologic\u0103 nu mai este exclusiv\u0103 profilurilor tehnice. Aproape orice rol necesit\u0103 fluen\u021b\u0103 digital\u0103 \u0219i comunicare eficient\u0103 la distan\u021b\u0103.<\/p>\n\n\n\n<p>Din acest motiv, este frecvent s\u0103 auzim \u00eentreb\u0103ri legate de organizare, colaborare virtual\u0103 \u0219i autogestionare. Nu se caut\u0103 exper\u021bi \u00een software, ci mai degrab\u0103 profesioni\u0219ti func\u021bionali \u00een medii digitale.<\/p>\n\n\n\n<h2 class=\"wp-block-heading\"><strong>\u00centreb\u0103ri despre cultur\u0103 \u0219i valori<\/strong><\/h2>\n\n\n\n<p>Companiile au aflat c\u0103 angajarea exclusiv pentru abilit\u0103\u021bi tehnice creeaz\u0103 fric\u021biuni pe termen lung. Prin urmare, compatibilitatea cultural\u0103 a devenit mai important\u0103.<\/p>\n\n\n\n<p>\u00centreb\u0103ri precum \u201ece pre\u021buie\u0219ti \u00eentr-o echip\u0103 de lucru?\u201d sau \u201ece tip de leadership te motiveaz\u0103?\u201d dezv\u0103luie a\u0219tept\u0103ri, limite \u0219i stil profesional.<\/p>\n\n\n\n<p>A r\u0103spunde sincer este mai eficient dec\u00e2t a \u00eencerca s\u0103 faci pe plac.<\/p>\n\n\n\n<h2 class=\"wp-block-heading\"><strong>\u00centrebarea care apare aproape \u00eentotdeauna<\/strong><\/h2>\n\n\n\n<p>\u00centre <strong>Cele mai frecvente \u00eentreb\u0103ri la interviuri \u00een 2025<\/strong>Exist\u0103 una care r\u0103m\u00e2ne valabil\u0103, de\u0219i cu nuan\u021be:<br><strong>Care sunt punctele tale forte \u0219i domeniile de \u00eembun\u0103t\u0103\u021bire?<\/strong><\/p>\n\n\n\n<p>Cheia este echilibrul. Recunoa\u0219terea unei sl\u0103biciuni reale, \u00eempreun\u0103 cu ac\u021biuni concrete pentru a o \u00eembun\u0103t\u0103\u021bi, transmite maturitate \u0219i con\u0219tientizare de sine.<\/p>\n\n\n\n<p>Evitarea r\u0103spunsurilor preg\u0103tite dinainte face toat\u0103 diferen\u021ba.<\/p>\n\n\n\n<h2 class=\"wp-block-heading\"><strong>\u00centreb\u0103ri despre rezolvarea problemelor<\/strong><\/h2>\n\n\n\n<p>Organiza\u021biile caut\u0103 persoane capabile s\u0103 analizeze, s\u0103 decid\u0103 \u0219i s\u0103 ac\u021bioneze. Prin urmare, interviurile includ scenarii ipotetice sau experien\u021be trecute.<\/p>\n\n\n\n<p>Nu exist\u0103 un singur r\u0103spuns aici. Ceea ce conteaz\u0103 este s\u0103 explici ra\u021bionamentul t\u0103u, alternativele pe care le-ai luat \u00een considerare \u0219i rezultatul pe care l-ai ob\u021binut. Acest proces dezv\u0103luie modul t\u0103u de g\u00e2ndire.<\/p>\n\n\n\n<h3 class=\"wp-block-heading\"><strong>Exemplul 2<\/strong><\/h3>\n\n\n\n<p>Un manager junior a povestit cum a rezolvat un conflict interdepartamental prioritiz\u00e2nd datele, dialogul \u0219i acordurile clare. Mai mult dec\u00e2t solu\u021bia final\u0103, el a pus accent pe abordarea sa structurat\u0103 \u0219i empatic\u0103.<\/p>\n\n\n\n<h2 class=\"wp-block-heading\"><strong>\u00centreb\u0103ri despre motiva\u021bie \u0219i scop<\/strong><\/h2>\n\n\n\n<p>\u00centr-o pia\u021b\u0103 cu fluctua\u021bie mare de personal, companiile vor s\u0103 \u00een\u021beleag\u0103 de ce e\u0219ti interesat de acest post.<\/p>\n\n\n\n<p>\u00centreb\u0103ri precum \u201eCe te motiveaz\u0103 la acest rol?\u201d sau \u201eUnde te vezi peste trei ani?\u201d indic\u0103 a\u0219tept\u0103ri \u0219i angajament.<\/p>\n\n\n\n<p>R\u0103spunsul din perspectiva scopului profesional, \u0219i nu doar a salariului, creeaz\u0103 o leg\u0103tur\u0103 mai puternic\u0103 cu intervievatorul.<\/p>\n\n\n\n<h2 class=\"wp-block-heading\"><strong>Analogia care ajut\u0103 la \u00een\u021belegerea procesului<\/strong><\/h2>\n\n\n\n<p>A r\u0103spunde la un interviu \u00een 2025 va fi ca \u0219i cum <strong>naviga\u021bi cu GPS-ul<\/strong>.<\/p>\n\n\n\n<p>Destina\u021bia este clar\u0103, dar adev\u0103rata valoare const\u0103 \u00een modul \u00een care alegi ruta, \u00een modul \u00een care reac\u021bionezi la ocoli\u0219uri \u0219i \u00een c\u00e2t de con\u0219tient e\u0219ti de calea pe care ai parcurs-o.<\/p>\n\n\n\n<h2 class=\"wp-block-heading\"><strong>Tabel: Cele mai frecvente tipuri de \u00eentreb\u0103ri \u00een 2025<\/strong><\/h2>\n\n\n\n<figure class=\"wp-block-table\"><table><thead><tr><th>Tipul \u00eentreb\u0103rii<\/th><th>Ceea ce evalueaz\u0103 \u00een principal<\/th><\/tr><\/thead><tbody><tr><td>Carier\u0103 profesional\u0103<\/td><td>Evolu\u021bie \u0219i \u00eenv\u0103\u021bare<\/td><\/tr><tr><td>Abilit\u0103\u021bi<\/td><td>Adaptabilitate \u0219i abilit\u0103\u021bi non-tehnice<\/td><\/tr><tr><td>Digital \u0219i de la distan\u021b\u0103<\/td><td>Autonomie \u0219i organizare<\/td><\/tr><tr><td>Cultur\u0103 \u0219i valori<\/td><td>Compatibilitatea companiei<\/td><\/tr><tr><td>Rezolvarea problemelor<\/td><td>G\u00e2ndire critic\u0103<\/td><\/tr><\/tbody><\/table><figcaption class=\"wp-element-caption\">Cele mai frecvente \u00eentreb\u0103ri la interviuri \u00een 2025<\/figcaption><\/figure>\n\n\n\n<figure class=\"wp-block-gallery has-nested-images columns-default is-cropped wp-block-gallery-2 is-layout-flex wp-block-gallery-is-layout-flex\">\n<figure class=\"wp-block-image size-full\"><img loading=\"lazy\" decoding=\"async\" width=\"450\" height=\"250\" data-id=\"10467\" src=\"https:\/\/universofamilia.com\/wp-content\/uploads\/sites\/148\/2025\/12\/Destaque-Novo-Universo-19.jpg\" alt=\"\" class=\"wp-image-10467\" srcset=\"http:\/\/universofamilia.com\/wp-content\/uploads\/sites\/148\/2025\/12\/Destaque-Novo-Universo-19.jpg 450w, http:\/\/universofamilia.com\/wp-content\/uploads\/sites\/148\/2025\/12\/Destaque-Novo-Universo-19-300x167.jpg 300w, http:\/\/universofamilia.com\/wp-content\/uploads\/sites\/148\/2025\/12\/Destaque-Novo-Universo-19-18x10.jpg 18w\" sizes=\"(max-width: 450px) 100vw, 450px\" \/><figcaption class=\"wp-element-caption\">Cele mai frecvente \u00eentreb\u0103ri la interviuri \u00een 2025<\/figcaption><\/figure>\n<\/figure>\n\n\n\n<p>Cite\u015fte mai mult:\u00a0<a href=\"http:\/\/universofamilia.com\/ro\/el-teletrabajo-en-2025-las-nuevas-tendencias-del-home-office\/\">Telemunca \u00een 2025: Noi tendin\u021be pentru birourile de acas\u0103<\/a><\/p>\n\n\n\n<h2 class=\"wp-block-heading\"><strong>Cum s\u0103 te preg\u0103te\u0219ti f\u0103r\u0103 s\u0103 pari exersat\/\u0103<\/strong><\/h2>\n\n\n\n<p>Preg\u0103tirea eficient\u0103 nu \u00eenseamn\u0103 memorarea r\u0103spunsurilor, ci reflectarea asupra experien\u021belor reale. Identificarea realiz\u0103rilor, a provoc\u0103rilor \u0219i a lec\u021biilor \u00eenv\u0103\u021bate \u00ee\u021bi permite s\u0103 reac\u021bionezi natural.<\/p>\n\n\n\n<p>Exersarea cu voce tare ajut\u0103 la \u00eembun\u0103t\u0103\u021birea fluen\u021bei, dar este important \u0219i s\u0103 se lase loc \u0219i pentru spontaneitate. Interviurile pun pre\u021b pe autenticitate, nu pe perfec\u021biune.<\/p>\n\n\n\n<h2 class=\"wp-block-heading\"><strong>Gre\u0219eli frecvente care continu\u0103 s\u0103 coste oportunit\u0103\u021bi<\/strong><\/h2>\n\n\n\n<p>A vorbi excesiv, a evita r\u0103spunsurile sau a recunoa\u0219te gre\u0219elile este totu\u0219i d\u0103un\u0103tor. La fel \u0219i a r\u0103spunde cu generalit\u0103\u021bi lipsite de context.<\/p>\n\n\n\n<p>\u00cen schimb, claritatea, exemplele concrete \u0219i ascultarea activ\u0103 construiesc \u00eencredere. Intervievatorul observ\u0103 c\u00e2nd exist\u0103 coeren\u021b\u0103 \u00eentre discurs \u0219i experien\u021b\u0103.<\/p>\n\n\n\n<h2 class=\"wp-block-heading\"><strong>Concluzie<\/strong><\/h2>\n\n\n\n<p>\u00cen\u0163elege <strong>Cele mai frecvente \u00eentreb\u0103ri la interviuri \u00een 2025<\/strong> \u00ce\u021bi permite s\u0103 \u00eenfrun\u021bi procesele de selec\u021bie cu mai mult\u0103 \u00eencredere \u0219i strategie.<\/p>\n\n\n\n<p>Interviurile de ast\u0103zi caut\u0103 persoane complete: cu abilit\u0103\u021bi, valori \u0219i adaptabilitate.<\/p>\n\n\n\n<p>Preg\u0103tirea ta prin autocunoa\u0219tere, mai degrab\u0103 dec\u00e2t prin formule rigide, \u00ee\u021bi cre\u0219te \u0219ansele de succes.<\/p>\n\n\n\n<p>\u00centr-o pia\u021b\u0103 competitiv\u0103, cei care comunic\u0103 clar \u0219i autentic ies \u00een eviden\u021b\u0103 f\u0103r\u0103 a fi nevoie s\u0103 exagereze.<\/p>\n\n\n\n<p>Cite\u015fte mai mult:\u00a0<a href=\"http:\/\/universofamilia.com\/ro\/carreras-sostenibles-empleos-verdes-en-auge\/\">Cariere sustenabile: locuri de munc\u0103 verzi \u00een plin\u0103 expansiune<\/a><\/p>\n\n\n\n<h2 class=\"wp-block-heading\"><strong>\u00centreb\u0103ri frecvente<\/strong><\/h2>\n\n\n\n<p><strong>\u00centreb\u0103rile de interviu sunt acelea\u0219i \u00een toate sectoarele?<\/strong><br>Nu. De\u0219i exist\u0103 tipare comune, fiecare industrie prioritizeaz\u0103 anumite competen\u021be.<\/p>\n\n\n\n<p><strong>Este recomandabil s\u0103 preg\u0103tim r\u0103spunsuri scrise?<\/strong><br>Serve\u0219te ca exerci\u021biu preliminar, dar \u00een timpul interviului este mai bine s\u0103 r\u0103spunzi natural.<\/p>\n\n\n\n<p><strong>C\u00e2t de important\u0103 este onestitatea?<\/strong><br>Este crucial. Recrutorii pot observa cu u\u0219urin\u021b\u0103 inconsecven\u021bele.<\/p>\n\n\n\n<p><strong>Interviurile virtuale schimb\u0103 tipul de \u00eentreb\u0103ri puse?<\/strong><br>Accentul r\u0103m\u00e2ne acela\u0219i, de\u0219i evaluarea comunic\u0103rii \u0219i a autogestion\u0103rii cre\u0219te.<\/p>\n\n\n\n<p><strong>R\u0103spunsul incorect la o \u00eentrebare descalific\u0103 un candidat?<\/strong><br>Nu neap\u0103rat. Atitudinea, claritatea \u0219i capacitatea de a reflecta sunt la fel de importante ca un r\u0103spuns prompt.<\/p>\n\n\n\n<p>\u00cen 2025, a fi bine preg\u0103tit nu \u00eenseamn\u0103 a ar\u0103ta perfect, ci a ar\u0103ta cine e\u0219ti, cum g\u00e2nde\u0219ti \u0219i ce valoare real\u0103 po\u021bi aduce.<\/p>\n\n\n\n<p>Acesta r\u0103m\u00e2ne cel mai puternic r\u0103spuns \u00een orice interviu.<\/p>","protected":false},"excerpt":{"rendered":"<p>Cele mai frecvente \u00eentreb\u0103ri de interviu din 2025 reflect\u0103 o pia\u021b\u0103 a muncii mai digital\u0103, mai uman\u0103 \u0219i mai strategic\u0103 ca niciodat\u0103. \u00centr-un context \u00een care procesele virtuale, inteligen\u021ba artificial\u0103 \u00een recrutare \u0219i echipele globale coexist\u0103, interviurile au dep\u0103\u0219it concentrarea exclusiv\u0103 pe CV. Ast\u0103zi, acestea evalueaz\u0103 g\u00e2ndirea critic\u0103, adaptabilitatea \u0219i consecven\u021ba profesional\u0103. \u00cenainte de a continua, aceasta este [\u2026]<\/p>","protected":false},"author":219,"featured_media":10466,"comment_status":"closed","ping_status":"open","sticky":false,"template":"","format":"standard","meta":{"footnotes":""},"categories":[5],"tags":[],"yoast_head":"<!-- This site is optimized with the Yoast SEO plugin v23.3 - https:\/\/yoast.com\/wordpress\/plugins\/seo\/ -->\n<title>Las preguntas de entrevista m\u00e1s comunes de 2025 - Universo Fam\u00edlia<\/title>\n<meta name=\"description\" content=\"Las preguntas de entrevista m\u00e1s comunes de 2025 reflejan un mercado laboral m\u00e1s digital, humano y estrat\u00e9gico que nunca.\" \/>\n<meta name=\"robots\" content=\"index, follow, max-snippet:-1, max-image-preview:large, max-video-preview:-1\" \/>\n<link rel=\"canonical\" href=\"https:\/\/universofamilia.com\/ro\/las-preguntas-de-entrevista-mas-comunes-de-2025\/\" \/>\n<meta property=\"og:locale\" content=\"ro_RO\" \/>\n<meta property=\"og:type\" content=\"article\" \/>\n<meta property=\"og:title\" content=\"Las preguntas de entrevista m\u00e1s comunes de 2025 - Universo Fam\u00edlia\" \/>\n<meta property=\"og:description\" content=\"Las preguntas de entrevista m\u00e1s comunes de 2025 reflejan un mercado laboral m\u00e1s digital, humano y estrat\u00e9gico que nunca.\" \/>\n<meta property=\"og:url\" content=\"https:\/\/universofamilia.com\/ro\/las-preguntas-de-entrevista-mas-comunes-de-2025\/\" \/>\n<meta property=\"og:site_name\" content=\"Universo Fam\u00edlia\" \/>\n<meta property=\"article:published_time\" content=\"2025-12-26T15:09:03+00:00\" \/>\n<meta property=\"article:modified_time\" content=\"2025-12-26T15:09:05+00:00\" \/>\n<meta property=\"og:image\" content=\"https:\/\/universofamilia.com\/wp-content\/uploads\/sites\/148\/2025\/12\/Destaque-Novo-Universo-18-1.jpg\" \/>\n\t<meta property=\"og:image:width\" content=\"450\" \/>\n\t<meta property=\"og:image:height\" content=\"250\" \/>\n\t<meta property=\"og:image:type\" content=\"image\/jpeg\" \/>\n<meta name=\"author\" content=\"Matheus Sangaletti\" \/>\n<meta name=\"twitter:card\" content=\"summary_large_image\" \/>\n<meta name=\"twitter:label1\" content=\"Written by\" \/>\n\t<meta name=\"twitter:data1\" content=\"Matheus Sangaletti\" \/>\n\t<meta name=\"twitter:label2\" content=\"Est. reading time\" \/>\n\t<meta name=\"twitter:data2\" content=\"7 minute\" \/>\n<script type=\"application\/ld+json\" class=\"yoast-schema-graph\">{\"@context\":\"https:\/\/schema.org\",\"@graph\":[{\"@type\":\"WebPage\",\"@id\":\"https:\/\/universofamilia.com\/sk\/las-preguntas-de-entrevista-mas-comunes-de-2025\/\",\"url\":\"https:\/\/universofamilia.com\/sk\/las-preguntas-de-entrevista-mas-comunes-de-2025\/\",\"name\":\"Las preguntas de entrevista m\u00e1s comunes de 2025 - Universo Fam\u00edlia\",\"isPartOf\":{\"@id\":\"http:\/\/universofamilia.com\/zh_hk\/#website\"},\"primaryImageOfPage\":{\"@id\":\"https:\/\/universofamilia.com\/sk\/las-preguntas-de-entrevista-mas-comunes-de-2025\/#primaryimage\"},\"image\":{\"@id\":\"https:\/\/universofamilia.com\/sk\/las-preguntas-de-entrevista-mas-comunes-de-2025\/#primaryimage\"},\"thumbnailUrl\":\"http:\/\/universofamilia.com\/wp-content\/uploads\/sites\/148\/2025\/12\/Destaque-Novo-Universo-18-1.jpg\",\"datePublished\":\"2025-12-26T15:09:03+00:00\",\"dateModified\":\"2025-12-26T15:09:05+00:00\",\"author\":{\"@id\":\"http:\/\/universofamilia.com\/zh_hk\/#\/schema\/person\/92fcd07e9b1f4323bf74f3170fc0f78a\"},\"description\":\"Las preguntas de entrevista m\u00e1s comunes de 2025 reflejan un mercado laboral m\u00e1s digital, humano y estrat\u00e9gico que nunca.\",\"breadcrumb\":{\"@id\":\"https:\/\/universofamilia.com\/sk\/las-preguntas-de-entrevista-mas-comunes-de-2025\/#breadcrumb\"},\"inLanguage\":\"ro-RO\",\"potentialAction\":[{\"@type\":\"ReadAction\",\"target\":[\"https:\/\/universofamilia.com\/sk\/las-preguntas-de-entrevista-mas-comunes-de-2025\/\"]}]},{\"@type\":\"ImageObject\",\"inLanguage\":\"ro-RO\",\"@id\":\"https:\/\/universofamilia.com\/sk\/las-preguntas-de-entrevista-mas-comunes-de-2025\/#primaryimage\",\"url\":\"http:\/\/universofamilia.com\/wp-content\/uploads\/sites\/148\/2025\/12\/Destaque-Novo-Universo-18-1.jpg\",\"contentUrl\":\"http:\/\/universofamilia.com\/wp-content\/uploads\/sites\/148\/2025\/12\/Destaque-Novo-Universo-18-1.jpg\",\"width\":450,\"height\":250,\"caption\":\"Las preguntas de entrevista m\u00e1s comunes de 2025\"},{\"@type\":\"BreadcrumbList\",\"@id\":\"https:\/\/universofamilia.com\/sk\/las-preguntas-de-entrevista-mas-comunes-de-2025\/#breadcrumb\",\"itemListElement\":[{\"@type\":\"ListItem\",\"position\":1,\"name\":\"Home\",\"item\":\"http:\/\/universofamilia.com\/zh_hk\/\"},{\"@type\":\"ListItem\",\"position\":2,\"name\":\"Las preguntas de entrevista m\u00e1s comunes de 2025\"}]},{\"@type\":\"WebSite\",\"@id\":\"http:\/\/universofamilia.com\/zh_hk\/#website\",\"url\":\"http:\/\/universofamilia.com\/zh_hk\/\",\"name\":\"Universo Fam\u00edlia\",\"description\":\"\",\"potentialAction\":[{\"@type\":\"SearchAction\",\"target\":{\"@type\":\"EntryPoint\",\"urlTemplate\":\"http:\/\/universofamilia.com\/zh_hk\/?s={search_term_string}\"},\"query-input\":\"required name=search_term_string\"}],\"inLanguage\":\"ro-RO\"},{\"@type\":\"Person\",\"@id\":\"http:\/\/universofamilia.com\/zh_hk\/#\/schema\/person\/92fcd07e9b1f4323bf74f3170fc0f78a\",\"name\":\"Matheus Sangaletti\",\"image\":{\"@type\":\"ImageObject\",\"inLanguage\":\"ro-RO\",\"@id\":\"http:\/\/universofamilia.com\/zh_hk\/#\/schema\/person\/image\/\",\"url\":\"http:\/\/2.gravatar.com\/avatar\/280ea957a14a48e6a1ad2133d2cc27c9?s=96&d=mm&r=g\",\"contentUrl\":\"http:\/\/2.gravatar.com\/avatar\/280ea957a14a48e6a1ad2133d2cc27c9?s=96&d=mm&r=g\",\"caption\":\"Matheus Sangaletti\"},\"url\":\"http:\/\/universofamilia.com\/ro\/author\/matheuss\/\"}]}<\/script>\n<!-- \/ Yoast SEO plugin. -->","yoast_head_json":{"title":"Las preguntas de entrevista m\u00e1s comunes de 2025 - Universo Fam\u00edlia","description":"Las preguntas de entrevista m\u00e1s comunes de 2025 reflejan un mercado laboral m\u00e1s digital, humano y estrat\u00e9gico que nunca.","robots":{"index":"index","follow":"follow","max-snippet":"max-snippet:-1","max-image-preview":"max-image-preview:large","max-video-preview":"max-video-preview:-1"},"canonical":"https:\/\/universofamilia.com\/ro\/las-preguntas-de-entrevista-mas-comunes-de-2025\/","og_locale":"ro_RO","og_type":"article","og_title":"Las preguntas de entrevista m\u00e1s comunes de 2025 - Universo Fam\u00edlia","og_description":"Las preguntas de entrevista m\u00e1s comunes de 2025 reflejan un mercado laboral m\u00e1s digital, humano y estrat\u00e9gico que nunca.","og_url":"https:\/\/universofamilia.com\/ro\/las-preguntas-de-entrevista-mas-comunes-de-2025\/","og_site_name":"Universo Fam\u00edlia","article_published_time":"2025-12-26T15:09:03+00:00","article_modified_time":"2025-12-26T15:09:05+00:00","og_image":[{"width":450,"height":250,"url":"https:\/\/universofamilia.com\/wp-content\/uploads\/sites\/148\/2025\/12\/Destaque-Novo-Universo-18-1.jpg","type":"image\/jpeg"}],"author":"Matheus Sangaletti","twitter_card":"summary_large_image","twitter_misc":{"Written by":"Matheus Sangaletti","Est. reading time":"7 minute"},"schema":{"@context":"https:\/\/schema.org","@graph":[{"@type":"WebPage","@id":"https:\/\/universofamilia.com\/sk\/las-preguntas-de-entrevista-mas-comunes-de-2025\/","url":"https:\/\/universofamilia.com\/sk\/las-preguntas-de-entrevista-mas-comunes-de-2025\/","name":"Las preguntas de entrevista m\u00e1s comunes de 2025 - Universo Fam\u00edlia","isPartOf":{"@id":"http:\/\/universofamilia.com\/zh_hk\/#website"},"primaryImageOfPage":{"@id":"https:\/\/universofamilia.com\/sk\/las-preguntas-de-entrevista-mas-comunes-de-2025\/#primaryimage"},"image":{"@id":"https:\/\/universofamilia.com\/sk\/las-preguntas-de-entrevista-mas-comunes-de-2025\/#primaryimage"},"thumbnailUrl":"http:\/\/universofamilia.com\/wp-content\/uploads\/sites\/148\/2025\/12\/Destaque-Novo-Universo-18-1.jpg","datePublished":"2025-12-26T15:09:03+00:00","dateModified":"2025-12-26T15:09:05+00:00","author":{"@id":"http:\/\/universofamilia.com\/zh_hk\/#\/schema\/person\/92fcd07e9b1f4323bf74f3170fc0f78a"},"description":"Las preguntas de entrevista m\u00e1s comunes de 2025 reflejan un mercado laboral m\u00e1s digital, humano y estrat\u00e9gico que nunca.","breadcrumb":{"@id":"https:\/\/universofamilia.com\/sk\/las-preguntas-de-entrevista-mas-comunes-de-2025\/#breadcrumb"},"inLanguage":"ro-RO","potentialAction":[{"@type":"ReadAction","target":["https:\/\/universofamilia.com\/sk\/las-preguntas-de-entrevista-mas-comunes-de-2025\/"]}]},{"@type":"ImageObject","inLanguage":"ro-RO","@id":"https:\/\/universofamilia.com\/sk\/las-preguntas-de-entrevista-mas-comunes-de-2025\/#primaryimage","url":"http:\/\/universofamilia.com\/wp-content\/uploads\/sites\/148\/2025\/12\/Destaque-Novo-Universo-18-1.jpg","contentUrl":"http:\/\/universofamilia.com\/wp-content\/uploads\/sites\/148\/2025\/12\/Destaque-Novo-Universo-18-1.jpg","width":450,"height":250,"caption":"Las preguntas de entrevista m\u00e1s comunes de 2025"},{"@type":"BreadcrumbList","@id":"https:\/\/universofamilia.com\/sk\/las-preguntas-de-entrevista-mas-comunes-de-2025\/#breadcrumb","itemListElement":[{"@type":"ListItem","position":1,"name":"Home","item":"http:\/\/universofamilia.com\/zh_hk\/"},{"@type":"ListItem","position":2,"name":"Las preguntas de entrevista m\u00e1s comunes de 2025"}]},{"@type":"WebSite","@id":"http:\/\/universofamilia.com\/zh_hk\/#website","url":"http:\/\/universofamilia.com\/zh_hk\/","name":"Universo Fam\u00edlia","description":"","potentialAction":[{"@type":"SearchAction","target":{"@type":"EntryPoint","urlTemplate":"http:\/\/universofamilia.com\/zh_hk\/?s={search_term_string}"},"query-input":"required name=search_term_string"}],"inLanguage":"ro-RO"},{"@type":"Person","@id":"http:\/\/universofamilia.com\/zh_hk\/#\/schema\/person\/92fcd07e9b1f4323bf74f3170fc0f78a","name":"Matheus Sangaletti","image":{"@type":"ImageObject","inLanguage":"ro-RO","@id":"http:\/\/universofamilia.com\/zh_hk\/#\/schema\/person\/image\/","url":"http:\/\/2.gravatar.com\/avatar\/280ea957a14a48e6a1ad2133d2cc27c9?s=96&d=mm&r=g","contentUrl":"http:\/\/2.gravatar.com\/avatar\/280ea957a14a48e6a1ad2133d2cc27c9?s=96&d=mm&r=g","caption":"Matheus Sangaletti"},"url":"http:\/\/universofamilia.com\/ro\/author\/matheuss\/"}]}},"_links":{"self":[{"href":"http:\/\/universofamilia.com\/ro\/wp-json\/wp\/v2\/posts\/10464"}],"collection":[{"href":"http:\/\/universofamilia.com\/ro\/wp-json\/wp\/v2\/posts"}],"about":[{"href":"http:\/\/universofamilia.com\/ro\/wp-json\/wp\/v2\/types\/post"}],"author":[{"embeddable":true,"href":"http:\/\/universofamilia.com\/ro\/wp-json\/wp\/v2\/users\/219"}],"replies":[{"embeddable":true,"href":"http:\/\/universofamilia.com\/ro\/wp-json\/wp\/v2\/comments?post=10464"}],"version-history":[{"count":1,"href":"http:\/\/universofamilia.com\/ro\/wp-json\/wp\/v2\/posts\/10464\/revisions"}],"predecessor-version":[{"id":10468,"href":"http:\/\/universofamilia.com\/ro\/wp-json\/wp\/v2\/posts\/10464\/revisions\/10468"}],"wp:featuredmedia":[{"embeddable":true,"href":"http:\/\/universofamilia.com\/ro\/wp-json\/wp\/v2\/media\/10466"}],"wp:attachment":[{"href":"http:\/\/universofamilia.com\/ro\/wp-json\/wp\/v2\/media?parent=10464"}],"wp:term":[{"taxonomy":"category","embeddable":true,"href":"http:\/\/universofamilia.com\/ro\/wp-json\/wp\/v2\/categories?post=10464"},{"taxonomy":"post_tag","embeddable":true,"href":"http:\/\/universofamilia.com\/ro\/wp-json\/wp\/v2\/tags?post=10464"}],"curies":[{"name":"wp","href":"https:\/\/api.w.org\/{rel}","templated":true}]}}