{"id":10479,"date":"2025-12-29T09:09:19","date_gmt":"2025-12-29T12:09:19","guid":{"rendered":"https:\/\/universofamilia.com\/?p=10479"},"modified":"2025-12-29T09:11:25","modified_gmt":"2025-12-29T12:11:25","slug":"la-salud-mental-en-la-mira","status":"publish","type":"post","link":"http:\/\/universofamilia.com\/ro\/la-salud-mental-en-la-mira\/","title":{"rendered":"S\u0103n\u0103tatea mintal\u0103 \u00een centrul aten\u021biei: noua provocare global\u0103 a secolului XXI"},"content":{"rendered":"<p class=\"has-text-align-center\"><strong>S\u0103n\u0103tatea mintal\u0103 \u00een centrul aten\u021biei: noua provocare global\u0103 a secolului XXI.<\/strong> Nu mai este un slogan alarmist \u0219i nici o problem\u0103 exclusiv\u0103 domeniului medical.<\/p>\n\n\n\n<figure class=\"wp-block-gallery has-nested-images columns-default is-cropped wp-block-gallery-1 is-layout-flex wp-block-gallery-is-layout-flex\">\n<figure class=\"wp-block-image size-full\"><img loading=\"lazy\" decoding=\"async\" width=\"450\" height=\"250\" data-id=\"10481\" src=\"https:\/\/universofamilia.com\/wp-content\/uploads\/sites\/148\/2025\/12\/Destaque-Novo-Universo-20-1.jpg\" alt=\"\" class=\"wp-image-10481\" srcset=\"http:\/\/universofamilia.com\/wp-content\/uploads\/sites\/148\/2025\/12\/Destaque-Novo-Universo-20-1.jpg 450w, http:\/\/universofamilia.com\/wp-content\/uploads\/sites\/148\/2025\/12\/Destaque-Novo-Universo-20-1-300x167.jpg 300w, http:\/\/universofamilia.com\/wp-content\/uploads\/sites\/148\/2025\/12\/Destaque-Novo-Universo-20-1-18x10.jpg 18w\" sizes=\"(max-width: 450px) 100vw, 450px\" \/><figcaption class=\"wp-element-caption\">S\u0103n\u0103tatea mintal\u0103 \u00een centrul aten\u021biei: noua provocare global\u0103 a secolului XXI.<\/figcaption><\/figure>\n<\/figure>\n\n\n\n<p class=\"has-text-align-center\">A devenit o prioritate social\u0103, economic\u0103 \u0219i politic\u0103 ce transcende epoci, profesii \u0219i culturi.<\/p>\n\n\n\n<p class=\"has-text-align-center\">\u00cen 2025, a vorbi despre bun\u0103stare emo\u021bional\u0103 \u00eenseamn\u0103 a vorbi despre productivitate, rela\u021bii, educa\u021bie, tehnologie \u0219i calitatea vie\u021bii.<\/p>\n\n\n\n<p>\u00cenainte de a intra \u00een detalii, merit\u0103 s\u0103 trecem \u00een revist\u0103 un scurt rezumat: de ce s\u0103n\u0103tatea mintal\u0103 se afl\u0103 \u00een centrul dezbaterii globale de ast\u0103zi, ce factori explic\u0103 deteriorarea acesteia \u0219i cum influen\u021beaz\u0103 economia \u0219i via\u021ba de zi cu zi.<\/p>\n\n\n\n<p>O statistic\u0103 cheie sus\u021binut\u0103 de organiza\u021bii interna\u021bionale, dou\u0103 exemple din lumea real\u0103, o analogie revelatoare, un tabel cu provoc\u0103rile actuale \u0219i o sec\u021biune de \u00eentreb\u0103ri frecvente.<\/p>\n\n\n\n<h2 class=\"wp-block-heading\"><strong>De ce s\u0103n\u0103tatea mintal\u0103 a ajuns \u00een centrul conversa\u021biei globale<\/strong><\/h2>\n\n\n\n<p>Timp de decenii, bun\u0103starea psihologic\u0103 a fost relegat\u0103 pe plan secund. Cu toate acestea, schimb\u0103rile rapide ale secolului XXI ne-au obligat s\u0103 ne confrunt\u0103m cu o problem\u0103 care cre\u0219tea \u00een t\u0103cere.<\/p>\n\n\n\n<p>Ritmurile intense de munc\u0103, hiperconectivitatea, incertitudinea economic\u0103 \u0219i transform\u0103rile sociale profunde au creat un teren fertil complex.<\/p>\n\n\n\n<p>\u00cen acest context, <strong>S\u0103n\u0103tatea mintal\u0103 \u00een centrul aten\u021biei: noua provocare global\u0103 a secolului XXI.<\/strong> A \u00eencetat s\u0103 mai fie o expresie academic\u0103 \u0219i a devenit o realitate cotidian\u0103.<\/p>\n\n\n\n<p>Ast\u0103zi, guvernele, companiile \u0219i sistemele de \u00eenv\u0103\u021b\u0103m\u00e2nt recunosc c\u0103 ignorarea acestui aspect are consecin\u021be tangibile \u0219i costisitoare.<\/p>\n\n\n\n<h2 class=\"wp-block-heading\"><strong>O problem\u0103 care nu cunoa\u0219te grani\u021be sau epoci<\/strong><\/h2>\n\n\n\n<p>S\u0103n\u0103tatea mintal\u0103 nu afecteaz\u0103 doar anumite \u021b\u0103ri sau grupuri sociale.<\/p>\n\n\n\n<p>Acesta este un fenomen r\u0103sp\u00e2ndit. Tinerii, adul\u021bii \u0219i persoanele \u00een v\u00e2rst\u0103 se confrunt\u0103 cu niveluri tot mai mari de stres, anxietate \u0219i epuizare emo\u021bional\u0103.<\/p>\n\n\n\n<p>Conform datelor de la <strong>Organiza\u021bia Mondial\u0103 a S\u0103n\u0103t\u0103\u021bii (OMS)<\/strong>, aproximativ <strong>1 din 8 persoane din \u00eentreaga lume tr\u0103ie\u0219te cu o form\u0103 de tulburare mintal\u0103<\/strong>Aceast\u0103 cifr\u0103 reflect\u0103 magnitudinea provoc\u0103rii \u0219i impactul direct al acesteia asupra sistemelor de s\u0103n\u0103tate \u0219i a economiei globale.<\/p>\n\n\n\n<p>Aceste date, actualizate \u00een rapoarte recente ale agen\u021biei, confirm\u0103 c\u0103 nu este vorba de cazuri izolate, ci de o problem\u0103 structural\u0103.<\/p>\n\n\n\n<h2 class=\"wp-block-heading\"><strong>Impactul silen\u021bios asupra economiei \u0219i muncii<\/strong><\/h2>\n\n\n\n<p>Dincolo de suferin\u021ba individual\u0103, afectarea s\u0103n\u0103t\u0103\u021bii mintale afecteaz\u0103 productivitatea, cre\u0219te absenteismul \u0219i cre\u0219te costurile asisten\u021bei medicale.<\/p>\n\n\n\n<p>Companiile au \u00eenceput s\u0103 \u00een\u021beleag\u0103 c\u0103 grija pentru bun\u0103starea emo\u021bional\u0103 nu este un beneficiu suplimentar, ci o investi\u021bie strategic\u0103.<\/p>\n\n\n\n<p>P\u00e2n\u0103 \u00een 2025, multe organiza\u021bii vor integra programe de sprijin psihologic, programe de lucru flexibile \u0219i politici de deconectare digital\u0103.<\/p>\n\n\n\n<p>Ei fac asta nu doar din responsabilitate social\u0103, ci pentru c\u0103 rezultatele arat\u0103 \u00eembun\u0103t\u0103\u021biri clare ale performan\u021bei \u0219i angajamentului.<\/p>\n\n\n\n<h2 class=\"wp-block-heading\"><strong>Tehnologia: at\u00e2t aliat, c\u00e2t \u0219i risc<\/strong><\/h2>\n\n\n\n<p>Tehnologia joac\u0103 un rol ambivalent. Pe de o parte, faciliteaz\u0103 accesul la informa\u021bii, terapii online \u0219i comunit\u0103\u021bi de sprijin.<\/p>\n\n\n\n<p>Pe de alt\u0103 parte, intensific\u0103 compararea social\u0103, supraexpunerea \u0219i dificultatea deconect\u0103rii.<\/p>\n\n\n\n<p>Provocarea const\u0103 \u00een utilizarea cu \u00een\u021belepciune a instrumentelor digitale.<\/p>\n\n\n\n<p>Cheia nu este s\u0103 demoniz\u0103m tehnologia, ci s\u0103 stabilim limite s\u0103n\u0103toase care s\u0103 ne permit\u0103 s\u0103 profit\u0103m de beneficiile ei f\u0103r\u0103 a sacrifica echilibrul emo\u021bional.<\/p>\n\n\n\n<h2 class=\"wp-block-heading\"><strong>Educa\u021bia emo\u021bional\u0103: o datorie istoric\u0103<\/strong><\/h2>\n\n\n\n<p>Ani de zile, sistemele educa\u021bionale au prioritizat con\u021binutul academic, neglij\u00e2nd abilit\u0103\u021bile emo\u021bionale de baz\u0103. Ast\u0103zi, aceast\u0103 omisiune \u00ee\u0219i pune amprenta.<\/p>\n\n\n\n<p>Alfabetizarea emo\u021bional\u0103 devine o nevoie urgent\u0103.<\/p>\n\n\n\n<p>Incorporarea gestion\u0103rii stresului, a empatiei \u0219i a con\u0219tientiz\u0103rii de sine de la o v\u00e2rst\u0103 fraged\u0103 nu numai c\u0103 previne viitoarele tulbur\u0103ri, dar creeaz\u0103 \u0219i cet\u0103\u021beni mai rezisten\u021bi \u0219i mai con\u0219tien\u021bi.<\/p>\n\n\n\n<h3 class=\"wp-block-heading\"><strong>Exemplul 1<\/strong><\/h3>\n\n\n\n<p>O \u0219coal\u0103 public\u0103 din America Latin\u0103 a integrat ateliere s\u0103pt\u0103m\u00e2nale de educa\u021bie emo\u021bional\u0103.<\/p>\n\n\n\n<p>\u00cen mai pu\u021bin de un an, conflictele dintre elevi s-au diminuat, iar performan\u021ba academic\u0103 general\u0103 s-a \u00eembun\u0103t\u0103\u021bit, conform rapoartelor interne ale centrului educa\u021bional.<\/p>\n\n\n\n<h2 class=\"wp-block-heading\"><strong>Stigma: cel mai persistent du\u0219man<\/strong><\/h2>\n\n\n\n<p>De\u0219i discursul s-a schimbat, stigmatul r\u0103m\u00e2ne. Mul\u021bi oameni evit\u0103 s\u0103 cear\u0103 ajutor de teama judec\u0103\u021bii sociale sau profesionale.<\/p>\n\n\n\n<p>Aceast\u0103 t\u0103cere agraveaz\u0103 simptomele \u0219i \u00eent\u00e2rzie tratamentele eficiente.<\/p>\n\n\n\n<p>Vizibilitatea s\u0103n\u0103t\u0103\u021bii mintale ca parte integrant\u0103 a s\u0103n\u0103t\u0103\u021bii generale este esen\u021bial\u0103. Normalizarea conversa\u021biei economise\u0219te timp, resurse \u0219i, \u00een unele cazuri, vie\u021bi.<\/p>\n\n\n\n<h2 class=\"wp-block-heading\"><strong>Analogia care ajut\u0103 la \u00een\u021belegerea urgen\u021bei<\/strong><\/h2>\n\n\n\n<p>Grija fa\u021b\u0103 de s\u0103n\u0103tatea ta mintal\u0103 este similar\u0103 cu <strong>\u00eentre\u021binerea sistemului de operare al unui dispozitiv<\/strong>.<\/p>\n\n\n\n<p>Po\u021bi avea cel mai bun hardware, dar dac\u0103 software-ul cedeaz\u0103, \u00eentregul sistem devine lent, instabil \u0219i vulnerabil. Ignorarea semnelor de avertizare nu face dec\u00e2t s\u0103 \u00eenr\u0103ut\u0103\u021beasc\u0103 performan\u021ba general\u0103.<\/p>\n\n\n\n<h2 class=\"wp-block-heading\"><strong>Politici publice \u0219i responsabilitate colectiv\u0103<\/strong><\/h2>\n\n\n\n<p>Guvernele se confrunt\u0103 cu provocarea de a concepe politici cuprinz\u0103toare, accesibile \u0219i sustenabile.<\/p>\n\n\n\n<p>Simpla cre\u0219tere a bugetelor nu este suficient\u0103; este necesar\u0103 coordonarea dintre s\u0103n\u0103tate, educa\u021bie, for\u021b\u0103 de munc\u0103 \u0219i dezvoltare social\u0103.<\/p>\n\n\n\n<p>\u00cen acela\u0219i timp, responsabilitatea nu revine exclusiv institu\u021biilor.<\/p>\n\n\n\n<p>Comunit\u0103\u021bile, familiile \u0219i mediile de munc\u0103 joac\u0103 un rol fundamental \u00een prevenire \u0219i sprijin.<\/p>\n\n\n\n<h2 class=\"wp-block-heading\"><strong>Tabel: Principalele provoc\u0103ri actuale \u00een domeniul s\u0103n\u0103t\u0103\u021bii mintale<\/strong><\/h2>\n\n\n\n<figure class=\"wp-block-table\"><table><thead><tr><th>Provocare global\u0103<\/th><th>Impactul principal<\/th><\/tr><\/thead><tbody><tr><td>Stresul cronic la locul de munc\u0103<\/td><td>Epuizare profesional\u0103 \u0219i productivitate sc\u0103zut\u0103<\/td><\/tr><tr><td>Stigmatizarea social\u0103<\/td><td>Lipsa diagnosticului precoce<\/td><\/tr><tr><td>Acces limitat la \u00eengrijire<\/td><td>Lacune \u00een s\u0103n\u0103tatea public\u0103<\/td><\/tr><tr><td>Utilizarea excesiv\u0103 a tehnologiei<\/td><td>Anxietate \u0219i deconectare emo\u021bional\u0103<\/td><\/tr><tr><td>Lipsa educa\u021biei emo\u021bionale<\/td><td>Rezilien\u021b\u0103 social\u0103 mai sc\u0103zut\u0103<\/td><\/tr><\/tbody><\/table><figcaption class=\"wp-element-caption\">S\u0103n\u0103tatea mintal\u0103 \u00een centrul aten\u021biei: noua provocare global\u0103 a secolului XXI.<\/figcaption><\/figure>\n\n\n\n<figure class=\"wp-block-gallery has-nested-images columns-default is-cropped wp-block-gallery-2 is-layout-flex wp-block-gallery-is-layout-flex\">\n<figure class=\"wp-block-image size-full\"><img loading=\"lazy\" decoding=\"async\" width=\"450\" height=\"250\" data-id=\"10482\" src=\"https:\/\/universofamilia.com\/wp-content\/uploads\/sites\/148\/2025\/12\/Destaque-Novo-Universo-21.jpg\" alt=\"\" class=\"wp-image-10482\" srcset=\"http:\/\/universofamilia.com\/wp-content\/uploads\/sites\/148\/2025\/12\/Destaque-Novo-Universo-21.jpg 450w, http:\/\/universofamilia.com\/wp-content\/uploads\/sites\/148\/2025\/12\/Destaque-Novo-Universo-21-300x167.jpg 300w, http:\/\/universofamilia.com\/wp-content\/uploads\/sites\/148\/2025\/12\/Destaque-Novo-Universo-21-18x10.jpg 18w\" sizes=\"(max-width: 450px) 100vw, 450px\" \/><figcaption class=\"wp-element-caption\">S\u0103n\u0103tatea mintal\u0103 \u00een centrul aten\u021biei: noua provocare global\u0103 a secolului XXI.<\/figcaption><\/figure>\n<\/figure>\n\n\n\n<p>Cite\u015fte mai mult:\u00a0<a href=\"http:\/\/universofamilia.com\/ro\/descubrimientos-cientificos-que-cambiaran-el-futuro\/\">Descoperiri \u0219tiin\u021bifice care vor schimba viitorul<\/a><\/p>\n\n\n\n<h2 class=\"wp-block-heading\"><strong>Importan\u021ba vorbirii, ascult\u0103rii \u0219i ac\u021bion\u0103rii<\/strong><\/h2>\n\n\n\n<p>Crearea de spa\u021bii pentru dialog sincer face o diferen\u021b\u0103 real\u0103. Ascultarea f\u0103r\u0103 judecat\u0103 \u0219i validarea emo\u021biilor consolideaz\u0103 leg\u0103turile \u0219i reduce izolarea.<\/p>\n\n\n\n<p>\u00cen plus, promoveaz\u0103 o cultur\u0103 \u00een care cererea de ajutor nu este perceput\u0103 ca o sl\u0103biciune, ci ca o responsabilitate personal\u0103.<\/p>\n\n\n\n<h3 class=\"wp-block-heading\"><strong>Exemplul 2<\/strong><\/h3>\n\n\n\n<p>O companie de servicii a implementat sesiuni voluntare de suport psihologic.<\/p>\n\n\n\n<p>La \u0219ase luni, echipele au raportat o coeziune mai mare \u0219i o sc\u0103dere a stresului perceput, reflectat\u0103 \u00een evalu\u0103rile interne ale climatului de la locul de munc\u0103.<\/p>\n\n\n\n<h2 class=\"wp-block-heading\"><strong>De ce define\u0219te aceast\u0103 provocare secolul XXI?<\/strong><\/h2>\n\n\n\n<p>Pentru c\u0103 niciodat\u0103 p\u00e2n\u0103 acum omenirea nu a avut at\u00e2tea informa\u021bii \u0219i, \u00een acela\u0219i timp, at\u00e2t de mul\u021bi factori de presiune simultani.<\/p>\n\n\n\n<p>Globalizarea, criza climatic\u0103, schimb\u0103rile tehnologice \u0219i tensiunile geopolitice au un impact direct asupra stabilit\u0103\u021bii emo\u021bionale.<\/p>\n\n\n\n<p>Are sens s\u0103 vorbim despre progres dac\u0103 bun\u0103starea psihologic\u0103 a oamenilor este neglijat\u0103?<\/p>\n\n\n\n<h2 class=\"wp-block-heading\"><strong>Privind spre viitor cu responsabilitate<\/strong><\/h2>\n\n\n\n<p>\u00cen 2025, <strong>S\u0103n\u0103tatea mintal\u0103 \u00een centrul aten\u021biei: noua provocare global\u0103 a secolului XXI.<\/strong> Necesit\u0103 ac\u021biuni concrete, nu doar discursuri.<\/p>\n\n\n\n<p>Investi\u021biile \u00een preven\u021bie, educa\u021bie \u0219i acces la tratament sunt la fel de importante ca orice infrastructur\u0103 fizic\u0103.<\/p>\n\n\n\n<p>Viitorul va depinde de capacitatea colectiv\u0103 de a recunoa\u0219te c\u0103 s\u0103n\u0103tatea mintal\u0103 nu este un lux, ci un pilon al dezvolt\u0103rii durabile.<\/p>\n\n\n\n<h2 class=\"wp-block-heading\"><strong>Concluzie<\/strong><\/h2>\n\n\n\n<p>S\u0103n\u0103tatea mintal\u0103 define\u0219te modul \u00een care muncim, \u00eenv\u0103\u021b\u0103m, ne rela\u021bion\u0103m cu ceilal\u021bi \u0219i planific\u0103m viitorul. Ignorarea acesteia \u00eenseamn\u0103 costuri umane \u0219i economice din ce \u00een ce mai mari.<\/p>\n\n\n\n<p>\u00cen schimb, abordarea acesteia cu seriozitate, empatie \u0219i strategie deschide u\u0219a c\u0103tre societ\u0103\u021bi mai echilibrate \u0219i mai rezistente.<\/p>\n\n\n\n<p>Provocarea a fost lansat\u0103. \u00centrebarea nu mai este dac\u0103 ar trebui s\u0103 ac\u021bion\u0103m, ci cum \u0219i cu ce urgen\u021b\u0103.<\/p>\n\n\n\n<p>Cite\u015fte mai mult:\u00a0<a href=\"http:\/\/universofamilia.com\/ro\/el-crecimiento-del-comercio-electronico-mundial-en-2025\/\">Cre\u0219terea comer\u021bului electronic global \u00een 2025<\/a><\/p>\n\n\n\n<h2 class=\"wp-block-heading\"><strong>\u00centreb\u0103ri frecvente<\/strong><\/h2>\n\n\n\n<p><strong>Este s\u0103n\u0103tatea mintal\u0103 doar o problem\u0103 individual\u0103?<\/strong><br>Nu. Implic\u0103 factori sociali, economici \u0219i culturali care necesit\u0103 r\u0103spunsuri colective.<\/p>\n\n\n\n<p><strong>Este \u00eenc\u0103 dezaprobat\u0103 cererea de ajutor psihologic?<\/strong><br>Stigmatul a sc\u0103zut, dar \u00eenc\u0103 persist\u0103 \u00een anumite cercuri. A vorbi deschis despre asta ajut\u0103 la schimbarea acestei percep\u021bii.<\/p>\n\n\n\n<p><strong>Tehnologia \u00eenr\u0103ut\u0103\u021be\u0219te s\u0103n\u0103tatea mintal\u0103?<\/strong><br>Depinde de utilizare. Poate fi un instrument de sprijin sau un factor de risc dac\u0103 nu este reglementat.<\/p>\n\n\n\n<p><strong>Ar trebui companiile s\u0103 se implice \u00een aceast\u0103 problem\u0103?<\/strong><br>Da. Bun\u0103starea emo\u021bional\u0103 influen\u021beaz\u0103 direct performan\u021ba \u0219i sustenabilitatea organiza\u021biei.<\/p>\n\n\n\n<p><strong>Chiar func\u021bioneaz\u0103 preven\u021bia?<\/strong><br>Diverse programe arat\u0103 c\u0103 educa\u021bia emo\u021bional\u0103 \u0219i detectarea timpurie reduc problemele pe termen lung.<\/p>\n\n\n\n<p>Abordarea s\u0103n\u0103t\u0103\u021bii mintale cu seriozitate \u0219i umanitate nu numai c\u0103 \u00eembun\u0103t\u0103\u021be\u0219te via\u021ba individual\u0103; ea redefine\u0219te cursul secolului XXI.<\/p>","protected":false},"excerpt":{"rendered":"<p>S\u0103n\u0103tatea mintal\u0103 \u00een centrul aten\u021biei: noua provocare global\u0103 a secolului XXI. Nu mai este un slogan alarmist sau o problem\u0103 exclusiv\u0103 domeniului medical. A devenit o prioritate social\u0103, economic\u0103 \u0219i politic\u0103 ce transcende epocile, profesiile \u0219i culturile. \u00cen 2025, a vorbi despre bun\u0103stare emo\u021bional\u0103 \u00eenseamn\u0103 a vorbi despre productivitate, rela\u021bii, educa\u021bie, tehnologie \u0219i [\u2026]<\/p>","protected":false},"author":219,"featured_media":10480,"comment_status":"closed","ping_status":"open","sticky":false,"template":"","format":"standard","meta":{"footnotes":""},"categories":[4],"tags":[],"yoast_head":"<!-- This site is optimized with the Yoast SEO plugin v23.3 - https:\/\/yoast.com\/wordpress\/plugins\/seo\/ -->\n<title>La salud mental en la mira: el nuevo desaf\u00edo global del siglo XXI - Universo Fam\u00edlia<\/title>\n<meta name=\"description\" content=\"La salud mental en la mira: el nuevo desaf\u00edo global del siglo XXI. ya no es una consigna alarmista ni un tema exclusivo del \u00e1mbito m\u00e9dico.\" \/>\n<meta name=\"robots\" content=\"index, follow, max-snippet:-1, max-image-preview:large, max-video-preview:-1\" \/>\n<link rel=\"canonical\" href=\"https:\/\/universofamilia.com\/ro\/la-salud-mental-en-la-mira\/\" \/>\n<meta property=\"og:locale\" content=\"ro_RO\" \/>\n<meta property=\"og:type\" content=\"article\" \/>\n<meta property=\"og:title\" content=\"La salud mental en la mira: el nuevo desaf\u00edo global del siglo XXI - Universo Fam\u00edlia\" \/>\n<meta property=\"og:description\" content=\"La salud mental en la mira: el nuevo desaf\u00edo global del siglo XXI. ya no es una consigna alarmista ni un tema exclusivo del \u00e1mbito m\u00e9dico.\" \/>\n<meta property=\"og:url\" content=\"https:\/\/universofamilia.com\/ro\/la-salud-mental-en-la-mira\/\" \/>\n<meta property=\"og:site_name\" content=\"Universo Fam\u00edlia\" \/>\n<meta property=\"article:published_time\" content=\"2025-12-29T12:09:19+00:00\" \/>\n<meta property=\"article:modified_time\" content=\"2025-12-29T12:11:25+00:00\" \/>\n<meta property=\"og:image\" content=\"https:\/\/universofamilia.com\/wp-content\/uploads\/sites\/148\/2025\/12\/Destaque-Novo-Universo-20.jpg\" \/>\n\t<meta property=\"og:image:width\" content=\"450\" \/>\n\t<meta property=\"og:image:height\" content=\"250\" \/>\n\t<meta property=\"og:image:type\" content=\"image\/jpeg\" \/>\n<meta name=\"author\" content=\"Matheus Sangaletti\" \/>\n<meta name=\"twitter:card\" content=\"summary_large_image\" \/>\n<meta name=\"twitter:label1\" content=\"Written by\" \/>\n\t<meta name=\"twitter:data1\" content=\"Matheus Sangaletti\" \/>\n\t<meta name=\"twitter:label2\" content=\"Est. reading time\" \/>\n\t<meta name=\"twitter:data2\" content=\"1 minut\" \/>\n<script type=\"application\/ld+json\" class=\"yoast-schema-graph\">{\"@context\":\"https:\/\/schema.org\",\"@graph\":[{\"@type\":\"WebPage\",\"@id\":\"https:\/\/universofamilia.com\/sr\/la-salud-mental-en-la-mira\/\",\"url\":\"https:\/\/universofamilia.com\/sr\/la-salud-mental-en-la-mira\/\",\"name\":\"La salud mental en la mira: el nuevo desaf\u00edo global del siglo XXI - Universo Fam\u00edlia\",\"isPartOf\":{\"@id\":\"https:\/\/universofamilia.com\/el\/#website\"},\"primaryImageOfPage\":{\"@id\":\"https:\/\/universofamilia.com\/sr\/la-salud-mental-en-la-mira\/#primaryimage\"},\"image\":{\"@id\":\"https:\/\/universofamilia.com\/sr\/la-salud-mental-en-la-mira\/#primaryimage\"},\"thumbnailUrl\":\"http:\/\/universofamilia.com\/wp-content\/uploads\/sites\/148\/2025\/12\/Destaque-Novo-Universo-20.jpg\",\"datePublished\":\"2025-12-29T12:09:19+00:00\",\"dateModified\":\"2025-12-29T12:11:25+00:00\",\"author\":{\"@id\":\"https:\/\/universofamilia.com\/el\/#\/schema\/person\/92fcd07e9b1f4323bf74f3170fc0f78a\"},\"description\":\"La salud mental en la mira: el nuevo desaf\u00edo global del siglo XXI. ya no es una consigna alarmista ni un tema exclusivo del \u00e1mbito m\u00e9dico.\",\"breadcrumb\":{\"@id\":\"https:\/\/universofamilia.com\/sr\/la-salud-mental-en-la-mira\/#breadcrumb\"},\"inLanguage\":\"ro-RO\",\"potentialAction\":[{\"@type\":\"ReadAction\",\"target\":[\"https:\/\/universofamilia.com\/sr\/la-salud-mental-en-la-mira\/\"]}]},{\"@type\":\"ImageObject\",\"inLanguage\":\"ro-RO\",\"@id\":\"https:\/\/universofamilia.com\/sr\/la-salud-mental-en-la-mira\/#primaryimage\",\"url\":\"http:\/\/universofamilia.com\/wp-content\/uploads\/sites\/148\/2025\/12\/Destaque-Novo-Universo-20.jpg\",\"contentUrl\":\"http:\/\/universofamilia.com\/wp-content\/uploads\/sites\/148\/2025\/12\/Destaque-Novo-Universo-20.jpg\",\"width\":450,\"height\":250,\"caption\":\"La salud mental en la mira: el nuevo desaf\u00edo global del siglo XXI.\"},{\"@type\":\"BreadcrumbList\",\"@id\":\"https:\/\/universofamilia.com\/sr\/la-salud-mental-en-la-mira\/#breadcrumb\",\"itemListElement\":[{\"@type\":\"ListItem\",\"position\":1,\"name\":\"Home\",\"item\":\"https:\/\/universofamilia.com\/el\/\"},{\"@type\":\"ListItem\",\"position\":2,\"name\":\"La salud mental en la mira: el nuevo desaf\u00edo global del siglo XXI\"}]},{\"@type\":\"WebSite\",\"@id\":\"https:\/\/universofamilia.com\/el\/#website\",\"url\":\"https:\/\/universofamilia.com\/el\/\",\"name\":\"Universo Fam\u00edlia\",\"description\":\"\",\"potentialAction\":[{\"@type\":\"SearchAction\",\"target\":{\"@type\":\"EntryPoint\",\"urlTemplate\":\"https:\/\/universofamilia.com\/el\/?s={search_term_string}\"},\"query-input\":\"required name=search_term_string\"}],\"inLanguage\":\"ro-RO\"},{\"@type\":\"Person\",\"@id\":\"https:\/\/universofamilia.com\/el\/#\/schema\/person\/92fcd07e9b1f4323bf74f3170fc0f78a\",\"name\":\"Matheus Sangaletti\",\"image\":{\"@type\":\"ImageObject\",\"inLanguage\":\"ro-RO\",\"@id\":\"https:\/\/universofamilia.com\/el\/#\/schema\/person\/image\/\",\"url\":\"http:\/\/2.gravatar.com\/avatar\/280ea957a14a48e6a1ad2133d2cc27c9?s=96&d=mm&r=g\",\"contentUrl\":\"http:\/\/2.gravatar.com\/avatar\/280ea957a14a48e6a1ad2133d2cc27c9?s=96&d=mm&r=g\",\"caption\":\"Matheus Sangaletti\"},\"url\":\"http:\/\/universofamilia.com\/ro\/author\/matheuss\/\"}]}<\/script>\n<!-- \/ Yoast SEO plugin. -->","yoast_head_json":{"title":"La salud mental en la mira: el nuevo desaf\u00edo global del siglo XXI - Universo Fam\u00edlia","description":"La salud mental en la mira: el nuevo desaf\u00edo global del siglo XXI. ya no es una consigna alarmista ni un tema exclusivo del \u00e1mbito m\u00e9dico.","robots":{"index":"index","follow":"follow","max-snippet":"max-snippet:-1","max-image-preview":"max-image-preview:large","max-video-preview":"max-video-preview:-1"},"canonical":"https:\/\/universofamilia.com\/ro\/la-salud-mental-en-la-mira\/","og_locale":"ro_RO","og_type":"article","og_title":"La salud mental en la mira: el nuevo desaf\u00edo global del siglo XXI - Universo Fam\u00edlia","og_description":"La salud mental en la mira: el nuevo desaf\u00edo global del siglo XXI. ya no es una consigna alarmista ni un tema exclusivo del \u00e1mbito m\u00e9dico.","og_url":"https:\/\/universofamilia.com\/ro\/la-salud-mental-en-la-mira\/","og_site_name":"Universo Fam\u00edlia","article_published_time":"2025-12-29T12:09:19+00:00","article_modified_time":"2025-12-29T12:11:25+00:00","og_image":[{"width":450,"height":250,"url":"https:\/\/universofamilia.com\/wp-content\/uploads\/sites\/148\/2025\/12\/Destaque-Novo-Universo-20.jpg","type":"image\/jpeg"}],"author":"Matheus Sangaletti","twitter_card":"summary_large_image","twitter_misc":{"Written by":"Matheus Sangaletti","Est. reading time":"1 minut"},"schema":{"@context":"https:\/\/schema.org","@graph":[{"@type":"WebPage","@id":"https:\/\/universofamilia.com\/sr\/la-salud-mental-en-la-mira\/","url":"https:\/\/universofamilia.com\/sr\/la-salud-mental-en-la-mira\/","name":"La salud mental en la mira: el nuevo desaf\u00edo global del siglo XXI - Universo Fam\u00edlia","isPartOf":{"@id":"https:\/\/universofamilia.com\/el\/#website"},"primaryImageOfPage":{"@id":"https:\/\/universofamilia.com\/sr\/la-salud-mental-en-la-mira\/#primaryimage"},"image":{"@id":"https:\/\/universofamilia.com\/sr\/la-salud-mental-en-la-mira\/#primaryimage"},"thumbnailUrl":"http:\/\/universofamilia.com\/wp-content\/uploads\/sites\/148\/2025\/12\/Destaque-Novo-Universo-20.jpg","datePublished":"2025-12-29T12:09:19+00:00","dateModified":"2025-12-29T12:11:25+00:00","author":{"@id":"https:\/\/universofamilia.com\/el\/#\/schema\/person\/92fcd07e9b1f4323bf74f3170fc0f78a"},"description":"La salud mental en la mira: el nuevo desaf\u00edo global del siglo XXI. ya no es una consigna alarmista ni un tema exclusivo del \u00e1mbito m\u00e9dico.","breadcrumb":{"@id":"https:\/\/universofamilia.com\/sr\/la-salud-mental-en-la-mira\/#breadcrumb"},"inLanguage":"ro-RO","potentialAction":[{"@type":"ReadAction","target":["https:\/\/universofamilia.com\/sr\/la-salud-mental-en-la-mira\/"]}]},{"@type":"ImageObject","inLanguage":"ro-RO","@id":"https:\/\/universofamilia.com\/sr\/la-salud-mental-en-la-mira\/#primaryimage","url":"http:\/\/universofamilia.com\/wp-content\/uploads\/sites\/148\/2025\/12\/Destaque-Novo-Universo-20.jpg","contentUrl":"http:\/\/universofamilia.com\/wp-content\/uploads\/sites\/148\/2025\/12\/Destaque-Novo-Universo-20.jpg","width":450,"height":250,"caption":"La salud mental en la mira: el nuevo desaf\u00edo global del siglo XXI."},{"@type":"BreadcrumbList","@id":"https:\/\/universofamilia.com\/sr\/la-salud-mental-en-la-mira\/#breadcrumb","itemListElement":[{"@type":"ListItem","position":1,"name":"Home","item":"https:\/\/universofamilia.com\/el\/"},{"@type":"ListItem","position":2,"name":"La salud mental en la mira: el nuevo desaf\u00edo global del siglo XXI"}]},{"@type":"WebSite","@id":"https:\/\/universofamilia.com\/el\/#website","url":"https:\/\/universofamilia.com\/el\/","name":"Universo Fam\u00edlia","description":"","potentialAction":[{"@type":"SearchAction","target":{"@type":"EntryPoint","urlTemplate":"https:\/\/universofamilia.com\/el\/?s={search_term_string}"},"query-input":"required name=search_term_string"}],"inLanguage":"ro-RO"},{"@type":"Person","@id":"https:\/\/universofamilia.com\/el\/#\/schema\/person\/92fcd07e9b1f4323bf74f3170fc0f78a","name":"Matheus Sangaletti","image":{"@type":"ImageObject","inLanguage":"ro-RO","@id":"https:\/\/universofamilia.com\/el\/#\/schema\/person\/image\/","url":"http:\/\/2.gravatar.com\/avatar\/280ea957a14a48e6a1ad2133d2cc27c9?s=96&d=mm&r=g","contentUrl":"http:\/\/2.gravatar.com\/avatar\/280ea957a14a48e6a1ad2133d2cc27c9?s=96&d=mm&r=g","caption":"Matheus Sangaletti"},"url":"http:\/\/universofamilia.com\/ro\/author\/matheuss\/"}]}},"_links":{"self":[{"href":"http:\/\/universofamilia.com\/ro\/wp-json\/wp\/v2\/posts\/10479"}],"collection":[{"href":"http:\/\/universofamilia.com\/ro\/wp-json\/wp\/v2\/posts"}],"about":[{"href":"http:\/\/universofamilia.com\/ro\/wp-json\/wp\/v2\/types\/post"}],"author":[{"embeddable":true,"href":"http:\/\/universofamilia.com\/ro\/wp-json\/wp\/v2\/users\/219"}],"replies":[{"embeddable":true,"href":"http:\/\/universofamilia.com\/ro\/wp-json\/wp\/v2\/comments?post=10479"}],"version-history":[{"count":2,"href":"http:\/\/universofamilia.com\/ro\/wp-json\/wp\/v2\/posts\/10479\/revisions"}],"predecessor-version":[{"id":10484,"href":"http:\/\/universofamilia.com\/ro\/wp-json\/wp\/v2\/posts\/10479\/revisions\/10484"}],"wp:featuredmedia":[{"embeddable":true,"href":"http:\/\/universofamilia.com\/ro\/wp-json\/wp\/v2\/media\/10480"}],"wp:attachment":[{"href":"http:\/\/universofamilia.com\/ro\/wp-json\/wp\/v2\/media?parent=10479"}],"wp:term":[{"taxonomy":"category","embeddable":true,"href":"http:\/\/universofamilia.com\/ro\/wp-json\/wp\/v2\/categories?post=10479"},{"taxonomy":"post_tag","embeddable":true,"href":"http:\/\/universofamilia.com\/ro\/wp-json\/wp\/v2\/tags?post=10479"}],"curies":[{"name":"wp","href":"https:\/\/api.w.org\/{rel}","templated":true}]}}