{"id":1683,"date":"2023-05-24T20:19:32","date_gmt":"2023-05-24T20:19:32","guid":{"rendered":"https:\/\/universofamilia.com\/?p=1683"},"modified":"2023-05-24T20:19:32","modified_gmt":"2023-05-24T20:19:32","slug":"dicas-praticas-para-noites-tranquilas","status":"publish","type":"post","link":"http:\/\/universofamilia.com\/ro\/dicas-praticas-para-noites-tranquilas\/","title":{"rendered":"Sfaturi practice pentru nop\u021bi lini\u0219tite"},"content":{"rendered":"<p>Crearea unei rutine potrivite pentru copiii bebelu\u0219ului t\u0103u este esen\u021bial\u0103 pentru a asigura nop\u021bi lini\u0219tite \u00eentregii familii. O calitate bun\u0103 a sunetului este crucial\u0103 pentru dezvoltarea s\u0103n\u0103toas\u0103 a bebelu\u0219ilor, pe l\u00e2ng\u0103 faptul c\u0103 ofer\u0103 odihna necesar\u0103 \u021b\u0103rii.<\/p>\n\n\n\n<p>\u00cen acest articol, vom \u00eemp\u0103rt\u0103\u0219i sfaturi practice pentru a stabili o rutin\u0103 ideal\u0103 pentru sunetul bebelu\u0219ului t\u0103u, asigur\u00e2ndu-ne c\u0103 acesta are un sunet calm \u0219i odihnitor.<\/p>\n\n\n\n<h3 class=\"wp-block-heading\">Vezi \u0219i:<\/h3>\n\n\n\n<p><a href=\"http:\/\/universofamilia.com\/ro\/rotina-ideal-para-a-familia-dormir-bem\/\" target=\"_blank\" rel=\"noreferrer noopener\">Rotina Ideal pentru ca familia s\u0103 doarm\u0103 bine<\/a><\/p>\n\n\n\n<p><a href=\"http:\/\/universofamilia.com\/ro\/muco-nas-fezes-do-bebe-quando-e-normal-e-quando-se-preocupar\/\" target=\"_blank\" rel=\"noreferrer noopener\">Mucozitatea fe\u021belor: c\u00e2nd este normal\u0103 \u0219i c\u00e2nd ar trebui s\u0103 v\u0103 face\u021bi griji?<\/a><\/p>\n\n\n\n<p><a href=\"https:\/\/www.luzbaby.com.br\/\" target=\"_blank\" rel=\"noreferrer noopener\">A Luz Baby este unul dintre cele mai bune magazine de produse pentru sugari. Click aici.<\/a><\/p>\n\n\n\n<h3 class=\"wp-block-heading\">\u00cen\u021belege\u021bi nevoile bebelu\u0219ului dumneavoastr\u0103<\/h3>\n\n\n\n<p>Fiecare bebelu\u0219 este unic, iar \u00een\u021belegerea nevoilor sale individuale este primul pas c\u0103tre stabilirea unei rutine ideale pentru el.<\/p>\n\n\n\n<p>Observa\u021bi tiparele de somn ale bebelu\u0219ului, cum ar fi cantitatea de somn necesar\u0103 \u0219i programele \u00een care este obi\u0219nuit s\u0103 fie mai somnoros.<\/p>\n\n\n\n<p>Acest lucru te va ajuta s\u0103 identifici Janela ideal\u0103 pentru tine, pentru a stabili o rutin\u0103 care s\u0103 se potriveasc\u0103 nevoilor tale individuale.<\/p>\n\n\n\n<h3 class=\"wp-block-heading\">Stabile\u0219te o rutin\u0103 consecvent\u0103<\/h3>\n\n\n\n<p>O rutin\u0103 constant\u0103 este esen\u021bial\u0103 pentru a-l ajuta pe bebelu\u0219 s\u0103 \u00een\u021beleag\u0103 \u0219i s\u0103 se preg\u0103teasc\u0103 pentru ce se \u00eent\u00e2mpl\u0103.<\/p>\n\n\n\n<p>Crea\u021bi o secven\u021b\u0103 de activit\u0103\u021bi relaxante \u00eenainte de a-l pune \u00een pat, cum ar fi o baie de diminea\u021b\u0103, un masaj u\u0219or sau o poveste despre bebelu\u0219i. Face\u021bi \u00eentotdeauna activit\u0103\u021bile \u00een aceea\u0219i ordine \u0219i \u00een acela\u0219i program, deoarece acest lucru \u00eel va ajuta pe bebelu\u0219 s\u0103-i semnaleze c\u0103 este timpul s\u0103 doarm\u0103.<\/p>\n\n\n\n<p>Consecven\u021ba ofer\u0103 siguran\u021b\u0103 \u0219i confort bebelu\u0219ului, facilit\u00e2nd tranzi\u021bia c\u0103tre somn.<\/p>\n\n\n<div class=\"wp-block-image\">\n<figure class=\"aligncenter size-full\"><img loading=\"lazy\" decoding=\"async\" width=\"550\" height=\"350\" src=\"http:\/\/universofamilia.com\/wp-content\/uploads\/sites\/148\/2023\/05\/FOTO-POST-dicas-bebe-dormir-bem-universo-familia-.png\" alt=\"\" class=\"wp-image-1929\" srcset=\"http:\/\/universofamilia.com\/wp-content\/uploads\/sites\/148\/2023\/05\/FOTO-POST-dicas-bebe-dormir-bem-universo-familia-.png 550w, http:\/\/universofamilia.com\/wp-content\/uploads\/sites\/148\/2023\/05\/FOTO-POST-dicas-bebe-dormir-bem-universo-familia--300x191.png 300w\" sizes=\"(max-width: 550px) 100vw, 550px\" \/><\/figure><\/div>\n\n\n<h3 class=\"wp-block-heading\">Creeaz\u0103 un mediu propice pentru fiul t\u0103u<\/h3>\n\n\n\n<p>Un mediu potrivit este esen\u021bial pentru o noapte bun\u0103, plin\u0103 de sunet.<\/p>\n\n\n\n<p>P\u0103stra\u021bi camera bebelu\u0219ului \u00eentunecat\u0103, lini\u0219tit\u0103 \u0219i la o temperatur\u0103 confortabil\u0103. Folosi\u021bi perdele care blocheaz\u0103 lumina, zgomot alb sau muzic\u0103 lini\u0219tit\u0103 pentru a crea un mediu calm.<\/p>\n\n\n\n<p>De asemenea, lua\u021bi \u00een considerare utilizarea unui dispozitiv de monitorizare a sunetului, care poate ajuta la identificarea p\u0103rin\u021bilor \u0219i poate oferi informa\u021bii valoroase despre sunetele bebelu\u0219ului.<\/p>\n\n\n\n<h3 class=\"wp-block-heading\">Evita\u021bi stimulii \u00eenainte de culcare<\/h3>\n\n\n\n<p>Evita\u021bi activit\u0103\u021bile stimulatoare, cum ar fi s\u0103riturile energice sau utilizarea excesiv\u0103 a dispozitivelor electronice, \u00eenainte de culcare. Expunerea la lumina albastr\u0103 a dou\u0103 dispozitive electronice poate interfera cu sunetul bebelu\u0219ului.<\/p>\n\n\n\n<p>\u00cen schimb, opteaz\u0103 pentru activit\u0103\u021bi calme \u0219i relaxante, cum ar fi cititul sau muzica lini\u0219tit\u0103. Acest lucru \u00eel va ajuta pe bebelu\u0219 s\u0103 se calmeze \u0219i s\u0103 se preg\u0103teasc\u0103 pentru somn.<\/p>\n\n\n\n<h3 class=\"wp-block-heading\">Acorda\u021bi aten\u021bie sinusurilor sonore<\/h3>\n\n\n\n<p>Fiecare bebelu\u0219 are simptome individuale de somnolen\u021b\u0103. Acorda\u021bi aten\u021bie ochilor, conturului ochilor sau iritabilit\u0103\u021bii, deoarece acestea sunt semne c\u0103 bebelu\u0219ul este gata s\u0103 doarm\u0103.<\/p>\n\n\n\n<p>Prin identificarea timpurie a acestor sinusuri, pute\u021bi ac\u021biona rapid \u0219i adormi bebelu\u0219ul \u00eenainte s\u0103 oboseasc\u0103 prea tare. Acest lucru va facilita procesul de calmare \u0219i va ajuta la evitarea suprastimul\u0103rii, care poate \u00eengreuna somnul bebelu\u0219ului.<\/p>\n\n\n\n<h3 class=\"wp-block-heading\">Concluzie<\/h3>\n\n\n\n<p>Urm\u0103rirea unei rutine ideale pentru fiul bebelu\u0219ului t\u0103u poate fi o provocare, dar cu r\u0103bdare \u0219i consecven\u021b\u0103, po\u021bi crea un mediu propice odihnei \u0219i po\u021bi garanta nop\u021bi lini\u0219tite pentru \u00eentreaga familie.<\/p>\n\n\n<div class=\"wp-block-image\">\n<figure class=\"aligncenter size-large is-resized\"><img loading=\"lazy\" decoding=\"async\" src=\"https:\/\/universofamilia.com\/wp-content\/uploads\/2023\/05\/A-ROTINA-IDEAL-DO-SONO-PARA-FAMILIA-COM-BEBE-1024x710.jpg\" alt=\"\" class=\"wp-image-1667\" width=\"549\" height=\"381\"\/><\/figure><\/div>\n\n\n<p>Re\u021bine\u021bi c\u0103 fiecare bebelu\u0219 este unic \u0219i este important s\u0103 observa\u021bi \u0219i s\u0103 \u00een\u021belege\u021bi nevoile sale individuale.<\/p>\n\n\n\n<p>Stabile\u0219te o rutin\u0103 constant\u0103, creeaz\u0103 un mediu sonor, evit\u0103 stimulii \u00eenainte de culcare \u0219i acord\u0103 aten\u021bie semnalelor sonore ale bebelu\u0219ului.<\/p>\n\n\n\n<p>Cu aceste instruc\u021biuni practice, vei fi pe calea cea bun\u0103 pentru a stabili o rutin\u0103 ideal\u0103 \u0219i a garanta un sunet calm \u0219i odihnitor pentru bebelu\u0219ul t\u0103u.<\/p>\n\n\n\n<p>A petrece timp \u0219i efort pentru a crea o rutin\u0103 ideal\u0103 pentru fiul bebelu\u0219ului t\u0103u este o investi\u021bie valoroas\u0103.<\/p>\n\n\n\n<p>S\u0103 \u0219tii c\u0103 sunetul potrivit este esen\u021bial pentru cre\u0219terea \u0219i dezvoltarea s\u0103n\u0103toas\u0103 a bebelu\u0219ului t\u0103u, pe l\u00e2ng\u0103 faptul c\u0103 \u00eei ofer\u0103 odihna necesar\u0103 \u021b\u0103rii tale.<\/p>\n\n\n\n<p>Cu tehnicile \u0219i strategiile potrivite, vei fi pe calea cea bun\u0103 pentru a stabili o rutin\u0103 s\u0103n\u0103toas\u0103 care va aduce beneficii pe termen lung \u00eentregii familii.<\/p>\n\n\n\n<p>Sper\u0103m c\u0103 aceste sfaturi v-au fost utile. Numele sunt adaptate nevoilor \u0219i preferin\u021belor individuale ale bebelu\u0219ului dumneavoastr\u0103.<\/p>\n\n\n\n<p>Fiecare familie este unic\u0103 \u0219i este important s\u0103 g\u0103se\u0219ti ceea ce func\u021bioneaz\u0103 cel mai bine pentru tine. Compatibilitate, consecven\u021b\u0103 \u0219i dragoste, vei fi pe calea cea bun\u0103 pentru a cre\u0219te o rutin\u0103 sonor\u0103 ideal\u0103 \u0219i a oferi nop\u021bi calme \u0219i revigorante bebelu\u0219ului t\u0103u.<\/p>","protected":false},"excerpt":{"rendered":"<p>Crearea unei rutine potrivite pentru copiii bebelu\u0219ului dumneavoastr\u0103 este esen\u021bial\u0103 pentru a asigura nop\u021bi lini\u0219tite \u00eentregii familii. O calitate bun\u0103 a sunetului este crucial\u0103 pentru dezvoltarea s\u0103n\u0103toas\u0103 a bebelu\u0219ilor, pe l\u00e2ng\u0103 faptul c\u0103 ofer\u0103 odihna necesar\u0103 \u021b\u0103rii. \u00cen acest articol, vom \u00eemp\u0103rt\u0103\u0219i sfaturi practice pentru a stabili o rutin\u0103 ideal\u0103 pentru fiul bebelu\u0219ului dumneavoastr\u0103, [\u2026]<\/p>","protected":false},"author":0,"featured_media":1930,"comment_status":"closed","ping_status":"open","sticky":false,"template":"","format":"standard","meta":{"footnotes":""},"categories":[5],"tags":[767,774,1438,1498],"yoast_head":"<!-- This site is optimized with the Yoast SEO plugin v23.3 - https:\/\/yoast.com\/wordpress\/plugins\/seo\/ -->\n<title>Dicas pr\u00e1ticas para noites tranquilas - Universo Fam\u00edlia<\/title>\n<meta name=\"description\" content=\"Cada beb\u00ea \u00e9 \u00fanico, e entender suas necessidades individuais \u00e9 o primeiro passo para estabelecer uma rotina ideal para o sono.\" \/>\n<meta name=\"robots\" content=\"index, follow, max-snippet:-1, max-image-preview:large, max-video-preview:-1\" \/>\n<link rel=\"canonical\" href=\"http:\/\/universofamilia.com\/ro\/dicas-praticas-para-noites-tranquilas\/\" \/>\n<meta property=\"og:locale\" content=\"ro_RO\" \/>\n<meta property=\"og:type\" content=\"article\" \/>\n<meta property=\"og:title\" content=\"Dicas pr\u00e1ticas para noites tranquilas - Universo Fam\u00edlia\" \/>\n<meta property=\"og:description\" content=\"Cada beb\u00ea \u00e9 \u00fanico, e entender suas necessidades individuais \u00e9 o primeiro passo para estabelecer uma rotina ideal para o sono.\" \/>\n<meta property=\"og:url\" content=\"http:\/\/universofamilia.com\/ro\/dicas-praticas-para-noites-tranquilas\/\" \/>\n<meta property=\"og:site_name\" content=\"Universo Fam\u00edlia\" \/>\n<meta property=\"article:published_time\" content=\"2023-05-24T20:19:32+00:00\" \/>\n<meta property=\"og:image\" content=\"http:\/\/universofamilia.com\/wp-content\/uploads\/sites\/148\/2023\/05\/FOTO-DESTAQUE-bebe-dormir-bem-universo-familia-448x350-.png\" \/>\n\t<meta property=\"og:image:width\" content=\"448\" \/>\n\t<meta property=\"og:image:height\" content=\"350\" \/>\n\t<meta property=\"og:image:type\" content=\"image\/png\" \/>\n<meta name=\"twitter:card\" content=\"summary_large_image\" \/>\n<meta name=\"twitter:label1\" content=\"Est. reading time\" \/>\n\t<meta name=\"twitter:data1\" content=\"5 minute\" \/>\n<script type=\"application\/ld+json\" class=\"yoast-schema-graph\">{\"@context\":\"https:\/\/schema.org\",\"@graph\":[{\"@type\":\"WebPage\",\"@id\":\"http:\/\/universofamilia.com\/cs\/dicas-praticas-para-noites-tranquilas\/\",\"url\":\"http:\/\/universofamilia.com\/cs\/dicas-praticas-para-noites-tranquilas\/\",\"name\":\"Dicas pr\u00e1ticas para noites tranquilas - Universo Fam\u00edlia\",\"isPartOf\":{\"@id\":\"https:\/\/universofamilia.com\/el\/#website\"},\"primaryImageOfPage\":{\"@id\":\"http:\/\/universofamilia.com\/cs\/dicas-praticas-para-noites-tranquilas\/#primaryimage\"},\"image\":{\"@id\":\"http:\/\/universofamilia.com\/cs\/dicas-praticas-para-noites-tranquilas\/#primaryimage\"},\"thumbnailUrl\":\"http:\/\/universofamilia.com\/wp-content\/uploads\/sites\/148\/2023\/05\/FOTO-DESTAQUE-bebe-dormir-bem-universo-familia-448x350-.png\",\"datePublished\":\"2023-05-24T20:19:32+00:00\",\"dateModified\":\"2023-05-24T20:19:32+00:00\",\"author\":{\"@id\":\"\"},\"description\":\"Cada beb\u00ea \u00e9 \u00fanico, e entender suas necessidades individuais \u00e9 o primeiro passo para estabelecer uma rotina ideal para o sono.\",\"breadcrumb\":{\"@id\":\"http:\/\/universofamilia.com\/cs\/dicas-praticas-para-noites-tranquilas\/#breadcrumb\"},\"inLanguage\":\"ro-RO\",\"potentialAction\":[{\"@type\":\"ReadAction\",\"target\":[\"http:\/\/universofamilia.com\/cs\/dicas-praticas-para-noites-tranquilas\/\"]}]},{\"@type\":\"ImageObject\",\"inLanguage\":\"ro-RO\",\"@id\":\"http:\/\/universofamilia.com\/cs\/dicas-praticas-para-noites-tranquilas\/#primaryimage\",\"url\":\"http:\/\/universofamilia.com\/wp-content\/uploads\/sites\/148\/2023\/05\/FOTO-DESTAQUE-bebe-dormir-bem-universo-familia-448x350-.png\",\"contentUrl\":\"http:\/\/universofamilia.com\/wp-content\/uploads\/sites\/148\/2023\/05\/FOTO-DESTAQUE-bebe-dormir-bem-universo-familia-448x350-.png\",\"width\":448,\"height\":350},{\"@type\":\"BreadcrumbList\",\"@id\":\"http:\/\/universofamilia.com\/cs\/dicas-praticas-para-noites-tranquilas\/#breadcrumb\",\"itemListElement\":[{\"@type\":\"ListItem\",\"position\":1,\"name\":\"Home\",\"item\":\"https:\/\/universofamilia.com\/el\/\"},{\"@type\":\"ListItem\",\"position\":2,\"name\":\"Dicas pr\u00e1ticas para noites tranquilas\"}]},{\"@type\":\"WebSite\",\"@id\":\"https:\/\/universofamilia.com\/el\/#website\",\"url\":\"https:\/\/universofamilia.com\/el\/\",\"name\":\"Universo Fam\u00edlia\",\"description\":\"\",\"potentialAction\":[{\"@type\":\"SearchAction\",\"target\":{\"@type\":\"EntryPoint\",\"urlTemplate\":\"https:\/\/universofamilia.com\/el\/?s={search_term_string}\"},\"query-input\":\"required name=search_term_string\"}],\"inLanguage\":\"ro-RO\"}]}<\/script>\n<!-- \/ Yoast SEO plugin. -->","yoast_head_json":{"title":"Dicas pr\u00e1ticas para noites tranquilas - Universo Fam\u00edlia","description":"Cada beb\u00ea \u00e9 \u00fanico, e entender suas necessidades individuais \u00e9 o primeiro passo para estabelecer uma rotina ideal para o sono.","robots":{"index":"index","follow":"follow","max-snippet":"max-snippet:-1","max-image-preview":"max-image-preview:large","max-video-preview":"max-video-preview:-1"},"canonical":"http:\/\/universofamilia.com\/ro\/dicas-praticas-para-noites-tranquilas\/","og_locale":"ro_RO","og_type":"article","og_title":"Dicas pr\u00e1ticas para noites tranquilas - Universo Fam\u00edlia","og_description":"Cada beb\u00ea \u00e9 \u00fanico, e entender suas necessidades individuais \u00e9 o primeiro passo para estabelecer uma rotina ideal para o sono.","og_url":"http:\/\/universofamilia.com\/ro\/dicas-praticas-para-noites-tranquilas\/","og_site_name":"Universo Fam\u00edlia","article_published_time":"2023-05-24T20:19:32+00:00","og_image":[{"width":448,"height":350,"url":"http:\/\/universofamilia.com\/wp-content\/uploads\/sites\/148\/2023\/05\/FOTO-DESTAQUE-bebe-dormir-bem-universo-familia-448x350-.png","type":"image\/png"}],"twitter_card":"summary_large_image","twitter_misc":{"Est. reading time":"5 minute"},"schema":{"@context":"https:\/\/schema.org","@graph":[{"@type":"WebPage","@id":"http:\/\/universofamilia.com\/cs\/dicas-praticas-para-noites-tranquilas\/","url":"http:\/\/universofamilia.com\/cs\/dicas-praticas-para-noites-tranquilas\/","name":"Dicas pr\u00e1ticas para noites tranquilas - Universo Fam\u00edlia","isPartOf":{"@id":"https:\/\/universofamilia.com\/el\/#website"},"primaryImageOfPage":{"@id":"http:\/\/universofamilia.com\/cs\/dicas-praticas-para-noites-tranquilas\/#primaryimage"},"image":{"@id":"http:\/\/universofamilia.com\/cs\/dicas-praticas-para-noites-tranquilas\/#primaryimage"},"thumbnailUrl":"http:\/\/universofamilia.com\/wp-content\/uploads\/sites\/148\/2023\/05\/FOTO-DESTAQUE-bebe-dormir-bem-universo-familia-448x350-.png","datePublished":"2023-05-24T20:19:32+00:00","dateModified":"2023-05-24T20:19:32+00:00","author":{"@id":""},"description":"Cada beb\u00ea \u00e9 \u00fanico, e entender suas necessidades individuais \u00e9 o primeiro passo para estabelecer uma rotina ideal para o sono.","breadcrumb":{"@id":"http:\/\/universofamilia.com\/cs\/dicas-praticas-para-noites-tranquilas\/#breadcrumb"},"inLanguage":"ro-RO","potentialAction":[{"@type":"ReadAction","target":["http:\/\/universofamilia.com\/cs\/dicas-praticas-para-noites-tranquilas\/"]}]},{"@type":"ImageObject","inLanguage":"ro-RO","@id":"http:\/\/universofamilia.com\/cs\/dicas-praticas-para-noites-tranquilas\/#primaryimage","url":"http:\/\/universofamilia.com\/wp-content\/uploads\/sites\/148\/2023\/05\/FOTO-DESTAQUE-bebe-dormir-bem-universo-familia-448x350-.png","contentUrl":"http:\/\/universofamilia.com\/wp-content\/uploads\/sites\/148\/2023\/05\/FOTO-DESTAQUE-bebe-dormir-bem-universo-familia-448x350-.png","width":448,"height":350},{"@type":"BreadcrumbList","@id":"http:\/\/universofamilia.com\/cs\/dicas-praticas-para-noites-tranquilas\/#breadcrumb","itemListElement":[{"@type":"ListItem","position":1,"name":"Home","item":"https:\/\/universofamilia.com\/el\/"},{"@type":"ListItem","position":2,"name":"Dicas pr\u00e1ticas para noites tranquilas"}]},{"@type":"WebSite","@id":"https:\/\/universofamilia.com\/el\/#website","url":"https:\/\/universofamilia.com\/el\/","name":"Universo Fam\u00edlia","description":"","potentialAction":[{"@type":"SearchAction","target":{"@type":"EntryPoint","urlTemplate":"https:\/\/universofamilia.com\/el\/?s={search_term_string}"},"query-input":"required name=search_term_string"}],"inLanguage":"ro-RO"}]}},"_links":{"self":[{"href":"http:\/\/universofamilia.com\/ro\/wp-json\/wp\/v2\/posts\/1683"}],"collection":[{"href":"http:\/\/universofamilia.com\/ro\/wp-json\/wp\/v2\/posts"}],"about":[{"href":"http:\/\/universofamilia.com\/ro\/wp-json\/wp\/v2\/types\/post"}],"replies":[{"embeddable":true,"href":"http:\/\/universofamilia.com\/ro\/wp-json\/wp\/v2\/comments?post=1683"}],"version-history":[{"count":0,"href":"http:\/\/universofamilia.com\/ro\/wp-json\/wp\/v2\/posts\/1683\/revisions"}],"wp:featuredmedia":[{"embeddable":true,"href":"http:\/\/universofamilia.com\/ro\/wp-json\/wp\/v2\/media\/1930"}],"wp:attachment":[{"href":"http:\/\/universofamilia.com\/ro\/wp-json\/wp\/v2\/media?parent=1683"}],"wp:term":[{"taxonomy":"category","embeddable":true,"href":"http:\/\/universofamilia.com\/ro\/wp-json\/wp\/v2\/categories?post=1683"},{"taxonomy":"post_tag","embeddable":true,"href":"http:\/\/universofamilia.com\/ro\/wp-json\/wp\/v2\/tags?post=1683"}],"curies":[{"name":"wp","href":"https:\/\/api.w.org\/{rel}","templated":true}]}}