{"id":1692,"date":"2023-05-25T00:53:43","date_gmt":"2023-05-25T00:53:43","guid":{"rendered":"https:\/\/universofamilia.com\/?p=1692"},"modified":"2023-05-25T00:53:43","modified_gmt":"2023-05-25T00:53:43","slug":"rotina-ideal-para-a-familia-dormir-bem","status":"publish","type":"post","link":"http:\/\/universofamilia.com\/ro\/rotina-ideal-para-a-familia-dormir-bem\/","title":{"rendered":"Rotina ideal\u0103 pentru ca familia s\u0103 doarm\u0103 bine"},"content":{"rendered":"<p>O rutin\u0103 s\u0103n\u0103toas\u0103 \u0219i adecvat\u0103 este esen\u021bial\u0103 pentru bun\u0103starea \u0219i s\u0103n\u0103tatea \u00eentregii familii. Somnul nu numai c\u0103 \u00eembun\u0103t\u0103\u021be\u0219te starea de spirit sau performan\u021ba \u00een timpul zilei, dar \u00eent\u0103re\u0219te \u0219i sistemul imunitar \u0219i contribuie la o calitate a vie\u021bii mai bun\u0103. \u00cen acest articol, vom prezenta o rutin\u0103 ideal\u0103 pentru ca familia s\u0103 doarm\u0103 bine, m\u0103suri practice care pot fi implementate cu u\u0219urin\u021b\u0103. Vino \u0219i descoper\u0103 cum s\u0103 asiguri nop\u021bi lini\u0219tite \u0219i pline de sunet pentru to\u021bi membrii familiei tale.<\/p>\n\n\n\n<h3 class=\"wp-block-heading\">Vezi \u0219i:<\/h3>\n\n\n\n<p><a href=\"http:\/\/universofamilia.com\/ro\/rotina-ideal-para-a-familia-dormir-bem\/\" target=\"_blank\" rel=\"noreferrer noopener\">Rotina Ideal pentru ca familia s\u0103 doarm\u0103 bine<\/a><\/p>\n\n\n\n<p><a href=\"http:\/\/universofamilia.com\/ro\/muco-nas-fezes-do-bebe-quando-e-normal-e-quando-se-preocupar\/\" target=\"_blank\" rel=\"noreferrer noopener\">Mucozitatea fe\u021belor: c\u00e2nd este normal\u0103 \u0219i c\u00e2nd ar trebui s\u0103 v\u0103 face\u021bi griji?<\/a><\/p>\n\n\n\n<p><a href=\"https:\/\/www.luzbaby.com.br\/\" target=\"_blank\" rel=\"noreferrer noopener\">A Luz Baby este unul dintre cele mai bune magazine de produse pentru sugari. Click aici.<\/a><\/p>\n\n\n\n<h3 class=\"wp-block-heading\">Stabili\u021bi programe regulate de sunet<\/h3>\n\n\n\n<p>Una dintre principalele tehnici de \u00eembun\u0103t\u0103\u021bire a calit\u0103\u021bii sunetului \u0219i de stabilire a unor programe regulate pentru somn \u0219i memorare. At\u00e2t copiii, c\u00e2t \u0219i adul\u021bii beneficiaz\u0103 de o diet\u0103 consistent\u0103. \u00cencerca\u021bi s\u0103 defini\u021bi programe de somn potrivite pentru fiecare membru al familiei, \u021bin\u00e2nd cont de nevoile de somn ale fiec\u0103rei grupe de v\u00e2rst\u0103. Men\u021bine\u021bi aceste programe \u0219i \u00een weekenduri pentru a evita dezechilibrele ceasului biologic.<\/p>\n\n\n\n<figure class=\"wp-block-image size-full\"><img loading=\"lazy\" decoding=\"async\" width=\"550\" height=\"350\" src=\"http:\/\/universofamilia.com\/wp-content\/uploads\/sites\/148\/2023\/05\/FOTO-POST-dormir-bem-familia-universo-familia-.png\" alt=\"\" class=\"wp-image-1924\" srcset=\"http:\/\/universofamilia.com\/wp-content\/uploads\/sites\/148\/2023\/05\/FOTO-POST-dormir-bem-familia-universo-familia-.png 550w, http:\/\/universofamilia.com\/wp-content\/uploads\/sites\/148\/2023\/05\/FOTO-POST-dormir-bem-familia-universo-familia--300x191.png 300w\" sizes=\"(max-width: 550px) 100vw, 550px\" \/><\/figure>\n\n\n\n<h3 class=\"wp-block-heading\">Creeaz\u0103 un mediu propice pentru fiul t\u0103u<\/h3>\n\n\n\n<p>Mediul \u00een care dormim joac\u0103 un rol crucial \u00een calitatea sunetului. Asigura\u021bi-v\u0103 c\u0103 fiecare membru al familiei are o camer\u0103 \u00eentunecat\u0103, lini\u0219tit\u0103 \u0219i bine ventilat\u0103. Folose\u0219te perdele sau jaluzele pentru a bloca lumina exterioar\u0103, reduce zgomotul cu protec\u021bii pentru urechi sau umidificatoare de aer \u0219i controleaz\u0103 temperatura pentru a asigura un mediu confortabil. De asemenea, este important s\u0103 investe\u0219ti \u00een saltele \u0219i bare transversale adecvate, care ofer\u0103 sprijin \u0219i confort pe timpul nop\u021bii.<\/p>\n\n\n\n<h3 class=\"wp-block-heading\">Evita\u021bi stimulentele \u00eenainte de culcare<\/h3>\n\n\n\n<p>Anumite alimente \u0219i b\u0103uturi pot interfera cu somnul, mai ales dac\u0103 sunt consumate aproape de ora de culcare. Evita\u021bi cofeina, alcoolul \u0219i alimentele grele cu c\u00e2teva ore \u00eenainte de culcare. Opteaz\u0103 pentru ierburi relaxante, cum ar fi mu\u0219e\u021belul sau erva-cidreira, \u0219i prepar\u0103 b\u0103uturi r\u0103coritoare u\u0219oare f\u0103r\u0103 jantar. De asemenea, limita\u021bi utilizarea dispozitivelor electronice, cum ar fi smartphone-urile \u0219i tabletele, \u00eenainte de a merge la culcare, deoarece lumina albastr\u0103 emis\u0103 de aceste dispozitive poate afecta calitatea sunetului.<\/p>\n\n\n\n<h3 class=\"wp-block-heading\">Stabile\u0219te o rutin\u0103 de relaxare \u00eenainte de a merge la culcare<\/h3>\n\n\n\n<p>Crearea unei rutine relaxante \u00eenainte de culcare ajut\u0103 la preg\u0103tirea corpului \u0219i a min\u021bii pentru somn. Rezerva\u021bi c\u00e2teva minute pentru activit\u0103\u021bi lini\u0219tite, cum ar fi cititul unei c\u0103r\u021bi, ascultarea muzicii relaxante sau practicarea tehnicilor de relaxare, cum ar fi respira\u021bia profund\u0103 sau medita\u021bia. Evita\u021bi discu\u021biile aprinse sau activit\u0103\u021bile stimulante cu pu\u021bin timp \u00eenainte de culcare. Obiectivul este de a calma sim\u021burile \u0219i de a induce relaxarea, preg\u0103tindu-v\u0103 pentru o noapte de sunete reconfortante.<\/p>\n\n\n\n<h3 class=\"wp-block-heading\">Concluzie<\/h3>\n\n\n\n<p>O rutin\u0103 ideal\u0103 de somn pentru \u00eentreaga familie este esen\u021bial\u0103 pentru s\u0103n\u0103tatea \u0219i bun\u0103starea tuturor membrilor. Prin stabilirea unor programe regulate de somn, crearea unui mediu propice odihnei, evitarea stimulentelor \u00eenainte de culcare \u0219i adoptarea unei rutine de relaxare, ve\u021bi promova nop\u021bi calme \u0219i revitalizante pentru \u00eentreaga familie.<\/p>\n\n\n\n<p>Re\u021bine\u021bi c\u0103 fiecare persoan\u0103 este unic\u0103 \u0219i c\u0103 pot exista varia\u021bii individuale \u00een ceea ce prive\u0219te nevoile sonore. Prin urmare, ajusta\u021bi aceste \u00eendrum\u0103ri \u00een func\u021bie de caracteristicile fiec\u0103rui membru al familiei, lu\u00e2nd \u00een considerare s\u0103n\u0103tatea, preferin\u021bele \u0219i condi\u021biile specifice.<\/p>\n\n\n\n<p>\u00cen \u00eentreaga lume, multe familii se confrunt\u0103 cu dificult\u0103\u021bi \u00een men\u021binerea unei rutine ideale din cauza cerin\u021belor vie\u021bii de zi cu zi. Totu\u0219i, prioritizarea odihnei este esen\u021bial\u0103 pentru a garanta o via\u021b\u0103 s\u0103n\u0103toas\u0103 \u0219i echilibrat\u0103. Urm\u00e2nd aceste instruc\u021biuni, ve\u021bi investi \u00een bun\u0103starea \u00eentregii familii \u0219i ve\u021bi culege roadele unui somn odihnitor.<\/p>\n\n\n\n<p>De asemenea, este important s\u0103 folosi\u021bi tehnici SEO pentru a face acest articol mai vizibil \u0219i mai accesibil cititorilor. Include\u021bi cuvinte cheie relevante, cum ar fi \u201erutin\u0103 sonor\u0103\u201d, \u201edoarme bune \u00een familie\u201d, \u201ecalitatea sunetului\u201d \u0219i al\u021bi termeni lega\u021bi de subiect. De asemenea, folose\u0219te subtitr\u0103ri clare \u0219i atractive pentru a facilita citirea \u0219i navigarea.<\/p>\n\n\n\n<p>Lizibilitatea joac\u0103, de asemenea, un rol fundamental \u00een experien\u021ba cititorului. Folose\u0219te propozi\u021bii scurte \u0219i paragrafe bine structurate pentru a facilita \u00een\u021belegerea con\u021binutului. Evita\u021bi jargonul sau terminologia extrem de tehnic\u0103, cu excep\u021bia cazului \u00een care scrie\u021bi \u00een mod special pentru un public specializat.<\/p>\n\n\n\n<figure class=\"wp-block-image size-full\"><img loading=\"lazy\" decoding=\"async\" width=\"550\" height=\"350\" src=\"http:\/\/universofamilia.com\/wp-content\/uploads\/sites\/148\/2023\/05\/FOTO-POST-dormir-bem-familia-universo-familia-1.png\" alt=\"\" class=\"wp-image-1926\" srcset=\"http:\/\/universofamilia.com\/wp-content\/uploads\/sites\/148\/2023\/05\/FOTO-POST-dormir-bem-familia-universo-familia-1.png 550w, http:\/\/universofamilia.com\/wp-content\/uploads\/sites\/148\/2023\/05\/FOTO-POST-dormir-bem-familia-universo-familia-1-300x191.png 300w\" sizes=\"(max-width: 550px) 100vw, 550px\" \/><\/figure>\n\n\n\n<p>Pe scurt, pentru a stabili o rutin\u0103 ideal\u0103 pentru ca familia s\u0103 doarm\u0103 bine, ve\u021bi investi \u00een bun\u0103starea tuturor membrilor. Este important s\u0103 stabili\u021bi programe regulate de somn, s\u0103 crea\u021bi un mediu propice odihnei, s\u0103 evita\u021bi stimulentele \u00eenainte de culcare \u0219i s\u0103 adopta\u021bi o rutin\u0103 de relaxare. Punend \u00een aplicare aceste sfaturi practice, vei fi pe drumul cel bun c\u0103tre nop\u021bi lini\u0219tite \u0219i revigorante, pline de sunete, oferind o via\u021b\u0103 s\u0103n\u0103toas\u0103 \u0219i echilibrat\u0103 \u00eentregii familii.<\/p>","protected":false},"excerpt":{"rendered":"<p>O rutin\u0103 s\u0103n\u0103toas\u0103 \u0219i adecvat\u0103 este esen\u021bial\u0103 pentru bun\u0103starea \u0219i s\u0103n\u0103tatea \u00eentregii familii. Somnul nu numai c\u0103 \u00eembun\u0103t\u0103\u021be\u0219te starea de spirit sau performan\u021ba \u00een timpul zilei, dar \u00eent\u0103re\u0219te \u0219i sistemul imunitar \u0219i contribuie la o calitate a vie\u021bii mai bun\u0103. <\/p>","protected":false},"author":0,"featured_media":1925,"comment_status":"closed","ping_status":"open","sticky":false,"template":"","format":"standard","meta":{"footnotes":""},"categories":[5],"tags":[1436,1437],"yoast_head":"<!-- This site is optimized with the Yoast SEO plugin v23.3 - https:\/\/yoast.com\/wordpress\/plugins\/seo\/ -->\n<title>Rotina ideal para a fam\u00edlia dormir bem - Universo Fam\u00edlia<\/title>\n<meta name=\"description\" content=\"Ter uma rotina de sono adequada \u00e9 essencial para o bem-estar e a sa\u00fade de toda a fam\u00edlia\" \/>\n<meta name=\"robots\" content=\"index, follow, max-snippet:-1, max-image-preview:large, max-video-preview:-1\" \/>\n<link rel=\"canonical\" href=\"http:\/\/universofamilia.com\/ro\/rotina-ideal-para-a-familia-dormir-bem\/\" \/>\n<meta property=\"og:locale\" content=\"ro_RO\" \/>\n<meta property=\"og:type\" content=\"article\" \/>\n<meta property=\"og:title\" content=\"Rotina ideal para a fam\u00edlia dormir bem - Universo Fam\u00edlia\" \/>\n<meta property=\"og:description\" content=\"Ter uma rotina de sono adequada \u00e9 essencial para o bem-estar e a sa\u00fade de toda a fam\u00edlia\" \/>\n<meta property=\"og:url\" content=\"http:\/\/universofamilia.com\/ro\/rotina-ideal-para-a-familia-dormir-bem\/\" \/>\n<meta property=\"og:site_name\" content=\"Universo Fam\u00edlia\" \/>\n<meta property=\"article:published_time\" content=\"2023-05-25T00:53:43+00:00\" \/>\n<meta property=\"og:image\" content=\"http:\/\/universofamilia.com\/wp-content\/uploads\/sites\/148\/2023\/05\/FOTO-DESTAQUE-dormir-bem-familia-universo-familia-448x350-.png\" \/>\n\t<meta property=\"og:image:width\" content=\"448\" \/>\n\t<meta property=\"og:image:height\" content=\"350\" \/>\n\t<meta property=\"og:image:type\" content=\"image\/png\" \/>\n<meta name=\"twitter:card\" content=\"summary_large_image\" \/>\n<meta name=\"twitter:label1\" content=\"Est. reading time\" \/>\n\t<meta name=\"twitter:data1\" content=\"5 minute\" \/>\n<script type=\"application\/ld+json\" class=\"yoast-schema-graph\">{\"@context\":\"https:\/\/schema.org\",\"@graph\":[{\"@type\":\"WebPage\",\"@id\":\"http:\/\/universofamilia.com\/ru\/rotina-ideal-para-a-familia-dormir-bem\/\",\"url\":\"http:\/\/universofamilia.com\/ru\/rotina-ideal-para-a-familia-dormir-bem\/\",\"name\":\"Rotina ideal para a fam\u00edlia dormir bem - Universo Fam\u00edlia\",\"isPartOf\":{\"@id\":\"http:\/\/universofamilia.com\/ru\/#website\"},\"primaryImageOfPage\":{\"@id\":\"http:\/\/universofamilia.com\/ru\/rotina-ideal-para-a-familia-dormir-bem\/#primaryimage\"},\"image\":{\"@id\":\"http:\/\/universofamilia.com\/ru\/rotina-ideal-para-a-familia-dormir-bem\/#primaryimage\"},\"thumbnailUrl\":\"http:\/\/universofamilia.com\/wp-content\/uploads\/sites\/148\/2023\/05\/FOTO-DESTAQUE-dormir-bem-familia-universo-familia-448x350-.png\",\"datePublished\":\"2023-05-25T00:53:43+00:00\",\"dateModified\":\"2023-05-25T00:53:43+00:00\",\"author\":{\"@id\":\"\"},\"description\":\"Ter uma rotina de sono adequada \u00e9 essencial para o bem-estar e a sa\u00fade de toda a fam\u00edlia\",\"breadcrumb\":{\"@id\":\"http:\/\/universofamilia.com\/ru\/rotina-ideal-para-a-familia-dormir-bem\/#breadcrumb\"},\"inLanguage\":\"ro-RO\",\"potentialAction\":[{\"@type\":\"ReadAction\",\"target\":[\"http:\/\/universofamilia.com\/ru\/rotina-ideal-para-a-familia-dormir-bem\/\"]}]},{\"@type\":\"ImageObject\",\"inLanguage\":\"ro-RO\",\"@id\":\"http:\/\/universofamilia.com\/ru\/rotina-ideal-para-a-familia-dormir-bem\/#primaryimage\",\"url\":\"http:\/\/universofamilia.com\/wp-content\/uploads\/sites\/148\/2023\/05\/FOTO-DESTAQUE-dormir-bem-familia-universo-familia-448x350-.png\",\"contentUrl\":\"http:\/\/universofamilia.com\/wp-content\/uploads\/sites\/148\/2023\/05\/FOTO-DESTAQUE-dormir-bem-familia-universo-familia-448x350-.png\",\"width\":448,\"height\":350},{\"@type\":\"BreadcrumbList\",\"@id\":\"http:\/\/universofamilia.com\/ru\/rotina-ideal-para-a-familia-dormir-bem\/#breadcrumb\",\"itemListElement\":[{\"@type\":\"ListItem\",\"position\":1,\"name\":\"Home\",\"item\":\"http:\/\/universofamilia.com\/ru\/\"},{\"@type\":\"ListItem\",\"position\":2,\"name\":\"Rotina ideal para a fam\u00edlia dormir bem\"}]},{\"@type\":\"WebSite\",\"@id\":\"http:\/\/universofamilia.com\/ru\/#website\",\"url\":\"http:\/\/universofamilia.com\/ru\/\",\"name\":\"Universo Fam\u00edlia\",\"description\":\"\",\"potentialAction\":[{\"@type\":\"SearchAction\",\"target\":{\"@type\":\"EntryPoint\",\"urlTemplate\":\"http:\/\/universofamilia.com\/ru\/?s={search_term_string}\"},\"query-input\":\"required name=search_term_string\"}],\"inLanguage\":\"ro-RO\"}]}<\/script>\n<!-- \/ Yoast SEO plugin. -->","yoast_head_json":{"title":"Rotina ideal para a fam\u00edlia dormir bem - Universo Fam\u00edlia","description":"Ter uma rotina de sono adequada \u00e9 essencial para o bem-estar e a sa\u00fade de toda a fam\u00edlia","robots":{"index":"index","follow":"follow","max-snippet":"max-snippet:-1","max-image-preview":"max-image-preview:large","max-video-preview":"max-video-preview:-1"},"canonical":"http:\/\/universofamilia.com\/ro\/rotina-ideal-para-a-familia-dormir-bem\/","og_locale":"ro_RO","og_type":"article","og_title":"Rotina ideal para a fam\u00edlia dormir bem - Universo Fam\u00edlia","og_description":"Ter uma rotina de sono adequada \u00e9 essencial para o bem-estar e a sa\u00fade de toda a fam\u00edlia","og_url":"http:\/\/universofamilia.com\/ro\/rotina-ideal-para-a-familia-dormir-bem\/","og_site_name":"Universo Fam\u00edlia","article_published_time":"2023-05-25T00:53:43+00:00","og_image":[{"width":448,"height":350,"url":"http:\/\/universofamilia.com\/wp-content\/uploads\/sites\/148\/2023\/05\/FOTO-DESTAQUE-dormir-bem-familia-universo-familia-448x350-.png","type":"image\/png"}],"twitter_card":"summary_large_image","twitter_misc":{"Est. reading time":"5 minute"},"schema":{"@context":"https:\/\/schema.org","@graph":[{"@type":"WebPage","@id":"http:\/\/universofamilia.com\/ru\/rotina-ideal-para-a-familia-dormir-bem\/","url":"http:\/\/universofamilia.com\/ru\/rotina-ideal-para-a-familia-dormir-bem\/","name":"Rotina ideal para a fam\u00edlia dormir bem - Universo Fam\u00edlia","isPartOf":{"@id":"http:\/\/universofamilia.com\/ru\/#website"},"primaryImageOfPage":{"@id":"http:\/\/universofamilia.com\/ru\/rotina-ideal-para-a-familia-dormir-bem\/#primaryimage"},"image":{"@id":"http:\/\/universofamilia.com\/ru\/rotina-ideal-para-a-familia-dormir-bem\/#primaryimage"},"thumbnailUrl":"http:\/\/universofamilia.com\/wp-content\/uploads\/sites\/148\/2023\/05\/FOTO-DESTAQUE-dormir-bem-familia-universo-familia-448x350-.png","datePublished":"2023-05-25T00:53:43+00:00","dateModified":"2023-05-25T00:53:43+00:00","author":{"@id":""},"description":"Ter uma rotina de sono adequada \u00e9 essencial para o bem-estar e a sa\u00fade de toda a fam\u00edlia","breadcrumb":{"@id":"http:\/\/universofamilia.com\/ru\/rotina-ideal-para-a-familia-dormir-bem\/#breadcrumb"},"inLanguage":"ro-RO","potentialAction":[{"@type":"ReadAction","target":["http:\/\/universofamilia.com\/ru\/rotina-ideal-para-a-familia-dormir-bem\/"]}]},{"@type":"ImageObject","inLanguage":"ro-RO","@id":"http:\/\/universofamilia.com\/ru\/rotina-ideal-para-a-familia-dormir-bem\/#primaryimage","url":"http:\/\/universofamilia.com\/wp-content\/uploads\/sites\/148\/2023\/05\/FOTO-DESTAQUE-dormir-bem-familia-universo-familia-448x350-.png","contentUrl":"http:\/\/universofamilia.com\/wp-content\/uploads\/sites\/148\/2023\/05\/FOTO-DESTAQUE-dormir-bem-familia-universo-familia-448x350-.png","width":448,"height":350},{"@type":"BreadcrumbList","@id":"http:\/\/universofamilia.com\/ru\/rotina-ideal-para-a-familia-dormir-bem\/#breadcrumb","itemListElement":[{"@type":"ListItem","position":1,"name":"Home","item":"http:\/\/universofamilia.com\/ru\/"},{"@type":"ListItem","position":2,"name":"Rotina ideal para a fam\u00edlia dormir bem"}]},{"@type":"WebSite","@id":"http:\/\/universofamilia.com\/ru\/#website","url":"http:\/\/universofamilia.com\/ru\/","name":"Universo Fam\u00edlia","description":"","potentialAction":[{"@type":"SearchAction","target":{"@type":"EntryPoint","urlTemplate":"http:\/\/universofamilia.com\/ru\/?s={search_term_string}"},"query-input":"required name=search_term_string"}],"inLanguage":"ro-RO"}]}},"_links":{"self":[{"href":"http:\/\/universofamilia.com\/ro\/wp-json\/wp\/v2\/posts\/1692"}],"collection":[{"href":"http:\/\/universofamilia.com\/ro\/wp-json\/wp\/v2\/posts"}],"about":[{"href":"http:\/\/universofamilia.com\/ro\/wp-json\/wp\/v2\/types\/post"}],"replies":[{"embeddable":true,"href":"http:\/\/universofamilia.com\/ro\/wp-json\/wp\/v2\/comments?post=1692"}],"version-history":[{"count":0,"href":"http:\/\/universofamilia.com\/ro\/wp-json\/wp\/v2\/posts\/1692\/revisions"}],"wp:featuredmedia":[{"embeddable":true,"href":"http:\/\/universofamilia.com\/ro\/wp-json\/wp\/v2\/media\/1925"}],"wp:attachment":[{"href":"http:\/\/universofamilia.com\/ro\/wp-json\/wp\/v2\/media?parent=1692"}],"wp:term":[{"taxonomy":"category","embeddable":true,"href":"http:\/\/universofamilia.com\/ro\/wp-json\/wp\/v2\/categories?post=1692"},{"taxonomy":"post_tag","embeddable":true,"href":"http:\/\/universofamilia.com\/ro\/wp-json\/wp\/v2\/tags?post=1692"}],"curies":[{"name":"wp","href":"https:\/\/api.w.org\/{rel}","templated":true}]}}