{"id":1797,"date":"2023-05-25T21:01:58","date_gmt":"2023-05-25T21:01:58","guid":{"rendered":"https:\/\/universofamilia.com\/?p=1797"},"modified":"2023-05-25T21:01:58","modified_gmt":"2023-05-25T21:01:58","slug":"muco-nas-fezes-do-bebe-quando-e-normal-e-quando-se-preocupar","status":"publish","type":"post","link":"http:\/\/universofamilia.com\/ro\/muco-nas-fezes-do-bebe-quando-e-normal-e-quando-se-preocupar\/","title":{"rendered":"Foarte mult \u00een fecalele bebelu\u0219ului, c\u00e2nd este normal \u0219i c\u00e2nd ar trebui s\u0103 v\u0103 face\u021bi griji?"},"content":{"rendered":"<p>Prezen\u021ba lor \u00een fecalele bebelu\u0219ilor este o preocupare comun\u0103 \u00een diferite \u021b\u0103ri. Acest lucru poate fi alarmant \u0219i este important de \u00een\u021beles c\u0103 o mare parte din aceasta poate fi normal\u0103 \u00een anumite situa\u021bii.<\/p>\n\n\n\n<p>\u00cen acest articol, vom discuta c\u00e2nd sau c\u00e2t de mult din fecale ar putea fi normale \u0219i c\u00e2nd acestea reprezint\u0103 un motiv de \u00eengrijorare. Continua\u021bi s\u0103 citi\u021bi pentru mai multe informa\u021bii \u0219i lini\u0219tire.<\/p>\n\n\n\n<h3 class=\"wp-block-heading\">Sau este mult \u00een fecalele bebelu\u0219ului?<\/h3>\n\n\n\n<p>Mucusul din fecalele bebelu\u0219ului se refer\u0103 la prezen\u021ba unei substan\u021be gelatinoase \u0219i lipicioase \u00een fecalele bebelu\u0219ului. Aceasta poate varia foarte mult \u00een ceea ce prive\u0219te consisten\u021ba, consisten\u021ba \u0219i cantitatea.<\/p>\n\n\n\n<p>Este important de men\u021bionat c\u0103, \u00een unele cazuri, unele fecale sunt complet normale \u0219i nu reprezint\u0103 o problem\u0103 de s\u0103n\u0103tate.<\/p>\n\n\n\n<h3 class=\"wp-block-heading\">C\u00e2nd consider\u0103m c\u0103 fecalele unui bebelu\u0219 sunt normale sau foarte normale?<\/h3>\n\n\n\n<p>\u00cen anumite circumstan\u021be, prezen\u021ba mucusului \u00een fecalele bebelu\u0219ului este normal\u0103 \u0219i nu ar trebui s\u0103 fie un motiv de \u00eengrijorare.<\/p>\n\n\n\n<p>\u00cen timpul erup\u021biei dentare, de exemplu, este obi\u0219nuit ca bebelu\u0219ul s\u0103 produc\u0103 mai mult mucus, care poate ajunge \u00een fecale.<\/p>\n\n\n\n<p>De asemenea, introducerea alimentelor solide \u00een dieta bebelu\u0219ului poate provoca \u0219i modific\u0103ri fetale temporare, inclusiv prezen\u021ba mucusului.<\/p>\n\n\n\n<h3 class=\"wp-block-heading\">C\u00e2nd ar trebui s\u0103 v\u0103 face\u021bi griji pentru mucusul bebelu\u0219ului?<\/h3>\n\n\n<div class=\"wp-block-image\">\n<figure class=\"aligncenter size-full\"><img loading=\"lazy\" decoding=\"async\" width=\"550\" height=\"350\" src=\"http:\/\/universofamilia.com\/wp-content\/uploads\/sites\/148\/2023\/05\/FOTO-POST-muco-fese-bebe-universo-familia-.png\" alt=\"\" class=\"wp-image-1911\" srcset=\"http:\/\/universofamilia.com\/wp-content\/uploads\/sites\/148\/2023\/05\/FOTO-POST-muco-fese-bebe-universo-familia-.png 550w, http:\/\/universofamilia.com\/wp-content\/uploads\/sites\/148\/2023\/05\/FOTO-POST-muco-fese-bebe-universo-familia--300x191.png 300w\" sizes=\"(max-width: 550px) 100vw, 550px\" \/><\/figure><\/div>\n\n\n<p>Emboara sau mucusul \u00een fecalele unui bebelu\u0219 poate fi normal \u00een anumite situa\u021bii, exist\u00e2nd momente c\u00e2nd este important s\u0103 fii atent \u0219i s\u0103 ceri sfatul medicului.<\/p>\n\n\n\n<p>Dac\u0103 ave\u021bi febr\u0103 mult\u0103 \u00eenso\u021bit\u0103 de s\u00e2nge, diaree persistent\u0103, v\u0103rs\u0103turi, febr\u0103 sau dac\u0103 bebelu\u0219ul dumneavoastr\u0103 prezint\u0103 alte simptome \u00eengrijor\u0103toare, este recomandat s\u0103 contacta\u021bi medicul pediatru.<\/p>\n\n\n\n<p>Aceste simptome pot indica o infec\u021bie gastrointestinal\u0103 sau alte afec\u021biuni subiacente care trebuie evaluate \u0219i tratate corespunz\u0103tor.<\/p>\n\n\n\n<h3 class=\"wp-block-heading\">Posibile cauze ale prezen\u021bei mucusului \u00een fecalele unui bebelu\u0219<\/h3>\n\n\n\n<p>Exist\u0103 mai multe cauze posibile pentru membranele mucoase ale fecalelor unui bebelu\u0219. Pe l\u00e2ng\u0103 motivele deja men\u021bionate, cum ar fi erup\u021bia dentar\u0103 \u0219i introducerea alimentelor solide, acestea pot fi, de asemenea, rezultatul unor infec\u021bii, alergii alimentare, intoleran\u021be, constipa\u021bie sau irita\u021bii intestinale.<\/p>\n\n\n\n<p>Fiecare cauz\u0103 poate avea caracteristici specifice \u0219i este esen\u021bial s\u0103 existe sprijin medical pentru a identifica originea mucusului \u0219i a determina tratamentul adecvat, dac\u0103 este necesar.<\/p>\n\n\n\n<h3 class=\"wp-block-heading\">Concluzie<\/h3>\n\n\n\n<p>Pe scurt, o parte din fecalele bebelu\u0219ului pot fi normale \u00een anumite situa\u021bii, cum ar fi \u00een timpul erup\u021biei dentare sau la introducerea alimentelor solide.<\/p>\n\n\n\n<p>Totu\u0219i, este important s\u0103 fi\u021bi con\u0219tien\u021bi de semnele de \u00eengrijorare, cum ar fi s\u00e2ngerarea din fecale sau alte simptome.<\/p>\n\n\n\n<p>Consultarea unui medic pediatru este esen\u021bial\u0103 pentru a ob\u021bine un diagnostic precis \u0219i a garanta s\u0103n\u0103tatea bebelu\u0219ului.<\/p>\n\n\n\n<p>Sper c\u0103 \u021bi-am fost de ajutor \u0219i c\u0103 \u021bi s-a spus cum e cu compartimentul t\u0103u, care ne-a fost at\u00e2t de util. Ah! \u021ai-a pl\u0103cut aceast\u0103 postare.<\/p>\n\n\n\n<blockquote class=\"wp-block-quote\">\n<h5 class=\"wp-block-heading\"><em>Note: Materialele \u0219i informa\u021biile de pe pagina Universo Fam\u00edlia nu sunt destinate diagnostic\u0103rii medicale \u0219i nici nu ar trebui utilizate ca atare. <strong>Ar trebui s\u0103 consulta\u021bi \u00eentotdeauna un medic sau un profesionist calificat din domeniul s\u0103n\u0103t\u0103\u021bii cu privire la nevoile dumneavoastr\u0103 reale.<\/strong>.<\/em><\/h5>\n<\/blockquote>\n\n\n\n<h4 class=\"wp-block-heading\">Vezi \u0219i:<\/h4>\n\n\n\n<p><a href=\"http:\/\/universofamilia.com\/ro\/rotina-ideal-para-a-familia-dormir-bem\/\" target=\"_blank\" rel=\"noreferrer noopener\">Rotina Ideal pentru ca familia s\u0103 doarm\u0103 bine<\/a><\/p>\n\n\n\n<p><a href=\"https:\/\/www.luzbaby.com.br\/\" target=\"_blank\" rel=\"noreferrer noopener\">A Luz Baby este unul dintre cele mai bune magazine de produse pentru sugari. Click aici.<\/a><\/p>","protected":false},"excerpt":{"rendered":"<p>Prezen\u021ba lor \u00een fecalele bebelu\u0219ilor este o preocupare comun\u0103 \u00een diferite \u021b\u0103ri. Acest lucru poate fi alarmant \u0219i este important de \u00een\u021beles c\u0103 o mare parte din aceasta poate fi normal\u0103 \u00een anumite situa\u021bii.<br \/>\n\u00cen acest articol, vom discuta despre momentele \u00een care mucusul din fecalele bebelu\u0219ului este considerat normal \u0219i c\u00e2nd este un motiv de \u00eengrijorare. Continua\u021bi s\u0103 citi\u021bi pentru mai multe informa\u021bii \u0219i lini\u0219te sufleteasc\u0103.<\/p>","protected":false},"author":0,"featured_media":1912,"comment_status":"closed","ping_status":"open","sticky":false,"template":"","format":"standard","meta":{"footnotes":""},"categories":[5],"tags":[1023,1161,1437],"yoast_head":"<!-- This site is optimized with the Yoast SEO plugin v23.3 - https:\/\/yoast.com\/wordpress\/plugins\/seo\/ -->\n<title>Muco nas fezes do beb\u00ea, quando \u00e9 normal e quando se preocupar? - Universo Fam\u00edlia<\/title>\n<meta name=\"description\" content=\"O muco nas fezes do beb\u00ea \u00e9 uma preocupa\u00e7\u00e3o comum entre os pais. Embora possa ser alarmante, \u00e9 importante entender que o muco pode ser normal em certas situa\u00e7\u00f5es.\" \/>\n<meta name=\"robots\" content=\"index, follow, max-snippet:-1, max-image-preview:large, max-video-preview:-1\" \/>\n<link rel=\"canonical\" href=\"https:\/\/universofamilia.com\/ro\/muco-nas-fezes-do-bebe-quando-e-normal-e-quando-se-preocupar\/\" \/>\n<meta property=\"og:locale\" content=\"ro_RO\" \/>\n<meta property=\"og:type\" content=\"article\" \/>\n<meta property=\"og:title\" content=\"Muco nas fezes do beb\u00ea, quando \u00e9 normal e quando se preocupar? - Universo Fam\u00edlia\" \/>\n<meta property=\"og:description\" content=\"O muco nas fezes do beb\u00ea \u00e9 uma preocupa\u00e7\u00e3o comum entre os pais. Embora possa ser alarmante, \u00e9 importante entender que o muco pode ser normal em certas situa\u00e7\u00f5es.\" \/>\n<meta property=\"og:url\" content=\"https:\/\/universofamilia.com\/ro\/muco-nas-fezes-do-bebe-quando-e-normal-e-quando-se-preocupar\/\" \/>\n<meta property=\"og:site_name\" content=\"Universo Fam\u00edlia\" \/>\n<meta property=\"article:published_time\" content=\"2023-05-25T21:01:58+00:00\" \/>\n<meta property=\"og:image\" content=\"https:\/\/universofamilia.com\/wp-content\/uploads\/sites\/148\/2023\/05\/FOTO-DESTAQUE-muco-fezes-bebe-universo-familia-448x350-.png\" \/>\n\t<meta property=\"og:image:width\" content=\"448\" \/>\n\t<meta property=\"og:image:height\" content=\"350\" \/>\n\t<meta property=\"og:image:type\" content=\"image\/png\" \/>\n<meta name=\"twitter:card\" content=\"summary_large_image\" \/>\n<meta name=\"twitter:label1\" content=\"Est. reading time\" \/>\n\t<meta name=\"twitter:data1\" content=\"3 minute\" \/>\n<script type=\"application\/ld+json\" class=\"yoast-schema-graph\">{\"@context\":\"https:\/\/schema.org\",\"@graph\":[{\"@type\":\"WebPage\",\"@id\":\"https:\/\/universofamilia.com\/hu\/muco-nas-fezes-do-bebe-quando-e-normal-e-quando-se-preocupar\/\",\"url\":\"https:\/\/universofamilia.com\/hu\/muco-nas-fezes-do-bebe-quando-e-normal-e-quando-se-preocupar\/\",\"name\":\"Muco nas fezes do beb\u00ea, quando \u00e9 normal e quando se preocupar? - Universo Fam\u00edlia\",\"isPartOf\":{\"@id\":\"https:\/\/universofamilia.com\/el\/#website\"},\"primaryImageOfPage\":{\"@id\":\"https:\/\/universofamilia.com\/hu\/muco-nas-fezes-do-bebe-quando-e-normal-e-quando-se-preocupar\/#primaryimage\"},\"image\":{\"@id\":\"https:\/\/universofamilia.com\/hu\/muco-nas-fezes-do-bebe-quando-e-normal-e-quando-se-preocupar\/#primaryimage\"},\"thumbnailUrl\":\"http:\/\/universofamilia.com\/wp-content\/uploads\/sites\/148\/2023\/05\/FOTO-DESTAQUE-muco-fezes-bebe-universo-familia-448x350-.png\",\"datePublished\":\"2023-05-25T21:01:58+00:00\",\"dateModified\":\"2023-05-25T21:01:58+00:00\",\"author\":{\"@id\":\"\"},\"description\":\"O muco nas fezes do beb\u00ea \u00e9 uma preocupa\u00e7\u00e3o comum entre os pais. Embora possa ser alarmante, \u00e9 importante entender que o muco pode ser normal em certas situa\u00e7\u00f5es.\",\"breadcrumb\":{\"@id\":\"https:\/\/universofamilia.com\/hu\/muco-nas-fezes-do-bebe-quando-e-normal-e-quando-se-preocupar\/#breadcrumb\"},\"inLanguage\":\"ro-RO\",\"potentialAction\":[{\"@type\":\"ReadAction\",\"target\":[\"https:\/\/universofamilia.com\/hu\/muco-nas-fezes-do-bebe-quando-e-normal-e-quando-se-preocupar\/\"]}]},{\"@type\":\"ImageObject\",\"inLanguage\":\"ro-RO\",\"@id\":\"https:\/\/universofamilia.com\/hu\/muco-nas-fezes-do-bebe-quando-e-normal-e-quando-se-preocupar\/#primaryimage\",\"url\":\"http:\/\/universofamilia.com\/wp-content\/uploads\/sites\/148\/2023\/05\/FOTO-DESTAQUE-muco-fezes-bebe-universo-familia-448x350-.png\",\"contentUrl\":\"http:\/\/universofamilia.com\/wp-content\/uploads\/sites\/148\/2023\/05\/FOTO-DESTAQUE-muco-fezes-bebe-universo-familia-448x350-.png\",\"width\":448,\"height\":350},{\"@type\":\"BreadcrumbList\",\"@id\":\"https:\/\/universofamilia.com\/hu\/muco-nas-fezes-do-bebe-quando-e-normal-e-quando-se-preocupar\/#breadcrumb\",\"itemListElement\":[{\"@type\":\"ListItem\",\"position\":1,\"name\":\"Home\",\"item\":\"https:\/\/universofamilia.com\/el\/\"},{\"@type\":\"ListItem\",\"position\":2,\"name\":\"Muco nas fezes do beb\u00ea, quando \u00e9 normal e quando se preocupar?\"}]},{\"@type\":\"WebSite\",\"@id\":\"https:\/\/universofamilia.com\/el\/#website\",\"url\":\"https:\/\/universofamilia.com\/el\/\",\"name\":\"Universo Fam\u00edlia\",\"description\":\"\",\"potentialAction\":[{\"@type\":\"SearchAction\",\"target\":{\"@type\":\"EntryPoint\",\"urlTemplate\":\"https:\/\/universofamilia.com\/el\/?s={search_term_string}\"},\"query-input\":\"required name=search_term_string\"}],\"inLanguage\":\"ro-RO\"}]}<\/script>\n<!-- \/ Yoast SEO plugin. -->","yoast_head_json":{"title":"Muco nas fezes do beb\u00ea, quando \u00e9 normal e quando se preocupar? - Universo Fam\u00edlia","description":"O muco nas fezes do beb\u00ea \u00e9 uma preocupa\u00e7\u00e3o comum entre os pais. Embora possa ser alarmante, \u00e9 importante entender que o muco pode ser normal em certas situa\u00e7\u00f5es.","robots":{"index":"index","follow":"follow","max-snippet":"max-snippet:-1","max-image-preview":"max-image-preview:large","max-video-preview":"max-video-preview:-1"},"canonical":"https:\/\/universofamilia.com\/ro\/muco-nas-fezes-do-bebe-quando-e-normal-e-quando-se-preocupar\/","og_locale":"ro_RO","og_type":"article","og_title":"Muco nas fezes do beb\u00ea, quando \u00e9 normal e quando se preocupar? - Universo Fam\u00edlia","og_description":"O muco nas fezes do beb\u00ea \u00e9 uma preocupa\u00e7\u00e3o comum entre os pais. Embora possa ser alarmante, \u00e9 importante entender que o muco pode ser normal em certas situa\u00e7\u00f5es.","og_url":"https:\/\/universofamilia.com\/ro\/muco-nas-fezes-do-bebe-quando-e-normal-e-quando-se-preocupar\/","og_site_name":"Universo Fam\u00edlia","article_published_time":"2023-05-25T21:01:58+00:00","og_image":[{"width":448,"height":350,"url":"https:\/\/universofamilia.com\/wp-content\/uploads\/sites\/148\/2023\/05\/FOTO-DESTAQUE-muco-fezes-bebe-universo-familia-448x350-.png","type":"image\/png"}],"twitter_card":"summary_large_image","twitter_misc":{"Est. reading time":"3 minute"},"schema":{"@context":"https:\/\/schema.org","@graph":[{"@type":"WebPage","@id":"https:\/\/universofamilia.com\/hu\/muco-nas-fezes-do-bebe-quando-e-normal-e-quando-se-preocupar\/","url":"https:\/\/universofamilia.com\/hu\/muco-nas-fezes-do-bebe-quando-e-normal-e-quando-se-preocupar\/","name":"Muco nas fezes do beb\u00ea, quando \u00e9 normal e quando se preocupar? - Universo Fam\u00edlia","isPartOf":{"@id":"https:\/\/universofamilia.com\/el\/#website"},"primaryImageOfPage":{"@id":"https:\/\/universofamilia.com\/hu\/muco-nas-fezes-do-bebe-quando-e-normal-e-quando-se-preocupar\/#primaryimage"},"image":{"@id":"https:\/\/universofamilia.com\/hu\/muco-nas-fezes-do-bebe-quando-e-normal-e-quando-se-preocupar\/#primaryimage"},"thumbnailUrl":"http:\/\/universofamilia.com\/wp-content\/uploads\/sites\/148\/2023\/05\/FOTO-DESTAQUE-muco-fezes-bebe-universo-familia-448x350-.png","datePublished":"2023-05-25T21:01:58+00:00","dateModified":"2023-05-25T21:01:58+00:00","author":{"@id":""},"description":"O muco nas fezes do beb\u00ea \u00e9 uma preocupa\u00e7\u00e3o comum entre os pais. Embora possa ser alarmante, \u00e9 importante entender que o muco pode ser normal em certas situa\u00e7\u00f5es.","breadcrumb":{"@id":"https:\/\/universofamilia.com\/hu\/muco-nas-fezes-do-bebe-quando-e-normal-e-quando-se-preocupar\/#breadcrumb"},"inLanguage":"ro-RO","potentialAction":[{"@type":"ReadAction","target":["https:\/\/universofamilia.com\/hu\/muco-nas-fezes-do-bebe-quando-e-normal-e-quando-se-preocupar\/"]}]},{"@type":"ImageObject","inLanguage":"ro-RO","@id":"https:\/\/universofamilia.com\/hu\/muco-nas-fezes-do-bebe-quando-e-normal-e-quando-se-preocupar\/#primaryimage","url":"http:\/\/universofamilia.com\/wp-content\/uploads\/sites\/148\/2023\/05\/FOTO-DESTAQUE-muco-fezes-bebe-universo-familia-448x350-.png","contentUrl":"http:\/\/universofamilia.com\/wp-content\/uploads\/sites\/148\/2023\/05\/FOTO-DESTAQUE-muco-fezes-bebe-universo-familia-448x350-.png","width":448,"height":350},{"@type":"BreadcrumbList","@id":"https:\/\/universofamilia.com\/hu\/muco-nas-fezes-do-bebe-quando-e-normal-e-quando-se-preocupar\/#breadcrumb","itemListElement":[{"@type":"ListItem","position":1,"name":"Home","item":"https:\/\/universofamilia.com\/el\/"},{"@type":"ListItem","position":2,"name":"Muco nas fezes do beb\u00ea, quando \u00e9 normal e quando se preocupar?"}]},{"@type":"WebSite","@id":"https:\/\/universofamilia.com\/el\/#website","url":"https:\/\/universofamilia.com\/el\/","name":"Universo Fam\u00edlia","description":"","potentialAction":[{"@type":"SearchAction","target":{"@type":"EntryPoint","urlTemplate":"https:\/\/universofamilia.com\/el\/?s={search_term_string}"},"query-input":"required name=search_term_string"}],"inLanguage":"ro-RO"}]}},"_links":{"self":[{"href":"http:\/\/universofamilia.com\/ro\/wp-json\/wp\/v2\/posts\/1797"}],"collection":[{"href":"http:\/\/universofamilia.com\/ro\/wp-json\/wp\/v2\/posts"}],"about":[{"href":"http:\/\/universofamilia.com\/ro\/wp-json\/wp\/v2\/types\/post"}],"replies":[{"embeddable":true,"href":"http:\/\/universofamilia.com\/ro\/wp-json\/wp\/v2\/comments?post=1797"}],"version-history":[{"count":0,"href":"http:\/\/universofamilia.com\/ro\/wp-json\/wp\/v2\/posts\/1797\/revisions"}],"wp:featuredmedia":[{"embeddable":true,"href":"http:\/\/universofamilia.com\/ro\/wp-json\/wp\/v2\/media\/1912"}],"wp:attachment":[{"href":"http:\/\/universofamilia.com\/ro\/wp-json\/wp\/v2\/media?parent=1797"}],"wp:term":[{"taxonomy":"category","embeddable":true,"href":"http:\/\/universofamilia.com\/ro\/wp-json\/wp\/v2\/categories?post=1797"},{"taxonomy":"post_tag","embeddable":true,"href":"http:\/\/universofamilia.com\/ro\/wp-json\/wp\/v2\/tags?post=1797"}],"curies":[{"name":"wp","href":"https:\/\/api.w.org\/{rel}","templated":true}]}}