{"id":1800,"date":"2023-05-25T21:25:20","date_gmt":"2023-05-25T21:25:20","guid":{"rendered":"https:\/\/universofamilia.com\/?p=1800"},"modified":"2023-05-25T21:25:20","modified_gmt":"2023-05-25T21:25:20","slug":"bebe-com-saliva-espumosa","status":"publish","type":"post","link":"http:\/\/universofamilia.com\/ro\/bebe-com-saliva-espumosa\/","title":{"rendered":"Bebelu\u0219 cu saliv\u0103 spumoas\u0103: cauze, simptome \u0219i tratament"},"content":{"rendered":"<p>Dac\u0103 e\u0219ti un p\u0103rinte \u00eengrijorat care observ\u0103 c\u0103 bebelu\u0219ul t\u0103u produce saliv\u0103 spumoas\u0103, acest articol te va ajuta s\u0103 \u00een\u021belegi posibilele cauze, simptomele asociate \u0219i op\u021biunile de tratament. Continu\u0103 s\u0103 cite\u0219ti pentru informa\u021bii importante pe aceast\u0103 tem\u0103.<\/p>\n\n\n\n<h3 class=\"wp-block-heading\">Sau ce este saliva spumoas\u0103 la bebelu\u0219i?<\/h3>\n\n\n\n<p>Saliva spumoas\u0103 se refer\u0103 la formarea de bile de nisip \u00een saliva bebelu\u0219ului, care se pot acumula \u0219i pot provoca un aspect spumos. Aceast\u0103 afec\u021biune este \u00een general inofensiv\u0103, dar este important s\u0103 \u00een\u021belege\u021bi cauzele \u0219i simptomele acesteia pentru a asigura s\u0103n\u0103tatea \u0219i bun\u0103starea copilului dumneavoastr\u0103.<\/p>\n\n\n<div class=\"wp-block-image\">\n<figure class=\"aligncenter size-full\"><img loading=\"lazy\" decoding=\"async\" width=\"550\" height=\"350\" src=\"http:\/\/universofamilia.com\/wp-content\/uploads\/sites\/148\/2023\/05\/FOTO-POST-bebe-salivando-universo-familia-.png\" alt=\"\" class=\"wp-image-1908\" srcset=\"http:\/\/universofamilia.com\/wp-content\/uploads\/sites\/148\/2023\/05\/FOTO-POST-bebe-salivando-universo-familia-.png 550w, http:\/\/universofamilia.com\/wp-content\/uploads\/sites\/148\/2023\/05\/FOTO-POST-bebe-salivando-universo-familia--300x191.png 300w\" sizes=\"(max-width: 550px) 100vw, 550px\" \/><\/figure><\/div>\n\n\n<h3 class=\"wp-block-heading\">Cauzele salivei spumoase la bebelu\u0219i<\/h3>\n\n\n\n<p>Exist\u0103 mai multe motive pentru care un bebelu\u0219 poate avea saliv\u0103 spumoas\u0103. Cele mai frecvente cauze includ:<\/p>\n\n\n\n<p>\u00cen timpul procesului de erup\u021bie a denti\u021biei, este normal ca bebelu\u0219ii s\u0103 produc\u0103 mai mult\u0103 saliv\u0103. Combina\u021bia dintre saliva suplimentar\u0103 \u0219i mi\u0219carea limbajului poate duce la o saliva spumoas\u0103.<\/p>\n\n\n\n<p>Refluxul gastroesofagian: Refluxul acid poate provoca amestecarea salivei cu acidul din stomac, cre\u00e2nd un aspect spumos.<\/p>\n\n\n\n<p>Infec\u021bii respiratorii: Unele infec\u021bii, cum ar fi r\u0103ceala \u0219i gripa, pot duce la o cre\u0219tere a produc\u021biei de saliv\u0103, provoc\u00e2nd spumare.<\/p>\n\n\n\n<h3 class=\"wp-block-heading\">Simptome asociate cu saliva spumoas\u0103 la bebelu\u0219i<\/h3>\n\n\n\n<p>Pe l\u00e2ng\u0103 propria saliv\u0103 spumoas\u0103, pot fi prezente \u0219i alte simptome, \u00een func\u021bie de cauza care st\u0103 la baza acesteia. Acorda\u021bi aten\u021bie:<\/p>\n\n\n\n<p>Irita\u021bia gingiei: Dac\u0103 bebelu\u0219ul dumneavoastr\u0103 este \u00een faza de erup\u021bie a denti\u021biei, este posibil s\u0103 prezinte \u0219i simptome precum furnic\u0103turi, usturimi \u0219i disconfort.<\/p>\n\n\n\n<p>Regurgitare: \u00cen caz de reflux gastroesofagian, bebelu\u0219ul dumneavoastr\u0103 poate avea episoade de regurgitare acid\u0103, altele dec\u00e2t saliv\u0103 spumoas\u0103.<\/p>\n\n\n\n<p>Simptome respiratorii: Dac\u0103 apare o infec\u021bie respiratorie, pute\u021bi observa simptome precum tuse, congestie nazal\u0103 \u0219i spiracule.<\/p>\n\n\n\n<h3 class=\"wp-block-heading\">Tratament \u0219i \u00eengrijire<\/h3>\n\n\n\n<p>Tratamentul pentru saliva spumoas\u0103 la bebelu\u0219i depinde de cauza principal\u0103. Iat\u0103 c\u00e2teva m\u0103suri pe care le pute\u021bi lua:<\/p>\n\n\n\n<p>Din\u021bi: Oferi\u021bi bebelu\u0219ului juc\u0103rii de denti\u021bie \u0219i obiecte sigure de care s\u0103 mu\u0219te. Acest lucru poate ajuta la ameliorarea durerii gingivale \u0219i la reducerea produc\u021biei excesive de saliv\u0103.<\/p>\n\n\n\n<p>Reflux gastroesofagian: Consulta\u021bi medicul pediatru pentru \u00eendrum\u0103ri specifice privind dieta \u0219i medicamentele adecvate pentru controlul refluxului acid.<\/p>\n\n\n\n<p>Infec\u021bii respiratorii: Men\u021bine\u021bi mediul curat \u0219i f\u0103r\u0103 germeni. Folosi\u021bi un umidificator pentru a ajuta la ameliorarea congestiei nazale \u0219i urma\u021bi instruc\u021biunile medicului dumneavoastr\u0103 privind medicamentele \u0219i \u00eengrijirile suplimentare.<\/p>\n\n\n\n<h3 class=\"wp-block-heading\">Concluzie<\/h3>\n\n\n\n<p>\u00centruc\u00e2t saliva spumoas\u0103 la bebelu\u0219i poate fi o preocupare pentru \u021bara dumneavoastr\u0103, este important s\u0103 \u00een\u021belege\u021bi c\u0103, \u00een majoritatea cazurilor, aceast\u0103 afec\u021biune este benign\u0103 \u0219i temporar\u0103. \u00cen\u021belegerea cauzelor care stau la baza acesteia \u0219i a dou\u0103 simptome asociate poate ajuta la identificarea momentului \u00een care este necesar\u0103 solicitarea de asisten\u021b\u0103 medical\u0103.<\/p>\n\n\n\n<p>Re\u021bine\u021bi c\u0103 fiecare bebelu\u0219 este unic \u0219i c\u0103 ceea ce func\u021bioneaz\u0103 pentru unul poate s\u0103 nu func\u021bioneze pentru altul. Prin urmare, este esen\u021bial s\u0103 observa\u021bi comportamentul copilului dumneavoastr\u0103 \u0219i s\u0103 solicita\u021bi \u00eendrumare medical\u0103 dac\u0103 ave\u021bi nel\u0103muriri.<\/p>\n\n\n\n<p>Sper c\u0103 \u021bi-am fost de ajutor \u0219i c\u0103 \u021bi s-a spus cum e cu compartimentul t\u0103u, care ne-a fost at\u00e2t de util. Ah! \u021ai-a pl\u0103cut aceast\u0103 postare.<\/p>\n\n\n\n<blockquote class=\"wp-block-quote\">\n<h5 class=\"wp-block-heading\"><em>Note: Materialele \u0219i informa\u021biile de pe pagina Universo Fam\u00edlia nu sunt destinate diagnostic\u0103rii medicale \u0219i nici nu ar trebui utilizate ca atare. <strong>Ar trebui s\u0103 consulta\u021bi \u00eentotdeauna un medic sau un profesionist calificat din domeniul s\u0103n\u0103t\u0103\u021bii cu privire la nevoile dumneavoastr\u0103 reale.<\/strong>.<\/em><\/h5>\n<\/blockquote>\n\n\n\n<h3 class=\"wp-block-heading\">Vezi \u0219i:<\/h3>\n\n\n\n<p><a href=\"http:\/\/universofamilia.com\/ro\/rotina-ideal-para-a-familia-dormir-bem\/\" target=\"_blank\" rel=\"noreferrer noopener\">Rotina Ideal pentru ca familia s\u0103 doarm\u0103 bine<\/a><\/p>\n\n\n\n<p><a href=\"http:\/\/universofamilia.com\/ro\/muco-nas-fezes-do-bebe-quando-e-normal-e-quando-se-preocupar\/\" target=\"_blank\" rel=\"noreferrer noopener\">Mucozitatea fe\u021belor: c\u00e2nd este normal\u0103 \u0219i c\u00e2nd ar trebui s\u0103 v\u0103 face\u021bi griji?<\/a><\/p>\n\n\n\n<p><a href=\"https:\/\/www.luzbaby.com.br\/\" target=\"_blank\" rel=\"noreferrer noopener\">A Luz Baby este unul dintre cele mai bune magazine de produse pentru sugari. Click aici.<\/a><\/p>","protected":false},"excerpt":{"rendered":"<p>Dac\u0103 e\u0219ti un p\u0103rinte \u00eengrijorat care observ\u0103 c\u0103 bebelu\u0219ul t\u0103u produce saliv\u0103 spumoas\u0103, acest articol te va ajuta s\u0103 \u00een\u021belegi posibilele cauze, simptomele asociate \u0219i op\u021biunile de tratament. Continu\u0103 s\u0103 cite\u0219ti pentru informa\u021bii importante pe aceast\u0103 tem\u0103.<\/p>","protected":false},"author":0,"featured_media":1909,"comment_status":"closed","ping_status":"open","sticky":false,"template":"","format":"standard","meta":{"footnotes":""},"categories":[5],"tags":[508,1161,1437],"yoast_head":"<!-- This site is optimized with the Yoast SEO plugin v23.3 - https:\/\/yoast.com\/wordpress\/plugins\/seo\/ -->\n<title>Beb\u00ea com Saliva Espumosa: Causas, Sintomas e Tratamento - Universo Fam\u00edlia<\/title>\n<meta name=\"description\" content=\"Se voc\u00ea \u00e9 um pai ou m\u00e3e preocupado, que notou que o seu beb\u00ea est\u00e1 produzindo saliva espumosa\" \/>\n<meta name=\"robots\" content=\"index, follow, max-snippet:-1, max-image-preview:large, max-video-preview:-1\" \/>\n<link rel=\"canonical\" href=\"http:\/\/universofamilia.com\/ro\/bebe-com-saliva-espumosa\/\" \/>\n<meta property=\"og:locale\" content=\"ro_RO\" \/>\n<meta property=\"og:type\" content=\"article\" \/>\n<meta property=\"og:title\" content=\"Beb\u00ea com Saliva Espumosa: Causas, Sintomas e Tratamento - Universo Fam\u00edlia\" \/>\n<meta property=\"og:description\" content=\"Se voc\u00ea \u00e9 um pai ou m\u00e3e preocupado, que notou que o seu beb\u00ea est\u00e1 produzindo saliva espumosa\" \/>\n<meta property=\"og:url\" content=\"http:\/\/universofamilia.com\/ro\/bebe-com-saliva-espumosa\/\" \/>\n<meta property=\"og:site_name\" content=\"Universo Fam\u00edlia\" \/>\n<meta property=\"article:published_time\" content=\"2023-05-25T21:25:20+00:00\" \/>\n<meta property=\"og:image\" content=\"http:\/\/universofamilia.com\/wp-content\/uploads\/sites\/148\/2023\/05\/FOTO-DESTAQUE-bebe-salivando-universo-familia-448x350-.png\" \/>\n\t<meta property=\"og:image:width\" content=\"448\" \/>\n\t<meta property=\"og:image:height\" content=\"350\" \/>\n\t<meta property=\"og:image:type\" content=\"image\/png\" \/>\n<meta name=\"twitter:card\" content=\"summary_large_image\" \/>\n<meta name=\"twitter:label1\" content=\"Est. reading time\" \/>\n\t<meta name=\"twitter:data1\" content=\"4 minute\" \/>\n<script type=\"application\/ld+json\" class=\"yoast-schema-graph\">{\"@context\":\"https:\/\/schema.org\",\"@graph\":[{\"@type\":\"WebPage\",\"@id\":\"http:\/\/universofamilia.com\/ko\/bebe-com-saliva-espumosa\/\",\"url\":\"http:\/\/universofamilia.com\/ko\/bebe-com-saliva-espumosa\/\",\"name\":\"Beb\u00ea com Saliva Espumosa: Causas, Sintomas e Tratamento - Universo Fam\u00edlia\",\"isPartOf\":{\"@id\":\"https:\/\/universofamilia.com\/el\/#website\"},\"primaryImageOfPage\":{\"@id\":\"http:\/\/universofamilia.com\/ko\/bebe-com-saliva-espumosa\/#primaryimage\"},\"image\":{\"@id\":\"http:\/\/universofamilia.com\/ko\/bebe-com-saliva-espumosa\/#primaryimage\"},\"thumbnailUrl\":\"http:\/\/universofamilia.com\/wp-content\/uploads\/sites\/148\/2023\/05\/FOTO-DESTAQUE-bebe-salivando-universo-familia-448x350-.png\",\"datePublished\":\"2023-05-25T21:25:20+00:00\",\"dateModified\":\"2023-05-25T21:25:20+00:00\",\"author\":{\"@id\":\"\"},\"description\":\"Se voc\u00ea \u00e9 um pai ou m\u00e3e preocupado, que notou que o seu beb\u00ea est\u00e1 produzindo saliva espumosa\",\"breadcrumb\":{\"@id\":\"http:\/\/universofamilia.com\/ko\/bebe-com-saliva-espumosa\/#breadcrumb\"},\"inLanguage\":\"ro-RO\",\"potentialAction\":[{\"@type\":\"ReadAction\",\"target\":[\"http:\/\/universofamilia.com\/ko\/bebe-com-saliva-espumosa\/\"]}]},{\"@type\":\"ImageObject\",\"inLanguage\":\"ro-RO\",\"@id\":\"http:\/\/universofamilia.com\/ko\/bebe-com-saliva-espumosa\/#primaryimage\",\"url\":\"http:\/\/universofamilia.com\/wp-content\/uploads\/sites\/148\/2023\/05\/FOTO-DESTAQUE-bebe-salivando-universo-familia-448x350-.png\",\"contentUrl\":\"http:\/\/universofamilia.com\/wp-content\/uploads\/sites\/148\/2023\/05\/FOTO-DESTAQUE-bebe-salivando-universo-familia-448x350-.png\",\"width\":448,\"height\":350},{\"@type\":\"BreadcrumbList\",\"@id\":\"http:\/\/universofamilia.com\/ko\/bebe-com-saliva-espumosa\/#breadcrumb\",\"itemListElement\":[{\"@type\":\"ListItem\",\"position\":1,\"name\":\"Home\",\"item\":\"https:\/\/universofamilia.com\/el\/\"},{\"@type\":\"ListItem\",\"position\":2,\"name\":\"Beb\u00ea com Saliva Espumosa: Causas, Sintomas e Tratamento\"}]},{\"@type\":\"WebSite\",\"@id\":\"https:\/\/universofamilia.com\/el\/#website\",\"url\":\"https:\/\/universofamilia.com\/el\/\",\"name\":\"Universo Fam\u00edlia\",\"description\":\"\",\"potentialAction\":[{\"@type\":\"SearchAction\",\"target\":{\"@type\":\"EntryPoint\",\"urlTemplate\":\"https:\/\/universofamilia.com\/el\/?s={search_term_string}\"},\"query-input\":\"required name=search_term_string\"}],\"inLanguage\":\"ro-RO\"}]}<\/script>\n<!-- \/ Yoast SEO plugin. -->","yoast_head_json":{"title":"Beb\u00ea com Saliva Espumosa: Causas, Sintomas e Tratamento - Universo Fam\u00edlia","description":"Se voc\u00ea \u00e9 um pai ou m\u00e3e preocupado, que notou que o seu beb\u00ea est\u00e1 produzindo saliva espumosa","robots":{"index":"index","follow":"follow","max-snippet":"max-snippet:-1","max-image-preview":"max-image-preview:large","max-video-preview":"max-video-preview:-1"},"canonical":"http:\/\/universofamilia.com\/ro\/bebe-com-saliva-espumosa\/","og_locale":"ro_RO","og_type":"article","og_title":"Beb\u00ea com Saliva Espumosa: Causas, Sintomas e Tratamento - Universo Fam\u00edlia","og_description":"Se voc\u00ea \u00e9 um pai ou m\u00e3e preocupado, que notou que o seu beb\u00ea est\u00e1 produzindo saliva espumosa","og_url":"http:\/\/universofamilia.com\/ro\/bebe-com-saliva-espumosa\/","og_site_name":"Universo Fam\u00edlia","article_published_time":"2023-05-25T21:25:20+00:00","og_image":[{"width":448,"height":350,"url":"http:\/\/universofamilia.com\/wp-content\/uploads\/sites\/148\/2023\/05\/FOTO-DESTAQUE-bebe-salivando-universo-familia-448x350-.png","type":"image\/png"}],"twitter_card":"summary_large_image","twitter_misc":{"Est. reading time":"4 minute"},"schema":{"@context":"https:\/\/schema.org","@graph":[{"@type":"WebPage","@id":"http:\/\/universofamilia.com\/ko\/bebe-com-saliva-espumosa\/","url":"http:\/\/universofamilia.com\/ko\/bebe-com-saliva-espumosa\/","name":"Beb\u00ea com Saliva Espumosa: Causas, Sintomas e Tratamento - Universo Fam\u00edlia","isPartOf":{"@id":"https:\/\/universofamilia.com\/el\/#website"},"primaryImageOfPage":{"@id":"http:\/\/universofamilia.com\/ko\/bebe-com-saliva-espumosa\/#primaryimage"},"image":{"@id":"http:\/\/universofamilia.com\/ko\/bebe-com-saliva-espumosa\/#primaryimage"},"thumbnailUrl":"http:\/\/universofamilia.com\/wp-content\/uploads\/sites\/148\/2023\/05\/FOTO-DESTAQUE-bebe-salivando-universo-familia-448x350-.png","datePublished":"2023-05-25T21:25:20+00:00","dateModified":"2023-05-25T21:25:20+00:00","author":{"@id":""},"description":"Se voc\u00ea \u00e9 um pai ou m\u00e3e preocupado, que notou que o seu beb\u00ea est\u00e1 produzindo saliva espumosa","breadcrumb":{"@id":"http:\/\/universofamilia.com\/ko\/bebe-com-saliva-espumosa\/#breadcrumb"},"inLanguage":"ro-RO","potentialAction":[{"@type":"ReadAction","target":["http:\/\/universofamilia.com\/ko\/bebe-com-saliva-espumosa\/"]}]},{"@type":"ImageObject","inLanguage":"ro-RO","@id":"http:\/\/universofamilia.com\/ko\/bebe-com-saliva-espumosa\/#primaryimage","url":"http:\/\/universofamilia.com\/wp-content\/uploads\/sites\/148\/2023\/05\/FOTO-DESTAQUE-bebe-salivando-universo-familia-448x350-.png","contentUrl":"http:\/\/universofamilia.com\/wp-content\/uploads\/sites\/148\/2023\/05\/FOTO-DESTAQUE-bebe-salivando-universo-familia-448x350-.png","width":448,"height":350},{"@type":"BreadcrumbList","@id":"http:\/\/universofamilia.com\/ko\/bebe-com-saliva-espumosa\/#breadcrumb","itemListElement":[{"@type":"ListItem","position":1,"name":"Home","item":"https:\/\/universofamilia.com\/el\/"},{"@type":"ListItem","position":2,"name":"Beb\u00ea com Saliva Espumosa: Causas, Sintomas e Tratamento"}]},{"@type":"WebSite","@id":"https:\/\/universofamilia.com\/el\/#website","url":"https:\/\/universofamilia.com\/el\/","name":"Universo Fam\u00edlia","description":"","potentialAction":[{"@type":"SearchAction","target":{"@type":"EntryPoint","urlTemplate":"https:\/\/universofamilia.com\/el\/?s={search_term_string}"},"query-input":"required name=search_term_string"}],"inLanguage":"ro-RO"}]}},"_links":{"self":[{"href":"http:\/\/universofamilia.com\/ro\/wp-json\/wp\/v2\/posts\/1800"}],"collection":[{"href":"http:\/\/universofamilia.com\/ro\/wp-json\/wp\/v2\/posts"}],"about":[{"href":"http:\/\/universofamilia.com\/ro\/wp-json\/wp\/v2\/types\/post"}],"replies":[{"embeddable":true,"href":"http:\/\/universofamilia.com\/ro\/wp-json\/wp\/v2\/comments?post=1800"}],"version-history":[{"count":0,"href":"http:\/\/universofamilia.com\/ro\/wp-json\/wp\/v2\/posts\/1800\/revisions"}],"wp:featuredmedia":[{"embeddable":true,"href":"http:\/\/universofamilia.com\/ro\/wp-json\/wp\/v2\/media\/1909"}],"wp:attachment":[{"href":"http:\/\/universofamilia.com\/ro\/wp-json\/wp\/v2\/media?parent=1800"}],"wp:term":[{"taxonomy":"category","embeddable":true,"href":"http:\/\/universofamilia.com\/ro\/wp-json\/wp\/v2\/categories?post=1800"},{"taxonomy":"post_tag","embeddable":true,"href":"http:\/\/universofamilia.com\/ro\/wp-json\/wp\/v2\/tags?post=1800"}],"curies":[{"name":"wp","href":"https:\/\/api.w.org\/{rel}","templated":true}]}}