{"id":1802,"date":"2023-05-25T21:51:11","date_gmt":"2023-05-25T21:51:11","guid":{"rendered":"https:\/\/universofamilia.com\/?p=1802"},"modified":"2023-05-25T21:51:11","modified_gmt":"2023-05-25T21:51:11","slug":"tamanho-das-ropinhas-da-carters","status":"publish","type":"post","link":"http:\/\/universofamilia.com\/ro\/tamanho-das-ropinhas-da-carters\/","title":{"rendered":"Dimensiunea Carters Ropinhas"},"content":{"rendered":"<p>Afl\u0103 tot ce trebuie s\u0103 \u0219tii despre m\u0103rimile hainelor de la renumitul brand Carters.<\/p>\n\n\n\n<p>\u00cen acest ghid complet, vom oferi informa\u021bii valoroase despre cum s\u0103 alege\u021bi m\u0103rimea potrivit\u0103 pentru bebelu\u0219ul dumneavoastr\u0103, garant\u00e2nd confort \u0219i stil \u00een toate fazele cre\u0219terii sale.<\/p>\n\n\n\n<p>Continu\u0103 s\u0103 cite\u0219ti pentru a descoperi sfaturi, \u00eendrum\u0103ri privind m\u0103sur\u0103torile \u0219i sugestii pentru a te asigura c\u0103 achizi\u021biile tale sunt perfecte.<\/p>\n\n\n\n<h3 class=\"wp-block-heading\">Tabel de conversie a dimensiunilor<\/h3>\n\n\n\n<p>Pentru a u\u0219ura \u0219i mai mult lucrurile pentru \u0219coala dumneavoastr\u0103, Carters ofer\u0103 un tabel de conversie a dimensiunilor la \u00eendem\u00e2n\u0103.<\/p>\n\n\n\n<p>Acest tabel v\u0103 permite s\u0103 compara\u021bi m\u0103sur\u0103torile bebelu\u0219ului cu m\u0103rimile Carters, fie \u00een centimetri, fie \u00een lungime.<\/p>\n\n\n\n<p>\u00cen acest fel, po\u021bi lua o decizie \u00een cuno\u0219tin\u021b\u0103 de cauz\u0103 atunci c\u00e2nd cumperi haine de marc\u0103.<\/p>\n\n\n\n<p>Uite tabelul de mai jos \u0219i sper din tot sufletul s\u0103 te ajute:<\/p>\n\n\n<div class=\"wp-block-image\">\n<figure class=\"aligncenter size-full is-resized\"><img loading=\"lazy\" decoding=\"async\" src=\"http:\/\/universofamilia.com\/wp-content\/uploads\/sites\/148\/2023\/05\/tamanhocartersbebemenor-UNIVERSO-FAMILIA.jpg\" alt=\"\" class=\"wp-image-1803\" width=\"585\" height=\"430\" srcset=\"http:\/\/universofamilia.com\/wp-content\/uploads\/sites\/148\/2023\/05\/tamanhocartersbebemenor-UNIVERSO-FAMILIA.jpg 400w, http:\/\/universofamilia.com\/wp-content\/uploads\/sites\/148\/2023\/05\/tamanhocartersbebemenor-UNIVERSO-FAMILIA-300x221.jpg 300w\" sizes=\"(max-width: 585px) 100vw, 585px\" \/><\/figure><\/div>\n\n\n<p>\u201eToddler\u201d este o defini\u021bie pentru bebelu\u0219ii mai mari care nu mai merg, ok, este foarte comun \u00een SUA s\u0103 numim acest grup de copii.<\/p>\n\n\n<div class=\"wp-block-image\">\n<figure class=\"aligncenter size-full is-resized\"><img loading=\"lazy\" decoding=\"async\" src=\"http:\/\/universofamilia.com\/wp-content\/uploads\/sites\/148\/2023\/05\/TABELA-de-2-a-5T-UNIVERSO-FAMILIA.png\" alt=\"\" class=\"wp-image-1804\" width=\"591\" height=\"298\" srcset=\"http:\/\/universofamilia.com\/wp-content\/uploads\/sites\/148\/2023\/05\/TABELA-de-2-a-5T-UNIVERSO-FAMILIA.png 409w, http:\/\/universofamilia.com\/wp-content\/uploads\/sites\/148\/2023\/05\/TABELA-de-2-a-5T-UNIVERSO-FAMILIA-300x151.png 300w\" sizes=\"(max-width: 591px) 100vw, 591px\" \/><\/figure><\/div>\n\n<div class=\"wp-block-image\">\n<figure class=\"aligncenter size-full is-resized\"><img loading=\"lazy\" decoding=\"async\" src=\"http:\/\/universofamilia.com\/wp-content\/uploads\/sites\/148\/2023\/05\/TABELA-de-4-a-xlT-UNIVERSO-FAMILIA.png\" alt=\"\" class=\"wp-image-1805\" width=\"587\" height=\"618\" srcset=\"http:\/\/universofamilia.com\/wp-content\/uploads\/sites\/148\/2023\/05\/TABELA-de-4-a-xlT-UNIVERSO-FAMILIA.png 384w, http:\/\/universofamilia.com\/wp-content\/uploads\/sites\/148\/2023\/05\/TABELA-de-4-a-xlT-UNIVERSO-FAMILIA-285x300.png 285w\" sizes=\"(max-width: 587px) 100vw, 587px\" \/><\/figure><\/div>\n\n\n<h3 class=\"wp-block-heading\">Concluzie:<\/h3>\n\n\n\n<p>Alegerea m\u0103rimii potrivite pentru hainele marca Carters este esen\u021bial\u0103 pentru a asigura confortul bebelu\u0219ului dumneavoastr\u0103.<\/p>\n\n\n\n<p>Folose\u0219te ghidul de m\u0103sur\u0103tori, tabelul de conversa\u021bie \u0219i recenziile altor clien\u021bi pentru a face achizi\u021biile cu \u00eencredere. Investe\u0219te \u00een lucruri care vor \u00eenso\u021bi cre\u0219terea copilului t\u0103u, garant\u00e2nd stil \u0219i frumuse\u021be \u00een toate fazele.<\/p>\n\n\n\n<p>Cu Carters, ve\u021bi fi siguri c\u0103 achizi\u021biona\u021bi haine de \u00eenalt\u0103 calitate, create cu grij\u0103 \u0219i aten\u021bie la detalii.<\/p>\n\n\n\n<p>Nu \u00eenceta s\u0103 profi\u021bi de marea varietate de stiluri \u0219i modele oferite de Carters, de la adorabilii macaco p\u00e2n\u0103 la seturi de \u021binute elegante.<\/p>\n\n\n\n<p>Cunosc\u00e2nd m\u0103rimile potrivite, vei putea s\u0103-\u021bi \u00eembraci bebelu\u0219ul cu \u00eencredere, \u0219tiind c\u0103 este confortabil \u0219i bine \u00eembr\u0103cat.<\/p>\n\n\n\n<p>Alege anumite haine pentru bebelu\u0219ul t\u0103u \u0219i una dintre bucuriile maternit\u0103\u021bii\/paternit\u0103\u021bii. Cu informa\u021biile furnizate \u00een acest ghid, ve\u021bi avea toate instrumentele necesare pentru a face achizi\u021bii inteligente \u0219i a lua decizii informate.<\/p>\n\n\n\n<p>Prin urmare, nu mai a\u0219tepta\u021bi!<\/p>\n\n\n\n<p>Exploreaz\u0103 linia de haine marca Carters \u0219i ofer\u0103-i bebelu\u0219ului t\u0103u confortul \u0219i stilul pe care le merit\u0103.<\/p>\n\n\n\n<p>Cu grija Carters pentru m\u0103rimile potrivite, vei fi preg\u0103tit\u0103 s\u0103-\u021bi \u00eembraci micu\u021bul cu \u00eencredere \u0219i s\u0103 profi\u021bi de fiecare moment pre\u021bios \u00eempreun\u0103.<\/p>\n\n\n\n<p>Sper c\u0103 \u021bi-am fost ajutat \u0219i c\u0103 te-am informat despre compartimentul t\u0103u care ne este at\u00e2t de util. Ah! Dac\u0103 \u021bi-a pl\u0103cut aceast\u0103 postare,<\/p>\n\n\n\n<h3 class=\"wp-block-heading\">Vezi \u0219i:<\/h3>\n\n\n\n<p><a href=\"http:\/\/universofamilia.com\/ro\/rotina-ideal-para-a-familia-dormir-bem\/\" target=\"_blank\" rel=\"noreferrer noopener\">Rotina Ideal pentru ca familia s\u0103 doarm\u0103 bine<\/a><\/p>\n\n\n\n<p><a href=\"http:\/\/universofamilia.com\/ro\/muco-nas-fezes-do-bebe-quando-e-normal-e-quando-se-preocupar\/\" target=\"_blank\" rel=\"noreferrer noopener\">Mucozitatea fe\u021belor: c\u00e2nd este normal\u0103 \u0219i c\u00e2nd ar trebui s\u0103 v\u0103 face\u021bi griji?<\/a><\/p>\n\n\n\n<p><a href=\"https:\/\/www.luzbaby.com.br\/\" target=\"_blank\" rel=\"noreferrer noopener\">A Luz Baby este unul dintre cele mai bune magazine de produse pentru sugari. Click aici.<\/a><\/p>","protected":false},"excerpt":{"rendered":"<p>Afl\u0103 tot ce trebuie s\u0103 \u0219tii despre m\u0103rimile hainelor de la renumitul brand Carters. \u00cen acest ghid complet, vom oferi informa\u021bii valoroase despre cum s\u0103 alege\u021bi m\u0103rimea potrivit\u0103 pentru bebelu\u0219ul dumneavoastr\u0103, garant\u00e2nd confort \u0219i stil \u00een toate fazele cre\u0219terii sale. Continu\u0103 s\u0103 cite\u0219ti pentru a descoperi sfaturi, \u00eendrum\u0103ri privind m\u0103sur\u0103torile \u0219i sugestii pentru a te asigura c\u0103 achizi\u021biile tale sunt perfecte.<\/p>","protected":false},"author":0,"featured_media":1907,"comment_status":"closed","ping_status":"open","sticky":false,"template":"","format":"standard","meta":{"footnotes":""},"categories":[5],"tags":[1023,1161,1504],"yoast_head":"<!-- This site is optimized with the Yoast SEO plugin v23.3 - https:\/\/yoast.com\/wordpress\/plugins\/seo\/ -->\n<title>Tamanho das Ropinhas da Carters - Universo Fam\u00edlia<\/title>\n<meta name=\"description\" content=\"Descubra tudo o que voc\u00ea precisa saber sobre o tamanho das roupinhas da renomada marca Carters.\" \/>\n<meta name=\"robots\" content=\"index, follow, max-snippet:-1, max-image-preview:large, max-video-preview:-1\" \/>\n<link rel=\"canonical\" href=\"http:\/\/universofamilia.com\/ro\/tamanho-das-ropinhas-da-carters\/\" \/>\n<meta property=\"og:locale\" content=\"ro_RO\" \/>\n<meta property=\"og:type\" content=\"article\" \/>\n<meta property=\"og:title\" content=\"Tamanho das Ropinhas da Carters - Universo Fam\u00edlia\" \/>\n<meta property=\"og:description\" content=\"Descubra tudo o que voc\u00ea precisa saber sobre o tamanho das roupinhas da renomada marca Carters.\" \/>\n<meta property=\"og:url\" content=\"http:\/\/universofamilia.com\/ro\/tamanho-das-ropinhas-da-carters\/\" \/>\n<meta property=\"og:site_name\" content=\"Universo Fam\u00edlia\" \/>\n<meta property=\"article:published_time\" content=\"2023-05-25T21:51:11+00:00\" \/>\n<meta property=\"og:image\" content=\"http:\/\/universofamilia.com\/wp-content\/uploads\/sites\/148\/2023\/05\/FOTO-DESTAQUE-448x350-.png\" \/>\n\t<meta property=\"og:image:width\" content=\"448\" \/>\n\t<meta property=\"og:image:height\" content=\"350\" \/>\n\t<meta property=\"og:image:type\" content=\"image\/png\" \/>\n<meta name=\"twitter:card\" content=\"summary_large_image\" \/>\n<meta name=\"twitter:label1\" content=\"Est. reading time\" \/>\n\t<meta name=\"twitter:data1\" content=\"3 minute\" \/>\n<script type=\"application\/ld+json\" class=\"yoast-schema-graph\">{\"@context\":\"https:\/\/schema.org\",\"@graph\":[{\"@type\":\"WebPage\",\"@id\":\"http:\/\/universofamilia.com\/ru\/tamanho-das-ropinhas-da-carters\/\",\"url\":\"http:\/\/universofamilia.com\/ru\/tamanho-das-ropinhas-da-carters\/\",\"name\":\"Tamanho das Ropinhas da Carters - Universo Fam\u00edlia\",\"isPartOf\":{\"@id\":\"http:\/\/universofamilia.com\/ru\/#website\"},\"primaryImageOfPage\":{\"@id\":\"http:\/\/universofamilia.com\/ru\/tamanho-das-ropinhas-da-carters\/#primaryimage\"},\"image\":{\"@id\":\"http:\/\/universofamilia.com\/ru\/tamanho-das-ropinhas-da-carters\/#primaryimage\"},\"thumbnailUrl\":\"http:\/\/universofamilia.com\/wp-content\/uploads\/sites\/148\/2023\/05\/FOTO-DESTAQUE-448x350-.png\",\"datePublished\":\"2023-05-25T21:51:11+00:00\",\"dateModified\":\"2023-05-25T21:51:11+00:00\",\"author\":{\"@id\":\"\"},\"description\":\"Descubra tudo o que voc\u00ea precisa saber sobre o tamanho das roupinhas da renomada marca Carters.\",\"breadcrumb\":{\"@id\":\"http:\/\/universofamilia.com\/ru\/tamanho-das-ropinhas-da-carters\/#breadcrumb\"},\"inLanguage\":\"ro-RO\",\"potentialAction\":[{\"@type\":\"ReadAction\",\"target\":[\"http:\/\/universofamilia.com\/ru\/tamanho-das-ropinhas-da-carters\/\"]}]},{\"@type\":\"ImageObject\",\"inLanguage\":\"ro-RO\",\"@id\":\"http:\/\/universofamilia.com\/ru\/tamanho-das-ropinhas-da-carters\/#primaryimage\",\"url\":\"http:\/\/universofamilia.com\/wp-content\/uploads\/sites\/148\/2023\/05\/FOTO-DESTAQUE-448x350-.png\",\"contentUrl\":\"http:\/\/universofamilia.com\/wp-content\/uploads\/sites\/148\/2023\/05\/FOTO-DESTAQUE-448x350-.png\",\"width\":448,\"height\":350},{\"@type\":\"BreadcrumbList\",\"@id\":\"http:\/\/universofamilia.com\/ru\/tamanho-das-ropinhas-da-carters\/#breadcrumb\",\"itemListElement\":[{\"@type\":\"ListItem\",\"position\":1,\"name\":\"Home\",\"item\":\"http:\/\/universofamilia.com\/ru\/\"},{\"@type\":\"ListItem\",\"position\":2,\"name\":\"Tamanho das Ropinhas da Carters\"}]},{\"@type\":\"WebSite\",\"@id\":\"http:\/\/universofamilia.com\/ru\/#website\",\"url\":\"http:\/\/universofamilia.com\/ru\/\",\"name\":\"Universo Fam\u00edlia\",\"description\":\"\",\"potentialAction\":[{\"@type\":\"SearchAction\",\"target\":{\"@type\":\"EntryPoint\",\"urlTemplate\":\"http:\/\/universofamilia.com\/ru\/?s={search_term_string}\"},\"query-input\":\"required name=search_term_string\"}],\"inLanguage\":\"ro-RO\"}]}<\/script>\n<!-- \/ Yoast SEO plugin. -->","yoast_head_json":{"title":"Tamanho das Ropinhas da Carters - Universo Fam\u00edlia","description":"Descubra tudo o que voc\u00ea precisa saber sobre o tamanho das roupinhas da renomada marca Carters.","robots":{"index":"index","follow":"follow","max-snippet":"max-snippet:-1","max-image-preview":"max-image-preview:large","max-video-preview":"max-video-preview:-1"},"canonical":"http:\/\/universofamilia.com\/ro\/tamanho-das-ropinhas-da-carters\/","og_locale":"ro_RO","og_type":"article","og_title":"Tamanho das Ropinhas da Carters - Universo Fam\u00edlia","og_description":"Descubra tudo o que voc\u00ea precisa saber sobre o tamanho das roupinhas da renomada marca Carters.","og_url":"http:\/\/universofamilia.com\/ro\/tamanho-das-ropinhas-da-carters\/","og_site_name":"Universo Fam\u00edlia","article_published_time":"2023-05-25T21:51:11+00:00","og_image":[{"width":448,"height":350,"url":"http:\/\/universofamilia.com\/wp-content\/uploads\/sites\/148\/2023\/05\/FOTO-DESTAQUE-448x350-.png","type":"image\/png"}],"twitter_card":"summary_large_image","twitter_misc":{"Est. reading time":"3 minute"},"schema":{"@context":"https:\/\/schema.org","@graph":[{"@type":"WebPage","@id":"http:\/\/universofamilia.com\/ru\/tamanho-das-ropinhas-da-carters\/","url":"http:\/\/universofamilia.com\/ru\/tamanho-das-ropinhas-da-carters\/","name":"Tamanho das Ropinhas da Carters - Universo Fam\u00edlia","isPartOf":{"@id":"http:\/\/universofamilia.com\/ru\/#website"},"primaryImageOfPage":{"@id":"http:\/\/universofamilia.com\/ru\/tamanho-das-ropinhas-da-carters\/#primaryimage"},"image":{"@id":"http:\/\/universofamilia.com\/ru\/tamanho-das-ropinhas-da-carters\/#primaryimage"},"thumbnailUrl":"http:\/\/universofamilia.com\/wp-content\/uploads\/sites\/148\/2023\/05\/FOTO-DESTAQUE-448x350-.png","datePublished":"2023-05-25T21:51:11+00:00","dateModified":"2023-05-25T21:51:11+00:00","author":{"@id":""},"description":"Descubra tudo o que voc\u00ea precisa saber sobre o tamanho das roupinhas da renomada marca Carters.","breadcrumb":{"@id":"http:\/\/universofamilia.com\/ru\/tamanho-das-ropinhas-da-carters\/#breadcrumb"},"inLanguage":"ro-RO","potentialAction":[{"@type":"ReadAction","target":["http:\/\/universofamilia.com\/ru\/tamanho-das-ropinhas-da-carters\/"]}]},{"@type":"ImageObject","inLanguage":"ro-RO","@id":"http:\/\/universofamilia.com\/ru\/tamanho-das-ropinhas-da-carters\/#primaryimage","url":"http:\/\/universofamilia.com\/wp-content\/uploads\/sites\/148\/2023\/05\/FOTO-DESTAQUE-448x350-.png","contentUrl":"http:\/\/universofamilia.com\/wp-content\/uploads\/sites\/148\/2023\/05\/FOTO-DESTAQUE-448x350-.png","width":448,"height":350},{"@type":"BreadcrumbList","@id":"http:\/\/universofamilia.com\/ru\/tamanho-das-ropinhas-da-carters\/#breadcrumb","itemListElement":[{"@type":"ListItem","position":1,"name":"Home","item":"http:\/\/universofamilia.com\/ru\/"},{"@type":"ListItem","position":2,"name":"Tamanho das Ropinhas da Carters"}]},{"@type":"WebSite","@id":"http:\/\/universofamilia.com\/ru\/#website","url":"http:\/\/universofamilia.com\/ru\/","name":"Universo Fam\u00edlia","description":"","potentialAction":[{"@type":"SearchAction","target":{"@type":"EntryPoint","urlTemplate":"http:\/\/universofamilia.com\/ru\/?s={search_term_string}"},"query-input":"required name=search_term_string"}],"inLanguage":"ro-RO"}]}},"_links":{"self":[{"href":"http:\/\/universofamilia.com\/ro\/wp-json\/wp\/v2\/posts\/1802"}],"collection":[{"href":"http:\/\/universofamilia.com\/ro\/wp-json\/wp\/v2\/posts"}],"about":[{"href":"http:\/\/universofamilia.com\/ro\/wp-json\/wp\/v2\/types\/post"}],"replies":[{"embeddable":true,"href":"http:\/\/universofamilia.com\/ro\/wp-json\/wp\/v2\/comments?post=1802"}],"version-history":[{"count":0,"href":"http:\/\/universofamilia.com\/ro\/wp-json\/wp\/v2\/posts\/1802\/revisions"}],"wp:featuredmedia":[{"embeddable":true,"href":"http:\/\/universofamilia.com\/ro\/wp-json\/wp\/v2\/media\/1907"}],"wp:attachment":[{"href":"http:\/\/universofamilia.com\/ro\/wp-json\/wp\/v2\/media?parent=1802"}],"wp:term":[{"taxonomy":"category","embeddable":true,"href":"http:\/\/universofamilia.com\/ro\/wp-json\/wp\/v2\/categories?post=1802"},{"taxonomy":"post_tag","embeddable":true,"href":"http:\/\/universofamilia.com\/ro\/wp-json\/wp\/v2\/tags?post=1802"}],"curies":[{"name":"wp","href":"https:\/\/api.w.org\/{rel}","templated":true}]}}