{"id":2760,"date":"2023-06-18T21:39:10","date_gmt":"2023-06-19T00:39:10","guid":{"rendered":"https:\/\/universofamilia.com\/?p=2760"},"modified":"2025-10-05T22:57:48","modified_gmt":"2025-10-06T01:57:48","slug":"posso-utilizar-ar-condicionado-no-quarto-do-bebe","status":"publish","type":"post","link":"http:\/\/universofamilia.com\/ro\/posso-utilizar-ar-condicionado-no-quarto-do-bebe\/","title":{"rendered":"Pot folosi balsamul \u00een camera bebelu\u0219ului?"},"content":{"rendered":"<p>A avea un copil acas\u0103 este o experien\u021b\u0103 incredibil\u0103, dar ridic\u0103 \u0219i diverse \u00eengrijor\u0103ri pentru \u021bara ta.<\/p>\n\n\n\n<p>Pot folosi balsamul \u00een camera bebelu\u0219ului? Oamenii se tem adesea s\u0103 foloseasc\u0103 un aparat de aer condi\u021bionat \u00eentr-o camer\u0103 sigur\u0103 pentru bebelu\u0219i.<\/p>\n\n\n\n<p>S\u0103 explor\u0103m beneficiile \u0219i \u00eengrijirea aferent\u0103 acestei solicit\u0103ri, precum \u0219i s\u0103 abord\u0103m \u00een\u0103l\u021bimea \u0219i loca\u021bia potrivite pentru instalarea aparatului.<\/p>\n\n\n<div class=\"wp-block-image\">\n<figure class=\"aligncenter size-full\"><img loading=\"lazy\" decoding=\"async\" width=\"550\" height=\"350\" src=\"http:\/\/universofamilia.com\/wp-content\/uploads\/sites\/148\/2023\/06\/POST-ar-condicionado-universo-familia-2.png\" alt=\"\" class=\"wp-image-2762\" srcset=\"http:\/\/universofamilia.com\/wp-content\/uploads\/sites\/148\/2023\/06\/POST-ar-condicionado-universo-familia-2.png 550w, http:\/\/universofamilia.com\/wp-content\/uploads\/sites\/148\/2023\/06\/POST-ar-condicionado-universo-familia-2-300x191.png 300w\" sizes=\"(max-width: 550px) 100vw, 550px\" \/><figcaption class=\"wp-element-caption\"><em>Fotografie: (reproducere\/internet)<\/em><\/figcaption><\/figure><\/div>\n\n\n<h3 class=\"wp-block-heading\"><strong>Beneficiile utiliz\u0103rii aerului condi\u021bionat \u00een camera bebelu\u0219ului<\/strong><\/h3>\n\n\n\n<p><strong>Controlul temperaturii<\/strong>Aerul condi\u021bionat ofer\u0103 avantajul regl\u0103rii temperaturii camerei, asigur\u00e2ndu-se c\u0103 \u00een camera bebelu\u0219ului este \u00eentotdeauna pl\u0103cut\u0103, mai ales \u00een anotimpurile mai r\u0103coroase ale anului.<\/p>\n\n\n\n<p>Men\u021binerea unei temperaturi adecvate poate ajuta la promovarea unui sunet calm \u0219i confortabil pentru bebelu\u0219ul t\u0103u.<\/p>\n\n\n\n<p><strong>Reducerea umidit\u0103\u021bii<\/strong>Pe l\u00e2ng\u0103 controlul temperaturii sau al aerului condi\u021bionat, ajut\u0103 \u0219i la reducerea umidit\u0103\u021bii ambientale.<\/p>\n\n\n\n<p>Acest lucru este deosebit de important pentru a preveni acumularea de mofos \u0219i acarieni, care pot fi d\u0103un\u0103toare s\u0103n\u0103t\u0103\u021bii respiratorii a bebelu\u0219ului.<\/p>\n\n\n\n<p><strong>Filtrarea aerului<\/strong>Multe modele de aparate de aer condi\u021bionat au filtre care ajut\u0103 la purificarea aerului, elimin\u00e2nd poluarea, polenul \u0219i al\u021bi alergeni care pot provoca disconfort respirator.<\/p>\n\n\n\n<p>De asemenea, este deosebit de benefic pentru bebelu\u0219ii care au sensibilit\u0103\u021bi respiratorii sau alergii.<\/p>\n\n\n\n<p>Leia, de asemenea <a href=\"http:\/\/universofamilia.com\/ro\/posso-utilizar-ventilador-no-quarto-do-bebe\/\" target=\"_blank\" rel=\"noreferrer noopener\">Pot folosi un ventilator \u00een camera bebelu\u0219ului?<\/a><\/p>\n\n\n\n<h3 class=\"wp-block-heading\"><strong>Aten\u021bie la utilizarea aerului condi\u021bionat \u00een camera bebelu\u0219ului<\/strong><\/h3>\n\n\n\n<p><strong>Cur\u0103\u021barea regulat\u0103 a dou\u0103 filtre<\/strong>Pentru a garanta calitatea aerului, este esen\u021bial s\u0103 cur\u0103\u021ba\u021bi \u00een mod regulat dou\u0103 filtre de aer condi\u021bionat.<\/p>\n\n\n\n<p>Aceast\u0103 ac\u021biune ajut\u0103 la prevenirea acumul\u0103rii de poluare \u0219i alergeni, asigur\u00e2nd un mediu s\u0103n\u0103tos pentru bebelu\u0219ul dumneavoastr\u0103.<\/p>\n\n\n\n<p><strong>Temperatur\u0103 adecvat\u0103<\/strong>Este important s\u0103 regla\u021bi sau s\u0103 condi\u021biona\u021bi temperatura la o temperatur\u0103 adecvat\u0103 pentru bebelu\u0219.<\/p>\n\n\n\n<p>Se recomand\u0103 men\u021binerea temperaturii \u00eentre 23\u00b0C \u0219i 25\u00b0C, asigur\u00e2nd confort termic chiar dac\u0103 mediul este foarte rece.<\/p>\n\n\n\n<p><strong>Evita\u021bi curen\u021bii direc\u021bi de aer<\/strong>Pozi\u021biona\u021bi aparatul de aer condi\u021bionat astfel \u00eenc\u00e2t fluxul de aer s\u0103 nu ajung\u0103 direct \u00een zona \u00een care doarme bebelu\u0219ul.<\/p>\n\n\n\n<p>De asemenea, poate provoca dificult\u0103\u021bi respiratorii sau chiar r\u0103celi.<\/p>\n\n\n\n<h3 class=\"wp-block-heading\"><strong>\u00cen\u0103l\u021bimea \u0219i loca\u021bia afec\u021biunii \u00een camera bebelu\u0219ului<\/strong><\/h3>\n\n\n\n<p>C\u00e2nd vine vorba de instalarea sau amenajarea camerei bebelu\u0219ului, este important s\u0103 se ia \u00een considerare \u00een\u0103l\u021bimea \u0219i amplasarea potrivit\u0103. Iat\u0103 c\u00e2teva sfaturi de urmat:<\/p>\n\n\n\n<p><strong>\u00cen\u0103l\u021bimea ideal\u0103<\/strong>Instala\u021bi sau a\u0219eza\u021bi la o \u00een\u0103l\u021bime sigur\u0103, departe de accesul bebelu\u0219ului. O \u00een\u0103l\u021bime recomandat\u0103 este de aproximativ 1,8 metri fa\u021b\u0103 de tavan.<\/p>\n\n\n\n<p>Acest lucru \u00eempiedic\u0103 accesul bebelu\u0219ului la aparat \u0219i previne posibilele accidente.<\/p>\n\n\n<div class=\"wp-block-image\">\n<figure class=\"aligncenter size-full\"><img loading=\"lazy\" decoding=\"async\" width=\"550\" height=\"350\" src=\"http:\/\/universofamilia.com\/wp-content\/uploads\/sites\/148\/2023\/06\/POST-ar-condicionado-universo-familia-.png\" alt=\"\" class=\"wp-image-2763\" srcset=\"http:\/\/universofamilia.com\/wp-content\/uploads\/sites\/148\/2023\/06\/POST-ar-condicionado-universo-familia-.png 550w, http:\/\/universofamilia.com\/wp-content\/uploads\/sites\/148\/2023\/06\/POST-ar-condicionado-universo-familia--300x191.png 300w\" sizes=\"(max-width: 550px) 100vw, 550px\" \/><figcaption class=\"wp-element-caption\"><em>Fotografie: (reproducere\/internet)<\/em><\/figcaption><\/figure><\/div>\n\n\n<p><strong>Distan\u021ba fa\u021b\u0103 de ber\u00e7o<\/strong>Asigura\u021bi-v\u0103 c\u0103 aparatul de condi\u021bionare a aerului este pozi\u021bionat la o distan\u021b\u0103 sigur\u0103 fa\u021b\u0103 de baz\u0103.<\/p>\n\n\n\n<p>Evita\u021bi plasarea unei cantit\u0103\u021bi prea mari de aer sau a unui flux de aer prea apropiat sau direct, care ar putea crea disconfort bebelu\u0219ului \u00een timpul somnului.<\/p>\n\n\n\n<p><strong>Evita\u021bi obstacolele<\/strong>Asigura\u021bi-v\u0103 c\u0103 nu exist\u0103 obiecte care obstruc\u021bioneaz\u0103 fluxul de c\u0103ldur\u0103 condi\u021bionat\u0103.<\/p>\n\n\n\n<p>De asemenea, p\u0103stra\u021bi spa\u021biul liber \u00een jurul aparatului pentru a asigura o circula\u021bie adecvat\u0103 a aerului \u00een mediu.<\/p>\n\n\n\n<h3 class=\"wp-block-heading\"><strong>Sugestie pentru instalarea aerului condi\u021bionat \u00een camera bebelu\u0219ului<\/strong><\/h3>\n\n\n\n<p>Instalarea corect\u0103 a aparatului \u00een camera bebelu\u0219ului este esen\u021bial\u0103 pentru a garanta eficien\u021ba acestuia \u0219i siguran\u021ba copiilor.<\/p>\n\n\n\n<p>Iat\u0103 c\u00e2teva \u00eendrum\u0103ri despre cum se efectueaz\u0103 instalarea \u0219i ce \u00een\u0103l\u021bime este potrivit\u0103 pentru pozi\u021bionare sau condi\u021bionare:<\/p>\n\n\n\n<p><strong>Angajeaz\u0103 un profesionist<\/strong>Se recomand\u0103 ca instalarea condi\u021biilor s\u0103 fie efectuat\u0103 de c\u0103tre un profesionist calificat.<\/p>\n\n\n\n<p>De asemenea, acest specialist de\u021bine cuno\u0219tin\u021bele tehnice necesare pentru a efectua o instalare sigur\u0103 \u0219i adecvat\u0103, reduc\u00e2nd la minimum riscurile \u0219i garant\u00e2nd buna func\u021bionare a aparatului.<\/p>\n\n\n\n<p><strong>Alege\u021bi peretele sau fereastra<\/strong>\u00cenainte de instalare sau condi\u021bionare, este important s\u0103 decide\u021bi dac\u0103 fixa\u021bi aparatul pe perete sau pe u\u0219\u0103.<\/p>\n\n\n\n<p>Aceast\u0103 alegere va depinde de caracteristicile mediului \u0219i de structura camerei bebelu\u0219ului.<\/p>\n\n\n\n<p><strong>\u00cen\u0103l\u021bime recomandat\u0103<\/strong>\u00cen\u0103l\u021bimea ideal\u0103 pentru pozi\u021bionarea sau condi\u021bionarea camerei bebelu\u0219ului este de aproximativ 1,8 metri din camera copilului. Prin urmare, aceast\u0103 \u00een\u0103l\u021bime permite distribuirea eficient\u0103 a aerului \u00een mediu, men\u021bin\u00e2nd confortul termic al bebelu\u0219ului.<\/p>\n\n\n<div class=\"wp-block-image\">\n<figure class=\"aligncenter size-full\"><img loading=\"lazy\" decoding=\"async\" width=\"550\" height=\"350\" src=\"http:\/\/universofamilia.com\/wp-content\/uploads\/sites\/148\/2023\/06\/POST-ar-condicionado-universo-familia-1-1.png\" alt=\"\" class=\"wp-image-2765\" srcset=\"http:\/\/universofamilia.com\/wp-content\/uploads\/sites\/148\/2023\/06\/POST-ar-condicionado-universo-familia-1-1.png 550w, http:\/\/universofamilia.com\/wp-content\/uploads\/sites\/148\/2023\/06\/POST-ar-condicionado-universo-familia-1-1-300x191.png 300w\" sizes=\"(max-width: 550px) 100vw, 550px\" \/><figcaption class=\"wp-element-caption\"><em>Fotografie: (reproducere\/internet)<\/em><\/figcaption><\/figure><\/div>\n\n\n<p><strong>Evita\u021bi obstacolele<\/strong>Asigura\u021bi-v\u0103 c\u0103 nu exist\u0103 obiecte mobile sau care obstruc\u021bioneaz\u0103 zona din jurul situa\u021biei. Aceste obstruc\u021bii pot \u00eempiedica circula\u021bia aerului \u0219i pot afecta eficien\u021ba aparatului.<\/p>\n\n\n\n<p><strong>Direc\u021bia fluxului de aer<\/strong>Pozi\u021biona\u021bi aparatul de aer condi\u021bionat astfel \u00eenc\u00e2t fluxul de aer s\u0103 nu fie direc\u021bionat direct c\u0103tre podea sau c\u0103tre zona \u00een care doarme bebelu\u0219ul. Isso previne disconfortul respirator cauzat de curen\u021bii direc\u021bi de aer.<\/p>\n\n\n\n<p><strong>Distan\u021b\u0103 de siguran\u021b\u0103<\/strong>Men\u021bine\u021bi o distan\u021b\u0103 sigur\u0103 \u00eentre persoana condi\u021bionat\u0103 \u0219i ber\u00e7o, evit\u00e2nd plasarea lor prea aproape unul de cel\u0103lalt.<\/p>\n\n\n\n<p>Astfel, aceast\u0103 m\u0103sur\u0103 garanteaz\u0103 c\u0103 evit\u0103m expunerea direct\u0103 a bebelu\u0219ului la fluxul de aer rece, ajut\u00e2nd la prevenirea r\u0103celilor sau a disconfortului.<\/p>\n\n\n\n<p>Asigura\u021bi-v\u0103 c\u0103 urma\u021bi \u00eentotdeauna instruc\u021biunile produc\u0103torului pentru instalarea aparatului de aer condi\u021bionat \u0219i, \u00een caz de dubiu, consulta\u021bi un profesionist specializat.<\/p>\n\n\n\n<p>De asemenea, asigur\u00e2nd o instalare \u0219i o pozi\u021bionare corect\u0103 sau o condi\u021bionare la \u00een\u0103l\u021bimea corect\u0103, ve\u021bi oferi un mediu sigur, confortabil \u0219i cu temperatur\u0103 controlat\u0103 pentru bun\u0103starea bebelu\u0219ului dumneavoastr\u0103.<\/p>\n\n\n\n<h3 class=\"wp-block-heading\"><strong>Concluzie<\/strong><\/h3>\n\n\n\n<p>Utilizarea unui sistem de aer condi\u021bionat \u00een camera bebelu\u0219ului poate avea beneficii semnificative, at\u00e2ta timp c\u00e2t ai grij\u0103 de el.<\/p>\n\n\n\n<p>Controleaz\u0103 temperatura, redu umiditatea \u0219i filtreaz\u0103 - pa\u0219ii importan\u021bi pentru a asigura un mediu sigur pentru bebelu\u0219ul t\u0103u.<\/p>\n\n\n\n<p>Este necesar s\u0103 men\u021bine\u021bi cur\u0103\u021barea regulat\u0103 a celor dou\u0103 filtre, s\u0103 regla\u021bi temperatura \u00een func\u021bie de nevoile bebelu\u0219ului \u0219i s\u0103 le pozi\u021biona\u021bi sau s\u0103 le a\u0219eza\u021bi corespunz\u0103tor, departe de accesul copilului.<\/p>\n\n\n\n<p>Astfel, urm\u00e2nd aceste \u00eendrum\u0103ri, ve\u021bi putea s\u0103 v\u0103 bucura\u021bi de un mediu pl\u0103cut \u0219i confortabil pentru bebelu\u0219ul dumneavoastr\u0103, promov\u00e2ndu-i bun\u0103starea \u0219i o calitate bun\u0103 a sunetului.<\/p>\n\n\n\n<p>Am nevoie de accesorii \u0219i \u00eembr\u0103c\u0103minte, conhe\u00e7a |&nbsp;<a href=\"https:\/\/www.luzbaby.com.br\/\" target=\"_blank\" rel=\"noreferrer noopener\">A Luz Baby este unul dintre cele mai bune magazine de produse pentru sugari. Click aici<\/a><\/p>\n\n\n\n<h3 class=\"wp-block-heading\"><strong>Mai multe informa\u021bii<\/strong><\/h3>\n\n\n\n<p>Pentru informa\u021bii mai detaliate \u0219i complete despre utilizarea aerului condi\u021bionat \u00een camera unui bebelu\u0219, se recomand\u0103 consultarea unor surse suplimentare \u0219i luarea \u00een considerare a opiniilor speciali\u0219tilor.<\/p>\n\n\n\n<p><strong>Iat\u0103 c\u00e2teva referin\u021be de \u00eencredere pe care le pute\u021bi consulta:<\/strong><\/p>\n\n\n\n<p><strong>Societatea Brazilian\u0103 de Pediatrie (SBP):<\/strong> SBP este o institu\u021bie renumit\u0103 care ofer\u0103 \u00eendrum\u0103ri \u0219i informa\u021bii privind \u00eengrijirea copiilor. Site-ul oficial (https:\/\/www.sbp.com.br\/) poate oferi \u00eendrum\u0103ri privind utilizarea aerului condi\u021bionat \u00een camera bebelu\u0219ului.<\/p>\n\n\n\n<p><strong>Asocia\u021bia Brazilian\u0103 pentru Refrigerare, Aer Condi\u021bionat, Ventila\u021bie \u0219i Ap\u0103 (ABRAVA):<\/strong> ABRAVA este o asocia\u021bie care reune\u0219te profesioni\u0219ti \u0219i companii din sectorul aerului condi\u021bionat. Acest site (https:\/\/abrava.com.br\/) poate oferi informa\u021bii tehnice despre instalarea corect\u0103 a acestei condi\u021bii.<\/p>\n\n\n\n<p><strong>Consulta\u021bi pediatri \u0219i speciali\u0219ti \u00een aer condi\u021bionat<\/strong>C\u00e2nd discut\u0103m despre utilizarea aerului condi\u021bionat \u00een camera unui bebelu\u0219, este \u00eentotdeauna valid s\u0103 cerem p\u0103rerea unor profesioni\u0219ti din domeniul s\u0103n\u0103t\u0103\u021bii \u0219i a unor speciali\u0219ti \u00een aer condi\u021bionat.<\/p>\n\n\n\n<p>Programa\u021bi o consulta\u021bie cu medicul pediatru al bebelu\u0219ului dumneavoastr\u0103 pentru a ob\u021bine \u00eendrum\u0103ri specifice bazate pe istoricul medical al copilului dumneavoastr\u0103.<\/p>\n\n\n\n<p>De asemenea, pute\u021bi consulta un specialist \u00een climatizare pentru a ob\u021bine recomand\u0103ri personalizate \u00een func\u021bie de caracteristicile mediului \u00eenconjur\u0103tor.<\/p>\n\n\n\n<p>Re\u021bine\u021bi c\u0103 orient\u0103rile pot varia \u00een func\u021bie de nevoile individuale ale bebelu\u0219ului \u0219i de condi\u021biile specifice ale mediului.<\/p>\n\n\n\n<p>Prin urmare, este important s\u0103 c\u0103uta\u021bi informa\u021bii actualizate \u0219i personalizate din surse profesionale de \u00eencredere \u0219i calificate.<\/p>","protected":false},"excerpt":{"rendered":"<p>Ter um beb\u00ea em casa \u00e9 uma experi\u00eancia incr\u00edvel, mas tamb\u00e9m traz diversas preocupa\u00e7\u00f5es para os pais. Posso Utilizar Ar Condicionado no Quarto do Beb\u00ea ? As pessoas frequentemente t\u00eam a d\u00favida se utilizar um ar condicionado no quarto do beb\u00ea \u00e9 seguro Vamos explorar os benef\u00edcios e cuidados relacionados a essa quest\u00e3o, al\u00e9m de [&hellip;]<\/p>","protected":false},"author":219,"featured_media":2766,"comment_status":"closed","ping_status":"open","sticky":false,"template":"","format":"standard","meta":{"footnotes":""},"categories":[4],"tags":[486,487,1310],"yoast_head":"<!-- This site is optimized with the Yoast SEO plugin v23.3 - https:\/\/yoast.com\/wordpress\/plugins\/seo\/ -->\n<title>Posso Utilizar Ar Condicionado no Quarto do Beb\u00ea? - Universo Fam\u00edlia<\/title>\n<meta name=\"description\" content=\"Posso Utilizar Ar Condicionado no Quarto do Beb\u00ea? Ter um beb\u00ea em casa \u00e9 uma experi\u00eancia incr\u00edvel, mas tamb\u00e9m traz diversas preocupa\u00e7\u00f5es para\" \/>\n<meta name=\"robots\" content=\"index, follow, max-snippet:-1, max-image-preview:large, max-video-preview:-1\" \/>\n<link rel=\"canonical\" href=\"https:\/\/universofamilia.com\/ro\/posso-utilizar-ar-condicionado-no-quarto-do-bebe\/\" \/>\n<meta property=\"og:locale\" content=\"ro_RO\" \/>\n<meta property=\"og:type\" content=\"article\" \/>\n<meta property=\"og:title\" content=\"Posso Utilizar Ar Condicionado no Quarto do Beb\u00ea? - Universo Fam\u00edlia\" \/>\n<meta property=\"og:description\" content=\"Posso Utilizar Ar Condicionado no Quarto do Beb\u00ea? Ter um beb\u00ea em casa \u00e9 uma experi\u00eancia incr\u00edvel, mas tamb\u00e9m traz diversas preocupa\u00e7\u00f5es para\" \/>\n<meta property=\"og:url\" content=\"https:\/\/universofamilia.com\/ro\/posso-utilizar-ar-condicionado-no-quarto-do-bebe\/\" \/>\n<meta property=\"og:site_name\" content=\"Universo Fam\u00edlia\" \/>\n<meta property=\"article:published_time\" content=\"2023-06-19T00:39:10+00:00\" \/>\n<meta property=\"article:modified_time\" content=\"2025-10-06T01:57:48+00:00\" \/>\n<meta property=\"og:image\" content=\"https:\/\/universofamilia.com\/wp-content\/uploads\/sites\/148\/2023\/06\/FOTO-DESTAQUE-ar-condicionado-universo-familia-.png\" \/>\n\t<meta property=\"og:image:width\" content=\"448\" \/>\n\t<meta property=\"og:image:height\" content=\"350\" \/>\n\t<meta property=\"og:image:type\" content=\"image\/png\" \/>\n<meta name=\"author\" content=\"Matheus Sangaletti\" \/>\n<meta name=\"twitter:card\" content=\"summary_large_image\" \/>\n<meta name=\"twitter:label1\" content=\"Written by\" \/>\n\t<meta name=\"twitter:data1\" content=\"Matheus Sangaletti\" \/>\n\t<meta name=\"twitter:label2\" content=\"Est. reading time\" \/>\n\t<meta name=\"twitter:data2\" content=\"8 minute\" \/>\n<script type=\"application\/ld+json\" class=\"yoast-schema-graph\">{\"@context\":\"https:\/\/schema.org\",\"@graph\":[{\"@type\":\"WebPage\",\"@id\":\"https:\/\/universofamilia.com\/da\/posso-utilizar-ar-condicionado-no-quarto-do-bebe\/\",\"url\":\"https:\/\/universofamilia.com\/da\/posso-utilizar-ar-condicionado-no-quarto-do-bebe\/\",\"name\":\"Posso Utilizar Ar Condicionado no Quarto do Beb\u00ea? - Universo Fam\u00edlia\",\"isPartOf\":{\"@id\":\"https:\/\/universofamilia.com\/el\/#website\"},\"primaryImageOfPage\":{\"@id\":\"https:\/\/universofamilia.com\/da\/posso-utilizar-ar-condicionado-no-quarto-do-bebe\/#primaryimage\"},\"image\":{\"@id\":\"https:\/\/universofamilia.com\/da\/posso-utilizar-ar-condicionado-no-quarto-do-bebe\/#primaryimage\"},\"thumbnailUrl\":\"http:\/\/universofamilia.com\/wp-content\/uploads\/sites\/148\/2023\/06\/FOTO-DESTAQUE-ar-condicionado-universo-familia-.png\",\"datePublished\":\"2023-06-19T00:39:10+00:00\",\"dateModified\":\"2025-10-06T01:57:48+00:00\",\"author\":{\"@id\":\"https:\/\/universofamilia.com\/el\/#\/schema\/person\/92fcd07e9b1f4323bf74f3170fc0f78a\"},\"description\":\"Posso Utilizar Ar Condicionado no Quarto do Beb\u00ea? Ter um beb\u00ea em casa \u00e9 uma experi\u00eancia incr\u00edvel, mas tamb\u00e9m traz diversas preocupa\u00e7\u00f5es para\",\"breadcrumb\":{\"@id\":\"https:\/\/universofamilia.com\/da\/posso-utilizar-ar-condicionado-no-quarto-do-bebe\/#breadcrumb\"},\"inLanguage\":\"ro-RO\",\"potentialAction\":[{\"@type\":\"ReadAction\",\"target\":[\"https:\/\/universofamilia.com\/da\/posso-utilizar-ar-condicionado-no-quarto-do-bebe\/\"]}]},{\"@type\":\"ImageObject\",\"inLanguage\":\"ro-RO\",\"@id\":\"https:\/\/universofamilia.com\/da\/posso-utilizar-ar-condicionado-no-quarto-do-bebe\/#primaryimage\",\"url\":\"http:\/\/universofamilia.com\/wp-content\/uploads\/sites\/148\/2023\/06\/FOTO-DESTAQUE-ar-condicionado-universo-familia-.png\",\"contentUrl\":\"http:\/\/universofamilia.com\/wp-content\/uploads\/sites\/148\/2023\/06\/FOTO-DESTAQUE-ar-condicionado-universo-familia-.png\",\"width\":448,\"height\":350},{\"@type\":\"BreadcrumbList\",\"@id\":\"https:\/\/universofamilia.com\/da\/posso-utilizar-ar-condicionado-no-quarto-do-bebe\/#breadcrumb\",\"itemListElement\":[{\"@type\":\"ListItem\",\"position\":1,\"name\":\"Home\",\"item\":\"https:\/\/universofamilia.com\/el\/\"},{\"@type\":\"ListItem\",\"position\":2,\"name\":\"Posso Utilizar Ar Condicionado no Quarto do Beb\u00ea?\"}]},{\"@type\":\"WebSite\",\"@id\":\"https:\/\/universofamilia.com\/el\/#website\",\"url\":\"https:\/\/universofamilia.com\/el\/\",\"name\":\"Universo Fam\u00edlia\",\"description\":\"\",\"potentialAction\":[{\"@type\":\"SearchAction\",\"target\":{\"@type\":\"EntryPoint\",\"urlTemplate\":\"https:\/\/universofamilia.com\/el\/?s={search_term_string}\"},\"query-input\":\"required name=search_term_string\"}],\"inLanguage\":\"ro-RO\"},{\"@type\":\"Person\",\"@id\":\"https:\/\/universofamilia.com\/el\/#\/schema\/person\/92fcd07e9b1f4323bf74f3170fc0f78a\",\"name\":\"Matheus Sangaletti\",\"image\":{\"@type\":\"ImageObject\",\"inLanguage\":\"ro-RO\",\"@id\":\"https:\/\/universofamilia.com\/el\/#\/schema\/person\/image\/\",\"url\":\"http:\/\/2.gravatar.com\/avatar\/280ea957a14a48e6a1ad2133d2cc27c9?s=96&d=mm&r=g\",\"contentUrl\":\"http:\/\/2.gravatar.com\/avatar\/280ea957a14a48e6a1ad2133d2cc27c9?s=96&d=mm&r=g\",\"caption\":\"Matheus Sangaletti\"},\"url\":\"http:\/\/universofamilia.com\/ro\/author\/matheuss\/\"}]}<\/script>\n<!-- \/ Yoast SEO plugin. -->","yoast_head_json":{"title":"Posso Utilizar Ar Condicionado no Quarto do Beb\u00ea? - Universo Fam\u00edlia","description":"Posso Utilizar Ar Condicionado no Quarto do Beb\u00ea? Ter um beb\u00ea em casa \u00e9 uma experi\u00eancia incr\u00edvel, mas tamb\u00e9m traz diversas preocupa\u00e7\u00f5es para","robots":{"index":"index","follow":"follow","max-snippet":"max-snippet:-1","max-image-preview":"max-image-preview:large","max-video-preview":"max-video-preview:-1"},"canonical":"https:\/\/universofamilia.com\/ro\/posso-utilizar-ar-condicionado-no-quarto-do-bebe\/","og_locale":"ro_RO","og_type":"article","og_title":"Posso Utilizar Ar Condicionado no Quarto do Beb\u00ea? - Universo Fam\u00edlia","og_description":"Posso Utilizar Ar Condicionado no Quarto do Beb\u00ea? Ter um beb\u00ea em casa \u00e9 uma experi\u00eancia incr\u00edvel, mas tamb\u00e9m traz diversas preocupa\u00e7\u00f5es para","og_url":"https:\/\/universofamilia.com\/ro\/posso-utilizar-ar-condicionado-no-quarto-do-bebe\/","og_site_name":"Universo Fam\u00edlia","article_published_time":"2023-06-19T00:39:10+00:00","article_modified_time":"2025-10-06T01:57:48+00:00","og_image":[{"width":448,"height":350,"url":"https:\/\/universofamilia.com\/wp-content\/uploads\/sites\/148\/2023\/06\/FOTO-DESTAQUE-ar-condicionado-universo-familia-.png","type":"image\/png"}],"author":"Matheus Sangaletti","twitter_card":"summary_large_image","twitter_misc":{"Written by":"Matheus Sangaletti","Est. reading time":"8 minute"},"schema":{"@context":"https:\/\/schema.org","@graph":[{"@type":"WebPage","@id":"https:\/\/universofamilia.com\/da\/posso-utilizar-ar-condicionado-no-quarto-do-bebe\/","url":"https:\/\/universofamilia.com\/da\/posso-utilizar-ar-condicionado-no-quarto-do-bebe\/","name":"Posso Utilizar Ar Condicionado no Quarto do Beb\u00ea? - Universo Fam\u00edlia","isPartOf":{"@id":"https:\/\/universofamilia.com\/el\/#website"},"primaryImageOfPage":{"@id":"https:\/\/universofamilia.com\/da\/posso-utilizar-ar-condicionado-no-quarto-do-bebe\/#primaryimage"},"image":{"@id":"https:\/\/universofamilia.com\/da\/posso-utilizar-ar-condicionado-no-quarto-do-bebe\/#primaryimage"},"thumbnailUrl":"http:\/\/universofamilia.com\/wp-content\/uploads\/sites\/148\/2023\/06\/FOTO-DESTAQUE-ar-condicionado-universo-familia-.png","datePublished":"2023-06-19T00:39:10+00:00","dateModified":"2025-10-06T01:57:48+00:00","author":{"@id":"https:\/\/universofamilia.com\/el\/#\/schema\/person\/92fcd07e9b1f4323bf74f3170fc0f78a"},"description":"Posso Utilizar Ar Condicionado no Quarto do Beb\u00ea? Ter um beb\u00ea em casa \u00e9 uma experi\u00eancia incr\u00edvel, mas tamb\u00e9m traz diversas preocupa\u00e7\u00f5es para","breadcrumb":{"@id":"https:\/\/universofamilia.com\/da\/posso-utilizar-ar-condicionado-no-quarto-do-bebe\/#breadcrumb"},"inLanguage":"ro-RO","potentialAction":[{"@type":"ReadAction","target":["https:\/\/universofamilia.com\/da\/posso-utilizar-ar-condicionado-no-quarto-do-bebe\/"]}]},{"@type":"ImageObject","inLanguage":"ro-RO","@id":"https:\/\/universofamilia.com\/da\/posso-utilizar-ar-condicionado-no-quarto-do-bebe\/#primaryimage","url":"http:\/\/universofamilia.com\/wp-content\/uploads\/sites\/148\/2023\/06\/FOTO-DESTAQUE-ar-condicionado-universo-familia-.png","contentUrl":"http:\/\/universofamilia.com\/wp-content\/uploads\/sites\/148\/2023\/06\/FOTO-DESTAQUE-ar-condicionado-universo-familia-.png","width":448,"height":350},{"@type":"BreadcrumbList","@id":"https:\/\/universofamilia.com\/da\/posso-utilizar-ar-condicionado-no-quarto-do-bebe\/#breadcrumb","itemListElement":[{"@type":"ListItem","position":1,"name":"Home","item":"https:\/\/universofamilia.com\/el\/"},{"@type":"ListItem","position":2,"name":"Posso Utilizar Ar Condicionado no Quarto do Beb\u00ea?"}]},{"@type":"WebSite","@id":"https:\/\/universofamilia.com\/el\/#website","url":"https:\/\/universofamilia.com\/el\/","name":"Universo Fam\u00edlia","description":"","potentialAction":[{"@type":"SearchAction","target":{"@type":"EntryPoint","urlTemplate":"https:\/\/universofamilia.com\/el\/?s={search_term_string}"},"query-input":"required name=search_term_string"}],"inLanguage":"ro-RO"},{"@type":"Person","@id":"https:\/\/universofamilia.com\/el\/#\/schema\/person\/92fcd07e9b1f4323bf74f3170fc0f78a","name":"Matheus Sangaletti","image":{"@type":"ImageObject","inLanguage":"ro-RO","@id":"https:\/\/universofamilia.com\/el\/#\/schema\/person\/image\/","url":"http:\/\/2.gravatar.com\/avatar\/280ea957a14a48e6a1ad2133d2cc27c9?s=96&d=mm&r=g","contentUrl":"http:\/\/2.gravatar.com\/avatar\/280ea957a14a48e6a1ad2133d2cc27c9?s=96&d=mm&r=g","caption":"Matheus Sangaletti"},"url":"http:\/\/universofamilia.com\/ro\/author\/matheuss\/"}]}},"_links":{"self":[{"href":"http:\/\/universofamilia.com\/ro\/wp-json\/wp\/v2\/posts\/2760"}],"collection":[{"href":"http:\/\/universofamilia.com\/ro\/wp-json\/wp\/v2\/posts"}],"about":[{"href":"http:\/\/universofamilia.com\/ro\/wp-json\/wp\/v2\/types\/post"}],"author":[{"embeddable":true,"href":"http:\/\/universofamilia.com\/ro\/wp-json\/wp\/v2\/users\/219"}],"replies":[{"embeddable":true,"href":"http:\/\/universofamilia.com\/ro\/wp-json\/wp\/v2\/comments?post=2760"}],"version-history":[{"count":1,"href":"http:\/\/universofamilia.com\/ro\/wp-json\/wp\/v2\/posts\/2760\/revisions"}],"predecessor-version":[{"id":9885,"href":"http:\/\/universofamilia.com\/ro\/wp-json\/wp\/v2\/posts\/2760\/revisions\/9885"}],"wp:featuredmedia":[{"embeddable":true,"href":"http:\/\/universofamilia.com\/ro\/wp-json\/wp\/v2\/media\/2766"}],"wp:attachment":[{"href":"http:\/\/universofamilia.com\/ro\/wp-json\/wp\/v2\/media?parent=2760"}],"wp:term":[{"taxonomy":"category","embeddable":true,"href":"http:\/\/universofamilia.com\/ro\/wp-json\/wp\/v2\/categories?post=2760"},{"taxonomy":"post_tag","embeddable":true,"href":"http:\/\/universofamilia.com\/ro\/wp-json\/wp\/v2\/tags?post=2760"}],"curies":[{"name":"wp","href":"https:\/\/api.w.org\/{rel}","templated":true}]}}