{"id":4428,"date":"2023-11-10T16:59:01","date_gmt":"2023-11-10T19:59:01","guid":{"rendered":"https:\/\/universofamilia.com\/?p=4428"},"modified":"2025-11-16T22:07:25","modified_gmt":"2025-11-17T01:07:25","slug":"aplicaciones-iconicas-de-las-decadas-de-los-80-y-90","status":"publish","type":"post","link":"http:\/\/universofamilia.com\/ro\/aplicaciones-iconicas-de-las-decadas-de-los-80-y-90\/","title":{"rendered":"Aplica\u021bii emblematice din anii &#039;80 \u0219i &#039;90"},"content":{"rendered":"<p>Anii &#039;80 \u0219i &#039;90 au fost perioade revolu\u021bionare \u00een istoria muzicii.<\/p>\n\n\n\n<p>Explozia de genuri, a arti\u0219tilor emblematici \u0219i tranzi\u021bia de la formatele fizice la era digital\u0103 au modelat industria muzical\u0103.<\/p>\n\n\n\n<p>Ast\u0103zi, retr\u0103irea acelor epoci prin intermediul aplica\u021biilor dedicate acelor perioade este o modalitate de a re\u00eenvia amintiri \u0219i de a aprecia bog\u0103\u021bia muzical\u0103 a acelor epoci.<\/p>\n\n\n\n<h2 class=\"wp-block-heading\"><strong>Importan\u021ba cultural\u0103 a aplica\u021biilor muzicale retro<\/strong><\/h2>\n\n\n\n<p>Aplica\u021biile muzicale din anii 1980 \u0219i 1990 au fost mai mult dec\u00e2t simple platforme digitale.<\/p>\n\n\n\n<p>Acestea reprezint\u0103 o leg\u0103tur\u0103 direct\u0103 cu un trecut muzical care continu\u0103 s\u0103 influen\u021beze industria p\u00e2n\u0103 \u00een ziua de azi.<\/p>\n\n\n\n<h2 class=\"wp-block-heading\">Vezi \u0219i<\/h2>\n\n\n\n<ul>\n<li><a href=\"https:\/\/universofamilia.com\/ro\/4419\/aplicaciones-para-editar-y-crear-reels\/\">Aplica\u021bii pentru editarea \u0219i crearea de role<\/a><\/li>\n\n\n\n<li><a href=\"https:\/\/universofamilia.com\/ro\/4338\/las-mejores-aplicaciones-para-ver-peliculas-y-series\/\">Cele mai bune aplica\u021bii pentru vizionarea de filme \u0219i seriale<\/a><\/li>\n\n\n\n<li><a href=\"https:\/\/universofamilia.com\/ro\/4399\/aplicaciones-para-la-identificacion-de-plantas\/\">Cereri pentru identificarea plantelor<\/a><\/li>\n\n\n\n<li><a href=\"https:\/\/universofamilia.com\/ro\/4353\/aplicaciones-para-descubrir-con-que-celebridad-te-pareces\/\">Aplica\u021bii pentru a afla cu ce celebritate semeni<\/a><\/li>\n\n\n\n<li><a href=\"https:\/\/universofamilia.com\/ro\/4369\/las-aplicaciones-de-musica-en-el-estado-de-whatsapp\/\">Aplica\u021bii muzicale \u00een statusul WhatsApp<\/a><\/li>\n<\/ul>\n\n\n\n<p>Ei re\u00eenviaz\u0103 hituri legendare \u0219i albume emblematice, permi\u021b\u00e2nd noilor genera\u021bii s\u0103 se cufunde \u00een esen\u021ba sonic\u0103 ce a definit acele decenii.<\/p>\n\n\n\n<p>\u00cen plus, acestea ofer\u0103 o experien\u021b\u0103 captivant\u0103, eviden\u021biind semnifica\u021bia cultural\u0103 \u0219i istoric\u0103 a fiec\u0103rui c\u00e2ntec \u0219i artist.<\/p>\n\n\n\n<h2 class=\"wp-block-heading\"><strong>Trei aplica\u021bii muzicale retro obligatorii<\/strong><\/h2>\n\n\n\n<h3 class=\"wp-block-heading\"><strong>Optzeci de muzic\u0103<\/strong><\/h3>\n\n\n\n<p>Aceast\u0103 aplica\u021bie ofer\u0103 o imersiune complet\u0103 \u00een muzica anilor &#039;80.<\/p>\n\n\n\n<p>Cu o vast\u0103 bibliotec\u0103 de melodii, playlisturi tematice \u0219i informa\u021bii detaliate despre fiecare melodie \u0219i artist, \u201eEighty Music\u201d este o \u00eenc\u00e2ntare pentru fanii acelui deceniu.<\/p>\n\n\n\n<p>Interfa\u021ba sa intuitiv\u0103 \u0219i designul retro ofer\u0103 o experien\u021b\u0103 pl\u0103cut\u0103, \u00een timp ce func\u021bia de personalizare a listei de redare permite utilizatorilor s\u0103 \u00ee\u0219i creeze propriile colec\u021bii muzicale.<\/p>\n\n\n\n<h3 class=\"wp-block-heading\"><strong>Nostalgia anilor nou\u0103zeci<\/strong><\/h3>\n\n\n\n<p>Dedicat\u0103 anilor 1990, \u201eNineties Nostalgia\u201d este o c\u0103l\u0103torie \u00eenapoi \u00een epoca grunge, pop \u0219i hip-hop care a dominat acea perioad\u0103.<\/p>\n\n\n\n<p>Prezint\u0103 nu doar melodii populare, ci \u0219i fe\u021be B \u0219i melodii mai pu\u021bin cunoscute, c\u0103ut\u00e2nd s\u0103 ofere o perspectiv\u0103 ampl\u0103 \u0219i autentic\u0103 asupra anilor &#039;90.<\/p>\n\n\n\n<p>Instrumentul s\u0103u de recomand\u0103ri personalizate, bazat pe preferin\u021bele utilizatorilor, este un factor de diferen\u021biere, garant\u00e2nd o experien\u021b\u0103 unic\u0103 pentru fiecare ascult\u0103tor.<\/p>\n\n\n\n<h3 class=\"wp-block-heading\"><strong>Derulare \u00eenapoi \u0219i redare<\/strong><\/h3>\n\n\n\n<p>\u201eRewind &amp; Play\u201d este o aplica\u021bie care acoper\u0103 at\u00e2t anii &#039;80, c\u00e2t \u0219i cei &#039;90, reunind ce e mai bun din ambele decenii \u00eentr-o singur\u0103 platform\u0103.<\/p>\n\n\n\n<p>Pe l\u00e2ng\u0103 redarea celor mai populare hituri, aplica\u021bia ofer\u0103 \u0219i \u00eentreb\u0103ri de cultur\u0103 general\u0103, interviuri cu arti\u0219ti ai epocii \u0219i posibilitatea de a explora liste de redare din diverse genuri care au dominat acele perioade.<\/p>\n\n\n\n<p>Accentul pus pe eviden\u021bierea contextului istoric din spatele fiec\u0103rei melodii este ceea ce o face o alegere popular\u0103 printre fanii muzicii retro.<\/p>\n\n\n<div class=\"wp-block-image\">\n<figure class=\"aligncenter size-full\"><img loading=\"lazy\" decoding=\"async\" width=\"550\" height=\"350\" src=\"http:\/\/universofamilia.com\/wp-content\/uploads\/sites\/148\/2023\/11\/P-550x350-1.png\" alt=\"\" class=\"wp-image-4430\" srcset=\"http:\/\/universofamilia.com\/wp-content\/uploads\/sites\/148\/2023\/11\/P-550x350-1.png 550w, http:\/\/universofamilia.com\/wp-content\/uploads\/sites\/148\/2023\/11\/P-550x350-1-300x191.png 300w\" sizes=\"(max-width: 550px) 100vw, 550px\" \/><figcaption class=\"wp-element-caption\">Aplica\u021bii emblematice din anii &#039;80 \u0219i &#039;90<\/figcaption><\/figure><\/div>\n\n\n<h3 class=\"wp-block-heading\"><strong>Concluzie<\/strong><\/h3>\n\n\n\n<p>Aplica\u021biile muzicale dedicate anilor 1980 \u0219i 1990 nu sunt doar instrumente pentru redarea melodiilor; sunt portaluri c\u0103tre retr\u0103irea \u0219i aprecierea bog\u0103\u021biei muzicale a acelor decenii.<\/p>\n\n\n\n<p>Cu nenum\u0103rate melodii, o selec\u021bie atent selec\u021bionat\u0103 \u0219i o analiz\u0103 aprofundat\u0103 a istoriei din spatele fiec\u0103rui ritm, aceste aplica\u021bii joac\u0103 un rol crucial \u00een conservarea \u0219i celebrarea mo\u0219tenirii muzicale.<\/p>\n\n\n\n<p>Prin explorarea platformelor precum Eighty Music, Nineties Nostalgia \u0219i Rewind &amp; Play, utilizatorii sunt transporta\u021bi \u00eenapoi \u00eentr-o perioad\u0103 \u00een care muzica nu era doar auzit\u0103, ci tr\u0103it\u0103.<\/p>\n\n\n\n<p>Acest articol eviden\u021biaz\u0103 nu doar importan\u021ba cultural\u0103 a acestor aplica\u021bii, ci \u0219i modul \u00een care acestea r\u0103spund nevoilor iubitorilor de muzic\u0103 retro, asigur\u00e2nd o adev\u0103rat\u0103 imersiune \u00een deceniile de aur ale industriei muzicale.<\/p>\n\n\n\n<h2 class=\"wp-block-heading\"><strong>Desc\u0103rcare<\/strong>:<\/h2>\n\n\n\n<div class=\"wp-block-group is-layout-constrained wp-block-group-is-layout-constrained\"><div class=\"wp-block-group__inner-container\">\n<ul>\n<li><strong><strong>Optzeci de muzic\u0103<\/strong><\/strong> (<a href=\"https:\/\/play.google.com\/store\/apps\/details?id=com.freeappszone.eighties&amp;hl=pt_BR&amp;gl=US\">Android <\/a>\u015fi <a href=\"https:\/\/apps.apple.com\/us\/app\/80s-radio\/id512060499\">iOS<\/a>)<\/li>\n\n\n\n<li><strong><em><strong>Nostalgia anilor nou\u0103zeci<\/strong><\/em><\/strong> (<a href=\"https:\/\/apps.apple.com\/tr\/app\/yaktraks-90s-nostalgia\/id1583086555\">iOS<\/a>)<\/li>\n\n\n\n<li><strong><em><strong>Derulare \u00eenapoi \u0219i redare<\/strong><\/em><\/strong> (<a href=\"https:\/\/play.google.com\/store\/apps\/details?id=com.zh.musictimetravel&amp;hl=en_US\">Android<\/a>)<\/li>\n<\/ul>\n<\/div><\/div>","protected":false},"excerpt":{"rendered":"<p>Anii 1980 \u0219i 1990 au fost perioade revolu\u021bionare \u00een istoria muzicii. Explozia genurilor, a arti\u0219tilor emblematici \u0219i tranzi\u021bia de la formatele fizice la era digital\u0103 au modelat industria muzical\u0103. Ast\u0103zi, retr\u0103irea acelor epoci prin intermediul aplica\u021biilor dedicate lor este o modalitate de a re\u00eenvia amintiri \u0219i [\u2026]<\/p>","protected":false},"author":139,"featured_media":4430,"comment_status":"closed","ping_status":"open","sticky":false,"template":"","format":"standard","meta":{"footnotes":""},"categories":[2],"tags":[166,247,248],"yoast_head":"<!-- This site is optimized with the Yoast SEO plugin v23.3 - https:\/\/yoast.com\/wordpress\/plugins\/seo\/ -->\n<title>Aplicaciones Ic\u00f3nicas de las D\u00e9cadas de los 80 y 90 - Universo Fam\u00edlia<\/title>\n<meta name=\"description\" content=\"Aplicaciones Ic\u00f3nicas de las D\u00e9cadas de los 80 y 90. Las d\u00e9cadas de los 80 y 90 fueron periodos revolucionarios en la historia de la...\" \/>\n<meta name=\"robots\" content=\"index, follow, max-snippet:-1, max-image-preview:large, max-video-preview:-1\" \/>\n<link rel=\"canonical\" href=\"http:\/\/universofamilia.com\/ro\/aplicaciones-iconicas-de-las-decadas-de-los-80-y-90\/\" \/>\n<meta property=\"og:locale\" content=\"ro_RO\" \/>\n<meta property=\"og:type\" content=\"article\" \/>\n<meta property=\"og:title\" content=\"Aplicaciones Ic\u00f3nicas de las D\u00e9cadas de los 80 y 90 - Universo Fam\u00edlia\" \/>\n<meta property=\"og:description\" content=\"Aplicaciones Ic\u00f3nicas de las D\u00e9cadas de los 80 y 90. Las d\u00e9cadas de los 80 y 90 fueron periodos revolucionarios en la historia de la...\" \/>\n<meta property=\"og:url\" content=\"http:\/\/universofamilia.com\/ro\/aplicaciones-iconicas-de-las-decadas-de-los-80-y-90\/\" \/>\n<meta property=\"og:site_name\" content=\"Universo Fam\u00edlia\" \/>\n<meta property=\"article:published_time\" content=\"2023-11-10T19:59:01+00:00\" \/>\n<meta property=\"article:modified_time\" content=\"2025-11-17T01:07:25+00:00\" \/>\n<meta property=\"og:image\" content=\"http:\/\/universofamilia.com\/wp-content\/uploads\/sites\/148\/2023\/11\/P-550x350-1.png\" \/>\n\t<meta property=\"og:image:width\" content=\"550\" \/>\n\t<meta property=\"og:image:height\" content=\"350\" \/>\n\t<meta property=\"og:image:type\" content=\"image\/png\" \/>\n<meta name=\"author\" content=\"Pedro Henrique\" \/>\n<meta name=\"twitter:card\" content=\"summary_large_image\" \/>\n<meta name=\"twitter:label1\" content=\"Written by\" \/>\n\t<meta name=\"twitter:data1\" content=\"Pedro Henrique\" \/>\n\t<meta name=\"twitter:label2\" content=\"Est. reading time\" \/>\n\t<meta name=\"twitter:data2\" content=\"4 minute\" \/>\n<script type=\"application\/ld+json\" class=\"yoast-schema-graph\">{\"@context\":\"https:\/\/schema.org\",\"@graph\":[{\"@type\":\"WebPage\",\"@id\":\"http:\/\/universofamilia.com\/pl\/aplicaciones-iconicas-de-las-decadas-de-los-80-y-90\/\",\"url\":\"http:\/\/universofamilia.com\/pl\/aplicaciones-iconicas-de-las-decadas-de-los-80-y-90\/\",\"name\":\"Aplicaciones Ic\u00f3nicas de las D\u00e9cadas de los 80 y 90 - Universo Fam\u00edlia\",\"isPartOf\":{\"@id\":\"https:\/\/universofamilia.com\/el\/#website\"},\"primaryImageOfPage\":{\"@id\":\"http:\/\/universofamilia.com\/pl\/aplicaciones-iconicas-de-las-decadas-de-los-80-y-90\/#primaryimage\"},\"image\":{\"@id\":\"http:\/\/universofamilia.com\/pl\/aplicaciones-iconicas-de-las-decadas-de-los-80-y-90\/#primaryimage\"},\"thumbnailUrl\":\"http:\/\/universofamilia.com\/wp-content\/uploads\/sites\/148\/2023\/11\/P-550x350-1.png\",\"datePublished\":\"2023-11-10T19:59:01+00:00\",\"dateModified\":\"2025-11-17T01:07:25+00:00\",\"author\":{\"@id\":\"https:\/\/universofamilia.com\/el\/#\/schema\/person\/f07ce98187dd84d31154262e79b3b7ca\"},\"description\":\"Aplicaciones Ic\u00f3nicas de las D\u00e9cadas de los 80 y 90. Las d\u00e9cadas de los 80 y 90 fueron periodos revolucionarios en la historia de la...\",\"breadcrumb\":{\"@id\":\"http:\/\/universofamilia.com\/pl\/aplicaciones-iconicas-de-las-decadas-de-los-80-y-90\/#breadcrumb\"},\"inLanguage\":\"ro-RO\",\"potentialAction\":[{\"@type\":\"ReadAction\",\"target\":[\"http:\/\/universofamilia.com\/pl\/aplicaciones-iconicas-de-las-decadas-de-los-80-y-90\/\"]}]},{\"@type\":\"ImageObject\",\"inLanguage\":\"ro-RO\",\"@id\":\"http:\/\/universofamilia.com\/pl\/aplicaciones-iconicas-de-las-decadas-de-los-80-y-90\/#primaryimage\",\"url\":\"http:\/\/universofamilia.com\/wp-content\/uploads\/sites\/148\/2023\/11\/P-550x350-1.png\",\"contentUrl\":\"http:\/\/universofamilia.com\/wp-content\/uploads\/sites\/148\/2023\/11\/P-550x350-1.png\",\"width\":550,\"height\":350,\"caption\":\"Aplicaciones Ic\u00f3nicas de las D\u00e9cadas de los 80 y 90\"},{\"@type\":\"BreadcrumbList\",\"@id\":\"http:\/\/universofamilia.com\/pl\/aplicaciones-iconicas-de-las-decadas-de-los-80-y-90\/#breadcrumb\",\"itemListElement\":[{\"@type\":\"ListItem\",\"position\":1,\"name\":\"Home\",\"item\":\"https:\/\/universofamilia.com\/el\/\"},{\"@type\":\"ListItem\",\"position\":2,\"name\":\"Aplicaciones Ic\u00f3nicas de las D\u00e9cadas de los 80 y 90\"}]},{\"@type\":\"WebSite\",\"@id\":\"https:\/\/universofamilia.com\/el\/#website\",\"url\":\"https:\/\/universofamilia.com\/el\/\",\"name\":\"Universo Fam\u00edlia\",\"description\":\"\",\"potentialAction\":[{\"@type\":\"SearchAction\",\"target\":{\"@type\":\"EntryPoint\",\"urlTemplate\":\"https:\/\/universofamilia.com\/el\/?s={search_term_string}\"},\"query-input\":\"required name=search_term_string\"}],\"inLanguage\":\"ro-RO\"},{\"@type\":\"Person\",\"@id\":\"https:\/\/universofamilia.com\/el\/#\/schema\/person\/f07ce98187dd84d31154262e79b3b7ca\",\"name\":\"Pedro Henrique\",\"image\":{\"@type\":\"ImageObject\",\"inLanguage\":\"ro-RO\",\"@id\":\"https:\/\/universofamilia.com\/el\/#\/schema\/person\/image\/\",\"url\":\"http:\/\/0.gravatar.com\/avatar\/9edfeb808cb4e1599f64d6e45b130154?s=96&d=mm&r=g\",\"contentUrl\":\"http:\/\/0.gravatar.com\/avatar\/9edfeb808cb4e1599f64d6e45b130154?s=96&d=mm&r=g\",\"caption\":\"Pedro Henrique\"},\"url\":\"http:\/\/universofamilia.com\/ro\/author\/editor01\/\"}]}<\/script>\n<!-- \/ Yoast SEO plugin. -->","yoast_head_json":{"title":"Aplicaciones Ic\u00f3nicas de las D\u00e9cadas de los 80 y 90 - Universo Fam\u00edlia","description":"Aplicaciones Ic\u00f3nicas de las D\u00e9cadas de los 80 y 90. Las d\u00e9cadas de los 80 y 90 fueron periodos revolucionarios en la historia de la...","robots":{"index":"index","follow":"follow","max-snippet":"max-snippet:-1","max-image-preview":"max-image-preview:large","max-video-preview":"max-video-preview:-1"},"canonical":"http:\/\/universofamilia.com\/ro\/aplicaciones-iconicas-de-las-decadas-de-los-80-y-90\/","og_locale":"ro_RO","og_type":"article","og_title":"Aplicaciones Ic\u00f3nicas de las D\u00e9cadas de los 80 y 90 - Universo Fam\u00edlia","og_description":"Aplicaciones Ic\u00f3nicas de las D\u00e9cadas de los 80 y 90. Las d\u00e9cadas de los 80 y 90 fueron periodos revolucionarios en la historia de la...","og_url":"http:\/\/universofamilia.com\/ro\/aplicaciones-iconicas-de-las-decadas-de-los-80-y-90\/","og_site_name":"Universo Fam\u00edlia","article_published_time":"2023-11-10T19:59:01+00:00","article_modified_time":"2025-11-17T01:07:25+00:00","og_image":[{"width":550,"height":350,"url":"http:\/\/universofamilia.com\/wp-content\/uploads\/sites\/148\/2023\/11\/P-550x350-1.png","type":"image\/png"}],"author":"Pedro Henrique","twitter_card":"summary_large_image","twitter_misc":{"Written by":"Pedro Henrique","Est. reading time":"4 minute"},"schema":{"@context":"https:\/\/schema.org","@graph":[{"@type":"WebPage","@id":"http:\/\/universofamilia.com\/pl\/aplicaciones-iconicas-de-las-decadas-de-los-80-y-90\/","url":"http:\/\/universofamilia.com\/pl\/aplicaciones-iconicas-de-las-decadas-de-los-80-y-90\/","name":"Aplicaciones Ic\u00f3nicas de las D\u00e9cadas de los 80 y 90 - Universo Fam\u00edlia","isPartOf":{"@id":"https:\/\/universofamilia.com\/el\/#website"},"primaryImageOfPage":{"@id":"http:\/\/universofamilia.com\/pl\/aplicaciones-iconicas-de-las-decadas-de-los-80-y-90\/#primaryimage"},"image":{"@id":"http:\/\/universofamilia.com\/pl\/aplicaciones-iconicas-de-las-decadas-de-los-80-y-90\/#primaryimage"},"thumbnailUrl":"http:\/\/universofamilia.com\/wp-content\/uploads\/sites\/148\/2023\/11\/P-550x350-1.png","datePublished":"2023-11-10T19:59:01+00:00","dateModified":"2025-11-17T01:07:25+00:00","author":{"@id":"https:\/\/universofamilia.com\/el\/#\/schema\/person\/f07ce98187dd84d31154262e79b3b7ca"},"description":"Aplicaciones Ic\u00f3nicas de las D\u00e9cadas de los 80 y 90. Las d\u00e9cadas de los 80 y 90 fueron periodos revolucionarios en la historia de la...","breadcrumb":{"@id":"http:\/\/universofamilia.com\/pl\/aplicaciones-iconicas-de-las-decadas-de-los-80-y-90\/#breadcrumb"},"inLanguage":"ro-RO","potentialAction":[{"@type":"ReadAction","target":["http:\/\/universofamilia.com\/pl\/aplicaciones-iconicas-de-las-decadas-de-los-80-y-90\/"]}]},{"@type":"ImageObject","inLanguage":"ro-RO","@id":"http:\/\/universofamilia.com\/pl\/aplicaciones-iconicas-de-las-decadas-de-los-80-y-90\/#primaryimage","url":"http:\/\/universofamilia.com\/wp-content\/uploads\/sites\/148\/2023\/11\/P-550x350-1.png","contentUrl":"http:\/\/universofamilia.com\/wp-content\/uploads\/sites\/148\/2023\/11\/P-550x350-1.png","width":550,"height":350,"caption":"Aplicaciones Ic\u00f3nicas de las D\u00e9cadas de los 80 y 90"},{"@type":"BreadcrumbList","@id":"http:\/\/universofamilia.com\/pl\/aplicaciones-iconicas-de-las-decadas-de-los-80-y-90\/#breadcrumb","itemListElement":[{"@type":"ListItem","position":1,"name":"Home","item":"https:\/\/universofamilia.com\/el\/"},{"@type":"ListItem","position":2,"name":"Aplicaciones Ic\u00f3nicas de las D\u00e9cadas de los 80 y 90"}]},{"@type":"WebSite","@id":"https:\/\/universofamilia.com\/el\/#website","url":"https:\/\/universofamilia.com\/el\/","name":"Universo Fam\u00edlia","description":"","potentialAction":[{"@type":"SearchAction","target":{"@type":"EntryPoint","urlTemplate":"https:\/\/universofamilia.com\/el\/?s={search_term_string}"},"query-input":"required name=search_term_string"}],"inLanguage":"ro-RO"},{"@type":"Person","@id":"https:\/\/universofamilia.com\/el\/#\/schema\/person\/f07ce98187dd84d31154262e79b3b7ca","name":"Pedro Henrique","image":{"@type":"ImageObject","inLanguage":"ro-RO","@id":"https:\/\/universofamilia.com\/el\/#\/schema\/person\/image\/","url":"http:\/\/0.gravatar.com\/avatar\/9edfeb808cb4e1599f64d6e45b130154?s=96&d=mm&r=g","contentUrl":"http:\/\/0.gravatar.com\/avatar\/9edfeb808cb4e1599f64d6e45b130154?s=96&d=mm&r=g","caption":"Pedro Henrique"},"url":"http:\/\/universofamilia.com\/ro\/author\/editor01\/"}]}},"_links":{"self":[{"href":"http:\/\/universofamilia.com\/ro\/wp-json\/wp\/v2\/posts\/4428"}],"collection":[{"href":"http:\/\/universofamilia.com\/ro\/wp-json\/wp\/v2\/posts"}],"about":[{"href":"http:\/\/universofamilia.com\/ro\/wp-json\/wp\/v2\/types\/post"}],"author":[{"embeddable":true,"href":"http:\/\/universofamilia.com\/ro\/wp-json\/wp\/v2\/users\/139"}],"replies":[{"embeddable":true,"href":"http:\/\/universofamilia.com\/ro\/wp-json\/wp\/v2\/comments?post=4428"}],"version-history":[{"count":2,"href":"http:\/\/universofamilia.com\/ro\/wp-json\/wp\/v2\/posts\/4428\/revisions"}],"predecessor-version":[{"id":10337,"href":"http:\/\/universofamilia.com\/ro\/wp-json\/wp\/v2\/posts\/4428\/revisions\/10337"}],"wp:featuredmedia":[{"embeddable":true,"href":"http:\/\/universofamilia.com\/ro\/wp-json\/wp\/v2\/media\/4430"}],"wp:attachment":[{"href":"http:\/\/universofamilia.com\/ro\/wp-json\/wp\/v2\/media?parent=4428"}],"wp:term":[{"taxonomy":"category","embeddable":true,"href":"http:\/\/universofamilia.com\/ro\/wp-json\/wp\/v2\/categories?post=4428"},{"taxonomy":"post_tag","embeddable":true,"href":"http:\/\/universofamilia.com\/ro\/wp-json\/wp\/v2\/tags?post=4428"}],"curies":[{"name":"wp","href":"https:\/\/api.w.org\/{rel}","templated":true}]}}