{"id":9186,"date":"2025-04-02T20:40:24","date_gmt":"2025-04-02T20:40:24","guid":{"rendered":"https:\/\/universofamilia.com\/?p=9186"},"modified":"2025-10-13T22:06:25","modified_gmt":"2025-10-14T01:06:25","slug":"aplicativo-para-leer-y-escuchar-la-biblia-catolica","status":"publish","type":"post","link":"http:\/\/universofamilia.com\/ro\/aplicativo-para-leer-y-escuchar-la-biblia-catolica\/","title":{"rendered":"Aplica\u021bie pentru citirea \u0219i ascultarea Bibliei catolice"},"content":{"rendered":"<h5 class=\"wp-block-heading has-text-align-center\"><strong>Ia Cuv\u00e2ntul lui Dumnezeu cu tine<\/strong><\/h5>\n\n\n\n<p><\/p>\n\n\n\n<h4 class=\"wp-block-heading has-text-align-center\"><mark class=\"has-inline-color has-vivid-cyan-blue-color\">Ce c\u0103uta\u021bi?<\/mark><\/h4>\n\n\n    <section class=\"mx-1 my-10\">\n                                                <a href=\"http:\/\/universofamilia.com\/ro\/la-aplicacion-mas-completa-de-la-biblia-catolica-conoce-laudate\/\" class=\"text-white\" data-analytics-label=\"optionsButton\"\n                    data-action=\"analytics#trackCTA\">\n                    <div data-options-target=\"option\"\n                        class=\"custom-section rounded-xl border p-3 shadow-md w-full bg-green-700 my-3\">\n                        <div class=\"flex w-full items-center justify-between\">\n                            <div class=\"flex items-center space-x-3\">\n                                <div class=\"text-lg font-bold\">\n                                    Biblia Catolic\u0103 \u279d\n                                <\/div>\n                            <\/div>\n                        <\/div>\n                    <\/div>\n                <\/a>\n                                                            <a href=\"http:\/\/universofamilia.com\/ro\/biblia-ave-maria\/\" class=\"text-white\" data-analytics-label=\"optionsButton\"\n                    data-action=\"analytics#trackCTA\">\n                    <div data-options-target=\"option\"\n                        class=\"custom-section rounded-xl border p-3 shadow-md w-full bg-green-700 my-3\">\n                        <div class=\"flex w-full items-center justify-between\">\n                            <div class=\"flex items-center space-x-3\">\n                                <div class=\"text-lg font-bold\">\n                                    Biblia Ave Maria \u279d\n                                <\/div>\n                            <\/div>\n                        <\/div>\n                    <\/div>\n                <\/a>\n                                                            <a href=\"http:\/\/universofamilia.com\/ro\/la-aplicacion-de-la-biblia-esencial-para-la-vida\/\" class=\"text-white\" data-analytics-label=\"optionsButton\"\n                    data-action=\"analytics#trackCTA\">\n                    <div data-options-target=\"option\"\n                        class=\"custom-section rounded-xl border p-3 shadow-md w-full bg-green-700 my-3\">\n                        <div class=\"flex w-full items-center justify-between\">\n                            <div class=\"flex items-center space-x-3\">\n                                <div class=\"text-lg font-bold\">\n                                    Studiu biblic catolic \u279d\n                                <\/div>\n                            <\/div>\n                        <\/div>\n                    <\/div>\n                <\/a>\n                            <p class=\"text-xs text-gray-500 text-right hidden\"\n            style=\"margin-left: 50%; margin-bottom: 50px; margin-top: 5px;\">\n            <!-- You will be redirected to another website -->\n        <\/p>\n    <\/section>\n\n\n\n\n<p><\/p>\n\n\n\n<h3 class=\"wp-block-heading\">Descoper\u0103 o nou\u0103 modalitate de a te conecta cu credin\u021ba ta<\/h3>\n\n\n\n<p><strong>Aplica\u021bie pentru citirea \u0219i ascultarea Bibliei catolice<\/strong>Acest instrument a transformat modul \u00een care milioane de oameni abordeaz\u0103 Cuv\u00e2ntul.<\/p>\n\n\n\n    <div class=\"d-sm-block py-3 mx-auto px-3 mb-3\"\n        style=\"border-top: 1px solid rgb(204, 204, 204); border-bottom: 1px solid rgb(204, 204, 204);\">\n        <div class=\"text-center mb-4\">\n            <h6 class=\"pt-3 text-center text-gray-900 text-2xl title-font font-medium mb-12\">Cele mai bune aplica\u021bii biblice catolice<\/h6>\n        <\/div>\n        <div class=\"row\">\n            <div class=\"col-lg-5 col-md-5 col-sm-12 mb-4 mb-lg-0\">\n                <img decoding=\"async\" alt=\"card\" style=\"height: 190px; object-fit: cover;\"\n                    class=\"w-100 h-100 object-cover object-center rounded border\" src=\"http:\/\/universofamilia.com\/wp-content\/uploads\/sites\/148\/2025\/02\/POST-PARA-APP-ARTIGO-1-1.jpg\">\n            <\/div>\n            <div class=\"col-lg-7 col-md-7 col-sm-12 d-flex flex-column justify-content-between\">\n                <h3 class=\"text-gray-900 text-3xl title-font font-medium mb-1\"><\/h3>\n\n                                <div class=\"d-block text-justify py-3\">Acceseaz\u0103 Cuv\u00e2ntul lui Dumnezeu oric\u00e2nd, oriunde cu cea mai bun\u0103 aplica\u021bie biblic\u0103 catolic\u0103. Cu op\u021biuni pentru citirea \u0219i ascultarea Bibliei, acest instrument faciliteaz\u0103 conexiunea ta cu Dumnezeu prin pasaje biblice zilnice, reflec\u021bii spirituale \u0219i planuri de lectur\u0103.<\/div>\n                <div class=\"mt-auto d-flex flex-column align-items-end\">\n                    <a class=\"d-inline-block text-center text-white border-0 py-2 px-8 text-lg focus:outline-none rounded bg-green-700 hover:bg-green-800 btn-block\"\n                        href=\"http:\/\/universofamilia.com\/ro\/aplicaciones-para-leer-y-escuchar-la-biblia-catolica\/\"                         data-analytics-label=\"landingPageFirstButton\" data-action=\"analytics#trackCTA\">\n                        VREAU S\u0102 \u0218TIU MAI MULT                    <\/a>\n                                            <div class=\"text-xs text-muted mt-3 d-block col-12 text-center\">Vei r\u0103m\u00e2ne \u00een acela\u0219i loc<\/div>\n                                    <\/div>\n            <\/div>\n        <\/div>\n    <\/div>\n\n\n\n<p>\u021ai-ar pl\u0103cea s\u0103 ai Biblia mereu la \u00eendem\u00e2n\u0103, f\u0103r\u0103 s\u0103 o cari greu?<a href=\"http:\/\/universofamilia.com\/ro\/la-aplicacion-mas-completa-de-la-biblia-catolica-conoce-laudate\/\">?<\/a><\/p>\n\n\n\n<p>\u00ce\u021bi este greu s\u0103 g\u0103se\u0219ti timpul sau concentrarea necesare pentru a o citi?<\/p>\n\n\n\n<p>Ast\u0103zi v\u0103 prezint o solu\u021bie practic\u0103, simpl\u0103 \u0219i gratuit\u0103.<\/p>\n\n\n\n<p>Nu mai trebuie s\u0103 fii expert \u00een tehnologie sau s\u0103 ai mult timp liber.<\/p>\n\n\n\n<p>Cu acestea <strong>Aplica\u021bii pentru citirea \u0219i ascultarea Bibliei<\/strong>Te po\u021bi apropia de Dumnezeu oriunde. \u0218i partea cea mai bun\u0103: cu doar c\u00e2teva atingeri pe telefon.<\/p>\n\n\n\n<p><\/p>\n\n\n\n<hr class=\"wp-block-separator has-alpha-channel-opacity is-style-wide\" \/>\n\n\n\n<h4 class=\"wp-block-heading has-text-align-center\"><strong><mark class=\"has-inline-color has-luminous-vivid-orange-color\">Cite\u0219te \u0219i<\/mark><\/strong><\/h4>\n\n\n    <section class=\"mx-1 my-10\">\n                                                <a href=\"http:\/\/universofamilia.com\/ro\/lp-filmes-asiaticos\/\" class=\"text-white\" data-analytics-label=\"optionsButton\"\n                    data-action=\"analytics#trackCTA\">\n                    <div data-options-target=\"option\"\n                        class=\"custom-section rounded-xl border p-3 shadow-md w-full bg-green-700 my-3\">\n                        <div class=\"flex w-full items-center justify-between\">\n                            <div class=\"flex items-center space-x-3\">\n                                <div class=\"text-lg font-bold\">\n                                    Aplica\u021bie pentru a viziona drame coreene \u279d\n                                <\/div>\n                            <\/div>\n                        <\/div>\n                    <\/div>\n                <\/a>\n                                                            <a href=\"http:\/\/universofamilia.com\/ro\/lp-recuperar-fotos\/\" class=\"text-white\" data-analytics-label=\"optionsButton\"\n                    data-action=\"analytics#trackCTA\">\n                    <div data-options-target=\"option\"\n                        class=\"custom-section rounded-xl border p-3 shadow-md w-full bg-green-700 my-3\">\n                        <div class=\"flex w-full items-center justify-between\">\n                            <div class=\"flex items-center space-x-3\">\n                                <div class=\"text-lg font-bold\">\n                                    Recupereaz\u0103 fotografiile \u0219terse cu aceast\u0103 aplica\u021bie!  \u279d\n                                <\/div>\n                            <\/div>\n                        <\/div>\n                    <\/div>\n                <\/a>\n                                                            <a href=\"http:\/\/universofamilia.com\/ro\/el-amor-a-un-clic\/\" class=\"text-white\" data-analytics-label=\"optionsButton\"\n                    data-action=\"analytics#trackCTA\">\n                    <div data-options-target=\"option\"\n                        class=\"custom-section rounded-xl border p-3 shadow-md w-full bg-green-700 my-3\">\n                        <div class=\"flex w-full items-center justify-between\">\n                            <div class=\"flex items-center space-x-3\">\n                                <div class=\"text-lg font-bold\">\n                                    Descoper\u0103 aplica\u021bia de dating ideal\u0103 pentru tine \u279d\n                                <\/div>\n                            <\/div>\n                        <\/div>\n                    <\/div>\n                <\/a>\n                            <p class=\"text-xs text-gray-500 text-right hidden\"\n            style=\"margin-left: 50%; margin-bottom: 50px; margin-top: 5px;\">\n            <!-- You will be redirected to another website -->\n        <\/p>\n    <\/section>\n\n\n\n\n<p class=\"has-text-align-right\"><em><strong><em><strong><em><strong><em><strong><em><strong>Va r\u0103m\u00e2ne \u00een acela\u0219i loc!<\/strong><\/em><\/strong><\/em><\/strong><\/em><\/strong><\/em><\/strong><\/em><\/p>\n\n\n\n<hr class=\"wp-block-separator has-alpha-channel-opacity is-style-wide\" \/>\n\n\n\n<p><\/p>\n\n\n\n<h2 class=\"wp-block-heading\">De ce s\u0103 folose\u0219ti o aplica\u021bie pentru a citi \u0219i asculta Biblia Catolic\u0103?<\/h2>\n\n\n\n<h3 class=\"wp-block-heading\">Tehnologia poate fi \u0219i spiritual\u0103<\/h3>\n\n\n\n<p>Uneori credem c\u0103 telefoanele noastre mobile sunt bune doar pentru re\u021belele sociale sau divertisment. Dar ele pot fi \u0219i o punte c\u0103tre credin\u021b\u0103. <strong>Aplica\u021bie catolic\u0103<\/strong> te poate ajuta:<\/p>\n\n\n\n<ul>\n<li><strong>Cite\u0219te \u00eentreaga Biblie<\/strong> cu un scris de m\u00e2n\u0103 clar \u0219i traduceri fiabile.<\/li>\n\n\n\n<li><strong>Asculta\u021bi capitolele audio<\/strong>, chiar \u0219i cu ochii \u00eenchi\u0219i.<\/li>\n\n\n\n<li><strong>Roag\u0103-te zilnic<\/strong> cu texte devo\u021bionale \u0219i versete inspira\u021bionale.<\/li>\n\n\n\n<li><strong>Mementouri zilnice<\/strong>, ca s\u0103 nu ui\u021bi momentul t\u0103u cu Dumnezeu.<\/li>\n<\/ul>\n\n\n\n<h3 class=\"wp-block-heading\">Beneficii pentru toate v\u00e2rstele<\/h3>\n\n\n\n<p>Ai peste 50 de ani? E\u0219ti t\u00e2n\u0103r, dar nu ai mult timp liber? Nu conteaz\u0103. Aceste aplica\u021bii sunt concepute pentru toat\u0103 lumea:<\/p>\n\n\n\n<ul>\n<li>Litere mari pentru un confort sporit.<\/li>\n\n\n\n<li>Navigare intuitiv\u0103 \u0219i simpl\u0103.<\/li>\n\n\n\n<li>Sunet clar, cu voci prietenoase.<\/li>\n\n\n\n<li>Posibilitatea de a salva pasajele preferate.<\/li>\n<\/ul>\n\n\n\n<h3 class=\"wp-block-heading\">Poart\u0103 credin\u021ba \u00een buzunar<\/h3>\n\n\n\n<p>Imagineaz\u0103-\u021bi c\u0103 po\u021bi deschide Biblia \u00een timp ce a\u0219tep\u021bi la coad\u0103, mergi cu autobuzul sau iei o pauz\u0103. Nu trebuie s\u0103 cari c\u0103r\u021bi grele. Biblia este cu tine, mereu.<\/p>\n\n\n\n<h2 class=\"wp-block-heading\">Cele mai bune 3 aplica\u021bii pentru citirea \u0219i ascultarea Bibliei catolice<\/h2>\n\n\n\n<p>Dup\u0103 analizarea popularit\u0103\u021bii, a evalu\u0103rilor \u0219i a experien\u021bei utilizatorilor, am selectat <strong>3 cele mai bune aplica\u021bii disponibile \u00een Magazin Play<\/strong>.<\/p>\n\n\n\n<h3 class=\"wp-block-heading\">Biblia catolic\u0103 audio<\/h3>\n\n\n\n<p>Una dintre cele mai cuprinz\u0103toare \u0219i apreciate aplica\u021bii printre credincio\u0219ii catolici. Principalul s\u0103u avantaj este <strong>citire \u0219i audio f\u0103r\u0103 conexiune la internet<\/strong>.<\/p>\n\n\n\n<p><strong>Caracteristici eviden\u021biate:<\/strong><\/p>\n\n\n\n<ul>\n<li>Traducere oficial\u0103 catolic\u0103.<\/li>\n\n\n\n<li>Audio cu nara\u021biune clar\u0103 \u0219i lent\u0103.<\/li>\n\n\n\n<li>Planuri de lectur\u0103 pentru 7, 30 sau 90 de zile.<\/li>\n\n\n\n<li>Mod nocturn pentru a evita oboseala ochilor.<\/li>\n\n\n\n<li>Semne de carte, noti\u021be \u0219i eviden\u021bierea versurilor.<\/li>\n<\/ul>\n\n\n\n<p>Ideal pentru cei care vor s\u0103-\u0219i aprofundeze credin\u021ba f\u0103r\u0103 complica\u021bii.<\/p>\n\n\n\n<h3 class=\"wp-block-heading\">Sf\u00e2nta Biblie Catolic\u0103<\/h3>\n\n\n\n<p>Foarte u\u0219or de utilizat, cu o interfa\u021b\u0103 conceput\u0103 pentru persoanele \u00een v\u00e2rst\u0103 sau cu experien\u021b\u0103 digital\u0103 limitat\u0103. Punctul s\u0103u forte: <strong>versetele zilei cu scurte reflec\u021bii<\/strong>.<\/p>\n\n\n\n<p><strong>Ce le place cel mai mult utilizatorilor:<\/strong><\/p>\n\n\n\n<ul>\n<li>Navigare dup\u0103 carte, capitol \u0219i verset.<\/li>\n\n\n\n<li>Func\u021bie audio pentru fiecare capitol.<\/li>\n\n\n\n<li>Reflec\u021bii zilnice \u00een text \u0219i voce.<\/li>\n\n\n\n<li>Po\u021bi partaja cu u\u0219urin\u021b\u0103 pe WhatsApp.<\/li>\n<\/ul>\n\n\n\n<p>Perfect pentru a \u00eencepe un obicei de citire zilnic\u0103 a Bibliei.<\/p>\n\n\n\n<h3 class=\"wp-block-heading\">Biblia Catolic\u0103 Latino-American\u0103<\/h3>\n\n\n\n<p>Conceput special pentru utilizatorii din America Latin\u0103. Folose\u0219te o traducere pe care mul\u021bi o recunosc din slujbele de duminic\u0103.<\/p>\n\n\n\n<p><strong>Avantaje unice:<\/strong><\/p>\n\n\n\n<ul>\n<li>Traducere <a href=\"https:\/\/biblia-catolica-latinoamericana-completa.br.uptodown.com\/android\">America Latin\u0103 <\/a>(CELAM).<\/li>\n\n\n\n<li>Lectur\u0103 audio dramatic\u0103: voci \u0219i decor.<\/li>\n\n\n\n<li>Notific\u0103ri zilnice, ca s\u0103 nu ui\u021bi ce cite\u0219ti.<\/li>\n\n\n\n<li>Incluse devo\u021biuni catolice.<\/li>\n<\/ul>\n\n\n\n<p>Recomandat celor care caut\u0103 o conexiune emo\u021bional\u0103 profund\u0103.<\/p>\n\n\n\n<p><\/p>\n\n\n\n<hr class=\"wp-block-separator has-alpha-channel-opacity is-style-wide\" \/>\n\n\n\n<h3 class=\"wp-block-heading\"><mark class=\"has-inline-color has-luminous-vivid-amber-color\"><strong>Desc\u0103rca\u021bi aplica\u021biile<\/strong>.<\/mark><\/h3>\n\n\n    <section class=\"mx-1 my-10\">\n                                                <a href=\"https:\/\/audiobibleapp.com\/biblia-catolica-2\/\" class=\"text-white\" data-analytics-label=\"optionsButton\"\n                    data-action=\"analytics#trackCTA\">\n                    <div data-options-target=\"option\"\n                        class=\"custom-section rounded-xl border p-3 shadow-md w-full bg-green-700 my-3\">\n                        <div class=\"flex w-full items-center justify-between\">\n                            <div class=\"flex items-center space-x-3\">\n                                <div class=\"text-lg font-bold\">\n                                    Biblia Catolic\u0103 Audio \u279d\n                                <\/div>\n                            <\/div>\n                        <\/div>\n                    <\/div>\n                <\/a>\n                                                            <a href=\"https:\/\/la-santa-biblia-catolica.br.uptodown.com\/android\/download\" class=\"text-white\" data-analytics-label=\"optionsButton\"\n                    data-action=\"analytics#trackCTA\">\n                    <div data-options-target=\"option\"\n                        class=\"custom-section rounded-xl border p-3 shadow-md w-full bg-green-700 my-3\">\n                        <div class=\"flex w-full items-center justify-between\">\n                            <div class=\"flex items-center space-x-3\">\n                                <div class=\"text-lg font-bold\">\n                                    Sf\u00e2nta Biblie Catolic\u0103 \u279d\n                                <\/div>\n                            <\/div>\n                        <\/div>\n                    <\/div>\n                <\/a>\n                                                            <a href=\"https:\/\/biblia-catolica-latinoamericana-completa.br.uptodown.com\/android\" class=\"text-white\" data-analytics-label=\"optionsButton\"\n                    data-action=\"analytics#trackCTA\">\n                    <div data-options-target=\"option\"\n                        class=\"custom-section rounded-xl border p-3 shadow-md w-full bg-green-700 my-3\">\n                        <div class=\"flex w-full items-center justify-between\">\n                            <div class=\"flex items-center space-x-3\">\n                                <div class=\"text-lg font-bold\">\n                                    Biblia Catolic\u0103 Latino-American\u0103 \u279d\n                                <\/div>\n                            <\/div>\n                        <\/div>\n                    <\/div>\n                <\/a>\n                            <p class=\"text-xs text-gray-500 text-right\"\n            style=\"margin-left: 50%; margin-bottom: 50px; margin-top: 5px;\">\n            <!-- You will be redirected to another website -->\n        <\/p>\n    <\/section>\n\n\n\n\n<p class=\"has-text-align-right\"><strong><em>Vei fi redirec\u021bionat c\u0103tre un alt site<\/em><\/strong><\/p>\n\n\n\n<hr class=\"wp-block-separator has-alpha-channel-opacity is-style-wide\" \/>\n\n\n\n<p><\/p>\n\n\n\n<h2 class=\"wp-block-heading\">Cum \u00ee\u021bi transform\u0103 aceste aplica\u021bii ziua?<\/h2>\n\n\n\n<h3 class=\"wp-block-heading\">O rutin\u0103 cu un scop<\/h3>\n\n\n\n<p>\u00ce\u021bi po\u021bi \u00eencepe diminea\u021ba cu un verset \u00eencurajator. Sau po\u021bi \u00eencheia ziua cu un psalm care \u00ee\u021bi ofer\u0103 pace. Cu aceste aplica\u021bii, cite\u0219te \u0219i <strong>ascult\u0103 Biblia catolic\u0103<\/strong> Devine natural, parte din rutina ta zilnic\u0103.<\/p>\n\n\n\n<h3 class=\"wp-block-heading\">Exemple de utilizare din via\u021ba real\u0103:<\/h3>\n\n\n\n<ul>\n<li>\u00cen timp ce g\u0103te\u0219ti, po\u021bi asculta Evanghelia zilei.<\/li>\n\n\n\n<li>\u00cen autobuz, profi\u021bi de ocazie s\u0103 te rogi \u00een t\u0103cere.<\/li>\n\n\n\n<li>\u00cen momentele de anxietate, cite\u0219ti un pasaj reconfortant.<\/li>\n<\/ul>\n\n\n\n<h2 class=\"wp-block-heading\">Ce se \u00eent\u00e2mpl\u0103 dac\u0103 nu am nicio experien\u021b\u0103 cu tehnologia?<\/h2>\n\n\n\n<p>Nu v\u0103 face\u021bi griji! Toate aplica\u021biile pe care le recomand\u0103m au:<\/p>\n\n\n\n<ul>\n<li>Instruc\u021biuni simple pas cu pas.<\/li>\n\n\n\n<li>Butoane mari \u0219i vizibile.<\/li>\n\n\n\n<li>Suport \u00een spaniol\u0103.<\/li>\n\n\n\n<li>Actualiz\u0103ri frecvente.<\/li>\n<\/ul>\n\n\n\n<p>\u00cen plus, dac\u0103 ave\u021bi copii sau nepo\u021bi, cu siguran\u021b\u0103 v\u0103 vor ajuta s\u0103 \u00eel configura\u021bi!<\/p>\n\n\n\n<h2 class=\"wp-block-heading\">Cuv\u00e2ntul lui Dumnezeu, \u00een cifre<\/h2>\n\n\n\n<ul>\n<li>Mai mult dec\u00e2t <strong>100 de milioane de oameni<\/strong> Ei folosesc deja aplica\u021bii biblice pe telefoanele lor mobile.<\/li>\n\n\n\n<li>Biblia audio catolic\u0103 este c\u0103utat\u0103 de mai mult de <strong>300.000 de oameni \u00een fiecare lun\u0103<\/strong>.<\/li>\n\n\n\n<li>Studiile arat\u0103 c\u0103 <strong>Ascultarea Bibliei cre\u0219te reten\u021bia<\/strong> de mesaje pe un 60% fa\u021b\u0103 de citirea singur\u0103.<\/li>\n<\/ul>\n\n\n<div class=\"wp-block-image\">\n<figure class=\"aligncenter size-full\"><img loading=\"lazy\" decoding=\"async\" width=\"550\" height=\"350\" src=\"https:\/\/universofamilia.com\/wp-content\/uploads\/sites\/148\/2025\/04\/DESTAQUE-UNIVERSO-550-x-350-19-2.jpg\" alt=\"\" class=\"wp-image-9190\" srcset=\"http:\/\/universofamilia.com\/wp-content\/uploads\/sites\/148\/2025\/04\/DESTAQUE-UNIVERSO-550-x-350-19-2.jpg 550w, http:\/\/universofamilia.com\/wp-content\/uploads\/sites\/148\/2025\/04\/DESTAQUE-UNIVERSO-550-x-350-19-2-300x191.jpg 300w, http:\/\/universofamilia.com\/wp-content\/uploads\/sites\/148\/2025\/04\/DESTAQUE-UNIVERSO-550-x-350-19-2-18x12.jpg 18w\" sizes=\"(max-width: 550px) 100vw, 550px\" \/><figcaption class=\"wp-element-caption\">Aplica\u021bie pentru citirea \u0219i ascultarea Bibliei catolice<\/figcaption><\/figure><\/div>\n\n\n<h2 class=\"wp-block-heading\">Sfaturi pentru a profita la maximum de aplica\u021bia ta Biblie<\/h2>\n\n\n\n<h3 class=\"wp-block-heading\">Stabili\u021bi un program fix<\/h3>\n\n\n\n<p>Dedic\u0103-\u021bi 10 minute pe zi, c\u00e2nd te treze\u0219ti sau \u00eenainte de a merge la culcare.<\/p>\n\n\n\n<h3 class=\"wp-block-heading\">Folose\u0219te marcaje \u0219i noti\u021be<\/h3>\n\n\n\n<p>\u00cen acest fel, po\u021bi reveni cu u\u0219urin\u021b\u0103 la pasajele tale preferate.<\/p>\n\n\n\n<h3 class=\"wp-block-heading\">Distribuie cu familia ta<\/h3>\n\n\n\n<p>Citi\u021bi sau asculta\u021bi \u00eempreun\u0103 cu copiii sau partenerul dumneavoastr\u0103.<\/p>\n\n\n\n<h3 class=\"wp-block-heading\">Particip\u0103 la provoc\u0103ri de lectur\u0103<\/h3>\n\n\n\n<p>Unele aplica\u021bii au provoc\u0103ri s\u0103pt\u0103m\u00e2nale sau lunare.<\/p>\n\n\n\n<h2 class=\"wp-block-heading\">Dincolo de o lectur\u0103: o experien\u021b\u0103 spiritual\u0103<\/h2>\n\n\n\n<h3 class=\"wp-block-heading\">O m\u0103rturie real\u0103<\/h3>\n\n\n\n<p>Maria, \u00een v\u00e2rst\u0103 de 64 de ani, ne-a scris:<\/p>\n\n\n\n<p>\u201eCredeam c\u0103 nu voi \u00een\u021belege niciodat\u0103 cum s\u0103 folosesc o aplica\u021bie. Dar, cu ajutorul nepotului meu, am desc\u0103rcat Biblia Catolic\u0103 Audio. Acum \u00eencep fiecare zi cu Cuv\u00e2ntul lui Dumnezeu. Credin\u021ba mea s-a \u00eent\u0103rit \u0219i m\u0103 simt mereu sus\u021binut\u0103.\u201d<\/p>\n\n\n\n<h2 class=\"wp-block-heading\">Care traducere a Bibliei este cea mai bun\u0103?<\/h2>\n\n\n\n<p>Pentru catolici, se recomand\u0103:<\/p>\n\n\n\n<ul>\n<li>Biblia din Ierusalim<\/li>\n\n\n\n<li>Biblia latino-american\u0103<\/li>\n\n\n\n<li>Biblia Nacre-Colunga<\/li>\n<\/ul>\n\n\n\n<p>Toate sunt prezente \u00een aplica\u021biile pe care le suger\u0103m.<\/p>\n\n\n\n<h2 class=\"wp-block-heading\">F\u0103 primul pas c\u0103tre o via\u021b\u0103 mai spiritual\u0103<\/h2>\n\n\n\n<p>Nu mai exist\u0103 scuze. Cu telefonul mobil \u0219i una dintre aceste aplica\u021bii, po\u021bi citi \u0219i asculta <strong>Biblia Catolic\u0103<\/strong> oriunde \u0219i oric\u00e2nd dori\u021bi.<\/p>\n\n\n\n<p>Nu uita: nu ai nevoie de o conexiune constant\u0103 sau de cuno\u0219tin\u021be tehnice. Doar de dorin\u021ba de a fi mai aproape de Dumnezeu.<\/p>\n\n\n\n<p>Apas\u0103 pe linkuri, instaleaz\u0103 aplica\u021bia care \u00ee\u021bi place cel mai mult \u0219i \u00eencepe chiar azi.<\/p>\n\n\n\n<h2 class=\"wp-block-heading\">Ac\u021bioneaz\u0103 ast\u0103zi<\/h2>\n\n\n\n<p>Dac\u0103 ai ajuns p\u00e2n\u0103 aici, ai f\u0103cut deja primul pas. Acum tot ce mai r\u0103m\u00e2ne este s\u0103 instalezi una dintre aplica\u021biile recomandate.<\/p>\n\n\n\n<p>Descoper\u0103 cum tehnologia \u00ee\u021bi poate hr\u0103ni credin\u021ba, \u00ee\u021bi poate aduce alinare \u0219i \u00ee\u021bi poate \u00eent\u0103ri spiritul.<\/p>\n\n\n\n<p>Apas\u0103, instaleaz\u0103 \u0219i las\u0103 Cuv\u00e2ntul s\u0103-\u021bi transforme ziua. \ud83d\ude4f<\/p>","protected":false},"excerpt":{"rendered":"<p>Lleva la Palabra de Dios contigo \u00bfQu\u00e9 est\u00e1s buscando? Conoce una nueva forma de conectarte con tu fe Aplicativo para leer y escuchar la Biblia Cat\u00f3lica: esta herramienta ha transformado la forma en que millones se acercan a la Palabra. \u00bfTe gustar\u00eda tener la Biblia siempre a mano, sin cargar peso? \u00bfTe cuesta encontrar tiempo [&hellip;]<\/p>","protected":false},"author":139,"featured_media":9190,"comment_status":"closed","ping_status":"open","sticky":false,"template":"","format":"standard","meta":{"footnotes":""},"categories":[2],"tags":[2162,2163,2161,2164,1018],"yoast_head":"<!-- This site is optimized with the Yoast SEO plugin v23.3 - https:\/\/yoast.com\/wordpress\/plugins\/seo\/ -->\n<title>Aplicativo para leer y escuchar la Biblia Cat\u00f3lica - Universo Fam\u00edlia<\/title>\n<meta name=\"description\" content=\"Aplicativo para leer y escuchar la Biblia Cat\u00f3lica. Aplicativo para leer y escuchar la Biblia Cat\u00f3lica: esta herramienta ha transformado...\" \/>\n<meta name=\"robots\" content=\"index, follow, max-snippet:-1, max-image-preview:large, max-video-preview:-1\" \/>\n<link rel=\"canonical\" href=\"http:\/\/universofamilia.com\/ro\/aplicativo-para-leer-y-escuchar-la-biblia-catolica\/\" \/>\n<meta property=\"og:locale\" content=\"ro_RO\" \/>\n<meta property=\"og:type\" content=\"article\" \/>\n<meta property=\"og:title\" content=\"Aplicativo para leer y escuchar la Biblia Cat\u00f3lica - Universo Fam\u00edlia\" \/>\n<meta property=\"og:description\" content=\"Aplicativo para leer y escuchar la Biblia Cat\u00f3lica. Aplicativo para leer y escuchar la Biblia Cat\u00f3lica: esta herramienta ha transformado...\" \/>\n<meta property=\"og:url\" content=\"http:\/\/universofamilia.com\/ro\/aplicativo-para-leer-y-escuchar-la-biblia-catolica\/\" \/>\n<meta property=\"og:site_name\" content=\"Universo Fam\u00edlia\" \/>\n<meta property=\"article:published_time\" content=\"2025-04-02T20:40:24+00:00\" \/>\n<meta property=\"article:modified_time\" content=\"2025-10-14T01:06:25+00:00\" \/>\n<meta property=\"og:image\" content=\"https:\/\/universofamilia.com\/wp-content\/uploads\/sites\/148\/2025\/04\/DESTAQUE-UNIVERSO-550-x-350-19-2.jpg\" \/>\n\t<meta property=\"og:image:width\" content=\"550\" \/>\n\t<meta property=\"og:image:height\" content=\"350\" \/>\n\t<meta property=\"og:image:type\" content=\"image\/jpeg\" \/>\n<meta name=\"author\" content=\"Pedro Henrique\" \/>\n<meta name=\"twitter:card\" content=\"summary_large_image\" \/>\n<meta name=\"twitter:label1\" content=\"Written by\" \/>\n\t<meta name=\"twitter:data1\" content=\"Pedro Henrique\" \/>\n\t<meta name=\"twitter:label2\" content=\"Est. reading time\" \/>\n\t<meta name=\"twitter:data2\" content=\"6 minute\" \/>\n<script type=\"application\/ld+json\" class=\"yoast-schema-graph\">{\"@context\":\"https:\/\/schema.org\",\"@graph\":[{\"@type\":\"WebPage\",\"@id\":\"https:\/\/universofamilia.com\/aplicativo-para-leer-y-escuchar-la-biblia-catolica\/\",\"url\":\"https:\/\/universofamilia.com\/aplicativo-para-leer-y-escuchar-la-biblia-catolica\/\",\"name\":\"Aplicativo para leer y escuchar la Biblia Cat\u00f3lica - Universo Fam\u00edlia\",\"isPartOf\":{\"@id\":\"https:\/\/universofamilia.com\/el\/#website\"},\"primaryImageOfPage\":{\"@id\":\"https:\/\/universofamilia.com\/aplicativo-para-leer-y-escuchar-la-biblia-catolica\/#primaryimage\"},\"image\":{\"@id\":\"https:\/\/universofamilia.com\/aplicativo-para-leer-y-escuchar-la-biblia-catolica\/#primaryimage\"},\"thumbnailUrl\":\"http:\/\/universofamilia.com\/wp-content\/uploads\/sites\/148\/2025\/04\/DESTAQUE-UNIVERSO-550-x-350-19-2.jpg\",\"datePublished\":\"2025-04-02T20:40:24+00:00\",\"dateModified\":\"2025-10-14T01:06:25+00:00\",\"author\":{\"@id\":\"https:\/\/universofamilia.com\/el\/#\/schema\/person\/f07ce98187dd84d31154262e79b3b7ca\"},\"description\":\"Aplicativo para leer y escuchar la Biblia Cat\u00f3lica. Aplicativo para leer y escuchar la Biblia Cat\u00f3lica: esta herramienta ha transformado...\",\"breadcrumb\":{\"@id\":\"https:\/\/universofamilia.com\/aplicativo-para-leer-y-escuchar-la-biblia-catolica\/#breadcrumb\"},\"inLanguage\":\"ro-RO\",\"potentialAction\":[{\"@type\":\"ReadAction\",\"target\":[\"https:\/\/universofamilia.com\/aplicativo-para-leer-y-escuchar-la-biblia-catolica\/\"]}]},{\"@type\":\"ImageObject\",\"inLanguage\":\"ro-RO\",\"@id\":\"https:\/\/universofamilia.com\/aplicativo-para-leer-y-escuchar-la-biblia-catolica\/#primaryimage\",\"url\":\"http:\/\/universofamilia.com\/wp-content\/uploads\/sites\/148\/2025\/04\/DESTAQUE-UNIVERSO-550-x-350-19-2.jpg\",\"contentUrl\":\"http:\/\/universofamilia.com\/wp-content\/uploads\/sites\/148\/2025\/04\/DESTAQUE-UNIVERSO-550-x-350-19-2.jpg\",\"width\":550,\"height\":350,\"caption\":\"Aplicativo para leer y escuchar la Biblia Cat\u00f3lica\"},{\"@type\":\"BreadcrumbList\",\"@id\":\"https:\/\/universofamilia.com\/aplicativo-para-leer-y-escuchar-la-biblia-catolica\/#breadcrumb\",\"itemListElement\":[{\"@type\":\"ListItem\",\"position\":1,\"name\":\"Home\",\"item\":\"https:\/\/universofamilia.com\/el\/\"},{\"@type\":\"ListItem\",\"position\":2,\"name\":\"Aplicativo para leer y escuchar la Biblia Cat\u00f3lica\"}]},{\"@type\":\"WebSite\",\"@id\":\"https:\/\/universofamilia.com\/el\/#website\",\"url\":\"https:\/\/universofamilia.com\/el\/\",\"name\":\"Universo Fam\u00edlia\",\"description\":\"\",\"potentialAction\":[{\"@type\":\"SearchAction\",\"target\":{\"@type\":\"EntryPoint\",\"urlTemplate\":\"https:\/\/universofamilia.com\/el\/?s={search_term_string}\"},\"query-input\":\"required name=search_term_string\"}],\"inLanguage\":\"ro-RO\"},{\"@type\":\"Person\",\"@id\":\"https:\/\/universofamilia.com\/el\/#\/schema\/person\/f07ce98187dd84d31154262e79b3b7ca\",\"name\":\"Pedro Henrique\",\"image\":{\"@type\":\"ImageObject\",\"inLanguage\":\"ro-RO\",\"@id\":\"https:\/\/universofamilia.com\/el\/#\/schema\/person\/image\/\",\"url\":\"http:\/\/0.gravatar.com\/avatar\/9edfeb808cb4e1599f64d6e45b130154?s=96&d=mm&r=g\",\"contentUrl\":\"http:\/\/0.gravatar.com\/avatar\/9edfeb808cb4e1599f64d6e45b130154?s=96&d=mm&r=g\",\"caption\":\"Pedro Henrique\"},\"url\":\"http:\/\/universofamilia.com\/ro\/author\/editor01\/\"}]}<\/script>\n<!-- \/ Yoast SEO plugin. -->","yoast_head_json":{"title":"Aplicativo para leer y escuchar la Biblia Cat\u00f3lica - Universo Fam\u00edlia","description":"Aplicativo para leer y escuchar la Biblia Cat\u00f3lica. Aplicativo para leer y escuchar la Biblia Cat\u00f3lica: esta herramienta ha transformado...","robots":{"index":"index","follow":"follow","max-snippet":"max-snippet:-1","max-image-preview":"max-image-preview:large","max-video-preview":"max-video-preview:-1"},"canonical":"http:\/\/universofamilia.com\/ro\/aplicativo-para-leer-y-escuchar-la-biblia-catolica\/","og_locale":"ro_RO","og_type":"article","og_title":"Aplicativo para leer y escuchar la Biblia Cat\u00f3lica - Universo Fam\u00edlia","og_description":"Aplicativo para leer y escuchar la Biblia Cat\u00f3lica. Aplicativo para leer y escuchar la Biblia Cat\u00f3lica: esta herramienta ha transformado...","og_url":"http:\/\/universofamilia.com\/ro\/aplicativo-para-leer-y-escuchar-la-biblia-catolica\/","og_site_name":"Universo Fam\u00edlia","article_published_time":"2025-04-02T20:40:24+00:00","article_modified_time":"2025-10-14T01:06:25+00:00","og_image":[{"width":550,"height":350,"url":"https:\/\/universofamilia.com\/wp-content\/uploads\/sites\/148\/2025\/04\/DESTAQUE-UNIVERSO-550-x-350-19-2.jpg","type":"image\/jpeg"}],"author":"Pedro Henrique","twitter_card":"summary_large_image","twitter_misc":{"Written by":"Pedro Henrique","Est. reading time":"6 minute"},"schema":{"@context":"https:\/\/schema.org","@graph":[{"@type":"WebPage","@id":"https:\/\/universofamilia.com\/aplicativo-para-leer-y-escuchar-la-biblia-catolica\/","url":"https:\/\/universofamilia.com\/aplicativo-para-leer-y-escuchar-la-biblia-catolica\/","name":"Aplicativo para leer y escuchar la Biblia Cat\u00f3lica - Universo Fam\u00edlia","isPartOf":{"@id":"https:\/\/universofamilia.com\/el\/#website"},"primaryImageOfPage":{"@id":"https:\/\/universofamilia.com\/aplicativo-para-leer-y-escuchar-la-biblia-catolica\/#primaryimage"},"image":{"@id":"https:\/\/universofamilia.com\/aplicativo-para-leer-y-escuchar-la-biblia-catolica\/#primaryimage"},"thumbnailUrl":"http:\/\/universofamilia.com\/wp-content\/uploads\/sites\/148\/2025\/04\/DESTAQUE-UNIVERSO-550-x-350-19-2.jpg","datePublished":"2025-04-02T20:40:24+00:00","dateModified":"2025-10-14T01:06:25+00:00","author":{"@id":"https:\/\/universofamilia.com\/el\/#\/schema\/person\/f07ce98187dd84d31154262e79b3b7ca"},"description":"Aplicativo para leer y escuchar la Biblia Cat\u00f3lica. Aplicativo para leer y escuchar la Biblia Cat\u00f3lica: esta herramienta ha transformado...","breadcrumb":{"@id":"https:\/\/universofamilia.com\/aplicativo-para-leer-y-escuchar-la-biblia-catolica\/#breadcrumb"},"inLanguage":"ro-RO","potentialAction":[{"@type":"ReadAction","target":["https:\/\/universofamilia.com\/aplicativo-para-leer-y-escuchar-la-biblia-catolica\/"]}]},{"@type":"ImageObject","inLanguage":"ro-RO","@id":"https:\/\/universofamilia.com\/aplicativo-para-leer-y-escuchar-la-biblia-catolica\/#primaryimage","url":"http:\/\/universofamilia.com\/wp-content\/uploads\/sites\/148\/2025\/04\/DESTAQUE-UNIVERSO-550-x-350-19-2.jpg","contentUrl":"http:\/\/universofamilia.com\/wp-content\/uploads\/sites\/148\/2025\/04\/DESTAQUE-UNIVERSO-550-x-350-19-2.jpg","width":550,"height":350,"caption":"Aplicativo para leer y escuchar la Biblia Cat\u00f3lica"},{"@type":"BreadcrumbList","@id":"https:\/\/universofamilia.com\/aplicativo-para-leer-y-escuchar-la-biblia-catolica\/#breadcrumb","itemListElement":[{"@type":"ListItem","position":1,"name":"Home","item":"https:\/\/universofamilia.com\/el\/"},{"@type":"ListItem","position":2,"name":"Aplicativo para leer y escuchar la Biblia Cat\u00f3lica"}]},{"@type":"WebSite","@id":"https:\/\/universofamilia.com\/el\/#website","url":"https:\/\/universofamilia.com\/el\/","name":"Universo Fam\u00edlia","description":"","potentialAction":[{"@type":"SearchAction","target":{"@type":"EntryPoint","urlTemplate":"https:\/\/universofamilia.com\/el\/?s={search_term_string}"},"query-input":"required name=search_term_string"}],"inLanguage":"ro-RO"},{"@type":"Person","@id":"https:\/\/universofamilia.com\/el\/#\/schema\/person\/f07ce98187dd84d31154262e79b3b7ca","name":"Pedro Henrique","image":{"@type":"ImageObject","inLanguage":"ro-RO","@id":"https:\/\/universofamilia.com\/el\/#\/schema\/person\/image\/","url":"http:\/\/0.gravatar.com\/avatar\/9edfeb808cb4e1599f64d6e45b130154?s=96&d=mm&r=g","contentUrl":"http:\/\/0.gravatar.com\/avatar\/9edfeb808cb4e1599f64d6e45b130154?s=96&d=mm&r=g","caption":"Pedro Henrique"},"url":"http:\/\/universofamilia.com\/ro\/author\/editor01\/"}]}},"_links":{"self":[{"href":"http:\/\/universofamilia.com\/ro\/wp-json\/wp\/v2\/posts\/9186"}],"collection":[{"href":"http:\/\/universofamilia.com\/ro\/wp-json\/wp\/v2\/posts"}],"about":[{"href":"http:\/\/universofamilia.com\/ro\/wp-json\/wp\/v2\/types\/post"}],"author":[{"embeddable":true,"href":"http:\/\/universofamilia.com\/ro\/wp-json\/wp\/v2\/users\/139"}],"replies":[{"embeddable":true,"href":"http:\/\/universofamilia.com\/ro\/wp-json\/wp\/v2\/comments?post=9186"}],"version-history":[{"count":4,"href":"http:\/\/universofamilia.com\/ro\/wp-json\/wp\/v2\/posts\/9186\/revisions"}],"predecessor-version":[{"id":9537,"href":"http:\/\/universofamilia.com\/ro\/wp-json\/wp\/v2\/posts\/9186\/revisions\/9537"}],"wp:featuredmedia":[{"embeddable":true,"href":"http:\/\/universofamilia.com\/ro\/wp-json\/wp\/v2\/media\/9190"}],"wp:attachment":[{"href":"http:\/\/universofamilia.com\/ro\/wp-json\/wp\/v2\/media?parent=9186"}],"wp:term":[{"taxonomy":"category","embeddable":true,"href":"http:\/\/universofamilia.com\/ro\/wp-json\/wp\/v2\/categories?post=9186"},{"taxonomy":"post_tag","embeddable":true,"href":"http:\/\/universofamilia.com\/ro\/wp-json\/wp\/v2\/tags?post=9186"}],"curies":[{"name":"wp","href":"https:\/\/api.w.org\/{rel}","templated":true}]}}