{"id":9758,"date":"2025-10-01T01:42:22","date_gmt":"2025-10-01T04:42:22","guid":{"rendered":"https:\/\/universofamilia.com\/?p=9758"},"modified":"2025-10-11T17:08:04","modified_gmt":"2025-10-11T20:08:04","slug":"inteligencia-artificial-y-politica","status":"publish","type":"post","link":"http:\/\/universofamilia.com\/ro\/inteligencia-artificial-y-politica\/","title":{"rendered":"Inteligen\u021ba artificial\u0103 \u0219i politica"},"content":{"rendered":"<p class=\"has-text-align-center\"><strong>Inteligen\u021ba artificial\u0103 \u0219i politica:<\/strong> Este un subiect care nu mai este exclusiv conferin\u021belor academice sau dezbaterilor tehnice; ast\u0103zi, acesta p\u0103trunde \u00een legi, decizii publice \u0219i chiar \u00een geopolitica global\u0103.<\/p>\n\n\n<div class=\"wp-block-image\">\n<figure class=\"aligncenter size-full\"><img loading=\"lazy\" decoding=\"async\" width=\"550\" height=\"350\" src=\"https:\/\/universofamilia.com\/wp-content\/uploads\/sites\/148\/2025\/10\/DESTAQUE-UNIVERSO-550-x-350.jpg\" alt=\"\" class=\"wp-image-9759\" srcset=\"http:\/\/universofamilia.com\/wp-content\/uploads\/sites\/148\/2025\/10\/DESTAQUE-UNIVERSO-550-x-350.jpg 550w, http:\/\/universofamilia.com\/wp-content\/uploads\/sites\/148\/2025\/10\/DESTAQUE-UNIVERSO-550-x-350-300x191.jpg 300w, http:\/\/universofamilia.com\/wp-content\/uploads\/sites\/148\/2025\/10\/DESTAQUE-UNIVERSO-550-x-350-18x12.jpg 18w\" sizes=\"(max-width: 550px) 100vw, 550px\" \/><figcaption class=\"wp-element-caption\">Canva<\/figcaption><\/figure><\/div>\n\n\n<p>\u00cen 2025, guvernele se confrunt\u0103 cu provocarea de a echilibra inova\u021bia cu protejarea drepturilor cet\u0103\u021benilor, iar fiecare regiune adopt\u0103 strategii diferite.<\/p>\n\n\n\n<p>\u00cen acest articol ve\u021bi g\u0103si o prezentare general\u0103 complet\u0103:<\/p>\n\n\n\n<ul>\n<li>Cum reglementeaz\u0103 cele mai influente \u021b\u0103ri IA.<\/li>\n\n\n\n<li>Principalele diferen\u021be dintre Europa, Statele Unite, China \u0219i America Latin\u0103.<\/li>\n\n\n\n<li>Ce riscuri \u0219i oportunit\u0103\u021bi sunt discutate \u00een leg\u0103tur\u0103 cu tehnologia.<\/li>\n\n\n\n<li>Exemple de aplicare a reglement\u0103rilor \u00een practic\u0103.<\/li>\n\n\n\n<li>\u00centreb\u0103ri frecvente pentru a clarifica \u00eendoielile comune.<\/li>\n<\/ul>\n\n\n\n<h2 class=\"wp-block-heading\">Urgen\u021ba unor reguli clare \u00een era digital\u0103<\/h2>\n\n\n\n<p>Inteligen\u021ba artificial\u0103 nu mai este un experiment de laborator. Este prezent\u0103 \u00een diagnosticele medicale, \u00een instan\u021be, pe pie\u021bele financiare \u0219i chiar \u00een campaniile politice.<\/p>\n\n\n\n<p>Viteza cu care evolueaz\u0103 tehnologia pune o dilem\u0103: cum s\u0103 prevenim abuzurile f\u0103r\u0103 a \u00eencetini progresul?<\/p>\n\n\n\n<p>R\u0103spunsul guvernului a fost acela de a promova cadrele de reglementare. \u00cen 2025, <strong>Regulamentul Uniunii Europene privind inteligen\u021ba artificial\u0103<\/strong> Este considerat\u0103 cea mai ambi\u021bioas\u0103 reglementare din lume. <\/p>\n\n\n\n<p>Clasific\u0103 sistemele de inteligen\u021b\u0103 artificial\u0103 \u00een func\u021bie de nivelurile de risc, de la aplica\u021bii cu impact redus p\u00e2n\u0103 la cele care afecteaz\u0103 drepturile fundamentale, cum ar fi supravegherea \u00een mas\u0103.<\/p>\n\n\n\n<p>Potrivit Comisiei Europene, obiectivul este de a \u201egaranta securitatea, transparen\u021ba \u0219i respectul pentru valorile democratice\u201d.<\/p>\n\n\n\n<h2 class=\"wp-block-heading\">Statele Unite: Inova\u021bie \u0219i control fragmentat<\/h2>\n\n\n\n<p>Abordarea SUA este mai pu\u021bin centralizat\u0103. \u00cen loc de o lege na\u021bional\u0103, agen\u021biile \u0219i statele adopt\u0103 linii directoare specifice.<\/p>\n\n\n\n<p>Casa Alb\u0103 a publicat \u00een 2022... <strong>Plan pentru o Declara\u021bie a Drepturilor IA<\/strong>, un cadru etic care ghideaz\u0103 dezvoltatorii \u0219i companiile. De\u0219i nu este obligatoriu, a deschis dezbaterea privind drepturile digitale, discriminarea algoritmic\u0103 \u0219i confiden\u021bialitatea.<\/p>\n\n\n\n<p>Exemplu concret: California impune reglement\u0103ri privind utilizarea inteligen\u021bei artificiale \u00een angajare, oblig\u00e2nd companiile s\u0103 demonstreze c\u0103 algoritmii lor nu genereaz\u0103 prejudec\u0103\u021bi rasiale sau de gen.<\/p>\n\n\n\n<p>Aceste tipuri de m\u0103suri reflect\u0103 tendin\u021ba american\u0103: protejarea consumatorilor f\u0103r\u0103 a sufoca competitivitatea ecosistemului s\u0103u tehnologic.<\/p>\n\n\n\n<h2 class=\"wp-block-heading\">China: Control statal \u0219i ambi\u021bie tehnologic\u0103<\/h2>\n\n\n\n<p>\u00cen schimb, China integreaz\u0103 inteligen\u021ba artificial\u0103 \u00een strategia sa de stat. Din 2021, a reglementat algoritmii de recomandare pe platformele digitale, iar \u00een 2023 a implementat reguli stricte pentru sistemele de inteligen\u021b\u0103 artificial\u0103 generativ\u0103.<\/p>\n\n\n\n<p>\u00cen 2025, guvernul va adopta reglement\u0103ri care limiteaz\u0103 diseminarea informa\u021biilor considerate d\u0103un\u0103toare \u201esecurit\u0103\u021bii na\u021bionale\u201d.<\/p>\n\n\n\n<p>\u00cen loc s\u0103 limiteze inova\u021bia, Beijingul \u00eencearc\u0103 s\u0103 utilizeze inteligen\u021ba artificial\u0103 ca instrument de putere economic\u0103 \u0219i social\u0103. Prin urmare, legisla\u021bia sa combin\u0103 promovarea startup-urilor locale cu controlul strict al con\u021binutului digital \u0219i al datelor cu caracter personal.<\/p>\n\n\n\n<h2 class=\"wp-block-heading\">America Latin\u0103: primii pa\u0219i \u0219i provoc\u0103ri nerezolvate<\/h2>\n\n\n\n<p>Regiunea este \u00eenc\u0103 \u00een stadii incipiente. Brazilia discut\u0103 despre o <strong>Cadrul juridic pentru inteligen\u021ba artificial\u0103<\/strong>, par\u021bial inspirat de modelul european.<\/p>\n\n\n\n<p>Mexicul, la r\u00e2ndul s\u0103u, a creat grupuri de exper\u021bi pentru a evalua riscurile etice \u0219i juridice, de\u0219i nu a adoptat \u00eenc\u0103 o lege cuprinz\u0103toare.<\/p>\n\n\n\n<p>Provoc\u0103rile sunt multiple: deficitul de resurse, lipsa infrastructurii \u0219i necesitatea de a proteja popula\u021biile vulnerabile.<\/p>\n\n\n\n<p>Chiar \u0219i a\u0219a, exist\u0103 un interes tot mai mare pentru alinierea politicilor publice la standardele interna\u021bionale pentru a evita r\u0103m\u00e2nerea \u00een urm\u0103 \u00een materie de inovare.<\/p>\n\n\n\n<h2 class=\"wp-block-heading\">Tabel comparativ: Reglement\u0103ri privind IA \u00een \u00eentreaga lume<\/h2>\n\n\n\n<figure class=\"wp-block-table\"><table><thead><tr><th>Regiune \/ \u021aar\u0103<\/th><th>Abordarea de reglementare<\/th><th>Anul cheie<\/th><th>Caracteristici principale<\/th><\/tr><\/thead><tbody><tr><td>Uniunea European\u0103<\/td><td>Regulament obligatoriu<\/td><td>2024-2025<\/td><td>Clasificarea riscurilor, transparen\u021b\u0103, sanc\u021biuni severe<\/td><\/tr><tr><td>STATELE UNITE ALE AMERICII<\/td><td>Orient\u0103ri \u0219i reglement\u0103ri de stat<\/td><td>2022-2025<\/td><td>Fragmentat, bazat pe drepturi, f\u0103r\u0103 o lege unic\u0103<\/td><\/tr><tr><td>China<\/td><td>Reglementare strict\u0103 la nivel de stat<\/td><td>2021-2025<\/td><td>Controlul con\u021binutului, datelor \u0219i algoritmilor<\/td><\/tr><tr><td>America Latin\u0103<\/td><td>Ini\u021biative ini\u021biale<\/td><td>2023-2025<\/td><td>Inspirat de UE, \u00eenc\u0103 \u00een discu\u021bie<\/td><\/tr><\/tbody><\/table><figcaption class=\"wp-element-caption\">Inteligen\u021ba artificial\u0103 \u0219i politica: cum reglementeaz\u0103 guvernele IA \u00een lume<\/figcaption><\/figure>\n\n\n\n<h2 class=\"wp-block-heading\">Un fapt care marcheaz\u0103 discu\u021bia<\/h2>\n\n\n\n<p>Conform raportului <strong>\u201eIndicele AI 2024\u201d de la Universitatea Stanford<\/strong>, mai mult dec\u00e2t <strong>70% din \u021b\u0103rile membre ale ONU<\/strong> ini\u021biaser\u0103 deja procese legislative sau orient\u0103ri de reglementare privind IA \u00eenainte de 2025.<\/p>\n\n\n\n<p>Aceste date arat\u0103 c\u0103 discu\u021bia nu mai este despre viitor: este o nevoie imediat\u0103 pentru guvernele de la toate nivelurile.<\/p>\n\n\n<div class=\"wp-block-image\">\n<figure class=\"aligncenter size-full\"><img loading=\"lazy\" decoding=\"async\" width=\"550\" height=\"350\" src=\"https:\/\/universofamilia.com\/wp-content\/uploads\/sites\/148\/2025\/10\/DESTAQUE-SITE-MUNDOSAPPS-16-1.jpg\" alt=\"\" class=\"wp-image-9761\" srcset=\"http:\/\/universofamilia.com\/wp-content\/uploads\/sites\/148\/2025\/10\/DESTAQUE-SITE-MUNDOSAPPS-16-1.jpg 550w, http:\/\/universofamilia.com\/wp-content\/uploads\/sites\/148\/2025\/10\/DESTAQUE-SITE-MUNDOSAPPS-16-1-300x191.jpg 300w, http:\/\/universofamilia.com\/wp-content\/uploads\/sites\/148\/2025\/10\/DESTAQUE-SITE-MUNDOSAPPS-16-1-18x12.jpg 18w\" sizes=\"(max-width: 550px) 100vw, 550px\" \/><figcaption class=\"wp-element-caption\">Canva<\/figcaption><\/figure><\/div>\n\n\n<p>Cite\u015fte mai mult:&nbsp;<a href=\"http:\/\/universofamilia.com\/ro\/los-paises-mas-avanzados-en-regulacion-de-ia-en-2025\/\">Cele mai avansate \u021b\u0103ri \u00een reglementarea inteligen\u021bei artificiale \u00een 2025<\/a><\/p>\n\n\n\n<h2 class=\"wp-block-heading\">Riscuri \u0219i oportunit\u0103\u021bi la orizont<\/h2>\n\n\n\n<p>Reglementarea IA nu \u00eenseamn\u0103 doar limitarea acesteia; aceasta creeaz\u0103 \u0219i oportunit\u0103\u021bi. Cu reguli clare, companiile pot inova cu mai mult\u0103 \u00eencredere. De asemenea, cet\u0103\u021benii se simt mai proteja\u021bi \u00eempotriva abuzurilor.<\/p>\n\n\n\n<p>Un exemplu recent este cel din sectorul financiar: b\u0103ncile europene au \u00eenceput s\u0103 utilizeze inteligen\u021ba artificial\u0103 \u00een evalu\u0103rile de credit sub supravegherea reglement\u0103rilor.<\/p>\n\n\n\n<p>Aceast\u0103 m\u0103sur\u0103 a redus pl\u00e2ngerile de discriminare \u0219i a \u00eembun\u0103t\u0103\u021bit \u00eencrederea consumatorilor.<\/p>\n\n\n\n<p>Dar riscurile nu dispar. Printre acestea se num\u0103r\u0103:<\/p>\n\n\n\n<ul>\n<li>Prejudec\u0103\u021bi algoritmice care perpetueaz\u0103 inegalit\u0103\u021bile.<\/li>\n\n\n\n<li>Utilizarea abuziv\u0103 a datelor cu caracter personal.<\/li>\n\n\n\n<li>Manipularea opiniei publice prin dezinformare.<\/li>\n<\/ul>\n\n\n\n<h2 class=\"wp-block-heading\">O analogie pentru a \u00een\u021belege provocarea<\/h2>\n\n\n\n<p>Situa\u021bia actual\u0103 este similar\u0103 cu cea din primele zile ale energiei nucleare. O tehnologie cu un poten\u021bial enorm, dar f\u0103r\u0103 o reglementare adecvat\u0103, ar putea reprezenta un risc global. <\/p>\n\n\n\n<p>Pe atunci, tratatele interna\u021bionale \u0219i reglement\u0103rile na\u021bionale preveneau catastrofele majore. Ast\u0103zi, IA se confrunt\u0103 cu o dilem\u0103 similar\u0103: valorificarea puterii sale transformatoare f\u0103r\u0103 a pune \u00een pericol drepturile fundamentale.<\/p>\n\n\n\n<h2 class=\"wp-block-heading\">C\u0103tre o guvernan\u021b\u0103 global\u0103 a IA<\/h2>\n\n\n\n<p>\u00cen forumuri multilaterale precum <strong>ONU<\/strong> \u0219i <strong>OCDE<\/strong>Crearea unor standarde comune este deja discutat\u0103. Cu toate acestea, interesele geopolitice \u00eengreuneaz\u0103 ajungerea la un consens.<\/p>\n\n\n\n<p>\u00cen timp ce Europa prioritizeaz\u0103 drepturile omului, China ap\u0103r\u0103 suveranitatea tehnologic\u0103, iar Statele Unite \u00eencearc\u0103 s\u0103-\u0219i protejeze conducerea corporativ\u0103.<\/p>\n\n\n\n<p>Guvernan\u021ba global\u0103 a inteligen\u021bei artificiale va fi una dintre temele centrale ale urm\u0103torului deceniu. Nu este vorba doar despre reguli locale, ci \u0219i despre evitarea fragment\u0103rii care \u00eempiedic\u0103 comer\u021bul digital \u0219i cooperarea \u0219tiin\u021bific\u0103.<\/p>\n\n\n\n<h2 class=\"wp-block-heading\">Concluzie<\/h2>\n\n\n\n<p>Leg\u0103tura dintre <strong><a href=\"http:\/\/universofamilia.com\/ro\/los-paises-mas-avanzados-en-regulacion-de-ia-en-2025\/\">Inteligen\u0163\u0103 artificial\u0103<\/a> e-politic\u0103: cum reglementeaz\u0103 guvernele IA \u00een lume<\/strong> reflect\u0103 o schimbare profund\u0103 \u00een modul \u00een care statele abordeaz\u0103 inova\u021bia tehnologic\u0103.<\/p>\n\n\n\n<p>P\u00e2n\u0103 \u00een 2025, impactul social, economic \u0219i etic al acestor instrumente nu va mai putea fi ignorat.<\/p>\n\n\n\n<p>Cheia va fi g\u0103sirea unei c\u0103i de mijloc: reglement\u0103ri care protejeaz\u0103 f\u0103r\u0103 a \u00een\u0103bu\u0219i, reguli clare care promoveaz\u0103 \u00eencrederea \u0219i o dezbatere global\u0103 care s\u0103 includ\u0103 at\u00e2t guvernele, c\u00e2t \u0219i societatea civil\u0103.<\/p>\n\n\n\n<p>Pentru c\u0103, dac\u0103 un lucru este sigur, este c\u0103 IA va continua s\u0103 transforme via\u021ba de zi cu zi \u00eentr-un ritm care necesit\u0103 r\u0103spunsuri rapide \u0219i responsabile.<\/p>\n\n\n\n<p>Cite\u015fte mai mult:&nbsp;<a href=\"http:\/\/universofamilia.com\/ro\/lll-me-siento-sola-y-quiero-platicar-contigo-por-estos-apps-de-citas\/\">M\u0103 simt singur \u0219i vreau s\u0103 vorbesc cu tine prin intermediul acestor aplica\u021bii de dating.<\/a><\/p>\n\n\n\n<h2 class=\"wp-block-heading\">\u00centreb\u0103ri frecvente (FAQ)<\/h2>\n\n\n\n<p><strong>1. De ce este important s\u0103 reglement\u0103m inteligen\u021ba artificial\u0103?<\/strong><br>Deoarece, f\u0103r\u0103 reguli clare, inteligen\u021ba artificial\u0103 poate duce la discriminare, \u00eenc\u0103lc\u0103ri ale confiden\u021bialit\u0103\u021bii sau manipulare a informa\u021biilor.<\/p>\n\n\n\n<p><strong>2. Care este diferen\u021ba dintre reglement\u0103rile europene \u0219i cele americane?<\/strong><br>Europa are reglement\u0103ri obligatorii cu sanc\u021biuni, \u00een timp ce SUA este dominat\u0103 de orient\u0103ri neobligatorii \u0219i reglement\u0103ri locale.<\/p>\n\n\n\n<p><strong>3. Limiteaz\u0103 China utilizarea inteligen\u021bei artificiale generative?<\/strong><br>Da. Guvernul chinez reglementeaz\u0103 strict con\u021binutul creat de inteligen\u021ba artificial\u0103 \u0219i \u00eel leag\u0103 de securitatea na\u021bional\u0103.<\/p>\n\n\n\n<p><strong>4. Care \u021b\u0103ri din America Latin\u0103 au \u00eenregistrat cele mai mari progrese?<\/strong><br>Brazilia \u0219i Mexicul sunt \u00een frunte cu proiecte de lege \u0219i grupuri de lucru specializate.<\/p>\n\n\n\n<p><strong>5. Cum afecteaz\u0103 reglementarea sectorul privat?<\/strong><br>Companiile trebuie s\u0103 devin\u0103 mai transparente, dar \u00een acela\u0219i timp s\u0103 c\u00e2\u0219tige \u00eencrederea consumatorilor \u0219i accesul la pie\u021bele globale.<\/p>\n\n\n\n<p><strong>6. Exist\u0103 ini\u021biative de reglementare la nivel global?<\/strong><br>Da, de\u0219i nu exist\u0103 \u00eenc\u0103 un acord obligatoriu, ONU \u0219i OCDE lucreaz\u0103 la standarde interna\u021bionale.<\/p>\n\n\n\n<p><strong>7. Poate reglementarea s\u0103 \u00eempiedice inova\u021bia?<\/strong><br>Depinde de abordare. O reglementare echilibrat\u0103 \u00eencurajeaz\u0103 inova\u021bia responsabil\u0103, \u00een timp ce controlul excesiv <\/p>\n\n\n\n<p><\/p>","protected":false},"excerpt":{"rendered":"<p>Inteligencia artificial y pol\u00edtica: es un tema que dej\u00f3 de ser exclusivo de conferencias acad\u00e9micas o debates t\u00e9cnicos; hoy atraviesa leyes, decisiones p\u00fablicas y hasta la geopol\u00edtica global. En 2025, los gobiernos enfrentan el reto de equilibrar la innovaci\u00f3n con la protecci\u00f3n de derechos ciudadanos, y cada regi\u00f3n adopta estrategias distintas. En este art\u00edculo encontrar\u00e1s [&hellip;]<\/p>","protected":false},"author":219,"featured_media":9753,"comment_status":"closed","ping_status":"open","sticky":false,"template":"","format":"standard","meta":{"footnotes":""},"categories":[4],"tags":[],"yoast_head":"<!-- This site is optimized with the Yoast SEO plugin v23.3 - https:\/\/yoast.com\/wordpress\/plugins\/seo\/ -->\n<title>Inteligencia artificial y pol\u00edtica - Universo Fam\u00edlia<\/title>\n<meta name=\"description\" content=\"Inteligencia artificial y pol\u00edtica: c\u00f3mo los gobiernos regulan la IA en todo el mundo es un tema que dej\u00f3 de ser exclusivo de conferencias...\" \/>\n<meta name=\"robots\" content=\"index, follow, max-snippet:-1, max-image-preview:large, max-video-preview:-1\" \/>\n<link rel=\"canonical\" href=\"https:\/\/universofamilia.com\/ro\/inteligencia-artificial-y-politica\/\" \/>\n<meta property=\"og:locale\" content=\"ro_RO\" \/>\n<meta property=\"og:type\" content=\"article\" \/>\n<meta property=\"og:title\" content=\"Inteligencia artificial y pol\u00edtica - Universo Fam\u00edlia\" \/>\n<meta property=\"og:description\" content=\"Inteligencia artificial y pol\u00edtica: c\u00f3mo los gobiernos regulan la IA en todo el mundo es un tema que dej\u00f3 de ser exclusivo de conferencias...\" \/>\n<meta property=\"og:url\" content=\"https:\/\/universofamilia.com\/ro\/inteligencia-artificial-y-politica\/\" \/>\n<meta property=\"og:site_name\" content=\"Universo Fam\u00edlia\" \/>\n<meta property=\"article:published_time\" content=\"2025-10-01T04:42:22+00:00\" \/>\n<meta property=\"article:modified_time\" content=\"2025-10-11T20:08:04+00:00\" \/>\n<meta property=\"og:image\" content=\"https:\/\/universofamilia.com\/wp-content\/uploads\/sites\/148\/2025\/09\/DESTAQUE-UNIVERSO-550-x-350-3.jpg\" \/>\n\t<meta property=\"og:image:width\" content=\"550\" \/>\n\t<meta property=\"og:image:height\" content=\"350\" \/>\n\t<meta property=\"og:image:type\" content=\"image\/jpeg\" \/>\n<meta name=\"author\" content=\"Matheus Sangaletti\" \/>\n<meta name=\"twitter:card\" content=\"summary_large_image\" \/>\n<meta name=\"twitter:label1\" content=\"Written by\" \/>\n\t<meta name=\"twitter:data1\" content=\"Matheus Sangaletti\" \/>\n\t<meta name=\"twitter:label2\" content=\"Est. reading time\" \/>\n\t<meta name=\"twitter:data2\" content=\"8 minute\" \/>\n<script type=\"application\/ld+json\" class=\"yoast-schema-graph\">{\"@context\":\"https:\/\/schema.org\",\"@graph\":[{\"@type\":\"WebPage\",\"@id\":\"https:\/\/universofamilia.com\/nl\/inteligencia-artificial-y-politica\/\",\"url\":\"https:\/\/universofamilia.com\/nl\/inteligencia-artificial-y-politica\/\",\"name\":\"Inteligencia artificial y pol\u00edtica - Universo Fam\u00edlia\",\"isPartOf\":{\"@id\":\"https:\/\/universofamilia.com\/el\/#website\"},\"primaryImageOfPage\":{\"@id\":\"https:\/\/universofamilia.com\/nl\/inteligencia-artificial-y-politica\/#primaryimage\"},\"image\":{\"@id\":\"https:\/\/universofamilia.com\/nl\/inteligencia-artificial-y-politica\/#primaryimage\"},\"thumbnailUrl\":\"http:\/\/universofamilia.com\/wp-content\/uploads\/sites\/148\/2025\/09\/DESTAQUE-UNIVERSO-550-x-350-3.jpg\",\"datePublished\":\"2025-10-01T04:42:22+00:00\",\"dateModified\":\"2025-10-11T20:08:04+00:00\",\"author\":{\"@id\":\"https:\/\/universofamilia.com\/el\/#\/schema\/person\/92fcd07e9b1f4323bf74f3170fc0f78a\"},\"description\":\"Inteligencia artificial y pol\u00edtica: c\u00f3mo los gobiernos regulan la IA en todo el mundo es un tema que dej\u00f3 de ser exclusivo de conferencias...\",\"breadcrumb\":{\"@id\":\"https:\/\/universofamilia.com\/nl\/inteligencia-artificial-y-politica\/#breadcrumb\"},\"inLanguage\":\"ro-RO\",\"potentialAction\":[{\"@type\":\"ReadAction\",\"target\":[\"https:\/\/universofamilia.com\/nl\/inteligencia-artificial-y-politica\/\"]}]},{\"@type\":\"ImageObject\",\"inLanguage\":\"ro-RO\",\"@id\":\"https:\/\/universofamilia.com\/nl\/inteligencia-artificial-y-politica\/#primaryimage\",\"url\":\"http:\/\/universofamilia.com\/wp-content\/uploads\/sites\/148\/2025\/09\/DESTAQUE-UNIVERSO-550-x-350-3.jpg\",\"contentUrl\":\"http:\/\/universofamilia.com\/wp-content\/uploads\/sites\/148\/2025\/09\/DESTAQUE-UNIVERSO-550-x-350-3.jpg\",\"width\":550,\"height\":350},{\"@type\":\"BreadcrumbList\",\"@id\":\"https:\/\/universofamilia.com\/nl\/inteligencia-artificial-y-politica\/#breadcrumb\",\"itemListElement\":[{\"@type\":\"ListItem\",\"position\":1,\"name\":\"Home\",\"item\":\"https:\/\/universofamilia.com\/el\/\"},{\"@type\":\"ListItem\",\"position\":2,\"name\":\"Inteligencia artificial y pol\u00edtica\"}]},{\"@type\":\"WebSite\",\"@id\":\"https:\/\/universofamilia.com\/el\/#website\",\"url\":\"https:\/\/universofamilia.com\/el\/\",\"name\":\"Universo Fam\u00edlia\",\"description\":\"\",\"potentialAction\":[{\"@type\":\"SearchAction\",\"target\":{\"@type\":\"EntryPoint\",\"urlTemplate\":\"https:\/\/universofamilia.com\/el\/?s={search_term_string}\"},\"query-input\":\"required name=search_term_string\"}],\"inLanguage\":\"ro-RO\"},{\"@type\":\"Person\",\"@id\":\"https:\/\/universofamilia.com\/el\/#\/schema\/person\/92fcd07e9b1f4323bf74f3170fc0f78a\",\"name\":\"Matheus Sangaletti\",\"image\":{\"@type\":\"ImageObject\",\"inLanguage\":\"ro-RO\",\"@id\":\"https:\/\/universofamilia.com\/el\/#\/schema\/person\/image\/\",\"url\":\"http:\/\/2.gravatar.com\/avatar\/280ea957a14a48e6a1ad2133d2cc27c9?s=96&d=mm&r=g\",\"contentUrl\":\"http:\/\/2.gravatar.com\/avatar\/280ea957a14a48e6a1ad2133d2cc27c9?s=96&d=mm&r=g\",\"caption\":\"Matheus Sangaletti\"},\"url\":\"http:\/\/universofamilia.com\/ro\/author\/matheuss\/\"}]}<\/script>\n<!-- \/ Yoast SEO plugin. -->","yoast_head_json":{"title":"Inteligencia artificial y pol\u00edtica - Universo Fam\u00edlia","description":"Inteligencia artificial y pol\u00edtica: c\u00f3mo los gobiernos regulan la IA en todo el mundo es un tema que dej\u00f3 de ser exclusivo de conferencias...","robots":{"index":"index","follow":"follow","max-snippet":"max-snippet:-1","max-image-preview":"max-image-preview:large","max-video-preview":"max-video-preview:-1"},"canonical":"https:\/\/universofamilia.com\/ro\/inteligencia-artificial-y-politica\/","og_locale":"ro_RO","og_type":"article","og_title":"Inteligencia artificial y pol\u00edtica - Universo Fam\u00edlia","og_description":"Inteligencia artificial y pol\u00edtica: c\u00f3mo los gobiernos regulan la IA en todo el mundo es un tema que dej\u00f3 de ser exclusivo de conferencias...","og_url":"https:\/\/universofamilia.com\/ro\/inteligencia-artificial-y-politica\/","og_site_name":"Universo Fam\u00edlia","article_published_time":"2025-10-01T04:42:22+00:00","article_modified_time":"2025-10-11T20:08:04+00:00","og_image":[{"width":550,"height":350,"url":"https:\/\/universofamilia.com\/wp-content\/uploads\/sites\/148\/2025\/09\/DESTAQUE-UNIVERSO-550-x-350-3.jpg","type":"image\/jpeg"}],"author":"Matheus Sangaletti","twitter_card":"summary_large_image","twitter_misc":{"Written by":"Matheus Sangaletti","Est. reading time":"8 minute"},"schema":{"@context":"https:\/\/schema.org","@graph":[{"@type":"WebPage","@id":"https:\/\/universofamilia.com\/nl\/inteligencia-artificial-y-politica\/","url":"https:\/\/universofamilia.com\/nl\/inteligencia-artificial-y-politica\/","name":"Inteligencia artificial y pol\u00edtica - Universo Fam\u00edlia","isPartOf":{"@id":"https:\/\/universofamilia.com\/el\/#website"},"primaryImageOfPage":{"@id":"https:\/\/universofamilia.com\/nl\/inteligencia-artificial-y-politica\/#primaryimage"},"image":{"@id":"https:\/\/universofamilia.com\/nl\/inteligencia-artificial-y-politica\/#primaryimage"},"thumbnailUrl":"http:\/\/universofamilia.com\/wp-content\/uploads\/sites\/148\/2025\/09\/DESTAQUE-UNIVERSO-550-x-350-3.jpg","datePublished":"2025-10-01T04:42:22+00:00","dateModified":"2025-10-11T20:08:04+00:00","author":{"@id":"https:\/\/universofamilia.com\/el\/#\/schema\/person\/92fcd07e9b1f4323bf74f3170fc0f78a"},"description":"Inteligencia artificial y pol\u00edtica: c\u00f3mo los gobiernos regulan la IA en todo el mundo es un tema que dej\u00f3 de ser exclusivo de conferencias...","breadcrumb":{"@id":"https:\/\/universofamilia.com\/nl\/inteligencia-artificial-y-politica\/#breadcrumb"},"inLanguage":"ro-RO","potentialAction":[{"@type":"ReadAction","target":["https:\/\/universofamilia.com\/nl\/inteligencia-artificial-y-politica\/"]}]},{"@type":"ImageObject","inLanguage":"ro-RO","@id":"https:\/\/universofamilia.com\/nl\/inteligencia-artificial-y-politica\/#primaryimage","url":"http:\/\/universofamilia.com\/wp-content\/uploads\/sites\/148\/2025\/09\/DESTAQUE-UNIVERSO-550-x-350-3.jpg","contentUrl":"http:\/\/universofamilia.com\/wp-content\/uploads\/sites\/148\/2025\/09\/DESTAQUE-UNIVERSO-550-x-350-3.jpg","width":550,"height":350},{"@type":"BreadcrumbList","@id":"https:\/\/universofamilia.com\/nl\/inteligencia-artificial-y-politica\/#breadcrumb","itemListElement":[{"@type":"ListItem","position":1,"name":"Home","item":"https:\/\/universofamilia.com\/el\/"},{"@type":"ListItem","position":2,"name":"Inteligencia artificial y pol\u00edtica"}]},{"@type":"WebSite","@id":"https:\/\/universofamilia.com\/el\/#website","url":"https:\/\/universofamilia.com\/el\/","name":"Universo Fam\u00edlia","description":"","potentialAction":[{"@type":"SearchAction","target":{"@type":"EntryPoint","urlTemplate":"https:\/\/universofamilia.com\/el\/?s={search_term_string}"},"query-input":"required name=search_term_string"}],"inLanguage":"ro-RO"},{"@type":"Person","@id":"https:\/\/universofamilia.com\/el\/#\/schema\/person\/92fcd07e9b1f4323bf74f3170fc0f78a","name":"Matheus Sangaletti","image":{"@type":"ImageObject","inLanguage":"ro-RO","@id":"https:\/\/universofamilia.com\/el\/#\/schema\/person\/image\/","url":"http:\/\/2.gravatar.com\/avatar\/280ea957a14a48e6a1ad2133d2cc27c9?s=96&d=mm&r=g","contentUrl":"http:\/\/2.gravatar.com\/avatar\/280ea957a14a48e6a1ad2133d2cc27c9?s=96&d=mm&r=g","caption":"Matheus Sangaletti"},"url":"http:\/\/universofamilia.com\/ro\/author\/matheuss\/"}]}},"_links":{"self":[{"href":"http:\/\/universofamilia.com\/ro\/wp-json\/wp\/v2\/posts\/9758"}],"collection":[{"href":"http:\/\/universofamilia.com\/ro\/wp-json\/wp\/v2\/posts"}],"about":[{"href":"http:\/\/universofamilia.com\/ro\/wp-json\/wp\/v2\/types\/post"}],"author":[{"embeddable":true,"href":"http:\/\/universofamilia.com\/ro\/wp-json\/wp\/v2\/users\/219"}],"replies":[{"embeddable":true,"href":"http:\/\/universofamilia.com\/ro\/wp-json\/wp\/v2\/comments?post=9758"}],"version-history":[{"count":6,"href":"http:\/\/universofamilia.com\/ro\/wp-json\/wp\/v2\/posts\/9758\/revisions"}],"predecessor-version":[{"id":9947,"href":"http:\/\/universofamilia.com\/ro\/wp-json\/wp\/v2\/posts\/9758\/revisions\/9947"}],"wp:featuredmedia":[{"embeddable":true,"href":"http:\/\/universofamilia.com\/ro\/wp-json\/wp\/v2\/media\/9753"}],"wp:attachment":[{"href":"http:\/\/universofamilia.com\/ro\/wp-json\/wp\/v2\/media?parent=9758"}],"wp:term":[{"taxonomy":"category","embeddable":true,"href":"http:\/\/universofamilia.com\/ro\/wp-json\/wp\/v2\/categories?post=9758"},{"taxonomy":"post_tag","embeddable":true,"href":"http:\/\/universofamilia.com\/ro\/wp-json\/wp\/v2\/tags?post=9758"}],"curies":[{"name":"wp","href":"https:\/\/api.w.org\/{rel}","templated":true}]}}