{"id":9970,"date":"2025-10-10T17:48:08","date_gmt":"2025-10-10T20:48:08","guid":{"rendered":"https:\/\/universofamilia.com\/?p=9970"},"modified":"2025-10-15T16:09:34","modified_gmt":"2025-10-15T19:09:34","slug":"el-teletrabajo-en-2025-las-nuevas-tendencias-del-home-office","status":"publish","type":"post","link":"http:\/\/universofamilia.com\/ro\/el-teletrabajo-en-2025-las-nuevas-tendencias-del-home-office\/","title":{"rendered":"Telemunca \u00een 2025: Noi tendin\u021be pentru birourile de acas\u0103"},"content":{"rendered":"<p class=\"has-text-align-center\"><strong>Telemunca \u00een 2025: Noi tendin\u021be pentru birourile de acas\u0103<\/strong> Face deja parte din structura de lucru a multor companii; nu este o mod\u0103 temporar\u0103, ci o transformare profund\u0103.<\/p>\n\n\n\n<figure class=\"wp-block-gallery aligncenter has-nested-images columns-default is-cropped wp-block-gallery-1 is-layout-flex wp-block-gallery-is-layout-flex\">\n<figure class=\"wp-block-image size-full\"><img loading=\"lazy\" decoding=\"async\" width=\"450\" height=\"250\" data-id=\"9992\" src=\"https:\/\/universofamilia.com\/wp-content\/uploads\/sites\/148\/2025\/10\/Destaque-Universo-3-1.jpg\" alt=\"\" class=\"wp-image-9992\" srcset=\"http:\/\/universofamilia.com\/wp-content\/uploads\/sites\/148\/2025\/10\/Destaque-Universo-3-1.jpg 450w, http:\/\/universofamilia.com\/wp-content\/uploads\/sites\/148\/2025\/10\/Destaque-Universo-3-1-300x167.jpg 300w, http:\/\/universofamilia.com\/wp-content\/uploads\/sites\/148\/2025\/10\/Destaque-Universo-3-1-18x10.jpg 18w\" sizes=\"(max-width: 450px) 100vw, 450px\" \/><\/figure>\n<\/figure>\n\n\n\n<p>\u00cen acest articol ve\u021bi \u00eenv\u0103\u021ba:<\/p>\n\n\n\n<ul>\n<li>Schimb\u0103ri recente \u0219i tendin\u021be emergente \u00een biroul de acas\u0103 \u00een acest an.<\/li>\n\n\n\n<li>Cum afecteaz\u0103 aceste tendin\u021be at\u00e2t angaja\u021bii, c\u00e2t \u0219i angajatorii.<\/li>\n\n\n\n<li>Strategii concrete pentru a te adapta \u0219i a ob\u021bine un avantaj.<\/li>\n<\/ul>\n\n\n\n<p>\u0218ti\u021bi care vor fi caracteristicile definitorii ale muncii la distan\u021b\u0103 \u00een acest an?<\/p>\n\n\n\n<h4 class=\"wp-block-heading\"><strong>Starea actual\u0103 a muncii la distan\u021b\u0103 \u00een Mexic \u0219i \u00een lume<\/strong><\/h4>\n\n\n\n<p>\u00cen Mexic, conform unui raport al... <em>Tendin\u021be de afaceri \u00een Mexic pentru 2025<\/em>, mai mult dec\u00e2t <strong>65 de companii %<\/strong> a adoptat o modalitate de lucru la distan\u021b\u0103 \u00een timpul pandemiei.<\/p>\n\n\n\n<p>P\u00e2n\u0103 \u00een 2025, se preconizeaz\u0103 c\u0103 acest procent va cre\u0219te la <strong>mai mult de 75 %<\/strong>, \u00een special \u00een sectoare precum tehnologia, serviciile financiare \u0219i educa\u021bia. <\/p>\n\n\n\n<p>La nivel global, studiile indic\u0103 faptul c\u0103 aproximativ <strong>28 % din for\u021ba de munc\u0103<\/strong> lucrul de la distan\u021b\u0103, fie \u00een mod hibrid, fie \u00een \u00eentregime de acas\u0103.<\/p>\n\n\n\n<p>Aceste date arat\u0103 c\u0103 munca la distan\u021b\u0103 nu mai este o excep\u021bie, ci face parte din noua normalitate.<\/p>\n\n\n\n<h4 class=\"wp-block-heading\"> <strong>Principalele tendin\u021be care vor modela biroul de acas\u0103 \u00een 2025<\/strong><\/h4>\n\n\n\n<p>Iat\u0103 tendin\u021bele care definesc munca la distan\u021b\u0103 \u00een acest an \u0219i probabil \u0219i \u00een viitor.<\/p>\n\n\n\n<h5 class=\"wp-block-heading\"><strong>1. Modele hibride sofisticate<\/strong><\/h5>\n\n\n\n<p>Multe organiza\u021bii prefer\u0103 acum modele hibride, combin\u00e2nd lucrul de acas\u0103 cu munca \u00een persoan\u0103. <\/p>\n\n\n\n<p>Nu este vorba doar despre \u201evenirea \u00een c\u00e2teva zile\u201d, ci despre structurarea programului, a spa\u021biilor de colaborare \u0219i a unor politici clare privind birourile fizice \u0219i virtuale.<\/p>\n\n\n\n<h5 class=\"wp-block-heading\"><strong>2. Birouri descentralizate \u0219i spa\u021bii de coworking locale<\/strong><\/h5>\n\n\n\n<p>Companiile le faciliteaz\u0103 angaja\u021bilor munca din spa\u021bii apropiate, \u00een afara caselor lor tradi\u021bionale, prin spa\u021bii de coworking \u00een cartiere sau birouri satelit.<\/p>\n\n\n\n<p>Timpul de navet\u0103 este redus, motiva\u021bia este crescut\u0103 \u0219i calitatea vie\u021bii este \u00eembun\u0103t\u0103\u021bit\u0103.<\/p>\n\n\n\n<h5 class=\"wp-block-heading\"><strong>3. Tehnologia ca baz\u0103 fundamental\u0103<\/strong><\/h5>\n\n\n\n<p>Instrumente pentru colaborare \u00een timp real, videoconferin\u021be de \u00eenalt\u0103 calitate, realitate augmentat\u0103 \u0219i virtual\u0103 pentru \u00eent\u00e2lniri \u0219i platforme care integreaz\u0103 gestionarea sarcinilor, bun\u0103starea \u0219i productivitatea.<\/p>\n\n\n\n<p>Viteza internetului conteaz\u0103, la fel ca \u0219i securitatea conexiunii.<\/p>\n\n\n\n<h5 class=\"wp-block-heading\"><strong>4. Flexibilitate real\u0103 a programului<\/strong><\/h5>\n\n\n\n<p>Simplul fapt de a permite oamenilor s\u0103 lucreze de acas\u0103 nu este suficient: se a\u0219teapt\u0103 programe flexibile, cu posibilitatea de adaptare la programul personal, at\u00e2ta timp c\u00e2t acestea \u00eendeplinesc obiectivele.<\/p>\n\n\n\n<p>Aceasta include e\u0219alonarea programului pentru a evita orele de v\u00e2rf, \u00eengrijirea s\u0103n\u0103t\u0103\u021bii mintale \u0219i promovarea unui echilibru \u00eentre via\u021ba profesional\u0103 \u0219i cea personal\u0103.<\/p>\n\n\n\n<h5 class=\"wp-block-heading\"><strong>5. Prioritiza\u021bi bun\u0103starea, s\u0103n\u0103tatea mintal\u0103 \u0219i ergonomia<\/strong><\/h5>\n\n\n\n<p>Izolarea sau munca prelungit\u0103 f\u0103r\u0103 separare fizic\u0103 \u00eentre cas\u0103 \u0219i locul de munc\u0103 \u00ee\u0219i pune amprenta.<\/p>\n\n\n\n<p>Companiile investesc \u00een programe de sprijin emo\u021bional, ergonomie la domiciliu (scaune, birouri, iluminat), pauze active \u0219i promovarea unor rutine s\u0103n\u0103toase.<\/p>\n\n\n\n<h5 class=\"wp-block-heading\"><strong>6. Incluziune \u0219i echitate de la distan\u021b\u0103<\/strong><\/h5>\n\n\n\n<p>Asigura\u021bi-v\u0103 c\u0103 to\u021bi angaja\u021bii au acces la resurse: conectivitate fiabil\u0103, hardware adecvat \u0219i un mediu de lucru sigur.<\/p>\n\n\n\n<p>De asemenea, asigura\u021bi-v\u0103 c\u0103 cei care lucreaz\u0103 de la distan\u021b\u0103 nu rateaz\u0103 oportunit\u0103\u021bi de avansare sau nu devin invizibili pentru conducere.<\/p>\n\n\n\n<h4 class=\"wp-block-heading\"><strong> Avantajele \u0219i riscurile muncii avansate la distan\u021b\u0103<\/strong><\/h4>\n\n\n\n<p>Analiz\u00e2nd realist avantajele \u0219i dezavantajele, ve\u021bi putea lua decizii mai bune.<\/p>\n\n\n\n<h5 class=\"wp-block-heading\"><strong>Avantaje<\/strong><\/h5>\n\n\n\n<ul>\n<li>Productivitate crescut\u0103: Mul\u021bi angaja\u021bi raporteaz\u0103 performan\u021be egale sau mai mari atunci c\u00e2nd lucreaz\u0103 de la distan\u021b\u0103 sau \u00eentr-un mediu hibrid, deoarece exist\u0103 mai pu\u021bine \u00eentreruperi fizice.<\/li>\n\n\n\n<li>Economii de costuri: pentru companii, mai pu\u021bin spa\u021biu, mai pu\u021bin\u0103 energie \u0219i mai pu\u021bine costuri fixe; pentru angaja\u021bi, mai pu\u021bin transport \u0219i mai pu\u021bine alimente cheltuite departe de cas\u0103.<\/li>\n\n\n\n<li>Atragerea talentelor: Flexibilitatea este un factor decisiv pentru poten\u021bialii angaja\u021bi.<\/li>\n<\/ul>\n\n\n\n<h5 class=\"wp-block-heading\"><strong>Riscuri<\/strong><\/h5>\n\n\n\n<ul>\n<li>Oboseala digital\u0103 \u0219i grani\u021bele neclare dintre via\u021ba personal\u0103 \u0219i cea profesional\u0103: lucrul f\u0103r\u0103 a \u201e\u00eenchide u\u0219a\u201d c\u0103tre biroul fizic poate duce la epuizare profesional\u0103.<\/li>\n\n\n\n<li>Inegalitatea tehnologic\u0103: Nu toat\u0103 lumea are acces la internet de mare vitez\u0103, spa\u021biu suficient sau echipamente moderne.<\/li>\n\n\n\n<li>Pierderea culturii corporative \u0219i a comunic\u0103rii informale: Conversa\u021biile spontane care apar la birou se pierd; acest lucru ar putea afecta creativitatea \u0219i coeziunea.<\/li>\n<\/ul>\n\n\n\n<h4 class=\"wp-block-heading\"> <strong>Strategii de adaptare la munca la distan\u021b\u0103 \u00een 2025: noi tendin\u021be pentru birourile de acas\u0103<\/strong><\/h4>\n\n\n\n<p>Pentru a v\u0103 asigura c\u0103 firma sau dumneavoastr\u0103 ca profesionist nu r\u0103m\u00e2ne\u021bi \u00een urm\u0103, iat\u0103 c\u00e2teva strategii practice.<\/p>\n\n\n\n<h5 class=\"wp-block-heading\"><strong>A. Stabilirea unor politici clare<\/strong><\/h5>\n\n\n\n<p>Defini\u021bi a\u0219tept\u0103rile: c\u00e2nd este obligatorie prezen\u021ba \u00een persoan\u0103, criteriile pentru utilizarea spa\u021biilor de coworking \u0219i programul flexibil.<\/p>\n\n\n\n<p>Anun\u021b\u0103 pe toat\u0103 lumea c\u00e2nd, cum \u0219i ce se a\u0219teapt\u0103.<\/p>\n\n\n\n<h5 class=\"wp-block-heading\"><strong>B. Investi\u021bii \u00een infrastructur\u0103 adecvat\u0103<\/strong><\/h5>\n\n\n\n<p>Asigura\u021bi-v\u0103 c\u0103 angaja\u021bii dumneavoastr\u0103 care lucreaz\u0103 la distan\u021b\u0103 au acces bun la internet, hardware fiabil \u0219i spa\u021bii bine \u00eentre\u021binute.<\/p>\n\n\n\n<p>Lua\u021bi \u00een considerare subven\u021bii pentru mobilier ergonomic, ecrane \u0219i scaune dac\u0103 folosi\u021bi un birou acas\u0103.<\/p>\n\n\n\n<h5 class=\"wp-block-heading\"><strong>C. Comunicare frecvent\u0103 \u0219i cultur\u0103 la distan\u021b\u0103<\/strong><\/h5>\n\n\n\n<p>\u00cent\u00e2lniri regulate, dar \u0219i spa\u021bii virtuale informale pentru recreere \u0219i socializare. Feedback continuu: ce func\u021bioneaz\u0103, ce nu \u0219i ajust\u0103ri.<\/p>\n\n\n\n<h5 class=\"wp-block-heading\"><strong>D. Formare \u0219i s\u0103n\u0103tate mintal\u0103<\/strong><\/h5>\n\n\n\n<p>Instruire privind gestionarea timpului la distan\u021b\u0103, instrumente digitale \u0219i \u00eengrijire personal\u0103. Programe de suport psihologic, dac\u0103 este necesar.<\/p>\n\n\n\n<p>Recunoa\u0219te c\u0103 a lucra de la distan\u021b\u0103 nu \u00eenseamn\u0103 a fi mereu \u201eactiv\u201d.<\/p>\n\n\n\n<p>Cite\u015fte mai mult:&nbsp;<a href=\"http:\/\/universofamilia.com\/ro\/los-paises-mas-avanzados-en-regulacion-de-ia-en-2025\/\">Cele mai avansate \u021b\u0103ri \u00een reglementarea inteligen\u021bei artificiale \u00een 2025<\/a><\/p>\n\n\n\n<h4 class=\"wp-block-heading\"><strong>Exemple originale<\/strong><\/h4>\n\n\n\n<p><strong>Exemplul 1:<\/strong> O companie de dezvoltare software din Guadalajara a implementat un model hibrid pentru 2025: lucru la distan\u021b\u0103 \u00een zilele de luni, mar\u021bi \u0219i joi; o adunare general\u0103 fa\u021b\u0103 \u00een fa\u021b\u0103 miercurea; \u0219i coworking op\u021bional vinerea.<\/p>\n\n\n\n<p>El a oferit o subven\u021bie lunar\u0103 fiec\u0103rui dezvoltator pentru a achizi\u021biona un birou ergonomic pentru acas\u0103 \u0219i a v\u0103zut c\u0103 erorile de cod s-au redus cu 15 % fa\u021b\u0103 de modelul de la distan\u021b\u0103 din anul precedent, de 100 %.<\/p>\n\n\n\n<p><strong>Exemplul 2:<\/strong> O organiza\u021bie educa\u021bional\u0103 din Mexico City a lansat cursuri virtuale \u0219i activit\u0103\u021bi administrative la distan\u021b\u0103, dar a men\u021binut cursurile trimestriale cu prezen\u021b\u0103 fizic\u0103.<\/p>\n\n\n\n<p>\u00cen plus, a stabilit programe e\u0219alonate pentru personalul s\u0103u \u0219i a implementat o platform\u0103 intern\u0103 care permite rezervarea spa\u021biilor locale de coworking.<\/p>\n\n\n\n<p>Rezultat: cre\u0219terea satisfac\u021biei personalului (conform unui sondaj intern) \u0219i reducerea costurilor de transport pentru peste 50 de profesori %.<\/p>\n\n\n\n<h4 class=\"wp-block-heading\"><strong>Statistici relevante<\/strong><\/h4>\n\n\n\n<p>Studiile globale arat\u0103 c\u0103 for\u021ba de munc\u0103 la distan\u021b\u0103 s-a stabilizat recent: o medie de <strong>1,23 zile pe s\u0103pt\u0103m\u00e2n\u0103<\/strong> a lucrat de acas\u0103 pentru cei cu studii superioare, ceea ce reprezint\u0103 aproximativ <strong>25 % din zilele lucr\u0103toare<\/strong> \u00een aceste cazuri. <\/p>\n\n\n\n<h3 class=\"wp-block-heading\"><strong>Scurt\u0103 compara\u021bie: munca la distan\u021b\u0103 vs. biroul tradi\u021bional<\/strong><\/h3>\n\n\n\n<figure class=\"wp-block-table\"><table><thead><tr><th>Aspect<\/th><th>Birou tradi\u021bional<\/th><th>Munc\u0103 avansat\u0103 la distan\u021b\u0103\/hibrid\u0103<\/th><\/tr><\/thead><tbody><tr><td>Program flexibil<\/td><td>Limitat, rigid<\/td><td>Ridicat, adaptabil \u00een func\u021bie de obiectivele personale<\/td><\/tr><tr><td>Costuri fizice<\/td><td>Sta\u021bii pentru transport \u0219i \u00eentre\u021binere a birourilor<\/td><td>Minori pentru angaja\u021bi \u0219i companii<\/td><\/tr><tr><td>Interac\u021biune social\u0103<\/td><td>\u00cenalt, spontan<\/td><td>Declin posibil, necesit\u0103 strategii active<\/td><\/tr><tr><td>Cerin\u021be tehnologice<\/td><td>De baz\u0103 la birou<\/td><td>Un internet bun \u0219i instrumente digitale sunt esen\u021biale.<\/td><\/tr><tr><td>Echilibrul dintre via\u021ba profesional\u0103 \u0219i cea personal\u0103<\/td><td>Mai delimitat<\/td><td>Depinde mult de disciplin\u0103 \u0219i organizare<\/td><\/tr><\/tbody><\/table><figcaption class=\"wp-element-caption\">Telemunca \u00een 2025: Noi tendin\u021be pentru birourile de acas\u0103<\/figcaption><\/figure>\n\n\n\n<figure class=\"wp-block-gallery aligncenter has-nested-images columns-default is-cropped wp-block-gallery-2 is-layout-flex wp-block-gallery-is-layout-flex\">\n<figure class=\"wp-block-image size-full\"><img loading=\"lazy\" decoding=\"async\" width=\"550\" height=\"350\" data-id=\"9973\" src=\"https:\/\/universofamilia.com\/wp-content\/uploads\/sites\/148\/2025\/10\/DESTAQUE-UNIVERSO-550-x-350-14.jpg\" alt=\"\" class=\"wp-image-9973\" srcset=\"http:\/\/universofamilia.com\/wp-content\/uploads\/sites\/148\/2025\/10\/DESTAQUE-UNIVERSO-550-x-350-14.jpg 550w, http:\/\/universofamilia.com\/wp-content\/uploads\/sites\/148\/2025\/10\/DESTAQUE-UNIVERSO-550-x-350-14-300x191.jpg 300w, http:\/\/universofamilia.com\/wp-content\/uploads\/sites\/148\/2025\/10\/DESTAQUE-UNIVERSO-550-x-350-14-18x12.jpg 18w\" sizes=\"(max-width: 550px) 100vw, 550px\" \/><figcaption class=\"wp-element-caption\">CANVA<\/figcaption><\/figure>\n<\/figure>\n\n\n\n<h3 class=\"wp-block-heading\"><strong>Concluzie<\/strong><\/h3>\n\n\n\n<p><strong>Telemunca \u00een 2025: Noi tendin\u021be pentru birourile de acas\u0103<\/strong> Nu este doar o etichet\u0103 modern\u0103, ci evolu\u021bia natural\u0103 a muncii \u00een era digital\u0103.<\/p>\n\n\n\n<p>Companiile care investesc \u00een flexibilitate real\u0103, infrastructur\u0103 adecvat\u0103 \u0219i \u00eengrijire uman\u0103 sunt mai bine pozi\u021bionate pentru a re\u021bine talentele \u0219i a r\u0103m\u00e2ne competitive.<\/p>\n\n\n\n<p>Nu este vorba despre \u00eentoarcerea \u00een trecut cu birouri aglomerate \u0219i nici despre impunerea unei munci la distan\u021b\u0103 nestructurate. Echilibrul, claritatea \u0219i adaptarea vor fi cei mai buni alia\u021bi ai t\u0103i.<\/p>\n\n\n\n<p>Cite\u015fte mai mult:<a href=\"http:\/\/universofamilia.com\/ro\/inteligencia-artificial-en-el-dia-a-dia\/\">&nbsp;Inteligen\u021ba artificial\u0103 \u00een via\u021ba de zi cu zi<\/a><\/p>\n\n\n\n<h3 class=\"wp-block-heading\"><strong>\u00centreb\u0103ri frecvente<\/strong><\/h3>\n\n\n\n<p><strong>1. C\u00e2te zile pe s\u0103pt\u0103m\u00e2n\u0103 sunt considerate optime pentru a lucra de acas\u0103?<\/strong><br>Depinde de tipul de sarcin\u0103, cultura companiei \u0219i preferin\u021bele personale.<\/p>\n\n\n\n<p>Multe modele indic\u0103 2-3 zile de lucru la distan\u021b\u0103 pe s\u0103pt\u0103m\u00e2n\u0103 ca fiind ideale pentru roluri mixte, men\u021bin\u00e2nd \u00een acela\u0219i timp interac\u021biunea fa\u021b\u0103 \u00een fa\u021b\u0103 pentru aliniere, cultur\u0103 \u0219i creativitate.<\/p>\n\n\n\n<p><strong>2. Cum pot preveni ca munca la distan\u021b\u0103 s\u0103-mi afecteze vizibilitatea \u0219i oportunit\u0103\u021bile de avansare?<\/strong><br>Men\u021bine\u021bi o prezen\u021b\u0103 virtual\u0103: participa\u021bi la \u00eent\u00e2lniri, propune\u021bi proiecte, comunica\u021bi-v\u0103 realiz\u0103rile.<\/p>\n\n\n\n<p>Este esen\u021bial ca managementul s\u0103 recunoasc\u0103 munca la distan\u021b\u0103 ca fiind legitim\u0103 \u0219i s\u0103 existe indicatori de performan\u021b\u0103 baza\u021bi pe rezultate.<\/p>\n\n\n\n<p><strong>3. Ce instrumente sunt esen\u021biale pentru munca modern\u0103 la distan\u021b\u0103?<\/strong><br><\/p>\n\n\n\n<p>O conexiune stabil\u0103 \u0219i <a href=\"http:\/\/universofamilia.com\/ro\/como-montar-un-home-office-productivo-gastando-poco\/\">Internet<\/a> Rapid; platforme de colaborare precum Slack, Microsoft Teams sau similare; software de gestionare a sarcinilor (Trello, Asana, Notion); instrumente de videoconferin\u021b\u0103; backup de date; \u0219i solu\u021bii de securitate IT.<\/p>\n\n\n\n<p><strong>4. Cum s\u0103 v\u0103 asigura\u021bi bun\u0103starea mental\u0103 \u0219i fizic\u0103 atunci c\u00e2nd lucra\u021bi de acas\u0103?<\/strong><br>Stabile\u0219te programe cu pauze planificate, un spa\u021biu de lucru dedicat care \u00eencurajeaz\u0103 concentrarea, relaxarea ochilor \u0219i exerci\u021bii fizice regulate.<\/p>\n\n\n\n<p>Separarea spa\u021biilor de lucru de spa\u021biile de odihn\u0103 este la fel de important\u0103 ca \u0219i existen\u021ba unor instrumente digitale bune.<\/p>","protected":false},"excerpt":{"rendered":"<p>El teletrabajo en 2025: las nuevas tendencias del home office ya forma parte de la estructura laboral de muchas empresas; no es una moda temporal sino una transformaci\u00f3n profunda. En este art\u00edculo vas a conocer: \u00bfSabes cu\u00e1les ser\u00e1n los rasgos que definir\u00e1n el trabajo remoto este a\u00f1o? El estado actual del trabajo remoto en M\u00e9xico [&hellip;]<\/p>","protected":false},"author":219,"featured_media":9992,"comment_status":"closed","ping_status":"open","sticky":false,"template":"","format":"standard","meta":{"footnotes":""},"categories":[5],"tags":[],"yoast_head":"<!-- This site is optimized with the Yoast SEO plugin v23.3 - https:\/\/yoast.com\/wordpress\/plugins\/seo\/ -->\n<title>El teletrabajo en 2025: las nuevas tendencias del home office - Universo Fam\u00edlia<\/title>\n<meta name=\"description\" content=\"El teletrabajo en 2025: las nuevas tendencias del home office ya forma parte de la estructura laboral de muchas empresas; no es una moda...\" \/>\n<meta name=\"robots\" content=\"index, follow, max-snippet:-1, max-image-preview:large, max-video-preview:-1\" \/>\n<link rel=\"canonical\" href=\"http:\/\/universofamilia.com\/ro\/el-teletrabajo-en-2025-las-nuevas-tendencias-del-home-office\/\" \/>\n<meta property=\"og:locale\" content=\"ro_RO\" \/>\n<meta property=\"og:type\" content=\"article\" \/>\n<meta property=\"og:title\" content=\"El teletrabajo en 2025: las nuevas tendencias del home office - Universo Fam\u00edlia\" \/>\n<meta property=\"og:description\" content=\"El teletrabajo en 2025: las nuevas tendencias del home office ya forma parte de la estructura laboral de muchas empresas; no es una moda...\" \/>\n<meta property=\"og:url\" content=\"http:\/\/universofamilia.com\/ro\/el-teletrabajo-en-2025-las-nuevas-tendencias-del-home-office\/\" \/>\n<meta property=\"og:site_name\" content=\"Universo Fam\u00edlia\" \/>\n<meta property=\"article:published_time\" content=\"2025-10-10T20:48:08+00:00\" \/>\n<meta property=\"article:modified_time\" content=\"2025-10-15T19:09:34+00:00\" \/>\n<meta property=\"og:image\" content=\"http:\/\/universofamilia.com\/wp-content\/uploads\/sites\/148\/2025\/10\/Destaque-Universo-3-1.jpg\" \/>\n\t<meta property=\"og:image:width\" content=\"450\" \/>\n\t<meta property=\"og:image:height\" content=\"250\" \/>\n\t<meta property=\"og:image:type\" content=\"image\/jpeg\" \/>\n<meta name=\"author\" content=\"Matheus Sangaletti\" \/>\n<meta name=\"twitter:card\" content=\"summary_large_image\" \/>\n<meta name=\"twitter:label1\" content=\"Written by\" \/>\n\t<meta name=\"twitter:data1\" content=\"Matheus Sangaletti\" \/>\n\t<meta name=\"twitter:label2\" content=\"Est. reading time\" \/>\n\t<meta name=\"twitter:data2\" content=\"8 minute\" \/>\n<script type=\"application\/ld+json\" class=\"yoast-schema-graph\">{\"@context\":\"https:\/\/schema.org\",\"@graph\":[{\"@type\":\"WebPage\",\"@id\":\"http:\/\/universofamilia.com\/pt_pt\/el-teletrabajo-en-2025-las-nuevas-tendencias-del-home-office\/\",\"url\":\"http:\/\/universofamilia.com\/pt_pt\/el-teletrabajo-en-2025-las-nuevas-tendencias-del-home-office\/\",\"name\":\"El teletrabajo en 2025: las nuevas tendencias del home office - Universo Fam\u00edlia\",\"isPartOf\":{\"@id\":\"https:\/\/universofamilia.com\/el\/#website\"},\"primaryImageOfPage\":{\"@id\":\"http:\/\/universofamilia.com\/pt_pt\/el-teletrabajo-en-2025-las-nuevas-tendencias-del-home-office\/#primaryimage\"},\"image\":{\"@id\":\"http:\/\/universofamilia.com\/pt_pt\/el-teletrabajo-en-2025-las-nuevas-tendencias-del-home-office\/#primaryimage\"},\"thumbnailUrl\":\"http:\/\/universofamilia.com\/wp-content\/uploads\/sites\/148\/2025\/10\/Destaque-Universo-3-1.jpg\",\"datePublished\":\"2025-10-10T20:48:08+00:00\",\"dateModified\":\"2025-10-15T19:09:34+00:00\",\"author\":{\"@id\":\"https:\/\/universofamilia.com\/el\/#\/schema\/person\/92fcd07e9b1f4323bf74f3170fc0f78a\"},\"description\":\"El teletrabajo en 2025: las nuevas tendencias del home office ya forma parte de la estructura laboral de muchas empresas; no es una moda...\",\"breadcrumb\":{\"@id\":\"http:\/\/universofamilia.com\/pt_pt\/el-teletrabajo-en-2025-las-nuevas-tendencias-del-home-office\/#breadcrumb\"},\"inLanguage\":\"ro-RO\",\"potentialAction\":[{\"@type\":\"ReadAction\",\"target\":[\"http:\/\/universofamilia.com\/pt_pt\/el-teletrabajo-en-2025-las-nuevas-tendencias-del-home-office\/\"]}]},{\"@type\":\"ImageObject\",\"inLanguage\":\"ro-RO\",\"@id\":\"http:\/\/universofamilia.com\/pt_pt\/el-teletrabajo-en-2025-las-nuevas-tendencias-del-home-office\/#primaryimage\",\"url\":\"http:\/\/universofamilia.com\/wp-content\/uploads\/sites\/148\/2025\/10\/Destaque-Universo-3-1.jpg\",\"contentUrl\":\"http:\/\/universofamilia.com\/wp-content\/uploads\/sites\/148\/2025\/10\/Destaque-Universo-3-1.jpg\",\"width\":450,\"height\":250,\"caption\":\"Trabalho remoto em 2025: as novas tend\u00eancias do home office\"},{\"@type\":\"BreadcrumbList\",\"@id\":\"http:\/\/universofamilia.com\/pt_pt\/el-teletrabajo-en-2025-las-nuevas-tendencias-del-home-office\/#breadcrumb\",\"itemListElement\":[{\"@type\":\"ListItem\",\"position\":1,\"name\":\"Home\",\"item\":\"https:\/\/universofamilia.com\/el\/\"},{\"@type\":\"ListItem\",\"position\":2,\"name\":\"El teletrabajo en 2025: las nuevas tendencias del home office\"}]},{\"@type\":\"WebSite\",\"@id\":\"https:\/\/universofamilia.com\/el\/#website\",\"url\":\"https:\/\/universofamilia.com\/el\/\",\"name\":\"Universo Fam\u00edlia\",\"description\":\"\",\"potentialAction\":[{\"@type\":\"SearchAction\",\"target\":{\"@type\":\"EntryPoint\",\"urlTemplate\":\"https:\/\/universofamilia.com\/el\/?s={search_term_string}\"},\"query-input\":\"required name=search_term_string\"}],\"inLanguage\":\"ro-RO\"},{\"@type\":\"Person\",\"@id\":\"https:\/\/universofamilia.com\/el\/#\/schema\/person\/92fcd07e9b1f4323bf74f3170fc0f78a\",\"name\":\"Matheus Sangaletti\",\"image\":{\"@type\":\"ImageObject\",\"inLanguage\":\"ro-RO\",\"@id\":\"https:\/\/universofamilia.com\/el\/#\/schema\/person\/image\/\",\"url\":\"http:\/\/2.gravatar.com\/avatar\/280ea957a14a48e6a1ad2133d2cc27c9?s=96&d=mm&r=g\",\"contentUrl\":\"http:\/\/2.gravatar.com\/avatar\/280ea957a14a48e6a1ad2133d2cc27c9?s=96&d=mm&r=g\",\"caption\":\"Matheus Sangaletti\"},\"url\":\"http:\/\/universofamilia.com\/ro\/author\/matheuss\/\"}]}<\/script>\n<!-- \/ Yoast SEO plugin. -->","yoast_head_json":{"title":"El teletrabajo en 2025: las nuevas tendencias del home office - Universo Fam\u00edlia","description":"El teletrabajo en 2025: las nuevas tendencias del home office ya forma parte de la estructura laboral de muchas empresas; no es una moda...","robots":{"index":"index","follow":"follow","max-snippet":"max-snippet:-1","max-image-preview":"max-image-preview:large","max-video-preview":"max-video-preview:-1"},"canonical":"http:\/\/universofamilia.com\/ro\/el-teletrabajo-en-2025-las-nuevas-tendencias-del-home-office\/","og_locale":"ro_RO","og_type":"article","og_title":"El teletrabajo en 2025: las nuevas tendencias del home office - Universo Fam\u00edlia","og_description":"El teletrabajo en 2025: las nuevas tendencias del home office ya forma parte de la estructura laboral de muchas empresas; no es una moda...","og_url":"http:\/\/universofamilia.com\/ro\/el-teletrabajo-en-2025-las-nuevas-tendencias-del-home-office\/","og_site_name":"Universo Fam\u00edlia","article_published_time":"2025-10-10T20:48:08+00:00","article_modified_time":"2025-10-15T19:09:34+00:00","og_image":[{"width":450,"height":250,"url":"http:\/\/universofamilia.com\/wp-content\/uploads\/sites\/148\/2025\/10\/Destaque-Universo-3-1.jpg","type":"image\/jpeg"}],"author":"Matheus Sangaletti","twitter_card":"summary_large_image","twitter_misc":{"Written by":"Matheus Sangaletti","Est. reading time":"8 minute"},"schema":{"@context":"https:\/\/schema.org","@graph":[{"@type":"WebPage","@id":"http:\/\/universofamilia.com\/pt_pt\/el-teletrabajo-en-2025-las-nuevas-tendencias-del-home-office\/","url":"http:\/\/universofamilia.com\/pt_pt\/el-teletrabajo-en-2025-las-nuevas-tendencias-del-home-office\/","name":"El teletrabajo en 2025: las nuevas tendencias del home office - Universo Fam\u00edlia","isPartOf":{"@id":"https:\/\/universofamilia.com\/el\/#website"},"primaryImageOfPage":{"@id":"http:\/\/universofamilia.com\/pt_pt\/el-teletrabajo-en-2025-las-nuevas-tendencias-del-home-office\/#primaryimage"},"image":{"@id":"http:\/\/universofamilia.com\/pt_pt\/el-teletrabajo-en-2025-las-nuevas-tendencias-del-home-office\/#primaryimage"},"thumbnailUrl":"http:\/\/universofamilia.com\/wp-content\/uploads\/sites\/148\/2025\/10\/Destaque-Universo-3-1.jpg","datePublished":"2025-10-10T20:48:08+00:00","dateModified":"2025-10-15T19:09:34+00:00","author":{"@id":"https:\/\/universofamilia.com\/el\/#\/schema\/person\/92fcd07e9b1f4323bf74f3170fc0f78a"},"description":"El teletrabajo en 2025: las nuevas tendencias del home office ya forma parte de la estructura laboral de muchas empresas; no es una moda...","breadcrumb":{"@id":"http:\/\/universofamilia.com\/pt_pt\/el-teletrabajo-en-2025-las-nuevas-tendencias-del-home-office\/#breadcrumb"},"inLanguage":"ro-RO","potentialAction":[{"@type":"ReadAction","target":["http:\/\/universofamilia.com\/pt_pt\/el-teletrabajo-en-2025-las-nuevas-tendencias-del-home-office\/"]}]},{"@type":"ImageObject","inLanguage":"ro-RO","@id":"http:\/\/universofamilia.com\/pt_pt\/el-teletrabajo-en-2025-las-nuevas-tendencias-del-home-office\/#primaryimage","url":"http:\/\/universofamilia.com\/wp-content\/uploads\/sites\/148\/2025\/10\/Destaque-Universo-3-1.jpg","contentUrl":"http:\/\/universofamilia.com\/wp-content\/uploads\/sites\/148\/2025\/10\/Destaque-Universo-3-1.jpg","width":450,"height":250,"caption":"Trabalho remoto em 2025: as novas tend\u00eancias do home office"},{"@type":"BreadcrumbList","@id":"http:\/\/universofamilia.com\/pt_pt\/el-teletrabajo-en-2025-las-nuevas-tendencias-del-home-office\/#breadcrumb","itemListElement":[{"@type":"ListItem","position":1,"name":"Home","item":"https:\/\/universofamilia.com\/el\/"},{"@type":"ListItem","position":2,"name":"El teletrabajo en 2025: las nuevas tendencias del home office"}]},{"@type":"WebSite","@id":"https:\/\/universofamilia.com\/el\/#website","url":"https:\/\/universofamilia.com\/el\/","name":"Universo Fam\u00edlia","description":"","potentialAction":[{"@type":"SearchAction","target":{"@type":"EntryPoint","urlTemplate":"https:\/\/universofamilia.com\/el\/?s={search_term_string}"},"query-input":"required name=search_term_string"}],"inLanguage":"ro-RO"},{"@type":"Person","@id":"https:\/\/universofamilia.com\/el\/#\/schema\/person\/92fcd07e9b1f4323bf74f3170fc0f78a","name":"Matheus Sangaletti","image":{"@type":"ImageObject","inLanguage":"ro-RO","@id":"https:\/\/universofamilia.com\/el\/#\/schema\/person\/image\/","url":"http:\/\/2.gravatar.com\/avatar\/280ea957a14a48e6a1ad2133d2cc27c9?s=96&d=mm&r=g","contentUrl":"http:\/\/2.gravatar.com\/avatar\/280ea957a14a48e6a1ad2133d2cc27c9?s=96&d=mm&r=g","caption":"Matheus Sangaletti"},"url":"http:\/\/universofamilia.com\/ro\/author\/matheuss\/"}]}},"_links":{"self":[{"href":"http:\/\/universofamilia.com\/ro\/wp-json\/wp\/v2\/posts\/9970"}],"collection":[{"href":"http:\/\/universofamilia.com\/ro\/wp-json\/wp\/v2\/posts"}],"about":[{"href":"http:\/\/universofamilia.com\/ro\/wp-json\/wp\/v2\/types\/post"}],"author":[{"embeddable":true,"href":"http:\/\/universofamilia.com\/ro\/wp-json\/wp\/v2\/users\/219"}],"replies":[{"embeddable":true,"href":"http:\/\/universofamilia.com\/ro\/wp-json\/wp\/v2\/comments?post=9970"}],"version-history":[{"count":4,"href":"http:\/\/universofamilia.com\/ro\/wp-json\/wp\/v2\/posts\/9970\/revisions"}],"predecessor-version":[{"id":10159,"href":"http:\/\/universofamilia.com\/ro\/wp-json\/wp\/v2\/posts\/9970\/revisions\/10159"}],"wp:featuredmedia":[{"embeddable":true,"href":"http:\/\/universofamilia.com\/ro\/wp-json\/wp\/v2\/media\/9992"}],"wp:attachment":[{"href":"http:\/\/universofamilia.com\/ro\/wp-json\/wp\/v2\/media?parent=9970"}],"wp:term":[{"taxonomy":"category","embeddable":true,"href":"http:\/\/universofamilia.com\/ro\/wp-json\/wp\/v2\/categories?post=9970"},{"taxonomy":"post_tag","embeddable":true,"href":"http:\/\/universofamilia.com\/ro\/wp-json\/wp\/v2\/tags?post=9970"}],"curies":[{"name":"wp","href":"https:\/\/api.w.org\/{rel}","templated":true}]}}