{"id":10068,"date":"2025-10-13T12:28:29","date_gmt":"2025-10-13T15:28:29","guid":{"rendered":"https:\/\/universofamilia.com\/?p=10068"},"modified":"2025-10-13T18:26:17","modified_gmt":"2025-10-13T21:26:17","slug":"crisis-climatica-global","status":"publish","type":"post","link":"http:\/\/universofamilia.com\/sk\/crisis-climatica-global\/","title":{"rendered":"Glob\u00e1lna klimatick\u00e1 kr\u00edza: jej d\u00f4sledky u\u017e teraz postihuj\u00fa mili\u00f3ny \u013eud\u00ed"},"content":{"rendered":"<p class=\"has-text-align-center\">Ten\/T\u00e1\/To <strong>Glob\u00e1lna klimatick\u00e1 kr\u00edza: jej d\u00f4sledky u\u017e teraz postihuj\u00fa mili\u00f3ny \u013eud\u00ed<\/strong> sa stala jednou z najnaliehavej\u0161\u00edch v\u00fdziev 21. storo\u010dia.<\/p>\n\n\n\n<figure class=\"wp-block-gallery aligncenter has-nested-images columns-default is-cropped wp-block-gallery-1 is-layout-flex wp-block-gallery-is-layout-flex\">\n<figure class=\"wp-block-image size-full\"><img loading=\"lazy\" decoding=\"async\" width=\"450\" height=\"250\" data-id=\"10070\" src=\"https:\/\/universofamilia.com\/wp-content\/uploads\/sites\/148\/2025\/10\/Destaque-Novo-Universo-1.jpg\" alt=\"\" class=\"wp-image-10070\" srcset=\"http:\/\/universofamilia.com\/wp-content\/uploads\/sites\/148\/2025\/10\/Destaque-Novo-Universo-1.jpg 450w, http:\/\/universofamilia.com\/wp-content\/uploads\/sites\/148\/2025\/10\/Destaque-Novo-Universo-1-300x167.jpg 300w, http:\/\/universofamilia.com\/wp-content\/uploads\/sites\/148\/2025\/10\/Destaque-Novo-Universo-1-18x10.jpg 18w\" sizes=\"(max-width: 450px) 100vw, 450px\" \/><figcaption class=\"wp-element-caption\">CANVA<\/figcaption><\/figure>\n<\/figure>\n\n\n\n<p>Dlhotrvaj\u00face such\u00e1, extr\u00e9mne vlny hor\u00fa\u010dav, lesn\u00e9 po\u017eiare, zr\u00fdchlen\u00e9 topenie \u013eadu a masov\u00e9 migr\u00e1cie s\u00fa len niektor\u00e9 z vidite\u013en\u00fdch d\u00f4sledkov.<br><strong>Zhrnutie:<\/strong><\/p>\n\n\n\n<ol>\n<li>\u010co v skuto\u010dnosti znamen\u00e1 glob\u00e1lna klimatick\u00e1 kr\u00edza<\/li>\n\n\n\n<li>Ako to ovplyv\u0148uje mili\u00f3ny \u013eud\u00ed na celom svete<\/li>\n\n\n\n<li>Najzranite\u013enej\u0161ie sektory: zdravotn\u00edctvo, hospod\u00e1rstvo a potravinov\u00e1 bezpe\u010dnos\u0165<\/li>\n\n\n\n<li>S\u00fa\u010dasn\u00e9 a re\u00e1lne pr\u00edklady vplyvu kl\u00edmy<\/li>\n\n\n\n<li>\u010co sa rob\u00ed a \u010do by sa malo urobi\u0165 viac<\/li>\n\n\n\n<li>Z\u00e1ver a \u010dasto kladen\u00e9 ot\u00e1zky<\/li>\n<\/ol>\n\n\n\n<h3 class=\"wp-block-heading\"><strong>\u010co vlastne znamen\u00e1 glob\u00e1lna klimatick\u00e1 kr\u00edza?<\/strong><\/h3>\n\n\n\n<p>Ten\/T\u00e1\/To <strong>Glob\u00e1lna klimatick\u00e1 kr\u00edza: jej d\u00f4sledky u\u017e teraz postihuj\u00fa mili\u00f3ny \u013eud\u00ed<\/strong> Nejde len o zv\u00fd\u0161enie teploty.<\/p>\n\n\n\n<p>Je to syst\u00e9mov\u00fd jav, ktor\u00fd men\u00ed ekosyst\u00e9my, ekonomiky a cel\u00e9 komunity. Pod\u013ea <em>Medzivl\u00e1dny panel o zmene kl\u00edmy (IPCC)<\/em>, plan\u00e9ta u\u017e prekonala priemern\u00fd n\u00e1rast <strong>1,2 \u00b0C<\/strong> v porovnan\u00ed s predindustri\u00e1lnou \u00e9rou.<\/p>\n\n\n\n<p>Hoci sa to m\u00f4\u017ee zda\u0165 nepatrn\u00e9, t\u00e1to zmena zmenila zr\u00e1\u017ekov\u00e9 vzorce, zintenz\u00edvnila hurik\u00e1ny a zn\u00ed\u017eila dostupnos\u0165 sladkej vody.<\/p>\n\n\n\n<p>Jednoduch\u00fd sp\u00f4sob, ako to pochopi\u0165, je predstavi\u0165 si Zem ako \u013eudsk\u00e9 telo: hor\u00fa\u010dka len jedn\u00e9ho stup\u0148a sa m\u00f4\u017ee zda\u0165 ako mali\u010dkos\u0165, ale ke\u010f zost\u00e1va kon\u0161tantn\u00e1, oslabuje v\u0161etky \u017eivotne d\u00f4le\u017eit\u00e9 syst\u00e9my.<\/p>\n\n\n\n<p>Presne t\u00e1to anal\u00f3gia vysvet\u013euje s\u00fa\u010dasn\u00fa klimatick\u00fa nerovnov\u00e1hu.<\/p>\n\n\n\n<h3 class=\"wp-block-heading\"><strong>Mili\u00f3ny \u013eud\u00ed u\u017e \u017eij\u00fa s n\u00e1sledkami.<\/strong> <strong>glob\u00e1lnej klimatickej kr\u00edzy<\/strong><\/h3>\n\n\n\n<p>V roku 2025 u\u017e n\u00e1sledky nepatria bud\u00facnosti. <\/p>\n\n\n\n<p>Organiz\u00e1cia Spojen\u00fdch n\u00e1rodov odhaduje, \u017ee <strong>viac ako 3,6 miliardy \u013eud\u00ed<\/strong> \u017eij\u00fa v regi\u00f3noch, ktor\u00e9 s\u00fa ve\u013emi zranite\u013en\u00e9 vo\u010di zmene kl\u00edmy.<\/p>\n\n\n\n<p>Mest\u00e1 ako Mexico City, S\u00e3o Paulo a Lima \u010delia vln\u00e1m hor\u00fa\u010dav presahuj\u00facim 40 \u00b0C, ktor\u00e9 s\u00fa sprev\u00e1dzan\u00e9 obmedzeniami dod\u00e1vok vody.<\/p>\n\n\n\n<p>Vidiecke oblasti trpia e\u0161te viac: ne\u00faroda a dezertifik\u00e1cia n\u00fatia cel\u00e9 rodiny opusti\u0165 svoju p\u00f4du.<\/p>\n\n\n\n<p>V subsaharskej Afrike sa cel\u00e9 komunity s\u0165ahuj\u00fa a h\u013eadaj\u00fa jedlo a vodu; v Strednej Amerike sa klimatick\u00e1 migr\u00e1cia st\u00e1va tichou, ale neust\u00e1lou realitou.<\/p>\n\n\n\n<h3 class=\"wp-block-heading\"><strong>Vplyvy na zdravie, hospod\u00e1rstvo a v\u00fd\u017eivu<\/strong><\/h3>\n\n\n\n<p>Glob\u00e1lne otep\u013eovanie m\u00e1 u\u017e hmatate\u013en\u00e9 d\u00f4sledky pre verejn\u00e9 zdravie.<\/p>\n\n\n\n<p>Svetov\u00e1 zdravotn\u00edcka organiz\u00e1cia varuje, \u017ee choroby pren\u00e1\u0161an\u00e9 kom\u00e1rmi, ako je dengue a Zika, roz\u0161iruj\u00fa svoj geografick\u00fd rozsah.<\/p>\n\n\n\n<p>Nemocnice na druhej strane \u010delia n\u00e1rastu pr\u00edpadov dehydrat\u00e1cie a vy\u010derpania z tepla, najm\u00e4 u star\u0161\u00edch dospel\u00fdch a det\u00ed.<\/p>\n\n\n\n<p>Ekonomika nie je v\u00fdnimkou z tejto reality. \u0160t\u00fadia <em>Svetov\u00e1 banka<\/em> z roku 2024 odhalili, \u017ee hospod\u00e1rske straty spojen\u00e9 s pr\u00edrodn\u00fdmi katastrofami dosiahli viac ako <strong>380 mili\u00e1rd dol\u00e1rov ro\u010dne<\/strong>.<\/p>\n\n\n\n<p>Najviac postihnut\u00fdmi odvetviami s\u00fa cestovn\u00fd ruch, po\u013enohospod\u00e1rstvo a rybolov.<\/p>\n\n\n\n<p>Pokia\u013e ide o potravinov\u00fa bezpe\u010dnos\u0165, zmeny v zr\u00e1\u017ekov\u00fdch re\u017eimoch a n\u00e1rast po\u013enohospod\u00e1rskych \u0161kodcov ohrozuj\u00fa produkciu z\u00e1kladn\u00fdch obiln\u00edn.<\/p>\n\n\n\n<p>Napr\u00edklad v Mexiku sa v posledn\u00fdch rokoch v d\u00f4sledku dlhotrvaj\u00facich obdob\u00ed sucha zn\u00ed\u017eili v\u00fdnosy kukurice o 15 %, vypl\u00fdva z \u00fadajov z <em>FAO<\/em>.<\/p>\n\n\n\n<figure class=\"wp-block-table\"><table><thead><tr><th><strong>Vplyv na kl\u00edmu (2025)<\/strong><\/th><th><strong>Najviac postihnut\u00fd regi\u00f3n<\/strong><\/th><th><strong>Hlavn\u00fd d\u00f4sledok<\/strong><\/th><\/tr><\/thead><tbody><tr><td>Dlhotrvaj\u00face such\u00e1<\/td><td>Latinsk\u00e1 Amerika a Afrika<\/td><td>Nedostatok vody a strata \u00farody<\/td><\/tr><tr><td>Extr\u00e9mne vlny hor\u00fa\u010dav<\/td><td>Eur\u00f3pa a Severn\u00e1 Amerika<\/td><td>N\u00e1rast respira\u010dn\u00fdch ochoren\u00ed<\/td><\/tr><tr><td>Povodne a b\u00farky<\/td><td>\u00c1zia a Tichomorie<\/td><td>Posuny a po\u0161kodenie infra\u0161trukt\u00fary<\/td><\/tr><tr><td>Pol\u00e1rne topenie<\/td><td>Arkt\u00edda a Antarkt\u00edda<\/td><td>St\u00fapaj\u00faca hladina mor\u00ed<\/td><\/tr><\/tbody><\/table><figcaption class=\"wp-element-caption\">Glob\u00e1lna klimatick\u00e1 kr\u00edza: jej d\u00f4sledky u\u017e teraz postihuj\u00fa mili\u00f3ny \u013eud\u00ed<\/figcaption><\/figure>\n\n\n\n<figure class=\"wp-block-gallery aligncenter has-nested-images columns-default is-cropped wp-block-gallery-2 is-layout-flex wp-block-gallery-is-layout-flex\">\n<figure class=\"wp-block-image size-full\"><img loading=\"lazy\" decoding=\"async\" width=\"450\" height=\"250\" data-id=\"10071\" src=\"https:\/\/universofamilia.com\/wp-content\/uploads\/sites\/148\/2025\/10\/Destaque-Novo-Universo-1-1.jpg\" alt=\"\" class=\"wp-image-10071\" srcset=\"http:\/\/universofamilia.com\/wp-content\/uploads\/sites\/148\/2025\/10\/Destaque-Novo-Universo-1-1.jpg 450w, http:\/\/universofamilia.com\/wp-content\/uploads\/sites\/148\/2025\/10\/Destaque-Novo-Universo-1-1-300x167.jpg 300w, http:\/\/universofamilia.com\/wp-content\/uploads\/sites\/148\/2025\/10\/Destaque-Novo-Universo-1-1-18x10.jpg 18w\" sizes=\"(max-width: 450px) 100vw, 450px\" \/><figcaption class=\"wp-element-caption\">CANVA<\/figcaption><\/figure>\n<\/figure>\n\n\n\n<p>\u010c\u00edtajte viac:&nbsp;<a href=\"http:\/\/universofamilia.com\/sk\/los-paises-mas-avanzados-en-regulacion-de-ia-en-2025\/\">Najpokro\u010dilej\u0161ie krajiny v regul\u00e1cii umelej inteligencie v roku 2025<\/a><\/p>\n\n\n\n<h3 class=\"wp-block-heading\"><strong>Dva pr\u00edklady, ktor\u00e9 ukazuj\u00fa v\u00e1\u017enos\u0165<\/strong><\/h3>\n\n\n\n<p><strong>Pr\u00edklad 1:<\/strong> V roku 2024 bolo mesto Chennai v Indii nieko\u013eko t\u00fd\u017ed\u0148ov bez pitnej vody.<\/p>\n\n\n\n<p>Pr\u00ed\u010dina: kombin\u00e1cia intenz\u00edvnych such a neefekt\u00edvneho hospod\u00e1renia so zdrojmi.<\/p>\n\n\n\n<p>\u010co sa za\u010dalo ako lok\u00e1lny probl\u00e9m, sa stalo glob\u00e1lnym varovan\u00edm pred rizikom kolapsu vody vo ve\u013ek\u00fdch mest\u00e1ch.<\/p>\n\n\n\n<p><strong>Pr\u00edklad 2:<\/strong> V Mexiku komunity v Chiapas hl\u00e1sia, \u017ee zr\u00e1\u017ekov\u00e9 vzorce sa za posledn\u00e9 desa\u0165ro\u010die dramaticky zmenili.<\/p>\n\n\n\n<p>Tradi\u010dn\u00ed pestovatelia k\u00e1vy zaznamenali ne\u00farodu, \u010do ich prin\u00fatilo migrova\u0165 do vy\u0161\u0161\u00edch nadmorsk\u00fdch v\u00fd\u0161ok alebo sa obr\u00e1ti\u0165 na in\u00e9 plodiny.<\/p>\n\n\n\n<p>Tieto pr\u00edpady ilustruj\u00fa, ako <strong>Glob\u00e1lna klimatick\u00e1 kr\u00edza: jej d\u00f4sledky u\u017e teraz postihuj\u00fa mili\u00f3ny \u013eud\u00ed<\/strong> Nie je to vzdialen\u00fd alebo teoretick\u00fd jav: men\u00ed to ka\u017edodenn\u00fa realitu.<\/p>\n\n\n\n<h3 class=\"wp-block-heading\"><strong>\u010co sa rob\u00ed na obmedzenie dopadu<\/strong><\/h3>\n\n\n\n<p>Na medzin\u00e1rodnej \u00farovni sa dohody o kl\u00edme zameriavaj\u00fa na obmedzenie glob\u00e1lneho otep\u013eovania.<\/p>\n\n\n\n<p>On <em>Par\u00ed\u017eska dohoda<\/em> zost\u00e1va referen\u010dn\u00fdm r\u00e1mcom, hoci n\u00e1rodn\u00e9 z\u00e1v\u00e4zky st\u00e1le nie s\u00fa dostato\u010dn\u00e9. <\/p>\n\n\n\n<p>V <em>COP29<\/em>, ktor\u00e1 sa konala v roku 2024, boli krajiny vyzvan\u00e9, aby do roku 2030 zn\u00ed\u017eili svoje emisie o 45 %.<\/p>\n\n\n\n<p>V\u00fdsledky s\u00fa v\u0161ak zmie\u0161an\u00e9: zatia\u013e \u010do Eur\u00f3pska \u00fania smeruje k obnovite\u013en\u00fdm zdrojom energie, in\u00e9 regi\u00f3ny s\u00fa st\u00e1le z\u00e1visl\u00e9 od uhlia a ropy.<\/p>\n\n\n\n<p>V Latinskej Amerike iniciat\u00edvy ako napr. <em>Ak\u010dn\u00fd pl\u00e1n ECLAC pre kl\u00edmu<\/em> Sna\u017eia sa presadzova\u0165 spravodliv\u00fd prechod na in\u00e9 energetick\u00e9 syst\u00e9my posilnen\u00edm sol\u00e1rnej a veternej energie. Mexiko napr\u00edklad sl\u00e1vnostne otvorilo jeden z najv\u00e4\u010d\u0161\u00edch sol\u00e1rnych parkov v Latinskej Amerike v Sonore, ktor\u00fd je schopn\u00fd z\u00e1sobova\u0165 viac ako mili\u00f3n dom\u00e1cnost\u00ed.<\/p>\n\n\n\n<p>Na individu\u00e1lnej \u00farovni sa zmena za\u010d\u00edna aj doma. <\/p>\n\n\n\n<p>Zn\u00ed\u017eenie spotreby m\u00e4sa, vo\u013eba verejnej alebo elektrickej dopravy a podpora udr\u017eate\u013en\u00fdch zna\u010diek s\u00fa mal\u00e9 kroky s ve\u013ek\u00fdm kolekt\u00edvnym dopadom.<\/p>\n\n\n\n<h3 class=\"wp-block-heading\"><strong>Dok\u00e1\u017eeme zvr\u00e1ti\u0165 glob\u00e1lnu klimatick\u00fa kr\u00edzu?<\/strong><\/h3>\n\n\n\n<p>To je t\u00e1 ve\u013ek\u00e1 re\u010dn\u00edcka ot\u00e1zka, ktor\u00e1 kladie v\u00fdzvy vl\u00e1dam, podnikom a ob\u010danom.<\/p>\n\n\n\n<p>Hoci s\u00fa \u0161kody u\u017e teraz zna\u010dn\u00e9, odborn\u00edci sa zhoduj\u00fa, \u017ee najz\u00e1va\u017enej\u0161ie n\u00e1sledky sa daj\u00fa e\u0161te zmierni\u0165 rozhodn\u00fdmi opatreniami.<\/p>\n\n\n\n<p>Plan\u00e9ta m\u00e1 dostatok technol\u00f3gi\u00ed na ur\u00fdchlenie zelenej transform\u00e1cie, ch\u00fdba v\u0161ak politick\u00e1 v\u00f4\u013ea a spolo\u010densk\u00e9 povedomie.<\/p>\n\n\n\n<p>Bud\u00facnos\u0165 bude z\u00e1visie\u0165 od schopnosti glob\u00e1lnej spolupr\u00e1ce a skuto\u010dn\u00e9ho z\u00e1v\u00e4zku k udr\u017eate\u013enosti.<\/p>\n\n\n\n<p>Nejde len o z\u00e1chranu ekosyst\u00e9mov, ale o ochranu n\u00e1\u0161ho samotn\u00e9ho pre\u017eitia ako druhu.<\/p>\n\n\n\n<h3 class=\"wp-block-heading\"><strong>Z\u00e1ver<\/strong><\/h3>\n\n\n\n<p>Ten\/T\u00e1\/To <strong>Glob\u00e1lna klimatick\u00e1 kr\u00edza: jej d\u00f4sledky u\u017e teraz postihuj\u00fa mili\u00f3ny \u013eud\u00ed<\/strong> Je to najv\u00e4\u010d\u0161\u00ed d\u00f4kaz toho, \u017ee \u013eudstvo prekra\u010duje hranice plan\u00e9ty.<\/p>\n\n\n\n<p>Nejde o strach, ale o zodpovednos\u0165. Ka\u017ed\u00e1 vlna hor\u00fa\u010dav, ka\u017ed\u00e1 povode\u0148 a ka\u017ed\u00fd po\u017eiar n\u00e1m pripom\u00edna, \u017ee pr\u00edroda reaguje na na\u0161e \u010diny.<\/p>\n\n\n\n<p>Klimatick\u00e1 zmena nie je vzdialenou hrozbou, ale s\u00fa\u010dasnos\u0165ou, ktor\u00e1 si vy\u017eaduje okam\u017eit\u00e9 konanie.<\/p>\n\n\n\n<p>Vedomosti, inov\u00e1cie a empatia s\u00fa na\u0161imi najlep\u0161\u00edmi n\u00e1strojmi na to, aby sme sa s t\u00fdm vyrovnali. Ak bolo 20. storo\u010die storo\u010d\u00edm industrializ\u00e1cie, 21. storo\u010die mus\u00ed by\u0165 storo\u010d\u00edm obnovy plan\u00e9ty.<\/p>\n\n\n\n<p>\u010c\u00edtajte viac:&nbsp;<a href=\"http:\/\/universofamilia.com\/sk\/inteligencia-artificial-y-politica\/\">Umel\u00e1 inteligencia a politika<\/a><\/p>\n\n\n\n<h3 class=\"wp-block-heading\"><strong>\u010casto kladen\u00e9 ot\u00e1zky<\/strong><\/h3>\n\n\n\n<p><strong>1. Ak\u00e9 s\u00fa hlavn\u00e9 pr\u00ed\u010diny glob\u00e1lnej klimatickej kr\u00edzy?<\/strong><br>Emisie sklen\u00edkov\u00fdch plynov, predov\u0161etk\u00fdm oxidu uhli\u010dit\u00e9ho a met\u00e1nu, z pou\u017e\u00edvania fos\u00edlnych pal\u00edv, odles\u0148ovania a intenz\u00edvneho po\u013enohospod\u00e1rstva.<\/p>\n\n\n\n<p><strong>2. Ktor\u00e9 regi\u00f3ny sveta s\u00fa najzranite\u013enej\u0161ie?<\/strong><br>Afrika, Latinsk\u00e1 Amerika a juhov\u00fdchodn\u00e1 \u00c1zia \u010delia najv\u00e4\u010d\u0161\u00edm rizik\u00e1m kv\u00f4li svojej vysokej z\u00e1vislosti od po\u013enohospod\u00e1rstva a obmedzenej adapta\u010dnej infra\u0161trukt\u00fare.<\/p>\n\n\n\n<p><strong>3. \u010co m\u00f4\u017ee urobi\u0165 be\u017en\u00fd \u010dlovek?<\/strong><br>\u0160etrite energiu, zni\u017eujte spotrebu plastov, recyklujte, podporujte zelen\u00e9 politiky a vzdel\u00e1vajte ostatn\u00fdch o vplyve na kl\u00edmu.<\/p>\n\n\n\n<p>Jednotliv\u00e9 \u010diny, vyn\u00e1soben\u00e9 mili\u00f3nmi, generuj\u00fa zmenu.<\/p>\n\n\n\n<p><strong>4. \u010co sa stane, ak sa neprijm\u00fa urgentn\u00e9 opatrenia?<\/strong><br>Teploty by sa do roku 2100 mohli zv\u00fd\u0161i\u0165 a\u017e o 2,8 \u00b0C, \u010do by sp\u00f4sobilo kolaps ekosyst\u00e9mov, nedostatok potrav\u00edn, masov\u00fa migr\u00e1ciu a v\u00e1\u017ene ekonomick\u00e9 dopady.<\/p>\n\n\n\n<p><strong>5. Existuje skuto\u010dn\u00e1 n\u00e1dej na zmenu?<\/strong><br>\u00c1no. Ka\u017ed\u00fd <a href=\"http:\/\/universofamilia.com\/sk\/los-paises-mas-avanzados-en-regulacion-de-ia-en-2025\/\">inov\u00e1cia<\/a> <a href=\"http:\/\/universofamilia.com\/sk\/inteligencia-artificial-y-politica\/\">technologick\u00fd<\/a>, ka\u017ed\u00e1 \u00fa\u010dinn\u00e1 politika v oblasti kl\u00edmy a ka\u017ed\u00e9 vedom\u00e9 rozhodnutie sa po\u010d\u00edta.<\/p>\n\n\n\n<p>Klimatick\u00e1 zmena je v\u00fdzvou, ale aj pr\u00edle\u017eitos\u0165ou na predefinovanie vz\u0165ahu medzi \u013eudstvom a plan\u00e9tou.<\/p>","protected":false},"excerpt":{"rendered":"<p>La crise clim\u00e1tica global: los impactos que ya afectan a millones se ha convertido en uno de los desaf\u00edos m\u00e1s urgentes del siglo XXI. Sequ\u00edas prolongadas, olas de calor extremo, incendios forestales, deshielos acelerados y migraciones masivas son apenas algunas de sus consecuencias visibles.Sumario: \u00bfQu\u00e9 significa realmente la Crisi clim\u00e1tica global? La Crisis clim\u00e1tica global: [&hellip;]<\/p>","protected":false},"author":219,"featured_media":10069,"comment_status":"closed","ping_status":"open","sticky":false,"template":"","format":"standard","meta":{"footnotes":""},"categories":[4],"tags":[],"yoast_head":"<!-- This site is optimized with the Yoast SEO plugin v23.3 - https:\/\/yoast.com\/wordpress\/plugins\/seo\/ -->\n<title>Crisis clim\u00e1tica global: los impactos que ya est\u00e1n afectando a millones - Universo Fam\u00edlia<\/title>\n<meta name=\"description\" content=\"La crise clim\u00e1tica global: los impactos que ya afectan a millones se ha convertido en uno de los desaf\u00edos m\u00e1s urgentes del siglo XXI.\" \/>\n<meta name=\"robots\" content=\"index, follow, max-snippet:-1, max-image-preview:large, max-video-preview:-1\" \/>\n<link rel=\"canonical\" href=\"http:\/\/universofamilia.com\/sk\/crisis-climatica-global\/\" \/>\n<meta property=\"og:locale\" content=\"sk_SK\" \/>\n<meta property=\"og:type\" content=\"article\" \/>\n<meta property=\"og:title\" content=\"Crisis clim\u00e1tica global: los impactos que ya est\u00e1n afectando a millones - Universo Fam\u00edlia\" \/>\n<meta property=\"og:description\" content=\"La crise clim\u00e1tica global: los impactos que ya afectan a millones se ha convertido en uno de los desaf\u00edos m\u00e1s urgentes del siglo XXI.\" \/>\n<meta property=\"og:url\" content=\"http:\/\/universofamilia.com\/sk\/crisis-climatica-global\/\" \/>\n<meta property=\"og:site_name\" content=\"Universo Fam\u00edlia\" \/>\n<meta property=\"article:published_time\" content=\"2025-10-13T15:28:29+00:00\" \/>\n<meta property=\"article:modified_time\" content=\"2025-10-13T21:26:17+00:00\" \/>\n<meta property=\"og:image\" content=\"http:\/\/universofamilia.com\/wp-content\/uploads\/sites\/148\/2025\/10\/Destaque-Novo-Universo.jpg\" \/>\n\t<meta property=\"og:image:width\" content=\"450\" \/>\n\t<meta property=\"og:image:height\" content=\"250\" \/>\n\t<meta property=\"og:image:type\" content=\"image\/jpeg\" \/>\n<meta name=\"author\" content=\"Matheus Sangaletti\" \/>\n<meta name=\"twitter:card\" content=\"summary_large_image\" \/>\n<meta name=\"twitter:label1\" content=\"Written by\" \/>\n\t<meta name=\"twitter:data1\" content=\"Matheus Sangaletti\" \/>\n\t<meta name=\"twitter:label2\" content=\"Est. reading time\" \/>\n\t<meta name=\"twitter:data2\" content=\"8 min\u00fat\" \/>\n<script type=\"application\/ld+json\" class=\"yoast-schema-graph\">{\"@context\":\"https:\/\/schema.org\",\"@graph\":[{\"@type\":\"WebPage\",\"@id\":\"http:\/\/universofamilia.com\/crisis-climatica-global\/\",\"url\":\"http:\/\/universofamilia.com\/crisis-climatica-global\/\",\"name\":\"Crisis clim\u00e1tica global: los impactos que ya est\u00e1n afectando a millones - Universo Fam\u00edlia\",\"isPartOf\":{\"@id\":\"https:\/\/universofamilia.com\/el\/#website\"},\"primaryImageOfPage\":{\"@id\":\"http:\/\/universofamilia.com\/crisis-climatica-global\/#primaryimage\"},\"image\":{\"@id\":\"http:\/\/universofamilia.com\/crisis-climatica-global\/#primaryimage\"},\"thumbnailUrl\":\"http:\/\/universofamilia.com\/wp-content\/uploads\/sites\/148\/2025\/10\/Destaque-Novo-Universo.jpg\",\"datePublished\":\"2025-10-13T15:28:29+00:00\",\"dateModified\":\"2025-10-13T21:26:17+00:00\",\"author\":{\"@id\":\"https:\/\/universofamilia.com\/el\/#\/schema\/person\/92fcd07e9b1f4323bf74f3170fc0f78a\"},\"description\":\"La crise clim\u00e1tica global: los impactos que ya afectan a millones se ha convertido en uno de los desaf\u00edos m\u00e1s urgentes del siglo XXI.\",\"breadcrumb\":{\"@id\":\"http:\/\/universofamilia.com\/crisis-climatica-global\/#breadcrumb\"},\"inLanguage\":\"sk-SK\",\"potentialAction\":[{\"@type\":\"ReadAction\",\"target\":[\"http:\/\/universofamilia.com\/crisis-climatica-global\/\"]}]},{\"@type\":\"ImageObject\",\"inLanguage\":\"sk-SK\",\"@id\":\"http:\/\/universofamilia.com\/crisis-climatica-global\/#primaryimage\",\"url\":\"http:\/\/universofamilia.com\/wp-content\/uploads\/sites\/148\/2025\/10\/Destaque-Novo-Universo.jpg\",\"contentUrl\":\"http:\/\/universofamilia.com\/wp-content\/uploads\/sites\/148\/2025\/10\/Destaque-Novo-Universo.jpg\",\"width\":450,\"height\":250},{\"@type\":\"BreadcrumbList\",\"@id\":\"http:\/\/universofamilia.com\/crisis-climatica-global\/#breadcrumb\",\"itemListElement\":[{\"@type\":\"ListItem\",\"position\":1,\"name\":\"Home\",\"item\":\"https:\/\/universofamilia.com\/el\/\"},{\"@type\":\"ListItem\",\"position\":2,\"name\":\"Crisis clim\u00e1tica global: los impactos que ya est\u00e1n afectando a millones\"}]},{\"@type\":\"WebSite\",\"@id\":\"https:\/\/universofamilia.com\/el\/#website\",\"url\":\"https:\/\/universofamilia.com\/el\/\",\"name\":\"Universo Fam\u00edlia\",\"description\":\"\",\"potentialAction\":[{\"@type\":\"SearchAction\",\"target\":{\"@type\":\"EntryPoint\",\"urlTemplate\":\"https:\/\/universofamilia.com\/el\/?s={search_term_string}\"},\"query-input\":\"required name=search_term_string\"}],\"inLanguage\":\"sk-SK\"},{\"@type\":\"Person\",\"@id\":\"https:\/\/universofamilia.com\/el\/#\/schema\/person\/92fcd07e9b1f4323bf74f3170fc0f78a\",\"name\":\"Matheus Sangaletti\",\"image\":{\"@type\":\"ImageObject\",\"inLanguage\":\"sk-SK\",\"@id\":\"https:\/\/universofamilia.com\/el\/#\/schema\/person\/image\/\",\"url\":\"http:\/\/2.gravatar.com\/avatar\/280ea957a14a48e6a1ad2133d2cc27c9?s=96&d=mm&r=g\",\"contentUrl\":\"http:\/\/2.gravatar.com\/avatar\/280ea957a14a48e6a1ad2133d2cc27c9?s=96&d=mm&r=g\",\"caption\":\"Matheus Sangaletti\"},\"url\":\"http:\/\/universofamilia.com\/sk\/author\/matheuss\/\"}]}<\/script>\n<!-- \/ Yoast SEO plugin. -->","yoast_head_json":{"title":"Crisis clim\u00e1tica global: los impactos que ya est\u00e1n afectando a millones - Universo Fam\u00edlia","description":"La crise clim\u00e1tica global: los impactos que ya afectan a millones se ha convertido en uno de los desaf\u00edos m\u00e1s urgentes del siglo XXI.","robots":{"index":"index","follow":"follow","max-snippet":"max-snippet:-1","max-image-preview":"max-image-preview:large","max-video-preview":"max-video-preview:-1"},"canonical":"http:\/\/universofamilia.com\/sk\/crisis-climatica-global\/","og_locale":"sk_SK","og_type":"article","og_title":"Crisis clim\u00e1tica global: los impactos que ya est\u00e1n afectando a millones - Universo Fam\u00edlia","og_description":"La crise clim\u00e1tica global: los impactos que ya afectan a millones se ha convertido en uno de los desaf\u00edos m\u00e1s urgentes del siglo XXI.","og_url":"http:\/\/universofamilia.com\/sk\/crisis-climatica-global\/","og_site_name":"Universo Fam\u00edlia","article_published_time":"2025-10-13T15:28:29+00:00","article_modified_time":"2025-10-13T21:26:17+00:00","og_image":[{"width":450,"height":250,"url":"http:\/\/universofamilia.com\/wp-content\/uploads\/sites\/148\/2025\/10\/Destaque-Novo-Universo.jpg","type":"image\/jpeg"}],"author":"Matheus Sangaletti","twitter_card":"summary_large_image","twitter_misc":{"Written by":"Matheus Sangaletti","Est. reading time":"8 min\u00fat"},"schema":{"@context":"https:\/\/schema.org","@graph":[{"@type":"WebPage","@id":"http:\/\/universofamilia.com\/crisis-climatica-global\/","url":"http:\/\/universofamilia.com\/crisis-climatica-global\/","name":"Crisis clim\u00e1tica global: los impactos que ya est\u00e1n afectando a millones - Universo Fam\u00edlia","isPartOf":{"@id":"https:\/\/universofamilia.com\/el\/#website"},"primaryImageOfPage":{"@id":"http:\/\/universofamilia.com\/crisis-climatica-global\/#primaryimage"},"image":{"@id":"http:\/\/universofamilia.com\/crisis-climatica-global\/#primaryimage"},"thumbnailUrl":"http:\/\/universofamilia.com\/wp-content\/uploads\/sites\/148\/2025\/10\/Destaque-Novo-Universo.jpg","datePublished":"2025-10-13T15:28:29+00:00","dateModified":"2025-10-13T21:26:17+00:00","author":{"@id":"https:\/\/universofamilia.com\/el\/#\/schema\/person\/92fcd07e9b1f4323bf74f3170fc0f78a"},"description":"La crise clim\u00e1tica global: los impactos que ya afectan a millones se ha convertido en uno de los desaf\u00edos m\u00e1s urgentes del siglo XXI.","breadcrumb":{"@id":"http:\/\/universofamilia.com\/crisis-climatica-global\/#breadcrumb"},"inLanguage":"sk-SK","potentialAction":[{"@type":"ReadAction","target":["http:\/\/universofamilia.com\/crisis-climatica-global\/"]}]},{"@type":"ImageObject","inLanguage":"sk-SK","@id":"http:\/\/universofamilia.com\/crisis-climatica-global\/#primaryimage","url":"http:\/\/universofamilia.com\/wp-content\/uploads\/sites\/148\/2025\/10\/Destaque-Novo-Universo.jpg","contentUrl":"http:\/\/universofamilia.com\/wp-content\/uploads\/sites\/148\/2025\/10\/Destaque-Novo-Universo.jpg","width":450,"height":250},{"@type":"BreadcrumbList","@id":"http:\/\/universofamilia.com\/crisis-climatica-global\/#breadcrumb","itemListElement":[{"@type":"ListItem","position":1,"name":"Home","item":"https:\/\/universofamilia.com\/el\/"},{"@type":"ListItem","position":2,"name":"Crisis clim\u00e1tica global: los impactos que ya est\u00e1n afectando a millones"}]},{"@type":"WebSite","@id":"https:\/\/universofamilia.com\/el\/#website","url":"https:\/\/universofamilia.com\/el\/","name":"Universo Fam\u00edlia","description":"","potentialAction":[{"@type":"SearchAction","target":{"@type":"EntryPoint","urlTemplate":"https:\/\/universofamilia.com\/el\/?s={search_term_string}"},"query-input":"required name=search_term_string"}],"inLanguage":"sk-SK"},{"@type":"Person","@id":"https:\/\/universofamilia.com\/el\/#\/schema\/person\/92fcd07e9b1f4323bf74f3170fc0f78a","name":"Matheus Sangaletti","image":{"@type":"ImageObject","inLanguage":"sk-SK","@id":"https:\/\/universofamilia.com\/el\/#\/schema\/person\/image\/","url":"http:\/\/2.gravatar.com\/avatar\/280ea957a14a48e6a1ad2133d2cc27c9?s=96&d=mm&r=g","contentUrl":"http:\/\/2.gravatar.com\/avatar\/280ea957a14a48e6a1ad2133d2cc27c9?s=96&d=mm&r=g","caption":"Matheus Sangaletti"},"url":"http:\/\/universofamilia.com\/sk\/author\/matheuss\/"}]}},"_links":{"self":[{"href":"http:\/\/universofamilia.com\/sk\/wp-json\/wp\/v2\/posts\/10068"}],"collection":[{"href":"http:\/\/universofamilia.com\/sk\/wp-json\/wp\/v2\/posts"}],"about":[{"href":"http:\/\/universofamilia.com\/sk\/wp-json\/wp\/v2\/types\/post"}],"author":[{"embeddable":true,"href":"http:\/\/universofamilia.com\/sk\/wp-json\/wp\/v2\/users\/219"}],"replies":[{"embeddable":true,"href":"http:\/\/universofamilia.com\/sk\/wp-json\/wp\/v2\/comments?post=10068"}],"version-history":[{"count":2,"href":"http:\/\/universofamilia.com\/sk\/wp-json\/wp\/v2\/posts\/10068\/revisions"}],"predecessor-version":[{"id":10122,"href":"http:\/\/universofamilia.com\/sk\/wp-json\/wp\/v2\/posts\/10068\/revisions\/10122"}],"wp:featuredmedia":[{"embeddable":true,"href":"http:\/\/universofamilia.com\/sk\/wp-json\/wp\/v2\/media\/10069"}],"wp:attachment":[{"href":"http:\/\/universofamilia.com\/sk\/wp-json\/wp\/v2\/media?parent=10068"}],"wp:term":[{"taxonomy":"category","embeddable":true,"href":"http:\/\/universofamilia.com\/sk\/wp-json\/wp\/v2\/categories?post=10068"},{"taxonomy":"post_tag","embeddable":true,"href":"http:\/\/universofamilia.com\/sk\/wp-json\/wp\/v2\/tags?post=10068"}],"curies":[{"name":"wp","href":"https:\/\/api.w.org\/{rel}","templated":true}]}}