{"id":10165,"date":"2025-10-16T15:39:54","date_gmt":"2025-10-16T18:39:54","guid":{"rendered":"https:\/\/universofamilia.com\/?p=10165"},"modified":"2025-10-16T15:39:57","modified_gmt":"2025-10-16T18:39:57","slug":"elecciones-en-todo-el-mundo-en-2025-tendencias-y-retos","status":"publish","type":"post","link":"http:\/\/universofamilia.com\/sk\/elecciones-en-todo-el-mundo-en-2025-tendencias-y-retos\/","title":{"rendered":"Vo\u013eby na celom svete v roku 2025: trendy a v\u00fdzvy"},"content":{"rendered":"<p class=\"has-text-align-center\">Z prv\u00e9ho odseku: <strong>Vo\u013eby na celom svete v roku 2025: trendy a v\u00fdzvy<\/strong> Nie je to len titulok: poskytuje \u017eiv\u00fd obraz politick\u00fdch konfliktov, demokratick\u00fdch inov\u00e1ci\u00ed a riz\u00edk, ktor\u00e9 definuj\u00fa glob\u00e1lny smer.<\/p>\n\n\n\n<figure class=\"wp-block-gallery aligncenter has-nested-images columns-default is-cropped wp-block-gallery-1 is-layout-flex wp-block-gallery-is-layout-flex\">\n<figure class=\"wp-block-image size-full\"><img loading=\"lazy\" decoding=\"async\" width=\"450\" height=\"250\" data-id=\"10167\" src=\"https:\/\/universofamilia.com\/wp-content\/uploads\/sites\/148\/2025\/10\/Destaque-Novo-Universo-9-1.jpg\" alt=\"\" class=\"wp-image-10167\" srcset=\"http:\/\/universofamilia.com\/wp-content\/uploads\/sites\/148\/2025\/10\/Destaque-Novo-Universo-9-1.jpg 450w, http:\/\/universofamilia.com\/wp-content\/uploads\/sites\/148\/2025\/10\/Destaque-Novo-Universo-9-1-300x167.jpg 300w, http:\/\/universofamilia.com\/wp-content\/uploads\/sites\/148\/2025\/10\/Destaque-Novo-Universo-9-1-18x10.jpg 18w\" sizes=\"(max-width: 450px) 100vw, 450px\" \/><figcaption class=\"wp-element-caption\">CANVA<\/figcaption><\/figure>\n<\/figure>\n\n\n\n<p class=\"has-text-align-center\">Tu je \u00fa\u010deln\u00e1 anal\u00fdza: pochop\u00edte sily formuj\u00face s\u00fa\u010dasn\u00e9 vo\u013eby, najnaliehavej\u0161ie prek\u00e1\u017eky a to, ako m\u00f4\u017eu ob\u010dania posilni\u0165 svoje syst\u00e9my zast\u00fapenia.<\/p>\n\n\n\n<p><strong>Zhrnutie<\/strong><\/p>\n\n\n\n<ul>\n<li>Preh\u013ead: Pre\u010do je rok 2025 d\u00f4le\u017eit\u00fd<\/li>\n\n\n\n<li>Dominantn\u00e9 trendy vo volebn\u00fdch procesoch<\/li>\n\n\n\n<li>V\u00fdzvy, ktor\u00e9 ohrozuj\u00fa demokratick\u00fa legitimitu<\/li>\n\n\n\n<li>Dva ilustrat\u00edvne pr\u00edpady<\/li>\n\n\n\n<li>Strat\u00e9gie na ochranu d\u00f4veryhodn\u00fdch volieb<\/li>\n\n\n\n<li>Reflex\u00edvny z\u00e1ver<\/li>\n\n\n\n<li>\u010casto kladen\u00e9 ot\u00e1zky<\/li>\n<\/ul>\n\n\n\n<h2 class=\"wp-block-heading\">Preh\u013ead: Pre\u010do je rok 2025 d\u00f4le\u017eit\u00fd<\/h2>\n\n\n\n<p>Tento rok predstavuje zlomov\u00fd bod: po mas\u00edvnych volebn\u00fdch cykloch v rokoch 2023 a 2024 sa o\u010dak\u00e1vania vkladaj\u00fa do konsolid\u00e1cie pokroku alebo zhor\u0161enia ne\u00faspechov.<\/p>\n\n\n\n<p>Pod\u013ea indexu International IDEA, ktor\u00fd zaznamenal v roku 2023 najv\u00e4\u010d\u0161\u00ed historick\u00fd pokles slobodn\u00fdch a spravodliv\u00fdch volieb, do\u0161lo k celosvetov\u00e9mu poklesu d\u00f4veryhodnosti voli\u010dov.<\/p>\n\n\n\n<p>V takmer 20 ned\u00e1vnych n\u00e1rodn\u00fdch vo\u013eb\u00e1ch aspo\u0148 jeden porazen\u00fd kandid\u00e1t odmietol v\u00fdsledky.<\/p>\n\n\n\n<p>Ke\u010f hovor\u00ed\u0161 o <strong>Vo\u013eby na celom svete v roku 2025: trendy a v\u00fdzvy<\/strong>Nevy\u017eadujete optimistick\u00fd poh\u013ead na vec, ale sk\u00f4r jasn\u00fa a kritick\u00fa v\u00edziu: viete, \u017ee d\u00f4vera je naru\u0161en\u00e1, ale aj to, \u017ee je priestor na akciu.<\/p>\n\n\n\n<h2 class=\"wp-block-heading\">Dominantn\u00e9 trendy vo volebn\u00fdch procesoch<\/h2>\n\n\n\n<h3 class=\"wp-block-heading\">Digitaliz\u00e1cia a nov\u00e9 met\u00f3dy hlasovania<\/h3>\n\n\n\n<p>Zav\u00e1dzanie digit\u00e1lnych mechanizmov, ako je hlasovanie na dia\u013eku, \u0161ifrovan\u00e9 platformy a technologick\u00e9 audity, sa zintenz\u00edv\u0148uje. <\/p>\n\n\n\n<p>Ned\u00e1vna \u0161t\u00fadia navrhuje syst\u00e9my zalo\u017een\u00e9 na <strong>blockchain<\/strong> zv\u00fd\u0161i\u0165 transparentnos\u0165 a zn\u00ed\u017ei\u0165 zranite\u013enosti.<\/p>\n\n\n\n<p>Tento technologick\u00fd posun m\u00f4\u017ee by\u0165 siln\u00fdm spojencom, hoci si vy\u017eaduje robustn\u00e9 bezpe\u010dnostn\u00e9 a doh\u013eadov\u00e9 podmienky.<\/p>\n\n\n\n<h3 class=\"wp-block-heading\">Pokles \u00fa\u010dasti a zv\u00fd\u0161en\u00fd po\u010det ot\u00e1zok<\/h3>\n\n\n\n<p>Klesaj\u00faca miera \u00fa\u010dasti je vidite\u013en\u00fdm pr\u00edznakom: demokratick\u00fd trh str\u00e1ca kupuj\u00facich.<\/p>\n\n\n\n<p>Od roku 2008 do roku 2023 sa priemern\u00e1 volebn\u00e1 \u00fa\u010das\u0165 na celom svete zv\u00fd\u0161ila zo 65,2 % v % na 55,5 % v %.<\/p>\n\n\n\n<p>Tento rozdiel nie je len \u0161tatistick\u00fd: zah\u0155\u0148a tis\u00edce hlasov, ktor\u00e9 sa u\u017e nec\u00edtia by\u0165 zast\u00fapen\u00e9.<\/p>\n\n\n\n<p>D\u00f4veryhodnos\u0165 volieb je pod tlakom: spr\u00e1va IDEA uv\u00e1dza, \u017ee v roku 2024 odovzdala hlas tretina voli\u010dov v krajin\u00e1ch s ni\u017e\u0161ou kvalitou procesov ako v predch\u00e1dzaj\u00facich vo\u013eb\u00e1ch.<\/p>\n\n\n\n<h3 class=\"wp-block-heading\">Polariz\u00e1cia, digit\u00e1lna manipul\u00e1cia a in\u0161titucion\u00e1lna krehkos\u0165<\/h3>\n\n\n\n<p>\u010c\u00edha cielen\u00e1 propaganda, automatizovan\u00e9 kampane, deepfakes a astroturfing.<\/p>\n\n\n\n<p>V Eur\u00f3pe boli zdokumentovan\u00e9 pr\u00edpady, ke\u010f pou\u017eitie algoritmov zv\u00fdhod\u0148ovalo konkr\u00e9tnych kandid\u00e1tov a viedlo k \u010diasto\u010dn\u00e9mu anulovaniu v\u00fdsledkov.<\/p>\n\n\n\n<p>T\u00e1to konvergencia technol\u00f3gi\u00ed a politick\u00fdch sporov premie\u0148a ka\u017ed\u00e9 vo\u013eby na nevidite\u013en\u00e9 bojisko.<\/p>\n\n\n\n<p>V tomto scen\u00e1ri zohr\u00e1vaj\u00fa rozhoduj\u00facu \u00falohu volebn\u00e9 in\u0161tit\u00facie, nez\u00e1visl\u00e9 m\u00e9di\u00e1 a audity.<\/p>\n\n\n\n<h2 class=\"wp-block-heading\">V\u00fdzvy, ktor\u00e9 ohrozuj\u00fa demokratick\u00fa legitimitu<\/h2>\n\n\n\n<h3 class=\"wp-block-heading\">Syst\u00e9mov\u00e9 dezinform\u00e1cie<\/h3>\n\n\n\n<p>V\u010faka soci\u00e1lnym m\u00e9di\u00e1m ako siln\u00e9mu vektoru m\u00f4\u017ee \u0161\u00edrenie falo\u0161n\u00fdch spr\u00e1v skres\u013eova\u0165 agendu, polarizova\u0165 spolo\u010dnosti a oslabova\u0165 d\u00f4veru medzi in\u0161tit\u00faciami.<\/p>\n\n\n\n<p>Toto je tich\u00fd, ale smrte\u013en\u00fd nepriate\u013e.<\/p>\n\n\n\n<h3 class=\"wp-block-heading\">In\u0161titucion\u00e1lne ovl\u00e1dnutie a m\u00e4kk\u00e9 podvody<\/h3>\n\n\n\n<p>Ke\u010f vl\u00e1dnuca strana manipuluje s volebn\u00fdmi pravidlami, kontroluje nez\u00e1visl\u00e9 org\u00e1ny alebo vyu\u017e\u00edva \u0161t\u00e1tne zdroje vo svoj prospech, hracie pole je nerovnak\u00e9.<\/p>\n\n\n\n<p>Napr\u00edklad v Burundi viedli parlamentn\u00e9 vo\u013eby v roku 2025 k vyl\u00fa\u010deniu opoz\u00edcie a absol\u00fatnemu v\u00ed\u0165azstvu vl\u00e1dnucej strany.<\/p>\n\n\n\n<p>\u010eal\u0161\u00edm pozoruhodn\u00fdm pr\u00edpadom je Bielorusko: prezident Luka\u0161enko z\u00edskal viac ako 85 % hlasov vo vo\u013eb\u00e1ch, ktor\u00e9 boli v\u0161eobecne ozna\u010dovan\u00e9 za fra\u0161ku.<\/p>\n\n\n\n<p>Je to metafora pre volebn\u00fd syst\u00e9m premenen\u00fd na obrad.<\/p>\n\n\n\n<h3 class=\"wp-block-heading\">Soci\u00e1lne a pr\u00edstupov\u00e9 rozdiely<\/h3>\n\n\n\n<p>\u0160truktur\u00e1lna nerovnos\u0165, nedostatok slu\u017eieb, geografick\u00e9 bari\u00e9ry a digit\u00e1lny deficit marginalizuj\u00fa cel\u00e9 segmenty voli\u010dov. Ak ob\u010dan nem\u00f4\u017ee z\u00edska\u0165 inform\u00e1cie, zaregistrova\u0165 sa alebo sa dosta\u0165 do volebnej miestnosti, jeho politick\u00e9 pr\u00e1va s\u00fa potl\u00e1\u010dan\u00e9.<\/p>\n\n\n\n<h3 class=\"wp-block-heading\">Volebn\u00e9 n\u00e1silie a neistota<\/h3>\n\n\n\n<p>V mnoh\u00fdch krajin\u00e1ch s\u00fa kandid\u00e1ti ohrozovan\u00ed, volebn\u00e9 miestnosti s\u00fa nap\u00e1dan\u00e9 a protestuj\u00faci s\u00fa potl\u00e1\u010dan\u00ed.<\/p>\n\n\n\n<p>Pod\u013ea organiz\u00e1cie Freedom House do\u0161lo k n\u00e1siln\u00fdm \u010dinom, zastra\u0161ovaniu alebo agresii vo viac ako 40 \u00fazemiach, kde sa v roku 2024 konali n\u00e1rodn\u00e9 vo\u013eby.<\/p>\n\n\n\n<p>Hrozba nie je hypotetick\u00e1: m\u00e1 tv\u00e1r, dopad a re\u00e1lne d\u00f4sledky pre vn\u00edmanie legitimity.<\/p>\n\n\n\n<h2 class=\"wp-block-heading\">Dva ilustrat\u00edvne pr\u00edklady<\/h2>\n\n\n\n<p><strong>Pr\u00edpad 1: Ekv\u00e1dor 2025 (Latinsk\u00e1 Amerika)<\/strong><br>V\u0161eobecn\u00e9 vo\u013eby v Ekv\u00e1dore, ktor\u00e9 sa konali vo febru\u00e1ri a\u017e apr\u00edli 2025, preuk\u00e1zali mieru \u00fa\u010dasti v volebnom obvode % 82 %.<\/p>\n\n\n\n<p>Vyn\u00e1raj\u00fa sa ot\u00e1zky: \u010do je hnacou silou tejto mobiliz\u00e1cie napriek v\u0161eobecnej nespokojnosti?<\/p>\n\n\n\n<p>Medzi spomenut\u00e9 faktory patr\u00ed vysok\u00e1 polariz\u00e1cia, pr\u00edtomnos\u0165 kandid\u00e1tov naklonen\u00fdch m\u00e9di\u00e1m a akt\u00edvne ob\u010dianske povedomie. <\/p>\n\n\n\n<p>Je to pr\u00edklad toho, \u017ee aj v nap\u00e4t\u00fdch situ\u00e1ci\u00e1ch m\u00f4\u017ee kolekt\u00edvna akcia zvr\u00e1ti\u0165 trendy.<\/p>\n\n\n\n<p><strong>Pr\u00edpad 2: Lichten\u0161tajnsko 2025 (Eur\u00f3pa)<\/strong><br>V ove\u013ea in\u0161titucionalizovanej\u0161om kontexte sa v Lichten\u0161tajnsku konali legislat\u00edvne vo\u013eby s \u00fa\u010das\u0165ou 76,3 %.<\/p>\n\n\n\n<p>V\u00fdsledok nebol ani ve\u013ekolep\u00fd, ani dramatick\u00fd, ale odr\u00e1\u017ea to, \u017ee aj v mikro\u0161t\u00e1toch je kvalita procesu d\u00f4le\u017eit\u00e1: transparentnos\u0165, pluralizmus a jasn\u00e9 pravidl\u00e1 udr\u017eiavaj\u00fa d\u00f4veru.<\/p>\n\n\n\n<p>Tieto vzorky porovn\u00e1vaj\u00fa r\u00f4zne scen\u00e1re, jeden so \u0161truktur\u00e1lnym nap\u00e4t\u00edm v demokracii a druh\u00fd s in\u0161titucion\u00e1lnou stabilitou, ale oba potvrdzuj\u00fa, \u017ee <strong>Vo\u013eby na celom svete v roku 2025: trendy a v\u00fdzvy<\/strong> Funguj\u00fa v r\u00f4znych realit\u00e1ch.<\/p>\n\n\n\n<h2 class=\"wp-block-heading\">Strat\u00e9gie na ochranu d\u00f4veryhodn\u00fdch volieb<\/h2>\n\n\n\n<h3 class=\"wp-block-heading\">Digit\u00e1lna ob\u010dianska v\u00fdchova<\/h3>\n\n\n\n<p>Vzdel\u00e1va\u0165 verejnos\u0165 v oblasti medi\u00e1lnej gramotnosti, fungovania in\u0161tit\u00faci\u00ed, overovania zdrojov a kan\u00e1lov nahlasovania.<\/p>\n\n\n\n<p>Ak ob\u010dania vedia, ako podvod funguje, reaguj\u00fa r\u00fdchlej\u0161ie.<\/p>\n\n\n\n<h3 class=\"wp-block-heading\">Inkluz\u00edvne pozorovanie a nez\u00e1visl\u00e9 audity<\/h3>\n\n\n\n<p>Podporova\u0165 miestne a medzin\u00e1rodn\u00e9 misie, verejn\u00fd pr\u00edstup k s\u010d\u00edtavaniu hlasov, audity transparentnosti a \u00fa\u010das\u0165 organiz\u00e1ci\u00ed ob\u010dianskej spolo\u010dnosti.<\/p>\n\n\n\n<p>Kolekt\u00edvny doh\u013ead sl\u00fa\u017ei ako odstra\u0161uj\u00faci prostriedok kontroly.<\/p>\n\n\n\n<h3 class=\"wp-block-heading\">Osobitn\u00e9 predpisy t\u00fdkaj\u00face sa digit\u00e1lnych kampan\u00ed<\/h3>\n\n\n\n<p>Stanovi\u0165 limity financovania siet\u00ed, vy\u017eadova\u0165 algoritmick\u00fa transparentnos\u0165, regulova\u0165 pou\u017e\u00edvanie umelej inteligencie v politickej propagande a penalizova\u0165 pou\u017e\u00edvanie anonymn\u00fdch botov.<\/p>\n\n\n\n<p>Digit\u00e1lny pr\u00e1vny r\u00e1mec mus\u00ed dr\u017ea\u0165 krok s technologick\u00fdm pokrokom.<\/p>\n\n\n\n<h3 class=\"wp-block-heading\">U\u013eah\u010denie hlasovania<\/h3>\n\n\n\n<p>Zavies\u0165 mechanizmy pred\u010dasn\u00e9ho hlasovania, pred\u013a\u017een\u00e9 otv\u00e1racie hodiny, mobiln\u00e9 volebn\u00e9 centr\u00e1, hlasovanie v zahrani\u010d\u00ed a odstr\u00e1ni\u0165 svojvo\u013en\u00e9 registra\u010dn\u00e9 prek\u00e1\u017eky, aby si ka\u017ed\u00fd ob\u010dan mohol uplatni\u0165 svoje pr\u00e1vo.<\/p>\n\n\n\n<h3 class=\"wp-block-heading\">Robustn\u00e1 in\u0161titucion\u00e1lna ochrana<\/h3>\n\n\n\n<p>Zabezpe\u010di\u0165, aby volebn\u00e9 org\u00e1ny boli auton\u00f3mne, primerane financovan\u00e9 a podliehali civiln\u00e9mu doh\u013eadu. Ak bud\u00fa pod kontrolou, cel\u00fd proces sa zr\u00fati.<\/p>\n\n\n\n<figure class=\"wp-block-gallery aligncenter has-nested-images columns-default is-cropped wp-block-gallery-2 is-layout-flex wp-block-gallery-is-layout-flex\">\n<figure class=\"wp-block-image size-full\"><img loading=\"lazy\" decoding=\"async\" width=\"450\" height=\"250\" data-id=\"10168\" src=\"https:\/\/universofamilia.com\/wp-content\/uploads\/sites\/148\/2025\/10\/Destaque-Novo-Universo-10.jpg\" alt=\"\" class=\"wp-image-10168\" srcset=\"http:\/\/universofamilia.com\/wp-content\/uploads\/sites\/148\/2025\/10\/Destaque-Novo-Universo-10.jpg 450w, http:\/\/universofamilia.com\/wp-content\/uploads\/sites\/148\/2025\/10\/Destaque-Novo-Universo-10-300x167.jpg 300w, http:\/\/universofamilia.com\/wp-content\/uploads\/sites\/148\/2025\/10\/Destaque-Novo-Universo-10-18x10.jpg 18w\" sizes=\"(max-width: 450px) 100vw, 450px\" \/><figcaption class=\"wp-element-caption\">CANVA<\/figcaption><\/figure>\n<\/figure>\n\n\n\n<p>\u010c\u00edtajte viac:\u00a0<a href=\"http:\/\/universofamilia.com\/sk\/crisis-climatica-global\/\">Glob\u00e1lna klimatick\u00e1 kr\u00edza: jej d\u00f4sledky u\u017e teraz postihuj\u00fa mili\u00f3ny \u013eud\u00ed<\/a><\/p>\n\n\n\n<h2 class=\"wp-block-heading\">Reflex\u00edvny z\u00e1ver<\/h2>\n\n\n\n<p>Ke\u010f vezmete do \u00favahy <strong>Vo\u013eby na celom svete v roku 2025: trendy a v\u00fdzvy<\/strong>, ne\u010del\u00edte akademick\u00e9mu cvi\u010deniu: \u010del\u00edte kolekt\u00edvnej zodpovednosti za obranu priestorov skuto\u010dnej vo\u013eby.<\/p>\n\n\n\n<p>Nesta\u010d\u00ed len \u00eds\u0165 do volebnej miestnosti; je nevyhnutn\u00e9 po\u017eadova\u0165 integritu, ostra\u017eitos\u0165 a spravodlivos\u0165.<\/p>\n\n\n\n<p>Vo\u013eby musia by\u0165 aj na\u010falej momentom, kedy hlas ob\u010danov rozhoduje, nie ho simuluje.<\/p>\n\n\n\n<p>Ak dovol\u00edte moci, aby si zvykla manipulova\u0165 bez n\u00e1sledkov, nebude cesty sp\u00e4\u0165.<\/p>\n\n\n\n<p>Ka\u017ed\u00e1 reforma, ka\u017ed\u00fd pozorovate\u013e, ktor\u00fd po\u017eaduje transparentnos\u0165, a ka\u017ed\u00fd sused, ktor\u00fd odsudzuje nezrovnalosti, v\u0161ak buduje bari\u00e9ru proti autorit\u00e1rstvu.<\/p>\n\n\n\n<p>A vy? Dovol\u00edte, aby sa proces odv\u00edjal bez odporu, alebo sa aj vy stanete akt\u00edvnym ochrancom legit\u00edmneho hlasovania?<\/p>\n\n\n\n<p>\u010c\u00edtajte viac:\u00a0<a href=\"http:\/\/universofamilia.com\/sk\/ambiental\/\">10 udr\u017eate\u013en\u00fdch opatren\u00ed na zmiernenie environment\u00e1lnej kr\u00edzy<\/a><\/p>\n\n\n\n<h2 class=\"wp-block-heading\">\u010casto kladen\u00e9 ot\u00e1zky<\/h2>\n\n\n\n<p><strong>Pre\u010do je dnes \u00fa\u010das\u0165 ob\u010danov tak\u00e1 n\u00edzka?<\/strong><br>Preto\u017ee ve\u013ea \u013eud\u00ed ned\u00f4veruje politick\u00fdm stran\u00e1m, m\u00e1 pocit, \u017ee na ich hlase nez\u00e1le\u017e\u00ed, nem\u00e1 dostatok spo\u013eahliv\u00fdch inform\u00e1ci\u00ed alebo \u010del\u00ed praktick\u00fdm prek\u00e1\u017ekam pri hlasovan\u00ed.<\/p>\n\n\n\n<p><strong>Zaru\u010duje pou\u017e\u00edvanie volebnej technol\u00f3gie integritu?<\/strong><br>Nie nevyhnutne. Ak to nie je sprev\u00e1dzan\u00e9 pr\u00edsnymi auditmi, \u00faplnou transparentnos\u0165ou a jasn\u00fdmi \u0161tandardmi, m\u00f4\u017ee to vytvori\u0165 viac zranite\u013enost\u00ed ako rie\u0161en\u00ed.<\/p>\n\n\n\n<p><strong>V ktor\u00fdch krajin\u00e1ch sa pozoruj\u00fa alarmuj\u00face demokratick\u00e9 zlyhania?<\/strong><br>V nieko\u013ek\u00fdch \u0161t\u00e1toch so silnou vl\u00e1dou, ako je Bielorusko, Burundi a \u010fal\u0161ie, kde je opoz\u00edcia systematicky vylu\u010dovan\u00e1 alebo potl\u00e1\u010dan\u00e1.<\/p>\n\n\n\n<p><strong>Ako sa m\u00f4\u017eu ob\u010dania zapoji\u0165 do obrany spravodliv\u00fdch volieb?<\/strong><br>Hl\u00e1senie nezrovnalost\u00ed, podpora observat\u00f3ri\u00ed, po\u017eadovanie pr\u00edstupu k volebn\u00fdm \u00fadajom, \u00fa\u010das\u0165 na verejn\u00fdch diskusi\u00e1ch a v\u00fdzvy na pr\u00e1vne reformy.<\/p>","protected":false},"excerpt":{"rendered":"<p>Desde el primer p\u00e1rrafo: Elecciones en todo el mundo en 2025: tendencias y retos no es solo un titular: implica una radiograf\u00eda viva de conflictos pol\u00edticos, innovaciones democr\u00e1ticas y riesgos que definen el rumbo global. Aqu\u00ed tienes un an\u00e1lisis con prop\u00f3sito: comprender\u00e1s qu\u00e9 fuerzas moldean los comicios actuales, cu\u00e1les son sus obst\u00e1culos m\u00e1s urgentes y [&hellip;]<\/p>","protected":false},"author":219,"featured_media":10166,"comment_status":"closed","ping_status":"open","sticky":false,"template":"","format":"standard","meta":{"footnotes":""},"categories":[4],"tags":[],"yoast_head":"<!-- This site is optimized with the Yoast SEO plugin v23.3 - https:\/\/yoast.com\/wordpress\/plugins\/seo\/ -->\n<title>Elecciones en todo el mundo en 2025: tendencias y retos - Universo Fam\u00edlia<\/title>\n<meta name=\"description\" content=\"Desde el primer p\u00e1rrafo: Elecciones en todo el mundo en 2025: tendencias y retos no es solo un titular: implica una radiograf\u00eda viva de...\" \/>\n<meta name=\"robots\" content=\"index, follow, max-snippet:-1, max-image-preview:large, max-video-preview:-1\" \/>\n<link rel=\"canonical\" href=\"http:\/\/universofamilia.com\/sk\/elecciones-en-todo-el-mundo-en-2025-tendencias-y-retos\/\" \/>\n<meta property=\"og:locale\" content=\"sk_SK\" \/>\n<meta property=\"og:type\" content=\"article\" \/>\n<meta property=\"og:title\" content=\"Elecciones en todo el mundo en 2025: tendencias y retos - Universo Fam\u00edlia\" \/>\n<meta property=\"og:description\" content=\"Desde el primer p\u00e1rrafo: Elecciones en todo el mundo en 2025: tendencias y retos no es solo un titular: implica una radiograf\u00eda viva de...\" \/>\n<meta property=\"og:url\" content=\"http:\/\/universofamilia.com\/sk\/elecciones-en-todo-el-mundo-en-2025-tendencias-y-retos\/\" \/>\n<meta property=\"og:site_name\" content=\"Universo Fam\u00edlia\" \/>\n<meta property=\"article:published_time\" content=\"2025-10-16T18:39:54+00:00\" \/>\n<meta property=\"article:modified_time\" content=\"2025-10-16T18:39:57+00:00\" \/>\n<meta property=\"og:image\" content=\"http:\/\/universofamilia.com\/wp-content\/uploads\/sites\/148\/2025\/10\/Destaque-Novo-Universo-9.jpg\" \/>\n\t<meta property=\"og:image:width\" content=\"450\" \/>\n\t<meta property=\"og:image:height\" content=\"250\" \/>\n\t<meta property=\"og:image:type\" content=\"image\/jpeg\" \/>\n<meta name=\"author\" content=\"Matheus Sangaletti\" \/>\n<meta name=\"twitter:card\" content=\"summary_large_image\" \/>\n<meta name=\"twitter:label1\" content=\"Written by\" \/>\n\t<meta name=\"twitter:data1\" content=\"Matheus Sangaletti\" \/>\n\t<meta name=\"twitter:label2\" content=\"Est. reading time\" \/>\n\t<meta name=\"twitter:data2\" content=\"8 min\u00fat\" \/>\n<script type=\"application\/ld+json\" class=\"yoast-schema-graph\">{\"@context\":\"https:\/\/schema.org\",\"@graph\":[{\"@type\":\"WebPage\",\"@id\":\"http:\/\/universofamilia.com\/zh_hk\/elecciones-en-todo-el-mundo-en-2025-tendencias-y-retos\/\",\"url\":\"http:\/\/universofamilia.com\/zh_hk\/elecciones-en-todo-el-mundo-en-2025-tendencias-y-retos\/\",\"name\":\"Elecciones en todo el mundo en 2025: tendencias y retos - Universo Fam\u00edlia\",\"isPartOf\":{\"@id\":\"https:\/\/universofamilia.com\/el\/#website\"},\"primaryImageOfPage\":{\"@id\":\"http:\/\/universofamilia.com\/zh_hk\/elecciones-en-todo-el-mundo-en-2025-tendencias-y-retos\/#primaryimage\"},\"image\":{\"@id\":\"http:\/\/universofamilia.com\/zh_hk\/elecciones-en-todo-el-mundo-en-2025-tendencias-y-retos\/#primaryimage\"},\"thumbnailUrl\":\"http:\/\/universofamilia.com\/wp-content\/uploads\/sites\/148\/2025\/10\/Destaque-Novo-Universo-9.jpg\",\"datePublished\":\"2025-10-16T18:39:54+00:00\",\"dateModified\":\"2025-10-16T18:39:57+00:00\",\"author\":{\"@id\":\"https:\/\/universofamilia.com\/el\/#\/schema\/person\/92fcd07e9b1f4323bf74f3170fc0f78a\"},\"description\":\"Desde el primer p\u00e1rrafo: Elecciones en todo el mundo en 2025: tendencias y retos no es solo un titular: implica una radiograf\u00eda viva de...\",\"breadcrumb\":{\"@id\":\"http:\/\/universofamilia.com\/zh_hk\/elecciones-en-todo-el-mundo-en-2025-tendencias-y-retos\/#breadcrumb\"},\"inLanguage\":\"sk-SK\",\"potentialAction\":[{\"@type\":\"ReadAction\",\"target\":[\"http:\/\/universofamilia.com\/zh_hk\/elecciones-en-todo-el-mundo-en-2025-tendencias-y-retos\/\"]}]},{\"@type\":\"ImageObject\",\"inLanguage\":\"sk-SK\",\"@id\":\"http:\/\/universofamilia.com\/zh_hk\/elecciones-en-todo-el-mundo-en-2025-tendencias-y-retos\/#primaryimage\",\"url\":\"http:\/\/universofamilia.com\/wp-content\/uploads\/sites\/148\/2025\/10\/Destaque-Novo-Universo-9.jpg\",\"contentUrl\":\"http:\/\/universofamilia.com\/wp-content\/uploads\/sites\/148\/2025\/10\/Destaque-Novo-Universo-9.jpg\",\"width\":450,\"height\":250},{\"@type\":\"BreadcrumbList\",\"@id\":\"http:\/\/universofamilia.com\/zh_hk\/elecciones-en-todo-el-mundo-en-2025-tendencias-y-retos\/#breadcrumb\",\"itemListElement\":[{\"@type\":\"ListItem\",\"position\":1,\"name\":\"Home\",\"item\":\"https:\/\/universofamilia.com\/el\/\"},{\"@type\":\"ListItem\",\"position\":2,\"name\":\"Elecciones en todo el mundo en 2025: tendencias y retos\"}]},{\"@type\":\"WebSite\",\"@id\":\"https:\/\/universofamilia.com\/el\/#website\",\"url\":\"https:\/\/universofamilia.com\/el\/\",\"name\":\"Universo Fam\u00edlia\",\"description\":\"\",\"potentialAction\":[{\"@type\":\"SearchAction\",\"target\":{\"@type\":\"EntryPoint\",\"urlTemplate\":\"https:\/\/universofamilia.com\/el\/?s={search_term_string}\"},\"query-input\":\"required name=search_term_string\"}],\"inLanguage\":\"sk-SK\"},{\"@type\":\"Person\",\"@id\":\"https:\/\/universofamilia.com\/el\/#\/schema\/person\/92fcd07e9b1f4323bf74f3170fc0f78a\",\"name\":\"Matheus Sangaletti\",\"image\":{\"@type\":\"ImageObject\",\"inLanguage\":\"sk-SK\",\"@id\":\"https:\/\/universofamilia.com\/el\/#\/schema\/person\/image\/\",\"url\":\"http:\/\/2.gravatar.com\/avatar\/280ea957a14a48e6a1ad2133d2cc27c9?s=96&d=mm&r=g\",\"contentUrl\":\"http:\/\/2.gravatar.com\/avatar\/280ea957a14a48e6a1ad2133d2cc27c9?s=96&d=mm&r=g\",\"caption\":\"Matheus Sangaletti\"},\"url\":\"http:\/\/universofamilia.com\/sk\/author\/matheuss\/\"}]}<\/script>\n<!-- \/ Yoast SEO plugin. -->","yoast_head_json":{"title":"Elecciones en todo el mundo en 2025: tendencias y retos - Universo Fam\u00edlia","description":"Desde el primer p\u00e1rrafo: Elecciones en todo el mundo en 2025: tendencias y retos no es solo un titular: implica una radiograf\u00eda viva de...","robots":{"index":"index","follow":"follow","max-snippet":"max-snippet:-1","max-image-preview":"max-image-preview:large","max-video-preview":"max-video-preview:-1"},"canonical":"http:\/\/universofamilia.com\/sk\/elecciones-en-todo-el-mundo-en-2025-tendencias-y-retos\/","og_locale":"sk_SK","og_type":"article","og_title":"Elecciones en todo el mundo en 2025: tendencias y retos - Universo Fam\u00edlia","og_description":"Desde el primer p\u00e1rrafo: Elecciones en todo el mundo en 2025: tendencias y retos no es solo un titular: implica una radiograf\u00eda viva de...","og_url":"http:\/\/universofamilia.com\/sk\/elecciones-en-todo-el-mundo-en-2025-tendencias-y-retos\/","og_site_name":"Universo Fam\u00edlia","article_published_time":"2025-10-16T18:39:54+00:00","article_modified_time":"2025-10-16T18:39:57+00:00","og_image":[{"width":450,"height":250,"url":"http:\/\/universofamilia.com\/wp-content\/uploads\/sites\/148\/2025\/10\/Destaque-Novo-Universo-9.jpg","type":"image\/jpeg"}],"author":"Matheus Sangaletti","twitter_card":"summary_large_image","twitter_misc":{"Written by":"Matheus Sangaletti","Est. reading time":"8 min\u00fat"},"schema":{"@context":"https:\/\/schema.org","@graph":[{"@type":"WebPage","@id":"http:\/\/universofamilia.com\/zh_hk\/elecciones-en-todo-el-mundo-en-2025-tendencias-y-retos\/","url":"http:\/\/universofamilia.com\/zh_hk\/elecciones-en-todo-el-mundo-en-2025-tendencias-y-retos\/","name":"Elecciones en todo el mundo en 2025: tendencias y retos - Universo Fam\u00edlia","isPartOf":{"@id":"https:\/\/universofamilia.com\/el\/#website"},"primaryImageOfPage":{"@id":"http:\/\/universofamilia.com\/zh_hk\/elecciones-en-todo-el-mundo-en-2025-tendencias-y-retos\/#primaryimage"},"image":{"@id":"http:\/\/universofamilia.com\/zh_hk\/elecciones-en-todo-el-mundo-en-2025-tendencias-y-retos\/#primaryimage"},"thumbnailUrl":"http:\/\/universofamilia.com\/wp-content\/uploads\/sites\/148\/2025\/10\/Destaque-Novo-Universo-9.jpg","datePublished":"2025-10-16T18:39:54+00:00","dateModified":"2025-10-16T18:39:57+00:00","author":{"@id":"https:\/\/universofamilia.com\/el\/#\/schema\/person\/92fcd07e9b1f4323bf74f3170fc0f78a"},"description":"Desde el primer p\u00e1rrafo: Elecciones en todo el mundo en 2025: tendencias y retos no es solo un titular: implica una radiograf\u00eda viva de...","breadcrumb":{"@id":"http:\/\/universofamilia.com\/zh_hk\/elecciones-en-todo-el-mundo-en-2025-tendencias-y-retos\/#breadcrumb"},"inLanguage":"sk-SK","potentialAction":[{"@type":"ReadAction","target":["http:\/\/universofamilia.com\/zh_hk\/elecciones-en-todo-el-mundo-en-2025-tendencias-y-retos\/"]}]},{"@type":"ImageObject","inLanguage":"sk-SK","@id":"http:\/\/universofamilia.com\/zh_hk\/elecciones-en-todo-el-mundo-en-2025-tendencias-y-retos\/#primaryimage","url":"http:\/\/universofamilia.com\/wp-content\/uploads\/sites\/148\/2025\/10\/Destaque-Novo-Universo-9.jpg","contentUrl":"http:\/\/universofamilia.com\/wp-content\/uploads\/sites\/148\/2025\/10\/Destaque-Novo-Universo-9.jpg","width":450,"height":250},{"@type":"BreadcrumbList","@id":"http:\/\/universofamilia.com\/zh_hk\/elecciones-en-todo-el-mundo-en-2025-tendencias-y-retos\/#breadcrumb","itemListElement":[{"@type":"ListItem","position":1,"name":"Home","item":"https:\/\/universofamilia.com\/el\/"},{"@type":"ListItem","position":2,"name":"Elecciones en todo el mundo en 2025: tendencias y retos"}]},{"@type":"WebSite","@id":"https:\/\/universofamilia.com\/el\/#website","url":"https:\/\/universofamilia.com\/el\/","name":"Universo Fam\u00edlia","description":"","potentialAction":[{"@type":"SearchAction","target":{"@type":"EntryPoint","urlTemplate":"https:\/\/universofamilia.com\/el\/?s={search_term_string}"},"query-input":"required name=search_term_string"}],"inLanguage":"sk-SK"},{"@type":"Person","@id":"https:\/\/universofamilia.com\/el\/#\/schema\/person\/92fcd07e9b1f4323bf74f3170fc0f78a","name":"Matheus Sangaletti","image":{"@type":"ImageObject","inLanguage":"sk-SK","@id":"https:\/\/universofamilia.com\/el\/#\/schema\/person\/image\/","url":"http:\/\/2.gravatar.com\/avatar\/280ea957a14a48e6a1ad2133d2cc27c9?s=96&d=mm&r=g","contentUrl":"http:\/\/2.gravatar.com\/avatar\/280ea957a14a48e6a1ad2133d2cc27c9?s=96&d=mm&r=g","caption":"Matheus Sangaletti"},"url":"http:\/\/universofamilia.com\/sk\/author\/matheuss\/"}]}},"_links":{"self":[{"href":"http:\/\/universofamilia.com\/sk\/wp-json\/wp\/v2\/posts\/10165"}],"collection":[{"href":"http:\/\/universofamilia.com\/sk\/wp-json\/wp\/v2\/posts"}],"about":[{"href":"http:\/\/universofamilia.com\/sk\/wp-json\/wp\/v2\/types\/post"}],"author":[{"embeddable":true,"href":"http:\/\/universofamilia.com\/sk\/wp-json\/wp\/v2\/users\/219"}],"replies":[{"embeddable":true,"href":"http:\/\/universofamilia.com\/sk\/wp-json\/wp\/v2\/comments?post=10165"}],"version-history":[{"count":1,"href":"http:\/\/universofamilia.com\/sk\/wp-json\/wp\/v2\/posts\/10165\/revisions"}],"predecessor-version":[{"id":10169,"href":"http:\/\/universofamilia.com\/sk\/wp-json\/wp\/v2\/posts\/10165\/revisions\/10169"}],"wp:featuredmedia":[{"embeddable":true,"href":"http:\/\/universofamilia.com\/sk\/wp-json\/wp\/v2\/media\/10166"}],"wp:attachment":[{"href":"http:\/\/universofamilia.com\/sk\/wp-json\/wp\/v2\/media?parent=10165"}],"wp:term":[{"taxonomy":"category","embeddable":true,"href":"http:\/\/universofamilia.com\/sk\/wp-json\/wp\/v2\/categories?post=10165"},{"taxonomy":"post_tag","embeddable":true,"href":"http:\/\/universofamilia.com\/sk\/wp-json\/wp\/v2\/tags?post=10165"}],"curies":[{"name":"wp","href":"https:\/\/api.w.org\/{rel}","templated":true}]}}