{"id":10357,"date":"2025-11-20T19:32:48","date_gmt":"2025-11-20T22:32:48","guid":{"rendered":"https:\/\/universofamilia.com\/?p=10357"},"modified":"2025-11-20T19:32:51","modified_gmt":"2025-11-20T22:32:51","slug":"energias-renovables-en-el-mundo-avances-y-desafios-para-2030","status":"publish","type":"post","link":"http:\/\/universofamilia.com\/sk\/energias-renovables-en-el-mundo-avances-y-desafios-para-2030\/","title":{"rendered":"Obnovite\u013en\u00e9 zdroje energie vo svete: pokroky a v\u00fdzvy do roku 2030"},"content":{"rendered":"<p class=\"has-text-align-center\">Za\u010dnite \u00faprimn\u00fd rozhovor o <strong>Obnovite\u013en\u00e9 zdroje energie vo svete: pokroky a v\u00fdzvy do roku 2030<\/strong> To znamen\u00e1 predpoklada\u0165, \u017ee u\u017e nie s\u00fa futuristickou my\u0161lienkou, ale glob\u00e1lnou prioritou.<\/p>\n\n\n\n<figure class=\"wp-block-gallery aligncenter has-nested-images columns-default is-cropped wp-block-gallery-1 is-layout-flex wp-block-gallery-is-layout-flex\">\n<figure class=\"wp-block-image size-full\"><img loading=\"lazy\" decoding=\"async\" width=\"450\" height=\"250\" data-id=\"10359\" src=\"https:\/\/universofamilia.com\/wp-content\/uploads\/sites\/148\/2025\/11\/Destaque-Novo-Universo-6.jpg\" alt=\"\" class=\"wp-image-10359\" srcset=\"http:\/\/universofamilia.com\/wp-content\/uploads\/sites\/148\/2025\/11\/Destaque-Novo-Universo-6.jpg 450w, http:\/\/universofamilia.com\/wp-content\/uploads\/sites\/148\/2025\/11\/Destaque-Novo-Universo-6-300x167.jpg 300w, http:\/\/universofamilia.com\/wp-content\/uploads\/sites\/148\/2025\/11\/Destaque-Novo-Universo-6-18x10.jpg 18w\" sizes=\"(max-width: 450px) 100vw, 450px\" \/><figcaption class=\"wp-element-caption\">Canva<\/figcaption><\/figure>\n<\/figure>\n\n\n\n<p class=\"has-text-align-center\">Predt\u00fdm, ako sa do toho pust\u00edme hlb\u0161ie, stoj\u00ed za to si pre\u010d\u00edta\u0165 stru\u010dn\u00e9 zhrnutie.<\/p>\n\n\n\n<p class=\"has-text-align-center\">\u010co t\u00e1to transform\u00e1cia prin\u00e1\u0161a, jej najv\u00fdznamnej\u0161ie pokroky, pretrv\u00e1vaj\u00face prek\u00e1\u017eky, relevantn\u00e1 \u0161tatistika, dva aktu\u00e1lne pr\u00edklady, jasn\u00e1 anal\u00f3gia a tabu\u013eka, ktor\u00e1 sumarizuje v\u00fdh\u013ead do roku 2030.<\/p>\n\n\n\n<p class=\"has-text-align-center\">Ako sa napokon m\u00f4\u017eete spr\u00e1vne rozhodn\u00fa\u0165 bez pochopenia v\u00fdchodiskov\u00e9ho bodu?<\/p>\n\n\n\n<h2 class=\"wp-block-heading\"><strong>Energetick\u00e1 transform\u00e1cia, ktor\u00e1 nanovo definuje priority<\/strong><\/h2>\n\n\n\n<p>Pri diskusii o glob\u00e1lnom boome obnovite\u013en\u00fdch zdrojov energie sa vyn\u00e1ra jedna zjavn\u00e1 realita: vl\u00e1dy, spolo\u010dnosti a jednotlivci zr\u00fdch\u013euj\u00fa prechod na \u010distej\u0161ie technol\u00f3gie.<\/p>\n\n\n\n<p>Logika tohto hnutia nie je len environment\u00e1lna; reaguje aj na ekonomick\u00e9, soci\u00e1lne a geopolitick\u00e9 d\u00f4vody.<\/p>\n\n\n\n<p>Ka\u017ed\u00e1 krajina napreduje vlastn\u00fdm tempom, hoci v\u0161eobecn\u00fd trend smeruje k flexibilnej\u0161\u00edm a menej zne\u010dis\u0165uj\u00facim elektrick\u00fdm syst\u00e9mom, ktor\u00e9 s\u00fa schopn\u00e9 uspokoji\u0165 rast\u00faci dopyt.<\/p>\n\n\n\n<p>Najnov\u0161ia spr\u00e1va Medzin\u00e1rodnej energetickej agent\u00fary (IEA) potvrdila, \u017ee glob\u00e1lna kapacita sol\u00e1rnej a veternej energie prekro\u010dila v roku 2023 hranicu 90% v raste \u010distej in\u0161talovanej elektrickej kapacity, \u010do predstavuje zlomov\u00fd bod, ktor\u00fd ur\u010duje smerovanie do roku 2030.<\/p>\n\n\n\n<p>Tieto \u00fadaje odha\u013euj\u00fa transform\u00e1ciu, ktor\u00e1 u\u017e prebieha a ktor\u00e1 ovplyv\u0148uje invest\u00edcie, zamestnanos\u0165 a v\u00fdrobn\u00e9 \u0161trukt\u00fary.<\/p>\n\n\n\n<h2 class=\"wp-block-heading\"><strong>Sektor obnovite\u013en\u00fdch zdrojov energie ako hybn\u00e1 sila glob\u00e1lnej ekonomiky<\/strong><\/h2>\n\n\n\n<p>Roz\u0161\u00edrenie \u010distej energie nez\u00e1vis\u00ed len od environment\u00e1lnych presved\u010den\u00ed. Reaguje aj na \u010doraz konkuren\u010dnej\u0161ie n\u00e1klady.<\/p>\n\n\n\n<p>Napr\u00edklad sol\u00e1rna fotovoltaick\u00e1 energia sa stala najlacnej\u0161ou mo\u017enos\u0165ou v\u00fdroby elektriny vo viac ako 60 krajin\u00e1ch vr\u00e1tane nieko\u013ek\u00fdch latinskoamerick\u00fdch kraj\u00edn.<\/p>\n\n\n\n<p>Tento ekonomick\u00fd posun otvoril dvere nov\u00fdm obchodn\u00fdm modelom, pril\u00e1kal investorov a vytvoril hodnotov\u00e9 re\u0165azce, ktor\u00e9 pred nie\u010do vy\u0161e desiatimi rokmi neexistovali.<\/p>\n\n\n\n<p>Medzit\u00fdm sa vetern\u00e1 energia upevnila ako hlavn\u00fd pilier v regi\u00f3noch s vysokou dostupnos\u0165ou pr\u00edrodn\u00fdch zdrojov, od severn\u00e9ho Mexika a\u017e po atlantick\u00e9 pobre\u017eie Braz\u00edlie a ju\u017en\u00e9 \u0160panielsko.<\/p>\n\n\n\n<p>Tento scen\u00e1r ukazuje, \u017ee zelen\u00fd rast nie je obmedzen\u00fd len na rozvinut\u00e9 ekonomiky; stal sa aj pr\u00edle\u017eitos\u0165ou pre rozv\u00edjaj\u00face sa trhy, ktor\u00e9 sa sna\u017eia o v\u00e4\u010d\u0161iu energetick\u00fa nez\u00e1vislos\u0165.<\/p>\n\n\n\n<h2 class=\"wp-block-heading\"><strong>Poh\u013ead na technol\u00f3gie, ktor\u00e9 ved\u00fa transform\u00e1ciu<\/strong><\/h2>\n\n\n\n<p>V mest\u00e1ch sa s rast\u00facimi cenami elektriny zn\u00e1sobil po\u010det reziden\u010dn\u00fdch a komer\u010dn\u00fdch sol\u00e1rnych syst\u00e9mov.<\/p>\n\n\n\n<p>Medzit\u00fdm l\u00edtiov\u00e9 bat\u00e9rie, k\u013e\u00fa\u010dov\u00e9 pre skladovanie energie, zaznamenali za posledn\u00fdch desa\u0165 rokov pokles cien o viac ako 80%, \u010do umo\u017enilo dom\u00e1cnostiam a firm\u00e1m prija\u0165 spo\u013eahlivej\u0161ie hybridn\u00e9 rie\u0161enia.<\/p>\n\n\n\n<p>Vetern\u00e1 energia na mori tie\u017e silno napreduje, najm\u00e4 v Eur\u00f3pe a \u00c1zii.<\/p>\n\n\n\n<p>Hoci si jeho implement\u00e1cia vy\u017eaduje v\u00e4\u010d\u0161ie invest\u00edcie, pon\u00faka kon\u0161tantn\u00fa a vysokokapacitn\u00fa v\u00fdrobu, \u010do u\u013eah\u010duje nahradenie elektr\u00e1rn\u00ed na fos\u00edlne paliv\u00e1 bez z\u00e1vislosti od nepredv\u00eddate\u013en\u00fdch poveternostn\u00fdch podmienok.<\/p>\n\n\n\n<h2 class=\"wp-block-heading\"><strong>Anal\u00f3gia na vizualiz\u00e1ciu zmeny<\/strong><\/h2>\n\n\n\n<p>Predstavte si to ako v\u00fdvoj dopravn\u00e9ho syst\u00e9mu: po cel\u00e9 desa\u0165ro\u010dia svet fungoval iba s jedn\u00fdm druhom paliva.<\/p>\n\n\n\n<p>Dnes sa v\u0161ak pos\u00favame smerom k diverzifikovanej sieti, kde ka\u017ed\u00e1 technol\u00f3gia prin\u00e1\u0161a in\u00e9 v\u00fdhody.<\/p>\n\n\n\n<p>Niektor\u00e9 trasy s\u00fa r\u00fdchlej\u0161ie, in\u00e9 stabilnej\u0161ie a r\u00f4zne kombin\u00e1cie v\u00e1m umo\u017e\u0148uj\u00fa \u00eds\u0165 \u010falej s men\u0161\u00edm po\u010dtom zdrojov.<\/p>\n\n\n\n<p>Energetick\u00e1 transform\u00e1cia funguje podobn\u00fdm sp\u00f4sobom: viacero zdrojov spolupracuje na vybudovan\u00ed robustnej\u0161ieho syst\u00e9mu.<\/p>\n\n\n\n<h2 class=\"wp-block-heading\"><strong>Skuto\u010dn\u00e9 v\u00fdzvy, ktor\u00e9 br\u00e1nia pokroku smerom k roku 2030<\/strong><\/h2>\n\n\n\n<p>Hoci je pokrok nepopierate\u013en\u00fd, pretrv\u00e1vaj\u00fa aj bari\u00e9ry, ktor\u00e9 obmedzuj\u00fa rast obnovite\u013en\u00fdch zdrojov.<\/p>\n\n\n\n<p>Hlavn\u00fd probl\u00e9m spo\u010d\u00edva v elektrickej infra\u0161trukt\u00fare. Mnoh\u00e9 krajiny sa spoliehaj\u00fa na zastaran\u00e9 siete, ktor\u00e9 nie s\u00fa schopn\u00e9 mas\u00edvne integrova\u0165 preru\u0161ovan\u00e9 zdroje, ako je vetern\u00e1 alebo sol\u00e1rna energia.<\/p>\n\n\n\n<p>Moderniz\u00e1cia t\u00fdchto syst\u00e9mov si vy\u017eaduje invest\u00edcie, v\u00edziu a in\u0161titucion\u00e1lnu koordin\u00e1ciu.<\/p>\n\n\n\n<p>\u010eal\u0161ie obmedzenie sa t\u00fdka pr\u00edstupu ku kritick\u00fdm miner\u00e1lom.<\/p>\n\n\n\n<p>Dopyt po l\u00edtiu, niklu a medi sa v\u00fdrazne zv\u00fd\u0161i, aby sa uspokojil rozmach bat\u00e9ri\u00ed a zelen\u00fdch technol\u00f3gi\u00ed.<\/p>\n\n\n\n<p>Riadenie tejto \u0165a\u017eby spolo\u010densky a environment\u00e1lne zodpovedn\u00fdm sp\u00f4sobom sa stalo glob\u00e1lnou v\u00fdzvou.<\/p>\n\n\n\n<p>K tomu sa prid\u00e1va potreba profesionaliz\u00e1cie pracovnej sily.<\/p>\n\n\n\n<p>In\u017einieri, technici a \u0161pecializovan\u00ed oper\u00e1tori nie s\u00fa v\u017edy \u0161kolen\u00ed tempom, ktor\u00e9 vy\u017eaduje trh, preto nieko\u013eko kraj\u00edn pracuje na posilnen\u00ed vzdel\u00e1vac\u00edch programov s\u00favisiacich s energetick\u00fdm sektorom.<\/p>\n\n\n\n<h2 class=\"wp-block-heading\"><strong>Porovn\u00e1vacia tabu\u013eka: k\u013e\u00fa\u010dov\u00fd pokrok smerom k roku 2030<\/strong><\/h2>\n\n\n\n<figure class=\"wp-block-table\"><table><thead><tr><th>Regi\u00f3n \/ Ukazovate\u013e<\/th><th>Hlavn\u00e9 pokroky<\/th><th>Prevl\u00e1daj\u00face v\u00fdzvy<\/th><\/tr><\/thead><tbody><tr><td>Latinsk\u00e1 Amerika<\/td><td>Konkurencieschopn\u00fd potenci\u00e1l sol\u00e1rnej a veternej energie; rast\u00face hybridn\u00e9 projekty<\/td><td>Pre\u0165a\u017een\u00e9 elektrick\u00e9 siete; nekonzistentn\u00e9 regula\u010dn\u00e9 r\u00e1mce<\/td><\/tr><tr><td>Eur\u00f3pa<\/td><td>L\u00edder v oblasti veternej energie a skladovania energie na mori<\/td><td>Vysok\u00e9 n\u00e1klady na prechod; z\u00e1vislos\u0165 od dov\u00e1\u017ean\u00fdch nerastov<\/td><\/tr><tr><td>\u00c1zia<\/td><td>Zr\u00fdchlen\u00e9 roz\u0161irovanie sol\u00e1rnych panelov a bat\u00e9ri\u00ed<\/td><td>Zne\u010distenie miest a vysok\u00fd dopyt po energii<\/td><\/tr><tr><td>Severn\u00e1 Amerika<\/td><td>Da\u0148ov\u00e9 stimuly a technologick\u00fd rozvoj<\/td><td>Politick\u00e9 spory a oneskorenia infra\u0161trukt\u00fary<\/td><\/tr><\/tbody><\/table><figcaption class=\"wp-element-caption\">Obnovite\u013en\u00e9 zdroje energie vo svete: pokroky a v\u00fdzvy do roku 2030<\/figcaption><\/figure>\n\n\n\n<figure class=\"wp-block-gallery aligncenter has-nested-images columns-default is-cropped wp-block-gallery-2 is-layout-flex wp-block-gallery-is-layout-flex\">\n<figure class=\"wp-block-image size-full\"><img loading=\"lazy\" decoding=\"async\" width=\"450\" height=\"250\" data-id=\"10360\" src=\"https:\/\/universofamilia.com\/wp-content\/uploads\/sites\/148\/2025\/11\/Destaque-Novo-Universo-1-3.jpg\" alt=\"\" class=\"wp-image-10360\" srcset=\"http:\/\/universofamilia.com\/wp-content\/uploads\/sites\/148\/2025\/11\/Destaque-Novo-Universo-1-3.jpg 450w, http:\/\/universofamilia.com\/wp-content\/uploads\/sites\/148\/2025\/11\/Destaque-Novo-Universo-1-3-300x167.jpg 300w, http:\/\/universofamilia.com\/wp-content\/uploads\/sites\/148\/2025\/11\/Destaque-Novo-Universo-1-3-18x10.jpg 18w\" sizes=\"(max-width: 450px) 100vw, 450px\" \/><figcaption class=\"wp-element-caption\">Canva<\/figcaption><\/figure>\n<\/figure>\n\n\n\n<p>\u010c\u00edtajte viac:\u00a0<a href=\"http:\/\/universofamilia.com\/sk\/economia-mundial-en-2025-recesion-o-recuperacion\/\">Svetov\u00e1 ekonomika v roku 2025: Recesia alebo o\u017eivenie?<\/a><\/p>\n\n\n\n<h2 class=\"wp-block-heading\"><strong>Ako krajiny zr\u00fdch\u013euj\u00fa transform\u00e1ciu<\/strong><\/h2>\n\n\n\n<p>Na rie\u0161enie vy\u0161\u0161ie uveden\u00fdch v\u00fdziev r\u00f4zne vl\u00e1dy navrhli strat\u00e9gie, ktor\u00e9 sa sna\u017eia vyv\u00e1\u017ei\u0165 rast a udr\u017eate\u013enos\u0165.<\/p>\n\n\n\n<p>Niektor\u00e9 krajiny prijali ciele uhl\u00edkovej neutrality, \u010do podnietilo rozsiahle projekty v\u00fdroby energie z obnovite\u013en\u00fdch zdrojov.<\/p>\n\n\n\n<p>In\u00e9 posilnili da\u0148ov\u00e9 stimuly, \u010d\u00edm u\u013eah\u010dili dom\u00e1cnostiam in\u0161tal\u00e1ciu sol\u00e1rnych panelov alebo spolo\u010dnostiam prechod na obehov\u00e9 modely.<\/p>\n\n\n\n<p>Napr\u00edklad v Mexiku bola diskusia o energetickej transform\u00e1cii posilnen\u00e1 invest\u00edciami do sol\u00e1rnych a vetern\u00fdch elektr\u00e1rn\u00ed na severe krajiny.<\/p>\n\n\n\n<p>Hoci sa o regula\u010dnom r\u00e1mci st\u00e1le diskutuje, in\u0161talovan\u00e1 kapacita obnovite\u013en\u00fdch zdrojov energie na\u010falej rastie, najm\u00e4 v s\u00fakromn\u00fdch projektoch, ktor\u00e9 sa sna\u017eia zn\u00ed\u017ei\u0165 prev\u00e1dzkov\u00e9 n\u00e1klady.<\/p>\n\n\n\n<h2 class=\"wp-block-heading\"><strong>Pr\u00edklad 1: Integr\u00e1cia komunity vo vidieckych oblastiach<\/strong><\/h2>\n\n\n\n<p>V nieko\u013ek\u00fdch regi\u00f3noch Latinskej Ameriky izolovan\u00e9 komunity zav\u00e1dzaj\u00fa sol\u00e1rne mikrosiete, aby si zabezpe\u010dili st\u00e1ly pr\u00edstup k elektrine.<\/p>\n\n\n\n<p>Tento model zni\u017euje z\u00e1vislos\u0165 od dieselov\u00fdch gener\u00e1torov a umo\u017e\u0148uje \u0161kol\u00e1m, klinik\u00e1m a mal\u00fdm podnikom fungova\u0165 s v\u00e4\u010d\u0161ou stabilitou.<\/p>\n\n\n\n<p>Okrem toho mikrosiete podporuj\u00fa energetick\u00fa nez\u00e1vislos\u0165, \u010do je z\u00e1sadn\u00fd pr\u00ednos v oblastiach s n\u00edzkou verejnou infra\u0161trukt\u00farou.<\/p>\n\n\n\n<h2 class=\"wp-block-heading\"><strong>Pr\u00edklad 2: Vetern\u00e9 farmy ako priemyseln\u00fd motor<\/strong><\/h2>\n\n\n\n<p>V severnej Eur\u00f3pe rozmach veternej energie na mori podporil rozvoj priemyseln\u00fdch zoskupen\u00ed \u0161pecializuj\u00facich sa na turb\u00edny, podmorsk\u00e9 k\u00e1ble a logistick\u00e9 slu\u017eby.<\/p>\n\n\n\n<p>Mal\u00e9 a stredn\u00e9 podniky na\u0161li v tomto v\u00fdrobnom re\u0165azci pr\u00edle\u017eitosti, \u010do dokazuje, \u017ee energetick\u00e1 transform\u00e1cia m\u00f4\u017ee posilni\u0165 cel\u00e9 regi\u00f3ny a vytvori\u0165 udr\u017eate\u013en\u00e9 dlhodob\u00e9 pracovn\u00e9 miesta.<\/p>\n\n\n\n<h2 class=\"wp-block-heading\"><strong>Glob\u00e1lne pr\u00edle\u017eitosti do roku 2030<\/strong><\/h2>\n\n\n\n<p>Inov\u00e1cie bud\u00fa k\u013e\u00fa\u010dov\u00e9 pre dosiahnutie cie\u013eov v oblasti kl\u00edmy a roz\u0161\u00edrenie podielu \u010distej energie. Trval\u00fd rast sa o\u010dak\u00e1va v:<\/p>\n\n\n\n<p>Inteligentn\u00e9 siete schopn\u00e9 vyv\u00e1\u017ei\u0165 ponuku a dopyt.<\/p>\n\n\n\n<p>Zelen\u00e9 vod\u00edkov\u00e9 technol\u00f3gie pre priemyseln\u00e9 procesy.<\/p>\n\n\n\n<p>Zachyt\u00e1vanie a ukladanie uhl\u00edka v sektoroch, ktor\u00e9 je \u0165a\u017ek\u00e9 dekarbonizova\u0165.<\/p>\n\n\n\n<p>Hybridn\u00e9 syst\u00e9my, ktor\u00e9 integruj\u00fa bat\u00e9rie, panely a turb\u00edny v jednom priestore.<\/p>\n\n\n\n<p>Pokrok v t\u00fdchto rie\u0161eniach umo\u017en\u00ed, aby energetick\u00e1 transform\u00e1cia nez\u00e1visela od jedin\u00e9ho zdroja, ale od kompletn\u00e9ho ekosyst\u00e9mu schopn\u00e9ho reagova\u0165 na po\u017eiadavky bud\u00facnosti.<\/p>\n\n\n\n<h2 class=\"wp-block-heading\"><strong>Z\u00e1ver: jasn\u00e1 v\u00edzia mo\u017enej bud\u00facnosti<\/strong><\/h2>\n\n\n\n<p>Prem\u00fd\u0161\u013eajte o <strong>Obnovite\u013en\u00e9 zdroje energie vo svete: pokroky a v\u00fdzvy do roku 2030<\/strong> Ide o zamyslenie sa nad rozhodnutiami, ktor\u00e9 u\u017e teraz formuj\u00fa glob\u00e1lnu ekonomiku a blahobyt.<\/p>\n\n\n\n<p>Pr\u00edle\u017eitosti rast\u00fa, hoci si vy\u017eaduj\u00fa pl\u00e1novanie, invest\u00edcie a spolupr\u00e1cu.<\/p>\n\n\n\n<p>Prechod nebude homog\u00e9nny ani okam\u017eit\u00fd, ale postupuje r\u00fdchlos\u0165ou, ktor\u00e1 v dejin\u00e1ch energetiky predstavuje obdobie predt\u00fdm a potom.<\/p>\n\n\n\n<p>V\u00fdzvou nie je len vyr\u00e1ba\u0165 \u010dist\u00fa elektrinu, ale aj vybudova\u0165 syst\u00e9my schopn\u00e9 ju udr\u017eiava\u0165 po cel\u00e9 desa\u0165ro\u010dia.<\/p>\n\n\n\n<p>\u010c\u00edtajte viac:\u00a0<a href=\"http:\/\/universofamilia.com\/sk\/descubrimientos-cientificos-que-cambiaran-el-futuro\/\">Vedeck\u00e9 objavy, ktor\u00e9 zmenia bud\u00facnos\u0165<\/a><\/p>\n\n\n\n<h2 class=\"wp-block-heading\"><strong>\u010casto kladen\u00e9 ot\u00e1zky<\/strong><\/h2>\n\n\n\n<p><strong>Dok\u00e1\u017eu obnovite\u013en\u00e9 zdroje energie uspokoji\u0165 v\u0161etok glob\u00e1lny dopyt?<\/strong><\/p>\n\n\n\n<p><br>Zatia\u013e nie, hoci IEA predpoklad\u00e1, \u017ee viac ako 50% novej glob\u00e1lnej v\u00fdroby elektriny v roku 2030 bude poch\u00e1dza\u0165 z obnovite\u013en\u00fdch zdrojov.<\/p>\n\n\n\n<p>K\u013e\u00fa\u010dov\u00e1 bude technologick\u00e1 kombin\u00e1cia.<\/p>\n\n\n\n<p><strong>Je skladovanie energie dostato\u010dne spo\u013eahliv\u00e9?<\/strong><\/p>\n\n\n\n<p><br>\u00c1no, hoci sa to neust\u00e1le zlep\u0161uje. S\u00fa\u010dasn\u00e9 bat\u00e9rie pon\u00fakaj\u00fa dlh\u0161iu \u017eivotnos\u0165 a ni\u017e\u0161ie n\u00e1klady a nov\u00e9 vod\u00edkov\u00e9 syst\u00e9my by mohli t\u00fato schopnos\u0165 doplni\u0165.<\/p>\n\n\n\n<p><strong>Zvy\u0161uje energetick\u00e1 transform\u00e1cia ceny elektriny?<\/strong><\/p>\n\n\n\n<p><br>Z\u00e1le\u017e\u00ed to od krajiny. V mnoh\u00fdch pr\u00edpadoch obnovite\u013en\u00e9 zdroje energie zni\u017euj\u00fa n\u00e1klady v strednodobom horizonte, preto\u017ee si udr\u017eiavaj\u00fa stabilnej\u0161ie tarify v porovnan\u00ed s fos\u00edlnymi palivami.<\/p>\n\n\n\n<p><strong>M\u00f4\u017eu rozvojov\u00e9 krajiny r\u00fdchlo prija\u0165 \u010dist\u00fa energiu?<\/strong><\/p>\n\n\n\n<p><br>M\u00f4\u017eu to urobi\u0165, najm\u00e4 v regi\u00f3noch s vysok\u00fdm slne\u010dn\u00fdm \u017eiaren\u00edm alebo neust\u00e1lym vetrom. Musia v\u0161ak modernizova\u0165 siete a zavies\u0165 jasn\u00e9 regula\u010dn\u00e9 r\u00e1mce.<\/p>","protected":false},"excerpt":{"rendered":"<p>Za\u010datie \u00faprimnej diskusie o obnovite\u013enej energii na celom svete \u2013 pokrok a v\u00fdzvy do roku 2030 \u2013 znamen\u00e1 uzna\u0165, \u017ee u\u017e nejde o futuristick\u00fa my\u0161lienku, ale o glob\u00e1lnu prioritu. Pred hlb\u0161\u00edm presk\u00faman\u00edm je u\u017eito\u010dn\u00e9 stru\u010dn\u00e9 zhrnutie. \u010co tento prechod obn\u00e1\u0161a? Ak\u00e9 s\u00fa jeho najv\u00fdznamnej\u0161ie pokroky? Ak\u00e9 pretrv\u00e1vaj\u00face prek\u00e1\u017eky? Ak\u00e9 s\u00fa niektor\u00e9 relevantn\u00e9 \u0161tatistiky? Existuj\u00fa dva aktu\u00e1lne pr\u00edklady? [\u2026]<\/p>","protected":false},"author":219,"featured_media":10358,"comment_status":"closed","ping_status":"open","sticky":false,"template":"","format":"standard","meta":{"footnotes":""},"categories":[4],"tags":[],"yoast_head":"<!-- This site is optimized with the Yoast SEO plugin v23.3 - https:\/\/yoast.com\/wordpress\/plugins\/seo\/ -->\n<title>Energ\u00edas renovables en el mundo: avances y desaf\u00edos para 2030 - Universo Fam\u00edlia<\/title>\n<meta name=\"description\" content=\"Iniciar una conversaci\u00f3n honesta sobre Energ\u00edas renovables en el mundo: avances y desaf\u00edos para 2030 significa asumir que ya no son una...\" \/>\n<meta name=\"robots\" content=\"index, follow, max-snippet:-1, max-image-preview:large, max-video-preview:-1\" \/>\n<link rel=\"canonical\" href=\"http:\/\/universofamilia.com\/sk\/energias-renovables-en-el-mundo-avances-y-desafios-para-2030\/\" \/>\n<meta property=\"og:locale\" content=\"sk_SK\" \/>\n<meta property=\"og:type\" content=\"article\" \/>\n<meta property=\"og:title\" content=\"Energ\u00edas renovables en el mundo: avances y desaf\u00edos para 2030 - Universo Fam\u00edlia\" \/>\n<meta property=\"og:description\" content=\"Iniciar una conversaci\u00f3n honesta sobre Energ\u00edas renovables en el mundo: avances y desaf\u00edos para 2030 significa asumir que ya no son una...\" \/>\n<meta property=\"og:url\" content=\"http:\/\/universofamilia.com\/sk\/energias-renovables-en-el-mundo-avances-y-desafios-para-2030\/\" \/>\n<meta property=\"og:site_name\" content=\"Universo Fam\u00edlia\" \/>\n<meta property=\"article:published_time\" content=\"2025-11-20T22:32:48+00:00\" \/>\n<meta property=\"article:modified_time\" content=\"2025-11-20T22:32:51+00:00\" \/>\n<meta property=\"og:image\" content=\"http:\/\/universofamilia.com\/wp-content\/uploads\/sites\/148\/2025\/11\/Destaque-Novo-Universo-5.jpg\" \/>\n\t<meta property=\"og:image:width\" content=\"450\" \/>\n\t<meta property=\"og:image:height\" content=\"250\" \/>\n\t<meta property=\"og:image:type\" content=\"image\/jpeg\" \/>\n<meta name=\"author\" content=\"Matheus Sangaletti\" \/>\n<meta name=\"twitter:card\" content=\"summary_large_image\" \/>\n<meta name=\"twitter:label1\" content=\"Written by\" \/>\n\t<meta name=\"twitter:data1\" content=\"Matheus Sangaletti\" \/>\n\t<meta name=\"twitter:label2\" content=\"Est. reading time\" \/>\n\t<meta name=\"twitter:data2\" content=\"8 min\u00fat\" \/>\n<script type=\"application\/ld+json\" class=\"yoast-schema-graph\">{\"@context\":\"https:\/\/schema.org\",\"@graph\":[{\"@type\":\"WebPage\",\"@id\":\"http:\/\/universofamilia.com\/ar\/energias-renovables-en-el-mundo-avances-y-desafios-para-2030\/\",\"url\":\"http:\/\/universofamilia.com\/ar\/energias-renovables-en-el-mundo-avances-y-desafios-para-2030\/\",\"name\":\"Energ\u00edas renovables en el mundo: avances y desaf\u00edos para 2030 - Universo Fam\u00edlia\",\"isPartOf\":{\"@id\":\"https:\/\/universofamilia.com\/el\/#website\"},\"primaryImageOfPage\":{\"@id\":\"http:\/\/universofamilia.com\/ar\/energias-renovables-en-el-mundo-avances-y-desafios-para-2030\/#primaryimage\"},\"image\":{\"@id\":\"http:\/\/universofamilia.com\/ar\/energias-renovables-en-el-mundo-avances-y-desafios-para-2030\/#primaryimage\"},\"thumbnailUrl\":\"http:\/\/universofamilia.com\/wp-content\/uploads\/sites\/148\/2025\/11\/Destaque-Novo-Universo-5.jpg\",\"datePublished\":\"2025-11-20T22:32:48+00:00\",\"dateModified\":\"2025-11-20T22:32:51+00:00\",\"author\":{\"@id\":\"https:\/\/universofamilia.com\/el\/#\/schema\/person\/92fcd07e9b1f4323bf74f3170fc0f78a\"},\"description\":\"Iniciar una conversaci\u00f3n honesta sobre Energ\u00edas renovables en el mundo: avances y desaf\u00edos para 2030 significa asumir que ya no son una...\",\"breadcrumb\":{\"@id\":\"http:\/\/universofamilia.com\/ar\/energias-renovables-en-el-mundo-avances-y-desafios-para-2030\/#breadcrumb\"},\"inLanguage\":\"sk-SK\",\"potentialAction\":[{\"@type\":\"ReadAction\",\"target\":[\"http:\/\/universofamilia.com\/ar\/energias-renovables-en-el-mundo-avances-y-desafios-para-2030\/\"]}]},{\"@type\":\"ImageObject\",\"inLanguage\":\"sk-SK\",\"@id\":\"http:\/\/universofamilia.com\/ar\/energias-renovables-en-el-mundo-avances-y-desafios-para-2030\/#primaryimage\",\"url\":\"http:\/\/universofamilia.com\/wp-content\/uploads\/sites\/148\/2025\/11\/Destaque-Novo-Universo-5.jpg\",\"contentUrl\":\"http:\/\/universofamilia.com\/wp-content\/uploads\/sites\/148\/2025\/11\/Destaque-Novo-Universo-5.jpg\",\"width\":450,\"height\":250},{\"@type\":\"BreadcrumbList\",\"@id\":\"http:\/\/universofamilia.com\/ar\/energias-renovables-en-el-mundo-avances-y-desafios-para-2030\/#breadcrumb\",\"itemListElement\":[{\"@type\":\"ListItem\",\"position\":1,\"name\":\"Home\",\"item\":\"https:\/\/universofamilia.com\/el\/\"},{\"@type\":\"ListItem\",\"position\":2,\"name\":\"Energ\u00edas renovables en el mundo: avances y desaf\u00edos para 2030\"}]},{\"@type\":\"WebSite\",\"@id\":\"https:\/\/universofamilia.com\/el\/#website\",\"url\":\"https:\/\/universofamilia.com\/el\/\",\"name\":\"Universo Fam\u00edlia\",\"description\":\"\",\"potentialAction\":[{\"@type\":\"SearchAction\",\"target\":{\"@type\":\"EntryPoint\",\"urlTemplate\":\"https:\/\/universofamilia.com\/el\/?s={search_term_string}\"},\"query-input\":\"required name=search_term_string\"}],\"inLanguage\":\"sk-SK\"},{\"@type\":\"Person\",\"@id\":\"https:\/\/universofamilia.com\/el\/#\/schema\/person\/92fcd07e9b1f4323bf74f3170fc0f78a\",\"name\":\"Matheus Sangaletti\",\"image\":{\"@type\":\"ImageObject\",\"inLanguage\":\"sk-SK\",\"@id\":\"https:\/\/universofamilia.com\/el\/#\/schema\/person\/image\/\",\"url\":\"http:\/\/2.gravatar.com\/avatar\/280ea957a14a48e6a1ad2133d2cc27c9?s=96&d=mm&r=g\",\"contentUrl\":\"http:\/\/2.gravatar.com\/avatar\/280ea957a14a48e6a1ad2133d2cc27c9?s=96&d=mm&r=g\",\"caption\":\"Matheus Sangaletti\"},\"url\":\"http:\/\/universofamilia.com\/sk\/author\/matheuss\/\"}]}<\/script>\n<!-- \/ Yoast SEO plugin. -->","yoast_head_json":{"title":"Energ\u00edas renovables en el mundo: avances y desaf\u00edos para 2030 - Universo Fam\u00edlia","description":"Iniciar una conversaci\u00f3n honesta sobre Energ\u00edas renovables en el mundo: avances y desaf\u00edos para 2030 significa asumir que ya no son una...","robots":{"index":"index","follow":"follow","max-snippet":"max-snippet:-1","max-image-preview":"max-image-preview:large","max-video-preview":"max-video-preview:-1"},"canonical":"http:\/\/universofamilia.com\/sk\/energias-renovables-en-el-mundo-avances-y-desafios-para-2030\/","og_locale":"sk_SK","og_type":"article","og_title":"Energ\u00edas renovables en el mundo: avances y desaf\u00edos para 2030 - Universo Fam\u00edlia","og_description":"Iniciar una conversaci\u00f3n honesta sobre Energ\u00edas renovables en el mundo: avances y desaf\u00edos para 2030 significa asumir que ya no son una...","og_url":"http:\/\/universofamilia.com\/sk\/energias-renovables-en-el-mundo-avances-y-desafios-para-2030\/","og_site_name":"Universo Fam\u00edlia","article_published_time":"2025-11-20T22:32:48+00:00","article_modified_time":"2025-11-20T22:32:51+00:00","og_image":[{"width":450,"height":250,"url":"http:\/\/universofamilia.com\/wp-content\/uploads\/sites\/148\/2025\/11\/Destaque-Novo-Universo-5.jpg","type":"image\/jpeg"}],"author":"Matheus Sangaletti","twitter_card":"summary_large_image","twitter_misc":{"Written by":"Matheus Sangaletti","Est. reading time":"8 min\u00fat"},"schema":{"@context":"https:\/\/schema.org","@graph":[{"@type":"WebPage","@id":"http:\/\/universofamilia.com\/ar\/energias-renovables-en-el-mundo-avances-y-desafios-para-2030\/","url":"http:\/\/universofamilia.com\/ar\/energias-renovables-en-el-mundo-avances-y-desafios-para-2030\/","name":"Energ\u00edas renovables en el mundo: avances y desaf\u00edos para 2030 - Universo Fam\u00edlia","isPartOf":{"@id":"https:\/\/universofamilia.com\/el\/#website"},"primaryImageOfPage":{"@id":"http:\/\/universofamilia.com\/ar\/energias-renovables-en-el-mundo-avances-y-desafios-para-2030\/#primaryimage"},"image":{"@id":"http:\/\/universofamilia.com\/ar\/energias-renovables-en-el-mundo-avances-y-desafios-para-2030\/#primaryimage"},"thumbnailUrl":"http:\/\/universofamilia.com\/wp-content\/uploads\/sites\/148\/2025\/11\/Destaque-Novo-Universo-5.jpg","datePublished":"2025-11-20T22:32:48+00:00","dateModified":"2025-11-20T22:32:51+00:00","author":{"@id":"https:\/\/universofamilia.com\/el\/#\/schema\/person\/92fcd07e9b1f4323bf74f3170fc0f78a"},"description":"Iniciar una conversaci\u00f3n honesta sobre Energ\u00edas renovables en el mundo: avances y desaf\u00edos para 2030 significa asumir que ya no son una...","breadcrumb":{"@id":"http:\/\/universofamilia.com\/ar\/energias-renovables-en-el-mundo-avances-y-desafios-para-2030\/#breadcrumb"},"inLanguage":"sk-SK","potentialAction":[{"@type":"ReadAction","target":["http:\/\/universofamilia.com\/ar\/energias-renovables-en-el-mundo-avances-y-desafios-para-2030\/"]}]},{"@type":"ImageObject","inLanguage":"sk-SK","@id":"http:\/\/universofamilia.com\/ar\/energias-renovables-en-el-mundo-avances-y-desafios-para-2030\/#primaryimage","url":"http:\/\/universofamilia.com\/wp-content\/uploads\/sites\/148\/2025\/11\/Destaque-Novo-Universo-5.jpg","contentUrl":"http:\/\/universofamilia.com\/wp-content\/uploads\/sites\/148\/2025\/11\/Destaque-Novo-Universo-5.jpg","width":450,"height":250},{"@type":"BreadcrumbList","@id":"http:\/\/universofamilia.com\/ar\/energias-renovables-en-el-mundo-avances-y-desafios-para-2030\/#breadcrumb","itemListElement":[{"@type":"ListItem","position":1,"name":"Home","item":"https:\/\/universofamilia.com\/el\/"},{"@type":"ListItem","position":2,"name":"Energ\u00edas renovables en el mundo: avances y desaf\u00edos para 2030"}]},{"@type":"WebSite","@id":"https:\/\/universofamilia.com\/el\/#website","url":"https:\/\/universofamilia.com\/el\/","name":"Universo Fam\u00edlia","description":"","potentialAction":[{"@type":"SearchAction","target":{"@type":"EntryPoint","urlTemplate":"https:\/\/universofamilia.com\/el\/?s={search_term_string}"},"query-input":"required name=search_term_string"}],"inLanguage":"sk-SK"},{"@type":"Person","@id":"https:\/\/universofamilia.com\/el\/#\/schema\/person\/92fcd07e9b1f4323bf74f3170fc0f78a","name":"Matheus Sangaletti","image":{"@type":"ImageObject","inLanguage":"sk-SK","@id":"https:\/\/universofamilia.com\/el\/#\/schema\/person\/image\/","url":"http:\/\/2.gravatar.com\/avatar\/280ea957a14a48e6a1ad2133d2cc27c9?s=96&d=mm&r=g","contentUrl":"http:\/\/2.gravatar.com\/avatar\/280ea957a14a48e6a1ad2133d2cc27c9?s=96&d=mm&r=g","caption":"Matheus Sangaletti"},"url":"http:\/\/universofamilia.com\/sk\/author\/matheuss\/"}]}},"_links":{"self":[{"href":"http:\/\/universofamilia.com\/sk\/wp-json\/wp\/v2\/posts\/10357"}],"collection":[{"href":"http:\/\/universofamilia.com\/sk\/wp-json\/wp\/v2\/posts"}],"about":[{"href":"http:\/\/universofamilia.com\/sk\/wp-json\/wp\/v2\/types\/post"}],"author":[{"embeddable":true,"href":"http:\/\/universofamilia.com\/sk\/wp-json\/wp\/v2\/users\/219"}],"replies":[{"embeddable":true,"href":"http:\/\/universofamilia.com\/sk\/wp-json\/wp\/v2\/comments?post=10357"}],"version-history":[{"count":1,"href":"http:\/\/universofamilia.com\/sk\/wp-json\/wp\/v2\/posts\/10357\/revisions"}],"predecessor-version":[{"id":10361,"href":"http:\/\/universofamilia.com\/sk\/wp-json\/wp\/v2\/posts\/10357\/revisions\/10361"}],"wp:featuredmedia":[{"embeddable":true,"href":"http:\/\/universofamilia.com\/sk\/wp-json\/wp\/v2\/media\/10358"}],"wp:attachment":[{"href":"http:\/\/universofamilia.com\/sk\/wp-json\/wp\/v2\/media?parent=10357"}],"wp:term":[{"taxonomy":"category","embeddable":true,"href":"http:\/\/universofamilia.com\/sk\/wp-json\/wp\/v2\/categories?post=10357"},{"taxonomy":"post_tag","embeddable":true,"href":"http:\/\/universofamilia.com\/sk\/wp-json\/wp\/v2\/tags?post=10357"}],"curies":[{"name":"wp","href":"https:\/\/api.w.org\/{rel}","templated":true}]}}