{"id":10390,"date":"2025-11-21T16:03:00","date_gmt":"2025-11-21T19:03:00","guid":{"rendered":"https:\/\/universofamilia.com\/?p=10390"},"modified":"2025-11-21T16:03:03","modified_gmt":"2025-11-21T19:03:03","slug":"paises-lideres-en-energia-solar-y-eolica","status":"publish","type":"post","link":"http:\/\/universofamilia.com\/sk\/paises-lideres-en-energia-solar-y-eolica\/","title":{"rendered":"Ved\u00face krajiny v oblasti sol\u00e1rnej a veternej energie"},"content":{"rendered":"<p class=\"has-text-align-center\">Vo svete, ktor\u00fd sa sna\u017e\u00ed ur\u00fdchli\u0165 prechod na \u010dist\u00e9 a udr\u017eate\u013en\u00e9 zdroje energie, <strong>popredn\u00e9 krajiny v oblasti sol\u00e1rnej a veternej energie<\/strong> St\u00e1vaj\u00fa sa in\u0161pirat\u00edvnymi vzormi.<\/p>\n\n\n\n<figure class=\"wp-block-gallery aligncenter has-nested-images columns-default is-cropped wp-block-gallery-1 is-layout-flex wp-block-gallery-is-layout-flex\">\n<figure class=\"wp-block-image size-full\"><img loading=\"lazy\" decoding=\"async\" width=\"450\" height=\"250\" data-id=\"10392\" src=\"https:\/\/universofamilia.com\/wp-content\/uploads\/sites\/148\/2025\/11\/Destaque-Novo-Universo-2-4.jpg\" alt=\"\" class=\"wp-image-10392\" srcset=\"http:\/\/universofamilia.com\/wp-content\/uploads\/sites\/148\/2025\/11\/Destaque-Novo-Universo-2-4.jpg 450w, http:\/\/universofamilia.com\/wp-content\/uploads\/sites\/148\/2025\/11\/Destaque-Novo-Universo-2-4-300x167.jpg 300w, http:\/\/universofamilia.com\/wp-content\/uploads\/sites\/148\/2025\/11\/Destaque-Novo-Universo-2-4-18x10.jpg 18w\" sizes=\"(max-width: 450px) 100vw, 450px\" \/><figcaption class=\"wp-element-caption\">Canva<\/figcaption><\/figure>\n<\/figure>\n\n\n\n<p class=\"has-text-align-center\">Tento \u010dl\u00e1nok sk\u00fama, ktor\u00e9 krajiny s\u00fa to, ako dosiahli svoju poz\u00edciu, ak\u00e9 strat\u00e9gie pou\u017e\u00edvaj\u00fa a pre\u010do je ich pokrok z\u00e1sadn\u00fd pre energetick\u00fa bud\u00facnos\u0165.<\/p>\n\n\n\n<p>Tu je stru\u010dn\u00e9 zhrnutie:<\/p>\n\n\n\n<p><strong>Zhrnutie:<\/strong><\/p>\n\n\n\n<p>Glob\u00e1lny preh\u013ead o sol\u00e1rnej a veternej energii<\/p>\n\n\n\n<p>Ved\u00face krajiny<\/p>\n\n\n\n<p>Be\u017en\u00e9 faktory \u00faspechu a strat\u00e9gie<\/p>\n\n\n\n<p>V\u00fdzvy, ktor\u00fdm \u010delia<\/p>\n\n\n\n<p>\u010co sa od nich m\u00f4\u017eeme nau\u010di\u0165?<\/p>\n\n\n\n<p>\u010casto kladen\u00e9 ot\u00e1zky<\/p>\n\n\n\n<h2 class=\"wp-block-heading\">Glob\u00e1lny preh\u013ead: revol\u00facia v oblasti obnovite\u013en\u00fdch zdrojov energie<\/h2>\n\n\n\n<p>Dopyt po \u010distej elektrine nebol nikdy vy\u0161\u0161\u00ed.<\/p>\n\n\n\n<p>V roku 2024 svet pridal <strong>550 GW<\/strong> novej sol\u00e1rnej fotovoltaickej kapacity, ktor\u00e1 zv\u00fd\u0161ila glob\u00e1lnu in\u0161talovan\u00fa kapacitu na pribli\u017ene <strong>2,2 TW<\/strong>, pod\u013ea Medzin\u00e1rodnej energetickej agent\u00fary.<\/p>\n\n\n\n<p><br>Okrem toho, vetern\u00e1 energia za\u017eila v roku 2023 rekordn\u00fd rok, ke\u010f <strong>116 GW<\/strong> \u010fal\u0161ie nain\u0161talovan\u00e9, pod\u013ea spr\u00e1vy Glob\u00e1lnej rady pre vetern\u00fa energiu.<\/p>\n\n\n\n<p>Tieto \u010d\u00edsla zd\u00f4raz\u0148uj\u00fa jasn\u00fd trend: rast obnovite\u013en\u00fdch zdrojov energie, najm\u00e4 slne\u010dnej a veternej energie, dosahuje neb\u00fdval\u00fd rozsah.<\/p>\n\n\n\n<h2 class=\"wp-block-heading\">Kto s\u00fa <strong>popredn\u00e9 krajiny v oblasti sol\u00e1rnej a veternej energie<\/strong>?<\/h2>\n\n\n\n<p>Tu vyzdvihujeme niektor\u00e9 z hlavn\u00fdch n\u00e1rodov:<\/p>\n\n\n\n<h3 class=\"wp-block-heading\">1. <strong>\u010c\u00edna<\/strong><\/h3>\n\n\n\n<p>\u010c\u00edna jednozna\u010dne vedie v oboch zdrojoch.<\/p>\n\n\n\n<p>V pr\u00edpade sol\u00e1rnej energie dosiahla jej in\u0161talovan\u00e1 kapacita <strong>887,930 MW<\/strong> do konca roka 2024.<\/p>\n\n\n\n<p>Vo veternej energii to prid\u00e1va <strong>521,746 MW<\/strong> nain\u0161talovan\u00fdch turb\u00edn, \u010do ho rad\u00ed na miesto krajiny s najv\u00e4\u010d\u0161\u00edm po\u010dtom nain\u0161talovan\u00fdch elektr\u00e1rn\u00ed na svete.<\/p>\n\n\n\n<p>Okrem toho, pod\u013ea Global Energy Monitor, takmer <strong>74 % v\u0161etk\u00fdch sol\u00e1rnych a vetern\u00fdch projektov vo v\u00fdstavbe na celom svete<\/strong> S\u00fa v \u010c\u00edne.<\/p>\n\n\n\n<p>Rozsah ich z\u00e1v\u00e4zku je porovnate\u013en\u00fd s v\u00fdstavbou stoviek jadrov\u00fdch elektr\u00e1rn\u00ed rok \u010do rok.<\/p>\n\n\n\n<p>Toto porovnanie znie ako anal\u00f3gia:<\/p>\n\n\n\n<p>Je to, akoby \u00e1zijsk\u00fd gigant budoval \u201eenergetick\u00fa arm\u00e1du\u201c zlo\u017een\u00fa z panelov a turb\u00edn a nahradil star\u00fdch vojakov z fos\u00edlnych pal\u00edv obnovite\u013en\u00fdmi silami.<\/p>\n\n\n\n<h3 class=\"wp-block-heading\">2. <strong>USA<\/strong><\/h3>\n\n\n\n<p>M\u00e1 okolo <strong>177 470 MW<\/strong> in\u0161talovanej sol\u00e1rnej kapacity.<\/p>\n\n\n\n<p>Vo veternej energii to predstavuje ur\u010dit\u00fa <strong>153,152 MW<\/strong> pod\u013ea \u00fadajov z roku 2024.<\/p>\n\n\n\n<p>Hoci rast veternej energie bol v poslednom \u010dase miernej\u0161\u00ed, zost\u00e1va k\u013e\u00fa\u010dovou silou v transform\u00e1cii.<\/p>\n\n\n\n<h3 class=\"wp-block-heading\">3. <strong>India<\/strong><\/h3>\n\n\n\n<p>Nain\u0161talovan\u00e9 <strong>97,384 MW<\/strong> sol\u00e1rna kapacita pod\u013ea najnov\u0161\u00edch \u00fadajov.<\/p>\n\n\n\n<p>V oblasti veternej energie tie\u017e do\u0161lo k rastu: pod\u013ea spr\u00e1v spolo\u010dnosti Visual Capitalist a energetick\u00fdch spr\u00e1v je jednou z piatich kraj\u00edn s celkovou kapacitou.<\/p>\n\n\n\n<p>Pod\u013ea Embera India v roku 2024 v skuto\u010dnosti prekonala Nemecko ako kombinovan\u00fd v\u00fdrobca sol\u00e1rnej a veternej energie.<\/p>\n\n\n\n<h3 class=\"wp-block-heading\">4. <strong>Nemecko<\/strong><\/h3>\n\n\n\n<p>M\u00e1 <strong>89,943 MW<\/strong> sol\u00e1rnych elektr\u00e1rn\u00ed nain\u0161talovan\u00fdch koncom roka 2024.<\/p>\n\n\n\n<p>V oblasti veternej energie patr\u00ed Nemecko tie\u017e medzi l\u00eddrov s viac ako <strong>70 000 MW<\/strong>. <\/p>\n\n\n\n<p>Jeho ved\u00face postavenie v Eur\u00f3pe je v\u00fdsledkom priazniv\u00fdch polit\u00edk, podporn\u00fdch syst\u00e9mov a vysok\u00e9ho spolo\u010densk\u00e9ho z\u00e1v\u00e4zku k energetickej transform\u00e1cii.<\/p>\n\n\n\n<h3 class=\"wp-block-heading\">5. <strong>Braz\u00edlia<\/strong><\/h3>\n\n\n\n<p>Spr\u00e1vy ukazuj\u00fa, \u017ee Braz\u00edlia zaznamenala v\u00fdrazn\u00fd n\u00e1rast v oblasti sol\u00e1rnej energie <strong>53,113 MW<\/strong> nain\u0161talovan\u00fd.<\/p>\n\n\n\n<p>V oblasti veternej energie dosahuje tie\u017e v\u00fdrazn\u00fd pokrok, najm\u00e4 v severov\u00fdchodnom regi\u00f3ne, kde s\u00fa vetern\u00e9 podmienky ve\u013emi priazniv\u00e9.<\/p>\n\n\n\n<h3 class=\"wp-block-heading\">Porovn\u00e1vacia tabu\u013eka in\u0161talovan\u00e9ho v\u00fdkonu (sol\u00e1rna a vetern\u00e1 energia, pribli\u017en\u00fd rok 2024)<\/h3>\n\n\n\n<figure class=\"wp-block-table\"><table><thead><tr><th>Krajina<\/th><th>Sol\u00e1rny v\u00fdkon (MW)<\/th><th>Kapacita veternej energie (MW)<\/th><\/tr><\/thead><tbody><tr><td>\u010c\u00edna<\/td><td>887 930<\/td><td>521 746<\/td><\/tr><tr><td>USA<\/td><td>177 470<\/td><td>153 152<\/td><\/tr><tr><td>India<\/td><td>97 384<\/td><td>~45 000 <em>pod\u013ea historick\u00e9ho rastu<\/em><\/td><\/tr><tr><td>Nemecko<\/td><td>89 943<\/td><td>72 823<\/td><\/tr><tr><td>Braz\u00edlia<\/td><td>53 113<\/td><td>32 959<\/td><\/tr><\/tbody><\/table><figcaption class=\"wp-element-caption\">Ved\u00face krajiny v oblasti sol\u00e1rnej a veternej energie<\/figcaption><\/figure>\n\n\n\n<figure class=\"wp-block-gallery aligncenter has-nested-images columns-default is-cropped wp-block-gallery-2 is-layout-flex wp-block-gallery-is-layout-flex\">\n<figure class=\"wp-block-image size-full\"><img loading=\"lazy\" decoding=\"async\" width=\"450\" height=\"250\" data-id=\"10393\" src=\"https:\/\/universofamilia.com\/wp-content\/uploads\/sites\/148\/2025\/11\/Destaque-Novo-Universo-3-2.jpg\" alt=\"\" class=\"wp-image-10393\" srcset=\"http:\/\/universofamilia.com\/wp-content\/uploads\/sites\/148\/2025\/11\/Destaque-Novo-Universo-3-2.jpg 450w, http:\/\/universofamilia.com\/wp-content\/uploads\/sites\/148\/2025\/11\/Destaque-Novo-Universo-3-2-300x167.jpg 300w, http:\/\/universofamilia.com\/wp-content\/uploads\/sites\/148\/2025\/11\/Destaque-Novo-Universo-3-2-18x10.jpg 18w\" sizes=\"(max-width: 450px) 100vw, 450px\" \/><figcaption class=\"wp-element-caption\">Canva<\/figcaption><\/figure>\n<\/figure>\n\n\n\n<p>\u010c\u00edtajte viac:\u00a0<a href=\"http:\/\/universofamilia.com\/sk\/descubrimientos-cientificos-que-cambiaran-el-futuro\/\">Vedeck\u00e9 objavy, ktor\u00e9 zmenia bud\u00facnos\u0165<\/a><\/p>\n\n\n\n<h2 class=\"wp-block-heading\">\u010co ich rob\u00ed tak\u00fdmi \u00faspe\u0161n\u00fdmi? Faktory \u00faspechu<\/h2>\n\n\n\n<p>Pri anal\u00fdze t\u00fdchto <strong>popredn\u00e9 krajiny v oblasti sol\u00e1rnej a veternej energie<\/strong>Existuje nieko\u013eko spolo\u010dn\u00fdch faktorov, ktor\u00e9 vysvet\u013euj\u00fa ich \u00faspech:<\/p>\n\n\n\n<p><strong>Ambici\u00f3zne invest\u00edcie<\/strong><\/p>\n\n\n\n<p>Napr\u00edklad \u010c\u00edna nielen\u017ee stavia vo ve\u013ekom meradle, ale rob\u00ed to ve\u013emi r\u00fdchlo a u\u017e v roku 2024 prekon\u00e1va ciele stanoven\u00e9 na rok 2030. <\/p>\n\n\n\n<p><strong>Podporn\u00e9 politiky a jasn\u00e9 predpisy<\/strong><\/p>\n\n\n\n<p>Nemecko a Spojen\u00e9 \u0161t\u00e1ty zaviedli stimuly, aukcie obnovite\u013en\u00fdch zdrojov energie a pr\u00e1vne r\u00e1mce, ktor\u00e9 podporuj\u00fa \u00fa\u010das\u0165 s\u00fakromn\u00e9ho sektora.<\/p>\n\n\n\n<p><strong>Technologick\u00e1 infra\u0161trukt\u00fara<\/strong><\/p>\n\n\n\n<p>V\u00fdstavba tov\u00e1rn\u00ed na sol\u00e1rne panely a vetern\u00e9 turb\u00edny v spojen\u00ed s efekt\u00edvnymi prenosov\u00fdmi sie\u0165ami umo\u017e\u0148uje r\u00fdchle nasadenie kapac\u00edt:<\/p>\n\n\n\n<p>\u010c\u00edna dokonca vyr\u00e1ba ve\u013ek\u00fa \u010das\u0165 zariaden\u00ed in\u0161talovan\u00fdch na celom svete.<\/p>\n\n\n\n<p><strong>Soci\u00e1lny a environment\u00e1lny z\u00e1v\u00e4zok<\/strong><\/p>\n\n\n\n<p>V mnoh\u00fdch pr\u00edpadoch spolo\u010dnosti a vl\u00e1dy ch\u00e1pu, \u017ee transform\u00e1cia nie je len o energii, ale aj o n\u00e1stroji na dosiahnutie prosperity, energetickej nez\u00e1vislosti a odolnosti vo\u010di zmene kl\u00edmy.<\/p>\n\n\n\n<h2 class=\"wp-block-heading\">V\u00fdzvy na obzore<\/h2>\n\n\n\n<p>Napriek svojmu ved\u00facemu postaveniu \u010delia tieto krajiny aj zlo\u017eit\u00fdm v\u00fdzvam:<\/p>\n\n\n\n<p><strong>Integr\u00e1cia do elektrickej siete<\/strong>Nasadenie gigawattov je jedna vec; zabezpe\u010denie efekt\u00edvnej distrib\u00facie a skladovania tejto energie je vec druh\u00e1.<\/p>\n\n\n\n<p><strong>Variabilita kl\u00edmy<\/strong>Slnko aj vietor kol\u00ed\u0161u, \u010do si vy\u017eaduje rie\u0161enia, ako je mas\u00edvne skladovanie alebo integr\u00e1cia s in\u00fdmi \u010dist\u00fdmi zdrojmi.<\/p>\n\n\n\n<p><strong>Soci\u00e1lna akcept\u00e1cia<\/strong>Nie je v\u017edy jednoduch\u00e9 budova\u0165 ve\u013ek\u00e9 projekty v oblasti obnovite\u013enej energie; m\u00f4\u017ee existova\u0165 miestny odpor kv\u00f4li vyu\u017e\u00edvaniu p\u00f4dy, krajinn\u00fdm zmen\u00e1m a vplyvu na \u017eivotn\u00e9 prostredie.<\/p>\n\n\n\n<p><strong>Dlhodob\u00e9 financovanie<\/strong>V\u00fdstavba je drah\u00e1, ale udr\u017eiavanie prev\u00e1dzky, \u00fadr\u017eba a moderniz\u00e1cia si tie\u017e vy\u017eaduj\u00fa priebe\u017en\u00fd kapit\u00e1l.<\/p>\n\n\n\n<h2 class=\"wp-block-heading\">Ak\u00e9 ponau\u010denia si m\u00f4\u017eeme vzia\u0165 od in\u00fdch kraj\u00edn alebo spolo\u010dnost\u00ed?<\/h2>\n\n\n\n<p><strong>Dlhodob\u00e1 v\u00edzia:<\/strong> L\u00eddri sa premietaj\u00fa desa\u0165ro\u010dia do bud\u00facnosti; ich z\u00e1v\u00e4zok nie je do\u010dasn\u00fd.<\/p>\n\n\n\n<p><strong>Diverzifik\u00e1cia obnovite\u013en\u00fdch zdrojov:<\/strong> Kombin\u00e1cia slne\u010dnej a veternej energie umo\u017e\u0148uje vyv\u00e1\u017een\u00fa v\u00fdrobu energie.<\/p>\n\n\n\n<p><strong>Invest\u00edcie do \u013eud\u00ed a technol\u00f3gi\u00ed:<\/strong> Nejde len o panely alebo turb\u00edny, ale o odborn\u00edkov, v\u00fdskum, infra\u0161trukt\u00faru a hodnotov\u00fd re\u0165azec.<\/p>\n\n\n\n<p><strong>Medzin\u00e1rodn\u00e1 spolupr\u00e1ca:<\/strong> Spolupr\u00e1ca s in\u00fdmi krajinami pri zdie\u013ean\u00ed technol\u00f3gi\u00ed, financovania a znalost\u00ed ur\u00fdch\u013euje spolo\u010dn\u00fd pokrok.<\/p>\n\n\n\n<p>Napr\u00edklad mal\u00e1 krajina s dostatkom slne\u010dn\u00e9ho svitu, ale bez rozvinut\u00fdch technologick\u00fdch kapac\u00edt, by sa mohla spoji\u0165 s l\u00eddrom, ako je \u010c\u00edna alebo Nemecko, s cie\u013eom ur\u00fdchli\u0165 zav\u00e1dzanie vlastnej obnovite\u013enej energie (prv\u00fd origin\u00e1lny pr\u00edklad).<\/p>\n\n\n\n<p>\u010eal\u0161\u00ed pr\u00edklad: priemyseln\u00e9 mesto by mohlo kombinova\u0165 stre\u0161n\u00e9 sol\u00e1rne parky s mestsk\u00fdmi vetern\u00fdmi farmami, \u010d\u00edm by napodob\u0148ovalo zmie\u0161an\u00fd model najvyspelej\u0161\u00edch kraj\u00edn (druh\u00fd p\u00f4vodn\u00fd pr\u00edklad).<\/p>\n\n\n\n<h2 class=\"wp-block-heading\">Anal\u00f3gia na pochopenie jej vplyvu<\/h2>\n\n\n\n<p>Predstavte si ve\u013ek\u00fd symfonick\u00fd orchester. Ka\u017ed\u00fd n\u00e1stroj znie mocne s\u00e1m o sebe, ale ke\u010f v\u0161etky hraj\u00fa spolu pod veden\u00edm vizion\u00e1rskeho dirigenta, hudba sa vzn\u00e1\u0161a.<\/p>\n\n\n\n<p>Podobne aj <strong>popredn\u00e9 krajiny v oblasti sol\u00e1rnej a veternej energie<\/strong> Vytv\u00e1raj\u00fa energick\u00fa symf\u00f3niu:<\/p>\n\n\n\n<p>Sol\u00e1rne panely, vetern\u00e9 turb\u00edny, inteligentn\u00e9 siete a \u00falo\u017eisk\u00e1, to v\u0161etko je koordinovan\u00e9 tak, aby vytv\u00e1ralo \u010dist\u00fa harm\u00f3niu, ktor\u00fa na\u0161a plan\u00e9ta potrebuje.<\/p>\n\n\n\n<h2 class=\"wp-block-heading\">R\u00e9torick\u00e1 ot\u00e1zka na zamyslenie<\/h2>\n\n\n\n<p>Nie je in\u0161piruj\u00face vidie\u0165, ako niektor\u00e9 n\u00e1rody premie\u0148aj\u00fa vietor a slnko, dva vo\u013ene dostupn\u00e9 prvky pr\u00edrody, na skuto\u010dn\u00fa energiu pre svojich ob\u010danov a ich rozvoj bez toho, aby boli z\u00e1visl\u00e9 od fos\u00edlnych pal\u00edv?<\/p>\n\n\n\n<h2 class=\"wp-block-heading\">Z\u00e1ver<\/h2>\n\n\n\n<p>Str\u00e1nka <strong>popredn\u00e9 krajiny v oblasti sol\u00e1rnej a veternej energie<\/strong> \u010c\u00edna, Spojen\u00e9 \u0161t\u00e1ty, India, Nemecko a Braz\u00edlia ud\u00e1vaj\u00fa tempo glob\u00e1lnej energetickej transform\u00e1cie.<\/p>\n\n\n\n<p>V\u010faka mas\u00edvnym invest\u00edci\u00e1m, jasn\u00fdm politik\u00e1m, pokro\u010dil\u00fdm technol\u00f3gi\u00e1m a spolo\u010densk\u00e9mu z\u00e1v\u00e4zku dosiahli dovtedy nev\u00eddan\u00fa \u00farove\u0148 kapacity.<\/p>\n\n\n\n<p>Jeho vedenie v\u0161ak nie je bez v\u00fdziev: integr\u00e1cia v\u0161etkej tejto energie, zabezpe\u010denie jej stability a udr\u017eanie tempa si vy\u017eaduje neust\u00e1lu inov\u00e1ciu.<\/p>\n\n\n\n<p>Ich sk\u00fasenosti pon\u00fakaj\u00fa cenn\u00e9 ponau\u010denia: dlhodob\u00e1 v\u00edzia, diverzifik\u00e1cia, invest\u00edcie do talentov a infra\u0161trukt\u00fary a medzin\u00e1rodn\u00e1 spolupr\u00e1ca.<\/p>\n\n\n\n<p>Ak by tieto strat\u00e9gie prijalo viac n\u00e1rodov, svet by sa mohol r\u00fdchlej\u0161ie pos\u00fava\u0165 smerom k skuto\u010dne \u010distej a bezpe\u010dnej bud\u00facnosti.<\/p>\n\n\n\n<p>\u010c\u00edtajte viac:\u00a0<a href=\"http:\/\/universofamilia.com\/sk\/energias-renovables-en-el-mundo-avances-y-desafios-para-2030\/\">Obnovite\u013en\u00e9 zdroje energie vo svete: pokroky a v\u00fdzvy do roku 2030<\/a><\/p>\n\n\n\n<h2 class=\"wp-block-heading\">\u010casto kladen\u00e9 ot\u00e1zky (FAQ)<\/h2>\n\n\n\n<p><strong>Pre\u010do je \u010c\u00edna tak \u010faleko vpredu v kapacite sol\u00e1rnej a veternej energie?<\/strong><\/p>\n\n\n\n<p>\u010c\u00edna sp\u00e1ja obrovsk\u00fd rozsah invest\u00edci\u00ed, priazniv\u00fa politiku, priemyseln\u00fa kapacitu na v\u00fdrobu panelov a turb\u00edn a dostupn\u00fa p\u00f4du pre rozsiahle projekty.<\/p>\n\n\n\n<p><strong>Znamen\u00e1 rast obnovite\u013en\u00fdch zdrojov energie, \u017ee \u00faplne opustia fos\u00edlne paliv\u00e1?<\/strong><\/p>\n\n\n\n<p>Nie nevyhnutne okam\u017eite. Mnoh\u00e9 krajiny napreduj\u00fa s\u00fabe\u017ene: na\u010falej vyu\u017e\u00edvaj\u00fa fos\u00edlne paliv\u00e1 a z\u00e1rove\u0148 roz\u0161iruj\u00fa svoje obnovite\u013en\u00e9 zdroje energie. Prechod je postupn\u00fd.<\/p>\n\n\n\n<p><strong>Ak\u00e1 je \u00faloha in\u00fdch, men\u0161\u00edch kraj\u00edn?<\/strong><\/p>\n\n\n\n<p>Aj ke\u010f neved\u00fa na glob\u00e1lnej \u00farovni, mnoh\u00ed si m\u00f4\u017eu osvoji\u0165 osved\u010den\u00e9 postupy l\u00eddrov:<\/p>\n\n\n\n<p>Aukcie obnovite\u013en\u00fdch zdrojov energie, partnerstv\u00e1 s technologick\u00fdmi spolo\u010dnos\u0165ami, integr\u00e1cia do inteligentn\u00fdch siet\u00ed a u\u013eah\u010denie \u00fa\u010dasti ob\u010danov na komunitn\u00fdch sol\u00e1rnych projektoch.<\/p>\n\n\n\n<p><strong>Ako s\u00fa tieto megaprojekty financovan\u00e9?<\/strong><\/p>\n\n\n\n<p>Kombinuj\u00fa sa verejn\u00e9 fondy, s\u00fakromn\u00e9 invest\u00edcie, medzin\u00e1rodn\u00e9 financovanie, zelen\u00e9 dlhopisy a verejno-s\u00fakromn\u00e9 partnerstv\u00e1.<\/p>\n\n\n\n<p><strong>\u010co m\u00f4\u017ee spolo\u010dnos\u0165 alebo mesto urobi\u0165, aby sa zapojilo do tejto revol\u00facie?<\/strong><\/p>\n\n\n\n<p>M\u00f4\u017eete za\u010da\u0165 s energetick\u00fdmi auditmi, pl\u00e1nmi na in\u0161tal\u00e1ciu sol\u00e1rnych panelov, spolupr\u00e1cou s v\u00fdvoj\u00e1rmi obnovite\u013en\u00fdch zdrojov energie, vyu\u017e\u00edvan\u00edm zelen\u00fdch finan\u010dn\u00fdch n\u00e1strojov a presadzovan\u00edm priazniv\u00fdch miestnych polit\u00edk.<\/p>","protected":false},"excerpt":{"rendered":"<p>En un mundo que busca acelerar la transici\u00f3n hacia fuentes limpias y sostenibles, los pa\u00edses l\u00edderes en energ\u00eda solar y e\u00f3lica se convierten en modelos inspiradores. Este art\u00edculo explora cu\u00e1les son esas naciones, c\u00f3mo han llegado a su posici\u00f3n, qu\u00e9 estrategias utilizan y por qu\u00e9 su avance es fundamental para el futuro energ\u00e9tico. A continuaci\u00f3n, [&hellip;]<\/p>","protected":false},"author":219,"featured_media":10391,"comment_status":"closed","ping_status":"open","sticky":false,"template":"","format":"standard","meta":{"footnotes":""},"categories":[4],"tags":[],"yoast_head":"<!-- This site is optimized with the Yoast SEO plugin v23.3 - https:\/\/yoast.com\/wordpress\/plugins\/seo\/ -->\n<title>Pa\u00edses l\u00edderes en energ\u00eda solar y e\u00f3lica - Universo Fam\u00edlia<\/title>\n<meta name=\"description\" content=\"En un mundo que busca acelerar la transici\u00f3n hacia fuentes limpias y sostenibles, los pa\u00edses l\u00edderes en energ\u00eda solar y e\u00f3lica se convierten.\" \/>\n<meta name=\"robots\" content=\"index, follow, max-snippet:-1, max-image-preview:large, max-video-preview:-1\" \/>\n<link rel=\"canonical\" href=\"http:\/\/universofamilia.com\/sk\/paises-lideres-en-energia-solar-y-eolica\/\" \/>\n<meta property=\"og:locale\" content=\"sk_SK\" \/>\n<meta property=\"og:type\" content=\"article\" \/>\n<meta property=\"og:title\" content=\"Pa\u00edses l\u00edderes en energ\u00eda solar y e\u00f3lica - Universo Fam\u00edlia\" \/>\n<meta property=\"og:description\" content=\"En un mundo que busca acelerar la transici\u00f3n hacia fuentes limpias y sostenibles, los pa\u00edses l\u00edderes en energ\u00eda solar y e\u00f3lica se convierten.\" \/>\n<meta property=\"og:url\" content=\"http:\/\/universofamilia.com\/sk\/paises-lideres-en-energia-solar-y-eolica\/\" \/>\n<meta property=\"og:site_name\" content=\"Universo Fam\u00edlia\" \/>\n<meta property=\"article:published_time\" content=\"2025-11-21T19:03:00+00:00\" \/>\n<meta property=\"article:modified_time\" content=\"2025-11-21T19:03:03+00:00\" \/>\n<meta property=\"og:image\" content=\"http:\/\/universofamilia.com\/wp-content\/uploads\/sites\/148\/2025\/11\/Destaque-Novo-Universo-2-3.jpg\" \/>\n\t<meta property=\"og:image:width\" content=\"450\" \/>\n\t<meta property=\"og:image:height\" content=\"250\" \/>\n\t<meta property=\"og:image:type\" content=\"image\/jpeg\" \/>\n<meta name=\"author\" content=\"Matheus Sangaletti\" \/>\n<meta name=\"twitter:card\" content=\"summary_large_image\" \/>\n<meta name=\"twitter:label1\" content=\"Written by\" \/>\n\t<meta name=\"twitter:data1\" content=\"Matheus Sangaletti\" \/>\n\t<meta name=\"twitter:label2\" content=\"Est. reading time\" \/>\n\t<meta name=\"twitter:data2\" content=\"8 min\u00fat\" \/>\n<script type=\"application\/ld+json\" class=\"yoast-schema-graph\">{\"@context\":\"https:\/\/schema.org\",\"@graph\":[{\"@type\":\"WebPage\",\"@id\":\"http:\/\/universofamilia.com\/ar\/paises-lideres-en-energia-solar-y-eolica\/\",\"url\":\"http:\/\/universofamilia.com\/ar\/paises-lideres-en-energia-solar-y-eolica\/\",\"name\":\"Pa\u00edses l\u00edderes en energ\u00eda solar y e\u00f3lica - Universo Fam\u00edlia\",\"isPartOf\":{\"@id\":\"https:\/\/universofamilia.com\/el\/#website\"},\"primaryImageOfPage\":{\"@id\":\"http:\/\/universofamilia.com\/ar\/paises-lideres-en-energia-solar-y-eolica\/#primaryimage\"},\"image\":{\"@id\":\"http:\/\/universofamilia.com\/ar\/paises-lideres-en-energia-solar-y-eolica\/#primaryimage\"},\"thumbnailUrl\":\"http:\/\/universofamilia.com\/wp-content\/uploads\/sites\/148\/2025\/11\/Destaque-Novo-Universo-2-3.jpg\",\"datePublished\":\"2025-11-21T19:03:00+00:00\",\"dateModified\":\"2025-11-21T19:03:03+00:00\",\"author\":{\"@id\":\"https:\/\/universofamilia.com\/el\/#\/schema\/person\/92fcd07e9b1f4323bf74f3170fc0f78a\"},\"description\":\"En un mundo que busca acelerar la transici\u00f3n hacia fuentes limpias y sostenibles, los pa\u00edses l\u00edderes en energ\u00eda solar y e\u00f3lica se convierten.\",\"breadcrumb\":{\"@id\":\"http:\/\/universofamilia.com\/ar\/paises-lideres-en-energia-solar-y-eolica\/#breadcrumb\"},\"inLanguage\":\"sk-SK\",\"potentialAction\":[{\"@type\":\"ReadAction\",\"target\":[\"http:\/\/universofamilia.com\/ar\/paises-lideres-en-energia-solar-y-eolica\/\"]}]},{\"@type\":\"ImageObject\",\"inLanguage\":\"sk-SK\",\"@id\":\"http:\/\/universofamilia.com\/ar\/paises-lideres-en-energia-solar-y-eolica\/#primaryimage\",\"url\":\"http:\/\/universofamilia.com\/wp-content\/uploads\/sites\/148\/2025\/11\/Destaque-Novo-Universo-2-3.jpg\",\"contentUrl\":\"http:\/\/universofamilia.com\/wp-content\/uploads\/sites\/148\/2025\/11\/Destaque-Novo-Universo-2-3.jpg\",\"width\":450,\"height\":250},{\"@type\":\"BreadcrumbList\",\"@id\":\"http:\/\/universofamilia.com\/ar\/paises-lideres-en-energia-solar-y-eolica\/#breadcrumb\",\"itemListElement\":[{\"@type\":\"ListItem\",\"position\":1,\"name\":\"Home\",\"item\":\"https:\/\/universofamilia.com\/el\/\"},{\"@type\":\"ListItem\",\"position\":2,\"name\":\"Pa\u00edses l\u00edderes en energ\u00eda solar y e\u00f3lica\"}]},{\"@type\":\"WebSite\",\"@id\":\"https:\/\/universofamilia.com\/el\/#website\",\"url\":\"https:\/\/universofamilia.com\/el\/\",\"name\":\"Universo Fam\u00edlia\",\"description\":\"\",\"potentialAction\":[{\"@type\":\"SearchAction\",\"target\":{\"@type\":\"EntryPoint\",\"urlTemplate\":\"https:\/\/universofamilia.com\/el\/?s={search_term_string}\"},\"query-input\":\"required name=search_term_string\"}],\"inLanguage\":\"sk-SK\"},{\"@type\":\"Person\",\"@id\":\"https:\/\/universofamilia.com\/el\/#\/schema\/person\/92fcd07e9b1f4323bf74f3170fc0f78a\",\"name\":\"Matheus Sangaletti\",\"image\":{\"@type\":\"ImageObject\",\"inLanguage\":\"sk-SK\",\"@id\":\"https:\/\/universofamilia.com\/el\/#\/schema\/person\/image\/\",\"url\":\"http:\/\/2.gravatar.com\/avatar\/280ea957a14a48e6a1ad2133d2cc27c9?s=96&d=mm&r=g\",\"contentUrl\":\"http:\/\/2.gravatar.com\/avatar\/280ea957a14a48e6a1ad2133d2cc27c9?s=96&d=mm&r=g\",\"caption\":\"Matheus Sangaletti\"},\"url\":\"http:\/\/universofamilia.com\/sk\/author\/matheuss\/\"}]}<\/script>\n<!-- \/ Yoast SEO plugin. -->","yoast_head_json":{"title":"Pa\u00edses l\u00edderes en energ\u00eda solar y e\u00f3lica - Universo Fam\u00edlia","description":"En un mundo que busca acelerar la transici\u00f3n hacia fuentes limpias y sostenibles, los pa\u00edses l\u00edderes en energ\u00eda solar y e\u00f3lica se convierten.","robots":{"index":"index","follow":"follow","max-snippet":"max-snippet:-1","max-image-preview":"max-image-preview:large","max-video-preview":"max-video-preview:-1"},"canonical":"http:\/\/universofamilia.com\/sk\/paises-lideres-en-energia-solar-y-eolica\/","og_locale":"sk_SK","og_type":"article","og_title":"Pa\u00edses l\u00edderes en energ\u00eda solar y e\u00f3lica - Universo Fam\u00edlia","og_description":"En un mundo que busca acelerar la transici\u00f3n hacia fuentes limpias y sostenibles, los pa\u00edses l\u00edderes en energ\u00eda solar y e\u00f3lica se convierten.","og_url":"http:\/\/universofamilia.com\/sk\/paises-lideres-en-energia-solar-y-eolica\/","og_site_name":"Universo Fam\u00edlia","article_published_time":"2025-11-21T19:03:00+00:00","article_modified_time":"2025-11-21T19:03:03+00:00","og_image":[{"width":450,"height":250,"url":"http:\/\/universofamilia.com\/wp-content\/uploads\/sites\/148\/2025\/11\/Destaque-Novo-Universo-2-3.jpg","type":"image\/jpeg"}],"author":"Matheus Sangaletti","twitter_card":"summary_large_image","twitter_misc":{"Written by":"Matheus Sangaletti","Est. reading time":"8 min\u00fat"},"schema":{"@context":"https:\/\/schema.org","@graph":[{"@type":"WebPage","@id":"http:\/\/universofamilia.com\/ar\/paises-lideres-en-energia-solar-y-eolica\/","url":"http:\/\/universofamilia.com\/ar\/paises-lideres-en-energia-solar-y-eolica\/","name":"Pa\u00edses l\u00edderes en energ\u00eda solar y e\u00f3lica - Universo Fam\u00edlia","isPartOf":{"@id":"https:\/\/universofamilia.com\/el\/#website"},"primaryImageOfPage":{"@id":"http:\/\/universofamilia.com\/ar\/paises-lideres-en-energia-solar-y-eolica\/#primaryimage"},"image":{"@id":"http:\/\/universofamilia.com\/ar\/paises-lideres-en-energia-solar-y-eolica\/#primaryimage"},"thumbnailUrl":"http:\/\/universofamilia.com\/wp-content\/uploads\/sites\/148\/2025\/11\/Destaque-Novo-Universo-2-3.jpg","datePublished":"2025-11-21T19:03:00+00:00","dateModified":"2025-11-21T19:03:03+00:00","author":{"@id":"https:\/\/universofamilia.com\/el\/#\/schema\/person\/92fcd07e9b1f4323bf74f3170fc0f78a"},"description":"En un mundo que busca acelerar la transici\u00f3n hacia fuentes limpias y sostenibles, los pa\u00edses l\u00edderes en energ\u00eda solar y e\u00f3lica se convierten.","breadcrumb":{"@id":"http:\/\/universofamilia.com\/ar\/paises-lideres-en-energia-solar-y-eolica\/#breadcrumb"},"inLanguage":"sk-SK","potentialAction":[{"@type":"ReadAction","target":["http:\/\/universofamilia.com\/ar\/paises-lideres-en-energia-solar-y-eolica\/"]}]},{"@type":"ImageObject","inLanguage":"sk-SK","@id":"http:\/\/universofamilia.com\/ar\/paises-lideres-en-energia-solar-y-eolica\/#primaryimage","url":"http:\/\/universofamilia.com\/wp-content\/uploads\/sites\/148\/2025\/11\/Destaque-Novo-Universo-2-3.jpg","contentUrl":"http:\/\/universofamilia.com\/wp-content\/uploads\/sites\/148\/2025\/11\/Destaque-Novo-Universo-2-3.jpg","width":450,"height":250},{"@type":"BreadcrumbList","@id":"http:\/\/universofamilia.com\/ar\/paises-lideres-en-energia-solar-y-eolica\/#breadcrumb","itemListElement":[{"@type":"ListItem","position":1,"name":"Home","item":"https:\/\/universofamilia.com\/el\/"},{"@type":"ListItem","position":2,"name":"Pa\u00edses l\u00edderes en energ\u00eda solar y e\u00f3lica"}]},{"@type":"WebSite","@id":"https:\/\/universofamilia.com\/el\/#website","url":"https:\/\/universofamilia.com\/el\/","name":"Universo Fam\u00edlia","description":"","potentialAction":[{"@type":"SearchAction","target":{"@type":"EntryPoint","urlTemplate":"https:\/\/universofamilia.com\/el\/?s={search_term_string}"},"query-input":"required name=search_term_string"}],"inLanguage":"sk-SK"},{"@type":"Person","@id":"https:\/\/universofamilia.com\/el\/#\/schema\/person\/92fcd07e9b1f4323bf74f3170fc0f78a","name":"Matheus Sangaletti","image":{"@type":"ImageObject","inLanguage":"sk-SK","@id":"https:\/\/universofamilia.com\/el\/#\/schema\/person\/image\/","url":"http:\/\/2.gravatar.com\/avatar\/280ea957a14a48e6a1ad2133d2cc27c9?s=96&d=mm&r=g","contentUrl":"http:\/\/2.gravatar.com\/avatar\/280ea957a14a48e6a1ad2133d2cc27c9?s=96&d=mm&r=g","caption":"Matheus Sangaletti"},"url":"http:\/\/universofamilia.com\/sk\/author\/matheuss\/"}]}},"_links":{"self":[{"href":"http:\/\/universofamilia.com\/sk\/wp-json\/wp\/v2\/posts\/10390"}],"collection":[{"href":"http:\/\/universofamilia.com\/sk\/wp-json\/wp\/v2\/posts"}],"about":[{"href":"http:\/\/universofamilia.com\/sk\/wp-json\/wp\/v2\/types\/post"}],"author":[{"embeddable":true,"href":"http:\/\/universofamilia.com\/sk\/wp-json\/wp\/v2\/users\/219"}],"replies":[{"embeddable":true,"href":"http:\/\/universofamilia.com\/sk\/wp-json\/wp\/v2\/comments?post=10390"}],"version-history":[{"count":1,"href":"http:\/\/universofamilia.com\/sk\/wp-json\/wp\/v2\/posts\/10390\/revisions"}],"predecessor-version":[{"id":10394,"href":"http:\/\/universofamilia.com\/sk\/wp-json\/wp\/v2\/posts\/10390\/revisions\/10394"}],"wp:featuredmedia":[{"embeddable":true,"href":"http:\/\/universofamilia.com\/sk\/wp-json\/wp\/v2\/media\/10391"}],"wp:attachment":[{"href":"http:\/\/universofamilia.com\/sk\/wp-json\/wp\/v2\/media?parent=10390"}],"wp:term":[{"taxonomy":"category","embeddable":true,"href":"http:\/\/universofamilia.com\/sk\/wp-json\/wp\/v2\/categories?post=10390"},{"taxonomy":"post_tag","embeddable":true,"href":"http:\/\/universofamilia.com\/sk\/wp-json\/wp\/v2\/tags?post=10390"}],"curies":[{"name":"wp","href":"https:\/\/api.w.org\/{rel}","templated":true}]}}