{"id":10395,"date":"2025-11-21T22:52:32","date_gmt":"2025-11-22T01:52:32","guid":{"rendered":"https:\/\/universofamilia.com\/?p=10395"},"modified":"2025-11-21T22:52:36","modified_gmt":"2025-11-22T01:52:36","slug":"como-resguardar-tu-informacion-personal-en-la-era-digital","status":"publish","type":"post","link":"http:\/\/universofamilia.com\/sk\/como-resguardar-tu-informacion-personal-en-la-era-digital\/","title":{"rendered":"Ako chr\u00e1ni\u0165 svoje osobn\u00e9 \u00fadaje v digit\u00e1lnom veku"},"content":{"rendered":"<p class=\"has-text-align-center\">Fr\u00e1za <strong>\u201e<em>Ako chr\u00e1ni\u0165 svoje osobn\u00e9 \u00fadaje v digit\u00e1lnom veku<\/em>\u201e<\/strong> V roku 2025 sa to stalo ka\u017edodenn\u00fdm probl\u00e9mom, najm\u00e4 kv\u00f4li n\u00e1rastu \u00fanikov a intenz\u00edvnemu vyu\u017e\u00edvaniu \u00fadajov aplik\u00e1ciami, platformami a slu\u017ebami.<\/p>\n\n\n\n<figure class=\"wp-block-gallery has-nested-images columns-default is-cropped wp-block-gallery-1 is-layout-flex wp-block-gallery-is-layout-flex\">\n<figure class=\"wp-block-image size-full\"><img loading=\"lazy\" decoding=\"async\" width=\"450\" height=\"250\" data-id=\"10399\" src=\"https:\/\/universofamilia.com\/wp-content\/uploads\/sites\/148\/2025\/11\/Destaque-Novo-Universo-9.jpg\" alt=\"\" class=\"wp-image-10399\" srcset=\"http:\/\/universofamilia.com\/wp-content\/uploads\/sites\/148\/2025\/11\/Destaque-Novo-Universo-9.jpg 450w, http:\/\/universofamilia.com\/wp-content\/uploads\/sites\/148\/2025\/11\/Destaque-Novo-Universo-9-300x167.jpg 300w, http:\/\/universofamilia.com\/wp-content\/uploads\/sites\/148\/2025\/11\/Destaque-Novo-Universo-9-18x10.jpg 18w\" sizes=\"(max-width: 450px) 100vw, 450px\" \/><figcaption class=\"wp-element-caption\">Canva<\/figcaption><\/figure>\n<\/figure>\n\n\n\n<p class=\"has-text-align-center\">Predt\u00fdm, ako sa ponor\u00edme do t\u00e9my, je u\u017eito\u010dn\u00e9 si pre\u010d\u00edta\u0165 stru\u010dn\u00e9 zhrnutie:<\/p>\n\n\n\n<p class=\"has-text-align-center\">Pre\u010do sa osobn\u00e9 \u00fadaje stali tak\u00fdmi cenn\u00fdmi, ak\u00e9 postupy pon\u00fakaj\u00fa v\u00e4\u010d\u0161iu ochranu, ned\u00e1vne ofici\u00e1lne \u0161tatistiky, dva pr\u00edklady z re\u00e1lneho sveta, jasn\u00e1 anal\u00f3gia, tabu\u013eka so z\u00e1kladn\u00fdmi opatreniami a r\u00fdchle odpovede na \u010dasto kladen\u00e9 ot\u00e1zky.<\/p>\n\n\n\n<p class=\"has-text-align-center\">Nemysl\u00edte si, \u017ee je \u010das chr\u00e1ni\u0165 si svoj digit\u00e1lny \u017eivot sk\u00f4r, ako v\u00e1s ne\u00famyseln\u00e9 rozhodnutie vystav\u00ed riziku?<\/p>\n\n\n\n<h2 class=\"wp-block-heading\"><strong>Nov\u00e1 hodnota va\u0161ej digit\u00e1lnej identity<\/strong><\/h2>\n\n\n\n<p>S rast\u00facim po\u010dtom postupov, n\u00e1kupov a konverz\u00e1ci\u00ed, ktor\u00e9 sa pres\u00favaj\u00fa do online priestoru, prestala by\u0165 ochrana s\u00fakromia technick\u00fdm detailom a stala sa ka\u017edodennou zodpovednos\u0165ou.<\/p>\n\n\n\n<p>Americk\u00e1 Feder\u00e1lna obchodn\u00e1 komisia (FTC) zaznamenala viac ako <strong>1,1 mili\u00f3na hl\u00e1sen\u00ed o kr\u00e1de\u017ei identity<\/strong>Toto \u010d\u00edslo m\u00e1 vplyv aj na Mexiko kv\u00f4li neust\u00e1lej v\u00fdmene cezhrani\u010dn\u00fdch platforiem, platobn\u00fdch met\u00f3d a slu\u017eieb.<\/p>\n\n\n\n<p>Vzh\u013eadom na tento scen\u00e1r, pochopenie <strong>Ako chr\u00e1ni\u0165 svoje osobn\u00e9 \u00fadaje v digit\u00e1lnom veku<\/strong> St\u00e1va sa z\u00e1kladnou zru\u010dnos\u0165ou pre ka\u017ed\u00fa prepojen\u00fa osobu.<\/p>\n\n\n\n<p>Ochrana \u00fadajov zah\u0155\u0148a viac ne\u017e len siln\u00e9 hesl\u00e1; zah\u0155\u0148a ka\u017edodenn\u00e9 rozhodnutia, ktor\u00e9 zni\u017euj\u00fa va\u0161u expoz\u00edciu.<\/p>\n\n\n\n<p>Rovnako ako by ste nenech\u00e1vali svoj dom odomknut\u00fd, ke\u010f idete von, digit\u00e1lne zabezpe\u010denie funguje ako in\u0161tal\u00e1cia dobr\u00e9ho z\u00e1mku, v\u00fdber toho, kto m\u00e1 k\u00f3piu, a kontrola, \u010di sa niekto nepok\u00fasil vst\u00fapi\u0165 bez povolenia.<\/p>\n\n\n\n<p>T\u00e1to anal\u00f3gia pom\u00e1ha pochopi\u0165, \u017ee s\u00fakromie si vy\u017eaduje \u00fasudok, d\u00f4slednos\u0165 a pozornos\u0165.<\/p>\n\n\n\n<h2 class=\"wp-block-heading\"><strong>Osobn\u00e9 inform\u00e1cie ako mena<\/strong><\/h2>\n\n\n\n<p>Do roku 2025 bude v\u00e4\u010d\u0161ina digit\u00e1lnych slu\u017eieb fungova\u0165 na z\u00e1klade d\u00e1t.<\/p>\n\n\n\n<p>Va\u0161e n\u00e1kupn\u00e9 n\u00e1vyky, poloha, preferencie, tempo prehliadania a interakcie sl\u00fa\u017eia ako vstupy na prisp\u00f4sobenie obsahu, zlep\u0161enie syst\u00e9mov umelej inteligencie alebo definovanie obchodn\u00fdch strat\u00e9gi\u00ed.<\/p>\n\n\n\n<p>Nejde o d\u00e9moniz\u00e1ciu tejto burzy; mnoh\u00e9 platformy dodr\u017eiavaj\u00fa jasn\u00e9 pravidl\u00e1 a predpisy.<\/p>\n\n\n\n<p>\u00dastredn\u00fdm bodom je pochopenie toho, \u010do zdie\u013eate, s k\u00fdm a za ak\u00fdm \u00fa\u010delom.<\/p>\n\n\n\n<p>\u013dudia niekedy prij\u00edmaj\u00fa povolenia v aplik\u00e1ci\u00e1ch len preto, aby r\u00fdchlo napredovali, bez toho, aby si uvedomili, \u017ee povolenie pr\u00edstupu k fotografi\u00e1m, mikrof\u00f3nu alebo kontaktom m\u00f4\u017ee otvori\u0165 zbyto\u010dn\u00e9 dvere tret\u00edm stran\u00e1m.<\/p>\n\n\n\n<h2 class=\"wp-block-heading\"><strong>Najlep\u0161ie postupy na posilnenie v\u00e1\u0161ho digit\u00e1lneho s\u00fakromia<\/strong><\/h2>\n\n\n\n<h3 class=\"wp-block-heading\"><strong>1. Pravideln\u00e9 kontroly va\u0161ich \u00fa\u010dtov<\/strong><\/h3>\n\n\n\n<p>Kontrola prepojen\u00fdch zariaden\u00ed, udelen\u00fdch povolen\u00ed a ulo\u017een\u00fdch inform\u00e1ci\u00ed pom\u00e1ha odhali\u0165 nezvy\u010dajn\u00fd pr\u00edstup.<\/p>\n\n\n\n<p>Mnoho pou\u017e\u00edvate\u013eov op\u00fa\u0161\u0165a akt\u00edvne rel\u00e1cie na star\u00fdch mobiln\u00fdch telef\u00f3noch alebo zdie\u013ean\u00fdch zariadeniach, \u010do zvy\u0161uje rizik\u00e1 bez toho, aby si to v\u0161imli.<\/p>\n\n\n\n<h3 class=\"wp-block-heading\"><strong>2. Viacfaktorov\u00e9 overovanie<\/strong><\/h3>\n\n\n\n<p>Aktiv\u00e1cia do\u010dasn\u00fdch k\u00f3dov, bezpe\u010dnostn\u00fdch k\u013e\u00fa\u010dov alebo autentifika\u010dn\u00fdch aplik\u00e1ci\u00ed vytv\u00e1ra siln\u00fa bari\u00e9ru proti neopr\u00e1vnen\u00e9mu pr\u00edstupu.<\/p>\n\n\n\n<p>Je to jedno z najspo\u013eahlivej\u0161\u00edch opatren\u00ed pre <strong>Ako chr\u00e1ni\u0165 svoje osobn\u00e9 \u00fadaje v digit\u00e1lnom veku<\/strong>aj bez pokro\u010dil\u00fdch znalost\u00ed.<\/p>\n\n\n\n<h3 class=\"wp-block-heading\"><strong>3. Inteligentn\u00e1 spr\u00e1va hesiel<\/strong><\/h3>\n\n\n\n<p>V\u00fdber dlh\u00fdch, \u013eahko zapam\u00e4tate\u013en\u00fdch fr\u00e1z alebo pou\u017e\u00edvanie spr\u00e1vcov hesiel s\u0165a\u017euje \u00fatoky hrubou silou.<\/p>\n\n\n\n<p>Zabudnite na pou\u017e\u00edvanie d\u00e1tumov narodenia alebo be\u017en\u00fdch mien; to je minulos\u0165ou.<\/p>\n\n\n\n<h3 class=\"wp-block-heading\"><strong>4. Neust\u00e1la digit\u00e1lna hygiena<\/strong><\/h3>\n\n\n\n<p>Odstr\u00e1nen\u00edm aplik\u00e1ci\u00ed, ktor\u00e9 u\u017e nepou\u017e\u00edvate, zru\u0161en\u00edm neakt\u00edvnych slu\u017eieb a vymazan\u00edm ulo\u017een\u00fdch inform\u00e1ci\u00ed v prehliada\u010di sa zni\u017euje mno\u017estvo dostupn\u00fdch d\u00e1t.<\/p>\n\n\n\n<p>\u010c\u00edm menej st\u00f4p zanech\u00e1te, t\u00fdm menej odhalenia.<\/p>\n\n\n\n<h3 class=\"wp-block-heading\"><strong>5. Bezpe\u010dn\u00e9 z\u00e1lohy<\/strong><\/h3>\n\n\n\n<p>Ukladanie d\u00f4le\u017eit\u00fdch dokumentov na d\u00f4veryhodn\u00fdch slu\u017eb\u00e1ch so \u0161ifrovan\u00edm a dvojstup\u0148ov\u00fdm overovan\u00edm zabra\u0148uje neo\u010dak\u00e1van\u00fdm strat\u00e1m.<\/p>\n\n\n\n<p>Spoliehanie sa v\u00fdlu\u010dne na lok\u00e1lne \u00falo\u017eisko je riskantn\u00e9 vo svete, kde sa neust\u00e1le zvy\u0161uje po\u010det zlyhan\u00ed hardv\u00e9ru a \u00fatokov ransomv\u00e9ru.<\/p>\n\n\n\n<h2 class=\"wp-block-heading\"><strong>Pr\u00edklady zo skuto\u010dn\u00e9ho \u017eivota, ktor\u00e9 ukazuj\u00fa, pre\u010do je prevencia d\u00f4le\u017eit\u00e1<\/strong><\/h2>\n\n\n\n<p><strong>Pr\u00edklad 1:<\/strong><br>Profesion\u00e1lna \u017eena v Mexico City zistila zvl\u00e1\u0161tne bankov\u00e9 poplatky po pripojen\u00ed k verejnej Wi-Fi sieti v kaviarni.<\/p>\n\n\n\n<p>Ne\u0161lo o sofistikovan\u00fd \u00fatok: kyberzlo\u010dinec zachytil iba ne\u0161ifrovan\u00fa prev\u00e1dzku. Va\u0161a banka potvrdila, \u017ee vstupn\u00fdm bodom bola nezabezpe\u010den\u00e1 sie\u0165.<\/p>\n\n\n\n<p><strong>Pr\u00edklad 2:<\/strong><br>Podnikate\u013e zdie\u013eal strategick\u00e9 dokumenty prostredn\u00edctvom otvoren\u00e9ho odkazu v cloude. Bez jeho vedomia bol odkaz indexovan\u00fd vyh\u013ead\u00e1va\u010dmi.<\/p>\n\n\n\n<p>O nieko\u013eko t\u00fd\u017ed\u0148ov nesk\u00f4r sa na soci\u00e1lnych sie\u0165ach \u0161\u00edrili citliv\u00e9 inform\u00e1cie. Probl\u00e9m nebol v hackerskom \u00fatoku, ale v nespr\u00e1vnej konfigur\u00e1cii opr\u00e1vnen\u00ed.<\/p>\n\n\n\n<p>Oba pr\u00edpady zd\u00f4raz\u0148uj\u00fa d\u00f4le\u017eitos\u0165 u\u010denia sa <strong>Ako chr\u00e1ni\u0165 svoje osobn\u00e9 \u00fadaje v digit\u00e1lnom veku<\/strong> sk\u00f4r, ako utrp\u00ed v\u00e4\u010d\u0161ie n\u00e1sledky.<\/p>\n\n\n\n<h2 class=\"wp-block-heading\"><strong>Technol\u00f3gia pom\u00e1ha, ale va\u0161e rozhodnutia s\u00fa d\u00f4le\u017eitej\u0161ie.<\/strong><\/h2>\n\n\n\n<p>Spo\u013eahliv\u00e9 VPN, bezpe\u010dn\u00e9 prehliada\u010de, aktualizovan\u00e9 syst\u00e9my a roz\u0161\u00edrenia o ochranu s\u00fakromia posil\u0148uj\u00fa va\u0161u ochranu.<\/p>\n\n\n\n<p>Napriek tomu najlep\u0161ou obranou zost\u00e1va osobn\u00fd \u00fasudok: vyh\u00fdbajte sa otv\u00e1raniu podozriv\u00fdch odkazov, odmietnite nepotrebn\u00e9 povolenia a pred zadan\u00edm \u00fadajov si overte webov\u00e9 adresy.<\/p>\n\n\n\n<p>Platformy neust\u00e1le menia svoje pravidl\u00e1; informovanos\u0165 zabra\u0148uje odhaleniu va\u0161ich \u00fadajov v d\u00f4sledku predvolen\u00fdch nastaven\u00ed, ktor\u00e9 ste si mo\u017eno nikdy nepre\u010d\u00edtali.<\/p>\n\n\n\n<h2 class=\"wp-block-heading\">K\u013e\u00fa\u010dov\u00e1 tabu\u013eka na posilnenie va\u0161ej osobnej strat\u00e9gie<\/h2>\n\n\n\n<figure class=\"wp-block-table\"><table><thead><tr><th>Odpor\u00fa\u010dan\u00fd postup<\/th><th>Hlavn\u00e1 v\u00fdhoda<\/th><\/tr><\/thead><tbody><tr><td>Viacfaktorov\u00e9 overovanie<\/td><td>Zni\u017euje neopr\u00e1vnen\u00fd pr\u00edstup<\/td><\/tr><tr><td>Kontrola povolen\u00ed aplik\u00e1cie<\/td><td>Obmedzte zbyto\u010dn\u00e9 \u00faniky<\/td><\/tr><tr><td>Siln\u00e9 hesl\u00e1 alebo spr\u00e1vca hesiel<\/td><td>Komplikuje automatizovan\u00e9 \u00fatoky<\/td><\/tr><tr><td>Bezpe\u010dn\u00e9 pripojenia (spo\u013eahliv\u00e9 Wi-Fi + HTTPS)<\/td><td>Minimalizuje dopravn\u00fa \u0161pion\u00e1\u017e<\/td><\/tr><tr><td>\u0160ifrovan\u00e9 z\u00e1lohy<\/td><td>Zabra\u0148uje strate alebo kr\u00e1de\u017ei \u00fadajov<\/td><\/tr><\/tbody><\/table><figcaption class=\"wp-element-caption\">Ako chr\u00e1ni\u0165 svoje osobn\u00e9 \u00fadaje v digit\u00e1lnom veku<\/figcaption><\/figure>\n\n\n\n<figure class=\"wp-block-gallery has-nested-images columns-default is-cropped wp-block-gallery-2 is-layout-flex wp-block-gallery-is-layout-flex\">\n<figure class=\"wp-block-image size-full\"><img loading=\"lazy\" decoding=\"async\" width=\"450\" height=\"250\" data-id=\"10400\" src=\"https:\/\/universofamilia.com\/wp-content\/uploads\/sites\/148\/2025\/11\/Destaque-Novo-Universo-1-5.jpg\" alt=\"\" class=\"wp-image-10400\" srcset=\"http:\/\/universofamilia.com\/wp-content\/uploads\/sites\/148\/2025\/11\/Destaque-Novo-Universo-1-5.jpg 450w, http:\/\/universofamilia.com\/wp-content\/uploads\/sites\/148\/2025\/11\/Destaque-Novo-Universo-1-5-300x167.jpg 300w, http:\/\/universofamilia.com\/wp-content\/uploads\/sites\/148\/2025\/11\/Destaque-Novo-Universo-1-5-18x10.jpg 18w\" sizes=\"(max-width: 450px) 100vw, 450px\" \/><figcaption class=\"wp-element-caption\">Canva<\/figcaption><\/figure>\n<\/figure>\n\n\n\n<p>\u010c\u00edtajte viac:<a href=\"http:\/\/universofamilia.com\/sk\/inteligencia-artificial-en-el-dia-a-dia\/\">&nbsp;Umel\u00e1 inteligencia v ka\u017edodennom \u017eivote<\/a><\/p>\n\n\n\n<h2 class=\"wp-block-heading\"><strong>D\u00f4le\u017eitos\u0165 \u010fal\u0161ieho digit\u00e1lneho vzdel\u00e1vania<\/strong><\/h2>\n\n\n\n<p>Digit\u00e1lna gramotnos\u0165 je teraz rovnako d\u00f4le\u017eit\u00e1 ako u\u010denie sa \u0161of\u00e9rova\u0165. Hrozby sa vyv\u00edjaj\u00fa, n\u00e1stroje sa menia a predpisy sa zlep\u0161uj\u00fa.<\/p>\n\n\n\n<p>Sledovanie spo\u013eahliv\u00fdch zdrojov, absolvovanie kr\u00e1tkych kurzov alebo konzult\u00e1cie s INAI (N\u00e1rodn\u00fd in\u0161tit\u00fat pre transparentnos\u0165, pr\u00edstup k inform\u00e1ci\u00e1m a ochranu osobn\u00fdch \u00fadajov) posiln\u00ed v\u00e1\u0161 \u00fasudok.<\/p>\n\n\n\n<p>Okrem toho, zdie\u013eanie osved\u010den\u00fdch postupov s \u010dlenmi rodiny, najm\u00e4 s mlad\u00fdmi \u013eu\u010fmi a star\u0161\u00edmi dospel\u00fdmi, zni\u017euje pravdepodobnos\u0165, \u017ee sa stan\u00fa obe\u0165ami podvodov, vyd\u00e1vania sa za in\u00fa osobu alebo emocion\u00e1lnej manipul\u00e1cie.<\/p>\n\n\n\n<h2 class=\"wp-block-heading\"><strong>Z\u00e1ver: Ochrana va\u0161ich \u00fadajov chr\u00e1ni v\u00e1\u0161 pokoj v du\u0161i<\/strong><\/h2>\n\n\n\n<p>S\u00fakromie nie je luxus, je to pr\u00e1vo. Ak si ka\u017ed\u00fd t\u00fd\u017ede\u0148 vyhrad\u00edte nieko\u013eko min\u00fat na kontrolu svojho digit\u00e1lneho prostredia, m\u00f4\u017eete sa vyhn\u00fa\u0165 finan\u010dn\u00fdm strat\u00e1m, stresu a zbyto\u010dn\u00fdm naru\u0161eniam bezpe\u010dnosti.<\/p>\n\n\n\n<p>Kombin\u00e1cia konzistentn\u00fdch n\u00e1vykov, spo\u013eahlivej technol\u00f3gie a akt\u00edvnej pozornosti predstavuje najbezpe\u010dnej\u0161iu cestu.<\/p>\n\n\n\n<p>V prostred\u00ed, kde sa takmer v\u0161etko deje cez mobiln\u00fd telef\u00f3n, po\u010d\u00edta\u010d alebo cloud, v\u00e1m ochrana va\u0161ich inform\u00e1ci\u00ed umo\u017e\u0148uje pohybova\u0165 sa s v\u00e4\u010d\u0161ou slobodou a men\u0161ou neistotou.<\/p>\n\n\n\n<p>\u010c\u00edtajte viac: <a href=\"http:\/\/universofamilia.com\/sk\/privacidad-en-linea\/\">Ako chr\u00e1ni\u0165 svoje osobn\u00e9 \u00fadaje v digit\u00e1lnom veku<\/a><\/p>\n\n\n\n<h1 class=\"wp-block-heading\"><strong>\u010casto kladen\u00e9 ot\u00e1zky (FAQ)<\/strong><\/h1>\n\n\n\n<p><strong>1. Ako \u010dasto by som si mal meni\u0165 hesl\u00e1?<\/strong><\/p>\n\n\n\n<p>3 a\u017e 6 mesiacov, v z\u00e1vislosti od typu \u00fa\u010dtu. Pre bankovn\u00edctvo a e-mail s\u00fa vhodnej\u0161ie krat\u0161ie intervaly.<\/p>\n\n\n\n<p><strong>2. Naozaj VPN chr\u00e1ni moje inform\u00e1cie?<\/strong><\/p>\n\n\n\n<p>\u00c1no, pokia\u013e ide o spo\u013eahliv\u00fa VPN s jasn\u00fdmi pravidlami neukladania logov. Je to obzvl\u00e1\u0161\u0165 u\u017eito\u010dn\u00e9 vo verejn\u00fdch sie\u0165ach.<\/p>\n\n\n\n<p><strong>3. Je bezpe\u010dn\u00e9 uklada\u0165 dokumenty v cloude?<\/strong><\/p>\n\n\n\n<p>\u00c1no, pokia\u013e slu\u017eba implementuje dobr\u00e9 \u0161ifrovanie, dvojfaktorov\u00e9 overenie a spr\u00e1vne nakonfigurovan\u00e9 s\u00fakromn\u00e9 povolenia.<\/p>\n\n\n\n<p><strong>4. \u010co by som mal skontrolova\u0165 pred in\u0161tal\u00e1ciou aplik\u00e1cie?<\/strong><\/p>\n\n\n\n<p>Po\u017eadovan\u00e9 povolenia, reput\u00e1cia v\u00fdvoj\u00e1ra, hodnotenia a z\u00e1sady ochrany osobn\u00fdch \u00fadajov. Ak\u00e9ko\u013evek povolenie, ktor\u00e9 ned\u00e1va zmysel, je varovn\u00fdm sign\u00e1lom.<\/p>\n\n\n\n<p><strong>5. Ako zist\u00edm, \u010di do\u0161lo k \u00faniku mojich \u00fadajov?<\/strong><\/p>\n\n\n\n<p>N\u00e1stroje ako \u201eHave I Been Pwned\u201c v\u00e1m umo\u017e\u0148uj\u00fa skontrolova\u0165, \u010di sa v\u00e1\u0161 e-mail objavil v zn\u00e1mych \u00fanikoch, a nieko\u013eko b\u00e1nk varuje pred podozrivou aktivitou.<\/p>","protected":false},"excerpt":{"rendered":"<p>Fr\u00e1za \u201eAko chr\u00e1ni\u0165 svoje osobn\u00e9 \u00fadaje v digit\u00e1lnom veku\u201c sa v roku 2025 stala ka\u017edodennou staros\u0165ou, najm\u00e4 kv\u00f4li n\u00e1rastu \u00fanikov \u00fadajov a intenz\u00edvnemu vyu\u017e\u00edvaniu \u00fadajov aplik\u00e1ciami, platformami a slu\u017ebami. Predt\u00fdm, ako sa ponor\u00edme do tejto t\u00e9my, stoj\u00ed za to si pre\u010d\u00edta\u0165 stru\u010dn\u00e9 zhrnutie: Pre\u010do osobn\u00e9 \u00fadaje [\u2026]<\/p>","protected":false},"author":219,"featured_media":10396,"comment_status":"closed","ping_status":"open","sticky":false,"template":"","format":"standard","meta":{"footnotes":""},"categories":[3],"tags":[],"yoast_head":"<!-- This site is optimized with the Yoast SEO plugin v23.3 - https:\/\/yoast.com\/wordpress\/plugins\/seo\/ -->\n<title>C\u00f3mo resguardar tu informaci\u00f3n personal en la era digital - Universo Fam\u00edlia<\/title>\n<meta name=\"description\" content=\"La frase \u201cC\u00f3mo resguardar tu informaci\u00f3n personal en la era digital\u201d se ha vuelto una preocupaci\u00f3n diaria en 2025, especialmente por el...\" \/>\n<meta name=\"robots\" content=\"index, follow, max-snippet:-1, max-image-preview:large, max-video-preview:-1\" \/>\n<link rel=\"canonical\" href=\"https:\/\/universofamilia.com\/sk\/como-resguardar-tu-informacion-personal-en-la-era-digital\/\" \/>\n<meta property=\"og:locale\" content=\"sk_SK\" \/>\n<meta property=\"og:type\" content=\"article\" \/>\n<meta property=\"og:title\" content=\"C\u00f3mo resguardar tu informaci\u00f3n personal en la era digital - Universo Fam\u00edlia\" \/>\n<meta property=\"og:description\" content=\"La frase \u201cC\u00f3mo resguardar tu informaci\u00f3n personal en la era digital\u201d se ha vuelto una preocupaci\u00f3n diaria en 2025, especialmente por el...\" \/>\n<meta property=\"og:url\" content=\"https:\/\/universofamilia.com\/sk\/como-resguardar-tu-informacion-personal-en-la-era-digital\/\" \/>\n<meta property=\"og:site_name\" content=\"Universo Fam\u00edlia\" \/>\n<meta property=\"article:published_time\" content=\"2025-11-22T01:52:32+00:00\" \/>\n<meta property=\"article:modified_time\" content=\"2025-11-22T01:52:36+00:00\" \/>\n<meta property=\"og:image\" content=\"https:\/\/universofamilia.com\/wp-content\/uploads\/sites\/148\/2025\/11\/Destaque-Novo-Universo-7.jpg\" \/>\n\t<meta property=\"og:image:width\" content=\"450\" \/>\n\t<meta property=\"og:image:height\" content=\"250\" \/>\n\t<meta property=\"og:image:type\" content=\"image\/jpeg\" \/>\n<meta name=\"author\" content=\"Matheus Sangaletti\" \/>\n<meta name=\"twitter:card\" content=\"summary_large_image\" \/>\n<meta name=\"twitter:label1\" content=\"Written by\" \/>\n\t<meta name=\"twitter:data1\" content=\"Matheus Sangaletti\" \/>\n\t<meta name=\"twitter:label2\" content=\"Est. reading time\" \/>\n\t<meta name=\"twitter:data2\" content=\"7 min\u00fat\" \/>\n<script type=\"application\/ld+json\" class=\"yoast-schema-graph\">{\"@context\":\"https:\/\/schema.org\",\"@graph\":[{\"@type\":\"WebPage\",\"@id\":\"https:\/\/universofamilia.com\/en\/como-resguardar-tu-informacion-personal-en-la-era-digital\/\",\"url\":\"https:\/\/universofamilia.com\/en\/como-resguardar-tu-informacion-personal-en-la-era-digital\/\",\"name\":\"C\u00f3mo resguardar tu informaci\u00f3n personal en la era digital - Universo Fam\u00edlia\",\"isPartOf\":{\"@id\":\"http:\/\/universofamilia.com\/zh_hk\/#website\"},\"primaryImageOfPage\":{\"@id\":\"https:\/\/universofamilia.com\/en\/como-resguardar-tu-informacion-personal-en-la-era-digital\/#primaryimage\"},\"image\":{\"@id\":\"https:\/\/universofamilia.com\/en\/como-resguardar-tu-informacion-personal-en-la-era-digital\/#primaryimage\"},\"thumbnailUrl\":\"http:\/\/universofamilia.com\/wp-content\/uploads\/sites\/148\/2025\/11\/Destaque-Novo-Universo-7.jpg\",\"datePublished\":\"2025-11-22T01:52:32+00:00\",\"dateModified\":\"2025-11-22T01:52:36+00:00\",\"author\":{\"@id\":\"http:\/\/universofamilia.com\/zh_hk\/#\/schema\/person\/92fcd07e9b1f4323bf74f3170fc0f78a\"},\"description\":\"La frase \u201cC\u00f3mo resguardar tu informaci\u00f3n personal en la era digital\u201d se ha vuelto una preocupaci\u00f3n diaria en 2025, especialmente por el...\",\"breadcrumb\":{\"@id\":\"https:\/\/universofamilia.com\/en\/como-resguardar-tu-informacion-personal-en-la-era-digital\/#breadcrumb\"},\"inLanguage\":\"sk-SK\",\"potentialAction\":[{\"@type\":\"ReadAction\",\"target\":[\"https:\/\/universofamilia.com\/en\/como-resguardar-tu-informacion-personal-en-la-era-digital\/\"]}]},{\"@type\":\"ImageObject\",\"inLanguage\":\"sk-SK\",\"@id\":\"https:\/\/universofamilia.com\/en\/como-resguardar-tu-informacion-personal-en-la-era-digital\/#primaryimage\",\"url\":\"http:\/\/universofamilia.com\/wp-content\/uploads\/sites\/148\/2025\/11\/Destaque-Novo-Universo-7.jpg\",\"contentUrl\":\"http:\/\/universofamilia.com\/wp-content\/uploads\/sites\/148\/2025\/11\/Destaque-Novo-Universo-7.jpg\",\"width\":450,\"height\":250},{\"@type\":\"BreadcrumbList\",\"@id\":\"https:\/\/universofamilia.com\/en\/como-resguardar-tu-informacion-personal-en-la-era-digital\/#breadcrumb\",\"itemListElement\":[{\"@type\":\"ListItem\",\"position\":1,\"name\":\"Home\",\"item\":\"http:\/\/universofamilia.com\/zh_hk\/\"},{\"@type\":\"ListItem\",\"position\":2,\"name\":\"C\u00f3mo resguardar tu informaci\u00f3n personal en la era digital\"}]},{\"@type\":\"WebSite\",\"@id\":\"http:\/\/universofamilia.com\/zh_hk\/#website\",\"url\":\"http:\/\/universofamilia.com\/zh_hk\/\",\"name\":\"Universo Fam\u00edlia\",\"description\":\"\",\"potentialAction\":[{\"@type\":\"SearchAction\",\"target\":{\"@type\":\"EntryPoint\",\"urlTemplate\":\"http:\/\/universofamilia.com\/zh_hk\/?s={search_term_string}\"},\"query-input\":\"required name=search_term_string\"}],\"inLanguage\":\"sk-SK\"},{\"@type\":\"Person\",\"@id\":\"http:\/\/universofamilia.com\/zh_hk\/#\/schema\/person\/92fcd07e9b1f4323bf74f3170fc0f78a\",\"name\":\"Matheus Sangaletti\",\"image\":{\"@type\":\"ImageObject\",\"inLanguage\":\"sk-SK\",\"@id\":\"http:\/\/universofamilia.com\/zh_hk\/#\/schema\/person\/image\/\",\"url\":\"http:\/\/2.gravatar.com\/avatar\/280ea957a14a48e6a1ad2133d2cc27c9?s=96&d=mm&r=g\",\"contentUrl\":\"http:\/\/2.gravatar.com\/avatar\/280ea957a14a48e6a1ad2133d2cc27c9?s=96&d=mm&r=g\",\"caption\":\"Matheus Sangaletti\"},\"url\":\"http:\/\/universofamilia.com\/sk\/author\/matheuss\/\"}]}<\/script>\n<!-- \/ Yoast SEO plugin. -->","yoast_head_json":{"title":"C\u00f3mo resguardar tu informaci\u00f3n personal en la era digital - Universo Fam\u00edlia","description":"La frase \u201cC\u00f3mo resguardar tu informaci\u00f3n personal en la era digital\u201d se ha vuelto una preocupaci\u00f3n diaria en 2025, especialmente por el...","robots":{"index":"index","follow":"follow","max-snippet":"max-snippet:-1","max-image-preview":"max-image-preview:large","max-video-preview":"max-video-preview:-1"},"canonical":"https:\/\/universofamilia.com\/sk\/como-resguardar-tu-informacion-personal-en-la-era-digital\/","og_locale":"sk_SK","og_type":"article","og_title":"C\u00f3mo resguardar tu informaci\u00f3n personal en la era digital - Universo Fam\u00edlia","og_description":"La frase \u201cC\u00f3mo resguardar tu informaci\u00f3n personal en la era digital\u201d se ha vuelto una preocupaci\u00f3n diaria en 2025, especialmente por el...","og_url":"https:\/\/universofamilia.com\/sk\/como-resguardar-tu-informacion-personal-en-la-era-digital\/","og_site_name":"Universo Fam\u00edlia","article_published_time":"2025-11-22T01:52:32+00:00","article_modified_time":"2025-11-22T01:52:36+00:00","og_image":[{"width":450,"height":250,"url":"https:\/\/universofamilia.com\/wp-content\/uploads\/sites\/148\/2025\/11\/Destaque-Novo-Universo-7.jpg","type":"image\/jpeg"}],"author":"Matheus Sangaletti","twitter_card":"summary_large_image","twitter_misc":{"Written by":"Matheus Sangaletti","Est. reading time":"7 min\u00fat"},"schema":{"@context":"https:\/\/schema.org","@graph":[{"@type":"WebPage","@id":"https:\/\/universofamilia.com\/en\/como-resguardar-tu-informacion-personal-en-la-era-digital\/","url":"https:\/\/universofamilia.com\/en\/como-resguardar-tu-informacion-personal-en-la-era-digital\/","name":"C\u00f3mo resguardar tu informaci\u00f3n personal en la era digital - Universo Fam\u00edlia","isPartOf":{"@id":"http:\/\/universofamilia.com\/zh_hk\/#website"},"primaryImageOfPage":{"@id":"https:\/\/universofamilia.com\/en\/como-resguardar-tu-informacion-personal-en-la-era-digital\/#primaryimage"},"image":{"@id":"https:\/\/universofamilia.com\/en\/como-resguardar-tu-informacion-personal-en-la-era-digital\/#primaryimage"},"thumbnailUrl":"http:\/\/universofamilia.com\/wp-content\/uploads\/sites\/148\/2025\/11\/Destaque-Novo-Universo-7.jpg","datePublished":"2025-11-22T01:52:32+00:00","dateModified":"2025-11-22T01:52:36+00:00","author":{"@id":"http:\/\/universofamilia.com\/zh_hk\/#\/schema\/person\/92fcd07e9b1f4323bf74f3170fc0f78a"},"description":"La frase \u201cC\u00f3mo resguardar tu informaci\u00f3n personal en la era digital\u201d se ha vuelto una preocupaci\u00f3n diaria en 2025, especialmente por el...","breadcrumb":{"@id":"https:\/\/universofamilia.com\/en\/como-resguardar-tu-informacion-personal-en-la-era-digital\/#breadcrumb"},"inLanguage":"sk-SK","potentialAction":[{"@type":"ReadAction","target":["https:\/\/universofamilia.com\/en\/como-resguardar-tu-informacion-personal-en-la-era-digital\/"]}]},{"@type":"ImageObject","inLanguage":"sk-SK","@id":"https:\/\/universofamilia.com\/en\/como-resguardar-tu-informacion-personal-en-la-era-digital\/#primaryimage","url":"http:\/\/universofamilia.com\/wp-content\/uploads\/sites\/148\/2025\/11\/Destaque-Novo-Universo-7.jpg","contentUrl":"http:\/\/universofamilia.com\/wp-content\/uploads\/sites\/148\/2025\/11\/Destaque-Novo-Universo-7.jpg","width":450,"height":250},{"@type":"BreadcrumbList","@id":"https:\/\/universofamilia.com\/en\/como-resguardar-tu-informacion-personal-en-la-era-digital\/#breadcrumb","itemListElement":[{"@type":"ListItem","position":1,"name":"Home","item":"http:\/\/universofamilia.com\/zh_hk\/"},{"@type":"ListItem","position":2,"name":"C\u00f3mo resguardar tu informaci\u00f3n personal en la era digital"}]},{"@type":"WebSite","@id":"http:\/\/universofamilia.com\/zh_hk\/#website","url":"http:\/\/universofamilia.com\/zh_hk\/","name":"Universo Fam\u00edlia","description":"","potentialAction":[{"@type":"SearchAction","target":{"@type":"EntryPoint","urlTemplate":"http:\/\/universofamilia.com\/zh_hk\/?s={search_term_string}"},"query-input":"required name=search_term_string"}],"inLanguage":"sk-SK"},{"@type":"Person","@id":"http:\/\/universofamilia.com\/zh_hk\/#\/schema\/person\/92fcd07e9b1f4323bf74f3170fc0f78a","name":"Matheus Sangaletti","image":{"@type":"ImageObject","inLanguage":"sk-SK","@id":"http:\/\/universofamilia.com\/zh_hk\/#\/schema\/person\/image\/","url":"http:\/\/2.gravatar.com\/avatar\/280ea957a14a48e6a1ad2133d2cc27c9?s=96&d=mm&r=g","contentUrl":"http:\/\/2.gravatar.com\/avatar\/280ea957a14a48e6a1ad2133d2cc27c9?s=96&d=mm&r=g","caption":"Matheus Sangaletti"},"url":"http:\/\/universofamilia.com\/sk\/author\/matheuss\/"}]}},"_links":{"self":[{"href":"http:\/\/universofamilia.com\/sk\/wp-json\/wp\/v2\/posts\/10395"}],"collection":[{"href":"http:\/\/universofamilia.com\/sk\/wp-json\/wp\/v2\/posts"}],"about":[{"href":"http:\/\/universofamilia.com\/sk\/wp-json\/wp\/v2\/types\/post"}],"author":[{"embeddable":true,"href":"http:\/\/universofamilia.com\/sk\/wp-json\/wp\/v2\/users\/219"}],"replies":[{"embeddable":true,"href":"http:\/\/universofamilia.com\/sk\/wp-json\/wp\/v2\/comments?post=10395"}],"version-history":[{"count":1,"href":"http:\/\/universofamilia.com\/sk\/wp-json\/wp\/v2\/posts\/10395\/revisions"}],"predecessor-version":[{"id":10401,"href":"http:\/\/universofamilia.com\/sk\/wp-json\/wp\/v2\/posts\/10395\/revisions\/10401"}],"wp:featuredmedia":[{"embeddable":true,"href":"http:\/\/universofamilia.com\/sk\/wp-json\/wp\/v2\/media\/10396"}],"wp:attachment":[{"href":"http:\/\/universofamilia.com\/sk\/wp-json\/wp\/v2\/media?parent=10395"}],"wp:term":[{"taxonomy":"category","embeddable":true,"href":"http:\/\/universofamilia.com\/sk\/wp-json\/wp\/v2\/categories?post=10395"},{"taxonomy":"post_tag","embeddable":true,"href":"http:\/\/universofamilia.com\/sk\/wp-json\/wp\/v2\/tags?post=10395"}],"curies":[{"name":"wp","href":"https:\/\/api.w.org\/{rel}","templated":true}]}}