{"id":10445,"date":"2025-12-22T12:02:51","date_gmt":"2025-12-22T15:02:51","guid":{"rendered":"https:\/\/universofamilia.com\/?p=10445"},"modified":"2025-12-22T12:17:29","modified_gmt":"2025-12-22T15:17:29","slug":"como-la-tecnologia-esta-revolucionando","status":"publish","type":"post","link":"http:\/\/universofamilia.com\/sk\/como-la-tecnologia-esta-revolucionando\/","title":{"rendered":"Ako technol\u00f3gia sp\u00f4sobuje revol\u00faciu vo vzdel\u00e1van\u00ed det\u00ed"},"content":{"rendered":"<p class=\"has-text-align-center\"><strong>Ako technol\u00f3gia sp\u00f4sobuje revol\u00faciu vo vzdel\u00e1van\u00ed det\u00ed.<\/strong> U\u017e to nie je futuristick\u00e1 my\u0161lienka ani experiment\u00e1lny koncept.<\/p>\n\n\n\n<figure class=\"wp-block-gallery has-nested-images columns-default is-cropped wp-block-gallery-1 is-layout-flex wp-block-gallery-is-layout-flex\">\n<figure class=\"wp-block-image size-full\"><img loading=\"lazy\" decoding=\"async\" width=\"450\" height=\"250\" data-id=\"10447\" src=\"https:\/\/universofamilia.com\/wp-content\/uploads\/sites\/148\/2025\/12\/Destaque-Novo-Universo-12-1.jpg\" alt=\"\" class=\"wp-image-10447\" srcset=\"http:\/\/universofamilia.com\/wp-content\/uploads\/sites\/148\/2025\/12\/Destaque-Novo-Universo-12-1.jpg 450w, http:\/\/universofamilia.com\/wp-content\/uploads\/sites\/148\/2025\/12\/Destaque-Novo-Universo-12-1-300x167.jpg 300w, http:\/\/universofamilia.com\/wp-content\/uploads\/sites\/148\/2025\/12\/Destaque-Novo-Universo-12-1-18x10.jpg 18w\" sizes=\"(max-width: 450px) 100vw, 450px\" \/><figcaption class=\"wp-element-caption\">Ako technol\u00f3gia sp\u00f4sobuje revol\u00faciu vo vzdel\u00e1van\u00ed det\u00ed.<\/figcaption><\/figure>\n<\/figure>\n\n\n\n<p class=\"has-text-align-center\">Do roku 2025 to predstavuje vidite\u013en\u00fa transform\u00e1ciu v triedach, dom\u00e1cnostiach a hybridn\u00fdch vzdel\u00e1vac\u00edch priestoroch, kde technol\u00f3gia prestala by\u0165 doplnkom a stala sa k\u013e\u00fa\u010dov\u00fdm prostriedkom vzdel\u00e1vacieho, kognit\u00edvneho a soci\u00e1lneho rozvoja.<\/p>\n\n\n\n<p><strong>Zhrnutie:<\/strong> Tento \u010dl\u00e1nok analyzuje, ako technol\u00f3gia men\u00ed sp\u00f4sob, ak\u00fdm sa deti u\u010dia, nov\u00fa \u00falohu u\u010dite\u013eov a rod\u00edn, najvplyvnej\u0161ie digit\u00e1lne n\u00e1stroje, s\u00fa\u010dasn\u00e9 v\u00fdhody a v\u00fdzvy, relevantn\u00e9 ofici\u00e1lne \u0161tatistiky, dva pr\u00edklady zo skuto\u010dn\u00e9ho \u017eivota, jasn\u00fa anal\u00f3giu na pochopenie tohto javu, porovn\u00e1vaciu tabu\u013eku a odpovede na \u010dasto kladen\u00e9 ot\u00e1zky.<\/p>\n\n\n\n<h2 class=\"wp-block-heading\"><strong>Nov\u00fd sp\u00f4sob u\u010denia sa u\u017e od \u00fatleho veku<\/strong><\/h2>\n\n\n\n<p>Pred\u0161kolsk\u00e9 vzdel\u00e1vanie sa v\u017edy vyv\u00edjalo spolu so spolo\u010dnos\u0165ou. S\u00fa\u010dasn\u00e9 tempo je v\u0161ak bezprecedentn\u00e9.<\/p>\n\n\n\n<p>Tablety, vzdel\u00e1vacie platformy, umel\u00e1 inteligencia a interakt\u00edvny obsah s\u00fa s\u00fa\u010das\u0165ou ka\u017edodenn\u00e9ho prostredia mili\u00f3nov det\u00ed.<\/p>\n\n\n\n<p>V tejto s\u00favislosti, <strong>Ako technol\u00f3gia sp\u00f4sobuje revol\u00faciu vo vzdel\u00e1van\u00ed det\u00ed.<\/strong> Ch\u00e1pe sa to ako hlbok\u00e1 zmena v sp\u00f4sobe pr\u00edstupu k vedomostiam.<\/p>\n\n\n\n<p>U\u017e nejde len o memorovanie inform\u00e1ci\u00ed, ale o u\u010denie sa sk\u00fama\u0165, rie\u0161i\u0165 probl\u00e9my a rozv\u00edja\u0165 kritick\u00e9 myslenie u\u017e od \u00fatleho veku.<\/p>\n\n\n\n<p>Technol\u00f3gia umo\u017e\u0148uje prisp\u00f4sobi\u0165 obsah tempu ka\u017ed\u00e9ho die\u0165a\u0165a, \u010do je v rigidn\u00fdch tradi\u010dn\u00fdch modeloch \u0165a\u017ek\u00e9 dosiahnu\u0165.<\/p>\n\n\n\n<h2 class=\"wp-block-heading\"><strong>Od tradi\u010dnej triedy k personalizovan\u00e9mu vzdel\u00e1vaniu<\/strong><\/h2>\n\n\n\n<p>Jedn\u00fdm z najv\u00e4\u010d\u0161\u00edch technologick\u00fdch pr\u00ednosov je personaliz\u00e1cia u\u010denia.<\/p>\n\n\n\n<p>Digit\u00e1lne vzdel\u00e1vacie platformy analyzuj\u00fa pokrok, \u0165a\u017ekosti a \u0161t\u00fdly u\u010denia a pon\u00fakaj\u00fa obsah prisp\u00f4soben\u00fd ka\u017ed\u00e9mu \u0161tudentovi.<\/p>\n\n\n\n<p>Tento pr\u00edstup zni\u017euje frustr\u00e1ciu a zvy\u0161uje sebavedomie det\u00ed. Ke\u010f die\u0165a napreduje vlastn\u00fdm tempom, jeho motiv\u00e1cia sa prirodzene zvy\u0161uje.<\/p>\n\n\n\n<p>Pod\u013ea \u00fadajov z <strong>UNESCO<\/strong>Vhodn\u00e9 vyu\u017e\u00edvanie vzdel\u00e1vac\u00edch technol\u00f3gi\u00ed m\u00f4\u017ee zlep\u0161i\u0165 \u00fa\u010das\u0165 a akademick\u00e9 v\u00fdsledky v ran\u00fdch \u0161t\u00e1di\u00e1ch, najm\u00e4 v kombin\u00e1cii s podporou u\u010dite\u013eov.<\/p>\n\n\n\n<p>Tieto \u00fadaje potvrdzuj\u00fa skuto\u010dn\u00fd vplyv <strong>Ako technol\u00f3gia sp\u00f4sobuje revol\u00faciu vo vzdel\u00e1van\u00ed det\u00ed.<\/strong> glob\u00e1lne.<\/p>\n\n\n\n<h2 class=\"wp-block-heading\"><strong>\u00daloha u\u010dite\u013ea v digit\u00e1lnom veku<\/strong><\/h2>\n\n\n\n<p>Technol\u00f3gia z\u010faleka nenahr\u00e1dza u\u010dite\u013ea, ale naopak, nanovo definuje jeho \u00falohu. U\u010dite\u013e sa st\u00e1va sprievodcom, facilit\u00e1torom a sprostredkovate\u013eom u\u010denia.<\/p>\n\n\n\n<p>Digit\u00e1lne n\u00e1stroje uvo\u013e\u0148uj\u00fa \u010das, ktor\u00fd ste predt\u00fdm str\u00e1vili opakuj\u00facimi sa \u00falohami, a umo\u017e\u0148uj\u00fa s\u00fastredi\u0165 sa na emocion\u00e1lny a soci\u00e1lny rozvoj \u0161tudentov.<\/p>\n\n\n\n<p>Okrem toho sa vzdel\u00e1vanie u\u010dite\u013eov v oblasti vzdel\u00e1vac\u00edch technol\u00f3gi\u00ed stalo nevyhnutn\u00fdm.<\/p>\n\n\n\n<p>Rovnov\u00e1ha medzi pedagogikou a digit\u00e1lnymi zdrojmi rozli\u0161uje medzi povrchn\u00fdm a transforma\u010dn\u00fdm pou\u017eit\u00edm.<\/p>\n\n\n\n<p>To vyvol\u00e1va k\u013e\u00fa\u010dov\u00fa ot\u00e1zku: vzdel\u00e1va technol\u00f3gia sama o sebe, alebo potrebuje vedom\u00e9 \u013eudsk\u00e9 vedenie?<\/p>\n\n\n\n<h2 class=\"wp-block-heading\"><strong>U\u010denie hrou: vzdel\u00e1vacia gamifik\u00e1cia<\/strong><\/h2>\n\n\n\n<p>Gamifik\u00e1cia zmenila vz\u0165ah det\u00ed k u\u010deniu. Vzdel\u00e1vacie hry, digit\u00e1lne v\u00fdzvy a symbolick\u00e9 odmeny povzbudzuj\u00fa akt\u00edvnu \u00fa\u010das\u0165 bez straty pedagogick\u00e9ho zamerania.<\/p>\n\n\n\n<p>Ke\u010f je u\u010denie spojen\u00e9 so zvedavos\u0165ou a rados\u0165ou, obsah sa lep\u0161ie vstreb\u00e1va.<\/p>\n\n\n\n<p>T\u00e1to metodika je obzvl\u00e1\u0161\u0165 \u00fa\u010dinn\u00e1 v oblastiach ako matematika, \u010d\u00edtanie a pr\u00edrodn\u00e9 vedy.<\/p>\n\n\n\n<p><strong>Pr\u00edklad 1:<\/strong> Z\u00e1kladn\u00e1 \u0161kola v Quer\u00e9taro integrovala digit\u00e1lne vzdel\u00e1vacie hry do hod\u00edn matematiky.<\/p>\n\n\n\n<p>Pod\u013ea intern\u00fdch spr\u00e1v \u0161koly sa za necel\u00fd \u0161kolsk\u00fd rok zv\u00fd\u0161ila \u00fa\u010das\u0165 a \u0161tudenti prejavili v\u00e4\u010d\u0161iu sebad\u00f4veru pri rie\u0161en\u00ed probl\u00e9mov.<\/p>\n\n\n\n<p>Tento typ sk\u00fasenosti ilustruje, ako <strong>Ako technol\u00f3gia sp\u00f4sobuje revol\u00faciu vo vzdel\u00e1van\u00ed det\u00ed.<\/strong> z motiv\u00e1cie.<\/p>\n\n\n\n<h2 class=\"wp-block-heading\"><strong>Inkluz\u00edvne a dostupn\u00e9 vzdel\u00e1vanie<\/strong><\/h2>\n\n\n\n<p>Technol\u00f3gia tie\u017e zni\u017euje bari\u00e9ry.<\/p>\n\n\n\n<p>N\u00e1stroje na asistovan\u00e9 \u010d\u00edtanie, automatick\u00e9 titulky a adapt\u00edvne platformy umo\u017e\u0148uj\u00fa de\u0165om s r\u00f4znymi schopnos\u0165ami pr\u00edstup ku kvalitn\u00e9mu vzdel\u00e1vaciemu obsahu.<\/p>\n\n\n\n<p>Vo vidieckych oblastiach alebo oblastiach s obmedzenou infra\u0161trukt\u00farou digit\u00e1lny pr\u00edstup roz\u0161iruje pr\u00edle\u017eitosti, ktor\u00e9 boli predt\u00fdm nemyslite\u013en\u00e9.<\/p>\n\n\n\n<p>Hoci digit\u00e1lne rozdiely pretrv\u00e1vaj\u00fa, pokrok je v\u00fdznamn\u00fd.<\/p>\n\n\n\n<p>Vn\u00fatri <strong>Ako technol\u00f3gia sp\u00f4sobuje revol\u00faciu vo vzdel\u00e1van\u00ed det\u00ed.<\/strong><\/p>\n\n\n\n<h2 class=\"wp-block-heading\"><strong>Rodina ako akt\u00edvna s\u00fa\u010das\u0165 v\u00fdchovno-vzdel\u00e1vacieho procesu<\/strong><\/h2>\n\n\n\n<p>Digit\u00e1lne vzdel\u00e1vanie sa nedeje len v \u0161kole.<\/p>\n\n\n\n<p>Rodi\u010dia a opatrovatelia sa akt\u00edvne zap\u00e1jaj\u00fa, monitoruj\u00fa obsah a podporuj\u00fa zodpovedn\u00e9 pou\u017e\u00edvanie technol\u00f3gi\u00ed.<\/p>\n\n\n\n<p>Vzdel\u00e1vacie platformy umo\u017e\u0148uj\u00fa rodin\u00e1m dozvedie\u0165 sa o pokroku, oblastiach na zlep\u0161enie a \u0161tudijn\u00fdch n\u00e1vykoch.<\/p>\n\n\n\n<p>T\u00e1to komunik\u00e1cia posil\u0148uje puto medzi domovom a \u0161kolou.<\/p>\n\n\n\n<p><strong>Pr\u00edklad 2:<\/strong> Matka v Monterrey pou\u017eila vzdel\u00e1vaciu aplik\u00e1ciu na podporu ka\u017edodenn\u00e9ho \u010d\u00edtania svojho syna.<\/p>\n\n\n\n<p>Poskytovan\u00edm personalizovan\u00fdch n\u00e1sledn\u00fdch krokov a n\u00e1vrhov si dok\u00e1zala posilni\u0165 svoj \u010ditate\u013esk\u00fd n\u00e1vyk bez toho, aby na \u0148u vyv\u00edjala tlak.<\/p>\n\n\n\n<p>T\u00e1to vedom\u00e1 podpora zvy\u0161uje technologick\u00e9 v\u00fdhody.<\/p>\n\n\n\n<h2 class=\"wp-block-heading\"><strong>Tabu\u013eka: Vplyv technol\u00f3gi\u00ed na vzdel\u00e1vanie v ranom detstve<\/strong><\/h2>\n\n\n\n<figure class=\"wp-block-table\"><table><thead><tr><th>Vzdel\u00e1vacia oblas\u0165<\/th><th>Technologick\u00fd pr\u00ednos<\/th><th>Hlavn\u00e1 v\u00fdhoda<\/th><\/tr><\/thead><tbody><tr><td>Personalizovan\u00e9 vzdel\u00e1vanie<\/td><td>Adapt\u00edvne platformy<\/td><td>Individu\u00e1lny rytmus<\/td><\/tr><tr><td>Motiv\u00e1cia<\/td><td>Gamifik\u00e1cia<\/td><td>V\u00e4\u010d\u0161ia \u00fa\u010das\u0165<\/td><\/tr><tr><td>Inkl\u00fazia<\/td><td>Pr\u00edstupn\u00e9 n\u00e1stroje<\/td><td>Rovnak\u00fd pr\u00edstup<\/td><\/tr><tr><td>Komunik\u00e1cia<\/td><td>Vzdel\u00e1vacie aplik\u00e1cie<\/td><td>Prepojenie rodiny a \u0161koly<\/td><\/tr><tr><td>Hodnotenie<\/td><td>Anal\u00fdza \u00fadajov<\/td><td>Nepretr\u017eit\u00e9 monitorovanie<\/td><\/tr><\/tbody><\/table><figcaption class=\"wp-element-caption\">Ako technol\u00f3gia sp\u00f4sobuje revol\u00faciu vo vzdel\u00e1van\u00ed det\u00ed.<\/figcaption><\/figure>\n\n\n\n<p>T\u00e1to tabu\u013eka sumarizuje, ako technol\u00f3gia ovplyv\u0148uje r\u00f4zne aspekty u\u010denia det\u00ed.<\/p>\n\n\n\n<figure class=\"wp-block-gallery has-nested-images columns-default is-cropped wp-block-gallery-2 is-layout-flex wp-block-gallery-is-layout-flex\">\n<figure class=\"wp-block-image size-full\"><img loading=\"lazy\" decoding=\"async\" width=\"450\" height=\"250\" data-id=\"10448\" src=\"https:\/\/universofamilia.com\/wp-content\/uploads\/sites\/148\/2025\/12\/Destaque-Novo-Universo-13.jpg\" alt=\"\" class=\"wp-image-10448\" srcset=\"http:\/\/universofamilia.com\/wp-content\/uploads\/sites\/148\/2025\/12\/Destaque-Novo-Universo-13.jpg 450w, http:\/\/universofamilia.com\/wp-content\/uploads\/sites\/148\/2025\/12\/Destaque-Novo-Universo-13-300x167.jpg 300w, http:\/\/universofamilia.com\/wp-content\/uploads\/sites\/148\/2025\/12\/Destaque-Novo-Universo-13-18x10.jpg 18w\" sizes=\"(max-width: 450px) 100vw, 450px\" \/><figcaption class=\"wp-element-caption\">Ako technol\u00f3gia sp\u00f4sobuje revol\u00faciu vo vzdel\u00e1van\u00ed det\u00ed.<\/figcaption><\/figure>\n<\/figure>\n\n\n\n<p>\u010c\u00edtajte viac:&nbsp;<a href=\"http:\/\/universofamilia.com\/sk\/como-resguardar-tu-informacion-personal-en-la-era-digital\/\">Ako chr\u00e1ni\u0165 svoje osobn\u00e9 \u00fadaje v digit\u00e1lnom veku<\/a><\/p>\n\n\n\n<h2 class=\"wp-block-heading\"><strong>V\u00fdzvy a zodpovedn\u00e9 pou\u017e\u00edvanie technol\u00f3gi\u00ed<\/strong><\/h2>\n\n\n\n<p>Nie ka\u017ed\u00fd pokrok je automatick\u00fd alebo bez riz\u00edk. Nadmern\u00fd \u010das str\u00e1ven\u00fd pred obrazovkou, nedostatok doh\u013eadu a nevhodn\u00fd obsah m\u00f4\u017eu negat\u00edvne ovplyvni\u0165 v\u00fdvoj die\u0165a\u0165a.<\/p>\n\n\n\n<p>Preto, <strong>Ako technol\u00f3gia sp\u00f4sobuje revol\u00faciu vo vzdel\u00e1van\u00ed det\u00ed.<\/strong><\/p>\n\n\n\n<p>Zah\u0155\u0148a to aj diskusiu o jasn\u00fdch hraniciach, vyv\u00e1\u017een\u00fdch harmonogramoch a starostlivom v\u00fdbere zdrojov.<\/p>\n\n\n\n<p>Efekt\u00edvne digit\u00e1lne vzdel\u00e1vanie kombinuje technol\u00f3gie s fyzick\u00fdmi aktivitami, soci\u00e1lnou interakciou a primeran\u00fdm odpo\u010dinkom.<\/p>\n\n\n\n<h2 class=\"wp-block-heading\"><strong>Anal\u00f3gia na pochopenie zmien vo vzdel\u00e1van\u00ed<\/strong><\/h2>\n\n\n\n<p>Technol\u00f3gia v pred\u0161kolskom vzdel\u00e1van\u00ed je ako kompas.<\/p>\n\n\n\n<p>Nekr\u00e1\u010da za die\u0165a, ale vedie ho po ceste. Bez doprovodu dospel\u00e9ho sa smer str\u00e1ca; s vedom\u00fdm veden\u00edm sa cesta st\u00e1va jasnou a obohacuj\u00facou.<\/p>\n\n\n\n<p>T\u00e1to anal\u00f3gia pom\u00e1ha pochopi\u0165, \u017ee hodnota nespo\u010d\u00edva v n\u00e1stroji, ale v tom, ako sa pou\u017e\u00edva.<\/p>\n\n\n\n<h2 class=\"wp-block-heading\"><strong>Pr\u00edprava na bud\u00facnos\u0165 od detstva<\/strong><\/h2>\n\n\n\n<p>Digit\u00e1lne zru\u010dnosti s\u00fa teraz s\u00fa\u010das\u0165ou z\u00e1kladnej gramotnosti.<\/p>\n\n\n\n<p>Logick\u00e9 myslenie, rie\u0161enie probl\u00e9mov a digit\u00e1lna kreativita pripravuj\u00fa deti na st\u00e1le nezn\u00e1my svet pr\u00e1ce.<\/p>\n\n\n\n<p>U\u010denie sa rozumn\u00e9ho pou\u017e\u00edvania technol\u00f3gi\u00ed od detstva zni\u017euje bud\u00face rozdiely a podporuje zodpovedn\u00fdch digit\u00e1lnych ob\u010danov.<\/p>\n\n\n\n<p>Vn\u00fatri <strong>Ako technol\u00f3gia sp\u00f4sobuje revol\u00faciu vo vzdel\u00e1van\u00ed det\u00ed.<\/strong>Tento dlhodob\u00fd pr\u00edstup je z\u00e1kladn\u00fd.<\/p>\n\n\n\n<h2 class=\"wp-block-heading\"><strong>Z\u00e1ver: revol\u00facia, ktor\u00e1 si vy\u017eaduje rovnov\u00e1hu<\/strong><\/h2>\n\n\n\n<p><strong>Ako technol\u00f3gia sp\u00f4sobuje revol\u00faciu vo vzdel\u00e1van\u00ed det\u00ed.<\/strong> Nejde o nahradenie tradi\u010dn\u00fdch met\u00f3d, ale o ich inteligentn\u00fa integr\u00e1ciu.<\/p>\n\n\n\n<p>Technol\u00f3gia roz\u0161iruje mo\u017enosti, ale u\u010denie zost\u00e1va \u013eudsk\u00fdm procesom.<\/p>\n\n\n\n<p>Ke\u010f \u0161koly, u\u010ditelia a rodiny pracuj\u00fa koordinovane, vzdel\u00e1vanie v ranom detstve sa st\u00e1va inkluz\u00edvnej\u0161\u00edm, motivuj\u00facej\u0161\u00edm a efekt\u00edvnej\u0161\u00edm.<\/p>\n\n\n\n<p>Skuto\u010dn\u00fd pokrok nast\u00e1va vtedy, ke\u010f sa technologick\u00e9 inov\u00e1cie spoja so sol\u00eddnymi vzdel\u00e1vac\u00edmi hodnotami.<\/p>\n\n\n\n<p>\u010c\u00edtajte viac:&nbsp;<a href=\"http:\/\/universofamilia.com\/sk\/vpn-para-principiantes-por-que-usar-una-y-como-elegir-la-mejor\/\">VPN pre za\u010diato\u010dn\u00edkov: pre\u010do ju pou\u017e\u00edva\u0165 a ako si vybra\u0165 t\u00fa najlep\u0161iu.<\/a><\/p>\n\n\n\n<h2 class=\"wp-block-heading\"><strong>\u010casto kladen\u00e9 ot\u00e1zky o technol\u00f3gi\u00e1ch a vzdel\u00e1van\u00ed v ranom detstve<\/strong><\/h2>\n\n\n\n<p><strong>Dok\u00e1\u017ee technol\u00f3gia nahradi\u0165 u\u010dite\u013ea?<\/strong><br>Nie. Technol\u00f3gia dop\u013a\u0148a v\u00fdu\u010dbu, ale \u013eudsk\u00e1 \u00faloha zost\u00e1va nevyhnutn\u00e1.<\/p>\n\n\n\n<p><strong>V akom veku sa odpor\u00fa\u010da zav\u00e1dza\u0165 digit\u00e1lne n\u00e1stroje?<\/strong><br>Z\u00e1le\u017e\u00ed to od obsahu a doh\u013eadu. D\u00f4le\u017eit\u00e1 je kvalita pou\u017e\u00edvania, nielen vek.<\/p>\n\n\n\n<p><strong>Ovplyv\u0148uje pou\u017e\u00edvanie technol\u00f3gi\u00ed pozornos\u0165 det\u00ed?<\/strong><br>Nadmern\u00e9 u\u017e\u00edvanie m\u00f4\u017ee ma\u0165 negat\u00edvny vplyv, ale vyv\u00e1\u017een\u00fd pr\u00edstup zlep\u0161uje motiv\u00e1ciu.<\/p>\n\n\n\n<p><strong>Musia by\u0165 v\u0161etky \u0161koly plne digitalizovan\u00e9?<\/strong><br>Nie nevyhnutne. K\u013e\u00fa\u010dom je integrova\u0165 technol\u00f3giu pod\u013ea kontextu a skuto\u010dn\u00fdch potrieb.<\/p>\n\n\n\n<p>Uchopi\u0165 <strong>Ako technol\u00f3gia sp\u00f4sobuje revol\u00faciu vo vzdel\u00e1van\u00ed det\u00ed.<\/strong> Umo\u017e\u0148uje prij\u00edma\u0165 informovan\u00e9 rozhodnutia v k\u013e\u00fa\u010dovom momente pre rozvoj nov\u00fdch gener\u00e1ci\u00ed.<\/p>","protected":false},"excerpt":{"rendered":"<p>C\u00f3mo la tecnolog\u00eda est\u00e1 revolucionando la educaci\u00f3n de los ni\u00f1os. ya no es una idea futurista ni un concepto experimental. En 2025, se trata de una transformaci\u00f3n visible en aulas, hogares y espacios de aprendizaje h\u00edbridos, donde la tecnolog\u00eda dej\u00f3 de ser un complemento para convertirse en un medio clave de desarrollo educativo, cognitivo y [&hellip;]<\/p>","protected":false},"author":219,"featured_media":10446,"comment_status":"closed","ping_status":"open","sticky":false,"template":"","format":"standard","meta":{"footnotes":""},"categories":[3],"tags":[],"yoast_head":"<!-- This site is optimized with the Yoast SEO plugin v23.3 - https:\/\/yoast.com\/wordpress\/plugins\/seo\/ -->\n<title>C\u00f3mo la tecnolog\u00eda est\u00e1 revolucionando la educaci\u00f3n de los ni\u00f1os - Universo Fam\u00edlia<\/title>\n<meta name=\"description\" content=\"C\u00f3mo la tecnolog\u00eda est\u00e1 revolucionando la educaci\u00f3n de los ni\u00f1os. ya no es una idea futurista ni un concepto experimental.v\" \/>\n<meta name=\"robots\" content=\"index, follow, max-snippet:-1, max-image-preview:large, max-video-preview:-1\" \/>\n<link rel=\"canonical\" href=\"https:\/\/universofamilia.com\/sk\/como-la-tecnologia-esta-revolucionando\/\" \/>\n<meta property=\"og:locale\" content=\"sk_SK\" \/>\n<meta property=\"og:type\" content=\"article\" \/>\n<meta property=\"og:title\" content=\"C\u00f3mo la tecnolog\u00eda est\u00e1 revolucionando la educaci\u00f3n de los ni\u00f1os - Universo Fam\u00edlia\" \/>\n<meta property=\"og:description\" content=\"C\u00f3mo la tecnolog\u00eda est\u00e1 revolucionando la educaci\u00f3n de los ni\u00f1os. ya no es una idea futurista ni un concepto experimental.v\" \/>\n<meta property=\"og:url\" content=\"https:\/\/universofamilia.com\/sk\/como-la-tecnologia-esta-revolucionando\/\" \/>\n<meta property=\"og:site_name\" content=\"Universo Fam\u00edlia\" \/>\n<meta property=\"article:published_time\" content=\"2025-12-22T15:02:51+00:00\" \/>\n<meta property=\"article:modified_time\" content=\"2025-12-22T15:17:29+00:00\" \/>\n<meta property=\"og:image\" content=\"https:\/\/universofamilia.com\/wp-content\/uploads\/sites\/148\/2025\/12\/Destaque-Novo-Universo-12.jpg\" \/>\n\t<meta property=\"og:image:width\" content=\"450\" \/>\n\t<meta property=\"og:image:height\" content=\"250\" \/>\n\t<meta property=\"og:image:type\" content=\"image\/jpeg\" \/>\n<meta name=\"author\" content=\"Matheus Sangaletti\" \/>\n<meta name=\"twitter:card\" content=\"summary_large_image\" \/>\n<meta name=\"twitter:label1\" content=\"Written by\" \/>\n\t<meta name=\"twitter:data1\" content=\"Matheus Sangaletti\" \/>\n\t<meta name=\"twitter:label2\" content=\"Est. reading time\" \/>\n\t<meta name=\"twitter:data2\" content=\"8 min\u00fat\" \/>\n<script type=\"application\/ld+json\" class=\"yoast-schema-graph\">{\"@context\":\"https:\/\/schema.org\",\"@graph\":[{\"@type\":\"WebPage\",\"@id\":\"https:\/\/universofamilia.com\/hu\/como-la-tecnologia-esta-revolucionando\/\",\"url\":\"https:\/\/universofamilia.com\/hu\/como-la-tecnologia-esta-revolucionando\/\",\"name\":\"C\u00f3mo la tecnolog\u00eda est\u00e1 revolucionando la educaci\u00f3n de los ni\u00f1os - Universo Fam\u00edlia\",\"isPartOf\":{\"@id\":\"http:\/\/universofamilia.com\/zh_hk\/#website\"},\"primaryImageOfPage\":{\"@id\":\"https:\/\/universofamilia.com\/hu\/como-la-tecnologia-esta-revolucionando\/#primaryimage\"},\"image\":{\"@id\":\"https:\/\/universofamilia.com\/hu\/como-la-tecnologia-esta-revolucionando\/#primaryimage\"},\"thumbnailUrl\":\"http:\/\/universofamilia.com\/wp-content\/uploads\/sites\/148\/2025\/12\/Destaque-Novo-Universo-12.jpg\",\"datePublished\":\"2025-12-22T15:02:51+00:00\",\"dateModified\":\"2025-12-22T15:17:29+00:00\",\"author\":{\"@id\":\"http:\/\/universofamilia.com\/zh_hk\/#\/schema\/person\/92fcd07e9b1f4323bf74f3170fc0f78a\"},\"description\":\"C\u00f3mo la tecnolog\u00eda est\u00e1 revolucionando la educaci\u00f3n de los ni\u00f1os. ya no es una idea futurista ni un concepto experimental.v\",\"breadcrumb\":{\"@id\":\"https:\/\/universofamilia.com\/hu\/como-la-tecnologia-esta-revolucionando\/#breadcrumb\"},\"inLanguage\":\"sk-SK\",\"potentialAction\":[{\"@type\":\"ReadAction\",\"target\":[\"https:\/\/universofamilia.com\/hu\/como-la-tecnologia-esta-revolucionando\/\"]}]},{\"@type\":\"ImageObject\",\"inLanguage\":\"sk-SK\",\"@id\":\"https:\/\/universofamilia.com\/hu\/como-la-tecnologia-esta-revolucionando\/#primaryimage\",\"url\":\"http:\/\/universofamilia.com\/wp-content\/uploads\/sites\/148\/2025\/12\/Destaque-Novo-Universo-12.jpg\",\"contentUrl\":\"http:\/\/universofamilia.com\/wp-content\/uploads\/sites\/148\/2025\/12\/Destaque-Novo-Universo-12.jpg\",\"width\":450,\"height\":250,\"caption\":\"C\u00f3mo la tecnolog\u00eda est\u00e1 revolucionando la educaci\u00f3n de los ni\u00f1os.\"},{\"@type\":\"BreadcrumbList\",\"@id\":\"https:\/\/universofamilia.com\/hu\/como-la-tecnologia-esta-revolucionando\/#breadcrumb\",\"itemListElement\":[{\"@type\":\"ListItem\",\"position\":1,\"name\":\"Home\",\"item\":\"http:\/\/universofamilia.com\/zh_hk\/\"},{\"@type\":\"ListItem\",\"position\":2,\"name\":\"C\u00f3mo la tecnolog\u00eda est\u00e1 revolucionando la educaci\u00f3n de los ni\u00f1os\"}]},{\"@type\":\"WebSite\",\"@id\":\"http:\/\/universofamilia.com\/zh_hk\/#website\",\"url\":\"http:\/\/universofamilia.com\/zh_hk\/\",\"name\":\"Universo Fam\u00edlia\",\"description\":\"\",\"potentialAction\":[{\"@type\":\"SearchAction\",\"target\":{\"@type\":\"EntryPoint\",\"urlTemplate\":\"http:\/\/universofamilia.com\/zh_hk\/?s={search_term_string}\"},\"query-input\":\"required name=search_term_string\"}],\"inLanguage\":\"sk-SK\"},{\"@type\":\"Person\",\"@id\":\"http:\/\/universofamilia.com\/zh_hk\/#\/schema\/person\/92fcd07e9b1f4323bf74f3170fc0f78a\",\"name\":\"Matheus Sangaletti\",\"image\":{\"@type\":\"ImageObject\",\"inLanguage\":\"sk-SK\",\"@id\":\"http:\/\/universofamilia.com\/zh_hk\/#\/schema\/person\/image\/\",\"url\":\"http:\/\/2.gravatar.com\/avatar\/280ea957a14a48e6a1ad2133d2cc27c9?s=96&d=mm&r=g\",\"contentUrl\":\"http:\/\/2.gravatar.com\/avatar\/280ea957a14a48e6a1ad2133d2cc27c9?s=96&d=mm&r=g\",\"caption\":\"Matheus Sangaletti\"},\"url\":\"http:\/\/universofamilia.com\/sk\/author\/matheuss\/\"}]}<\/script>\n<!-- \/ Yoast SEO plugin. -->","yoast_head_json":{"title":"C\u00f3mo la tecnolog\u00eda est\u00e1 revolucionando la educaci\u00f3n de los ni\u00f1os - Universo Fam\u00edlia","description":"C\u00f3mo la tecnolog\u00eda est\u00e1 revolucionando la educaci\u00f3n de los ni\u00f1os. ya no es una idea futurista ni un concepto experimental.v","robots":{"index":"index","follow":"follow","max-snippet":"max-snippet:-1","max-image-preview":"max-image-preview:large","max-video-preview":"max-video-preview:-1"},"canonical":"https:\/\/universofamilia.com\/sk\/como-la-tecnologia-esta-revolucionando\/","og_locale":"sk_SK","og_type":"article","og_title":"C\u00f3mo la tecnolog\u00eda est\u00e1 revolucionando la educaci\u00f3n de los ni\u00f1os - Universo Fam\u00edlia","og_description":"C\u00f3mo la tecnolog\u00eda est\u00e1 revolucionando la educaci\u00f3n de los ni\u00f1os. ya no es una idea futurista ni un concepto experimental.v","og_url":"https:\/\/universofamilia.com\/sk\/como-la-tecnologia-esta-revolucionando\/","og_site_name":"Universo Fam\u00edlia","article_published_time":"2025-12-22T15:02:51+00:00","article_modified_time":"2025-12-22T15:17:29+00:00","og_image":[{"width":450,"height":250,"url":"https:\/\/universofamilia.com\/wp-content\/uploads\/sites\/148\/2025\/12\/Destaque-Novo-Universo-12.jpg","type":"image\/jpeg"}],"author":"Matheus Sangaletti","twitter_card":"summary_large_image","twitter_misc":{"Written by":"Matheus Sangaletti","Est. reading time":"8 min\u00fat"},"schema":{"@context":"https:\/\/schema.org","@graph":[{"@type":"WebPage","@id":"https:\/\/universofamilia.com\/hu\/como-la-tecnologia-esta-revolucionando\/","url":"https:\/\/universofamilia.com\/hu\/como-la-tecnologia-esta-revolucionando\/","name":"C\u00f3mo la tecnolog\u00eda est\u00e1 revolucionando la educaci\u00f3n de los ni\u00f1os - Universo Fam\u00edlia","isPartOf":{"@id":"http:\/\/universofamilia.com\/zh_hk\/#website"},"primaryImageOfPage":{"@id":"https:\/\/universofamilia.com\/hu\/como-la-tecnologia-esta-revolucionando\/#primaryimage"},"image":{"@id":"https:\/\/universofamilia.com\/hu\/como-la-tecnologia-esta-revolucionando\/#primaryimage"},"thumbnailUrl":"http:\/\/universofamilia.com\/wp-content\/uploads\/sites\/148\/2025\/12\/Destaque-Novo-Universo-12.jpg","datePublished":"2025-12-22T15:02:51+00:00","dateModified":"2025-12-22T15:17:29+00:00","author":{"@id":"http:\/\/universofamilia.com\/zh_hk\/#\/schema\/person\/92fcd07e9b1f4323bf74f3170fc0f78a"},"description":"C\u00f3mo la tecnolog\u00eda est\u00e1 revolucionando la educaci\u00f3n de los ni\u00f1os. ya no es una idea futurista ni un concepto experimental.v","breadcrumb":{"@id":"https:\/\/universofamilia.com\/hu\/como-la-tecnologia-esta-revolucionando\/#breadcrumb"},"inLanguage":"sk-SK","potentialAction":[{"@type":"ReadAction","target":["https:\/\/universofamilia.com\/hu\/como-la-tecnologia-esta-revolucionando\/"]}]},{"@type":"ImageObject","inLanguage":"sk-SK","@id":"https:\/\/universofamilia.com\/hu\/como-la-tecnologia-esta-revolucionando\/#primaryimage","url":"http:\/\/universofamilia.com\/wp-content\/uploads\/sites\/148\/2025\/12\/Destaque-Novo-Universo-12.jpg","contentUrl":"http:\/\/universofamilia.com\/wp-content\/uploads\/sites\/148\/2025\/12\/Destaque-Novo-Universo-12.jpg","width":450,"height":250,"caption":"C\u00f3mo la tecnolog\u00eda est\u00e1 revolucionando la educaci\u00f3n de los ni\u00f1os."},{"@type":"BreadcrumbList","@id":"https:\/\/universofamilia.com\/hu\/como-la-tecnologia-esta-revolucionando\/#breadcrumb","itemListElement":[{"@type":"ListItem","position":1,"name":"Home","item":"http:\/\/universofamilia.com\/zh_hk\/"},{"@type":"ListItem","position":2,"name":"C\u00f3mo la tecnolog\u00eda est\u00e1 revolucionando la educaci\u00f3n de los ni\u00f1os"}]},{"@type":"WebSite","@id":"http:\/\/universofamilia.com\/zh_hk\/#website","url":"http:\/\/universofamilia.com\/zh_hk\/","name":"Universo Fam\u00edlia","description":"","potentialAction":[{"@type":"SearchAction","target":{"@type":"EntryPoint","urlTemplate":"http:\/\/universofamilia.com\/zh_hk\/?s={search_term_string}"},"query-input":"required name=search_term_string"}],"inLanguage":"sk-SK"},{"@type":"Person","@id":"http:\/\/universofamilia.com\/zh_hk\/#\/schema\/person\/92fcd07e9b1f4323bf74f3170fc0f78a","name":"Matheus Sangaletti","image":{"@type":"ImageObject","inLanguage":"sk-SK","@id":"http:\/\/universofamilia.com\/zh_hk\/#\/schema\/person\/image\/","url":"http:\/\/2.gravatar.com\/avatar\/280ea957a14a48e6a1ad2133d2cc27c9?s=96&d=mm&r=g","contentUrl":"http:\/\/2.gravatar.com\/avatar\/280ea957a14a48e6a1ad2133d2cc27c9?s=96&d=mm&r=g","caption":"Matheus Sangaletti"},"url":"http:\/\/universofamilia.com\/sk\/author\/matheuss\/"}]}},"_links":{"self":[{"href":"http:\/\/universofamilia.com\/sk\/wp-json\/wp\/v2\/posts\/10445"}],"collection":[{"href":"http:\/\/universofamilia.com\/sk\/wp-json\/wp\/v2\/posts"}],"about":[{"href":"http:\/\/universofamilia.com\/sk\/wp-json\/wp\/v2\/types\/post"}],"author":[{"embeddable":true,"href":"http:\/\/universofamilia.com\/sk\/wp-json\/wp\/v2\/users\/219"}],"replies":[{"embeddable":true,"href":"http:\/\/universofamilia.com\/sk\/wp-json\/wp\/v2\/comments?post=10445"}],"version-history":[{"count":3,"href":"http:\/\/universofamilia.com\/sk\/wp-json\/wp\/v2\/posts\/10445\/revisions"}],"predecessor-version":[{"id":10456,"href":"http:\/\/universofamilia.com\/sk\/wp-json\/wp\/v2\/posts\/10445\/revisions\/10456"}],"wp:featuredmedia":[{"embeddable":true,"href":"http:\/\/universofamilia.com\/sk\/wp-json\/wp\/v2\/media\/10446"}],"wp:attachment":[{"href":"http:\/\/universofamilia.com\/sk\/wp-json\/wp\/v2\/media?parent=10445"}],"wp:term":[{"taxonomy":"category","embeddable":true,"href":"http:\/\/universofamilia.com\/sk\/wp-json\/wp\/v2\/categories?post=10445"},{"taxonomy":"post_tag","embeddable":true,"href":"http:\/\/universofamilia.com\/sk\/wp-json\/wp\/v2\/tags?post=10445"}],"curies":[{"name":"wp","href":"https:\/\/api.w.org\/{rel}","templated":true}]}}