{"id":10459,"date":"2025-12-26T11:16:37","date_gmt":"2025-12-26T14:16:37","guid":{"rendered":"https:\/\/universofamilia.com\/?p=10459"},"modified":"2025-12-26T11:16:39","modified_gmt":"2025-12-26T14:16:39","slug":"como-prepararse-para-entrevistas-de-trabajo-virtuales","status":"publish","type":"post","link":"http:\/\/universofamilia.com\/sk\/como-prepararse-para-entrevistas-de-trabajo-virtuales\/","title":{"rendered":"Ako sa pripravi\u0165 na virtu\u00e1lne pracovn\u00e9 pohovory"},"content":{"rendered":"<p class=\"has-text-align-center\"><strong>Ako sa pripravi\u0165 na virtu\u00e1lne pracovn\u00e9 pohovory<\/strong> Do roku 2025 sa stala nevyhnutnou profesion\u00e1lnou zru\u010dnos\u0165ou.<\/p>\n\n\n\n<figure class=\"wp-block-gallery has-nested-images columns-default is-cropped wp-block-gallery-1 is-layout-flex wp-block-gallery-is-layout-flex\">\n<figure class=\"wp-block-image size-full\"><img loading=\"lazy\" decoding=\"async\" width=\"450\" height=\"250\" data-id=\"10461\" src=\"https:\/\/universofamilia.com\/wp-content\/uploads\/sites\/148\/2025\/12\/Destaque-Novo-Universo-16-1.jpg\" alt=\"\" class=\"wp-image-10461\" srcset=\"http:\/\/universofamilia.com\/wp-content\/uploads\/sites\/148\/2025\/12\/Destaque-Novo-Universo-16-1.jpg 450w, http:\/\/universofamilia.com\/wp-content\/uploads\/sites\/148\/2025\/12\/Destaque-Novo-Universo-16-1-300x167.jpg 300w, http:\/\/universofamilia.com\/wp-content\/uploads\/sites\/148\/2025\/12\/Destaque-Novo-Universo-16-1-18x10.jpg 18w\" sizes=\"(max-width: 450px) 100vw, 450px\" \/><figcaption class=\"wp-element-caption\">Ako sa pripravi\u0165 na virtu\u00e1lne pracovn\u00e9 pohovory<\/figcaption><\/figure>\n<\/figure>\n\n\n\n<p class=\"has-text-align-center\">Rast pr\u00e1ce na dia\u013eku, hybridn\u00e9 n\u00e1borov\u00e9 procesy a digitaliz\u00e1cia talentov nav\u017edy zmenili sp\u00f4sob, ak\u00fdm spolo\u010dnosti hodnotia kandid\u00e1tov.<\/p>\n\n\n\n<p>Ma\u0165 dobr\u00fd \u017eivotopis u\u017e nesta\u010d\u00ed: teraz z\u00e1le\u017e\u00ed aj na tom, ako komunikujete prostredn\u00edctvom obrazovky, ako zvl\u00e1date technol\u00f3gie a ak\u00ed autentick\u00ed dok\u00e1\u017eete by\u0165 v digit\u00e1lnom prostred\u00ed.<\/p>\n\n\n\n<p>Predt\u00fdm, ako sa do toho pust\u00edme hlb\u0161ie, je vhodn\u00e9 uvies\u0165 stru\u010dn\u00e9 zhrnutie, ktor\u00e9 usmern\u00ed \u010d\u00edtanie: pre\u010do s\u00fa virtu\u00e1lne pohovory teraz normou a ak\u00e9 chyby na\u010falej stoja pr\u00edle\u017eitosti.<\/p>\n\n\n\n<p>Ako pripravi\u0165 prostredie a technol\u00f3gie, \u010do n\u00e1bor\u00e1ri skuto\u010dne hodnotia, k\u013e\u00fa\u010dov\u00e1 \u0161tatistika, dva pr\u00edklady z re\u00e1lneho sveta, objas\u0148uj\u00faca anal\u00f3gia, praktick\u00e1 tabu\u013eka a jasn\u00e9 odpovede na \u010dasto kladen\u00e9 ot\u00e1zky.<\/p>\n\n\n\n<h2 class=\"wp-block-heading\"><strong>Nov\u00fd kontext virtu\u00e1lnych pohovorov v roku 2025<\/strong><\/h2>\n\n\n\n<p>Virtu\u00e1lne pohovory u\u017e nie s\u00fa do\u010dasn\u00fdm rie\u0161en\u00edm. Platformy ako Zoom, Microsoft Teams a Google Meet sa pevne integrovali do n\u00e1borov\u00fdch procesov, a to aj v tradi\u010dn\u00fdch spolo\u010dnostiach.<\/p>\n\n\n\n<p>Tento form\u00e1t umo\u017e\u0148uje zn\u00ed\u017eenie n\u00e1kladov, roz\u0161\u00edrenie glob\u00e1lneho dosahu talentov a r\u00fdchlej\u0161ie rozhodovanie.<\/p>\n\n\n\n<p>Zmena v\u0161ak z\u00e1rove\u0148 zv\u00fd\u0161ila latku.<\/p>\n\n\n\n<p>T\u00ed, ktor\u00ed sa z\u00fa\u010dastnia online pohovoru, preukazuj\u00fa nielen technick\u00e9 znalosti, ale aj digit\u00e1lne zru\u010dnosti, jasn\u00fa komunik\u00e1ciu a prisp\u00f4sobivos\u0165.<\/p>\n\n\n\n<p>Pr\u00edprava u\u017e nie je dobrovo\u013en\u00e1; rozhoduje o tom, \u010di post\u00fapite alebo zostanete pozadu.<\/p>\n\n\n\n<h2 class=\"wp-block-heading\"><strong>\u010co h\u013eadaj\u00fa n\u00e1bor\u00e1ri na dne\u0161nom virtu\u00e1lnom pohovore<\/strong><\/h2>\n\n\n\n<p>Mnoho kandid\u00e1tov si mysl\u00ed, \u017ee n\u00e1bor\u00e1r hodnot\u00ed iba odpovede. V skuto\u010dnosti anal\u00fdza ide ove\u013ea \u010falej.<\/p>\n\n\n\n<p>Pozorujeme ich sp\u00f4sob vyjadrovania, ich schopnos\u0165 syntetizova\u0165 inform\u00e1cie, ich re\u010d tela pred kamerou a ich rie\u0161enie neo\u010dak\u00e1van\u00fdch technick\u00fdch probl\u00e9mov.<\/p>\n\n\n\n<p>Pod\u013ea spr\u00e1vy od <strong>Spr\u00e1va o vzdel\u00e1van\u00ed na pracovisku na LinkedIn<\/strong>viac ako <strong>70 % n\u00e1bor\u00e1rov pova\u017euje komunika\u010dn\u00e9 zru\u010dnosti a zru\u010dnosti v oblasti digit\u00e1lnej adaptability za rovnako d\u00f4le\u017eit\u00e9 ako technick\u00e9 znalosti.<\/strong> vo virtu\u00e1lnych procesoch.<\/p>\n\n\n\n<p>Tieto \u00fadaje potvrdzuj\u00fa, \u017ee pr\u00edprava mus\u00ed by\u0165 komplexn\u00e1 a neobmedzova\u0165 sa len na odborn\u00fa diskusiu.<\/p>\n\n\n\n<h2 class=\"wp-block-heading\"><strong>Technick\u00e1 pr\u00edprava: z\u00e1klad, ktor\u00fd nenech\u00e1va priestor na chyby<\/strong><\/h2>\n\n\n\n<p>Hoci sa to m\u00f4\u017ee zda\u0165 zrejm\u00e9, mnoho procesov sa strat\u00ed kv\u00f4li jednoduch\u00fdm chyb\u00e1m. Zl\u00e9 pripojenie, chybn\u00fd mikrof\u00f3n alebo hlu\u010dn\u00e9 prostredie vytv\u00e1raj\u00fa okam\u017eit\u00fd negat\u00edvny dojem.<\/p>\n\n\n\n<p>Odpor\u00fa\u010da sa skontrolova\u0165 technol\u00f3giu aspo\u0148 de\u0148 vopred. Kamera vo v\u00fd\u0161ke o\u010d\u00ed, \u010dist\u00fd zvuk a stabiln\u00e9 pripojenie sved\u010dia o profesionalite.<\/p>\n\n\n\n<p>Okrem toho, zatvorenie nepotrebn\u00fdch aplik\u00e1ci\u00ed zabra\u0148uje neo\u010dak\u00e1van\u00fdm preru\u0161eniam.<\/p>\n\n\n\n<p>Tu prich\u00e1dza na rad m\u00e1lo spom\u00ednan\u00e9 pravidlo: jednoduchos\u0165.<\/p>\n\n\n\n<p>\u00dah\u013eadn\u00e9 a neutr\u00e1lne pozadie vyjadruje s\u00fastredenos\u0165. Nejde o to, aby ste zap\u00f4sobili technol\u00f3giou, ale o u\u013eah\u010denie konverz\u00e1cie.<\/p>\n\n\n\n<h2 class=\"wp-block-heading\"><strong>\u017divotn\u00e9 prostredie: d\u00f4le\u017eitej\u0161ie, ne\u017e si predstavujete<\/strong><\/h2>\n\n\n\n<p>Priestor, z ktor\u00e9ho sa prip\u00e1jate, tie\u017e nie\u010do komunikuje. Prirodzen\u00e9 svetlo, \u010dist\u00e1 stena alebo diskr\u00e9tne virtu\u00e1lne pozadie a pohodln\u00e1 stoli\u010dka, to v\u0161etko ovplyv\u0148uje v\u00e1\u0161 v\u00fdkon.<\/p>\n\n\n\n<p>Vzpriamen\u00fd postoj vy\u017earuje sebavedomie a energiu, a to aj cez obrazovku.<\/p>\n\n\n\n<p>Okrem toho, informovanie bl\u00edzkych kontaktov, aby sa predi\u0161lo preru\u0161eniu, preukazuje predv\u00eddavos\u0165. Tento detail, hoci sa \u010dasto prehliada, zni\u017euje stres a zlep\u0161uje plynulos\u0165 komunik\u00e1cie.<\/p>\n\n\n\n<h2 class=\"wp-block-heading\"><strong>Verb\u00e1lna a neverb\u00e1lna komunik\u00e1cia na obrazovke<\/strong><\/h2>\n\n\n\n<p>Rozpr\u00e1vanie pred kamerou si vy\u017eaduje \u00fapravy. Poh\u013ead priamo do objekt\u00edvu a nie na vlastn\u00fd obraz vytv\u00e1ra pocit o\u010dn\u00e9ho kontaktu.<\/p>\n\n\n\n<p>Modul\u00e1cia hlasu, pauzy a vyh\u00fdbanie sa vulg\u00e1rnym slov\u00e1m posil\u0148uj\u00fa jasnos\u0165 posolstva.<\/p>\n\n\n\n<p>V\u00fdrazy tv\u00e1re s\u00fa tie\u017e d\u00f4le\u017eit\u00e9. Prirodzen\u00fd \u00fasmev, prikyvovanie a prejavovanie z\u00e1ujmu udr\u017eiavaj\u00fa \u013eudsk\u00e9 spojenie.<\/p>\n\n\n\n<p>Aj ke\u010f je prostredie digit\u00e1lne, pohovor je st\u00e1le konverz\u00e1ciou medzi \u013eu\u010fmi.<\/p>\n\n\n\n<p>To vyvol\u00e1va k\u013e\u00fa\u010dov\u00fa ot\u00e1zku na zamyslenie: <strong>Ak by mal n\u00e1bor\u00e1r iba v\u00e1\u0161 imid\u017e a v\u00e1\u0161 hlas, ak\u00fd profesion\u00e1lny pr\u00edbeh by vn\u00edmal?<\/strong><\/p>\n\n\n\n<h2 class=\"wp-block-heading\"><strong>Ako strategicky \u0161trukt\u00farova\u0165 odpovede<\/strong><\/h2>\n\n\n\n<p>Improviz\u00e1cia zriedka funguje. Pr\u00edprava odpoved\u00ed s konkr\u00e9tnymi pr\u00edkladmi dod\u00e1va d\u00f4veryhodnos\u0165.<\/p>\n\n\n\n<p>U\u017eito\u010dnou technikou je stru\u010dne op\u00edsa\u0165 situ\u00e1ciu, vysvetli\u0165 vykonan\u00e9 kroky a na z\u00e1ver uvies\u0165 dosiahnut\u00fd v\u00fdsledok.<\/p>\n\n\n\n<h3 class=\"wp-block-heading\"><strong>Pr\u00edklad 1<\/strong><\/h3>\n\n\n\n<p>Kandid\u00e1tka na poz\u00edciu v digit\u00e1lnom marketingu vysvetlila, ako po\u010das kr\u00edzy prisp\u00f4sobila osobn\u00fa kampa\u0148 online form\u00e1tu, pri\u010dom zd\u00f4raznila skuto\u010dn\u00e9 konverzn\u00e9 metriky.<\/p>\n\n\n\n<p>Jasnos\u0165 a zameranie na v\u00fdsledky posilnili jej profil, a to aj bez predch\u00e1dzaj\u00facich sk\u00fasenost\u00ed s pr\u00e1cou na dia\u013eku.<\/p>\n\n\n\n<p>Tento typ rozpr\u00e1vania sp\u00e1ja sk\u00fasenos\u0165 so s\u00fa\u010dasn\u00fdm kontextom, \u010do je vo virtu\u00e1lnych rozhovoroch vysoko cenen\u00e9.<\/p>\n\n\n\n<h2 class=\"wp-block-heading\"><strong>Profesion\u00e1lne oble\u010denie a vzh\u013ead<\/strong><\/h2>\n\n\n\n<p>Aj ke\u010f sa pohovor kon\u00e1 z domu, imid\u017e by mal by\u0165 v s\u00falade s firemnou kult\u00farou.<\/p>\n\n\n\n<p>Profesion\u00e1lne oble\u010denie, tlmen\u00e9 farby a vyh\u00fdbanie sa krik\u013eav\u00fdm potla\u010diam pom\u00e1haj\u00fa udr\u017ea\u0165 s\u00fastredenie na prejav.<\/p>\n\n\n\n<p>Vhodn\u00e9 obliekanie ovplyv\u0148uje aj postoj. Oble\u010denie sl\u00fa\u017ei ako psychologick\u00e1 kotva, ktor\u00e1 pripravuje myse\u013e na sebavedomej\u0161\u00ed a s\u00fastredenej\u0161\u00ed v\u00fdkon.<\/p>\n\n\n\n<h2 class=\"wp-block-heading\"><strong>Predch\u00e1dzaj\u00faci v\u00fdskum: tich\u00fd diferenci\u00e1l<\/strong><\/h2>\n\n\n\n<p>Znalos\u0165 spolo\u010dnosti, jej kult\u00fary a aktu\u00e1lnych v\u00fdziev sved\u010d\u00ed o \u00faprimnom z\u00e1ujme.<\/p>\n\n\n\n<p>Prezeranie ich webovej str\u00e1nky, profesion\u00e1lnych siet\u00ed a najnov\u0161\u00edch spr\u00e1v v\u00e1m umo\u017e\u0148uje formulova\u0165 inteligentn\u00e9 ot\u00e1zky.<\/p>\n\n\n\n<p>V\u00fdskumn\u00edci preukazuj\u00fa odhodlanie. Okrem toho, prepojenie va\u0161ich zru\u010dnost\u00ed so skuto\u010dn\u00fdmi obchodn\u00fdmi potrebami posil\u0148uje vn\u00edmanie hodnoty.<\/p>\n\n\n\n<h2 class=\"wp-block-heading\"><strong>Anal\u00f3gia, ktor\u00e1 vysvet\u013euje v\u0161etko<\/strong><\/h2>\n\n\n\n<p>Pr\u00edprava na virtu\u00e1lny pohovor je ve\u013emi podobn\u00e1 <strong>naladi\u0165 n\u00e1stroj pred koncertom<\/strong>Talent u\u017e existuje, ale bez predch\u00e1dzaj\u00facej \u00fapravy zvuk str\u00e1ca svoju silu.<\/p>\n\n\n\n<p>Pr\u00edprava nemen\u00ed to, k\u00fdm ste, len umo\u017e\u0148uje jasne prejavi\u0165 sa v tom najlep\u0161om svetle.<\/p>\n\n\n\n<h2 class=\"wp-block-heading\"><strong>Praktick\u00fd sprievodca: k\u013e\u00fa\u010dov\u00e9 aspekty \u00faspe\u0161n\u00e9ho virtu\u00e1lneho pohovoru<\/strong><\/h2>\n\n\n\n<figure class=\"wp-block-table\"><table><thead><tr><th>Hodnoten\u00e1 oblas\u0165<\/th><th>\u010co si overi\u0165 pred pohovorom<\/th><\/tr><\/thead><tbody><tr><td>Technol\u00f3gia<\/td><td>Kamera, mikrof\u00f3n a pripojenie<\/td><\/tr><tr><td>Okolo<\/td><td>Svetlo, pozadie a ticho<\/td><\/tr><tr><td>Komunik\u00e1cia<\/td><td>Jasnos\u0165, pauzy a o\u010dn\u00fd kontakt<\/td><\/tr><tr><td>Obsah<\/td><td>\u0160trukt\u00farovan\u00e9 odpovede<\/td><\/tr><tr><td>Profesion\u00e1lny imid\u017e<\/td><td>Oble\u010denie vhodn\u00e9 pre dan\u00fa rolu<\/td><\/tr><\/tbody><\/table><figcaption class=\"wp-element-caption\">Ako sa pripravi\u0165 na virtu\u00e1lne pracovn\u00e9 pohovory<\/figcaption><\/figure>\n\n\n\n<figure class=\"wp-block-gallery has-nested-images columns-default is-cropped wp-block-gallery-2 is-layout-flex wp-block-gallery-is-layout-flex\">\n<figure class=\"wp-block-image size-full\"><img loading=\"lazy\" decoding=\"async\" width=\"450\" height=\"250\" data-id=\"10462\" src=\"https:\/\/universofamilia.com\/wp-content\/uploads\/sites\/148\/2025\/12\/Destaque-Novo-Universo-17.jpg\" alt=\"\" class=\"wp-image-10462\" srcset=\"http:\/\/universofamilia.com\/wp-content\/uploads\/sites\/148\/2025\/12\/Destaque-Novo-Universo-17.jpg 450w, http:\/\/universofamilia.com\/wp-content\/uploads\/sites\/148\/2025\/12\/Destaque-Novo-Universo-17-300x167.jpg 300w, http:\/\/universofamilia.com\/wp-content\/uploads\/sites\/148\/2025\/12\/Destaque-Novo-Universo-17-18x10.jpg 18w\" sizes=\"(max-width: 450px) 100vw, 450px\" \/><figcaption class=\"wp-element-caption\">Ako sa pripravi\u0165 na virtu\u00e1lne pracovn\u00e9 pohovory<\/figcaption><\/figure>\n<\/figure>\n\n\n\n<p>\u010c\u00edtajte viac:\u00a0<a href=\"http:\/\/universofamilia.com\/sk\/carreras-sostenibles-empleos-verdes-en-auge\/\">Udr\u017eate\u013en\u00e9 kari\u00e9ry: rozmach zelen\u00fdch pracovn\u00fdch miest<\/a><\/p>\n\n\n\n<h2 class=\"wp-block-heading\"><strong>Zvl\u00e1dnutie neo\u010dak\u00e1van\u00fdch udalost\u00ed bez straty d\u00f4veryhodnosti<\/strong><\/h2>\n\n\n\n<p>Technick\u00e9 probl\u00e9my sa m\u00f4\u017eu vyskytn\u00fa\u0165 aj po\u010das pr\u00edpravy.<\/p>\n\n\n\n<p>Rozdiel spo\u010d\u00edva v tom, ako sa s nimi zaobch\u00e1dza. Pokojn\u00e9 informovanie \u013eud\u00ed, r\u00fdchle navrhnutie rie\u0161enia a zachovanie profesion\u00e1lneho pr\u00edstupu chr\u00e1ni v\u00e1\u0161 imid\u017e.<\/p>\n\n\n\n<h3 class=\"wp-block-heading\"><strong>Pr\u00edklad 2<\/strong><\/h3>\n\n\n\n<p>V\u00fdvoj\u00e1r stratil spojenie po\u010das medzin\u00e1rodn\u00e9ho pohovoru.<\/p>\n\n\n\n<p>Namiesto panik\u00e1renia sa znova pripojila, stru\u010dne sa ospravedlnila a pokojne pokra\u010dovala v rozhovore.<\/p>\n\n\n\n<p>T\u00e1to reakcia bola ocenen\u00e1 ako znak profesion\u00e1lnej zrelosti.<\/p>\n\n\n\n<h2 class=\"wp-block-heading\"><strong>Uzavretie: prem\u00e1rnen\u00e1 pr\u00edle\u017eitos\u0165<\/strong><\/h2>\n\n\n\n<p>Mnoho kandid\u00e1tov zanedb\u00e1va z\u00e1vere\u010dn\u00fa \u010das\u0165. Po\u010fakovanie za ich \u010das, stru\u010dn\u00e9 zhrnutie v\u00e1\u0161ho z\u00e1ujmu a ot\u00e1zky o \u010fal\u0161\u00edch krokoch zanech\u00e1vaj\u00fa pozit\u00edvny a profesion\u00e1lny dojem.<\/p>\n\n\n\n<p>Odoslanie n\u00e1slednej \u010fakovnej spr\u00e1vy posil\u0148uje puto a preukazuje profesion\u00e1lnu zdvorilos\u0165, vlastnos\u0165, ktor\u00e1 je st\u00e1le vysoko cenen\u00e1.<\/p>\n\n\n\n<h2 class=\"wp-block-heading\"><strong>Z\u00e1ver<\/strong><\/h2>\n\n\n\n<p>Majster <strong>Ako sa pripravi\u0165 na virtu\u00e1lne pracovn\u00e9 pohovory<\/strong> Zah\u0155\u0148a to ove\u013ea viac ne\u017e len zapnutie kamery a odpovedanie na ot\u00e1zky.<\/p>\n\n\n\n<p>Vy\u017eaduje si to strat\u00e9giu, sebauvedomenie a prisp\u00f4sobenie sa nov\u00e9mu digit\u00e1lnemu jazyku trhu pr\u00e1ce.<\/p>\n\n\n\n<p>T\u00ed, ktor\u00ed s\u00fa pripraven\u00ed, vyjadruj\u00fa sebavedomie, jasnos\u0165 a profesionalitu, a to aj prostredn\u00edctvom obrazovky.<\/p>\n\n\n\n<p>V konkuren\u010dnom a glob\u00e1lnom prostred\u00ed nie je virtu\u00e1lny pohovor prek\u00e1\u017ekou, ale sk\u00f4r uk\u00e1\u017ekou.<\/p>\n\n\n\n<p>Dobre sa pripravi\u0165 a uk\u00e1za\u0165 svoju skuto\u010dn\u00fa hodnotu, aby ste sa mohli chopi\u0165 pr\u00edle\u017eitosti, ktor\u00fa h\u013ead\u00e1te, s v\u00e4\u010d\u0161ou sebad\u00f4verou.<\/p>\n\n\n\n<p>\u010c\u00edtajte viac:\u00a0<a href=\"http:\/\/universofamilia.com\/sk\/el-teletrabajo-en-2025-las-nuevas-tendencias-del-home-office\/\">Pr\u00e1ca na dia\u013eku v roku 2025: Nov\u00e9 trendy v pr\u00e1ci z domu<\/a><\/p>\n\n\n\n<h2 class=\"wp-block-heading\"><strong>\u010casto kladen\u00e9 ot\u00e1zky<\/strong><\/h2>\n\n\n\n<p><strong>S\u00fa virtu\u00e1lne pohovory menej form\u00e1lne ako osobn\u00e9 pohovory?<\/strong><\/p>\n\n\n\n<p>Nie. Aj ke\u010f je prostredie digit\u00e1lne, o\u010dak\u00e1van\u00e1 \u00farove\u0148 profesionality zost\u00e1va rovnak\u00e1 alebo dokonca vy\u0161\u0161ia.<\/p>\n\n\n\n<p><strong>Je vhodn\u00e9 pou\u017e\u00edva\u0165 virtu\u00e1lne peniaze?<\/strong><\/p>\n\n\n\n<p>\u00c1no, pokia\u013e s\u00fa diskr\u00e9tne a stabiln\u00e9. Dobre usporiadan\u00e9, skuto\u010dn\u00e9 pozadie zvy\u010dajne vytv\u00e1ra prirodzenej\u0161\u00ed vzh\u013ead.<\/p>\n\n\n\n<p><strong>Ako dlho vopred sa m\u00e1m prihl\u00e1si\u0165?<\/strong><\/p>\n\n\n\n<p>Pr\u00eds\u0165 5 a\u017e 10 min\u00fat vopred sta\u010d\u00ed na overenie podrobnost\u00ed bez toho, aby ste sp\u00f4sobovali nepr\u00edjemnosti.<\/p>\n\n\n\n<p><strong>Je vhodn\u00e9 si po\u010das pohovoru robi\u0165 pozn\u00e1mky?<\/strong><\/p>\n\n\n\n<p>\u00c1no, pokia\u013e sa to rob\u00ed kr\u00e1tko a bez straty o\u010dn\u00e9ho kontaktu.<\/p>\n\n\n\n<p><strong>M\u00f4\u017ee technick\u00e1 pr\u00edprava kompenzova\u0165 nedostatok sk\u00fasenost\u00ed?<\/strong><\/p>\n\n\n\n<p>Nenahr\u00e1dza sk\u00fasenosti, ale posil\u0148uje vn\u00edmanie kompetencie a profesionality.<\/p>\n\n\n\n<p>Pr\u00edprava dnes nielen\u017ee zlep\u0161uje v\u00e1\u0161 v\u00fdkon, ale aj zvy\u0161uje va\u0161u sebad\u00f4veru.<\/p>\n\n\n\n<p>Na digitalizovanom trhu pr\u00e1ce zost\u00e1va t\u00e1to kombin\u00e1cia jedn\u00fdm z najcennej\u0161\u00edch akt\u00edv.<\/p>","protected":false},"excerpt":{"rendered":"<p>C\u00f3mo prepararse para entrevistas de trabajo virtuales se ha convertido en una habilidad profesional imprescindible en 2025. El crecimiento del trabajo remoto, los procesos h\u00edbridos de reclutamiento y la digitalizaci\u00f3n del talento cambiaron para siempre la forma en que las empresas eval\u00faan candidatos. Ya no basta con tener un buen curr\u00edculum: ahora tambi\u00e9n importa c\u00f3mo [&hellip;]<\/p>","protected":false},"author":219,"featured_media":10460,"comment_status":"closed","ping_status":"open","sticky":false,"template":"","format":"standard","meta":{"footnotes":""},"categories":[5],"tags":[],"yoast_head":"<!-- This site is optimized with the Yoast SEO plugin v23.3 - https:\/\/yoast.com\/wordpress\/plugins\/seo\/ -->\n<title>C\u00f3mo prepararse para entrevistas de trabajo virtuales - Universo Fam\u00edlia<\/title>\n<meta name=\"description\" content=\"C\u00f3mo prepararse para entrevistas de trabajo virtuales se ha convertido en una habilidad profesional imprescindible en 2025.\" \/>\n<meta name=\"robots\" content=\"index, follow, max-snippet:-1, max-image-preview:large, max-video-preview:-1\" \/>\n<link rel=\"canonical\" href=\"https:\/\/universofamilia.com\/sk\/como-prepararse-para-entrevistas-de-trabajo-virtuales\/\" \/>\n<meta property=\"og:locale\" content=\"sk_SK\" \/>\n<meta property=\"og:type\" content=\"article\" \/>\n<meta property=\"og:title\" content=\"C\u00f3mo prepararse para entrevistas de trabajo virtuales - Universo Fam\u00edlia\" \/>\n<meta property=\"og:description\" content=\"C\u00f3mo prepararse para entrevistas de trabajo virtuales se ha convertido en una habilidad profesional imprescindible en 2025.\" \/>\n<meta property=\"og:url\" content=\"https:\/\/universofamilia.com\/sk\/como-prepararse-para-entrevistas-de-trabajo-virtuales\/\" \/>\n<meta property=\"og:site_name\" content=\"Universo Fam\u00edlia\" \/>\n<meta property=\"article:published_time\" content=\"2025-12-26T14:16:37+00:00\" \/>\n<meta property=\"article:modified_time\" content=\"2025-12-26T14:16:39+00:00\" \/>\n<meta property=\"og:image\" content=\"https:\/\/universofamilia.com\/wp-content\/uploads\/sites\/148\/2025\/12\/Destaque-Novo-Universo-16.jpg\" \/>\n\t<meta property=\"og:image:width\" content=\"450\" \/>\n\t<meta property=\"og:image:height\" content=\"250\" \/>\n\t<meta property=\"og:image:type\" content=\"image\/jpeg\" \/>\n<meta name=\"author\" content=\"Matheus Sangaletti\" \/>\n<meta name=\"twitter:card\" content=\"summary_large_image\" \/>\n<meta name=\"twitter:label1\" content=\"Written by\" \/>\n\t<meta name=\"twitter:data1\" content=\"Matheus Sangaletti\" \/>\n\t<meta name=\"twitter:label2\" content=\"Est. reading time\" \/>\n\t<meta name=\"twitter:data2\" content=\"8 min\u00fat\" \/>\n<script type=\"application\/ld+json\" class=\"yoast-schema-graph\">{\"@context\":\"https:\/\/schema.org\",\"@graph\":[{\"@type\":\"WebPage\",\"@id\":\"https:\/\/universofamilia.com\/ja\/como-prepararse-para-entrevistas-de-trabajo-virtuales\/\",\"url\":\"https:\/\/universofamilia.com\/ja\/como-prepararse-para-entrevistas-de-trabajo-virtuales\/\",\"name\":\"C\u00f3mo prepararse para entrevistas de trabajo virtuales - Universo Fam\u00edlia\",\"isPartOf\":{\"@id\":\"http:\/\/universofamilia.com\/zh_hk\/#website\"},\"primaryImageOfPage\":{\"@id\":\"https:\/\/universofamilia.com\/ja\/como-prepararse-para-entrevistas-de-trabajo-virtuales\/#primaryimage\"},\"image\":{\"@id\":\"https:\/\/universofamilia.com\/ja\/como-prepararse-para-entrevistas-de-trabajo-virtuales\/#primaryimage\"},\"thumbnailUrl\":\"http:\/\/universofamilia.com\/wp-content\/uploads\/sites\/148\/2025\/12\/Destaque-Novo-Universo-16.jpg\",\"datePublished\":\"2025-12-26T14:16:37+00:00\",\"dateModified\":\"2025-12-26T14:16:39+00:00\",\"author\":{\"@id\":\"http:\/\/universofamilia.com\/zh_hk\/#\/schema\/person\/92fcd07e9b1f4323bf74f3170fc0f78a\"},\"description\":\"C\u00f3mo prepararse para entrevistas de trabajo virtuales se ha convertido en una habilidad profesional imprescindible en 2025.\",\"breadcrumb\":{\"@id\":\"https:\/\/universofamilia.com\/ja\/como-prepararse-para-entrevistas-de-trabajo-virtuales\/#breadcrumb\"},\"inLanguage\":\"sk-SK\",\"potentialAction\":[{\"@type\":\"ReadAction\",\"target\":[\"https:\/\/universofamilia.com\/ja\/como-prepararse-para-entrevistas-de-trabajo-virtuales\/\"]}]},{\"@type\":\"ImageObject\",\"inLanguage\":\"sk-SK\",\"@id\":\"https:\/\/universofamilia.com\/ja\/como-prepararse-para-entrevistas-de-trabajo-virtuales\/#primaryimage\",\"url\":\"http:\/\/universofamilia.com\/wp-content\/uploads\/sites\/148\/2025\/12\/Destaque-Novo-Universo-16.jpg\",\"contentUrl\":\"http:\/\/universofamilia.com\/wp-content\/uploads\/sites\/148\/2025\/12\/Destaque-Novo-Universo-16.jpg\",\"width\":450,\"height\":250,\"caption\":\"C\u00f3mo prepararse para entrevistas de trabajo virtuales\"},{\"@type\":\"BreadcrumbList\",\"@id\":\"https:\/\/universofamilia.com\/ja\/como-prepararse-para-entrevistas-de-trabajo-virtuales\/#breadcrumb\",\"itemListElement\":[{\"@type\":\"ListItem\",\"position\":1,\"name\":\"Home\",\"item\":\"http:\/\/universofamilia.com\/zh_hk\/\"},{\"@type\":\"ListItem\",\"position\":2,\"name\":\"C\u00f3mo prepararse para entrevistas de trabajo virtuales\"}]},{\"@type\":\"WebSite\",\"@id\":\"http:\/\/universofamilia.com\/zh_hk\/#website\",\"url\":\"http:\/\/universofamilia.com\/zh_hk\/\",\"name\":\"Universo Fam\u00edlia\",\"description\":\"\",\"potentialAction\":[{\"@type\":\"SearchAction\",\"target\":{\"@type\":\"EntryPoint\",\"urlTemplate\":\"http:\/\/universofamilia.com\/zh_hk\/?s={search_term_string}\"},\"query-input\":\"required name=search_term_string\"}],\"inLanguage\":\"sk-SK\"},{\"@type\":\"Person\",\"@id\":\"http:\/\/universofamilia.com\/zh_hk\/#\/schema\/person\/92fcd07e9b1f4323bf74f3170fc0f78a\",\"name\":\"Matheus Sangaletti\",\"image\":{\"@type\":\"ImageObject\",\"inLanguage\":\"sk-SK\",\"@id\":\"http:\/\/universofamilia.com\/zh_hk\/#\/schema\/person\/image\/\",\"url\":\"http:\/\/2.gravatar.com\/avatar\/280ea957a14a48e6a1ad2133d2cc27c9?s=96&d=mm&r=g\",\"contentUrl\":\"http:\/\/2.gravatar.com\/avatar\/280ea957a14a48e6a1ad2133d2cc27c9?s=96&d=mm&r=g\",\"caption\":\"Matheus Sangaletti\"},\"url\":\"http:\/\/universofamilia.com\/sk\/author\/matheuss\/\"}]}<\/script>\n<!-- \/ Yoast SEO plugin. -->","yoast_head_json":{"title":"C\u00f3mo prepararse para entrevistas de trabajo virtuales - Universo Fam\u00edlia","description":"C\u00f3mo prepararse para entrevistas de trabajo virtuales se ha convertido en una habilidad profesional imprescindible en 2025.","robots":{"index":"index","follow":"follow","max-snippet":"max-snippet:-1","max-image-preview":"max-image-preview:large","max-video-preview":"max-video-preview:-1"},"canonical":"https:\/\/universofamilia.com\/sk\/como-prepararse-para-entrevistas-de-trabajo-virtuales\/","og_locale":"sk_SK","og_type":"article","og_title":"C\u00f3mo prepararse para entrevistas de trabajo virtuales - Universo Fam\u00edlia","og_description":"C\u00f3mo prepararse para entrevistas de trabajo virtuales se ha convertido en una habilidad profesional imprescindible en 2025.","og_url":"https:\/\/universofamilia.com\/sk\/como-prepararse-para-entrevistas-de-trabajo-virtuales\/","og_site_name":"Universo Fam\u00edlia","article_published_time":"2025-12-26T14:16:37+00:00","article_modified_time":"2025-12-26T14:16:39+00:00","og_image":[{"width":450,"height":250,"url":"https:\/\/universofamilia.com\/wp-content\/uploads\/sites\/148\/2025\/12\/Destaque-Novo-Universo-16.jpg","type":"image\/jpeg"}],"author":"Matheus Sangaletti","twitter_card":"summary_large_image","twitter_misc":{"Written by":"Matheus Sangaletti","Est. reading time":"8 min\u00fat"},"schema":{"@context":"https:\/\/schema.org","@graph":[{"@type":"WebPage","@id":"https:\/\/universofamilia.com\/ja\/como-prepararse-para-entrevistas-de-trabajo-virtuales\/","url":"https:\/\/universofamilia.com\/ja\/como-prepararse-para-entrevistas-de-trabajo-virtuales\/","name":"C\u00f3mo prepararse para entrevistas de trabajo virtuales - Universo Fam\u00edlia","isPartOf":{"@id":"http:\/\/universofamilia.com\/zh_hk\/#website"},"primaryImageOfPage":{"@id":"https:\/\/universofamilia.com\/ja\/como-prepararse-para-entrevistas-de-trabajo-virtuales\/#primaryimage"},"image":{"@id":"https:\/\/universofamilia.com\/ja\/como-prepararse-para-entrevistas-de-trabajo-virtuales\/#primaryimage"},"thumbnailUrl":"http:\/\/universofamilia.com\/wp-content\/uploads\/sites\/148\/2025\/12\/Destaque-Novo-Universo-16.jpg","datePublished":"2025-12-26T14:16:37+00:00","dateModified":"2025-12-26T14:16:39+00:00","author":{"@id":"http:\/\/universofamilia.com\/zh_hk\/#\/schema\/person\/92fcd07e9b1f4323bf74f3170fc0f78a"},"description":"C\u00f3mo prepararse para entrevistas de trabajo virtuales se ha convertido en una habilidad profesional imprescindible en 2025.","breadcrumb":{"@id":"https:\/\/universofamilia.com\/ja\/como-prepararse-para-entrevistas-de-trabajo-virtuales\/#breadcrumb"},"inLanguage":"sk-SK","potentialAction":[{"@type":"ReadAction","target":["https:\/\/universofamilia.com\/ja\/como-prepararse-para-entrevistas-de-trabajo-virtuales\/"]}]},{"@type":"ImageObject","inLanguage":"sk-SK","@id":"https:\/\/universofamilia.com\/ja\/como-prepararse-para-entrevistas-de-trabajo-virtuales\/#primaryimage","url":"http:\/\/universofamilia.com\/wp-content\/uploads\/sites\/148\/2025\/12\/Destaque-Novo-Universo-16.jpg","contentUrl":"http:\/\/universofamilia.com\/wp-content\/uploads\/sites\/148\/2025\/12\/Destaque-Novo-Universo-16.jpg","width":450,"height":250,"caption":"C\u00f3mo prepararse para entrevistas de trabajo virtuales"},{"@type":"BreadcrumbList","@id":"https:\/\/universofamilia.com\/ja\/como-prepararse-para-entrevistas-de-trabajo-virtuales\/#breadcrumb","itemListElement":[{"@type":"ListItem","position":1,"name":"Home","item":"http:\/\/universofamilia.com\/zh_hk\/"},{"@type":"ListItem","position":2,"name":"C\u00f3mo prepararse para entrevistas de trabajo virtuales"}]},{"@type":"WebSite","@id":"http:\/\/universofamilia.com\/zh_hk\/#website","url":"http:\/\/universofamilia.com\/zh_hk\/","name":"Universo Fam\u00edlia","description":"","potentialAction":[{"@type":"SearchAction","target":{"@type":"EntryPoint","urlTemplate":"http:\/\/universofamilia.com\/zh_hk\/?s={search_term_string}"},"query-input":"required name=search_term_string"}],"inLanguage":"sk-SK"},{"@type":"Person","@id":"http:\/\/universofamilia.com\/zh_hk\/#\/schema\/person\/92fcd07e9b1f4323bf74f3170fc0f78a","name":"Matheus Sangaletti","image":{"@type":"ImageObject","inLanguage":"sk-SK","@id":"http:\/\/universofamilia.com\/zh_hk\/#\/schema\/person\/image\/","url":"http:\/\/2.gravatar.com\/avatar\/280ea957a14a48e6a1ad2133d2cc27c9?s=96&d=mm&r=g","contentUrl":"http:\/\/2.gravatar.com\/avatar\/280ea957a14a48e6a1ad2133d2cc27c9?s=96&d=mm&r=g","caption":"Matheus Sangaletti"},"url":"http:\/\/universofamilia.com\/sk\/author\/matheuss\/"}]}},"_links":{"self":[{"href":"http:\/\/universofamilia.com\/sk\/wp-json\/wp\/v2\/posts\/10459"}],"collection":[{"href":"http:\/\/universofamilia.com\/sk\/wp-json\/wp\/v2\/posts"}],"about":[{"href":"http:\/\/universofamilia.com\/sk\/wp-json\/wp\/v2\/types\/post"}],"author":[{"embeddable":true,"href":"http:\/\/universofamilia.com\/sk\/wp-json\/wp\/v2\/users\/219"}],"replies":[{"embeddable":true,"href":"http:\/\/universofamilia.com\/sk\/wp-json\/wp\/v2\/comments?post=10459"}],"version-history":[{"count":1,"href":"http:\/\/universofamilia.com\/sk\/wp-json\/wp\/v2\/posts\/10459\/revisions"}],"predecessor-version":[{"id":10463,"href":"http:\/\/universofamilia.com\/sk\/wp-json\/wp\/v2\/posts\/10459\/revisions\/10463"}],"wp:featuredmedia":[{"embeddable":true,"href":"http:\/\/universofamilia.com\/sk\/wp-json\/wp\/v2\/media\/10460"}],"wp:attachment":[{"href":"http:\/\/universofamilia.com\/sk\/wp-json\/wp\/v2\/media?parent=10459"}],"wp:term":[{"taxonomy":"category","embeddable":true,"href":"http:\/\/universofamilia.com\/sk\/wp-json\/wp\/v2\/categories?post=10459"},{"taxonomy":"post_tag","embeddable":true,"href":"http:\/\/universofamilia.com\/sk\/wp-json\/wp\/v2\/tags?post=10459"}],"curies":[{"name":"wp","href":"https:\/\/api.w.org\/{rel}","templated":true}]}}