{"id":10464,"date":"2025-12-26T12:09:03","date_gmt":"2025-12-26T15:09:03","guid":{"rendered":"https:\/\/universofamilia.com\/?p=10464"},"modified":"2025-12-26T12:09:05","modified_gmt":"2025-12-26T15:09:05","slug":"las-preguntas-de-entrevista-mas-comunes-de-2025","status":"publish","type":"post","link":"http:\/\/universofamilia.com\/sk\/las-preguntas-de-entrevista-mas-comunes-de-2025\/","title":{"rendered":"Naj\u010dastej\u0161ie ot\u00e1zky na pohovore v roku 2025"},"content":{"rendered":"<p class=\"has-text-align-center\"><strong>Naj\u010dastej\u0161ie ot\u00e1zky na pohovore v roku 2025<\/strong> Odr\u00e1\u017eaj\u00fa trh pr\u00e1ce, ktor\u00fd je digit\u00e1lnej\u0161\u00ed, \u013eudskej\u0161\u00ed a strategickej\u0161\u00ed ne\u017e kedyko\u013evek predt\u00fdm.<\/p>\n\n\n\n<figure class=\"wp-block-gallery has-nested-images columns-default is-cropped wp-block-gallery-1 is-layout-flex wp-block-gallery-is-layout-flex\">\n<figure class=\"wp-block-image size-full\"><img loading=\"lazy\" decoding=\"async\" width=\"450\" height=\"250\" data-id=\"10465\" src=\"https:\/\/universofamilia.com\/wp-content\/uploads\/sites\/148\/2025\/12\/Destaque-Novo-Universo-18.jpg\" alt=\"\" class=\"wp-image-10465\" srcset=\"http:\/\/universofamilia.com\/wp-content\/uploads\/sites\/148\/2025\/12\/Destaque-Novo-Universo-18.jpg 450w, http:\/\/universofamilia.com\/wp-content\/uploads\/sites\/148\/2025\/12\/Destaque-Novo-Universo-18-300x167.jpg 300w, http:\/\/universofamilia.com\/wp-content\/uploads\/sites\/148\/2025\/12\/Destaque-Novo-Universo-18-18x10.jpg 18w\" sizes=\"(max-width: 450px) 100vw, 450px\" \/><figcaption class=\"wp-element-caption\">Naj\u010dastej\u0161ie ot\u00e1zky na pohovore v roku 2025<\/figcaption><\/figure>\n<\/figure>\n\n\n\n<p class=\"has-text-align-center\">V kontexte, kde koexistuj\u00fa virtu\u00e1lne procesy, umel\u00e1 inteligencia v n\u00e1bore a glob\u00e1lne t\u00edmy, sa pohovory prestali zameriava\u0165 v\u00fdlu\u010dne na \u017eivotopis.<\/p>\n\n\n\n<p class=\"has-text-align-center\">Dnes hodnotia kritick\u00e9 myslenie, prisp\u00f4sobivos\u0165 a profesion\u00e1lnu konzistentnos\u0165.<\/p>\n\n\n\n<p>Predt\u00fdm, ako budeme pokra\u010dova\u0165, uv\u00e1dzame stru\u010dn\u00e9 zhrnutie, ktor\u00e9 v\u00e1m pom\u00f4\u017ee pri \u010d\u00edtan\u00ed: ako sa zmenil pr\u00edstup k pohovorom v roku 2025, \u010do spolo\u010dnosti skuto\u010dne h\u013eadaj\u00fa a ak\u00e9 s\u00fa naj\u010dastej\u0161ie kladen\u00e9 kateg\u00f3rie ot\u00e1zok.<\/p>\n\n\n\n<p>Ako odpoveda\u0165 bez toho, aby to znelo v\u0161eobecne, relevantn\u00e1 \u0161tatistika, dva skuto\u010dn\u00e9 pr\u00edklady, jasn\u00e1 anal\u00f3gia, praktick\u00e1 tabu\u013eka a blok \u010dasto kladen\u00fdch ot\u00e1zok.<\/p>\n\n\n\n<h2 class=\"wp-block-heading\"><strong>Pre\u010do sa pohovory v roku 2025 tak zmenili<\/strong><\/h2>\n\n\n\n<p>Transform\u00e1cia pr\u00e1ce ur\u00fdchlila hlbok\u00fd v\u00fdvoj vo v\u00fdberov\u00fdch procesoch.<\/p>\n\n\n\n<p>Automatiz\u00e1cia, pr\u00e1ca na dia\u013eku a nedostatok \u0161pecializovan\u00fdch talentov prin\u00fatili spolo\u010dnosti spresni\u0165 svoje ot\u00e1zky.<\/p>\n\n\n\n<p>U\u017e nesta\u010d\u00ed potvrdi\u0165 si sk\u00fasenosti; teraz je d\u00f4le\u017eit\u00e9 pochopi\u0165, ako mysl\u00edte, rozhodujete sa a prisp\u00f4sobujete sa.<\/p>\n\n\n\n<p>Pod\u013ea <strong>Spr\u00e1va o bud\u00facnosti pracovn\u00fdch miest zo Svetov\u00e9ho ekonomick\u00e9ho f\u00f3ra<\/strong>M\u00e4kk\u00e9 zru\u010dnosti, schopnos\u0165 neust\u00e1le sa u\u010di\u0165 a schopnos\u0165 rie\u0161i\u0165 zlo\u017eit\u00e9 probl\u00e9my patria medzi najcennej\u0161ie u zamestn\u00e1vate\u013eov na celom svete.<\/p>\n\n\n\n<p>Tento trend vysvet\u013euje, pre\u010do sa s\u00fa\u010dasn\u00e9 pohovory hlb\u0161ie zaoberaj\u00fa osobn\u00fdm spr\u00e1van\u00edm a krit\u00e9riami.<\/p>\n\n\n\n<h2 class=\"wp-block-heading\"><strong>\u010co dnes n\u00e1bor\u00e1ri skuto\u010dne h\u013eadaj\u00fa<\/strong><\/h2>\n\n\n\n<p>Za ka\u017edou ot\u00e1zkou sa skr\u00fdva jasn\u00fd z\u00e1mer. N\u00e1bor\u00e1r h\u013ead\u00e1 s\u00falad medzi t\u00fdm, \u010do hovor\u00edte, \u010do ste urobili a \u010d\u00edm by ste mohli prispie\u0165.<\/p>\n\n\n\n<p>Preukazuje tie\u017e jasnos\u0165 v komunik\u00e1cii my\u0161lienok, zvl\u00e1dan\u00ed tlaku a profesion\u00e1lnu \u010destnos\u0165.<\/p>\n\n\n\n<p>Dobre reagova\u0165 neznamen\u00e1 memorova\u0165 fr\u00e1zy, ale sk\u00f4r pochopi\u0165 \u00fa\u010del ka\u017ed\u00e9ho v\u00fdroku. Ke\u010f identifikujete t\u00fato logiku, va\u0161a diskusia sa stane prirodzenej\u0161ou a d\u00f4veryhodnej\u0161ou.<\/p>\n\n\n\n<h2 class=\"wp-block-heading\"><strong>Ot\u00e1zky t\u00fdkaj\u00face sa kari\u00e9rnej dr\u00e1hy<\/strong><\/h2>\n\n\n\n<p>Sk\u00fasenosti zost\u00e1vaj\u00fa jednou z hlavn\u00fdch kateg\u00f3ri\u00ed, aj ke\u010f s in\u00fdm zameran\u00edm. Predch\u00e1dzaj\u00faca poz\u00edcia u\u017e nie je jedin\u00fdm faktorom; teraz je d\u00f4le\u017eit\u00fd vytvoren\u00fd vplyv.<\/p>\n\n\n\n<p>Objavuj\u00fa sa tu tak\u00e9to ot\u00e1zky:<\/p>\n\n\n\n<ul>\n<li>Povedzte mi o svojej najrelevantnej\u0161ej sk\u00fasenosti pre t\u00fato poz\u00edciu.<\/li>\n\n\n\n<li>\u010co ste sa nau\u010dili vo svojej poslednej funkcii, \u010do by ste dnes lep\u0161ie uplatnili?<\/li>\n<\/ul>\n\n\n\n<p>D\u00f4raz sa kladie na u\u010denie a v\u00fdvoj, nie na zoznam funkci\u00ed.<\/p>\n\n\n\n<h3 class=\"wp-block-heading\"><strong>Pr\u00edklad 1<\/strong><\/h3>\n\n\n\n<p>D\u00e1tov\u00e1 analyti\u010dka vysvetlila, ako pre\u0161la od vytv\u00e1rania reportov k navrhovaniu obchodn\u00fdch vylep\u0161en\u00ed na z\u00e1klade poznatkov.<\/p>\n\n\n\n<p>Tento pr\u00edbeh uk\u00e1zal rast, iniciat\u00edvu a s\u00falad s obchodn\u00fdmi cie\u013emi.<\/p>\n\n\n\n<h2 class=\"wp-block-heading\"><strong>Ot\u00e1zky t\u00fdkaj\u00face sa k\u013e\u00fa\u010dov\u00fdch zru\u010dnost\u00ed a kompetenci\u00ed<\/strong><\/h2>\n\n\n\n<p>Do roku 2025 bud\u00fa spolo\u010dnosti uprednost\u0148ova\u0165 prenosn\u00e9 zru\u010dnosti. Preto sa objavuj\u00fa ot\u00e1zky, ktor\u00e9 sa zameriavaj\u00fa na re\u00e1lne situ\u00e1cie, nie na te\u00f3rie.<\/p>\n\n\n\n<p>Medzi najbe\u017enej\u0161ie patria:<\/p>\n\n\n\n<ul>\n<li>Ako zvl\u00e1date neo\u010dak\u00e1van\u00fa zmenu prior\u00edt?<\/li>\n\n\n\n<li>Op\u00ed\u0161te situ\u00e1ciu, v ktorej ste sa museli r\u00fdchlo nau\u010di\u0165 nie\u010do nov\u00e9.<\/li>\n<\/ul>\n\n\n\n<p>Tento typ ot\u00e1zky meria prisp\u00f4sobivos\u0165 a rastov\u00e9 zm\u00fd\u0161\u013eanie.<\/p>\n\n\n\n<h2 class=\"wp-block-heading\"><strong>Hodnotenie digit\u00e1lnych zru\u010dnost\u00ed a pr\u00e1ca na dia\u013eku<\/strong><\/h2>\n\n\n\n<p>Technologick\u00e1 zdatnos\u0165 u\u017e nie je obmedzen\u00e1 len na technick\u00e9 profily. Takmer ka\u017ed\u00e1 poz\u00edcia si vy\u017eaduje digit\u00e1lnu plynulos\u0165 a efekt\u00edvnu komunik\u00e1ciu na dia\u013eku.<\/p>\n\n\n\n<p>Z tohto d\u00f4vodu je be\u017en\u00e9 po\u010du\u0165 ot\u00e1zky t\u00fdkaj\u00face sa organiz\u00e1cie, virtu\u00e1lnej spolupr\u00e1ce a samospr\u00e1vy. Neh\u013eadaj\u00fa softv\u00e9rov\u00fdch expertov, ale sk\u00f4r funk\u010dn\u00fdch profesion\u00e1lov v digit\u00e1lnom prostred\u00ed.<\/p>\n\n\n\n<h2 class=\"wp-block-heading\"><strong>Ot\u00e1zky o kult\u00fare a hodnot\u00e1ch<\/strong><\/h2>\n\n\n\n<p>Spolo\u010dnosti zistili, \u017ee prij\u00edmanie zamestnancov v\u00fdlu\u010dne na z\u00e1klade technick\u00fdch zru\u010dnost\u00ed vytv\u00e1ra dlhodob\u00e9 trenie. V d\u00f4sledku toho sa kult\u00farna kompatibilita stala d\u00f4le\u017eitej\u0161ou.<\/p>\n\n\n\n<p>Ot\u00e1zky typu \u201e\u010do si cen\u00edte v pracovnom t\u00edme?\u201c alebo \u201eak\u00fd typ vedenia v\u00e1s motivuje?\u201c odha\u013euj\u00fa o\u010dak\u00e1vania, limity a profesion\u00e1lny \u0161t\u00fdl.<\/p>\n\n\n\n<p>\u00daprimn\u00e9 odpovedanie je \u00fa\u010dinnej\u0161ie ako snaha vyhovie\u0165.<\/p>\n\n\n\n<h2 class=\"wp-block-heading\"><strong>Ot\u00e1zka, ktor\u00e1 sa objavuje takmer v\u017edy<\/strong><\/h2>\n\n\n\n<p>Medzi <strong>Naj\u010dastej\u0161ie ot\u00e1zky na pohovore v roku 2025<\/strong>Jeden zost\u00e1va platn\u00fd, aj ke\u010f s nuansami:<br><strong>Ak\u00e9 s\u00fa va\u0161e siln\u00e9 str\u00e1nky a oblasti na zlep\u0161enie?<\/strong><\/p>\n\n\n\n<p>K\u013e\u00fa\u010dom je rovnov\u00e1ha. Uznanie skuto\u010dnej slabosti spolu s konkr\u00e9tnymi krokmi na jej zlep\u0161enie sved\u010d\u00ed o zrelosti a sebauvedomen\u00ed.<\/p>\n\n\n\n<p>Vyh\u00fdbanie sa vopred pripraven\u00fdm odpovediam m\u00e1 z\u00e1sadn\u00fd v\u00fdznam.<\/p>\n\n\n\n<h2 class=\"wp-block-heading\"><strong>Ot\u00e1zky t\u00fdkaj\u00face sa rie\u0161enia probl\u00e9mov<\/strong><\/h2>\n\n\n\n<p>Organiz\u00e1cie h\u013eadaj\u00fa jednotlivcov schopn\u00fdch analyzova\u0165, rozhodova\u0165 sa a kona\u0165. Preto pohovory zah\u0155\u0148aj\u00fa hypotetick\u00e9 scen\u00e1re alebo minul\u00e9 sk\u00fasenosti.<\/p>\n\n\n\n<p>Tu neexistuje jedin\u00e1 odpove\u010f. D\u00f4le\u017eit\u00e9 je vysvetli\u0165 svoje uva\u017eovanie, alternat\u00edvy, ktor\u00e9 ste zv\u00e1\u017eili, a v\u00fdsledok, ku ktor\u00e9mu ste dospeli. Tento proces odha\u013euje v\u00e1\u0161 sp\u00f4sob myslenia.<\/p>\n\n\n\n<h3 class=\"wp-block-heading\"><strong>Pr\u00edklad 2<\/strong><\/h3>\n\n\n\n<p>Mlad\u0161\u00ed mana\u017e\u00e9r op\u00edsal, ako vyrie\u0161il medzioddelensk\u00fd konflikt t\u00fdm, \u017ee uprednostnil d\u00e1ta, dial\u00f3g a jasn\u00e9 dohody. Viac ne\u017e kone\u010dn\u00e9 rie\u0161enie zd\u00f4raz\u0148oval svoj \u0161trukt\u00farovan\u00fd a empatick\u00fd pr\u00edstup.<\/p>\n\n\n\n<h2 class=\"wp-block-heading\"><strong>Ot\u00e1zky t\u00fdkaj\u00face sa motiv\u00e1cie a zmyslu<\/strong><\/h2>\n\n\n\n<p>Na trhu s vysokou fluktu\u00e1ciou chc\u00fa spolo\u010dnosti pochopi\u0165, pre\u010do m\u00e1te o dan\u00fa poz\u00edciu z\u00e1ujem.<\/p>\n\n\n\n<p>Ot\u00e1zky ako \u201e\u010co v\u00e1s motivuje na tejto poz\u00edcii?\u201c alebo \u201eKde sa vid\u00edte o tri roky?\u201c poukazuj\u00fa na o\u010dak\u00e1vania a z\u00e1v\u00e4zky.<\/p>\n\n\n\n<p>Reagovanie z h\u013eadiska profesion\u00e1lneho z\u00e1meru, a nie len platu, vytv\u00e1ra silnej\u0161ie puto s anket\u00e1rom.<\/p>\n\n\n\n<h2 class=\"wp-block-heading\"><strong>Anal\u00f3gia, ktor\u00e1 pom\u00e1ha pochopi\u0165 proces<\/strong><\/h2>\n\n\n\n<p>Odpoveda\u0165 na pohovor v roku 2025 bude takto <strong>navigova\u0165 pomocou GPS<\/strong>.<\/p>\n\n\n\n<p>Cie\u013e je jasn\u00fd, ale skuto\u010dn\u00e1 hodnota spo\u010d\u00edva v tom, ako si vyberiete trasu, ako reagujete na odbo\u010dky a ako ve\u013emi si uvedomujete prejden\u00fa cestu.<\/p>\n\n\n\n<h2 class=\"wp-block-heading\"><strong>Tabu\u013eka: Naj\u010dastej\u0161ie typy ot\u00e1zok v roku 2025<\/strong><\/h2>\n\n\n\n<figure class=\"wp-block-table\"><table><thead><tr><th>Typ ot\u00e1zky<\/th><th>\u010co prim\u00e1rne hodnot\u00ed<\/th><\/tr><\/thead><tbody><tr><td>Profesion\u00e1lna kari\u00e9ra<\/td><td>Evol\u00facia a u\u010denie<\/td><\/tr><tr><td>Zru\u010dnosti<\/td><td>Prisp\u00f4sobivos\u0165 a m\u00e4kk\u00e9 zru\u010dnosti<\/td><\/tr><tr><td>Digit\u00e1lne a dia\u013ekov\u00e9<\/td><td>Auton\u00f3mia a organiz\u00e1cia<\/td><\/tr><tr><td>Kult\u00fara a hodnoty<\/td><td>Kompatibilita spolo\u010dnost\u00ed<\/td><\/tr><tr><td>Rie\u0161enie probl\u00e9mov<\/td><td>Kritick\u00e9 myslenie<\/td><\/tr><\/tbody><\/table><figcaption class=\"wp-element-caption\">Naj\u010dastej\u0161ie ot\u00e1zky na pohovore v roku 2025<\/figcaption><\/figure>\n\n\n\n<figure class=\"wp-block-gallery has-nested-images columns-default is-cropped wp-block-gallery-2 is-layout-flex wp-block-gallery-is-layout-flex\">\n<figure class=\"wp-block-image size-full\"><img loading=\"lazy\" decoding=\"async\" width=\"450\" height=\"250\" data-id=\"10467\" src=\"https:\/\/universofamilia.com\/wp-content\/uploads\/sites\/148\/2025\/12\/Destaque-Novo-Universo-19.jpg\" alt=\"\" class=\"wp-image-10467\" srcset=\"http:\/\/universofamilia.com\/wp-content\/uploads\/sites\/148\/2025\/12\/Destaque-Novo-Universo-19.jpg 450w, http:\/\/universofamilia.com\/wp-content\/uploads\/sites\/148\/2025\/12\/Destaque-Novo-Universo-19-300x167.jpg 300w, http:\/\/universofamilia.com\/wp-content\/uploads\/sites\/148\/2025\/12\/Destaque-Novo-Universo-19-18x10.jpg 18w\" sizes=\"(max-width: 450px) 100vw, 450px\" \/><figcaption class=\"wp-element-caption\">Naj\u010dastej\u0161ie ot\u00e1zky na pohovore v roku 2025<\/figcaption><\/figure>\n<\/figure>\n\n\n\n<p>\u010c\u00edtajte viac:\u00a0<a href=\"http:\/\/universofamilia.com\/sk\/el-teletrabajo-en-2025-las-nuevas-tendencias-del-home-office\/\">Pr\u00e1ca na dia\u013eku v roku 2025: Nov\u00e9 trendy v pr\u00e1ci z domu<\/a><\/p>\n\n\n\n<h2 class=\"wp-block-heading\"><strong>Ako sa pripravi\u0165 bez toho, aby ste zneli nacvi\u010dene<\/strong><\/h2>\n\n\n\n<p>Efekt\u00edvna pr\u00edprava nie je o memorovan\u00ed odpoved\u00ed, ale o prem\u00fd\u0161\u013ean\u00ed o skuto\u010dn\u00fdch sk\u00fasenostiach. Identifik\u00e1cia \u00faspechov, v\u00fdziev a z\u00edskan\u00fdch ponau\u010den\u00ed v\u00e1m umo\u017e\u0148uje reagova\u0165 prirodzene.<\/p>\n\n\n\n<p>Cvi\u010denie nahlas pom\u00e1ha zlep\u0161i\u0165 plynulos\u0165, ale je tie\u017e d\u00f4le\u017eit\u00e9 necha\u0165 priestor pre spont\u00e1nnos\u0165. Pohovory si cenia autenticitu, nie dokonalos\u0165.<\/p>\n\n\n\n<h2 class=\"wp-block-heading\"><strong>Be\u017en\u00e9 chyby, ktor\u00e9 na\u010falej sp\u00f4sobuj\u00fa probl\u00e9my s obchodn\u00fdmi pr\u00edle\u017eitos\u0165ami<\/strong><\/h2>\n\n\n\n<p>Nadmern\u00e9 rozpr\u00e1vanie, vyh\u00fdbanie sa odpovediam alebo vyh\u00fdbanie sa priznaniu ch\u00fdb je st\u00e1le \u0161kodliv\u00e9. Rovnako tak aj odpovedanie v\u0161eobecn\u00fdmi fr\u00e1zami bez kontextu.<\/p>\n\n\n\n<p>Naopak, jasnos\u0165, konkr\u00e9tne pr\u00edklady a akt\u00edvne po\u010d\u00favanie buduj\u00fa d\u00f4veru. Tazate\u013e si v\u0161imne, kedy je medzi diskusiou a sk\u00fasenos\u0165ou s\u00falad.<\/p>\n\n\n\n<h2 class=\"wp-block-heading\"><strong>Z\u00e1ver<\/strong><\/h2>\n\n\n\n<p>Uchopi\u0165 <strong>Naj\u010dastej\u0161ie ot\u00e1zky na pohovore v roku 2025<\/strong> Umo\u017e\u0148uje v\u00e1m \u010deli\u0165 v\u00fdberov\u00fdm procesom s v\u00e4\u010d\u0161ou sebad\u00f4verou a strat\u00e9giou.<\/p>\n\n\n\n<p>Dne\u0161n\u00e9 pohovory h\u013eadaj\u00fa v\u0161estrann\u00fdch jednotlivcov: so zru\u010dnos\u0165ami, hodnotami a prisp\u00f4sobivos\u0165ou.<\/p>\n\n\n\n<p>Pr\u00edprava prostredn\u00edctvom sebapoznania, a nie pomocou rigidn\u00fdch vzorcov, zvy\u0161uje va\u0161e \u0161ance na \u00faspech.<\/p>\n\n\n\n<p>Na konkuren\u010dnom trhu vynikaj\u00fa t\u00ed, ktor\u00ed komunikuj\u00fa jasne a autenticky bez toho, aby museli preh\u00e1\u0148a\u0165.<\/p>\n\n\n\n<p>\u010c\u00edtajte viac:\u00a0<a href=\"http:\/\/universofamilia.com\/sk\/carreras-sostenibles-empleos-verdes-en-auge\/\">Udr\u017eate\u013en\u00e9 kari\u00e9ry: rozmach zelen\u00fdch pracovn\u00fdch miest<\/a><\/p>\n\n\n\n<h2 class=\"wp-block-heading\"><strong>\u010casto kladen\u00e9 ot\u00e1zky<\/strong><\/h2>\n\n\n\n<p><strong>S\u00fa ot\u00e1zky na pohovore rovnak\u00e9 vo v\u0161etk\u00fdch sektoroch?<\/strong><br>Nie. Hoci existuj\u00fa spolo\u010dn\u00e9 vzorce, ka\u017ed\u00e9 odvetvie uprednost\u0148uje \u0161pecifick\u00e9 zru\u010dnosti.<\/p>\n\n\n\n<p><strong>Je vhodn\u00e9 pripravi\u0165 si p\u00edsomn\u00e9 odpovede?<\/strong><br>Sl\u00fa\u017ei to ako \u00favodn\u00e9 cvi\u010denie, ale po\u010das pohovoru je lep\u0161ie odpoveda\u0165 prirodzene.<\/p>\n\n\n\n<p><strong>Ak\u00e1 d\u00f4le\u017eit\u00e1 je \u00faprimnos\u0165?<\/strong><br>Je to k\u013e\u00fa\u010dov\u00e9. N\u00e1bor\u00e1ri dok\u00e1\u017eu \u013eahko odhali\u0165 nezrovnalosti.<\/p>\n\n\n\n<p><strong>Menia virtu\u00e1lne pohovory typ kladen\u00fdch ot\u00e1zok?<\/strong><br>Zameranie zost\u00e1va rovnak\u00e9, hoci sa zvy\u0161uje hodnotenie komunik\u00e1cie a sebariadenia.<\/p>\n\n\n\n<p><strong>Diskvalifikuje nespr\u00e1vna odpove\u010f na ot\u00e1zku kandid\u00e1ta?<\/strong><br>Nie nevyhnutne. Postoj, jasnos\u0165 a schopnos\u0165 reflexie s\u00fa rovnako d\u00f4le\u017eit\u00e9 ako v\u010dasn\u00e1 odpove\u010f.<\/p>\n\n\n\n<p>V roku 2025 by\u0165 dobre pripraven\u00fd neznamen\u00e1 vyzera\u0165 dokonale, ale uk\u00e1za\u0165, kto ste, ako mysl\u00edte a ak\u00fa skuto\u010dn\u00fa hodnotu m\u00f4\u017eete prinies\u0165.<\/p>\n\n\n\n<p>To zost\u00e1va najsilnej\u0161ou odpove\u010fou v ka\u017edom rozhovore.<\/p>","protected":false},"excerpt":{"rendered":"<p>Naj\u010dastej\u0161ie ot\u00e1zky na pohovoroch v roku 2025 odr\u00e1\u017eaj\u00fa trh pr\u00e1ce, ktor\u00fd je digit\u00e1lnej\u0161\u00ed, \u013eudskej\u0161\u00ed a strategickej\u0161\u00ed ako kedyko\u013evek predt\u00fdm. V kontexte, kde koexistuj\u00fa virtu\u00e1lne procesy, umel\u00e1 inteligencia v n\u00e1bore a glob\u00e1lne t\u00edmy, sa pohovory posunuli od zamerania sa v\u00fdlu\u010dne na \u017eivotopis. Dnes hodnotia kritick\u00e9 myslenie, prisp\u00f4sobivos\u0165 a profesion\u00e1lnu konzistentnos\u0165. Predt\u00fdm, ako budeme pokra\u010dova\u0165, je to [\u2026]<\/p>","protected":false},"author":219,"featured_media":10466,"comment_status":"closed","ping_status":"open","sticky":false,"template":"","format":"standard","meta":{"footnotes":""},"categories":[5],"tags":[],"yoast_head":"<!-- This site is optimized with the Yoast SEO plugin v23.3 - https:\/\/yoast.com\/wordpress\/plugins\/seo\/ -->\n<title>Las preguntas de entrevista m\u00e1s comunes de 2025 - Universo Fam\u00edlia<\/title>\n<meta name=\"description\" content=\"Las preguntas de entrevista m\u00e1s comunes de 2025 reflejan un mercado laboral m\u00e1s digital, humano y estrat\u00e9gico que nunca.\" \/>\n<meta name=\"robots\" content=\"index, follow, max-snippet:-1, max-image-preview:large, max-video-preview:-1\" \/>\n<link rel=\"canonical\" href=\"https:\/\/universofamilia.com\/sk\/las-preguntas-de-entrevista-mas-comunes-de-2025\/\" \/>\n<meta property=\"og:locale\" content=\"sk_SK\" \/>\n<meta property=\"og:type\" content=\"article\" \/>\n<meta property=\"og:title\" content=\"Las preguntas de entrevista m\u00e1s comunes de 2025 - Universo Fam\u00edlia\" \/>\n<meta property=\"og:description\" content=\"Las preguntas de entrevista m\u00e1s comunes de 2025 reflejan un mercado laboral m\u00e1s digital, humano y estrat\u00e9gico que nunca.\" \/>\n<meta property=\"og:url\" content=\"https:\/\/universofamilia.com\/sk\/las-preguntas-de-entrevista-mas-comunes-de-2025\/\" \/>\n<meta property=\"og:site_name\" content=\"Universo Fam\u00edlia\" \/>\n<meta property=\"article:published_time\" content=\"2025-12-26T15:09:03+00:00\" \/>\n<meta property=\"article:modified_time\" content=\"2025-12-26T15:09:05+00:00\" \/>\n<meta property=\"og:image\" content=\"https:\/\/universofamilia.com\/wp-content\/uploads\/sites\/148\/2025\/12\/Destaque-Novo-Universo-18-1.jpg\" \/>\n\t<meta property=\"og:image:width\" content=\"450\" \/>\n\t<meta property=\"og:image:height\" content=\"250\" \/>\n\t<meta property=\"og:image:type\" content=\"image\/jpeg\" \/>\n<meta name=\"author\" content=\"Matheus Sangaletti\" \/>\n<meta name=\"twitter:card\" content=\"summary_large_image\" \/>\n<meta name=\"twitter:label1\" content=\"Written by\" \/>\n\t<meta name=\"twitter:data1\" content=\"Matheus Sangaletti\" \/>\n\t<meta name=\"twitter:label2\" content=\"Est. reading time\" \/>\n\t<meta name=\"twitter:data2\" content=\"7 min\u00fat\" \/>\n<script type=\"application\/ld+json\" class=\"yoast-schema-graph\">{\"@context\":\"https:\/\/schema.org\",\"@graph\":[{\"@type\":\"WebPage\",\"@id\":\"https:\/\/universofamilia.com\/sk\/las-preguntas-de-entrevista-mas-comunes-de-2025\/\",\"url\":\"https:\/\/universofamilia.com\/sk\/las-preguntas-de-entrevista-mas-comunes-de-2025\/\",\"name\":\"Las preguntas de entrevista m\u00e1s comunes de 2025 - Universo Fam\u00edlia\",\"isPartOf\":{\"@id\":\"http:\/\/universofamilia.com\/zh_hk\/#website\"},\"primaryImageOfPage\":{\"@id\":\"https:\/\/universofamilia.com\/sk\/las-preguntas-de-entrevista-mas-comunes-de-2025\/#primaryimage\"},\"image\":{\"@id\":\"https:\/\/universofamilia.com\/sk\/las-preguntas-de-entrevista-mas-comunes-de-2025\/#primaryimage\"},\"thumbnailUrl\":\"http:\/\/universofamilia.com\/wp-content\/uploads\/sites\/148\/2025\/12\/Destaque-Novo-Universo-18-1.jpg\",\"datePublished\":\"2025-12-26T15:09:03+00:00\",\"dateModified\":\"2025-12-26T15:09:05+00:00\",\"author\":{\"@id\":\"http:\/\/universofamilia.com\/zh_hk\/#\/schema\/person\/92fcd07e9b1f4323bf74f3170fc0f78a\"},\"description\":\"Las preguntas de entrevista m\u00e1s comunes de 2025 reflejan un mercado laboral m\u00e1s digital, humano y estrat\u00e9gico que nunca.\",\"breadcrumb\":{\"@id\":\"https:\/\/universofamilia.com\/sk\/las-preguntas-de-entrevista-mas-comunes-de-2025\/#breadcrumb\"},\"inLanguage\":\"sk-SK\",\"potentialAction\":[{\"@type\":\"ReadAction\",\"target\":[\"https:\/\/universofamilia.com\/sk\/las-preguntas-de-entrevista-mas-comunes-de-2025\/\"]}]},{\"@type\":\"ImageObject\",\"inLanguage\":\"sk-SK\",\"@id\":\"https:\/\/universofamilia.com\/sk\/las-preguntas-de-entrevista-mas-comunes-de-2025\/#primaryimage\",\"url\":\"http:\/\/universofamilia.com\/wp-content\/uploads\/sites\/148\/2025\/12\/Destaque-Novo-Universo-18-1.jpg\",\"contentUrl\":\"http:\/\/universofamilia.com\/wp-content\/uploads\/sites\/148\/2025\/12\/Destaque-Novo-Universo-18-1.jpg\",\"width\":450,\"height\":250,\"caption\":\"Las preguntas de entrevista m\u00e1s comunes de 2025\"},{\"@type\":\"BreadcrumbList\",\"@id\":\"https:\/\/universofamilia.com\/sk\/las-preguntas-de-entrevista-mas-comunes-de-2025\/#breadcrumb\",\"itemListElement\":[{\"@type\":\"ListItem\",\"position\":1,\"name\":\"Home\",\"item\":\"http:\/\/universofamilia.com\/zh_hk\/\"},{\"@type\":\"ListItem\",\"position\":2,\"name\":\"Las preguntas de entrevista m\u00e1s comunes de 2025\"}]},{\"@type\":\"WebSite\",\"@id\":\"http:\/\/universofamilia.com\/zh_hk\/#website\",\"url\":\"http:\/\/universofamilia.com\/zh_hk\/\",\"name\":\"Universo Fam\u00edlia\",\"description\":\"\",\"potentialAction\":[{\"@type\":\"SearchAction\",\"target\":{\"@type\":\"EntryPoint\",\"urlTemplate\":\"http:\/\/universofamilia.com\/zh_hk\/?s={search_term_string}\"},\"query-input\":\"required name=search_term_string\"}],\"inLanguage\":\"sk-SK\"},{\"@type\":\"Person\",\"@id\":\"http:\/\/universofamilia.com\/zh_hk\/#\/schema\/person\/92fcd07e9b1f4323bf74f3170fc0f78a\",\"name\":\"Matheus Sangaletti\",\"image\":{\"@type\":\"ImageObject\",\"inLanguage\":\"sk-SK\",\"@id\":\"http:\/\/universofamilia.com\/zh_hk\/#\/schema\/person\/image\/\",\"url\":\"http:\/\/2.gravatar.com\/avatar\/280ea957a14a48e6a1ad2133d2cc27c9?s=96&d=mm&r=g\",\"contentUrl\":\"http:\/\/2.gravatar.com\/avatar\/280ea957a14a48e6a1ad2133d2cc27c9?s=96&d=mm&r=g\",\"caption\":\"Matheus Sangaletti\"},\"url\":\"http:\/\/universofamilia.com\/sk\/author\/matheuss\/\"}]}<\/script>\n<!-- \/ Yoast SEO plugin. -->","yoast_head_json":{"title":"Las preguntas de entrevista m\u00e1s comunes de 2025 - Universo Fam\u00edlia","description":"Las preguntas de entrevista m\u00e1s comunes de 2025 reflejan un mercado laboral m\u00e1s digital, humano y estrat\u00e9gico que nunca.","robots":{"index":"index","follow":"follow","max-snippet":"max-snippet:-1","max-image-preview":"max-image-preview:large","max-video-preview":"max-video-preview:-1"},"canonical":"https:\/\/universofamilia.com\/sk\/las-preguntas-de-entrevista-mas-comunes-de-2025\/","og_locale":"sk_SK","og_type":"article","og_title":"Las preguntas de entrevista m\u00e1s comunes de 2025 - Universo Fam\u00edlia","og_description":"Las preguntas de entrevista m\u00e1s comunes de 2025 reflejan un mercado laboral m\u00e1s digital, humano y estrat\u00e9gico que nunca.","og_url":"https:\/\/universofamilia.com\/sk\/las-preguntas-de-entrevista-mas-comunes-de-2025\/","og_site_name":"Universo Fam\u00edlia","article_published_time":"2025-12-26T15:09:03+00:00","article_modified_time":"2025-12-26T15:09:05+00:00","og_image":[{"width":450,"height":250,"url":"https:\/\/universofamilia.com\/wp-content\/uploads\/sites\/148\/2025\/12\/Destaque-Novo-Universo-18-1.jpg","type":"image\/jpeg"}],"author":"Matheus Sangaletti","twitter_card":"summary_large_image","twitter_misc":{"Written by":"Matheus Sangaletti","Est. reading time":"7 min\u00fat"},"schema":{"@context":"https:\/\/schema.org","@graph":[{"@type":"WebPage","@id":"https:\/\/universofamilia.com\/sk\/las-preguntas-de-entrevista-mas-comunes-de-2025\/","url":"https:\/\/universofamilia.com\/sk\/las-preguntas-de-entrevista-mas-comunes-de-2025\/","name":"Las preguntas de entrevista m\u00e1s comunes de 2025 - Universo Fam\u00edlia","isPartOf":{"@id":"http:\/\/universofamilia.com\/zh_hk\/#website"},"primaryImageOfPage":{"@id":"https:\/\/universofamilia.com\/sk\/las-preguntas-de-entrevista-mas-comunes-de-2025\/#primaryimage"},"image":{"@id":"https:\/\/universofamilia.com\/sk\/las-preguntas-de-entrevista-mas-comunes-de-2025\/#primaryimage"},"thumbnailUrl":"http:\/\/universofamilia.com\/wp-content\/uploads\/sites\/148\/2025\/12\/Destaque-Novo-Universo-18-1.jpg","datePublished":"2025-12-26T15:09:03+00:00","dateModified":"2025-12-26T15:09:05+00:00","author":{"@id":"http:\/\/universofamilia.com\/zh_hk\/#\/schema\/person\/92fcd07e9b1f4323bf74f3170fc0f78a"},"description":"Las preguntas de entrevista m\u00e1s comunes de 2025 reflejan un mercado laboral m\u00e1s digital, humano y estrat\u00e9gico que nunca.","breadcrumb":{"@id":"https:\/\/universofamilia.com\/sk\/las-preguntas-de-entrevista-mas-comunes-de-2025\/#breadcrumb"},"inLanguage":"sk-SK","potentialAction":[{"@type":"ReadAction","target":["https:\/\/universofamilia.com\/sk\/las-preguntas-de-entrevista-mas-comunes-de-2025\/"]}]},{"@type":"ImageObject","inLanguage":"sk-SK","@id":"https:\/\/universofamilia.com\/sk\/las-preguntas-de-entrevista-mas-comunes-de-2025\/#primaryimage","url":"http:\/\/universofamilia.com\/wp-content\/uploads\/sites\/148\/2025\/12\/Destaque-Novo-Universo-18-1.jpg","contentUrl":"http:\/\/universofamilia.com\/wp-content\/uploads\/sites\/148\/2025\/12\/Destaque-Novo-Universo-18-1.jpg","width":450,"height":250,"caption":"Las preguntas de entrevista m\u00e1s comunes de 2025"},{"@type":"BreadcrumbList","@id":"https:\/\/universofamilia.com\/sk\/las-preguntas-de-entrevista-mas-comunes-de-2025\/#breadcrumb","itemListElement":[{"@type":"ListItem","position":1,"name":"Home","item":"http:\/\/universofamilia.com\/zh_hk\/"},{"@type":"ListItem","position":2,"name":"Las preguntas de entrevista m\u00e1s comunes de 2025"}]},{"@type":"WebSite","@id":"http:\/\/universofamilia.com\/zh_hk\/#website","url":"http:\/\/universofamilia.com\/zh_hk\/","name":"Universo Fam\u00edlia","description":"","potentialAction":[{"@type":"SearchAction","target":{"@type":"EntryPoint","urlTemplate":"http:\/\/universofamilia.com\/zh_hk\/?s={search_term_string}"},"query-input":"required name=search_term_string"}],"inLanguage":"sk-SK"},{"@type":"Person","@id":"http:\/\/universofamilia.com\/zh_hk\/#\/schema\/person\/92fcd07e9b1f4323bf74f3170fc0f78a","name":"Matheus Sangaletti","image":{"@type":"ImageObject","inLanguage":"sk-SK","@id":"http:\/\/universofamilia.com\/zh_hk\/#\/schema\/person\/image\/","url":"http:\/\/2.gravatar.com\/avatar\/280ea957a14a48e6a1ad2133d2cc27c9?s=96&d=mm&r=g","contentUrl":"http:\/\/2.gravatar.com\/avatar\/280ea957a14a48e6a1ad2133d2cc27c9?s=96&d=mm&r=g","caption":"Matheus Sangaletti"},"url":"http:\/\/universofamilia.com\/sk\/author\/matheuss\/"}]}},"_links":{"self":[{"href":"http:\/\/universofamilia.com\/sk\/wp-json\/wp\/v2\/posts\/10464"}],"collection":[{"href":"http:\/\/universofamilia.com\/sk\/wp-json\/wp\/v2\/posts"}],"about":[{"href":"http:\/\/universofamilia.com\/sk\/wp-json\/wp\/v2\/types\/post"}],"author":[{"embeddable":true,"href":"http:\/\/universofamilia.com\/sk\/wp-json\/wp\/v2\/users\/219"}],"replies":[{"embeddable":true,"href":"http:\/\/universofamilia.com\/sk\/wp-json\/wp\/v2\/comments?post=10464"}],"version-history":[{"count":1,"href":"http:\/\/universofamilia.com\/sk\/wp-json\/wp\/v2\/posts\/10464\/revisions"}],"predecessor-version":[{"id":10468,"href":"http:\/\/universofamilia.com\/sk\/wp-json\/wp\/v2\/posts\/10464\/revisions\/10468"}],"wp:featuredmedia":[{"embeddable":true,"href":"http:\/\/universofamilia.com\/sk\/wp-json\/wp\/v2\/media\/10466"}],"wp:attachment":[{"href":"http:\/\/universofamilia.com\/sk\/wp-json\/wp\/v2\/media?parent=10464"}],"wp:term":[{"taxonomy":"category","embeddable":true,"href":"http:\/\/universofamilia.com\/sk\/wp-json\/wp\/v2\/categories?post=10464"},{"taxonomy":"post_tag","embeddable":true,"href":"http:\/\/universofamilia.com\/sk\/wp-json\/wp\/v2\/tags?post=10464"}],"curies":[{"name":"wp","href":"https:\/\/api.w.org\/{rel}","templated":true}]}}