{"id":1683,"date":"2023-05-24T20:19:32","date_gmt":"2023-05-24T20:19:32","guid":{"rendered":"https:\/\/universofamilia.com\/?p=1683"},"modified":"2023-05-24T20:19:32","modified_gmt":"2023-05-24T20:19:32","slug":"dicas-praticas-para-noites-tranquilas","status":"publish","type":"post","link":"http:\/\/universofamilia.com\/sk\/dicas-praticas-para-noites-tranquilas\/","title":{"rendered":"Praktick\u00e9 tipy pre pokojn\u00e9 ve\u010dery"},"content":{"rendered":"<p>Vytvorenie vhodn\u00e9ho re\u017eimu pre deti v\u00e1\u0161ho b\u00e1b\u00e4tka je nevyhnutn\u00e9 pre zabezpe\u010denie pokojn\u00fdch noc\u00ed pre cel\u00fa rodinu. Dobr\u00e1 kvalita zvuku je k\u013e\u00fa\u010dov\u00e1 pre zdrav\u00fd v\u00fdvoj b\u00e1b\u00e4tiek, okrem toho, \u017ee poskytuje krajine potrebn\u00fd odpo\u010dinok.<\/p>\n\n\n\n<p>V tomto \u010dl\u00e1nku sa s vami podel\u00edme o praktick\u00e9 tipy, ako vytvori\u0165 ide\u00e1lny zvukov\u00fd rytmus pre va\u0161e die\u0165atko a zabezpe\u010di\u0165, aby malo pokojn\u00fd a upokojuj\u00faci zvuk.<\/p>\n\n\n\n<h3 class=\"wp-block-heading\">Pozri tie\u017e:<\/h3>\n\n\n\n<p><a href=\"http:\/\/universofamilia.com\/sk\/rotina-ideal-para-a-familia-dormir-bem\/\" target=\"_blank\" rel=\"noreferrer noopener\">Rotina Ide\u00e1lne pre rodinu na dobr\u00fd sp\u00e1nok<\/a><\/p>\n\n\n\n<p><a href=\"http:\/\/universofamilia.com\/sk\/muco-nas-fezes-do-bebe-quando-e-normal-e-quando-se-preocupar\/\" target=\"_blank\" rel=\"noreferrer noopener\">Sliznice nosa: kedy je to norm\u00e1lne a kedy by ste sa mali ob\u00e1va\u0165?<\/a><\/p>\n\n\n\n<p><a href=\"https:\/\/www.luzbaby.com.br\/\" target=\"_blank\" rel=\"noreferrer noopener\">Luz Baby je jeden z najlep\u0161\u00edch obchodov s detsk\u00fdmi potrebami. Kliknite sem.<\/a><\/p>\n\n\n\n<h3 class=\"wp-block-heading\">Pochopte potreby svojho die\u0165a\u0165a<\/h3>\n\n\n\n<p>Ka\u017ed\u00e9 die\u0165a je jedine\u010dn\u00e9 a pochopenie jeho individu\u00e1lnych potrieb je prv\u00fdm krokom k vytvoreniu ide\u00e1lnej rutiny pre ne.<\/p>\n\n\n\n<p>Sledujte sp\u00e1nkov\u00e9 vzorce v\u00e1\u0161ho die\u0165a\u0165a, ako je mno\u017estvo potrebn\u00e9ho sp\u00e1nku a rozvrhy, v ktor\u00fdch je zvykom by\u0165 ospalej\u0161ie.<\/p>\n\n\n\n<p>To v\u00e1m pom\u00f4\u017ee identifikova\u0165 ide\u00e1lnu Janelu a vytvori\u0165 si rutinu, ktor\u00e1 vyhovuje va\u0161im individu\u00e1lnym potreb\u00e1m.<\/p>\n\n\n\n<h3 class=\"wp-block-heading\">Zave\u010fte si konzistentn\u00fa rutinu<\/h3>\n\n\n\n<p>D\u00f4sledn\u00e1 rutina je nevyhnutn\u00e1 na to, aby va\u0161e die\u0165a pochopilo, \u010do sa stane, a pripravilo sa na to.<\/p>\n\n\n\n<p>Predt\u00fdm, ako ho ulo\u017e\u00edte do postele, vytvorte postupnos\u0165 relaxa\u010dn\u00fdch aktiv\u00edt, ako napr\u00edklad rann\u00fd k\u00fape\u013e, jemn\u00fa mas\u00e1\u017e alebo rozpr\u00e1vku o b\u00e1b\u00e4tku. Aktivity v\u017edy vykon\u00e1vajte v rovnakom porad\u00ed a harmonograme, preto\u017ee to pom\u00f4\u017ee die\u0165a\u0165u signalizova\u0165, \u017ee je \u010das spa\u0165.<\/p>\n\n\n\n<p>Konzistencia poskytuje die\u0165a\u0165u bezpe\u010die a pohodlie, \u010do u\u013eah\u010duje prechod do sp\u00e1nku.<\/p>\n\n\n<div class=\"wp-block-image\">\n<figure class=\"aligncenter size-full\"><img loading=\"lazy\" decoding=\"async\" width=\"550\" height=\"350\" src=\"http:\/\/universofamilia.com\/wp-content\/uploads\/sites\/148\/2023\/05\/FOTO-POST-dicas-bebe-dormir-bem-universo-familia-.png\" alt=\"\" class=\"wp-image-1929\" srcset=\"http:\/\/universofamilia.com\/wp-content\/uploads\/sites\/148\/2023\/05\/FOTO-POST-dicas-bebe-dormir-bem-universo-familia-.png 550w, http:\/\/universofamilia.com\/wp-content\/uploads\/sites\/148\/2023\/05\/FOTO-POST-dicas-bebe-dormir-bem-universo-familia--300x191.png 300w\" sizes=\"(max-width: 550px) 100vw, 550px\" \/><\/figure><\/div>\n\n\n<h3 class=\"wp-block-heading\">Vytvorte priazniv\u00e9 prostredie pre svojho syna<\/h3>\n\n\n\n<p>Vhodn\u00e9 prostredie je nevyhnutn\u00e9 pre dobr\u00fd zvukov\u00fd ve\u010der.<\/p>\n\n\n\n<p>Udr\u017eujte detsk\u00fa izbu tmav\u00fa, tich\u00fa a s pr\u00edjemnou teplotou. Na vytvorenie pokojn\u00e9ho prostredia pou\u017eite z\u00e1vesy blokuj\u00face svetlo, biely \u0161um alebo jemn\u00fa hudbu.<\/p>\n\n\n\n<p>Zv\u00e1\u017ete aj pou\u017eitie zariadenia na monitorovanie zvuku, ktor\u00e9 m\u00f4\u017ee pom\u00f4c\u0165 identifikova\u0165 rodi\u010dov a poskytn\u00fa\u0165 cenn\u00e9 inform\u00e1cie o zvuku, ktor\u00fd die\u0165a vyd\u00e1va.<\/p>\n\n\n\n<h3 class=\"wp-block-heading\">Vyh\u00fdbajte sa podnetom pred span\u00edm<\/h3>\n\n\n\n<p>Pred span\u00edm sa vyh\u00fdbajte stimuluj\u00facim aktivit\u00e1m, ako je prudk\u00e9 sk\u00e1kanie alebo nadmern\u00e9 pou\u017e\u00edvanie elektronick\u00fdch zariaden\u00ed. Vystavenie modr\u00e9mu svetlu z dvoch elektronick\u00fdch zariaden\u00ed m\u00f4\u017ee ru\u0161i\u0165 zvuk v\u00e1\u0161ho die\u0165a\u0165a.<\/p>\n\n\n\n<p>Namiesto toho zvo\u013ete pokojn\u00e9 a relaxa\u010dn\u00e9 aktivity, ako je \u010d\u00edtanie alebo jemn\u00e1 hudba. To pom\u00f4\u017ee die\u0165a\u0165u upokoji\u0165 sa a pripravi\u0165 sa na sp\u00e1nok.<\/p>\n\n\n\n<h3 class=\"wp-block-heading\">Venujte pozornos\u0165 zvukov\u00fdm dutin\u00e1m<\/h3>\n\n\n\n<p>Ka\u017ed\u00e9 die\u0165a m\u00e1 individu\u00e1lne pr\u00edznaky ospalosti. Venujte pozornos\u0165 o\u010diam, zraku alebo podr\u00e1\u017edenosti, preto\u017ee to s\u00fa sign\u00e1ly, \u017ee die\u0165a je pripraven\u00e9 spa\u0165.<\/p>\n\n\n\n<p>V\u010dasnou identifik\u00e1ciou t\u00fdchto dut\u00edn m\u00f4\u017eete r\u00fdchlo kona\u0165 a uspa\u0165 die\u0165a sk\u00f4r, ako sa pr\u00edli\u0161 unav\u00ed. To u\u013eah\u010d\u00ed proces usp\u00e1vania a pom\u00f4\u017ee vyhn\u00fa\u0165 sa nadmernej stimul\u00e1cii, ktor\u00e1 m\u00f4\u017ee die\u0165a\u0165u s\u0165a\u017ei\u0165 zasp\u00e1vanie.<\/p>\n\n\n\n<h3 class=\"wp-block-heading\">Z\u00e1ver<\/h3>\n\n\n\n<p>Dodr\u017eiavanie ide\u00e1lneho re\u017eimu pre syna v\u00e1\u0161ho die\u0165a\u0165a m\u00f4\u017ee by\u0165 n\u00e1ro\u010dn\u00e9, ale s trpezlivos\u0165ou a d\u00f4slednos\u0165ou m\u00f4\u017eete vytvori\u0165 prostredie priazniv\u00e9 pre odpo\u010dinok a zaru\u010di\u0165 pokojn\u00e9 noci pre cel\u00fa rodinu.<\/p>\n\n\n<div class=\"wp-block-image\">\n<figure class=\"aligncenter size-large is-resized\"><img loading=\"lazy\" decoding=\"async\" src=\"https:\/\/universofamilia.com\/wp-content\/uploads\/2023\/05\/A-ROTINA-IDEAL-DO-SONO-PARA-FAMILIA-COM-BEBE-1024x710.jpg\" alt=\"\" class=\"wp-image-1667\" width=\"549\" height=\"381\"\/><\/figure><\/div>\n\n\n<p>Uvedomte si, \u017ee ka\u017ed\u00e9 die\u0165a je jedine\u010dn\u00e9 a je d\u00f4le\u017eit\u00e9 pozorova\u0165 a ch\u00e1pa\u0165 jeho individu\u00e1lne potreby.<\/p>\n\n\n\n<p>Zave\u010fte si pravideln\u00fd re\u017eim, vytvorte zdrav\u00e9 prostredie, vyh\u00fdbajte sa podnetom pred span\u00edm a venujte pozornos\u0165 zvukov\u00fdm sign\u00e1lom v\u00e1\u0161ho die\u0165a\u0165a.<\/p>\n\n\n\n<p>S t\u00fdmito praktick\u00fdmi pokynmi budete na spr\u00e1vnej ceste k vytvoreniu ide\u00e1lnej rutiny a zaru\u010deniu pokojn\u00e9ho a upokojuj\u00faceho zvuku pre va\u0161e die\u0165a.<\/p>\n\n\n\n<p>Venova\u0165 \u010das a \u00fasilie vytvoreniu ide\u00e1lnej rutiny pre syna v\u00e1\u0161ho die\u0165a\u0165a je cenn\u00e1 invest\u00edcia.<\/p>\n\n\n\n<p>Vedzte, \u017ee spr\u00e1vny zvuk je nevyhnutn\u00fd pre zdrav\u00fd rast a v\u00fdvoj v\u00e1\u0161ho die\u0165a\u0165a, okrem toho, \u017ee poskytuje potrebn\u00fd odpo\u010dinok pre va\u0161u krajinu.<\/p>\n\n\n\n<p>So spr\u00e1vnymi technikami a strat\u00e9giami budete na spr\u00e1vnej ceste k vytvoreniu zdravej rutiny, ktor\u00e1 prinesie dlhodob\u00e9 v\u00fdhody celej rodine.<\/p>\n\n\n\n<p>D\u00fafame, \u017ee v\u00e1m tieto tipy boli u\u017eito\u010dn\u00e9. Men\u00e1 s\u00fa prisp\u00f4soben\u00e9 individu\u00e1lnym potreb\u00e1m a preferenci\u00e1m v\u00e1\u0161ho die\u0165a\u0165a.<\/p>\n\n\n\n<p>Ka\u017ed\u00e1 rodina je jedine\u010dn\u00e1 a je d\u00f4le\u017eit\u00e9 n\u00e1js\u0165 to, \u010do v\u00e1m najviac vyhovuje. Kompatibilita, d\u00f4slednos\u0165 a l\u00e1ska v\u00e1m pom\u00f4\u017eu vytvori\u0165 ide\u00e1lny zdrav\u00fd re\u017eim a poskytn\u00fa\u0165 v\u00e1\u0161mu die\u0165atku pokojn\u00e9 a povzbudzuj\u00face noci.<\/p>","protected":false},"excerpt":{"rendered":"<p>Vytvorenie vhodn\u00e9ho re\u017eimu pre deti v\u00e1\u0161ho b\u00e1b\u00e4tka je nevyhnutn\u00e9 pre zabezpe\u010denie pokojn\u00fdch noc\u00ed pre cel\u00fa rodinu. Dobr\u00e1 kvalita zvuku je k\u013e\u00fa\u010dov\u00e1 pre zdrav\u00fd v\u00fdvoj b\u00e1b\u00e4tiek, okrem toho, \u017ee poskytuje krajine potrebn\u00fd odpo\u010dinok. V tomto \u010dl\u00e1nku sa s vami podel\u00edme o praktick\u00e9 tipy, ako vytvori\u0165 ide\u00e1lny re\u017eim pre syna v\u00e1\u0161ho b\u00e1b\u00e4tka, [\u2026]<\/p>","protected":false},"author":0,"featured_media":1930,"comment_status":"closed","ping_status":"open","sticky":false,"template":"","format":"standard","meta":{"footnotes":""},"categories":[5],"tags":[767,774,1438,1498],"yoast_head":"<!-- This site is optimized with the Yoast SEO plugin v23.3 - https:\/\/yoast.com\/wordpress\/plugins\/seo\/ -->\n<title>Dicas pr\u00e1ticas para noites tranquilas - Universo Fam\u00edlia<\/title>\n<meta name=\"description\" content=\"Cada beb\u00ea \u00e9 \u00fanico, e entender suas necessidades individuais \u00e9 o primeiro passo para estabelecer uma rotina ideal para o sono.\" \/>\n<meta name=\"robots\" content=\"index, follow, max-snippet:-1, max-image-preview:large, max-video-preview:-1\" \/>\n<link rel=\"canonical\" href=\"http:\/\/universofamilia.com\/sk\/dicas-praticas-para-noites-tranquilas\/\" \/>\n<meta property=\"og:locale\" content=\"sk_SK\" \/>\n<meta property=\"og:type\" content=\"article\" \/>\n<meta property=\"og:title\" content=\"Dicas pr\u00e1ticas para noites tranquilas - Universo Fam\u00edlia\" \/>\n<meta property=\"og:description\" content=\"Cada beb\u00ea \u00e9 \u00fanico, e entender suas necessidades individuais \u00e9 o primeiro passo para estabelecer uma rotina ideal para o sono.\" \/>\n<meta property=\"og:url\" content=\"http:\/\/universofamilia.com\/sk\/dicas-praticas-para-noites-tranquilas\/\" \/>\n<meta property=\"og:site_name\" content=\"Universo Fam\u00edlia\" \/>\n<meta property=\"article:published_time\" content=\"2023-05-24T20:19:32+00:00\" \/>\n<meta property=\"og:image\" content=\"http:\/\/universofamilia.com\/wp-content\/uploads\/sites\/148\/2023\/05\/FOTO-DESTAQUE-bebe-dormir-bem-universo-familia-448x350-.png\" \/>\n\t<meta property=\"og:image:width\" content=\"448\" \/>\n\t<meta property=\"og:image:height\" content=\"350\" \/>\n\t<meta property=\"og:image:type\" content=\"image\/png\" \/>\n<meta name=\"twitter:card\" content=\"summary_large_image\" \/>\n<meta name=\"twitter:label1\" content=\"Est. reading time\" \/>\n\t<meta name=\"twitter:data1\" content=\"5 min\u00fat\" \/>\n<script type=\"application\/ld+json\" class=\"yoast-schema-graph\">{\"@context\":\"https:\/\/schema.org\",\"@graph\":[{\"@type\":\"WebPage\",\"@id\":\"http:\/\/universofamilia.com\/cs\/dicas-praticas-para-noites-tranquilas\/\",\"url\":\"http:\/\/universofamilia.com\/cs\/dicas-praticas-para-noites-tranquilas\/\",\"name\":\"Dicas pr\u00e1ticas para noites tranquilas - Universo Fam\u00edlia\",\"isPartOf\":{\"@id\":\"https:\/\/universofamilia.com\/el\/#website\"},\"primaryImageOfPage\":{\"@id\":\"http:\/\/universofamilia.com\/cs\/dicas-praticas-para-noites-tranquilas\/#primaryimage\"},\"image\":{\"@id\":\"http:\/\/universofamilia.com\/cs\/dicas-praticas-para-noites-tranquilas\/#primaryimage\"},\"thumbnailUrl\":\"http:\/\/universofamilia.com\/wp-content\/uploads\/sites\/148\/2023\/05\/FOTO-DESTAQUE-bebe-dormir-bem-universo-familia-448x350-.png\",\"datePublished\":\"2023-05-24T20:19:32+00:00\",\"dateModified\":\"2023-05-24T20:19:32+00:00\",\"author\":{\"@id\":\"\"},\"description\":\"Cada beb\u00ea \u00e9 \u00fanico, e entender suas necessidades individuais \u00e9 o primeiro passo para estabelecer uma rotina ideal para o sono.\",\"breadcrumb\":{\"@id\":\"http:\/\/universofamilia.com\/cs\/dicas-praticas-para-noites-tranquilas\/#breadcrumb\"},\"inLanguage\":\"sk-SK\",\"potentialAction\":[{\"@type\":\"ReadAction\",\"target\":[\"http:\/\/universofamilia.com\/cs\/dicas-praticas-para-noites-tranquilas\/\"]}]},{\"@type\":\"ImageObject\",\"inLanguage\":\"sk-SK\",\"@id\":\"http:\/\/universofamilia.com\/cs\/dicas-praticas-para-noites-tranquilas\/#primaryimage\",\"url\":\"http:\/\/universofamilia.com\/wp-content\/uploads\/sites\/148\/2023\/05\/FOTO-DESTAQUE-bebe-dormir-bem-universo-familia-448x350-.png\",\"contentUrl\":\"http:\/\/universofamilia.com\/wp-content\/uploads\/sites\/148\/2023\/05\/FOTO-DESTAQUE-bebe-dormir-bem-universo-familia-448x350-.png\",\"width\":448,\"height\":350},{\"@type\":\"BreadcrumbList\",\"@id\":\"http:\/\/universofamilia.com\/cs\/dicas-praticas-para-noites-tranquilas\/#breadcrumb\",\"itemListElement\":[{\"@type\":\"ListItem\",\"position\":1,\"name\":\"Home\",\"item\":\"https:\/\/universofamilia.com\/el\/\"},{\"@type\":\"ListItem\",\"position\":2,\"name\":\"Dicas pr\u00e1ticas para noites tranquilas\"}]},{\"@type\":\"WebSite\",\"@id\":\"https:\/\/universofamilia.com\/el\/#website\",\"url\":\"https:\/\/universofamilia.com\/el\/\",\"name\":\"Universo Fam\u00edlia\",\"description\":\"\",\"potentialAction\":[{\"@type\":\"SearchAction\",\"target\":{\"@type\":\"EntryPoint\",\"urlTemplate\":\"https:\/\/universofamilia.com\/el\/?s={search_term_string}\"},\"query-input\":\"required name=search_term_string\"}],\"inLanguage\":\"sk-SK\"}]}<\/script>\n<!-- \/ Yoast SEO plugin. -->","yoast_head_json":{"title":"Dicas pr\u00e1ticas para noites tranquilas - Universo Fam\u00edlia","description":"Cada beb\u00ea \u00e9 \u00fanico, e entender suas necessidades individuais \u00e9 o primeiro passo para estabelecer uma rotina ideal para o sono.","robots":{"index":"index","follow":"follow","max-snippet":"max-snippet:-1","max-image-preview":"max-image-preview:large","max-video-preview":"max-video-preview:-1"},"canonical":"http:\/\/universofamilia.com\/sk\/dicas-praticas-para-noites-tranquilas\/","og_locale":"sk_SK","og_type":"article","og_title":"Dicas pr\u00e1ticas para noites tranquilas - Universo Fam\u00edlia","og_description":"Cada beb\u00ea \u00e9 \u00fanico, e entender suas necessidades individuais \u00e9 o primeiro passo para estabelecer uma rotina ideal para o sono.","og_url":"http:\/\/universofamilia.com\/sk\/dicas-praticas-para-noites-tranquilas\/","og_site_name":"Universo Fam\u00edlia","article_published_time":"2023-05-24T20:19:32+00:00","og_image":[{"width":448,"height":350,"url":"http:\/\/universofamilia.com\/wp-content\/uploads\/sites\/148\/2023\/05\/FOTO-DESTAQUE-bebe-dormir-bem-universo-familia-448x350-.png","type":"image\/png"}],"twitter_card":"summary_large_image","twitter_misc":{"Est. reading time":"5 min\u00fat"},"schema":{"@context":"https:\/\/schema.org","@graph":[{"@type":"WebPage","@id":"http:\/\/universofamilia.com\/cs\/dicas-praticas-para-noites-tranquilas\/","url":"http:\/\/universofamilia.com\/cs\/dicas-praticas-para-noites-tranquilas\/","name":"Dicas pr\u00e1ticas para noites tranquilas - Universo Fam\u00edlia","isPartOf":{"@id":"https:\/\/universofamilia.com\/el\/#website"},"primaryImageOfPage":{"@id":"http:\/\/universofamilia.com\/cs\/dicas-praticas-para-noites-tranquilas\/#primaryimage"},"image":{"@id":"http:\/\/universofamilia.com\/cs\/dicas-praticas-para-noites-tranquilas\/#primaryimage"},"thumbnailUrl":"http:\/\/universofamilia.com\/wp-content\/uploads\/sites\/148\/2023\/05\/FOTO-DESTAQUE-bebe-dormir-bem-universo-familia-448x350-.png","datePublished":"2023-05-24T20:19:32+00:00","dateModified":"2023-05-24T20:19:32+00:00","author":{"@id":""},"description":"Cada beb\u00ea \u00e9 \u00fanico, e entender suas necessidades individuais \u00e9 o primeiro passo para estabelecer uma rotina ideal para o sono.","breadcrumb":{"@id":"http:\/\/universofamilia.com\/cs\/dicas-praticas-para-noites-tranquilas\/#breadcrumb"},"inLanguage":"sk-SK","potentialAction":[{"@type":"ReadAction","target":["http:\/\/universofamilia.com\/cs\/dicas-praticas-para-noites-tranquilas\/"]}]},{"@type":"ImageObject","inLanguage":"sk-SK","@id":"http:\/\/universofamilia.com\/cs\/dicas-praticas-para-noites-tranquilas\/#primaryimage","url":"http:\/\/universofamilia.com\/wp-content\/uploads\/sites\/148\/2023\/05\/FOTO-DESTAQUE-bebe-dormir-bem-universo-familia-448x350-.png","contentUrl":"http:\/\/universofamilia.com\/wp-content\/uploads\/sites\/148\/2023\/05\/FOTO-DESTAQUE-bebe-dormir-bem-universo-familia-448x350-.png","width":448,"height":350},{"@type":"BreadcrumbList","@id":"http:\/\/universofamilia.com\/cs\/dicas-praticas-para-noites-tranquilas\/#breadcrumb","itemListElement":[{"@type":"ListItem","position":1,"name":"Home","item":"https:\/\/universofamilia.com\/el\/"},{"@type":"ListItem","position":2,"name":"Dicas pr\u00e1ticas para noites tranquilas"}]},{"@type":"WebSite","@id":"https:\/\/universofamilia.com\/el\/#website","url":"https:\/\/universofamilia.com\/el\/","name":"Universo Fam\u00edlia","description":"","potentialAction":[{"@type":"SearchAction","target":{"@type":"EntryPoint","urlTemplate":"https:\/\/universofamilia.com\/el\/?s={search_term_string}"},"query-input":"required name=search_term_string"}],"inLanguage":"sk-SK"}]}},"_links":{"self":[{"href":"http:\/\/universofamilia.com\/sk\/wp-json\/wp\/v2\/posts\/1683"}],"collection":[{"href":"http:\/\/universofamilia.com\/sk\/wp-json\/wp\/v2\/posts"}],"about":[{"href":"http:\/\/universofamilia.com\/sk\/wp-json\/wp\/v2\/types\/post"}],"replies":[{"embeddable":true,"href":"http:\/\/universofamilia.com\/sk\/wp-json\/wp\/v2\/comments?post=1683"}],"version-history":[{"count":0,"href":"http:\/\/universofamilia.com\/sk\/wp-json\/wp\/v2\/posts\/1683\/revisions"}],"wp:featuredmedia":[{"embeddable":true,"href":"http:\/\/universofamilia.com\/sk\/wp-json\/wp\/v2\/media\/1930"}],"wp:attachment":[{"href":"http:\/\/universofamilia.com\/sk\/wp-json\/wp\/v2\/media?parent=1683"}],"wp:term":[{"taxonomy":"category","embeddable":true,"href":"http:\/\/universofamilia.com\/sk\/wp-json\/wp\/v2\/categories?post=1683"},{"taxonomy":"post_tag","embeddable":true,"href":"http:\/\/universofamilia.com\/sk\/wp-json\/wp\/v2\/tags?post=1683"}],"curies":[{"name":"wp","href":"https:\/\/api.w.org\/{rel}","templated":true}]}}