{"id":1692,"date":"2023-05-25T00:53:43","date_gmt":"2023-05-25T00:53:43","guid":{"rendered":"https:\/\/universofamilia.com\/?p=1692"},"modified":"2023-05-25T00:53:43","modified_gmt":"2023-05-25T00:53:43","slug":"rotina-ideal-para-a-familia-dormir-bem","status":"publish","type":"post","link":"http:\/\/universofamilia.com\/sk\/rotina-ideal-para-a-familia-dormir-bem\/","title":{"rendered":"Rotina ide\u00e1lna pre rodinu na dobr\u00fd sp\u00e1nok"},"content":{"rendered":"<p>Spr\u00e1vny zvukov\u00fd re\u017eim je nevyhnutn\u00fd pre pohodu a zdravie celej rodiny. Sp\u00e1nok nielen zlep\u0161uje n\u00e1ladu alebo v\u00fdkonnos\u0165 po\u010das d\u0148a, ale tie\u017e posil\u0148uje imunitn\u00fd syst\u00e9m a prispieva k lep\u0161ej kvalite \u017eivota. V tomto \u010dl\u00e1nku predstav\u00edme ide\u00e1lny re\u017eim pre rodinu, aby sa dobre vyspala, praktick\u00e9 opatrenia, ktor\u00e9 sa daj\u00fa \u013eahko implementova\u0165. Pr\u00ed\u010fte a objavte, ako zabezpe\u010di\u0165 pokojn\u00e9 zvukov\u00e9 noci pre v\u0161etk\u00fdch \u010dlenov va\u0161ej rodiny.<\/p>\n\n\n\n<h3 class=\"wp-block-heading\">Pozri tie\u017e:<\/h3>\n\n\n\n<p><a href=\"http:\/\/universofamilia.com\/sk\/rotina-ideal-para-a-familia-dormir-bem\/\" target=\"_blank\" rel=\"noreferrer noopener\">Rotina Ide\u00e1lne pre rodinu na dobr\u00fd sp\u00e1nok<\/a><\/p>\n\n\n\n<p><a href=\"http:\/\/universofamilia.com\/sk\/muco-nas-fezes-do-bebe-quando-e-normal-e-quando-se-preocupar\/\" target=\"_blank\" rel=\"noreferrer noopener\">Sliznice nosa: kedy je to norm\u00e1lne a kedy by ste sa mali ob\u00e1va\u0165?<\/a><\/p>\n\n\n\n<p><a href=\"https:\/\/www.luzbaby.com.br\/\" target=\"_blank\" rel=\"noreferrer noopener\">Luz Baby je jeden z najlep\u0161\u00edch obchodov s detsk\u00fdmi potrebami. Kliknite sem.<\/a><\/p>\n\n\n\n<h3 class=\"wp-block-heading\">Stanovte si pravideln\u00e9 zvukov\u00e9 harmonogramy<\/h3>\n\n\n\n<p>Jednou z hlavn\u00fdch techn\u00edk na zlep\u0161enie kvality zvuku je stanovenie pravideln\u00fdch re\u017eimov sp\u00e1nku a zapam\u00e4t\u00e1vania. Z pravidelnej stravy profituj\u00fa deti aj dospel\u00ed. Sna\u017ete sa definova\u0165 re\u017eimy sp\u00e1nku, ktor\u00e9 s\u00fa vhodn\u00e9 pre ka\u017ed\u00e9ho \u010dlena rodiny, ber\u00fac do \u00favahy sp\u00e1nkov\u00e9 potreby ka\u017edej vekovej skupiny. Dodr\u017eiavajte tieto re\u017eimy aj cez v\u00edkendy, aby ste predi\u0161li nerovnov\u00e1he biologick\u00fdch hod\u00edn.<\/p>\n\n\n\n<figure class=\"wp-block-image size-full\"><img loading=\"lazy\" decoding=\"async\" width=\"550\" height=\"350\" src=\"http:\/\/universofamilia.com\/wp-content\/uploads\/sites\/148\/2023\/05\/FOTO-POST-dormir-bem-familia-universo-familia-.png\" alt=\"\" class=\"wp-image-1924\" srcset=\"http:\/\/universofamilia.com\/wp-content\/uploads\/sites\/148\/2023\/05\/FOTO-POST-dormir-bem-familia-universo-familia-.png 550w, http:\/\/universofamilia.com\/wp-content\/uploads\/sites\/148\/2023\/05\/FOTO-POST-dormir-bem-familia-universo-familia--300x191.png 300w\" sizes=\"(max-width: 550px) 100vw, 550px\" \/><\/figure>\n\n\n\n<h3 class=\"wp-block-heading\">Vytvorte priazniv\u00e9 prostredie pre svojho syna<\/h3>\n\n\n\n<p>Prostredie, v ktorom sp\u00edme, zohr\u00e1va k\u013e\u00fa\u010dov\u00fa \u00falohu v kvalite zvuku. Uistite sa, \u017ee izba ka\u017ed\u00e9ho \u010dlena rodiny je tmav\u00e1, tich\u00e1 a dobre vetran\u00e1. Pou\u017e\u00edvajte z\u00e1clony alebo \u017eal\u00fazie na zablokovanie vonkaj\u0161ieho svetla, zn\u00ed\u017ete hluk pomocou chr\u00e1ni\u010dov sluchu alebo zvlh\u010dova\u010dov vzduchu a regulujte teplotu, aby ste zabezpe\u010dili pr\u00edjemn\u00e9 prostredie. D\u00f4le\u017eit\u00e9 je tie\u017e investova\u0165 do vhodn\u00fdch matracov a prie\u010dnych hrazd, ktor\u00e9 poskytuj\u00fa oporu a pohodlie po\u010das noci.<\/p>\n\n\n\n<h3 class=\"wp-block-heading\">Pred span\u00edm sa vyh\u00fdbajte stimulantom<\/h3>\n\n\n\n<p>Niektor\u00e9 jedl\u00e1 a n\u00e1poje m\u00f4\u017eu nar\u00fa\u0161a\u0165 sp\u00e1nok, najm\u00e4 ak sa konzumuj\u00fa tesne pred span\u00edm. Nieko\u013eko hod\u00edn pred span\u00edm sa vyh\u00fdbajte kofe\u00ednu, alkoholu a \u0165a\u017ek\u00fdm jedl\u00e1m. Zvo\u013ete si relaxa\u010dn\u00e9 bylinky, ako je harman\u010dek alebo erva-cidreira, a pripravte si \u013eahk\u00e9 ob\u010derstvenie bez jantaru. Taktie\u017e obmedzte pou\u017e\u00edvanie elektronick\u00fdch zariaden\u00ed, ako s\u00fa smartf\u00f3ny a tablety, pred span\u00edm, preto\u017ee modr\u00e9 svetlo vy\u017earovan\u00e9 t\u00fdmito zariadeniami m\u00f4\u017ee ovplyvni\u0165 kvalitu zvuku.<\/p>\n\n\n\n<h3 class=\"wp-block-heading\">Pred span\u00edm si zave\u010fte relaxa\u010dn\u00fd ritu\u00e1l<\/h3>\n\n\n\n<p>Vytvorenie relaxa\u010dnej rutiny pred span\u00edm pom\u00e1ha pripravi\u0165 va\u0161e telo a myse\u013e na sp\u00e1nok. Vyhra\u010fte si nieko\u013eko min\u00fat na tich\u00e9 aktivity, ako je \u010d\u00edtanie knihy, po\u010d\u00favanie jemnej hudby alebo precvi\u010dovanie relaxa\u010dn\u00fdch techn\u00edk, ako je hlbok\u00e9 d\u00fdchanie alebo medit\u00e1cia. Vyhnite sa v\u00e1\u0161niv\u00fdm diskusi\u00e1m alebo stimuluj\u00facim aktivit\u00e1m kr\u00e1tko pred span\u00edm. Cie\u013eom je upokoji\u0165 zmysly a navodi\u0165 relax\u00e1ciu, \u010d\u00edm sa priprav\u00edte na noc str\u00e1ven\u00fa regenera\u010dn\u00fdm zvukom.<\/p>\n\n\n\n<h3 class=\"wp-block-heading\">Z\u00e1ver<\/h3>\n\n\n\n<p>Ide\u00e1lny sp\u00e1nkov\u00fd re\u017eim pre rodinu je nevyhnutn\u00fd pre zdravie a pohodu v\u0161etk\u00fdch \u010dlenov. Zaveden\u00edm pravideln\u00fdch sp\u00e1nkov\u00fdch re\u017eimov, vytvoren\u00edm prostredia priazniv\u00e9ho pre odpo\u010dinok, vyh\u00fdban\u00edm sa stimulantom pred span\u00edm a prijat\u00edm relaxa\u010dnej rutiny podpor\u00edte pokojn\u00e9 a revitalizuj\u00face noci pre cel\u00fa rodinu.<\/p>\n\n\n\n<p>Uvedomte si, \u017ee ka\u017ed\u00fd \u010dlovek je jedine\u010dn\u00fd a m\u00f4\u017eu existova\u0165 individu\u00e1lne rozdiely v potreb\u00e1ch t\u00fdkaj\u00facich sa zvuku. Preto upravte tieto pokyny pod\u013ea charakterist\u00edk ka\u017ed\u00e9ho \u010dlena rodiny, ber\u00fac do \u00favahy jeho \u0161pecifick\u00fd zdravotn\u00fd stav, preferencie a podmienky.<\/p>\n\n\n\n<p>Mnoho rod\u00edn na celom svete \u010del\u00ed probl\u00e9mom s udr\u017eiavan\u00edm ide\u00e1lneho re\u017eimu kv\u00f4li n\u00e1rokom ka\u017edodenn\u00e9ho \u017eivota. Uprednost\u0148ovanie odpo\u010dinku je v\u0161ak nevyhnutn\u00e9 pre zaru\u010denie zdrav\u00e9ho a vyv\u00e1\u017een\u00e9ho \u017eivota. Dodr\u017eiavan\u00edm t\u00fdchto pokynov investujete do pohody celej rodiny a budete \u017ea\u0165 v\u00fdhody dobr\u00e9ho no\u010dn\u00e9ho sp\u00e1nku.<\/p>\n\n\n\n<p>Je tie\u017e d\u00f4le\u017eit\u00e9 pou\u017ei\u0165 SEO techniky, aby bol tento \u010dl\u00e1nok vidite\u013enej\u0161\u00ed a pr\u00edstupnej\u0161\u00ed pre \u010ditate\u013eov. Zahr\u0148te relevantn\u00e9 k\u013e\u00fa\u010dov\u00e9 slov\u00e1, ako napr\u00edklad \u201ezdrav\u00fd re\u017eim\u201c, \u201edobr\u00fd sp\u00e1nok v rodine\u201c, \u201ekvalita zvuku\u201c a \u010fal\u0161ie v\u00fdrazy s\u00favisiace s t\u00e9mou. Pou\u017e\u00edvajte tie\u017e jasn\u00e9 a p\u00fatav\u00e9 titulky, ktor\u00e9 u\u013eah\u010dia \u010d\u00edtanie a navig\u00e1ciu.<\/p>\n\n\n\n<p>\u010citate\u013enos\u0165 zohr\u00e1va tie\u017e z\u00e1sadn\u00fa \u00falohu v \u010ditate\u013eskom z\u00e1\u017eitku. Pou\u017e\u00edvajte kr\u00e1tke vety a dobre \u0161trukt\u00farovan\u00e9 odseky, aby ste u\u013eah\u010dili pochopenie obsahu. Vyh\u00fdbajte sa vysoko technick\u00e9mu \u017earg\u00f3nu alebo terminol\u00f3gii, pokia\u013e nep\u00ed\u0161ete text \u0161peci\u00e1lne pre \u0161pecializovan\u00e9 publikum.<\/p>\n\n\n\n<figure class=\"wp-block-image size-full\"><img loading=\"lazy\" decoding=\"async\" width=\"550\" height=\"350\" src=\"http:\/\/universofamilia.com\/wp-content\/uploads\/sites\/148\/2023\/05\/FOTO-POST-dormir-bem-familia-universo-familia-1.png\" alt=\"\" class=\"wp-image-1926\" srcset=\"http:\/\/universofamilia.com\/wp-content\/uploads\/sites\/148\/2023\/05\/FOTO-POST-dormir-bem-familia-universo-familia-1.png 550w, http:\/\/universofamilia.com\/wp-content\/uploads\/sites\/148\/2023\/05\/FOTO-POST-dormir-bem-familia-universo-familia-1-300x191.png 300w\" sizes=\"(max-width: 550px) 100vw, 550px\" \/><\/figure>\n\n\n\n<p>Stru\u010dne povedan\u00e9, ak chcete vytvori\u0165 ide\u00e1lny re\u017eim pre dobr\u00fd sp\u00e1nok celej rodiny, investujete do pohody v\u0161etk\u00fdch \u010dlenov. Je d\u00f4le\u017eit\u00e9 zavies\u0165 pravideln\u00fd sp\u00e1nkov\u00fd re\u017eim, vytvori\u0165 prostredie priazniv\u00e9 pre odpo\u010dinok, vyh\u00fdba\u0165 sa stimulantom pred span\u00edm a osvoji\u0165 si relaxa\u010dn\u00fd re\u017eim. Dodr\u017eiavan\u00edm t\u00fdchto praktick\u00fdch tipov budete na ceste k pokojn\u00fdm a osvie\u017euj\u00facim nociam pln\u00fdm zvuku, ktor\u00e9 zabezpe\u010dia zdrav\u00fd a vyv\u00e1\u017een\u00fd \u017eivot celej va\u0161ej rodine.<\/p>","protected":false},"excerpt":{"rendered":"<p>Spr\u00e1vny a zdrav\u00fd re\u017eim je nevyhnutn\u00fd pre pohodu a zdravie celej rodiny. Sp\u00e1nok nielen zlep\u0161uje n\u00e1ladu alebo v\u00fdkon po\u010das d\u0148a, ale tie\u017e posil\u0148uje imunitn\u00fd syst\u00e9m a prispieva k lep\u0161ej kvalite \u017eivota. <\/p>","protected":false},"author":0,"featured_media":1925,"comment_status":"closed","ping_status":"open","sticky":false,"template":"","format":"standard","meta":{"footnotes":""},"categories":[5],"tags":[1436,1437],"yoast_head":"<!-- This site is optimized with the Yoast SEO plugin v23.3 - https:\/\/yoast.com\/wordpress\/plugins\/seo\/ -->\n<title>Rotina ideal para a fam\u00edlia dormir bem - Universo Fam\u00edlia<\/title>\n<meta name=\"description\" content=\"Ter uma rotina de sono adequada \u00e9 essencial para o bem-estar e a sa\u00fade de toda a fam\u00edlia\" \/>\n<meta name=\"robots\" content=\"index, follow, max-snippet:-1, max-image-preview:large, max-video-preview:-1\" \/>\n<link rel=\"canonical\" href=\"http:\/\/universofamilia.com\/sk\/\u0438\u0434\u0435\u0430\u043b\u043d\u0430-\u0440\u0443\u0442\u0438\u043d\u0430-\u0437\u0430-\u0434\u043e\u0431\u0440\u043e-\u0441\u043f\u0430\u0432\u0430\u045a\u0435-\u043f\u043e\u0440\u043e\u0434\/\" \/>\n<meta property=\"og:locale\" content=\"sk_SK\" \/>\n<meta property=\"og:type\" content=\"article\" \/>\n<meta property=\"og:title\" content=\"Rotina ideal para a fam\u00edlia dormir bem - Universo Fam\u00edlia\" \/>\n<meta property=\"og:description\" content=\"Ter uma rotina de sono adequada \u00e9 essencial para o bem-estar e a sa\u00fade de toda a fam\u00edlia\" \/>\n<meta property=\"og:url\" content=\"http:\/\/universofamilia.com\/sk\/\u0438\u0434\u0435\u0430\u043b\u043d\u0430-\u0440\u0443\u0442\u0438\u043d\u0430-\u0437\u0430-\u0434\u043e\u0431\u0440\u043e-\u0441\u043f\u0430\u0432\u0430\u045a\u0435-\u043f\u043e\u0440\u043e\u0434\/\" \/>\n<meta property=\"og:site_name\" content=\"Universo Fam\u00edlia\" \/>\n<meta property=\"article:published_time\" content=\"2023-05-25T00:53:43+00:00\" \/>\n<meta property=\"og:image\" content=\"http:\/\/universofamilia.com\/wp-content\/uploads\/sites\/148\/2023\/05\/FOTO-DESTAQUE-dormir-bem-familia-universo-familia-448x350-.png\" \/>\n\t<meta property=\"og:image:width\" content=\"448\" \/>\n\t<meta property=\"og:image:height\" content=\"350\" \/>\n\t<meta property=\"og:image:type\" content=\"image\/png\" \/>\n<meta name=\"twitter:card\" content=\"summary_large_image\" \/>\n<meta name=\"twitter:label1\" content=\"Est. reading time\" \/>\n\t<meta name=\"twitter:data1\" content=\"5 min\u00fat\" \/>\n<script type=\"application\/ld+json\" class=\"yoast-schema-graph\">{\"@context\":\"https:\/\/schema.org\",\"@graph\":[{\"@type\":\"WebPage\",\"@id\":\"http:\/\/universofamilia.com\/sr\/\u0438\u0434\u0435\u0430\u043b\u043d\u0430-\u0440\u0443\u0442\u0438\u043d\u0430-\u0437\u0430-\u0434\u043e\u0431\u0440\u043e-\u0441\u043f\u0430\u0432\u0430\u045a\u0435-\u043f\u043e\u0440\u043e\u0434\/\",\"url\":\"http:\/\/universofamilia.com\/sr\/\u0438\u0434\u0435\u0430\u043b\u043d\u0430-\u0440\u0443\u0442\u0438\u043d\u0430-\u0437\u0430-\u0434\u043e\u0431\u0440\u043e-\u0441\u043f\u0430\u0432\u0430\u045a\u0435-\u043f\u043e\u0440\u043e\u0434\/\",\"name\":\"Rotina ideal para a fam\u00edlia dormir bem - Universo Fam\u00edlia\",\"isPartOf\":{\"@id\":\"https:\/\/universofamilia.com\/el\/#website\"},\"primaryImageOfPage\":{\"@id\":\"http:\/\/universofamilia.com\/sr\/\u0438\u0434\u0435\u0430\u043b\u043d\u0430-\u0440\u0443\u0442\u0438\u043d\u0430-\u0437\u0430-\u0434\u043e\u0431\u0440\u043e-\u0441\u043f\u0430\u0432\u0430\u045a\u0435-\u043f\u043e\u0440\u043e\u0434\/#primaryimage\"},\"image\":{\"@id\":\"http:\/\/universofamilia.com\/sr\/\u0438\u0434\u0435\u0430\u043b\u043d\u0430-\u0440\u0443\u0442\u0438\u043d\u0430-\u0437\u0430-\u0434\u043e\u0431\u0440\u043e-\u0441\u043f\u0430\u0432\u0430\u045a\u0435-\u043f\u043e\u0440\u043e\u0434\/#primaryimage\"},\"thumbnailUrl\":\"http:\/\/universofamilia.com\/wp-content\/uploads\/sites\/148\/2023\/05\/FOTO-DESTAQUE-dormir-bem-familia-universo-familia-448x350-.png\",\"datePublished\":\"2023-05-25T00:53:43+00:00\",\"dateModified\":\"2023-05-25T00:53:43+00:00\",\"author\":{\"@id\":\"\"},\"description\":\"Ter uma rotina de sono adequada \u00e9 essencial para o bem-estar e a sa\u00fade de toda a fam\u00edlia\",\"breadcrumb\":{\"@id\":\"http:\/\/universofamilia.com\/sr\/\u0438\u0434\u0435\u0430\u043b\u043d\u0430-\u0440\u0443\u0442\u0438\u043d\u0430-\u0437\u0430-\u0434\u043e\u0431\u0440\u043e-\u0441\u043f\u0430\u0432\u0430\u045a\u0435-\u043f\u043e\u0440\u043e\u0434\/#breadcrumb\"},\"inLanguage\":\"sk-SK\",\"potentialAction\":[{\"@type\":\"ReadAction\",\"target\":[\"http:\/\/universofamilia.com\/sr\/\u0438\u0434\u0435\u0430\u043b\u043d\u0430-\u0440\u0443\u0442\u0438\u043d\u0430-\u0437\u0430-\u0434\u043e\u0431\u0440\u043e-\u0441\u043f\u0430\u0432\u0430\u045a\u0435-\u043f\u043e\u0440\u043e\u0434\/\"]}]},{\"@type\":\"ImageObject\",\"inLanguage\":\"sk-SK\",\"@id\":\"http:\/\/universofamilia.com\/sr\/\u0438\u0434\u0435\u0430\u043b\u043d\u0430-\u0440\u0443\u0442\u0438\u043d\u0430-\u0437\u0430-\u0434\u043e\u0431\u0440\u043e-\u0441\u043f\u0430\u0432\u0430\u045a\u0435-\u043f\u043e\u0440\u043e\u0434\/#primaryimage\",\"url\":\"http:\/\/universofamilia.com\/wp-content\/uploads\/sites\/148\/2023\/05\/FOTO-DESTAQUE-dormir-bem-familia-universo-familia-448x350-.png\",\"contentUrl\":\"http:\/\/universofamilia.com\/wp-content\/uploads\/sites\/148\/2023\/05\/FOTO-DESTAQUE-dormir-bem-familia-universo-familia-448x350-.png\",\"width\":448,\"height\":350},{\"@type\":\"BreadcrumbList\",\"@id\":\"http:\/\/universofamilia.com\/sr\/\u0438\u0434\u0435\u0430\u043b\u043d\u0430-\u0440\u0443\u0442\u0438\u043d\u0430-\u0437\u0430-\u0434\u043e\u0431\u0440\u043e-\u0441\u043f\u0430\u0432\u0430\u045a\u0435-\u043f\u043e\u0440\u043e\u0434\/#breadcrumb\",\"itemListElement\":[{\"@type\":\"ListItem\",\"position\":1,\"name\":\"Home\",\"item\":\"https:\/\/universofamilia.com\/el\/\"},{\"@type\":\"ListItem\",\"position\":2,\"name\":\"Rotina ideal para a fam\u00edlia dormir bem\"}]},{\"@type\":\"WebSite\",\"@id\":\"https:\/\/universofamilia.com\/el\/#website\",\"url\":\"https:\/\/universofamilia.com\/el\/\",\"name\":\"Universo Fam\u00edlia\",\"description\":\"\",\"potentialAction\":[{\"@type\":\"SearchAction\",\"target\":{\"@type\":\"EntryPoint\",\"urlTemplate\":\"https:\/\/universofamilia.com\/el\/?s={search_term_string}\"},\"query-input\":\"required name=search_term_string\"}],\"inLanguage\":\"sk-SK\"}]}<\/script>\n<!-- \/ Yoast SEO plugin. -->","yoast_head_json":{"title":"Rotina ideal para a fam\u00edlia dormir bem - Universo Fam\u00edlia","description":"Ter uma rotina de sono adequada \u00e9 essencial para o bem-estar e a sa\u00fade de toda a fam\u00edlia","robots":{"index":"index","follow":"follow","max-snippet":"max-snippet:-1","max-image-preview":"max-image-preview:large","max-video-preview":"max-video-preview:-1"},"canonical":"http:\/\/universofamilia.com\/sk\/\u0438\u0434\u0435\u0430\u043b\u043d\u0430-\u0440\u0443\u0442\u0438\u043d\u0430-\u0437\u0430-\u0434\u043e\u0431\u0440\u043e-\u0441\u043f\u0430\u0432\u0430\u045a\u0435-\u043f\u043e\u0440\u043e\u0434\/","og_locale":"sk_SK","og_type":"article","og_title":"Rotina ideal para a fam\u00edlia dormir bem - Universo Fam\u00edlia","og_description":"Ter uma rotina de sono adequada \u00e9 essencial para o bem-estar e a sa\u00fade de toda a fam\u00edlia","og_url":"http:\/\/universofamilia.com\/sk\/\u0438\u0434\u0435\u0430\u043b\u043d\u0430-\u0440\u0443\u0442\u0438\u043d\u0430-\u0437\u0430-\u0434\u043e\u0431\u0440\u043e-\u0441\u043f\u0430\u0432\u0430\u045a\u0435-\u043f\u043e\u0440\u043e\u0434\/","og_site_name":"Universo Fam\u00edlia","article_published_time":"2023-05-25T00:53:43+00:00","og_image":[{"width":448,"height":350,"url":"http:\/\/universofamilia.com\/wp-content\/uploads\/sites\/148\/2023\/05\/FOTO-DESTAQUE-dormir-bem-familia-universo-familia-448x350-.png","type":"image\/png"}],"twitter_card":"summary_large_image","twitter_misc":{"Est. reading time":"5 min\u00fat"},"schema":{"@context":"https:\/\/schema.org","@graph":[{"@type":"WebPage","@id":"http:\/\/universofamilia.com\/sr\/\u0438\u0434\u0435\u0430\u043b\u043d\u0430-\u0440\u0443\u0442\u0438\u043d\u0430-\u0437\u0430-\u0434\u043e\u0431\u0440\u043e-\u0441\u043f\u0430\u0432\u0430\u045a\u0435-\u043f\u043e\u0440\u043e\u0434\/","url":"http:\/\/universofamilia.com\/sr\/\u0438\u0434\u0435\u0430\u043b\u043d\u0430-\u0440\u0443\u0442\u0438\u043d\u0430-\u0437\u0430-\u0434\u043e\u0431\u0440\u043e-\u0441\u043f\u0430\u0432\u0430\u045a\u0435-\u043f\u043e\u0440\u043e\u0434\/","name":"Rotina ideal para a fam\u00edlia dormir bem - Universo Fam\u00edlia","isPartOf":{"@id":"https:\/\/universofamilia.com\/el\/#website"},"primaryImageOfPage":{"@id":"http:\/\/universofamilia.com\/sr\/\u0438\u0434\u0435\u0430\u043b\u043d\u0430-\u0440\u0443\u0442\u0438\u043d\u0430-\u0437\u0430-\u0434\u043e\u0431\u0440\u043e-\u0441\u043f\u0430\u0432\u0430\u045a\u0435-\u043f\u043e\u0440\u043e\u0434\/#primaryimage"},"image":{"@id":"http:\/\/universofamilia.com\/sr\/\u0438\u0434\u0435\u0430\u043b\u043d\u0430-\u0440\u0443\u0442\u0438\u043d\u0430-\u0437\u0430-\u0434\u043e\u0431\u0440\u043e-\u0441\u043f\u0430\u0432\u0430\u045a\u0435-\u043f\u043e\u0440\u043e\u0434\/#primaryimage"},"thumbnailUrl":"http:\/\/universofamilia.com\/wp-content\/uploads\/sites\/148\/2023\/05\/FOTO-DESTAQUE-dormir-bem-familia-universo-familia-448x350-.png","datePublished":"2023-05-25T00:53:43+00:00","dateModified":"2023-05-25T00:53:43+00:00","author":{"@id":""},"description":"Ter uma rotina de sono adequada \u00e9 essencial para o bem-estar e a sa\u00fade de toda a fam\u00edlia","breadcrumb":{"@id":"http:\/\/universofamilia.com\/sr\/\u0438\u0434\u0435\u0430\u043b\u043d\u0430-\u0440\u0443\u0442\u0438\u043d\u0430-\u0437\u0430-\u0434\u043e\u0431\u0440\u043e-\u0441\u043f\u0430\u0432\u0430\u045a\u0435-\u043f\u043e\u0440\u043e\u0434\/#breadcrumb"},"inLanguage":"sk-SK","potentialAction":[{"@type":"ReadAction","target":["http:\/\/universofamilia.com\/sr\/\u0438\u0434\u0435\u0430\u043b\u043d\u0430-\u0440\u0443\u0442\u0438\u043d\u0430-\u0437\u0430-\u0434\u043e\u0431\u0440\u043e-\u0441\u043f\u0430\u0432\u0430\u045a\u0435-\u043f\u043e\u0440\u043e\u0434\/"]}]},{"@type":"ImageObject","inLanguage":"sk-SK","@id":"http:\/\/universofamilia.com\/sr\/\u0438\u0434\u0435\u0430\u043b\u043d\u0430-\u0440\u0443\u0442\u0438\u043d\u0430-\u0437\u0430-\u0434\u043e\u0431\u0440\u043e-\u0441\u043f\u0430\u0432\u0430\u045a\u0435-\u043f\u043e\u0440\u043e\u0434\/#primaryimage","url":"http:\/\/universofamilia.com\/wp-content\/uploads\/sites\/148\/2023\/05\/FOTO-DESTAQUE-dormir-bem-familia-universo-familia-448x350-.png","contentUrl":"http:\/\/universofamilia.com\/wp-content\/uploads\/sites\/148\/2023\/05\/FOTO-DESTAQUE-dormir-bem-familia-universo-familia-448x350-.png","width":448,"height":350},{"@type":"BreadcrumbList","@id":"http:\/\/universofamilia.com\/sr\/\u0438\u0434\u0435\u0430\u043b\u043d\u0430-\u0440\u0443\u0442\u0438\u043d\u0430-\u0437\u0430-\u0434\u043e\u0431\u0440\u043e-\u0441\u043f\u0430\u0432\u0430\u045a\u0435-\u043f\u043e\u0440\u043e\u0434\/#breadcrumb","itemListElement":[{"@type":"ListItem","position":1,"name":"Home","item":"https:\/\/universofamilia.com\/el\/"},{"@type":"ListItem","position":2,"name":"Rotina ideal para a fam\u00edlia dormir bem"}]},{"@type":"WebSite","@id":"https:\/\/universofamilia.com\/el\/#website","url":"https:\/\/universofamilia.com\/el\/","name":"Universo Fam\u00edlia","description":"","potentialAction":[{"@type":"SearchAction","target":{"@type":"EntryPoint","urlTemplate":"https:\/\/universofamilia.com\/el\/?s={search_term_string}"},"query-input":"required name=search_term_string"}],"inLanguage":"sk-SK"}]}},"_links":{"self":[{"href":"http:\/\/universofamilia.com\/sk\/wp-json\/wp\/v2\/posts\/1692"}],"collection":[{"href":"http:\/\/universofamilia.com\/sk\/wp-json\/wp\/v2\/posts"}],"about":[{"href":"http:\/\/universofamilia.com\/sk\/wp-json\/wp\/v2\/types\/post"}],"replies":[{"embeddable":true,"href":"http:\/\/universofamilia.com\/sk\/wp-json\/wp\/v2\/comments?post=1692"}],"version-history":[{"count":0,"href":"http:\/\/universofamilia.com\/sk\/wp-json\/wp\/v2\/posts\/1692\/revisions"}],"wp:featuredmedia":[{"embeddable":true,"href":"http:\/\/universofamilia.com\/sk\/wp-json\/wp\/v2\/media\/1925"}],"wp:attachment":[{"href":"http:\/\/universofamilia.com\/sk\/wp-json\/wp\/v2\/media?parent=1692"}],"wp:term":[{"taxonomy":"category","embeddable":true,"href":"http:\/\/universofamilia.com\/sk\/wp-json\/wp\/v2\/categories?post=1692"},{"taxonomy":"post_tag","embeddable":true,"href":"http:\/\/universofamilia.com\/sk\/wp-json\/wp\/v2\/tags?post=1692"}],"curies":[{"name":"wp","href":"https:\/\/api.w.org\/{rel}","templated":true}]}}