{"id":1797,"date":"2023-05-25T21:01:58","date_gmt":"2023-05-25T21:01:58","guid":{"rendered":"https:\/\/universofamilia.com\/?p=1797"},"modified":"2023-05-25T21:01:58","modified_gmt":"2023-05-25T21:01:58","slug":"muco-nas-fezes-do-bebe-quando-e-normal-e-quando-se-preocupar","status":"publish","type":"post","link":"http:\/\/universofamilia.com\/sk\/muco-nas-fezes-do-bebe-quando-e-normal-e-quando-se-preocupar\/","title":{"rendered":"Ve\u013emi v bruchu b\u00e1b\u00e4tka, kedy je to norm\u00e1lne a kedy by ste sa mali ob\u00e1va\u0165?"},"content":{"rendered":"<p>Ve\u013emi \u010dast\u00e9 probl\u00e9my s de\u0165mi s\u00fa v r\u00f4znych krajin\u00e1ch. M\u00f4\u017ee to by\u0165 alarmuj\u00face a je d\u00f4le\u017eit\u00e9 pochopi\u0165, \u017ee v ur\u010dit\u00fdch situ\u00e1ci\u00e1ch m\u00f4\u017ee by\u0165 ve\u013ea z toho norm\u00e1lne.<\/p>\n\n\n\n<p>V tomto \u010dl\u00e1nku sa budeme venova\u0165 tomu, kedy a ak\u00e9 mno\u017estvo fecesu m\u00f4\u017ee by\u0165 norm\u00e1lne a kedy je to d\u00f4vod na obavy. \u010c\u00edtajte \u010falej a z\u00edskajte viac inform\u00e1ci\u00ed a uistenie.<\/p>\n\n\n\n<h3 class=\"wp-block-heading\">Alebo je toho v detsk\u00fdch v\u00fdkaloch ve\u013ea?<\/h3>\n\n\n\n<p>Hlien v detskej stolici ozna\u010duje pr\u00edtomnos\u0165 \u017eelat\u00ednovej a lepkavej l\u00e1tky v detskej stolici. T\u00e1 sa m\u00f4\u017ee zna\u010dne l\u00ed\u0161i\u0165 v konzistencii, konzistencii a mno\u017estve.<\/p>\n\n\n\n<p>Je d\u00f4le\u017eit\u00e9 poznamena\u0165, \u017ee v niektor\u00fdch pr\u00edpadoch s\u00fa niektor\u00e9 v\u00fdkaly \u00faplne norm\u00e1lne a nepredstavuj\u00fa zdravotn\u00fd probl\u00e9m.<\/p>\n\n\n\n<h3 class=\"wp-block-heading\">Kedy pova\u017eujeme stolicu die\u0165a\u0165a za norm\u00e1lnu alebo ve\u013emi norm\u00e1lnu?<\/h3>\n\n\n\n<p>Za ur\u010dit\u00fdch okolnost\u00ed je pr\u00edtomnos\u0165 hlienu v stolici die\u0165a\u0165a norm\u00e1lna a nemala by by\u0165 d\u00f4vodom na obavy.<\/p>\n\n\n\n<p>Napr\u00edklad po\u010das prerez\u00e1vania z\u00fabkov je be\u017en\u00e9, \u017ee die\u0165a produkuje viac hlienu, ktor\u00fd m\u00f4\u017ee skon\u010di\u0165 vo v\u00fdkaloch.<\/p>\n\n\n\n<p>Zavedenie tuhej stravy do detskej stravy m\u00f4\u017ee tie\u017e sp\u00f4sobi\u0165 do\u010dasn\u00e9 zmeny vo v\u00fdkaloch vr\u00e1tane pr\u00edtomnosti hlienu.<\/p>\n\n\n\n<h3 class=\"wp-block-heading\">Kedy by ste sa mali ob\u00e1va\u0165 hlienu v\u00e1\u0161ho die\u0165a\u0165a?<\/h3>\n\n\n<div class=\"wp-block-image\">\n<figure class=\"aligncenter size-full\"><img loading=\"lazy\" decoding=\"async\" width=\"550\" height=\"350\" src=\"http:\/\/universofamilia.com\/wp-content\/uploads\/sites\/148\/2023\/05\/FOTO-POST-muco-fese-bebe-universo-familia-.png\" alt=\"\" class=\"wp-image-1911\" srcset=\"http:\/\/universofamilia.com\/wp-content\/uploads\/sites\/148\/2023\/05\/FOTO-POST-muco-fese-bebe-universo-familia-.png 550w, http:\/\/universofamilia.com\/wp-content\/uploads\/sites\/148\/2023\/05\/FOTO-POST-muco-fese-bebe-universo-familia--300x191.png 300w\" sizes=\"(max-width: 550px) 100vw, 550px\" \/><\/figure><\/div>\n\n\n<p>Embora alebo hlien vo v\u00fdkaloch die\u0165a\u0165a m\u00f4\u017ee by\u0165 v niektor\u00fdch situ\u00e1ci\u00e1ch norm\u00e1lny, existuj\u00fa v\u0161ak pr\u00edpady, ke\u010f je d\u00f4le\u017eit\u00e9 by\u0165 pozorn\u00fd a vyh\u013eada\u0165 lek\u00e1rsku pomoc.<\/p>\n\n\n\n<p>Ak m\u00e1te vysok\u00fa hor\u00fa\u010dku sprev\u00e1dzan\u00fa krvou, pretrv\u00e1vaj\u00facu hna\u010dku, vracanie, hor\u00fa\u010dku alebo ak m\u00e1 va\u0161e die\u0165a in\u00e9 znepokojuj\u00face pr\u00edznaky, odpor\u00fa\u010da sa kontaktova\u0165 pediatra.<\/p>\n\n\n\n<p>Tieto pr\u00edznaky m\u00f4\u017eu nazna\u010dova\u0165 gastrointestin\u00e1lnu infekciu alebo in\u00e9 z\u00e1kladn\u00e9 ochorenia, ktor\u00e9 je potrebn\u00e9 vy\u0161etri\u0165 a vhodne lie\u010di\u0165.<\/p>\n\n\n\n<h3 class=\"wp-block-heading\">Mo\u017en\u00e9 pr\u00ed\u010diny hlienu vo v\u00fdkaloch die\u0165a\u0165a<\/h3>\n\n\n\n<p>Existuje nieko\u013eko mo\u017en\u00fdch pr\u00ed\u010din slizn\u00edc v\u00fdkalov u die\u0165a\u0165a. Okrem u\u017e uveden\u00fdch d\u00f4vodov, ako je prerez\u00e1vanie z\u00fabkov a zav\u00e1dzanie tuhej stravy, m\u00f4\u017ee to by\u0165 aj d\u00f4sledok infekci\u00ed, potravinov\u00fdch alergi\u00ed, intoleranci\u00ed, z\u00e1pchy alebo podr\u00e1\u017edenia \u010driev.<\/p>\n\n\n\n<p>Ka\u017ed\u00e1 pr\u00ed\u010dina m\u00f4\u017ee ma\u0165 \u0161pecifick\u00e9 charakteristiky a je nevyhnutn\u00e1 lek\u00e1rska pomoc na identifik\u00e1ciu p\u00f4vodu hlienu a v pr\u00edpade potreby na ur\u010denie vhodnej lie\u010dby.<\/p>\n\n\n\n<h3 class=\"wp-block-heading\">Z\u00e1ver<\/h3>\n\n\n\n<p>Stru\u010dne povedan\u00e9, niektor\u00e9 z v\u00fdkalov die\u0165a\u0165a m\u00f4\u017eu by\u0165 v ur\u010dit\u00fdch situ\u00e1ci\u00e1ch norm\u00e1lne, napr\u00edklad po\u010das prerez\u00e1vania z\u00fabkov alebo pri zav\u00e1dzan\u00ed pevnej stravy.<\/p>\n\n\n\n<p>Je v\u0161ak d\u00f4le\u017eit\u00e9 si by\u0165 vedom\u00fd pr\u00edznakov ob\u00e1v, ako je krv\u00e1canie z v\u00fdkalov alebo \u010fal\u0161ie pr\u00edznaky.<\/p>\n\n\n\n<p>Konzult\u00e1cia s pediatrom je nevyhnutn\u00e1 pre presn\u00fa diagn\u00f3zu a zaru\u010denie zdravia die\u0165a\u0165a.<\/p>\n\n\n\n<p>D\u00fafam, \u017ee v\u00e1m niekto pom\u00f4\u017ee a porad\u00ed v\u00e1m s va\u0161\u00edm kup\u00e9, ktor\u00e9 n\u00e1m tak ve\u013emi pomohlo. Aha! C\u00edtim sa tu s t\u00fdmto pr\u00edspevkom.<\/p>\n\n\n\n<blockquote class=\"wp-block-quote\">\n<h5 class=\"wp-block-heading\"><em>Pozn\u00e1mky: Materi\u00e1ly a inform\u00e1cie na str\u00e1nke Universo Fam\u00edlia nie s\u00fa ur\u010den\u00e9 na lek\u00e1rsku diagnostiku, ani by sa nemali ako tak\u00e9 pou\u017e\u00edva\u0165. <strong>V\u017edy by ste sa mali poradi\u0165 s lek\u00e1rom alebo kvalifikovan\u00fdm zdravotn\u00edckym pracovn\u00edkom o svojich skuto\u010dn\u00fdch potreb\u00e1ch.<\/strong>.<\/em><\/h5>\n<\/blockquote>\n\n\n\n<h4 class=\"wp-block-heading\">Pozri tie\u017e:<\/h4>\n\n\n\n<p><a href=\"http:\/\/universofamilia.com\/sk\/rotina-ideal-para-a-familia-dormir-bem\/\" target=\"_blank\" rel=\"noreferrer noopener\">Rotina Ide\u00e1lne pre rodinu na dobr\u00fd sp\u00e1nok<\/a><\/p>\n\n\n\n<p><a href=\"https:\/\/www.luzbaby.com.br\/\" target=\"_blank\" rel=\"noreferrer noopener\">Luz Baby je jeden z najlep\u0161\u00edch obchodov s detsk\u00fdmi potrebami. Kliknite sem.<\/a><\/p>","protected":false},"excerpt":{"rendered":"<p>Ve\u013emi \u010dast\u00e9 probl\u00e9my s de\u0165mi s\u00fa v r\u00f4znych krajin\u00e1ch. M\u00f4\u017ee to by\u0165 alarmuj\u00face a je d\u00f4le\u017eit\u00e9 pochopi\u0165, \u017ee v ur\u010dit\u00fdch situ\u00e1ci\u00e1ch m\u00f4\u017ee by\u0165 ve\u013ea z toho norm\u00e1lne.<br \/>\nV tomto \u010dl\u00e1nku si rozoberieme, kedy sa hlien v stolici die\u0165a\u0165a pova\u017euje za norm\u00e1lny a kedy je d\u00f4vodom na obavy. \u010c\u00edtajte \u010falej a z\u00edskajte viac inform\u00e1ci\u00ed a uistenie.<\/p>","protected":false},"author":0,"featured_media":1912,"comment_status":"closed","ping_status":"open","sticky":false,"template":"","format":"standard","meta":{"footnotes":""},"categories":[5],"tags":[1023,1161,1437],"yoast_head":"<!-- This site is optimized with the Yoast SEO plugin v23.3 - https:\/\/yoast.com\/wordpress\/plugins\/seo\/ -->\n<title>Muco nas fezes do beb\u00ea, quando \u00e9 normal e quando se preocupar? - Universo Fam\u00edlia<\/title>\n<meta name=\"description\" content=\"O muco nas fezes do beb\u00ea \u00e9 uma preocupa\u00e7\u00e3o comum entre os pais. Embora possa ser alarmante, \u00e9 importante entender que o muco pode ser normal em certas situa\u00e7\u00f5es.\" \/>\n<meta name=\"robots\" content=\"index, follow, max-snippet:-1, max-image-preview:large, max-video-preview:-1\" \/>\n<link rel=\"canonical\" href=\"https:\/\/universofamilia.com\/sk\/muco-nas-fezes-do-bebe-quando-e-normal-e-quando-se-preocupar\/\" \/>\n<meta property=\"og:locale\" content=\"sk_SK\" \/>\n<meta property=\"og:type\" content=\"article\" \/>\n<meta property=\"og:title\" content=\"Muco nas fezes do beb\u00ea, quando \u00e9 normal e quando se preocupar? - Universo Fam\u00edlia\" \/>\n<meta property=\"og:description\" content=\"O muco nas fezes do beb\u00ea \u00e9 uma preocupa\u00e7\u00e3o comum entre os pais. Embora possa ser alarmante, \u00e9 importante entender que o muco pode ser normal em certas situa\u00e7\u00f5es.\" \/>\n<meta property=\"og:url\" content=\"https:\/\/universofamilia.com\/sk\/muco-nas-fezes-do-bebe-quando-e-normal-e-quando-se-preocupar\/\" \/>\n<meta property=\"og:site_name\" content=\"Universo Fam\u00edlia\" \/>\n<meta property=\"article:published_time\" content=\"2023-05-25T21:01:58+00:00\" \/>\n<meta property=\"og:image\" content=\"https:\/\/universofamilia.com\/wp-content\/uploads\/sites\/148\/2023\/05\/FOTO-DESTAQUE-muco-fezes-bebe-universo-familia-448x350-.png\" \/>\n\t<meta property=\"og:image:width\" content=\"448\" \/>\n\t<meta property=\"og:image:height\" content=\"350\" \/>\n\t<meta property=\"og:image:type\" content=\"image\/png\" \/>\n<meta name=\"twitter:card\" content=\"summary_large_image\" \/>\n<meta name=\"twitter:label1\" content=\"Est. reading time\" \/>\n\t<meta name=\"twitter:data1\" content=\"3 min\u00faty\" \/>\n<script type=\"application\/ld+json\" class=\"yoast-schema-graph\">{\"@context\":\"https:\/\/schema.org\",\"@graph\":[{\"@type\":\"WebPage\",\"@id\":\"https:\/\/universofamilia.com\/hu\/muco-nas-fezes-do-bebe-quando-e-normal-e-quando-se-preocupar\/\",\"url\":\"https:\/\/universofamilia.com\/hu\/muco-nas-fezes-do-bebe-quando-e-normal-e-quando-se-preocupar\/\",\"name\":\"Muco nas fezes do beb\u00ea, quando \u00e9 normal e quando se preocupar? - Universo Fam\u00edlia\",\"isPartOf\":{\"@id\":\"https:\/\/universofamilia.com\/el\/#website\"},\"primaryImageOfPage\":{\"@id\":\"https:\/\/universofamilia.com\/hu\/muco-nas-fezes-do-bebe-quando-e-normal-e-quando-se-preocupar\/#primaryimage\"},\"image\":{\"@id\":\"https:\/\/universofamilia.com\/hu\/muco-nas-fezes-do-bebe-quando-e-normal-e-quando-se-preocupar\/#primaryimage\"},\"thumbnailUrl\":\"http:\/\/universofamilia.com\/wp-content\/uploads\/sites\/148\/2023\/05\/FOTO-DESTAQUE-muco-fezes-bebe-universo-familia-448x350-.png\",\"datePublished\":\"2023-05-25T21:01:58+00:00\",\"dateModified\":\"2023-05-25T21:01:58+00:00\",\"author\":{\"@id\":\"\"},\"description\":\"O muco nas fezes do beb\u00ea \u00e9 uma preocupa\u00e7\u00e3o comum entre os pais. Embora possa ser alarmante, \u00e9 importante entender que o muco pode ser normal em certas situa\u00e7\u00f5es.\",\"breadcrumb\":{\"@id\":\"https:\/\/universofamilia.com\/hu\/muco-nas-fezes-do-bebe-quando-e-normal-e-quando-se-preocupar\/#breadcrumb\"},\"inLanguage\":\"sk-SK\",\"potentialAction\":[{\"@type\":\"ReadAction\",\"target\":[\"https:\/\/universofamilia.com\/hu\/muco-nas-fezes-do-bebe-quando-e-normal-e-quando-se-preocupar\/\"]}]},{\"@type\":\"ImageObject\",\"inLanguage\":\"sk-SK\",\"@id\":\"https:\/\/universofamilia.com\/hu\/muco-nas-fezes-do-bebe-quando-e-normal-e-quando-se-preocupar\/#primaryimage\",\"url\":\"http:\/\/universofamilia.com\/wp-content\/uploads\/sites\/148\/2023\/05\/FOTO-DESTAQUE-muco-fezes-bebe-universo-familia-448x350-.png\",\"contentUrl\":\"http:\/\/universofamilia.com\/wp-content\/uploads\/sites\/148\/2023\/05\/FOTO-DESTAQUE-muco-fezes-bebe-universo-familia-448x350-.png\",\"width\":448,\"height\":350},{\"@type\":\"BreadcrumbList\",\"@id\":\"https:\/\/universofamilia.com\/hu\/muco-nas-fezes-do-bebe-quando-e-normal-e-quando-se-preocupar\/#breadcrumb\",\"itemListElement\":[{\"@type\":\"ListItem\",\"position\":1,\"name\":\"Home\",\"item\":\"https:\/\/universofamilia.com\/el\/\"},{\"@type\":\"ListItem\",\"position\":2,\"name\":\"Muco nas fezes do beb\u00ea, quando \u00e9 normal e quando se preocupar?\"}]},{\"@type\":\"WebSite\",\"@id\":\"https:\/\/universofamilia.com\/el\/#website\",\"url\":\"https:\/\/universofamilia.com\/el\/\",\"name\":\"Universo Fam\u00edlia\",\"description\":\"\",\"potentialAction\":[{\"@type\":\"SearchAction\",\"target\":{\"@type\":\"EntryPoint\",\"urlTemplate\":\"https:\/\/universofamilia.com\/el\/?s={search_term_string}\"},\"query-input\":\"required name=search_term_string\"}],\"inLanguage\":\"sk-SK\"}]}<\/script>\n<!-- \/ Yoast SEO plugin. -->","yoast_head_json":{"title":"Muco nas fezes do beb\u00ea, quando \u00e9 normal e quando se preocupar? - Universo Fam\u00edlia","description":"O muco nas fezes do beb\u00ea \u00e9 uma preocupa\u00e7\u00e3o comum entre os pais. Embora possa ser alarmante, \u00e9 importante entender que o muco pode ser normal em certas situa\u00e7\u00f5es.","robots":{"index":"index","follow":"follow","max-snippet":"max-snippet:-1","max-image-preview":"max-image-preview:large","max-video-preview":"max-video-preview:-1"},"canonical":"https:\/\/universofamilia.com\/sk\/muco-nas-fezes-do-bebe-quando-e-normal-e-quando-se-preocupar\/","og_locale":"sk_SK","og_type":"article","og_title":"Muco nas fezes do beb\u00ea, quando \u00e9 normal e quando se preocupar? - Universo Fam\u00edlia","og_description":"O muco nas fezes do beb\u00ea \u00e9 uma preocupa\u00e7\u00e3o comum entre os pais. Embora possa ser alarmante, \u00e9 importante entender que o muco pode ser normal em certas situa\u00e7\u00f5es.","og_url":"https:\/\/universofamilia.com\/sk\/muco-nas-fezes-do-bebe-quando-e-normal-e-quando-se-preocupar\/","og_site_name":"Universo Fam\u00edlia","article_published_time":"2023-05-25T21:01:58+00:00","og_image":[{"width":448,"height":350,"url":"https:\/\/universofamilia.com\/wp-content\/uploads\/sites\/148\/2023\/05\/FOTO-DESTAQUE-muco-fezes-bebe-universo-familia-448x350-.png","type":"image\/png"}],"twitter_card":"summary_large_image","twitter_misc":{"Est. reading time":"3 min\u00faty"},"schema":{"@context":"https:\/\/schema.org","@graph":[{"@type":"WebPage","@id":"https:\/\/universofamilia.com\/hu\/muco-nas-fezes-do-bebe-quando-e-normal-e-quando-se-preocupar\/","url":"https:\/\/universofamilia.com\/hu\/muco-nas-fezes-do-bebe-quando-e-normal-e-quando-se-preocupar\/","name":"Muco nas fezes do beb\u00ea, quando \u00e9 normal e quando se preocupar? - Universo Fam\u00edlia","isPartOf":{"@id":"https:\/\/universofamilia.com\/el\/#website"},"primaryImageOfPage":{"@id":"https:\/\/universofamilia.com\/hu\/muco-nas-fezes-do-bebe-quando-e-normal-e-quando-se-preocupar\/#primaryimage"},"image":{"@id":"https:\/\/universofamilia.com\/hu\/muco-nas-fezes-do-bebe-quando-e-normal-e-quando-se-preocupar\/#primaryimage"},"thumbnailUrl":"http:\/\/universofamilia.com\/wp-content\/uploads\/sites\/148\/2023\/05\/FOTO-DESTAQUE-muco-fezes-bebe-universo-familia-448x350-.png","datePublished":"2023-05-25T21:01:58+00:00","dateModified":"2023-05-25T21:01:58+00:00","author":{"@id":""},"description":"O muco nas fezes do beb\u00ea \u00e9 uma preocupa\u00e7\u00e3o comum entre os pais. Embora possa ser alarmante, \u00e9 importante entender que o muco pode ser normal em certas situa\u00e7\u00f5es.","breadcrumb":{"@id":"https:\/\/universofamilia.com\/hu\/muco-nas-fezes-do-bebe-quando-e-normal-e-quando-se-preocupar\/#breadcrumb"},"inLanguage":"sk-SK","potentialAction":[{"@type":"ReadAction","target":["https:\/\/universofamilia.com\/hu\/muco-nas-fezes-do-bebe-quando-e-normal-e-quando-se-preocupar\/"]}]},{"@type":"ImageObject","inLanguage":"sk-SK","@id":"https:\/\/universofamilia.com\/hu\/muco-nas-fezes-do-bebe-quando-e-normal-e-quando-se-preocupar\/#primaryimage","url":"http:\/\/universofamilia.com\/wp-content\/uploads\/sites\/148\/2023\/05\/FOTO-DESTAQUE-muco-fezes-bebe-universo-familia-448x350-.png","contentUrl":"http:\/\/universofamilia.com\/wp-content\/uploads\/sites\/148\/2023\/05\/FOTO-DESTAQUE-muco-fezes-bebe-universo-familia-448x350-.png","width":448,"height":350},{"@type":"BreadcrumbList","@id":"https:\/\/universofamilia.com\/hu\/muco-nas-fezes-do-bebe-quando-e-normal-e-quando-se-preocupar\/#breadcrumb","itemListElement":[{"@type":"ListItem","position":1,"name":"Home","item":"https:\/\/universofamilia.com\/el\/"},{"@type":"ListItem","position":2,"name":"Muco nas fezes do beb\u00ea, quando \u00e9 normal e quando se preocupar?"}]},{"@type":"WebSite","@id":"https:\/\/universofamilia.com\/el\/#website","url":"https:\/\/universofamilia.com\/el\/","name":"Universo Fam\u00edlia","description":"","potentialAction":[{"@type":"SearchAction","target":{"@type":"EntryPoint","urlTemplate":"https:\/\/universofamilia.com\/el\/?s={search_term_string}"},"query-input":"required name=search_term_string"}],"inLanguage":"sk-SK"}]}},"_links":{"self":[{"href":"http:\/\/universofamilia.com\/sk\/wp-json\/wp\/v2\/posts\/1797"}],"collection":[{"href":"http:\/\/universofamilia.com\/sk\/wp-json\/wp\/v2\/posts"}],"about":[{"href":"http:\/\/universofamilia.com\/sk\/wp-json\/wp\/v2\/types\/post"}],"replies":[{"embeddable":true,"href":"http:\/\/universofamilia.com\/sk\/wp-json\/wp\/v2\/comments?post=1797"}],"version-history":[{"count":0,"href":"http:\/\/universofamilia.com\/sk\/wp-json\/wp\/v2\/posts\/1797\/revisions"}],"wp:featuredmedia":[{"embeddable":true,"href":"http:\/\/universofamilia.com\/sk\/wp-json\/wp\/v2\/media\/1912"}],"wp:attachment":[{"href":"http:\/\/universofamilia.com\/sk\/wp-json\/wp\/v2\/media?parent=1797"}],"wp:term":[{"taxonomy":"category","embeddable":true,"href":"http:\/\/universofamilia.com\/sk\/wp-json\/wp\/v2\/categories?post=1797"},{"taxonomy":"post_tag","embeddable":true,"href":"http:\/\/universofamilia.com\/sk\/wp-json\/wp\/v2\/tags?post=1797"}],"curies":[{"name":"wp","href":"https:\/\/api.w.org\/{rel}","templated":true}]}}