{"id":1800,"date":"2023-05-25T21:25:20","date_gmt":"2023-05-25T21:25:20","guid":{"rendered":"https:\/\/universofamilia.com\/?p=1800"},"modified":"2023-05-25T21:25:20","modified_gmt":"2023-05-25T21:25:20","slug":"bebe-com-saliva-espumosa","status":"publish","type":"post","link":"http:\/\/universofamilia.com\/sk\/bebe-com-saliva-espumosa\/","title":{"rendered":"Die\u0165a s peniv\u00fdmi slinami: Pr\u00ed\u010diny, pr\u00edznaky a lie\u010dba"},"content":{"rendered":"<p>Ak ste znepokojen\u00fd rodi\u010d, ktor\u00fd si v\u0161imol, \u017ee va\u0161e die\u0165a produkuje peniv\u00e9 sliny, tento \u010dl\u00e1nok v\u00e1m pom\u00f4\u017ee pochopi\u0165 mo\u017en\u00e9 pr\u00ed\u010diny, s\u00favisiace pr\u00edznaky a mo\u017enosti lie\u010dby. \u010c\u00edtajte \u010falej a dozviete sa d\u00f4le\u017eit\u00e9 inform\u00e1cie o tejto t\u00e9me.<\/p>\n\n\n\n<h3 class=\"wp-block-heading\">Alebo \u010do s\u00fa to peniv\u00e9 sliny u b\u00e1b\u00e4tiek?<\/h3>\n\n\n\n<p>Peniv\u00e9 sliny ozna\u010duj\u00fa tvorbu gu\u013e\u00f4\u010dok piesku v slin\u00e1ch die\u0165a\u0165a, ktor\u00e9 sa m\u00f4\u017eu hromadi\u0165 a sp\u00f4sobi\u0165 penov\u00fd vzh\u013ead. Tento stav je vo v\u0161eobecnosti ne\u0161kodn\u00fd, ale je d\u00f4le\u017eit\u00e9 pochopi\u0165 jeho pr\u00ed\u010diny a pr\u00edznaky, aby ste zabezpe\u010dili zdravie a pohodu v\u00e1\u0161ho die\u0165a\u0165a.<\/p>\n\n\n<div class=\"wp-block-image\">\n<figure class=\"aligncenter size-full\"><img loading=\"lazy\" decoding=\"async\" width=\"550\" height=\"350\" src=\"http:\/\/universofamilia.com\/wp-content\/uploads\/sites\/148\/2023\/05\/FOTO-POST-bebe-salivando-universo-familia-.png\" alt=\"\" class=\"wp-image-1908\" srcset=\"http:\/\/universofamilia.com\/wp-content\/uploads\/sites\/148\/2023\/05\/FOTO-POST-bebe-salivando-universo-familia-.png 550w, http:\/\/universofamilia.com\/wp-content\/uploads\/sites\/148\/2023\/05\/FOTO-POST-bebe-salivando-universo-familia--300x191.png 300w\" sizes=\"(max-width: 550px) 100vw, 550px\" \/><\/figure><\/div>\n\n\n<h3 class=\"wp-block-heading\">Pr\u00ed\u010diny penov\u00fdch sl\u00edn u det\u00ed<\/h3>\n\n\n\n<p>Existuje nieko\u013eko d\u00f4vodov, pre\u010do m\u00f4\u017ee ma\u0165 die\u0165a peniv\u00e9 sliny. Medzi naj\u010dastej\u0161ie pr\u00ed\u010diny patria:<\/p>\n\n\n\n<p>Po\u010das prerez\u00e1vania z\u00fabkov je u b\u00e1b\u00e4tiek norm\u00e1lne produkova\u0165 viac sl\u00edn. Kombin\u00e1cia zv\u00fd\u0161en\u00e9ho mno\u017estva sl\u00edn a pohybu jazyka m\u00f4\u017ee vies\u0165 k speneniu sl\u00edn.<\/p>\n\n\n\n<p>Gastroezofage\u00e1lny reflux: Kysl\u00fd reflux m\u00f4\u017ee sp\u00f4sobi\u0165 zmie\u0161anie sl\u00edn so \u017eal\u00fado\u010dnou kyselinou, \u010do vytv\u00e1ra penov\u00fd vzh\u013ead.<\/p>\n\n\n\n<p>Infekcie d\u00fdchac\u00edch ciest: Niektor\u00e9 infekcie, ako je prechladnutie a chr\u00edpka, m\u00f4\u017eu vies\u0165 k zv\u00fd\u0161enej produkcii sl\u00edn, \u010do sp\u00f4sobuje penenie.<\/p>\n\n\n\n<h3 class=\"wp-block-heading\">Pr\u00edznaky spojen\u00e9 s peniv\u00fdmi slinami u det\u00ed<\/h3>\n\n\n\n<p>Okrem vlastn\u00fdch penov\u00fdch sl\u00edn sa m\u00f4\u017eu v z\u00e1vislosti od z\u00e1kladnej pr\u00ed\u010diny objavi\u0165 aj niektor\u00e9 pr\u00edznaky. Venujte pozornos\u0165:<\/p>\n\n\n\n<p>Podr\u00e1\u017edenie \u010fasien: Ak je va\u0161e die\u0165a vo f\u00e1ze prerez\u00e1vania z\u00fabkov, je mo\u017en\u00e9, \u017ee sa u neho objavia aj pr\u00edznaky, ako je brnenie, \u0161t\u00edpanie a nepr\u00edjemn\u00e9 pocity.<\/p>\n\n\n\n<p>Regurgit\u00e1cia: V pr\u00edpade gastroezofage\u00e1lneho refluxu m\u00f4\u017ee ma\u0165 va\u0161e die\u0165a okrem peniacich sl\u00edn epiz\u00f3dy kyslej regurgit\u00e1cie.<\/p>\n\n\n\n<p>Respira\u010dn\u00e9 pr\u00edznaky: Ak sa vyskytne infekcia d\u00fdchac\u00edch ciest, m\u00f4\u017eete si v\u0161imn\u00fa\u0165 pr\u00edznaky, ako je ka\u0161e\u013e, upchat\u00fd nos a priedu\u0161ky.<\/p>\n\n\n\n<h3 class=\"wp-block-heading\">Lie\u010dba a starostlivos\u0165<\/h3>\n\n\n\n<p>Lie\u010dba penov\u00fdch sl\u00edn u det\u00ed z\u00e1vis\u00ed od z\u00e1kladnej pr\u00ed\u010diny. Tu je nieko\u013eko opatren\u00ed, ktor\u00e9 m\u00f4\u017eete podnikn\u00fa\u0165:<\/p>\n\n\n\n<p>Zuby: Pon\u00faknite die\u0165atku hryz\u00e1tka a bezpe\u010dn\u00e9 predmety na hryzenie. M\u00f4\u017ee to pom\u00f4c\u0165 zmierni\u0165 boles\u0165 \u010fasien a zn\u00ed\u017ei\u0165 nadmern\u00fa tvorbu sl\u00edn.<\/p>\n\n\n\n<p>Gastroezofage\u00e1lny reflux: Pora\u010fte sa so svoj\u00edm pediatrom o konkr\u00e9tnych pokynoch t\u00fdkaj\u00facich sa di\u00e9ty a liekov vhodn\u00fdch na kontrolu refluxu kyseliny.<\/p>\n\n\n\n<p>Infekcie d\u00fdchac\u00edch ciest: Udr\u017eujte prostredie \u010dist\u00e9 a bez bakt\u00e9ri\u00ed. Pou\u017e\u00edvajte zvlh\u010dova\u010d vzduchu na zmiernenie upchat\u00e9ho nosa a ria\u010fte sa pokynmi lek\u00e1ra t\u00fdkaj\u00facimi sa liekov a \u010fal\u0161ej starostlivosti.<\/p>\n\n\n\n<h3 class=\"wp-block-heading\">Z\u00e1ver<\/h3>\n\n\n\n<p>Ke\u010f\u017ee peniv\u00e9 sliny u det\u00ed m\u00f4\u017eu by\u0165 probl\u00e9mom pre va\u0161u krajinu, je d\u00f4le\u017eit\u00e9 pochopi\u0165, \u017ee vo v\u00e4\u010d\u0161ine pr\u00edpadov je tento stav ne\u0161kodn\u00fd a do\u010dasn\u00fd. Pochopenie z\u00e1kladn\u00fdch pr\u00ed\u010din a dvoch s\u00favisiacich pr\u00edznakov m\u00f4\u017ee pom\u00f4c\u0165 identifikova\u0165, kedy je potrebn\u00e9 vyh\u013eada\u0165 lek\u00e1rsku pomoc.<\/p>\n\n\n\n<p>Uvedomte si, \u017ee ka\u017ed\u00e9 die\u0165a je jedine\u010dn\u00e9 a to, \u010do funguje pre jedno, nemus\u00ed fungova\u0165 pre in\u00e9. Preto je nevyhnutn\u00e9 pozorova\u0165 spr\u00e1vanie v\u00e1\u0161ho die\u0165a\u0165a a v pr\u00edpade ak\u00fdchko\u013evek ob\u00e1v vyh\u013eada\u0165 lek\u00e1rsku pomoc.<\/p>\n\n\n\n<p>D\u00fafam, \u017ee v\u00e1m niekto pom\u00f4\u017ee a porad\u00ed v\u00e1m s va\u0161\u00edm kup\u00e9, ktor\u00e9 n\u00e1m tak ve\u013emi pomohlo. Aha! C\u00edtim sa tu s t\u00fdmto pr\u00edspevkom.<\/p>\n\n\n\n<blockquote class=\"wp-block-quote\">\n<h5 class=\"wp-block-heading\"><em>Pozn\u00e1mky: Materi\u00e1ly a inform\u00e1cie na str\u00e1nke Universo Fam\u00edlia nie s\u00fa ur\u010den\u00e9 na lek\u00e1rsku diagnostiku, ani by sa nemali ako tak\u00e9 pou\u017e\u00edva\u0165. <strong>V\u017edy by ste sa mali poradi\u0165 s lek\u00e1rom alebo kvalifikovan\u00fdm zdravotn\u00edckym pracovn\u00edkom o svojich skuto\u010dn\u00fdch potreb\u00e1ch.<\/strong>.<\/em><\/h5>\n<\/blockquote>\n\n\n\n<h3 class=\"wp-block-heading\">Pozri tie\u017e:<\/h3>\n\n\n\n<p><a href=\"http:\/\/universofamilia.com\/sk\/rotina-ideal-para-a-familia-dormir-bem\/\" target=\"_blank\" rel=\"noreferrer noopener\">Rotina Ide\u00e1lne pre rodinu na dobr\u00fd sp\u00e1nok<\/a><\/p>\n\n\n\n<p><a href=\"http:\/\/universofamilia.com\/sk\/muco-nas-fezes-do-bebe-quando-e-normal-e-quando-se-preocupar\/\" target=\"_blank\" rel=\"noreferrer noopener\">Sliznice nosa: kedy je to norm\u00e1lne a kedy by ste sa mali ob\u00e1va\u0165?<\/a><\/p>\n\n\n\n<p><a href=\"https:\/\/www.luzbaby.com.br\/\" target=\"_blank\" rel=\"noreferrer noopener\">Luz Baby je jeden z najlep\u0161\u00edch obchodov s detsk\u00fdmi potrebami. Kliknite sem.<\/a><\/p>","protected":false},"excerpt":{"rendered":"<p>Ak ste znepokojen\u00fd rodi\u010d, ktor\u00fd si v\u0161imol, \u017ee va\u0161e die\u0165a produkuje peniv\u00e9 sliny, tento \u010dl\u00e1nok v\u00e1m pom\u00f4\u017ee pochopi\u0165 mo\u017en\u00e9 pr\u00ed\u010diny, s\u00favisiace pr\u00edznaky a mo\u017enosti lie\u010dby. \u010c\u00edtajte \u010falej a dozviete sa d\u00f4le\u017eit\u00e9 inform\u00e1cie o tejto t\u00e9me.<\/p>","protected":false},"author":0,"featured_media":1909,"comment_status":"closed","ping_status":"open","sticky":false,"template":"","format":"standard","meta":{"footnotes":""},"categories":[5],"tags":[508,1161,1437],"yoast_head":"<!-- This site is optimized with the Yoast SEO plugin v23.3 - https:\/\/yoast.com\/wordpress\/plugins\/seo\/ -->\n<title>Beb\u00ea com Saliva Espumosa: Causas, Sintomas e Tratamento - Universo Fam\u00edlia<\/title>\n<meta name=\"description\" content=\"Se voc\u00ea \u00e9 um pai ou m\u00e3e preocupado, que notou que o seu beb\u00ea est\u00e1 produzindo saliva espumosa\" \/>\n<meta name=\"robots\" content=\"index, follow, max-snippet:-1, max-image-preview:large, max-video-preview:-1\" \/>\n<link rel=\"canonical\" href=\"http:\/\/universofamilia.com\/sk\/bebe-com-saliva-espumosa\/\" \/>\n<meta property=\"og:locale\" content=\"sk_SK\" \/>\n<meta property=\"og:type\" content=\"article\" \/>\n<meta property=\"og:title\" content=\"Beb\u00ea com Saliva Espumosa: Causas, Sintomas e Tratamento - Universo Fam\u00edlia\" \/>\n<meta property=\"og:description\" content=\"Se voc\u00ea \u00e9 um pai ou m\u00e3e preocupado, que notou que o seu beb\u00ea est\u00e1 produzindo saliva espumosa\" \/>\n<meta property=\"og:url\" content=\"http:\/\/universofamilia.com\/sk\/bebe-com-saliva-espumosa\/\" \/>\n<meta property=\"og:site_name\" content=\"Universo Fam\u00edlia\" \/>\n<meta property=\"article:published_time\" content=\"2023-05-25T21:25:20+00:00\" \/>\n<meta property=\"og:image\" content=\"http:\/\/universofamilia.com\/wp-content\/uploads\/sites\/148\/2023\/05\/FOTO-DESTAQUE-bebe-salivando-universo-familia-448x350-.png\" \/>\n\t<meta property=\"og:image:width\" content=\"448\" \/>\n\t<meta property=\"og:image:height\" content=\"350\" \/>\n\t<meta property=\"og:image:type\" content=\"image\/png\" \/>\n<meta name=\"twitter:card\" content=\"summary_large_image\" \/>\n<meta name=\"twitter:label1\" content=\"Est. reading time\" \/>\n\t<meta name=\"twitter:data1\" content=\"4 min\u00faty\" \/>\n<script type=\"application\/ld+json\" class=\"yoast-schema-graph\">{\"@context\":\"https:\/\/schema.org\",\"@graph\":[{\"@type\":\"WebPage\",\"@id\":\"http:\/\/universofamilia.com\/ko\/bebe-com-saliva-espumosa\/\",\"url\":\"http:\/\/universofamilia.com\/ko\/bebe-com-saliva-espumosa\/\",\"name\":\"Beb\u00ea com Saliva Espumosa: Causas, Sintomas e Tratamento - Universo Fam\u00edlia\",\"isPartOf\":{\"@id\":\"https:\/\/universofamilia.com\/el\/#website\"},\"primaryImageOfPage\":{\"@id\":\"http:\/\/universofamilia.com\/ko\/bebe-com-saliva-espumosa\/#primaryimage\"},\"image\":{\"@id\":\"http:\/\/universofamilia.com\/ko\/bebe-com-saliva-espumosa\/#primaryimage\"},\"thumbnailUrl\":\"http:\/\/universofamilia.com\/wp-content\/uploads\/sites\/148\/2023\/05\/FOTO-DESTAQUE-bebe-salivando-universo-familia-448x350-.png\",\"datePublished\":\"2023-05-25T21:25:20+00:00\",\"dateModified\":\"2023-05-25T21:25:20+00:00\",\"author\":{\"@id\":\"\"},\"description\":\"Se voc\u00ea \u00e9 um pai ou m\u00e3e preocupado, que notou que o seu beb\u00ea est\u00e1 produzindo saliva espumosa\",\"breadcrumb\":{\"@id\":\"http:\/\/universofamilia.com\/ko\/bebe-com-saliva-espumosa\/#breadcrumb\"},\"inLanguage\":\"sk-SK\",\"potentialAction\":[{\"@type\":\"ReadAction\",\"target\":[\"http:\/\/universofamilia.com\/ko\/bebe-com-saliva-espumosa\/\"]}]},{\"@type\":\"ImageObject\",\"inLanguage\":\"sk-SK\",\"@id\":\"http:\/\/universofamilia.com\/ko\/bebe-com-saliva-espumosa\/#primaryimage\",\"url\":\"http:\/\/universofamilia.com\/wp-content\/uploads\/sites\/148\/2023\/05\/FOTO-DESTAQUE-bebe-salivando-universo-familia-448x350-.png\",\"contentUrl\":\"http:\/\/universofamilia.com\/wp-content\/uploads\/sites\/148\/2023\/05\/FOTO-DESTAQUE-bebe-salivando-universo-familia-448x350-.png\",\"width\":448,\"height\":350},{\"@type\":\"BreadcrumbList\",\"@id\":\"http:\/\/universofamilia.com\/ko\/bebe-com-saliva-espumosa\/#breadcrumb\",\"itemListElement\":[{\"@type\":\"ListItem\",\"position\":1,\"name\":\"Home\",\"item\":\"https:\/\/universofamilia.com\/el\/\"},{\"@type\":\"ListItem\",\"position\":2,\"name\":\"Beb\u00ea com Saliva Espumosa: Causas, Sintomas e Tratamento\"}]},{\"@type\":\"WebSite\",\"@id\":\"https:\/\/universofamilia.com\/el\/#website\",\"url\":\"https:\/\/universofamilia.com\/el\/\",\"name\":\"Universo Fam\u00edlia\",\"description\":\"\",\"potentialAction\":[{\"@type\":\"SearchAction\",\"target\":{\"@type\":\"EntryPoint\",\"urlTemplate\":\"https:\/\/universofamilia.com\/el\/?s={search_term_string}\"},\"query-input\":\"required name=search_term_string\"}],\"inLanguage\":\"sk-SK\"}]}<\/script>\n<!-- \/ Yoast SEO plugin. -->","yoast_head_json":{"title":"Beb\u00ea com Saliva Espumosa: Causas, Sintomas e Tratamento - Universo Fam\u00edlia","description":"Se voc\u00ea \u00e9 um pai ou m\u00e3e preocupado, que notou que o seu beb\u00ea est\u00e1 produzindo saliva espumosa","robots":{"index":"index","follow":"follow","max-snippet":"max-snippet:-1","max-image-preview":"max-image-preview:large","max-video-preview":"max-video-preview:-1"},"canonical":"http:\/\/universofamilia.com\/sk\/bebe-com-saliva-espumosa\/","og_locale":"sk_SK","og_type":"article","og_title":"Beb\u00ea com Saliva Espumosa: Causas, Sintomas e Tratamento - Universo Fam\u00edlia","og_description":"Se voc\u00ea \u00e9 um pai ou m\u00e3e preocupado, que notou que o seu beb\u00ea est\u00e1 produzindo saliva espumosa","og_url":"http:\/\/universofamilia.com\/sk\/bebe-com-saliva-espumosa\/","og_site_name":"Universo Fam\u00edlia","article_published_time":"2023-05-25T21:25:20+00:00","og_image":[{"width":448,"height":350,"url":"http:\/\/universofamilia.com\/wp-content\/uploads\/sites\/148\/2023\/05\/FOTO-DESTAQUE-bebe-salivando-universo-familia-448x350-.png","type":"image\/png"}],"twitter_card":"summary_large_image","twitter_misc":{"Est. reading time":"4 min\u00faty"},"schema":{"@context":"https:\/\/schema.org","@graph":[{"@type":"WebPage","@id":"http:\/\/universofamilia.com\/ko\/bebe-com-saliva-espumosa\/","url":"http:\/\/universofamilia.com\/ko\/bebe-com-saliva-espumosa\/","name":"Beb\u00ea com Saliva Espumosa: Causas, Sintomas e Tratamento - Universo Fam\u00edlia","isPartOf":{"@id":"https:\/\/universofamilia.com\/el\/#website"},"primaryImageOfPage":{"@id":"http:\/\/universofamilia.com\/ko\/bebe-com-saliva-espumosa\/#primaryimage"},"image":{"@id":"http:\/\/universofamilia.com\/ko\/bebe-com-saliva-espumosa\/#primaryimage"},"thumbnailUrl":"http:\/\/universofamilia.com\/wp-content\/uploads\/sites\/148\/2023\/05\/FOTO-DESTAQUE-bebe-salivando-universo-familia-448x350-.png","datePublished":"2023-05-25T21:25:20+00:00","dateModified":"2023-05-25T21:25:20+00:00","author":{"@id":""},"description":"Se voc\u00ea \u00e9 um pai ou m\u00e3e preocupado, que notou que o seu beb\u00ea est\u00e1 produzindo saliva espumosa","breadcrumb":{"@id":"http:\/\/universofamilia.com\/ko\/bebe-com-saliva-espumosa\/#breadcrumb"},"inLanguage":"sk-SK","potentialAction":[{"@type":"ReadAction","target":["http:\/\/universofamilia.com\/ko\/bebe-com-saliva-espumosa\/"]}]},{"@type":"ImageObject","inLanguage":"sk-SK","@id":"http:\/\/universofamilia.com\/ko\/bebe-com-saliva-espumosa\/#primaryimage","url":"http:\/\/universofamilia.com\/wp-content\/uploads\/sites\/148\/2023\/05\/FOTO-DESTAQUE-bebe-salivando-universo-familia-448x350-.png","contentUrl":"http:\/\/universofamilia.com\/wp-content\/uploads\/sites\/148\/2023\/05\/FOTO-DESTAQUE-bebe-salivando-universo-familia-448x350-.png","width":448,"height":350},{"@type":"BreadcrumbList","@id":"http:\/\/universofamilia.com\/ko\/bebe-com-saliva-espumosa\/#breadcrumb","itemListElement":[{"@type":"ListItem","position":1,"name":"Home","item":"https:\/\/universofamilia.com\/el\/"},{"@type":"ListItem","position":2,"name":"Beb\u00ea com Saliva Espumosa: Causas, Sintomas e Tratamento"}]},{"@type":"WebSite","@id":"https:\/\/universofamilia.com\/el\/#website","url":"https:\/\/universofamilia.com\/el\/","name":"Universo Fam\u00edlia","description":"","potentialAction":[{"@type":"SearchAction","target":{"@type":"EntryPoint","urlTemplate":"https:\/\/universofamilia.com\/el\/?s={search_term_string}"},"query-input":"required name=search_term_string"}],"inLanguage":"sk-SK"}]}},"_links":{"self":[{"href":"http:\/\/universofamilia.com\/sk\/wp-json\/wp\/v2\/posts\/1800"}],"collection":[{"href":"http:\/\/universofamilia.com\/sk\/wp-json\/wp\/v2\/posts"}],"about":[{"href":"http:\/\/universofamilia.com\/sk\/wp-json\/wp\/v2\/types\/post"}],"replies":[{"embeddable":true,"href":"http:\/\/universofamilia.com\/sk\/wp-json\/wp\/v2\/comments?post=1800"}],"version-history":[{"count":0,"href":"http:\/\/universofamilia.com\/sk\/wp-json\/wp\/v2\/posts\/1800\/revisions"}],"wp:featuredmedia":[{"embeddable":true,"href":"http:\/\/universofamilia.com\/sk\/wp-json\/wp\/v2\/media\/1909"}],"wp:attachment":[{"href":"http:\/\/universofamilia.com\/sk\/wp-json\/wp\/v2\/media?parent=1800"}],"wp:term":[{"taxonomy":"category","embeddable":true,"href":"http:\/\/universofamilia.com\/sk\/wp-json\/wp\/v2\/categories?post=1800"},{"taxonomy":"post_tag","embeddable":true,"href":"http:\/\/universofamilia.com\/sk\/wp-json\/wp\/v2\/tags?post=1800"}],"curies":[{"name":"wp","href":"https:\/\/api.w.org\/{rel}","templated":true}]}}