{"id":1802,"date":"2023-05-25T21:51:11","date_gmt":"2023-05-25T21:51:11","guid":{"rendered":"https:\/\/universofamilia.com\/?p=1802"},"modified":"2023-05-25T21:51:11","modified_gmt":"2023-05-25T21:51:11","slug":"tamanho-das-ropinhas-da-carters","status":"publish","type":"post","link":"http:\/\/universofamilia.com\/sk\/tamanho-das-ropinhas-da-carters\/","title":{"rendered":"Ve\u013ekos\u0165 Carters Ropinhas"},"content":{"rendered":"<p>Zistite v\u0161etko, \u010do potrebujete vedie\u0165 o ve\u013ekostiach oble\u010denia od renomovanej zna\u010dky Carters.<\/p>\n\n\n\n<p>V tomto komplexnom sprievodcovi v\u00e1m poskytneme cenn\u00e9 inform\u00e1cie o tom, ako si vybra\u0165 spr\u00e1vnu ve\u013ekos\u0165 pre va\u0161e die\u0165a, ktor\u00e1 zaru\u010d\u00ed pohodlie a \u0161t\u00fdl vo v\u0161etk\u00fdch f\u00e1zach jeho rastu.<\/p>\n\n\n\n<p>\u010c\u00edtajte \u010falej a objavte tipy, pokyny na meranie a n\u00e1vrhy, aby ste zabezpe\u010dili, \u017ee va\u0161e n\u00e1kupy bud\u00fa perfektn\u00e9.<\/p>\n\n\n\n<h3 class=\"wp-block-heading\">Tabu\u013eka prevodu ve\u013ekost\u00ed<\/h3>\n\n\n\n<p>Aby to va\u0161a \u0161kola e\u0161te viac u\u013eah\u010dila, Carters poskytuje praktick\u00fa tabu\u013eku na prevod ve\u013ekost\u00ed.<\/p>\n\n\n\n<p>T\u00e1to tabu\u013eka v\u00e1m umo\u017e\u0148uje porovna\u0165 miery v\u00e1\u0161ho die\u0165a\u0165a s ve\u013ekos\u0165ami Carters, \u010di u\u017e v centimetroch alebo vo v\u00fd\u0161ke.<\/p>\n\n\n\n<p>Takto sa m\u00f4\u017eete informovane rozhodn\u00fa\u0165 pri k\u00fape zna\u010dkov\u00e9ho oble\u010denia.<\/p>\n\n\n\n<p>Pozrite si tabu\u013eku ni\u017e\u0161ie a d\u00fafam, \u017ee v\u00e1m pom\u00f4\u017ee:<\/p>\n\n\n<div class=\"wp-block-image\">\n<figure class=\"aligncenter size-full is-resized\"><img loading=\"lazy\" decoding=\"async\" src=\"http:\/\/universofamilia.com\/wp-content\/uploads\/sites\/148\/2023\/05\/tamanhocartersbebemenor-UNIVERSO-FAMILIA.jpg\" alt=\"\" class=\"wp-image-1803\" width=\"585\" height=\"430\" srcset=\"http:\/\/universofamilia.com\/wp-content\/uploads\/sites\/148\/2023\/05\/tamanhocartersbebemenor-UNIVERSO-FAMILIA.jpg 400w, http:\/\/universofamilia.com\/wp-content\/uploads\/sites\/148\/2023\/05\/tamanhocartersbebemenor-UNIVERSO-FAMILIA-300x221.jpg 300w\" sizes=\"(max-width: 585px) 100vw, 585px\" \/><\/figure><\/div>\n\n\n<p>Bato\u013ea je defin\u00edcia pre star\u0161ie b\u00e1b\u00e4tk\u00e1, ktor\u00e9 u\u017e nechodia, dobre, v USA je ve\u013emi be\u017en\u00e9 naz\u00fdva\u0165 t\u00fato skupinu det\u00ed.<\/p>\n\n\n<div class=\"wp-block-image\">\n<figure class=\"aligncenter size-full is-resized\"><img loading=\"lazy\" decoding=\"async\" src=\"http:\/\/universofamilia.com\/wp-content\/uploads\/sites\/148\/2023\/05\/TABELA-de-2-a-5T-UNIVERSO-FAMILIA.png\" alt=\"\" class=\"wp-image-1804\" width=\"591\" height=\"298\" srcset=\"http:\/\/universofamilia.com\/wp-content\/uploads\/sites\/148\/2023\/05\/TABELA-de-2-a-5T-UNIVERSO-FAMILIA.png 409w, http:\/\/universofamilia.com\/wp-content\/uploads\/sites\/148\/2023\/05\/TABELA-de-2-a-5T-UNIVERSO-FAMILIA-300x151.png 300w\" sizes=\"(max-width: 591px) 100vw, 591px\" \/><\/figure><\/div>\n\n<div class=\"wp-block-image\">\n<figure class=\"aligncenter size-full is-resized\"><img loading=\"lazy\" decoding=\"async\" src=\"http:\/\/universofamilia.com\/wp-content\/uploads\/sites\/148\/2023\/05\/TABELA-de-4-a-xlT-UNIVERSO-FAMILIA.png\" alt=\"\" class=\"wp-image-1805\" width=\"587\" height=\"618\" srcset=\"http:\/\/universofamilia.com\/wp-content\/uploads\/sites\/148\/2023\/05\/TABELA-de-4-a-xlT-UNIVERSO-FAMILIA.png 384w, http:\/\/universofamilia.com\/wp-content\/uploads\/sites\/148\/2023\/05\/TABELA-de-4-a-xlT-UNIVERSO-FAMILIA-285x300.png 285w\" sizes=\"(max-width: 587px) 100vw, 587px\" \/><\/figure><\/div>\n\n\n<h3 class=\"wp-block-heading\">Z\u00e1ver:<\/h3>\n\n\n\n<p>V\u00fdber vhodnej ve\u013ekosti oble\u010denia zna\u010dky Carters je nevyhnutn\u00fd pre zaistenie pohodlia v\u00e1\u0161ho die\u0165a\u0165a.<\/p>\n\n\n\n<p>Pou\u017eite sprievodcu meraniami, konverza\u010dn\u00fa tabu\u013eku a recenzie in\u00fdch z\u00e1kazn\u00edkov, aby ste nakupovali s istotou. Investujte do vec\u00ed, ktor\u00e9 bud\u00fa sprev\u00e1dza\u0165 rast v\u00e1\u0161ho die\u0165a\u0165a a zaru\u010dia \u0161t\u00fdl a kr\u00e1su vo v\u0161etk\u00fdch f\u00e1zach.<\/p>\n\n\n\n<p>S Carters si m\u00f4\u017eete by\u0165 ist\u00ed, \u017ee kupujete vysoko kvalitn\u00e9 oble\u010denie, vyvinut\u00e9 s starostlivos\u0165ou a d\u00f4razom na detail.<\/p>\n\n\n\n<p>Neprest\u00e1vajte vyu\u017e\u00edva\u0165 \u0161irok\u00fa \u0161k\u00e1lu \u0161t\u00fdlov a dizajnov, ktor\u00e9 pon\u00faka Carters, od rozko\u0161n\u00fdch makakov a\u017e po elegantn\u00e9 outfity.<\/p>\n\n\n\n<p>So znalos\u0165ou vhodn\u00fdch ve\u013ekost\u00ed budete m\u00f4c\u0165 svoje die\u0165a obliec\u0165 s istotou s vedom\u00edm, \u017ee je pohodln\u00e9 a dobre oble\u010den\u00e9.<\/p>\n\n\n\n<p>Vyberte si pre svoje die\u0165atko oble\u010denie a jednu z radost\u00ed materstva\/otcovstva. V\u010faka inform\u00e1ci\u00e1m uveden\u00fdm v tejto pr\u00edru\u010dke budete ma\u0165 v\u0161etky potrebn\u00e9 n\u00e1stroje na inteligentn\u00e9 n\u00e1kupy a informovan\u00e9 rozhodnutia.<\/p>\n\n\n\n<p>Preto u\u017e viac ne\u010dakajte!<\/p>\n\n\n\n<p>Presk\u00famajte kolekciu oble\u010denia zna\u010dky Carters a doprajte svojmu die\u0165atku pohodlie a \u0161t\u00fdl, ak\u00fd si zasl\u00fa\u017ei.<\/p>\n\n\n\n<p>V\u010faka Cartersovej starostlivosti o spr\u00e1vne ve\u013ekosti budete pripraven\u00ed obliec\u0165 svoje die\u0165atko s istotou a u\u017ei\u0165 si ka\u017ed\u00fd vz\u00e1cny okamih spolu.<\/p>\n\n\n\n<p>D\u00fafam, \u017ee v\u00e1m bolo s va\u0161\u00edm priehradkou, ktor\u00e1 n\u00e1m ve\u013emi pomohla, lep\u0161ie vysvetlen\u00e9. Aha! Ak sa v\u00e1m tento pr\u00edspevok p\u00e1\u010dil,<\/p>\n\n\n\n<h3 class=\"wp-block-heading\">Pozri tie\u017e:<\/h3>\n\n\n\n<p><a href=\"http:\/\/universofamilia.com\/sk\/rotina-ideal-para-a-familia-dormir-bem\/\" target=\"_blank\" rel=\"noreferrer noopener\">Rotina Ide\u00e1lne pre rodinu na dobr\u00fd sp\u00e1nok<\/a><\/p>\n\n\n\n<p><a href=\"http:\/\/universofamilia.com\/sk\/muco-nas-fezes-do-bebe-quando-e-normal-e-quando-se-preocupar\/\" target=\"_blank\" rel=\"noreferrer noopener\">Sliznice nosa: kedy je to norm\u00e1lne a kedy by ste sa mali ob\u00e1va\u0165?<\/a><\/p>\n\n\n\n<p><a href=\"https:\/\/www.luzbaby.com.br\/\" target=\"_blank\" rel=\"noreferrer noopener\">Luz Baby je jeden z najlep\u0161\u00edch obchodov s detsk\u00fdmi potrebami. Kliknite sem.<\/a><\/p>","protected":false},"excerpt":{"rendered":"<p>Zistite v\u0161etko, \u010do potrebujete vedie\u0165 o ve\u013ekostiach oble\u010denia od renomovanej zna\u010dky Carters. V tomto komplexnom sprievodcovi v\u00e1m poskytneme cenn\u00e9 inform\u00e1cie o tom, ako vybra\u0165 spr\u00e1vnu ve\u013ekos\u0165 pre va\u0161e die\u0165a, ktor\u00e1 zaru\u010d\u00ed pohodlie a \u0161t\u00fdl vo v\u0161etk\u00fdch f\u00e1zach jeho rastu. \u010c\u00edtajte \u010falej a objavte tipy, pokyny na meranie a n\u00e1vrhy, aby ste zabezpe\u010dili, \u017ee va\u0161e n\u00e1kupy bud\u00fa perfektn\u00e9.<\/p>","protected":false},"author":0,"featured_media":1907,"comment_status":"closed","ping_status":"open","sticky":false,"template":"","format":"standard","meta":{"footnotes":""},"categories":[5],"tags":[1023,1161,1504],"yoast_head":"<!-- This site is optimized with the Yoast SEO plugin v23.3 - https:\/\/yoast.com\/wordpress\/plugins\/seo\/ -->\n<title>Tamanho das Ropinhas da Carters - Universo Fam\u00edlia<\/title>\n<meta name=\"description\" content=\"Descubra tudo o que voc\u00ea precisa saber sobre o tamanho das roupinhas da renomada marca Carters.\" \/>\n<meta name=\"robots\" content=\"index, follow, max-snippet:-1, max-image-preview:large, max-video-preview:-1\" \/>\n<link rel=\"canonical\" href=\"https:\/\/universofamilia.com\/sk\/tamanho-das-ropinhas-da-carters\/\" \/>\n<meta property=\"og:locale\" content=\"sk_SK\" \/>\n<meta property=\"og:type\" content=\"article\" \/>\n<meta property=\"og:title\" content=\"Tamanho das Ropinhas da Carters - Universo Fam\u00edlia\" \/>\n<meta property=\"og:description\" content=\"Descubra tudo o que voc\u00ea precisa saber sobre o tamanho das roupinhas da renomada marca Carters.\" \/>\n<meta property=\"og:url\" content=\"https:\/\/universofamilia.com\/sk\/tamanho-das-ropinhas-da-carters\/\" \/>\n<meta property=\"og:site_name\" content=\"Universo Fam\u00edlia\" \/>\n<meta property=\"article:published_time\" content=\"2023-05-25T21:51:11+00:00\" \/>\n<meta property=\"og:image\" content=\"https:\/\/universofamilia.com\/wp-content\/uploads\/sites\/148\/2023\/05\/FOTO-DESTAQUE-448x350-.png\" \/>\n\t<meta property=\"og:image:width\" content=\"448\" \/>\n\t<meta property=\"og:image:height\" content=\"350\" \/>\n\t<meta property=\"og:image:type\" content=\"image\/png\" \/>\n<meta name=\"twitter:card\" content=\"summary_large_image\" \/>\n<meta name=\"twitter:label1\" content=\"Est. reading time\" \/>\n\t<meta name=\"twitter:data1\" content=\"3 min\u00faty\" \/>\n<script type=\"application\/ld+json\" class=\"yoast-schema-graph\">{\"@context\":\"https:\/\/schema.org\",\"@graph\":[{\"@type\":\"WebPage\",\"@id\":\"https:\/\/universofamilia.com\/ko\/tamanho-das-ropinhas-da-carters\/\",\"url\":\"https:\/\/universofamilia.com\/ko\/tamanho-das-ropinhas-da-carters\/\",\"name\":\"Tamanho das Ropinhas da Carters - Universo Fam\u00edlia\",\"isPartOf\":{\"@id\":\"https:\/\/universofamilia.com\/el\/#website\"},\"primaryImageOfPage\":{\"@id\":\"https:\/\/universofamilia.com\/ko\/tamanho-das-ropinhas-da-carters\/#primaryimage\"},\"image\":{\"@id\":\"https:\/\/universofamilia.com\/ko\/tamanho-das-ropinhas-da-carters\/#primaryimage\"},\"thumbnailUrl\":\"http:\/\/universofamilia.com\/wp-content\/uploads\/sites\/148\/2023\/05\/FOTO-DESTAQUE-448x350-.png\",\"datePublished\":\"2023-05-25T21:51:11+00:00\",\"dateModified\":\"2023-05-25T21:51:11+00:00\",\"author\":{\"@id\":\"\"},\"description\":\"Descubra tudo o que voc\u00ea precisa saber sobre o tamanho das roupinhas da renomada marca Carters.\",\"breadcrumb\":{\"@id\":\"https:\/\/universofamilia.com\/ko\/tamanho-das-ropinhas-da-carters\/#breadcrumb\"},\"inLanguage\":\"sk-SK\",\"potentialAction\":[{\"@type\":\"ReadAction\",\"target\":[\"https:\/\/universofamilia.com\/ko\/tamanho-das-ropinhas-da-carters\/\"]}]},{\"@type\":\"ImageObject\",\"inLanguage\":\"sk-SK\",\"@id\":\"https:\/\/universofamilia.com\/ko\/tamanho-das-ropinhas-da-carters\/#primaryimage\",\"url\":\"http:\/\/universofamilia.com\/wp-content\/uploads\/sites\/148\/2023\/05\/FOTO-DESTAQUE-448x350-.png\",\"contentUrl\":\"http:\/\/universofamilia.com\/wp-content\/uploads\/sites\/148\/2023\/05\/FOTO-DESTAQUE-448x350-.png\",\"width\":448,\"height\":350},{\"@type\":\"BreadcrumbList\",\"@id\":\"https:\/\/universofamilia.com\/ko\/tamanho-das-ropinhas-da-carters\/#breadcrumb\",\"itemListElement\":[{\"@type\":\"ListItem\",\"position\":1,\"name\":\"Home\",\"item\":\"https:\/\/universofamilia.com\/el\/\"},{\"@type\":\"ListItem\",\"position\":2,\"name\":\"Tamanho das Ropinhas da Carters\"}]},{\"@type\":\"WebSite\",\"@id\":\"https:\/\/universofamilia.com\/el\/#website\",\"url\":\"https:\/\/universofamilia.com\/el\/\",\"name\":\"Universo Fam\u00edlia\",\"description\":\"\",\"potentialAction\":[{\"@type\":\"SearchAction\",\"target\":{\"@type\":\"EntryPoint\",\"urlTemplate\":\"https:\/\/universofamilia.com\/el\/?s={search_term_string}\"},\"query-input\":\"required name=search_term_string\"}],\"inLanguage\":\"sk-SK\"}]}<\/script>\n<!-- \/ Yoast SEO plugin. -->","yoast_head_json":{"title":"Tamanho das Ropinhas da Carters - Universo Fam\u00edlia","description":"Descubra tudo o que voc\u00ea precisa saber sobre o tamanho das roupinhas da renomada marca Carters.","robots":{"index":"index","follow":"follow","max-snippet":"max-snippet:-1","max-image-preview":"max-image-preview:large","max-video-preview":"max-video-preview:-1"},"canonical":"https:\/\/universofamilia.com\/sk\/tamanho-das-ropinhas-da-carters\/","og_locale":"sk_SK","og_type":"article","og_title":"Tamanho das Ropinhas da Carters - Universo Fam\u00edlia","og_description":"Descubra tudo o que voc\u00ea precisa saber sobre o tamanho das roupinhas da renomada marca Carters.","og_url":"https:\/\/universofamilia.com\/sk\/tamanho-das-ropinhas-da-carters\/","og_site_name":"Universo Fam\u00edlia","article_published_time":"2023-05-25T21:51:11+00:00","og_image":[{"width":448,"height":350,"url":"https:\/\/universofamilia.com\/wp-content\/uploads\/sites\/148\/2023\/05\/FOTO-DESTAQUE-448x350-.png","type":"image\/png"}],"twitter_card":"summary_large_image","twitter_misc":{"Est. reading time":"3 min\u00faty"},"schema":{"@context":"https:\/\/schema.org","@graph":[{"@type":"WebPage","@id":"https:\/\/universofamilia.com\/ko\/tamanho-das-ropinhas-da-carters\/","url":"https:\/\/universofamilia.com\/ko\/tamanho-das-ropinhas-da-carters\/","name":"Tamanho das Ropinhas da Carters - Universo Fam\u00edlia","isPartOf":{"@id":"https:\/\/universofamilia.com\/el\/#website"},"primaryImageOfPage":{"@id":"https:\/\/universofamilia.com\/ko\/tamanho-das-ropinhas-da-carters\/#primaryimage"},"image":{"@id":"https:\/\/universofamilia.com\/ko\/tamanho-das-ropinhas-da-carters\/#primaryimage"},"thumbnailUrl":"http:\/\/universofamilia.com\/wp-content\/uploads\/sites\/148\/2023\/05\/FOTO-DESTAQUE-448x350-.png","datePublished":"2023-05-25T21:51:11+00:00","dateModified":"2023-05-25T21:51:11+00:00","author":{"@id":""},"description":"Descubra tudo o que voc\u00ea precisa saber sobre o tamanho das roupinhas da renomada marca Carters.","breadcrumb":{"@id":"https:\/\/universofamilia.com\/ko\/tamanho-das-ropinhas-da-carters\/#breadcrumb"},"inLanguage":"sk-SK","potentialAction":[{"@type":"ReadAction","target":["https:\/\/universofamilia.com\/ko\/tamanho-das-ropinhas-da-carters\/"]}]},{"@type":"ImageObject","inLanguage":"sk-SK","@id":"https:\/\/universofamilia.com\/ko\/tamanho-das-ropinhas-da-carters\/#primaryimage","url":"http:\/\/universofamilia.com\/wp-content\/uploads\/sites\/148\/2023\/05\/FOTO-DESTAQUE-448x350-.png","contentUrl":"http:\/\/universofamilia.com\/wp-content\/uploads\/sites\/148\/2023\/05\/FOTO-DESTAQUE-448x350-.png","width":448,"height":350},{"@type":"BreadcrumbList","@id":"https:\/\/universofamilia.com\/ko\/tamanho-das-ropinhas-da-carters\/#breadcrumb","itemListElement":[{"@type":"ListItem","position":1,"name":"Home","item":"https:\/\/universofamilia.com\/el\/"},{"@type":"ListItem","position":2,"name":"Tamanho das Ropinhas da Carters"}]},{"@type":"WebSite","@id":"https:\/\/universofamilia.com\/el\/#website","url":"https:\/\/universofamilia.com\/el\/","name":"Universo Fam\u00edlia","description":"","potentialAction":[{"@type":"SearchAction","target":{"@type":"EntryPoint","urlTemplate":"https:\/\/universofamilia.com\/el\/?s={search_term_string}"},"query-input":"required name=search_term_string"}],"inLanguage":"sk-SK"}]}},"_links":{"self":[{"href":"http:\/\/universofamilia.com\/sk\/wp-json\/wp\/v2\/posts\/1802"}],"collection":[{"href":"http:\/\/universofamilia.com\/sk\/wp-json\/wp\/v2\/posts"}],"about":[{"href":"http:\/\/universofamilia.com\/sk\/wp-json\/wp\/v2\/types\/post"}],"replies":[{"embeddable":true,"href":"http:\/\/universofamilia.com\/sk\/wp-json\/wp\/v2\/comments?post=1802"}],"version-history":[{"count":0,"href":"http:\/\/universofamilia.com\/sk\/wp-json\/wp\/v2\/posts\/1802\/revisions"}],"wp:featuredmedia":[{"embeddable":true,"href":"http:\/\/universofamilia.com\/sk\/wp-json\/wp\/v2\/media\/1907"}],"wp:attachment":[{"href":"http:\/\/universofamilia.com\/sk\/wp-json\/wp\/v2\/media?parent=1802"}],"wp:term":[{"taxonomy":"category","embeddable":true,"href":"http:\/\/universofamilia.com\/sk\/wp-json\/wp\/v2\/categories?post=1802"},{"taxonomy":"post_tag","embeddable":true,"href":"http:\/\/universofamilia.com\/sk\/wp-json\/wp\/v2\/tags?post=1802"}],"curies":[{"name":"wp","href":"https:\/\/api.w.org\/{rel}","templated":true}]}}