{"id":1932,"date":"2023-05-26T18:24:25","date_gmt":"2023-05-26T18:24:25","guid":{"rendered":"https:\/\/universofamilia.com\/?p=1932"},"modified":"2023-05-26T18:24:25","modified_gmt":"2023-05-26T18:24:25","slug":"dicas-de-calmantes-naturais-para-criancas","status":"publish","type":"post","link":"http:\/\/universofamilia.com\/sk\/dicas-de-calmantes-naturais-para-criancas\/","title":{"rendered":"Prirodzen\u00e9 upokojuj\u00face rady pre deti"},"content":{"rendered":"<h4 class=\"wp-block-heading\">Bezpe\u010dn\u00e1 a zdrav\u00e1 podpora pokoja<\/h4>\n\n\n\n<p>Detstvo je obdob\u00edm objavovania a v\u00fdvoja, ale pre deti m\u00f4\u017ee by\u0165 pln\u00e9 v\u00fdziev a stresuj\u00facich momentov. Ke\u010f sa sna\u017e\u00edme pom\u00f4c\u0165 na\u0161im de\u0165om n\u00e1js\u0165 pokoj v du\u0161i, je nevyhnutn\u00e9 zv\u00e1\u017ei\u0165 prirodzen\u00e9 a bezpe\u010dn\u00e9 mo\u017enosti. V tomto \u010dl\u00e1nku predstav\u00edme tipy na pr\u00edrodn\u00e9 lieky proti bolesti pre deti s d\u00f4razom na bezpe\u010dnos\u0165, \u00fa\u010dinnos\u0165 a blaho det\u00ed. Pridajte sa k n\u00e1m na tejto ceste k pokoju!<\/p>\n\n\n\n<h4 class=\"wp-block-heading\">D\u00f4le\u017eitos\u0165 pr\u00edrodn\u00fdch liekov proti bolesti pre deti<\/h4>\n\n\n\n<p>V upon\u00e1h\u013eanom svete, v ktorom \u017eijeme, sa mnoho det\u00ed m\u00f4\u017ee stretn\u00fa\u0165 s probl\u00e9mami, ako s\u00fa \u00fazkos\u0165, nespavos\u0165 alebo \u0165a\u017ekosti s koncentr\u00e1ciou. V tejto s\u00favislosti pon\u00fakaj\u00fa pr\u00edrodn\u00e9 lieky proti bolesti bezpe\u010dn\u00fa alternat\u00edvu ku konven\u010dn\u00fdm liekom. Aj ke\u010f sa rozhodneme pre pr\u00edrodn\u00e9 met\u00f3dy, podporujeme alebo zachra\u0148ujeme dve deti bez toho, aby sme ich vystavili ne\u017eiaducim ved\u013eaj\u0161\u00edm \u00fa\u010dinkom.<\/p>\n\n\n\n<p>Pozri tie\u017e: <a href=\"http:\/\/universofamilia.com\/sk\/rotina-ideal-para-a-familia-dormir-bem\/\" target=\"_blank\" rel=\"noreferrer noopener\">Rotina Ide\u00e1lne pre rodinu na dobr\u00fd sp\u00e1nok<\/a><\/p>\n\n\n\n<h4 class=\"wp-block-heading\">Harman\u010dek: Siln\u00fd spojenec<\/h4>\n\n\n\n<p>Harman\u010dek je jednou z najzn\u00e1mej\u0161\u00edch byl\u00edn pre svoje upokojuj\u00face vlastnosti. Pou\u017e\u00edvan\u00fd vo forme \u010daju ch\u00e1 m\u00f4\u017ee pom\u00f4c\u0165 upokoji\u0165 rozru\u0161en\u00e9 deti a navodi\u0165 pokojn\u00fd zvuk. Je d\u00f4le\u017eit\u00e9 zd\u00f4razni\u0165, \u017ee pred pon\u00faknut\u00edm ak\u00e9hoko\u013evek bal\u00ed\u010dka starostlivosti o deti je potrebn\u00e9 poradi\u0165 sa so zdravotn\u00edckym pracovn\u00edkom, aby ste sa uistili, \u017ee neexistuj\u00fa \u017eiadne kontraindik\u00e1cie.<\/p>\n\n\n\n<h4 class=\"wp-block-heading\">Vedom\u00e9 d\u00fdchanie: Umenie relax\u00e1cie<\/h4>\n\n\n\n<p>U\u010denie det\u00ed spr\u00e1vne d\u00fdcha\u0165 m\u00f4\u017ee by\u0165 siln\u00fdm n\u00e1strojom na upokojenie mysle a tela. Technika vedom\u00e9ho d\u00fdchania spo\u010d\u00edva v hlbokom n\u00e1dychu nosom a pomalom v\u00fddychu \u00fastami. T\u00fato jednoduch\u00fa prax mo\u017eno vykon\u00e1va\u0165 v momentoch \u00fazkosti alebo pred span\u00edm, \u010do de\u0165om pom\u00e1ha n\u00e1js\u0165 stav vn\u00fatorn\u00e9ho pokoja.<\/p>\n\n\n<div class=\"wp-block-image\">\n<figure class=\"aligncenter size-full\"><img loading=\"lazy\" decoding=\"async\" width=\"550\" height=\"350\" src=\"http:\/\/universofamilia.com\/wp-content\/uploads\/sites\/148\/2023\/05\/FOTO-POS-CRIANCA-AGITADA-universo-familia-.png\" alt=\"\" class=\"wp-image-1933\" srcset=\"http:\/\/universofamilia.com\/wp-content\/uploads\/sites\/148\/2023\/05\/FOTO-POS-CRIANCA-AGITADA-universo-familia-.png 550w, http:\/\/universofamilia.com\/wp-content\/uploads\/sites\/148\/2023\/05\/FOTO-POS-CRIANCA-AGITADA-universo-familia--300x191.png 300w\" sizes=\"(max-width: 550px) 100vw, 550px\" \/><\/figure><\/div>\n\n\n<h4 class=\"wp-block-heading\">Mas\u00e1\u017e: Mas\u00e1\u017e pokoja<\/h4>\n\n\n\n<p>Mas\u00e1\u017e je \u010fal\u0161ou prirodzenou a \u00fa\u010dinnou technikou na upokojenie det\u00ed. Pomocou jemn\u00fdch, rytmick\u00fdch pohybov m\u00f4\u017ee mas\u00e1\u017e pom\u00f4c\u0165 uvo\u013eni\u0165 svaly a upokoji\u0165 myse\u013e. Na \u010fal\u0161ie zv\u00fd\u0161enie upokojuj\u00faceho \u00fa\u010dinku m\u00f4\u017eete prida\u0165 esenci\u00e1lne oleje, ako je levandu\u013ea alebo harman\u010dek. Intenzitu a trvanie mas\u00e1\u017ee mus\u00edte prisp\u00f4sobi\u0165 veku v\u00e1\u0161ho die\u0165a\u0165a.<\/p>\n\n\n\n<h4 class=\"wp-block-heading\">Detsk\u00e1 medit\u00e1cia: Chv\u00ed\u013eka introspekcie<\/h4>\n\n\n\n<p>Medit\u00e1cia je prax, ktor\u00e1 podporuje relax\u00e1ciu, s\u00fastredenie a pln\u00e9 vedomie. Existuj\u00fa medita\u010dn\u00e9 techniky \u0161peci\u00e1lne vyvinut\u00e9 pre deti, ktor\u00e9 im pom\u00e1haj\u00fa rozv\u00edja\u0165 schopnosti emocion\u00e1lnej sebaregul\u00e1cie. Odpor\u00fa\u010da sa vytvori\u0165 pokojn\u00e9 a pohodln\u00e9 prostredie na medit\u00e1ciu a vyhradi\u0165 si denne nieko\u013eko min\u00fat na to, aby sa die\u0165a spojilo samo so sebou.<\/p>\n\n\n<div class=\"wp-block-image\">\n<figure class=\"aligncenter size-full\"><img loading=\"lazy\" decoding=\"async\" width=\"550\" height=\"350\" src=\"http:\/\/universofamilia.com\/wp-content\/uploads\/sites\/148\/2023\/05\/FOTO-POS-CRIANCA-AGITADA-universo-familia-1.png\" alt=\"\" class=\"wp-image-1934\" srcset=\"http:\/\/universofamilia.com\/wp-content\/uploads\/sites\/148\/2023\/05\/FOTO-POS-CRIANCA-AGITADA-universo-familia-1.png 550w, http:\/\/universofamilia.com\/wp-content\/uploads\/sites\/148\/2023\/05\/FOTO-POS-CRIANCA-AGITADA-universo-familia-1-300x191.png 300w\" sizes=\"(max-width: 550px) 100vw, 550px\" \/><\/figure><\/div>\n\n\n<h4 class=\"wp-block-heading\">Z\u00e1ver<\/h4>\n\n\n\n<p>Teraz, ke\u010f uva\u017eujeme o h\u013eadan\u00ed pokoja v du\u0161i det\u00ed, je nevyhnutn\u00e9 uprednostni\u0165 prirodzen\u00e9 a bezpe\u010dn\u00e9 mo\u017enosti. Inform\u00e1cie uveden\u00e9 v tomto \u010dl\u00e1nku s\u00fa len niektor\u00e9 z mnoh\u00fdch mo\u017enost\u00ed, ktor\u00e9 m\u00e1te k dispoz\u00edcii. Pred zaveden\u00edm akejko\u013evek techniky alebo lie\u010dby sa v\u017edy pora\u010fte so zdravotn\u00edckymi pracovn\u00edkmi a re\u0161pektujte individu\u00e1lne potreby ka\u017ed\u00e9ho die\u0165a\u0165a.<\/p>\n\n\n\n<p>Ka\u017ed\u00e9 die\u0165a je jedine\u010dn\u00e9 a m\u00f4\u017ee by\u0165 potrebn\u00e9 upravi\u0165 pr\u00edstupy pod\u013ea jeho \u0161pecifick\u00fdch charakterist\u00edk a stavu. V\u017edy sa pora\u010fte so zdravotn\u00edckym pracovn\u00edkom, ako s\u00fa pediatri, naturopati alebo terapeuti, aby ste z\u00edskali vhodn\u00e9 a personalizovan\u00e9 poradenstvo.<\/p>\n\n\n\n<p>Starajte sa o blaho svojich det\u00ed a vyberajte si prirodzen\u00e9 a bezpe\u010dn\u00e9 mo\u017enosti, aby mohli r\u00e1s\u0165 a rozv\u00edja\u0165 sa vo svete plnom pokoja a harm\u00f3nie.<\/p>\n\n\n\n<p>Taktie\u017e v\u00e1m pripom\u00edname, \u017ee tento \u010dl\u00e1nok pon\u00faka cenn\u00e9 inform\u00e1cie a nenahr\u00e1dza odborn\u00fa lek\u00e1rsku pomoc. Pred za\u010dat\u00edm akejko\u013evek lie\u010dby je d\u00f4le\u017eit\u00e9 vyh\u013eada\u0165 vhodn\u00e9 poradenstvo.<\/p>\n\n\n\n<p>Zdroj:<\/p>\n\n\n\n<p>Kanadsk\u00e1 organiz\u00e1cia Children&#039;s Healthcare Canada. Pr\u00edrodn\u00e9 lie\u010div\u00e1 pre deti. Dostupn\u00e9 na: https:\/\/www.childrenshealthcarecanada.ca\/natural-remedies-for-children. Pr\u00edstup: 26. m\u00e1ja 2023.<\/p>\n\n\n\n<p>D\u00fafam, \u017ee v\u00e1m bolo s va\u0161\u00edm priehradkou, ktor\u00e1 n\u00e1m ve\u013emi pomohla, lep\u0161ie vysvetlen\u00e9. Aha! Ak sa v\u00e1m tento pr\u00edspevok p\u00e1\u010dil,<\/p>\n\n\n\n<h3 class=\"wp-block-heading\">Pozri tie\u017e:<\/h3>\n\n\n\n<p><a href=\"http:\/\/universofamilia.com\/sk\/rotina-ideal-para-a-familia-dormir-bem\/\" target=\"_blank\" rel=\"noreferrer noopener\">Rotina Ide\u00e1lne pre rodinu na dobr\u00fd sp\u00e1nok<\/a><\/p>\n\n\n\n<p><a href=\"http:\/\/universofamilia.com\/sk\/muco-nas-fezes-do-bebe-quando-e-normal-e-quando-se-preocupar\/\" target=\"_blank\" rel=\"noreferrer noopener\">Sliznice nosa: kedy je to norm\u00e1lne a kedy by ste sa mali ob\u00e1va\u0165?<\/a><\/p>\n\n\n\n<p><a href=\"https:\/\/www.luzbaby.com.br\/\" target=\"_blank\" rel=\"noreferrer noopener\">Luz Baby je jeden z najlep\u0161\u00edch obchodov s detsk\u00fdmi potrebami. Kliknite sem.<\/a><\/p>","protected":false},"excerpt":{"rendered":"<p>Detstvo je obdob\u00edm objavovania a v\u00fdvoja, ale pre deti m\u00f4\u017ee by\u0165 pln\u00e9 v\u00fdziev a stresuj\u00facich momentov. Ke\u010f sa sna\u017e\u00edme pom\u00f4c\u0165 na\u0161im de\u0165om n\u00e1js\u0165 pokoj v du\u0161i, je nevyhnutn\u00e9 zv\u00e1\u017ei\u0165 prirodzen\u00e9 a bezpe\u010dn\u00e9 mo\u017enosti. V tomto \u010dl\u00e1nku predstav\u00edme tipy na pr\u00edrodn\u00e9 lieky proti bolesti pre deti s d\u00f4razom na bezpe\u010dnos\u0165, \u00fa\u010dinnos\u0165 a blaho det\u00ed. Pridajte sa k n\u00e1m na tejto ceste k pokoju!<\/p>","protected":false},"author":0,"featured_media":1935,"comment_status":"closed","ping_status":"open","sticky":false,"template":"","format":"standard","meta":{"footnotes":""},"categories":[5],"tags":[538,541,1188],"yoast_head":"<!-- This site is optimized with the Yoast SEO plugin v23.3 - https:\/\/yoast.com\/wordpress\/plugins\/seo\/ -->\n<title>Dicas de Calmantes Naturais para Crian\u00e7as - Universo Fam\u00edlia<\/title>\n<meta name=\"description\" content=\"A inf\u00e2ncia \u00e9 um per\u00edodo de descobertas e desenvolvimento, mas tamb\u00e9m pode ser repleto de desafios e momentos estressantes para as crian\u00e7as.\" \/>\n<meta name=\"robots\" content=\"index, follow, max-snippet:-1, max-image-preview:large, max-video-preview:-1\" \/>\n<link rel=\"canonical\" href=\"https:\/\/universofamilia.com\/sk\/dicas-de-calmantes-naturais-para-criancas\/\" \/>\n<meta property=\"og:locale\" content=\"sk_SK\" \/>\n<meta property=\"og:type\" content=\"article\" \/>\n<meta property=\"og:title\" content=\"Dicas de Calmantes Naturais para Crian\u00e7as - Universo Fam\u00edlia\" \/>\n<meta property=\"og:description\" content=\"A inf\u00e2ncia \u00e9 um per\u00edodo de descobertas e desenvolvimento, mas tamb\u00e9m pode ser repleto de desafios e momentos estressantes para as crian\u00e7as.\" \/>\n<meta property=\"og:url\" content=\"https:\/\/universofamilia.com\/sk\/dicas-de-calmantes-naturais-para-criancas\/\" \/>\n<meta property=\"og:site_name\" content=\"Universo Fam\u00edlia\" \/>\n<meta property=\"article:published_time\" content=\"2023-05-26T18:24:25+00:00\" \/>\n<meta property=\"og:image\" content=\"https:\/\/universofamilia.com\/wp-content\/uploads\/sites\/148\/2023\/05\/FOTO-DESTAQUE-CRIANCA-AGITADA-universo-familia-448x350-.png\" \/>\n\t<meta property=\"og:image:width\" content=\"448\" \/>\n\t<meta property=\"og:image:height\" content=\"350\" \/>\n\t<meta property=\"og:image:type\" content=\"image\/png\" \/>\n<meta name=\"twitter:card\" content=\"summary_large_image\" \/>\n<meta name=\"twitter:label1\" content=\"Est. reading time\" \/>\n\t<meta name=\"twitter:data1\" content=\"4 min\u00faty\" \/>\n<script type=\"application\/ld+json\" class=\"yoast-schema-graph\">{\"@context\":\"https:\/\/schema.org\",\"@graph\":[{\"@type\":\"WebPage\",\"@id\":\"https:\/\/universofamilia.com\/da\/dicas-de-calmantes-naturais-para-criancas\/\",\"url\":\"https:\/\/universofamilia.com\/da\/dicas-de-calmantes-naturais-para-criancas\/\",\"name\":\"Dicas de Calmantes Naturais para Crian\u00e7as - Universo Fam\u00edlia\",\"isPartOf\":{\"@id\":\"http:\/\/universofamilia.com\/ru\/#website\"},\"primaryImageOfPage\":{\"@id\":\"https:\/\/universofamilia.com\/da\/dicas-de-calmantes-naturais-para-criancas\/#primaryimage\"},\"image\":{\"@id\":\"https:\/\/universofamilia.com\/da\/dicas-de-calmantes-naturais-para-criancas\/#primaryimage\"},\"thumbnailUrl\":\"http:\/\/universofamilia.com\/wp-content\/uploads\/sites\/148\/2023\/05\/FOTO-DESTAQUE-CRIANCA-AGITADA-universo-familia-448x350-.png\",\"datePublished\":\"2023-05-26T18:24:25+00:00\",\"dateModified\":\"2023-05-26T18:24:25+00:00\",\"author\":{\"@id\":\"\"},\"description\":\"A inf\u00e2ncia \u00e9 um per\u00edodo de descobertas e desenvolvimento, mas tamb\u00e9m pode ser repleto de desafios e momentos estressantes para as crian\u00e7as.\",\"breadcrumb\":{\"@id\":\"https:\/\/universofamilia.com\/da\/dicas-de-calmantes-naturais-para-criancas\/#breadcrumb\"},\"inLanguage\":\"sk-SK\",\"potentialAction\":[{\"@type\":\"ReadAction\",\"target\":[\"https:\/\/universofamilia.com\/da\/dicas-de-calmantes-naturais-para-criancas\/\"]}]},{\"@type\":\"ImageObject\",\"inLanguage\":\"sk-SK\",\"@id\":\"https:\/\/universofamilia.com\/da\/dicas-de-calmantes-naturais-para-criancas\/#primaryimage\",\"url\":\"http:\/\/universofamilia.com\/wp-content\/uploads\/sites\/148\/2023\/05\/FOTO-DESTAQUE-CRIANCA-AGITADA-universo-familia-448x350-.png\",\"contentUrl\":\"http:\/\/universofamilia.com\/wp-content\/uploads\/sites\/148\/2023\/05\/FOTO-DESTAQUE-CRIANCA-AGITADA-universo-familia-448x350-.png\",\"width\":448,\"height\":350},{\"@type\":\"BreadcrumbList\",\"@id\":\"https:\/\/universofamilia.com\/da\/dicas-de-calmantes-naturais-para-criancas\/#breadcrumb\",\"itemListElement\":[{\"@type\":\"ListItem\",\"position\":1,\"name\":\"Home\",\"item\":\"http:\/\/universofamilia.com\/ru\/\"},{\"@type\":\"ListItem\",\"position\":2,\"name\":\"Dicas de Calmantes Naturais para Crian\u00e7as\"}]},{\"@type\":\"WebSite\",\"@id\":\"http:\/\/universofamilia.com\/ru\/#website\",\"url\":\"http:\/\/universofamilia.com\/ru\/\",\"name\":\"Universo Fam\u00edlia\",\"description\":\"\",\"potentialAction\":[{\"@type\":\"SearchAction\",\"target\":{\"@type\":\"EntryPoint\",\"urlTemplate\":\"http:\/\/universofamilia.com\/ru\/?s={search_term_string}\"},\"query-input\":\"required name=search_term_string\"}],\"inLanguage\":\"sk-SK\"}]}<\/script>\n<!-- \/ Yoast SEO plugin. -->","yoast_head_json":{"title":"Dicas de Calmantes Naturais para Crian\u00e7as - Universo Fam\u00edlia","description":"A inf\u00e2ncia \u00e9 um per\u00edodo de descobertas e desenvolvimento, mas tamb\u00e9m pode ser repleto de desafios e momentos estressantes para as crian\u00e7as.","robots":{"index":"index","follow":"follow","max-snippet":"max-snippet:-1","max-image-preview":"max-image-preview:large","max-video-preview":"max-video-preview:-1"},"canonical":"https:\/\/universofamilia.com\/sk\/dicas-de-calmantes-naturais-para-criancas\/","og_locale":"sk_SK","og_type":"article","og_title":"Dicas de Calmantes Naturais para Crian\u00e7as - Universo Fam\u00edlia","og_description":"A inf\u00e2ncia \u00e9 um per\u00edodo de descobertas e desenvolvimento, mas tamb\u00e9m pode ser repleto de desafios e momentos estressantes para as crian\u00e7as.","og_url":"https:\/\/universofamilia.com\/sk\/dicas-de-calmantes-naturais-para-criancas\/","og_site_name":"Universo Fam\u00edlia","article_published_time":"2023-05-26T18:24:25+00:00","og_image":[{"width":448,"height":350,"url":"https:\/\/universofamilia.com\/wp-content\/uploads\/sites\/148\/2023\/05\/FOTO-DESTAQUE-CRIANCA-AGITADA-universo-familia-448x350-.png","type":"image\/png"}],"twitter_card":"summary_large_image","twitter_misc":{"Est. reading time":"4 min\u00faty"},"schema":{"@context":"https:\/\/schema.org","@graph":[{"@type":"WebPage","@id":"https:\/\/universofamilia.com\/da\/dicas-de-calmantes-naturais-para-criancas\/","url":"https:\/\/universofamilia.com\/da\/dicas-de-calmantes-naturais-para-criancas\/","name":"Dicas de Calmantes Naturais para Crian\u00e7as - Universo Fam\u00edlia","isPartOf":{"@id":"http:\/\/universofamilia.com\/ru\/#website"},"primaryImageOfPage":{"@id":"https:\/\/universofamilia.com\/da\/dicas-de-calmantes-naturais-para-criancas\/#primaryimage"},"image":{"@id":"https:\/\/universofamilia.com\/da\/dicas-de-calmantes-naturais-para-criancas\/#primaryimage"},"thumbnailUrl":"http:\/\/universofamilia.com\/wp-content\/uploads\/sites\/148\/2023\/05\/FOTO-DESTAQUE-CRIANCA-AGITADA-universo-familia-448x350-.png","datePublished":"2023-05-26T18:24:25+00:00","dateModified":"2023-05-26T18:24:25+00:00","author":{"@id":""},"description":"A inf\u00e2ncia \u00e9 um per\u00edodo de descobertas e desenvolvimento, mas tamb\u00e9m pode ser repleto de desafios e momentos estressantes para as crian\u00e7as.","breadcrumb":{"@id":"https:\/\/universofamilia.com\/da\/dicas-de-calmantes-naturais-para-criancas\/#breadcrumb"},"inLanguage":"sk-SK","potentialAction":[{"@type":"ReadAction","target":["https:\/\/universofamilia.com\/da\/dicas-de-calmantes-naturais-para-criancas\/"]}]},{"@type":"ImageObject","inLanguage":"sk-SK","@id":"https:\/\/universofamilia.com\/da\/dicas-de-calmantes-naturais-para-criancas\/#primaryimage","url":"http:\/\/universofamilia.com\/wp-content\/uploads\/sites\/148\/2023\/05\/FOTO-DESTAQUE-CRIANCA-AGITADA-universo-familia-448x350-.png","contentUrl":"http:\/\/universofamilia.com\/wp-content\/uploads\/sites\/148\/2023\/05\/FOTO-DESTAQUE-CRIANCA-AGITADA-universo-familia-448x350-.png","width":448,"height":350},{"@type":"BreadcrumbList","@id":"https:\/\/universofamilia.com\/da\/dicas-de-calmantes-naturais-para-criancas\/#breadcrumb","itemListElement":[{"@type":"ListItem","position":1,"name":"Home","item":"http:\/\/universofamilia.com\/ru\/"},{"@type":"ListItem","position":2,"name":"Dicas de Calmantes Naturais para Crian\u00e7as"}]},{"@type":"WebSite","@id":"http:\/\/universofamilia.com\/ru\/#website","url":"http:\/\/universofamilia.com\/ru\/","name":"Universo Fam\u00edlia","description":"","potentialAction":[{"@type":"SearchAction","target":{"@type":"EntryPoint","urlTemplate":"http:\/\/universofamilia.com\/ru\/?s={search_term_string}"},"query-input":"required name=search_term_string"}],"inLanguage":"sk-SK"}]}},"_links":{"self":[{"href":"http:\/\/universofamilia.com\/sk\/wp-json\/wp\/v2\/posts\/1932"}],"collection":[{"href":"http:\/\/universofamilia.com\/sk\/wp-json\/wp\/v2\/posts"}],"about":[{"href":"http:\/\/universofamilia.com\/sk\/wp-json\/wp\/v2\/types\/post"}],"replies":[{"embeddable":true,"href":"http:\/\/universofamilia.com\/sk\/wp-json\/wp\/v2\/comments?post=1932"}],"version-history":[{"count":0,"href":"http:\/\/universofamilia.com\/sk\/wp-json\/wp\/v2\/posts\/1932\/revisions"}],"wp:featuredmedia":[{"embeddable":true,"href":"http:\/\/universofamilia.com\/sk\/wp-json\/wp\/v2\/media\/1935"}],"wp:attachment":[{"href":"http:\/\/universofamilia.com\/sk\/wp-json\/wp\/v2\/media?parent=1932"}],"wp:term":[{"taxonomy":"category","embeddable":true,"href":"http:\/\/universofamilia.com\/sk\/wp-json\/wp\/v2\/categories?post=1932"},{"taxonomy":"post_tag","embeddable":true,"href":"http:\/\/universofamilia.com\/sk\/wp-json\/wp\/v2\/tags?post=1932"}],"curies":[{"name":"wp","href":"https:\/\/api.w.org\/{rel}","templated":true}]}}