{"id":1977,"date":"2023-05-27T16:15:00","date_gmt":"2023-05-27T16:15:00","guid":{"rendered":"https:\/\/universofamilia.com\/?p=1977"},"modified":"2023-05-27T16:15:00","modified_gmt":"2023-05-27T16:15:00","slug":"o-que-e-ser-mae-adotiva","status":"publish","type":"post","link":"http:\/\/universofamilia.com\/sk\/o-que-e-ser-mae-adotiva\/","title":{"rendered":"\u010co znamen\u00e1 by\u0165 adopt\u00edvnou matkou?"},"content":{"rendered":"<h4 class=\"wp-block-heading\">L\u00e1ska bez hran\u00edc<\/h4>\n\n\n\n<p>By\u0165 viac je vzne\u0161en\u00fd z\u00e1\u017eitok, ktor\u00fd presahuje krvn\u00e9 put\u00e1. Pre miluj\u00faceho \u010dloveka je tento z\u00e1\u017eitok e\u0161te v\u00fdnimo\u010dnej\u0161\u00ed.<\/p>\n\n\n\n<p>V tomto texte sk\u00famame v\u00fdznam viac l\u00e1sky, zaober\u00e1me sa v\u00fdzvami, rados\u0165ami a bezpodmiene\u010dnou l\u00e1skou, ktor\u00e9 prenikaj\u00fa touto jedine\u010dnou cestou.<\/p>\n\n\n\n<h3 class=\"wp-block-heading\">Pozri tie\u017e:<\/h3>\n\n\n\n<p><a href=\"https:\/\/universofamilia.com\/sk\/o-que-e-ser-mae\/\" target=\"_blank\" rel=\"noreferrer noopener\">Alebo \u010do je to by\u0165 m\u00e3e? Bezpodmiene\u010dn\u00e1 l\u00e1ska, ktor\u00e1 men\u00ed \u017eivoty<\/a><\/p>\n\n\n\n<p><a href=\"http:\/\/universofamilia.com\/sk\/a-importancia-do-controle-de-gastos-familiar\/\" target=\"_blank\" rel=\"noreferrer noopener\">D\u00f4le\u017eitos\u0165 kontroly rodinn\u00fdch v\u00fddavkov<\/a><\/p>\n\n\n\n<p><a href=\"https:\/\/www.luzbaby.com.br\/\" target=\"_blank\" rel=\"noreferrer noopener\">Luz Baby je jeden z najlep\u0161\u00edch obchodov s detsk\u00fdmi potrebami. Kliknite sem.<\/a><\/p>\n\n\n\n<h4 class=\"wp-block-heading\">V\u00fdber srdca<\/h4>\n\n\n\n<p>Ke\u010f sa \u017eena rozhodne by\u0165 viac miluj\u00faca, \u010del\u00ed \u0161kole odvahy a l\u00e1sky. Otvor\u00ed svoje srdce, aby prijala die\u0165a, ktor\u00e9 sa s\u00edce nenarodilo z jej bru\u0161ka, ale ktor\u00e9 o\u010dak\u00e1va s rovnakou intenzitou a t\u00fa\u017ebou.<\/p>\n\n\n\n<p>Adopt\u00edvne materstvo je pr\u00edle\u017eitos\u0165ou vytvori\u0165 si hlbok\u00e9 a trval\u00e9 puto s die\u0165a\u0165om, ktor\u00e9 kr\u00e1\u010da po in\u00fdch cest\u00e1ch.<\/p>\n\n\n\n<figure class=\"wp-block-image size-full\"><img loading=\"lazy\" decoding=\"async\" width=\"448\" height=\"350\" src=\"http:\/\/universofamilia.com\/wp-content\/uploads\/sites\/148\/2023\/05\/FOTO-DESTAQUE-mae-adotiva-universo-familia-448x350-.png\" alt=\"\" class=\"wp-image-1979\" srcset=\"http:\/\/universofamilia.com\/wp-content\/uploads\/sites\/148\/2023\/05\/FOTO-DESTAQUE-mae-adotiva-universo-familia-448x350-.png 448w, http:\/\/universofamilia.com\/wp-content\/uploads\/sites\/148\/2023\/05\/FOTO-DESTAQUE-mae-adotiva-universo-familia-448x350--300x234.png 300w\" sizes=\"(max-width: 448px) 100vw, 448px\" \/><\/figure>\n\n\n\n<h4 class=\"wp-block-heading\">Sila bezpodmiene\u010dnej l\u00e1sky<\/h4>\n\n\n\n<p>L\u00e1ska miluj\u00facej matky je skuto\u010dne bezpodmiene\u010dn\u00e1. Podporuje die\u0165a s jeho vlastnou hist\u00f3riou, so zraneniami a v\u00fdzvami, ktor\u00e9 si vy\u017eaduj\u00fa starostlivos\u0165 a pochopenie.<\/p>\n\n\n\n<p>Preto by\u0165 viac miluj\u00faci znamen\u00e1 by\u0165 ochotn\u00fd \u010deli\u0165 t\u00fdmto nepriazniam osudu s l\u00e1skou, trpezlivos\u0165ou a oddanos\u0165ou, budova\u0165 puto, ktor\u00e9 prekon\u00e1 ak\u00fako\u013evek prek\u00e1\u017eku.<\/p>\n\n\n\n<h4 class=\"wp-block-heading\">De\u0148 \u010dakania<\/h4>\n\n\n\n<p>De\u0148 miluj\u00facej matky sa \u010dasto za\u010d\u00edna \u010dakan\u00edm. Stret\u00e1va sa s rodi\u010dmi, absolvuje pohovory a sk\u00fa\u0161ky a te\u0161\u00ed sa na chv\u00ed\u013eu, kedy bude m\u00f4c\u0165 svoje die\u0165a bezpe\u010dne pridr\u017ea\u0165 v na\u0161ich ruk\u00e1ch.<\/p>\n\n\n\n<p>Toto \u010dakanie m\u00f4\u017ee by\u0165 stresuj\u00face, ale je to aj pr\u00edle\u017eitos\u0165 pripravi\u0165 sa emocion\u00e1lne aj fyzicky na priv\u00edtanie det\u00ed so v\u0161etkou potrebnou l\u00e1skou a starostlivos\u0165ou.<\/p>\n\n\n\n<figure class=\"wp-block-image size-full\"><img loading=\"lazy\" decoding=\"async\" width=\"550\" height=\"350\" src=\"http:\/\/universofamilia.com\/wp-content\/uploads\/sites\/148\/2023\/05\/POST-FOTO-APPS-DE-mae-adotiva-universo-familia-.png\" alt=\"\" class=\"wp-image-1980\" srcset=\"http:\/\/universofamilia.com\/wp-content\/uploads\/sites\/148\/2023\/05\/POST-FOTO-APPS-DE-mae-adotiva-universo-familia-.png 550w, http:\/\/universofamilia.com\/wp-content\/uploads\/sites\/148\/2023\/05\/POST-FOTO-APPS-DE-mae-adotiva-universo-familia--300x191.png 300w\" sizes=\"(max-width: 550px) 100vw, 550px\" \/><\/figure>\n\n\n\n<h4 class=\"wp-block-heading\">Transform\u00e1cia a u\u010denie<\/h4>\n\n\n\n<p>Adopt\u00edvne materstvo je d\u0148om osobnej premeny. Moja l\u00e1ska sa u\u010d\u00ed vn\u00edma\u0165 svet nov\u00fdm sp\u00f4sobom, v\u00e1\u017ei\u0165 si mal\u00e9 okamihy a nach\u00e1dza\u0165 kr\u00e1su v nepriazni osudu.<\/p>\n\n\n\n<p>St\u00e1va sa zdrojom sily a in\u0161pir\u00e1cie pre svoje deti a vedie ich \u017eivotn\u00fdmi cestami s m\u00fadros\u0165ou a l\u00e1skou.<\/p>\n\n\n\n<h4 class=\"wp-block-heading\">Prekon\u00e1vanie v\u00fdziev<\/h4>\n\n\n\n<p>By\u0165 l\u00e1skavej\u0161\u00ed zah\u0155\u0148a aj prekon\u00e1vanie jedine\u010dn\u00fdch v\u00fdziev. Nadan\u00e9 die\u0165a mohlo za\u017ei\u0165 traumatick\u00e9 z\u00e1\u017eitky, ktor\u00e9 sa v minulosti nestali alebo ktor\u00e9 si vy\u017eaduj\u00fa citliv\u00fd a pozorn\u00fd pr\u00edstup.<\/p>\n\n\n\n<p>Preto sa moja matka sna\u017e\u00ed pochopi\u0165 emocion\u00e1lne potreby svojho die\u0165a\u0165a, pon\u00faka podporu, bezpe\u010die a atmosf\u00e9ru l\u00e1sky a d\u00f4very. Uprostred b\u00farok sa sfarbuje do \u010dervena a poskytuje de\u0165om stabilitu a bezpe\u010dn\u00fd pr\u00edstav.<\/p>\n\n\n\n<h4 class=\"wp-block-heading\">Radosti adopt\u00edvneho materstva<\/h4>\n\n\n\n<p>Radosti z materstva a adopcie s\u00fa nespo\u010detn\u00e9. Od okamihu, ke\u010f die\u0165a dostaneme do n\u00e1ru\u010dia, od ka\u017ed\u00e9ho v\u00ed\u0165azstva, ka\u017ed\u00e9ho \u00fasmevu a ka\u017ed\u00e9ho otvoren\u00e9ho objatia, moja milovan\u00e1 osoba pre\u017e\u00edva chv\u00edle \u010dist\u00e9ho \u0161\u0165astia a v\u010fa\u010dnosti.<\/p>\n\n\n\n<p>Napriek tomu oslavuje mal\u00e9 v\u00ed\u0165azstv\u00e1 a je hrd\u00e1 na rast a v\u00fdvoj svojich det\u00ed, preto\u017ee vie, \u017ee v jej \u017eivote znamenaj\u00fa zmenu.<\/p>\n\n\n\n<figure class=\"wp-block-image size-full\"><img loading=\"lazy\" decoding=\"async\" width=\"550\" height=\"350\" src=\"http:\/\/universofamilia.com\/wp-content\/uploads\/sites\/148\/2023\/05\/POST-FOTO-APPS-DE-mae-adotiva-universo-familia-1.png\" alt=\"\" class=\"wp-image-1981\" srcset=\"http:\/\/universofamilia.com\/wp-content\/uploads\/sites\/148\/2023\/05\/POST-FOTO-APPS-DE-mae-adotiva-universo-familia-1.png 550w, http:\/\/universofamilia.com\/wp-content\/uploads\/sites\/148\/2023\/05\/POST-FOTO-APPS-DE-mae-adotiva-universo-familia-1-300x191.png 300w\" sizes=\"(max-width: 550px) 100vw, 550px\" \/><\/figure>\n\n\n\n<h4 class=\"wp-block-heading\">Rodina srdca<\/h4>\n\n\n\n<p>V adopt\u00edvnom materstve sa rodina nebudovala len krvou, ale aj l\u00e1skou a emocion\u00e1lnym putom. Moja l\u00e1ska a moje die\u0165a si buduj\u00fa vz\u0165ah naplnenia a l\u00e1sky, ktor\u00fd presahuje biologick\u00e9 v\u00e4zby.<\/p>\n\n\n\n<p>Stan\u00fa sa z nich srde\u010dn\u00e1 rodina, ktor\u00fa sp\u00e1ja l\u00e1ska a vz\u00e1jomn\u00e1 t\u00fa\u017eba zdie\u013ea\u0165 \u017eivot.<\/p>\n\n\n\n<h4 class=\"wp-block-heading\">Z\u00e1ver<\/h4>\n\n\n\n<p>By\u0165 viac miluj\u00faci je cesta l\u00e1sky, odvahy a oddanosti. Otvorte svoje srdce, aby ste prijali die\u0165a a pon\u00fakli mu bezpe\u010dn\u00fd a l\u00e1skypln\u00fd \u017eivot. Skr\u00e1tka, ide o prekon\u00e1vanie v\u00fdziev, premenu \u017eivotov a budovanie rodiny zalo\u017eenej na bezpodmiene\u010dnej l\u00e1ske.<\/p>\n\n\n\n<p>Adopt\u00edvne materstvo je vzru\u0161uj\u00faci a obohacuj\u00faci z\u00e1\u017eitok, ktor\u00fd dok\u00e1\u017ee vytvori\u0165 hlbok\u00e9 a trval\u00e9 put\u00e1. Nie som n\u00edm len kv\u00f4li krvn\u00e9mu putu, ale aj kv\u00f4li pravej l\u00e1ske.<\/p>\n\n\n\n<p>\u010ci u\u017e ide o biologick\u00e9 alebo adop\u010dn\u00e9 spr\u00e1vanie, skuto\u010dne z\u00e1le\u017e\u00ed na l\u00e1ske a starostlivosti, ktor\u00e1 sa die\u0165a\u0165u venuje.<\/p>\n\n\n\n<p>Adopt\u00edvne materstvo je siln\u00fdm pr\u00edkladom, ktor\u00fd ukazuje, \u017ee l\u00e1ska nepozn\u00e1 bari\u00e9ry a \u017ee miluj\u00faca matka je schopn\u00e1 pon\u00faknu\u0165 svet pln\u00fd l\u00e1sky, porozumenia a pr\u00edle\u017eitost\u00ed pre rast a rozvoj svojho die\u0165a\u0165a.<\/p>\n\n\n\n<p>Nech s\u00fa v\u0161etci t\u00ed najmil\u0161\u00ed premenen\u00ed a ocenen\u00ed svojou odvahou, oddanos\u0165ou a bezpodmiene\u010dnou l\u00e1skou. M\u00f4\u017eete by\u0165 miluj\u00facimi a darom, privil\u00e9giom a cestou, ktor\u00e1 men\u00ed \u017eivoty.<\/p>\n\n\n\n<p>Tieto mimoriadne \u017eeny s\u00fa v kone\u010dnom d\u00f4sledku oslavovan\u00e9 za svoju t\u00fa\u017ebu otvori\u0165 svoje srdcia a zmeni\u0165 \u017eivoty svojich det\u00ed, pri\u010dom zanech\u00e1vaj\u00fa odkaz l\u00e1sky a starostlivosti, ktor\u00fd vydr\u017e\u00ed nav\u017edy.<\/p>","protected":false},"excerpt":{"rendered":"<p>By\u0165 viac je vzne\u0161en\u00fd z\u00e1\u017eitok, ktor\u00fd presahuje krvn\u00e9 put\u00e1. Pre miluj\u00faceho \u010dloveka je tento z\u00e1\u017eitok e\u0161te v\u00fdnimo\u010dnej\u0161\u00ed.<\/p>\n<p>V tomto texte sk\u00famame v\u00fdznam viac l\u00e1sky, zaober\u00e1me sa v\u00fdzvami, rados\u0165ami a bezpodmiene\u010dnou l\u00e1skou, ktor\u00e9 prenikaj\u00fa touto jedine\u010dnou cestou.<\/p>","protected":false},"author":0,"featured_media":1982,"comment_status":"closed","ping_status":"open","sticky":false,"template":"","format":"standard","meta":{"footnotes":""},"categories":[5],"tags":[74,1058,1484],"yoast_head":"<!-- This site is optimized with the Yoast SEO plugin v23.3 - https:\/\/yoast.com\/wordpress\/plugins\/seo\/ -->\n<title>O Que \u00c9 Ser M\u00e3e Adotiva - Universo Fam\u00edlia<\/title>\n<meta name=\"description\" content=\"Ser m\u00e3e \u00e9 uma experi\u00eancia sublime que transcende os la\u00e7os de sangue. Para uma m\u00e3e adotiva, essa experi\u00eancia \u00e9 ainda mais especial.\" \/>\n<meta name=\"robots\" content=\"index, follow, max-snippet:-1, max-image-preview:large, max-video-preview:-1\" \/>\n<link rel=\"canonical\" href=\"http:\/\/universofamilia.com\/sk\/o-que-e-ser-mae-adotiva\/\" \/>\n<meta property=\"og:locale\" content=\"sk_SK\" \/>\n<meta property=\"og:type\" content=\"article\" \/>\n<meta property=\"og:title\" content=\"O Que \u00c9 Ser M\u00e3e Adotiva - Universo Fam\u00edlia\" \/>\n<meta property=\"og:description\" content=\"Ser m\u00e3e \u00e9 uma experi\u00eancia sublime que transcende os la\u00e7os de sangue. Para uma m\u00e3e adotiva, essa experi\u00eancia \u00e9 ainda mais especial.\" \/>\n<meta property=\"og:url\" content=\"http:\/\/universofamilia.com\/sk\/o-que-e-ser-mae-adotiva\/\" \/>\n<meta property=\"og:site_name\" content=\"Universo Fam\u00edlia\" \/>\n<meta property=\"article:published_time\" content=\"2023-05-27T16:15:00+00:00\" \/>\n<meta property=\"og:image\" content=\"http:\/\/universofamilia.com\/wp-content\/uploads\/sites\/148\/2023\/05\/FOTO-DESTAQUE-mae-adotiva-universo-familia-448x350-1-1.png\" \/>\n\t<meta property=\"og:image:width\" content=\"448\" \/>\n\t<meta property=\"og:image:height\" content=\"350\" \/>\n\t<meta property=\"og:image:type\" content=\"image\/png\" \/>\n<meta name=\"twitter:card\" content=\"summary_large_image\" \/>\n<meta name=\"twitter:label1\" content=\"Est. reading time\" \/>\n\t<meta name=\"twitter:data1\" content=\"5 min\u00fat\" \/>\n<script type=\"application\/ld+json\" class=\"yoast-schema-graph\">{\"@context\":\"https:\/\/schema.org\",\"@graph\":[{\"@type\":\"WebPage\",\"@id\":\"http:\/\/universofamilia.com\/el\/o-que-e-ser-mae-adotiva\/\",\"url\":\"http:\/\/universofamilia.com\/el\/o-que-e-ser-mae-adotiva\/\",\"name\":\"O Que \u00c9 Ser M\u00e3e Adotiva - Universo Fam\u00edlia\",\"isPartOf\":{\"@id\":\"https:\/\/universofamilia.com\/el\/#website\"},\"primaryImageOfPage\":{\"@id\":\"http:\/\/universofamilia.com\/el\/o-que-e-ser-mae-adotiva\/#primaryimage\"},\"image\":{\"@id\":\"http:\/\/universofamilia.com\/el\/o-que-e-ser-mae-adotiva\/#primaryimage\"},\"thumbnailUrl\":\"http:\/\/universofamilia.com\/wp-content\/uploads\/sites\/148\/2023\/05\/FOTO-DESTAQUE-mae-adotiva-universo-familia-448x350-1-1.png\",\"datePublished\":\"2023-05-27T16:15:00+00:00\",\"dateModified\":\"2023-05-27T16:15:00+00:00\",\"author\":{\"@id\":\"\"},\"description\":\"Ser m\u00e3e \u00e9 uma experi\u00eancia sublime que transcende os la\u00e7os de sangue. Para uma m\u00e3e adotiva, essa experi\u00eancia \u00e9 ainda mais especial.\",\"breadcrumb\":{\"@id\":\"http:\/\/universofamilia.com\/el\/o-que-e-ser-mae-adotiva\/#breadcrumb\"},\"inLanguage\":\"sk-SK\",\"potentialAction\":[{\"@type\":\"ReadAction\",\"target\":[\"http:\/\/universofamilia.com\/el\/o-que-e-ser-mae-adotiva\/\"]}]},{\"@type\":\"ImageObject\",\"inLanguage\":\"sk-SK\",\"@id\":\"http:\/\/universofamilia.com\/el\/o-que-e-ser-mae-adotiva\/#primaryimage\",\"url\":\"http:\/\/universofamilia.com\/wp-content\/uploads\/sites\/148\/2023\/05\/FOTO-DESTAQUE-mae-adotiva-universo-familia-448x350-1-1.png\",\"contentUrl\":\"http:\/\/universofamilia.com\/wp-content\/uploads\/sites\/148\/2023\/05\/FOTO-DESTAQUE-mae-adotiva-universo-familia-448x350-1-1.png\",\"width\":448,\"height\":350},{\"@type\":\"BreadcrumbList\",\"@id\":\"http:\/\/universofamilia.com\/el\/o-que-e-ser-mae-adotiva\/#breadcrumb\",\"itemListElement\":[{\"@type\":\"ListItem\",\"position\":1,\"name\":\"Home\",\"item\":\"https:\/\/universofamilia.com\/el\/\"},{\"@type\":\"ListItem\",\"position\":2,\"name\":\"O Que \u00c9 Ser M\u00e3e Adotiva\"}]},{\"@type\":\"WebSite\",\"@id\":\"https:\/\/universofamilia.com\/el\/#website\",\"url\":\"https:\/\/universofamilia.com\/el\/\",\"name\":\"Universo Fam\u00edlia\",\"description\":\"\",\"potentialAction\":[{\"@type\":\"SearchAction\",\"target\":{\"@type\":\"EntryPoint\",\"urlTemplate\":\"https:\/\/universofamilia.com\/el\/?s={search_term_string}\"},\"query-input\":\"required name=search_term_string\"}],\"inLanguage\":\"sk-SK\"}]}<\/script>\n<!-- \/ Yoast SEO plugin. -->","yoast_head_json":{"title":"O Que \u00c9 Ser M\u00e3e Adotiva - Universo Fam\u00edlia","description":"Ser m\u00e3e \u00e9 uma experi\u00eancia sublime que transcende os la\u00e7os de sangue. Para uma m\u00e3e adotiva, essa experi\u00eancia \u00e9 ainda mais especial.","robots":{"index":"index","follow":"follow","max-snippet":"max-snippet:-1","max-image-preview":"max-image-preview:large","max-video-preview":"max-video-preview:-1"},"canonical":"http:\/\/universofamilia.com\/sk\/o-que-e-ser-mae-adotiva\/","og_locale":"sk_SK","og_type":"article","og_title":"O Que \u00c9 Ser M\u00e3e Adotiva - Universo Fam\u00edlia","og_description":"Ser m\u00e3e \u00e9 uma experi\u00eancia sublime que transcende os la\u00e7os de sangue. Para uma m\u00e3e adotiva, essa experi\u00eancia \u00e9 ainda mais especial.","og_url":"http:\/\/universofamilia.com\/sk\/o-que-e-ser-mae-adotiva\/","og_site_name":"Universo Fam\u00edlia","article_published_time":"2023-05-27T16:15:00+00:00","og_image":[{"width":448,"height":350,"url":"http:\/\/universofamilia.com\/wp-content\/uploads\/sites\/148\/2023\/05\/FOTO-DESTAQUE-mae-adotiva-universo-familia-448x350-1-1.png","type":"image\/png"}],"twitter_card":"summary_large_image","twitter_misc":{"Est. reading time":"5 min\u00fat"},"schema":{"@context":"https:\/\/schema.org","@graph":[{"@type":"WebPage","@id":"http:\/\/universofamilia.com\/el\/o-que-e-ser-mae-adotiva\/","url":"http:\/\/universofamilia.com\/el\/o-que-e-ser-mae-adotiva\/","name":"O Que \u00c9 Ser M\u00e3e Adotiva - Universo Fam\u00edlia","isPartOf":{"@id":"https:\/\/universofamilia.com\/el\/#website"},"primaryImageOfPage":{"@id":"http:\/\/universofamilia.com\/el\/o-que-e-ser-mae-adotiva\/#primaryimage"},"image":{"@id":"http:\/\/universofamilia.com\/el\/o-que-e-ser-mae-adotiva\/#primaryimage"},"thumbnailUrl":"http:\/\/universofamilia.com\/wp-content\/uploads\/sites\/148\/2023\/05\/FOTO-DESTAQUE-mae-adotiva-universo-familia-448x350-1-1.png","datePublished":"2023-05-27T16:15:00+00:00","dateModified":"2023-05-27T16:15:00+00:00","author":{"@id":""},"description":"Ser m\u00e3e \u00e9 uma experi\u00eancia sublime que transcende os la\u00e7os de sangue. Para uma m\u00e3e adotiva, essa experi\u00eancia \u00e9 ainda mais especial.","breadcrumb":{"@id":"http:\/\/universofamilia.com\/el\/o-que-e-ser-mae-adotiva\/#breadcrumb"},"inLanguage":"sk-SK","potentialAction":[{"@type":"ReadAction","target":["http:\/\/universofamilia.com\/el\/o-que-e-ser-mae-adotiva\/"]}]},{"@type":"ImageObject","inLanguage":"sk-SK","@id":"http:\/\/universofamilia.com\/el\/o-que-e-ser-mae-adotiva\/#primaryimage","url":"http:\/\/universofamilia.com\/wp-content\/uploads\/sites\/148\/2023\/05\/FOTO-DESTAQUE-mae-adotiva-universo-familia-448x350-1-1.png","contentUrl":"http:\/\/universofamilia.com\/wp-content\/uploads\/sites\/148\/2023\/05\/FOTO-DESTAQUE-mae-adotiva-universo-familia-448x350-1-1.png","width":448,"height":350},{"@type":"BreadcrumbList","@id":"http:\/\/universofamilia.com\/el\/o-que-e-ser-mae-adotiva\/#breadcrumb","itemListElement":[{"@type":"ListItem","position":1,"name":"Home","item":"https:\/\/universofamilia.com\/el\/"},{"@type":"ListItem","position":2,"name":"O Que \u00c9 Ser M\u00e3e Adotiva"}]},{"@type":"WebSite","@id":"https:\/\/universofamilia.com\/el\/#website","url":"https:\/\/universofamilia.com\/el\/","name":"Universo Fam\u00edlia","description":"","potentialAction":[{"@type":"SearchAction","target":{"@type":"EntryPoint","urlTemplate":"https:\/\/universofamilia.com\/el\/?s={search_term_string}"},"query-input":"required name=search_term_string"}],"inLanguage":"sk-SK"}]}},"_links":{"self":[{"href":"http:\/\/universofamilia.com\/sk\/wp-json\/wp\/v2\/posts\/1977"}],"collection":[{"href":"http:\/\/universofamilia.com\/sk\/wp-json\/wp\/v2\/posts"}],"about":[{"href":"http:\/\/universofamilia.com\/sk\/wp-json\/wp\/v2\/types\/post"}],"replies":[{"embeddable":true,"href":"http:\/\/universofamilia.com\/sk\/wp-json\/wp\/v2\/comments?post=1977"}],"version-history":[{"count":0,"href":"http:\/\/universofamilia.com\/sk\/wp-json\/wp\/v2\/posts\/1977\/revisions"}],"wp:featuredmedia":[{"embeddable":true,"href":"http:\/\/universofamilia.com\/sk\/wp-json\/wp\/v2\/media\/1982"}],"wp:attachment":[{"href":"http:\/\/universofamilia.com\/sk\/wp-json\/wp\/v2\/media?parent=1977"}],"wp:term":[{"taxonomy":"category","embeddable":true,"href":"http:\/\/universofamilia.com\/sk\/wp-json\/wp\/v2\/categories?post=1977"},{"taxonomy":"post_tag","embeddable":true,"href":"http:\/\/universofamilia.com\/sk\/wp-json\/wp\/v2\/tags?post=1977"}],"curies":[{"name":"wp","href":"https:\/\/api.w.org\/{rel}","templated":true}]}}