{"id":2130,"date":"2023-06-01T10:17:34","date_gmt":"2023-06-01T13:17:34","guid":{"rendered":"https:\/\/universofamilia.com\/?p=2130"},"modified":"2023-06-01T10:17:34","modified_gmt":"2023-06-01T13:17:34","slug":"as-6-melhores-dicas-para-cuidar-bem-do-seu-guarda-roupa","status":"publish","type":"post","link":"http:\/\/universofamilia.com\/sk\/as-6-melhores-dicas-para-cuidar-bem-do-seu-guarda-roupa\/","title":{"rendered":"T\u00fdchto 6 najlep\u0161\u00edch tipov na starostlivos\u0165 o va\u0161u Guarda-Roupu"},"content":{"rendered":"<p><p style=\"text-align: justify;\">T\u00fdchto 6 najlep\u0161\u00edch tipov, ako sa stara\u0165 o svoju Guarda-Roupa. Organizovan\u00fd a dobre udr\u017eiavan\u00fd \u0161atn\u00edk v\u00e1m nielen u\u013eah\u010d\u00ed ka\u017edodenn\u00e9 obliekanie, ale tie\u017e predl\u017euje \u017eivotnos\u0165 v\u00e1\u0161ho oble\u010denia, \u010d\u00edm z dlhodob\u00e9ho h\u013eadiska \u0161etr\u00ed \u010das a peniaze.<\/p><\/p>\n\n\n\n<p><p style=\"text-align: justify;\">V tomto \u010dl\u00e1nku si predstav\u00edme niektor\u00e9 z najlep\u0161\u00edch opatren\u00ed na starostlivos\u0165 o va\u0161e oble\u010denie, od organiz\u00e1cie a\u017e po spr\u00e1vnu \u00fadr\u017ebu jednotliv\u00fdch \u010dast\u00ed.<\/p><\/p>\n\n\n\n<p><p style=\"text-align: justify;\">Ria\u010fte sa t\u00fdmito jednoduch\u00fdmi a \u00fa\u010dinn\u00fdmi tipmi, aby va\u0161e oble\u010denie zostalo bezchybn\u00e9 a v\u017edy v dobrom stave.<\/p><\/p>\n\n\n\n<h3 class=\"wp-block-heading\" style=\"text-align: justify;\">Pozri tie\u017e:<\/h3>\n\n\n\n<p><p style=\"text-align: justify;\"><a href=\"http:\/\/universofamilia.com\/sk\/como-aliviar-as-colicas-do-bebe\/\" target=\"_blank\" rel=\"noreferrer noopener\">Ako zmierni\u0165 koliku u b\u00e1b\u00e4tiek<\/a><\/p><\/p>\n\n\n\n<p><p style=\"text-align: justify;\"><a href=\"http:\/\/universofamilia.com\/sk\/por-que-os-bebes-se-assustam-tanto\/\" target=\"_blank\" rel=\"noreferrer noopener\">Pre\u010do sa b\u00e1b\u00e4tk\u00e1 tak boja?<\/a><\/p><\/p>\n\n\n\n<p><p style=\"text-align: justify;\"><a href=\"https:\/\/www.luzbaby.com.br\/\" target=\"_blank\" rel=\"noreferrer noopener\">Luz Baby je jeden z najlep\u0161\u00edch obchodov s detsk\u00fdmi potrebami. Kliknite sem.<\/a><\/p><\/p>\n\n\n\n<h4 class=\"wp-block-heading\" style=\"text-align: justify;\"><strong>Organiz\u00e1cia je k\u013e\u00fa\u010dov\u00e1<\/strong><\/h4>\n\n\n\n<p><p style=\"text-align: justify;\">Efekt\u00edvny organiza\u010dn\u00fd syst\u00e9m je nevyhnutn\u00fd pre starostlivos\u0165 o uskladnenie oble\u010denia. Za\u010dnite trieden\u00edm oble\u010denia pod\u013ea kateg\u00f3ri\u00ed, ako s\u00fa ko\u0161ele, leg\u00edny, \u0161aty a bl\u00fazky. V r\u00e1mci ka\u017edej kateg\u00f3rie ho usporiadajte pod\u013ea farby alebo typu l\u00e1tky.<\/p><\/p>\n\n\n\n<p><p style=\"text-align: justify;\">Na ulo\u017eenie drobnost\u00ed pou\u017e\u00edvajte kvalitn\u00e9 skrinky a na drobnosti, ako je oble\u010denie a spodn\u00e1 bielize\u0148, krabice alebo z\u00e1suvky. Takto budete v\u017edy vedie\u0165, kde n\u00e1js\u0165 alebo \u010do potrebujete, a vyhnete sa tak zbyto\u010dn\u00e9mu tr\u00e1peniu.<\/p><\/p>\n\n\n\n<h4 class=\"wp-block-heading\" style=\"text-align: justify;\"><strong>1\u00ba \u010co pou\u017ei\u0165 na \u010distenie a skladovanie oble\u010denia alebo odevov?<\/strong><\/h4>\n\n\n<div class=\"wp-block-image\">\n<figure class=\"aligncenter size-full\" style=\"text-align: justify;\"><img loading=\"lazy\" decoding=\"async\" width=\"550\" height=\"350\" class=\"wp-image-2131\" src=\"http:\/\/universofamilia.com\/wp-content\/uploads\/sites\/148\/2023\/06\/POST-PISGUARDA-ROUPA-universo-familia-.png\" alt=\"\" srcset=\"http:\/\/universofamilia.com\/wp-content\/uploads\/sites\/148\/2023\/06\/POST-PISGUARDA-ROUPA-universo-familia-.png 550w, http:\/\/universofamilia.com\/wp-content\/uploads\/sites\/148\/2023\/06\/POST-PISGUARDA-ROUPA-universo-familia--300x191.png 300w\" sizes=\"(max-width: 550px) 100vw, 550px\" \/><\/figure><\/div>\n\n\n<p><p style=\"text-align: justify;\">Na \u010distenie a odstr\u00e1nenie oble\u010denia alebo oble\u010denia m\u00f4\u017eete pou\u017ei\u0165 nieko\u013eko jednoduch\u00fdch a \u00fa\u010dinn\u00fdch mo\u017enost\u00ed.<\/p><\/p>\n\n\n\n<h5 class=\"wp-block-heading\" style=\"text-align: justify;\"><strong>Tu je nieko\u013eko n\u00e1vrhov:<\/strong><\/h5>\n\n\n\n<h5 class=\"wp-block-heading\" style=\"text-align: justify;\"><strong>Z\u00e1kladn\u00e9 \u010distenie<\/strong><\/h5>\n\n\n\n<p><p style=\"text-align: justify;\">Pred pridan\u00edm akejko\u013evek v\u00f4ne je d\u00f4le\u017eit\u00e9 vykona\u0165 z\u00e1kladn\u00e9 vy\u010distenie \u00falo\u017en\u00e9ho priestoru na oble\u010denie. Vyberte v\u0161etky odevy a vy\u010distite dvierka, z\u00e1suvky a skrinky vlhkou handri\u010dkou a jemn\u00fdm \u010distiacim prostriedkom. Pred pokra\u010dovan\u00edm sa uistite, \u017ee v priestore nie je prach a ne\u010distoty.<\/p><\/p>\n\n\n\n<h5 class=\"wp-block-heading\"><strong>Vonn\u00e9 vreck\u00e1<\/strong><\/h5>\n\n\n\n<p><p style=\"text-align: justify;\">Parfumovan\u00e9 ta\u0161ky s\u00fa vynikaj\u00facou vo\u013ebou na uskladnenie \u0161pinav\u00e9ho oble\u010denia. M\u00f4\u017eete si ich r\u00fdchlo k\u00fapi\u0165 alebo si vyrobi\u0165 vlastn\u00e9.<\/p><\/p>\n\n\n\n<p><p style=\"text-align: justify;\">Pou\u017e\u00edvajte vreck\u00e1 vyroben\u00e9 z priepustnej l\u00e1tky, ako je bavlna alebo organza, a do nich vlo\u017ete vo\u0148av\u00e9 ingrediencie, ako s\u00fa su\u0161en\u00e9 kvety, levandu\u013ea, pastelky alebo aj k\u00fasky vo\u0148av\u00fdch vrec\u00fa\u0161ok.<\/p><\/p>\n\n\n\n<p><p style=\"text-align: justify;\">\u010ealej sa pozrite na vreck\u00e1 na zadnej strane su\u0161i\u010dky na bielize\u0148. Pom\u00e1haj\u00fa udr\u017eiava\u0165 pr\u00edjemn\u00fa a svie\u017eu v\u00f4\u0148u.<\/p><\/p>\n\n\n\n<h5 class=\"wp-block-heading\"><strong>Su\u0161iace plachty<\/strong><\/h5>\n\n\n\n<p><p style=\"text-align: justify;\">\u010eal\u0161ou mo\u017enos\u0165ou je pou\u017eitie vo\u0148av\u00fdch su\u0161i\u010diek. S\u00fa ur\u010den\u00e9 na to, aby po\u010das su\u0161enia zanechali oble\u010denie pr\u00edjemne ovzdu\u0161ia, ale daj\u00fa sa pou\u017ei\u0165 aj na prevo\u0148anie alebo uskladnenie oble\u010denia.<\/p><\/p>\n\n\n\n<p><p style=\"text-align: justify;\">Sta\u010d\u00ed umiestni\u0165 jednu alebo dve plachty do ve\u0161iakov na oble\u010denie alebo do z\u00e1suviek \u00falo\u017en\u00e9ho priestoru na oble\u010denie. Uvo\u013enia jemn\u00fa v\u00f4\u0148u, ktor\u00e1 zanech\u00e1 va\u0161e oble\u010denie ako chryzant\u00e9my.<\/p><\/p>\n\n\n\n<h5 class=\"wp-block-heading\"><strong>Hydrog\u00e9nuhli\u010ditan sodn\u00fd<\/strong><\/h5>\n\n\n\n<p><p style=\"text-align: justify;\">S\u00f3da bikarb\u00f3na je vynikaj\u00faci pohlcova\u010d z\u00e1pachu. T\u00fato l\u00e1tku m\u00f4\u017eete pou\u017ei\u0165 na odstr\u00e1nenie ak\u00fdchko\u013evek ne\u017eiaducich predmetov vo va\u0161om \u00falo\u017enom priestore na oble\u010denie.<\/p><\/p>\n\n\n\n<p><p style=\"text-align: justify;\">Do panv\u00edc alebo z\u00e1suviek vlo\u017ete otvoren\u00fa n\u00e1dobu so s\u00f3dou bikarb\u00f3nou a nechajte ju nieko\u013eko hod\u00edn alebo cez noc vari\u0165 na miernom ohni. S\u00f3da bikarb\u00f3na pom\u00f4\u017ee absorbova\u0165 pachy a zanech\u00e1 svie\u017eu ar\u00f3mu.<\/p><\/p>\n\n\n\n<h5 class=\"wp-block-heading\"><strong>\u00c9terick\u00e9 oleje<\/strong><\/h5>\n\n\n\n<p><p style=\"text-align: justify;\">\u00c9terick\u00e9 oleje s\u00fa v\u0161estrannou mo\u017enos\u0165ou na uskladnenie oble\u010denia s pr\u00edjemn\u00fdm die\u0165a\u0165om. Pridajte nieko\u013eko kvapiek \u00e9terick\u00e9ho oleja na vatov\u00e9 tamp\u00f3ny alebo k\u00fasky l\u00e1tky a vlo\u017ete ich do ve\u0161iakov na oble\u010denie alebo do z\u00e1suviek.<\/p><\/p>\n\n\n\n<p><p style=\"text-align: justify;\">Vyberte si v\u00f4ne ako levandu\u013ea, limetka, alecrim alebo hortel\u00e3-pimenta, ktor\u00e9 maj\u00fa aromatick\u00e9 vlastnosti a m\u00f4\u017eu tie\u017e pom\u00f4c\u0165 eliminova\u0165 ne\u017eiaduci hmyz.<\/p><\/p>\n\n\n\n<p><p style=\"text-align: justify;\">Je d\u00f4le\u017eit\u00e9 poznamena\u0165, \u017ee pri pou\u017e\u00edvan\u00ed ak\u00e9hoko\u013evek produktu alebo v\u00f4ne mimo obchodu s oble\u010den\u00edm je potrebn\u00e9 zv\u00e1\u017ei\u0165 ak\u00e9ko\u013evek alergie alebo citlivos\u0165. Pred nanesen\u00edm na cel\u00e9 oble\u010denie vysk\u00fa\u0161ajte produkty na malej ploche a uistite sa, \u017ee nesp\u00f4sobuj\u00fa ne\u017eiaduce reakcie.<\/p><\/p>\n\n\n\n<p><p style=\"text-align: justify;\">Nezabudnite tie\u017e pravidelne vymie\u0148a\u0165 alebo aktualizova\u0165 vreck\u00e1, utierky do su\u0161i\u010dky alebo esenci\u00e1lne oleje, aby v\u00f4\u0148a v\u00e1\u0161ho oble\u010denia zostala svie\u017ea a pr\u00edjemn\u00e1.<\/p><\/p>\n\n\n\n<h4 class=\"wp-block-heading\"><strong>2. \u017de je dobr\u00e9 nevzd\u00e1va\u0165 sa a necha\u0165 \u0161\u00e1lky dlho mimo \u0161atn\u00edka<\/strong><\/h4>\n\n\n<div class=\"wp-block-image\">\n<figure class=\"aligncenter size-full\"><img loading=\"lazy\" decoding=\"async\" width=\"550\" height=\"350\" src=\"http:\/\/universofamilia.com\/wp-content\/uploads\/sites\/148\/2023\/06\/POST-PISGUARDA-ROUPA-universo-familia-1.png\" alt=\"\" class=\"wp-image-2132\" srcset=\"http:\/\/universofamilia.com\/wp-content\/uploads\/sites\/148\/2023\/06\/POST-PISGUARDA-ROUPA-universo-familia-1.png 550w, http:\/\/universofamilia.com\/wp-content\/uploads\/sites\/148\/2023\/06\/POST-PISGUARDA-ROUPA-universo-familia-1-300x191.png 300w\" sizes=\"(max-width: 550px) 100vw, 550px\" \/><\/figure><\/div>\n\n\n<p><p style=\"text-align: justify;\">Aby ste predi\u0161li vzniku mofo a ochr\u00e1nili svoj \u0161atn\u00edk pred vyr\u00e1\u017ekami, existuje nieko\u013eko prevent\u00edvnych opatren\u00ed, ktor\u00e9 m\u00f4\u017eete podnikn\u00fa\u0165.<\/p><\/p>\n\n\n\n<h5 class=\"wp-block-heading\"><strong>Tu je nieko\u013eko u\u017eito\u010dn\u00fdch tipov<\/strong><\/h5>\n\n\n\n<p><p style=\"text-align: justify;\">Udr\u017eujte prostredie such\u00e9: Udr\u017eujte poh\u00e1re \u010dist\u00e9 a dar\u00ed sa im aj vo vlhkom prostred\u00ed. Uistite sa, \u017ee miesto, kde sa nach\u00e1dza miestnos\u0165 na uskladnenie oble\u010denia, je such\u00e9 a dobre vetran\u00e9.<\/p><\/p>\n\n\n\n<p><p style=\"text-align: justify;\">Neumiest\u0148ujte ho do bl\u00edzkosti vlhk\u00fdch miest, ako s\u00fa k\u00fape\u013ene alebo v\u00edrivky s vazamentos. Na absorbovanie vzdu\u0161nej vlhkosti pou\u017eite odvlh\u010dova\u010de alebo n\u00e1doby so silikag\u00e9lom.<\/p><\/p>\n\n\n\n<h5 class=\"wp-block-heading\"><strong>D\u00f4raz na pravideln\u00e9 \u010distenie<\/strong><\/h5>\n\n\n\n<p><p style=\"text-align: justify;\">Pravidelne \u010distite skri\u0148u, aby ste predi\u0161li hromadeniu ne\u010dist\u00f4t, ktor\u00e9 m\u00f4\u017eu by\u0165 potravou pre \u0161\u00e1lky. Dvierka, z\u00e1suvky a povrchy \u010distite vlhkou handri\u010dkou a jemn\u00fdm \u010distiacim prostriedkom. Pred op\u00e4tovn\u00fdm odlo\u017een\u00edm oble\u010denia sa uistite, \u017ee je v\u0161etko \u00faplne such\u00e9.<\/p><\/p>\n\n\n\n<h5 class=\"wp-block-heading\"><strong>Pou\u017e\u00edvajte pr\u00edpravky proti plesniam<\/strong><\/h5>\n\n\n\n<p><p style=\"text-align: justify;\">Na trhu s\u00fa dostupn\u00e9 produkty proti mofo, ako napr\u00edklad vreck\u00e1 so silikag\u00e9lom alebo vreck\u00e1 proti mofo. Pom\u00e1haj\u00fa absorbova\u0165 prebyto\u010dn\u00fa vlhkos\u0165 v danom priestore a zabra\u0148uj\u00fa vzniku mofo.<\/p><\/p>\n\n\n\n<p><p style=\"text-align: justify;\">Tieto v\u00fdrobky umiestnite do ve\u0161iaka na oble\u010denie, najm\u00e4 v oblastiach n\u00e1chylnej\u0161\u00edch na vlhkos\u0165.<\/p><\/p>\n\n\n\n<h5 class=\"wp-block-heading\"><strong>Dostato\u010dn\u00e9 vetranie<\/strong><\/h5>\n\n\n\n<p><p style=\"text-align: justify;\">Nechajte dvierka \u0161atn\u00edka ob\u010das otvoren\u00e9, aby mohol pr\u00fadi\u0165 vzduch. Pom\u00e1ha to predch\u00e1dza\u0165 hromadeniu vlhkosti a zni\u017euje pravdepodobnos\u0165 usadzovania mofo a cupinov v oble\u010den\u00ed.<\/p><\/p>\n\n\n\n<h5 class=\"wp-block-heading\"><strong>Pou\u017e\u00edvajte repelenty proti cupin\u00e1m<\/strong><\/h5>\n\n\n\n<p><p style=\"text-align: justify;\">Na ochranu oble\u010denia pred kup\u00ednami m\u00f4\u017eete pou\u017ei\u0165 \u0161peci\u00e1lne repelenty. Na trhu s\u00fa dostupn\u00e9 produkty, ako s\u00fa spreje alebo s\u00e1\u010dky, ktor\u00e9 obsahuj\u00fa l\u00e1tky odpudzuj\u00face hmyz a kup\u00edny. Aplikujte ochrann\u00fd prostriedok na oble\u010denie pod\u013ea pokynov v\u00fdrobcu.<\/p><\/p>\n\n\n\n<h5 class=\"wp-block-heading\"><strong>Pravideln\u00e1 kontrola<\/strong><\/h5>\n\n\n\n<p><p style=\"text-align: justify;\">Pravidelne kontrolujte oble\u010denie, aby ste zistili ak\u00e9ko\u013evek pr\u00edznaky napadnutia cupin alebo mofo.<\/p><\/p>\n\n\n\n<p><p style=\"text-align: justify;\">Skontrolujte oble\u010denie, popruhy a okraje chr\u00e1ni\u010da oble\u010denia, \u010di nie s\u00fa po\u0161koden\u00e9, prasknut\u00e9 alebo za\u0161pinen\u00e9. \u010c\u00edm lep\u0161ie dok\u00e1\u017eem identifikova\u0165 probl\u00e9m, t\u00fdm \u013eah\u0161ie bude s n\u00edm vysporiada\u0165.<\/p><\/p>\n\n\n\n<h5 class=\"wp-block-heading\"><strong>Priame slne\u010dn\u00e9 svetlo<\/strong><\/h5>\n\n\n\n<p><p style=\"text-align: justify;\">V\u017edy, ke\u010f je to mo\u017en\u00e9, vystavujte oble\u010denie slnku. Priame slne\u010dn\u00e9 svetlo pom\u00e1ha eliminova\u0165 vlhkos\u0165 a rast hub. Ak m\u00e1te vo\u013en\u00e9 miesto, zaveste si oble\u010denie na p\u00e1r hod\u00edn na ty\u010d na slnko.<\/p><\/p>\n\n\n\n<p><p style=\"text-align: justify;\">Uvedomte si, \u017ee prevencia je nevyhnutn\u00e1, aby ste sa vyhli probl\u00e9mom s mofo a cupins, ktor\u00e9 neskladuj\u00fa oble\u010denie. Prijat\u00edm t\u00fdchto prevent\u00edvnych opatren\u00ed ochr\u00e1nite svoje oble\u010denie a udr\u017e\u00edte \u017eivotn\u00e9 prostredie v bezpe\u010d\u00ed a bez ne\u017eiaducich probl\u00e9mov.<\/p><\/p>\n\n\n\n<h4 class=\"wp-block-heading\"><strong>3\u00ba Ako skladova\u0165 alebo uchov\u00e1va\u0165 oble\u010denie v\u017edy zabalen\u00e9 a usporiadan\u00e9<\/strong><\/h4>\n\n\n<div class=\"wp-block-image\">\n<figure class=\"aligncenter size-full\"><img loading=\"lazy\" decoding=\"async\" width=\"550\" height=\"350\" src=\"http:\/\/universofamilia.com\/wp-content\/uploads\/sites\/148\/2023\/06\/POST-PISGUARDA-ROUPA-universo-familia-2.png\" alt=\"\" class=\"wp-image-2133\" srcset=\"http:\/\/universofamilia.com\/wp-content\/uploads\/sites\/148\/2023\/06\/POST-PISGUARDA-ROUPA-universo-familia-2.png 550w, http:\/\/universofamilia.com\/wp-content\/uploads\/sites\/148\/2023\/06\/POST-PISGUARDA-ROUPA-universo-familia-2-300x191.png 300w\" sizes=\"(max-width: 550px) 100vw, 550px\" \/><\/figure><\/div>\n\n\n<p><p style=\"text-align: justify;\">Udr\u017eiavanie \u0161atn\u00edka v\u017edy zabalen\u00e9ho a usporiadan\u00e9ho si vy\u017eaduje trochu discipl\u00edny a d\u00f4sledn\u00e9 n\u00e1vyky. Tu je nieko\u013eko tipov, ktor\u00e9 v\u00e1m pom\u00f4\u017eu udr\u017ea\u0165 si oble\u010denie v poriadku:<\/p><\/p>\n\n\n\n<h5 class=\"wp-block-heading\"><strong>Vytvori\u0165 kateg\u00f3rie<\/strong><\/h5>\n\n\n\n<p><p style=\"text-align: justify;\">Rozde\u013ete si oble\u010denie pod\u013ea kateg\u00f3ri\u00ed, ako s\u00fa tri\u010dk\u00e1, leg\u00edny, \u0161aty, bl\u00fazky at\u010f. V r\u00e1mci ka\u017edej kateg\u00f3rie ho usporiadajte pod\u013ea farby alebo typu l\u00e1tky. Isso v\u00e1m u\u013eah\u010d\u00ed n\u00e1jdenie toho, \u010do potrebujete, a udr\u017e\u00ed v\u00e1\u0161 \u0161atn\u00edk vizu\u00e1lne usporiadan\u00fd.<\/p><\/p>\n\n\n\n<h5 class=\"wp-block-heading\"><strong>Spr\u00e1vne zlo\u017ete<\/strong><\/h5>\n\n\n\n<p><p style=\"text-align: justify;\">Predmety, ktor\u00e9 nie je potrebn\u00e9 sklada\u0165, ako napr\u00edklad tri\u010dk\u00e1, spodn\u00e1 bielize\u0148 a nekvalitn\u00e9 oble\u010denie, je potrebn\u00e9 sklada\u0165 vhodn\u00fdm sp\u00f4sobom. Zlo\u017ete ich rovnomerne a usporiadane ich poukladajte do ur\u010den\u00fdch z\u00e1suviek alebo pol\u00edc.<\/p><\/p>\n\n\n\n<h5 class=\"wp-block-heading\"><strong>Zaho\u010fte to, \u010do u\u017e nepou\u017e\u00edvate<\/strong><\/h5>\n\n\n\n<p><p style=\"text-align: justify;\">Pravidelne si triedte oble\u010denie a odde\u013ete kusy, ktor\u00e9 u\u017e nepou\u017e\u00edvate. Nepred\u00e1vajte oble\u010denie v dobrom stave. Pom\u00f4\u017ee to zn\u00ed\u017ei\u0165 zbyto\u010dn\u00e9 hromadenie \u010dast\u00ed a ponecha\u0165 si len to, \u010do skuto\u010dne pou\u017e\u00edvate a kupujete.<\/p><\/p>\n\n\n\n<h5 class=\"wp-block-heading\"><strong>Udr\u017eiavajte si organiza\u010dn\u00fd re\u017eim<\/strong><\/h5>\n\n\n\n<p><p style=\"text-align: justify;\">Ka\u017ed\u00fd t\u00fd\u017ede\u0148 si vyhra\u010fte nieko\u013eko min\u00fat na ulo\u017eenie a usporiadanie \u0161atn\u00edka. Skontrolujte, \u010di s\u00fa jednotliv\u00e9 \u010dasti na spr\u00e1vnych miestach, v pr\u00edpade potreby ich upravte a pod\u013ea potreby ich preusporiadajte. T\u00e1to pravideln\u00e1 prax zabr\u00e1ni hromadeniu vytrh\u00e1vania kore\u0148ov a jeho zmen\u00e1m na v\u00e4\u010d\u0161\u00ed probl\u00e9m.<\/p><\/p>\n\n\n\n<h5 class=\"wp-block-heading\"><strong>Pou\u017e\u00edvajte organiz\u00e9ry a deliace prie\u010dky<\/strong><\/h5>\n\n\n\n<p><p style=\"text-align: justify;\">Na usporiadanie drobn\u00fdch predmetov a doplnkov pou\u017e\u00edvajte organiz\u00e9ry, ako s\u00fa krabice, ko\u0161\u00edky a deliace prie\u010dky do z\u00e1suviek. V\u010faka tomu ich budete \u013eah\u0161ie n\u00e1js\u0165 a zabr\u00e1nite neporiadku vo va\u0161om \u0161atn\u00edku.<\/p><\/p>\n\n\n\n<h5 class=\"wp-block-heading\"><strong>Umiestnite \u010dist\u00e9 oble\u010denie na spr\u00e1vne miesto<\/strong><\/h5>\n\n\n\n<p><p style=\"text-align: justify;\">Pri pran\u00ed a pod\u00e1van\u00ed oble\u010denia ho umiestnite priamo na ur\u010den\u00e9 miesto, ktor\u00e9 nie je ur\u010den\u00e9 na odev. Nenech\u00e1vajte nahromaden\u00e9 ne\u010distoty na povrchoch, preto\u017ee by to mohlo sp\u00f4sobi\u0165 zbyto\u010dn\u00e9 zvy\u0161ky.<\/p><\/p>\n\n\n\n<h5 class=\"wp-block-heading\"><strong>Udr\u017eujte si poriadok v z\u00e1suvk\u00e1ch<\/strong><\/h5>\n\n\n\n<p><p style=\"text-align: justify;\">Oble\u010denie spr\u00e1vne poskladajte a usporiadajte ho v z\u00e1suvk\u00e1ch. Nemie\u0161ajte r\u00f4zne druhy oble\u010denia v jednej z\u00e1suvke, aby ste \u013eahko na\u0161li to, \u010do potrebujete.<\/p><\/p>\n\n\n\n<h5 class=\"wp-block-heading\"><strong>Vyu\u017eitie dodato\u010dn\u00fdch priestorov<\/strong><\/h5>\n\n\n\n<p><p style=\"text-align: justify;\">Na uskladnenie opotrebovan\u00fdch alebo menej pou\u017e\u00edvan\u00fdch vec\u00ed vyu\u017eite \u010fal\u0161ie priestory, ako napr\u00edklad horn\u00e9 police alebo priestory nad \u00falo\u017en\u00fdm priestorom na oble\u010denie. Na ochranu t\u00fdchto kusov a uchovanie kn\u00edh v bezpe\u010d\u00ed pou\u017eite v\u00e1kuov\u00e9 boxy alebo vreck\u00e1.<\/p><\/p>\n\n\n\n<h4 class=\"wp-block-heading\">4\u00ba Sp\u00f4sob, ak\u00fdm nech\u00e1vaj\u00fa oble\u010denie v izb\u00e1ch, nie je ich \u00falo\u017en\u00fd priestor na oble\u010denie<\/h4>\n\n\n<div class=\"wp-block-image\">\n<figure class=\"aligncenter size-full\"><img loading=\"lazy\" decoding=\"async\" width=\"550\" height=\"350\" src=\"http:\/\/universofamilia.com\/wp-content\/uploads\/sites\/148\/2023\/06\/POST-PISGUARDA-ROUPA-universo-familia-3.png\" alt=\"\" class=\"wp-image-2134\" srcset=\"http:\/\/universofamilia.com\/wp-content\/uploads\/sites\/148\/2023\/06\/POST-PISGUARDA-ROUPA-universo-familia-3.png 550w, http:\/\/universofamilia.com\/wp-content\/uploads\/sites\/148\/2023\/06\/POST-PISGUARDA-ROUPA-universo-familia-3-300x191.png 300w\" sizes=\"(max-width: 550px) 100vw, 550px\" \/><\/figure><\/div>\n\n\n<p><p style=\"text-align: justify;\">Necha\u0165 oble\u010denie v priestoroch organizovan\u00fdm a praktick\u00fdm sp\u00f4sobom.<\/p><\/p>\n\n\n\n<h5 class=\"wp-block-heading\">Ria\u010fte sa t\u00fdmito tipmi:<\/h5>\n\n\n\n<h5 class=\"wp-block-heading\"><strong>Zoradi\u0165 pod\u013ea typu<\/strong><\/h5>\n\n\n\n<p><p style=\"text-align: justify;\">Zoskupte podobn\u00e9 k\u00fasky. Napr\u00edklad, zaveste si v\u0161etky ko\u0161ele spolu, v\u0161etky pono\u017eky spolu a tak \u010falej. V\u010faka tomu si budete \u013eah\u0161ie prezera\u0165 a vybera\u0165 oble\u010denie, ke\u010f budete h\u013eada\u0165 nie\u010do konkr\u00e9tne.<\/p><\/p>\n\n\n\n<h5 class=\"wp-block-heading\"><strong>Usporiada\u0165 pod\u013ea farby<\/strong><\/h5>\n\n\n\n<p><p style=\"text-align: justify;\">V r\u00e1mci ka\u017edej kateg\u00f3rie oble\u010denia usporiadajte kusy pod\u013ea poradia. Za\u010dnite s najjasnej\u0161\u00edmi jadrami a postupujte k najtmav\u0161\u00edm. Toto usporiadanie pomocou \u0161n\u00farky dod\u00e1va pr\u00edjemn\u00fd estetick\u00fd vzh\u013ead a pom\u00e1ha pri r\u00fdchlom lokalizovan\u00ed nechcen\u00e9ho oble\u010denia.<\/p><\/p>\n\n\n\n<h5 class=\"wp-block-heading\"><strong>Pou\u017e\u00edvajte vhodn\u00e9 skrinky<\/strong><\/h5>\n\n\n\n<p><p style=\"text-align: justify;\">Pre ka\u017ed\u00fd typ oble\u010denia pou\u017e\u00edvajte vhodn\u00e9 kovanie. Strihy s dlh\u00fdmi, zaoblen\u00fdmi ramenami s\u00fa ide\u00e1lne pre sak\u00e1 a bundy, preto\u017ee si zachov\u00e1vaj\u00fa tvar va\u0161ich kusov oble\u010denia. Jemn\u00e9 kovanie je ide\u00e1lne pre ko\u0161ele, topy a \u013eahk\u00e9 \u0161aty. Pre sukne a pan\u010duchy pou\u017eite spony s klipmi, aby ste ich spr\u00e1vne pripevnili.<\/p><\/p>\n\n\n\n<h5 class=\"wp-block-heading\"><strong>Zaveste spr\u00e1vne<\/strong><\/h5>\n\n\n\n<p><p style=\"text-align: justify;\">Ak oble\u010denie nie je vhodn\u00e9 na zavesenie, uistite sa, \u017ee je v\u017edy \u00fah\u013eadne a zarovnan\u00e9. Isso zabr\u00e1ni nechcen\u00e9mu pokr\u010deniu a hromadeniu. Uistite sa, \u017ee oble\u010denie nevis\u00ed v strede miestnosti a ne\u0161\u00facha si vlasy do ramien.<\/p><\/p>\n\n\n\n<h5 class=\"wp-block-heading\"><strong>Usporiadajte dlh\u00e9 kusy<\/strong><\/h5>\n\n\n\n<p><p style=\"text-align: justify;\">Na dlh\u00e9 oble\u010denie, ako s\u00fa \u0161aty a kab\u00e1ty, pou\u017eite stojany s dodato\u010dnou vodorovnou ty\u010dou v spodnej \u010dasti. To pom\u00f4\u017ee zabr\u00e1ni\u0165 dotyku alebo po\u0161kodeniu dlh\u00fdch kusov a zabr\u00e1ni ich stla\u010deniu alebo po\u0161kodeniu.<\/p><\/p>\n\n\n\n<h5 class=\"wp-block-heading\"><strong>Pou\u017eite vertik\u00e1lny priestor<\/strong><\/h5>\n\n\n\n<p><p style=\"text-align: justify;\">Vyu\u017eite vertik\u00e1lny priestor, ktor\u00fd je k dispoz\u00edcii v \u00falo\u017enom priestore na oble\u010denie. Zaveste priestory v r\u00f4znych v\u00fd\u0161kach a oble\u010denie ukladajte vo vrstv\u00e1ch. Maximalizuje to dostupn\u00fd priestor a u\u013eah\u010duje prezeranie jednotliv\u00fdch \u010dast\u00ed.<\/p><\/p>\n\n\n\n<h5 class=\"wp-block-heading\"><strong>Kategoriz\u00e1cia pr\u00edslu\u0161enstva<\/strong><\/h5>\n\n\n\n<p><p style=\"text-align: justify;\">Okrem oble\u010denia m\u00f4\u017eete skrinky pou\u017ei\u0165 aj na usporiadanie doplnkov, ako s\u00fa ko\u017een\u00e9 veci, opasky a stuhy. Na zavesenie t\u00fdchto predmetov organizovan\u00fdm a pr\u00edstupn\u00fdm sp\u00f4sobom pou\u017eite priestory s h\u00e1\u010dikmi alebo \u010fal\u0161\u00edmi p\u00fatkami.<\/p><\/p>\n\n\n\n<h5 class=\"wp-block-heading\"><strong>Medzi kusmi nechajte medzeru<\/strong><\/h5>\n\n\n\n<p><p style=\"text-align: justify;\">Neve\u0161ajte oble\u010denie pr\u00edli\u0161 bl\u00edzko seba nieko\u013eko dn\u00ed. Medzi jednotliv\u00fdmi \u010das\u0165ami nechajte dostato\u010dn\u00fd priestor, aby mohli d\u00fdcha\u0165 a netla\u010dili sa. V\u010faka tomu bude lep\u0161ie vidie\u0165 a zabr\u00e1nite tomu, aby sa oble\u010denie hnetlo.<\/p><\/p>\n\n\n\n<h5 class=\"wp-block-heading\"><strong>Pravidelne aktualizujte<\/strong><\/h5>\n\n\n\n<p><p style=\"text-align: justify;\">Pravidelne kontrolujte svoj \u00falo\u017en\u00fd priestor na oble\u010denie a odstra\u0148ujte kusy, ktor\u00e9 u\u017e nepou\u017e\u00edvate. Pom\u00f4\u017ee v\u00e1m to udr\u017ea\u0165 si vo\u013en\u00fd priestor a zabezpe\u010di\u0165, aby nevyu\u017eit\u00e9 zostalo iba oble\u010denie, ktor\u00e9 m\u00e1te radi a pravidelne nos\u00edte.<\/p><\/p>\n\n\n\n<h4 class=\"wp-block-heading\"><strong>5\u00ba Perte alebo skladujte oble\u010denie vonku<\/strong><\/h4>\n\n\n\n<p><p style=\"text-align: justify;\">\u010cistenie \u0161atn\u00edka je d\u00f4le\u017eit\u00e9, aby sa v \u0148om nenach\u00e1dzali ne\u010distoty a prach, a z\u00e1rove\u0148 prispieva k celkov\u00e9mu vzh\u013eadu prostredia. Tu je nieko\u013eko tipov na \u010distenie \u0161atn\u00edka:<\/p><\/p>\n\n\n\n<h5 class=\"wp-block-heading\"><strong>Odstr\u00e1\u0148te v\u0161etko<\/strong><\/h5>\n\n\n\n<p><p style=\"text-align: justify;\">Pred za\u010dat\u00edm \u010distenia odstr\u00e1\u0148te v\u0161etky odevy a predmety, ktor\u00e9 nie s\u00fa na vrchu \u00falo\u017en\u00e9ho priestoru na oble\u010denie. Umiestnite ich na bezpe\u010dn\u00e9 miesto, aby ste u\u013eah\u010dili \u010distenie povrchov.<\/p><\/p>\n\n\n\n<h5 class=\"wp-block-heading\"><strong>Pavu\u010diny a listy<\/strong><\/h5>\n\n\n\n<p><p style=\"text-align: justify;\">Na odstr\u00e1nenie povrchu vonkaj\u0161\u00edch pl\u00f4ch ve\u0161iaka na oble\u010denie pou\u017eite handri\u010dku z mikrovl\u00e1kna alebo di\u0161tan\u010dn\u00fa podlo\u017eku. Venujte zvl\u00e1\u0161tnu pozornos\u0165 vy\u0161\u0161\u00edm miestam, kde sa m\u00f4\u017ee hromadi\u0165 tr\u00e1va a pomaran\u010dov\u00e9 kvety.<\/p><\/p>\n\n\n\n<h5 class=\"wp-block-heading\"><strong>\u010cistenie povrchov<\/strong><\/h5>\n\n\n\n<p><p style=\"text-align: justify;\">Na \u010distenie vonkaj\u0161\u00edch povrchov ve\u0161iaka na oble\u010denie pou\u017eite vlhk\u00fa handri\u010dku a jemn\u00fd \u010distiaci prostriedok. Handri\u010dku utrite jemn\u00fdmi pohybmi a odstr\u00e1\u0148te v\u0161etky vidite\u013en\u00e9 \u0161kvrny. Nepou\u017e\u00edvajte agres\u00edvne chemick\u00e9 prostriedky, preto\u017ee by mohli po\u0161kodi\u0165 povrch ve\u0161iaka na oble\u010denie.<\/p><\/p>\n\n\n\n<h5 class=\"wp-block-heading\"><strong>Br\u00e1ny a dra\u017eitelia<\/strong><\/h5>\n\n\n\n<p><p style=\"text-align: justify;\">Dvierka a z\u00e1suvky na oble\u010denie o\u010distite vlhkou handri\u010dkou. Ak m\u00e1te odoln\u00e9 \u0161kvrny alebo mastn\u00e9 usadeniny, m\u00f4\u017eete ich odstr\u00e1ni\u0165 roztokom tmavej vody a neutr\u00e1lneho mydla.<\/p><\/p>\n\n\n\n<h5 class=\"wp-block-heading\"><strong>Sklo a zrkadl\u00e1<\/strong><\/h5>\n\n\n\n<p><p style=\"text-align: justify;\">Ak m\u00e1te na oble\u010den\u00ed sklenen\u00e9 dvere alebo zrkadl\u00e1, pou\u017eite \u010disti\u010d skla na odstr\u00e1nenie \u0161kv\u0155n a digit\u00e1lnych odtla\u010dkov. \u010cisti\u010d naneste m\u00e4kkou handri\u010dkou a jemn\u00fdmi kr\u00fa\u017eiv\u00fdmi pohybmi.<\/p><\/p>\n\n\n\n<h5 class=\"wp-block-heading\"><strong>Aspire the chao<\/strong><\/h5>\n\n\n\n<p><p style=\"text-align: justify;\">Ak ve\u0161iak na oble\u010denie nestoj\u00ed, pou\u017eite vys\u00e1va\u010d na odstr\u00e1nenie ne\u010dist\u00f4t, vlasov a mal\u00fdch ne\u010dist\u00f4t, ktor\u00e9 sa okolo neho mohli nahromadi\u0165.<\/p><\/p>\n\n\n<div class=\"wp-block-image\">\n<figure class=\"aligncenter size-full\"><img loading=\"lazy\" decoding=\"async\" width=\"550\" height=\"350\" src=\"http:\/\/universofamilia.com\/wp-content\/uploads\/sites\/148\/2023\/06\/POST-GUARDA-ROUPA-universo-familia-.png\" alt=\"\" class=\"wp-image-2135\" srcset=\"http:\/\/universofamilia.com\/wp-content\/uploads\/sites\/148\/2023\/06\/POST-GUARDA-ROUPA-universo-familia-.png 550w, http:\/\/universofamilia.com\/wp-content\/uploads\/sites\/148\/2023\/06\/POST-GUARDA-ROUPA-universo-familia--300x191.png 300w\" sizes=\"(max-width: 550px) 100vw, 550px\" \/><\/figure><\/div>\n\n\n<h4 class=\"wp-block-heading\"><strong>6\u00ba \u0160pecifik\u00e1cie v\u00fdrobcu<\/strong><\/h4>\n\n\n\n<p><p style=\"text-align: justify;\">\u0160pecifik\u00e1cie v\u00fdrobcu sa m\u00f4\u017eu l\u00ed\u0161i\u0165 v z\u00e1vislosti od modelu a zna\u010dky obchodu s oble\u010den\u00edm. Tu s\u00fa v\u0161ak niektor\u00e9 be\u017en\u00e9 \u0161pecifik\u00e1cie, ktor\u00e9 v\u00fdrobcovia zvy\u010dajne poskytuj\u00fa:<\/p><\/p>\n\n\n\n<h5 class=\"wp-block-heading\"><strong>Rozmery<\/strong><\/h5>\n\n\n\n<p><p style=\"text-align: justify;\">Rozmery \u0161atn\u00edka s\u00fa d\u00f4le\u017eit\u00e9, aby sa zmestil do dostupn\u00e9ho priestoru vo va\u0161ej dom\u00e1cnosti. \u0160pecifik\u00e1cie m\u00f4\u017eu zah\u0155\u0148a\u0165 v\u00fd\u0161ku, d\u013a\u017eku a h\u013abku mobiln\u00e9ho telef\u00f3nu.<\/p><\/p>\n\n\n\n<h5 class=\"wp-block-heading\"><strong>Materi\u00e1ly<\/strong><\/h5>\n\n\n\n<p><p style=\"text-align: justify;\">\u0160pecifik\u00e1cie v\u00fdrobcu vo v\u0161eobecnosti uv\u00e1dzaj\u00fa materi\u00e1ly pou\u017eit\u00e9 pri v\u00fdrobe \u00falo\u017en\u00e9ho priestoru na oble\u010denie. M\u00f4\u017eu tie\u017e obsahova\u0165 inform\u00e1cie o druhu dreva, ako je MDF (drevovl\u00e1knit\u00e1 doska so strednou hustotou) alebo preglejka, alebo podrobnosti o in\u00fdch materi\u00e1loch, ako je kov na \u00fachytky z\u00e1suviek.<\/p><\/p>\n\n\n\n<h5 class=\"wp-block-heading\"><strong>Dokon\u010dovanie<\/strong><\/h5>\n\n\n\n<p><p style=\"text-align: justify;\">Tieto \u0161pecifik\u00e1cie m\u00f4\u017eu odhali\u0165 povrchov\u00fa \u00fapravu \u0161atn\u00edka, ako je farba, lak alebo lamin\u00e1t. To m\u00f4\u017ee ovplyvni\u0165 vzh\u013ead a odolnos\u0165 mobiln\u00e9ho telef\u00f3nu.<\/p><\/p>\n\n\n\n<h5 class=\"wp-block-heading\"><strong>\u00dalo\u017en\u00e1 kapacita<\/strong><\/h5>\n\n\n\n<p><p style=\"text-align: justify;\">Niektor\u00e9 \u0161pecifik\u00e1cie m\u00f4\u017eu poskytn\u00fa\u0165 inform\u00e1cie o \u00falo\u017enej kapacite \u00falo\u017en\u00e9ho priestoru na oble\u010denie, ako napr\u00edklad po\u010det pol\u00edc, z\u00e1suviek a ve\u0161iakov na oble\u010denie. To pom\u00e1ha pochopi\u0165 mno\u017estvo oble\u010denia a predmetov, ktor\u00e9 je mo\u017en\u00e9 uskladni\u0165 nemobilne.<\/p><\/p>\n\n\n\n<h5 class=\"wp-block-heading\"><strong>Pokyny na mont\u00e1\u017e a starostlivos\u0165<\/strong><\/h5>\n\n\n\n<p><p style=\"text-align: justify;\">V\u00fdrobca m\u00f4\u017ee poskytn\u00fa\u0165 inform\u00e1cie o procese mont\u00e1\u017ee ve\u0161iaka na oble\u010denie vr\u00e1tane toho, \u010di sa dod\u00e1va v rozobranom alebo predmontovanom stave. \u0160pecifik\u00e1cie m\u00f4\u017eu tie\u017e obsahova\u0165 pokyny na starostlivos\u0165 a \u00fadr\u017ebu, aby sa zabezpe\u010dilo, \u017ee ve\u0161iak na oble\u010denie zostane dlhodobo v dobrom stave.<\/p><\/p>\n\n\n\n<p><p style=\"text-align: justify;\"><strong>Hmotnos\u0165 a nosnos\u0165<\/strong><\/p><\/p>\n\n\n\n<p><p style=\"text-align: justify;\">V niektor\u00fdch pr\u00edpadoch m\u00f4\u017eu \u0161pecifik\u00e1cie obsahova\u0165 inform\u00e1cie o hmotnosti ve\u0161iaka na oble\u010denie a jeho nosnosti. To je u\u017eito\u010dn\u00e9 na pochopenie stability a odolnosti mobiln\u00e9ho telef\u00f3nu.<\/p><\/p>\n\n\n\n<p><p style=\"text-align: justify;\">Je d\u00f4le\u017eit\u00e9 poznamena\u0165, \u017ee \u0161pecifik\u00e1cie sa m\u00f4\u017eu l\u00ed\u0161i\u0165 v z\u00e1vislosti od v\u00fdrobcu a modelu oble\u010denia. Presn\u00e9 podrobnosti o ve\u0161iaku na oble\u010denie, ktor\u00fd zva\u017eujete k\u00fapi\u0165, si v\u017edy pre\u010d\u00edtajte v inform\u00e1ci\u00e1ch poskytnut\u00fdch konkr\u00e9tnym v\u00fdrobcom.<\/p><\/p>\n\n\n\n<h4 class=\"wp-block-heading\"><strong>Z\u00e1ver<\/strong><\/h4>\n\n\n<div class=\"wp-block-image\">\n<figure class=\"aligncenter size-full\"><img loading=\"lazy\" decoding=\"async\" width=\"550\" height=\"350\" src=\"http:\/\/universofamilia.com\/wp-content\/uploads\/sites\/148\/2023\/06\/POST-GUARDA-ROUPA-universo-familia-1.png\" alt=\"\" class=\"wp-image-2136\" srcset=\"http:\/\/universofamilia.com\/wp-content\/uploads\/sites\/148\/2023\/06\/POST-GUARDA-ROUPA-universo-familia-1.png 550w, http:\/\/universofamilia.com\/wp-content\/uploads\/sites\/148\/2023\/06\/POST-GUARDA-ROUPA-universo-familia-1-300x191.png 300w\" sizes=\"(max-width: 550px) 100vw, 550px\" \/><\/figure><\/div>\n\n\n<p><p style=\"text-align: justify;\">Starostlivos\u0165 o uskladnenie oble\u010denia je zvyk, ktor\u00fd m\u00e1 nespo\u010detn\u00e9 v\u00fdhody. Udr\u017eiavan\u00edm oble\u010denia organizovan\u00fdm a \u013eahko dostupn\u00fdm pred\u013a\u017eite \u017eivotnos\u0165 svojich s\u00fa\u010diastok a dlhodobo u\u0161etr\u00edte peniaze.<\/p><\/p>\n\n\n\n<p><p style=\"text-align: justify;\">Dodr\u017eiavan\u00edm pokynov uveden\u00fdch v tomto \u010dl\u00e1nku, od spr\u00e1vnej organiz\u00e1cie a\u017e po spr\u00e1vnu \u00fadr\u017ebu oble\u010denia, budete ma\u0165 bezchybn\u00fd obchod s oble\u010den\u00edm a oble\u010denie, ktor\u00e9 zostane kr\u00e1sne a vydr\u017e\u00ed ove\u013ea dlh\u0161ie.<\/p><\/p>\n\n\n\n<p><p style=\"text-align: justify;\">Nezabudnite vykon\u00e1va\u0165 pravideln\u00e9 triedenie, dodr\u017eiava\u0165 pokyny na pranie, spr\u00e1vne zostavi\u0165 a v pr\u00edpade potreby vykona\u0165 mal\u00e9 \u00fapravy. S t\u00fdmito jednoduch\u00fdmi postupmi budete ma\u0165 \u0161atn\u00edk, ktor\u00fd odr\u00e1\u017ea v\u00e1\u0161 osobn\u00fd \u0161t\u00fdl a bude rados\u0165ou ho pou\u017e\u00edva\u0165 ka\u017ed\u00fd de\u0148.<\/p><\/p>","protected":false},"excerpt":{"rendered":"<p>Organizovan\u00fd a dobre udr\u017eiavan\u00fd \u0161atn\u00edk v\u00e1m nielen u\u013eah\u010d\u00ed ka\u017edodenn\u00e9 obliekanie, ale tie\u017e predl\u017euje \u017eivotnos\u0165 v\u00e1\u0161ho oble\u010denia, \u010d\u00edm z dlhodob\u00e9ho h\u013eadiska \u0161etr\u00ed \u010das a peniaze.<br \/>\nV tomto \u010dl\u00e1nku si predstav\u00edme niektor\u00e9 z najlep\u0161\u00edch opatren\u00ed na starostlivos\u0165 o va\u0161e oble\u010denie, od organiz\u00e1cie a\u017e po spr\u00e1vnu \u00fadr\u017ebu jednotliv\u00fdch \u010dast\u00ed.<br \/>\nRia\u010fte sa t\u00fdmito jednoduch\u00fdmi a \u00fa\u010dinn\u00fdmi tipmi, aby va\u0161e oble\u010denie zostalo bezchybn\u00e9 a v\u017edy v dobrom stave.<\/p>","protected":false},"author":0,"featured_media":2137,"comment_status":"closed","ping_status":"open","sticky":false,"template":"","format":"standard","meta":{"footnotes":""},"categories":[4],"tags":[41,1117,1397],"yoast_head":"<!-- This site is optimized with the Yoast SEO plugin v23.3 - https:\/\/yoast.com\/wordpress\/plugins\/seo\/ -->\n<title>As 6 Melhores Dicas para Cuidar Bem do seu Guarda-Roupa - Universo Fam\u00edlia<\/title>\n<meta name=\"description\" content=\"As 6 Melhores Dicas para Cuidar Bem do seu Guarda-Roupa. Ter um guarda-roupa organizado e bem cuidado n\u00e3o s\u00f3 facilita o seu dia a dia...\" \/>\n<meta name=\"robots\" content=\"index, follow, max-snippet:-1, max-image-preview:large, max-video-preview:-1\" \/>\n<link rel=\"canonical\" href=\"http:\/\/universofamilia.com\/sk\/as-6-melhores-dicas-para-cuidar-bem-do-seu-guarda-roupa\/\" \/>\n<meta property=\"og:locale\" content=\"sk_SK\" \/>\n<meta property=\"og:type\" content=\"article\" \/>\n<meta property=\"og:title\" content=\"As 6 Melhores Dicas para Cuidar Bem do seu Guarda-Roupa - Universo Fam\u00edlia\" \/>\n<meta property=\"og:description\" content=\"As 6 Melhores Dicas para Cuidar Bem do seu Guarda-Roupa. Ter um guarda-roupa organizado e bem cuidado n\u00e3o s\u00f3 facilita o seu dia a dia...\" \/>\n<meta property=\"og:url\" content=\"http:\/\/universofamilia.com\/sk\/as-6-melhores-dicas-para-cuidar-bem-do-seu-guarda-roupa\/\" \/>\n<meta property=\"og:site_name\" content=\"Universo Fam\u00edlia\" \/>\n<meta property=\"article:published_time\" content=\"2023-06-01T13:17:34+00:00\" \/>\n<meta property=\"og:image\" content=\"http:\/\/universofamilia.com\/wp-content\/uploads\/sites\/148\/2023\/06\/FOTO-DESTAQUE-GUARDA-ROUPA-universo-familia-448x350-.png\" \/>\n\t<meta property=\"og:image:width\" content=\"448\" \/>\n\t<meta property=\"og:image:height\" content=\"350\" \/>\n\t<meta property=\"og:image:type\" content=\"image\/png\" \/>\n<meta name=\"twitter:card\" content=\"summary_large_image\" \/>\n<meta name=\"twitter:label1\" content=\"Est. reading time\" \/>\n\t<meta name=\"twitter:data1\" content=\"15 min\u00fat\" \/>\n<script type=\"application\/ld+json\" class=\"yoast-schema-graph\">{\"@context\":\"https:\/\/schema.org\",\"@graph\":[{\"@type\":\"WebPage\",\"@id\":\"http:\/\/universofamilia.com\/ja\/as-6-melhores-dicas-para-cuidar-bem-do-seu-guarda-roupa\/\",\"url\":\"http:\/\/universofamilia.com\/ja\/as-6-melhores-dicas-para-cuidar-bem-do-seu-guarda-roupa\/\",\"name\":\"As 6 Melhores Dicas para Cuidar Bem do seu Guarda-Roupa - Universo Fam\u00edlia\",\"isPartOf\":{\"@id\":\"https:\/\/universofamilia.com\/el\/#website\"},\"primaryImageOfPage\":{\"@id\":\"http:\/\/universofamilia.com\/ja\/as-6-melhores-dicas-para-cuidar-bem-do-seu-guarda-roupa\/#primaryimage\"},\"image\":{\"@id\":\"http:\/\/universofamilia.com\/ja\/as-6-melhores-dicas-para-cuidar-bem-do-seu-guarda-roupa\/#primaryimage\"},\"thumbnailUrl\":\"http:\/\/universofamilia.com\/wp-content\/uploads\/sites\/148\/2023\/06\/FOTO-DESTAQUE-GUARDA-ROUPA-universo-familia-448x350-.png\",\"datePublished\":\"2023-06-01T13:17:34+00:00\",\"dateModified\":\"2023-06-01T13:17:34+00:00\",\"author\":{\"@id\":\"\"},\"description\":\"As 6 Melhores Dicas para Cuidar Bem do seu Guarda-Roupa. Ter um guarda-roupa organizado e bem cuidado n\u00e3o s\u00f3 facilita o seu dia a dia...\",\"breadcrumb\":{\"@id\":\"http:\/\/universofamilia.com\/ja\/as-6-melhores-dicas-para-cuidar-bem-do-seu-guarda-roupa\/#breadcrumb\"},\"inLanguage\":\"sk-SK\",\"potentialAction\":[{\"@type\":\"ReadAction\",\"target\":[\"http:\/\/universofamilia.com\/ja\/as-6-melhores-dicas-para-cuidar-bem-do-seu-guarda-roupa\/\"]}]},{\"@type\":\"ImageObject\",\"inLanguage\":\"sk-SK\",\"@id\":\"http:\/\/universofamilia.com\/ja\/as-6-melhores-dicas-para-cuidar-bem-do-seu-guarda-roupa\/#primaryimage\",\"url\":\"http:\/\/universofamilia.com\/wp-content\/uploads\/sites\/148\/2023\/06\/FOTO-DESTAQUE-GUARDA-ROUPA-universo-familia-448x350-.png\",\"contentUrl\":\"http:\/\/universofamilia.com\/wp-content\/uploads\/sites\/148\/2023\/06\/FOTO-DESTAQUE-GUARDA-ROUPA-universo-familia-448x350-.png\",\"width\":448,\"height\":350},{\"@type\":\"BreadcrumbList\",\"@id\":\"http:\/\/universofamilia.com\/ja\/as-6-melhores-dicas-para-cuidar-bem-do-seu-guarda-roupa\/#breadcrumb\",\"itemListElement\":[{\"@type\":\"ListItem\",\"position\":1,\"name\":\"Home\",\"item\":\"https:\/\/universofamilia.com\/el\/\"},{\"@type\":\"ListItem\",\"position\":2,\"name\":\"As 6 Melhores Dicas para Cuidar Bem do seu Guarda-Roupa\"}]},{\"@type\":\"WebSite\",\"@id\":\"https:\/\/universofamilia.com\/el\/#website\",\"url\":\"https:\/\/universofamilia.com\/el\/\",\"name\":\"Universo Fam\u00edlia\",\"description\":\"\",\"potentialAction\":[{\"@type\":\"SearchAction\",\"target\":{\"@type\":\"EntryPoint\",\"urlTemplate\":\"https:\/\/universofamilia.com\/el\/?s={search_term_string}\"},\"query-input\":\"required name=search_term_string\"}],\"inLanguage\":\"sk-SK\"}]}<\/script>\n<!-- \/ Yoast SEO plugin. -->","yoast_head_json":{"title":"As 6 Melhores Dicas para Cuidar Bem do seu Guarda-Roupa - Universo Fam\u00edlia","description":"As 6 Melhores Dicas para Cuidar Bem do seu Guarda-Roupa. Ter um guarda-roupa organizado e bem cuidado n\u00e3o s\u00f3 facilita o seu dia a dia...","robots":{"index":"index","follow":"follow","max-snippet":"max-snippet:-1","max-image-preview":"max-image-preview:large","max-video-preview":"max-video-preview:-1"},"canonical":"http:\/\/universofamilia.com\/sk\/as-6-melhores-dicas-para-cuidar-bem-do-seu-guarda-roupa\/","og_locale":"sk_SK","og_type":"article","og_title":"As 6 Melhores Dicas para Cuidar Bem do seu Guarda-Roupa - Universo Fam\u00edlia","og_description":"As 6 Melhores Dicas para Cuidar Bem do seu Guarda-Roupa. Ter um guarda-roupa organizado e bem cuidado n\u00e3o s\u00f3 facilita o seu dia a dia...","og_url":"http:\/\/universofamilia.com\/sk\/as-6-melhores-dicas-para-cuidar-bem-do-seu-guarda-roupa\/","og_site_name":"Universo Fam\u00edlia","article_published_time":"2023-06-01T13:17:34+00:00","og_image":[{"width":448,"height":350,"url":"http:\/\/universofamilia.com\/wp-content\/uploads\/sites\/148\/2023\/06\/FOTO-DESTAQUE-GUARDA-ROUPA-universo-familia-448x350-.png","type":"image\/png"}],"twitter_card":"summary_large_image","twitter_misc":{"Est. reading time":"15 min\u00fat"},"schema":{"@context":"https:\/\/schema.org","@graph":[{"@type":"WebPage","@id":"http:\/\/universofamilia.com\/ja\/as-6-melhores-dicas-para-cuidar-bem-do-seu-guarda-roupa\/","url":"http:\/\/universofamilia.com\/ja\/as-6-melhores-dicas-para-cuidar-bem-do-seu-guarda-roupa\/","name":"As 6 Melhores Dicas para Cuidar Bem do seu Guarda-Roupa - Universo Fam\u00edlia","isPartOf":{"@id":"https:\/\/universofamilia.com\/el\/#website"},"primaryImageOfPage":{"@id":"http:\/\/universofamilia.com\/ja\/as-6-melhores-dicas-para-cuidar-bem-do-seu-guarda-roupa\/#primaryimage"},"image":{"@id":"http:\/\/universofamilia.com\/ja\/as-6-melhores-dicas-para-cuidar-bem-do-seu-guarda-roupa\/#primaryimage"},"thumbnailUrl":"http:\/\/universofamilia.com\/wp-content\/uploads\/sites\/148\/2023\/06\/FOTO-DESTAQUE-GUARDA-ROUPA-universo-familia-448x350-.png","datePublished":"2023-06-01T13:17:34+00:00","dateModified":"2023-06-01T13:17:34+00:00","author":{"@id":""},"description":"As 6 Melhores Dicas para Cuidar Bem do seu Guarda-Roupa. Ter um guarda-roupa organizado e bem cuidado n\u00e3o s\u00f3 facilita o seu dia a dia...","breadcrumb":{"@id":"http:\/\/universofamilia.com\/ja\/as-6-melhores-dicas-para-cuidar-bem-do-seu-guarda-roupa\/#breadcrumb"},"inLanguage":"sk-SK","potentialAction":[{"@type":"ReadAction","target":["http:\/\/universofamilia.com\/ja\/as-6-melhores-dicas-para-cuidar-bem-do-seu-guarda-roupa\/"]}]},{"@type":"ImageObject","inLanguage":"sk-SK","@id":"http:\/\/universofamilia.com\/ja\/as-6-melhores-dicas-para-cuidar-bem-do-seu-guarda-roupa\/#primaryimage","url":"http:\/\/universofamilia.com\/wp-content\/uploads\/sites\/148\/2023\/06\/FOTO-DESTAQUE-GUARDA-ROUPA-universo-familia-448x350-.png","contentUrl":"http:\/\/universofamilia.com\/wp-content\/uploads\/sites\/148\/2023\/06\/FOTO-DESTAQUE-GUARDA-ROUPA-universo-familia-448x350-.png","width":448,"height":350},{"@type":"BreadcrumbList","@id":"http:\/\/universofamilia.com\/ja\/as-6-melhores-dicas-para-cuidar-bem-do-seu-guarda-roupa\/#breadcrumb","itemListElement":[{"@type":"ListItem","position":1,"name":"Home","item":"https:\/\/universofamilia.com\/el\/"},{"@type":"ListItem","position":2,"name":"As 6 Melhores Dicas para Cuidar Bem do seu Guarda-Roupa"}]},{"@type":"WebSite","@id":"https:\/\/universofamilia.com\/el\/#website","url":"https:\/\/universofamilia.com\/el\/","name":"Universo Fam\u00edlia","description":"","potentialAction":[{"@type":"SearchAction","target":{"@type":"EntryPoint","urlTemplate":"https:\/\/universofamilia.com\/el\/?s={search_term_string}"},"query-input":"required name=search_term_string"}],"inLanguage":"sk-SK"}]}},"_links":{"self":[{"href":"http:\/\/universofamilia.com\/sk\/wp-json\/wp\/v2\/posts\/2130"}],"collection":[{"href":"http:\/\/universofamilia.com\/sk\/wp-json\/wp\/v2\/posts"}],"about":[{"href":"http:\/\/universofamilia.com\/sk\/wp-json\/wp\/v2\/types\/post"}],"replies":[{"embeddable":true,"href":"http:\/\/universofamilia.com\/sk\/wp-json\/wp\/v2\/comments?post=2130"}],"version-history":[{"count":0,"href":"http:\/\/universofamilia.com\/sk\/wp-json\/wp\/v2\/posts\/2130\/revisions"}],"wp:featuredmedia":[{"embeddable":true,"href":"http:\/\/universofamilia.com\/sk\/wp-json\/wp\/v2\/media\/2137"}],"wp:attachment":[{"href":"http:\/\/universofamilia.com\/sk\/wp-json\/wp\/v2\/media?parent=2130"}],"wp:term":[{"taxonomy":"category","embeddable":true,"href":"http:\/\/universofamilia.com\/sk\/wp-json\/wp\/v2\/categories?post=2130"},{"taxonomy":"post_tag","embeddable":true,"href":"http:\/\/universofamilia.com\/sk\/wp-json\/wp\/v2\/tags?post=2130"}],"curies":[{"name":"wp","href":"https:\/\/api.w.org\/{rel}","templated":true}]}}