{"id":2359,"date":"2023-06-10T21:30:12","date_gmt":"2023-06-11T00:30:12","guid":{"rendered":"https:\/\/universofamilia.com\/?p=2359"},"modified":"2025-01-28T15:03:22","modified_gmt":"2025-01-28T15:03:22","slug":"10-dicas-funcionais-para-monta-um-quarto-de-bebe-funcional","status":"publish","type":"post","link":"http:\/\/universofamilia.com\/sk\/10-dicas-funcionais-para-monta-um-quarto-de-bebe-funcional\/","title":{"rendered":"10 praktick\u00fdch tipov na zariadenie detskej izby"},"content":{"rendered":"<p>Bem-vinda (o) ao magick\u00fd okamih zaria\u010fovania detskej izby! Pozrite si 10 funk\u010dn\u00fdch prvkov na mont\u00e1\u017e detskej izby.<\/p>\n\n\n\n<p>V tejto pr\u00edru\u010dke sa s vami podel\u00edme o niektor\u00e9 z\u00e1kladn\u00e9 veci na vytvorenie funk\u010dn\u00e9ho a o\u010daruj\u00faceho prostredia pre v\u00e1\u0161 mal\u00fd poklad.<\/p>\n\n\n\n<p>Od v\u00fdberu t\u00e9my a\u017e po personalizovan\u00e9 detaily, ria\u010fte sa na\u0161imi pokynmi, aby bol tento priestor jedine\u010dn\u00fd a pr\u00edvetiv\u00fd.<\/p>\n\n\n\n<p>Nakoniec bude bonus, ktor\u00fd v\u00e1m ve\u013emi pom\u00f4\u017ee.<\/p>\n\n\n<div class=\"wp-block-image\">\n<figure class=\"aligncenter size-full\"><img loading=\"lazy\" decoding=\"async\" width=\"800\" height=\"560\" src=\"http:\/\/universofamilia.com\/wp-content\/uploads\/sites\/148\/2023\/06\/POST-10-Dicas-Funcionais-para-Montar-um-Quarto-de-Bebe-Funcional-UNIVERSO-FAMILIA-5.png\" alt=\"\" class=\"wp-image-2365\" srcset=\"http:\/\/universofamilia.com\/wp-content\/uploads\/sites\/148\/2023\/06\/POST-10-Dicas-Funcionais-para-Montar-um-Quarto-de-Bebe-Funcional-UNIVERSO-FAMILIA-5.png 800w, http:\/\/universofamilia.com\/wp-content\/uploads\/sites\/148\/2023\/06\/POST-10-Dicas-Funcionais-para-Montar-um-Quarto-de-Bebe-Funcional-UNIVERSO-FAMILIA-5-300x210.png 300w, http:\/\/universofamilia.com\/wp-content\/uploads\/sites\/148\/2023\/06\/POST-10-Dicas-Funcionais-para-Montar-um-Quarto-de-Bebe-Funcional-UNIVERSO-FAMILIA-5-768x538.png 768w\" sizes=\"(max-width: 800px) 100vw, 800px\" \/><figcaption class=\"wp-element-caption\"><em>Foto: (reprodukcia\/internet)<\/em><\/figcaption><\/figure><\/div>\n\n\n<h3 class=\"wp-block-heading\">Pre\u010d\u00edtajte si tie\u017e:<\/h3>\n\n\n\n<p><a href=\"http:\/\/universofamilia.com\/sk\/o-que-influencia-o-sono-do-bebe\/\" target=\"_blank\" rel=\"noreferrer noopener\">O Que Influence no Sono do B\u00ea | Ber\u00e7o, spolo\u010dn\u00e1 poste\u013e alebo Montessoriana?<\/a><\/p>\n\n\n\n<p><a href=\"http:\/\/universofamilia.com\/sk\/dicas-de-seguranca-para-o-sono-do-bebe-escolha-do-local-posicao-colchao-e-muito-mais\/\" target=\"_blank\" rel=\"noreferrer noopener\">Bezpe\u010dnostn\u00e9 pokyny pre syn\u010deka: bezpe\u010dn\u00e9 miesto, poloha, matrac a ove\u013ea viac<\/a><\/p>\n\n\n\n<h3 class=\"wp-block-heading\">V\u00fdber t\u00e9my a \u0161t\u00fdlu<\/h3>\n\n\n\n<p>Pri pl\u00e1novan\u00ed izby je d\u00f4le\u017eit\u00e9 vybra\u0165 si t\u00e9mu a \u0161t\u00fdl, ktor\u00fd vyjadruje harm\u00f3niu a pokoj.<\/p>\n\n\n\n<p>Preto zv\u00e1\u017ete osobnos\u0165 svojej rodiny a vyberte si dekor\u00e1ciu, ktor\u00e1 bude pre va\u0161u princezn\u00fa o\u010daruj\u00faca a podmaniv\u00e1.<\/p>\n\n\n\n<h3 class=\"wp-block-heading\">Jadr\u00e1 a dekor\u00e1cie<\/h3>\n\n\n\n<p>Tieto jadr\u00e1 hraj\u00fa k\u013e\u00fa\u010dov\u00fa \u00falohu pri vytv\u00e1ran\u00ed pokojn\u00e9ho prostredia. Na ma\u013eovanie stien zvo\u013ete jemn\u00e9 farby, ako je pastelovo ru\u017eov\u00e1, fialov\u00e1 alebo svetlomodr\u00e1.<\/p>\n\n\n\n<p>Kombinujte s tematick\u00fdmi dekorat\u00edvnymi prvkami, ako s\u00fa napr\u00edklad chrob\u00e1ky pel\u00facia, oblaky a hviezdy.<\/p>\n\n\n\n<h3 class=\"wp-block-heading\">Z\u00e1kladn\u00fd n\u00e1bytok<\/h3>\n\n\n<div class=\"wp-block-image\">\n<figure class=\"aligncenter size-full\"><img loading=\"lazy\" decoding=\"async\" width=\"800\" height=\"560\" src=\"http:\/\/universofamilia.com\/wp-content\/uploads\/sites\/148\/2023\/06\/POST-10-Dicas-Funcionais-para-Montar-um-Quarto-de-Bebe-Funcional-UNIVERSO-FAMILIA-1.png\" alt=\"\" class=\"wp-image-2361\" srcset=\"http:\/\/universofamilia.com\/wp-content\/uploads\/sites\/148\/2023\/06\/POST-10-Dicas-Funcionais-para-Montar-um-Quarto-de-Bebe-Funcional-UNIVERSO-FAMILIA-1.png 800w, http:\/\/universofamilia.com\/wp-content\/uploads\/sites\/148\/2023\/06\/POST-10-Dicas-Funcionais-para-Montar-um-Quarto-de-Bebe-Funcional-UNIVERSO-FAMILIA-1-300x210.png 300w, http:\/\/universofamilia.com\/wp-content\/uploads\/sites\/148\/2023\/06\/POST-10-Dicas-Funcionais-para-Montar-um-Quarto-de-Bebe-Funcional-UNIVERSO-FAMILIA-1-768x538.png 768w\" sizes=\"(max-width: 800px) 100vw, 800px\" \/><figcaption class=\"wp-element-caption\"><em>Foto: (reprodukcia\/internet)<\/em><\/figcaption><\/figure><\/div>\n\n\n<p>Va\u0161e pohyby s\u00fa nevyhnutn\u00e9 pre funk\u010dn\u00fa izbu. Investujte do pohodln\u00e9ho a bezpe\u010dn\u00e9ho \u00falo\u017en\u00e9ho priestoru, priestrannej komody na oble\u010denie a sukne a ve\u0161iaka na oble\u010denie s praktick\u00fdmi prie\u010dkami na usporiadanie vec\u00ed v\u00e1\u0161ho die\u0165a\u0165a.<\/p>\n\n\n\n<h3 class=\"wp-block-heading\">Osvetlenie a vetranie<\/h3>\n\n\n\n<p>Dostato\u010dn\u00e9 osvetlenie vytv\u00e1ra \u00fatuln\u00fa a relaxa\u010dn\u00fa atmosf\u00e9ru. Zvo\u013ete svetl\u00e1 s jemn\u00fdm, nastavite\u013en\u00fdm svetlom, ide\u00e1lne na ve\u010dern\u00e9 doj\u010denie.<\/p>\n\n\n\n<p>Taktie\u017e sa uistite, \u017ee m\u00e1te z\u00e1clony alebo \u017eal\u00fazie, ktor\u00e9 blokuj\u00fa svetlo a zaru\u010duj\u00fa s\u00fakromie v\u00e1\u0161ho die\u0165a\u0165a.<\/p>\n\n\n\n<h3 class=\"wp-block-heading\">Organiz\u00e1cia a skladovanie<\/h3>\n\n\n\n<p>Udr\u017eiavanie poriadku v izbe je nevyhnutn\u00e9 pre u\u013eah\u010denie ka\u017edodenn\u00e9ho \u017eivota s va\u0161\u00edm die\u0165a\u0165om. Na vystavenie dekorat\u00edvnych predmetov a hra\u010diek pou\u017eite police a v\u00fdklenky. Organiz\u00e9ry a ko\u0161\u00edky s\u00fa ide\u00e1lne na ulo\u017eenie oble\u010denia, oble\u010denia a doplnkov, v\u010faka \u010domu m\u00e1te v\u0161etko na dosah ruky.<\/p>\n\n\n<div class=\"wp-block-image\">\n<figure class=\"aligncenter size-full\"><img loading=\"lazy\" decoding=\"async\" width=\"800\" height=\"560\" src=\"http:\/\/universofamilia.com\/wp-content\/uploads\/sites\/148\/2023\/06\/POST-10-Dicas-Funcionais-para-Montar-um-Quarto-de-Bebe-Funcional-UNIVERSO-FAMILIA-2.png\" alt=\"\" class=\"wp-image-2362\" srcset=\"http:\/\/universofamilia.com\/wp-content\/uploads\/sites\/148\/2023\/06\/POST-10-Dicas-Funcionais-para-Montar-um-Quarto-de-Bebe-Funcional-UNIVERSO-FAMILIA-2.png 800w, http:\/\/universofamilia.com\/wp-content\/uploads\/sites\/148\/2023\/06\/POST-10-Dicas-Funcionais-para-Montar-um-Quarto-de-Bebe-Funcional-UNIVERSO-FAMILIA-2-300x210.png 300w, http:\/\/universofamilia.com\/wp-content\/uploads\/sites\/148\/2023\/06\/POST-10-Dicas-Funcionais-para-Montar-um-Quarto-de-Bebe-Funcional-UNIVERSO-FAMILIA-2-768x538.png 768w\" sizes=\"(max-width: 800px) 100vw, 800px\" \/><figcaption class=\"wp-element-caption\"><em>Foto: (reprodukcia\/internet)<\/em><\/figcaption><\/figure><\/div>\n\n\n<h3 class=\"wp-block-heading\">Bezpe\u010dnos\u0165 a praktickos\u0165<\/h3>\n\n\n\n<p>Pri zaria\u010fovan\u00ed izby by mala by\u0165 bezpe\u010dnos\u0165 die\u0165a\u0165a v\u017edy prioritou.<\/p>\n\n\n\n<p>Aby ste predi\u0161li nehod\u00e1m, nezabudnite nain\u0161talova\u0165 chr\u00e1ni\u010de z\u00e1suviek, bezpe\u010dnostn\u00e9 z\u00e1mky na z\u00e1suvky a skrinky a odstr\u00e1\u0148te n\u00e1bytok so zaoblen\u00fdmi hranami.<\/p>\n\n\n\n<p>Taktie\u017e uchov\u00e1vajte chemik\u00e1lie a ostr\u00e9 predmety mimo dosahu v\u00e1\u0161ho die\u0165a\u0165a, \u010d\u00edm zabezpe\u010d\u00edte bezpe\u010dn\u00e9 a praktick\u00e9 prostredie.<\/p>\n\n\n\n<h3 class=\"wp-block-heading\">Personalizovan\u00e9 detaily<\/h3>\n\n\n\n<p>Dodajte detskej izbe \u0161peci\u00e1lny n\u00e1dych personalizovan\u00fdmi detailmi<\/p>\n\n\n\n<p>Dekorat\u00edvne ma\u013eby s jemn\u00fdmi obr\u00e1zkami, rodinn\u00e9 fotografie a plakety s menom v\u00e1\u0161ho anjinho dod\u00e1vaj\u00fa prostrediu jedine\u010dn\u00e9 \u010daro. M\u00e4kk\u00e9 vank\u00fa\u0161e a koberce tak poskytuj\u00fa pohodlie a \u00fatulnos\u0165.<\/p>\n\n\n\n<h3 class=\"wp-block-heading\">Doj\u010diaca jed\u00e1le\u0148<\/h3>\n\n\n<div class=\"wp-block-image\">\n<figure class=\"aligncenter size-full\"><img loading=\"lazy\" decoding=\"async\" width=\"800\" height=\"560\" src=\"http:\/\/universofamilia.com\/wp-content\/uploads\/sites\/148\/2023\/06\/POST-10-Dicas-Funcionais-para-Montar-um-Quarto-de-Bebe-Funcional-UNIVERSO-FAMILIA-3.png\" alt=\"\" class=\"wp-image-2363\" srcset=\"http:\/\/universofamilia.com\/wp-content\/uploads\/sites\/148\/2023\/06\/POST-10-Dicas-Funcionais-para-Montar-um-Quarto-de-Bebe-Funcional-UNIVERSO-FAMILIA-3.png 800w, http:\/\/universofamilia.com\/wp-content\/uploads\/sites\/148\/2023\/06\/POST-10-Dicas-Funcionais-para-Montar-um-Quarto-de-Bebe-Funcional-UNIVERSO-FAMILIA-3-300x210.png 300w, http:\/\/universofamilia.com\/wp-content\/uploads\/sites\/148\/2023\/06\/POST-10-Dicas-Funcionais-para-Montar-um-Quarto-de-Bebe-Funcional-UNIVERSO-FAMILIA-3-768x538.png 768w\" sizes=\"(max-width: 800px) 100vw, 800px\" \/><figcaption class=\"wp-element-caption\"><em>Foto: (reprodukcia\/internet)<\/em><\/figcaption><\/figure><\/div>\n\n\n<p>Pr\u00edprava detskej f\u013ea\u0161e na k\u0155menie je nevyhnutn\u00e1 pre posilnenie puta s va\u0161\u00edm die\u0165a\u0165om. Investujte do pohodlnej a ergonomickej stoli\u010dky, kde si m\u00f4\u017eete po\u010das or\u00e1lneho sexu odd\u00fdchnu\u0165.<\/p>\n\n\n\n<p>Doj\u010densk\u00fd vank\u00fa\u0161 poskytuje b\u00e1b\u00e4tku dostato\u010dn\u00fa oporu, v\u010faka \u010domu je tento okamih pokojnej\u0161\u00ed. Skr\u00e1tka, nie je potrebn\u00e9 prid\u00e1va\u0165 doj\u010densk\u00fa podlo\u017eku ani podporu pre pr\u00edslu\u0161enstvo, ako s\u00fa f\u013ea\u0161e a masti.<\/p>\n\n\n\n<h3 class=\"wp-block-heading\">Z\u00e1ver<\/h3>\n\n\n\n<p>Zaria\u010fovanie detskej izby je vzru\u0161uj\u00faci moment a prekon\u00e1va o\u010dak\u00e1vania. Dodr\u017ean\u00edm t\u00fdchto 10 funguj\u00facich krokov vytvor\u00edte pohodln\u00fd, bezpe\u010dn\u00fd a funk\u010dn\u00fd priestor pre v\u00e1\u0161 mal\u00fd poklad.<\/p>\n\n\n\n<p>Je zn\u00e1me, \u017ee ka\u017ed\u00fd detail je d\u00f4le\u017eit\u00fd, od m\u00e4kk\u00fdch jadier a\u017e po praktick\u00e9 a personalizovan\u00e9 stroj\u010deky.<\/p>\n\n\n\n<p>Vyu\u017eite tento jedine\u010dn\u00fd okamih a pripravte sa na priv\u00edtanie svojho b\u00e1b\u00e4tka v pr\u00edjemnom prostred\u00ed l\u00e1sky a starostlivosti.<\/p>\n\n\n\n<h3 class=\"wp-block-heading\">Bonus \u2013 Naj\u010dastej\u0161ie kladen\u00e9 ot\u00e1zky medzi krajinami<\/h3>\n\n\n\n<p><strong>1. Ako si m\u00f4\u017eem zariadi\u0165 detsk\u00fa izbu v malom priestore?<\/strong><\/p>\n\n\n\n<p>Pre optimaliz\u00e1ciu priestoru v malej miestnosti si vyberte multifunk\u010dn\u00fd n\u00e1bytok, ako s\u00fa police so vstavan\u00fdmi z\u00e1suvkami a komody, ktor\u00e9 sl\u00fa\u017eia aj ako \u00falo\u017en\u00fd priestor. Nakoniec, pre \u00fasporu miesta pou\u017eite police a v\u00fdklenky v sten\u00e1ch.<\/p>\n\n\n\n<p><strong>2. Ak\u00e9 d\u00f4le\u017eit\u00e9 je vybera\u0165 si odoln\u00e9 a bezpe\u010dn\u00e9 vozidl\u00e1?<\/strong><\/p>\n\n\n\n<p>Odoln\u00e9 a bezpe\u010dn\u00e9 pohyby zaru\u010duj\u00fa bezpe\u010dnos\u0165 b\u00e1b\u00e4tiek a dlh\u00fa \u017eivotnos\u0165 oboch pohybov. Z\u00e1rove\u0148 sa uistite, \u017ee si vyber\u00e1te produkty s bezpe\u010dnostn\u00fdmi certifik\u00e1tmi a kvalitn\u00fdmi materi\u00e1lmi, ktor\u00e9 odol\u00e1vaj\u00fa ka\u017edodenn\u00e9mu pou\u017e\u00edvaniu.<\/p>\n\n\n\n<p><strong>3. Ktor\u00e9 jadr\u00e1 s\u00fa najvhodnej\u0161ie do detskej izby?<\/strong><\/p>\n\n\n\n<p>Jemn\u00e9 farby, ako je pastelovo ru\u017eov\u00e1, fialov\u00e1, svetlomodr\u00e1 a neutr\u00e1lne t\u00f3ny, vytv\u00e1raj\u00fa pokojn\u00fa a relaxa\u010dn\u00fa atmosf\u00e9ru. Vyhnite sa vibra\u010dn\u00fdm jadr\u00e1m, preto\u017ee m\u00f4\u017eu die\u0165a pr\u00edli\u0161 stimulova\u0165.<\/p>\n\n\n\n<p><strong>4. \u010co by som mal zv\u00e1\u017ei\u0165 pri zakladan\u00ed o\u0161etrovate\u013esk\u00e9ho zariadenia?<\/strong><\/p>\n\n\n\n<p>Pohodln\u00e1 doj\u010densk\u00e1 stoli\u010dka vy\u017eaduje ergonomick\u00fa stoli\u010dku, doj\u010densk\u00fd vank\u00fa\u0161 pre dostato\u010dn\u00fa oporu a stoli\u010dku alebo oporu pre z\u00e1kladn\u00e9 pr\u00edslu\u0161enstvo.<\/p>\n\n\n\n<p>Preto sa uistite, \u017ee m\u00e1te dobr\u00e9 osvetlenie a tich\u00e9 miesto, aby ste vytvorili relaxa\u010dn\u00fa atmosf\u00e9ru.<\/p>\n\n\n<div class=\"wp-block-image\">\n<figure class=\"aligncenter size-full\"><img loading=\"lazy\" decoding=\"async\" width=\"800\" height=\"560\" src=\"http:\/\/universofamilia.com\/wp-content\/uploads\/sites\/148\/2023\/06\/POST-10-Dicas-Funcionais-para-Montar-um-Quarto-de-Bebe-Funcional-UNIVERSO-FAMILIA-4.png\" alt=\"\" class=\"wp-image-2364\" srcset=\"http:\/\/universofamilia.com\/wp-content\/uploads\/sites\/148\/2023\/06\/POST-10-Dicas-Funcionais-para-Montar-um-Quarto-de-Bebe-Funcional-UNIVERSO-FAMILIA-4.png 800w, http:\/\/universofamilia.com\/wp-content\/uploads\/sites\/148\/2023\/06\/POST-10-Dicas-Funcionais-para-Montar-um-Quarto-de-Bebe-Funcional-UNIVERSO-FAMILIA-4-300x210.png 300w, http:\/\/universofamilia.com\/wp-content\/uploads\/sites\/148\/2023\/06\/POST-10-Dicas-Funcionais-para-Montar-um-Quarto-de-Bebe-Funcional-UNIVERSO-FAMILIA-4-768x538.png 768w\" sizes=\"(max-width: 800px) 100vw, 800px\" \/><figcaption class=\"wp-element-caption\"><em>Foto: (reprodukcia\/internet)<\/em><\/figcaption><\/figure><\/div>\n\n\n<p><strong>5. Ako m\u00f4\u017eem prida\u0165 personalizovan\u00e9 detaily do detskej izby?<\/strong><\/p>\n\n\n\n<p>Pou\u017e\u00edvajte ozdobn\u00e9 r\u00e1my s jemn\u00fdmi obr\u00e1zkami, ako s\u00fa ilustr\u00e1cie alebo fotografie, ktor\u00e9 maj\u00fa pre rodinu v\u00fdznam.<\/p>\n\n\n\n<p>Izbu si m\u00f4\u017eete prisp\u00f4sobi\u0165 aj plaketami, ako je meno die\u0165a\u0165a, ozdobn\u00fdmi n\u00e1lepkami na stenu alebo dokonca n\u00e1bytkom na mieru. Tieto mal\u00e9 detaily tak dodaj\u00fa prostrediu jedine\u010dn\u00fd a \u0161peci\u00e1lny n\u00e1dych.<\/p>\n\n\n\n<p>Skr\u00e1tka, teraz, ke\u010f m\u00e1te v\u0161etky potrebn\u00e9 kroky na zariadenie funk\u010dnej detskej izby, je \u010das vynalo\u017ei\u0165 viac \u00fasilia a vytvori\u0165 o\u010daruj\u00faci priestor pre v\u00e1\u0161 mal\u00fd poklad.<\/p>\n\n\n\n<p>Preto je d\u00f4le\u017eit\u00e9 pri rozhodovan\u00ed o zaria\u010fovan\u00ed a s\u0165ahovan\u00ed zv\u00e1\u017ei\u0165 bezpe\u010dnos\u0165, praktickos\u0165 a osobn\u00fd vkus rodiny. <\/p>\n\n\n\n<p>Preto vyu\u017eite tento v\u00fdnimo\u010dn\u00fd okamih a pripravte sa na priv\u00edtanie svojho b\u00e1b\u00e4tka v pr\u00edjemnom a l\u00e1skyplnom prostred\u00ed.<\/p>\n\n\n\n<p>Potrebujem doplnky a oble\u010denie, viem |&nbsp;<a href=\"https:\/\/www.luzbaby.com.br\/\" target=\"_blank\" rel=\"noreferrer noopener\">Luz Baby je jeden z najlep\u0161\u00edch obchodov s detsk\u00fdmi potrebami. Kliknite sem.<\/a><\/p>","protected":false},"excerpt":{"rendered":"<p>Bem-vinda (o) ao magick\u00fd okamih zaria\u010fovania detskej izby!<\/p>\n<p>V tejto pr\u00edru\u010dke sa s vami podel\u00edme o 10 z\u00e1kladn\u00fdch tipov na vytvorenie funk\u010dn\u00e9ho a p\u00f4vabn\u00e9ho prostredia pre v\u00e1\u0161 mal\u00fd poklad.<\/p>\n<p>Od v\u00fdberu t\u00e9my a\u017e po personalizovan\u00e9 detaily, ria\u010fte sa na\u0161imi pokynmi, aby bol tento priestor jedine\u010dn\u00fd a pr\u00edvetiv\u00fd.<\/p>\n<p>Nakoniec bude bonus, ktor\u00fd v\u00e1m ve\u013emi pom\u00f4\u017ee.<\/p>","protected":false},"author":139,"featured_media":2366,"comment_status":"closed","ping_status":"open","sticky":false,"template":"","format":"standard","meta":{"footnotes":""},"categories":[3],"tags":[28,719,773],"yoast_head":"<!-- This site is optimized with the Yoast SEO plugin v23.3 - https:\/\/yoast.com\/wordpress\/plugins\/seo\/ -->\n<title>10 Dicas Funcionais para Montar o Quarto de Beb\u00ea - Universo Fam\u00edlia<\/title>\n<meta name=\"description\" content=\"10 Dicas Funcionais para Montar um Quarto de Beb\u00ea Funcional. Bem-vinda (o) ao momento m\u00e1gico de montar o quarto do seu beb\u00ea\" \/>\n<meta name=\"robots\" content=\"index, follow, max-snippet:-1, max-image-preview:large, max-video-preview:-1\" \/>\n<link rel=\"canonical\" href=\"http:\/\/universofamilia.com\/sk\/10-dicas-funcionais-para-monta-um-quarto-de-bebe-funcional\/\" \/>\n<meta property=\"og:locale\" content=\"sk_SK\" \/>\n<meta property=\"og:type\" content=\"article\" \/>\n<meta property=\"og:title\" content=\"10 Dicas Funcionais para Montar o Quarto de Beb\u00ea - Universo Fam\u00edlia\" \/>\n<meta property=\"og:description\" content=\"10 Dicas Funcionais para Montar um Quarto de Beb\u00ea Funcional. Bem-vinda (o) ao momento m\u00e1gico de montar o quarto do seu beb\u00ea\" \/>\n<meta property=\"og:url\" content=\"http:\/\/universofamilia.com\/sk\/10-dicas-funcionais-para-monta-um-quarto-de-bebe-funcional\/\" \/>\n<meta property=\"og:site_name\" content=\"Universo Fam\u00edlia\" \/>\n<meta property=\"article:published_time\" content=\"2023-06-11T00:30:12+00:00\" \/>\n<meta property=\"article:modified_time\" content=\"2025-01-28T15:03:22+00:00\" \/>\n<meta property=\"og:image\" content=\"http:\/\/universofamilia.com\/wp-content\/uploads\/sites\/148\/2023\/06\/FOTO-DESTAQUE-10-Dicas-Funcionais-para-Montar-um-Quarto-de-Bebe-Funcional-a-universo-familia-448x350-.png\" \/>\n\t<meta property=\"og:image:width\" content=\"448\" \/>\n\t<meta property=\"og:image:height\" content=\"350\" \/>\n\t<meta property=\"og:image:type\" content=\"image\/png\" \/>\n<meta name=\"author\" content=\"Pedro Henrique\" \/>\n<meta name=\"twitter:card\" content=\"summary_large_image\" \/>\n<meta name=\"twitter:label1\" content=\"Written by\" \/>\n\t<meta name=\"twitter:data1\" content=\"Pedro Henrique\" \/>\n\t<meta name=\"twitter:label2\" content=\"Est. reading time\" \/>\n\t<meta name=\"twitter:data2\" content=\"7 min\u00fat\" \/>\n<script type=\"application\/ld+json\" class=\"yoast-schema-graph\">{\"@context\":\"https:\/\/schema.org\",\"@graph\":[{\"@type\":\"WebPage\",\"@id\":\"http:\/\/universofamilia.com\/hr\/10-dicas-funcionais-para-monta-um-quarto-de-bebe-funcional\/\",\"url\":\"http:\/\/universofamilia.com\/hr\/10-dicas-funcionais-para-monta-um-quarto-de-bebe-funcional\/\",\"name\":\"10 Dicas Funcionais para Montar o Quarto de Beb\u00ea - Universo Fam\u00edlia\",\"isPartOf\":{\"@id\":\"https:\/\/universofamilia.com\/el\/#website\"},\"primaryImageOfPage\":{\"@id\":\"http:\/\/universofamilia.com\/hr\/10-dicas-funcionais-para-monta-um-quarto-de-bebe-funcional\/#primaryimage\"},\"image\":{\"@id\":\"http:\/\/universofamilia.com\/hr\/10-dicas-funcionais-para-monta-um-quarto-de-bebe-funcional\/#primaryimage\"},\"thumbnailUrl\":\"http:\/\/universofamilia.com\/wp-content\/uploads\/sites\/148\/2023\/06\/FOTO-DESTAQUE-10-Dicas-Funcionais-para-Montar-um-Quarto-de-Bebe-Funcional-a-universo-familia-448x350-.png\",\"datePublished\":\"2023-06-11T00:30:12+00:00\",\"dateModified\":\"2025-01-28T15:03:22+00:00\",\"author\":{\"@id\":\"https:\/\/universofamilia.com\/el\/#\/schema\/person\/f07ce98187dd84d31154262e79b3b7ca\"},\"description\":\"10 Dicas Funcionais para Montar um Quarto de Beb\u00ea Funcional. Bem-vinda (o) ao momento m\u00e1gico de montar o quarto do seu beb\u00ea\",\"breadcrumb\":{\"@id\":\"http:\/\/universofamilia.com\/hr\/10-dicas-funcionais-para-monta-um-quarto-de-bebe-funcional\/#breadcrumb\"},\"inLanguage\":\"sk-SK\",\"potentialAction\":[{\"@type\":\"ReadAction\",\"target\":[\"http:\/\/universofamilia.com\/hr\/10-dicas-funcionais-para-monta-um-quarto-de-bebe-funcional\/\"]}]},{\"@type\":\"ImageObject\",\"inLanguage\":\"sk-SK\",\"@id\":\"http:\/\/universofamilia.com\/hr\/10-dicas-funcionais-para-monta-um-quarto-de-bebe-funcional\/#primaryimage\",\"url\":\"http:\/\/universofamilia.com\/wp-content\/uploads\/sites\/148\/2023\/06\/FOTO-DESTAQUE-10-Dicas-Funcionais-para-Montar-um-Quarto-de-Bebe-Funcional-a-universo-familia-448x350-.png\",\"contentUrl\":\"http:\/\/universofamilia.com\/wp-content\/uploads\/sites\/148\/2023\/06\/FOTO-DESTAQUE-10-Dicas-Funcionais-para-Montar-um-Quarto-de-Bebe-Funcional-a-universo-familia-448x350-.png\",\"width\":448,\"height\":350},{\"@type\":\"BreadcrumbList\",\"@id\":\"http:\/\/universofamilia.com\/hr\/10-dicas-funcionais-para-monta-um-quarto-de-bebe-funcional\/#breadcrumb\",\"itemListElement\":[{\"@type\":\"ListItem\",\"position\":1,\"name\":\"Home\",\"item\":\"https:\/\/universofamilia.com\/el\/\"},{\"@type\":\"ListItem\",\"position\":2,\"name\":\"10 Dicas Funcionais para Montar o Quarto de Beb\u00ea\"}]},{\"@type\":\"WebSite\",\"@id\":\"https:\/\/universofamilia.com\/el\/#website\",\"url\":\"https:\/\/universofamilia.com\/el\/\",\"name\":\"Universo Fam\u00edlia\",\"description\":\"\",\"potentialAction\":[{\"@type\":\"SearchAction\",\"target\":{\"@type\":\"EntryPoint\",\"urlTemplate\":\"https:\/\/universofamilia.com\/el\/?s={search_term_string}\"},\"query-input\":\"required name=search_term_string\"}],\"inLanguage\":\"sk-SK\"},{\"@type\":\"Person\",\"@id\":\"https:\/\/universofamilia.com\/el\/#\/schema\/person\/f07ce98187dd84d31154262e79b3b7ca\",\"name\":\"Pedro Henrique\",\"image\":{\"@type\":\"ImageObject\",\"inLanguage\":\"sk-SK\",\"@id\":\"https:\/\/universofamilia.com\/el\/#\/schema\/person\/image\/\",\"url\":\"http:\/\/0.gravatar.com\/avatar\/9edfeb808cb4e1599f64d6e45b130154?s=96&d=mm&r=g\",\"contentUrl\":\"http:\/\/0.gravatar.com\/avatar\/9edfeb808cb4e1599f64d6e45b130154?s=96&d=mm&r=g\",\"caption\":\"Pedro Henrique\"},\"url\":\"http:\/\/universofamilia.com\/sk\/author\/editor01\/\"}]}<\/script>\n<!-- \/ Yoast SEO plugin. -->","yoast_head_json":{"title":"10 Dicas Funcionais para Montar o Quarto de Beb\u00ea - Universo Fam\u00edlia","description":"10 Dicas Funcionais para Montar um Quarto de Beb\u00ea Funcional. Bem-vinda (o) ao momento m\u00e1gico de montar o quarto do seu beb\u00ea","robots":{"index":"index","follow":"follow","max-snippet":"max-snippet:-1","max-image-preview":"max-image-preview:large","max-video-preview":"max-video-preview:-1"},"canonical":"http:\/\/universofamilia.com\/sk\/10-dicas-funcionais-para-monta-um-quarto-de-bebe-funcional\/","og_locale":"sk_SK","og_type":"article","og_title":"10 Dicas Funcionais para Montar o Quarto de Beb\u00ea - Universo Fam\u00edlia","og_description":"10 Dicas Funcionais para Montar um Quarto de Beb\u00ea Funcional. Bem-vinda (o) ao momento m\u00e1gico de montar o quarto do seu beb\u00ea","og_url":"http:\/\/universofamilia.com\/sk\/10-dicas-funcionais-para-monta-um-quarto-de-bebe-funcional\/","og_site_name":"Universo Fam\u00edlia","article_published_time":"2023-06-11T00:30:12+00:00","article_modified_time":"2025-01-28T15:03:22+00:00","og_image":[{"width":448,"height":350,"url":"http:\/\/universofamilia.com\/wp-content\/uploads\/sites\/148\/2023\/06\/FOTO-DESTAQUE-10-Dicas-Funcionais-para-Montar-um-Quarto-de-Bebe-Funcional-a-universo-familia-448x350-.png","type":"image\/png"}],"author":"Pedro Henrique","twitter_card":"summary_large_image","twitter_misc":{"Written by":"Pedro Henrique","Est. reading time":"7 min\u00fat"},"schema":{"@context":"https:\/\/schema.org","@graph":[{"@type":"WebPage","@id":"http:\/\/universofamilia.com\/hr\/10-dicas-funcionais-para-monta-um-quarto-de-bebe-funcional\/","url":"http:\/\/universofamilia.com\/hr\/10-dicas-funcionais-para-monta-um-quarto-de-bebe-funcional\/","name":"10 Dicas Funcionais para Montar o Quarto de Beb\u00ea - Universo Fam\u00edlia","isPartOf":{"@id":"https:\/\/universofamilia.com\/el\/#website"},"primaryImageOfPage":{"@id":"http:\/\/universofamilia.com\/hr\/10-dicas-funcionais-para-monta-um-quarto-de-bebe-funcional\/#primaryimage"},"image":{"@id":"http:\/\/universofamilia.com\/hr\/10-dicas-funcionais-para-monta-um-quarto-de-bebe-funcional\/#primaryimage"},"thumbnailUrl":"http:\/\/universofamilia.com\/wp-content\/uploads\/sites\/148\/2023\/06\/FOTO-DESTAQUE-10-Dicas-Funcionais-para-Montar-um-Quarto-de-Bebe-Funcional-a-universo-familia-448x350-.png","datePublished":"2023-06-11T00:30:12+00:00","dateModified":"2025-01-28T15:03:22+00:00","author":{"@id":"https:\/\/universofamilia.com\/el\/#\/schema\/person\/f07ce98187dd84d31154262e79b3b7ca"},"description":"10 Dicas Funcionais para Montar um Quarto de Beb\u00ea Funcional. Bem-vinda (o) ao momento m\u00e1gico de montar o quarto do seu beb\u00ea","breadcrumb":{"@id":"http:\/\/universofamilia.com\/hr\/10-dicas-funcionais-para-monta-um-quarto-de-bebe-funcional\/#breadcrumb"},"inLanguage":"sk-SK","potentialAction":[{"@type":"ReadAction","target":["http:\/\/universofamilia.com\/hr\/10-dicas-funcionais-para-monta-um-quarto-de-bebe-funcional\/"]}]},{"@type":"ImageObject","inLanguage":"sk-SK","@id":"http:\/\/universofamilia.com\/hr\/10-dicas-funcionais-para-monta-um-quarto-de-bebe-funcional\/#primaryimage","url":"http:\/\/universofamilia.com\/wp-content\/uploads\/sites\/148\/2023\/06\/FOTO-DESTAQUE-10-Dicas-Funcionais-para-Montar-um-Quarto-de-Bebe-Funcional-a-universo-familia-448x350-.png","contentUrl":"http:\/\/universofamilia.com\/wp-content\/uploads\/sites\/148\/2023\/06\/FOTO-DESTAQUE-10-Dicas-Funcionais-para-Montar-um-Quarto-de-Bebe-Funcional-a-universo-familia-448x350-.png","width":448,"height":350},{"@type":"BreadcrumbList","@id":"http:\/\/universofamilia.com\/hr\/10-dicas-funcionais-para-monta-um-quarto-de-bebe-funcional\/#breadcrumb","itemListElement":[{"@type":"ListItem","position":1,"name":"Home","item":"https:\/\/universofamilia.com\/el\/"},{"@type":"ListItem","position":2,"name":"10 Dicas Funcionais para Montar o Quarto de Beb\u00ea"}]},{"@type":"WebSite","@id":"https:\/\/universofamilia.com\/el\/#website","url":"https:\/\/universofamilia.com\/el\/","name":"Universo Fam\u00edlia","description":"","potentialAction":[{"@type":"SearchAction","target":{"@type":"EntryPoint","urlTemplate":"https:\/\/universofamilia.com\/el\/?s={search_term_string}"},"query-input":"required name=search_term_string"}],"inLanguage":"sk-SK"},{"@type":"Person","@id":"https:\/\/universofamilia.com\/el\/#\/schema\/person\/f07ce98187dd84d31154262e79b3b7ca","name":"Pedro Henrique","image":{"@type":"ImageObject","inLanguage":"sk-SK","@id":"https:\/\/universofamilia.com\/el\/#\/schema\/person\/image\/","url":"http:\/\/0.gravatar.com\/avatar\/9edfeb808cb4e1599f64d6e45b130154?s=96&d=mm&r=g","contentUrl":"http:\/\/0.gravatar.com\/avatar\/9edfeb808cb4e1599f64d6e45b130154?s=96&d=mm&r=g","caption":"Pedro Henrique"},"url":"http:\/\/universofamilia.com\/sk\/author\/editor01\/"}]}},"_links":{"self":[{"href":"http:\/\/universofamilia.com\/sk\/wp-json\/wp\/v2\/posts\/2359"}],"collection":[{"href":"http:\/\/universofamilia.com\/sk\/wp-json\/wp\/v2\/posts"}],"about":[{"href":"http:\/\/universofamilia.com\/sk\/wp-json\/wp\/v2\/types\/post"}],"author":[{"embeddable":true,"href":"http:\/\/universofamilia.com\/sk\/wp-json\/wp\/v2\/users\/139"}],"replies":[{"embeddable":true,"href":"http:\/\/universofamilia.com\/sk\/wp-json\/wp\/v2\/comments?post=2359"}],"version-history":[{"count":1,"href":"http:\/\/universofamilia.com\/sk\/wp-json\/wp\/v2\/posts\/2359\/revisions"}],"predecessor-version":[{"id":8427,"href":"http:\/\/universofamilia.com\/sk\/wp-json\/wp\/v2\/posts\/2359\/revisions\/8427"}],"wp:featuredmedia":[{"embeddable":true,"href":"http:\/\/universofamilia.com\/sk\/wp-json\/wp\/v2\/media\/2366"}],"wp:attachment":[{"href":"http:\/\/universofamilia.com\/sk\/wp-json\/wp\/v2\/media?parent=2359"}],"wp:term":[{"taxonomy":"category","embeddable":true,"href":"http:\/\/universofamilia.com\/sk\/wp-json\/wp\/v2\/categories?post=2359"},{"taxonomy":"post_tag","embeddable":true,"href":"http:\/\/universofamilia.com\/sk\/wp-json\/wp\/v2\/tags?post=2359"}],"curies":[{"name":"wp","href":"https:\/\/api.w.org\/{rel}","templated":true}]}}