{"id":2752,"date":"2023-06-18T20:42:37","date_gmt":"2023-06-18T23:42:37","guid":{"rendered":"https:\/\/universofamilia.com\/?p=2752"},"modified":"2025-02-07T01:22:33","modified_gmt":"2025-02-07T01:22:33","slug":"posso-utilizar-ventilador-no-quarto-do-bebe","status":"publish","type":"post","link":"http:\/\/universofamilia.com\/sk\/posso-utilizar-ventilador-no-quarto-do-bebe\/","title":{"rendered":"M\u00f4\u017eem pou\u017ei\u0165 ventil\u00e1tor v detskej izbe?"},"content":{"rendered":"<p>M\u00f4\u017eem pou\u017e\u00edva\u0165 ventil\u00e1tor v detskej izbe? Pokia\u013e ide o vytvorenie pohodln\u00e9ho prostredia pre va\u0161e die\u0165a, ve\u013ea \u013eud\u00ed sa p\u00fdta, \u010di je bezpe\u010dn\u00e9 a prospe\u0161n\u00e9 pou\u017e\u00edva\u0165 ventil\u00e1tor v malej miestnosti.<\/p>\n\n\n\n<p>Okrem toho sa budeme touto ot\u00e1zkou zaobera\u0165 s inform\u00e1ciami o v\u00fdhod\u00e1ch a starostlivosti s\u00favisiacej s pou\u017e\u00edvan\u00edm ventil\u00e1torov v detskej izbe, ako aj zd\u00f4raznen\u00edm v\u00fdhod a nev\u00fdhod medzi detsk\u00fdm ventil\u00e1torom a be\u017en\u00fdm ventil\u00e1torom.<\/p>\n\n\n\n<p>\u010c\u00edtajte \u010falej a z\u00edskajte u\u017eito\u010dn\u00e9 rady a zabezpe\u010dte pohodlie v\u00e1\u0161ho die\u0165a\u0165a po\u010das nasleduj\u00facich dn\u00ed.<\/p>\n\n\n\n<p>Pre\u010d\u00edtajte si tie\u017e Ako vychova\u0165 brinquedotecu doma<\/p>\n\n\n<div class=\"wp-block-image\">\n<figure class=\"aligncenter size-full\"><img loading=\"lazy\" decoding=\"async\" width=\"550\" height=\"350\" src=\"http:\/\/universofamilia.com\/wp-content\/uploads\/sites\/148\/2023\/06\/POST-ventilador-de-teto-universo-familia-.png\" alt=\"\" class=\"wp-image-2755\" srcset=\"http:\/\/universofamilia.com\/wp-content\/uploads\/sites\/148\/2023\/06\/POST-ventilador-de-teto-universo-familia-.png 550w, http:\/\/universofamilia.com\/wp-content\/uploads\/sites\/148\/2023\/06\/POST-ventilador-de-teto-universo-familia--300x191.png 300w\" sizes=\"(max-width: 550px) 100vw, 550px\" \/><figcaption class=\"wp-element-caption\"><em>Foto: (reprodukcia\/internet)<\/em><\/figcaption><\/figure><\/div>\n\n\n<h3 class=\"wp-block-heading\"><strong>V\u00fdhody a starostlivos\u0165 o pou\u017e\u00edvanie ventil\u00e1tora v detskej izbe<\/strong><\/h3>\n\n\n\n<p>Pou\u017e\u00edvanie ventil\u00e1tora v detskej izbe m\u00f4\u017ee ma\u0165 nieko\u013eko v\u00fdhod, najm\u00e4 po\u010das chladnej\u0161\u00edch ro\u010dn\u00fdch obdob\u00ed. Ni\u017e\u0161ie uv\u00e1dzame niektor\u00e9 v\u00fdhody pou\u017e\u00edvania ventil\u00e1tora:<\/p>\n\n\n\n<p><strong>Regul\u00e1cia teploty<\/strong>Vhodn\u00fd ventil\u00e1tor m\u00f4\u017ee pom\u00f4c\u0165 udr\u017ea\u0165 prostredie chladn\u00e9 a pohodln\u00e9 pre die\u0165a, \u010d\u00edm sa zabr\u00e1ni nepohodliu sp\u00f4soben\u00e9mu nadmern\u00fdm teplom.<\/p>\n\n\n\n<p><strong>Cirkul\u00e1cia vzduchu<\/strong>Ventil\u00e1tor podporuje cirkul\u00e1ciu v detskej izbe, \u010d\u00edm zni\u017euje pocit vy\u010derpania a koncentr\u00e1ciu plynov a pachov.<\/p>\n\n\n\n<p><strong>Biely \u0161um<\/strong>Jemn\u00e9 svetlo ventil\u00e1tora m\u00f4\u017ee vytvori\u0165 upokojuj\u00faci biely \u0161um, ktor\u00fd pom\u00e1ha die\u0165a\u0165u relaxova\u0165 a \u013eah\u0161ie zaspa\u0165.<\/p>\n\n\n\n<p>Pou\u017e\u00edvanie ventil\u00e1tora m\u00e1 svoje v\u00fdhody, je v\u0161ak nevyhnutn\u00e9 dodr\u017eiava\u0165 ur\u010dit\u00e9 opatrenia na zaistenie bezpe\u010dnosti zdravia v\u00e1\u0161ho die\u0165a\u0165a:<\/p>\n\n\n\n<p><strong>Bezpe\u010dn\u00e1 vzdialenos\u0165<\/strong>Uistite sa, \u017ee ventil\u00e1tor je umiestnen\u00fd na bezpe\u010dnom mieste a mimo dosahu die\u0165a\u0165a. Taktie\u017e ho neumiest\u0148ujte do bl\u00edzkosti dver\u00ed alebo predmetov, na ktor\u00e9 sa deti m\u00f4\u017eu dosta\u0165.<\/p>\n\n\n\n<p><strong>Pravideln\u00e9 \u010distenie<\/strong>Udr\u017eujte ventil\u00e1tor \u010dist\u00fd a bez prachu, aby ste predi\u0161li \u0161\u00edreniu alerg\u00e9nov v prostred\u00ed.<\/p>\n\n\n\n<p><strong>Dostato\u010dn\u00e9 vetranie<\/strong>Ak sa rozhodnete pou\u017ei\u0165 ventil\u00e1tor, je d\u00f4le\u017eit\u00e9 zabezpe\u010di\u0165 dobr\u00e9 vetranie v miestnosti, otv\u00e1ra\u0165 dvere a dvere, aby mohol pr\u00fadi\u0165 \u010derstv\u00fd vzduch.<\/p>\n\n\n\n<h4 class=\"wp-block-heading\"><strong>Ventil\u00e1tor Teto verzus be\u017en\u00fd ventil\u00e1tor<\/strong><\/h4>\n\n\n\n<p>Teraz porovnajme v\u00fdhody a nev\u00fdhody stropn\u00e9ho ventil\u00e1tora a be\u017en\u00e9ho ventil\u00e1tora.<\/p>\n\n\n\n<h4 class=\"wp-block-heading\"><strong>Stropn\u00fd ventil\u00e1tor<\/strong><\/h4>\n\n\n<div class=\"wp-block-image\">\n<figure class=\"aligncenter size-full\"><img loading=\"lazy\" decoding=\"async\" width=\"550\" height=\"350\" src=\"http:\/\/universofamilia.com\/wp-content\/uploads\/sites\/148\/2023\/06\/POST-ventilador-de-teto-universo-familia-1-1.png\" alt=\"\" class=\"wp-image-2754\" srcset=\"http:\/\/universofamilia.com\/wp-content\/uploads\/sites\/148\/2023\/06\/POST-ventilador-de-teto-universo-familia-1-1.png 550w, http:\/\/universofamilia.com\/wp-content\/uploads\/sites\/148\/2023\/06\/POST-ventilador-de-teto-universo-familia-1-1-300x191.png 300w\" sizes=\"(max-width: 550px) 100vw, 550px\" \/><figcaption class=\"wp-element-caption\"><em>Foto: (reprodukcia\/internet)<\/em><\/figcaption><\/figure><\/div>\n\n\n<h5 class=\"wp-block-heading\"><strong>V\u00fdhody<\/strong><\/h5>\n\n\n\n<p><strong>Vesm\u00edrna ekonomika<\/strong>Stropn\u00fd ventil\u00e1tor je upevnen\u00fd na strope, \u010d\u00edm zaber\u00e1 menej miesta v detskej izbe.<\/p>\n\n\n\n<p><strong>Rovnomern\u00e9 rozdelenie<\/strong>Zadn\u00fd ventil\u00e1tor pracuje v prostred\u00ed rovnomernej\u0161ie a vytv\u00e1ra pr\u00edjemn\u00fd pocit.<\/p>\n\n\n\n<p><strong>Bezpe\u010dnos\u0165<\/strong>Ke\u010f\u017ee nie je vysok\u00fd, stropn\u00fd ventil\u00e1tor je mimo dosahu die\u0165a\u0165a, \u010d\u00edm sa zni\u017euje riziko neh\u00f4d.<\/p>\n\n\n\n<h5 class=\"wp-block-heading\"><strong>Nev\u00fdhody<\/strong><\/h5>\n\n\n\n<p><strong>\u0164a\u017eko ovl\u00e1da\u0165 smer vetra<\/strong>Pri niektor\u00fdch modeloch m\u00f4\u017ee by\u0165 \u0165a\u017ek\u00e9 nastavi\u0165 smer pr\u00fadenia vzduchu alebo to m\u00f4\u017ee die\u0165a\u0165u sp\u00f4sobi\u0165 nepohodlie.<\/p>\n\n\n\n<p><strong>\u0164a\u017ekosti s \u010disten\u00edm<\/strong>: Vzh\u013eadom na jeho polohu na hlave m\u00f4\u017ee by\u0165 \u010distenie ventil\u00e1tora hlavy n\u00e1ro\u010dnej\u0161ie.<\/p>\n\n\n\n<h4 class=\"wp-block-heading\"><strong>Be\u017en\u00fd ventil\u00e1tor<\/strong><\/h4>\n\n\n<div class=\"wp-block-image\">\n<figure class=\"aligncenter size-full\"><img loading=\"lazy\" decoding=\"async\" width=\"550\" height=\"350\" src=\"http:\/\/universofamilia.com\/wp-content\/uploads\/sites\/148\/2023\/06\/POST-ventilador-de-teto-universo-familia-2.png\" alt=\"\" class=\"wp-image-2756\" srcset=\"http:\/\/universofamilia.com\/wp-content\/uploads\/sites\/148\/2023\/06\/POST-ventilador-de-teto-universo-familia-2.png 550w, http:\/\/universofamilia.com\/wp-content\/uploads\/sites\/148\/2023\/06\/POST-ventilador-de-teto-universo-familia-2-300x191.png 300w\" sizes=\"(max-width: 550px) 100vw, 550px\" \/><figcaption class=\"wp-element-caption\"><em>Foto: (reprodukcia\/internet)<\/em><\/figcaption><\/figure><\/div>\n\n\n<h5 class=\"wp-block-heading\"><strong>V\u00fdhody<\/strong><\/h5>\n\n\n\n<p><strong>Prenosnos\u0165<\/strong>Be\u017en\u00fd ventil\u00e1tor m\u00f4\u017eete jednoducho premiestni\u0165 z jednej miestnosti do druhej, \u010do v\u00e1m umo\u017en\u00ed usmerni\u0165 pr\u00fadenie vzduchu pod\u013ea potreby.<\/p>\n\n\n\n<p><strong>Nastavite\u013en\u00e9 ovl\u00e1danie<\/strong>V\u00e4\u010d\u0161ina dvoch be\u017en\u00fdch modelov ventil\u00e1torov pon\u00faka mo\u017enosti nastavenia r\u00fdchlosti a smeru vetra, \u010do poskytuje v\u00e4\u010d\u0161ie pohodlie pre die\u0165a.<\/p>\n\n\n\n<p><strong>Jednoduch\u00e9 \u010distenie<\/strong>Be\u017en\u00e9 ventil\u00e1tory sa v\u010faka svojej pr\u00edstupnej kon\u0161trukcii \u013eah\u0161ie \u010distia.<\/p>\n\n\n\n<h5 class=\"wp-block-heading\"><strong>Nev\u00fdhody<\/strong><\/h5>\n\n\n\n<p><strong>Obsadenie priestoru<\/strong>Be\u017en\u00e9 ventil\u00e1tory zaberaj\u00fa v miestnosti viac miesta, \u010do m\u00f4\u017ee by\u0165 v men\u0161\u00edch priestoroch nepraktick\u00e9.<\/p>\n\n\n\n<p><strong>V\u00e4\u010d\u0161ie riziko neh\u00f4d<\/strong>Vzh\u013eadom na jeho mobilitu je potrebn\u00e9 dba\u0165 na to, aby die\u0165a nemalo priamy pr\u00edstup k zapnut\u00e9mu ventil\u00e1toru.<\/p>\n\n\n\n<p>Pre\u010d\u00edtajte si tie\u017e 10 praktick\u00fdch tipov na zariadenie detskej izby<\/p>\n\n\n\n<h3 class=\"wp-block-heading\"><strong>Z\u00e1ver<\/strong><\/h3>\n\n\n<div class=\"wp-block-image\">\n<figure class=\"aligncenter size-full\"><img loading=\"lazy\" decoding=\"async\" width=\"550\" height=\"350\" src=\"http:\/\/universofamilia.com\/wp-content\/uploads\/sites\/148\/2023\/06\/POST-ventilador-de-teto-universo-familia-3.png\" alt=\"\" class=\"wp-image-2757\" srcset=\"http:\/\/universofamilia.com\/wp-content\/uploads\/sites\/148\/2023\/06\/POST-ventilador-de-teto-universo-familia-3.png 550w, http:\/\/universofamilia.com\/wp-content\/uploads\/sites\/148\/2023\/06\/POST-ventilador-de-teto-universo-familia-3-300x191.png 300w\" sizes=\"(max-width: 550px) 100vw, 550px\" \/><figcaption class=\"wp-element-caption\"><em>Foto: (reprodukcia\/internet)<\/em><\/figcaption><\/figure><\/div>\n\n\n<p>Pri zva\u017eovan\u00ed pou\u017eitia ventil\u00e1tora v detskej izbe je d\u00f4le\u017eit\u00e9 zhodnoti\u0165 v\u00fdhody a potrebn\u00fa starostlivos\u0165.<\/p>\n\n\n\n<p>Regul\u00e1cia teploty, cirkul\u00e1cia vzduchu a biely \u0161um, ktor\u00e9 poskytuje ventil\u00e1tor, m\u00f4\u017eu die\u0165a\u0165u poskytn\u00fa\u0165 pohodlie.<\/p>\n\n\n\n<p>Je v\u0161ak nevyhnutn\u00e9 prija\u0165 bezpe\u010dnostn\u00e9 opatrenia, ako je umiestnenie ventil\u00e1tora mimo dosahu die\u0165a\u0165a a pravideln\u00e9 \u010distenie.<\/p>\n\n\n\n<p>Pri v\u00fdbere medzi stropn\u00fdm ventil\u00e1torom a be\u017en\u00fdm ventil\u00e1torom zv\u00e1\u017ete aj v\u00fdhody a nev\u00fdhody ka\u017edej mo\u017enosti.<\/p>\n\n\n\n<p>Okrem toho, s n\u00e1le\u017eit\u00fdm dodr\u017eiavan\u00edm bezpe\u010dnostn\u00fdch opatren\u00ed a prevent\u00edvnych opatren\u00ed m\u00f4\u017ee pou\u017e\u00edvanie ventil\u00e1tora v detskej izbe prispie\u0165 k pr\u00edjemn\u00e9mu a pohodln\u00e9mu prostrediu.<\/p>\n\n\n\n<h3 class=\"wp-block-heading\"><strong>Viac inform\u00e1ci\u00ed o pou\u017e\u00edvan\u00ed ventil\u00e1torov v detskej izbe n\u00e1jdete v nasleduj\u00facich d\u00f4veryhodn\u00fdch zdrojoch.<\/strong><\/h3>\n\n\n\n<p>Sociedade Brasileira de Pediatria (SBP) \u2013 SBP je uzn\u00e1van\u00e1 zdravotn\u00edcka in\u0161tit\u00facia, ktor\u00e1 pon\u00faka usmernenia a odpor\u00fa\u010dania pre starostlivos\u0165 o deti.<\/p>\n\n\n\n<p>Ofici\u00e1lna str\u00e1nka SBP obsahuje relevantn\u00e9 inform\u00e1cie o bezpe\u010dnosti a zdrav\u00ed det\u00ed.<\/p>\n\n\n\n<p>Americk\u00e1 akad\u00e9mia pediatrie (AAP) \u2013 AAP je renomovan\u00e1 pediatrick\u00e1 organiz\u00e1cia so s\u00eddlom v Spojen\u00fdch \u0161t\u00e1toch.<\/p>\n\n\n\n<p>Str\u00e1nka AAP poskytuje cenn\u00e9 zdroje pre krajiny a zdravotn\u00edckych pracovn\u00edkov vr\u00e1tane usmernen\u00ed t\u00fdkaj\u00facich sa zdravia a bezpe\u010dnosti det\u00ed.<\/p>\n\n\n\n<p>V\u017edy by ste mali zv\u00e1\u017ei\u0165 konzult\u00e1ciu s pediatrom alebo lek\u00e1rom \u0161pecializuj\u00facim sa na konkr\u00e9tne pr\u00edpady. Taktie\u017e sa d\u00f4razne odpor\u00fa\u010da vyh\u013eada\u0165 radu pediatra alebo \u0161pecializovan\u00e9ho lek\u00e1ra, aby ste z\u00edskali personalizovan\u00e9 a vhodn\u00e9 inform\u00e1cie pre situ\u00e1ciu v\u00e1\u0161ho die\u0165a\u0165a.<\/p>\n\n\n\n<p>Mo\u017enos\u0165 poskytova\u0165 personalizovan\u00e9 poradenstvo na z\u00e1klade zdravia a individu\u00e1lnych potrieb v\u00e1\u0161ho die\u0165a\u0165a.<\/p>\n\n\n\n<p>Mus\u00edte ma\u0165 na pam\u00e4ti, \u017ee je nevyhnutn\u00e9 overi\u0165 aktu\u00e1lnos\u0165 inform\u00e1ci\u00ed v t\u00fdchto zdrojoch, ke\u010f\u017ee pokyny a odpor\u00fa\u010dania sa m\u00f4\u017eu \u010dasom aktualizova\u0165.<\/p>\n\n\n\n<p>Tie\u017e vedzte, \u017ee<a href=\"https:\/\/www.luzbaby.com.br\/\" target=\"_blank\" rel=\"noreferrer noopener\"> Luz Baby je jeden z najlep\u0161\u00edch obchodov s detsk\u00fdmi potrebami a \u00favodn\u00fdmi potravinami. Kliknite sem.<\/a><\/p>","protected":false},"excerpt":{"rendered":"<p>M\u00f4\u017eem pou\u017e\u00edva\u0165 ventil\u00e1tor v detskej izbe? Pokia\u013e ide o vytvorenie pohodln\u00e9ho prostredia pre va\u0161e die\u0165a, ve\u013ea \u013eud\u00ed sa p\u00fdta, \u010di je bezpe\u010dn\u00e9 a prospe\u0161n\u00e9 pou\u017e\u00edva\u0165 ventil\u00e1tor v malej miestnosti. Taktie\u017e sa budeme venova\u0165 tejto ot\u00e1zke s inform\u00e1ciami o v\u00fdhod\u00e1ch a starostlivosti s\u00favisiacej s pou\u017e\u00edvan\u00edm ventil\u00e1torov v detskej izbe, [\u2026]<\/p>","protected":false},"author":139,"featured_media":2759,"comment_status":"closed","ping_status":"open","sticky":false,"template":"","format":"standard","meta":{"footnotes":""},"categories":[4],"tags":[1310,1540,1541],"yoast_head":"<!-- This site is optimized with the Yoast SEO plugin v23.3 - https:\/\/yoast.com\/wordpress\/plugins\/seo\/ -->\n<title>Posso utilizar ventilador no quarto do beb\u00ea? - Universo Fam\u00edlia<\/title>\n<meta name=\"description\" content=\"Posso utilizar ventilador no quarto do beb\u00ea? Quando se trata de criar um ambiente confort\u00e1vel para o beb\u00ea,\" \/>\n<meta name=\"robots\" content=\"index, follow, max-snippet:-1, max-image-preview:large, max-video-preview:-1\" \/>\n<link rel=\"canonical\" href=\"https:\/\/universofamilia.com\/sk\/posso-utilizar-ventilador-no-quarto-do-bebe\/\" \/>\n<meta property=\"og:locale\" content=\"sk_SK\" \/>\n<meta property=\"og:type\" content=\"article\" \/>\n<meta property=\"og:title\" content=\"Posso utilizar ventilador no quarto do beb\u00ea? - Universo Fam\u00edlia\" \/>\n<meta property=\"og:description\" content=\"Posso utilizar ventilador no quarto do beb\u00ea? Quando se trata de criar um ambiente confort\u00e1vel para o beb\u00ea,\" \/>\n<meta property=\"og:url\" content=\"https:\/\/universofamilia.com\/sk\/posso-utilizar-ventilador-no-quarto-do-bebe\/\" \/>\n<meta property=\"og:site_name\" content=\"Universo Fam\u00edlia\" \/>\n<meta property=\"article:published_time\" content=\"2023-06-18T23:42:37+00:00\" \/>\n<meta property=\"article:modified_time\" content=\"2025-02-07T01:22:33+00:00\" \/>\n<meta property=\"og:image\" content=\"https:\/\/universofamilia.com\/wp-content\/uploads\/sites\/148\/2023\/06\/FOTO-DESTAQUE-ventilador-de-teto-universo-familia-.png\" \/>\n\t<meta property=\"og:image:width\" content=\"448\" \/>\n\t<meta property=\"og:image:height\" content=\"350\" \/>\n\t<meta property=\"og:image:type\" content=\"image\/png\" \/>\n<meta name=\"author\" content=\"Pedro Henrique\" \/>\n<meta name=\"twitter:card\" content=\"summary_large_image\" \/>\n<meta name=\"twitter:label1\" content=\"Written by\" \/>\n\t<meta name=\"twitter:data1\" content=\"Pedro Henrique\" \/>\n\t<meta name=\"twitter:label2\" content=\"Est. reading time\" \/>\n\t<meta name=\"twitter:data2\" content=\"6 min\u00fat\" \/>\n<script type=\"application\/ld+json\" class=\"yoast-schema-graph\">{\"@context\":\"https:\/\/schema.org\",\"@graph\":[{\"@type\":\"WebPage\",\"@id\":\"https:\/\/universofamilia.com\/da\/posso-utilizar-ventilador-no-quarto-do-bebe\/\",\"url\":\"https:\/\/universofamilia.com\/da\/posso-utilizar-ventilador-no-quarto-do-bebe\/\",\"name\":\"Posso utilizar ventilador no quarto do beb\u00ea? - Universo Fam\u00edlia\",\"isPartOf\":{\"@id\":\"https:\/\/universofamilia.com\/el\/#website\"},\"primaryImageOfPage\":{\"@id\":\"https:\/\/universofamilia.com\/da\/posso-utilizar-ventilador-no-quarto-do-bebe\/#primaryimage\"},\"image\":{\"@id\":\"https:\/\/universofamilia.com\/da\/posso-utilizar-ventilador-no-quarto-do-bebe\/#primaryimage\"},\"thumbnailUrl\":\"http:\/\/universofamilia.com\/wp-content\/uploads\/sites\/148\/2023\/06\/FOTO-DESTAQUE-ventilador-de-teto-universo-familia-.png\",\"datePublished\":\"2023-06-18T23:42:37+00:00\",\"dateModified\":\"2025-02-07T01:22:33+00:00\",\"author\":{\"@id\":\"https:\/\/universofamilia.com\/el\/#\/schema\/person\/f07ce98187dd84d31154262e79b3b7ca\"},\"description\":\"Posso utilizar ventilador no quarto do beb\u00ea? Quando se trata de criar um ambiente confort\u00e1vel para o beb\u00ea,\",\"breadcrumb\":{\"@id\":\"https:\/\/universofamilia.com\/da\/posso-utilizar-ventilador-no-quarto-do-bebe\/#breadcrumb\"},\"inLanguage\":\"sk-SK\",\"potentialAction\":[{\"@type\":\"ReadAction\",\"target\":[\"https:\/\/universofamilia.com\/da\/posso-utilizar-ventilador-no-quarto-do-bebe\/\"]}]},{\"@type\":\"ImageObject\",\"inLanguage\":\"sk-SK\",\"@id\":\"https:\/\/universofamilia.com\/da\/posso-utilizar-ventilador-no-quarto-do-bebe\/#primaryimage\",\"url\":\"http:\/\/universofamilia.com\/wp-content\/uploads\/sites\/148\/2023\/06\/FOTO-DESTAQUE-ventilador-de-teto-universo-familia-.png\",\"contentUrl\":\"http:\/\/universofamilia.com\/wp-content\/uploads\/sites\/148\/2023\/06\/FOTO-DESTAQUE-ventilador-de-teto-universo-familia-.png\",\"width\":448,\"height\":350},{\"@type\":\"BreadcrumbList\",\"@id\":\"https:\/\/universofamilia.com\/da\/posso-utilizar-ventilador-no-quarto-do-bebe\/#breadcrumb\",\"itemListElement\":[{\"@type\":\"ListItem\",\"position\":1,\"name\":\"Home\",\"item\":\"https:\/\/universofamilia.com\/el\/\"},{\"@type\":\"ListItem\",\"position\":2,\"name\":\"Posso utilizar ventilador no quarto do beb\u00ea?\"}]},{\"@type\":\"WebSite\",\"@id\":\"https:\/\/universofamilia.com\/el\/#website\",\"url\":\"https:\/\/universofamilia.com\/el\/\",\"name\":\"Universo Fam\u00edlia\",\"description\":\"\",\"potentialAction\":[{\"@type\":\"SearchAction\",\"target\":{\"@type\":\"EntryPoint\",\"urlTemplate\":\"https:\/\/universofamilia.com\/el\/?s={search_term_string}\"},\"query-input\":\"required name=search_term_string\"}],\"inLanguage\":\"sk-SK\"},{\"@type\":\"Person\",\"@id\":\"https:\/\/universofamilia.com\/el\/#\/schema\/person\/f07ce98187dd84d31154262e79b3b7ca\",\"name\":\"Pedro Henrique\",\"image\":{\"@type\":\"ImageObject\",\"inLanguage\":\"sk-SK\",\"@id\":\"https:\/\/universofamilia.com\/el\/#\/schema\/person\/image\/\",\"url\":\"http:\/\/0.gravatar.com\/avatar\/9edfeb808cb4e1599f64d6e45b130154?s=96&d=mm&r=g\",\"contentUrl\":\"http:\/\/0.gravatar.com\/avatar\/9edfeb808cb4e1599f64d6e45b130154?s=96&d=mm&r=g\",\"caption\":\"Pedro Henrique\"},\"url\":\"http:\/\/universofamilia.com\/sk\/author\/editor01\/\"}]}<\/script>\n<!-- \/ Yoast SEO plugin. -->","yoast_head_json":{"title":"Posso utilizar ventilador no quarto do beb\u00ea? - Universo Fam\u00edlia","description":"Posso utilizar ventilador no quarto do beb\u00ea? Quando se trata de criar um ambiente confort\u00e1vel para o beb\u00ea,","robots":{"index":"index","follow":"follow","max-snippet":"max-snippet:-1","max-image-preview":"max-image-preview:large","max-video-preview":"max-video-preview:-1"},"canonical":"https:\/\/universofamilia.com\/sk\/posso-utilizar-ventilador-no-quarto-do-bebe\/","og_locale":"sk_SK","og_type":"article","og_title":"Posso utilizar ventilador no quarto do beb\u00ea? - Universo Fam\u00edlia","og_description":"Posso utilizar ventilador no quarto do beb\u00ea? Quando se trata de criar um ambiente confort\u00e1vel para o beb\u00ea,","og_url":"https:\/\/universofamilia.com\/sk\/posso-utilizar-ventilador-no-quarto-do-bebe\/","og_site_name":"Universo Fam\u00edlia","article_published_time":"2023-06-18T23:42:37+00:00","article_modified_time":"2025-02-07T01:22:33+00:00","og_image":[{"width":448,"height":350,"url":"https:\/\/universofamilia.com\/wp-content\/uploads\/sites\/148\/2023\/06\/FOTO-DESTAQUE-ventilador-de-teto-universo-familia-.png","type":"image\/png"}],"author":"Pedro Henrique","twitter_card":"summary_large_image","twitter_misc":{"Written by":"Pedro Henrique","Est. reading time":"6 min\u00fat"},"schema":{"@context":"https:\/\/schema.org","@graph":[{"@type":"WebPage","@id":"https:\/\/universofamilia.com\/da\/posso-utilizar-ventilador-no-quarto-do-bebe\/","url":"https:\/\/universofamilia.com\/da\/posso-utilizar-ventilador-no-quarto-do-bebe\/","name":"Posso utilizar ventilador no quarto do beb\u00ea? - Universo Fam\u00edlia","isPartOf":{"@id":"https:\/\/universofamilia.com\/el\/#website"},"primaryImageOfPage":{"@id":"https:\/\/universofamilia.com\/da\/posso-utilizar-ventilador-no-quarto-do-bebe\/#primaryimage"},"image":{"@id":"https:\/\/universofamilia.com\/da\/posso-utilizar-ventilador-no-quarto-do-bebe\/#primaryimage"},"thumbnailUrl":"http:\/\/universofamilia.com\/wp-content\/uploads\/sites\/148\/2023\/06\/FOTO-DESTAQUE-ventilador-de-teto-universo-familia-.png","datePublished":"2023-06-18T23:42:37+00:00","dateModified":"2025-02-07T01:22:33+00:00","author":{"@id":"https:\/\/universofamilia.com\/el\/#\/schema\/person\/f07ce98187dd84d31154262e79b3b7ca"},"description":"Posso utilizar ventilador no quarto do beb\u00ea? Quando se trata de criar um ambiente confort\u00e1vel para o beb\u00ea,","breadcrumb":{"@id":"https:\/\/universofamilia.com\/da\/posso-utilizar-ventilador-no-quarto-do-bebe\/#breadcrumb"},"inLanguage":"sk-SK","potentialAction":[{"@type":"ReadAction","target":["https:\/\/universofamilia.com\/da\/posso-utilizar-ventilador-no-quarto-do-bebe\/"]}]},{"@type":"ImageObject","inLanguage":"sk-SK","@id":"https:\/\/universofamilia.com\/da\/posso-utilizar-ventilador-no-quarto-do-bebe\/#primaryimage","url":"http:\/\/universofamilia.com\/wp-content\/uploads\/sites\/148\/2023\/06\/FOTO-DESTAQUE-ventilador-de-teto-universo-familia-.png","contentUrl":"http:\/\/universofamilia.com\/wp-content\/uploads\/sites\/148\/2023\/06\/FOTO-DESTAQUE-ventilador-de-teto-universo-familia-.png","width":448,"height":350},{"@type":"BreadcrumbList","@id":"https:\/\/universofamilia.com\/da\/posso-utilizar-ventilador-no-quarto-do-bebe\/#breadcrumb","itemListElement":[{"@type":"ListItem","position":1,"name":"Home","item":"https:\/\/universofamilia.com\/el\/"},{"@type":"ListItem","position":2,"name":"Posso utilizar ventilador no quarto do beb\u00ea?"}]},{"@type":"WebSite","@id":"https:\/\/universofamilia.com\/el\/#website","url":"https:\/\/universofamilia.com\/el\/","name":"Universo Fam\u00edlia","description":"","potentialAction":[{"@type":"SearchAction","target":{"@type":"EntryPoint","urlTemplate":"https:\/\/universofamilia.com\/el\/?s={search_term_string}"},"query-input":"required name=search_term_string"}],"inLanguage":"sk-SK"},{"@type":"Person","@id":"https:\/\/universofamilia.com\/el\/#\/schema\/person\/f07ce98187dd84d31154262e79b3b7ca","name":"Pedro Henrique","image":{"@type":"ImageObject","inLanguage":"sk-SK","@id":"https:\/\/universofamilia.com\/el\/#\/schema\/person\/image\/","url":"http:\/\/0.gravatar.com\/avatar\/9edfeb808cb4e1599f64d6e45b130154?s=96&d=mm&r=g","contentUrl":"http:\/\/0.gravatar.com\/avatar\/9edfeb808cb4e1599f64d6e45b130154?s=96&d=mm&r=g","caption":"Pedro Henrique"},"url":"http:\/\/universofamilia.com\/sk\/author\/editor01\/"}]}},"_links":{"self":[{"href":"http:\/\/universofamilia.com\/sk\/wp-json\/wp\/v2\/posts\/2752"}],"collection":[{"href":"http:\/\/universofamilia.com\/sk\/wp-json\/wp\/v2\/posts"}],"about":[{"href":"http:\/\/universofamilia.com\/sk\/wp-json\/wp\/v2\/types\/post"}],"author":[{"embeddable":true,"href":"http:\/\/universofamilia.com\/sk\/wp-json\/wp\/v2\/users\/139"}],"replies":[{"embeddable":true,"href":"http:\/\/universofamilia.com\/sk\/wp-json\/wp\/v2\/comments?post=2752"}],"version-history":[{"count":1,"href":"http:\/\/universofamilia.com\/sk\/wp-json\/wp\/v2\/posts\/2752\/revisions"}],"predecessor-version":[{"id":8591,"href":"http:\/\/universofamilia.com\/sk\/wp-json\/wp\/v2\/posts\/2752\/revisions\/8591"}],"wp:featuredmedia":[{"embeddable":true,"href":"http:\/\/universofamilia.com\/sk\/wp-json\/wp\/v2\/media\/2759"}],"wp:attachment":[{"href":"http:\/\/universofamilia.com\/sk\/wp-json\/wp\/v2\/media?parent=2752"}],"wp:term":[{"taxonomy":"category","embeddable":true,"href":"http:\/\/universofamilia.com\/sk\/wp-json\/wp\/v2\/categories?post=2752"},{"taxonomy":"post_tag","embeddable":true,"href":"http:\/\/universofamilia.com\/sk\/wp-json\/wp\/v2\/tags?post=2752"}],"curies":[{"name":"wp","href":"https:\/\/api.w.org\/{rel}","templated":true}]}}