{"id":4428,"date":"2023-11-10T16:59:01","date_gmt":"2023-11-10T19:59:01","guid":{"rendered":"https:\/\/universofamilia.com\/?p=4428"},"modified":"2025-11-16T22:07:25","modified_gmt":"2025-11-17T01:07:25","slug":"aplicaciones-iconicas-de-las-decadas-de-los-80-y-90","status":"publish","type":"post","link":"http:\/\/universofamilia.com\/sk\/aplicaciones-iconicas-de-las-decadas-de-los-80-y-90\/","title":{"rendered":"Ikonick\u00e9 aplik\u00e1cie z 80. a 90. rokov"},"content":{"rendered":"<p>80. a 90. roky boli revolu\u010dn\u00fdmi obdobiami v dejin\u00e1ch hudby.<\/p>\n\n\n\n<p>Expl\u00f3zia \u017e\u00e1nrov, ikonick\u00fdch umelcov a prechod z fyzick\u00fdch form\u00e1tov do digit\u00e1lneho veku formovali hudobn\u00fd priemysel.<\/p>\n\n\n\n<p>Dnes je o\u017eivenie t\u00fdchto obdob\u00ed prostredn\u00edctvom aplik\u00e1ci\u00ed venovan\u00fdch t\u00fdmto obdobiam sp\u00f4sobom, ako o\u017eivi\u0165 spomienky a oceni\u0165 hudobn\u00e9 bohatstvo t\u00fdchto obdob\u00ed.<\/p>\n\n\n\n<h2 class=\"wp-block-heading\"><strong>Kult\u00farny v\u00fdznam retro hudobn\u00fdch aplik\u00e1ci\u00ed<\/strong><\/h2>\n\n\n\n<p>Hudobn\u00e9 aplik\u00e1cie z 80. a 90. rokov boli viac ne\u017e len digit\u00e1lne platformy.<\/p>\n\n\n\n<p>Predstavuj\u00fa priame spojenie s hudobnou minulos\u0165ou, ktor\u00e1 dodnes ovplyv\u0148uje hudobn\u00fd priemysel.<\/p>\n\n\n\n<h2 class=\"wp-block-heading\">Pozri tie\u017e<\/h2>\n\n\n\n<ul>\n<li><a href=\"https:\/\/universofamilia.com\/sk\/4419\/aplicaciones-para-editar-y-crear-reels\/\">Aplik\u00e1cie na \u00fapravu a vytv\u00e1ranie videoklipov<\/a><\/li>\n\n\n\n<li><a href=\"https:\/\/universofamilia.com\/sk\/4338\/las-mejores-aplicaciones-para-ver-peliculas-y-series\/\">Najlep\u0161ie aplik\u00e1cie na sledovanie filmov a seri\u00e1lov<\/a><\/li>\n\n\n\n<li><a href=\"https:\/\/universofamilia.com\/sk\/4399\/aplicaciones-para-la-identificacion-de-plantas\/\">\u017diadosti o identifik\u00e1ciu rastl\u00edn<\/a><\/li>\n\n\n\n<li><a href=\"https:\/\/universofamilia.com\/sk\/4353\/aplicaciones-para-descubrir-con-que-celebridad-te-pareces\/\">Aplik\u00e1cie na zistenie, na ktor\u00fa celebritu sa podob\u00e1te<\/a><\/li>\n\n\n\n<li><a href=\"https:\/\/universofamilia.com\/sk\/4369\/las-aplicaciones-de-musica-en-el-estado-de-whatsapp\/\">Hudobn\u00e9 aplik\u00e1cie v WhatsApp Status<\/a><\/li>\n<\/ul>\n\n\n\n<p>O\u017eivuj\u00fa legend\u00e1rne hity a ikonick\u00e9 albumy a umo\u017e\u0148uj\u00fa nov\u00fdm gener\u00e1ci\u00e1m ponori\u0165 sa do zvukovej podstaty, ktor\u00e1 definovala tieto desa\u0165ro\u010dia.<\/p>\n\n\n\n<p>Okrem toho pon\u00fakaj\u00fa pohlcuj\u00faci z\u00e1\u017eitok, ktor\u00fd zd\u00f4raz\u0148uje kult\u00farny a historick\u00fd v\u00fdznam ka\u017edej piesne a umelca.<\/p>\n\n\n\n<h2 class=\"wp-block-heading\"><strong>Tri nevyhnutn\u00e9 aplik\u00e1cie pre retro hudbu<\/strong><\/h2>\n\n\n\n<h3 class=\"wp-block-heading\"><strong>Osemdesiat Music<\/strong><\/h3>\n\n\n\n<p>T\u00e1to aplik\u00e1cia pon\u00faka \u00fapln\u00e9 ponorenie sa do hudby 80. rokov.<\/p>\n\n\n\n<p>V\u010faka rozsiahlej kni\u017enici skladieb, tematick\u00fdm playlistom a podrobn\u00fdm inform\u00e1ci\u00e1m o ka\u017edej skladbe a interpretovi je \u201eEighty Music\u201c pote\u0161en\u00edm pre fan\u00fa\u0161ikov tohto desa\u0165ro\u010dia.<\/p>\n\n\n\n<p>Jeho intuit\u00edvne rozhranie a retro dizajn poskytuj\u00fa pr\u00edjemn\u00fd z\u00e1\u017eitok, zatia\u013e \u010do funkcia prisp\u00f4sobenia zoznamu skladieb umo\u017e\u0148uje pou\u017e\u00edvate\u013eom vytv\u00e1ra\u0165 si vlastn\u00e9 hudobn\u00e9 zbierky.<\/p>\n\n\n\n<h3 class=\"wp-block-heading\"><strong>Nostalgia dev\u00e4\u0165desiatych rokov<\/strong><\/h3>\n\n\n\n<p>\u201eNineties Nostalgia\u201c, venovan\u00e1 90. rokom 20. storo\u010dia, je cestou sp\u00e4\u0165 do \u00e9ry grungeu, popu a hip-hopu, ktor\u00e9 tomuto obdobiu dominovali.<\/p>\n\n\n\n<p>Obsahuje nielen popul\u00e1rne piesne, ale aj B-strany a menej zn\u00e1me piesne, pri\u010dom sa sna\u017e\u00ed poskytn\u00fa\u0165 \u0161irok\u00fd a autentick\u00fd poh\u013ead na 90. roky.<\/p>\n\n\n\n<p>Jeho personalizovan\u00fd n\u00e1stroj odpor\u00fa\u010dan\u00ed, zalo\u017een\u00fd na preferenci\u00e1ch pou\u017e\u00edvate\u013eov, je rozli\u0161ovac\u00edm znakom a zaru\u010duje jedine\u010dn\u00fd z\u00e1\u017eitok pre ka\u017ed\u00e9ho posluch\u00e1\u010da.<\/p>\n\n\n\n<h3 class=\"wp-block-heading\"><strong>Preto\u010di\u0165 a prehra\u0165<\/strong><\/h3>\n\n\n\n<p>\u201eRewind &amp; Play\u201c je aplik\u00e1cia, ktor\u00e1 zah\u0155\u0148a 80. aj 90. roky a sp\u00e1ja to najlep\u0161ie z oboch desa\u0165ro\u010d\u00ed na jednej platforme.<\/p>\n\n\n\n<p>Okrem prehr\u00e1vania najpopul\u00e1rnej\u0161\u00edch hitov pon\u00faka aplik\u00e1cia aj kv\u00edzy, rozhovory s umelcami danej \u00e9ry a mo\u017enos\u0165 presk\u00fama\u0165 playlisty r\u00f4znych \u017e\u00e1nrov, ktor\u00e9 dominovali v t\u00fdchto obdobiach.<\/p>\n\n\n\n<p>Jeho zameranie na zd\u00f4raznenie historick\u00e9ho kontextu ka\u017edej skladby z nej rob\u00ed ob\u013e\u00faben\u00fa vo\u013ebu medzi fan\u00fa\u0161ikmi retro hudby.<\/p>\n\n\n<div class=\"wp-block-image\">\n<figure class=\"aligncenter size-full\"><img loading=\"lazy\" decoding=\"async\" width=\"550\" height=\"350\" src=\"http:\/\/universofamilia.com\/wp-content\/uploads\/sites\/148\/2023\/11\/P-550x350-1.png\" alt=\"\" class=\"wp-image-4430\" srcset=\"http:\/\/universofamilia.com\/wp-content\/uploads\/sites\/148\/2023\/11\/P-550x350-1.png 550w, http:\/\/universofamilia.com\/wp-content\/uploads\/sites\/148\/2023\/11\/P-550x350-1-300x191.png 300w\" sizes=\"(max-width: 550px) 100vw, 550px\" \/><figcaption class=\"wp-element-caption\">Ikonick\u00e9 aplik\u00e1cie z 80. a 90. rokov<\/figcaption><\/figure><\/div>\n\n\n<h3 class=\"wp-block-heading\"><strong>Z\u00e1ver<\/strong><\/h3>\n\n\n\n<p>Hudobn\u00e9 aplik\u00e1cie venovan\u00e9 80. a 90. rokom nie s\u00fa len prehr\u00e1va\u010dmi skladieb; s\u00fa to port\u00e1ly k op\u00e4tovn\u00e9mu pre\u017eitiu a oceneniu hudobn\u00e9ho bohatstva t\u00fdchto desa\u0165ro\u010d\u00ed.<\/p>\n\n\n\n<p>V\u010faka nespo\u010detn\u00e9mu mno\u017estvu skladieb, odbornej kur\u00e1torskej pr\u00e1ci a hlbok\u00e9mu ponoreniu sa do hist\u00f3rie ka\u017ed\u00e9ho beatu zohr\u00e1vaj\u00fa tieto aplik\u00e1cie k\u013e\u00fa\u010dov\u00fa \u00falohu pri zachov\u00e1van\u00ed a oslavovan\u00ed hudobn\u00e9ho dedi\u010dstva.<\/p>\n\n\n\n<p>Presk\u00faman\u00edm platforiem ako Eighty Music, Nineties Nostalgia a Rewind &amp; Play sa pou\u017e\u00edvatelia prenes\u00fa sp\u00e4\u0165 do \u010dias, ke\u010f sa hudba nielen po\u010d\u00favala, ale aj \u017eila.<\/p>\n\n\n\n<p>Tento \u010dl\u00e1nok zd\u00f4raz\u0148uje nielen kult\u00farny v\u00fdznam t\u00fdchto aplik\u00e1ci\u00ed, ale aj to, ako uspokojuj\u00fa potreby milovn\u00edkov retro hudby a zabezpe\u010duj\u00fa skuto\u010dn\u00e9 ponorenie sa do zlat\u00fdch desa\u0165ro\u010d\u00ed hudobn\u00e9ho priemyslu.<\/p>\n\n\n\n<h2 class=\"wp-block-heading\"><strong>V\u00fdpust<\/strong>:<\/h2>\n\n\n\n<div class=\"wp-block-group is-layout-constrained wp-block-group-is-layout-constrained\"><div class=\"wp-block-group__inner-container\">\n<ul>\n<li><strong><strong>Osemdesiat Music<\/strong><\/strong> (<a href=\"https:\/\/play.google.com\/store\/apps\/details?id=com.freeappszone.eighties&amp;hl=pt_BR&amp;gl=US\">Android <\/a>a <a href=\"https:\/\/apps.apple.com\/us\/app\/80s-radio\/id512060499\">iOS<\/a>)<\/li>\n\n\n\n<li><strong><em><strong>Nostalgia dev\u00e4\u0165desiatych rokov<\/strong><\/em><\/strong> (<a href=\"https:\/\/apps.apple.com\/tr\/app\/yaktraks-90s-nostalgia\/id1583086555\">iOS<\/a>)<\/li>\n\n\n\n<li><strong><em><strong>Preto\u010di\u0165 a prehra\u0165<\/strong><\/em><\/strong> (<a href=\"https:\/\/play.google.com\/store\/apps\/details?id=com.zh.musictimetravel&amp;hl=en_US\">Android<\/a>)<\/li>\n<\/ul>\n<\/div><\/div>","protected":false},"excerpt":{"rendered":"<p>Las d\u00e9cadas de los 80 y 90 fueron periodos revolucionarios en la historia de la m\u00fasica. La explosi\u00f3n de g\u00e9neros, artistas ic\u00f3nicos y la transici\u00f3n de formatos f\u00edsicos a la era digital moldearon la industria musical. Actualmente, revivir esas \u00e9pocas a trav\u00e9s de aplicaciones dedicadas a esos periodos es una forma de rescatar memorias y [&hellip;]<\/p>","protected":false},"author":139,"featured_media":4430,"comment_status":"closed","ping_status":"open","sticky":false,"template":"","format":"standard","meta":{"footnotes":""},"categories":[2],"tags":[166,247,248],"yoast_head":"<!-- This site is optimized with the Yoast SEO plugin v23.3 - https:\/\/yoast.com\/wordpress\/plugins\/seo\/ -->\n<title>Aplicaciones Ic\u00f3nicas de las D\u00e9cadas de los 80 y 90 - Universo Fam\u00edlia<\/title>\n<meta name=\"description\" content=\"Aplicaciones Ic\u00f3nicas de las D\u00e9cadas de los 80 y 90. Las d\u00e9cadas de los 80 y 90 fueron periodos revolucionarios en la historia de la...\" \/>\n<meta name=\"robots\" content=\"index, follow, max-snippet:-1, max-image-preview:large, max-video-preview:-1\" \/>\n<link rel=\"canonical\" href=\"http:\/\/universofamilia.com\/sk\/aplicaciones-iconicas-de-las-decadas-de-los-80-y-90\/\" \/>\n<meta property=\"og:locale\" content=\"sk_SK\" \/>\n<meta property=\"og:type\" content=\"article\" \/>\n<meta property=\"og:title\" content=\"Aplicaciones Ic\u00f3nicas de las D\u00e9cadas de los 80 y 90 - Universo Fam\u00edlia\" \/>\n<meta property=\"og:description\" content=\"Aplicaciones Ic\u00f3nicas de las D\u00e9cadas de los 80 y 90. Las d\u00e9cadas de los 80 y 90 fueron periodos revolucionarios en la historia de la...\" \/>\n<meta property=\"og:url\" content=\"http:\/\/universofamilia.com\/sk\/aplicaciones-iconicas-de-las-decadas-de-los-80-y-90\/\" \/>\n<meta property=\"og:site_name\" content=\"Universo Fam\u00edlia\" \/>\n<meta property=\"article:published_time\" content=\"2023-11-10T19:59:01+00:00\" \/>\n<meta property=\"article:modified_time\" content=\"2025-11-17T01:07:25+00:00\" \/>\n<meta property=\"og:image\" content=\"http:\/\/universofamilia.com\/wp-content\/uploads\/sites\/148\/2023\/11\/P-550x350-1.png\" \/>\n\t<meta property=\"og:image:width\" content=\"550\" \/>\n\t<meta property=\"og:image:height\" content=\"350\" \/>\n\t<meta property=\"og:image:type\" content=\"image\/png\" \/>\n<meta name=\"author\" content=\"Pedro Henrique\" \/>\n<meta name=\"twitter:card\" content=\"summary_large_image\" \/>\n<meta name=\"twitter:label1\" content=\"Written by\" \/>\n\t<meta name=\"twitter:data1\" content=\"Pedro Henrique\" \/>\n\t<meta name=\"twitter:label2\" content=\"Est. reading time\" \/>\n\t<meta name=\"twitter:data2\" content=\"4 min\u00faty\" \/>\n<script type=\"application\/ld+json\" class=\"yoast-schema-graph\">{\"@context\":\"https:\/\/schema.org\",\"@graph\":[{\"@type\":\"WebPage\",\"@id\":\"http:\/\/universofamilia.com\/pl\/aplicaciones-iconicas-de-las-decadas-de-los-80-y-90\/\",\"url\":\"http:\/\/universofamilia.com\/pl\/aplicaciones-iconicas-de-las-decadas-de-los-80-y-90\/\",\"name\":\"Aplicaciones Ic\u00f3nicas de las D\u00e9cadas de los 80 y 90 - Universo Fam\u00edlia\",\"isPartOf\":{\"@id\":\"https:\/\/universofamilia.com\/el\/#website\"},\"primaryImageOfPage\":{\"@id\":\"http:\/\/universofamilia.com\/pl\/aplicaciones-iconicas-de-las-decadas-de-los-80-y-90\/#primaryimage\"},\"image\":{\"@id\":\"http:\/\/universofamilia.com\/pl\/aplicaciones-iconicas-de-las-decadas-de-los-80-y-90\/#primaryimage\"},\"thumbnailUrl\":\"http:\/\/universofamilia.com\/wp-content\/uploads\/sites\/148\/2023\/11\/P-550x350-1.png\",\"datePublished\":\"2023-11-10T19:59:01+00:00\",\"dateModified\":\"2025-11-17T01:07:25+00:00\",\"author\":{\"@id\":\"https:\/\/universofamilia.com\/el\/#\/schema\/person\/f07ce98187dd84d31154262e79b3b7ca\"},\"description\":\"Aplicaciones Ic\u00f3nicas de las D\u00e9cadas de los 80 y 90. Las d\u00e9cadas de los 80 y 90 fueron periodos revolucionarios en la historia de la...\",\"breadcrumb\":{\"@id\":\"http:\/\/universofamilia.com\/pl\/aplicaciones-iconicas-de-las-decadas-de-los-80-y-90\/#breadcrumb\"},\"inLanguage\":\"sk-SK\",\"potentialAction\":[{\"@type\":\"ReadAction\",\"target\":[\"http:\/\/universofamilia.com\/pl\/aplicaciones-iconicas-de-las-decadas-de-los-80-y-90\/\"]}]},{\"@type\":\"ImageObject\",\"inLanguage\":\"sk-SK\",\"@id\":\"http:\/\/universofamilia.com\/pl\/aplicaciones-iconicas-de-las-decadas-de-los-80-y-90\/#primaryimage\",\"url\":\"http:\/\/universofamilia.com\/wp-content\/uploads\/sites\/148\/2023\/11\/P-550x350-1.png\",\"contentUrl\":\"http:\/\/universofamilia.com\/wp-content\/uploads\/sites\/148\/2023\/11\/P-550x350-1.png\",\"width\":550,\"height\":350,\"caption\":\"Aplicaciones Ic\u00f3nicas de las D\u00e9cadas de los 80 y 90\"},{\"@type\":\"BreadcrumbList\",\"@id\":\"http:\/\/universofamilia.com\/pl\/aplicaciones-iconicas-de-las-decadas-de-los-80-y-90\/#breadcrumb\",\"itemListElement\":[{\"@type\":\"ListItem\",\"position\":1,\"name\":\"Home\",\"item\":\"https:\/\/universofamilia.com\/el\/\"},{\"@type\":\"ListItem\",\"position\":2,\"name\":\"Aplicaciones Ic\u00f3nicas de las D\u00e9cadas de los 80 y 90\"}]},{\"@type\":\"WebSite\",\"@id\":\"https:\/\/universofamilia.com\/el\/#website\",\"url\":\"https:\/\/universofamilia.com\/el\/\",\"name\":\"Universo Fam\u00edlia\",\"description\":\"\",\"potentialAction\":[{\"@type\":\"SearchAction\",\"target\":{\"@type\":\"EntryPoint\",\"urlTemplate\":\"https:\/\/universofamilia.com\/el\/?s={search_term_string}\"},\"query-input\":\"required name=search_term_string\"}],\"inLanguage\":\"sk-SK\"},{\"@type\":\"Person\",\"@id\":\"https:\/\/universofamilia.com\/el\/#\/schema\/person\/f07ce98187dd84d31154262e79b3b7ca\",\"name\":\"Pedro Henrique\",\"image\":{\"@type\":\"ImageObject\",\"inLanguage\":\"sk-SK\",\"@id\":\"https:\/\/universofamilia.com\/el\/#\/schema\/person\/image\/\",\"url\":\"http:\/\/0.gravatar.com\/avatar\/9edfeb808cb4e1599f64d6e45b130154?s=96&d=mm&r=g\",\"contentUrl\":\"http:\/\/0.gravatar.com\/avatar\/9edfeb808cb4e1599f64d6e45b130154?s=96&d=mm&r=g\",\"caption\":\"Pedro Henrique\"},\"url\":\"http:\/\/universofamilia.com\/sk\/author\/editor01\/\"}]}<\/script>\n<!-- \/ Yoast SEO plugin. -->","yoast_head_json":{"title":"Aplicaciones Ic\u00f3nicas de las D\u00e9cadas de los 80 y 90 - Universo Fam\u00edlia","description":"Aplicaciones Ic\u00f3nicas de las D\u00e9cadas de los 80 y 90. Las d\u00e9cadas de los 80 y 90 fueron periodos revolucionarios en la historia de la...","robots":{"index":"index","follow":"follow","max-snippet":"max-snippet:-1","max-image-preview":"max-image-preview:large","max-video-preview":"max-video-preview:-1"},"canonical":"http:\/\/universofamilia.com\/sk\/aplicaciones-iconicas-de-las-decadas-de-los-80-y-90\/","og_locale":"sk_SK","og_type":"article","og_title":"Aplicaciones Ic\u00f3nicas de las D\u00e9cadas de los 80 y 90 - Universo Fam\u00edlia","og_description":"Aplicaciones Ic\u00f3nicas de las D\u00e9cadas de los 80 y 90. Las d\u00e9cadas de los 80 y 90 fueron periodos revolucionarios en la historia de la...","og_url":"http:\/\/universofamilia.com\/sk\/aplicaciones-iconicas-de-las-decadas-de-los-80-y-90\/","og_site_name":"Universo Fam\u00edlia","article_published_time":"2023-11-10T19:59:01+00:00","article_modified_time":"2025-11-17T01:07:25+00:00","og_image":[{"width":550,"height":350,"url":"http:\/\/universofamilia.com\/wp-content\/uploads\/sites\/148\/2023\/11\/P-550x350-1.png","type":"image\/png"}],"author":"Pedro Henrique","twitter_card":"summary_large_image","twitter_misc":{"Written by":"Pedro Henrique","Est. reading time":"4 min\u00faty"},"schema":{"@context":"https:\/\/schema.org","@graph":[{"@type":"WebPage","@id":"http:\/\/universofamilia.com\/pl\/aplicaciones-iconicas-de-las-decadas-de-los-80-y-90\/","url":"http:\/\/universofamilia.com\/pl\/aplicaciones-iconicas-de-las-decadas-de-los-80-y-90\/","name":"Aplicaciones Ic\u00f3nicas de las D\u00e9cadas de los 80 y 90 - Universo Fam\u00edlia","isPartOf":{"@id":"https:\/\/universofamilia.com\/el\/#website"},"primaryImageOfPage":{"@id":"http:\/\/universofamilia.com\/pl\/aplicaciones-iconicas-de-las-decadas-de-los-80-y-90\/#primaryimage"},"image":{"@id":"http:\/\/universofamilia.com\/pl\/aplicaciones-iconicas-de-las-decadas-de-los-80-y-90\/#primaryimage"},"thumbnailUrl":"http:\/\/universofamilia.com\/wp-content\/uploads\/sites\/148\/2023\/11\/P-550x350-1.png","datePublished":"2023-11-10T19:59:01+00:00","dateModified":"2025-11-17T01:07:25+00:00","author":{"@id":"https:\/\/universofamilia.com\/el\/#\/schema\/person\/f07ce98187dd84d31154262e79b3b7ca"},"description":"Aplicaciones Ic\u00f3nicas de las D\u00e9cadas de los 80 y 90. Las d\u00e9cadas de los 80 y 90 fueron periodos revolucionarios en la historia de la...","breadcrumb":{"@id":"http:\/\/universofamilia.com\/pl\/aplicaciones-iconicas-de-las-decadas-de-los-80-y-90\/#breadcrumb"},"inLanguage":"sk-SK","potentialAction":[{"@type":"ReadAction","target":["http:\/\/universofamilia.com\/pl\/aplicaciones-iconicas-de-las-decadas-de-los-80-y-90\/"]}]},{"@type":"ImageObject","inLanguage":"sk-SK","@id":"http:\/\/universofamilia.com\/pl\/aplicaciones-iconicas-de-las-decadas-de-los-80-y-90\/#primaryimage","url":"http:\/\/universofamilia.com\/wp-content\/uploads\/sites\/148\/2023\/11\/P-550x350-1.png","contentUrl":"http:\/\/universofamilia.com\/wp-content\/uploads\/sites\/148\/2023\/11\/P-550x350-1.png","width":550,"height":350,"caption":"Aplicaciones Ic\u00f3nicas de las D\u00e9cadas de los 80 y 90"},{"@type":"BreadcrumbList","@id":"http:\/\/universofamilia.com\/pl\/aplicaciones-iconicas-de-las-decadas-de-los-80-y-90\/#breadcrumb","itemListElement":[{"@type":"ListItem","position":1,"name":"Home","item":"https:\/\/universofamilia.com\/el\/"},{"@type":"ListItem","position":2,"name":"Aplicaciones Ic\u00f3nicas de las D\u00e9cadas de los 80 y 90"}]},{"@type":"WebSite","@id":"https:\/\/universofamilia.com\/el\/#website","url":"https:\/\/universofamilia.com\/el\/","name":"Universo Fam\u00edlia","description":"","potentialAction":[{"@type":"SearchAction","target":{"@type":"EntryPoint","urlTemplate":"https:\/\/universofamilia.com\/el\/?s={search_term_string}"},"query-input":"required name=search_term_string"}],"inLanguage":"sk-SK"},{"@type":"Person","@id":"https:\/\/universofamilia.com\/el\/#\/schema\/person\/f07ce98187dd84d31154262e79b3b7ca","name":"Pedro Henrique","image":{"@type":"ImageObject","inLanguage":"sk-SK","@id":"https:\/\/universofamilia.com\/el\/#\/schema\/person\/image\/","url":"http:\/\/0.gravatar.com\/avatar\/9edfeb808cb4e1599f64d6e45b130154?s=96&d=mm&r=g","contentUrl":"http:\/\/0.gravatar.com\/avatar\/9edfeb808cb4e1599f64d6e45b130154?s=96&d=mm&r=g","caption":"Pedro Henrique"},"url":"http:\/\/universofamilia.com\/sk\/author\/editor01\/"}]}},"_links":{"self":[{"href":"http:\/\/universofamilia.com\/sk\/wp-json\/wp\/v2\/posts\/4428"}],"collection":[{"href":"http:\/\/universofamilia.com\/sk\/wp-json\/wp\/v2\/posts"}],"about":[{"href":"http:\/\/universofamilia.com\/sk\/wp-json\/wp\/v2\/types\/post"}],"author":[{"embeddable":true,"href":"http:\/\/universofamilia.com\/sk\/wp-json\/wp\/v2\/users\/139"}],"replies":[{"embeddable":true,"href":"http:\/\/universofamilia.com\/sk\/wp-json\/wp\/v2\/comments?post=4428"}],"version-history":[{"count":2,"href":"http:\/\/universofamilia.com\/sk\/wp-json\/wp\/v2\/posts\/4428\/revisions"}],"predecessor-version":[{"id":10337,"href":"http:\/\/universofamilia.com\/sk\/wp-json\/wp\/v2\/posts\/4428\/revisions\/10337"}],"wp:featuredmedia":[{"embeddable":true,"href":"http:\/\/universofamilia.com\/sk\/wp-json\/wp\/v2\/media\/4430"}],"wp:attachment":[{"href":"http:\/\/universofamilia.com\/sk\/wp-json\/wp\/v2\/media?parent=4428"}],"wp:term":[{"taxonomy":"category","embeddable":true,"href":"http:\/\/universofamilia.com\/sk\/wp-json\/wp\/v2\/categories?post=4428"},{"taxonomy":"post_tag","embeddable":true,"href":"http:\/\/universofamilia.com\/sk\/wp-json\/wp\/v2\/tags?post=4428"}],"curies":[{"name":"wp","href":"https:\/\/api.w.org\/{rel}","templated":true}]}}