{"id":4871,"date":"2024-01-14T19:23:08","date_gmt":"2024-01-14T19:23:08","guid":{"rendered":"https:\/\/universofamilia.com\/?p=4871"},"modified":"2025-10-12T19:33:41","modified_gmt":"2025-10-12T22:33:41","slug":"un-viaje-personal-por-el-arbol-genealogico","status":"publish","type":"post","link":"http:\/\/universofamilia.com\/sk\/un-viaje-personal-por-el-arbol-genealogico\/","title":{"rendered":"Osobn\u00e1 cesta rodokme\u0148om"},"content":{"rendered":"<p>V neust\u00e1le sa meniacom svete, kde sa pr\u00edbehy na\u0161ich predkov \u010dasto str\u00e1caj\u00fa v z\u00e1hyboch \u010dasu, sa h\u013eadanie na\u0161ich kore\u0148ov st\u00e1va fascinuj\u00facou historickou cestou.<\/p>\n\n\n\n<p>Objavovanie rodinnej hist\u00f3rie je viac ne\u017e len h\u013eadanie mien a d\u00e1tumov; je to sp\u00f4sob, ako pochopi\u0165 seba a svet okolo n\u00e1s.<\/p>\n\n\n\n<p>Ve\u010f v ka\u017edej rodine sa m\u00f4\u017eu nach\u00e1dza\u0165 v\u00fdznamn\u00e9 osobnosti, ktor\u00e9 zmenili chod dej\u00edn, a \u010dasto si to ani neuvedomujeme.<\/p>\n\n\n\n<h2 class=\"wp-block-heading\">D\u00f4le\u017eitos\u0165 rodokme\u0148a:<\/h2>\n\n\n\n<p>U\u010di\u0165 sa o hist\u00f3rii na\u0161ej rodiny je ako otvori\u0165 zapr\u00e1\u0161en\u00fa knihu pln\u00fa vzru\u0161uj\u00facich pr\u00edbehov, v\u00ed\u0165azstiev a v\u00fdziev, ktor\u00e9 formovali gener\u00e1cie.<\/p>\n\n\n\n<p>Rodokme\u0148 sa st\u00e1va n\u00e1strojom, ktor\u00fd odha\u013euje z\u00e1hady minulosti.<\/p>\n\n\n\n<p>Odha\u013eovanie prekvapiv\u00fdch pr\u00edbuzensk\u00fdch v\u00e4zieb a s\u00favislost\u00ed, ktor\u00e9 n\u00e1s m\u00f4\u017eu privies\u0165 k osobnostiam, ktor\u00e9 nejak\u00fdm sp\u00f4sobom ovplyvnili chod dej\u00edn.<\/p>\n\n\n\n<h2 class=\"wp-block-heading\">Pozri tie\u017e<\/h2>\n\n\n\n<ul>\n<li><a href=\"https:\/\/universofamilia.com\/sk\/4419\/aplicaciones-para-editar-y-crear-reels\/\">Aplik\u00e1cie na \u00fapravu a vytv\u00e1ranie videoklipov<\/a><\/li>\n\n\n\n<li><a href=\"https:\/\/universofamilia.com\/sk\/4338\/las-mejores-aplicaciones-para-ver-peliculas-y-series\/\">Najlep\u0161ie aplik\u00e1cie na sledovanie filmov a seri\u00e1lov<\/a><\/li>\n\n\n\n<li><a href=\"https:\/\/universofamilia.com\/sk\/4829\/aprende-a-tocar-la-guitarra-de-forma-facil-y-practica\/\">Nau\u010dte sa hra\u0165 na gitare \u013eahko a prakticky<\/a><\/li>\n\n\n\n<li><a href=\"https:\/\/universofamilia.com\/sk\/4369\/las-aplicaciones-de-musica-en-el-estado-de-whatsapp\/\">Hudobn\u00e9 aplik\u00e1cie v WhatsApp Status<\/a><\/li>\n<\/ul>\n\n\n\n<h2 class=\"wp-block-heading\"><strong>Rodokme\u0148 ako svedok \u010dasu:<\/strong><\/h2>\n\n\n\n<p>Vytv\u00e1ranie rodokme\u0148a nie je len o zhroma\u017e\u010fovan\u00ed mien, d\u00e1tumov a miest, ale o vytvoren\u00ed \u017eiv\u00e9ho portr\u00e9tu toho, kto sme a odkia\u013e poch\u00e1dzame.<\/p>\n\n\n\n<p>Je to n\u00e1stroj, ktor\u00fd n\u00e1s sp\u00e1ja s udalos\u0165ami a \u013eu\u010fmi, ktor\u00ed formovali spolo\u010dnos\u0165, v ktorej dnes \u017eijeme.<\/p>\n\n\n\n<p>Sledovan\u00edm rodov\u00fdch l\u00edni\u00ed m\u00f4\u017eeme vidie\u0165, ako \u00faspechy na\u0161ich predkov rezonuj\u00fa v na\u0161ej vlastnej existencii.<\/p>\n\n\n\n<h2 class=\"wp-block-heading\"><strong>Prieskum s genealogick\u00fdmi aplik\u00e1ciami:<\/strong><\/h2>\n\n\n\n<p>V dne\u0161nom digit\u00e1lnom svete nadobudlo sledovanie vlastn\u00fdch kore\u0148ov nov\u00fd rozmer v\u010faka genealogick\u00fdm aplik\u00e1ci\u00e1m.<\/p>\n\n\n\n<p>Dve v\u00fdznamn\u00e9 s\u00fa Ancestry a FamilySearch. Tieto platformy pon\u00fakaj\u00fa inovat\u00edvny pr\u00edstup, ktor\u00fd u\u013eah\u010duje vyh\u013ead\u00e1vanie a vytv\u00e1ranie rodokme\u0148ov.<\/p>\n\n\n\n<h2 class=\"wp-block-heading\"><strong>Ancestry and FamilySearch: Digit\u00e1lne n\u00e1stroje pre osobn\u00fa hist\u00f3riu:<\/strong><\/h2>\n\n\n\n<p>Ancestry a FamilySearch s\u00fa ako magick\u00e9 port\u00e1ly, ktor\u00e9 n\u00e1s prenes\u00fa sp\u00e4\u0165 v \u010dase a umo\u017e\u0148uj\u00fa n\u00e1m presk\u00fama\u0165 historick\u00e9 z\u00e1znamy, star\u00e9 fotografie a dokumenty nevyhnutn\u00e9 pre budovanie n\u00e1\u0161ho rodokme\u0148a.<\/p>\n\n\n\n<p>Prostredn\u00edctvom t\u00fdchto platforiem je mo\u017en\u00e9 vystopova\u0165 na\u0161ich predkov a objavi\u0165 pr\u00edbehy, ktor\u00e9 mohli by\u0165 zabudnut\u00e9.<\/p>\n\n\n\n<h2 class=\"wp-block-heading\"><strong>Kroky na in\u0161tal\u00e1ciu aplik\u00e1ci\u00ed:<\/strong><\/h2>\n\n\n\n<ol>\n<li><strong>P\u00f4vod:<\/strong>\n<ul>\n<li>Prejdite do obchodu s aplik\u00e1ciami na svojom zariaden\u00ed so syst\u00e9mom Android alebo iOS.<\/li>\n\n\n\n<li>Vyh\u013eadajte \u201eAncestry\u201c a kliknite na tla\u010didlo In\u0161talova\u0165.<\/li>\n\n\n\n<li>Vytvorte si \u00fa\u010det alebo sa prihl\u00e1ste a za\u010dnite svoju genealogick\u00fa cestu.<\/li>\n<\/ul>\n<\/li>\n\n\n\n<li><strong>Rodinn\u00e9 vyh\u013ead\u00e1vanie:<\/strong>\n<ul>\n<li>N\u00e1jdite aplik\u00e1ciu v obchode s aplik\u00e1ciami v\u00e1\u0161ho zariadenia.<\/li>\n\n\n\n<li>Stiahnite a nain\u0161talujte si FamilySearch.<\/li>\n\n\n\n<li>Zaregistrujte sa a za\u010dnite objavova\u0165 svojich predkov.<\/li>\n<\/ul>\n<\/li>\n<\/ol>\n\n\n\n<h2 class=\"wp-block-heading\"><strong>Pou\u017e\u00edvate\u013esk\u00e1 sk\u00fasenos\u0165:<\/strong><\/h2>\n\n\n\n<p>Pou\u017e\u00edvatelia t\u00fdchto platforiem \u010dasto hl\u00e1sia transforma\u010dn\u00fd z\u00e1\u017eitok.<\/p>\n\n\n\n<p>Od neo\u010dak\u00e1van\u00fdch stretnut\u00ed so vzdialen\u00fdmi pr\u00edbuzn\u00fdmi a\u017e po objavovanie v\u00fdznamn\u00fdch osobnost\u00ed vo va\u0161ich rodokme\u0148och, tieto aplik\u00e1cie pon\u00fakaj\u00fa fascinuj\u00faci poh\u013ead do minulosti.<\/p>\n\n\n<div class=\"wp-block-image\">\n<figure class=\"aligncenter size-full\"><img loading=\"lazy\" decoding=\"async\" width=\"550\" height=\"350\" src=\"http:\/\/universofamilia.com\/wp-content\/uploads\/sites\/148\/2024\/01\/P-550x350-4.jpg\" alt=\"\" class=\"wp-image-4872\" srcset=\"http:\/\/universofamilia.com\/wp-content\/uploads\/sites\/148\/2024\/01\/P-550x350-4.jpg 550w, http:\/\/universofamilia.com\/wp-content\/uploads\/sites\/148\/2024\/01\/P-550x350-4-300x191.jpg 300w\" sizes=\"(max-width: 550px) 100vw, 550px\" \/><figcaption class=\"wp-element-caption\">Osobn\u00e1 cesta rodokme\u0148om<\/figcaption><\/figure><\/div>\n\n\n<h2 class=\"wp-block-heading\"><strong>Z\u00e1ver:<\/strong><\/h2>\n\n\n\n<p>Objavovanie na\u0161ich kore\u0148ov je cestou sebapoznania a spojenia s minulos\u0165ou.<\/p>\n\n\n\n<p>Aplik\u00e1cie Ancestry a FamilySearch spr\u00edstup\u0148uj\u00fa genealogick\u00fd v\u00fdskum ka\u017ed\u00e9mu a premie\u0148aj\u00fa geneal\u00f3giu na pohlcuj\u00faci z\u00e1\u017eitok.<\/p>\n\n\n\n<p>Kr\u00e1\u010dan\u00edm v \u0161\u013eapajach na\u0161ich predkov otv\u00e1rame dvere k lep\u0161iemu pochopeniu hist\u00f3rie, ktor\u00e1 formovala to, k\u00fdm sme dnes.<\/p>\n\n\n\n<p><strong>Stiahnite si Ancestry pre <\/strong><a href=\"https:\/\/play.google.com\/store\/apps\/details?id=com.ancestry.android.apps.ancestry&amp;hl=en_US\"><strong>Android<\/strong><\/a><strong> a <a href=\"https:\/\/apps.apple.com\/gb\/app\/ancestry-family-history-dna\/id349554263\">iOS<\/a><\/strong><br><strong>Stiahnite si FamilySearch pre<\/strong><a href=\"https:\/\/play.google.com\/store\/apps\/details?id=org.familysearch.mobile&amp;hl=pt_BR&amp;gl=US\"><strong> Android<\/strong><\/a><strong> a <a href=\"https:\/\/apps.apple.com\/br\/app\/familysearch-%C3%A1rvore\/id885982973\">iOS<\/a><\/strong><\/p>","protected":false},"excerpt":{"rendered":"<p>En un mundo en constante cambio, donde las historias de nuestros antepasados a menudo se pierden en los pliegues del tiempo, la b\u00fasqueda de nuestras ra\u00edces se convierte en una fascinante traves\u00eda hist\u00f3rica. Descubrir la historia de nuestra familia es m\u00e1s que solo buscar nombres y fechas; es una manera de entendernos a nosotros mismos [&hellip;]<\/p>","protected":false},"author":219,"featured_media":4872,"comment_status":"closed","ping_status":"open","sticky":false,"template":"","format":"standard","meta":{"footnotes":""},"categories":[2],"tags":[488,1534,1535],"yoast_head":"<!-- This site is optimized with the Yoast SEO plugin v23.3 - https:\/\/yoast.com\/wordpress\/plugins\/seo\/ -->\n<title>Un Viaje Personal por el \u00c1rbol Geneal\u00f3gico - Universo Fam\u00edlia<\/title>\n<meta name=\"description\" content=\"Un Viaje Personal por el \u00c1rbol Geneal\u00f3gico. En un mundo en constante cambio, donde las historias de nuestros antepasados...\" \/>\n<meta name=\"robots\" content=\"index, follow, max-snippet:-1, max-image-preview:large, max-video-preview:-1\" \/>\n<link rel=\"canonical\" href=\"http:\/\/universofamilia.com\/sk\/un-viaje-personal-por-el-arbol-genealogico\/\" \/>\n<meta property=\"og:locale\" content=\"sk_SK\" \/>\n<meta property=\"og:type\" content=\"article\" \/>\n<meta property=\"og:title\" content=\"Un Viaje Personal por el \u00c1rbol Geneal\u00f3gico - Universo Fam\u00edlia\" \/>\n<meta property=\"og:description\" content=\"Un Viaje Personal por el \u00c1rbol Geneal\u00f3gico. En un mundo en constante cambio, donde las historias de nuestros antepasados...\" \/>\n<meta property=\"og:url\" content=\"http:\/\/universofamilia.com\/sk\/un-viaje-personal-por-el-arbol-genealogico\/\" \/>\n<meta property=\"og:site_name\" content=\"Universo Fam\u00edlia\" \/>\n<meta property=\"article:published_time\" content=\"2024-01-14T19:23:08+00:00\" \/>\n<meta property=\"article:modified_time\" content=\"2025-10-12T22:33:41+00:00\" \/>\n<meta property=\"og:image\" content=\"http:\/\/universofamilia.com\/wp-content\/uploads\/sites\/148\/2024\/01\/P-550x350-4.jpg\" \/>\n\t<meta property=\"og:image:width\" content=\"550\" \/>\n\t<meta property=\"og:image:height\" content=\"350\" \/>\n\t<meta property=\"og:image:type\" content=\"image\/jpeg\" \/>\n<meta name=\"author\" content=\"Matheus Sangaletti\" \/>\n<meta name=\"twitter:card\" content=\"summary_large_image\" \/>\n<meta name=\"twitter:label1\" content=\"Written by\" \/>\n\t<meta name=\"twitter:data1\" content=\"Matheus Sangaletti\" \/>\n\t<meta name=\"twitter:label2\" content=\"Est. reading time\" \/>\n\t<meta name=\"twitter:data2\" content=\"4 min\u00faty\" \/>\n<script type=\"application\/ld+json\" class=\"yoast-schema-graph\">{\"@context\":\"https:\/\/schema.org\",\"@graph\":[{\"@type\":\"WebPage\",\"@id\":\"http:\/\/universofamilia.com\/da\/un-viaje-personal-por-el-arbol-genealogico\/\",\"url\":\"http:\/\/universofamilia.com\/da\/un-viaje-personal-por-el-arbol-genealogico\/\",\"name\":\"Un Viaje Personal por el \u00c1rbol Geneal\u00f3gico - Universo Fam\u00edlia\",\"isPartOf\":{\"@id\":\"https:\/\/universofamilia.com\/el\/#website\"},\"primaryImageOfPage\":{\"@id\":\"http:\/\/universofamilia.com\/da\/un-viaje-personal-por-el-arbol-genealogico\/#primaryimage\"},\"image\":{\"@id\":\"http:\/\/universofamilia.com\/da\/un-viaje-personal-por-el-arbol-genealogico\/#primaryimage\"},\"thumbnailUrl\":\"http:\/\/universofamilia.com\/wp-content\/uploads\/sites\/148\/2024\/01\/P-550x350-4.jpg\",\"datePublished\":\"2024-01-14T19:23:08+00:00\",\"dateModified\":\"2025-10-12T22:33:41+00:00\",\"author\":{\"@id\":\"https:\/\/universofamilia.com\/el\/#\/schema\/person\/92fcd07e9b1f4323bf74f3170fc0f78a\"},\"description\":\"Un Viaje Personal por el \u00c1rbol Geneal\u00f3gico. En un mundo en constante cambio, donde las historias de nuestros antepasados...\",\"breadcrumb\":{\"@id\":\"http:\/\/universofamilia.com\/da\/un-viaje-personal-por-el-arbol-genealogico\/#breadcrumb\"},\"inLanguage\":\"sk-SK\",\"potentialAction\":[{\"@type\":\"ReadAction\",\"target\":[\"http:\/\/universofamilia.com\/da\/un-viaje-personal-por-el-arbol-genealogico\/\"]}]},{\"@type\":\"ImageObject\",\"inLanguage\":\"sk-SK\",\"@id\":\"http:\/\/universofamilia.com\/da\/un-viaje-personal-por-el-arbol-genealogico\/#primaryimage\",\"url\":\"http:\/\/universofamilia.com\/wp-content\/uploads\/sites\/148\/2024\/01\/P-550x350-4.jpg\",\"contentUrl\":\"http:\/\/universofamilia.com\/wp-content\/uploads\/sites\/148\/2024\/01\/P-550x350-4.jpg\",\"width\":550,\"height\":350,\"caption\":\"Un Viaje Personal por el \u00c1rbol Geneal\u00f3gico\"},{\"@type\":\"BreadcrumbList\",\"@id\":\"http:\/\/universofamilia.com\/da\/un-viaje-personal-por-el-arbol-genealogico\/#breadcrumb\",\"itemListElement\":[{\"@type\":\"ListItem\",\"position\":1,\"name\":\"Home\",\"item\":\"https:\/\/universofamilia.com\/el\/\"},{\"@type\":\"ListItem\",\"position\":2,\"name\":\"Un Viaje Personal por el \u00c1rbol Geneal\u00f3gico\"}]},{\"@type\":\"WebSite\",\"@id\":\"https:\/\/universofamilia.com\/el\/#website\",\"url\":\"https:\/\/universofamilia.com\/el\/\",\"name\":\"Universo Fam\u00edlia\",\"description\":\"\",\"potentialAction\":[{\"@type\":\"SearchAction\",\"target\":{\"@type\":\"EntryPoint\",\"urlTemplate\":\"https:\/\/universofamilia.com\/el\/?s={search_term_string}\"},\"query-input\":\"required name=search_term_string\"}],\"inLanguage\":\"sk-SK\"},{\"@type\":\"Person\",\"@id\":\"https:\/\/universofamilia.com\/el\/#\/schema\/person\/92fcd07e9b1f4323bf74f3170fc0f78a\",\"name\":\"Matheus Sangaletti\",\"image\":{\"@type\":\"ImageObject\",\"inLanguage\":\"sk-SK\",\"@id\":\"https:\/\/universofamilia.com\/el\/#\/schema\/person\/image\/\",\"url\":\"http:\/\/2.gravatar.com\/avatar\/280ea957a14a48e6a1ad2133d2cc27c9?s=96&d=mm&r=g\",\"contentUrl\":\"http:\/\/2.gravatar.com\/avatar\/280ea957a14a48e6a1ad2133d2cc27c9?s=96&d=mm&r=g\",\"caption\":\"Matheus Sangaletti\"},\"url\":\"http:\/\/universofamilia.com\/sk\/author\/matheuss\/\"}]}<\/script>\n<!-- \/ Yoast SEO plugin. -->","yoast_head_json":{"title":"Un Viaje Personal por el \u00c1rbol Geneal\u00f3gico - Universo Fam\u00edlia","description":"Un Viaje Personal por el \u00c1rbol Geneal\u00f3gico. En un mundo en constante cambio, donde las historias de nuestros antepasados...","robots":{"index":"index","follow":"follow","max-snippet":"max-snippet:-1","max-image-preview":"max-image-preview:large","max-video-preview":"max-video-preview:-1"},"canonical":"http:\/\/universofamilia.com\/sk\/un-viaje-personal-por-el-arbol-genealogico\/","og_locale":"sk_SK","og_type":"article","og_title":"Un Viaje Personal por el \u00c1rbol Geneal\u00f3gico - Universo Fam\u00edlia","og_description":"Un Viaje Personal por el \u00c1rbol Geneal\u00f3gico. En un mundo en constante cambio, donde las historias de nuestros antepasados...","og_url":"http:\/\/universofamilia.com\/sk\/un-viaje-personal-por-el-arbol-genealogico\/","og_site_name":"Universo Fam\u00edlia","article_published_time":"2024-01-14T19:23:08+00:00","article_modified_time":"2025-10-12T22:33:41+00:00","og_image":[{"width":550,"height":350,"url":"http:\/\/universofamilia.com\/wp-content\/uploads\/sites\/148\/2024\/01\/P-550x350-4.jpg","type":"image\/jpeg"}],"author":"Matheus Sangaletti","twitter_card":"summary_large_image","twitter_misc":{"Written by":"Matheus Sangaletti","Est. reading time":"4 min\u00faty"},"schema":{"@context":"https:\/\/schema.org","@graph":[{"@type":"WebPage","@id":"http:\/\/universofamilia.com\/da\/un-viaje-personal-por-el-arbol-genealogico\/","url":"http:\/\/universofamilia.com\/da\/un-viaje-personal-por-el-arbol-genealogico\/","name":"Un Viaje Personal por el \u00c1rbol Geneal\u00f3gico - Universo Fam\u00edlia","isPartOf":{"@id":"https:\/\/universofamilia.com\/el\/#website"},"primaryImageOfPage":{"@id":"http:\/\/universofamilia.com\/da\/un-viaje-personal-por-el-arbol-genealogico\/#primaryimage"},"image":{"@id":"http:\/\/universofamilia.com\/da\/un-viaje-personal-por-el-arbol-genealogico\/#primaryimage"},"thumbnailUrl":"http:\/\/universofamilia.com\/wp-content\/uploads\/sites\/148\/2024\/01\/P-550x350-4.jpg","datePublished":"2024-01-14T19:23:08+00:00","dateModified":"2025-10-12T22:33:41+00:00","author":{"@id":"https:\/\/universofamilia.com\/el\/#\/schema\/person\/92fcd07e9b1f4323bf74f3170fc0f78a"},"description":"Un Viaje Personal por el \u00c1rbol Geneal\u00f3gico. En un mundo en constante cambio, donde las historias de nuestros antepasados...","breadcrumb":{"@id":"http:\/\/universofamilia.com\/da\/un-viaje-personal-por-el-arbol-genealogico\/#breadcrumb"},"inLanguage":"sk-SK","potentialAction":[{"@type":"ReadAction","target":["http:\/\/universofamilia.com\/da\/un-viaje-personal-por-el-arbol-genealogico\/"]}]},{"@type":"ImageObject","inLanguage":"sk-SK","@id":"http:\/\/universofamilia.com\/da\/un-viaje-personal-por-el-arbol-genealogico\/#primaryimage","url":"http:\/\/universofamilia.com\/wp-content\/uploads\/sites\/148\/2024\/01\/P-550x350-4.jpg","contentUrl":"http:\/\/universofamilia.com\/wp-content\/uploads\/sites\/148\/2024\/01\/P-550x350-4.jpg","width":550,"height":350,"caption":"Un Viaje Personal por el \u00c1rbol Geneal\u00f3gico"},{"@type":"BreadcrumbList","@id":"http:\/\/universofamilia.com\/da\/un-viaje-personal-por-el-arbol-genealogico\/#breadcrumb","itemListElement":[{"@type":"ListItem","position":1,"name":"Home","item":"https:\/\/universofamilia.com\/el\/"},{"@type":"ListItem","position":2,"name":"Un Viaje Personal por el \u00c1rbol Geneal\u00f3gico"}]},{"@type":"WebSite","@id":"https:\/\/universofamilia.com\/el\/#website","url":"https:\/\/universofamilia.com\/el\/","name":"Universo Fam\u00edlia","description":"","potentialAction":[{"@type":"SearchAction","target":{"@type":"EntryPoint","urlTemplate":"https:\/\/universofamilia.com\/el\/?s={search_term_string}"},"query-input":"required name=search_term_string"}],"inLanguage":"sk-SK"},{"@type":"Person","@id":"https:\/\/universofamilia.com\/el\/#\/schema\/person\/92fcd07e9b1f4323bf74f3170fc0f78a","name":"Matheus Sangaletti","image":{"@type":"ImageObject","inLanguage":"sk-SK","@id":"https:\/\/universofamilia.com\/el\/#\/schema\/person\/image\/","url":"http:\/\/2.gravatar.com\/avatar\/280ea957a14a48e6a1ad2133d2cc27c9?s=96&d=mm&r=g","contentUrl":"http:\/\/2.gravatar.com\/avatar\/280ea957a14a48e6a1ad2133d2cc27c9?s=96&d=mm&r=g","caption":"Matheus Sangaletti"},"url":"http:\/\/universofamilia.com\/sk\/author\/matheuss\/"}]}},"_links":{"self":[{"href":"http:\/\/universofamilia.com\/sk\/wp-json\/wp\/v2\/posts\/4871"}],"collection":[{"href":"http:\/\/universofamilia.com\/sk\/wp-json\/wp\/v2\/posts"}],"about":[{"href":"http:\/\/universofamilia.com\/sk\/wp-json\/wp\/v2\/types\/post"}],"author":[{"embeddable":true,"href":"http:\/\/universofamilia.com\/sk\/wp-json\/wp\/v2\/users\/219"}],"replies":[{"embeddable":true,"href":"http:\/\/universofamilia.com\/sk\/wp-json\/wp\/v2\/comments?post=4871"}],"version-history":[{"count":1,"href":"http:\/\/universofamilia.com\/sk\/wp-json\/wp\/v2\/posts\/4871\/revisions"}],"predecessor-version":[{"id":10058,"href":"http:\/\/universofamilia.com\/sk\/wp-json\/wp\/v2\/posts\/4871\/revisions\/10058"}],"wp:featuredmedia":[{"embeddable":true,"href":"http:\/\/universofamilia.com\/sk\/wp-json\/wp\/v2\/media\/4872"}],"wp:attachment":[{"href":"http:\/\/universofamilia.com\/sk\/wp-json\/wp\/v2\/media?parent=4871"}],"wp:term":[{"taxonomy":"category","embeddable":true,"href":"http:\/\/universofamilia.com\/sk\/wp-json\/wp\/v2\/categories?post=4871"},{"taxonomy":"post_tag","embeddable":true,"href":"http:\/\/universofamilia.com\/sk\/wp-json\/wp\/v2\/tags?post=4871"}],"curies":[{"name":"wp","href":"https:\/\/api.w.org\/{rel}","templated":true}]}}