{"id":5114,"date":"2024-01-31T20:10:23","date_gmt":"2024-01-31T20:10:23","guid":{"rendered":"https:\/\/universofamilia.com\/?p=5114"},"modified":"2025-01-28T12:48:31","modified_gmt":"2025-01-28T12:48:31","slug":"la-importancia-de-ocultar-tu-galeria-de-fotos-y-videos","status":"publish","type":"post","link":"http:\/\/universofamilia.com\/sk\/la-importancia-de-ocultar-tu-galeria-de-fotos-y-videos\/","title":{"rendered":"D\u00f4le\u017eitos\u0165 skrytia va\u0161ej fotogal\u00e9rie a videogal\u00e9rie"},"content":{"rendered":"<p>V dne\u0161nom digit\u00e1lnom prostred\u00ed, kde technol\u00f3gie zohr\u00e1vaj\u00fa v na\u0161ich \u017eivotoch z\u00e1sadn\u00fa \u00falohu, sa ochrana s\u00fakromia st\u00e1va \u010doraz naliehavej\u0161ou ot\u00e1zkou.<\/p>\n\n\n\n<p>S roz\u0161\u00edren\u00edm smartf\u00f3nov sa stalo be\u017en\u00fdm ukladanie \u0161irokej \u0161k\u00e1ly fotografi\u00ed a vide\u00ed na na\u0161ich zariadeniach.<\/p>\n\n\n\n<p>Tieto s\u00fabory v\u0161ak m\u00f4\u017eu \u010dasto obsahova\u0165 int\u00edmne alebo kompromituj\u00face momenty, ktor\u00e9 rad\u0161ej uchov\u00e1vame pred zvedav\u00fdmi o\u010dami.<\/p>\n\n\n\n<p>V tejto s\u00favislosti sa st\u00e1va relevantn\u00fdm pou\u017e\u00edvanie aplik\u00e1ci\u00ed \u0161pecializovan\u00fdch na skr\u00fdvanie fotogal\u00e9ri\u00ed a videogal\u00e9ri\u00ed.<\/p>\n\n\n\n<h2 class=\"wp-block-heading\">Pozri tie\u017e<\/h2>\n\n\n\n<ul>\n<li><a href=\"https:\/\/universofamilia.com\/sk\/5099\/restaurar-fotos-eliminadas-en-el-telefono-movil\/\">Obnovenie odstr\u00e1nen\u00fdch fotografi\u00ed na mobilnom telef\u00f3ne<\/a><\/li>\n\n\n\n<li><a href=\"https:\/\/universofamilia.com\/sk\/5105\/noviazgo-cristiano-para-toda-la-vida\/\">Kres\u0165ansk\u00e9 zoznamovanie na cel\u00fd \u017eivot<\/a><\/li>\n<\/ul>\n\n\n\n<h2 class=\"wp-block-heading\"><strong>D\u00f4le\u017eitos\u0165 digit\u00e1lneho s\u00fakromia<\/strong><\/h2>\n\n\n\n<p>Mobiln\u00e9 telef\u00f3ny s\u00fa \u010dasto pred\u013a\u017een\u00edm n\u00e1\u0161ho ka\u017edodenn\u00e9ho \u017eivota a obsahuj\u00fa nielen z\u00e1znamy \u0161\u0165astn\u00fdch okamihov, ale aj osobn\u00e9 a int\u00edmne spomienky.<\/p>\n\n\n\n<p>Ochrana t\u00fdchto inform\u00e1ci\u00ed pred kybernetick\u00fdmi \u0161pi\u00f3nmi alebo zvedav\u00fdmi \u013eu\u010fmi sa st\u00e1va prioritou pre mnoh\u00fdch pou\u017e\u00edvate\u013eov.<\/p>\n\n\n\n<p>Aplik\u00e1cie na skr\u00fdvanie fotografi\u00ed a vide\u00ed poskytuj\u00fa \u010fal\u0161iu vrstvu zabezpe\u010denia a zabezpe\u010duj\u00fa, \u017ee k chr\u00e1nen\u00fdm s\u00faborom maj\u00fa pr\u00edstup iba opr\u00e1vnen\u00ed pou\u017e\u00edvatelia.<\/p>\n\n\n\n<p>Okrem ochrany s\u00fakromia s\u00fa tieto aplik\u00e1cie u\u017eito\u010dn\u00e9 aj v pr\u00edpadoch straty alebo kr\u00e1de\u017ee zariadenia.<\/p>\n\n\n\n<p>Strata mobiln\u00e9ho telef\u00f3nu by predsa nemala znamena\u0165 vyzradenie d\u00f4vern\u00fdch inform\u00e1ci\u00ed.<\/p>\n\n\n\n<p>V tejto s\u00favislosti sa zav\u00e1dzanie bezpe\u010dnostn\u00fdch opatren\u00ed, ako je napr\u00edklad skr\u00fdvanie tunelov, st\u00e1va obozretnou a nevyhnutnou praxou.<\/p>\n\n\n\n<h2 class=\"wp-block-heading\"><strong>Maskovacie aplik\u00e1cie<\/strong><\/h2>\n\n\n\n<p>R\u00f4zne aplik\u00e1cie dostupn\u00e9 na trhu pon\u00fakaj\u00fa funkciu na skrytie fotografi\u00ed a vide\u00ed, ale je nevyhnutn\u00e9 vybra\u0165 si spo\u013eahliv\u00fa a efekt\u00edvnu mo\u017enos\u0165.<\/p>\n\n\n\n<p>V tomto scen\u00e1ri vynikaj\u00fa dve aplik\u00e1cie: \u201eSkry\u0165 fotoalbum a vide\u00e1\u201c a \u201eZamknut\u00fd tajn\u00fd album\u201c.<\/p>\n\n\n\n<p>\u201eSkry\u0165 foto trezor a vide\u00e1\u201c pon\u00faka intuit\u00edvne rozhranie a pokro\u010dil\u00e9 bezpe\u010dnostn\u00e9 funkcie.<\/p>\n\n\n\n<p>Okrem skrytia fotografi\u00ed a vide\u00ed v\u00e1m aplik\u00e1cia umo\u017e\u0148uje aj vytv\u00e1ra\u0165 prie\u010dinky chr\u00e1nen\u00e9 heslom, \u010do poskytuje \u010fal\u0161iu \u00farove\u0148 zabezpe\u010denia.<\/p>\n\n\n\n<p>Pou\u017e\u00edvatelia oce\u0148uj\u00fa jeho jednoduchos\u0165 pou\u017e\u00edvania a \u00fa\u010dinnos\u0165 pri ochrane citliv\u00e9ho obsahu.<\/p>\n\n\n\n<p>\u010eal\u0161ou sol\u00eddnou mo\u017enos\u0165ou je \u201eLocked Secret Album\u201c. T\u00e1to aplik\u00e1cia nielen\u017ee skr\u00fdva fotografie a vide\u00e1, ale pon\u00faka aj mo\u017enos\u0165 vytv\u00e1ra\u0165 \u0161peci\u00e1lne albumy s r\u00f4znymi \u00farov\u0148ami pr\u00edstupu.<\/p>\n\n\n\n<p>Funkciu kamufl\u00e1\u017ee ikony aplik\u00e1cie na domovskej obrazovke oce\u0148uje mnoho pou\u017e\u00edvate\u013eov, v\u010faka \u010domu je e\u0161te diskr\u00e9tnej\u0161ia.<\/p>\n\n\n\n<h2 class=\"wp-block-heading\"><strong>\u010co hovoria pou\u017e\u00edvatelia<\/strong><\/h2>\n\n\n\n<p>Sp\u00e4tn\u00e1 v\u00e4zba pou\u017e\u00edvate\u013eov na tieto aplik\u00e1cie je vo v\u0161eobecnosti pozit\u00edvna. Spr\u00e1vy zd\u00f4raz\u0148uj\u00fa ich \u00fa\u010dinnos\u0165 pri ochrane s\u00fakromia, jednoduch\u00fa navig\u00e1ciu a spo\u013eahlivos\u0165 pri bezpe\u010dnom ukladan\u00ed citliv\u00fdch s\u00faborov.<\/p>\n\n\n\n<p>Mnoh\u00ed pou\u017e\u00edvatelia oce\u0148uj\u00fa pokoj, ktor\u00fd tieto aplik\u00e1cie poskytuj\u00fa, preto\u017ee vedia, \u017ee ich osobn\u00e9 \u00fadaje s\u00fa riadne chr\u00e1nen\u00e9.<\/p>\n\n\n<div class=\"wp-block-image\">\n<figure class=\"aligncenter size-full\"><img loading=\"lazy\" decoding=\"async\" width=\"550\" height=\"350\" src=\"http:\/\/universofamilia.com\/wp-content\/uploads\/sites\/148\/2024\/01\/P-550x350-6-2.jpg\" alt=\"\" class=\"wp-image-5115\" srcset=\"http:\/\/universofamilia.com\/wp-content\/uploads\/sites\/148\/2024\/01\/P-550x350-6-2.jpg 550w, http:\/\/universofamilia.com\/wp-content\/uploads\/sites\/148\/2024\/01\/P-550x350-6-2-300x191.jpg 300w\" sizes=\"(max-width: 550px) 100vw, 550px\" \/><figcaption class=\"wp-element-caption\">D\u00f4le\u017eitos\u0165 skrytia va\u0161ej fotogal\u00e9rie a videogal\u00e9rie<\/figcaption><\/figure><\/div>\n\n\n<h2 class=\"wp-block-heading\"><strong>Z\u00e1ver<\/strong><\/h2>\n\n\n\n<p>V \u010doraz viac prepojenom svete je ochrana digit\u00e1lneho s\u00fakromia k\u013e\u00fa\u010dov\u00e1.<\/p>\n\n\n\n<p>V tomto oh\u013eade zohr\u00e1vaj\u00fa k\u013e\u00fa\u010dov\u00fa \u00falohu aplik\u00e1cie ur\u010den\u00e9 na skr\u00fdvanie fotografi\u00ed a vide\u00ed, ktor\u00e9 zabezpe\u010duj\u00fa, \u017ee int\u00edmne momenty zostan\u00fa vidite\u013en\u00e9 iba pre opr\u00e1vnen\u00e9 osoby.<\/p>\n\n\n\n<p>\u201eSkry\u0165 foto trezor a vide\u00e1\u201c aj \u201eZamknut\u00fd tajn\u00fd album\u201c pon\u00fakaj\u00fa robustn\u00e9 a spo\u013eahliv\u00e9 rie\u0161enia, ktor\u00e9 sp\u013a\u0148aj\u00fa potreby aj t\u00fdch najn\u00e1ro\u010dnej\u0161\u00edch pou\u017e\u00edvate\u013eov.<\/p>\n\n\n\n<p>Nenechajte svoje s\u00fakromie na n\u00e1hodu. Vysk\u00fa\u0161ajte tieto aplik\u00e1cie a ochr\u00e1\u0148te svoju gal\u00e9riu fotografi\u00ed a vide\u00ed pred zvedav\u00fdmi o\u010dami.<\/p>\n\n\n\n<p><strong>Odkazy na stiahnutie:<\/strong><\/p>\n\n\n\n<ul>\n<li>Skry\u0165 foto trezor a vide\u00e1 <a href=\"https:\/\/play.google.com\/store\/apps\/details?id=com.galleryvault.VideoLocker&amp;hl=en\">(Android)<\/a> \/<a href=\"https:\/\/apps.apple.com\/br\/app\/photo-vault-hide-photo-video\/id1521397057\"> (iOS)<\/a><\/li>\n\n\n\n<li>Zamknut\u00fd tajn\u00fd album  <a href=\"https:\/\/apps.apple.com\/us\/app\/safe-lock-photo-album-vault\/id1195429570#:~:text=Safe%20Lock%20%2D%20Private%20Photo%20Vault%2C%20the%20most%20secure%20and%20private,and%20inaccessible%20to%20prying%20eyes.\">(iOS)<\/a><\/li>\n<\/ul>\n\n\n\n<p>Chr\u00e1\u0148te sa. Va\u0161e s\u00fakromie je prioritou.<\/p>","protected":false},"excerpt":{"rendered":"<p>En el actual escenario digital, donde la tecnolog\u00eda desempe\u00f1a un papel fundamental en nuestras vidas, la protecci\u00f3n de la privacidad se ha convertido en una preocupaci\u00f3n cada vez m\u00e1s apremiante. Con la proliferaci\u00f3n de los smartphones, se ha vuelto com\u00fan almacenar una amplia gama de fotos y videos en nuestros dispositivos. Sin embargo, a menudo, [&hellip;]<\/p>","protected":false},"author":139,"featured_media":5115,"comment_status":"closed","ping_status":"open","sticky":false,"template":"","format":"standard","meta":{"footnotes":""},"categories":[4],"tags":[400,767,984,1183],"yoast_head":"<!-- This site is optimized with the Yoast SEO plugin v23.3 - https:\/\/yoast.com\/wordpress\/plugins\/seo\/ -->\n<title>La Importancia de Ocultar tu Galer\u00eda de Fotos y Videos - Universo Fam\u00edlia<\/title>\n<meta name=\"description\" content=\"La Importancia de Ocultar tu Galer\u00eda de Fotos y Videos. En el actual escenario digital, donde la tecnolog\u00eda desempe\u00f1a un papel...\" \/>\n<meta name=\"robots\" content=\"index, follow, max-snippet:-1, max-image-preview:large, max-video-preview:-1\" \/>\n<link rel=\"canonical\" href=\"https:\/\/universofamilia.com\/sk\/la-importancia-de-ocultar-tu-galeria-de-fotos-y-videos\/\" \/>\n<meta property=\"og:locale\" content=\"sk_SK\" \/>\n<meta property=\"og:type\" content=\"article\" \/>\n<meta property=\"og:title\" content=\"La Importancia de Ocultar tu Galer\u00eda de Fotos y Videos - Universo Fam\u00edlia\" \/>\n<meta property=\"og:description\" content=\"La Importancia de Ocultar tu Galer\u00eda de Fotos y Videos. En el actual escenario digital, donde la tecnolog\u00eda desempe\u00f1a un papel...\" \/>\n<meta property=\"og:url\" content=\"https:\/\/universofamilia.com\/sk\/la-importancia-de-ocultar-tu-galeria-de-fotos-y-videos\/\" \/>\n<meta property=\"og:site_name\" content=\"Universo Fam\u00edlia\" \/>\n<meta property=\"article:published_time\" content=\"2024-01-31T20:10:23+00:00\" \/>\n<meta property=\"article:modified_time\" content=\"2025-01-28T12:48:31+00:00\" \/>\n<meta property=\"og:image\" content=\"https:\/\/universofamilia.com\/wp-content\/uploads\/sites\/148\/2024\/01\/P-550x350-6-2.jpg\" \/>\n\t<meta property=\"og:image:width\" content=\"550\" \/>\n\t<meta property=\"og:image:height\" content=\"350\" \/>\n\t<meta property=\"og:image:type\" content=\"image\/jpeg\" \/>\n<meta name=\"author\" content=\"Pedro Henrique\" \/>\n<meta name=\"twitter:card\" content=\"summary_large_image\" \/>\n<meta name=\"twitter:label1\" content=\"Written by\" \/>\n\t<meta name=\"twitter:data1\" content=\"Pedro Henrique\" \/>\n\t<meta name=\"twitter:label2\" content=\"Est. reading time\" \/>\n\t<meta name=\"twitter:data2\" content=\"4 min\u00faty\" \/>\n<script type=\"application\/ld+json\" class=\"yoast-schema-graph\">{\"@context\":\"https:\/\/schema.org\",\"@graph\":[{\"@type\":\"WebPage\",\"@id\":\"https:\/\/universofamilia.com\/el\/la-importancia-de-ocultar-tu-galeria-de-fotos-y-videos\/\",\"url\":\"https:\/\/universofamilia.com\/el\/la-importancia-de-ocultar-tu-galeria-de-fotos-y-videos\/\",\"name\":\"La Importancia de Ocultar tu Galer\u00eda de Fotos y Videos - Universo Fam\u00edlia\",\"isPartOf\":{\"@id\":\"https:\/\/universofamilia.com\/el\/#website\"},\"primaryImageOfPage\":{\"@id\":\"https:\/\/universofamilia.com\/el\/la-importancia-de-ocultar-tu-galeria-de-fotos-y-videos\/#primaryimage\"},\"image\":{\"@id\":\"https:\/\/universofamilia.com\/el\/la-importancia-de-ocultar-tu-galeria-de-fotos-y-videos\/#primaryimage\"},\"thumbnailUrl\":\"http:\/\/universofamilia.com\/wp-content\/uploads\/sites\/148\/2024\/01\/P-550x350-6-2.jpg\",\"datePublished\":\"2024-01-31T20:10:23+00:00\",\"dateModified\":\"2025-01-28T12:48:31+00:00\",\"author\":{\"@id\":\"https:\/\/universofamilia.com\/el\/#\/schema\/person\/f07ce98187dd84d31154262e79b3b7ca\"},\"description\":\"La Importancia de Ocultar tu Galer\u00eda de Fotos y Videos. En el actual escenario digital, donde la tecnolog\u00eda desempe\u00f1a un papel...\",\"breadcrumb\":{\"@id\":\"https:\/\/universofamilia.com\/el\/la-importancia-de-ocultar-tu-galeria-de-fotos-y-videos\/#breadcrumb\"},\"inLanguage\":\"sk-SK\",\"potentialAction\":[{\"@type\":\"ReadAction\",\"target\":[\"https:\/\/universofamilia.com\/el\/la-importancia-de-ocultar-tu-galeria-de-fotos-y-videos\/\"]}]},{\"@type\":\"ImageObject\",\"inLanguage\":\"sk-SK\",\"@id\":\"https:\/\/universofamilia.com\/el\/la-importancia-de-ocultar-tu-galeria-de-fotos-y-videos\/#primaryimage\",\"url\":\"http:\/\/universofamilia.com\/wp-content\/uploads\/sites\/148\/2024\/01\/P-550x350-6-2.jpg\",\"contentUrl\":\"http:\/\/universofamilia.com\/wp-content\/uploads\/sites\/148\/2024\/01\/P-550x350-6-2.jpg\",\"width\":550,\"height\":350,\"caption\":\"La Importancia de Ocultar tu Galer\u00eda de Fotos y Videos\"},{\"@type\":\"BreadcrumbList\",\"@id\":\"https:\/\/universofamilia.com\/el\/la-importancia-de-ocultar-tu-galeria-de-fotos-y-videos\/#breadcrumb\",\"itemListElement\":[{\"@type\":\"ListItem\",\"position\":1,\"name\":\"Home\",\"item\":\"https:\/\/universofamilia.com\/el\/\"},{\"@type\":\"ListItem\",\"position\":2,\"name\":\"La Importancia de Ocultar tu Galer\u00eda de Fotos y Videos\"}]},{\"@type\":\"WebSite\",\"@id\":\"https:\/\/universofamilia.com\/el\/#website\",\"url\":\"https:\/\/universofamilia.com\/el\/\",\"name\":\"Universo Fam\u00edlia\",\"description\":\"\",\"potentialAction\":[{\"@type\":\"SearchAction\",\"target\":{\"@type\":\"EntryPoint\",\"urlTemplate\":\"https:\/\/universofamilia.com\/el\/?s={search_term_string}\"},\"query-input\":\"required name=search_term_string\"}],\"inLanguage\":\"sk-SK\"},{\"@type\":\"Person\",\"@id\":\"https:\/\/universofamilia.com\/el\/#\/schema\/person\/f07ce98187dd84d31154262e79b3b7ca\",\"name\":\"Pedro Henrique\",\"image\":{\"@type\":\"ImageObject\",\"inLanguage\":\"sk-SK\",\"@id\":\"https:\/\/universofamilia.com\/el\/#\/schema\/person\/image\/\",\"url\":\"http:\/\/0.gravatar.com\/avatar\/9edfeb808cb4e1599f64d6e45b130154?s=96&d=mm&r=g\",\"contentUrl\":\"http:\/\/0.gravatar.com\/avatar\/9edfeb808cb4e1599f64d6e45b130154?s=96&d=mm&r=g\",\"caption\":\"Pedro Henrique\"},\"url\":\"http:\/\/universofamilia.com\/sk\/author\/editor01\/\"}]}<\/script>\n<!-- \/ Yoast SEO plugin. -->","yoast_head_json":{"title":"La Importancia de Ocultar tu Galer\u00eda de Fotos y Videos - Universo Fam\u00edlia","description":"La Importancia de Ocultar tu Galer\u00eda de Fotos y Videos. En el actual escenario digital, donde la tecnolog\u00eda desempe\u00f1a un papel...","robots":{"index":"index","follow":"follow","max-snippet":"max-snippet:-1","max-image-preview":"max-image-preview:large","max-video-preview":"max-video-preview:-1"},"canonical":"https:\/\/universofamilia.com\/sk\/la-importancia-de-ocultar-tu-galeria-de-fotos-y-videos\/","og_locale":"sk_SK","og_type":"article","og_title":"La Importancia de Ocultar tu Galer\u00eda de Fotos y Videos - Universo Fam\u00edlia","og_description":"La Importancia de Ocultar tu Galer\u00eda de Fotos y Videos. En el actual escenario digital, donde la tecnolog\u00eda desempe\u00f1a un papel...","og_url":"https:\/\/universofamilia.com\/sk\/la-importancia-de-ocultar-tu-galeria-de-fotos-y-videos\/","og_site_name":"Universo Fam\u00edlia","article_published_time":"2024-01-31T20:10:23+00:00","article_modified_time":"2025-01-28T12:48:31+00:00","og_image":[{"width":550,"height":350,"url":"https:\/\/universofamilia.com\/wp-content\/uploads\/sites\/148\/2024\/01\/P-550x350-6-2.jpg","type":"image\/jpeg"}],"author":"Pedro Henrique","twitter_card":"summary_large_image","twitter_misc":{"Written by":"Pedro Henrique","Est. reading time":"4 min\u00faty"},"schema":{"@context":"https:\/\/schema.org","@graph":[{"@type":"WebPage","@id":"https:\/\/universofamilia.com\/el\/la-importancia-de-ocultar-tu-galeria-de-fotos-y-videos\/","url":"https:\/\/universofamilia.com\/el\/la-importancia-de-ocultar-tu-galeria-de-fotos-y-videos\/","name":"La Importancia de Ocultar tu Galer\u00eda de Fotos y Videos - Universo Fam\u00edlia","isPartOf":{"@id":"https:\/\/universofamilia.com\/el\/#website"},"primaryImageOfPage":{"@id":"https:\/\/universofamilia.com\/el\/la-importancia-de-ocultar-tu-galeria-de-fotos-y-videos\/#primaryimage"},"image":{"@id":"https:\/\/universofamilia.com\/el\/la-importancia-de-ocultar-tu-galeria-de-fotos-y-videos\/#primaryimage"},"thumbnailUrl":"http:\/\/universofamilia.com\/wp-content\/uploads\/sites\/148\/2024\/01\/P-550x350-6-2.jpg","datePublished":"2024-01-31T20:10:23+00:00","dateModified":"2025-01-28T12:48:31+00:00","author":{"@id":"https:\/\/universofamilia.com\/el\/#\/schema\/person\/f07ce98187dd84d31154262e79b3b7ca"},"description":"La Importancia de Ocultar tu Galer\u00eda de Fotos y Videos. En el actual escenario digital, donde la tecnolog\u00eda desempe\u00f1a un papel...","breadcrumb":{"@id":"https:\/\/universofamilia.com\/el\/la-importancia-de-ocultar-tu-galeria-de-fotos-y-videos\/#breadcrumb"},"inLanguage":"sk-SK","potentialAction":[{"@type":"ReadAction","target":["https:\/\/universofamilia.com\/el\/la-importancia-de-ocultar-tu-galeria-de-fotos-y-videos\/"]}]},{"@type":"ImageObject","inLanguage":"sk-SK","@id":"https:\/\/universofamilia.com\/el\/la-importancia-de-ocultar-tu-galeria-de-fotos-y-videos\/#primaryimage","url":"http:\/\/universofamilia.com\/wp-content\/uploads\/sites\/148\/2024\/01\/P-550x350-6-2.jpg","contentUrl":"http:\/\/universofamilia.com\/wp-content\/uploads\/sites\/148\/2024\/01\/P-550x350-6-2.jpg","width":550,"height":350,"caption":"La Importancia de Ocultar tu Galer\u00eda de Fotos y Videos"},{"@type":"BreadcrumbList","@id":"https:\/\/universofamilia.com\/el\/la-importancia-de-ocultar-tu-galeria-de-fotos-y-videos\/#breadcrumb","itemListElement":[{"@type":"ListItem","position":1,"name":"Home","item":"https:\/\/universofamilia.com\/el\/"},{"@type":"ListItem","position":2,"name":"La Importancia de Ocultar tu Galer\u00eda de Fotos y Videos"}]},{"@type":"WebSite","@id":"https:\/\/universofamilia.com\/el\/#website","url":"https:\/\/universofamilia.com\/el\/","name":"Universo Fam\u00edlia","description":"","potentialAction":[{"@type":"SearchAction","target":{"@type":"EntryPoint","urlTemplate":"https:\/\/universofamilia.com\/el\/?s={search_term_string}"},"query-input":"required name=search_term_string"}],"inLanguage":"sk-SK"},{"@type":"Person","@id":"https:\/\/universofamilia.com\/el\/#\/schema\/person\/f07ce98187dd84d31154262e79b3b7ca","name":"Pedro Henrique","image":{"@type":"ImageObject","inLanguage":"sk-SK","@id":"https:\/\/universofamilia.com\/el\/#\/schema\/person\/image\/","url":"http:\/\/0.gravatar.com\/avatar\/9edfeb808cb4e1599f64d6e45b130154?s=96&d=mm&r=g","contentUrl":"http:\/\/0.gravatar.com\/avatar\/9edfeb808cb4e1599f64d6e45b130154?s=96&d=mm&r=g","caption":"Pedro Henrique"},"url":"http:\/\/universofamilia.com\/sk\/author\/editor01\/"}]}},"_links":{"self":[{"href":"http:\/\/universofamilia.com\/sk\/wp-json\/wp\/v2\/posts\/5114"}],"collection":[{"href":"http:\/\/universofamilia.com\/sk\/wp-json\/wp\/v2\/posts"}],"about":[{"href":"http:\/\/universofamilia.com\/sk\/wp-json\/wp\/v2\/types\/post"}],"author":[{"embeddable":true,"href":"http:\/\/universofamilia.com\/sk\/wp-json\/wp\/v2\/users\/139"}],"replies":[{"embeddable":true,"href":"http:\/\/universofamilia.com\/sk\/wp-json\/wp\/v2\/comments?post=5114"}],"version-history":[{"count":1,"href":"http:\/\/universofamilia.com\/sk\/wp-json\/wp\/v2\/posts\/5114\/revisions"}],"predecessor-version":[{"id":8338,"href":"http:\/\/universofamilia.com\/sk\/wp-json\/wp\/v2\/posts\/5114\/revisions\/8338"}],"wp:featuredmedia":[{"embeddable":true,"href":"http:\/\/universofamilia.com\/sk\/wp-json\/wp\/v2\/media\/5115"}],"wp:attachment":[{"href":"http:\/\/universofamilia.com\/sk\/wp-json\/wp\/v2\/media?parent=5114"}],"wp:term":[{"taxonomy":"category","embeddable":true,"href":"http:\/\/universofamilia.com\/sk\/wp-json\/wp\/v2\/categories?post=5114"},{"taxonomy":"post_tag","embeddable":true,"href":"http:\/\/universofamilia.com\/sk\/wp-json\/wp\/v2\/tags?post=5114"}],"curies":[{"name":"wp","href":"https:\/\/api.w.org\/{rel}","templated":true}]}}