{"id":5958,"date":"2024-05-14T19:53:48","date_gmt":"2024-05-14T22:53:48","guid":{"rendered":"https:\/\/universofamilia.com\/?p=5958"},"modified":"2025-01-29T01:24:11","modified_gmt":"2025-01-29T01:24:11","slug":"recuperando-momentos-perdidos-3","status":"publish","type":"post","link":"http:\/\/universofamilia.com\/sk\/recuperando-momentos-perdidos-3\/","title":{"rendered":"\ud83d\udcf8 Obnovenie straten\u00fdch okamihov"},"content":{"rendered":"<p>\ud83d\udcf8 Obnovenie straten\u00fdch okamihov: D\u00f4le\u017eitos\u0165 zve\u010dnenia spomienok \ud83d\udcf8<\/p>\n\n\n\n<p>Ach, tie fotky! S\u00fa ako mal\u00e9 okn\u00e1 do minulosti, zachyt\u00e1vaj\u00face vz\u00e1cne okamihy, ktor\u00e9 si chceme uchova\u0165 nav\u017edy.<\/p>\n\n\n\n<p>Niekedy v\u0161ak tieto digit\u00e1lne poklady m\u00f4\u017eu zmizn\u00fa\u0165, \u010di u\u017e kv\u00f4li n\u00e1hodn\u00e9mu dotyku na telef\u00f3ne alebo nejakej technologickej z\u00e1hade.<\/p>\n\n\n\n<p>Ale nebojte sa! T\u00e1to pr\u00edru\u010dka v\u00e1m uk\u00e1\u017ee, ako si znovu uchova\u0165 tie vz\u00e1cne straten\u00e9 chv\u00edle a zabezpe\u010di\u0165, aby va\u0161e spomienky zostali v bezpe\u010d\u00ed nav\u017edy.<\/p>\n\n\n\n<p><\/p>\n\n\n\n<hr class=\"wp-block-separator has-text-color has-luminous-vivid-orange-color has-alpha-channel-opacity has-luminous-vivid-orange-background-color has-background\" \/>\n\n\n\n<h2 class=\"wp-block-heading\">Pre\u010d\u00edtajte si tie\u017e:<\/h2>\n\n\n\n<div class=\"wp-block-columns is-layout-flex wp-container-core-columns-layout-1 wp-block-columns-is-layout-flex\">\n<div class=\"wp-block-column is-layout-flow wp-block-column-is-layout-flow\">\n<div class=\"wp-block-buttons is-layout-flex wp-block-buttons-is-layout-flex\">\n<div class=\"wp-block-button has-custom-width wp-block-button__width-100\" style=\"text-decoration:none\"><a class=\"wp-block-button__link has-white-color has-vivid-cyan-blue-background-color has-text-color has-background has-link-color has-text-align-left wp-element-button\" href=\"https:\/\/universofamilia.com\/sk\/5893\/acelera-tu-celular-despierta-tu-productividad\/\" style=\"border-radius:10px\" target=\"_blank\" rel=\"noreferrer noopener\"><font style=\"vertical-align: inherit\"><font style=\"vertical-align: inherit\">\ud83d\udccc Zr\u00fdchlite svoj mobiln\u00fd telef\u00f3n \ud83d\udcf1<\/font><\/font> &gt;<\/a><\/div>\n\n\n\n<div class=\"wp-block-button has-custom-width wp-block-button__width-100\" style=\"text-decoration:none\"><a class=\"wp-block-button__link has-white-color has-vivid-cyan-blue-background-color has-text-color has-background has-link-color has-text-align-left wp-element-button\" href=\"https:\/\/universofamilia.com\/sk\/5869\/descubre-quien-te-esta-observando-en-las-redes-sociales\/\" style=\"border-radius:10px\" target=\"_blank\" rel=\"noreferrer noopener\"><font style=\"vertical-align: inherit\"><font style=\"vertical-align: inherit\"><font style=\"vertical-align: inherit\"><font style=\"vertical-align: inherit\">\ud83d\udccc Kto nav\u0161t\u00edvil v\u00e1\u0161 profil<\/font><\/font><\/font><\/font> &gt;<\/a><\/div>\n<\/div>\n<\/div>\n\n\n\n<div class=\"wp-block-column is-layout-flow wp-block-column-is-layout-flow\">\n<div class=\"wp-block-buttons is-layout-flex wp-block-buttons-is-layout-flex\">\n<div class=\"wp-block-button has-custom-width wp-block-button__width-100\" style=\"text-decoration:none\"><a class=\"wp-block-button__link has-white-color has-vivid-cyan-blue-background-color has-text-color has-background has-link-color has-text-align-left wp-element-button\" href=\"https:\/\/universofamilia.com\/sk\/5859\/el-encanto-de-las-telenovelas-turcas\/\" style=\"border-radius:10px\" target=\"_blank\" rel=\"noreferrer noopener\"><font style=\"vertical-align: inherit\"><font style=\"vertical-align: inherit\"><font style=\"vertical-align: inherit\"><font style=\"vertical-align: inherit\">\ud83d\udccd<\/font><\/font> Tureck\u00e9 telenovely &gt;<\/font><\/font><\/a><\/div>\n<\/div>\n<\/div>\n<\/div>\n\n\n\n<hr class=\"wp-block-separator has-text-color has-luminous-vivid-orange-color has-alpha-channel-opacity has-luminous-vivid-orange-background-color has-background\" \/>\n\n\n\n<p><\/p>\n\n\n\n<h2 class=\"wp-block-heading\">Boles\u0165 zo straty vz\u00e1cnych spomienok \ud83d\ude22<\/h2>\n\n\n\n<p>Je \u0165a\u017ek\u00e9 vyjadri\u0165 sm\u00fatok, ktor\u00fd c\u00edtime, ke\u010f si uvedom\u00edme, \u017ee z na\u0161ich mobiln\u00fdch telef\u00f3nov zmizli \u0161peci\u00e1lne fotografie.<\/p>\n\n\n\n<p>S\u00fa to jedine\u010dn\u00e9 okamihy, zachyten\u00e9 v magick\u00fdch chv\u00ed\u013each, ktor\u00e9 sa teraz zdaj\u00fa by\u0165 nav\u017edy straten\u00e9.<\/p>\n\n\n\n<p>Ve\u010f kto sa u\u017e niekedy neocitol pri preh\u013ead\u00e1van\u00ed digit\u00e1lnych s\u00faborov a h\u013eadan\u00ed nezabudnute\u013enej fotografie z v\u00fdletu alebo narodeninovej oslavy najlep\u0161ieho priate\u013ea?<\/p>\n\n\n\n<p>Fotografie s\u00fa viac ne\u017e len obr\u00e1zky; S\u00fa to relikvie, ktor\u00e9 n\u00e1s sp\u00e1jaj\u00fa s minulos\u0165ou, pln\u00e9 em\u00f3ci\u00ed a pr\u00edbehov.<\/p>\n\n\n\n<p>A ke\u010f tieto relikvie zmizn\u00fa, zanechaj\u00fa v na\u0161ich srdciach pr\u00e1zdnotu. Ale nez\u00fafajte! Existuj\u00fa sp\u00f4soby, ako tieto chv\u00edle prinavr\u00e1ti\u0165 k \u017eivotu, a my v\u00e1m uk\u00e1\u017eeme ako.<\/p>\n\n\n\n<h2 class=\"wp-block-heading\">Obnova straten\u00fdch fotografi\u00ed: Podrobn\u00fd n\u00e1vod \ud83d\udd04<\/h2>\n\n\n\n<p>Ak ste niekedy sm\u00fatili nad stratou vz\u00e1cnych fotografi\u00ed, vedzte, \u017ee existuje n\u00e1dej!<\/p>\n\n\n\n<p>S pokrokom v technol\u00f3gii existuj\u00fa aplik\u00e1cie ur\u010den\u00e9 na obnovu straten\u00fdch alebo omylom odstr\u00e1nen\u00fdch fotografi\u00ed.<\/p>\n\n\n\n<p>Ale sk\u00f4r, ako sa pust\u00edme do detailov, je d\u00f4le\u017eit\u00e9 pochopi\u0165, pre\u010do je nevyhnutn\u00e9 kona\u0165 r\u00fdchlo, ke\u010f si uvedom\u00edte, \u017ee va\u0161e fotografie zmizli.<\/p>\n\n\n\n<h2 class=\"wp-block-heading\">\ud83d\udd70\ufe0f R\u00fdchle konanie: K\u013e\u00fa\u010d k \u00faspechu \ud83d\udd70\ufe0f<\/h2>\n\n\n\n<p>Hne\u010f ako si uvedom\u00edte, \u017ee va\u0161e fotografie zmizli, je nevyhnutn\u00e9 kona\u0165 r\u00fdchlo.<\/p>\n\n\n\n<p>\u010c\u00edm viac \u010dasu uplynie, t\u00fdm je v\u00e4\u010d\u0161ia pravdepodobnos\u0165, \u017ee tieto cenn\u00e9 s\u00fabory bud\u00fa prep\u00edsan\u00e9 nov\u00fdmi \u00fadajmi, \u010do s\u0165a\u017e\u00ed, ak nie znemo\u017en\u00ed obnovu.<\/p>\n\n\n\n<p>Tak\u017ee hne\u010f ako si v\u0161imnete, \u017ee va\u0161e fotografie ch\u00fdbaj\u00fa, zastavte v\u0161etko a okam\u017eite spustite proces obnovy.<\/p>\n\n\n\n<p>Ale ako obnovi\u0165 tie straten\u00e9 fotografie? Ni\u017e\u0161ie uv\u00e1dzame tri \u00fa\u017easn\u00e9 aplik\u00e1cie, ktor\u00e9 v\u00e1m m\u00f4\u017eu pom\u00f4c\u0165 v tejto digit\u00e1lnej z\u00e1chrannej misii.<\/p>\n\n\n\n<p>Nezabudnite \u010d\u00edta\u0165 \u010falej a dozviete sa viac o ka\u017edom z nich a \u010do hovoria pou\u017e\u00edvatelia!<\/p>\n\n\n<div class=\"wp-block-image\">\n<figure class=\"aligncenter size-full\"><img loading=\"lazy\" decoding=\"async\" width=\"550\" height=\"350\" src=\"http:\/\/universofamilia.com\/wp-content\/uploads\/sites\/148\/2024\/05\/P-550x350-3-2.jpg\" alt=\"\" class=\"wp-image-5960\" srcset=\"http:\/\/universofamilia.com\/wp-content\/uploads\/sites\/148\/2024\/05\/P-550x350-3-2.jpg 550w, http:\/\/universofamilia.com\/wp-content\/uploads\/sites\/148\/2024\/05\/P-550x350-3-2-300x191.jpg 300w\" sizes=\"(max-width: 550px) 100vw, 550px\" \/><figcaption class=\"wp-element-caption\">\ud83d\udcf8 Obnovenie straten\u00fdch okamihov<\/figcaption><\/figure><\/div>\n\n\n<h2 class=\"wp-block-heading\">\ud83d\udca1 Aplik\u00e1cie na z\u00e1chranu zabudnut\u00fdch okamihov \ud83d\udca1<\/h2>\n\n\n\n<ol>\n<li><strong>Obnova fotografi\u00ed z DiskDiggeru<\/strong>T\u00e1to aplik\u00e1cia je ako skuto\u010dn\u00fd digit\u00e1lny detekt\u00edv, schopn\u00fd preh\u013ead\u00e1va\u0165 s\u00fabory vo va\u0161om zariaden\u00ed a h\u013eada\u0165 straten\u00e9 fotografie. V\u010faka intuit\u00edvnemu rozhraniu DiskDigger zjednodu\u0161uje proces obnovy a je pr\u00edstupn\u00fd aj pre menej sk\u00fasen\u00fdch pou\u017e\u00edvate\u013eov.<\/li>\n\n\n\n<li><strong>Obnovi\u0165 odstr\u00e1nen\u00e9 fotografie<\/strong>Ak ste omylom vymazali svoje fotografie, t\u00e1to aplik\u00e1cia m\u00f4\u017ee by\u0165 va\u0161\u00edm najlep\u0161\u00edm spojencom. V\u010faka vysokej \u00faspe\u0161nosti pri obnove odstr\u00e1nen\u00fdch fotografi\u00ed pon\u00faka Undeleter jednoduch\u00e9 a efekt\u00edvne rie\u0161enie pre tie z\u00fafal\u00e9 chv\u00edle.<\/li>\n\n\n\n<li><strong>EaseUS MobiSaver pre Android\/iOS<\/strong>\u010ci u\u017e pou\u017e\u00edvate syst\u00e9m Android alebo iOS, EaseUS MobiSaver je tu, aby v\u00e1m pomohol. V\u010faka u\u017e\u00edvate\u013esky pr\u00edvetiv\u00e9mu rozhraniu a v\u00fdkonn\u00fdm algoritmom obnovy je t\u00e1to aplik\u00e1cia nevyhnutn\u00fdm n\u00e1strojom pre t\u00fdch, ktor\u00ed chc\u00fa obnovi\u0165 svoje straten\u00e9 spomienky.<\/li>\n<\/ol>\n\n\n\n<h2 class=\"wp-block-heading\">\ud83d\udde3\ufe0f \u010co hovoria pou\u017e\u00edvatelia? \ud83d\udde3\ufe0f<\/h2>\n\n\n\n<p>Po d\u00f4kladnom presk\u00faman\u00ed ka\u017edej z t\u00fdchto aplik\u00e1ci\u00ed na n\u00e1s urobili dojem vyjadrenia pou\u017e\u00edvate\u013eov.<\/p>\n\n\n\n<p>Tu je nieko\u013eko referenci\u00ed:<\/p>\n\n\n\n<ul>\n<li>\u201eNajlep\u0161ia aplik\u00e1cia na obnovu fotografi\u00ed, ak\u00fa som kedy pou\u017eil!\u201c \u2013 Jo\u00e3o S.<\/li>\n\n\n\n<li>\u201ePodarilo sa mi obnovi\u0165 fotografie, o ktor\u00fdch som si myslel, \u017ee s\u00fa nav\u017edy straten\u00e9!\u201c \u2013 M\u00e1ria A.<\/li>\n\n\n\n<li>\u201eJednoduch\u00e1 a efekt\u00edvna aplik\u00e1cia na obnovu odstr\u00e1nen\u00fdch fotografi\u00ed.\u201c \u2013 Pedro B.<\/li>\n\n\n\n<li>\u201eOdpor\u00fa\u010dam to t\u00fdm, ktor\u00ed potrebuj\u00fa obnovi\u0165 straten\u00e9 fotografie.\u201c \u2013 Ana C.<\/li>\n\n\n\n<li>\u201ePodarilo sa mi obnovi\u0165 fotografie, ktor\u00e9 som omylom vymazal.\u201c \u2013 Carlos D.<\/li>\n\n\n\n<li>\u201eVe\u013emi dobr\u00e1 aplik\u00e1cia na obnovu straten\u00fdch d\u00e1t.\u201c \u2013 Fernanda E.<\/li>\n<\/ul>\n\n\n\n<h2 class=\"wp-block-heading\">\ud83c\udf1f Tipy pre \u00faspe\u0161n\u00e9 zotavenie \ud83c\udf1f<\/h2>\n\n\n\n<p>Predt\u00fdm, ako za\u010dnete s procesom obnovy, tu je nieko\u013eko u\u017eito\u010dn\u00fdch tipov, ktor\u00e9 zv\u00fd\u0161ia va\u0161e \u0161ance na \u00faspech:<\/p>\n\n\n\n<ul>\n<li><strong>Konajte r\u00fdchlo<\/strong>\u010c\u00edm sk\u00f4r budete kona\u0165, t\u00fdm v\u00e4\u010d\u0161ia je va\u0161a \u0161anca na obnovenie va\u0161ich fotografi\u00ed.<\/li>\n\n\n\n<li><strong>Vyhnite sa pou\u017e\u00edvaniu zariadenia<\/strong>Aby ste predi\u0161li prekr\u00fdvaniu \u00fadajov, je d\u00f4le\u017eit\u00e9, aby ste zariadenie nepou\u017e\u00edvali hne\u010f, ako si v\u0161imnete stratu fotografi\u00ed.<\/li>\n\n\n\n<li><strong>Pravidelne si z\u00e1lohujte<\/strong>Prevencia je v\u017edy lep\u0161ia ako lie\u010dba. Pravidelne si z\u00e1lohujte svoje fotografie, aby ste sa v bud\u00facnosti vyhli probl\u00e9mom.<\/li>\n<\/ul>\n\n\n\n<h2 class=\"wp-block-heading\">\ud83d\udce5 Stiahnu\u0165 teraz! \ud83d\udce5<\/h2>\n\n\n\n<p>Teraz, ke\u010f pozn\u00e1te aplik\u00e1cie a ste pripraven\u00ed za\u010da\u0165 svoju cestu k obnove straten\u00fdch fotografi\u00ed, nestr\u00e1cajte \u010das!<\/p>\n\n\n\n<p>Stiahnite si aplik\u00e1cie z ni\u017e\u0161ie uveden\u00fdch odkazov a vd\u00fdchnite si \u017eivot svojim vz\u00e1cnym okamihom:<\/p>\n\n\n\n<ul>\n<li><strong>Obnova fotografi\u00ed z DiskDiggeru<\/strong>: <a href=\"https:\/\/play.google.com\/store\/apps\/details?id=com.defianttech.diskdigger&amp;hl=en_US\" target=\"_blank\" rel=\"noreferrer noopener\">Obchod Google Play<\/a><\/li>\n\n\n\n<li><strong>Obnovi\u0165 odstr\u00e1nen\u00e9 fotografie<\/strong>: <a href=\"https:\/\/play.google.com\/store\/apps\/details?id=inshot.data.recovery.restore.deleted.data.diskdigger&amp;hl=en_US\" target=\"_blank\" rel=\"noreferrer noopener\">Obchod Google Play<\/a> | <a href=\"https:\/\/support.apple.com\/guide\/icloud\/recover-deleted-files-mmae56ea1ca5\/icloud\" target=\"_blank\" rel=\"noreferrer noopener\">Obchod s aplik\u00e1ciami<\/a><\/li>\n\n\n\n<li><strong>EaseUS MobiSaver pre Android\/iOS<\/strong>: <a href=\"https:\/\/play.google.com\/store\/apps\/details?id=com.easeus.mobisaver\" target=\"_blank\" rel=\"noreferrer noopener\">Obchod Google Play<\/a> | <a href=\"https:\/\/apps.apple.com\/us\/app\/easeus-data-recovery-wizard\/id740355970?mt=12\" target=\"_blank\" rel=\"noreferrer noopener\">Obchod s aplik\u00e1ciami<\/a><\/li>\n<\/ul>\n\n\n\n<p><\/p>\n\n\n\n<hr class=\"wp-block-separator has-text-color has-luminous-vivid-orange-color has-alpha-channel-opacity has-luminous-vivid-orange-background-color has-background\" \/>\n\n\n\n<h2 class=\"wp-block-heading\">Pre\u010d\u00edtajte si tie\u017e:<\/h2>\n\n\n\n<div class=\"wp-block-columns is-layout-flex wp-container-core-columns-layout-2 wp-block-columns-is-layout-flex\">\n<div class=\"wp-block-column is-layout-flow wp-block-column-is-layout-flow\">\n<div class=\"wp-block-buttons is-layout-flex wp-block-buttons-is-layout-flex\">\n<div class=\"wp-block-button has-custom-width wp-block-button__width-100\" style=\"text-decoration:none\"><a class=\"wp-block-button__link has-white-color has-vivid-cyan-blue-background-color has-text-color has-background has-link-color has-text-align-left wp-element-button\" href=\"https:\/\/universofamilia.com\/sk\/5893\/acelera-tu-celular-despierta-tu-productividad\/\" style=\"border-radius:10px\" target=\"_blank\" rel=\"noreferrer noopener\"><font style=\"vertical-align: inherit\"><font style=\"vertical-align: inherit\">\ud83d\udccc Zr\u00fdchlite svoj mobiln\u00fd telef\u00f3n \ud83d\udcf1<\/font><\/font> &gt;<\/a><\/div>\n\n\n\n<div class=\"wp-block-button has-custom-width wp-block-button__width-100\" style=\"text-decoration:none\"><a class=\"wp-block-button__link has-white-color has-vivid-cyan-blue-background-color has-text-color has-background has-link-color has-text-align-left wp-element-button\" href=\"https:\/\/universofamilia.com\/sk\/5869\/descubre-quien-te-esta-observando-en-las-redes-sociales\/\" style=\"border-radius:10px\" target=\"_blank\" rel=\"noreferrer noopener\"><font style=\"vertical-align: inherit\"><font style=\"vertical-align: inherit\"><font style=\"vertical-align: inherit\"><font style=\"vertical-align: inherit\">\ud83d\udccc Kto nav\u0161t\u00edvil v\u00e1\u0161 profil<\/font><\/font><\/font><\/font> &gt;<\/a><\/div>\n<\/div>\n<\/div>\n\n\n\n<div class=\"wp-block-column is-layout-flow wp-block-column-is-layout-flow\">\n<div class=\"wp-block-buttons is-layout-flex wp-block-buttons-is-layout-flex\">\n<div class=\"wp-block-button has-custom-width wp-block-button__width-100\" style=\"text-decoration:none\"><a class=\"wp-block-button__link has-white-color has-vivid-cyan-blue-background-color has-text-color has-background has-link-color has-text-align-left wp-element-button\" href=\"https:\/\/universofamilia.com\/sk\/5859\/el-encanto-de-las-telenovelas-turcas\/\" style=\"border-radius:10px\" target=\"_blank\" rel=\"noreferrer noopener\"><font style=\"vertical-align: inherit\"><font style=\"vertical-align: inherit\"><font style=\"vertical-align: inherit\"><font style=\"vertical-align: inherit\">\ud83d\udccd<\/font><\/font> Tureck\u00e9 telenovely &gt;<\/font><\/font><\/a><\/div>\n<\/div>\n<\/div>\n<\/div>\n\n\n\n<hr class=\"wp-block-separator has-text-color has-luminous-vivid-orange-color has-alpha-channel-opacity has-luminous-vivid-orange-background-color has-background\" \/>\n\n\n\n<p><\/p>\n\n\n\n<h2 class=\"wp-block-heading\">\ud83c\udf08 Z\u00e1ver: Cesta n\u00e1deje \ud83c\udf08<\/h2>\n\n\n\n<p>Strata vz\u00e1cnych fotografi\u00ed m\u00f4\u017ee by\u0165 zni\u010duj\u00facim z\u00e1\u017eitkom, ale nemus\u00ed to by\u0165 koniec va\u0161ich spomienok.<\/p>\n\n\n\n<p>So spr\u00e1vnymi aplik\u00e1ciami a trochou odhodlania m\u00f4\u017eete tieto chv\u00edle o\u017eivi\u0165 a zabezpe\u010di\u0165, aby va\u0161e spomienky boli nav\u017edy v bezpe\u010d\u00ed.<\/p>\n\n\n\n<p>Nenechajte teda svoje najvz\u00e1cnej\u0161ie okamihy strati\u0165 sa v digit\u00e1lnom \u00e9teri.<\/p>\n\n\n\n<p>Stiahnite si odpor\u00fa\u010dan\u00e9 aplik\u00e1cie, ria\u010fte sa na\u0161imi tipmi a vydajte sa na t\u00fato cestu n\u00e1deje a uzdravenia. Tvoje spomienky na teba \u010dakaj\u00fa!<\/p>\n\n\n\n<p>Teraz nestr\u00e1cajte \u010das! Stiahnite si aplik\u00e1cie a zachr\u00e1\u0148te svoje straten\u00e9 spomienky e\u0161te dnes. \ud83d\udcf8\u2728<\/p>","protected":false},"excerpt":{"rendered":"<p>\ud83d\udcf8 Obnovenie straten\u00fdch okamihov: D\u00f4le\u017eitos\u0165 zve\u010dnenia spomienok \ud83d\udcf8 Ach, fotografie! S\u00fa ako mal\u00e9 okn\u00e1 do minulosti, zachyt\u00e1vaj\u00face vz\u00e1cne okamihy, ktor\u00e9 si chceme uchova\u0165 nav\u017edy. Niekedy v\u0161ak tieto digit\u00e1lne poklady m\u00f4\u017eu zmizn\u00fa\u0165, \u010di u\u017e n\u00e1hodn\u00fdm dotykom na telef\u00f3ne alebo nejakou technologickou z\u00e1hadou. Ale nebojte sa! Tento sprievodca [\u2026]<\/p>","protected":false},"author":139,"featured_media":5960,"comment_status":"closed","ping_status":"open","sticky":false,"template":"","format":"standard","meta":{"footnotes":""},"categories":[2],"tags":[110,151,1660],"yoast_head":"<!-- This site is optimized with the Yoast SEO plugin v23.3 - https:\/\/yoast.com\/wordpress\/plugins\/seo\/ -->\n<title>\ud83d\udcf8 Recuperando Momentos Perdidos - Universo Fam\u00edlia<\/title>\n<meta name=\"description\" content=\"\ud83d\udcf8 Recuperando Momentos Perdidos. \u00a1Ah, las fotos! Son como peque\u00f1as ventanas al pasado, capturando momentos preciosos...\" \/>\n<meta name=\"robots\" content=\"index, follow, max-snippet:-1, max-image-preview:large, max-video-preview:-1\" \/>\n<link rel=\"canonical\" href=\"http:\/\/universofamilia.com\/sk\/recuperando-momentos-perdidos-3\/\" \/>\n<meta property=\"og:locale\" content=\"sk_SK\" \/>\n<meta property=\"og:type\" content=\"article\" \/>\n<meta property=\"og:title\" content=\"\ud83d\udcf8 Recuperando Momentos Perdidos - Universo Fam\u00edlia\" \/>\n<meta property=\"og:description\" content=\"\ud83d\udcf8 Recuperando Momentos Perdidos. \u00a1Ah, las fotos! Son como peque\u00f1as ventanas al pasado, capturando momentos preciosos...\" \/>\n<meta property=\"og:url\" content=\"http:\/\/universofamilia.com\/sk\/recuperando-momentos-perdidos-3\/\" \/>\n<meta property=\"og:site_name\" content=\"Universo Fam\u00edlia\" \/>\n<meta property=\"article:published_time\" content=\"2024-05-14T22:53:48+00:00\" \/>\n<meta property=\"article:modified_time\" content=\"2025-01-29T01:24:11+00:00\" \/>\n<meta property=\"og:image\" content=\"http:\/\/universofamilia.com\/wp-content\/uploads\/sites\/148\/2024\/05\/P-550x350-3-2.jpg\" \/>\n\t<meta property=\"og:image:width\" content=\"550\" \/>\n\t<meta property=\"og:image:height\" content=\"350\" \/>\n\t<meta property=\"og:image:type\" content=\"image\/jpeg\" \/>\n<meta name=\"author\" content=\"Pedro Henrique\" \/>\n<meta name=\"twitter:card\" content=\"summary_large_image\" \/>\n<meta name=\"twitter:label1\" content=\"Written by\" \/>\n\t<meta name=\"twitter:data1\" content=\"Pedro Henrique\" \/>\n\t<meta name=\"twitter:label2\" content=\"Est. reading time\" \/>\n\t<meta name=\"twitter:data2\" content=\"6 min\u00fat\" \/>\n<script type=\"application\/ld+json\" class=\"yoast-schema-graph\">{\"@context\":\"https:\/\/schema.org\",\"@graph\":[{\"@type\":\"WebPage\",\"@id\":\"http:\/\/universofamilia.com\/hr\/recuperando-momentos-perdidos-3\/\",\"url\":\"http:\/\/universofamilia.com\/hr\/recuperando-momentos-perdidos-3\/\",\"name\":\"\ud83d\udcf8 Recuperando Momentos Perdidos - Universo Fam\u00edlia\",\"isPartOf\":{\"@id\":\"https:\/\/universofamilia.com\/el\/#website\"},\"primaryImageOfPage\":{\"@id\":\"http:\/\/universofamilia.com\/hr\/recuperando-momentos-perdidos-3\/#primaryimage\"},\"image\":{\"@id\":\"http:\/\/universofamilia.com\/hr\/recuperando-momentos-perdidos-3\/#primaryimage\"},\"thumbnailUrl\":\"http:\/\/universofamilia.com\/wp-content\/uploads\/sites\/148\/2024\/05\/P-550x350-3-2.jpg\",\"datePublished\":\"2024-05-14T22:53:48+00:00\",\"dateModified\":\"2025-01-29T01:24:11+00:00\",\"author\":{\"@id\":\"https:\/\/universofamilia.com\/el\/#\/schema\/person\/f07ce98187dd84d31154262e79b3b7ca\"},\"description\":\"\ud83d\udcf8 Recuperando Momentos Perdidos. \u00a1Ah, las fotos! Son como peque\u00f1as ventanas al pasado, capturando momentos preciosos...\",\"breadcrumb\":{\"@id\":\"http:\/\/universofamilia.com\/hr\/recuperando-momentos-perdidos-3\/#breadcrumb\"},\"inLanguage\":\"sk-SK\",\"potentialAction\":[{\"@type\":\"ReadAction\",\"target\":[\"http:\/\/universofamilia.com\/hr\/recuperando-momentos-perdidos-3\/\"]}]},{\"@type\":\"ImageObject\",\"inLanguage\":\"sk-SK\",\"@id\":\"http:\/\/universofamilia.com\/hr\/recuperando-momentos-perdidos-3\/#primaryimage\",\"url\":\"http:\/\/universofamilia.com\/wp-content\/uploads\/sites\/148\/2024\/05\/P-550x350-3-2.jpg\",\"contentUrl\":\"http:\/\/universofamilia.com\/wp-content\/uploads\/sites\/148\/2024\/05\/P-550x350-3-2.jpg\",\"width\":550,\"height\":350,\"caption\":\"\ud83d\udcf8 Recuperando Momentos Perdidos\"},{\"@type\":\"BreadcrumbList\",\"@id\":\"http:\/\/universofamilia.com\/hr\/recuperando-momentos-perdidos-3\/#breadcrumb\",\"itemListElement\":[{\"@type\":\"ListItem\",\"position\":1,\"name\":\"Home\",\"item\":\"https:\/\/universofamilia.com\/el\/\"},{\"@type\":\"ListItem\",\"position\":2,\"name\":\"\ud83d\udcf8 Recuperando Momentos Perdidos\"}]},{\"@type\":\"WebSite\",\"@id\":\"https:\/\/universofamilia.com\/el\/#website\",\"url\":\"https:\/\/universofamilia.com\/el\/\",\"name\":\"Universo Fam\u00edlia\",\"description\":\"\",\"potentialAction\":[{\"@type\":\"SearchAction\",\"target\":{\"@type\":\"EntryPoint\",\"urlTemplate\":\"https:\/\/universofamilia.com\/el\/?s={search_term_string}\"},\"query-input\":\"required name=search_term_string\"}],\"inLanguage\":\"sk-SK\"},{\"@type\":\"Person\",\"@id\":\"https:\/\/universofamilia.com\/el\/#\/schema\/person\/f07ce98187dd84d31154262e79b3b7ca\",\"name\":\"Pedro Henrique\",\"image\":{\"@type\":\"ImageObject\",\"inLanguage\":\"sk-SK\",\"@id\":\"https:\/\/universofamilia.com\/el\/#\/schema\/person\/image\/\",\"url\":\"http:\/\/0.gravatar.com\/avatar\/9edfeb808cb4e1599f64d6e45b130154?s=96&d=mm&r=g\",\"contentUrl\":\"http:\/\/0.gravatar.com\/avatar\/9edfeb808cb4e1599f64d6e45b130154?s=96&d=mm&r=g\",\"caption\":\"Pedro Henrique\"},\"url\":\"http:\/\/universofamilia.com\/sk\/author\/editor01\/\"}]}<\/script>\n<!-- \/ Yoast SEO plugin. -->","yoast_head_json":{"title":"\ud83d\udcf8 Recuperando Momentos Perdidos - Universo Fam\u00edlia","description":"\ud83d\udcf8 Recuperando Momentos Perdidos. \u00a1Ah, las fotos! Son como peque\u00f1as ventanas al pasado, capturando momentos preciosos...","robots":{"index":"index","follow":"follow","max-snippet":"max-snippet:-1","max-image-preview":"max-image-preview:large","max-video-preview":"max-video-preview:-1"},"canonical":"http:\/\/universofamilia.com\/sk\/recuperando-momentos-perdidos-3\/","og_locale":"sk_SK","og_type":"article","og_title":"\ud83d\udcf8 Recuperando Momentos Perdidos - Universo Fam\u00edlia","og_description":"\ud83d\udcf8 Recuperando Momentos Perdidos. \u00a1Ah, las fotos! Son como peque\u00f1as ventanas al pasado, capturando momentos preciosos...","og_url":"http:\/\/universofamilia.com\/sk\/recuperando-momentos-perdidos-3\/","og_site_name":"Universo Fam\u00edlia","article_published_time":"2024-05-14T22:53:48+00:00","article_modified_time":"2025-01-29T01:24:11+00:00","og_image":[{"width":550,"height":350,"url":"http:\/\/universofamilia.com\/wp-content\/uploads\/sites\/148\/2024\/05\/P-550x350-3-2.jpg","type":"image\/jpeg"}],"author":"Pedro Henrique","twitter_card":"summary_large_image","twitter_misc":{"Written by":"Pedro Henrique","Est. reading time":"6 min\u00fat"},"schema":{"@context":"https:\/\/schema.org","@graph":[{"@type":"WebPage","@id":"http:\/\/universofamilia.com\/hr\/recuperando-momentos-perdidos-3\/","url":"http:\/\/universofamilia.com\/hr\/recuperando-momentos-perdidos-3\/","name":"\ud83d\udcf8 Recuperando Momentos Perdidos - Universo Fam\u00edlia","isPartOf":{"@id":"https:\/\/universofamilia.com\/el\/#website"},"primaryImageOfPage":{"@id":"http:\/\/universofamilia.com\/hr\/recuperando-momentos-perdidos-3\/#primaryimage"},"image":{"@id":"http:\/\/universofamilia.com\/hr\/recuperando-momentos-perdidos-3\/#primaryimage"},"thumbnailUrl":"http:\/\/universofamilia.com\/wp-content\/uploads\/sites\/148\/2024\/05\/P-550x350-3-2.jpg","datePublished":"2024-05-14T22:53:48+00:00","dateModified":"2025-01-29T01:24:11+00:00","author":{"@id":"https:\/\/universofamilia.com\/el\/#\/schema\/person\/f07ce98187dd84d31154262e79b3b7ca"},"description":"\ud83d\udcf8 Recuperando Momentos Perdidos. \u00a1Ah, las fotos! Son como peque\u00f1as ventanas al pasado, capturando momentos preciosos...","breadcrumb":{"@id":"http:\/\/universofamilia.com\/hr\/recuperando-momentos-perdidos-3\/#breadcrumb"},"inLanguage":"sk-SK","potentialAction":[{"@type":"ReadAction","target":["http:\/\/universofamilia.com\/hr\/recuperando-momentos-perdidos-3\/"]}]},{"@type":"ImageObject","inLanguage":"sk-SK","@id":"http:\/\/universofamilia.com\/hr\/recuperando-momentos-perdidos-3\/#primaryimage","url":"http:\/\/universofamilia.com\/wp-content\/uploads\/sites\/148\/2024\/05\/P-550x350-3-2.jpg","contentUrl":"http:\/\/universofamilia.com\/wp-content\/uploads\/sites\/148\/2024\/05\/P-550x350-3-2.jpg","width":550,"height":350,"caption":"\ud83d\udcf8 Recuperando Momentos Perdidos"},{"@type":"BreadcrumbList","@id":"http:\/\/universofamilia.com\/hr\/recuperando-momentos-perdidos-3\/#breadcrumb","itemListElement":[{"@type":"ListItem","position":1,"name":"Home","item":"https:\/\/universofamilia.com\/el\/"},{"@type":"ListItem","position":2,"name":"\ud83d\udcf8 Recuperando Momentos Perdidos"}]},{"@type":"WebSite","@id":"https:\/\/universofamilia.com\/el\/#website","url":"https:\/\/universofamilia.com\/el\/","name":"Universo Fam\u00edlia","description":"","potentialAction":[{"@type":"SearchAction","target":{"@type":"EntryPoint","urlTemplate":"https:\/\/universofamilia.com\/el\/?s={search_term_string}"},"query-input":"required name=search_term_string"}],"inLanguage":"sk-SK"},{"@type":"Person","@id":"https:\/\/universofamilia.com\/el\/#\/schema\/person\/f07ce98187dd84d31154262e79b3b7ca","name":"Pedro Henrique","image":{"@type":"ImageObject","inLanguage":"sk-SK","@id":"https:\/\/universofamilia.com\/el\/#\/schema\/person\/image\/","url":"http:\/\/0.gravatar.com\/avatar\/9edfeb808cb4e1599f64d6e45b130154?s=96&d=mm&r=g","contentUrl":"http:\/\/0.gravatar.com\/avatar\/9edfeb808cb4e1599f64d6e45b130154?s=96&d=mm&r=g","caption":"Pedro Henrique"},"url":"http:\/\/universofamilia.com\/sk\/author\/editor01\/"}]}},"_links":{"self":[{"href":"http:\/\/universofamilia.com\/sk\/wp-json\/wp\/v2\/posts\/5958"}],"collection":[{"href":"http:\/\/universofamilia.com\/sk\/wp-json\/wp\/v2\/posts"}],"about":[{"href":"http:\/\/universofamilia.com\/sk\/wp-json\/wp\/v2\/types\/post"}],"author":[{"embeddable":true,"href":"http:\/\/universofamilia.com\/sk\/wp-json\/wp\/v2\/users\/139"}],"replies":[{"embeddable":true,"href":"http:\/\/universofamilia.com\/sk\/wp-json\/wp\/v2\/comments?post=5958"}],"version-history":[{"count":1,"href":"http:\/\/universofamilia.com\/sk\/wp-json\/wp\/v2\/posts\/5958\/revisions"}],"predecessor-version":[{"id":8468,"href":"http:\/\/universofamilia.com\/sk\/wp-json\/wp\/v2\/posts\/5958\/revisions\/8468"}],"wp:featuredmedia":[{"embeddable":true,"href":"http:\/\/universofamilia.com\/sk\/wp-json\/wp\/v2\/media\/5960"}],"wp:attachment":[{"href":"http:\/\/universofamilia.com\/sk\/wp-json\/wp\/v2\/media?parent=5958"}],"wp:term":[{"taxonomy":"category","embeddable":true,"href":"http:\/\/universofamilia.com\/sk\/wp-json\/wp\/v2\/categories?post=5958"},{"taxonomy":"post_tag","embeddable":true,"href":"http:\/\/universofamilia.com\/sk\/wp-json\/wp\/v2\/tags?post=5958"}],"curies":[{"name":"wp","href":"https:\/\/api.w.org\/{rel}","templated":true}]}}