{"id":5959,"date":"2024-05-14T19:59:35","date_gmt":"2024-05-14T22:59:35","guid":{"rendered":"https:\/\/universofamilia.com\/?p=5959"},"modified":"2025-01-28T14:04:08","modified_gmt":"2025-01-28T14:04:08","slug":"alguna-vez-has-pensado-en-la-importancia-de-las-fotos-en-nuestras-vidas","status":"publish","type":"post","link":"http:\/\/universofamilia.com\/sk\/alguna-vez-has-pensado-en-la-importancia-de-las-fotos-en-nuestras-vidas\/","title":{"rendered":"Obnovenie straten\u00fdch spomienok"},"content":{"rendered":"<p>\ud83d\udcf8 Prem\u00fd\u0161\u013eali ste niekedy o d\u00f4le\u017eitosti fotografi\u00ed v na\u0161ich \u017eivotoch?<\/p>\n\n\n\n<p>Tie obrazy, ktor\u00e9 zachyt\u00e1vaj\u00fa v\u00fdnimo\u010dn\u00e9 okamihy, tie \u00fasmevy, ktor\u00e9 hrej\u00fa pri srdci, tie krajiny, ktor\u00e9 n\u00e1m vyr\u00e1\u017eaj\u00fa dych.<\/p>\n\n\n\n<p>Fotografie s\u00fa ako okn\u00e1 do minulosti, ktor\u00e9 n\u00e1m umo\u017e\u0148uj\u00fa pre\u017ei\u0165 vz\u00e1cne okamihy kedyko\u013evek chceme.<\/p>\n\n\n\n<p><\/p>\n\n\n\n<hr class=\"wp-block-separator has-text-color has-luminous-vivid-orange-color has-alpha-channel-opacity has-luminous-vivid-orange-background-color has-background\" \/>\n\n\n\n<h2 class=\"wp-block-heading\">Pre\u010d\u00edtajte si tie\u017e:<\/h2>\n\n\n\n<div class=\"wp-block-columns is-layout-flex wp-container-core-columns-layout-1 wp-block-columns-is-layout-flex\">\n<div class=\"wp-block-column is-layout-flow wp-block-column-is-layout-flow\">\n<div class=\"wp-block-buttons is-layout-flex wp-block-buttons-is-layout-flex\">\n<div class=\"wp-block-button has-custom-width wp-block-button__width-100\" style=\"text-decoration:none\"><a class=\"wp-block-button__link has-white-color has-vivid-cyan-blue-background-color has-text-color has-background has-link-color has-text-align-left wp-element-button\" href=\"https:\/\/universofamilia.com\/sk\/5893\/acelera-tu-celular-despierta-tu-productividad\/\" style=\"border-radius:10px\" target=\"_blank\" rel=\"noreferrer noopener\"><font style=\"vertical-align: inherit\"><font style=\"vertical-align: inherit\">\ud83d\udccc Zr\u00fdchlite svoj mobiln\u00fd telef\u00f3n \ud83d\udcf1<\/font><\/font> &gt;<\/a><\/div>\n\n\n\n<div class=\"wp-block-button has-custom-width wp-block-button__width-100\" style=\"text-decoration:none\"><a class=\"wp-block-button__link has-white-color has-vivid-cyan-blue-background-color has-text-color has-background has-link-color has-text-align-left wp-element-button\" href=\"https:\/\/universofamilia.com\/sk\/5869\/descubre-quien-te-esta-observando-en-las-redes-sociales\/\" style=\"border-radius:10px\" target=\"_blank\" rel=\"noreferrer noopener\"><font style=\"vertical-align: inherit\"><font style=\"vertical-align: inherit\"><font style=\"vertical-align: inherit\"><font style=\"vertical-align: inherit\">\ud83d\udccc Kto nav\u0161t\u00edvil v\u00e1\u0161 profil<\/font><\/font><\/font><\/font> &gt;<\/a><\/div>\n<\/div>\n<\/div>\n\n\n\n<div class=\"wp-block-column is-layout-flow wp-block-column-is-layout-flow\">\n<div class=\"wp-block-buttons is-layout-flex wp-block-buttons-is-layout-flex\">\n<div class=\"wp-block-button has-custom-width wp-block-button__width-100\" style=\"text-decoration:none\"><a class=\"wp-block-button__link has-white-color has-vivid-cyan-blue-background-color has-text-color has-background has-link-color has-text-align-left wp-element-button\" href=\"https:\/\/universofamilia.com\/sk\/5859\/el-encanto-de-las-telenovelas-turcas\/\" style=\"border-radius:10px\" target=\"_blank\" rel=\"noreferrer noopener\"><font style=\"vertical-align: inherit\"><font style=\"vertical-align: inherit\"><font style=\"vertical-align: inherit\"><font style=\"vertical-align: inherit\">\ud83d\udccd<\/font><\/font> Tureck\u00e9 telenovely &gt;<\/font><\/font><\/a><\/div>\n<\/div>\n<\/div>\n<\/div>\n\n\n\n<hr class=\"wp-block-separator has-text-color has-luminous-vivid-orange-color has-alpha-channel-opacity has-luminous-vivid-orange-background-color has-background\" \/>\n\n\n\n<p><\/p>\n\n\n\n<p>\u010co sa v\u0161ak stane, ke\u010f tieto vz\u00e1cne veci zrazu zmizn\u00fa? Ako sa vysporiada\u0165 so stratou okamihov, o ktor\u00fdch sme si mysleli, \u017ee s\u00fa v bezpe\u010d\u00ed na na\u0161ich mobiln\u00fdch zariadeniach?<\/p>\n\n\n\n<p>Nebojte sa! V tomto \u010dl\u00e1nku presk\u00famame d\u00f4le\u017eitos\u0165 obnovy straten\u00fdch fotografi\u00ed a to, ako to m\u00f4\u017eete urobi\u0165 jednoducho a efekt\u00edvne.<\/p>\n\n\n\n<p>\u010c\u00edtajte \u010falej a zistite, ako zachr\u00e1ni\u0165 straten\u00e9 poklady!<\/p>\n\n\n\n<h2 class=\"wp-block-heading\">Sm\u00fatok zo straty: Pre\u010do je obnovenie fotografi\u00ed nevyhnutn\u00e9<\/h2>\n\n\n\n<p>\ud83d\udcf1 Predstavte si nasleduj\u00faci scen\u00e1r: prezer\u00e1te si fotografie v telef\u00f3ne a spom\u00ednate na nezabudnute\u013en\u00e9 v\u00fdlety, pam\u00e4tn\u00e9 ve\u010dierky a doj\u00edmav\u00e9 rodinn\u00e9 chv\u00edle.<\/p>\n\n\n\n<p>Zrazu si uvedom\u00edte, \u017ee nieko\u013eko z t\u00fdch obr\u00e1zkov jednoducho zmizlo.<\/p>\n\n\n\n<p>\u010co malo by\u0165 nostalgick\u00fdm v\u00fdletom fotoalbumom, sa zmen\u00ed na z\u00fafal\u00e9 h\u013eadanie straten\u00fdch spomienok.<\/p>\n\n\n\n<p>Pocit z\u00fafalstva a sm\u00fatku, ke\u010f si uvedom\u00edte, \u017ee tieto chv\u00edle m\u00f4\u017eu by\u0165 nav\u017edy straten\u00e9, je neop\u00edsate\u013en\u00fd.<\/p>\n\n\n\n<p>Ale nebojte sa, na konci tunela je svetlo!<\/p>\n\n\n\n<figure class=\"wp-block-image size-full\"><img loading=\"lazy\" decoding=\"async\" width=\"550\" height=\"350\" src=\"http:\/\/universofamilia.com\/wp-content\/uploads\/sites\/148\/2024\/05\/P-550x350-2-5.jpg\" alt=\"\" class=\"wp-image-5962\" srcset=\"http:\/\/universofamilia.com\/wp-content\/uploads\/sites\/148\/2024\/05\/P-550x350-2-5.jpg 550w, http:\/\/universofamilia.com\/wp-content\/uploads\/sites\/148\/2024\/05\/P-550x350-2-5-300x191.jpg 300w\" sizes=\"(max-width: 550px) 100vw, 550px\" \/><\/figure>\n\n\n\n<h2 class=\"wp-block-heading\">Obnova straten\u00fdch vec\u00ed: Ako obnovi\u0165 omylom odstr\u00e1nen\u00e9 fotografie<\/h2>\n\n\n\n<p>\ud83d\udd0d Ak ste sa niekedy ocitli v tejto nepr\u00edjemnej situ\u00e1cii, viete, \u017ee nie ste sami.<\/p>\n\n\n\n<p>Mnoh\u00ed z n\u00e1s u\u017e za\u017eili n\u00e1hodn\u00e9 vymazanie vz\u00e1cnych fotografi\u00ed, \u010di u\u017e kv\u00f4li nespr\u00e1vnemu dotyku alebo syst\u00e9movej chybe.<\/p>\n\n\n\n<p>Je v\u0161ak d\u00f4le\u017eit\u00e9 kona\u0165 r\u00fdchlo, aby ste zv\u00fd\u0161ili svoje \u0161ance na uzdravenie.<\/p>\n\n\n\n<p>V prvom rade sa vyhnite pou\u017e\u00edvaniu zariadenia hne\u010f, ako si v\u0161imnete stratu fotografi\u00ed, preto\u017ee to m\u00f4\u017ee prep\u00edsa\u0165 d\u00e1ta a s\u0165a\u017ei\u0165 ich obnovu.<\/p>\n\n\n\n<p>Namiesto toho postupujte pod\u013ea t\u00fdchto jednoduch\u00fdch tipov, aby ste z\u00edskali sp\u00e4\u0165 svoje cenn\u00e9 veci:<\/p>\n\n\n\n<ol>\n<li><strong>Skontrolujte k\u00f4\u0161<\/strong>: Na mnoh\u00fdch zariadeniach sa odstr\u00e1nen\u00e9 fotografie pred trval\u00fdm odstr\u00e1nen\u00edm odo\u0161l\u00fa do ko\u0161a. Skontrolujte teda k\u00f4\u0161 v zariaden\u00ed, \u010di sa tam fotografie nach\u00e1dzaj\u00fa.<\/li>\n\n\n\n<li><strong>Pou\u017eite aplik\u00e1ciu na obnovu fotografi\u00ed<\/strong>Existuje nieko\u013eko aplik\u00e1ci\u00ed, ktor\u00e9 m\u00f4\u017eu pom\u00f4c\u0165 pri obnove odstr\u00e1nen\u00fdch fotografi\u00ed. Tieto aplik\u00e1cie pou\u017e\u00edvaj\u00fa pokro\u010dil\u00e9 algoritmy na skenovanie zariadenia, \u010di nevyh\u013ead\u00e1 straten\u00e9 \u00fadaje a obnovia ich za v\u00e1s. Neviete, kde za\u010da\u0165? \u010c\u00edtajte \u010falej a objavte niektor\u00e9 z najlep\u0161\u00edch aplik\u00e1ci\u00ed na t\u00fato \u00falohu!<\/li>\n<\/ol>\n\n\n\n<h2 class=\"wp-block-heading\">Ve\u010dn\u00e9 okamihy: Pre\u010do s\u00fa fotografie pamiatkou na ve\u010dnos\u0165<\/h2>\n\n\n\n<p>\ud83c\udf1f Fotografie nie s\u00fa len statick\u00e9 obr\u00e1zky; S\u00fa to port\u00e1ly, ktor\u00e9 n\u00e1s prenes\u00fa sp\u00e4\u0165 v \u010dase. Umo\u017e\u0148uj\u00fa n\u00e1m znovu pre\u017ei\u0165 v\u00fdnimo\u010dn\u00e9 chv\u00edle, zdie\u013ea\u0165 spomienky s bl\u00edzkymi a rozpr\u00e1va\u0165 pr\u00edbehy, ktor\u00e9 pretrvaj\u00fa z gener\u00e1cie na gener\u00e1ciu.<\/p>\n\n\n\n<p>Ke\u010f strat\u00edme tieto fotografie, strat\u00edme nielen samotn\u00e9 obr\u00e1zky, ale aj em\u00f3cie a spomienky, ktor\u00e9 s\u00fa s nimi spojen\u00e9. Je to, akoby bola \u010das\u0165 na\u0161ej hist\u00f3rie n\u00e1hle vymazan\u00e1.<\/p>\n\n\n\n<p>Preto je nevyhnutn\u00e9 zachova\u0165 tieto poklady, aby sme sa mohli na\u010falej sp\u00e1ja\u0165 s na\u0161ou minulos\u0165ou a zdie\u013ea\u0165 ju s bud\u00facnos\u0165ou.<\/p>\n\n\n\n<h2 class=\"wp-block-heading\">Objavte najlep\u0161ie aplik\u00e1cie na obnovenie straten\u00fdch fotografi\u00ed<\/h2>\n\n\n\n<p>\u2699\ufe0f Teraz, ke\u010f ch\u00e1peme d\u00f4le\u017eitos\u0165 obnovy straten\u00fdch fotografi\u00ed, pozrime sa na niektor\u00e9 z najlep\u0161\u00edch aplik\u00e1ci\u00ed dostupn\u00fdch pre t\u00fato \u00falohu.<\/p>\n\n\n\n<p>Tieto aplik\u00e1cie boli ocenen\u00e9 za svoju \u00fa\u010dinnos\u0165 a jednoduchos\u0165 pou\u017e\u00edvania a pomohli tis\u00edckam \u013eud\u00ed obnovi\u0165 straten\u00e9 spomienky.<\/p>\n\n\n\n<p>Pozrite si to ni\u017e\u0161ie:<\/p>\n\n\n\n<ol>\n<li><strong>Obnova fotografi\u00ed z DiskDiggeru<\/strong>T\u00e1to aplik\u00e1cia sa d\u00f4razne odpor\u00fa\u010da pre svoju schopnos\u0165 \u013eahko obnovi\u0165 straten\u00e9 fotografie. V\u010faka p\u00f4sobiv\u00e9mu hodnoteniu a pozit\u00edvnym recenzi\u00e1m od spokojn\u00fdch pou\u017e\u00edvate\u013eov je DiskDigger spo\u013eahlivou vo\u013ebou pre t\u00fdch, ktor\u00ed chc\u00fa obnovi\u0165 svoje vz\u00e1cne fotografie.<\/li>\n\n\n\n<li><strong>Obnovi\u0165 odstr\u00e1nen\u00e9 fotografie<\/strong>\u010eal\u0161ia vynikaj\u00faca mo\u017enos\u0165 na obnovenie omylom odstr\u00e1nen\u00fdch fotografi\u00ed. V\u010faka jednoduch\u00e9mu a efekt\u00edvnemu rozhraniu je proces obnovy jednoduchou a priamo\u010diarou \u00falohou tejto aplik\u00e1cie.<\/li>\n\n\n\n<li><strong>EaseUS MobiSaver pre Android\/iOS<\/strong>Ak h\u013ead\u00e1te komplexn\u00e9 rie\u0161enie na obnovu nielen fotografi\u00ed, ale aj in\u00fdch typov straten\u00fdch d\u00e1t, EaseUS MobiSaver je pre v\u00e1s tou spr\u00e1vnou vo\u013ebou. V\u010faka vysokej miere obnovy a intuit\u00edvnemu rozhraniu je t\u00e1to aplik\u00e1cia cenn\u00fdm n\u00e1strojom pre t\u00fdch, ktor\u00ed \u010delia strate \u00fadajov na svojich mobiln\u00fdch zariadeniach.<\/li>\n<\/ol>\n\n\n\n<h2 class=\"wp-block-heading\">Z\u00e1ver: Zachr\u00e1\u0148te si spomienky pomocou najlep\u0161\u00edch aplik\u00e1ci\u00ed na obnovu fotografi\u00ed<\/h2>\n\n\n\n<p>\ud83d\udd12 Fotografie s\u00fa viac ne\u017e len obr\u00e1zky; S\u00fa to poklady, ktor\u00e9 uchov\u00e1vaj\u00fa na\u0161e najvz\u00e1cnej\u0161ie spomienky. Preto je nevyhnutn\u00e9 chr\u00e1ni\u0165 tieto spomienky pred n\u00e1hodnou stratou.<\/p>\n\n\n\n<p>Pomocou spr\u00e1vnych aplik\u00e1ci\u00ed m\u00f4\u017eete obnovi\u0165 straten\u00e9 fotografie a zabezpe\u010di\u0165, aby tieto nad\u010dasov\u00e9 okamihy zostali nav\u017edy zachovan\u00e9.<\/p>\n\n\n\n<p>Nenechajte svoje spomienky zmizn\u00fa\u0165 v digit\u00e1lnej priepasti. Stiahnite si jednu z na\u0161ich odpor\u00fa\u010dan\u00fdch aplik\u00e1ci\u00ed a obnovte svoje straten\u00e9 fotografie e\u0161te dnes!<\/p>\n\n\n\n<h3 class=\"wp-block-heading\">\ud83d\udcf2 <strong>Odkazy na stiahnutie<\/strong>:<\/h3>\n\n\n\n<ul>\n<li><strong>Android<\/strong>: <a href=\"https:\/\/play.google.com\/store\/apps\/details?id=com.defianttech.diskdigger&amp;hl=en_US\" target=\"_blank\" rel=\"noreferrer noopener\">Obnova fotografi\u00ed z DiskDiggeru<\/a>, <a href=\"https:\/\/play.google.com\/store\/apps\/details?id=inshot.data.recovery.restore.deleted.data.diskdigger&amp;hl=en_US\" target=\"_blank\" rel=\"noreferrer noopener\">Obnovi\u0165 odstr\u00e1nen\u00e9 fotografie<\/a>, <a href=\"https:\/\/play.google.com\/store\/apps\/details?id=com.easeus.mobisaver\" target=\"_blank\" rel=\"noreferrer noopener\">EaseUS MobiSaver<\/a><\/li>\n\n\n\n<li><strong>iOS<\/strong>: <a href=\"https:\/\/support.apple.com\/guide\/icloud\/recover-deleted-files-mmae56ea1ca5\/icloud\" target=\"_blank\" rel=\"noreferrer noopener\">Obnovi\u0165 odstr\u00e1nen\u00e9 fotografie<\/a>, <a href=\"https:\/\/apps.apple.com\/us\/app\/easeus-data-recovery-wizard\/id740355970?mt=12\" target=\"_blank\" rel=\"noreferrer noopener\">EaseUS MobiSaver<\/a><\/li>\n<\/ul>\n\n\n\n<p>\ud83d\udcf8 Nikdy nenechajte svoje spomienky strati\u0165 sa v digit\u00e1lnej priepasti.<\/p>\n\n\n\n<p>Stiahnite si jednu z t\u00fdchto aplik\u00e1ci\u00ed a jednoducho obnovte svoje straten\u00e9 fotografie!<\/p>","protected":false},"excerpt":{"rendered":"<p>\ud83d\udcf8 Prem\u00fd\u0161\u013eali ste niekedy o d\u00f4le\u017eitosti fotografi\u00ed v na\u0161ich \u017eivotoch? Tie sn\u00edmky, ktor\u00e9 zachyt\u00e1vaj\u00fa v\u00fdnimo\u010dn\u00e9 okamihy, tie \u00fasmevy, ktor\u00e9 hrej\u00fa pri srdci, tie krajiny, ktor\u00e9 n\u00e1m ber\u00fa dych. Fotografie s\u00fa ako okn\u00e1 do minulosti, ktor\u00e9 n\u00e1m umo\u017e\u0148uj\u00fa pre\u017ei\u0165 vz\u00e1cne chv\u00edle kedyko\u013evek chceme. Pre\u010d\u00edtajte si tie\u017e: \u010co sa v\u0161ak stane, ke\u010f [\u2026]<\/p>","protected":false},"author":139,"featured_media":5962,"comment_status":"closed","ping_status":"open","sticky":false,"template":"","format":"standard","meta":{"footnotes":""},"categories":[2],"tags":[110,347,1655],"yoast_head":"<!-- This site is optimized with the Yoast SEO plugin v23.3 - https:\/\/yoast.com\/wordpress\/plugins\/seo\/ -->\n<title>Recuperando Recuerdos Perdidos - Universo Fam\u00edlia<\/title>\n<meta name=\"description\" content=\"\ud83d\udcf8 \u00bfAlguna vez has pensado en la importancia de las fotos en nuestras vidas?Esas im\u00e1genes que capturan momentos especiales...\" \/>\n<meta name=\"robots\" content=\"index, follow, max-snippet:-1, max-image-preview:large, max-video-preview:-1\" \/>\n<link rel=\"canonical\" href=\"http:\/\/universofamilia.com\/sk\/pernahkah-anda-berpikir-tentang-pentingnya-foto-dalam-kehidupan-kita\/\" \/>\n<meta property=\"og:locale\" content=\"sk_SK\" \/>\n<meta property=\"og:type\" content=\"article\" \/>\n<meta property=\"og:title\" content=\"Recuperando Recuerdos Perdidos - Universo Fam\u00edlia\" \/>\n<meta property=\"og:description\" content=\"\ud83d\udcf8 \u00bfAlguna vez has pensado en la importancia de las fotos en nuestras vidas?Esas im\u00e1genes que capturan momentos especiales...\" \/>\n<meta property=\"og:url\" content=\"http:\/\/universofamilia.com\/sk\/pernahkah-anda-berpikir-tentang-pentingnya-foto-dalam-kehidupan-kita\/\" \/>\n<meta property=\"og:site_name\" content=\"Universo Fam\u00edlia\" \/>\n<meta property=\"article:published_time\" content=\"2024-05-14T22:59:35+00:00\" \/>\n<meta property=\"article:modified_time\" content=\"2025-01-28T14:04:08+00:00\" \/>\n<meta property=\"og:image\" content=\"http:\/\/universofamilia.com\/wp-content\/uploads\/sites\/148\/2024\/05\/P-550x350-2-5.jpg\" \/>\n\t<meta property=\"og:image:width\" content=\"550\" \/>\n\t<meta property=\"og:image:height\" content=\"350\" \/>\n\t<meta property=\"og:image:type\" content=\"image\/jpeg\" \/>\n<meta name=\"author\" content=\"Pedro Henrique\" \/>\n<meta name=\"twitter:card\" content=\"summary_large_image\" \/>\n<meta name=\"twitter:label1\" content=\"Written by\" \/>\n\t<meta name=\"twitter:data1\" content=\"Pedro Henrique\" \/>\n\t<meta name=\"twitter:label2\" content=\"Est. reading time\" \/>\n\t<meta name=\"twitter:data2\" content=\"5 min\u00fat\" \/>\n<script type=\"application\/ld+json\" class=\"yoast-schema-graph\">{\"@context\":\"https:\/\/schema.org\",\"@graph\":[{\"@type\":\"WebPage\",\"@id\":\"http:\/\/universofamilia.com\/id\/pernahkah-anda-berpikir-tentang-pentingnya-foto-dalam-kehidupan-kita\/\",\"url\":\"http:\/\/universofamilia.com\/id\/pernahkah-anda-berpikir-tentang-pentingnya-foto-dalam-kehidupan-kita\/\",\"name\":\"Recuperando Recuerdos Perdidos - Universo Fam\u00edlia\",\"isPartOf\":{\"@id\":\"https:\/\/universofamilia.com\/el\/#website\"},\"primaryImageOfPage\":{\"@id\":\"http:\/\/universofamilia.com\/id\/pernahkah-anda-berpikir-tentang-pentingnya-foto-dalam-kehidupan-kita\/#primaryimage\"},\"image\":{\"@id\":\"http:\/\/universofamilia.com\/id\/pernahkah-anda-berpikir-tentang-pentingnya-foto-dalam-kehidupan-kita\/#primaryimage\"},\"thumbnailUrl\":\"http:\/\/universofamilia.com\/wp-content\/uploads\/sites\/148\/2024\/05\/P-550x350-2-5.jpg\",\"datePublished\":\"2024-05-14T22:59:35+00:00\",\"dateModified\":\"2025-01-28T14:04:08+00:00\",\"author\":{\"@id\":\"https:\/\/universofamilia.com\/el\/#\/schema\/person\/f07ce98187dd84d31154262e79b3b7ca\"},\"description\":\"\ud83d\udcf8 \u00bfAlguna vez has pensado en la importancia de las fotos en nuestras vidas?Esas im\u00e1genes que capturan momentos especiales...\",\"breadcrumb\":{\"@id\":\"http:\/\/universofamilia.com\/id\/pernahkah-anda-berpikir-tentang-pentingnya-foto-dalam-kehidupan-kita\/#breadcrumb\"},\"inLanguage\":\"sk-SK\",\"potentialAction\":[{\"@type\":\"ReadAction\",\"target\":[\"http:\/\/universofamilia.com\/id\/pernahkah-anda-berpikir-tentang-pentingnya-foto-dalam-kehidupan-kita\/\"]}]},{\"@type\":\"ImageObject\",\"inLanguage\":\"sk-SK\",\"@id\":\"http:\/\/universofamilia.com\/id\/pernahkah-anda-berpikir-tentang-pentingnya-foto-dalam-kehidupan-kita\/#primaryimage\",\"url\":\"http:\/\/universofamilia.com\/wp-content\/uploads\/sites\/148\/2024\/05\/P-550x350-2-5.jpg\",\"contentUrl\":\"http:\/\/universofamilia.com\/wp-content\/uploads\/sites\/148\/2024\/05\/P-550x350-2-5.jpg\",\"width\":550,\"height\":350,\"caption\":\"\ud83d\udcf8 \u00bfAlguna vez has pensado en la importancia de las fotos en nuestras vidas?\"},{\"@type\":\"BreadcrumbList\",\"@id\":\"http:\/\/universofamilia.com\/id\/pernahkah-anda-berpikir-tentang-pentingnya-foto-dalam-kehidupan-kita\/#breadcrumb\",\"itemListElement\":[{\"@type\":\"ListItem\",\"position\":1,\"name\":\"Home\",\"item\":\"https:\/\/universofamilia.com\/el\/\"},{\"@type\":\"ListItem\",\"position\":2,\"name\":\"Recuperando Recuerdos Perdidos\"}]},{\"@type\":\"WebSite\",\"@id\":\"https:\/\/universofamilia.com\/el\/#website\",\"url\":\"https:\/\/universofamilia.com\/el\/\",\"name\":\"Universo Fam\u00edlia\",\"description\":\"\",\"potentialAction\":[{\"@type\":\"SearchAction\",\"target\":{\"@type\":\"EntryPoint\",\"urlTemplate\":\"https:\/\/universofamilia.com\/el\/?s={search_term_string}\"},\"query-input\":\"required name=search_term_string\"}],\"inLanguage\":\"sk-SK\"},{\"@type\":\"Person\",\"@id\":\"https:\/\/universofamilia.com\/el\/#\/schema\/person\/f07ce98187dd84d31154262e79b3b7ca\",\"name\":\"Pedro Henrique\",\"image\":{\"@type\":\"ImageObject\",\"inLanguage\":\"sk-SK\",\"@id\":\"https:\/\/universofamilia.com\/el\/#\/schema\/person\/image\/\",\"url\":\"http:\/\/0.gravatar.com\/avatar\/9edfeb808cb4e1599f64d6e45b130154?s=96&d=mm&r=g\",\"contentUrl\":\"http:\/\/0.gravatar.com\/avatar\/9edfeb808cb4e1599f64d6e45b130154?s=96&d=mm&r=g\",\"caption\":\"Pedro Henrique\"},\"url\":\"http:\/\/universofamilia.com\/sk\/author\/editor01\/\"}]}<\/script>\n<!-- \/ Yoast SEO plugin. -->","yoast_head_json":{"title":"Recuperando Recuerdos Perdidos - Universo Fam\u00edlia","description":"\ud83d\udcf8 \u00bfAlguna vez has pensado en la importancia de las fotos en nuestras vidas?Esas im\u00e1genes que capturan momentos especiales...","robots":{"index":"index","follow":"follow","max-snippet":"max-snippet:-1","max-image-preview":"max-image-preview:large","max-video-preview":"max-video-preview:-1"},"canonical":"http:\/\/universofamilia.com\/sk\/pernahkah-anda-berpikir-tentang-pentingnya-foto-dalam-kehidupan-kita\/","og_locale":"sk_SK","og_type":"article","og_title":"Recuperando Recuerdos Perdidos - Universo Fam\u00edlia","og_description":"\ud83d\udcf8 \u00bfAlguna vez has pensado en la importancia de las fotos en nuestras vidas?Esas im\u00e1genes que capturan momentos especiales...","og_url":"http:\/\/universofamilia.com\/sk\/pernahkah-anda-berpikir-tentang-pentingnya-foto-dalam-kehidupan-kita\/","og_site_name":"Universo Fam\u00edlia","article_published_time":"2024-05-14T22:59:35+00:00","article_modified_time":"2025-01-28T14:04:08+00:00","og_image":[{"width":550,"height":350,"url":"http:\/\/universofamilia.com\/wp-content\/uploads\/sites\/148\/2024\/05\/P-550x350-2-5.jpg","type":"image\/jpeg"}],"author":"Pedro Henrique","twitter_card":"summary_large_image","twitter_misc":{"Written by":"Pedro Henrique","Est. reading time":"5 min\u00fat"},"schema":{"@context":"https:\/\/schema.org","@graph":[{"@type":"WebPage","@id":"http:\/\/universofamilia.com\/id\/pernahkah-anda-berpikir-tentang-pentingnya-foto-dalam-kehidupan-kita\/","url":"http:\/\/universofamilia.com\/id\/pernahkah-anda-berpikir-tentang-pentingnya-foto-dalam-kehidupan-kita\/","name":"Recuperando Recuerdos Perdidos - Universo Fam\u00edlia","isPartOf":{"@id":"https:\/\/universofamilia.com\/el\/#website"},"primaryImageOfPage":{"@id":"http:\/\/universofamilia.com\/id\/pernahkah-anda-berpikir-tentang-pentingnya-foto-dalam-kehidupan-kita\/#primaryimage"},"image":{"@id":"http:\/\/universofamilia.com\/id\/pernahkah-anda-berpikir-tentang-pentingnya-foto-dalam-kehidupan-kita\/#primaryimage"},"thumbnailUrl":"http:\/\/universofamilia.com\/wp-content\/uploads\/sites\/148\/2024\/05\/P-550x350-2-5.jpg","datePublished":"2024-05-14T22:59:35+00:00","dateModified":"2025-01-28T14:04:08+00:00","author":{"@id":"https:\/\/universofamilia.com\/el\/#\/schema\/person\/f07ce98187dd84d31154262e79b3b7ca"},"description":"\ud83d\udcf8 \u00bfAlguna vez has pensado en la importancia de las fotos en nuestras vidas?Esas im\u00e1genes que capturan momentos especiales...","breadcrumb":{"@id":"http:\/\/universofamilia.com\/id\/pernahkah-anda-berpikir-tentang-pentingnya-foto-dalam-kehidupan-kita\/#breadcrumb"},"inLanguage":"sk-SK","potentialAction":[{"@type":"ReadAction","target":["http:\/\/universofamilia.com\/id\/pernahkah-anda-berpikir-tentang-pentingnya-foto-dalam-kehidupan-kita\/"]}]},{"@type":"ImageObject","inLanguage":"sk-SK","@id":"http:\/\/universofamilia.com\/id\/pernahkah-anda-berpikir-tentang-pentingnya-foto-dalam-kehidupan-kita\/#primaryimage","url":"http:\/\/universofamilia.com\/wp-content\/uploads\/sites\/148\/2024\/05\/P-550x350-2-5.jpg","contentUrl":"http:\/\/universofamilia.com\/wp-content\/uploads\/sites\/148\/2024\/05\/P-550x350-2-5.jpg","width":550,"height":350,"caption":"\ud83d\udcf8 \u00bfAlguna vez has pensado en la importancia de las fotos en nuestras vidas?"},{"@type":"BreadcrumbList","@id":"http:\/\/universofamilia.com\/id\/pernahkah-anda-berpikir-tentang-pentingnya-foto-dalam-kehidupan-kita\/#breadcrumb","itemListElement":[{"@type":"ListItem","position":1,"name":"Home","item":"https:\/\/universofamilia.com\/el\/"},{"@type":"ListItem","position":2,"name":"Recuperando Recuerdos Perdidos"}]},{"@type":"WebSite","@id":"https:\/\/universofamilia.com\/el\/#website","url":"https:\/\/universofamilia.com\/el\/","name":"Universo Fam\u00edlia","description":"","potentialAction":[{"@type":"SearchAction","target":{"@type":"EntryPoint","urlTemplate":"https:\/\/universofamilia.com\/el\/?s={search_term_string}"},"query-input":"required name=search_term_string"}],"inLanguage":"sk-SK"},{"@type":"Person","@id":"https:\/\/universofamilia.com\/el\/#\/schema\/person\/f07ce98187dd84d31154262e79b3b7ca","name":"Pedro Henrique","image":{"@type":"ImageObject","inLanguage":"sk-SK","@id":"https:\/\/universofamilia.com\/el\/#\/schema\/person\/image\/","url":"http:\/\/0.gravatar.com\/avatar\/9edfeb808cb4e1599f64d6e45b130154?s=96&d=mm&r=g","contentUrl":"http:\/\/0.gravatar.com\/avatar\/9edfeb808cb4e1599f64d6e45b130154?s=96&d=mm&r=g","caption":"Pedro Henrique"},"url":"http:\/\/universofamilia.com\/sk\/author\/editor01\/"}]}},"_links":{"self":[{"href":"http:\/\/universofamilia.com\/sk\/wp-json\/wp\/v2\/posts\/5959"}],"collection":[{"href":"http:\/\/universofamilia.com\/sk\/wp-json\/wp\/v2\/posts"}],"about":[{"href":"http:\/\/universofamilia.com\/sk\/wp-json\/wp\/v2\/types\/post"}],"author":[{"embeddable":true,"href":"http:\/\/universofamilia.com\/sk\/wp-json\/wp\/v2\/users\/139"}],"replies":[{"embeddable":true,"href":"http:\/\/universofamilia.com\/sk\/wp-json\/wp\/v2\/comments?post=5959"}],"version-history":[{"count":1,"href":"http:\/\/universofamilia.com\/sk\/wp-json\/wp\/v2\/posts\/5959\/revisions"}],"predecessor-version":[{"id":8382,"href":"http:\/\/universofamilia.com\/sk\/wp-json\/wp\/v2\/posts\/5959\/revisions\/8382"}],"wp:featuredmedia":[{"embeddable":true,"href":"http:\/\/universofamilia.com\/sk\/wp-json\/wp\/v2\/media\/5962"}],"wp:attachment":[{"href":"http:\/\/universofamilia.com\/sk\/wp-json\/wp\/v2\/media?parent=5959"}],"wp:term":[{"taxonomy":"category","embeddable":true,"href":"http:\/\/universofamilia.com\/sk\/wp-json\/wp\/v2\/categories?post=5959"},{"taxonomy":"post_tag","embeddable":true,"href":"http:\/\/universofamilia.com\/sk\/wp-json\/wp\/v2\/tags?post=5959"}],"curies":[{"name":"wp","href":"https:\/\/api.w.org\/{rel}","templated":true}]}}