{"id":6031,"date":"2024-05-28T16:22:49","date_gmt":"2024-05-28T19:22:49","guid":{"rendered":"https:\/\/universofamilia.com\/?p=6031"},"modified":"2025-01-29T01:18:14","modified_gmt":"2025-01-29T01:18:14","slug":"evita-perder-tus-recuerdos","status":"publish","type":"post","link":"http:\/\/universofamilia.com\/sk\/evita-perder-tus-recuerdos\/","title":{"rendered":"Zabr\u00e1\u0148te strate spomienok"},"content":{"rendered":"<p>Strata vz\u00e1cnych fotografi\u00ed z mobiln\u00e9ho telef\u00f3nu je ako strata kusu na\u0161ej hist\u00f3rie.<\/p>\n\n\n\n<p>Kto sa nec\u00edtil z\u00fafalo, \u017ee nena\u0161iel ten \u0161peci\u00e1lny obr\u00e1zok?<\/p>\n\n\n\n<p>Ale nebojte sa! V tejto pr\u00edru\u010dke presk\u00famame najlep\u0161ie sp\u00f4soby, ako obnovi\u0165 straten\u00e9 fotografie a \u010do je d\u00f4le\u017eitej\u0161ie, ako pred\u00eds\u0165 bud\u00facim strat\u00e1m.<\/p>\n\n\n\n<p>Po\u010fme!<\/p>\n\n\n\n<h2 class=\"wp-block-heading\">1. D\u00f4le\u017eitos\u0165 uchov\u00e1vania spomienok \ud83c\udf1f<\/h2>\n\n\n\n<p>Na\u0161e fotografie s\u00fa viac ne\u017e len obr\u00e1zky; s\u00fa to vz\u00e1cne z\u00e1znamy jedine\u010dn\u00fdch a nezabudnute\u013en\u00fdch okamihov.<\/p>\n\n\n\n<p>\u010ci u\u017e je to \u00fa\u017easn\u00fd z\u00e1pad slnka, nezabudnute\u013en\u00e9 narodeniny alebo \u00faprimn\u00fd \u00fasmev, ka\u017ed\u00e1 fotografia rozpr\u00e1va pr\u00edbeh.<\/p>\n\n\n\n<p>Preto je nevyhnutn\u00e9 zachova\u0165 si tieto spomienky, aby sme si mohli tieto v\u00fdnimo\u010dn\u00e9 chv\u00edle znova pre\u017ei\u0165, kedyko\u013evek budeme chcie\u0165.<\/p>\n\n\n\n<p><\/p>\n\n\n\n<hr class=\"wp-block-separator has-text-color has-luminous-vivid-orange-color has-alpha-channel-opacity has-luminous-vivid-orange-background-color has-background\" \/>\n\n\n\n<h2 class=\"wp-block-heading\">Pre\u010d\u00edtajte si tie\u017e:<\/h2>\n\n\n\n<div class=\"wp-block-columns is-layout-flex wp-container-core-columns-layout-1 wp-block-columns-is-layout-flex\">\n<div class=\"wp-block-column is-layout-flow wp-block-column-is-layout-flow\">\n<div class=\"wp-block-buttons is-layout-flex wp-block-buttons-is-layout-flex\">\n<div class=\"wp-block-button has-custom-width wp-block-button__width-100\" style=\"text-decoration:none\"><a class=\"wp-block-button__link has-white-color has-vivid-cyan-blue-background-color has-text-color has-background has-link-color has-text-align-left wp-element-button\" href=\"https:\/\/universofamilia.com\/sk\/5893\/acelera-tu-celular-despierta-tu-productividad\/\" style=\"border-radius:10px\" target=\"_blank\" rel=\"noreferrer noopener\"><font style=\"vertical-align: inherit\"><font style=\"vertical-align: inherit\">\ud83d\udccc Zr\u00fdchlite svoj mobiln\u00fd telef\u00f3n<\/font><\/font> &gt;<\/a><\/div>\n\n\n\n<div class=\"wp-block-button has-custom-width wp-block-button__width-100\" style=\"text-decoration:none\"><a class=\"wp-block-button__link has-white-color has-vivid-cyan-blue-background-color has-text-color has-background has-link-color has-text-align-left wp-element-button\" href=\"https:\/\/universofamilia.com\/sk\/5869\/descubre-quien-te-esta-observando-en-las-redes-sociales\/\" style=\"border-radius:10px\" target=\"_blank\" rel=\"noreferrer noopener\"><font style=\"vertical-align: inherit\"><font style=\"vertical-align: inherit\"><font style=\"vertical-align: inherit\"><font style=\"vertical-align: inherit\">\ud83d\udccc Kto nav\u0161t\u00edvil v\u00e1\u0161 profil<\/font><\/font><\/font><\/font> &gt;<\/a><\/div>\n<\/div>\n<\/div>\n\n\n\n<div class=\"wp-block-column is-layout-flow wp-block-column-is-layout-flow\">\n<div class=\"wp-block-buttons is-layout-flex wp-block-buttons-is-layout-flex\">\n<div class=\"wp-block-button has-custom-width wp-block-button__width-100\" style=\"text-decoration:none\"><a class=\"wp-block-button__link has-white-color has-vivid-cyan-blue-background-color has-text-color has-background has-link-color has-text-align-left wp-element-button\" href=\"https:\/\/universofamilia.com\/sk\/5859\/el-encanto-de-las-telenovelas-turcas\/\" style=\"border-radius:10px\" target=\"_blank\" rel=\"noreferrer noopener\"><font style=\"vertical-align: inherit\"><font style=\"vertical-align: inherit\"><font style=\"vertical-align: inherit\"><font style=\"vertical-align: inherit\">\ud83d\udccd<\/font><\/font> Tureck\u00e9 telenovely &gt;<\/font><\/font><\/a><\/div>\n<\/div>\n<\/div>\n<\/div>\n\n\n\n<hr class=\"wp-block-separator has-text-color has-luminous-vivid-orange-color has-alpha-channel-opacity has-luminous-vivid-orange-background-color has-background\" \/>\n\n\n\n<p><\/p>\n\n\n\n<h2 class=\"wp-block-heading\">2. Be\u017en\u00e9 pr\u00ed\u010diny straty fotografi\u00ed \ud83d\ude1e<\/h2>\n\n\n\n<p>D\u00f4vody straty fotografi\u00ed m\u00f4\u017eu by\u0165 r\u00f4zne, od n\u00e1hodn\u00e9ho vymazania a\u017e po poruchy telef\u00f3nneho syst\u00e9mu.<\/p>\n\n\n\n<p>Medzi \u010fal\u0161ie be\u017en\u00e9 d\u00f4vody patr\u00ed n\u00e1hodn\u00e9 form\u00e1tovanie, v\u00edrusov\u00e9 \u00fatoky a fyzick\u00e9 po\u0161kodenie zariadenia.<\/p>\n\n\n\n<p>Je d\u00f4le\u017eit\u00e9 si by\u0165 vedom\u00fd t\u00fdchto mo\u017enost\u00ed, aby bolo mo\u017en\u00e9 prija\u0165 prevent\u00edvne opatrenia.<\/p>\n\n\n\n<h2 class=\"wp-block-heading\">3. Prevencia je k\u013e\u00fa\u010dov\u00e1 \ud83d\udd12<\/h2>\n\n\n\n<p>Najlep\u0161\u00edm sp\u00f4sobom, ako sa vyhn\u00fa\u0165 sklamaniu zo straty fotografi\u00ed, je pravidelne si ich z\u00e1lohova\u0165.<\/p>\n\n\n\n<p>Na bezpe\u010dn\u00e9 ukladanie obr\u00e1zkov pou\u017e\u00edvajte cloudov\u00e9 slu\u017eby, ako napr\u00edklad Fotky Google alebo iCloud.<\/p>\n\n\n\n<p>Zv\u00e1\u017ete tie\u017e pou\u017e\u00edvanie aplik\u00e1ci\u00ed na automatick\u00e9 z\u00e1lohovanie, ktor\u00e9 zabezpe\u010dia, \u017ee va\u0161e fotografie bud\u00fa chr\u00e1nen\u00e9 aj v pr\u00edpade poruchy zariadenia.<\/p>\n\n\n\n<h2 class=\"wp-block-heading\">4. Konajte r\u00fdchlo a obnovte fotografie \ud83d\ude80<\/h2>\n\n\n\n<p>Ak si uvedom\u00edte, \u017ee va\u0161e fotografie boli omylom vymazan\u00e9, konajte r\u00fdchlo! \u010c\u00edm sk\u00f4r podniknete kroky, t\u00fdm v\u00e4\u010d\u0161ia je \u0161anca na \u00faspe\u0161n\u00e9 obnovenie.<\/p>\n\n\n\n<p>Nepou\u017e\u00edvajte zariadenie na fotografovanie ani in\u0161tal\u00e1ciu aplik\u00e1ci\u00ed, preto\u017ee by to mohlo prep\u00edsa\u0165 straten\u00e9 \u00fadaje.<\/p>\n\n\n<div class=\"wp-block-image\">\n<figure class=\"aligncenter size-full\"><img loading=\"lazy\" decoding=\"async\" width=\"550\" height=\"350\" src=\"http:\/\/universofamilia.com\/wp-content\/uploads\/sites\/148\/2024\/05\/P-550x350-1-10.jpg\" alt=\"\" class=\"wp-image-6032\" srcset=\"http:\/\/universofamilia.com\/wp-content\/uploads\/sites\/148\/2024\/05\/P-550x350-1-10.jpg 550w, http:\/\/universofamilia.com\/wp-content\/uploads\/sites\/148\/2024\/05\/P-550x350-1-10-300x191.jpg 300w\" sizes=\"(max-width: 550px) 100vw, 550px\" \/><figcaption class=\"wp-element-caption\">Zabr\u00e1\u0148te strate spomienok<\/figcaption><\/figure><\/div>\n\n\n<h2 class=\"wp-block-heading\">5. Softv\u00e9r na obnovu fotografi\u00ed \ud83d\udee0\ufe0f<\/h2>\n\n\n\n<p>Existuje nieko\u013eko n\u00e1strojov, ktor\u00e9 v\u00e1m pom\u00f4\u017eu obnovi\u0165 straten\u00e9 fotografie.<\/p>\n\n\n\n<p>Ni\u017e\u0161ie s\u00fa uveden\u00e9 tri aplik\u00e1cie odpor\u00fa\u010dan\u00e9 pou\u017e\u00edvate\u013emi a odborn\u00edkmi:<\/p>\n\n\n\n<h3 class=\"wp-block-heading\">1. Obnova fotografi\u00ed pomocou DiskDigger<\/h3>\n\n\n\n<p>V\u010faka vynikaj\u00facim recenzi\u00e1m a intuit\u00edvnemu rozhraniu je DiskDigger ob\u013e\u00fabenou vo\u013ebou na obnovu straten\u00fdch fotografi\u00ed. Pou\u017e\u00edvatelia chv\u00e1lia jeho efektivitu a jednoduchos\u0165.<\/p>\n\n\n\n<h3 class=\"wp-block-heading\">2. Obnova fotografi\u00ed Recuva<\/h3>\n\n\n\n<p>Recuva je vysoko spo\u013eahliv\u00fd a pon\u00faka \u0161irok\u00fa \u0161k\u00e1lu funkci\u00ed obnovy. Pou\u017e\u00edvatelia chv\u00e1lia jeho schopnos\u0165 obnovi\u0165 fotografie z n\u00e1hodn\u00e9ho form\u00e1tovania a jeho u\u017e\u00edvate\u013esky pr\u00edvetiv\u00e9 rozhranie.<\/p>\n\n\n\n<h3 class=\"wp-block-heading\">3. EaseUS MobiSaver<\/h3>\n\n\n\n<p>V\u0161estrann\u00fd a v\u00fdkonn\u00fd program EaseUS MobiSaver dok\u00e1\u017ee obnovi\u0165 nielen fotografie, ale aj vide\u00e1 a \u010fal\u0161ie s\u00fabory. Pou\u017e\u00edvatelia si pochva\u013euj\u00fa jeho intuit\u00edvne rozhranie a bezprobl\u00e9mov\u00fd proces.<\/p>\n\n\n\n<h2 class=\"wp-block-heading\">Z\u00e1ver: Chr\u00e1\u0148te si svoje spomienky! \ud83d\udee1\ufe0f<\/h2>\n\n\n\n<p>Strata vz\u00e1cnych fotografi\u00ed m\u00f4\u017ee by\u0165 zni\u010duj\u00faca, ale so spr\u00e1vnymi opatreniami sa tejto no\u010dnej mori m\u00f4\u017eete vyhn\u00fa\u0165.<\/p>\n\n\n\n<p>V\u017edy nezabudnite robi\u0165 pravideln\u00e9 z\u00e1lohy a bu\u010fte pripraven\u00ed r\u00fdchlo kona\u0165 v pr\u00edpade straty.<\/p>\n\n\n\n<p>So spr\u00e1vnymi aplik\u00e1ciami bud\u00fa va\u0161e spomienky v\u017edy v bezpe\u010d\u00ed!<\/p>\n\n\n\n<h2 class=\"wp-block-heading\">\ud83d\udcf1 <strong>Odkazy na stiahnutie:<\/strong><\/h2>\n\n\n\n<ul>\n<li>DiskDigger: <a href=\"https:\/\/play.google.com\/store\/apps\/details?id=com.defianttech.diskdigger&amp;hl=en&amp;gl=US\" target=\"_blank\" rel=\"noreferrer noopener\">Android<\/a><\/li>\n\n\n\n<li>Recuva: <a href=\"https:\/\/drfone.wondershare.com\/recycle-bin-data\/recuva-iphone.html\" target=\"_blank\" rel=\"noreferrer noopener\">iOS<\/a><\/li>\n\n\n\n<li>EaseUS MobiSaver: <a href=\"https:\/\/play.google.com\/store\/apps\/details?id=com.easeus.mobisaver&amp;hl=en\" target=\"_blank\" rel=\"noreferrer noopener\">Android<\/a> \/ <a href=\"https:\/\/apps.apple.com\/us\/app\/easeus-data-recovery-wizard\/id740355970?mt=12\" target=\"_blank\" rel=\"noreferrer noopener\">iOS<\/a><\/li>\n<\/ul>\n\n\n\n<p>Nenechajte svoje spomienky strati\u0165 sa v \u010dase. Chr\u00e1\u0148te ich e\u0161te dnes! \ud83d\udcf8\u2728<\/p>","protected":false},"excerpt":{"rendered":"<p>Strata vz\u00e1cnych fotografi\u00ed z telef\u00f3nu je ako strata \u010dasti va\u0161ej hist\u00f3rie. Kto sa nec\u00edtil z\u00fafalo, \u017ee nedok\u00e1\u017ee n\u00e1js\u0165 ten v\u00fdnimo\u010dn\u00fd obr\u00e1zok? Ale nebojte sa! V tejto pr\u00edru\u010dke presk\u00famame najlep\u0161ie sp\u00f4soby, ako obnovi\u0165 straten\u00e9 fotografie a \u010do je d\u00f4le\u017eitej\u0161ie, ako zabr\u00e1ni\u0165 bud\u00facim strat\u00e1m. Za\u010dnime! 1. D\u00f4le\u017eitos\u0165 [\u2026]<\/p>","protected":false},"author":139,"featured_media":6032,"comment_status":"closed","ping_status":"open","sticky":false,"template":"","format":"standard","meta":{"footnotes":""},"categories":[2],"tags":[110,151,848],"yoast_head":"<!-- This site is optimized with the Yoast SEO plugin v23.3 - https:\/\/yoast.com\/wordpress\/plugins\/seo\/ -->\n<title>Evita perder tus recuerdos - Universo Fam\u00edlia<\/title>\n<meta name=\"description\" content=\"Evita perder tus recuerdos. Perder fotos preciosas del celular es como perder un pedacito de nuestra historia....\" \/>\n<meta name=\"robots\" content=\"index, follow, max-snippet:-1, max-image-preview:large, max-video-preview:-1\" \/>\n<link rel=\"canonical\" href=\"http:\/\/universofamilia.com\/sk\/\u09a4\u09cb\u09ae\u09be\u09b0-\u09b8\u09cd\u09ae\u09c3\u09a4\u09bf-\u09b9\u09be\u09b0\u09be\u09a8\u09cb-\u098f\u09a1\u09bc\u09bf\/\" \/>\n<meta property=\"og:locale\" content=\"sk_SK\" \/>\n<meta property=\"og:type\" content=\"article\" \/>\n<meta property=\"og:title\" content=\"Evita perder tus recuerdos - Universo Fam\u00edlia\" \/>\n<meta property=\"og:description\" content=\"Evita perder tus recuerdos. Perder fotos preciosas del celular es como perder un pedacito de nuestra historia....\" \/>\n<meta property=\"og:url\" content=\"http:\/\/universofamilia.com\/sk\/\u09a4\u09cb\u09ae\u09be\u09b0-\u09b8\u09cd\u09ae\u09c3\u09a4\u09bf-\u09b9\u09be\u09b0\u09be\u09a8\u09cb-\u098f\u09a1\u09bc\u09bf\/\" \/>\n<meta property=\"og:site_name\" content=\"Universo Fam\u00edlia\" \/>\n<meta property=\"article:published_time\" content=\"2024-05-28T19:22:49+00:00\" \/>\n<meta property=\"article:modified_time\" content=\"2025-01-29T01:18:14+00:00\" \/>\n<meta property=\"og:image\" content=\"http:\/\/universofamilia.com\/wp-content\/uploads\/sites\/148\/2024\/05\/P-550x350-1-10.jpg\" \/>\n\t<meta property=\"og:image:width\" content=\"550\" \/>\n\t<meta property=\"og:image:height\" content=\"350\" \/>\n\t<meta property=\"og:image:type\" content=\"image\/jpeg\" \/>\n<meta name=\"author\" content=\"Pedro Henrique\" \/>\n<meta name=\"twitter:card\" content=\"summary_large_image\" \/>\n<meta name=\"twitter:label1\" content=\"Written by\" \/>\n\t<meta name=\"twitter:data1\" content=\"Pedro Henrique\" \/>\n\t<meta name=\"twitter:label2\" content=\"Est. reading time\" \/>\n\t<meta name=\"twitter:data2\" content=\"4 min\u00faty\" \/>\n<script type=\"application\/ld+json\" class=\"yoast-schema-graph\">{\"@context\":\"https:\/\/schema.org\",\"@graph\":[{\"@type\":\"WebPage\",\"@id\":\"http:\/\/universofamilia.com\/bn\/\u09a4\u09cb\u09ae\u09be\u09b0-\u09b8\u09cd\u09ae\u09c3\u09a4\u09bf-\u09b9\u09be\u09b0\u09be\u09a8\u09cb-\u098f\u09a1\u09bc\u09bf\/\",\"url\":\"http:\/\/universofamilia.com\/bn\/\u09a4\u09cb\u09ae\u09be\u09b0-\u09b8\u09cd\u09ae\u09c3\u09a4\u09bf-\u09b9\u09be\u09b0\u09be\u09a8\u09cb-\u098f\u09a1\u09bc\u09bf\/\",\"name\":\"Evita perder tus recuerdos - Universo Fam\u00edlia\",\"isPartOf\":{\"@id\":\"https:\/\/universofamilia.com\/el\/#website\"},\"primaryImageOfPage\":{\"@id\":\"http:\/\/universofamilia.com\/bn\/\u09a4\u09cb\u09ae\u09be\u09b0-\u09b8\u09cd\u09ae\u09c3\u09a4\u09bf-\u09b9\u09be\u09b0\u09be\u09a8\u09cb-\u098f\u09a1\u09bc\u09bf\/#primaryimage\"},\"image\":{\"@id\":\"http:\/\/universofamilia.com\/bn\/\u09a4\u09cb\u09ae\u09be\u09b0-\u09b8\u09cd\u09ae\u09c3\u09a4\u09bf-\u09b9\u09be\u09b0\u09be\u09a8\u09cb-\u098f\u09a1\u09bc\u09bf\/#primaryimage\"},\"thumbnailUrl\":\"http:\/\/universofamilia.com\/wp-content\/uploads\/sites\/148\/2024\/05\/P-550x350-1-10.jpg\",\"datePublished\":\"2024-05-28T19:22:49+00:00\",\"dateModified\":\"2025-01-29T01:18:14+00:00\",\"author\":{\"@id\":\"https:\/\/universofamilia.com\/el\/#\/schema\/person\/f07ce98187dd84d31154262e79b3b7ca\"},\"description\":\"Evita perder tus recuerdos. Perder fotos preciosas del celular es como perder un pedacito de nuestra historia....\",\"breadcrumb\":{\"@id\":\"http:\/\/universofamilia.com\/bn\/\u09a4\u09cb\u09ae\u09be\u09b0-\u09b8\u09cd\u09ae\u09c3\u09a4\u09bf-\u09b9\u09be\u09b0\u09be\u09a8\u09cb-\u098f\u09a1\u09bc\u09bf\/#breadcrumb\"},\"inLanguage\":\"sk-SK\",\"potentialAction\":[{\"@type\":\"ReadAction\",\"target\":[\"http:\/\/universofamilia.com\/bn\/\u09a4\u09cb\u09ae\u09be\u09b0-\u09b8\u09cd\u09ae\u09c3\u09a4\u09bf-\u09b9\u09be\u09b0\u09be\u09a8\u09cb-\u098f\u09a1\u09bc\u09bf\/\"]}]},{\"@type\":\"ImageObject\",\"inLanguage\":\"sk-SK\",\"@id\":\"http:\/\/universofamilia.com\/bn\/\u09a4\u09cb\u09ae\u09be\u09b0-\u09b8\u09cd\u09ae\u09c3\u09a4\u09bf-\u09b9\u09be\u09b0\u09be\u09a8\u09cb-\u098f\u09a1\u09bc\u09bf\/#primaryimage\",\"url\":\"http:\/\/universofamilia.com\/wp-content\/uploads\/sites\/148\/2024\/05\/P-550x350-1-10.jpg\",\"contentUrl\":\"http:\/\/universofamilia.com\/wp-content\/uploads\/sites\/148\/2024\/05\/P-550x350-1-10.jpg\",\"width\":550,\"height\":350,\"caption\":\"Evita perder tus recuerdos\"},{\"@type\":\"BreadcrumbList\",\"@id\":\"http:\/\/universofamilia.com\/bn\/\u09a4\u09cb\u09ae\u09be\u09b0-\u09b8\u09cd\u09ae\u09c3\u09a4\u09bf-\u09b9\u09be\u09b0\u09be\u09a8\u09cb-\u098f\u09a1\u09bc\u09bf\/#breadcrumb\",\"itemListElement\":[{\"@type\":\"ListItem\",\"position\":1,\"name\":\"Home\",\"item\":\"https:\/\/universofamilia.com\/el\/\"},{\"@type\":\"ListItem\",\"position\":2,\"name\":\"Evita perder tus recuerdos\"}]},{\"@type\":\"WebSite\",\"@id\":\"https:\/\/universofamilia.com\/el\/#website\",\"url\":\"https:\/\/universofamilia.com\/el\/\",\"name\":\"Universo Fam\u00edlia\",\"description\":\"\",\"potentialAction\":[{\"@type\":\"SearchAction\",\"target\":{\"@type\":\"EntryPoint\",\"urlTemplate\":\"https:\/\/universofamilia.com\/el\/?s={search_term_string}\"},\"query-input\":\"required name=search_term_string\"}],\"inLanguage\":\"sk-SK\"},{\"@type\":\"Person\",\"@id\":\"https:\/\/universofamilia.com\/el\/#\/schema\/person\/f07ce98187dd84d31154262e79b3b7ca\",\"name\":\"Pedro Henrique\",\"image\":{\"@type\":\"ImageObject\",\"inLanguage\":\"sk-SK\",\"@id\":\"https:\/\/universofamilia.com\/el\/#\/schema\/person\/image\/\",\"url\":\"http:\/\/0.gravatar.com\/avatar\/9edfeb808cb4e1599f64d6e45b130154?s=96&d=mm&r=g\",\"contentUrl\":\"http:\/\/0.gravatar.com\/avatar\/9edfeb808cb4e1599f64d6e45b130154?s=96&d=mm&r=g\",\"caption\":\"Pedro Henrique\"},\"url\":\"http:\/\/universofamilia.com\/sk\/author\/editor01\/\"}]}<\/script>\n<!-- \/ Yoast SEO plugin. -->","yoast_head_json":{"title":"Evita perder tus recuerdos - Universo Fam\u00edlia","description":"Evita perder tus recuerdos. Perder fotos preciosas del celular es como perder un pedacito de nuestra historia....","robots":{"index":"index","follow":"follow","max-snippet":"max-snippet:-1","max-image-preview":"max-image-preview:large","max-video-preview":"max-video-preview:-1"},"canonical":"http:\/\/universofamilia.com\/sk\/\u09a4\u09cb\u09ae\u09be\u09b0-\u09b8\u09cd\u09ae\u09c3\u09a4\u09bf-\u09b9\u09be\u09b0\u09be\u09a8\u09cb-\u098f\u09a1\u09bc\u09bf\/","og_locale":"sk_SK","og_type":"article","og_title":"Evita perder tus recuerdos - Universo Fam\u00edlia","og_description":"Evita perder tus recuerdos. Perder fotos preciosas del celular es como perder un pedacito de nuestra historia....","og_url":"http:\/\/universofamilia.com\/sk\/\u09a4\u09cb\u09ae\u09be\u09b0-\u09b8\u09cd\u09ae\u09c3\u09a4\u09bf-\u09b9\u09be\u09b0\u09be\u09a8\u09cb-\u098f\u09a1\u09bc\u09bf\/","og_site_name":"Universo Fam\u00edlia","article_published_time":"2024-05-28T19:22:49+00:00","article_modified_time":"2025-01-29T01:18:14+00:00","og_image":[{"width":550,"height":350,"url":"http:\/\/universofamilia.com\/wp-content\/uploads\/sites\/148\/2024\/05\/P-550x350-1-10.jpg","type":"image\/jpeg"}],"author":"Pedro Henrique","twitter_card":"summary_large_image","twitter_misc":{"Written by":"Pedro Henrique","Est. reading time":"4 min\u00faty"},"schema":{"@context":"https:\/\/schema.org","@graph":[{"@type":"WebPage","@id":"http:\/\/universofamilia.com\/bn\/\u09a4\u09cb\u09ae\u09be\u09b0-\u09b8\u09cd\u09ae\u09c3\u09a4\u09bf-\u09b9\u09be\u09b0\u09be\u09a8\u09cb-\u098f\u09a1\u09bc\u09bf\/","url":"http:\/\/universofamilia.com\/bn\/\u09a4\u09cb\u09ae\u09be\u09b0-\u09b8\u09cd\u09ae\u09c3\u09a4\u09bf-\u09b9\u09be\u09b0\u09be\u09a8\u09cb-\u098f\u09a1\u09bc\u09bf\/","name":"Evita perder tus recuerdos - Universo Fam\u00edlia","isPartOf":{"@id":"https:\/\/universofamilia.com\/el\/#website"},"primaryImageOfPage":{"@id":"http:\/\/universofamilia.com\/bn\/\u09a4\u09cb\u09ae\u09be\u09b0-\u09b8\u09cd\u09ae\u09c3\u09a4\u09bf-\u09b9\u09be\u09b0\u09be\u09a8\u09cb-\u098f\u09a1\u09bc\u09bf\/#primaryimage"},"image":{"@id":"http:\/\/universofamilia.com\/bn\/\u09a4\u09cb\u09ae\u09be\u09b0-\u09b8\u09cd\u09ae\u09c3\u09a4\u09bf-\u09b9\u09be\u09b0\u09be\u09a8\u09cb-\u098f\u09a1\u09bc\u09bf\/#primaryimage"},"thumbnailUrl":"http:\/\/universofamilia.com\/wp-content\/uploads\/sites\/148\/2024\/05\/P-550x350-1-10.jpg","datePublished":"2024-05-28T19:22:49+00:00","dateModified":"2025-01-29T01:18:14+00:00","author":{"@id":"https:\/\/universofamilia.com\/el\/#\/schema\/person\/f07ce98187dd84d31154262e79b3b7ca"},"description":"Evita perder tus recuerdos. Perder fotos preciosas del celular es como perder un pedacito de nuestra historia....","breadcrumb":{"@id":"http:\/\/universofamilia.com\/bn\/\u09a4\u09cb\u09ae\u09be\u09b0-\u09b8\u09cd\u09ae\u09c3\u09a4\u09bf-\u09b9\u09be\u09b0\u09be\u09a8\u09cb-\u098f\u09a1\u09bc\u09bf\/#breadcrumb"},"inLanguage":"sk-SK","potentialAction":[{"@type":"ReadAction","target":["http:\/\/universofamilia.com\/bn\/\u09a4\u09cb\u09ae\u09be\u09b0-\u09b8\u09cd\u09ae\u09c3\u09a4\u09bf-\u09b9\u09be\u09b0\u09be\u09a8\u09cb-\u098f\u09a1\u09bc\u09bf\/"]}]},{"@type":"ImageObject","inLanguage":"sk-SK","@id":"http:\/\/universofamilia.com\/bn\/\u09a4\u09cb\u09ae\u09be\u09b0-\u09b8\u09cd\u09ae\u09c3\u09a4\u09bf-\u09b9\u09be\u09b0\u09be\u09a8\u09cb-\u098f\u09a1\u09bc\u09bf\/#primaryimage","url":"http:\/\/universofamilia.com\/wp-content\/uploads\/sites\/148\/2024\/05\/P-550x350-1-10.jpg","contentUrl":"http:\/\/universofamilia.com\/wp-content\/uploads\/sites\/148\/2024\/05\/P-550x350-1-10.jpg","width":550,"height":350,"caption":"Evita perder tus recuerdos"},{"@type":"BreadcrumbList","@id":"http:\/\/universofamilia.com\/bn\/\u09a4\u09cb\u09ae\u09be\u09b0-\u09b8\u09cd\u09ae\u09c3\u09a4\u09bf-\u09b9\u09be\u09b0\u09be\u09a8\u09cb-\u098f\u09a1\u09bc\u09bf\/#breadcrumb","itemListElement":[{"@type":"ListItem","position":1,"name":"Home","item":"https:\/\/universofamilia.com\/el\/"},{"@type":"ListItem","position":2,"name":"Evita perder tus recuerdos"}]},{"@type":"WebSite","@id":"https:\/\/universofamilia.com\/el\/#website","url":"https:\/\/universofamilia.com\/el\/","name":"Universo Fam\u00edlia","description":"","potentialAction":[{"@type":"SearchAction","target":{"@type":"EntryPoint","urlTemplate":"https:\/\/universofamilia.com\/el\/?s={search_term_string}"},"query-input":"required name=search_term_string"}],"inLanguage":"sk-SK"},{"@type":"Person","@id":"https:\/\/universofamilia.com\/el\/#\/schema\/person\/f07ce98187dd84d31154262e79b3b7ca","name":"Pedro Henrique","image":{"@type":"ImageObject","inLanguage":"sk-SK","@id":"https:\/\/universofamilia.com\/el\/#\/schema\/person\/image\/","url":"http:\/\/0.gravatar.com\/avatar\/9edfeb808cb4e1599f64d6e45b130154?s=96&d=mm&r=g","contentUrl":"http:\/\/0.gravatar.com\/avatar\/9edfeb808cb4e1599f64d6e45b130154?s=96&d=mm&r=g","caption":"Pedro Henrique"},"url":"http:\/\/universofamilia.com\/sk\/author\/editor01\/"}]}},"_links":{"self":[{"href":"http:\/\/universofamilia.com\/sk\/wp-json\/wp\/v2\/posts\/6031"}],"collection":[{"href":"http:\/\/universofamilia.com\/sk\/wp-json\/wp\/v2\/posts"}],"about":[{"href":"http:\/\/universofamilia.com\/sk\/wp-json\/wp\/v2\/types\/post"}],"author":[{"embeddable":true,"href":"http:\/\/universofamilia.com\/sk\/wp-json\/wp\/v2\/users\/139"}],"replies":[{"embeddable":true,"href":"http:\/\/universofamilia.com\/sk\/wp-json\/wp\/v2\/comments?post=6031"}],"version-history":[{"count":1,"href":"http:\/\/universofamilia.com\/sk\/wp-json\/wp\/v2\/posts\/6031\/revisions"}],"predecessor-version":[{"id":8464,"href":"http:\/\/universofamilia.com\/sk\/wp-json\/wp\/v2\/posts\/6031\/revisions\/8464"}],"wp:featuredmedia":[{"embeddable":true,"href":"http:\/\/universofamilia.com\/sk\/wp-json\/wp\/v2\/media\/6032"}],"wp:attachment":[{"href":"http:\/\/universofamilia.com\/sk\/wp-json\/wp\/v2\/media?parent=6031"}],"wp:term":[{"taxonomy":"category","embeddable":true,"href":"http:\/\/universofamilia.com\/sk\/wp-json\/wp\/v2\/categories?post=6031"},{"taxonomy":"post_tag","embeddable":true,"href":"http:\/\/universofamilia.com\/sk\/wp-json\/wp\/v2\/tags?post=6031"}],"curies":[{"name":"wp","href":"https:\/\/api.w.org\/{rel}","templated":true}]}}