{"id":9186,"date":"2025-04-02T20:40:24","date_gmt":"2025-04-02T20:40:24","guid":{"rendered":"https:\/\/universofamilia.com\/?p=9186"},"modified":"2025-10-13T22:06:25","modified_gmt":"2025-10-14T01:06:25","slug":"aplicativo-para-leer-y-escuchar-la-biblia-catolica","status":"publish","type":"post","link":"http:\/\/universofamilia.com\/sk\/aplicativo-para-leer-y-escuchar-la-biblia-catolica\/","title":{"rendered":"Aplik\u00e1cia na \u010d\u00edtanie a po\u010d\u00favanie katol\u00edckej Biblie"},"content":{"rendered":"<h5 class=\"wp-block-heading has-text-align-center\"><strong>Vezmite si so sebou Bo\u017eie slovo<\/strong><\/h5>\n\n\n\n<p><\/p>\n\n\n\n<h4 class=\"wp-block-heading has-text-align-center\"><mark class=\"has-inline-color has-vivid-cyan-blue-color\">\u010co h\u013ead\u00e1\u0161?<\/mark><\/h4>\n\n\n    <section class=\"mx-1 my-10\">\n                                                <a href=\"http:\/\/universofamilia.com\/sk\/la-aplicacion-mas-completa-de-la-biblia-catolica-conoce-laudate\/\" class=\"text-white\" data-analytics-label=\"optionsButton\"\n                    data-action=\"analytics#trackCTA\">\n                    <div data-options-target=\"option\"\n                        class=\"custom-section rounded-xl border p-3 shadow-md w-full bg-green-700 my-3\">\n                        <div class=\"flex w-full items-center justify-between\">\n                            <div class=\"flex items-center space-x-3\">\n                                <div class=\"text-lg font-bold\">\n                                    Katol\u00edcka Biblia \u279d\n                                <\/div>\n                            <\/div>\n                        <\/div>\n                    <\/div>\n                <\/a>\n                                                            <a href=\"http:\/\/universofamilia.com\/sk\/biblia-ave-maria\/\" class=\"text-white\" data-analytics-label=\"optionsButton\"\n                    data-action=\"analytics#trackCTA\">\n                    <div data-options-target=\"option\"\n                        class=\"custom-section rounded-xl border p-3 shadow-md w-full bg-green-700 my-3\">\n                        <div class=\"flex w-full items-center justify-between\">\n                            <div class=\"flex items-center space-x-3\">\n                                <div class=\"text-lg font-bold\">\n                                    Biblia Zdravas M\u00e1ria \u279d\n                                <\/div>\n                            <\/div>\n                        <\/div>\n                    <\/div>\n                <\/a>\n                                                            <a href=\"http:\/\/universofamilia.com\/sk\/la-aplicacion-de-la-biblia-esencial-para-la-vida\/\" class=\"text-white\" data-analytics-label=\"optionsButton\"\n                    data-action=\"analytics#trackCTA\">\n                    <div data-options-target=\"option\"\n                        class=\"custom-section rounded-xl border p-3 shadow-md w-full bg-green-700 my-3\">\n                        <div class=\"flex w-full items-center justify-between\">\n                            <div class=\"flex items-center space-x-3\">\n                                <div class=\"text-lg font-bold\">\n                                    \u0160t\u00fadium katol\u00edckej Biblie \u279d\n                                <\/div>\n                            <\/div>\n                        <\/div>\n                    <\/div>\n                <\/a>\n                            <p class=\"text-xs text-gray-500 text-right hidden\"\n            style=\"margin-left: 50%; margin-bottom: 50px; margin-top: 5px;\">\n            <!-- You will be redirected to another website -->\n        <\/p>\n    <\/section>\n\n\n\n\n<p><\/p>\n\n\n\n<h3 class=\"wp-block-heading\">Objavte nov\u00fd sp\u00f4sob, ako sa spoji\u0165 so svojou vierou<\/h3>\n\n\n\n<p><strong>Aplik\u00e1cia na \u010d\u00edtanie a po\u010d\u00favanie katol\u00edckej Biblie<\/strong>Tento n\u00e1stroj zmenil sp\u00f4sob, ak\u00fdm mili\u00f3ny \u013eud\u00ed pristupuj\u00fa k Slovu.<\/p>\n\n\n\n    <div class=\"d-sm-block py-3 mx-auto px-3 mb-3\"\n        style=\"border-top: 1px solid rgb(204, 204, 204); border-bottom: 1px solid rgb(204, 204, 204);\">\n        <div class=\"text-center mb-4\">\n            <h6 class=\"pt-3 text-center text-gray-900 text-2xl title-font font-medium mb-12\">Najlep\u0161ie aplik\u00e1cie pre katol\u00edcku Bibliu<\/h6>\n        <\/div>\n        <div class=\"row\">\n            <div class=\"col-lg-5 col-md-5 col-sm-12 mb-4 mb-lg-0\">\n                <img decoding=\"async\" alt=\"karta\" style=\"height: 190px; object-fit: cover;\"\n                    class=\"w-100 h-100 object-cover object-center rounded border\" src=\"http:\/\/universofamilia.com\/wp-content\/uploads\/sites\/148\/2025\/02\/POST-PARA-APP-ARTIGO-1-1.jpg\">\n            <\/div>\n            <div class=\"col-lg-7 col-md-7 col-sm-12 d-flex flex-column justify-content-between\">\n                <h3 class=\"text-gray-900 text-3xl title-font font-medium mb-1\"><\/h3>\n\n                                <div class=\"d-block text-justify py-3\">Z\u00edskajte pr\u00edstup k Bo\u017eiemu slovu kedyko\u013evek a kdeko\u013evek s najlep\u0161ou katol\u00edckou biblickou aplik\u00e1ciou. V\u010faka mo\u017enostiam \u010d\u00edtania a po\u010d\u00favania Biblie v\u00e1m tento n\u00e1stroj u\u013eah\u010duje spojenie s Bohom prostredn\u00edctvom denn\u00fdch biblick\u00fdch pas\u00e1\u017e\u00ed, duchovn\u00fdch \u00favah a \u010ditate\u013esk\u00fdch pl\u00e1nov.<\/div>\n                <div class=\"mt-auto d-flex flex-column align-items-end\">\n                    <a class=\"d-inline-block text-center text-white border-0 py-2 px-8 text-lg focus:outline-none rounded bg-green-700 hover:bg-green-800 btn-block\"\n                        href=\"http:\/\/universofamilia.com\/sk\/aplicaciones-para-leer-y-escuchar-la-biblia-catolica\/\"                         data-analytics-label=\"landingPageFirstButton\" data-action=\"analytics#trackCTA\">\n                        CHCEM VEDIE\u0164 VIAC                    <\/a>\n                                            <div class=\"text-xs text-muted mt-3 d-block col-12 text-center\">Zostanete na tom istom mieste<\/div>\n                                    <\/div>\n            <\/div>\n        <\/div>\n    <\/div>\n\n\n\n<p>Chceli by ste ma\u0165 Bibliu v\u017edy po ruke bez toho, aby ste ju nosili \u0165a\u017ek\u00fa?<a href=\"http:\/\/universofamilia.com\/sk\/la-aplicacion-mas-completa-de-la-biblia-catolica-conoce-laudate\/\">?<\/a><\/p>\n\n\n\n<p>M\u00e1te probl\u00e9m n\u00e1js\u0165 si \u010das alebo s\u00fastredi\u0165 sa na to, aby ste si to pre\u010d\u00edtali?<\/p>\n\n\n\n<p>Dnes v\u00e1m predstavujem praktick\u00e9, jednoduch\u00e9 a bezplatn\u00e9 rie\u0161enie.<\/p>\n\n\n\n<p>U\u017e nemus\u00edte by\u0165 technick\u00fd expert ani ma\u0165 ve\u013ea vo\u013en\u00e9ho \u010dasu.<\/p>\n\n\n\n<p>S t\u00fdmito <strong>Aplik\u00e1cie na \u010d\u00edtanie a po\u010d\u00favanie Biblie<\/strong>K Bohu sa m\u00f4\u017eete pribl\u00ed\u017ei\u0165 kdeko\u013evek. A to najlep\u0161ie: len nieko\u013ek\u00fdmi klepnutiami na telef\u00f3ne.<\/p>\n\n\n\n<p><\/p>\n\n\n\n<hr class=\"wp-block-separator has-alpha-channel-opacity is-style-wide\" \/>\n\n\n\n<h4 class=\"wp-block-heading has-text-align-center\"><strong><mark class=\"has-inline-color has-luminous-vivid-orange-color\">Pre\u010d\u00edtajte si tie\u017e<\/mark><\/strong><\/h4>\n\n\n    <section class=\"mx-1 my-10\">\n                                                <a href=\"http:\/\/universofamilia.com\/sk\/azijske-lp-filmy\/\" class=\"text-white\" data-analytics-label=\"optionsButton\"\n                    data-action=\"analytics#trackCTA\">\n                    <div data-options-target=\"option\"\n                        class=\"custom-section rounded-xl border p-3 shadow-md w-full bg-green-700 my-3\">\n                        <div class=\"flex w-full items-center justify-between\">\n                            <div class=\"flex items-center space-x-3\">\n                                <div class=\"text-lg font-bold\">\n                                    Aplik\u00e1cia na sledovanie k\u00f3rejsk\u00fdch dr\u00e1m \u279d\n                                <\/div>\n                            <\/div>\n                        <\/div>\n                    <\/div>\n                <\/a>\n                                                            <a href=\"http:\/\/universofamilia.com\/sk\/lp-recuperar-fotos\/\" class=\"text-white\" data-analytics-label=\"optionsButton\"\n                    data-action=\"analytics#trackCTA\">\n                    <div data-options-target=\"option\"\n                        class=\"custom-section rounded-xl border p-3 shadow-md w-full bg-green-700 my-3\">\n                        <div class=\"flex w-full items-center justify-between\">\n                            <div class=\"flex items-center space-x-3\">\n                                <div class=\"text-lg font-bold\">\n                                    Obnovte vymazan\u00e9 fotografie pomocou tejto aplik\u00e1cie!  \u279d\n                                <\/div>\n                            <\/div>\n                        <\/div>\n                    <\/div>\n                <\/a>\n                                                            <a href=\"http:\/\/universofamilia.com\/sk\/laska-na-jedno-kliknutie\/\" class=\"text-white\" data-analytics-label=\"optionsButton\"\n                    data-action=\"analytics#trackCTA\">\n                    <div data-options-target=\"option\"\n                        class=\"custom-section rounded-xl border p-3 shadow-md w-full bg-green-700 my-3\">\n                        <div class=\"flex w-full items-center justify-between\">\n                            <div class=\"flex items-center space-x-3\">\n                                <div class=\"text-lg font-bold\">\n                                    Objavte zoznamovaciu aplik\u00e1ciu, ktor\u00e1 je pre v\u00e1s t\u00e1 prav\u00e1 \u279d\n                                <\/div>\n                            <\/div>\n                        <\/div>\n                    <\/div>\n                <\/a>\n                            <p class=\"text-xs text-gray-500 text-right hidden\"\n            style=\"margin-left: 50%; margin-bottom: 50px; margin-top: 5px;\">\n            <!-- You will be redirected to another website -->\n        <\/p>\n    <\/section>\n\n\n\n\n<p class=\"has-text-align-right\"><em><strong><em><strong><em><strong><em><strong><em><strong>Zostane na rovnakom mieste!<\/strong><\/em><\/strong><\/em><\/strong><\/em><\/strong><\/em><\/strong><\/em><\/p>\n\n\n\n<hr class=\"wp-block-separator has-alpha-channel-opacity is-style-wide\" \/>\n\n\n\n<p><\/p>\n\n\n\n<h2 class=\"wp-block-heading\">Pre\u010do pou\u017e\u00edva\u0165 aplik\u00e1ciu na \u010d\u00edtanie a po\u010d\u00favanie katol\u00edckej Biblie?<\/h2>\n\n\n\n<h3 class=\"wp-block-heading\">Technol\u00f3gia m\u00f4\u017ee by\u0165 aj duchovn\u00e1<\/h3>\n\n\n\n<p>Niekedy si mysl\u00edme, \u017ee na\u0161e mobiln\u00e9 telef\u00f3ny s\u00fa dobr\u00e9 len na soci\u00e1lne siete alebo z\u00e1bavu. M\u00f4\u017eu v\u0161ak by\u0165 aj mostom k viere. <strong>Katol\u00edcka \u017eiados\u0165<\/strong> v\u00e1m m\u00f4\u017ee pom\u00f4c\u0165:<\/p>\n\n\n\n<ul>\n<li><strong>Pre\u010d\u00edtajte si cel\u00fa Bibliu<\/strong> s jasn\u00fdm rukopisom a spo\u013eahliv\u00fdmi prekladmi.<\/li>\n\n\n\n<li><strong>Vypo\u010dujte si audio kapitoly<\/strong>, aj so zatvoren\u00fdmi o\u010dami.<\/li>\n\n\n\n<li><strong>Modlite sa denne<\/strong> s pobo\u017enos\u0165ami a in\u0161pirat\u00edvnymi ver\u0161mi.<\/li>\n\n\n\n<li><strong>Denn\u00e9 pripomienky<\/strong>, aby si nezabudol na svoj okamih s Bohom.<\/li>\n<\/ul>\n\n\n\n<h3 class=\"wp-block-heading\">V\u00fdhody pre v\u0161etky vekov\u00e9 kateg\u00f3rie<\/h3>\n\n\n\n<p>M\u00e1te viac ako 50 rokov? Ste mlad\u00fd\/\u00e1, ale m\u00e1te m\u00e1lo vo\u013en\u00e9ho \u010dasu? Nevad\u00ed. Tieto aplik\u00e1cie s\u00fa ur\u010den\u00e9 pre ka\u017ed\u00e9ho:<\/p>\n\n\n\n<ul>\n<li>Ve\u013ek\u00e9 p\u00edsmen\u00e1 pre v\u00e4\u010d\u0161ie pohodlie.<\/li>\n\n\n\n<li>Intuit\u00edvna a jednoduch\u00e1 navig\u00e1cia.<\/li>\n\n\n\n<li>\u010cist\u00fd zvuk s priate\u013esk\u00fdmi hlasmi.<\/li>\n\n\n\n<li>Mo\u017enos\u0165 ulo\u017eenia va\u0161ich ob\u013e\u00faben\u00fdch pas\u00e1\u017e\u00ed.<\/li>\n<\/ul>\n\n\n\n<h3 class=\"wp-block-heading\">Noste vieru vo vrecku<\/h3>\n\n\n\n<p>Predstavte si, \u017ee si m\u00f4\u017eete otvori\u0165 Bibliu po\u010das \u010dakania v rade, jazdy autobusom alebo prest\u00e1vky. Nemus\u00edte nosi\u0165 \u0165a\u017ek\u00e9 knihy. Biblia je v\u017edy s vami.<\/p>\n\n\n\n<h2 class=\"wp-block-heading\">3 najlep\u0161ie aplik\u00e1cie na \u010d\u00edtanie a po\u010d\u00favanie katol\u00edckej Biblie<\/h2>\n\n\n\n<p>Po anal\u00fdze popularity, hodnoten\u00ed a pou\u017e\u00edvate\u013eskej sk\u00fasenosti sme vybrali <strong>3 najlep\u0161ie aplik\u00e1cie dostupn\u00e9 v Obchode Play<\/strong>.<\/p>\n\n\n\n<h3 class=\"wp-block-heading\">Katol\u00edcka audio Biblia<\/h3>\n\n\n\n<p>Jedna z najkomplexnej\u0161\u00edch a vysoko cenen\u00fdch aplik\u00e1ci\u00ed medzi katol\u00edckymi veriacimi. Jej hlavnou v\u00fdhodou je <strong>\u010d\u00edtanie a zvuk bez internetov\u00e9ho pripojenia<\/strong>.<\/p>\n\n\n\n<p><strong>K\u013e\u00fa\u010dov\u00e9 vlastnosti:<\/strong><\/p>\n\n\n\n<ul>\n<li>Ofici\u00e1lny katol\u00edcky preklad.<\/li>\n\n\n\n<li>Zvuky s jasn\u00fdm a pomal\u00fdm rozpr\u00e1van\u00edm.<\/li>\n\n\n\n<li>Pl\u00e1ny \u010d\u00edtania na 7, 30 alebo 90 dn\u00ed.<\/li>\n\n\n\n<li>No\u010dn\u00fd re\u017eim, aby sa predi\u0161lo nam\u00e1haniu o\u010d\u00ed.<\/li>\n\n\n\n<li>Z\u00e1lo\u017eky, pozn\u00e1mky a zv\u00fdraz\u0148ovanie ver\u0161ov.<\/li>\n<\/ul>\n\n\n\n<p>Ide\u00e1lne pre t\u00fdch, ktor\u00ed chc\u00fa preh\u013abi\u0165 svoju vieru bez komplik\u00e1ci\u00ed.<\/p>\n\n\n\n<h3 class=\"wp-block-heading\">Sv\u00e4t\u00e1 katol\u00edcka Biblia<\/h3>\n\n\n\n<p>Ve\u013emi jednoduch\u00e9 pou\u017e\u00edvanie s rozhran\u00edm navrhnut\u00fdm pre star\u0161\u00edch \u013eud\u00ed alebo osoby s obmedzen\u00fdmi digit\u00e1lnymi sk\u00fasenos\u0165ami. Jeho siln\u00e1 str\u00e1nka: <strong>ver\u0161e d\u0148a s kr\u00e1tkymi zamysleniami<\/strong>.<\/p>\n\n\n\n<p><strong>\u010co sa pou\u017e\u00edvate\u013eom najviac p\u00e1\u010di:<\/strong><\/p>\n\n\n\n<ul>\n<li>Navig\u00e1cia pod\u013ea knihy, kapitoly a ver\u0161a.<\/li>\n\n\n\n<li>Zvukov\u00e1 funkcia pre ka\u017ed\u00fa kapitolu.<\/li>\n\n\n\n<li>Denn\u00e9 \u00favahy v texte a hlase.<\/li>\n\n\n\n<li>M\u00f4\u017eete jednoducho zdie\u013ea\u0165 na WhatsApp.<\/li>\n<\/ul>\n\n\n\n<p>Ide\u00e1lne na za\u010datie denn\u00e9ho \u010d\u00edtania Biblie.<\/p>\n\n\n\n<h3 class=\"wp-block-heading\">Latinskoamerick\u00e1 katol\u00edcka Biblia<\/h3>\n\n\n\n<p>Navrhnut\u00e9 \u0161peci\u00e1lne pre pou\u017e\u00edvate\u013eov v Latinskej Amerike. Pou\u017e\u00edva preklad, ktor\u00fd mnoh\u00ed poznaj\u00fa z nede\u013en\u00fdch om\u0161\u00ed.<\/p>\n\n\n\n<p><strong>Jedine\u010dn\u00e9 v\u00fdhody:<\/strong><\/p>\n\n\n\n<ul>\n<li>Preklad <a href=\"https:\/\/biblia-catolica-latinoamericana-completa.br.uptodown.com\/android\">Latinskoamerick\u00fd <\/a>(CELAM).<\/li>\n\n\n\n<li>Dramatick\u00e9 audio \u010d\u00edtanie: hlasy a prostredie.<\/li>\n\n\n\n<li>Denn\u00e9 upozornenia, aby ste nezabudli na svoje \u010d\u00edtanie.<\/li>\n\n\n\n<li>Vr\u00e1tane katol\u00edckych pobo\u017enost\u00ed.<\/li>\n<\/ul>\n\n\n\n<p>Odpor\u00fa\u010da sa pre t\u00fdch, ktor\u00ed h\u013eadaj\u00fa hlbok\u00e9 citov\u00e9 puto.<\/p>\n\n\n\n<p><\/p>\n\n\n\n<hr class=\"wp-block-separator has-alpha-channel-opacity is-style-wide\" \/>\n\n\n\n<h3 class=\"wp-block-heading\"><mark class=\"has-inline-color has-luminous-vivid-amber-color\"><strong>Stiahnite si aplik\u00e1cie<\/strong>.<\/mark><\/h3>\n\n\n    <section class=\"mx-1 my-10\">\n                                                <a href=\"https:\/\/audiobibleapp.com\/biblia-catolica-2\/\" class=\"text-white\" data-analytics-label=\"optionsButton\"\n                    data-action=\"analytics#trackCTA\">\n                    <div data-options-target=\"option\"\n                        class=\"custom-section rounded-xl border p-3 shadow-md w-full bg-green-700 my-3\">\n                        <div class=\"flex w-full items-center justify-between\">\n                            <div class=\"flex items-center space-x-3\">\n                                <div class=\"text-lg font-bold\">\n                                    Katol\u00edcka audio Biblia \u279d\n                                <\/div>\n                            <\/div>\n                        <\/div>\n                    <\/div>\n                <\/a>\n                                                            <a href=\"https:\/\/la-santa-biblia-catolica.br.uptodown.com\/android\/download\" class=\"text-white\" data-analytics-label=\"optionsButton\"\n                    data-action=\"analytics#trackCTA\">\n                    <div data-options-target=\"option\"\n                        class=\"custom-section rounded-xl border p-3 shadow-md w-full bg-green-700 my-3\">\n                        <div class=\"flex w-full items-center justify-between\">\n                            <div class=\"flex items-center space-x-3\">\n                                <div class=\"text-lg font-bold\">\n                                    Sv\u00e4t\u00e1 katol\u00edcka Biblia \u279d\n                                <\/div>\n                            <\/div>\n                        <\/div>\n                    <\/div>\n                <\/a>\n                                                            <a href=\"https:\/\/biblia-catolica-latinoamericana-completa.br.uptodown.com\/android\" class=\"text-white\" data-analytics-label=\"optionsButton\"\n                    data-action=\"analytics#trackCTA\">\n                    <div data-options-target=\"option\"\n                        class=\"custom-section rounded-xl border p-3 shadow-md w-full bg-green-700 my-3\">\n                        <div class=\"flex w-full items-center justify-between\">\n                            <div class=\"flex items-center space-x-3\">\n                                <div class=\"text-lg font-bold\">\n                                    Latinskoamerick\u00e1 katol\u00edcka Biblia \u279d\n                                <\/div>\n                            <\/div>\n                        <\/div>\n                    <\/div>\n                <\/a>\n                            <p class=\"text-xs text-gray-500 text-right\"\n            style=\"margin-left: 50%; margin-bottom: 50px; margin-top: 5px;\">\n            <!-- You will be redirected to another website -->\n        <\/p>\n    <\/section>\n\n\n\n\n<p class=\"has-text-align-right\"><strong><em>Budete presmerovan\u00ed na in\u00fa str\u00e1nku<\/em><\/strong><\/p>\n\n\n\n<hr class=\"wp-block-separator has-alpha-channel-opacity is-style-wide\" \/>\n\n\n\n<p><\/p>\n\n\n\n<h2 class=\"wp-block-heading\">Ako v\u00e1m tieto aplik\u00e1cie zmenia de\u0148?<\/h2>\n\n\n\n<h3 class=\"wp-block-heading\">Rutina s cie\u013eom<\/h3>\n\n\n\n<p>Svoje r\u00e1no m\u00f4\u017eete za\u010da\u0165 povzbudzuj\u00facim ver\u0161om. Alebo de\u0148 zakon\u010di\u0165 \u017ealmom, ktor\u00fd v\u00e1m prinesie pokoj. S t\u00fdmito aplik\u00e1ciami si pre\u010d\u00edtajte a <strong>po\u010d\u00favajte katol\u00edcku Bibliu<\/strong> Stane sa to prirodzen\u00fdm, s\u00fa\u010das\u0165ou va\u0161ej ka\u017edodennej rutiny.<\/p>\n\n\n\n<h3 class=\"wp-block-heading\">Pr\u00edklady pou\u017eitia z re\u00e1lneho \u017eivota:<\/h3>\n\n\n\n<ul>\n<li>Po\u010das varenia si m\u00f4\u017eete vypo\u010du\u0165 evanjelium d\u0148a.<\/li>\n\n\n\n<li>V autobuse vyu\u017eijete pr\u00edle\u017eitos\u0165 pomodli\u0165 sa v tichosti.<\/li>\n\n\n\n<li>V chv\u00ed\u013each \u00fazkosti si pre\u010d\u00edtate ute\u0161uj\u00facu pas\u00e1\u017e.<\/li>\n<\/ul>\n\n\n\n<h2 class=\"wp-block-heading\">\u010co ak nem\u00e1m \u017eiadne sk\u00fasenosti s technol\u00f3giami?<\/h2>\n\n\n\n<p>Nebojte sa! V\u0161etky aplik\u00e1cie, ktor\u00e9 odpor\u00fa\u010dame, maj\u00fa:<\/p>\n\n\n\n<ul>\n<li>Jednoduch\u00e9 pokyny krok za krokom.<\/li>\n\n\n\n<li>Ve\u013ek\u00e9 a vidite\u013en\u00e9 tla\u010didl\u00e1.<\/li>\n\n\n\n<li>Podpora v \u0161paniel\u010dine.<\/li>\n\n\n\n<li>\u010cast\u00e9 aktualiz\u00e1cie.<\/li>\n<\/ul>\n\n\n\n<p>Navy\u0161e, ak m\u00e1te deti alebo vn\u00fa\u010dat\u00e1, ur\u010dite v\u00e1m s jeho nastaven\u00edm pom\u00f4\u017eu!<\/p>\n\n\n\n<h2 class=\"wp-block-heading\">Bo\u017eie slovo v obrazoch<\/h2>\n\n\n\n<ul>\n<li>Viac ako <strong>100 mili\u00f3nov \u013eud\u00ed<\/strong> U\u017e pou\u017e\u00edvaj\u00fa biblick\u00e9 aplik\u00e1cie na svojich mobiln\u00fdch telef\u00f3noch.<\/li>\n\n\n\n<li>Katol\u00edcku audio Bibliu h\u013ead\u00e1 viac ako <strong>300 000 \u013eud\u00ed ka\u017ed\u00fd mesiac<\/strong>.<\/li>\n\n\n\n<li>\u0160t\u00fadie ukazuj\u00fa, \u017ee <strong>Po\u010d\u00favanie Biblie zlep\u0161uje pam\u00e4\u0165<\/strong> spr\u00e1v na zariaden\u00ed 60% oproti samotn\u00e9mu \u010d\u00edtaniu.<\/li>\n<\/ul>\n\n\n<div class=\"wp-block-image\">\n<figure class=\"aligncenter size-full\"><img loading=\"lazy\" decoding=\"async\" width=\"550\" height=\"350\" src=\"https:\/\/universofamilia.com\/wp-content\/uploads\/sites\/148\/2025\/04\/DESTAQUE-UNIVERSO-550-x-350-19-2.jpg\" alt=\"\" class=\"wp-image-9190\" srcset=\"http:\/\/universofamilia.com\/wp-content\/uploads\/sites\/148\/2025\/04\/DESTAQUE-UNIVERSO-550-x-350-19-2.jpg 550w, http:\/\/universofamilia.com\/wp-content\/uploads\/sites\/148\/2025\/04\/DESTAQUE-UNIVERSO-550-x-350-19-2-300x191.jpg 300w, http:\/\/universofamilia.com\/wp-content\/uploads\/sites\/148\/2025\/04\/DESTAQUE-UNIVERSO-550-x-350-19-2-18x12.jpg 18w\" sizes=\"(max-width: 550px) 100vw, 550px\" \/><figcaption class=\"wp-element-caption\">Aplik\u00e1cia na \u010d\u00edtanie a po\u010d\u00favanie katol\u00edckej Biblie<\/figcaption><\/figure><\/div>\n\n\n<h2 class=\"wp-block-heading\">Tipy, ako \u010do najlep\u0161ie vyu\u017ei\u0165 svoju biblick\u00fa aplik\u00e1ciu<\/h2>\n\n\n\n<h3 class=\"wp-block-heading\">Stanovte si pevn\u00fd rozvrh<\/h3>\n\n\n\n<p>Venujte tomu 10 min\u00fat denne, hne\u010f po prebuden\u00ed alebo pred span\u00edm.<\/p>\n\n\n\n<h3 class=\"wp-block-heading\">Pou\u017e\u00edvajte z\u00e1lo\u017eky a pozn\u00e1mky<\/h3>\n\n\n\n<p>Takto sa m\u00f4\u017eete \u013eahko vr\u00e1ti\u0165 k svojim ob\u013e\u00faben\u00fdm pas\u00e1\u017eam.<\/p>\n\n\n\n<h3 class=\"wp-block-heading\">Zdie\u013eajte so svojou rodinou<\/h3>\n\n\n\n<p>\u010c\u00edtajte alebo po\u010d\u00favajte spolu so svojimi de\u0165mi alebo partnerom.<\/p>\n\n\n\n<h3 class=\"wp-block-heading\">Z\u00fa\u010dastnite sa \u010ditate\u013esk\u00fdch v\u00fdziev<\/h3>\n\n\n\n<p>Niektor\u00e9 aplik\u00e1cie maj\u00fa t\u00fd\u017edenn\u00e9 alebo mesa\u010dn\u00e9 v\u00fdzvy.<\/p>\n\n\n\n<h2 class=\"wp-block-heading\">Viac ne\u017e len \u010d\u00edtanie: duchovn\u00fd z\u00e1\u017eitok<\/h2>\n\n\n\n<h3 class=\"wp-block-heading\">Skuto\u010dn\u00e9 svedectvo<\/h3>\n\n\n\n<p>M\u00e1ria, 64, n\u00e1m nap\u00edsala:<\/p>\n\n\n\n<p>\u201eMyslel som si, \u017ee nikdy nepochop\u00edm, ako sa pou\u017e\u00edva aplik\u00e1cia. Ale s pomocou m\u00f4jho vnuka som si stiahol Katol\u00edcku audio Bibliu. Teraz za\u010d\u00ednam ka\u017ed\u00fd de\u0148 Bo\u017e\u00edm slovom. Moja viera sa posilnila a v\u017edy c\u00edtim podporu.\u201c<\/p>\n\n\n\n<h2 class=\"wp-block-heading\">Ktor\u00fd preklad Biblie je najlep\u0161\u00ed?<\/h2>\n\n\n\n<p>Pre katol\u00edkov sa odpor\u00fa\u010da:<\/p>\n\n\n\n<ul>\n<li>Jeruzalemsk\u00e1 Biblia<\/li>\n\n\n\n<li>Latinskoamerick\u00e1 Biblia<\/li>\n\n\n\n<li>Biblia Nacre-Colunga<\/li>\n<\/ul>\n\n\n\n<p>V\u0161etky s\u00fa pr\u00edtomn\u00e9 v aplik\u00e1ci\u00e1ch, ktor\u00e9 odpor\u00fa\u010dame.<\/p>\n\n\n\n<h2 class=\"wp-block-heading\">Urobte prv\u00fd krok k duchovnej\u0161iemu \u017eivotu<\/h2>\n\n\n\n<p>U\u017e neexistuj\u00fa \u017eiadne v\u00fdhovorky. S mobiln\u00fdm telef\u00f3nom a jednou z t\u00fdchto aplik\u00e1ci\u00ed si m\u00f4\u017eete \u010d\u00edta\u0165 a po\u010d\u00fava\u0165 <strong>Katol\u00edcka Biblia<\/strong> kdeko\u013evek a kedyko\u013evek chcete.<\/p>\n\n\n\n<p>Pam\u00e4tajte: nepotrebujete neust\u00e1le pripojenie ani technick\u00e9 znalosti. Sta\u010d\u00ed t\u00fa\u017eba by\u0165 bli\u017e\u0161ie k Bohu.<\/p>\n\n\n\n<p>Kliknite na odkazy, nain\u0161talujte si aplik\u00e1ciu, ktor\u00e1 sa v\u00e1m najviac p\u00e1\u010di, a za\u010dnite e\u0161te dnes.<\/p>\n\n\n\n<h2 class=\"wp-block-heading\">Podniknite kroky e\u0161te dnes<\/h2>\n\n\n\n<p>Ak ste sa dostali a\u017e sem, u\u017e ste urobili prv\u00fd krok. Teraz u\u017e len zost\u00e1va nain\u0161talova\u0165 jednu z odpor\u00fa\u010dan\u00fdch aplik\u00e1ci\u00ed.<\/p>\n\n\n\n<p>Objavte, ako v\u00e1m technol\u00f3gia m\u00f4\u017ee pom\u00f4c\u0165 vy\u017eivi\u0165 va\u0161u vieru, prinies\u0165 \u00fatechu a posilni\u0165 v\u00e1\u0161ho ducha.<\/p>\n\n\n\n<p>Kliknite, nain\u0161talujte a nechajte Slovo zmeni\u0165 v\u00e1\u0161 de\u0148. \ud83d\ude4f<\/p>","protected":false},"excerpt":{"rendered":"<p>Lleva la Palabra de Dios contigo \u00bfQu\u00e9 est\u00e1s buscando? Conoce una nueva forma de conectarte con tu fe Aplicativo para leer y escuchar la Biblia Cat\u00f3lica: esta herramienta ha transformado la forma en que millones se acercan a la Palabra. \u00bfTe gustar\u00eda tener la Biblia siempre a mano, sin cargar peso? \u00bfTe cuesta encontrar tiempo [&hellip;]<\/p>","protected":false},"author":139,"featured_media":9190,"comment_status":"closed","ping_status":"open","sticky":false,"template":"","format":"standard","meta":{"footnotes":""},"categories":[2],"tags":[2162,2163,2161,2164,1018],"yoast_head":"<!-- This site is optimized with the Yoast SEO plugin v23.3 - https:\/\/yoast.com\/wordpress\/plugins\/seo\/ -->\n<title>Aplicativo para leer y escuchar la Biblia Cat\u00f3lica - Universo Fam\u00edlia<\/title>\n<meta name=\"description\" content=\"Aplicativo para leer y escuchar la Biblia Cat\u00f3lica. Aplicativo para leer y escuchar la Biblia Cat\u00f3lica: esta herramienta ha transformado...\" \/>\n<meta name=\"robots\" content=\"index, follow, max-snippet:-1, max-image-preview:large, max-video-preview:-1\" \/>\n<link rel=\"canonical\" href=\"http:\/\/universofamilia.com\/sk\/aplicativo-para-leer-y-escuchar-la-biblia-catolica\/\" \/>\n<meta property=\"og:locale\" content=\"sk_SK\" \/>\n<meta property=\"og:type\" content=\"article\" \/>\n<meta property=\"og:title\" content=\"Aplicativo para leer y escuchar la Biblia Cat\u00f3lica - Universo Fam\u00edlia\" \/>\n<meta property=\"og:description\" content=\"Aplicativo para leer y escuchar la Biblia Cat\u00f3lica. Aplicativo para leer y escuchar la Biblia Cat\u00f3lica: esta herramienta ha transformado...\" \/>\n<meta property=\"og:url\" content=\"http:\/\/universofamilia.com\/sk\/aplicativo-para-leer-y-escuchar-la-biblia-catolica\/\" \/>\n<meta property=\"og:site_name\" content=\"Universo Fam\u00edlia\" \/>\n<meta property=\"article:published_time\" content=\"2025-04-02T20:40:24+00:00\" \/>\n<meta property=\"article:modified_time\" content=\"2025-10-14T01:06:25+00:00\" \/>\n<meta property=\"og:image\" content=\"https:\/\/universofamilia.com\/wp-content\/uploads\/sites\/148\/2025\/04\/DESTAQUE-UNIVERSO-550-x-350-19-2.jpg\" \/>\n\t<meta property=\"og:image:width\" content=\"550\" \/>\n\t<meta property=\"og:image:height\" content=\"350\" \/>\n\t<meta property=\"og:image:type\" content=\"image\/jpeg\" \/>\n<meta name=\"author\" content=\"Pedro Henrique\" \/>\n<meta name=\"twitter:card\" content=\"summary_large_image\" \/>\n<meta name=\"twitter:label1\" content=\"Written by\" \/>\n\t<meta name=\"twitter:data1\" content=\"Pedro Henrique\" \/>\n\t<meta name=\"twitter:label2\" content=\"Est. reading time\" \/>\n\t<meta name=\"twitter:data2\" content=\"6 min\u00fat\" \/>\n<script type=\"application\/ld+json\" class=\"yoast-schema-graph\">{\"@context\":\"https:\/\/schema.org\",\"@graph\":[{\"@type\":\"WebPage\",\"@id\":\"https:\/\/universofamilia.com\/aplicativo-para-leer-y-escuchar-la-biblia-catolica\/\",\"url\":\"https:\/\/universofamilia.com\/aplicativo-para-leer-y-escuchar-la-biblia-catolica\/\",\"name\":\"Aplicativo para leer y escuchar la Biblia Cat\u00f3lica - Universo Fam\u00edlia\",\"isPartOf\":{\"@id\":\"https:\/\/universofamilia.com\/el\/#website\"},\"primaryImageOfPage\":{\"@id\":\"https:\/\/universofamilia.com\/aplicativo-para-leer-y-escuchar-la-biblia-catolica\/#primaryimage\"},\"image\":{\"@id\":\"https:\/\/universofamilia.com\/aplicativo-para-leer-y-escuchar-la-biblia-catolica\/#primaryimage\"},\"thumbnailUrl\":\"http:\/\/universofamilia.com\/wp-content\/uploads\/sites\/148\/2025\/04\/DESTAQUE-UNIVERSO-550-x-350-19-2.jpg\",\"datePublished\":\"2025-04-02T20:40:24+00:00\",\"dateModified\":\"2025-10-14T01:06:25+00:00\",\"author\":{\"@id\":\"https:\/\/universofamilia.com\/el\/#\/schema\/person\/f07ce98187dd84d31154262e79b3b7ca\"},\"description\":\"Aplicativo para leer y escuchar la Biblia Cat\u00f3lica. Aplicativo para leer y escuchar la Biblia Cat\u00f3lica: esta herramienta ha transformado...\",\"breadcrumb\":{\"@id\":\"https:\/\/universofamilia.com\/aplicativo-para-leer-y-escuchar-la-biblia-catolica\/#breadcrumb\"},\"inLanguage\":\"sk-SK\",\"potentialAction\":[{\"@type\":\"ReadAction\",\"target\":[\"https:\/\/universofamilia.com\/aplicativo-para-leer-y-escuchar-la-biblia-catolica\/\"]}]},{\"@type\":\"ImageObject\",\"inLanguage\":\"sk-SK\",\"@id\":\"https:\/\/universofamilia.com\/aplicativo-para-leer-y-escuchar-la-biblia-catolica\/#primaryimage\",\"url\":\"http:\/\/universofamilia.com\/wp-content\/uploads\/sites\/148\/2025\/04\/DESTAQUE-UNIVERSO-550-x-350-19-2.jpg\",\"contentUrl\":\"http:\/\/universofamilia.com\/wp-content\/uploads\/sites\/148\/2025\/04\/DESTAQUE-UNIVERSO-550-x-350-19-2.jpg\",\"width\":550,\"height\":350,\"caption\":\"Aplicativo para leer y escuchar la Biblia Cat\u00f3lica\"},{\"@type\":\"BreadcrumbList\",\"@id\":\"https:\/\/universofamilia.com\/aplicativo-para-leer-y-escuchar-la-biblia-catolica\/#breadcrumb\",\"itemListElement\":[{\"@type\":\"ListItem\",\"position\":1,\"name\":\"Home\",\"item\":\"https:\/\/universofamilia.com\/el\/\"},{\"@type\":\"ListItem\",\"position\":2,\"name\":\"Aplicativo para leer y escuchar la Biblia Cat\u00f3lica\"}]},{\"@type\":\"WebSite\",\"@id\":\"https:\/\/universofamilia.com\/el\/#website\",\"url\":\"https:\/\/universofamilia.com\/el\/\",\"name\":\"Universo Fam\u00edlia\",\"description\":\"\",\"potentialAction\":[{\"@type\":\"SearchAction\",\"target\":{\"@type\":\"EntryPoint\",\"urlTemplate\":\"https:\/\/universofamilia.com\/el\/?s={search_term_string}\"},\"query-input\":\"required name=search_term_string\"}],\"inLanguage\":\"sk-SK\"},{\"@type\":\"Person\",\"@id\":\"https:\/\/universofamilia.com\/el\/#\/schema\/person\/f07ce98187dd84d31154262e79b3b7ca\",\"name\":\"Pedro Henrique\",\"image\":{\"@type\":\"ImageObject\",\"inLanguage\":\"sk-SK\",\"@id\":\"https:\/\/universofamilia.com\/el\/#\/schema\/person\/image\/\",\"url\":\"http:\/\/0.gravatar.com\/avatar\/9edfeb808cb4e1599f64d6e45b130154?s=96&d=mm&r=g\",\"contentUrl\":\"http:\/\/0.gravatar.com\/avatar\/9edfeb808cb4e1599f64d6e45b130154?s=96&d=mm&r=g\",\"caption\":\"Pedro Henrique\"},\"url\":\"http:\/\/universofamilia.com\/sk\/author\/editor01\/\"}]}<\/script>\n<!-- \/ Yoast SEO plugin. -->","yoast_head_json":{"title":"Aplicativo para leer y escuchar la Biblia Cat\u00f3lica - Universo Fam\u00edlia","description":"Aplicativo para leer y escuchar la Biblia Cat\u00f3lica. Aplicativo para leer y escuchar la Biblia Cat\u00f3lica: esta herramienta ha transformado...","robots":{"index":"index","follow":"follow","max-snippet":"max-snippet:-1","max-image-preview":"max-image-preview:large","max-video-preview":"max-video-preview:-1"},"canonical":"http:\/\/universofamilia.com\/sk\/aplicativo-para-leer-y-escuchar-la-biblia-catolica\/","og_locale":"sk_SK","og_type":"article","og_title":"Aplicativo para leer y escuchar la Biblia Cat\u00f3lica - Universo Fam\u00edlia","og_description":"Aplicativo para leer y escuchar la Biblia Cat\u00f3lica. Aplicativo para leer y escuchar la Biblia Cat\u00f3lica: esta herramienta ha transformado...","og_url":"http:\/\/universofamilia.com\/sk\/aplicativo-para-leer-y-escuchar-la-biblia-catolica\/","og_site_name":"Universo Fam\u00edlia","article_published_time":"2025-04-02T20:40:24+00:00","article_modified_time":"2025-10-14T01:06:25+00:00","og_image":[{"width":550,"height":350,"url":"https:\/\/universofamilia.com\/wp-content\/uploads\/sites\/148\/2025\/04\/DESTAQUE-UNIVERSO-550-x-350-19-2.jpg","type":"image\/jpeg"}],"author":"Pedro Henrique","twitter_card":"summary_large_image","twitter_misc":{"Written by":"Pedro Henrique","Est. reading time":"6 min\u00fat"},"schema":{"@context":"https:\/\/schema.org","@graph":[{"@type":"WebPage","@id":"https:\/\/universofamilia.com\/aplicativo-para-leer-y-escuchar-la-biblia-catolica\/","url":"https:\/\/universofamilia.com\/aplicativo-para-leer-y-escuchar-la-biblia-catolica\/","name":"Aplicativo para leer y escuchar la Biblia Cat\u00f3lica - Universo Fam\u00edlia","isPartOf":{"@id":"https:\/\/universofamilia.com\/el\/#website"},"primaryImageOfPage":{"@id":"https:\/\/universofamilia.com\/aplicativo-para-leer-y-escuchar-la-biblia-catolica\/#primaryimage"},"image":{"@id":"https:\/\/universofamilia.com\/aplicativo-para-leer-y-escuchar-la-biblia-catolica\/#primaryimage"},"thumbnailUrl":"http:\/\/universofamilia.com\/wp-content\/uploads\/sites\/148\/2025\/04\/DESTAQUE-UNIVERSO-550-x-350-19-2.jpg","datePublished":"2025-04-02T20:40:24+00:00","dateModified":"2025-10-14T01:06:25+00:00","author":{"@id":"https:\/\/universofamilia.com\/el\/#\/schema\/person\/f07ce98187dd84d31154262e79b3b7ca"},"description":"Aplicativo para leer y escuchar la Biblia Cat\u00f3lica. Aplicativo para leer y escuchar la Biblia Cat\u00f3lica: esta herramienta ha transformado...","breadcrumb":{"@id":"https:\/\/universofamilia.com\/aplicativo-para-leer-y-escuchar-la-biblia-catolica\/#breadcrumb"},"inLanguage":"sk-SK","potentialAction":[{"@type":"ReadAction","target":["https:\/\/universofamilia.com\/aplicativo-para-leer-y-escuchar-la-biblia-catolica\/"]}]},{"@type":"ImageObject","inLanguage":"sk-SK","@id":"https:\/\/universofamilia.com\/aplicativo-para-leer-y-escuchar-la-biblia-catolica\/#primaryimage","url":"http:\/\/universofamilia.com\/wp-content\/uploads\/sites\/148\/2025\/04\/DESTAQUE-UNIVERSO-550-x-350-19-2.jpg","contentUrl":"http:\/\/universofamilia.com\/wp-content\/uploads\/sites\/148\/2025\/04\/DESTAQUE-UNIVERSO-550-x-350-19-2.jpg","width":550,"height":350,"caption":"Aplicativo para leer y escuchar la Biblia Cat\u00f3lica"},{"@type":"BreadcrumbList","@id":"https:\/\/universofamilia.com\/aplicativo-para-leer-y-escuchar-la-biblia-catolica\/#breadcrumb","itemListElement":[{"@type":"ListItem","position":1,"name":"Home","item":"https:\/\/universofamilia.com\/el\/"},{"@type":"ListItem","position":2,"name":"Aplicativo para leer y escuchar la Biblia Cat\u00f3lica"}]},{"@type":"WebSite","@id":"https:\/\/universofamilia.com\/el\/#website","url":"https:\/\/universofamilia.com\/el\/","name":"Universo Fam\u00edlia","description":"","potentialAction":[{"@type":"SearchAction","target":{"@type":"EntryPoint","urlTemplate":"https:\/\/universofamilia.com\/el\/?s={search_term_string}"},"query-input":"required name=search_term_string"}],"inLanguage":"sk-SK"},{"@type":"Person","@id":"https:\/\/universofamilia.com\/el\/#\/schema\/person\/f07ce98187dd84d31154262e79b3b7ca","name":"Pedro Henrique","image":{"@type":"ImageObject","inLanguage":"sk-SK","@id":"https:\/\/universofamilia.com\/el\/#\/schema\/person\/image\/","url":"http:\/\/0.gravatar.com\/avatar\/9edfeb808cb4e1599f64d6e45b130154?s=96&d=mm&r=g","contentUrl":"http:\/\/0.gravatar.com\/avatar\/9edfeb808cb4e1599f64d6e45b130154?s=96&d=mm&r=g","caption":"Pedro Henrique"},"url":"http:\/\/universofamilia.com\/sk\/author\/editor01\/"}]}},"_links":{"self":[{"href":"http:\/\/universofamilia.com\/sk\/wp-json\/wp\/v2\/posts\/9186"}],"collection":[{"href":"http:\/\/universofamilia.com\/sk\/wp-json\/wp\/v2\/posts"}],"about":[{"href":"http:\/\/universofamilia.com\/sk\/wp-json\/wp\/v2\/types\/post"}],"author":[{"embeddable":true,"href":"http:\/\/universofamilia.com\/sk\/wp-json\/wp\/v2\/users\/139"}],"replies":[{"embeddable":true,"href":"http:\/\/universofamilia.com\/sk\/wp-json\/wp\/v2\/comments?post=9186"}],"version-history":[{"count":4,"href":"http:\/\/universofamilia.com\/sk\/wp-json\/wp\/v2\/posts\/9186\/revisions"}],"predecessor-version":[{"id":9537,"href":"http:\/\/universofamilia.com\/sk\/wp-json\/wp\/v2\/posts\/9186\/revisions\/9537"}],"wp:featuredmedia":[{"embeddable":true,"href":"http:\/\/universofamilia.com\/sk\/wp-json\/wp\/v2\/media\/9190"}],"wp:attachment":[{"href":"http:\/\/universofamilia.com\/sk\/wp-json\/wp\/v2\/media?parent=9186"}],"wp:term":[{"taxonomy":"category","embeddable":true,"href":"http:\/\/universofamilia.com\/sk\/wp-json\/wp\/v2\/categories?post=9186"},{"taxonomy":"post_tag","embeddable":true,"href":"http:\/\/universofamilia.com\/sk\/wp-json\/wp\/v2\/tags?post=9186"}],"curies":[{"name":"wp","href":"https:\/\/api.w.org\/{rel}","templated":true}]}}