{"id":9758,"date":"2025-10-01T01:42:22","date_gmt":"2025-10-01T04:42:22","guid":{"rendered":"https:\/\/universofamilia.com\/?p=9758"},"modified":"2025-10-11T17:08:04","modified_gmt":"2025-10-11T20:08:04","slug":"inteligencia-artificial-y-politica","status":"publish","type":"post","link":"http:\/\/universofamilia.com\/sk\/inteligencia-artificial-y-politica\/","title":{"rendered":"Umel\u00e1 inteligencia a politika"},"content":{"rendered":"<p class=\"has-text-align-center\"><strong>Umel\u00e1 inteligencia a politika:<\/strong> Je to t\u00e9ma, ktor\u00e1 u\u017e nie je v\u00fdhradne ur\u010den\u00e1 len pre akademick\u00e9 konferencie alebo technick\u00e9 diskusie; dnes prenik\u00e1 do z\u00e1konov, verejn\u00fdch rozhodnut\u00ed a dokonca aj do glob\u00e1lnej geopolitiky.<\/p>\n\n\n<div class=\"wp-block-image\">\n<figure class=\"aligncenter size-full\"><img loading=\"lazy\" decoding=\"async\" width=\"550\" height=\"350\" src=\"https:\/\/universofamilia.com\/wp-content\/uploads\/sites\/148\/2025\/10\/DESTAQUE-UNIVERSO-550-x-350.jpg\" alt=\"\" class=\"wp-image-9759\" srcset=\"http:\/\/universofamilia.com\/wp-content\/uploads\/sites\/148\/2025\/10\/DESTAQUE-UNIVERSO-550-x-350.jpg 550w, http:\/\/universofamilia.com\/wp-content\/uploads\/sites\/148\/2025\/10\/DESTAQUE-UNIVERSO-550-x-350-300x191.jpg 300w, http:\/\/universofamilia.com\/wp-content\/uploads\/sites\/148\/2025\/10\/DESTAQUE-UNIVERSO-550-x-350-18x12.jpg 18w\" sizes=\"(max-width: 550px) 100vw, 550px\" \/><figcaption class=\"wp-element-caption\">Canva<\/figcaption><\/figure><\/div>\n\n\n<p>V roku 2025 \u010delia vl\u00e1dy v\u00fdzve vyv\u00e1\u017ei\u0165 inov\u00e1cie s ochranou pr\u00e1v ob\u010danov a ka\u017ed\u00fd regi\u00f3n prij\u00edma odli\u0161n\u00e9 strat\u00e9gie.<\/p>\n\n\n\n<p>V tomto \u010dl\u00e1nku n\u00e1jdete kompletn\u00fd preh\u013ead:<\/p>\n\n\n\n<ul>\n<li>Ako najvplyvnej\u0161ie krajiny reguluj\u00fa umel\u00fa inteligenciu.<\/li>\n\n\n\n<li>K\u013e\u00fa\u010dov\u00e9 rozdiely medzi Eur\u00f3pou, Spojen\u00fdmi \u0161t\u00e1tmi, \u010c\u00ednou a Latinskou Amerikou.<\/li>\n\n\n\n<li>Ak\u00e9 rizik\u00e1 a pr\u00edle\u017eitosti sa diskutuj\u00fa v s\u00favislosti s technol\u00f3giami.<\/li>\n\n\n\n<li>Pr\u00edklady aplik\u00e1cie predpisov v praxi.<\/li>\n\n\n\n<li>\u010casto kladen\u00e9 ot\u00e1zky na objasnenie be\u017en\u00fdch pochybnost\u00ed.<\/li>\n<\/ul>\n\n\n\n<h2 class=\"wp-block-heading\">Naliehavos\u0165 jasn\u00fdch pravidiel v digit\u00e1lnom veku<\/h2>\n\n\n\n<p>Umel\u00e1 inteligencia u\u017e nie je laborat\u00f3rnym experimentom. Je pr\u00edtomn\u00e1 v lek\u00e1rskych diagn\u00f3zach, s\u00fadoch, finan\u010dn\u00fdch trhoch a dokonca aj v politick\u00fdch kampaniach.<\/p>\n\n\n\n<p>R\u00fdchlos\u0165, akou sa technol\u00f3gia vyv\u00edja, predstavuje dilemu: ako zabr\u00e1ni\u0165 zneu\u017e\u00edvaniu bez spomalenia pokroku?<\/p>\n\n\n\n<p>Reakciou vl\u00e1dy bolo zlep\u0161enie regula\u010dn\u00fdch r\u00e1mcov. V roku 2025 <strong>Nariadenie Eur\u00f3pskej \u00fanie o umelej inteligencii<\/strong> Je pova\u017eovan\u00e9 za najambici\u00f3znej\u0161ie nariadenie na svete. <\/p>\n\n\n\n<p>Klasifikuje syst\u00e9my umelej inteligencie pod\u013ea \u00farovn\u00ed rizika, od aplik\u00e1ci\u00ed s n\u00edzkym dopadom a\u017e po tie, ktor\u00e9 ovplyv\u0148uj\u00fa z\u00e1kladn\u00e9 pr\u00e1va, ako je napr\u00edklad hromadn\u00e9 sledovanie.<\/p>\n\n\n\n<p>Pod\u013ea Eur\u00f3pskej komisie je cie\u013eom \u201ezaru\u010di\u0165 bezpe\u010dnos\u0165, transparentnos\u0165 a re\u0161pektovanie demokratick\u00fdch hodn\u00f4t\u201c.<\/p>\n\n\n\n<h2 class=\"wp-block-heading\">Spojen\u00e9 \u0161t\u00e1ty: Inov\u00e1cie a fragmentovan\u00e1 kontrola<\/h2>\n\n\n\n<p>Americk\u00fd pr\u00edstup je menej centralizovan\u00fd. Namiesto n\u00e1rodn\u00e9ho z\u00e1kona prij\u00edmaj\u00fa agent\u00fary a \u0161t\u00e1ty \u0161pecifick\u00e9 usmernenia.<\/p>\n\n\n\n<p>Biely dom zverejnil v roku 2022 <strong>N\u00e1vrh listiny pr\u00e1v umelej inteligencie<\/strong>, etick\u00fd r\u00e1mec, ktor\u00fd usmer\u0148uje v\u00fdvoj\u00e1rov a firmy. Hoci nie je z\u00e1v\u00e4zn\u00fd, otvoril diskusiu o digit\u00e1lnych pr\u00e1vach, algoritmickej diskrimin\u00e1cii a s\u00fakrom\u00ed.<\/p>\n\n\n\n<p>Konkr\u00e9tny pr\u00edklad: Kalifornia presadzuje regul\u00e1cie t\u00fdkaj\u00face sa pou\u017e\u00edvania umelej inteligencie pri prij\u00edman\u00ed zamestnancov a vy\u017eaduje, aby spolo\u010dnosti preuk\u00e1zali, \u017ee ich algoritmy nevytv\u00e1raj\u00fa rasov\u00e9 ani rodov\u00e9 predsudky.<\/p>\n\n\n\n<p>Tieto typy opatren\u00ed odr\u00e1\u017eaj\u00fa americk\u00fd trend: chr\u00e1ni\u0165 spotrebite\u013eov bez potl\u00e1\u010dania konkurencieschopnosti svojho technologick\u00e9ho ekosyst\u00e9mu.<\/p>\n\n\n\n<h2 class=\"wp-block-heading\">\u010c\u00edna: \u0160t\u00e1tna kontrola a technologick\u00e9 amb\u00edcie<\/h2>\n\n\n\n<p>\u010c\u00edna naopak integruje umel\u00fa inteligenciu do svojej \u0161t\u00e1tnej strat\u00e9gie. Od roku 2021 reguluje algoritmy odpor\u00fa\u010dan\u00ed na digit\u00e1lnych platform\u00e1ch a v roku 2023 zaviedla pr\u00edsne pravidl\u00e1 pre generat\u00edvne syst\u00e9my umelej inteligencie.<\/p>\n\n\n\n<p>V roku 2025 vl\u00e1da pokra\u010duje v zav\u00e1dzan\u00ed nariaden\u00ed obmedzuj\u00facich \u0161\u00edrenie inform\u00e1ci\u00ed pova\u017eovan\u00fdch za \u0161kodliv\u00e9 pre \u201en\u00e1rodn\u00fa bezpe\u010dnos\u0165\u201c.<\/p>\n\n\n\n<p>Peking sa namiesto obmedzovania inov\u00e1ci\u00ed sna\u017e\u00ed vyu\u017ei\u0165 umel\u00fa inteligenciu ako n\u00e1stroj ekonomickej a soci\u00e1lnej moci. Preto jeho legislat\u00edva kombinuje podporu lok\u00e1lnych startupov s pr\u00edsnou kontrolou digit\u00e1lneho obsahu a osobn\u00fdch \u00fadajov.<\/p>\n\n\n\n<h2 class=\"wp-block-heading\">Latinsk\u00e1 Amerika: prv\u00e9 kroky a \u010dakaj\u00face v\u00fdzvy<\/h2>\n\n\n\n<p>Regi\u00f3n je st\u00e1le v po\u010diato\u010dnom \u0161t\u00e1diu. Braz\u00edlia diskutuje o <strong>Pr\u00e1vny r\u00e1mec pre umel\u00fa inteligenciu<\/strong>, \u010diasto\u010dne in\u0161pirovan\u00fd eur\u00f3pskym modelom.<\/p>\n\n\n\n<p>Mexiko zasa vytvorilo expertn\u00e9 skupiny na posudzovanie etick\u00fdch a pr\u00e1vnych riz\u00edk, hoci zatia\u013e neprijalo komplexn\u00fd z\u00e1kon.<\/p>\n\n\n\n<p>V\u00fdzvy s\u00fa viacer\u00e9: nedostatok zdrojov, ch\u00fdbaj\u00faca infra\u0161trukt\u00fara a potreba chr\u00e1ni\u0165 zranite\u013en\u00e9 skupiny obyvate\u013estva.<\/p>\n\n\n\n<p>Napriek tomu rastie z\u00e1ujem o zos\u00faladenie verejn\u00fdch polit\u00edk s medzin\u00e1rodn\u00fdmi \u0161tandardmi, aby sa predi\u0161lo zaost\u00e1vaniu v oblasti inov\u00e1ci\u00ed.<\/p>\n\n\n\n<h2 class=\"wp-block-heading\">Porovn\u00e1vacia tabu\u013eka: Regul\u00e1cie umelej inteligencie na celom svete<\/h2>\n\n\n\n<figure class=\"wp-block-table\"><table><thead><tr><th>Regi\u00f3n \/ Krajina<\/th><th>Regula\u010dn\u00fd pr\u00edstup<\/th><th>K\u013e\u00fa\u010dov\u00fd rok<\/th><th>Hlavn\u00e9 vlastnosti<\/th><\/tr><\/thead><tbody><tr><td>Eur\u00f3pska \u00fania<\/td><td>Z\u00e1v\u00e4zn\u00e9 nariadenie<\/td><td>2024-2025<\/td><td>Klasifik\u00e1cia rizika, transparentnos\u0165, pr\u00edsne sankcie<\/td><\/tr><tr><td>USA<\/td><td>\u0160t\u00e1tne smernice a predpisy<\/td><td>2022-2025<\/td><td>Fragmentovan\u00e9, zalo\u017een\u00e9 na pr\u00e1vach, bez jednotn\u00e9ho z\u00e1kona<\/td><\/tr><tr><td>\u010c\u00edna<\/td><td>Pr\u00edsna \u0161t\u00e1tna regul\u00e1cia<\/td><td>2021-2025<\/td><td>Kontrola obsahu, \u00fadajov a algoritmov<\/td><\/tr><tr><td>Latinsk\u00e1 Amerika<\/td><td>Po\u010diato\u010dn\u00e9 iniciat\u00edvy<\/td><td>2023-2025<\/td><td>In\u0161pirovan\u00e9 E\u00da, st\u00e1le predmetom diskusie<\/td><\/tr><\/tbody><\/table><figcaption class=\"wp-element-caption\">Umel\u00e1 inteligencia a politika: ako vl\u00e1dy reguluj\u00fa umel\u00fa inteligenciu vo svete<\/figcaption><\/figure>\n\n\n\n<h2 class=\"wp-block-heading\">Fakt, ktor\u00fd pozna\u010dil diskusiu<\/h2>\n\n\n\n<p>Pod\u013ea spr\u00e1vy <strong>\u201eIndex AI 2024\u201c zo Stanfordskej univerzity<\/strong>viac ako <strong>70% \u010dlensk\u00fdch kraj\u00edn OSN<\/strong> u\u017e pred rokom 2025 iniciovali legislat\u00edvne procesy alebo regula\u010dn\u00e9 usmernenia t\u00fdkaj\u00face sa umelej inteligencie.<\/p>\n\n\n\n<p>Tieto \u00fadaje ukazuj\u00fa, \u017ee diskusia sa u\u017e net\u00fdka bud\u00facnosti: je to bezprostredn\u00e1 potreba vl\u00e1d na v\u0161etk\u00fdch \u00farovniach.<\/p>\n\n\n<div class=\"wp-block-image\">\n<figure class=\"aligncenter size-full\"><img loading=\"lazy\" decoding=\"async\" width=\"550\" height=\"350\" src=\"https:\/\/universofamilia.com\/wp-content\/uploads\/sites\/148\/2025\/10\/DESTAQUE-SITE-MUNDOSAPPS-16-1.jpg\" alt=\"\" class=\"wp-image-9761\" srcset=\"http:\/\/universofamilia.com\/wp-content\/uploads\/sites\/148\/2025\/10\/DESTAQUE-SITE-MUNDOSAPPS-16-1.jpg 550w, http:\/\/universofamilia.com\/wp-content\/uploads\/sites\/148\/2025\/10\/DESTAQUE-SITE-MUNDOSAPPS-16-1-300x191.jpg 300w, http:\/\/universofamilia.com\/wp-content\/uploads\/sites\/148\/2025\/10\/DESTAQUE-SITE-MUNDOSAPPS-16-1-18x12.jpg 18w\" sizes=\"(max-width: 550px) 100vw, 550px\" \/><figcaption class=\"wp-element-caption\">Canva<\/figcaption><\/figure><\/div>\n\n\n<p>\u010c\u00edtajte viac:&nbsp;<a href=\"http:\/\/universofamilia.com\/sk\/los-paises-mas-avanzados-en-regulacion-de-ia-en-2025\/\">Najpokro\u010dilej\u0161ie krajiny v regul\u00e1cii umelej inteligencie v roku 2025<\/a><\/p>\n\n\n\n<h2 class=\"wp-block-heading\">Rizik\u00e1 a pr\u00edle\u017eitosti na obzore<\/h2>\n\n\n\n<p>Regul\u00e1cia umelej inteligencie neznamen\u00e1 len jej obmedzenie, ale aj vytv\u00e1ra pr\u00edle\u017eitosti. S jasn\u00fdmi pravidlami m\u00f4\u017eu spolo\u010dnosti inovova\u0165 s v\u00e4\u010d\u0161ou istotou. Ob\u010dania sa tie\u017e c\u00edtia chr\u00e1nenej\u0161\u00ed pred zneu\u017e\u00edvan\u00edm.<\/p>\n\n\n\n<p>Ned\u00e1vnym pr\u00edkladom je finan\u010dn\u00fd sektor: eur\u00f3pske banky za\u010dali pou\u017e\u00edva\u0165 umel\u00fa inteligenciu pri hodnoten\u00ed \u00faverov pod regula\u010dn\u00fdm doh\u013eadom.<\/p>\n\n\n\n<p>Toto opatrenie zn\u00ed\u017eilo po\u010det s\u0165a\u017enost\u00ed na diskrimin\u00e1ciu a zv\u00fd\u0161ilo d\u00f4veru spotrebite\u013eov.<\/p>\n\n\n\n<p>Rizik\u00e1 v\u0161ak nezmizn\u00fa. Medzi ne patria:<\/p>\n\n\n\n<ul>\n<li>Algoritmick\u00e9 skreslenia, ktor\u00e9 pretrv\u00e1vaj\u00fa nerovnosti.<\/li>\n\n\n\n<li>Zneu\u017eitie osobn\u00fdch \u00fadajov.<\/li>\n\n\n\n<li>Manipul\u00e1cia verejnej mienky prostredn\u00edctvom dezinform\u00e1ci\u00ed.<\/li>\n<\/ul>\n\n\n\n<h2 class=\"wp-block-heading\">Anal\u00f3gia na pochopenie v\u00fdzvy<\/h2>\n\n\n\n<p>S\u00fa\u010dasn\u00e1 situ\u00e1cia je podobn\u00e1 ran\u00fdm dob\u00e1m jadrovej energie. T\u00e1to technol\u00f3gia m\u00e1 obrovsk\u00fd potenci\u00e1l, ale bez riadnej regul\u00e1cie by mohla predstavova\u0165 glob\u00e1lne riziko. <\/p>\n\n\n\n<p>Vtedy medzin\u00e1rodn\u00e9 zmluvy a vn\u00fatro\u0161t\u00e1tne predpisy zabr\u00e1nili ve\u013ek\u00fdm katastrof\u00e1m. Dnes \u010del\u00ed umel\u00e1 inteligencia podobnej dileme: vyu\u017ei\u0165 svoju transforma\u010dn\u00fa silu bez ohrozenia z\u00e1kladn\u00fdch pr\u00e1v.<\/p>\n\n\n\n<h2 class=\"wp-block-heading\">Smerom ku glob\u00e1lnej spr\u00e1ve umelej inteligencie<\/h2>\n\n\n\n<p>Na multilater\u00e1lnych f\u00f3rach, ako napr. <strong>OSN<\/strong> a <strong>OECD<\/strong>O vytvoren\u00ed spolo\u010dn\u00fdch \u0161tandardov sa u\u017e diskutuje. Geopolitick\u00e9 z\u00e1ujmy v\u0161ak s\u0165a\u017euj\u00fa dosiahnutie konsenzu.<\/p>\n\n\n\n<p>Zatia\u013e \u010do Eur\u00f3pa uprednost\u0148uje \u013eudsk\u00e9 pr\u00e1va, \u010c\u00edna obhajuje technologick\u00fa suverenitu a Spojen\u00e9 \u0161t\u00e1ty sa sna\u017eia chr\u00e1ni\u0165 svoje korpor\u00e1tne vedenie.<\/p>\n\n\n\n<p>Glob\u00e1lna spr\u00e1va umelej inteligencie bude jednou z \u00fastredn\u00fdch t\u00e9m nasleduj\u00faceho desa\u0165ro\u010dia. Nejde len o lok\u00e1lne pravidl\u00e1, ale aj o to, aby sa predi\u0161lo fragment\u00e1cii, ktor\u00e1 br\u00e1ni digit\u00e1lnemu obchodu a vedeckej spolupr\u00e1ci.<\/p>\n\n\n\n<h2 class=\"wp-block-heading\">Z\u00e1ver<\/h2>\n\n\n\n<p>S\u00favislos\u0165 medzi <strong><a href=\"http:\/\/universofamilia.com\/sk\/los-paises-mas-avanzados-en-regulacion-de-ia-en-2025\/\">Umel\u00e1 inteligencia<\/a> e-politika: ako vl\u00e1dy reguluj\u00fa umel\u00fa inteligenciu vo svete<\/strong> odr\u00e1\u017ea hlbok\u00fa zmenu v sp\u00f4sobe, ak\u00fdm \u0161t\u00e1ty pristupuj\u00fa k technologick\u00fdm inov\u00e1ci\u00e1m.<\/p>\n\n\n\n<p>Do roku 2025 u\u017e nebude mo\u017en\u00e9 ignorova\u0165 soci\u00e1lny, ekonomick\u00fd a etick\u00fd dopad t\u00fdchto n\u00e1strojov.<\/p>\n\n\n\n<p>K\u013e\u00fa\u010dom bude n\u00e1js\u0165 kompromis: regul\u00e1cia, ktor\u00e1 chr\u00e1ni bez toho, aby ju obmedzovala, jasn\u00e9 pravidl\u00e1, ktor\u00e9 podporuj\u00fa d\u00f4veru, a glob\u00e1lna diskusia, do ktorej bud\u00fa zapojen\u00e9 vl\u00e1dy aj ob\u010dianska spolo\u010dnos\u0165.<\/p>\n\n\n\n<p>Preto\u017ee ak je jedna vec ist\u00e1, tak je to, \u017ee umel\u00e1 inteligencia bude na\u010falej meni\u0165 ka\u017edodenn\u00fd \u017eivot tempom, ktor\u00e9 si vy\u017eaduje r\u00fdchle a zodpovedn\u00e9 reakcie.<\/p>\n\n\n\n<p>\u010c\u00edtajte viac:&nbsp;<a href=\"http:\/\/universofamilia.com\/sk\/lll-me-siento-sola-y-quiero-platicar-contigo-por-estos-apps-de-citas\/\">Som osamel\u00fd a chcem s vami chatova\u0165 prostredn\u00edctvom t\u00fdchto zoznamovac\u00edch aplik\u00e1ci\u00ed<\/a><\/p>\n\n\n\n<h2 class=\"wp-block-heading\">\u010casto kladen\u00e9 ot\u00e1zky (FAQ)<\/h2>\n\n\n\n<p><strong>1. Pre\u010do je d\u00f4le\u017eit\u00e9 regulova\u0165 umel\u00fa inteligenciu?<\/strong><br>Preto\u017ee bez jasn\u00fdch pravidiel m\u00f4\u017ee umel\u00e1 inteligencia vies\u0165 k diskrimin\u00e1cii, poru\u0161ovaniu s\u00fakromia alebo manipul\u00e1cii s inform\u00e1ciami.<\/p>\n\n\n\n<p><strong>2. Ak\u00fd je rozdiel medzi eur\u00f3pskymi a americk\u00fdmi predpismi?<\/strong><br>Eur\u00f3pa m\u00e1 z\u00e1v\u00e4zn\u00e9 predpisy so sankciami, zatia\u013e \u010do v USA dominuj\u00fa nez\u00e1v\u00e4zn\u00e9 usmernenia a miestne predpisy.<\/p>\n\n\n\n<p><strong>3. Obmedzuje \u010c\u00edna pou\u017e\u00edvanie generat\u00edvnej umelej inteligencie?<\/strong><br>\u00c1no. \u010c\u00ednska vl\u00e1da pr\u00edsne reguluje obsah vytvoren\u00fd umelou inteligenciou a sp\u00e1ja ho s n\u00e1rodnou bezpe\u010dnos\u0165ou.<\/p>\n\n\n\n<p><strong>4. Ktor\u00e9 krajiny Latinskej Ameriky dosiahli najv\u00e4\u010d\u0161\u00ed pokrok?<\/strong><br>Braz\u00edlia a Mexiko s\u00fa v tomto smere l\u00eddrami, pokia\u013e ide o n\u00e1vrhy z\u00e1konov a \u0161pecializovan\u00e9 pracovn\u00e9 skupiny.<\/p>\n\n\n\n<p><strong>5. Ak\u00fd vplyv m\u00e1 regul\u00e1cia na s\u00fakromn\u00fd sektor?<\/strong><br>Spolo\u010dnosti musia by\u0165 transparentnej\u0161ie, ale z\u00e1rove\u0148 z\u00edska\u0165 d\u00f4veru spotrebite\u013eov a pr\u00edstup na glob\u00e1lne trhy.<\/p>\n\n\n\n<p><strong>6. Existuj\u00fa nejak\u00e9 glob\u00e1lne regula\u010dn\u00e9 iniciat\u00edvy?<\/strong><br>\u00c1no, hoci zatia\u013e neexistuje \u017eiadna z\u00e1v\u00e4zn\u00e1 dohoda, OSN a OECD pracuj\u00fa na medzin\u00e1rodn\u00fdch norm\u00e1ch.<\/p>\n\n\n\n<p><strong>7. M\u00f4\u017ee regul\u00e1cia brzdi\u0165 inov\u00e1cie?<\/strong><br>Z\u00e1le\u017e\u00ed na pr\u00edstupe. Vyv\u00e1\u017een\u00e1 regul\u00e1cia podporuje zodpovedn\u00e9 inov\u00e1cie, zatia\u013e \u010do nadmern\u00e1 kontrola <\/p>\n\n\n\n<p><\/p>","protected":false},"excerpt":{"rendered":"<p>Inteligencia artificial y pol\u00edtica: es un tema que dej\u00f3 de ser exclusivo de conferencias acad\u00e9micas o debates t\u00e9cnicos; hoy atraviesa leyes, decisiones p\u00fablicas y hasta la geopol\u00edtica global. En 2025, los gobiernos enfrentan el reto de equilibrar la innovaci\u00f3n con la protecci\u00f3n de derechos ciudadanos, y cada regi\u00f3n adopta estrategias distintas. En este art\u00edculo encontrar\u00e1s [&hellip;]<\/p>","protected":false},"author":219,"featured_media":9753,"comment_status":"closed","ping_status":"open","sticky":false,"template":"","format":"standard","meta":{"footnotes":""},"categories":[4],"tags":[],"yoast_head":"<!-- This site is optimized with the Yoast SEO plugin v23.3 - https:\/\/yoast.com\/wordpress\/plugins\/seo\/ -->\n<title>Inteligencia artificial y pol\u00edtica - Universo Fam\u00edlia<\/title>\n<meta name=\"description\" content=\"Inteligencia artificial y pol\u00edtica: c\u00f3mo los gobiernos regulan la IA en todo el mundo es un tema que dej\u00f3 de ser exclusivo de conferencias...\" \/>\n<meta name=\"robots\" content=\"index, follow, max-snippet:-1, max-image-preview:large, max-video-preview:-1\" \/>\n<link rel=\"canonical\" href=\"https:\/\/universofamilia.com\/sk\/inteligencia-artificial-y-politica\/\" \/>\n<meta property=\"og:locale\" content=\"sk_SK\" \/>\n<meta property=\"og:type\" content=\"article\" \/>\n<meta property=\"og:title\" content=\"Inteligencia artificial y pol\u00edtica - Universo Fam\u00edlia\" \/>\n<meta property=\"og:description\" content=\"Inteligencia artificial y pol\u00edtica: c\u00f3mo los gobiernos regulan la IA en todo el mundo es un tema que dej\u00f3 de ser exclusivo de conferencias...\" \/>\n<meta property=\"og:url\" content=\"https:\/\/universofamilia.com\/sk\/inteligencia-artificial-y-politica\/\" \/>\n<meta property=\"og:site_name\" content=\"Universo Fam\u00edlia\" \/>\n<meta property=\"article:published_time\" content=\"2025-10-01T04:42:22+00:00\" \/>\n<meta property=\"article:modified_time\" content=\"2025-10-11T20:08:04+00:00\" \/>\n<meta property=\"og:image\" content=\"https:\/\/universofamilia.com\/wp-content\/uploads\/sites\/148\/2025\/09\/DESTAQUE-UNIVERSO-550-x-350-3.jpg\" \/>\n\t<meta property=\"og:image:width\" content=\"550\" \/>\n\t<meta property=\"og:image:height\" content=\"350\" \/>\n\t<meta property=\"og:image:type\" content=\"image\/jpeg\" \/>\n<meta name=\"author\" content=\"Matheus Sangaletti\" \/>\n<meta name=\"twitter:card\" content=\"summary_large_image\" \/>\n<meta name=\"twitter:label1\" content=\"Written by\" \/>\n\t<meta name=\"twitter:data1\" content=\"Matheus Sangaletti\" \/>\n\t<meta name=\"twitter:label2\" content=\"Est. reading time\" \/>\n\t<meta name=\"twitter:data2\" content=\"8 min\u00fat\" \/>\n<script type=\"application\/ld+json\" class=\"yoast-schema-graph\">{\"@context\":\"https:\/\/schema.org\",\"@graph\":[{\"@type\":\"WebPage\",\"@id\":\"https:\/\/universofamilia.com\/nl\/inteligencia-artificial-y-politica\/\",\"url\":\"https:\/\/universofamilia.com\/nl\/inteligencia-artificial-y-politica\/\",\"name\":\"Inteligencia artificial y pol\u00edtica - Universo Fam\u00edlia\",\"isPartOf\":{\"@id\":\"https:\/\/universofamilia.com\/el\/#website\"},\"primaryImageOfPage\":{\"@id\":\"https:\/\/universofamilia.com\/nl\/inteligencia-artificial-y-politica\/#primaryimage\"},\"image\":{\"@id\":\"https:\/\/universofamilia.com\/nl\/inteligencia-artificial-y-politica\/#primaryimage\"},\"thumbnailUrl\":\"http:\/\/universofamilia.com\/wp-content\/uploads\/sites\/148\/2025\/09\/DESTAQUE-UNIVERSO-550-x-350-3.jpg\",\"datePublished\":\"2025-10-01T04:42:22+00:00\",\"dateModified\":\"2025-10-11T20:08:04+00:00\",\"author\":{\"@id\":\"https:\/\/universofamilia.com\/el\/#\/schema\/person\/92fcd07e9b1f4323bf74f3170fc0f78a\"},\"description\":\"Inteligencia artificial y pol\u00edtica: c\u00f3mo los gobiernos regulan la IA en todo el mundo es un tema que dej\u00f3 de ser exclusivo de conferencias...\",\"breadcrumb\":{\"@id\":\"https:\/\/universofamilia.com\/nl\/inteligencia-artificial-y-politica\/#breadcrumb\"},\"inLanguage\":\"sk-SK\",\"potentialAction\":[{\"@type\":\"ReadAction\",\"target\":[\"https:\/\/universofamilia.com\/nl\/inteligencia-artificial-y-politica\/\"]}]},{\"@type\":\"ImageObject\",\"inLanguage\":\"sk-SK\",\"@id\":\"https:\/\/universofamilia.com\/nl\/inteligencia-artificial-y-politica\/#primaryimage\",\"url\":\"http:\/\/universofamilia.com\/wp-content\/uploads\/sites\/148\/2025\/09\/DESTAQUE-UNIVERSO-550-x-350-3.jpg\",\"contentUrl\":\"http:\/\/universofamilia.com\/wp-content\/uploads\/sites\/148\/2025\/09\/DESTAQUE-UNIVERSO-550-x-350-3.jpg\",\"width\":550,\"height\":350},{\"@type\":\"BreadcrumbList\",\"@id\":\"https:\/\/universofamilia.com\/nl\/inteligencia-artificial-y-politica\/#breadcrumb\",\"itemListElement\":[{\"@type\":\"ListItem\",\"position\":1,\"name\":\"Home\",\"item\":\"https:\/\/universofamilia.com\/el\/\"},{\"@type\":\"ListItem\",\"position\":2,\"name\":\"Inteligencia artificial y pol\u00edtica\"}]},{\"@type\":\"WebSite\",\"@id\":\"https:\/\/universofamilia.com\/el\/#website\",\"url\":\"https:\/\/universofamilia.com\/el\/\",\"name\":\"Universo Fam\u00edlia\",\"description\":\"\",\"potentialAction\":[{\"@type\":\"SearchAction\",\"target\":{\"@type\":\"EntryPoint\",\"urlTemplate\":\"https:\/\/universofamilia.com\/el\/?s={search_term_string}\"},\"query-input\":\"required name=search_term_string\"}],\"inLanguage\":\"sk-SK\"},{\"@type\":\"Person\",\"@id\":\"https:\/\/universofamilia.com\/el\/#\/schema\/person\/92fcd07e9b1f4323bf74f3170fc0f78a\",\"name\":\"Matheus Sangaletti\",\"image\":{\"@type\":\"ImageObject\",\"inLanguage\":\"sk-SK\",\"@id\":\"https:\/\/universofamilia.com\/el\/#\/schema\/person\/image\/\",\"url\":\"http:\/\/2.gravatar.com\/avatar\/280ea957a14a48e6a1ad2133d2cc27c9?s=96&d=mm&r=g\",\"contentUrl\":\"http:\/\/2.gravatar.com\/avatar\/280ea957a14a48e6a1ad2133d2cc27c9?s=96&d=mm&r=g\",\"caption\":\"Matheus Sangaletti\"},\"url\":\"http:\/\/universofamilia.com\/sk\/author\/matheuss\/\"}]}<\/script>\n<!-- \/ Yoast SEO plugin. -->","yoast_head_json":{"title":"Inteligencia artificial y pol\u00edtica - Universo Fam\u00edlia","description":"Inteligencia artificial y pol\u00edtica: c\u00f3mo los gobiernos regulan la IA en todo el mundo es un tema que dej\u00f3 de ser exclusivo de conferencias...","robots":{"index":"index","follow":"follow","max-snippet":"max-snippet:-1","max-image-preview":"max-image-preview:large","max-video-preview":"max-video-preview:-1"},"canonical":"https:\/\/universofamilia.com\/sk\/inteligencia-artificial-y-politica\/","og_locale":"sk_SK","og_type":"article","og_title":"Inteligencia artificial y pol\u00edtica - Universo Fam\u00edlia","og_description":"Inteligencia artificial y pol\u00edtica: c\u00f3mo los gobiernos regulan la IA en todo el mundo es un tema que dej\u00f3 de ser exclusivo de conferencias...","og_url":"https:\/\/universofamilia.com\/sk\/inteligencia-artificial-y-politica\/","og_site_name":"Universo Fam\u00edlia","article_published_time":"2025-10-01T04:42:22+00:00","article_modified_time":"2025-10-11T20:08:04+00:00","og_image":[{"width":550,"height":350,"url":"https:\/\/universofamilia.com\/wp-content\/uploads\/sites\/148\/2025\/09\/DESTAQUE-UNIVERSO-550-x-350-3.jpg","type":"image\/jpeg"}],"author":"Matheus Sangaletti","twitter_card":"summary_large_image","twitter_misc":{"Written by":"Matheus Sangaletti","Est. reading time":"8 min\u00fat"},"schema":{"@context":"https:\/\/schema.org","@graph":[{"@type":"WebPage","@id":"https:\/\/universofamilia.com\/nl\/inteligencia-artificial-y-politica\/","url":"https:\/\/universofamilia.com\/nl\/inteligencia-artificial-y-politica\/","name":"Inteligencia artificial y pol\u00edtica - Universo Fam\u00edlia","isPartOf":{"@id":"https:\/\/universofamilia.com\/el\/#website"},"primaryImageOfPage":{"@id":"https:\/\/universofamilia.com\/nl\/inteligencia-artificial-y-politica\/#primaryimage"},"image":{"@id":"https:\/\/universofamilia.com\/nl\/inteligencia-artificial-y-politica\/#primaryimage"},"thumbnailUrl":"http:\/\/universofamilia.com\/wp-content\/uploads\/sites\/148\/2025\/09\/DESTAQUE-UNIVERSO-550-x-350-3.jpg","datePublished":"2025-10-01T04:42:22+00:00","dateModified":"2025-10-11T20:08:04+00:00","author":{"@id":"https:\/\/universofamilia.com\/el\/#\/schema\/person\/92fcd07e9b1f4323bf74f3170fc0f78a"},"description":"Inteligencia artificial y pol\u00edtica: c\u00f3mo los gobiernos regulan la IA en todo el mundo es un tema que dej\u00f3 de ser exclusivo de conferencias...","breadcrumb":{"@id":"https:\/\/universofamilia.com\/nl\/inteligencia-artificial-y-politica\/#breadcrumb"},"inLanguage":"sk-SK","potentialAction":[{"@type":"ReadAction","target":["https:\/\/universofamilia.com\/nl\/inteligencia-artificial-y-politica\/"]}]},{"@type":"ImageObject","inLanguage":"sk-SK","@id":"https:\/\/universofamilia.com\/nl\/inteligencia-artificial-y-politica\/#primaryimage","url":"http:\/\/universofamilia.com\/wp-content\/uploads\/sites\/148\/2025\/09\/DESTAQUE-UNIVERSO-550-x-350-3.jpg","contentUrl":"http:\/\/universofamilia.com\/wp-content\/uploads\/sites\/148\/2025\/09\/DESTAQUE-UNIVERSO-550-x-350-3.jpg","width":550,"height":350},{"@type":"BreadcrumbList","@id":"https:\/\/universofamilia.com\/nl\/inteligencia-artificial-y-politica\/#breadcrumb","itemListElement":[{"@type":"ListItem","position":1,"name":"Home","item":"https:\/\/universofamilia.com\/el\/"},{"@type":"ListItem","position":2,"name":"Inteligencia artificial y pol\u00edtica"}]},{"@type":"WebSite","@id":"https:\/\/universofamilia.com\/el\/#website","url":"https:\/\/universofamilia.com\/el\/","name":"Universo Fam\u00edlia","description":"","potentialAction":[{"@type":"SearchAction","target":{"@type":"EntryPoint","urlTemplate":"https:\/\/universofamilia.com\/el\/?s={search_term_string}"},"query-input":"required name=search_term_string"}],"inLanguage":"sk-SK"},{"@type":"Person","@id":"https:\/\/universofamilia.com\/el\/#\/schema\/person\/92fcd07e9b1f4323bf74f3170fc0f78a","name":"Matheus Sangaletti","image":{"@type":"ImageObject","inLanguage":"sk-SK","@id":"https:\/\/universofamilia.com\/el\/#\/schema\/person\/image\/","url":"http:\/\/2.gravatar.com\/avatar\/280ea957a14a48e6a1ad2133d2cc27c9?s=96&d=mm&r=g","contentUrl":"http:\/\/2.gravatar.com\/avatar\/280ea957a14a48e6a1ad2133d2cc27c9?s=96&d=mm&r=g","caption":"Matheus Sangaletti"},"url":"http:\/\/universofamilia.com\/sk\/author\/matheuss\/"}]}},"_links":{"self":[{"href":"http:\/\/universofamilia.com\/sk\/wp-json\/wp\/v2\/posts\/9758"}],"collection":[{"href":"http:\/\/universofamilia.com\/sk\/wp-json\/wp\/v2\/posts"}],"about":[{"href":"http:\/\/universofamilia.com\/sk\/wp-json\/wp\/v2\/types\/post"}],"author":[{"embeddable":true,"href":"http:\/\/universofamilia.com\/sk\/wp-json\/wp\/v2\/users\/219"}],"replies":[{"embeddable":true,"href":"http:\/\/universofamilia.com\/sk\/wp-json\/wp\/v2\/comments?post=9758"}],"version-history":[{"count":6,"href":"http:\/\/universofamilia.com\/sk\/wp-json\/wp\/v2\/posts\/9758\/revisions"}],"predecessor-version":[{"id":9947,"href":"http:\/\/universofamilia.com\/sk\/wp-json\/wp\/v2\/posts\/9758\/revisions\/9947"}],"wp:featuredmedia":[{"embeddable":true,"href":"http:\/\/universofamilia.com\/sk\/wp-json\/wp\/v2\/media\/9753"}],"wp:attachment":[{"href":"http:\/\/universofamilia.com\/sk\/wp-json\/wp\/v2\/media?parent=9758"}],"wp:term":[{"taxonomy":"category","embeddable":true,"href":"http:\/\/universofamilia.com\/sk\/wp-json\/wp\/v2\/categories?post=9758"},{"taxonomy":"post_tag","embeddable":true,"href":"http:\/\/universofamilia.com\/sk\/wp-json\/wp\/v2\/tags?post=9758"}],"curies":[{"name":"wp","href":"https:\/\/api.w.org\/{rel}","templated":true}]}}