{"id":9970,"date":"2025-10-10T17:48:08","date_gmt":"2025-10-10T20:48:08","guid":{"rendered":"https:\/\/universofamilia.com\/?p=9970"},"modified":"2025-10-15T16:09:34","modified_gmt":"2025-10-15T19:09:34","slug":"el-teletrabajo-en-2025-las-nuevas-tendencias-del-home-office","status":"publish","type":"post","link":"http:\/\/universofamilia.com\/sk\/el-teletrabajo-en-2025-las-nuevas-tendencias-del-home-office\/","title":{"rendered":"Pr\u00e1ca na dia\u013eku v roku 2025: Nov\u00e9 trendy v pr\u00e1ci z domu"},"content":{"rendered":"<p class=\"has-text-align-center\"><strong>Pr\u00e1ca na dia\u013eku v roku 2025: Nov\u00e9 trendy v pr\u00e1ci z domu<\/strong> U\u017e je to s\u00fa\u010das\u0165ou pracovnej \u0161trukt\u00fary mnoh\u00fdch spolo\u010dnost\u00ed; nie je to do\u010dasn\u00fd m\u00f3dny v\u00fdstrelok, ale hlbok\u00e1 transform\u00e1cia.<\/p>\n\n\n\n<figure class=\"wp-block-gallery aligncenter has-nested-images columns-default is-cropped wp-block-gallery-1 is-layout-flex wp-block-gallery-is-layout-flex\">\n<figure class=\"wp-block-image size-full\"><img loading=\"lazy\" decoding=\"async\" width=\"450\" height=\"250\" data-id=\"9992\" src=\"https:\/\/universofamilia.com\/wp-content\/uploads\/sites\/148\/2025\/10\/Destaque-Universo-3-1.jpg\" alt=\"\" class=\"wp-image-9992\" srcset=\"http:\/\/universofamilia.com\/wp-content\/uploads\/sites\/148\/2025\/10\/Destaque-Universo-3-1.jpg 450w, http:\/\/universofamilia.com\/wp-content\/uploads\/sites\/148\/2025\/10\/Destaque-Universo-3-1-300x167.jpg 300w, http:\/\/universofamilia.com\/wp-content\/uploads\/sites\/148\/2025\/10\/Destaque-Universo-3-1-18x10.jpg 18w\" sizes=\"(max-width: 450px) 100vw, 450px\" \/><\/figure>\n<\/figure>\n\n\n\n<p>V tomto \u010dl\u00e1nku sa dozviete:<\/p>\n\n\n\n<ul>\n<li>Najnov\u0161ie zmeny a vznikaj\u00face trendy v dom\u00e1cej kancel\u00e1rii v tomto roku.<\/li>\n\n\n\n<li>Ako tieto trendy ovplyv\u0148uj\u00fa zamestnancov aj zamestn\u00e1vate\u013eov.<\/li>\n\n\n\n<li>Konkr\u00e9tne strat\u00e9gie na prisp\u00f4sobenie sa a z\u00edskanie v\u00fdhody.<\/li>\n<\/ul>\n\n\n\n<p>Viete, ak\u00e9 bud\u00fa tento rok ur\u010duj\u00face charakteristiky pr\u00e1ce na dia\u013eku?<\/p>\n\n\n\n<h4 class=\"wp-block-heading\"><strong>S\u00fa\u010dasn\u00fd stav pr\u00e1ce na dia\u013eku v Mexiku a vo svete<\/strong><\/h4>\n\n\n\n<p>V Mexiku, pod\u013ea spr\u00e1vy od <em>Obchodn\u00e9 trendy v Mexiku pre rok 2025<\/em>viac ako <strong>65 spolo\u010dnost\u00ed %<\/strong> po\u010das pand\u00e9mie prijali ur\u010dit\u00fd sp\u00f4sob pr\u00e1ce na dia\u013eku.<\/p>\n\n\n\n<p>Predpoklad\u00e1 sa, \u017ee do roku 2025 toto percento vzrastie na <strong>viac ako 75 %<\/strong>, najm\u00e4 v sektoroch ako technol\u00f3gie, finan\u010dn\u00e9 slu\u017eby a vzdel\u00e1vanie. <\/p>\n\n\n\n<p>\u0160t\u00fadie na celom svete nazna\u010duj\u00fa, \u017ee pribli\u017ene <strong>28 % pracovnej sily<\/strong> pracova\u0165 na dia\u013eku, bu\u010f v hybridnom re\u017eime, alebo \u00faplne z domu.<\/p>\n\n\n\n<p>Tieto \u00fadaje ukazuj\u00fa, \u017ee pr\u00e1ca na dia\u013eku u\u017e nie je v\u00fdnimkou, ale s\u00fa\u010das\u0165ou nov\u00e9ho norm\u00e1lu.<\/p>\n\n\n\n<h4 class=\"wp-block-heading\"> <strong>Hlavn\u00e9 trendy, ktor\u00e9 bud\u00fa formova\u0165 dom\u00e1cu kancel\u00e1riu v roku 2025<\/strong><\/h4>\n\n\n\n<p>Tu s\u00fa trendy, ktor\u00e9 definuj\u00fa pr\u00e1cu na dia\u013eku tento rok a pravdepodobne aj v bud\u00facnosti.<\/p>\n\n\n\n<h5 class=\"wp-block-heading\"><strong>1. Sofistikovan\u00e9 hybridn\u00e9 modely<\/strong><\/h5>\n\n\n\n<p>Mnoho organiz\u00e1ci\u00ed teraz uprednost\u0148uje hybridn\u00e9 modely, ktor\u00e9 kombinuj\u00fa pr\u00e1cu z domu s osobnou pr\u00e1cou. <\/p>\n\n\n\n<p>Nejde len o to \u201epr\u00eds\u0165 o p\u00e1r dn\u00ed\u201c, ale o \u0161trukt\u00farovanie harmonogramov, priestorov na spolupr\u00e1cu a jasn\u00fdch z\u00e1sad pre fyzick\u00e9 a virtu\u00e1lne kancel\u00e1rie.<\/p>\n\n\n\n<h5 class=\"wp-block-heading\"><strong>2. Decentralizovan\u00e9 kancel\u00e1rie a lok\u00e1lne coworkingov\u00e9 priestory<\/strong><\/h5>\n\n\n\n<p>Spolo\u010dnosti u\u013eah\u010duj\u00fa svojim zamestnancom pr\u00e1cu z bl\u00edzkych priestorov mimo ich tradi\u010dn\u00fdch domovov prostredn\u00edctvom coworkingov\u00fdch priestorov v susedstv\u00e1ch alebo satelitn\u00fdch kancel\u00e1ri\u00ed.<\/p>\n\n\n\n<p>Skracuje sa \u010das doch\u00e1dzania, zvy\u0161uje sa motiv\u00e1cia a zlep\u0161uje sa kvalita \u017eivota.<\/p>\n\n\n\n<h5 class=\"wp-block-heading\"><strong>3. Technol\u00f3gia ako z\u00e1kladn\u00fd z\u00e1klad<\/strong><\/h5>\n\n\n\n<p>N\u00e1stroje pre spolupr\u00e1cu v re\u00e1lnom \u010dase, vysokokvalitn\u00e9 videokonferencie, roz\u0161\u00edren\u00e1 a virtu\u00e1lna realita pre stretnutia a platformy, ktor\u00e9 integruj\u00fa spr\u00e1vu \u00faloh, pohodu a produktivitu.<\/p>\n\n\n\n<p>R\u00fdchlos\u0165 internetu je d\u00f4le\u017eit\u00e1, rovnako ako bezpe\u010dnos\u0165 pripojenia.<\/p>\n\n\n\n<h5 class=\"wp-block-heading\"><strong>4. Skuto\u010dn\u00e1 flexibilita harmonogramov<\/strong><\/h5>\n\n\n\n<p>Nesta\u010d\u00ed len umo\u017eni\u0165 \u013eu\u010fom pracova\u0165 z domu: o\u010dak\u00e1va sa flexibiln\u00fd pracovn\u00fd \u010das s mo\u017enos\u0165ou prisp\u00f4sobi\u0165 sa osobn\u00fdm rozvrhom, pokia\u013e sp\u013a\u0148aj\u00fa ciele.<\/p>\n\n\n\n<p>Patria sem rozlo\u017een\u00e9 rozvrhy, aby sa predi\u0161lo dopravnej \u0161pi\u010dke, starostlivos\u0165 o du\u0161evn\u00e9 zdravie a podpora rovnov\u00e1hy medzi pracovn\u00fdm a s\u00fakromn\u00fdm \u017eivotom.<\/p>\n\n\n\n<h5 class=\"wp-block-heading\"><strong>5. Uprednost\u0148ujte pohodu, du\u0161evn\u00e9 zdravie a ergon\u00f3miu<\/strong><\/h5>\n\n\n\n<p>Izol\u00e1cia alebo dlh\u00e1 pr\u00e1ca bez fyzick\u00e9ho oddelenia medzi domovom a pr\u00e1cou m\u00e1 vplyv.<\/p>\n\n\n\n<p>Spolo\u010dnosti investuj\u00fa do programov emocion\u00e1lnej podpory, ergon\u00f3mie dom\u00e1cnosti (stoli\u010dky, stoly, osvetlenie), akt\u00edvnych prest\u00e1vok a podpory zdrav\u00fdch n\u00e1vykov.<\/p>\n\n\n\n<h5 class=\"wp-block-heading\"><strong>6. Inkl\u00fazia a rovnos\u0165 na dia\u013eku<\/strong><\/h5>\n\n\n\n<p>Zabezpe\u010dte, aby v\u0161etci zamestnanci mali pr\u00edstup k zdrojom: spo\u013eahliv\u00e9 pripojenie, primeran\u00fd hardv\u00e9r a bezpe\u010dn\u00e9 pracovn\u00e9 prostredie.<\/p>\n\n\n\n<p>Taktie\u017e zabezpe\u010dte, aby t\u00ed, ktor\u00ed pracuj\u00fa na dia\u013eku, nepri\u0161li o pr\u00edle\u017eitosti na kari\u00e9rny postup alebo sa nestali nevidite\u013en\u00fdmi pre vedenie.<\/p>\n\n\n\n<h4 class=\"wp-block-heading\"><strong> V\u00fdhody a rizik\u00e1 pokro\u010dilej pr\u00e1ce na dia\u013eku<\/strong><\/h4>\n\n\n\n<p>Realistick\u00e9 zv\u00e1\u017eenie v\u00fdhod a nev\u00fdhod v\u00e1m umo\u017en\u00ed robi\u0165 lep\u0161ie rozhodnutia.<\/p>\n\n\n\n<h5 class=\"wp-block-heading\"><strong>V\u00fdhody<\/strong><\/h5>\n\n\n\n<ul>\n<li>Zv\u00fd\u0161en\u00e1 produktivita: Mnoho zamestnancov hl\u00e1si rovnak\u00fd alebo vy\u0161\u0161\u00ed v\u00fdkon pri pr\u00e1ci na dia\u013eku alebo v hybridnom prostred\u00ed, preto\u017ee doch\u00e1dza k men\u0161iemu fyzick\u00e9mu preru\u0161eniu pr\u00e1ce.<\/li>\n\n\n\n<li>\u00daspora n\u00e1kladov: pre podniky menej priestoru, menej energie a menej fixn\u00fdch n\u00e1kladov; pre zamestnancov menej dopravy a menej potrav\u00edn m\u00ed\u0148an\u00fdch mimo domova.<\/li>\n\n\n\n<li>Pril\u00e1kanie talentov: Flexibilita je rozhoduj\u00facim faktorom pre potenci\u00e1lnych zamestnancov.<\/li>\n<\/ul>\n\n\n\n<h5 class=\"wp-block-heading\"><strong>Rizik\u00e1<\/strong><\/h5>\n\n\n\n<ul>\n<li>Digit\u00e1lna \u00fanava a rozmazan\u00e9 hranice medzi osobn\u00fdm a pracovn\u00fdm \u017eivotom: pr\u00e1ca bez \u201ezatvorenia dver\u00ed\u201c do fyzickej kancel\u00e1rie m\u00f4\u017ee vies\u0165 k vyhoreniu.<\/li>\n\n\n\n<li>Technologick\u00e1 nerovnos\u0165: Nie ka\u017ed\u00fd m\u00e1 pr\u00edstup k vysokor\u00fdchlostn\u00e9mu internetu, dostato\u010dn\u00e9mu priestoru alebo modern\u00e9mu vybaveniu.<\/li>\n\n\n\n<li>Strata firemnej kult\u00fary a neform\u00e1lnej komunik\u00e1cie: Spont\u00e1nne rozhovory, ktor\u00e9 vznikaj\u00fa v kancel\u00e1rii, sa str\u00e1caj\u00fa; to by mohlo ovplyvni\u0165 kreativitu a s\u00fadr\u017enos\u0165.<\/li>\n<\/ul>\n\n\n\n<h4 class=\"wp-block-heading\"> <strong>Strat\u00e9gie prisp\u00f4sobenia sa pr\u00e1ci na dia\u013eku v roku 2025: nov\u00e9 trendy v dom\u00e1cej kancel\u00e1rii<\/strong><\/h4>\n\n\n\n<p>Aby ste zabezpe\u010dili, \u017ee va\u0161a spolo\u010dnos\u0165 alebo vy ako profesion\u00e1l nezaost\u00e1vate, tu s\u00fa praktick\u00e9 strat\u00e9gie.<\/p>\n\n\n\n<h5 class=\"wp-block-heading\"><strong>A. Stanovenie jasn\u00fdch polit\u00edk<\/strong><\/h5>\n\n\n\n<p>Definujte o\u010dak\u00e1vania: kedy je osobn\u00e1 \u00fa\u010das\u0165 povinn\u00e1, krit\u00e9ri\u00e1 pre vyu\u017e\u00edvanie coworkingov\u00fdch priestorov a flexibiln\u00fd rozvrh.<\/p>\n\n\n\n<p>Dajte v\u0161etk\u00fdm vedie\u0165 kedy, ako a \u010do sa o\u010dak\u00e1va.<\/p>\n\n\n\n<h5 class=\"wp-block-heading\"><strong>B. Invest\u00edcie do primeranej infra\u0161trukt\u00fary<\/strong><\/h5>\n\n\n\n<p>Zabezpe\u010dte, aby va\u0161i zamestnanci pracuj\u00faci na dia\u013eku mali dobr\u00fd pr\u00edstup na internet, spo\u013eahliv\u00fd hardv\u00e9r a dobre udr\u017eiavan\u00e9 priestory.<\/p>\n\n\n\n<p>Ak pou\u017e\u00edvate dom\u00e1cu kancel\u00e1riu, zv\u00e1\u017ete dot\u00e1cie na ergonomick\u00fd n\u00e1bytok, parav\u00e1ny a stoli\u010dky.<\/p>\n\n\n\n<h5 class=\"wp-block-heading\"><strong>C. \u010cast\u00e1 komunik\u00e1cia a kult\u00fara odl\u00fa\u010denia<\/strong><\/h5>\n\n\n\n<p>Pravideln\u00e9 stretnutia, ale aj neform\u00e1lne virtu\u00e1lne priestory na rekre\u00e1ciu a socializ\u00e1ciu. Neust\u00e1la sp\u00e4tn\u00e1 v\u00e4zba: \u010do funguje, \u010do nie a \u00fapravy.<\/p>\n\n\n\n<h5 class=\"wp-block-heading\"><strong>D. \u0160kolenie a du\u0161evn\u00e9 zdravie<\/strong><\/h5>\n\n\n\n<p>\u0160kolenie v oblasti riadenia \u010dasu na dia\u013eku, digit\u00e1lnych n\u00e1strojov a starostlivosti o seba. V pr\u00edpade potreby programy psychologickej podpory.<\/p>\n\n\n\n<p>Uvedomte si, \u017ee pr\u00e1ca na dia\u013eku neznamen\u00e1 by\u0165 neust\u00e1le \u201ev prev\u00e1dzke\u201c.<\/p>\n\n\n\n<p>\u010c\u00edtajte viac:&nbsp;<a href=\"http:\/\/universofamilia.com\/sk\/los-paises-mas-avanzados-en-regulacion-de-ia-en-2025\/\">Najpokro\u010dilej\u0161ie krajiny v regul\u00e1cii umelej inteligencie v roku 2025<\/a><\/p>\n\n\n\n<h4 class=\"wp-block-heading\"><strong>Origin\u00e1lne pr\u00edklady<\/strong><\/h4>\n\n\n\n<p><strong>Pr\u00edklad 1:<\/strong> Softv\u00e9rov\u00e1 spolo\u010dnos\u0165 v Guadalajare zaviedla pre rok 2025 hybridn\u00fd model: pr\u00e1cu na dia\u013eku v pondelky, utorky a \u0161tvrtky; osobn\u00e9 valn\u00e9 zhroma\u017edenie v stredu; a volite\u013en\u00fd coworking v piatok.<\/p>\n\n\n\n<p>Pon\u00fakol mesa\u010dn\u00fa dot\u00e1ciu pre ka\u017ed\u00e9ho v\u00fdvoj\u00e1ra na n\u00e1kup ergonomick\u00e9ho dom\u00e1ceho stola a zaznamenal zn\u00ed\u017eenie ch\u00fdb k\u00f3du o 15 kusov v porovnan\u00ed s predch\u00e1dzaj\u00facim rokom, ke\u010f mal vzdialen\u00fd model so 100 kusmi.<\/p>\n\n\n\n<p><strong>Pr\u00edklad 2:<\/strong> Vzdel\u00e1vacia organiz\u00e1cia v Mexico City spustila virtu\u00e1lne kurzy a administrat\u00edvnu pr\u00e1cu na dia\u013eku, ale zachovala \u0161tvr\u0165ro\u010dn\u00e9 prezen\u010dn\u00e9 kurzy.<\/p>\n\n\n\n<p>Okrem toho zaviedla pre svojich zamestnancov odstup\u0148ovan\u00e9 rozvrhy a zaviedla intern\u00fa platformu, ktor\u00e1 umo\u017e\u0148uje rezerv\u00e1ciu lok\u00e1lnych coworkingov\u00fdch priestorov.<\/p>\n\n\n\n<p>V\u00fdsledok: zv\u00fd\u0161en\u00e1 spokojnos\u0165 zamestnancov (pod\u013ea intern\u00e9ho prieskumu) a zn\u00ed\u017eenie n\u00e1kladov na dopravu pre viac ako 50 u\u010dite\u013eov %.<\/p>\n\n\n\n<h4 class=\"wp-block-heading\"><strong>Relevantn\u00e9 \u0161tatistiky<\/strong><\/h4>\n\n\n\n<p>Glob\u00e1lne \u0161t\u00fadie ukazuj\u00fa, \u017ee po\u010det pracovn\u00edkov na dia\u013eku sa v poslednom \u010dase stabilizoval: priemer <strong>1,23 dn\u00ed v t\u00fd\u017edni<\/strong> pracovali z domu pre \u013eud\u00ed s vy\u0161\u0161\u00edm vzdelan\u00edm, \u010do predstavuje pribli\u017ene <strong>25 % pracovn\u00fdch dn\u00ed<\/strong> v t\u00fdchto pr\u00edpadoch. <\/p>\n\n\n\n<h3 class=\"wp-block-heading\"><strong>Stru\u010dn\u00e9 porovnanie: pr\u00e1ca na dia\u013eku vs. tradi\u010dn\u00e1 kancel\u00e1ria<\/strong><\/h3>\n\n\n\n<figure class=\"wp-block-table\"><table><thead><tr><th>Aspekt<\/th><th>Tradi\u010dn\u00e1 kancel\u00e1ria<\/th><th>Pokro\u010dil\u00e1 pr\u00e1ca na dia\u013eku\/hybridn\u00e1 pr\u00e1ca<\/th><\/tr><\/thead><tbody><tr><td>Flexibiln\u00e1 hodina<\/td><td>Obmedzen\u00e9, rigidn\u00e9<\/td><td>Vysok\u00e1, prisp\u00f4sobite\u013en\u00e1 pod\u013ea osobn\u00fdch cie\u013eov<\/td><\/tr><tr><td>Fyzick\u00e9 n\u00e1klady<\/td><td>Zast\u00e1vky pre dopravu a \u00fadr\u017ebu kancel\u00e1ri\u00ed<\/td><td>Malolet\u00ed pre zamestnancov a firmy<\/td><\/tr><tr><td>Soci\u00e1lna interakcia<\/td><td>Vysok\u00e1, spont\u00e1nna<\/td><td>Mo\u017en\u00fd pokles, vy\u017eaduje si akt\u00edvne strat\u00e9gie<\/td><\/tr><tr><td>Technologick\u00e9 po\u017eiadavky<\/td><td>Z\u00e1kladn\u00e9 v kancel\u00e1rii<\/td><td>Dobr\u00fd internet a digit\u00e1lne n\u00e1stroje s\u00fa nevyhnutn\u00e9.<\/td><\/tr><tr><td>Rovnov\u00e1ha medzi pracovn\u00fdm a s\u00fakromn\u00fdm \u017eivotom<\/td><td>Viac ohrani\u010den\u00e9<\/td><td>Ve\u013emi to z\u00e1vis\u00ed od discipl\u00edny a organiz\u00e1cie<\/td><\/tr><\/tbody><\/table><figcaption class=\"wp-element-caption\">Pr\u00e1ca na dia\u013eku v roku 2025: Nov\u00e9 trendy v pr\u00e1ci z domu<\/figcaption><\/figure>\n\n\n\n<figure class=\"wp-block-gallery aligncenter has-nested-images columns-default is-cropped wp-block-gallery-2 is-layout-flex wp-block-gallery-is-layout-flex\">\n<figure class=\"wp-block-image size-full\"><img loading=\"lazy\" decoding=\"async\" width=\"550\" height=\"350\" data-id=\"9973\" src=\"https:\/\/universofamilia.com\/wp-content\/uploads\/sites\/148\/2025\/10\/DESTAQUE-UNIVERSO-550-x-350-14.jpg\" alt=\"\" class=\"wp-image-9973\" srcset=\"http:\/\/universofamilia.com\/wp-content\/uploads\/sites\/148\/2025\/10\/DESTAQUE-UNIVERSO-550-x-350-14.jpg 550w, http:\/\/universofamilia.com\/wp-content\/uploads\/sites\/148\/2025\/10\/DESTAQUE-UNIVERSO-550-x-350-14-300x191.jpg 300w, http:\/\/universofamilia.com\/wp-content\/uploads\/sites\/148\/2025\/10\/DESTAQUE-UNIVERSO-550-x-350-14-18x12.jpg 18w\" sizes=\"(max-width: 550px) 100vw, 550px\" \/><figcaption class=\"wp-element-caption\">CANVA<\/figcaption><\/figure>\n<\/figure>\n\n\n\n<h3 class=\"wp-block-heading\"><strong>Z\u00e1ver<\/strong><\/h3>\n\n\n\n<p><strong>Pr\u00e1ca na dia\u013eku v roku 2025: Nov\u00e9 trendy v pr\u00e1ci z domu<\/strong> Nie je to len modern\u00e9 ozna\u010denie, ale prirodzen\u00fd v\u00fdvoj pr\u00e1ce v digit\u00e1lnom veku.<\/p>\n\n\n\n<p>Spolo\u010dnosti, ktor\u00e9 investuj\u00fa do skuto\u010dnej flexibility, primeranej infra\u0161trukt\u00fary a \u013eudskej starostlivosti, maj\u00fa lep\u0161iu poz\u00edciu na udr\u017eanie si talentov a zachovanie konkurencieschopnosti.<\/p>\n\n\n\n<p>Nejde o n\u00e1vrat do minulosti s preplnen\u00fdmi kancel\u00e1riami, ani o vnucovanie ne\u0161trukt\u00farovanej pr\u00e1ce na dia\u013eku. Va\u0161imi najlep\u0161\u00edmi spojencami bud\u00fa rovnov\u00e1ha, jasnos\u0165 a prisp\u00f4sobenie sa.<\/p>\n\n\n\n<p>\u010c\u00edtajte viac:<a href=\"http:\/\/universofamilia.com\/sk\/inteligencia-artificial-en-el-dia-a-dia\/\">&nbsp;Umel\u00e1 inteligencia v ka\u017edodennom \u017eivote<\/a><\/p>\n\n\n\n<h3 class=\"wp-block-heading\"><strong>\u010casto kladen\u00e9 ot\u00e1zky<\/strong><\/h3>\n\n\n\n<p><strong>1. Ko\u013eko dn\u00ed v t\u00fd\u017edni sa pova\u017euje za optim\u00e1lne na pr\u00e1cu z domu?<\/strong><br>Z\u00e1le\u017e\u00ed od typu \u00falohy, firemnej kult\u00fary a osobn\u00fdch preferenci\u00ed.<\/p>\n\n\n\n<p>Mnoh\u00e9 modely poukazuj\u00fa na 2 \u2013 3 dni pr\u00e1ce na dia\u013eku v t\u00fd\u017edni ako ide\u00e1lne pre zmie\u0161an\u00e9 role, pri\u010dom sa zachov\u00e1va osobn\u00e1 interakcia pre zos\u00faladenie, kult\u00faru a kreativitu.<\/p>\n\n\n\n<p><strong>2. Ako m\u00f4\u017eem zabr\u00e1ni\u0165 tomu, aby pr\u00e1ca na dia\u013eku ovplyvnila moju vidite\u013enos\u0165 a mo\u017enosti kari\u00e9rneho postupu?<\/strong><br>Udr\u017eujte si virtu\u00e1lnu pr\u00edtomnos\u0165: z\u00fa\u010dast\u0148ujte sa stretnut\u00ed, navrhujte projekty, komunikujte o svojich \u00faspechoch.<\/p>\n\n\n\n<p>Je k\u013e\u00fa\u010dov\u00e9, aby vedenie uzn\u00e1valo pr\u00e1cu na dia\u013eku ako legit\u00edmnu a aby existovali metriky v\u00fdkonnosti zalo\u017een\u00e9 na v\u00fdsledkoch.<\/p>\n\n\n\n<p><strong>3. Ak\u00e9 n\u00e1stroje s\u00fa nevyhnutn\u00e9 pre modern\u00fa pr\u00e1cu na dia\u013eku?<\/strong><br><\/p>\n\n\n\n<p>Stabiln\u00e9 pripojenie a <a href=\"http:\/\/universofamilia.com\/sk\/como-montar-un-home-office-productivo-gastando-poco\/\">Internet<\/a> R\u00fdchle; platformy na spolupr\u00e1cu ako Slack, Microsoft Teams alebo podobn\u00e9; softv\u00e9r na spr\u00e1vu \u00faloh (Trello, Asana, Notion); n\u00e1stroje na videokonferencie; z\u00e1lohovanie \u00fadajov; a rie\u0161enia IT zabezpe\u010denia.<\/p>\n\n\n\n<p><strong>4. Ako zabezpe\u010di\u0165 du\u0161evn\u00fa a fyzick\u00fa pohodu pri pr\u00e1ci z domu?<\/strong><br>Stanovte si rozvrhy s pl\u00e1novan\u00fdmi prest\u00e1vkami, vyhraden\u00fdm pracovn\u00fdm priestorom, ktor\u00fd podporuje s\u00fastredenie, oddych o\u010d\u00ed a pravideln\u00e9 cvi\u010denie.<\/p>\n\n\n\n<p>Oddelenie pracovn\u00fdch priestorov od priestorov na odpo\u010dinok je rovnako d\u00f4le\u017eit\u00e9 ako ma\u0165 dobr\u00e9 digit\u00e1lne n\u00e1stroje.<\/p>","protected":false},"excerpt":{"rendered":"<p>El teletrabajo en 2025: las nuevas tendencias del home office ya forma parte de la estructura laboral de muchas empresas; no es una moda temporal sino una transformaci\u00f3n profunda. En este art\u00edculo vas a conocer: \u00bfSabes cu\u00e1les ser\u00e1n los rasgos que definir\u00e1n el trabajo remoto este a\u00f1o? El estado actual del trabajo remoto en M\u00e9xico [&hellip;]<\/p>","protected":false},"author":219,"featured_media":9992,"comment_status":"closed","ping_status":"open","sticky":false,"template":"","format":"standard","meta":{"footnotes":""},"categories":[5],"tags":[],"yoast_head":"<!-- This site is optimized with the Yoast SEO plugin v23.3 - https:\/\/yoast.com\/wordpress\/plugins\/seo\/ -->\n<title>El teletrabajo en 2025: las nuevas tendencias del home office - Universo Fam\u00edlia<\/title>\n<meta name=\"description\" content=\"El teletrabajo en 2025: las nuevas tendencias del home office ya forma parte de la estructura laboral de muchas empresas; no es una moda...\" \/>\n<meta name=\"robots\" content=\"index, follow, max-snippet:-1, max-image-preview:large, max-video-preview:-1\" \/>\n<link rel=\"canonical\" href=\"http:\/\/universofamilia.com\/sk\/el-teletrabajo-en-2025-las-nuevas-tendencias-del-home-office\/\" \/>\n<meta property=\"og:locale\" content=\"sk_SK\" \/>\n<meta property=\"og:type\" content=\"article\" \/>\n<meta property=\"og:title\" content=\"El teletrabajo en 2025: las nuevas tendencias del home office - Universo Fam\u00edlia\" \/>\n<meta property=\"og:description\" content=\"El teletrabajo en 2025: las nuevas tendencias del home office ya forma parte de la estructura laboral de muchas empresas; no es una moda...\" \/>\n<meta property=\"og:url\" content=\"http:\/\/universofamilia.com\/sk\/el-teletrabajo-en-2025-las-nuevas-tendencias-del-home-office\/\" \/>\n<meta property=\"og:site_name\" content=\"Universo Fam\u00edlia\" \/>\n<meta property=\"article:published_time\" content=\"2025-10-10T20:48:08+00:00\" \/>\n<meta property=\"article:modified_time\" content=\"2025-10-15T19:09:34+00:00\" \/>\n<meta property=\"og:image\" content=\"http:\/\/universofamilia.com\/wp-content\/uploads\/sites\/148\/2025\/10\/Destaque-Universo-3-1.jpg\" \/>\n\t<meta property=\"og:image:width\" content=\"450\" \/>\n\t<meta property=\"og:image:height\" content=\"250\" \/>\n\t<meta property=\"og:image:type\" content=\"image\/jpeg\" \/>\n<meta name=\"author\" content=\"Matheus Sangaletti\" \/>\n<meta name=\"twitter:card\" content=\"summary_large_image\" \/>\n<meta name=\"twitter:label1\" content=\"Written by\" \/>\n\t<meta name=\"twitter:data1\" content=\"Matheus Sangaletti\" \/>\n\t<meta name=\"twitter:label2\" content=\"Est. reading time\" \/>\n\t<meta name=\"twitter:data2\" content=\"8 min\u00fat\" \/>\n<script type=\"application\/ld+json\" class=\"yoast-schema-graph\">{\"@context\":\"https:\/\/schema.org\",\"@graph\":[{\"@type\":\"WebPage\",\"@id\":\"http:\/\/universofamilia.com\/sr\/el-teletrabajo-en-2025-las-nuevas-tendencias-del-home-office\/\",\"url\":\"http:\/\/universofamilia.com\/sr\/el-teletrabajo-en-2025-las-nuevas-tendencias-del-home-office\/\",\"name\":\"El teletrabajo en 2025: las nuevas tendencias del home office - Universo Fam\u00edlia\",\"isPartOf\":{\"@id\":\"http:\/\/universofamilia.com\/zh_hk\/#website\"},\"primaryImageOfPage\":{\"@id\":\"http:\/\/universofamilia.com\/sr\/el-teletrabajo-en-2025-las-nuevas-tendencias-del-home-office\/#primaryimage\"},\"image\":{\"@id\":\"http:\/\/universofamilia.com\/sr\/el-teletrabajo-en-2025-las-nuevas-tendencias-del-home-office\/#primaryimage\"},\"thumbnailUrl\":\"http:\/\/universofamilia.com\/wp-content\/uploads\/sites\/148\/2025\/10\/Destaque-Universo-3-1.jpg\",\"datePublished\":\"2025-10-10T20:48:08+00:00\",\"dateModified\":\"2025-10-15T19:09:34+00:00\",\"author\":{\"@id\":\"http:\/\/universofamilia.com\/zh_hk\/#\/schema\/person\/92fcd07e9b1f4323bf74f3170fc0f78a\"},\"description\":\"El teletrabajo en 2025: las nuevas tendencias del home office ya forma parte de la estructura laboral de muchas empresas; no es una moda...\",\"breadcrumb\":{\"@id\":\"http:\/\/universofamilia.com\/sr\/el-teletrabajo-en-2025-las-nuevas-tendencias-del-home-office\/#breadcrumb\"},\"inLanguage\":\"sk-SK\",\"potentialAction\":[{\"@type\":\"ReadAction\",\"target\":[\"http:\/\/universofamilia.com\/sr\/el-teletrabajo-en-2025-las-nuevas-tendencias-del-home-office\/\"]}]},{\"@type\":\"ImageObject\",\"inLanguage\":\"sk-SK\",\"@id\":\"http:\/\/universofamilia.com\/sr\/el-teletrabajo-en-2025-las-nuevas-tendencias-del-home-office\/#primaryimage\",\"url\":\"http:\/\/universofamilia.com\/wp-content\/uploads\/sites\/148\/2025\/10\/Destaque-Universo-3-1.jpg\",\"contentUrl\":\"http:\/\/universofamilia.com\/wp-content\/uploads\/sites\/148\/2025\/10\/Destaque-Universo-3-1.jpg\",\"width\":450,\"height\":250,\"caption\":\"Trabalho remoto em 2025: as novas tend\u00eancias do home office\"},{\"@type\":\"BreadcrumbList\",\"@id\":\"http:\/\/universofamilia.com\/sr\/el-teletrabajo-en-2025-las-nuevas-tendencias-del-home-office\/#breadcrumb\",\"itemListElement\":[{\"@type\":\"ListItem\",\"position\":1,\"name\":\"Home\",\"item\":\"http:\/\/universofamilia.com\/zh_hk\/\"},{\"@type\":\"ListItem\",\"position\":2,\"name\":\"El teletrabajo en 2025: las nuevas tendencias del home office\"}]},{\"@type\":\"WebSite\",\"@id\":\"http:\/\/universofamilia.com\/zh_hk\/#website\",\"url\":\"http:\/\/universofamilia.com\/zh_hk\/\",\"name\":\"Universo Fam\u00edlia\",\"description\":\"\",\"potentialAction\":[{\"@type\":\"SearchAction\",\"target\":{\"@type\":\"EntryPoint\",\"urlTemplate\":\"http:\/\/universofamilia.com\/zh_hk\/?s={search_term_string}\"},\"query-input\":\"required name=search_term_string\"}],\"inLanguage\":\"sk-SK\"},{\"@type\":\"Person\",\"@id\":\"http:\/\/universofamilia.com\/zh_hk\/#\/schema\/person\/92fcd07e9b1f4323bf74f3170fc0f78a\",\"name\":\"Matheus Sangaletti\",\"image\":{\"@type\":\"ImageObject\",\"inLanguage\":\"sk-SK\",\"@id\":\"http:\/\/universofamilia.com\/zh_hk\/#\/schema\/person\/image\/\",\"url\":\"http:\/\/2.gravatar.com\/avatar\/280ea957a14a48e6a1ad2133d2cc27c9?s=96&d=mm&r=g\",\"contentUrl\":\"http:\/\/2.gravatar.com\/avatar\/280ea957a14a48e6a1ad2133d2cc27c9?s=96&d=mm&r=g\",\"caption\":\"Matheus Sangaletti\"},\"url\":\"http:\/\/universofamilia.com\/sk\/author\/matheuss\/\"}]}<\/script>\n<!-- \/ Yoast SEO plugin. -->","yoast_head_json":{"title":"El teletrabajo en 2025: las nuevas tendencias del home office - Universo Fam\u00edlia","description":"El teletrabajo en 2025: las nuevas tendencias del home office ya forma parte de la estructura laboral de muchas empresas; no es una moda...","robots":{"index":"index","follow":"follow","max-snippet":"max-snippet:-1","max-image-preview":"max-image-preview:large","max-video-preview":"max-video-preview:-1"},"canonical":"http:\/\/universofamilia.com\/sk\/el-teletrabajo-en-2025-las-nuevas-tendencias-del-home-office\/","og_locale":"sk_SK","og_type":"article","og_title":"El teletrabajo en 2025: las nuevas tendencias del home office - Universo Fam\u00edlia","og_description":"El teletrabajo en 2025: las nuevas tendencias del home office ya forma parte de la estructura laboral de muchas empresas; no es una moda...","og_url":"http:\/\/universofamilia.com\/sk\/el-teletrabajo-en-2025-las-nuevas-tendencias-del-home-office\/","og_site_name":"Universo Fam\u00edlia","article_published_time":"2025-10-10T20:48:08+00:00","article_modified_time":"2025-10-15T19:09:34+00:00","og_image":[{"width":450,"height":250,"url":"http:\/\/universofamilia.com\/wp-content\/uploads\/sites\/148\/2025\/10\/Destaque-Universo-3-1.jpg","type":"image\/jpeg"}],"author":"Matheus Sangaletti","twitter_card":"summary_large_image","twitter_misc":{"Written by":"Matheus Sangaletti","Est. reading time":"8 min\u00fat"},"schema":{"@context":"https:\/\/schema.org","@graph":[{"@type":"WebPage","@id":"http:\/\/universofamilia.com\/sr\/el-teletrabajo-en-2025-las-nuevas-tendencias-del-home-office\/","url":"http:\/\/universofamilia.com\/sr\/el-teletrabajo-en-2025-las-nuevas-tendencias-del-home-office\/","name":"El teletrabajo en 2025: las nuevas tendencias del home office - Universo Fam\u00edlia","isPartOf":{"@id":"http:\/\/universofamilia.com\/zh_hk\/#website"},"primaryImageOfPage":{"@id":"http:\/\/universofamilia.com\/sr\/el-teletrabajo-en-2025-las-nuevas-tendencias-del-home-office\/#primaryimage"},"image":{"@id":"http:\/\/universofamilia.com\/sr\/el-teletrabajo-en-2025-las-nuevas-tendencias-del-home-office\/#primaryimage"},"thumbnailUrl":"http:\/\/universofamilia.com\/wp-content\/uploads\/sites\/148\/2025\/10\/Destaque-Universo-3-1.jpg","datePublished":"2025-10-10T20:48:08+00:00","dateModified":"2025-10-15T19:09:34+00:00","author":{"@id":"http:\/\/universofamilia.com\/zh_hk\/#\/schema\/person\/92fcd07e9b1f4323bf74f3170fc0f78a"},"description":"El teletrabajo en 2025: las nuevas tendencias del home office ya forma parte de la estructura laboral de muchas empresas; no es una moda...","breadcrumb":{"@id":"http:\/\/universofamilia.com\/sr\/el-teletrabajo-en-2025-las-nuevas-tendencias-del-home-office\/#breadcrumb"},"inLanguage":"sk-SK","potentialAction":[{"@type":"ReadAction","target":["http:\/\/universofamilia.com\/sr\/el-teletrabajo-en-2025-las-nuevas-tendencias-del-home-office\/"]}]},{"@type":"ImageObject","inLanguage":"sk-SK","@id":"http:\/\/universofamilia.com\/sr\/el-teletrabajo-en-2025-las-nuevas-tendencias-del-home-office\/#primaryimage","url":"http:\/\/universofamilia.com\/wp-content\/uploads\/sites\/148\/2025\/10\/Destaque-Universo-3-1.jpg","contentUrl":"http:\/\/universofamilia.com\/wp-content\/uploads\/sites\/148\/2025\/10\/Destaque-Universo-3-1.jpg","width":450,"height":250,"caption":"Trabalho remoto em 2025: as novas tend\u00eancias do home office"},{"@type":"BreadcrumbList","@id":"http:\/\/universofamilia.com\/sr\/el-teletrabajo-en-2025-las-nuevas-tendencias-del-home-office\/#breadcrumb","itemListElement":[{"@type":"ListItem","position":1,"name":"Home","item":"http:\/\/universofamilia.com\/zh_hk\/"},{"@type":"ListItem","position":2,"name":"El teletrabajo en 2025: las nuevas tendencias del home office"}]},{"@type":"WebSite","@id":"http:\/\/universofamilia.com\/zh_hk\/#website","url":"http:\/\/universofamilia.com\/zh_hk\/","name":"Universo Fam\u00edlia","description":"","potentialAction":[{"@type":"SearchAction","target":{"@type":"EntryPoint","urlTemplate":"http:\/\/universofamilia.com\/zh_hk\/?s={search_term_string}"},"query-input":"required name=search_term_string"}],"inLanguage":"sk-SK"},{"@type":"Person","@id":"http:\/\/universofamilia.com\/zh_hk\/#\/schema\/person\/92fcd07e9b1f4323bf74f3170fc0f78a","name":"Matheus Sangaletti","image":{"@type":"ImageObject","inLanguage":"sk-SK","@id":"http:\/\/universofamilia.com\/zh_hk\/#\/schema\/person\/image\/","url":"http:\/\/2.gravatar.com\/avatar\/280ea957a14a48e6a1ad2133d2cc27c9?s=96&d=mm&r=g","contentUrl":"http:\/\/2.gravatar.com\/avatar\/280ea957a14a48e6a1ad2133d2cc27c9?s=96&d=mm&r=g","caption":"Matheus Sangaletti"},"url":"http:\/\/universofamilia.com\/sk\/author\/matheuss\/"}]}},"_links":{"self":[{"href":"http:\/\/universofamilia.com\/sk\/wp-json\/wp\/v2\/posts\/9970"}],"collection":[{"href":"http:\/\/universofamilia.com\/sk\/wp-json\/wp\/v2\/posts"}],"about":[{"href":"http:\/\/universofamilia.com\/sk\/wp-json\/wp\/v2\/types\/post"}],"author":[{"embeddable":true,"href":"http:\/\/universofamilia.com\/sk\/wp-json\/wp\/v2\/users\/219"}],"replies":[{"embeddable":true,"href":"http:\/\/universofamilia.com\/sk\/wp-json\/wp\/v2\/comments?post=9970"}],"version-history":[{"count":4,"href":"http:\/\/universofamilia.com\/sk\/wp-json\/wp\/v2\/posts\/9970\/revisions"}],"predecessor-version":[{"id":10159,"href":"http:\/\/universofamilia.com\/sk\/wp-json\/wp\/v2\/posts\/9970\/revisions\/10159"}],"wp:featuredmedia":[{"embeddable":true,"href":"http:\/\/universofamilia.com\/sk\/wp-json\/wp\/v2\/media\/9992"}],"wp:attachment":[{"href":"http:\/\/universofamilia.com\/sk\/wp-json\/wp\/v2\/media?parent=9970"}],"wp:term":[{"taxonomy":"category","embeddable":true,"href":"http:\/\/universofamilia.com\/sk\/wp-json\/wp\/v2\/categories?post=9970"},{"taxonomy":"post_tag","embeddable":true,"href":"http:\/\/universofamilia.com\/sk\/wp-json\/wp\/v2\/tags?post=9970"}],"curies":[{"name":"wp","href":"https:\/\/api.w.org\/{rel}","templated":true}]}}