{"id":10479,"date":"2025-12-29T09:09:19","date_gmt":"2025-12-29T12:09:19","guid":{"rendered":"https:\/\/universofamilia.com\/?p=10479"},"modified":"2025-12-29T09:11:25","modified_gmt":"2025-12-29T12:11:25","slug":"la-salud-mental-en-la-mira","status":"publish","type":"post","link":"http:\/\/universofamilia.com\/zh_hk\/la-salud-mental-en-la-mira\/","title":{"rendered":"\u5fc3\u7406\u5065\u5eb7\u6210\u70ba\u7126\u9ede\uff1a21\u4e16\u7d00\u65b0\u7684\u5168\u7403\u6311\u6230"},"content":{"rendered":"<p class=\"has-text-align-center\"><strong>\u5fc3\u7406\u5065\u5eb7\u6210\u70ba\u7126\u9ede\uff1a21\u4e16\u7d00\u65b0\u7684\u5168\u7403\u6311\u6230\u3002<\/strong> \u9019\u4e0d\u518d\u662f\u5371\u8a00\u8073\u807d\u7684\u53e3\u865f\uff0c\u4e5f\u4e0d\u662f\u91ab\u5b78\u9818\u57df\u7368\u6709\u7684\u554f\u984c\u3002<\/p>\n\n\n\n<figure class=\"wp-block-gallery has-nested-images columns-default is-cropped wp-block-gallery-1 is-layout-flex wp-block-gallery-is-layout-flex\">\n<figure class=\"wp-block-image size-full\"><img loading=\"lazy\" decoding=\"async\" width=\"450\" height=\"250\" data-id=\"10481\" src=\"https:\/\/universofamilia.com\/wp-content\/uploads\/sites\/148\/2025\/12\/Destaque-Novo-Universo-20-1.jpg\" alt=\"\" class=\"wp-image-10481\" srcset=\"http:\/\/universofamilia.com\/wp-content\/uploads\/sites\/148\/2025\/12\/Destaque-Novo-Universo-20-1.jpg 450w, http:\/\/universofamilia.com\/wp-content\/uploads\/sites\/148\/2025\/12\/Destaque-Novo-Universo-20-1-300x167.jpg 300w, http:\/\/universofamilia.com\/wp-content\/uploads\/sites\/148\/2025\/12\/Destaque-Novo-Universo-20-1-18x10.jpg 18w\" sizes=\"(max-width: 450px) 100vw, 450px\" \/><figcaption class=\"wp-element-caption\">\u5fc3\u7406\u5065\u5eb7\u6210\u70ba\u7126\u9ede\uff1a21\u4e16\u7d00\u65b0\u7684\u5168\u7403\u6311\u6230\u3002<\/figcaption><\/figure>\n<\/figure>\n\n\n\n<p class=\"has-text-align-center\">\u5b83\u6210\u70ba\u4e00\u9805\u8d85\u8d8a\u5e74\u9f61\u3001\u8077\u696d\u548c\u6587\u5316\u7684\u793e\u6703\u3001\u7d93\u6fdf\u548c\u653f\u6cbb\u512a\u5148\u4e8b\u9805\u3002<\/p>\n\n\n\n<p class=\"has-text-align-center\">\u5230 2025 \u5e74\uff0c\u8ac7\u8ad6\u60c5\u7dd2\u5065\u5eb7\u610f\u5473\u8457\u8ac7\u8ad6\u751f\u7522\u529b\u3001\u4eba\u969b\u95dc\u4fc2\u3001\u6559\u80b2\u3001\u79d1\u6280\u548c\u751f\u6d3b\u54c1\u8cea\u3002<\/p>\n\n\n\n<p>\u5728\u6df1\u5165\u63a2\u8a0e\u4e4b\u524d\uff0c\u503c\u5f97\u56de\u9867\u4e00\u4e0b\u7c21\u8981\u6982\u8ff0\uff1a\u70ba\u4ec0\u9ebc\u5fc3\u7406\u5065\u5eb7\u662f\u7576\u4eca\u5168\u7403\u8faf\u8ad6\u7684\u7126\u9ede\uff0c\u54ea\u4e9b\u56e0\u7d20\u5c0e\u81f4\u4e86\u5fc3\u7406\u5065\u5eb7\u72c0\u6cc1\u7684\u60e1\u5316\uff0c\u4ee5\u53ca\u5b83\u5982\u4f55\u5f71\u97ff\u7d93\u6fdf\u548c\u65e5\u5e38\u751f\u6d3b\u3002<\/p>\n\n\n\n<p>\u4e00\u500b\u7531\u570b\u969b\u7d44\u7e54\u652f\u6301\u7684\u95dc\u9375\u7d71\u8a08\u6578\u64da\u3001\u5169\u500b\u73fe\u5be6\u4e16\u754c\u7684\u4f8b\u5b50\u3001\u4e00\u500b\u555f\u767c\u6027\u7684\u985e\u6bd4\u3001\u4e00\u500b\u5217\u51fa\u7576\u524d\u6311\u6230\u7684\u8868\u683c\u4ee5\u53ca\u4e00\u500b\u5e38\u898b\u554f\u984c\u89e3\u7b54\u90e8\u5206\u3002<\/p>\n\n\n\n<h2 class=\"wp-block-heading\"><strong>\u70ba\u4ec0\u9ebc\u5fc3\u7406\u5065\u5eb7\u5df2\u6210\u70ba\u5168\u7403\u8a0e\u8ad6\u7684\u7126\u9ede<\/strong><\/h2>\n\n\n\n<p>\u5e7e\u5341\u5e74\u4f86\uff0c\u5fc3\u7406\u5065\u5eb7\u554f\u984c\u4e00\u76f4\u88ab\u5ffd\u8996\u3002\u7136\u800c\uff0c21\u4e16\u7d00\u7684\u5feb\u901f\u8b8a\u5316\u8feb\u4f7f\u6211\u5011\u6b63\u8996\u9019\u500b\u4e00\u76f4\u5728\u6084\u6084\u6ecb\u9577\u7684\u554f\u984c\u3002<\/p>\n\n\n\n<p>\u9ad8\u5f37\u5ea6\u7684\u5de5\u4f5c\u7bc0\u594f\u3001\u9ad8\u5ea6\u4e92\u806f\u3001\u7d93\u6fdf\u7684\u4e0d\u78ba\u5b9a\u6027\u4ee5\u53ca\u6df1\u523b\u7684\u793e\u6703\u8b8a\u9769\uff0c\u5171\u540c\u5275\u9020\u4e86\u4e00\u500b\u8907\u96dc\u7684\u6ecb\u9577\u74b0\u5883\u3002<\/p>\n\n\n\n<p>\u5728\u6b64\u80cc\u666f\u4e0b\uff0c <strong>\u5fc3\u7406\u5065\u5eb7\u6210\u70ba\u7126\u9ede\uff1a21\u4e16\u7d00\u65b0\u7684\u5168\u7403\u6311\u6230\u3002<\/strong> \u5b83\u4e0d\u518d\u662f\u5b78\u8853\u8853\u8a9e\uff0c\u800c\u8b8a\u6210\u4e86\u65e5\u5e38\u751f\u6d3b\u4e2d\u7684\u73fe\u5be6\u3002<\/p>\n\n\n\n<p>\u5982\u4eca\uff0c\u5404\u570b\u653f\u5e9c\u3001\u4f01\u696d\u548c\u6559\u80b2\u7cfb\u7d71\u90fd\u610f\u8b58\u5230\uff0c\u5ffd\u8996\u9019\u4e00\u65b9\u9762\u6703\u9020\u6210\u5be6\u969b\u800c\u6602\u8cb4\u7684\u5f8c\u679c\u3002<\/p>\n\n\n\n<h2 class=\"wp-block-heading\"><strong>\u4e00\u500b\u4e0d\u5206\u570b\u754c\u3001\u4e0d\u5206\u5e74\u9f61\u7684\u554f\u984c\u3002<\/strong><\/h2>\n\n\n\n<p>\u5fc3\u7406\u5065\u5eb7\u554f\u984c\u4e26\u975e\u53ea\u5f71\u97ff\u67d0\u4e9b\u570b\u5bb6\u6216\u793e\u6703\u7fa4\u9ad4\u3002<\/p>\n\n\n\n<p>\u9019\u662f\u4e00\u500b\u666e\u904d\u73fe\u8c61\u3002\u5e74\u8f15\u4eba\u3001\u6210\u5e74\u4eba\u548c\u8001\u5e74\u4eba\u90fd\u9762\u81e8\u65e5\u76ca\u52a0\u5287\u7684\u58d3\u529b\u3001\u7126\u616e\u548c\u60c5\u7dd2\u8017\u7aed\u3002<\/p>\n\n\n\n<p>\u6839\u64da\u6578\u64da <strong>\u4e16\u754c\u885b\u751f\u7d44\u7e54\uff08\u4e16\u885b\u7d44\u7e54\uff09<\/strong>\uff0c \u5927\u7d04 <strong>\u5168\u7403\u6bcf8\u4eba\u5c31\u67091\u4eba\u60a3\u6709\u67d0\u7a2e\u5f62\u5f0f\u7684\u7cbe\u795e\u969c\u7919<\/strong>\u9019\u4e00\u6578\u5b57\u53cd\u6620\u4e86\u6311\u6230\u7684\u898f\u6a21\u53ca\u5176\u5c0d\u885b\u751f\u7cfb\u7d71\u548c\u5168\u7403\u7d93\u6fdf\u7684\u76f4\u63a5\u5f71\u97ff\u3002<\/p>\n\n\n\n<p>\u8a72\u6a5f\u69cb\u6700\u8fd1\u767c\u5e03\u7684\u5831\u544a\u66f4\u65b0\u4e86\u9019\u4e9b\u6578\u64da\uff0c\u8b49\u5be6\u9019\u4e9b\u4e26\u975e\u5b64\u7acb\u4e8b\u4ef6\uff0c\u800c\u662f\u4e00\u500b\u7d50\u69cb\u6027\u554f\u984c\u3002<\/p>\n\n\n\n<h2 class=\"wp-block-heading\"><strong>\u5c0d\u7d93\u6fdf\u548c\u5de5\u4f5c\u7684\u7121\u8072\u5f71\u97ff<\/strong><\/h2>\n\n\n\n<p>\u9664\u4e86\u7d66\u500b\u4eba\u5e36\u4f86\u75db\u82e6\u4e4b\u5916\uff0c\u5fc3\u7406\u5065\u5eb7\u53d7\u640d\u9084\u6703\u5f71\u97ff\u751f\u7522\u529b\uff0c\u589e\u52a0\u7f3a\u52e4\u7387\uff0c\u4e26\u63d0\u9ad8\u91ab\u7642\u6210\u672c\u3002<\/p>\n\n\n\n<p>\u4f01\u696d\u958b\u59cb\u610f\u8b58\u5230\uff0c\u95dc\u6ce8\u54e1\u5de5\u7684\u60c5\u7dd2\u5065\u5eb7\u4e0d\u662f\u984d\u5916\u7684\u798f\u5229\uff0c\u800c\u662f\u4e00\u9805\u7b56\u7565\u6027\u6295\u8cc7\u3002<\/p>\n\n\n\n<p>\u5230 2025 \u5e74\uff0c\u8a31\u591a\u7d44\u7e54\u5c07\u6574\u5408\u5fc3\u7406\u652f\u6301\u8a08\u756b\u3001\u5f48\u6027\u7684\u5de5\u4f5c\u6642\u9593\u5b89\u6392\u548c\u6578\u4f4d\u65b7\u7db2\u653f\u7b56\u3002<\/p>\n\n\n\n<p>\u4ed6\u5011\u9019\u6a23\u505a\u4e0d\u50c5\u662f\u51fa\u65bc\u793e\u6703\u8cac\u4efb\u611f\uff0c\u800c\u4e14\u662f\u56e0\u70ba\u7d50\u679c\u8868\u660e\uff0c\u7e3e\u6548\u548c\u656c\u696d\u5ea6\u90fd\u6709\u4e86\u660e\u986f\u7684\u63d0\u5347\u3002<\/p>\n\n\n\n<h2 class=\"wp-block-heading\"><strong>\u6280\u8853\uff1a\u65e2\u662f\u76df\u53cb\uff0c\u4e5f\u662f\u98a8\u96aa<\/strong><\/h2>\n\n\n\n<p>\u79d1\u6280\u626e\u6f14\u8457\u96d9\u91cd\u89d2\u8272\u3002\u4e00\u65b9\u9762\uff0c\u5b83\u65b9\u4fbf\u4e86\u4eba\u5011\u7372\u53d6\u8cc7\u8a0a\u3001\u7dda\u4e0a\u6cbb\u7642\u548c\u652f\u6301\u793e\u5340\u3002<\/p>\n\n\n\n<p>\u53e6\u4e00\u65b9\u9762\uff0c\u5b83\u52a0\u5287\u4e86\u793e\u6703\u6bd4\u8f03\u3001\u904e\u5ea6\u66dd\u5149\u4ee5\u53ca\u96e3\u4ee5\u812b\u96e2\u793e\u4ea4\u74b0\u5883\u7684\u73fe\u8c61\u3002<\/p>\n\n\n\n<p>\u771f\u6b63\u7684\u6311\u6230\u5728\u65bc\u5982\u4f55\u660e\u667a\u5730\u4f7f\u7528\u6578\u4f4d\u5de5\u5177\u3002<\/p>\n\n\n\n<p>\u95dc\u9375\u4e0d\u5728\u65bc\u5996\u9b54\u5316\u79d1\u6280\uff0c\u800c\u662f\u5efa\u7acb\u5065\u5eb7\u7684\u754c\u9650\uff0c\u4f7f\u6211\u5011\u80fd\u5920\u5728\u4e0d\u72a7\u7272\u60c5\u7dd2\u5e73\u8861\u7684\u524d\u63d0\u4e0b\u4eab\u53d7\u79d1\u6280\u5e36\u4f86\u7684\u597d\u8655\u3002<\/p>\n\n\n\n<h2 class=\"wp-block-heading\"><strong>\u60c5\u611f\u6559\u80b2\uff1a\u4e00\u4efd\u6b77\u53f2\u50b5\u52d9<\/strong><\/h2>\n\n\n\n<p>\u591a\u5e74\u4f86\uff0c\u6559\u80b2\u9ad4\u7cfb\u512a\u5148\u8003\u616e\u5b78\u8853\u5167\u5bb9\uff0c\u5ffd\u7565\u4e86\u57fa\u672c\u7684\u60c5\u7dd2\u6280\u80fd\u3002\u5982\u4eca\uff0c\u9019\u7a2e\u758f\u5ffd\u6b63\u9020\u6210\u4e0d\u826f\u5f8c\u679c\u3002<\/p>\n\n\n\n<p>\u60c5\u7dd2\u667a\u5546\u6b63\u9010\u6f38\u6210\u70ba\u4e00\u9805\u8feb\u5207\u9700\u6c42\u3002<\/p>\n\n\n\n<p>\u5f9e\u5c0f\u57f9\u990a\u58d3\u529b\u7ba1\u7406\u3001\u540c\u7406\u5fc3\u548c\u81ea\u6211\u610f\u8b58\uff0c\u4e0d\u50c5\u53ef\u4ee5\u9810\u9632\u672a\u4f86\u7684\u75be\u75c5\uff0c\u9084\u80fd\u57f9\u990a\u51fa\u66f4\u6709\u97cc\u6027\u548c\u8cac\u4efb\u611f\u7684\u516c\u6c11\u3002<\/p>\n\n\n\n<h3 class=\"wp-block-heading\"><strong>\u4f8b 1<\/strong><\/h3>\n\n\n\n<p>\u62c9\u4e01\u7f8e\u6d32\u7684\u4e00\u6240\u516c\u7acb\u5b78\u6821\u6bcf\u9031\u90fd\u6703\u9032\u884c\u60c5\u7dd2\u6559\u80b2\u5de5\u4f5c\u574a\u3002<\/p>\n\n\n\n<p>\u6839\u64da\u8a72\u6559\u80b2\u4e2d\u5fc3\u7684\u5167\u90e8\u5831\u544a\u986f\u793a\uff0c\u4e0d\u5230\u4e00\u5e74\u6642\u9593\uff0c\u5b78\u751f\u4e4b\u9593\u7684\u885d\u7a81\u6e1b\u5c11\uff0c\u6574\u9ad4\u5b78\u696d\u6210\u7e3e\u6709\u6240\u63d0\u9ad8\u3002<\/p>\n\n\n\n<h2 class=\"wp-block-heading\"><strong>\u6c61\u540d\uff1a\u6700\u9811\u56fa\u7684\u6575\u4eba<\/strong><\/h2>\n\n\n\n<p>\u5118\u7ba1\u8f3f\u8ad6\u98a8\u5411\u6709\u6240\u6539\u8b8a\uff0c\u4f46\u793e\u6703\u504f\u898b\u4f9d\u7136\u5b58\u5728\u3002\u8a31\u591a\u4eba\u56e0\u70ba\u5bb3\u6015\u53d7\u5230\u793e\u6703\u6216\u8077\u696d\u4e0a\u7684\u8a55\u5224\u800c\u907f\u514d\u5c0b\u6c42\u5e6b\u52a9\u3002<\/p>\n\n\n\n<p>\u9019\u7a2e\u6c89\u9ed8\u6703\u52a0\u5287\u75c7\u72c0\uff0c\u4e26\u5ef6\u8aa4\u6709\u6548\u6cbb\u7642\u3002<\/p>\n\n\n\n<p>\u5c07\u5fc3\u7406\u5065\u5eb7\u8996\u70ba\u6574\u9ad4\u5065\u5eb7\u4e0d\u53ef\u6216\u7f3a\u7684\u4e00\u90e8\u5206\u81f3\u95dc\u91cd\u8981\u3002\u516c\u958b\u8ac7\u8ad6\u5fc3\u7406\u5065\u5eb7\u53ef\u4ee5\u7bc0\u7701\u6642\u9593\u3001\u8cc7\u6e90\uff0c\u5728\u67d0\u4e9b\u60c5\u6cc1\u4e0b\u751a\u81f3\u53ef\u4ee5\u633d\u6551\u751f\u547d\u3002<\/p>\n\n\n\n<h2 class=\"wp-block-heading\"><strong>\u6709\u52a9\u65bc\u7406\u89e3\u7dca\u8feb\u6027\u7684\u985e\u6bd4<\/strong><\/h2>\n\n\n\n<p>\u7167\u9867\u597d\u4f60\u7684\u5fc3\u7406\u5065\u5eb7\u8207\u2026\u985e\u4f3c <strong>\u7dad\u8b77\u8a2d\u5099\u7684\u4f5c\u696d\u7cfb\u7d71<\/strong>.<\/p>\n\n\n\n<p>\u5373\u4f7f\u64c1\u6709\u6700\u597d\u7684\u786c\u9ad4\uff0c\u5982\u679c\u8edf\u9ad4\u51fa\u73fe\u6545\u969c\uff0c\u6574\u500b\u7cfb\u7d71\u4e5f\u6703\u8b8a\u5f97\u904b\u4f5c\u7de9\u6162\u3001\u4e0d\u7a69\u5b9a\u4e14\u6f0f\u6d1e\u767e\u51fa\u3002\u5ffd\u8996\u8b66\u8a0a\u53ea\u6703\u9032\u4e00\u6b65\u964d\u4f4e\u6574\u9ad4\u6548\u80fd\u3002<\/p>\n\n\n\n<h2 class=\"wp-block-heading\"><strong>\u516c\u5171\u653f\u7b56\u8207\u96c6\u9ad4\u8cac\u4efb<\/strong><\/h2>\n\n\n\n<p>\u5404\u570b\u653f\u5e9c\u9762\u81e8\u5236\u5b9a\u5168\u9762\u3001\u6613\u65bc\u53d6\u5f97\u548c\u6c38\u7e8c\u653f\u7b56\u7684\u6311\u6230\u3002<\/p>\n\n\n\n<p>\u50c5\u50c5\u589e\u52a0\u9810\u7b97\u662f\u4e0d\u5920\u7684\uff1b\u9700\u8981\u5354\u8abf\u885b\u751f\u3001\u6559\u80b2\u3001\u52de\u52d5\u529b\u548c\u793e\u6703\u767c\u5c55\u7b49\u65b9\u9762\u7684\u5de5\u4f5c\u3002<\/p>\n\n\n\n<p>\u540c\u6642\uff0c\u8cac\u4efb\u4e26\u4e0d\u5b8c\u5168\u5728\u65bc\u9019\u4e9b\u6a5f\u69cb\u3002<\/p>\n\n\n\n<p>\u793e\u5340\u3001\u5bb6\u5ead\u548c\u5de5\u4f5c\u74b0\u5883\u5728\u9810\u9632\u548c\u652f\u6301\u65b9\u9762\u767c\u63ee\u8457\u81f3\u95dc\u91cd\u8981\u7684\u4f5c\u7528\u3002<\/p>\n\n\n\n<h2 class=\"wp-block-heading\"><strong>\u8868\u683c\uff1a\u7576\u524d\u5fc3\u7406\u5065\u5eb7\u9818\u57df\u7684\u4e3b\u8981\u6311\u6230<\/strong><\/h2>\n\n\n\n<figure class=\"wp-block-table\"><table><thead><tr><th>\u5168\u7403\u6311\u6230<\/th><th>\u4e3b\u8981\u5f71\u97ff<\/th><\/tr><\/thead><tbody><tr><td>\u9577\u671f\u5de5\u4f5c\u58d3\u529b<\/td><td>\u5026\u6020\u548c\u4f4e\u751f\u7522\u529b<\/td><\/tr><tr><td>\u793e\u6703\u6c61\u540d\u5316<\/td><td>\u7f3a\u4e4f\u65e9\u671f\u8a3a\u65b7<\/td><\/tr><tr><td>\u7372\u5f97\u91ab\u7642\u670d\u52d9\u7684\u6a5f\u6703\u6709\u9650<\/td><td>\u516c\u5171\u885b\u751f\u9818\u57df\u7684\u5dee\u8ddd<\/td><\/tr><tr><td>\u904e\u5ea6\u4f7f\u7528\u6280\u8853<\/td><td>\u7126\u616e\u548c\u60c5\u611f\u758f\u96e2<\/td><\/tr><tr><td>\u7f3a\u4e4f\u60c5\u611f\u6559\u80b2<\/td><td>\u793e\u6703\u97cc\u6027\u964d\u4f4e<\/td><\/tr><\/tbody><\/table><figcaption class=\"wp-element-caption\">\u5fc3\u7406\u5065\u5eb7\u6210\u70ba\u7126\u9ede\uff1a21\u4e16\u7d00\u65b0\u7684\u5168\u7403\u6311\u6230\u3002<\/figcaption><\/figure>\n\n\n\n<figure class=\"wp-block-gallery has-nested-images columns-default is-cropped wp-block-gallery-2 is-layout-flex wp-block-gallery-is-layout-flex\">\n<figure class=\"wp-block-image size-full\"><img loading=\"lazy\" decoding=\"async\" width=\"450\" height=\"250\" data-id=\"10482\" src=\"https:\/\/universofamilia.com\/wp-content\/uploads\/sites\/148\/2025\/12\/Destaque-Novo-Universo-21.jpg\" alt=\"\" class=\"wp-image-10482\" srcset=\"http:\/\/universofamilia.com\/wp-content\/uploads\/sites\/148\/2025\/12\/Destaque-Novo-Universo-21.jpg 450w, http:\/\/universofamilia.com\/wp-content\/uploads\/sites\/148\/2025\/12\/Destaque-Novo-Universo-21-300x167.jpg 300w, http:\/\/universofamilia.com\/wp-content\/uploads\/sites\/148\/2025\/12\/Destaque-Novo-Universo-21-18x10.jpg 18w\" sizes=\"(max-width: 450px) 100vw, 450px\" \/><figcaption class=\"wp-element-caption\">\u5fc3\u7406\u5065\u5eb7\u6210\u70ba\u7126\u9ede\uff1a21\u4e16\u7d00\u65b0\u7684\u5168\u7403\u6311\u6230\u3002<\/figcaption><\/figure>\n<\/figure>\n\n\n\n<p>\u95b1\u8b80\u66f4\u591a\uff1a\u00a0<a href=\"http:\/\/universofamilia.com\/zh_hk\/descubrimientos-cientificos-que-cambiaran-el-futuro\/\">\u5c07\u6539\u8b8a\u672a\u4f86\u7684\u79d1\u5b78\u767c\u73fe<\/a><\/p>\n\n\n\n<h2 class=\"wp-block-heading\"><strong>\u8aaa\u8a71\u3001\u50be\u807d\u548c\u884c\u52d5\u7684\u91cd\u8981\u6027<\/strong><\/h2>\n\n\n\n<p>\u5275\u9020\u771f\u8aa0\u5c0d\u8a71\u7684\u7a7a\u9593\u81f3\u95dc\u91cd\u8981\u3002\u50be\u807d\u800c\u4e0d\u8a55\u5224\uff0c\u4e26\u8a8d\u53ef\u5c0d\u65b9\u7684\u60c5\u7dd2\uff0c\u80fd\u5920\u52a0\u5f37\u5f7c\u6b64\u9593\u7684\u806f\u7e6b\uff0c\u6e1b\u5c11\u5b64\u7368\u611f\u3002<\/p>\n\n\n\n<p>\u6b64\u5916\uff0c\u5b83\u9084\u63d0\u5021\u4e00\u7a2e\u6587\u5316\uff0c\u5728\u9019\u7a2e\u6587\u5316\u4e2d\uff0c\u5c0b\u6c42\u5e6b\u52a9\u4e0d\u88ab\u8996\u70ba\u8edf\u5f31\u7684\u8868\u73fe\uff0c\u800c\u662f\u500b\u4eba\u7684\u8cac\u4efb\u3002<\/p>\n\n\n\n<h3 class=\"wp-block-heading\"><strong>\u4f8b 2<\/strong><\/h3>\n\n\n\n<p>\u4e00\u5bb6\u670d\u52d9\u516c\u53f8\u958b\u5c55\u4e86\u81ea\u9858\u53c3\u52a0\u7684\u5fc3\u7406\u652f\u6301\u8ab2\u7a0b\u3002<\/p>\n\n\n\n<p>\u516d\u500b\u6708\u5f8c\uff0c\u5404\u5718\u968a\u5831\u544a\u51dd\u805a\u529b\u589e\u5f37\uff0c\u611f\u77e5\u58d3\u529b\u964d\u4f4e\uff0c\u9019\u53cd\u6620\u5728\u5167\u90e8\u5de5\u4f5c\u5834\u6240\u6c1b\u570d\u8a55\u4f30\u4e2d\u3002<\/p>\n\n\n\n<h2 class=\"wp-block-heading\"><strong>\u70ba\u4ec0\u9ebc\u8aaa\u9019\u9805\u6311\u6230\u5b9a\u7fa9\u4e8621\u4e16\u7d00\uff1f<\/strong><\/h2>\n\n\n\n<p>\u56e0\u70ba\u4eba\u985e\u6b77\u53f2\u4e0a\u5f9e\u672a\u6709\u904e\u5982\u6b64\u591a\u7684\u4fe1\u606f\uff0c\u540c\u6642\u53c8\u9762\u81e8\u5982\u6b64\u591a\u7684\u58d3\u529b\u56e0\u7d20\u3002<\/p>\n\n\n\n<p>\u5168\u7403\u5316\u3001\u6c23\u5019\u5371\u6a5f\u3001\u6280\u8853\u8b8a\u9769\u548c\u5730\u7de3\u653f\u6cbb\u7dca\u5f35\u5c40\u52e2\u76f4\u63a5\u5f71\u97ff\u60c5\u7dd2\u7a69\u5b9a\u6027\u3002<\/p>\n\n\n\n<p>\u5982\u679c\u4eba\u5011\u7684\u5fc3\u7406\u5065\u5eb7\u88ab\u5ffd\u8996\uff0c\u8ac7\u8ad6\u9032\u6b65\u9084\u6709\u610f\u7fa9\u55ce\uff1f<\/p>\n\n\n\n<h2 class=\"wp-block-heading\"><strong>\u4ee5\u8cac\u4efb\u611f\u5c55\u671b\u672a\u4f86<\/strong><\/h2>\n\n\n\n<p>2025\u5e74\uff0c <strong>\u5fc3\u7406\u5065\u5eb7\u6210\u70ba\u7126\u9ede\uff1a21\u4e16\u7d00\u65b0\u7684\u5168\u7403\u6311\u6230\u3002<\/strong> \u5b83\u9700\u8981\u7684\u662f\u5177\u9ad4\u7684\u884c\u52d5\uff0c\u800c\u4e0d\u50c5\u50c5\u662f\u6f14\u8b1b\u3002<\/p>\n\n\n\n<p>\u6295\u8cc7\u65bc\u9810\u9632\u3001\u6559\u80b2\u548c\u6cbb\u7642\u9014\u5f91\u8207\u6295\u8cc7\u4efb\u4f55\u6709\u5f62\u57fa\u790e\u8a2d\u65bd\u90fd\u540c\u6a23\u91cd\u8981\u3002<\/p>\n\n\n\n<p>\u672a\u4f86\u53d6\u6c7a\u65bc\u6211\u5011\u80fd\u5426\u96c6\u9ad4\u9ad4\u8a8d\u5230\uff0c\u5fc3\u7406\u5065\u5eb7\u4e0d\u662f\u4e00\u7a2e\u5962\u4f88\u54c1\uff0c\u800c\u662f\u6c38\u7e8c\u767c\u5c55\u7684\u652f\u67f1\u3002<\/p>\n\n\n\n<h2 class=\"wp-block-heading\"><strong>\u7e3d\u7d50<\/strong><\/h2>\n\n\n\n<p>\u5fc3\u7406\u5065\u5eb7\u6c7a\u5b9a\u6211\u5011\u7684\u5de5\u4f5c\u65b9\u5f0f\u3001\u5b78\u7fd2\u65b9\u5f0f\u3001\u4eba\u969b\u6e9d\u901a\u65b9\u5f0f\u3001\u672a\u4f86\u898f\u5283\u65b9\u5f0f\u3002\u5ffd\u8996\u5fc3\u7406\u5065\u5eb7\u610f\u5473\u8457\u8981\u627f\u64d4\u65e5\u76ca\u589e\u9577\u7684\u4eba\u529b\u548c\u7d93\u6fdf\u640d\u5931\u3002<\/p>\n\n\n\n<p>\u76f8\u53cd\uff0c\u4ee5\u56b4\u8085\u3001\u540c\u7406\u5fc3\u548c\u7b56\u7565\u4f86\u61c9\u5c0d\u9019\u500b\u554f\u984c\uff0c\u5c31\u80fd\u70ba\u5efa\u7acb\u66f4\u5e73\u8861\u548c\u97cc\u6027\u7684\u793e\u6703\u6253\u958b\u5927\u9580\u3002<\/p>\n\n\n\n<p>\u6311\u6230\u5df2\u7d93\u64fa\u5728\u773c\u524d\u3002\u73fe\u5728\u7684\u554f\u984c\u4e0d\u518d\u662f\u6211\u5011\u662f\u5426\u61c9\u8a72\u63a1\u53d6\u884c\u52d5\uff0c\u800c\u662f\u5982\u4f55\u63a1\u53d6\u884c\u52d5\u4ee5\u53ca\u884c\u52d5\u7684\u8feb\u5207\u6027\u3002<\/p>\n\n\n\n<p>\u95b1\u8b80\u66f4\u591a\uff1a\u00a0<a href=\"http:\/\/universofamilia.com\/zh_hk\/el-crecimiento-del-comercio-electronico-mundial-en-2025\/\">2025\u5e74\u5168\u7403\u96fb\u5b50\u5546\u52d9\u7684\u6210\u9577<\/a><\/p>\n\n\n\n<h2 class=\"wp-block-heading\"><strong>\u5e38\u898b\u554f\u984c<\/strong><\/h2>\n\n\n\n<p><strong>\u5fc3\u7406\u5065\u5eb7\u50c5\u50c5\u662f\u500b\u4eba\u554f\u984c\u55ce\uff1f<\/strong><br>\u4e0d\uff0c\u9019\u6d89\u53ca\u793e\u6703\u3001\u7d93\u6fdf\u548c\u6587\u5316\u56e0\u7d20\uff0c\u9700\u8981\u96c6\u9ad4\u61c9\u5c0d\u3002<\/p>\n\n\n\n<p><strong>\u5c0b\u6c42\u5fc3\u7406\u8aee\u5546\u4ecd\u7136\u4e0d\u88ab\u4eba\u770b\u597d\u55ce\uff1f<\/strong><br>\u96d6\u7136\u9019\u7a2e\u504f\u898b\u6709\u6240\u6e1b\u5c11\uff0c\u4f46\u5728\u67d0\u4e9b\u5708\u5b50\u88e1\u4ecd\u7136\u5b58\u5728\u3002\u516c\u958b\u8ac7\u8ad6\u6b64\u4e8b\u6709\u52a9\u65bc\u6539\u8b8a\u9019\u7a2e\u770b\u6cd5\u3002<\/p>\n\n\n\n<p><strong>\u79d1\u6280\u6703\u60e1\u5316\u5fc3\u7406\u5065\u5eb7\u55ce\uff1f<\/strong><br>\u9019\u53d6\u6c7a\u65bc\u7528\u9014\u3002\u5982\u679c\u7f3a\u4e4f\u76e3\u7ba1\uff0c\u5b83\u53ef\u4ee5\u6210\u70ba\u4e00\u7a2e\u8f14\u52a9\u5de5\u5177\uff0c\u4f46\u4e5f\u53ef\u80fd\u6210\u70ba\u4e00\u7a2e\u98a8\u96aa\u56e0\u7d20\u3002<\/p>\n\n\n\n<p><strong>\u4f01\u696d\u662f\u5426\u61c9\u8a72\u4ecb\u5165\u6b64\u4e8b\uff1f<\/strong><br>\u662f\u7684\u3002\u60c5\u7dd2\u5065\u5eb7\u76f4\u63a5\u5f71\u97ff\u7d44\u7e54\u7684\u7e3e\u6548\u548c\u6c38\u7e8c\u767c\u5c55\u3002<\/p>\n\n\n\n<p><strong>\u9810\u9632\u771f\u7684\u6709\u6548\u55ce\uff1f<\/strong><br>\u591a\u9805\u7814\u7a76\u8868\u660e\uff0c\u60c5\u7dd2\u6559\u80b2\u548c\u65e9\u671f\u767c\u73fe\u53ef\u4ee5\u6e1b\u5c11\u9577\u671f\u554f\u984c\u3002<\/p>\n\n\n\n<p>\u8a8d\u771f\u770b\u5f85\u5fc3\u7406\u5065\u5eb7\u554f\u984c\uff0c\u4e26\u7d66\u4e88\u4eba\u9053\u95dc\u61f7\uff0c\u4e0d\u50c5\u53ef\u4ee5\u6539\u5584\u500b\u4eba\u751f\u6d3b\uff0c\u9084\u80fd\u91cd\u65b0\u5b9a\u7fa9 21 \u4e16\u7d00\u7684\u9032\u7a0b\u3002<\/p>","protected":false},"excerpt":{"rendered":"<p>La salud mental en la mira: el nuevo desaf\u00edo global del siglo XXI. ya no es una consigna alarmista ni un tema exclusivo del \u00e1mbito m\u00e9dico. Se convirti\u00f3 en una prioridad social, econ\u00f3mica y pol\u00edtica que atraviesa edades, profesiones y culturas. En 2025, hablar de bienestar emocional implica hablar de productividad, v\u00ednculos, educaci\u00f3n, tecnolog\u00eda y [&hellip;]<\/p>","protected":false},"author":219,"featured_media":10480,"comment_status":"closed","ping_status":"open","sticky":false,"template":"","format":"standard","meta":{"footnotes":""},"categories":[4],"tags":[],"yoast_head":"<!-- This site is optimized with the Yoast SEO plugin v23.3 - https:\/\/yoast.com\/wordpress\/plugins\/seo\/ -->\n<title>La salud mental en la mira: el nuevo desaf\u00edo global del siglo XXI - Universo Fam\u00edlia<\/title>\n<meta name=\"description\" content=\"La salud mental en la mira: el nuevo desaf\u00edo global del siglo XXI. ya no es una consigna alarmista ni un tema exclusivo del \u00e1mbito m\u00e9dico.\" \/>\n<meta name=\"robots\" content=\"index, follow, max-snippet:-1, max-image-preview:large, max-video-preview:-1\" \/>\n<link rel=\"canonical\" href=\"https:\/\/universofamilia.com\/zh_hk\/la-salud-mental-en-la-mira\/\" \/>\n<meta property=\"og:locale\" content=\"zh_HK\" \/>\n<meta property=\"og:type\" content=\"article\" \/>\n<meta property=\"og:title\" content=\"La salud mental en la mira: el nuevo desaf\u00edo global del siglo XXI - Universo Fam\u00edlia\" \/>\n<meta property=\"og:description\" content=\"La salud mental en la mira: el nuevo desaf\u00edo global del siglo XXI. ya no es una consigna alarmista ni un tema exclusivo del \u00e1mbito m\u00e9dico.\" \/>\n<meta property=\"og:url\" content=\"https:\/\/universofamilia.com\/zh_hk\/la-salud-mental-en-la-mira\/\" \/>\n<meta property=\"og:site_name\" content=\"Universo Fam\u00edlia\" \/>\n<meta property=\"article:published_time\" content=\"2025-12-29T12:09:19+00:00\" \/>\n<meta property=\"article:modified_time\" content=\"2025-12-29T12:11:25+00:00\" \/>\n<meta property=\"og:image\" content=\"https:\/\/universofamilia.com\/wp-content\/uploads\/sites\/148\/2025\/12\/Destaque-Novo-Universo-20.jpg\" \/>\n\t<meta property=\"og:image:width\" content=\"450\" \/>\n\t<meta property=\"og:image:height\" content=\"250\" \/>\n\t<meta property=\"og:image:type\" content=\"image\/jpeg\" \/>\n<meta name=\"author\" content=\"Matheus Sangaletti\" \/>\n<meta name=\"twitter:card\" content=\"summary_large_image\" \/>\n<meta name=\"twitter:label1\" content=\"Written by\" \/>\n\t<meta name=\"twitter:data1\" content=\"Matheus Sangaletti\" \/>\n\t<meta name=\"twitter:label2\" content=\"Est. reading time\" \/>\n\t<meta name=\"twitter:data2\" content=\"1 \u5206\u9418\" \/>\n<script type=\"application\/ld+json\" class=\"yoast-schema-graph\">{\"@context\":\"https:\/\/schema.org\",\"@graph\":[{\"@type\":\"WebPage\",\"@id\":\"https:\/\/universofamilia.com\/zh_hk\/la-salud-mental-en-la-mira\/\",\"url\":\"https:\/\/universofamilia.com\/zh_hk\/la-salud-mental-en-la-mira\/\",\"name\":\"La salud mental en la mira: el nuevo desaf\u00edo global del siglo XXI - Universo Fam\u00edlia\",\"isPartOf\":{\"@id\":\"http:\/\/universofamilia.com\/zh_hk\/#website\"},\"primaryImageOfPage\":{\"@id\":\"https:\/\/universofamilia.com\/zh_hk\/la-salud-mental-en-la-mira\/#primaryimage\"},\"image\":{\"@id\":\"https:\/\/universofamilia.com\/zh_hk\/la-salud-mental-en-la-mira\/#primaryimage\"},\"thumbnailUrl\":\"http:\/\/universofamilia.com\/wp-content\/uploads\/sites\/148\/2025\/12\/Destaque-Novo-Universo-20.jpg\",\"datePublished\":\"2025-12-29T12:09:19+00:00\",\"dateModified\":\"2025-12-29T12:11:25+00:00\",\"author\":{\"@id\":\"http:\/\/universofamilia.com\/zh_hk\/#\/schema\/person\/92fcd07e9b1f4323bf74f3170fc0f78a\"},\"description\":\"La salud mental en la mira: el nuevo desaf\u00edo global del siglo XXI. ya no es una consigna alarmista ni un tema exclusivo del \u00e1mbito m\u00e9dico.\",\"breadcrumb\":{\"@id\":\"https:\/\/universofamilia.com\/zh_hk\/la-salud-mental-en-la-mira\/#breadcrumb\"},\"inLanguage\":\"zh-HK\",\"potentialAction\":[{\"@type\":\"ReadAction\",\"target\":[\"https:\/\/universofamilia.com\/zh_hk\/la-salud-mental-en-la-mira\/\"]}]},{\"@type\":\"ImageObject\",\"inLanguage\":\"zh-HK\",\"@id\":\"https:\/\/universofamilia.com\/zh_hk\/la-salud-mental-en-la-mira\/#primaryimage\",\"url\":\"http:\/\/universofamilia.com\/wp-content\/uploads\/sites\/148\/2025\/12\/Destaque-Novo-Universo-20.jpg\",\"contentUrl\":\"http:\/\/universofamilia.com\/wp-content\/uploads\/sites\/148\/2025\/12\/Destaque-Novo-Universo-20.jpg\",\"width\":450,\"height\":250,\"caption\":\"La salud mental en la mira: el nuevo desaf\u00edo global del siglo XXI.\"},{\"@type\":\"BreadcrumbList\",\"@id\":\"https:\/\/universofamilia.com\/zh_hk\/la-salud-mental-en-la-mira\/#breadcrumb\",\"itemListElement\":[{\"@type\":\"ListItem\",\"position\":1,\"name\":\"Home\",\"item\":\"http:\/\/universofamilia.com\/zh_hk\/\"},{\"@type\":\"ListItem\",\"position\":2,\"name\":\"La salud mental en la mira: el nuevo desaf\u00edo global del siglo XXI\"}]},{\"@type\":\"WebSite\",\"@id\":\"http:\/\/universofamilia.com\/zh_hk\/#website\",\"url\":\"http:\/\/universofamilia.com\/zh_hk\/\",\"name\":\"Universo Fam\u00edlia\",\"description\":\"\",\"potentialAction\":[{\"@type\":\"SearchAction\",\"target\":{\"@type\":\"EntryPoint\",\"urlTemplate\":\"http:\/\/universofamilia.com\/zh_hk\/?s={search_term_string}\"},\"query-input\":\"required name=search_term_string\"}],\"inLanguage\":\"zh-HK\"},{\"@type\":\"Person\",\"@id\":\"http:\/\/universofamilia.com\/zh_hk\/#\/schema\/person\/92fcd07e9b1f4323bf74f3170fc0f78a\",\"name\":\"Matheus Sangaletti\",\"image\":{\"@type\":\"ImageObject\",\"inLanguage\":\"zh-HK\",\"@id\":\"http:\/\/universofamilia.com\/zh_hk\/#\/schema\/person\/image\/\",\"url\":\"http:\/\/2.gravatar.com\/avatar\/280ea957a14a48e6a1ad2133d2cc27c9?s=96&d=mm&r=g\",\"contentUrl\":\"http:\/\/2.gravatar.com\/avatar\/280ea957a14a48e6a1ad2133d2cc27c9?s=96&d=mm&r=g\",\"caption\":\"Matheus Sangaletti\"},\"url\":\"http:\/\/universofamilia.com\/zh_hk\/author\/matheuss\/\"}]}<\/script>\n<!-- \/ Yoast SEO plugin. -->","yoast_head_json":{"title":"La salud mental en la mira: el nuevo desaf\u00edo global del siglo XXI - Universo Fam\u00edlia","description":"La salud mental en la mira: el nuevo desaf\u00edo global del siglo XXI. ya no es una consigna alarmista ni un tema exclusivo del \u00e1mbito m\u00e9dico.","robots":{"index":"index","follow":"follow","max-snippet":"max-snippet:-1","max-image-preview":"max-image-preview:large","max-video-preview":"max-video-preview:-1"},"canonical":"https:\/\/universofamilia.com\/zh_hk\/la-salud-mental-en-la-mira\/","og_locale":"zh_HK","og_type":"article","og_title":"La salud mental en la mira: el nuevo desaf\u00edo global del siglo XXI - Universo Fam\u00edlia","og_description":"La salud mental en la mira: el nuevo desaf\u00edo global del siglo XXI. ya no es una consigna alarmista ni un tema exclusivo del \u00e1mbito m\u00e9dico.","og_url":"https:\/\/universofamilia.com\/zh_hk\/la-salud-mental-en-la-mira\/","og_site_name":"Universo Fam\u00edlia","article_published_time":"2025-12-29T12:09:19+00:00","article_modified_time":"2025-12-29T12:11:25+00:00","og_image":[{"width":450,"height":250,"url":"https:\/\/universofamilia.com\/wp-content\/uploads\/sites\/148\/2025\/12\/Destaque-Novo-Universo-20.jpg","type":"image\/jpeg"}],"author":"Matheus Sangaletti","twitter_card":"summary_large_image","twitter_misc":{"Written by":"Matheus Sangaletti","Est. reading time":"1 \u5206\u9418"},"schema":{"@context":"https:\/\/schema.org","@graph":[{"@type":"WebPage","@id":"https:\/\/universofamilia.com\/zh_hk\/la-salud-mental-en-la-mira\/","url":"https:\/\/universofamilia.com\/zh_hk\/la-salud-mental-en-la-mira\/","name":"La salud mental en la mira: el nuevo desaf\u00edo global del siglo XXI - Universo Fam\u00edlia","isPartOf":{"@id":"http:\/\/universofamilia.com\/zh_hk\/#website"},"primaryImageOfPage":{"@id":"https:\/\/universofamilia.com\/zh_hk\/la-salud-mental-en-la-mira\/#primaryimage"},"image":{"@id":"https:\/\/universofamilia.com\/zh_hk\/la-salud-mental-en-la-mira\/#primaryimage"},"thumbnailUrl":"http:\/\/universofamilia.com\/wp-content\/uploads\/sites\/148\/2025\/12\/Destaque-Novo-Universo-20.jpg","datePublished":"2025-12-29T12:09:19+00:00","dateModified":"2025-12-29T12:11:25+00:00","author":{"@id":"http:\/\/universofamilia.com\/zh_hk\/#\/schema\/person\/92fcd07e9b1f4323bf74f3170fc0f78a"},"description":"La salud mental en la mira: el nuevo desaf\u00edo global del siglo XXI. ya no es una consigna alarmista ni un tema exclusivo del \u00e1mbito m\u00e9dico.","breadcrumb":{"@id":"https:\/\/universofamilia.com\/zh_hk\/la-salud-mental-en-la-mira\/#breadcrumb"},"inLanguage":"zh-HK","potentialAction":[{"@type":"ReadAction","target":["https:\/\/universofamilia.com\/zh_hk\/la-salud-mental-en-la-mira\/"]}]},{"@type":"ImageObject","inLanguage":"zh-HK","@id":"https:\/\/universofamilia.com\/zh_hk\/la-salud-mental-en-la-mira\/#primaryimage","url":"http:\/\/universofamilia.com\/wp-content\/uploads\/sites\/148\/2025\/12\/Destaque-Novo-Universo-20.jpg","contentUrl":"http:\/\/universofamilia.com\/wp-content\/uploads\/sites\/148\/2025\/12\/Destaque-Novo-Universo-20.jpg","width":450,"height":250,"caption":"La salud mental en la mira: el nuevo desaf\u00edo global del siglo XXI."},{"@type":"BreadcrumbList","@id":"https:\/\/universofamilia.com\/zh_hk\/la-salud-mental-en-la-mira\/#breadcrumb","itemListElement":[{"@type":"ListItem","position":1,"name":"Home","item":"http:\/\/universofamilia.com\/zh_hk\/"},{"@type":"ListItem","position":2,"name":"La salud mental en la mira: el nuevo desaf\u00edo global del siglo XXI"}]},{"@type":"WebSite","@id":"http:\/\/universofamilia.com\/zh_hk\/#website","url":"http:\/\/universofamilia.com\/zh_hk\/","name":"Universo Fam\u00edlia","description":"","potentialAction":[{"@type":"SearchAction","target":{"@type":"EntryPoint","urlTemplate":"http:\/\/universofamilia.com\/zh_hk\/?s={search_term_string}"},"query-input":"required name=search_term_string"}],"inLanguage":"zh-HK"},{"@type":"Person","@id":"http:\/\/universofamilia.com\/zh_hk\/#\/schema\/person\/92fcd07e9b1f4323bf74f3170fc0f78a","name":"Matheus Sangaletti","image":{"@type":"ImageObject","inLanguage":"zh-HK","@id":"http:\/\/universofamilia.com\/zh_hk\/#\/schema\/person\/image\/","url":"http:\/\/2.gravatar.com\/avatar\/280ea957a14a48e6a1ad2133d2cc27c9?s=96&d=mm&r=g","contentUrl":"http:\/\/2.gravatar.com\/avatar\/280ea957a14a48e6a1ad2133d2cc27c9?s=96&d=mm&r=g","caption":"Matheus Sangaletti"},"url":"http:\/\/universofamilia.com\/zh_hk\/author\/matheuss\/"}]}},"_links":{"self":[{"href":"http:\/\/universofamilia.com\/zh_hk\/wp-json\/wp\/v2\/posts\/10479"}],"collection":[{"href":"http:\/\/universofamilia.com\/zh_hk\/wp-json\/wp\/v2\/posts"}],"about":[{"href":"http:\/\/universofamilia.com\/zh_hk\/wp-json\/wp\/v2\/types\/post"}],"author":[{"embeddable":true,"href":"http:\/\/universofamilia.com\/zh_hk\/wp-json\/wp\/v2\/users\/219"}],"replies":[{"embeddable":true,"href":"http:\/\/universofamilia.com\/zh_hk\/wp-json\/wp\/v2\/comments?post=10479"}],"version-history":[{"count":2,"href":"http:\/\/universofamilia.com\/zh_hk\/wp-json\/wp\/v2\/posts\/10479\/revisions"}],"predecessor-version":[{"id":10484,"href":"http:\/\/universofamilia.com\/zh_hk\/wp-json\/wp\/v2\/posts\/10479\/revisions\/10484"}],"wp:featuredmedia":[{"embeddable":true,"href":"http:\/\/universofamilia.com\/zh_hk\/wp-json\/wp\/v2\/media\/10480"}],"wp:attachment":[{"href":"http:\/\/universofamilia.com\/zh_hk\/wp-json\/wp\/v2\/media?parent=10479"}],"wp:term":[{"taxonomy":"category","embeddable":true,"href":"http:\/\/universofamilia.com\/zh_hk\/wp-json\/wp\/v2\/categories?post=10479"},{"taxonomy":"post_tag","embeddable":true,"href":"http:\/\/universofamilia.com\/zh_hk\/wp-json\/wp\/v2\/tags?post=10479"}],"curies":[{"name":"wp","href":"https:\/\/api.w.org\/{rel}","templated":true}]}}