{"id":1797,"date":"2023-05-25T21:01:58","date_gmt":"2023-05-25T21:01:58","guid":{"rendered":"https:\/\/universofamilia.com\/?p=1797"},"modified":"2023-05-25T21:01:58","modified_gmt":"2023-05-25T21:01:58","slug":"muco-nas-fezes-do-bebe-quando-e-normal-e-quando-se-preocupar","status":"publish","type":"post","link":"http:\/\/universofamilia.com\/zh_hk\/muco-nas-fezes-do-bebe-quando-e-normal-e-quando-se-preocupar\/","title":{"rendered":"\u5bf6\u5bf6\u7684\u982d\u9aee\u662f\u5426\u6b63\u5e38\uff1f"},"content":{"rendered":"<p>\u5b30\u5152\u7684\u8173\u8dbe\u6709\u591a\u5927\u662f\u5404\u570b\u5171\u540c\u95dc\u6ce8\u7684\u554f\u984c\u3002\u9019\u53ef\u80fd\u4ee4\u4eba\u64d4\u6182\uff0c\u4f46\u91cd\u8981\u7684\u662f\u8981\u7406\u89e3\uff0c\u5728\u67d0\u4e9b\u60c5\u6cc1\u4e0b\uff0c\u5f88\u591a\u60c5\u6cc1\u53ef\u80fd\u662f\u6b63\u5e38\u7684\u3002<\/p>\n\n\n\n<p>\u5728\u672c\u6587\u4e2d\uff0c\u6211\u5011\u5c07\u8a0e\u8ad6\u4f55\u6642\u6216\u591a\u5c11\u7684\u6c08\u5e3d\u662f\u6b63\u5e38\u7684\uff0c\u4ee5\u53ca\u4f55\u6642\u6c08\u5e3d\u662f\u9700\u8981\u6ce8\u610f\u7684\u3002\u7e7c\u7e8c\u95b1\u8b80\u4ee5\u7372\u53d6\u66f4\u591a\u8cc7\u8a0a\u548c\u4fdd\u8b49\u3002<\/p>\n\n\n\n<h3 class=\"wp-block-heading\">\u9084\u662f\u5bf6\u5bf6\u7684\u4fbf\u4fbf\u88e1\u9762\u6709\u5f88\u591a\u6771\u897f\uff1f<\/h3>\n\n\n\n<p>\u5bf6\u5bf6\u7cde\u4fbf\u4e2d\u7684\u9ecf\u6db2\u662f\u6307\u5bf6\u5bf6\u7684\u7cde\u4fbf\u4e2d\u5b58\u5728\u81a0\u72c0\u3001\u9ecf\u7a20\u7684\u7269\u8cea\u3002\u9019\u5728\u4e00\u81f4\u6027\u3001\u9023\u8cab\u6027\u548c\u6578\u91cf\u4e0a\u53ef\u80fd\u6703\u6709\u5f88\u5927\u5dee\u7570\u3002<\/p>\n\n\n\n<p>\u503c\u5f97\u6ce8\u610f\u7684\u662f\uff0c\u5728\u67d0\u4e9b\u60c5\u6cc1\u4e0b\uff0c\u6709\u4e9b\u7cde\u4fbf\u662f\u5b8c\u5168\u6b63\u5e38\u7684\uff0c\u4e26\u4e0d\u4ee3\u8868\u5065\u5eb7\u554f\u984c\u3002<\/p>\n\n\n\n<h3 class=\"wp-block-heading\">\u6211\u5011\u4ec0\u9ebc\u6642\u5019\u8a8d\u70ba\u5b30\u5152\u7684\u7cde\u4fbf\u6b63\u5e38\u6216\u975e\u5e38\u6b63\u5e38\uff1f<\/h3>\n\n\n\n<p>\u5728\u67d0\u4e9b\u60c5\u6cc1\u4e0b\uff0c\u5b30\u5152\u7cde\u4fbf\u4e2d\u5b58\u5728\u9ecf\u6db2\u662f\u6b63\u5e38\u73fe\u8c61\uff0c\u4e0d\u5fc5\u64d4\u5fc3\u3002<\/p>\n\n\n\n<p>\u4f8b\u5982\uff0c\u5728\u51fa\u7259\u671f\u9593\uff0c\u5b30\u5152\u901a\u5e38\u6703\u7522\u751f\u66f4\u591a\u7684\u9ecf\u6db2\uff0c\u9019\u4e9b\u9ecf\u6db2\u6700\u7d42\u6703\u8b8a\u6210\u7cde\u4fbf\u3002<\/p>\n\n\n\n<p>\u6b64\u5916\uff0c\u5728\u5b30\u5152\u98f2\u98df\u4e2d\u6dfb\u52a0\u56fa\u9ad4\u98df\u7269\u4e5f\u6703\u5c0e\u81f4\u80ce\u5152\u66ab\u6642\u6539\u8b8a\uff0c\u5305\u62ec\u51fa\u73fe\u9ecf\u6db2\u3002<\/p>\n\n\n\n<h3 class=\"wp-block-heading\">\u4ec0\u9ebc\u6642\u5019\u8a72\u64d4\u5fc3\u5bf6\u5bf6\u7684\u9ecf\u6db2\uff1f<\/h3>\n\n\n<div class=\"wp-block-image\">\n<figure class=\"aligncenter size-full\"><img loading=\"lazy\" decoding=\"async\" width=\"550\" height=\"350\" src=\"http:\/\/universofamilia.com\/wp-content\/uploads\/sites\/148\/2023\/05\/FOTO-POST-muco-fese-bebe-universo-familia-.png\" alt=\"\" class=\"wp-image-1911\" srcset=\"http:\/\/universofamilia.com\/wp-content\/uploads\/sites\/148\/2023\/05\/FOTO-POST-muco-fese-bebe-universo-familia-.png 550w, http:\/\/universofamilia.com\/wp-content\/uploads\/sites\/148\/2023\/05\/FOTO-POST-muco-fese-bebe-universo-familia--300x191.png 300w\" sizes=\"(max-width: 550px) 100vw, 550px\" \/><\/figure><\/div>\n\n\n<p>\u5728\u67d0\u4e9b\u60c5\u6cc1\u4e0b\uff0c\u5b30\u5152\u7cde\u4fbf\u4e2d\u51fa\u73fe\u5b62\u5b50\u6216\u9ecf\u6db2\u662f\u6b63\u5e38\u7684\uff0c\u4f46\u6709\u6642\u9700\u8981\u6ce8\u610f\u4e26\u5c0b\u6c42\u91ab\u7642\u6307\u5c0e\u3002<\/p>\n\n\n\n<p>\u5982\u679c\u60a8\u51fa\u73fe\u9ad8\u71d2\u4e26\u4f34\u96a8\u51fa\u8840\u3001\u6301\u7e8c\u8179\u7009\u3001\u5614\u5410\u3001\u767c\u71d2\u7b49\u75c7\u72c0\uff0c\u6216\u60a8\u7684\u5bf6\u5bf6\u51fa\u73fe\u5176\u4ed6\u4ee4\u4eba\u64d4\u6182\u7684\u75c7\u72c0\uff0c\u5efa\u8b70\u806f\u7d61\u5152\u79d1\u91ab\u5e2b\u3002<\/p>\n\n\n\n<p>\u9019\u4e9b\u75c7\u72c0\u53ef\u80fd\u8868\u793a\u6709\u80c3\u8178\u9053\u611f\u67d3\u6216\u5176\u4ed6\u6f5b\u5728\u75be\u75c5\uff0c\u9700\u8981\u8a55\u4f30\u548c\u9069\u7576\u6cbb\u7642\u3002<\/p>\n\n\n\n<h3 class=\"wp-block-heading\">\u5b30\u5152\u7cde\u4fbf\u4e2d\u51fa\u73fe\u9ecf\u6db2\u7684\u53ef\u80fd\u539f\u56e0<\/h3>\n\n\n\n<p>\u5b30\u5152\u7cde\u4fbf\u9ecf\u819c\u7684\u554f\u984c\u53ef\u80fd\u6709\u5e7e\u7a2e\u539f\u56e0\u3002\u9664\u4e86\u5df2\u7d93\u63d0\u5230\u7684\u539f\u56e0\uff08\u4f8b\u5982\u51fa\u7259\u548c\u5f15\u5165\u56fa\u9ad4\u98df\u7269\uff09\u4e4b\u5916\uff0c\u4e5f\u53ef\u80fd\u662f\u611f\u67d3\u3001\u98df\u7269\u904e\u654f\u3001\u4e0d\u8010\u53d7\u3001\u4fbf\u79d8\u6216\u8178\u9053\u523a\u6fc0\u7684\u7d50\u679c\u3002<\/p>\n\n\n\n<p>\u6bcf\u500b\u539f\u56e0\u90fd\u53ef\u80fd\u5177\u6709\u7279\u5b9a\u7684\u7279\u5fb5\uff0c\u56e0\u6b64\u5fc5\u9808\u7372\u5f97\u91ab\u7642\u652f\u6301\u4f86\u78ba\u5b9a\u9ecf\u6db2\u7684\u4f86\u6e90\u4e26\u5728\u5fc5\u8981\u6642\u78ba\u5b9a\u9069\u7576\u7684\u6cbb\u7642\u65b9\u6cd5\u3002<\/p>\n\n\n\n<h3 class=\"wp-block-heading\">\u7e3d\u7d50<\/h3>\n\n\n\n<p>\u7c21\u800c\u8a00\u4e4b\uff0c\u5b30\u5152\u7684\u67d0\u4e9b\u7cde\u4fbf\u5728\u67d0\u4e9b\u60c5\u6cc1\u4e0b\u53ef\u80fd\u662f\u6b63\u5e38\u7684\uff0c\u4f8b\u5982\u5728\u51fa\u7259\u671f\u9593\u6216\u5f15\u5165\u56fa\u9ad4\u98df\u7269\u6642\u3002<\/p>\n\n\n\n<p>\u7136\u800c\uff0c\u91cd\u8981\u7684\u662f\u8981\u6ce8\u610f\u4ee4\u4eba\u64d4\u6182\u7684\u8de1\u8c61\uff0c\u4f8b\u5982\u7cde\u4fbf\u51fa\u8840\u6216\u5176\u4ed6\u75c7\u72c0\u3002<\/p>\n\n\n\n<p>\u8aee\u8a62\u5152\u79d1\u91ab\u751f\u5c0d\u65bc\u7372\u5f97\u6e96\u78ba\u7684\u8a3a\u65b7\u548c\u4fdd\u8b49\u5b30\u5152\u7684\u5065\u5eb7\u81f3\u95dc\u91cd\u8981\u3002<\/p>\n\n\n\n<p>\u6211\u5f88\u9ad8\u8208\u80fd\u5e6b\u4e0a\u5fd9\uff0c\u4e5f\u77e5\u9053\u60a8\u7684\u5206\u4eab\u5c0d\u6211\u5011\u7684\u5e6b\u52a9\u5f88\u5927\u3002\u5982\u679c\u60a8\u559c\u6b61\u9019\u7bc7\u6587\u7ae0\u3002<\/p>\n\n\n\n<blockquote class=\"wp-block-quote\">\n<h5 class=\"wp-block-heading\"><em>\u5099\u8a3b\uff1aUniverso Fam\u00edlia \u7db2\u7ad9\u4e0a\u7684\u8cc7\u6599\u548c\u8cc7\u8a0a\u4e26\u975e\u7528\u65bc\u91ab\u7642\u8a3a\u65b7\uff0c\u6216\u4efb\u4f55\u6027\u8cea\u7684\u7528\u9014\u3002 <strong>\u60a8\u61c9\u8a72\u5c31\u81ea\u5df1\u7684\u771f\u6b63\u9700\u6c42\u8aee\u8a62\u91ab\u751f\u6216\u5408\u683c\u7684\u5065\u5eb7\u5c08\u5bb6\u3002<\/strong>.<\/em><\/h5>\n<\/blockquote>\n\n\n\n<h4 class=\"wp-block-heading\">\u53e6\u8acb\u53c3\u95b1\uff1a<\/h4>\n\n\n\n<p><a href=\"http:\/\/universofamilia.com\/zh_hk\/rotina-ideal-para-a-familia-dormir-bem\/\" target=\"_blank\" rel=\"noreferrer noopener\">\u9069\u5408\u5bb6\u5ead\u4f7f\u7528\u7684\u8f2a\u6905<\/a><\/p>\n\n\n\n<p><a href=\"https:\/\/www.luzbaby.com.br\/\" target=\"_blank\" rel=\"noreferrer noopener\">A Luz Baby \u662f\u5152\u7ae5\u7528\u54c1\u7684\u6700\u4f73\u5546\u5e97\u4e4b\u4e00\u3002\u9ede\u9078\u9019\u88e1\u3002<\/a><\/p>","protected":false},"excerpt":{"rendered":"<p>\u5b30\u5152\u7684\u8173\u8dbe\u6709\u591a\u5927\u662f\u5404\u570b\u5171\u540c\u95dc\u6ce8\u7684\u554f\u984c\u3002\u9019\u53ef\u80fd\u4ee4\u4eba\u64d4\u6182\uff0c\u4f46\u91cd\u8981\u7684\u662f\u8981\u7406\u89e3\uff0c\u5728\u67d0\u4e9b\u60c5\u6cc1\u4e0b\uff0c\u5f88\u591a\u60c5\u6cc1\u53ef\u80fd\u662f\u6b63\u5e38\u7684\u3002<br \/>\n\u5728\u672c\u6587\u4e2d\uff0c\u6211\u5011\u5c07\u8a0e\u8ad6\u5b30\u5152\u7cde\u4fbf\u4e2d\u7684\u9ecf\u6db2\u4f55\u6642\u88ab\u8996\u70ba\u6b63\u5e38\u4ee5\u53ca\u4f55\u6642\u9700\u8981\u5f15\u8d77\u95dc\u6ce8\u3002\u7e7c\u7e8c\u95b1\u8b80\u4ee5\u7372\u53d6\u66f4\u591a\u8cc7\u8a0a\u548c\u4fdd\u8b49\u3002<\/p>","protected":false},"author":0,"featured_media":1912,"comment_status":"closed","ping_status":"open","sticky":false,"template":"","format":"standard","meta":{"footnotes":""},"categories":[5],"tags":[1023,1161,1437],"yoast_head":"<!-- This site is optimized with the Yoast SEO plugin v23.3 - https:\/\/yoast.com\/wordpress\/plugins\/seo\/ -->\n<title>Muco nas fezes do beb\u00ea, quando \u00e9 normal e quando se preocupar? - Universo Fam\u00edlia<\/title>\n<meta name=\"description\" content=\"O muco nas fezes do beb\u00ea \u00e9 uma preocupa\u00e7\u00e3o comum entre os pais. Embora possa ser alarmante, \u00e9 importante entender que o muco pode ser normal em certas situa\u00e7\u00f5es.\" \/>\n<meta name=\"robots\" content=\"index, follow, max-snippet:-1, max-image-preview:large, max-video-preview:-1\" \/>\n<link rel=\"canonical\" href=\"https:\/\/universofamilia.com\/zh_hk\/muco-nas-fezes-do-bebe-quando-e-normal-e-quando-se-preocupar\/\" \/>\n<meta property=\"og:locale\" content=\"zh_HK\" \/>\n<meta property=\"og:type\" content=\"article\" \/>\n<meta property=\"og:title\" content=\"Muco nas fezes do beb\u00ea, quando \u00e9 normal e quando se preocupar? - Universo Fam\u00edlia\" \/>\n<meta property=\"og:description\" content=\"O muco nas fezes do beb\u00ea \u00e9 uma preocupa\u00e7\u00e3o comum entre os pais. Embora possa ser alarmante, \u00e9 importante entender que o muco pode ser normal em certas situa\u00e7\u00f5es.\" \/>\n<meta property=\"og:url\" content=\"https:\/\/universofamilia.com\/zh_hk\/muco-nas-fezes-do-bebe-quando-e-normal-e-quando-se-preocupar\/\" \/>\n<meta property=\"og:site_name\" content=\"Universo Fam\u00edlia\" \/>\n<meta property=\"article:published_time\" content=\"2023-05-25T21:01:58+00:00\" \/>\n<meta property=\"og:image\" content=\"https:\/\/universofamilia.com\/wp-content\/uploads\/sites\/148\/2023\/05\/FOTO-DESTAQUE-muco-fezes-bebe-universo-familia-448x350-.png\" \/>\n\t<meta property=\"og:image:width\" content=\"448\" \/>\n\t<meta property=\"og:image:height\" content=\"350\" \/>\n\t<meta property=\"og:image:type\" content=\"image\/png\" \/>\n<meta name=\"twitter:card\" content=\"summary_large_image\" \/>\n<meta name=\"twitter:label1\" content=\"Est. reading time\" \/>\n\t<meta name=\"twitter:data1\" content=\"3 \u5206\u9418\" \/>\n<script type=\"application\/ld+json\" class=\"yoast-schema-graph\">{\"@context\":\"https:\/\/schema.org\",\"@graph\":[{\"@type\":\"WebPage\",\"@id\":\"https:\/\/universofamilia.com\/hu\/muco-nas-fezes-do-bebe-quando-e-normal-e-quando-se-preocupar\/\",\"url\":\"https:\/\/universofamilia.com\/hu\/muco-nas-fezes-do-bebe-quando-e-normal-e-quando-se-preocupar\/\",\"name\":\"Muco nas fezes do beb\u00ea, quando \u00e9 normal e quando se preocupar? - Universo Fam\u00edlia\",\"isPartOf\":{\"@id\":\"https:\/\/universofamilia.com\/el\/#website\"},\"primaryImageOfPage\":{\"@id\":\"https:\/\/universofamilia.com\/hu\/muco-nas-fezes-do-bebe-quando-e-normal-e-quando-se-preocupar\/#primaryimage\"},\"image\":{\"@id\":\"https:\/\/universofamilia.com\/hu\/muco-nas-fezes-do-bebe-quando-e-normal-e-quando-se-preocupar\/#primaryimage\"},\"thumbnailUrl\":\"http:\/\/universofamilia.com\/wp-content\/uploads\/sites\/148\/2023\/05\/FOTO-DESTAQUE-muco-fezes-bebe-universo-familia-448x350-.png\",\"datePublished\":\"2023-05-25T21:01:58+00:00\",\"dateModified\":\"2023-05-25T21:01:58+00:00\",\"author\":{\"@id\":\"\"},\"description\":\"O muco nas fezes do beb\u00ea \u00e9 uma preocupa\u00e7\u00e3o comum entre os pais. Embora possa ser alarmante, \u00e9 importante entender que o muco pode ser normal em certas situa\u00e7\u00f5es.\",\"breadcrumb\":{\"@id\":\"https:\/\/universofamilia.com\/hu\/muco-nas-fezes-do-bebe-quando-e-normal-e-quando-se-preocupar\/#breadcrumb\"},\"inLanguage\":\"zh-HK\",\"potentialAction\":[{\"@type\":\"ReadAction\",\"target\":[\"https:\/\/universofamilia.com\/hu\/muco-nas-fezes-do-bebe-quando-e-normal-e-quando-se-preocupar\/\"]}]},{\"@type\":\"ImageObject\",\"inLanguage\":\"zh-HK\",\"@id\":\"https:\/\/universofamilia.com\/hu\/muco-nas-fezes-do-bebe-quando-e-normal-e-quando-se-preocupar\/#primaryimage\",\"url\":\"http:\/\/universofamilia.com\/wp-content\/uploads\/sites\/148\/2023\/05\/FOTO-DESTAQUE-muco-fezes-bebe-universo-familia-448x350-.png\",\"contentUrl\":\"http:\/\/universofamilia.com\/wp-content\/uploads\/sites\/148\/2023\/05\/FOTO-DESTAQUE-muco-fezes-bebe-universo-familia-448x350-.png\",\"width\":448,\"height\":350},{\"@type\":\"BreadcrumbList\",\"@id\":\"https:\/\/universofamilia.com\/hu\/muco-nas-fezes-do-bebe-quando-e-normal-e-quando-se-preocupar\/#breadcrumb\",\"itemListElement\":[{\"@type\":\"ListItem\",\"position\":1,\"name\":\"Home\",\"item\":\"https:\/\/universofamilia.com\/el\/\"},{\"@type\":\"ListItem\",\"position\":2,\"name\":\"Muco nas fezes do beb\u00ea, quando \u00e9 normal e quando se preocupar?\"}]},{\"@type\":\"WebSite\",\"@id\":\"https:\/\/universofamilia.com\/el\/#website\",\"url\":\"https:\/\/universofamilia.com\/el\/\",\"name\":\"Universo Fam\u00edlia\",\"description\":\"\",\"potentialAction\":[{\"@type\":\"SearchAction\",\"target\":{\"@type\":\"EntryPoint\",\"urlTemplate\":\"https:\/\/universofamilia.com\/el\/?s={search_term_string}\"},\"query-input\":\"required name=search_term_string\"}],\"inLanguage\":\"zh-HK\"}]}<\/script>\n<!-- \/ Yoast SEO plugin. -->","yoast_head_json":{"title":"Muco nas fezes do beb\u00ea, quando \u00e9 normal e quando se preocupar? - Universo Fam\u00edlia","description":"O muco nas fezes do beb\u00ea \u00e9 uma preocupa\u00e7\u00e3o comum entre os pais. Embora possa ser alarmante, \u00e9 importante entender que o muco pode ser normal em certas situa\u00e7\u00f5es.","robots":{"index":"index","follow":"follow","max-snippet":"max-snippet:-1","max-image-preview":"max-image-preview:large","max-video-preview":"max-video-preview:-1"},"canonical":"https:\/\/universofamilia.com\/zh_hk\/muco-nas-fezes-do-bebe-quando-e-normal-e-quando-se-preocupar\/","og_locale":"zh_HK","og_type":"article","og_title":"Muco nas fezes do beb\u00ea, quando \u00e9 normal e quando se preocupar? - Universo Fam\u00edlia","og_description":"O muco nas fezes do beb\u00ea \u00e9 uma preocupa\u00e7\u00e3o comum entre os pais. Embora possa ser alarmante, \u00e9 importante entender que o muco pode ser normal em certas situa\u00e7\u00f5es.","og_url":"https:\/\/universofamilia.com\/zh_hk\/muco-nas-fezes-do-bebe-quando-e-normal-e-quando-se-preocupar\/","og_site_name":"Universo Fam\u00edlia","article_published_time":"2023-05-25T21:01:58+00:00","og_image":[{"width":448,"height":350,"url":"https:\/\/universofamilia.com\/wp-content\/uploads\/sites\/148\/2023\/05\/FOTO-DESTAQUE-muco-fezes-bebe-universo-familia-448x350-.png","type":"image\/png"}],"twitter_card":"summary_large_image","twitter_misc":{"Est. reading time":"3 \u5206\u9418"},"schema":{"@context":"https:\/\/schema.org","@graph":[{"@type":"WebPage","@id":"https:\/\/universofamilia.com\/hu\/muco-nas-fezes-do-bebe-quando-e-normal-e-quando-se-preocupar\/","url":"https:\/\/universofamilia.com\/hu\/muco-nas-fezes-do-bebe-quando-e-normal-e-quando-se-preocupar\/","name":"Muco nas fezes do beb\u00ea, quando \u00e9 normal e quando se preocupar? - Universo Fam\u00edlia","isPartOf":{"@id":"https:\/\/universofamilia.com\/el\/#website"},"primaryImageOfPage":{"@id":"https:\/\/universofamilia.com\/hu\/muco-nas-fezes-do-bebe-quando-e-normal-e-quando-se-preocupar\/#primaryimage"},"image":{"@id":"https:\/\/universofamilia.com\/hu\/muco-nas-fezes-do-bebe-quando-e-normal-e-quando-se-preocupar\/#primaryimage"},"thumbnailUrl":"http:\/\/universofamilia.com\/wp-content\/uploads\/sites\/148\/2023\/05\/FOTO-DESTAQUE-muco-fezes-bebe-universo-familia-448x350-.png","datePublished":"2023-05-25T21:01:58+00:00","dateModified":"2023-05-25T21:01:58+00:00","author":{"@id":""},"description":"O muco nas fezes do beb\u00ea \u00e9 uma preocupa\u00e7\u00e3o comum entre os pais. Embora possa ser alarmante, \u00e9 importante entender que o muco pode ser normal em certas situa\u00e7\u00f5es.","breadcrumb":{"@id":"https:\/\/universofamilia.com\/hu\/muco-nas-fezes-do-bebe-quando-e-normal-e-quando-se-preocupar\/#breadcrumb"},"inLanguage":"zh-HK","potentialAction":[{"@type":"ReadAction","target":["https:\/\/universofamilia.com\/hu\/muco-nas-fezes-do-bebe-quando-e-normal-e-quando-se-preocupar\/"]}]},{"@type":"ImageObject","inLanguage":"zh-HK","@id":"https:\/\/universofamilia.com\/hu\/muco-nas-fezes-do-bebe-quando-e-normal-e-quando-se-preocupar\/#primaryimage","url":"http:\/\/universofamilia.com\/wp-content\/uploads\/sites\/148\/2023\/05\/FOTO-DESTAQUE-muco-fezes-bebe-universo-familia-448x350-.png","contentUrl":"http:\/\/universofamilia.com\/wp-content\/uploads\/sites\/148\/2023\/05\/FOTO-DESTAQUE-muco-fezes-bebe-universo-familia-448x350-.png","width":448,"height":350},{"@type":"BreadcrumbList","@id":"https:\/\/universofamilia.com\/hu\/muco-nas-fezes-do-bebe-quando-e-normal-e-quando-se-preocupar\/#breadcrumb","itemListElement":[{"@type":"ListItem","position":1,"name":"Home","item":"https:\/\/universofamilia.com\/el\/"},{"@type":"ListItem","position":2,"name":"Muco nas fezes do beb\u00ea, quando \u00e9 normal e quando se preocupar?"}]},{"@type":"WebSite","@id":"https:\/\/universofamilia.com\/el\/#website","url":"https:\/\/universofamilia.com\/el\/","name":"Universo Fam\u00edlia","description":"","potentialAction":[{"@type":"SearchAction","target":{"@type":"EntryPoint","urlTemplate":"https:\/\/universofamilia.com\/el\/?s={search_term_string}"},"query-input":"required name=search_term_string"}],"inLanguage":"zh-HK"}]}},"_links":{"self":[{"href":"http:\/\/universofamilia.com\/zh_hk\/wp-json\/wp\/v2\/posts\/1797"}],"collection":[{"href":"http:\/\/universofamilia.com\/zh_hk\/wp-json\/wp\/v2\/posts"}],"about":[{"href":"http:\/\/universofamilia.com\/zh_hk\/wp-json\/wp\/v2\/types\/post"}],"replies":[{"embeddable":true,"href":"http:\/\/universofamilia.com\/zh_hk\/wp-json\/wp\/v2\/comments?post=1797"}],"version-history":[{"count":0,"href":"http:\/\/universofamilia.com\/zh_hk\/wp-json\/wp\/v2\/posts\/1797\/revisions"}],"wp:featuredmedia":[{"embeddable":true,"href":"http:\/\/universofamilia.com\/zh_hk\/wp-json\/wp\/v2\/media\/1912"}],"wp:attachment":[{"href":"http:\/\/universofamilia.com\/zh_hk\/wp-json\/wp\/v2\/media?parent=1797"}],"wp:term":[{"taxonomy":"category","embeddable":true,"href":"http:\/\/universofamilia.com\/zh_hk\/wp-json\/wp\/v2\/categories?post=1797"},{"taxonomy":"post_tag","embeddable":true,"href":"http:\/\/universofamilia.com\/zh_hk\/wp-json\/wp\/v2\/tags?post=1797"}],"curies":[{"name":"wp","href":"https:\/\/api.w.org\/{rel}","templated":true}]}}