{"id":10068,"date":"2025-10-13T12:28:29","date_gmt":"2025-10-13T15:28:29","guid":{"rendered":"https:\/\/universofamilia.com\/?p=10068"},"modified":"2025-10-13T18:26:17","modified_gmt":"2025-10-13T21:26:17","slug":"crisis-climatica-global","status":"publish","type":"post","link":"https:\/\/universofamilia.com\/cs\/crisis-climatica-global\/","title":{"rendered":"Glob\u00e1ln\u00ed klimatick\u00e1 krize: dopady ji\u017e postihuj\u00ed miliony lid\u00ed"},"content":{"rendered":"<p class=\"has-text-align-center\">Ten\/Ta\/To <strong>Glob\u00e1ln\u00ed klimatick\u00e1 krize: dopady ji\u017e postihuj\u00ed miliony lid\u00ed<\/strong> se stala jednou z nejnal\u00e9hav\u011bj\u0161\u00edch v\u00fdzev 21. stolet\u00ed.<\/p>\n\n\n\n<figure class=\"wp-block-gallery aligncenter has-nested-images columns-default is-cropped wp-block-gallery-1 is-layout-flex wp-block-gallery-is-layout-flex\">\n<figure class=\"wp-block-image size-full\"><img loading=\"lazy\" decoding=\"async\" width=\"450\" height=\"250\" data-id=\"10070\" src=\"https:\/\/universofamilia.com\/wp-content\/uploads\/sites\/148\/2025\/10\/Destaque-Novo-Universo-1.jpg\" alt=\"\" class=\"wp-image-10070\" srcset=\"https:\/\/universofamilia.com\/wp-content\/uploads\/sites\/148\/2025\/10\/Destaque-Novo-Universo-1.jpg 450w, https:\/\/universofamilia.com\/wp-content\/uploads\/sites\/148\/2025\/10\/Destaque-Novo-Universo-1-300x167.jpg 300w, https:\/\/universofamilia.com\/wp-content\/uploads\/sites\/148\/2025\/10\/Destaque-Novo-Universo-1-18x10.jpg 18w\" sizes=\"(max-width: 450px) 100vw, 450px\" \/><figcaption class=\"wp-element-caption\">CANVA<\/figcaption><\/figure>\n<\/figure>\n\n\n\n<p>Dlouhodob\u00e1 sucha, extr\u00e9mn\u00ed vlny veder, lesn\u00ed po\u017e\u00e1ry, zrychlen\u00e9 t\u00e1n\u00ed ledu a masov\u00e9 migrace jsou jen n\u011bkter\u00e9 z viditeln\u00fdch d\u016fsledk\u016f.<br><strong>Shrnut\u00ed:<\/strong><\/p>\n\n\n\n<ol>\n<li>Co doopravdy znamen\u00e1 glob\u00e1ln\u00ed klimatick\u00e1 krize<\/li>\n\n\n\n<li>Jak to ovliv\u0148uje miliony lid\u00ed po cel\u00e9m sv\u011bt\u011b<\/li>\n\n\n\n<li>Nejzraniteln\u011bj\u0161\u00ed odv\u011btv\u00ed: zdravotnictv\u00ed, hospod\u00e1\u0159stv\u00ed a potravinov\u00e1 bezpe\u010dnost<\/li>\n\n\n\n<li>Aktu\u00e1ln\u00ed a re\u00e1ln\u00e9 p\u0159\u00edklady dopadu klimatu<\/li>\n\n\n\n<li>Co se d\u011bl\u00e1 a co by se m\u011blo ud\u011blat je\u0161t\u011b v\u00edce<\/li>\n\n\n\n<li>Z\u00e1v\u011br a \u010dasto kladen\u00e9 ot\u00e1zky<\/li>\n<\/ol>\n\n\n\n<h3 class=\"wp-block-heading\"><strong>Co vlastn\u011b znamen\u00e1 glob\u00e1ln\u00ed klimatick\u00e1 krize?<\/strong><\/h3>\n\n\n\n<p>Ten\/Ta\/To <strong>Glob\u00e1ln\u00ed klimatick\u00e1 krize: dopady ji\u017e postihuj\u00ed miliony lid\u00ed<\/strong> Nejde jen o zv\u00fd\u0161en\u00ed teploty.<\/p>\n\n\n\n<p>Jedn\u00e1 se o syst\u00e9mov\u00fd jev, kter\u00fd m\u011bn\u00ed ekosyst\u00e9my, ekonomiky a cel\u00e9 komunity. Podle <em>Mezivl\u00e1dn\u00ed panel pro zm\u011bnu klimatu (IPCC)<\/em>, planeta ji\u017e p\u0159ekro\u010dila pr\u016fm\u011brn\u00fd n\u00e1r\u016fst <strong>1,2 \u00b0C<\/strong> ve srovn\u00e1n\u00ed s p\u0159edindustri\u00e1ln\u00ed dobou.<\/p>\n\n\n\n<p>I kdy\u017e se to m\u016f\u017ee zd\u00e1t nev\u00fdznamn\u00e9, tato zm\u011bna zm\u011bnila sr\u00e1\u017ekov\u00e9 vzorce, zes\u00edlila hurik\u00e1ny a sn\u00ed\u017eila dostupnost sladk\u00e9 vody.<\/p>\n\n\n\n<p>Jednoduch\u00fd zp\u016fsob, jak to pochopit, je p\u0159edstavit si Zemi jako lidsk\u00e9 t\u011blo: hore\u010dka pouh\u00e9ho jednoho stupn\u011b se m\u016f\u017ee zd\u00e1t jako mali\u010dkost, ale kdy\u017e z\u016fst\u00e1v\u00e1 konstantn\u00ed, oslabuje v\u0161echny \u017eivotn\u011b d\u016fle\u017eit\u00e9 syst\u00e9my.<\/p>\n\n\n\n<p>To je p\u0159esn\u011b ta analogie, kter\u00e1 vysv\u011btluje sou\u010dasnou klimatickou nerovnov\u00e1hu.<\/p>\n\n\n\n<h3 class=\"wp-block-heading\"><strong>Miliony lid\u00ed u\u017e \u017eij\u00ed s n\u00e1sledky.<\/strong> <strong>glob\u00e1ln\u00ed klimatick\u00e9 krize<\/strong><\/h3>\n\n\n\n<p>V roce 2025 u\u017e n\u00e1sledky nepat\u0159\u00ed budoucnosti. <\/p>\n\n\n\n<p>Organizace spojen\u00fdch n\u00e1rod\u016f odhaduje, \u017ee <strong>v\u00edce ne\u017e 3,6 miliardy lid\u00ed<\/strong> \u017eij\u00ed v oblastech vysoce zraniteln\u00fdmi v\u016f\u010di zm\u011bn\u011b klimatu.<\/p>\n\n\n\n<p>M\u011bsta jako Mexico City, S\u00e3o Paulo a Lima \u010del\u00ed vln\u00e1m veder p\u0159esahuj\u00edc\u00edm 40 \u00b0C, kter\u00e9 jsou doprov\u00e1zeny omezen\u00edmi dod\u00e1vek vody.<\/p>\n\n\n\n<p>Venkovsk\u00e9 oblasti trp\u00ed je\u0161t\u011b v\u00edce: ne\u00faroda a dezertifikace nut\u00ed cel\u00e9 rodiny opou\u0161t\u011bt svou p\u016fdu.<\/p>\n\n\n\n<p>V subsaharsk\u00e9 Africe se cel\u00e9 komunity st\u011bhuj\u00ed a hledaj\u00ed potravu a vodu; ve St\u0159edn\u00ed Americe se klimatick\u00e1 migrace st\u00e1v\u00e1 tichou, ale neust\u00e1lou realitou.<\/p>\n\n\n\n<h3 class=\"wp-block-heading\"><strong>Dopady na zdrav\u00ed, ekonomiku a v\u00fd\u017eivu<\/strong><\/h3>\n\n\n\n<p>Glob\u00e1ln\u00ed oteplov\u00e1n\u00ed m\u00e1 ji\u017e hmatateln\u00e9 d\u016fsledky pro ve\u0159ejn\u00e9 zdrav\u00ed.<\/p>\n\n\n\n<p>Sv\u011btov\u00e1 zdravotnick\u00e1 organizace varuje, \u017ee nemoci p\u0159en\u00e1\u0161en\u00e9 kom\u00e1ry, jako je hore\u010dka dengue a zika, roz\u0161i\u0159uj\u00ed sv\u016fj geografick\u00fd are\u00e1l.<\/p>\n\n\n\n<p>Nemocnice na druhou stranu \u010del\u00ed n\u00e1r\u016fstu p\u0159\u00edpad\u016f dehydratace a vy\u010derp\u00e1n\u00ed z horka, zejm\u00e9na u star\u0161\u00edch dosp\u011bl\u00fdch a d\u011bt\u00ed.<\/p>\n\n\n\n<p>Ekonomika nen\u00ed z t\u00e9to reality v\u00fdjimkou. Studie proveden\u00e1 <em>Sv\u011btov\u00e1 banka<\/em> z roku 2024 odhalily, \u017ee ekonomick\u00e9 ztr\u00e1ty spojen\u00e9 s p\u0159\u00edrodn\u00edmi katastrofami dos\u00e1hly v\u00edce ne\u017e <strong>380 miliard dolar\u016f ro\u010dn\u011b<\/strong>.<\/p>\n\n\n\n<p>Nejv\u00edce posti\u017een\u00fdmi odv\u011btv\u00edmi jsou cestovn\u00ed ruch, zem\u011bd\u011blstv\u00ed a rybolov.<\/p>\n\n\n\n<p>Pokud jde o potravinovou bezpe\u010dnost, zm\u011bny v \u00fahrnu sr\u00e1\u017eek a n\u00e1r\u016fst zem\u011bd\u011blsk\u00fdch \u0161k\u016fdc\u016f ohro\u017euj\u00ed produkci z\u00e1kladn\u00edch obilovin.<\/p>\n\n\n\n<p>Nap\u0159\u00edklad v Mexiku se v posledn\u00edch letech kv\u016fli dlouhodob\u00e9mu suchu sn\u00ed\u017eily v\u00fdnosy kuku\u0159ice o 15 %, jak ukazuj\u00ed \u00fadaje z... <em>FAO<\/em>.<\/p>\n\n\n\n<figure class=\"wp-block-table\"><table><thead><tr><th><strong>Dopad na klima (2025)<\/strong><\/th><th><strong>Nejv\u00edce posti\u017een\u00fd region<\/strong><\/th><th><strong>Hlavn\u00ed d\u016fsledek<\/strong><\/th><\/tr><\/thead><tbody><tr><td>Dlouhodob\u00e1 sucha<\/td><td>Latinsk\u00e1 Amerika a Afrika<\/td><td>Nedostatek vody a ztr\u00e1ty \u00farody<\/td><\/tr><tr><td>Extr\u00e9mn\u00ed vlny veder<\/td><td>Evropa a Severn\u00ed Amerika<\/td><td>N\u00e1r\u016fst respira\u010dn\u00edch onemocn\u011bn\u00ed<\/td><\/tr><tr><td>Povodn\u011b a bou\u0159e<\/td><td>Asie a Pacifik<\/td><td>Posuny a po\u0161kozen\u00ed infrastruktury<\/td><\/tr><tr><td>Pol\u00e1rn\u00ed t\u00e1n\u00ed<\/td><td>Arktida a Antarktida<\/td><td>Stoupaj\u00edc\u00ed hladina mo\u0159\u00ed<\/td><\/tr><\/tbody><\/table><figcaption class=\"wp-element-caption\">Glob\u00e1ln\u00ed klimatick\u00e1 krize: dopady ji\u017e postihuj\u00ed miliony lid\u00ed<\/figcaption><\/figure>\n\n\n\n<figure class=\"wp-block-gallery aligncenter has-nested-images columns-default is-cropped wp-block-gallery-2 is-layout-flex wp-block-gallery-is-layout-flex\">\n<figure class=\"wp-block-image size-full\"><img loading=\"lazy\" decoding=\"async\" width=\"450\" height=\"250\" data-id=\"10071\" src=\"https:\/\/universofamilia.com\/wp-content\/uploads\/sites\/148\/2025\/10\/Destaque-Novo-Universo-1-1.jpg\" alt=\"\" class=\"wp-image-10071\" srcset=\"https:\/\/universofamilia.com\/wp-content\/uploads\/sites\/148\/2025\/10\/Destaque-Novo-Universo-1-1.jpg 450w, https:\/\/universofamilia.com\/wp-content\/uploads\/sites\/148\/2025\/10\/Destaque-Novo-Universo-1-1-300x167.jpg 300w, https:\/\/universofamilia.com\/wp-content\/uploads\/sites\/148\/2025\/10\/Destaque-Novo-Universo-1-1-18x10.jpg 18w\" sizes=\"(max-width: 450px) 100vw, 450px\" \/><figcaption class=\"wp-element-caption\">CANVA<\/figcaption><\/figure>\n<\/figure>\n\n\n\n<p>\u010ct\u011bte v\u00edce:&nbsp;<a href=\"https:\/\/universofamilia.com\/cs\/los-paises-mas-avanzados-en-regulacion-de-ia-en-2025\/\">Nejvysp\u011blej\u0161\u00ed zem\u011b v regulaci um\u011bl\u00e9 inteligence v roce 2025<\/a><\/p>\n\n\n\n<h3 class=\"wp-block-heading\"><strong>Dva p\u0159\u00edklady, kter\u00e9 ukazuj\u00ed z\u00e1va\u017enost situace<\/strong><\/h3>\n\n\n\n<p><strong>P\u0159\u00edklad 1:<\/strong> V roce 2024 z\u016fstalo indick\u00e9 m\u011bsto Chennai n\u011bkolik t\u00fddn\u016f bez pitn\u00e9 vody.<\/p>\n\n\n\n<p>P\u0159\u00ed\u010dina: kombinace intenzivn\u00edho sucha a neefektivn\u00edho hospoda\u0159en\u00ed s p\u0159\u00edrodn\u00edmi zdroji.<\/p>\n\n\n\n<p>Co za\u010dalo jako lok\u00e1ln\u00ed probl\u00e9m, se stalo glob\u00e1ln\u00edm varov\u00e1n\u00edm p\u0159ed rizikem vodn\u00edch kolaps\u016f ve velk\u00fdch m\u011bstech.<\/p>\n\n\n\n<p><strong>P\u0159\u00edklad 2:<\/strong> V Mexiku komunity v Chiapas hl\u00e1s\u00ed, \u017ee se sr\u00e1\u017ekov\u00e9 vzorce v posledn\u00edm desetilet\u00ed dramaticky zm\u011bnily.<\/p>\n\n\n\n<p>Tradi\u010dn\u00ed p\u011bstitel\u00e9 k\u00e1vy zaznamenali selh\u00e1n\u00ed \u00farody, co\u017e je donutilo migrovat do vy\u0161\u0161\u00edch nadmo\u0159sk\u00fdch v\u00fd\u0161ek nebo se obr\u00e1tit na jin\u00e9 plodiny.<\/p>\n\n\n\n<p>Tyto p\u0159\u00edpady ilustruj\u00ed, jak <strong>Glob\u00e1ln\u00ed klimatick\u00e1 krize: dopady ji\u017e postihuj\u00ed miliony lid\u00ed<\/strong> Nen\u00ed to vzd\u00e1len\u00fd ani teoretick\u00fd jev: m\u011bn\u00ed to ka\u017edodenn\u00ed realitu.<\/p>\n\n\n\n<h3 class=\"wp-block-heading\"><strong>Co se d\u011bl\u00e1 pro omezen\u00ed dopadu<\/strong><\/h3>\n\n\n\n<p>Na mezin\u00e1rodn\u00ed \u00farovni se klimatick\u00e9 dohody sna\u017e\u00ed omezit glob\u00e1ln\u00ed oteplov\u00e1n\u00ed.<\/p>\n\n\n\n<p>On <em>Pa\u0159\u00ed\u017esk\u00e1 dohoda<\/em> z\u016fst\u00e1v\u00e1 referen\u010dn\u00edm r\u00e1mcem, a\u010dkoli n\u00e1rodn\u00ed z\u00e1vazky st\u00e1le nejsou dostate\u010dn\u00e9. <\/p>\n\n\n\n<p>V <em>COP29<\/em>, kter\u00e1 se konala v roce 2024, byly zem\u011b vyzv\u00e1ny k tomu, aby do roku 2030 sn\u00ed\u017eily sv\u00e9 emise o 45 %.<\/p>\n\n\n\n<p>V\u00fdsledky jsou v\u0161ak sm\u00ed\u0161en\u00e9: zat\u00edmco Evropsk\u00e1 unie sm\u011b\u0159uje k obnoviteln\u00fdm zdroj\u016fm energie, jin\u00e9 regiony se st\u00e1le spol\u00e9haj\u00ed na uhl\u00ed a ropu.<\/p>\n\n\n\n<p>V Latinsk\u00e9 Americe iniciativy, jako nap\u0159\u00edklad <em>Ak\u010dn\u00ed pl\u00e1n ECLAC pro klima<\/em> Sna\u017e\u00ed se prosazovat spravedlivou energetickou transformaci pos\u00edlen\u00edm sol\u00e1rn\u00ed a v\u011btrn\u00e9 energie. Mexiko nap\u0159\u00edklad slavnostn\u011b otev\u0159elo jeden z nejv\u011bt\u0161\u00edch sol\u00e1rn\u00edch park\u016f v Latinsk\u00e9 Americe v Sono\u0159e, kter\u00fd je schopen z\u00e1sobovat v\u00edce ne\u017e milion dom\u00e1cnost\u00ed.<\/p>\n\n\n\n<p>Na individu\u00e1ln\u00ed \u00farovni za\u010d\u00edn\u00e1 zm\u011bna tak\u00e9 doma. <\/p>\n\n\n\n<p>Sn\u00ed\u017een\u00ed spot\u0159eby masa, volba ve\u0159ejn\u00e9 nebo elektrick\u00e9 dopravy a podpora udr\u017eiteln\u00fdch zna\u010dek jsou mal\u00e9 \u010diny s velk\u00fdm kolektivn\u00edm dopadem.<\/p>\n\n\n\n<h3 class=\"wp-block-heading\"><strong>M\u016f\u017eeme zvr\u00e1tit glob\u00e1ln\u00ed klimatickou krizi?<\/strong><\/h3>\n\n\n\n<p>To je velk\u00e1 \u0159e\u010dnick\u00e1 ot\u00e1zka, kter\u00e1 klade vl\u00e1dy, podniky i ob\u010dany.<\/p>\n\n\n\n<p>P\u0159esto\u017ee jsou \u0161kody ji\u017e zna\u010dn\u00e9, odborn\u00edci se shoduj\u00ed, \u017ee nejz\u00e1va\u017en\u011bj\u0161\u00ed dopady lze st\u00e1le zm\u00edrnit rozhodn\u00fdmi kroky.<\/p>\n\n\n\n<p>Planeta m\u00e1 dostatek technologi\u00ed k urychlen\u00ed zelen\u00e9 transformace, ale chyb\u00ed politick\u00e1 v\u016fle a spole\u010densk\u00e9 pov\u011bdom\u00ed.<\/p>\n\n\n\n<p>Budoucnost bude z\u00e1viset na schopnosti glob\u00e1ln\u00ed spolupr\u00e1ce a skute\u010dn\u00e9m z\u00e1vazku k udr\u017eitelnosti.<\/p>\n\n\n\n<p>Nejde jen o z\u00e1chranu ekosyst\u00e9m\u016f, ale o ochranu na\u0161eho samotn\u00e9ho p\u0159e\u017eit\u00ed jako druhu.<\/p>\n\n\n\n<h3 class=\"wp-block-heading\"><strong>Z\u00e1v\u011br<\/strong><\/h3>\n\n\n\n<p>Ten\/Ta\/To <strong>Glob\u00e1ln\u00ed klimatick\u00e1 krize: dopady ji\u017e postihuj\u00ed miliony lid\u00ed<\/strong> Je to nejv\u011bt\u0161\u00ed d\u016fkaz toho, \u017ee lidstvo p\u0159ekra\u010duje hranice planety.<\/p>\n\n\n\n<p>Nejde o strach, ale o zodpov\u011bdnost. Ka\u017ed\u00e1 vlna veder, ka\u017ed\u00e1 povode\u0148 a ka\u017ed\u00fd po\u017e\u00e1r n\u00e1m p\u0159ipom\u00ednaj\u00ed, \u017ee p\u0159\u00edroda reaguje na na\u0161e \u010diny.<\/p>\n\n\n\n<p>Klimatick\u00e1 zm\u011bna nen\u00ed vzd\u00e1lenou hrozbou, ale p\u0159\u00edtomnost\u00ed, kter\u00e1 vy\u017eaduje okam\u017eit\u00e1 opat\u0159en\u00ed.<\/p>\n\n\n\n<p>Znalosti, inovace a empatie jsou na\u0161imi nejlep\u0161\u00edmi n\u00e1stroji, jak se s t\u00edm vypo\u0159\u00e1dat. Pokud bylo 20. stolet\u00ed stolet\u00edm industrializace, mus\u00ed b\u00fdt 21. stolet\u00ed stolet\u00edm planet\u00e1rn\u00ed obnovy.<\/p>\n\n\n\n<p>\u010ct\u011bte v\u00edce:&nbsp;<a href=\"https:\/\/universofamilia.com\/cs\/inteligencia-artificial-y-politica\/\">Um\u011bl\u00e1 inteligence a politika<\/a><\/p>\n\n\n\n<h3 class=\"wp-block-heading\"><strong>\u010casto kladen\u00e9 ot\u00e1zky<\/strong><\/h3>\n\n\n\n<p><strong>1. Jak\u00e9 jsou hlavn\u00ed p\u0159\u00ed\u010diny glob\u00e1ln\u00ed klimatick\u00e9 krize?<\/strong><br>Emise sklen\u00edkov\u00fdch plyn\u016f, p\u0159edev\u0161\u00edm oxidu uhli\u010dit\u00e9ho a metanu, z pou\u017e\u00edv\u00e1n\u00ed fosiln\u00edch paliv, odles\u0148ov\u00e1n\u00ed a intenzivn\u00edho zem\u011bd\u011blstv\u00ed.<\/p>\n\n\n\n<p><strong>2. Kter\u00e9 regiony sv\u011bta jsou nejzraniteln\u011bj\u0161\u00ed?<\/strong><br>Afrika, Latinsk\u00e1 Amerika a jihov\u00fdchodn\u00ed Asie \u010del\u00ed nejv\u011bt\u0161\u00edm rizik\u016fm kv\u016fli sv\u00e9 vysok\u00e9 z\u00e1vislosti na zem\u011bd\u011blstv\u00ed a omezen\u00e9 adapta\u010dn\u00ed infrastruktu\u0159e.<\/p>\n\n\n\n<p><strong>3. Co m\u016f\u017ee d\u011blat oby\u010dejn\u00fd \u010dlov\u011bk?<\/strong><br>\u0160et\u0159ete energii, sni\u017ete spot\u0159ebu plast\u016f, recyklujte, podporujte ekologick\u00e9 politiky a vzd\u011bl\u00e1vejte ostatn\u00ed o dopadu na klima.<\/p>\n\n\n\n<p>Jednotliv\u00e9 \u010diny, vyn\u00e1soben\u00e9 miliony, generuj\u00ed zm\u011bnu.<\/p>\n\n\n\n<p><strong>4. Co se stane, pokud nebudou p\u0159ijata nal\u00e9hav\u00e1 opat\u0159en\u00ed?<\/strong><br>Teploty by se do roku 2100 mohly zv\u00fd\u0161it a\u017e o 2,8 \u00b0C, co\u017e by zp\u016fsobilo kolaps ekosyst\u00e9m\u016f, nedostatek potravin, masovou migraci a v\u00e1\u017en\u00e9 ekonomick\u00e9 dopady.<\/p>\n\n\n\n<p><strong>5. Existuje skute\u010dn\u00e1 nad\u011bje na zm\u011bnu?<\/strong><br>Ano. Ka\u017ed\u00fd <a href=\"https:\/\/universofamilia.com\/cs\/los-paises-mas-avanzados-en-regulacion-de-ia-en-2025\/\">inovace<\/a> <a href=\"https:\/\/universofamilia.com\/cs\/inteligencia-artificial-y-politica\/\">technologick\u00fd<\/a>, ka\u017ed\u00e1 \u00fa\u010dinn\u00e1 klimatick\u00e1 politika a ka\u017ed\u00e9 v\u011bdom\u00e9 rozhodnut\u00ed se po\u010d\u00edt\u00e1.<\/p>\n\n\n\n<p>Klimatick\u00e1 zm\u011bna je v\u00fdzvou, ale tak\u00e9 p\u0159\u00edle\u017eitost\u00ed k p\u0159edefinov\u00e1n\u00ed vztahu mezi lidstvem a planetou.<\/p>","protected":false},"excerpt":{"rendered":"<p>La crise clim\u00e1tica global: los impactos que ya afectan a millones se ha convertido en uno de los desaf\u00edos m\u00e1s urgentes del siglo XXI. Sequ\u00edas prolongadas, olas de calor extremo, incendios forestales, deshielos acelerados y migraciones masivas son apenas algunas de sus consecuencias visibles.Sumario: \u00bfQu\u00e9 significa realmente la Crisi clim\u00e1tica global? La Crisis clim\u00e1tica global: [&hellip;]<\/p>","protected":false},"author":219,"featured_media":10069,"comment_status":"closed","ping_status":"open","sticky":false,"template":"","format":"standard","meta":{"footnotes":""},"categories":[4],"tags":[],"yoast_head":"<!-- This site is optimized with the Yoast SEO plugin v23.3 - https:\/\/yoast.com\/wordpress\/plugins\/seo\/ -->\n<title>Crisis clim\u00e1tica global: los impactos que ya est\u00e1n afectando a millones - Universo Fam\u00edlia<\/title>\n<meta name=\"description\" content=\"La crise clim\u00e1tica global: los impactos que ya afectan a millones se ha convertido en uno de los desaf\u00edos m\u00e1s urgentes del siglo XXI.\" \/>\n<meta name=\"robots\" content=\"index, follow, max-snippet:-1, max-image-preview:large, max-video-preview:-1\" \/>\n<link rel=\"canonical\" href=\"https:\/\/universofamilia.com\/cs\/crisis-climatica-global\/\" \/>\n<meta property=\"og:locale\" content=\"cs_CZ\" \/>\n<meta property=\"og:type\" content=\"article\" \/>\n<meta property=\"og:title\" content=\"Crisis clim\u00e1tica global: los impactos que ya est\u00e1n afectando a millones - Universo Fam\u00edlia\" \/>\n<meta property=\"og:description\" content=\"La crise clim\u00e1tica global: los impactos que ya afectan a millones se ha convertido en uno de los desaf\u00edos m\u00e1s urgentes del siglo XXI.\" \/>\n<meta property=\"og:url\" content=\"https:\/\/universofamilia.com\/cs\/crisis-climatica-global\/\" \/>\n<meta property=\"og:site_name\" content=\"Universo Fam\u00edlia\" \/>\n<meta property=\"article:published_time\" content=\"2025-10-13T15:28:29+00:00\" \/>\n<meta property=\"article:modified_time\" content=\"2025-10-13T21:26:17+00:00\" \/>\n<meta property=\"og:image\" content=\"http:\/\/universofamilia.com\/wp-content\/uploads\/sites\/148\/2025\/10\/Destaque-Novo-Universo.jpg\" \/>\n\t<meta property=\"og:image:width\" content=\"450\" \/>\n\t<meta property=\"og:image:height\" content=\"250\" \/>\n\t<meta property=\"og:image:type\" content=\"image\/jpeg\" \/>\n<meta name=\"author\" content=\"Matheus Sangaletti\" \/>\n<meta name=\"twitter:card\" content=\"summary_large_image\" \/>\n<meta name=\"twitter:label1\" content=\"Written by\" \/>\n\t<meta name=\"twitter:data1\" content=\"Matheus Sangaletti\" \/>\n\t<meta name=\"twitter:label2\" content=\"Est. reading time\" \/>\n\t<meta name=\"twitter:data2\" content=\"8 minut\" \/>\n<script type=\"application\/ld+json\" class=\"yoast-schema-graph\">{\"@context\":\"https:\/\/schema.org\",\"@graph\":[{\"@type\":\"WebPage\",\"@id\":\"http:\/\/universofamilia.com\/crisis-climatica-global\/\",\"url\":\"http:\/\/universofamilia.com\/crisis-climatica-global\/\",\"name\":\"Crisis clim\u00e1tica global: los impactos que ya est\u00e1n afectando a millones - Universo Fam\u00edlia\",\"isPartOf\":{\"@id\":\"https:\/\/universofamilia.com\/el\/#website\"},\"primaryImageOfPage\":{\"@id\":\"http:\/\/universofamilia.com\/crisis-climatica-global\/#primaryimage\"},\"image\":{\"@id\":\"http:\/\/universofamilia.com\/crisis-climatica-global\/#primaryimage\"},\"thumbnailUrl\":\"https:\/\/universofamilia.com\/wp-content\/uploads\/sites\/148\/2025\/10\/Destaque-Novo-Universo.jpg\",\"datePublished\":\"2025-10-13T15:28:29+00:00\",\"dateModified\":\"2025-10-13T21:26:17+00:00\",\"author\":{\"@id\":\"https:\/\/universofamilia.com\/el\/#\/schema\/person\/92fcd07e9b1f4323bf74f3170fc0f78a\"},\"description\":\"La crise clim\u00e1tica global: los impactos que ya afectan a millones se ha convertido en uno de los desaf\u00edos m\u00e1s urgentes del siglo XXI.\",\"breadcrumb\":{\"@id\":\"http:\/\/universofamilia.com\/crisis-climatica-global\/#breadcrumb\"},\"inLanguage\":\"cs\",\"potentialAction\":[{\"@type\":\"ReadAction\",\"target\":[\"http:\/\/universofamilia.com\/crisis-climatica-global\/\"]}]},{\"@type\":\"ImageObject\",\"inLanguage\":\"cs\",\"@id\":\"http:\/\/universofamilia.com\/crisis-climatica-global\/#primaryimage\",\"url\":\"https:\/\/universofamilia.com\/wp-content\/uploads\/sites\/148\/2025\/10\/Destaque-Novo-Universo.jpg\",\"contentUrl\":\"https:\/\/universofamilia.com\/wp-content\/uploads\/sites\/148\/2025\/10\/Destaque-Novo-Universo.jpg\",\"width\":450,\"height\":250},{\"@type\":\"BreadcrumbList\",\"@id\":\"http:\/\/universofamilia.com\/crisis-climatica-global\/#breadcrumb\",\"itemListElement\":[{\"@type\":\"ListItem\",\"position\":1,\"name\":\"Home\",\"item\":\"https:\/\/universofamilia.com\/el\/\"},{\"@type\":\"ListItem\",\"position\":2,\"name\":\"Crisis clim\u00e1tica global: los impactos que ya est\u00e1n afectando a millones\"}]},{\"@type\":\"WebSite\",\"@id\":\"https:\/\/universofamilia.com\/el\/#website\",\"url\":\"https:\/\/universofamilia.com\/el\/\",\"name\":\"Universo Fam\u00edlia\",\"description\":\"\",\"potentialAction\":[{\"@type\":\"SearchAction\",\"target\":{\"@type\":\"EntryPoint\",\"urlTemplate\":\"https:\/\/universofamilia.com\/el\/?s={search_term_string}\"},\"query-input\":\"required name=search_term_string\"}],\"inLanguage\":\"cs\"},{\"@type\":\"Person\",\"@id\":\"https:\/\/universofamilia.com\/el\/#\/schema\/person\/92fcd07e9b1f4323bf74f3170fc0f78a\",\"name\":\"Matheus Sangaletti\",\"image\":{\"@type\":\"ImageObject\",\"inLanguage\":\"cs\",\"@id\":\"https:\/\/universofamilia.com\/el\/#\/schema\/person\/image\/\",\"url\":\"https:\/\/secure.gravatar.com\/avatar\/280ea957a14a48e6a1ad2133d2cc27c9?s=96&d=mm&r=g\",\"contentUrl\":\"https:\/\/secure.gravatar.com\/avatar\/280ea957a14a48e6a1ad2133d2cc27c9?s=96&d=mm&r=g\",\"caption\":\"Matheus Sangaletti\"},\"url\":\"https:\/\/universofamilia.com\/cs\/author\/matheuss\/\"}]}<\/script>\n<!-- \/ Yoast SEO plugin. -->","yoast_head_json":{"title":"Crisis clim\u00e1tica global: los impactos que ya est\u00e1n afectando a millones - Universo Fam\u00edlia","description":"La crise clim\u00e1tica global: los impactos que ya afectan a millones se ha convertido en uno de los desaf\u00edos m\u00e1s urgentes del siglo XXI.","robots":{"index":"index","follow":"follow","max-snippet":"max-snippet:-1","max-image-preview":"max-image-preview:large","max-video-preview":"max-video-preview:-1"},"canonical":"https:\/\/universofamilia.com\/cs\/crisis-climatica-global\/","og_locale":"cs_CZ","og_type":"article","og_title":"Crisis clim\u00e1tica global: los impactos que ya est\u00e1n afectando a millones - Universo Fam\u00edlia","og_description":"La crise clim\u00e1tica global: los impactos que ya afectan a millones se ha convertido en uno de los desaf\u00edos m\u00e1s urgentes del siglo XXI.","og_url":"https:\/\/universofamilia.com\/cs\/crisis-climatica-global\/","og_site_name":"Universo Fam\u00edlia","article_published_time":"2025-10-13T15:28:29+00:00","article_modified_time":"2025-10-13T21:26:17+00:00","og_image":[{"width":450,"height":250,"url":"http:\/\/universofamilia.com\/wp-content\/uploads\/sites\/148\/2025\/10\/Destaque-Novo-Universo.jpg","type":"image\/jpeg"}],"author":"Matheus Sangaletti","twitter_card":"summary_large_image","twitter_misc":{"Written by":"Matheus Sangaletti","Est. reading time":"8 minut"},"schema":{"@context":"https:\/\/schema.org","@graph":[{"@type":"WebPage","@id":"http:\/\/universofamilia.com\/crisis-climatica-global\/","url":"http:\/\/universofamilia.com\/crisis-climatica-global\/","name":"Crisis clim\u00e1tica global: los impactos que ya est\u00e1n afectando a millones - Universo Fam\u00edlia","isPartOf":{"@id":"https:\/\/universofamilia.com\/el\/#website"},"primaryImageOfPage":{"@id":"http:\/\/universofamilia.com\/crisis-climatica-global\/#primaryimage"},"image":{"@id":"http:\/\/universofamilia.com\/crisis-climatica-global\/#primaryimage"},"thumbnailUrl":"https:\/\/universofamilia.com\/wp-content\/uploads\/sites\/148\/2025\/10\/Destaque-Novo-Universo.jpg","datePublished":"2025-10-13T15:28:29+00:00","dateModified":"2025-10-13T21:26:17+00:00","author":{"@id":"https:\/\/universofamilia.com\/el\/#\/schema\/person\/92fcd07e9b1f4323bf74f3170fc0f78a"},"description":"La crise clim\u00e1tica global: los impactos que ya afectan a millones se ha convertido en uno de los desaf\u00edos m\u00e1s urgentes del siglo XXI.","breadcrumb":{"@id":"http:\/\/universofamilia.com\/crisis-climatica-global\/#breadcrumb"},"inLanguage":"cs","potentialAction":[{"@type":"ReadAction","target":["http:\/\/universofamilia.com\/crisis-climatica-global\/"]}]},{"@type":"ImageObject","inLanguage":"cs","@id":"http:\/\/universofamilia.com\/crisis-climatica-global\/#primaryimage","url":"https:\/\/universofamilia.com\/wp-content\/uploads\/sites\/148\/2025\/10\/Destaque-Novo-Universo.jpg","contentUrl":"https:\/\/universofamilia.com\/wp-content\/uploads\/sites\/148\/2025\/10\/Destaque-Novo-Universo.jpg","width":450,"height":250},{"@type":"BreadcrumbList","@id":"http:\/\/universofamilia.com\/crisis-climatica-global\/#breadcrumb","itemListElement":[{"@type":"ListItem","position":1,"name":"Home","item":"https:\/\/universofamilia.com\/el\/"},{"@type":"ListItem","position":2,"name":"Crisis clim\u00e1tica global: los impactos que ya est\u00e1n afectando a millones"}]},{"@type":"WebSite","@id":"https:\/\/universofamilia.com\/el\/#website","url":"https:\/\/universofamilia.com\/el\/","name":"Universo Fam\u00edlia","description":"","potentialAction":[{"@type":"SearchAction","target":{"@type":"EntryPoint","urlTemplate":"https:\/\/universofamilia.com\/el\/?s={search_term_string}"},"query-input":"required name=search_term_string"}],"inLanguage":"cs"},{"@type":"Person","@id":"https:\/\/universofamilia.com\/el\/#\/schema\/person\/92fcd07e9b1f4323bf74f3170fc0f78a","name":"Matheus Sangaletti","image":{"@type":"ImageObject","inLanguage":"cs","@id":"https:\/\/universofamilia.com\/el\/#\/schema\/person\/image\/","url":"https:\/\/secure.gravatar.com\/avatar\/280ea957a14a48e6a1ad2133d2cc27c9?s=96&d=mm&r=g","contentUrl":"https:\/\/secure.gravatar.com\/avatar\/280ea957a14a48e6a1ad2133d2cc27c9?s=96&d=mm&r=g","caption":"Matheus Sangaletti"},"url":"https:\/\/universofamilia.com\/cs\/author\/matheuss\/"}]}},"_links":{"self":[{"href":"https:\/\/universofamilia.com\/cs\/wp-json\/wp\/v2\/posts\/10068"}],"collection":[{"href":"https:\/\/universofamilia.com\/cs\/wp-json\/wp\/v2\/posts"}],"about":[{"href":"https:\/\/universofamilia.com\/cs\/wp-json\/wp\/v2\/types\/post"}],"author":[{"embeddable":true,"href":"https:\/\/universofamilia.com\/cs\/wp-json\/wp\/v2\/users\/219"}],"replies":[{"embeddable":true,"href":"https:\/\/universofamilia.com\/cs\/wp-json\/wp\/v2\/comments?post=10068"}],"version-history":[{"count":2,"href":"https:\/\/universofamilia.com\/cs\/wp-json\/wp\/v2\/posts\/10068\/revisions"}],"predecessor-version":[{"id":10122,"href":"https:\/\/universofamilia.com\/cs\/wp-json\/wp\/v2\/posts\/10068\/revisions\/10122"}],"wp:featuredmedia":[{"embeddable":true,"href":"https:\/\/universofamilia.com\/cs\/wp-json\/wp\/v2\/media\/10069"}],"wp:attachment":[{"href":"https:\/\/universofamilia.com\/cs\/wp-json\/wp\/v2\/media?parent=10068"}],"wp:term":[{"taxonomy":"category","embeddable":true,"href":"https:\/\/universofamilia.com\/cs\/wp-json\/wp\/v2\/categories?post=10068"},{"taxonomy":"post_tag","embeddable":true,"href":"https:\/\/universofamilia.com\/cs\/wp-json\/wp\/v2\/tags?post=10068"}],"curies":[{"name":"wp","href":"https:\/\/api.w.org\/{rel}","templated":true}]}}