{"id":10184,"date":"2025-10-17T16:36:08","date_gmt":"2025-10-17T19:36:08","guid":{"rendered":"https:\/\/universofamilia.com\/?p=10184"},"modified":"2025-10-17T16:46:53","modified_gmt":"2025-10-17T19:46:53","slug":"realidad-aumentada-y-metaverso","status":"publish","type":"post","link":"https:\/\/universofamilia.com\/cs\/realidad-aumentada-y-metaverso\/","title":{"rendered":"Autonomn\u00ed auta, roz\u0161\u00ed\u0159en\u00e1 realita a metavesm\u00edr"},"content":{"rendered":"<p class=\"has-text-align-center\">Ten\/Ta\/To <strong>Autonomn\u00ed auta, roz\u0161\u00ed\u0159en\u00e1 realita a metavesm\u00edr: co o\u010dek\u00e1vat<\/strong> V roce 2025 se ji\u017e nejedn\u00e1 o futuristick\u00e9 koncepty, ale sp\u00ed\u0161e o pil\u00ed\u0159e technologick\u00e9 transformace, kter\u00e1 nov\u011b definuje mobilitu.<\/p>\n\n\n\n<figure class=\"wp-block-gallery aligncenter has-nested-images columns-default is-cropped wp-block-gallery-1 is-layout-flex wp-block-gallery-is-layout-flex\">\n<figure class=\"wp-block-image size-full\"><img loading=\"lazy\" decoding=\"async\" width=\"450\" height=\"250\" data-id=\"10186\" src=\"https:\/\/universofamilia.com\/wp-content\/uploads\/sites\/148\/2025\/10\/Destaque-Novo-Universo-17-1.jpg\" alt=\"\" class=\"wp-image-10186\" srcset=\"https:\/\/universofamilia.com\/wp-content\/uploads\/sites\/148\/2025\/10\/Destaque-Novo-Universo-17-1.jpg 450w, https:\/\/universofamilia.com\/wp-content\/uploads\/sites\/148\/2025\/10\/Destaque-Novo-Universo-17-1-300x167.jpg 300w, https:\/\/universofamilia.com\/wp-content\/uploads\/sites\/148\/2025\/10\/Destaque-Novo-Universo-17-1-18x10.jpg 18w\" sizes=\"(max-width: 450px) 100vw, 450px\" \/><figcaption class=\"wp-element-caption\">CANVA<\/figcaption><\/figure>\n<\/figure>\n\n\n\n<p class=\"has-text-align-center\">Tento rok p\u0159edstavuje bod sbl\u00ed\u017een\u00ed t\u0159\u00ed inovac\u00ed, kter\u00e9 se kdysi zd\u00e1ly vzd\u00e1len\u00e9, ale nyn\u00ed spole\u010dn\u011b vytv\u00e1\u0159ej\u00ed bezpe\u010dn\u011bj\u0161\u00ed, imerzivn\u011bj\u0161\u00ed a personalizovan\u011bj\u0161\u00ed prost\u0159ed\u00ed.<\/p>\n\n\n\n<p>Tento \u010dl\u00e1nek se bude zab\u00fdvat t\u00edm, jak tyto pokroky formuj\u00ed sou\u010dasnost a bezprost\u0159edn\u00ed budoucnost, jejich aplikacemi v re\u00e1ln\u00e9m sv\u011bt\u011b, etick\u00fdmi a soci\u00e1ln\u00edmi v\u00fdzvami, kter\u00e9 p\u0159edstavuj\u00ed, a t\u00edm, co m\u016f\u017eete o\u010dek\u00e1vat v nadch\u00e1zej\u00edc\u00edch letech.<\/p>\n\n\n\n<p><strong>Shrnut\u00ed \u010dl\u00e1nku:<\/strong><\/p>\n\n\n\n<ol>\n<li>Nezastaviteln\u00fd pokrok autonomn\u00edch vozidel.<\/li>\n\n\n\n<li>Roz\u0161\u00ed\u0159en\u00e1 realita: od obrazovky a\u017e po fyzick\u00e9 prost\u0159ed\u00ed.<\/li>\n\n\n\n<li>Metaverzum a expanze digit\u00e1ln\u00edch z\u00e1\u017eitk\u016f.<\/li>\n\n\n\n<li>Propojen\u00ed mezi mobilitou, imerz\u00ed a virtualizac\u00ed.<\/li>\n\n\n\n<li>Etick\u00e9 v\u00fdzvy, udr\u017eitelnost a soukrom\u00ed.<\/li>\n\n\n\n<li>Z\u00e1v\u011br a \u010dasto kladen\u00e9 ot\u00e1zky.<\/li>\n<\/ol>\n\n\n\n<h3 class=\"wp-block-heading\">Nezastaviteln\u00fd pokrok autonomn\u00edch vozidel<\/h3>\n\n\n\n<p>Ten\/Ta\/To <strong>Autonomn\u00ed auta, roz\u0161\u00ed\u0159en\u00e1 realita a metavesm\u00edr: co o\u010dek\u00e1vat<\/strong> P\u0159edstavuj\u00ed t\u0159i paraleln\u00ed revoluce, ale nejhmatateln\u011bj\u0161\u00ed osou se stal v\u00fdvoj vozidel bez \u0159idi\u010de.<\/p>\n\n\n\n<p>Do roku 2025 spole\u010dnosti jako Tesla, Waymo, Baidu a Cruise dos\u00e1hly v\u00fdznamn\u00e9ho pokroku sm\u011brem k autonomii \u00farovn\u011b 4, kter\u00e1 umo\u017e\u0148uje automobil\u016fm navigovat bez lidsk\u00e9ho z\u00e1sahu v kontrolovan\u00e9m m\u011bstsk\u00e9m prost\u0159ed\u00ed.<\/p>\n\n\n\n<p>Podle ned\u00e1vn\u00e9 zpr\u00e1vy od <em>Pr\u016fzkum trhu s p\u0159\u00edbuzensk\u00fdmi vztahy<\/em>, glob\u00e1ln\u00ed trh s autonomn\u00edmi vozidly dos\u00e1hne hodnoty <strong>2,3 bilionu USD do roku 2030<\/strong>, poh\u00e1n\u011bn\u00fd rostouc\u00edmi investicemi do senzor\u016f, softwaru pro strojov\u00e9 u\u010den\u00ed a s\u00edt\u00ed 5G<\/p>\n\n\n\n<p> V Mexiku ji\u017e existuj\u00ed pilotn\u00ed programy v Monterrey a Guadalaja\u0159e, kde ve vyhrazen\u00fdch oblastech jezd\u00ed flotily autonomn\u00edch tax\u00edk\u016f, kter\u00e9 nab\u00edzej\u00ed efektivn\u011bj\u0161\u00ed p\u0159epravu a sni\u017euj\u00ed po\u010det nehod zp\u016fsoben\u00fdch lidskou chybou.<\/p>\n\n\n\n<p>Debata v\u0161ak p\u0159esahuje r\u00e1mec in\u017een\u00fdrstv\u00ed: zahrnuje d\u016fv\u011bru. Jste ochotni vzd\u00e1t se \u00fapln\u00e9 kontroly nad sv\u00fdm vozidlem ve prosp\u011bch algoritmu?<\/p>\n\n\n\n<p>P\u0159echod na autonomn\u00ed \u0159\u00edzen\u00ed vy\u017eaduje nov\u00fd vztah mezi \u010dlov\u011bkem a strojem, v n\u011bm\u017e jsou transparentnost a bezpe\u010dnost z\u00e1sadn\u00ed.<\/p>\n\n\n\n<h3 class=\"wp-block-heading\">Roz\u0161\u00ed\u0159en\u00e1 realita: z obrazovky do fyzick\u00e9ho prost\u0159ed\u00ed<\/h3>\n\n\n\n<p>Druh\u00e1 velk\u00e1 transformace uvnit\u0159 <strong>Autonomn\u00ed auta, roz\u0161\u00ed\u0159en\u00e1 realita a metavesm\u00edr: co o\u010dek\u00e1vat<\/strong> je vzestup roz\u0161\u00ed\u0159en\u00e9 reality (AR).<\/p>\n\n\n\n<p>Tato technologie zesiluje re\u00e1ln\u00e9 prost\u0159ed\u00ed p\u0159ekr\u00fdv\u00e1n\u00edm digit\u00e1ln\u00edch informac\u00ed a vytv\u00e1\u0159\u00ed interaktivn\u00ed z\u00e1\u017eitky, kter\u00e9 d\u0159\u00edve existovaly pouze ve sci-fi.<\/p>\n\n\n\n<p>Do roku 2025 bude roz\u0161\u00ed\u0159en\u00e1 realita integrov\u00e1na do \u010deln\u00edch skel vozidel a bude prom\u00edtat data, jako jsou rychlostn\u00ed limity, bezpe\u010dn\u00e9 vzd\u00e1lenosti a optim\u00e1ln\u00ed trasy, p\u0159\u00edmo do zorn\u00e9ho pole \u0159idi\u010de nebo spolujezdce.<\/p>\n\n\n\n<p>Zna\u010dky jako BMW a Mercedes-Benz ji\u017e n\u011bkter\u00e9 modely vybavuj\u00ed pokro\u010dil\u00fdmi head-up displeji, kter\u00e9 vyu\u017e\u00edvaj\u00ed um\u011blou inteligenci k p\u0159edv\u00edd\u00e1n\u00ed rizik a poskytov\u00e1n\u00ed proaktivn\u00edch pokyn\u016f.<\/p>\n\n\n\n<p><\/p>\n\n\n\n<p>Mimo automobilov\u00fd sektor se roz\u0161\u00ed\u0159en\u00e1 realita stala \u00fast\u0159edn\u00ed sou\u010d\u00e1st\u00ed vzd\u011bl\u00e1v\u00e1n\u00ed a obchodu.<\/p>\n\n\n\n<p>Aktu\u00e1ln\u00ed p\u0159\u00edklad: v Mexiku n\u011bkter\u00e9 univerzity aplikuj\u00ed roz\u0161\u00ed\u0159enou realitu ve virtu\u00e1ln\u00edch laborato\u0159\u00edch, aby studenti in\u017een\u00fdrstv\u00ed mohli interagovat s 3D modely elektrick\u00fdch syst\u00e9m\u016f bez nutnosti fyzick\u00fdch materi\u00e1l\u016f.<\/p>\n\n\n\n<p>Roz\u0161\u00ed\u0159en\u00e1 realita v podstat\u011b transformuje zp\u016fsob, jak\u00fdm vn\u00edm\u00e1me sv\u011bt, a st\u00edr\u00e1 hranice mezi digit\u00e1ln\u00edm a hmotn\u00fdm.<\/p>\n\n\n\n<p>Jako inteligentn\u00ed \u010do\u010dka vn\u00edmaj\u00edc\u00ed realitu roz\u0161i\u0159uje lidskou schopnost vid\u011bt, u\u010dit se a jednat.<\/p>\n\n\n\n<h3 class=\"wp-block-heading\">Metaverzum a expanze digit\u00e1ln\u00edch z\u00e1\u017eitk\u016f<\/h3>\n\n\n\n<p>Metaverzum dosp\u011blo. Co bylo kdysi soci\u00e1ln\u00edm nebo z\u00e1bavn\u00edm experimentem, je nyn\u00ed ekonomickou a vzd\u011bl\u00e1vac\u00ed platformou s mnoha re\u00e1ln\u00fdmi aplikacemi.<\/p>\n\n\n\n<p>V roce 2025 bude vyu\u017e\u00edv\u00e1n p\u0159edev\u0161\u00edm pro \u0161kolen\u00ed, pracovn\u00ed sch\u016fzky, vzd\u00e1lenou zdravotn\u00ed p\u00e9\u010di a spole\u010dn\u00fd v\u00fdvoj projekt\u016f.<\/p>\n\n\n\n<p>V kontextu <strong>Autonomn\u00ed auta, roz\u0161\u00ed\u0159en\u00e1 realita a metavesm\u00edr: co o\u010dek\u00e1vat<\/strong>Tento propojen\u00fd virtu\u00e1ln\u00ed vesm\u00edr se st\u00e1v\u00e1 prostorem pro pr\u00e1ci na d\u00e1lku, tvorbu a u\u010den\u00ed.<\/p>\n\n\n\n<p>Spole\u010dnosti jako Meta, Microsoft a NVIDIA transformovaly p\u016fvodn\u00ed koncept do n\u011b\u010deho pragmati\u010dt\u011bj\u0161\u00edho:<\/p>\n\n\n\n<p>Ekosyst\u00e9my, kde mohou lid\u00e9 spolupracovat v re\u00e1ln\u00e9m \u010dase z r\u016fzn\u00fdch \u010d\u00e1st\u00ed sv\u011bta s vyu\u017eit\u00edm hyperrealistick\u00fdch avatar\u016f a 3D simula\u010dn\u00edch n\u00e1stroj\u016f.<\/p>\n\n\n\n<p>V Mexiku odv\u011btv\u00ed jako architektura a medic\u00edna ji\u017e vyu\u017e\u00edvaj\u00ed tohoto prost\u0159ed\u00ed k vzd\u011bl\u00e1v\u00e1n\u00ed sv\u00fdch odborn\u00edk\u016f.<\/p>\n\n\n\n<p>Nap\u0159\u00edklad skupina chirurg\u016f z <em>N\u00e1rodn\u00ed institut l\u00e9ka\u0159sk\u00fdch v\u011bd a v\u00fd\u017eivy Salvador Zubir\u00e1n<\/em> vyu\u017e\u00edv\u00e1 virtu\u00e1ln\u00ed prost\u0159ed\u00ed k pl\u00e1nov\u00e1n\u00ed slo\u017eit\u00fdch z\u00e1krok\u016f p\u0159ed jejich proveden\u00edm na skute\u010dn\u00fdch opera\u010dn\u00edch s\u00e1lech.<\/p>\n\n\n\n<p>Metaverzum se tak\u00e9 propojuje s mobilitou: autonomn\u00ed vozidla by se mohla st\u00e1t mobiln\u00edm roz\u0161\u00ed\u0159en\u00edm t\u011bchto prostor, kde by cestuj\u00edc\u00ed mohli pracovat, u\u010dit se nebo se bavit b\u011bhem cestov\u00e1n\u00ed, ani\u017e by se museli starat o dopravu.<\/p>\n\n\n\n<h3 class=\"wp-block-heading\">Propojen\u00ed mezi mobilitou, imerz\u00ed a virtualizac\u00ed<\/h3>\n\n\n\n<p>Opravdu fascinuj\u00edc\u00ed v\u011bc na tom, <strong>Autonomn\u00ed auta, roz\u0161\u00ed\u0159en\u00e1 realita a metavesm\u00edr: co o\u010dek\u00e1vat<\/strong> Nejde o ka\u017edou technologii zvl\u00e1\u0161\u0165, ale o jejich integraci.<\/p>\n\n\n\n<p>Do roku 2025 synergie mezi nimi povede ke vzniku zcela nov\u00fdch digit\u00e1ln\u00edch ekosyst\u00e9m\u016f.<\/p>\n\n\n\n<p>P\u0159edstavte si to: nastoup\u00edte do autonomn\u00edho vozidla vybaven\u00e9ho roz\u0161\u00ed\u0159enou realitou.<\/p>\n\n\n\n<p>B\u011bhem j\u00edzdy auta prom\u00edt\u00e1 \u010deln\u00ed sklo informace o m\u00edstech, kter\u00fdmi proj\u00ed\u017ed\u00edte \u2013 historii, doporu\u010den\u00ed, po\u010das\u00ed a dopravu \u2013 zat\u00edmco se \u00fa\u010dastn\u00edte virtu\u00e1ln\u00ed sch\u016fzky v metavesm\u00edru.<\/p>\n\n\n\n<p>Nejste odpojeni od reality, ale naopak se v n\u00ed roz\u0161\u00ed\u0159\u00edte.<\/p>\n\n\n\n<p>To je ta skute\u010dn\u00e1 revoluce: ne\u017e\u00edt v paraleln\u00edch sv\u011btech, ale v jednom hybridn\u00edm prost\u0159ed\u00ed, kde fyzick\u00e9 a digit\u00e1ln\u00ed prost\u0159ed\u00ed koexistuj\u00ed.<\/p>\n\n\n\n<p>Takov\u00e1 integrace nov\u011b definuje koncept \u201ep\u0159\u00edtomnosti\u201c a transformuje rutinu v inteligentn\u00ed a personalizovan\u00fd z\u00e1\u017eitek.<\/p>\n\n\n\n<p>Konkr\u00e9tn\u00edm p\u0159\u00edkladem je projekt <em>Centrum chytr\u00e9 mobility<\/em> vyvinut\u00fd v Ji\u017en\u00ed Koreji, kter\u00fd kombinuje autonomn\u00ed dopravu, roz\u0161\u00ed\u0159enou realitu a 6G konektivitu a vytv\u00e1\u0159\u00ed dynamick\u00e9 trasy p\u0159izp\u016fsoben\u00e9 u\u017eivateli.<\/p>\n\n\n\n<p>Tento model bude slou\u017eit jako reference pro latinskoamerick\u00e1 m\u011bsta, kter\u00e1 se sna\u017e\u00ed p\u0159ej\u00edt na efektivn\u011bj\u0161\u00ed a propojen\u011bj\u0161\u00ed m\u011bstskou mobilitu.<\/p>\n\n\n\n<h3 class=\"wp-block-heading\">Etick\u00e9 v\u00fdzvy, udr\u017eitelnost a soukrom\u00ed<\/h3>\n\n\n\n<p>Ka\u017ed\u00e1 technologick\u00e1 revoluce s sebou nese etick\u00e1 dilemata.<\/p>\n\n\n\n<p>V p\u0159\u00edpad\u011b <strong>Autonomn\u00ed auta, roz\u0161\u00ed\u0159en\u00e1 realita a metavesm\u00edr: co o\u010dek\u00e1vat<\/strong>, ot\u00e1zky t\u00fdkaj\u00edc\u00ed se soukrom\u00ed, udr\u017eitelnosti a vyu\u017e\u00edv\u00e1n\u00ed dat se st\u00e1vaj\u00ed nal\u00e9hav\u00fdmi.<\/p>\n\n\n\n<p>Zpracov\u00e1n\u00ed osobn\u00edch \u00fadaj\u016f v imerzivn\u00edm prost\u0159ed\u00ed vy\u017eaduje p\u0159\u00edsn\u00e9 p\u0159edpisy.<\/p>\n\n\n\n<p>V roce 2025 <em>Evropsk\u00e1 unie<\/em> a n\u011bkolik latinskoamerick\u00fdch zem\u00ed, v\u010detn\u011b Mexika, p\u0159ijalo p\u0159\u00edsn\u011bj\u0161\u00ed pr\u00e1vn\u00ed r\u00e1mce na ochranu digit\u00e1ln\u00ed identity a omezen\u00ed biometrick\u00e9ho sledov\u00e1n\u00ed.<\/p>\n\n\n\n<p>Dal\u0161\u00ed v\u00fdzvou je udr\u017eitelnost. Datov\u00e1 centra, kter\u00e1 podporuj\u00ed metavesm\u00edr a um\u011blou inteligenci, spot\u0159ebov\u00e1vaj\u00ed velk\u00e9 mno\u017estv\u00ed energie.<\/p>\n\n\n\n<p>Podle <em>Mezin\u00e1rodn\u00ed energetick\u00e1 agentura (IEA)<\/em>, digit\u00e1ln\u00ed operace p\u0159edstavuj\u00ed p\u0159ibli\u017en\u011b <strong>4% glob\u00e1ln\u00ed spot\u0159eby elekt\u0159iny<\/strong>.<\/p>\n\n\n\n<p>Spole\u010dnosti reaguj\u00ed strategiemi pro obnoviteln\u00e9 zdroje energie a algoritmickou optimalizac\u00ed, aby sn\u00ed\u017eily svou uhl\u00edkovou stopu.<\/p>\n\n\n\n<p>Diskutuje se tak\u00e9 o etice autonomn\u00edho \u0159\u00edzen\u00ed: jak by m\u011blo vozidlo reagovat v p\u0159\u00edpad\u011b nevyhnuteln\u00e9 nehody?<\/p>\n\n\n\n<p>Tyto typy dilemat, zn\u00e1m\u00e9 jako \u201ealgoritmick\u00e1 mor\u00e1ln\u00ed rozhodnut\u00ed\u201c, vy\u017eaduj\u00ed spole\u010densk\u00fd konsenzus a transparentnost p\u0159i programov\u00e1n\u00ed syst\u00e9m\u016f um\u011bl\u00e9 inteligence.<\/p>\n\n\n\n<p>Jednodu\u0161e \u0159e\u010deno, technologie se nem\u016f\u017ee rozv\u00edjet bez mor\u00e1ln\u00edho kompasu. Zodpov\u011bdn\u00e1 inovace je jedin\u00fd zp\u016fsob, jak zajistit, aby pokrok lidem prosp\u00edval, a ne je vytla\u010doval.<\/p>\n\n\n\n<h3 class=\"wp-block-heading\">Tabulka: Synergie nov\u011b vznikaj\u00edc\u00edch technologi\u00ed v roce 2025<\/h3>\n\n\n\n<figure class=\"wp-block-table\"><table><thead><tr><th>Technologie<\/th><th>Hlavn\u00ed aplikace<\/th><th>Dopad na ka\u017edodenn\u00ed \u017eivot<\/th><th>Glob\u00e1ln\u00ed \u00farove\u0148 p\u0159ijet\u00ed (2025)<\/th><\/tr><\/thead><tbody><tr><td>Autonomn\u00ed auta<\/td><td>Bezpe\u010dn\u00e1 a efektivn\u00ed mobilita<\/td><td>Sn\u00ed\u017een\u00ed nehodovosti a dopravn\u00ed z\u00e1cpy<\/td><td>40%<\/td><\/tr><tr><td>Roz\u0161\u00ed\u0159en\u00e1 realita<\/td><td>Vzd\u011bl\u00e1v\u00e1n\u00ed a doprava<\/td><td>Imerzivn\u00ed u\u010den\u00ed a vizu\u00e1ln\u00ed asistence<\/td><td>45%<\/td><\/tr><tr><td>Metaverse<\/td><td>Spolupr\u00e1ce a z\u00e1bava<\/td><td>Pr\u00e1ce na d\u00e1lku a virtu\u00e1ln\u00ed soci\u00e1ln\u00ed z\u00e1\u017eitky<\/td><td>35%<\/td><\/tr><\/tbody><\/table><figcaption class=\"wp-element-caption\">Autonomn\u00ed auta, roz\u0161\u00ed\u0159en\u00e1 realita a metavesm\u00edr: co o\u010dek\u00e1vat<\/figcaption><\/figure>\n\n\n\n<figure class=\"wp-block-gallery aligncenter has-nested-images columns-default is-cropped wp-block-gallery-2 is-layout-flex wp-block-gallery-is-layout-flex\">\n<figure class=\"wp-block-image size-full\"><img loading=\"lazy\" decoding=\"async\" width=\"450\" height=\"250\" data-id=\"10187\" src=\"https:\/\/universofamilia.com\/wp-content\/uploads\/sites\/148\/2025\/10\/Destaque-Novo-Universo-16.jpg\" alt=\"\" class=\"wp-image-10187\" srcset=\"https:\/\/universofamilia.com\/wp-content\/uploads\/sites\/148\/2025\/10\/Destaque-Novo-Universo-16.jpg 450w, https:\/\/universofamilia.com\/wp-content\/uploads\/sites\/148\/2025\/10\/Destaque-Novo-Universo-16-300x167.jpg 300w, https:\/\/universofamilia.com\/wp-content\/uploads\/sites\/148\/2025\/10\/Destaque-Novo-Universo-16-18x10.jpg 18w\" sizes=\"(max-width: 450px) 100vw, 450px\" \/><figcaption class=\"wp-element-caption\">CANVA<\/figcaption><\/figure>\n<\/figure>\n\n\n\n<p>\u010ct\u011bte v\u00edce:<a href=\"https:\/\/universofamilia.com\/cs\/inteligencia-artificial-en-el-dia-a-dia\/\">&nbsp;Um\u011bl\u00e1 inteligence v ka\u017edodenn\u00edm \u017eivot\u011b<\/a><\/p>\n\n\n\n<h3 class=\"wp-block-heading\">Z\u00e1v\u011br: Sm\u011brem ke komplexn\u00edmu technologick\u00e9mu ekosyst\u00e9mu<\/h3>\n\n\n\n<p>Ten\/Ta\/To <strong>Autonomn\u00ed auta, roz\u0161\u00ed\u0159en\u00e1 realita a metavesm\u00edr: co o\u010dek\u00e1vat<\/strong> Symbolizuj\u00ed bod, kdy technologie p\u0159est\u00e1v\u00e1 b\u00fdt n\u00e1strojem a st\u00e1v\u00e1 se ned\u00edlnou sou\u010d\u00e1st\u00ed prost\u0159ed\u00ed.<\/p>\n\n\n\n<p>Tyto inovace nejen transformuj\u00ed p\u0159edm\u011bty, kter\u00e9 pou\u017e\u00edv\u00e1me, ale tak\u00e9 zp\u016fsob, jak\u00fdm ch\u00e1peme lidskou interakci, u\u010den\u00ed a mobilitu.<\/p>\n\n\n\n<p>Budoucnost nebude ani zcela digit\u00e1ln\u00ed, ani zcela fyzick\u00e1, ale bude rovnov\u00e1hou mezi ob\u011bma sv\u011bty.<\/p>\n\n\n\n<p>Skute\u010dn\u00fdm c\u00edlem je vytv\u00e1\u0159et z\u00e1\u017eitky, kter\u00e9 up\u0159ednost\u0148uj\u00ed pohodu, dostupnost a udr\u017eitelnost.<\/p>\n\n\n\n<p>Technologie, pokud jsou spr\u00e1vn\u011b nasm\u011brov\u00e1ny, mohou b\u00fdt doslova i metaforicky n\u00e1strojem, kter\u00fd poh\u00e1n\u00ed lidstvo k inteligentn\u011bj\u0161\u00edmu, propojen\u011bj\u0161\u00edmu a empati\u010dt\u011bj\u0161\u00edmu \u017eivotu.<\/p>\n\n\n\n<p>\u010ct\u011bte v\u00edce:<a href=\"https:\/\/universofamilia.com\/cs\/inteligencia-artificial-en-el-dia-a-dia\/\">&nbsp;<\/a><a href=\"https:\/\/universofamilia.com\/cs\/tendencias-tecnologicas-de-2025-que-afectaran-tu-dia-a-dia\/\">Technologick\u00e9 trendy roku 2025, kter\u00e9 ovlivn\u00ed v\u00e1\u0161 ka\u017edodenn\u00ed \u017eivot<\/a><\/p>\n\n\n\n<h3 class=\"wp-block-heading\">\u010casto kladen\u00e9 ot\u00e1zky<\/h3>\n\n\n\n<p><strong>1. Kdy se o\u010dek\u00e1v\u00e1, \u017ee se autonomn\u00ed vozidla stanou v Mexiku b\u011b\u017enou z\u00e1le\u017eitost\u00ed?<\/strong><br>O\u010dek\u00e1v\u00e1 se, \u017ee pln\u011b autonomn\u00ed j\u00edzdn\u00ed testy se v letech 2026 a\u017e 2028 roz\u0161\u00ed\u0159\u00ed v z\u00e1vislosti na m\u00edstn\u00edch p\u0159edpisech a infrastruktu\u0159e 5G.<\/p>\n\n\n\n<p><strong>2. Jakou roli bude hr\u00e1t roz\u0161\u00ed\u0159en\u00e1 realita ve vzd\u011bl\u00e1v\u00e1n\u00ed?<\/strong><br>Bude kl\u00ed\u010dov\u00fdm n\u00e1strojem pro praktick\u00e9 u\u010den\u00ed, zejm\u00e9na v technick\u00fdch profes\u00edch, proto\u017ee umo\u017en\u00ed simulace v re\u00e1ln\u00e9m \u010dase a vizualizaci proces\u016f.<\/p>\n\n\n\n<p>V Mexiku n\u011bkter\u00e9 univerzity aplikuj\u00ed roz\u0161\u00ed\u0159enou realitu (AR) ve virtu\u00e1ln\u00edch laborato\u0159\u00edch, aby studenti in\u017een\u00fdrstv\u00ed mohli interagovat s 3D modely elektrick\u00fdch syst\u00e9m\u016f bez nutnosti fyzick\u00fdch materi\u00e1l\u016f.<\/p>\n\n\n\n<p><strong>3. Je metaverse jen pro videohry?<\/strong><br>Ne. V roce 2025 se pou\u017e\u00edv\u00e1 p\u0159edev\u0161\u00edm pro \u0161kolen\u00ed, pracovn\u00ed sch\u016fzky, vzd\u00e1lenou zdravotn\u00ed p\u00e9\u010di a spole\u010dn\u00fd v\u00fdvoj projekt\u016f.<\/p>\n\n\n\n<p><strong>4. Jak\u00e1 jsou hlavn\u00ed rizika t\u011bchto technologi\u00ed?<\/strong><br><a href=\"https:\/\/universofamilia.com\/cs\/autenticacion-sin-contrasena-el-futuro-de-la-seguridad-digital\/\">Soukrom\u00ed<\/a>, digit\u00e1ln\u00ed z\u00e1vislost a nerovnost <a href=\"https:\/\/universofamilia.com\/cs\/inteligencia-artificial-en-el-dia-a-dia\/\">p\u0159\u00edstup<\/a>Proto budou politiky digit\u00e1ln\u00edho vzd\u011bl\u00e1v\u00e1n\u00ed a za\u010dle\u0148ov\u00e1n\u00ed z\u00e1sadn\u00ed pro zaji\u0161t\u011bn\u00ed etick\u00e9ho a spravedliv\u00e9ho vyu\u017e\u00edv\u00e1n\u00ed.<\/p>\n\n\n\n<p><\/p>","protected":false},"excerpt":{"rendered":"<p>Autonomn\u00ed auta, roz\u0161\u00ed\u0159en\u00e1 realita a metavesm\u00edr: to, co o\u010dek\u00e1vat v roce 2025, u\u017e nejsou futuristick\u00e9 koncepty, ale sp\u00ed\u0161e pil\u00ed\u0159e technologick\u00e9 transformace, kter\u00e1 nov\u011b definuje mobilitu. Tento rok p\u0159edstavuje bod sbli\u017eov\u00e1n\u00ed t\u0159\u00ed inovac\u00ed, kter\u00e9 se kdysi zd\u00e1ly vzd\u00e1len\u00e9, ale nyn\u00ed spolupracuj\u00ed na vytv\u00e1\u0159en\u00ed bezpe\u010dn\u011bj\u0161\u00edho, imerzivn\u011bj\u0161\u00edho a personalizovan\u011bj\u0161\u00edho prost\u0159ed\u00ed. Tento \u010dl\u00e1nek zkoum\u00e1 [\u2026]<\/p>","protected":false},"author":219,"featured_media":10185,"comment_status":"closed","ping_status":"open","sticky":false,"template":"","format":"standard","meta":{"footnotes":""},"categories":[3],"tags":[],"yoast_head":"<!-- This site is optimized with the Yoast SEO plugin v23.3 - https:\/\/yoast.com\/wordpress\/plugins\/seo\/ -->\n<title>Autom\u00f3viles aut\u00f3nomos, realidad aumentada y metaverso - Universo Fam\u00edlia<\/title>\n<meta name=\"description\" content=\"Las autom\u00f3viles aut\u00f3nomos, realidad aumentada y metaverso:qu\u00e9 esperar en 2025 ya no son conceptos futuristas, sino pilares de una transform..\" \/>\n<meta name=\"robots\" content=\"index, follow, max-snippet:-1, max-image-preview:large, max-video-preview:-1\" \/>\n<link rel=\"canonical\" href=\"https:\/\/universofamilia.com\/cs\/realidad-aumentada-y-metaverso\/\" \/>\n<meta property=\"og:locale\" content=\"cs_CZ\" \/>\n<meta property=\"og:type\" content=\"article\" \/>\n<meta property=\"og:title\" content=\"Autom\u00f3viles aut\u00f3nomos, realidad aumentada y metaverso - Universo Fam\u00edlia\" \/>\n<meta property=\"og:description\" content=\"Las autom\u00f3viles aut\u00f3nomos, realidad aumentada y metaverso:qu\u00e9 esperar en 2025 ya no son conceptos futuristas, sino pilares de una transform..\" \/>\n<meta property=\"og:url\" content=\"https:\/\/universofamilia.com\/cs\/realidad-aumentada-y-metaverso\/\" \/>\n<meta property=\"og:site_name\" content=\"Universo Fam\u00edlia\" \/>\n<meta property=\"article:published_time\" content=\"2025-10-17T19:36:08+00:00\" \/>\n<meta property=\"article:modified_time\" content=\"2025-10-17T19:46:53+00:00\" \/>\n<meta property=\"og:image\" content=\"https:\/\/universofamilia.com\/wp-content\/uploads\/sites\/148\/2025\/10\/Destaque-Novo-Universo-17.jpg\" \/>\n\t<meta property=\"og:image:width\" content=\"450\" \/>\n\t<meta property=\"og:image:height\" content=\"250\" \/>\n\t<meta property=\"og:image:type\" content=\"image\/jpeg\" \/>\n<meta name=\"author\" content=\"Matheus Sangaletti\" \/>\n<meta name=\"twitter:card\" content=\"summary_large_image\" \/>\n<meta name=\"twitter:label1\" content=\"Written by\" \/>\n\t<meta name=\"twitter:data1\" content=\"Matheus Sangaletti\" \/>\n\t<meta name=\"twitter:label2\" content=\"Est. reading time\" \/>\n\t<meta name=\"twitter:data2\" content=\"9 minut\" \/>\n<script type=\"application\/ld+json\" class=\"yoast-schema-graph\">{\"@context\":\"https:\/\/schema.org\",\"@graph\":[{\"@type\":\"WebPage\",\"@id\":\"https:\/\/universofamilia.com\/cs\/realidad-aumentada-y-metaverso\/\",\"url\":\"https:\/\/universofamilia.com\/cs\/realidad-aumentada-y-metaverso\/\",\"name\":\"Autom\u00f3viles aut\u00f3nomos, realidad aumentada y metaverso - Universo Fam\u00edlia\",\"isPartOf\":{\"@id\":\"https:\/\/universofamilia.com\/el\/#website\"},\"primaryImageOfPage\":{\"@id\":\"https:\/\/universofamilia.com\/cs\/realidad-aumentada-y-metaverso\/#primaryimage\"},\"image\":{\"@id\":\"https:\/\/universofamilia.com\/cs\/realidad-aumentada-y-metaverso\/#primaryimage\"},\"thumbnailUrl\":\"https:\/\/universofamilia.com\/wp-content\/uploads\/sites\/148\/2025\/10\/Destaque-Novo-Universo-17.jpg\",\"datePublished\":\"2025-10-17T19:36:08+00:00\",\"dateModified\":\"2025-10-17T19:46:53+00:00\",\"author\":{\"@id\":\"https:\/\/universofamilia.com\/el\/#\/schema\/person\/92fcd07e9b1f4323bf74f3170fc0f78a\"},\"description\":\"Las autom\u00f3viles aut\u00f3nomos, realidad aumentada y metaverso:qu\u00e9 esperar en 2025 ya no son conceptos futuristas, sino pilares de una transform..\",\"breadcrumb\":{\"@id\":\"https:\/\/universofamilia.com\/cs\/realidad-aumentada-y-metaverso\/#breadcrumb\"},\"inLanguage\":\"cs\",\"potentialAction\":[{\"@type\":\"ReadAction\",\"target\":[\"https:\/\/universofamilia.com\/cs\/realidad-aumentada-y-metaverso\/\"]}]},{\"@type\":\"ImageObject\",\"inLanguage\":\"cs\",\"@id\":\"https:\/\/universofamilia.com\/cs\/realidad-aumentada-y-metaverso\/#primaryimage\",\"url\":\"https:\/\/universofamilia.com\/wp-content\/uploads\/sites\/148\/2025\/10\/Destaque-Novo-Universo-17.jpg\",\"contentUrl\":\"https:\/\/universofamilia.com\/wp-content\/uploads\/sites\/148\/2025\/10\/Destaque-Novo-Universo-17.jpg\",\"width\":450,\"height\":250},{\"@type\":\"BreadcrumbList\",\"@id\":\"https:\/\/universofamilia.com\/cs\/realidad-aumentada-y-metaverso\/#breadcrumb\",\"itemListElement\":[{\"@type\":\"ListItem\",\"position\":1,\"name\":\"Home\",\"item\":\"https:\/\/universofamilia.com\/el\/\"},{\"@type\":\"ListItem\",\"position\":2,\"name\":\"Autom\u00f3viles aut\u00f3nomos, realidad aumentada y metaverso\"}]},{\"@type\":\"WebSite\",\"@id\":\"https:\/\/universofamilia.com\/el\/#website\",\"url\":\"https:\/\/universofamilia.com\/el\/\",\"name\":\"Universo Fam\u00edlia\",\"description\":\"\",\"potentialAction\":[{\"@type\":\"SearchAction\",\"target\":{\"@type\":\"EntryPoint\",\"urlTemplate\":\"https:\/\/universofamilia.com\/el\/?s={search_term_string}\"},\"query-input\":\"required name=search_term_string\"}],\"inLanguage\":\"cs\"},{\"@type\":\"Person\",\"@id\":\"https:\/\/universofamilia.com\/el\/#\/schema\/person\/92fcd07e9b1f4323bf74f3170fc0f78a\",\"name\":\"Matheus Sangaletti\",\"image\":{\"@type\":\"ImageObject\",\"inLanguage\":\"cs\",\"@id\":\"https:\/\/universofamilia.com\/el\/#\/schema\/person\/image\/\",\"url\":\"https:\/\/secure.gravatar.com\/avatar\/280ea957a14a48e6a1ad2133d2cc27c9?s=96&d=mm&r=g\",\"contentUrl\":\"https:\/\/secure.gravatar.com\/avatar\/280ea957a14a48e6a1ad2133d2cc27c9?s=96&d=mm&r=g\",\"caption\":\"Matheus Sangaletti\"},\"url\":\"https:\/\/universofamilia.com\/cs\/author\/matheuss\/\"}]}<\/script>\n<!-- \/ Yoast SEO plugin. -->","yoast_head_json":{"title":"Autom\u00f3viles aut\u00f3nomos, realidad aumentada y metaverso - Universo Fam\u00edlia","description":"Las autom\u00f3viles aut\u00f3nomos, realidad aumentada y metaverso:qu\u00e9 esperar en 2025 ya no son conceptos futuristas, sino pilares de una transform..","robots":{"index":"index","follow":"follow","max-snippet":"max-snippet:-1","max-image-preview":"max-image-preview:large","max-video-preview":"max-video-preview:-1"},"canonical":"https:\/\/universofamilia.com\/cs\/realidad-aumentada-y-metaverso\/","og_locale":"cs_CZ","og_type":"article","og_title":"Autom\u00f3viles aut\u00f3nomos, realidad aumentada y metaverso - Universo Fam\u00edlia","og_description":"Las autom\u00f3viles aut\u00f3nomos, realidad aumentada y metaverso:qu\u00e9 esperar en 2025 ya no son conceptos futuristas, sino pilares de una transform..","og_url":"https:\/\/universofamilia.com\/cs\/realidad-aumentada-y-metaverso\/","og_site_name":"Universo Fam\u00edlia","article_published_time":"2025-10-17T19:36:08+00:00","article_modified_time":"2025-10-17T19:46:53+00:00","og_image":[{"width":450,"height":250,"url":"https:\/\/universofamilia.com\/wp-content\/uploads\/sites\/148\/2025\/10\/Destaque-Novo-Universo-17.jpg","type":"image\/jpeg"}],"author":"Matheus Sangaletti","twitter_card":"summary_large_image","twitter_misc":{"Written by":"Matheus Sangaletti","Est. reading time":"9 minut"},"schema":{"@context":"https:\/\/schema.org","@graph":[{"@type":"WebPage","@id":"https:\/\/universofamilia.com\/cs\/realidad-aumentada-y-metaverso\/","url":"https:\/\/universofamilia.com\/cs\/realidad-aumentada-y-metaverso\/","name":"Autom\u00f3viles aut\u00f3nomos, realidad aumentada y metaverso - Universo Fam\u00edlia","isPartOf":{"@id":"https:\/\/universofamilia.com\/el\/#website"},"primaryImageOfPage":{"@id":"https:\/\/universofamilia.com\/cs\/realidad-aumentada-y-metaverso\/#primaryimage"},"image":{"@id":"https:\/\/universofamilia.com\/cs\/realidad-aumentada-y-metaverso\/#primaryimage"},"thumbnailUrl":"https:\/\/universofamilia.com\/wp-content\/uploads\/sites\/148\/2025\/10\/Destaque-Novo-Universo-17.jpg","datePublished":"2025-10-17T19:36:08+00:00","dateModified":"2025-10-17T19:46:53+00:00","author":{"@id":"https:\/\/universofamilia.com\/el\/#\/schema\/person\/92fcd07e9b1f4323bf74f3170fc0f78a"},"description":"Las autom\u00f3viles aut\u00f3nomos, realidad aumentada y metaverso:qu\u00e9 esperar en 2025 ya no son conceptos futuristas, sino pilares de una transform..","breadcrumb":{"@id":"https:\/\/universofamilia.com\/cs\/realidad-aumentada-y-metaverso\/#breadcrumb"},"inLanguage":"cs","potentialAction":[{"@type":"ReadAction","target":["https:\/\/universofamilia.com\/cs\/realidad-aumentada-y-metaverso\/"]}]},{"@type":"ImageObject","inLanguage":"cs","@id":"https:\/\/universofamilia.com\/cs\/realidad-aumentada-y-metaverso\/#primaryimage","url":"https:\/\/universofamilia.com\/wp-content\/uploads\/sites\/148\/2025\/10\/Destaque-Novo-Universo-17.jpg","contentUrl":"https:\/\/universofamilia.com\/wp-content\/uploads\/sites\/148\/2025\/10\/Destaque-Novo-Universo-17.jpg","width":450,"height":250},{"@type":"BreadcrumbList","@id":"https:\/\/universofamilia.com\/cs\/realidad-aumentada-y-metaverso\/#breadcrumb","itemListElement":[{"@type":"ListItem","position":1,"name":"Home","item":"https:\/\/universofamilia.com\/el\/"},{"@type":"ListItem","position":2,"name":"Autom\u00f3viles aut\u00f3nomos, realidad aumentada y metaverso"}]},{"@type":"WebSite","@id":"https:\/\/universofamilia.com\/el\/#website","url":"https:\/\/universofamilia.com\/el\/","name":"Universo Fam\u00edlia","description":"","potentialAction":[{"@type":"SearchAction","target":{"@type":"EntryPoint","urlTemplate":"https:\/\/universofamilia.com\/el\/?s={search_term_string}"},"query-input":"required name=search_term_string"}],"inLanguage":"cs"},{"@type":"Person","@id":"https:\/\/universofamilia.com\/el\/#\/schema\/person\/92fcd07e9b1f4323bf74f3170fc0f78a","name":"Matheus Sangaletti","image":{"@type":"ImageObject","inLanguage":"cs","@id":"https:\/\/universofamilia.com\/el\/#\/schema\/person\/image\/","url":"https:\/\/secure.gravatar.com\/avatar\/280ea957a14a48e6a1ad2133d2cc27c9?s=96&d=mm&r=g","contentUrl":"https:\/\/secure.gravatar.com\/avatar\/280ea957a14a48e6a1ad2133d2cc27c9?s=96&d=mm&r=g","caption":"Matheus Sangaletti"},"url":"https:\/\/universofamilia.com\/cs\/author\/matheuss\/"}]}},"_links":{"self":[{"href":"https:\/\/universofamilia.com\/cs\/wp-json\/wp\/v2\/posts\/10184"}],"collection":[{"href":"https:\/\/universofamilia.com\/cs\/wp-json\/wp\/v2\/posts"}],"about":[{"href":"https:\/\/universofamilia.com\/cs\/wp-json\/wp\/v2\/types\/post"}],"author":[{"embeddable":true,"href":"https:\/\/universofamilia.com\/cs\/wp-json\/wp\/v2\/users\/219"}],"replies":[{"embeddable":true,"href":"https:\/\/universofamilia.com\/cs\/wp-json\/wp\/v2\/comments?post=10184"}],"version-history":[{"count":3,"href":"https:\/\/universofamilia.com\/cs\/wp-json\/wp\/v2\/posts\/10184\/revisions"}],"predecessor-version":[{"id":10192,"href":"https:\/\/universofamilia.com\/cs\/wp-json\/wp\/v2\/posts\/10184\/revisions\/10192"}],"wp:featuredmedia":[{"embeddable":true,"href":"https:\/\/universofamilia.com\/cs\/wp-json\/wp\/v2\/media\/10185"}],"wp:attachment":[{"href":"https:\/\/universofamilia.com\/cs\/wp-json\/wp\/v2\/media?parent=10184"}],"wp:term":[{"taxonomy":"category","embeddable":true,"href":"https:\/\/universofamilia.com\/cs\/wp-json\/wp\/v2\/categories?post=10184"},{"taxonomy":"post_tag","embeddable":true,"href":"https:\/\/universofamilia.com\/cs\/wp-json\/wp\/v2\/tags?post=10184"}],"curies":[{"name":"wp","href":"https:\/\/api.w.org\/{rel}","templated":true}]}}