{"id":10194,"date":"2025-10-23T14:05:06","date_gmt":"2025-10-23T17:05:06","guid":{"rendered":"https:\/\/universofamilia.com\/?p=10194"},"modified":"2025-10-23T14:05:10","modified_gmt":"2025-10-23T17:05:10","slug":"tres-pilares-esenciales-para-una-carrera-robusta","status":"publish","type":"post","link":"https:\/\/universofamilia.com\/cs\/tres-pilares-esenciales-para-una-carrera-robusta\/","title":{"rendered":"T\u0159i z\u00e1kladn\u00ed pil\u00ed\u0159e pro silnou kari\u00e9ru"},"content":{"rendered":"<p class=\"has-text-align-center\">Abychom v\u00e1s na t\u00e9to cest\u011b provedli, prozkoum\u00e1me <strong>T\u0159i z\u00e1kladn\u00ed pil\u00ed\u0159e pro silnou kari\u00e9ru<\/strong>, co\u017e v\u00e1m umo\u017en\u00ed rozv\u00edjet kl\u00ed\u010dov\u00e9 dovednosti.<\/p>\n\n\n\n<figure class=\"wp-block-gallery aligncenter has-nested-images columns-default is-cropped wp-block-gallery-1 is-layout-flex wp-block-gallery-is-layout-flex\">\n<figure class=\"wp-block-image size-full\"><img loading=\"lazy\" decoding=\"async\" width=\"450\" height=\"250\" data-id=\"10196\" src=\"https:\/\/universofamilia.com\/wp-content\/uploads\/sites\/148\/2025\/10\/Destaque-Novo-Universo-18-1.jpg\" alt=\"\" class=\"wp-image-10196\" srcset=\"https:\/\/universofamilia.com\/wp-content\/uploads\/sites\/148\/2025\/10\/Destaque-Novo-Universo-18-1.jpg 450w, https:\/\/universofamilia.com\/wp-content\/uploads\/sites\/148\/2025\/10\/Destaque-Novo-Universo-18-1-300x167.jpg 300w, https:\/\/universofamilia.com\/wp-content\/uploads\/sites\/148\/2025\/10\/Destaque-Novo-Universo-18-1-18x10.jpg 18w\" sizes=\"(max-width: 450px) 100vw, 450px\" \/><figcaption class=\"wp-element-caption\">CANVA<\/figcaption><\/figure>\n<\/figure>\n\n\n\n<p class=\"has-text-align-center\">V dne\u0161n\u00ed dob\u011b ch\u00e1pejte <strong>Jak si vybudovat solidn\u00ed kari\u00e9ru ve v\u011bku technologi\u00ed<\/strong> je d\u016fle\u017eit\u011bj\u0161\u00ed ne\u017e kdy jindy.<\/p>\n\n\n\n<p class=\"has-text-align-center\">Neust\u00e1l\u00fd pokrok v oblasti um\u011bl\u00e9 inteligence, automatizace a digitalizace transformuje tradi\u010dn\u00ed pracovn\u00ed m\u00edsta a vy\u017eaduje nov\u00e9 dovednosti.<\/p>\n\n\n\n<p class=\"has-text-align-center\"><\/p>\n\n\n\n<h3 class=\"wp-block-heading\">1. Technick\u00e9 a lidsk\u00e9 dovednosti <\/h3>\n\n\n\n<p>V digit\u00e1ln\u00edm v\u011bku rostou technick\u00e9 dovednosti (jako je anal\u00fdza dat, um\u011bl\u00e1 inteligence, kybernetick\u00e1 bezpe\u010dnost), ale lidsk\u00e9 dovednosti (kreativita, odolnost, komunikace) nez\u016fst\u00e1vaj\u00ed stranou:<\/p>\n\n\n\n<p>Zpr\u00e1va uv\u00e1d\u00ed, \u017ee vedle um\u011bl\u00e9 inteligence a velk\u00fdch dat se st\u00e1le v\u00edce cen\u00ed \u201eagilita\u201c, \u201eodolnost\u201c a \u201eanalytick\u00e9 my\u0161len\u00ed\u201c.<\/p>\n\n\n\n<p>Nap\u0159\u00edklad mezi nejrychleji rostouc\u00ed pozice pat\u0159\u00ed specialist\u00e9 na big data, fintech in\u017een\u00fd\u0159i a experti na um\u011blou inteligenci.<\/p>\n\n\n\n<p><br>P\u0159edstavme si p\u0159\u00edpad Any, profesion\u00e1lky v tradi\u010dn\u00edm marketingu: rozhodne se nau\u010dit z\u00e1klady datov\u00e9 v\u011bdy a z\u00e1rove\u0148 si zlep\u0161it sv\u00e9 vyprav\u011b\u010dsk\u00e9 dovednosti.<\/p>\n\n\n\n<p> D\u00edky tomuto dvoj\u00edmu profilu dok\u00e1\u017ee p\u0159ev\u00e9st technick\u00e9 poznatky do sd\u011blen\u00ed, kter\u00e1 oslov\u00ed publikum.<\/p>\n\n\n\n<p>Tato kombinace mu d\u00e1v\u00e1 v\u00fdhody oproti striktn\u011b technick\u00fdm nebo striktn\u011b lidsk\u00fdm profil\u016fm.<\/p>\n\n\n\n<h3 class=\"wp-block-heading\">2. My\u0161len\u00ed zam\u011b\u0159en\u00e9 na neust\u00e1l\u00e9 u\u010den\u00ed a p\u0159izp\u016fsobivost<\/h3>\n\n\n\n<p>Budov\u00e1n\u00ed dobr\u00e9 kari\u00e9ry dnes znamen\u00e1 zav\u00e1zat se k neust\u00e1l\u00e9mu vzd\u011bl\u00e1v\u00e1n\u00ed.<\/p>\n\n\n\n<p>U\u017e nesta\u010d\u00ed jen dokon\u010dit bakal\u00e1\u0159sk\u00fd titul a \u201epov\u011bsit\u201c si ten titul na ze\u010f: mus\u00edte se neust\u00e1le d\u00edvat dop\u0159edu, dr\u017eet krok s aktu\u00e1ln\u00edm v\u00fdvojem a v p\u0159\u00edpad\u011b pot\u0159eby se p\u0159izp\u016fsobit.<\/p>\n\n\n\n<p>Toto aktivn\u00ed my\u0161len\u00ed v\u00e1m umo\u017e\u0148uje p\u0159edv\u00eddat zm\u011bny, nejen na n\u011b reagovat.<\/p>\n\n\n\n<p>Ve stejn\u00e9 zpr\u00e1v\u011b se uv\u00e1d\u00ed, \u017ee prostor mezi lidmi a stroji se bude posouvat sm\u011brem k u\u017e\u0161\u00ed spolupr\u00e1ci:<\/p>\n\n\n\n<p> V sou\u010dasn\u00e9 dob\u011b 47 % \u00fakol\u016f vykon\u00e1vaj\u00ed prim\u00e1rn\u011b lid\u00e9, ale do roku 2030 se o\u010dek\u00e1v\u00e1 rovnov\u00e1ha mezi lidmi, stroji a kombinac\u00ed oboj\u00edho.<\/p>\n\n\n\n<p>To znamen\u00e1, \u017ee ti, kte\u0159\u00ed ch\u00e1pou, jak pracovat <em>s<\/em> technologie \u2013 nejen proti n\u00ed \u2013 bude m\u00edt v\u00fdhodu.<\/p>\n\n\n\n<h3 class=\"wp-block-heading\">3. S\u00edt\u011b, viditelnost a strategick\u00e9 um\u00edst\u011bn\u00ed<\/h3>\n\n\n\n<p>Siln\u00e1 kari\u00e9ra nen\u00ed jen o tom, co v\u00edte, ale o tom, koho zn\u00e1te, jak jste vn\u00edm\u00e1ni a jak\u00e9 hodnoty sd\u011blujete.<\/p>\n\n\n\n<p>V dob\u011b LinkedInu, pr\u00e1ce na d\u00e1lku a glob\u00e1ln\u00edch t\u00fdm\u016f je va\u0161e profesion\u00e1ln\u00ed zna\u010dka d\u016fle\u017eit\u00e1.<\/p>\n\n\n\n<p>P\u0159irovnejme to k zahrad\u011b: m\u016f\u017eete m\u00edt dobr\u00e1 semena (dovednosti), \u00farodnou p\u016fdu (p\u0159\u00edle\u017eitosti) a p\u0159\u00edzniv\u00e9 po\u010das\u00ed (technologie), ale pokud svou zahradu nezal\u00e9v\u00e1te (viditelnost, vztahy) a nes\u00e1z\u00edte ji na spr\u00e1vn\u00e1 m\u00edsta, nebude vzkv\u00e9tat.<\/p>\n\n\n\n<p>Nap\u0159\u00edklad n\u011bkdo, kdo sd\u00edl\u00ed relevantn\u00ed obsah o technick\u00fdch t\u00e9matech ve sv\u00e9 profesn\u00ed komunit\u011b, \u00fa\u010dastn\u00ed se skupin, spolupracuje na otev\u0159en\u00fdch projektech a vytv\u00e1\u0159\u00ed kontakty, bude m\u00edt v\u011bt\u0161\u00ed dosah a p\u0159\u00edle\u017eitosti ne\u017e n\u011bkdo stejn\u011b zku\u0161en\u00fd, ale \u201eneviditeln\u00fd\u201c.<\/p>\n\n\n\n<h2 class=\"wp-block-heading\">Ak\u010dn\u00ed pl\u00e1n: Krok za krokem k budov\u00e1n\u00ed va\u0161\u00ed kari\u00e9ry<\/h2>\n\n\n\n<h3 class=\"wp-block-heading\">Krok 1: Sebehodnocen\u00ed a definov\u00e1n\u00ed c\u00edl\u016f<\/h3>\n\n\n\n<p>Nejprve si ud\u011blejte inventuru sv\u00fdch sou\u010dasn\u00fdch dovednost\u00ed, z\u00e1jm\u016f a hodnot. Zeptejte se sami sebe:<\/p>\n\n\n\n<p>Kter\u00e1 \u010d\u00e1st m\u00e9 pr\u00e1ce m\u011b nadchla? O jak\u00e9 technologick\u00e9 oblasti jsem zv\u011bdav\u00fd\/\u00e1? Jak\u00fd dopad chci m\u00edt?<\/p>\n\n\n\n<p>Definujte si jasn\u00fd c\u00edl na 3\u20135 let: nap\u0159\u00edklad \u201est\u00e1t se datov\u00fdm analytikem zam\u011b\u0159en\u00fdm na digit\u00e1ln\u00ed zdrav\u00ed\u201c nebo \u201ev\u00e9st projekty technologick\u00e9 transformace v mexick\u00fdch mal\u00fdch a st\u0159edn\u00edch podnic\u00edch\u201c.<\/p>\n\n\n\n<h3 class=\"wp-block-heading\">Krok 2: Mapov\u00e1n\u00ed nedostatk\u016f a c\u00edlen\u00e9 \u0161kolen\u00ed<\/h3>\n\n\n\n<p>S definovan\u00fdm c\u00edlem zjist\u011bte, jak\u00e9 dovednosti v\u00e1m chyb\u00ed.<\/p>\n\n\n\n<p>Jako referenci pou\u017eijte glob\u00e1ln\u00ed zpr\u00e1vy: nap\u0159\u00edklad odhadem 86 % zam\u011bstnavatel\u016f o\u010dek\u00e1v\u00e1, \u017ee um\u011bl\u00e1 inteligence a zpracov\u00e1n\u00ed informac\u00ed do roku 2030 transformuj\u00ed jejich podnik\u00e1n\u00ed.<\/p>\n\n\n\n<p>Tak\u017ee pokud v\u00e1\u0161 c\u00edl zahrnuje \u201etechnologie\u201c, mo\u017en\u00e1 se budete muset nau\u010dit z\u00e1klady um\u011bl\u00e9 inteligence, anal\u00fdzy dat nebo kybernetick\u00e9 bezpe\u010dnosti.<\/p>\n\n\n\n<p><br>P\u0159ihlaste se do kurz\u016f, zapojte se do re\u00e1ln\u00fdch projekt\u016f a vyhledejte mentoring. To, co jste se nau\u010dili, ihned aplikujte ve sv\u00e9 pr\u00e1ci nebo osobn\u00edch iniciativ\u00e1ch: praxe posiluje u\u010den\u00ed.<\/p>\n\n\n\n<h3 class=\"wp-block-heading\">Krok 3: Budujte svou profesn\u00ed viditelnost na t\u0159ech z\u00e1kladn\u00edch pil\u00ed\u0159\u00edch pro silnou kari\u00e9ru<\/h3>\n\n\n\n<p>Vytvo\u0159te nebo aktualizujte sv\u016fj profesn\u00ed profil: Uve\u010fte konkr\u00e9tn\u00ed \u00fasp\u011bchy, nejen \u00fakoly.<\/p>\n\n\n\n<p>Sd\u00edlejte na bloz\u00edch, s\u00edt\u00edch a f\u00f3rech; \u00fa\u010dastn\u011bte se webin\u00e1\u0159\u016f; spolupracujte v technologick\u00fdch komunit\u00e1ch.<\/p>\n\n\n\n<p>Autentick\u00e1 viditelnost v\u00e1s spoj\u00ed s p\u0159\u00edle\u017eitostmi, kter\u00e9 nebyly inzerov\u00e1ny.<\/p>\n\n\n\n<h3 class=\"wp-block-heading\">Krok 4: Experimentujte a p\u0159izp\u016fsobujte se<\/h3>\n\n\n\n<p>V technologick\u00e9m prost\u0159ed\u00ed u\u017e stabilita nepramen\u00ed v\u017edy ze setrv\u00e1n\u00ed v jedn\u00e9 roli, ale ze schopnosti se m\u011bnit. Ve sv\u00e9m voln\u00e9m \u010dase se v\u011bnujte \u201epilotn\u00edm projekt\u016fm\u201c:<\/p>\n\n\n\n<p>Nap\u0159\u00edklad v\u00fdvoj prototypu n\u00e1stroje um\u011bl\u00e9 inteligence nebo \u00fa\u010dast na hackathonu. Tento typ zku\u0161enosti prokazuje iniciativu a p\u0159izp\u016fsobivost.<\/p>\n\n\n\n<p><br>Zva\u017ete tak\u00e9 diverzifikaci: Vedlej\u0161\u00ed p\u0159\u00edjem v\u00e1zan\u00fd na va\u0161e nov\u00e9 dovednosti (poradenstv\u00ed, pr\u00e1ce na voln\u00e9 noze, v\u00fduka) m\u016f\u017ee pos\u00edlit va\u0161i kari\u00e9ru.<\/p>\n\n\n\n<h3 class=\"wp-block-heading\">Krok 5: Iterativn\u00ed vyhodnocen\u00ed a \u00faprava<\/h3>\n\n\n\n<p>Ka\u017ed\u00fdch \u0161est m\u011bs\u00edc\u016f si projd\u011bte sv\u016fj pokrok: Co jste se nau\u010dili? Jak\u00e9 projekty jste dokon\u010dili? Jak\u00e9 kontakty jste nav\u00e1zali?<\/p>\n\n\n\n<p>Upravte svou trasu na z\u00e1klad\u011b zm\u011bn na trhu. Mo\u017en\u00e1 objev\u00edte novou technologii, kter\u00e1 stoj\u00ed za to ji za\u010dlenit.<\/p>\n\n\n\n<p>C\u00edlem je pohybovat se hbit\u011b, ne uv\u00edznout v rigidn\u00edm pl\u00e1nu.<\/p>\n\n\n\n<h2 class=\"wp-block-heading\">Konkr\u00e9tn\u00ed p\u0159\u00edklady uplatn\u011bn\u00ed t\u0159\u00ed z\u00e1kladn\u00edch pil\u00ed\u0159\u016f pro silnou kari\u00e9ru<\/h2>\n\n\n\n<ul>\n<li>P\u0159\u00edklad 1: Carlos je tradi\u010dn\u00ed pr\u016fmyslov\u00fd in\u017een\u00fdr ve v\u00fdrobn\u00ed spole\u010dnosti. Rozhodl se orientovat svou kari\u00e9ru sm\u011brem k \u201ePr\u016fmyslu 4.0\u201c. Nau\u010d\u00ed se z\u00e1klady automatizace, senzor\u016f IoT a datov\u00e9 anal\u00fdzy a z\u00e1rove\u0148 si zlep\u0161\u00ed schopnost v\u00e9st multidisciplin\u00e1rn\u00ed t\u00fdmy. B\u011bhem dvou let se stane mostem mezi v\u00fdrobn\u00ed a datovou oblast\u00ed sv\u00e9 spole\u010dnosti.<\/li>\n\n\n\n<li>P\u0159\u00edklad 2: Maria je personalistka. Vid\u00ed, \u017ee se mnoho \u00fakol\u016f automatizuje. Proto za\u010dle\u0148uje dovednosti v oblasti anal\u00fdzy lid\u00ed, platformy um\u011bl\u00e9 inteligence pro v\u00fdb\u011br a rozvoj talent\u016f a pozicionuje se jako specialistka na \u201etalent budoucnosti\u201c. Jej\u00ed kari\u00e9rn\u00ed dr\u00e1ha se st\u00e1v\u00e1 p\u0159\u00edkladem reinvence.<\/li>\n<\/ul>\n\n\n\n<h2 class=\"wp-block-heading\">Trendy, kter\u00e9 byste m\u011bli m\u00edt na pam\u011bti<\/h2>\n\n\n\n<ul>\n<li>Firmy odhaduj\u00ed, \u017ee mezi lety 2025 a 2030 se p\u0159ibli\u017en\u011b 39 % po\u017eadovan\u00fdch dovednost\u00ed zm\u011bn\u00ed nebo zastar\u00e1.<\/li>\n\n\n\n<li>Nov\u011b vznikaj\u00edc\u00ed technologie, jako je prostorov\u00e9 v\u00fdpo\u010dty (AR\/VR), transformuj\u00ed zp\u016fsob, jak\u00fdm spolupracujeme a u\u010d\u00edme se, a otev\u00edraj\u00ed n\u00e1m nov\u00e9 kari\u00e9rn\u00ed cesty.<\/li>\n\n\n\n<li>Nejde jen o technologie: kl\u00ed\u010dov\u00e9 bude i nad\u00e1le lidsk\u00e9 my\u0161len\u00ed (adaptabilita, neust\u00e1l\u00e9 u\u010den\u00ed, kreativita).<\/li>\n<\/ul>\n\n\n\n<p>To jsou zn\u00e1mky doby, ve kter\u00e9 budov\u00e1n\u00ed solidn\u00ed kari\u00e9ry vy\u017eaduje kombinaci technick\u00e9ho a lidsk\u00e9ho, strategick\u00e9ho a flexibiln\u00edho.<\/p>\n\n\n\n<figure class=\"wp-block-gallery aligncenter has-nested-images columns-default is-cropped wp-block-gallery-2 is-layout-flex wp-block-gallery-is-layout-flex\">\n<figure class=\"wp-block-image size-full\"><img loading=\"lazy\" decoding=\"async\" width=\"450\" height=\"250\" data-id=\"10197\" src=\"https:\/\/universofamilia.com\/wp-content\/uploads\/sites\/148\/2025\/10\/Destaque-Novo-Universo-19.jpg\" alt=\"\" class=\"wp-image-10197\" srcset=\"https:\/\/universofamilia.com\/wp-content\/uploads\/sites\/148\/2025\/10\/Destaque-Novo-Universo-19.jpg 450w, https:\/\/universofamilia.com\/wp-content\/uploads\/sites\/148\/2025\/10\/Destaque-Novo-Universo-19-300x167.jpg 300w, https:\/\/universofamilia.com\/wp-content\/uploads\/sites\/148\/2025\/10\/Destaque-Novo-Universo-19-18x10.jpg 18w\" sizes=\"(max-width: 450px) 100vw, 450px\" \/><figcaption class=\"wp-element-caption\">CANVA<\/figcaption><\/figure>\n<\/figure>\n\n\n\n<p>\u010ct\u011bte v\u00edce:\u00a0<a href=\"https:\/\/universofamilia.com\/cs\/el-teletrabajo-en-2025-las-nuevas-tendencias-del-home-office\/\">Pr\u00e1ce na d\u00e1lku v roce 2025: Nov\u00e9 trendy v pr\u00e1ci z domova<\/a><\/p>\n\n\n\n<h2 class=\"wp-block-heading\">Z\u00e1v\u011br<\/h2>\n\n\n\n<p>\u00dast\u0159edn\u00ed ot\u00e1zka \u2013<strong>Jak si vybudovat solidn\u00ed kari\u00e9ru ve v\u011bku technologi\u00ed<\/strong>P\u0159est\u00e1v\u00e1 to b\u00fdt r\u00e9torika, kdy\u017e se to stane va\u0161\u00edm vlastn\u00edm pl\u00e1nem.<\/p>\n\n\n\n<p>Budovat ho znamen\u00e1: v\u011bdom\u011b si vyb\u00edrat, vzd\u011bl\u00e1vat se s \u00famyslem, autenticky se zviditelnit a agiln\u011b se p\u0159izp\u016fsobovat.<\/p>\n\n\n\n<p>Rozhodn\u011bte se z\u016fstat aktivn\u00ed i po skon\u010den\u00ed sv\u00e9ho p\u016fvodn\u00edho titulu, u\u010dit se nov\u00fdm v\u011bcem, spolupracovat a znovu se objevovat.<\/p>\n\n\n\n<p>Pamatujte: technologie nen\u00ed nep\u0159\u00edtel ani c\u00edl, ale prost\u0159edek.<\/p>\n\n\n\n<p>Va\u0161\u00ed konkuren\u010dn\u00ed v\u00fdhodou jste vy: va\u0161e zv\u011bdavost, va\u0161e otev\u0159enost ke zm\u011bn\u00e1m a va\u0161e schopnost orientovat se na pr\u016fse\u010d\u00edku lidsk\u00e9ho a digit\u00e1ln\u00edho.<\/p>\n\n\n\n<p>\u010ct\u011bte v\u00edce:\u00a0<a href=\"https:\/\/universofamilia.com\/cs\/profesiones-del-futuro\/\">Profese budoucnosti: kari\u00e9ry na vzestupu s um\u011blou inteligenc\u00ed<\/a><\/p>\n\n\n\n<h2 class=\"wp-block-heading\">\u010casto kladen\u00e9 ot\u00e1zky<\/h2>\n\n\n\n<p><strong>Mus\u00edm \u00fapln\u011b zm\u011bnit sv\u00e9 povol\u00e1n\u00ed, abych se p\u0159izp\u016fsobil technologick\u00e9mu v\u011bku?<\/strong><br><\/p>\n\n\n\n<p>Ne nutn\u011b. M\u016f\u017eete si zachovat sv\u00e9 kl\u00ed\u010dov\u00e9 kompetence a p\u0159idat relevantn\u00ed technologick\u00e9 nebo lidsk\u00e9 dovednosti. C\u00edlem nen\u00ed opustit v\u0161e, co jste za\u017eili, ale integrovat to.<\/p>\n\n\n\n<p><strong>Jak dlouho trv\u00e1, ne\u017e se projev\u00ed v\u00fdznamn\u00fd pokrok?<\/strong><br><\/p>\n\n\n\n<p>Z\u00e1le\u017e\u00ed na va\u0161em v\u00fdchoz\u00edm bod\u011b a tempu u\u010den\u00ed, ale mnoho lid\u00ed dos\u00e1hne viditeln\u00e9 zm\u011bny b\u011bhem 12 a\u017e 24 m\u011bs\u00edc\u016f, pokud jsou d\u016fsledn\u00ed.<\/p>\n\n\n\n<p><strong>Opravdu z\u00e1le\u017e\u00ed na \u201em\u011bkk\u00fdch dovednostech\u201c ve srovn\u00e1n\u00ed s technick\u00fdmi dovednostmi?<\/strong><br><\/p>\n\n\n\n<p>Ano. Technologie se rychle vyv\u00edj\u00ed, ale lidsk\u00e9 dovednosti, jako je p\u0159izp\u016fsobivost, systematick\u00e9 my\u0161len\u00ed, veden\u00ed a komunikace, z\u016fst\u00e1vaj\u00ed kl\u00ed\u010dov\u00e9 pro dosa\u017een\u00ed dopadu.<\/p>\n\n\n\n<p><strong>Kde se mohu nau\u010dit nov\u00e9 dovednosti, ani\u017e bych utr\u00e1cel spoustu pen\u011bz?<\/strong><br><\/p>\n\n\n\n<p>Online vzd\u011bl\u00e1vac\u00ed platformy, open source komunity, bootcampy, bezplatn\u00e9 mentoring a va\u0161e vlastn\u00ed projekty jsou vynikaj\u00edc\u00edmi mo\u017enostmi.<\/p>\n\n\n\n<p>D\u016fle\u017eit\u00e9 je aplikovat to, co jste se nau\u010dili.<\/p>\n\n\n\n<p><strong>Co m\u00e1m d\u011blat, kdy\u017e moje spole\u010dnost nepodporuje m\u016fj technologick\u00fd rozvoj?<\/strong><br><\/p>\n\n\n\n<p>\u010ct\u011bte v\u00edce:\u00a0<a href=\"https:\/\/universofamilia.com\/cs\/cursos-online-gratuitos-para-prepararse-para-el-mercado-digital\/\">Bezplatn\u00e9 online kurzy pro p\u0159\u00edpravu na digit\u00e1ln\u00ed trh<\/a><\/p>\n\n\n\n<p>P\u0159evezm\u011bte iniciativu: v\u011bnujte osobn\u00ed \u010das u\u010den\u00ed, spolupracujte mimo svou roli, vyhled\u00e1vejte extern\u00ed skupiny nebo s\u00edt\u011b. Tato proaktivita vypov\u00edd\u00e1 hodn\u011b o va\u0161em profilu.<\/p>","protected":false},"excerpt":{"rendered":"<p>Para orientarte en este camino, exploraremos tres pilares esenciales para una carrera robusta, que te permitir\u00e1n desarrollar competencias clave. En la actualidad, entender c\u00f3mo construir una carrera s\u00f3lida en la era de la tecnolog\u00eda es m\u00e1s importante que nunca. Los avances constantes en inteligencia artificial, automatizaci\u00f3n y digitalizaci\u00f3n transforman los trabajos tradicionales y exigen nuevas [&hellip;]<\/p>","protected":false},"author":219,"featured_media":10195,"comment_status":"closed","ping_status":"open","sticky":false,"template":"","format":"standard","meta":{"footnotes":""},"categories":[5],"tags":[],"yoast_head":"<!-- This site is optimized with the Yoast SEO plugin v23.3 - https:\/\/yoast.com\/wordpress\/plugins\/seo\/ -->\n<title>Tres pilares esenciales para una carrera robusta - Universo Fam\u00edlia<\/title>\n<meta name=\"description\" content=\"Para orientarte en este camino, exploraremos tres pilares esenciales para una carrera robusta, que te permitir\u00e1n desarrollar competencias...\" \/>\n<meta name=\"robots\" content=\"index, follow, max-snippet:-1, max-image-preview:large, max-video-preview:-1\" \/>\n<link rel=\"canonical\" href=\"https:\/\/universofamilia.com\/cs\/tres-pilares-esenciales-para-una-carrera-robusta\/\" \/>\n<meta property=\"og:locale\" content=\"cs_CZ\" \/>\n<meta property=\"og:type\" content=\"article\" \/>\n<meta property=\"og:title\" content=\"Tres pilares esenciales para una carrera robusta - Universo Fam\u00edlia\" \/>\n<meta property=\"og:description\" content=\"Para orientarte en este camino, exploraremos tres pilares esenciales para una carrera robusta, que te permitir\u00e1n desarrollar competencias...\" \/>\n<meta property=\"og:url\" content=\"https:\/\/universofamilia.com\/cs\/tres-pilares-esenciales-para-una-carrera-robusta\/\" \/>\n<meta property=\"og:site_name\" content=\"Universo Fam\u00edlia\" \/>\n<meta property=\"article:published_time\" content=\"2025-10-23T17:05:06+00:00\" \/>\n<meta property=\"article:modified_time\" content=\"2025-10-23T17:05:10+00:00\" \/>\n<meta property=\"og:image\" content=\"https:\/\/universofamilia.com\/wp-content\/uploads\/sites\/148\/2025\/10\/Destaque-Novo-Universo-18.jpg\" \/>\n\t<meta property=\"og:image:width\" content=\"450\" \/>\n\t<meta property=\"og:image:height\" content=\"250\" \/>\n\t<meta property=\"og:image:type\" content=\"image\/jpeg\" \/>\n<meta name=\"author\" content=\"Matheus Sangaletti\" \/>\n<meta name=\"twitter:card\" content=\"summary_large_image\" \/>\n<meta name=\"twitter:label1\" content=\"Written by\" \/>\n\t<meta name=\"twitter:data1\" content=\"Matheus Sangaletti\" \/>\n\t<meta name=\"twitter:label2\" content=\"Est. reading time\" \/>\n\t<meta name=\"twitter:data2\" content=\"8 minut\" \/>\n<script type=\"application\/ld+json\" class=\"yoast-schema-graph\">{\"@context\":\"https:\/\/schema.org\",\"@graph\":[{\"@type\":\"WebPage\",\"@id\":\"https:\/\/universofamilia.com\/sr\/tres-pilares-esenciales-para-una-carrera-robusta\/\",\"url\":\"https:\/\/universofamilia.com\/sr\/tres-pilares-esenciales-para-una-carrera-robusta\/\",\"name\":\"Tres pilares esenciales para una carrera robusta - Universo Fam\u00edlia\",\"isPartOf\":{\"@id\":\"https:\/\/universofamilia.com\/el\/#website\"},\"primaryImageOfPage\":{\"@id\":\"https:\/\/universofamilia.com\/sr\/tres-pilares-esenciales-para-una-carrera-robusta\/#primaryimage\"},\"image\":{\"@id\":\"https:\/\/universofamilia.com\/sr\/tres-pilares-esenciales-para-una-carrera-robusta\/#primaryimage\"},\"thumbnailUrl\":\"https:\/\/universofamilia.com\/wp-content\/uploads\/sites\/148\/2025\/10\/Destaque-Novo-Universo-18.jpg\",\"datePublished\":\"2025-10-23T17:05:06+00:00\",\"dateModified\":\"2025-10-23T17:05:10+00:00\",\"author\":{\"@id\":\"https:\/\/universofamilia.com\/el\/#\/schema\/person\/92fcd07e9b1f4323bf74f3170fc0f78a\"},\"description\":\"Para orientarte en este camino, exploraremos tres pilares esenciales para una carrera robusta, que te permitir\u00e1n desarrollar competencias...\",\"breadcrumb\":{\"@id\":\"https:\/\/universofamilia.com\/sr\/tres-pilares-esenciales-para-una-carrera-robusta\/#breadcrumb\"},\"inLanguage\":\"cs\",\"potentialAction\":[{\"@type\":\"ReadAction\",\"target\":[\"https:\/\/universofamilia.com\/sr\/tres-pilares-esenciales-para-una-carrera-robusta\/\"]}]},{\"@type\":\"ImageObject\",\"inLanguage\":\"cs\",\"@id\":\"https:\/\/universofamilia.com\/sr\/tres-pilares-esenciales-para-una-carrera-robusta\/#primaryimage\",\"url\":\"https:\/\/universofamilia.com\/wp-content\/uploads\/sites\/148\/2025\/10\/Destaque-Novo-Universo-18.jpg\",\"contentUrl\":\"https:\/\/universofamilia.com\/wp-content\/uploads\/sites\/148\/2025\/10\/Destaque-Novo-Universo-18.jpg\",\"width\":450,\"height\":250},{\"@type\":\"BreadcrumbList\",\"@id\":\"https:\/\/universofamilia.com\/sr\/tres-pilares-esenciales-para-una-carrera-robusta\/#breadcrumb\",\"itemListElement\":[{\"@type\":\"ListItem\",\"position\":1,\"name\":\"Home\",\"item\":\"https:\/\/universofamilia.com\/el\/\"},{\"@type\":\"ListItem\",\"position\":2,\"name\":\"Tres pilares esenciales para una carrera robusta\"}]},{\"@type\":\"WebSite\",\"@id\":\"https:\/\/universofamilia.com\/el\/#website\",\"url\":\"https:\/\/universofamilia.com\/el\/\",\"name\":\"Universo Fam\u00edlia\",\"description\":\"\",\"potentialAction\":[{\"@type\":\"SearchAction\",\"target\":{\"@type\":\"EntryPoint\",\"urlTemplate\":\"https:\/\/universofamilia.com\/el\/?s={search_term_string}\"},\"query-input\":\"required name=search_term_string\"}],\"inLanguage\":\"cs\"},{\"@type\":\"Person\",\"@id\":\"https:\/\/universofamilia.com\/el\/#\/schema\/person\/92fcd07e9b1f4323bf74f3170fc0f78a\",\"name\":\"Matheus Sangaletti\",\"image\":{\"@type\":\"ImageObject\",\"inLanguage\":\"cs\",\"@id\":\"https:\/\/universofamilia.com\/el\/#\/schema\/person\/image\/\",\"url\":\"https:\/\/secure.gravatar.com\/avatar\/280ea957a14a48e6a1ad2133d2cc27c9?s=96&d=mm&r=g\",\"contentUrl\":\"https:\/\/secure.gravatar.com\/avatar\/280ea957a14a48e6a1ad2133d2cc27c9?s=96&d=mm&r=g\",\"caption\":\"Matheus Sangaletti\"},\"url\":\"https:\/\/universofamilia.com\/cs\/author\/matheuss\/\"}]}<\/script>\n<!-- \/ Yoast SEO plugin. -->","yoast_head_json":{"title":"Tres pilares esenciales para una carrera robusta - Universo Fam\u00edlia","description":"Para orientarte en este camino, exploraremos tres pilares esenciales para una carrera robusta, que te permitir\u00e1n desarrollar competencias...","robots":{"index":"index","follow":"follow","max-snippet":"max-snippet:-1","max-image-preview":"max-image-preview:large","max-video-preview":"max-video-preview:-1"},"canonical":"https:\/\/universofamilia.com\/cs\/tres-pilares-esenciales-para-una-carrera-robusta\/","og_locale":"cs_CZ","og_type":"article","og_title":"Tres pilares esenciales para una carrera robusta - Universo Fam\u00edlia","og_description":"Para orientarte en este camino, exploraremos tres pilares esenciales para una carrera robusta, que te permitir\u00e1n desarrollar competencias...","og_url":"https:\/\/universofamilia.com\/cs\/tres-pilares-esenciales-para-una-carrera-robusta\/","og_site_name":"Universo Fam\u00edlia","article_published_time":"2025-10-23T17:05:06+00:00","article_modified_time":"2025-10-23T17:05:10+00:00","og_image":[{"width":450,"height":250,"url":"https:\/\/universofamilia.com\/wp-content\/uploads\/sites\/148\/2025\/10\/Destaque-Novo-Universo-18.jpg","type":"image\/jpeg"}],"author":"Matheus Sangaletti","twitter_card":"summary_large_image","twitter_misc":{"Written by":"Matheus Sangaletti","Est. reading time":"8 minut"},"schema":{"@context":"https:\/\/schema.org","@graph":[{"@type":"WebPage","@id":"https:\/\/universofamilia.com\/sr\/tres-pilares-esenciales-para-una-carrera-robusta\/","url":"https:\/\/universofamilia.com\/sr\/tres-pilares-esenciales-para-una-carrera-robusta\/","name":"Tres pilares esenciales para una carrera robusta - Universo Fam\u00edlia","isPartOf":{"@id":"https:\/\/universofamilia.com\/el\/#website"},"primaryImageOfPage":{"@id":"https:\/\/universofamilia.com\/sr\/tres-pilares-esenciales-para-una-carrera-robusta\/#primaryimage"},"image":{"@id":"https:\/\/universofamilia.com\/sr\/tres-pilares-esenciales-para-una-carrera-robusta\/#primaryimage"},"thumbnailUrl":"https:\/\/universofamilia.com\/wp-content\/uploads\/sites\/148\/2025\/10\/Destaque-Novo-Universo-18.jpg","datePublished":"2025-10-23T17:05:06+00:00","dateModified":"2025-10-23T17:05:10+00:00","author":{"@id":"https:\/\/universofamilia.com\/el\/#\/schema\/person\/92fcd07e9b1f4323bf74f3170fc0f78a"},"description":"Para orientarte en este camino, exploraremos tres pilares esenciales para una carrera robusta, que te permitir\u00e1n desarrollar competencias...","breadcrumb":{"@id":"https:\/\/universofamilia.com\/sr\/tres-pilares-esenciales-para-una-carrera-robusta\/#breadcrumb"},"inLanguage":"cs","potentialAction":[{"@type":"ReadAction","target":["https:\/\/universofamilia.com\/sr\/tres-pilares-esenciales-para-una-carrera-robusta\/"]}]},{"@type":"ImageObject","inLanguage":"cs","@id":"https:\/\/universofamilia.com\/sr\/tres-pilares-esenciales-para-una-carrera-robusta\/#primaryimage","url":"https:\/\/universofamilia.com\/wp-content\/uploads\/sites\/148\/2025\/10\/Destaque-Novo-Universo-18.jpg","contentUrl":"https:\/\/universofamilia.com\/wp-content\/uploads\/sites\/148\/2025\/10\/Destaque-Novo-Universo-18.jpg","width":450,"height":250},{"@type":"BreadcrumbList","@id":"https:\/\/universofamilia.com\/sr\/tres-pilares-esenciales-para-una-carrera-robusta\/#breadcrumb","itemListElement":[{"@type":"ListItem","position":1,"name":"Home","item":"https:\/\/universofamilia.com\/el\/"},{"@type":"ListItem","position":2,"name":"Tres pilares esenciales para una carrera robusta"}]},{"@type":"WebSite","@id":"https:\/\/universofamilia.com\/el\/#website","url":"https:\/\/universofamilia.com\/el\/","name":"Universo Fam\u00edlia","description":"","potentialAction":[{"@type":"SearchAction","target":{"@type":"EntryPoint","urlTemplate":"https:\/\/universofamilia.com\/el\/?s={search_term_string}"},"query-input":"required name=search_term_string"}],"inLanguage":"cs"},{"@type":"Person","@id":"https:\/\/universofamilia.com\/el\/#\/schema\/person\/92fcd07e9b1f4323bf74f3170fc0f78a","name":"Matheus Sangaletti","image":{"@type":"ImageObject","inLanguage":"cs","@id":"https:\/\/universofamilia.com\/el\/#\/schema\/person\/image\/","url":"https:\/\/secure.gravatar.com\/avatar\/280ea957a14a48e6a1ad2133d2cc27c9?s=96&d=mm&r=g","contentUrl":"https:\/\/secure.gravatar.com\/avatar\/280ea957a14a48e6a1ad2133d2cc27c9?s=96&d=mm&r=g","caption":"Matheus Sangaletti"},"url":"https:\/\/universofamilia.com\/cs\/author\/matheuss\/"}]}},"_links":{"self":[{"href":"https:\/\/universofamilia.com\/cs\/wp-json\/wp\/v2\/posts\/10194"}],"collection":[{"href":"https:\/\/universofamilia.com\/cs\/wp-json\/wp\/v2\/posts"}],"about":[{"href":"https:\/\/universofamilia.com\/cs\/wp-json\/wp\/v2\/types\/post"}],"author":[{"embeddable":true,"href":"https:\/\/universofamilia.com\/cs\/wp-json\/wp\/v2\/users\/219"}],"replies":[{"embeddable":true,"href":"https:\/\/universofamilia.com\/cs\/wp-json\/wp\/v2\/comments?post=10194"}],"version-history":[{"count":1,"href":"https:\/\/universofamilia.com\/cs\/wp-json\/wp\/v2\/posts\/10194\/revisions"}],"predecessor-version":[{"id":10198,"href":"https:\/\/universofamilia.com\/cs\/wp-json\/wp\/v2\/posts\/10194\/revisions\/10198"}],"wp:featuredmedia":[{"embeddable":true,"href":"https:\/\/universofamilia.com\/cs\/wp-json\/wp\/v2\/media\/10195"}],"wp:attachment":[{"href":"https:\/\/universofamilia.com\/cs\/wp-json\/wp\/v2\/media?parent=10194"}],"wp:term":[{"taxonomy":"category","embeddable":true,"href":"https:\/\/universofamilia.com\/cs\/wp-json\/wp\/v2\/categories?post=10194"},{"taxonomy":"post_tag","embeddable":true,"href":"https:\/\/universofamilia.com\/cs\/wp-json\/wp\/v2\/tags?post=10194"}],"curies":[{"name":"wp","href":"https:\/\/api.w.org\/{rel}","templated":true}]}}