{"id":10199,"date":"2025-10-23T14:55:44","date_gmt":"2025-10-23T17:55:44","guid":{"rendered":"https:\/\/universofamilia.com\/?p=10199"},"modified":"2025-10-23T14:55:46","modified_gmt":"2025-10-23T17:55:46","slug":"soft-skills-mas-valoradas-en-2025","status":"publish","type":"post","link":"https:\/\/universofamilia.com\/cs\/soft-skills-mas-valoradas-en-2025\/","title":{"rendered":"Nejcenn\u011bj\u0161\u00ed m\u011bkk\u00e9 dovednosti v roce 2025"},"content":{"rendered":"<p class=\"has-text-align-center\">V pracovn\u00edm sv\u011bt\u011b, kde technologie nov\u011b definuj\u00ed zp\u016fsob, jak\u00fdm pracujeme, je d\u016fle\u017eit\u00e9 porozum\u011bt <strong>Jak v roce 2025 zlep\u0161it nejcenn\u011bj\u0161\u00ed m\u011bkk\u00e9 dovednosti<\/strong> st\u00e1v\u00e1 se nezbytn\u00fdm pro ty, kte\u0159\u00ed cht\u011bj\u00ed nejen p\u0159e\u017e\u00edt, ale i vyniknout.<\/p>\n\n\n\n<figure class=\"wp-block-gallery aligncenter has-nested-images columns-default is-cropped wp-block-gallery-1 is-layout-flex wp-block-gallery-is-layout-flex\">\n<figure class=\"wp-block-image size-full\"><img loading=\"lazy\" decoding=\"async\" width=\"450\" height=\"250\" data-id=\"10201\" src=\"https:\/\/universofamilia.com\/wp-content\/uploads\/sites\/148\/2025\/10\/Destaque-Novo-Universo-20-1.jpg\" alt=\"\" class=\"wp-image-10201\" srcset=\"https:\/\/universofamilia.com\/wp-content\/uploads\/sites\/148\/2025\/10\/Destaque-Novo-Universo-20-1.jpg 450w, https:\/\/universofamilia.com\/wp-content\/uploads\/sites\/148\/2025\/10\/Destaque-Novo-Universo-20-1-300x167.jpg 300w, https:\/\/universofamilia.com\/wp-content\/uploads\/sites\/148\/2025\/10\/Destaque-Novo-Universo-20-1-18x10.jpg 18w\" sizes=\"(max-width: 450px) 100vw, 450px\" \/><figcaption class=\"wp-element-caption\">CANVA<\/figcaption><\/figure>\n<\/figure>\n\n\n\n<p class=\"has-text-align-center\">Automatizace, um\u011bl\u00e1 inteligence, globalizace a hybridn\u00ed modely zm\u011bnily dynamiku organizac\u00ed.<\/p>\n\n\n\n<p>Dnes u\u017e vysoko\u0161kolsk\u00fd titul nebo technick\u00e9 dovednosti nezaru\u010duj\u00ed relevantnost; rozli\u0161uj\u00edc\u00edm faktorem jsou lidsk\u00e9 kompetence: mimo jin\u00e9 komunikace, adaptabilita, kritick\u00e9 my\u0161len\u00ed a emo\u010dn\u00ed inteligence.<\/p>\n\n\n\n<p><\/p>\n\n\n\n<p>Tento \u010dl\u00e1nek nab\u00edz\u00ed hloubkovou anal\u00fdzu m\u011bkk\u00fdch dovednost\u00ed, kter\u00e9 letos budou m\u00edt z\u00e1sadn\u00ed vliv.<\/p>\n\n\n\n<p>Nejprve prozkoum\u00e1me jejich relevanci na dne\u0161n\u00edm trhu pr\u00e1ce; pot\u00e9 podrobn\u011b pop\u00ed\u0161eme kl\u00ed\u010dov\u00e9 dovednosti, jak je rozv\u00edjet a uplat\u0148ovat; d\u00e1le p\u0159edstav\u00edme p\u0159\u00edklady z re\u00e1ln\u00e9ho \u017eivota profesion\u00e1l\u016f, kte\u0159\u00ed je \u00fasp\u011b\u0161n\u011b integrovali; a nakonec se budeme zab\u00fdvat \u010dasto kladen\u00fdmi ot\u00e1zkami a budouc\u00edmi trendy.<\/p>\n\n\n\n<p>V\u0161echno toto je zalo\u017eeno na aktualizovan\u00fdch datech a referenc\u00edch ze spolehliv\u00fdch zdroj\u016f.<\/p>\n\n\n\n<h2 class=\"wp-block-heading\">Relevance m\u011bkk\u00fdch dovednost\u00ed v technologick\u00e9 \u00e9\u0159e<\/h2>\n\n\n\n<p>Zat\u00edmco technick\u00e9 dovednosti \u2013 technick\u00e9 znalosti, jako je programov\u00e1n\u00ed, anal\u00fdza dat nebo in\u017een\u00fdrstv\u00ed \u2013 jsou nezbytn\u00e9, m\u011bkk\u00e9 dovednosti jsou ty, kter\u00e9 umo\u017e\u0148uj\u00ed efektivn\u00ed uplatn\u011bn\u00ed t\u011bchto znalost\u00ed.<\/p>\n\n\n\n<p>Schopnost v\u00e9st, komunikovat, \u0159e\u0161it probl\u00e9my a strategicky spolupracovat je to, co odli\u0161uje profesion\u00e1ly v dynamick\u00e9m prost\u0159ed\u00ed.<\/p>\n\n\n\n<p>Podle <strong>Zpr\u00e1va o budoucnosti pracovn\u00edch m\u00edst za rok 2025<\/strong> Podle Sv\u011btov\u00e9ho ekonomick\u00e9ho f\u00f3ra se o\u010dek\u00e1v\u00e1, \u017ee se mezi lety 2025 a 2030 zm\u011bn\u00ed nebo zastaraj\u00ed 39 % sou\u010dasn\u00fdch dovednost\u00ed.<\/p>\n\n\n\n<p>To znamen\u00e1, \u017ee profesion\u00e1lov\u00e9 mus\u00ed kombinovat technick\u00e9 dovednosti s lidsk\u00fdmi kompetencemi, aby si udr\u017eeli relevanci. <\/p>\n\n\n\n<p><strong>Analogie:<\/strong> P\u0159edstavte si, \u017ee jste \u010dlenem horsk\u00e9 z\u00e1chrann\u00e9 slu\u017eby.<\/p>\n\n\n\n<p>Modern\u00ed n\u00e1stroje (technologie, software, hardware) jsou nezbytn\u00e9, ale bez veden\u00ed, komunikace a p\u0159izp\u016fsobivosti ani to nejlep\u0161\u00ed vybaven\u00ed nezaru\u010duje \u00fasp\u011bch.<\/p>\n\n\n\n<p>Tot\u00e9\u017e se d\u011bje i na pracovi\u0161ti: m\u011bkk\u00e9 dovednosti jsou hnac\u00ed silou pro vyu\u017e\u00edv\u00e1n\u00ed dostupn\u00fdch n\u00e1stroj\u016f.<\/p>\n\n\n\n<h2 class=\"wp-block-heading\">10 nejcenn\u011bj\u0161\u00edch m\u011bkk\u00fdch dovednost\u00ed v roce 2025<\/h2>\n\n\n\n<p>N\u00ed\u017ee roz\u0161i\u0159ujeme seznam na deset kl\u00ed\u010dov\u00fdch lidsk\u00fdch kompetenc\u00ed s praktick\u00fdmi p\u0159\u00edklady jejich uplatn\u011bn\u00ed:<\/p>\n\n\n\n<h3 class=\"wp-block-heading\">1. Efektivn\u00ed komunikace<\/h3>\n\n\n\n<p>Nejde jen o spr\u00e1vn\u00e9 mluven\u00ed nebo psan\u00ed, ale o jasn\u00e9 sd\u011blov\u00e1n\u00ed my\u0161lenek a aktivn\u00ed naslouch\u00e1n\u00ed.<\/p>\n\n\n\n<p>V roce 2025 je efektivn\u00ed komunikace z\u00e1sadn\u00ed pro veden\u00ed hybridn\u00edch t\u00fdm\u016f a spolupr\u00e1ci s kolegy z cel\u00e9ho sv\u011bta.<\/p>\n\n\n\n<p>Spole\u010dnosti jako Deloitte uv\u00e1d\u011bj\u00ed, \u017ee 361 % zam\u011bstnavatel\u016f pova\u017euje komunikaci za nejd\u016fle\u017eit\u011bj\u0161\u00ed m\u011bkkou dovednost pro pracovn\u00ed v\u00fdkon.<\/p>\n\n\n\n<p><strong>P\u0159\u00edklad:<\/strong><\/p>\n\n\n\n<p>Ana, mana\u017eerka digit\u00e1ln\u00edho marketingu, pom\u00e1h\u00e1 sv\u00e9mu glob\u00e1ln\u00edmu t\u00fdmu pochopit c\u00edle kampan\u00ed prost\u0159ednictv\u00edm jasn\u00fdch zad\u00e1n\u00ed, pr\u016fb\u011b\u017en\u00e9 zp\u011btn\u00e9 vazby a strukturovan\u00fdch virtu\u00e1ln\u00edch sch\u016fzek.<\/p>\n\n\n\n<p>Va\u0161e komunikace zabra\u0148uje nejasnostem a zvy\u0161uje produktivitu o 25%.<\/p>\n\n\n\n<h3 class=\"wp-block-heading\">2. Adaptabilita a odolnost<\/h3>\n\n\n\n<p>Rychlost technologick\u00fdch zm\u011bn vy\u017eaduje flexibiln\u00ed profesion\u00e1ly schopn\u00e9 zvl\u00e1dat nejistotu bez ob\u011btov\u00e1n\u00ed v\u00fdkonu.<\/p>\n\n\n\n<p>Adaptabilita a odolnost n\u00e1m umo\u017e\u0148uj\u00ed p\u0159ij\u00edmat nov\u00e9 role, integrovat digit\u00e1ln\u00ed n\u00e1stroje a p\u0159ekon\u00e1vat p\u0159ek\u00e1\u017eky.<\/p>\n\n\n\n<p><strong>P\u0159\u00edklad:<\/strong><\/p>\n\n\n\n<p>Carlos, v\u00fdrobn\u00ed in\u017een\u00fdr, se nau\u010dil pou\u017e\u00edvat automatiza\u010dn\u00ed platformy a vedl projekt p\u0159echodu na Pr\u016fmysl 4.0, \u010d\u00edm\u017e zkr\u00e1til v\u00fdrobn\u00ed dobu o 151 TP3T a demonstroval, jak se odolnost prom\u00edt\u00e1 do hmatateln\u00fdch v\u00fdsledk\u016f.<\/p>\n\n\n\n<h3 class=\"wp-block-heading\">3. Kritick\u00e9 my\u0161len\u00ed a \u0159e\u0161en\u00ed probl\u00e9m\u016f<\/h3>\n\n\n\n<p>Kritick\u00e9 my\u0161len\u00ed je schopnost analyzovat situace, zpochyb\u0148ovat p\u0159edpoklady a \u010dinit informovan\u00e1 rozhodnut\u00ed.<\/p>\n\n\n\n<p>Organizace si cen\u00ed schopnosti \u0159e\u0161it slo\u017eit\u00e9 probl\u00e9my kreativn\u011b a efektivn\u011b.<\/p>\n\n\n\n<p><strong>Relevantn\u00ed \u00fadaje:<\/strong> Studie spole\u010dnosti Hays nazna\u010duje, \u017ee kritick\u00e9 my\u0161len\u00ed bude do roku 2025 t\u0159et\u00ed nej\u017e\u00e1dan\u011bj\u0161\u00ed m\u011bkkou dovednost\u00ed, hned po komunikaci a adaptabilit\u011b.<\/p>\n\n\n\n<h3 class=\"wp-block-heading\">4. Emo\u010dn\u00ed inteligence<\/h3>\n\n\n\n<p>Emo\u010dn\u00ed inteligence n\u00e1m umo\u017e\u0148uje rozpozn\u00e1vat a zvl\u00e1dat vlastn\u00ed emoce i emoce druh\u00fdch, co\u017e je kl\u00ed\u010dov\u00e9 pro empatick\u00e9 veden\u00ed a etick\u00e1 rozhodnut\u00ed.<\/p>\n\n\n\n<p>T\u00fdmy s emo\u010dn\u011b inteligentn\u00edmi vedouc\u00edmi vykazuj\u00ed a\u017e o 30 % vy\u0161\u0161\u00ed pracovn\u00ed anga\u017eovanost.<\/p>\n\n\n\n<h3 class=\"wp-block-heading\">5. T\u00fdmov\u00e1 pr\u00e1ce a spolupr\u00e1ce<\/h3>\n\n\n\n<p>Efektivn\u00ed spolupr\u00e1ce je nezbytn\u00e1 v multidisciplin\u00e1rn\u00edch a vzd\u00e1len\u00fdch projektech.<\/p>\n\n\n\n<p>Schopnost sd\u00edlet znalosti, naslouchat n\u00e1pad\u016fm a p\u0159isp\u00edvat \u0159e\u0161en\u00edmi p\u0159isp\u00edv\u00e1 ke kolektivn\u00edmu \u00fasp\u011bchu.<\/p>\n\n\n\n<h3 class=\"wp-block-heading\">6. Kreativita a inovace<\/h3>\n\n\n\n<p>Krom\u011b dodr\u017eov\u00e1n\u00ed protokol\u016f hledaj\u00ed firmy lidi schopn\u00e9 generovat origin\u00e1ln\u00ed n\u00e1pady a pr\u016flomov\u00e1 \u0159e\u0161en\u00ed.<\/p>\n\n\n\n<p>Ve sv\u011bt\u011b, kde um\u011bl\u00e1 inteligence automatizuje opakuj\u00edc\u00ed se \u00fakoly, se lidsk\u00e1 kreativita st\u00e1v\u00e1 strategick\u00fdm zdrojem.<\/p>\n\n\n\n<h3 class=\"wp-block-heading\">7. \u0158\u00edzen\u00ed \u010dasu a produktivita<\/h3>\n\n\n\n<p>Hybridn\u00ed pr\u00e1ce vy\u017eaduje efektivitu.<\/p>\n\n\n\n<p>Stanoven\u00ed priorit \u00fakol\u016f, organizace projekt\u016f a autonomn\u00ed dosahov\u00e1n\u00ed c\u00edl\u016f je kl\u00ed\u010dov\u00e1 dovednost, kter\u00e1 m\u00e1 p\u0159\u00edm\u00fd vliv na ziskovost spole\u010dnosti.<\/p>\n\n\n\n<h3 class=\"wp-block-heading\">8. Schopnost neust\u00e1l\u00e9ho u\u010den\u00ed<\/h3>\n\n\n\n<p>Dal\u0161\u00ed vzd\u011bl\u00e1v\u00e1n\u00ed je nezbytn\u00e9 pro p\u0159izp\u016fsoben\u00ed se nov\u00fdm n\u00e1stroj\u016fm, metodologi\u00edm a trend\u016fm.<\/p>\n\n\n\n<p>Neust\u00e1l\u00e9 vzd\u011bl\u00e1v\u00e1n\u00ed zaji\u0161\u0165uje profesn\u00ed relevantnost a schopnost p\u0159ij\u00edmat nov\u00e9 role.<\/p>\n\n\n\n<h3 class=\"wp-block-heading\">9. Inkluzivn\u00ed veden\u00ed<\/h3>\n\n\n\n<p>Veden\u00ed r\u016fznorod\u00fdch t\u00fdm\u016f vy\u017eaduje empatii, vizi a motiva\u010dn\u00ed dovednosti. Inkluzivn\u00ed l\u00eddr podporuje prost\u0159ed\u00ed spolupr\u00e1ce, inovac\u00ed a anga\u017eovanosti.<\/p>\n\n\n\n<h3 class=\"wp-block-heading\">10. Vyjedn\u00e1v\u00e1n\u00ed a \u0159e\u0161en\u00ed konflikt\u016f<\/h3>\n\n\n\n<p>V\u011bd\u011bt, jak dosahovat dohod, zprost\u0159edkov\u00e1vat rozd\u00edly a budovat konsenzus, je v komplexn\u00edm a konkuren\u010dn\u00edm prost\u0159ed\u00ed z\u00e1sadn\u00ed. <\/p>\n\n\n\n<p>Tyto dovednosti p\u0159isp\u00edvaj\u00ed k udr\u017eov\u00e1n\u00ed zdrav\u00fdch a produktivn\u00edch pracovn\u00edch vztah\u016f.<\/p>\n\n\n\n<h2 class=\"wp-block-heading\">Tabulka m\u011bkk\u00fdch dovednost\u00ed a p\u0159edpokl\u00e1dan\u00e9 popt\u00e1vky v roce 2025<\/h2>\n\n\n\n<figure class=\"wp-block-table\"><table><thead><tr><th>M\u011bkk\u00e9 dovednosti<\/th><th>Odhadovan\u00e1 popt\u00e1vka (%)<\/th><th>Dopad na produktivitu<\/th><\/tr><\/thead><tbody><tr><td>Efektivn\u00ed komunikace<\/td><td>36%<\/td><td>Vysok\u00fd<\/td><\/tr><tr><td>Adaptabilita a odolnost<\/td><td>34%<\/td><td>Velmi vysok\u00e1<\/td><\/tr><tr><td>Kritick\u00e9 my\u0161len\u00ed<\/td><td>32%<\/td><td>Vysok\u00fd<\/td><\/tr><tr><td>Emo\u010dn\u00ed inteligence<\/td><td>30%<\/td><td>Vysok\u00fd<\/td><\/tr><tr><td>T\u00fdmov\u00e1 pr\u00e1ce<\/td><td>28%<\/td><td>St\u0159edn\u011b vysok\u00e1<\/td><\/tr><tr><td>Tvo\u0159ivost<\/td><td>25%<\/td><td>Vysok\u00fd<\/td><\/tr><tr><td>\u0158\u00edzen\u00ed \u010dasu<\/td><td>22%<\/td><td>Pr\u016fm\u011brn\u00fd<\/td><\/tr><tr><td>Neust\u00e1l\u00e9 u\u010den\u00ed<\/td><td>20%<\/td><td>Pr\u016fm\u011brn\u00fd<\/td><\/tr><tr><td>Inkluzivn\u00ed veden\u00ed<\/td><td>18%<\/td><td>Pr\u016fm\u011brn\u00fd<\/td><\/tr><tr><td>Jedn\u00e1n\u00ed<\/td><td>15%<\/td><td>Pr\u016fm\u011brn\u00fd<\/td><\/tr><\/tbody><\/table><figcaption class=\"wp-element-caption\">Zdroj: Hays, Sv\u011btov\u00e9 ekonomick\u00e9 f\u00f3rum, 2025.<\/figcaption><\/figure>\n\n\n\n<figure class=\"wp-block-gallery aligncenter has-nested-images columns-default is-cropped wp-block-gallery-2 is-layout-flex wp-block-gallery-is-layout-flex\">\n<figure class=\"wp-block-image size-full\"><img loading=\"lazy\" decoding=\"async\" width=\"450\" height=\"250\" data-id=\"10202\" src=\"https:\/\/universofamilia.com\/wp-content\/uploads\/sites\/148\/2025\/10\/Destaque-Novo-Universo-21.jpg\" alt=\"\" class=\"wp-image-10202\" srcset=\"https:\/\/universofamilia.com\/wp-content\/uploads\/sites\/148\/2025\/10\/Destaque-Novo-Universo-21.jpg 450w, https:\/\/universofamilia.com\/wp-content\/uploads\/sites\/148\/2025\/10\/Destaque-Novo-Universo-21-300x167.jpg 300w, https:\/\/universofamilia.com\/wp-content\/uploads\/sites\/148\/2025\/10\/Destaque-Novo-Universo-21-18x10.jpg 18w\" sizes=\"(max-width: 450px) 100vw, 450px\" \/><figcaption class=\"wp-element-caption\">CANVA<\/figcaption><\/figure>\n<\/figure>\n\n\n\n<p>\u010ct\u011bte v\u00edce:\u00a0<a href=\"https:\/\/universofamilia.com\/cs\/el-teletrabajo-en-2025-las-nuevas-tendencias-del-home-office\/\">Pr\u00e1ce na d\u00e1lku v roce 2025: Nov\u00e9 trendy v pr\u00e1ci z domova<\/a><\/p>\n\n\n\n<h2 class=\"wp-block-heading\">Jak rozv\u00edjet tyto m\u011bkk\u00e9 dovednosti<\/h2>\n\n\n\n<ol>\n<li><strong>Efektivn\u00ed komunikace:<\/strong> workshopy ve\u0159ejn\u00e9ho vystupov\u00e1n\u00ed, pravideln\u00e9 prezentace, 360\u00b0 zp\u011btn\u00e1 vazba.<\/li>\n\n\n\n<li><strong>P\u0159izp\u016fsobivost:<\/strong> kurzy nov\u00fdch technologi\u00ed, pilotn\u00ed projekty, mentoring.<\/li>\n\n\n\n<li><strong>Kritick\u00e9 my\u0161len\u00ed:<\/strong> anal\u00fdza p\u0159\u00edpad\u016f, debaty a cvi\u010den\u00ed na \u0159e\u0161en\u00ed probl\u00e9m\u016f.<\/li>\n\n\n\n<li><strong>Emo\u010dn\u00ed inteligence:<\/strong> v\u0161\u00edmavost, kou\u010dov\u00e1n\u00ed a pravideln\u00e9 sebehodnocen\u00ed.<\/li>\n\n\n\n<li><strong>T\u00fdmov\u00e1 pr\u00e1ce:<\/strong> \u00fa\u010dast na spole\u010dn\u00fdch projektech a firemn\u00ed dobrovolnictv\u00ed.<\/li>\n\n\n\n<li><strong>Tvo\u0159ivost:<\/strong> prostory pro inovace, brainstorming a rychl\u00e9 prototypov\u00e1n\u00ed.<\/li>\n\n\n\n<li><strong>\u0158\u00edzen\u00ed \u010dasu:<\/strong> n\u00e1stroje digit\u00e1ln\u00ed produktivity, t\u00fddenn\u00ed pl\u00e1nov\u00e1n\u00ed.<\/li>\n\n\n\n<li><strong>Neust\u00e1l\u00e9 u\u010den\u00ed:<\/strong> online kurzy, webin\u00e1\u0159e, \u010dten\u00ed trend\u016f.<\/li>\n\n\n\n<li><strong>Inkluzivn\u00ed veden\u00ed:<\/strong> \u0161kolen\u00ed v oblasti diverzity, mentoring a zp\u011btn\u00e1 vazba pro t\u00fdm.<\/li>\n\n\n\n<li><strong>Jedn\u00e1n\u00ed:<\/strong> hran\u00ed rol\u00ed, p\u0159\u00edpadov\u00e9 studie a simulace konflikt\u016f.<\/li>\n<\/ol>\n\n\n\n<h2 class=\"wp-block-heading\">Odv\u011btv\u00ed, kde maj\u00ed m\u011bkk\u00e9 dovednosti v Mexiku nejv\u011bt\u0161\u00ed dopad<\/h2>\n\n\n\n<ul>\n<li><strong>Technologie:<\/strong> spolupr\u00e1ce, p\u0159izp\u016fsobivost a neust\u00e1l\u00e9 u\u010den\u00ed.<\/li>\n\n\n\n<li><strong>Finan\u010dn\u00ed slu\u017eby:<\/strong> komunikace, vyjedn\u00e1v\u00e1n\u00ed a kritick\u00e9 my\u0161len\u00ed.<\/li>\n\n\n\n<li><strong>Maloobchod a obchod:<\/strong> z\u00e1kaznick\u00fd servis, odolnost a time management.<\/li>\n\n\n\n<li><strong>V\u00fdroba:<\/strong> t\u00fdmov\u00e1 pr\u00e1ce, \u0159e\u0161en\u00ed probl\u00e9m\u016f a inkluzivn\u00ed veden\u00ed.<\/li>\n\n\n\n<li><strong>Poradenstv\u00ed a vzd\u011bl\u00e1v\u00e1n\u00ed:<\/strong> kreativita, emo\u010dn\u00ed inteligence a v\u016fd\u010d\u00ed schopnosti.<\/li>\n<\/ul>\n\n\n\n<h2 class=\"wp-block-heading\">P\u0159\u00edklady profesion\u00e1ln\u00edch aplikac\u00ed<\/h2>\n\n\n\n<p><strong>P\u0159\u00edklad 1:<\/strong> Laura, specialistka na lidsk\u00e9 zdroje, implementuje anal\u00fdzu lid\u00ed s vyu\u017eit\u00edm emo\u010dn\u00ed inteligence k interpretaci dat o v\u00fdkonu a pracovn\u00edm prost\u0159ed\u00ed.<\/p>\n\n\n\n<p>Jejich p\u0159\u00edstup zlep\u0161uje udr\u017een\u00ed talent\u016f o 18%.<\/p>\n\n\n\n<p><strong>P\u0159\u00edklad 2:<\/strong> Juan, UX design\u00e9r, kombinuje kreativitu a kritick\u00e9 my\u0161len\u00ed, aby zlep\u0161il u\u017eivatelsk\u00fd z\u00e1\u017eitek z finan\u010dn\u00ed aplikace, zv\u00fd\u0161il zapojen\u00ed a sn\u00ed\u017eil chyby v navigaci.<\/p>\n\n\n\n<h2 class=\"wp-block-heading\">Strategie pro integraci m\u011bkk\u00fdch dovednost\u00ed do va\u0161\u00ed kari\u00e9ry<\/h2>\n\n\n\n<ol>\n<li><strong>Sebehodnocen\u00ed:<\/strong> identifikuje siln\u00e9 str\u00e1nky a oblasti pro zlep\u0161en\u00ed.<\/li>\n\n\n\n<li><strong>Pl\u00e1n rozvoje:<\/strong> vyberte si nejrelevantn\u011bj\u0161\u00ed dovednosti podle va\u0161eho odv\u011btv\u00ed.<\/li>\n\n\n\n<li><strong>Neust\u00e1l\u00e1 praxe:<\/strong> aplikujte to, co jste se nau\u010dili, v re\u00e1ln\u00fdch projektech.<\/li>\n\n\n\n<li><strong>Viditelnost:<\/strong> sd\u011blujte sv\u00e9 dovednosti v profesn\u00edch s\u00edt\u00edch a na pohovorech.<\/li>\n\n\n\n<li><strong>Pravideln\u00e9 hodnocen\u00ed:<\/strong> m\u011b\u0159\u00ed pokrok a upravuje c\u00edle podle zm\u011bn na trhu.<\/li>\n<\/ol>\n\n\n\n<h2 class=\"wp-block-heading\">Trendy, kter\u00e9 ovlivn\u00ed m\u011bkk\u00e9 dovednosti v roce 2025<\/h2>\n\n\n\n<ul>\n<li>Um\u011bl\u00e1 inteligence a automatizace budou vy\u017eadovat v\u011bt\u0161\u00ed spolupr\u00e1ci mezi \u010dlov\u011bkem a strojem.<\/li>\n\n\n\n<li>Hybridn\u00ed t\u00fdmy zvy\u0161uj\u00ed d\u016fle\u017eitost jasn\u00e9 komunikace a \u0159\u00edzen\u00ed \u010dasu.<\/li>\n\n\n\n<li>Genera\u010dn\u00ed a kulturn\u00ed rozmanitost vy\u017eaduje inkluzivn\u00ed veden\u00ed a empatii.<\/li>\n<\/ul>\n\n\n\n<p>Tyto trendy zd\u016fraz\u0148uj\u00ed, \u017ee lidsk\u00e9 dovednosti z\u016fstanou ur\u010duj\u00edc\u00edm faktorem, a to i ve vysoce technologicky vysp\u011bl\u00e9m prost\u0159ed\u00ed.<\/p>\n\n\n\n<h2 class=\"wp-block-heading\">Z\u00e1v\u011br<\/h2>\n\n\n\n<p>Ten\/Ta\/To <strong>Nejcenn\u011bj\u0161\u00ed m\u011bkk\u00e9 dovednosti v roce 2025<\/strong> Nejsou luxusem ani dopl\u0148kem; jsou nezbytn\u00e9 pro to, abyste vynikli na m\u011bn\u00edc\u00edm se trhu pr\u00e1ce. Jejich rozvoj v\u00e1m umo\u017e\u0148uje:<\/p>\n\n\n\n<ul>\n<li>P\u0159izp\u016fsobte se nov\u00fdm rol\u00edm a technologi\u00edm.<\/li>\n\n\n\n<li>Efektivn\u011b spolupracovat s r\u016fznorod\u00fdmi t\u00fdmy.<\/li>\n\n\n\n<li>D\u011blejte informovan\u00e1 a kreativn\u00ed rozhodnut\u00ed.<\/li>\n\n\n\n<li>V\u00e9st s empati\u00ed a strategickou viz\u00ed.<\/li>\n<\/ul>\n\n\n\n<p>Investice do t\u011bchto dovednost\u00ed je investic\u00ed do va\u0161\u00ed profesn\u00ed budoucnosti a zaji\u0161t\u011bn\u00edm toho, \u017ee va\u0161e kari\u00e9ra nejen p\u0159e\u017eije, ale bude i prosperovat.<\/p>\n\n\n\n<p>\u010ct\u011bte v\u00edce:<a href=\"https:\/\/universofamilia.com\/cs\/tres-pilares-esenciales-para-una-carrera-robusta\/\">\u00a0T\u0159i z\u00e1kladn\u00ed pil\u00ed\u0159e pro silnou kari\u00e9ru<\/a><\/p>\n\n\n\n<h2 class=\"wp-block-heading\">\u010casto kladen\u00e9 ot\u00e1zky<\/h2>\n\n\n\n<p><strong>Pro\u010d jsou m\u011bkk\u00e9 dovednosti tak d\u016fle\u017eit\u00e9 ve srovn\u00e1n\u00ed s tvrd\u00fdmi dovednostmi?<\/strong><br>Proto\u017ee v\u00e1m umo\u017e\u0148uj\u00ed efektivn\u011b uplat\u0148ovat technick\u00e9 znalosti, p\u0159izp\u016fsobovat se zm\u011bn\u00e1m a spolupracovat ve slo\u017eit\u00fdch prost\u0159ed\u00edch.<\/p>\n\n\n\n<p><strong>Daj\u00ed se tyto dovednosti rozv\u00edjet samostudiem?<\/strong><br>Ano, prost\u0159ednictv\u00edm neust\u00e1l\u00e9 praxe, zp\u011btn\u00e9 vazby, online kurz\u016f a praktick\u00fdch zku\u0161enost\u00ed.<\/p>\n\n\n\n<p><strong>Jak\u00e1 je v sou\u010dasnosti v Mexiku nejcenn\u011bj\u0161\u00ed m\u011bkk\u00e1 dovednost?<\/strong><br>Podle Hayse a Sv\u011btov\u00e9ho ekonomick\u00e9ho f\u00f3ra vedou popt\u00e1vku efektivn\u00ed komunikace a p\u0159izp\u016fsobivost.<\/p>\n\n\n\n<p><strong>Jak mohu m\u011b\u0159it sv\u016fj pokrok v m\u011bkk\u00fdch dovednostech?<\/strong><br>Prost\u0159ednictv\u00edm pravideln\u00e9ho sebehodnocen\u00ed, zp\u011btn\u00e9 vazby od koleg\u016f a hmatateln\u00fdch v\u00fdsledk\u016f projektu.<\/p>\n\n\n\n<p><strong>Kter\u00e1 odv\u011btv\u00ed vy\u017eaduj\u00ed nejv\u00edce kreativity a inovac\u00ed?<\/strong><br>Technologie, poradenstv\u00ed, design, digit\u00e1ln\u00ed marketing a vzd\u011bl\u00e1v\u00e1n\u00ed jsou odv\u011btv\u00ed s nejvy\u0161\u0161\u00ed popt\u00e1vkou po aplikovan\u00e9 kreativit\u011b.<\/p>","protected":false},"excerpt":{"rendered":"<p>Ve sv\u011bt\u011b pr\u00e1ce, kde technologie nov\u011b definuj\u00ed zp\u016fsob, jak\u00fdm pracujeme, se pochopen\u00ed toho, jak vyu\u017e\u00edt nejcenn\u011bj\u0161\u00ed m\u011bkk\u00e9 dovednosti v roce 2025, st\u00e1v\u00e1 nezbytn\u00fdm pro ty, kte\u0159\u00ed cht\u011bj\u00ed nejen p\u0159e\u017e\u00edt, ale i vyniknout. Automatizace, um\u011bl\u00e1 inteligence, globalizace a hybridn\u00ed modely zm\u011bnily dynamiku organizac\u00ed. Dnes m\u00edt titul [\u2026]<\/p>","protected":false},"author":219,"featured_media":10200,"comment_status":"closed","ping_status":"open","sticky":false,"template":"","format":"standard","meta":{"footnotes":""},"categories":[5],"tags":[],"yoast_head":"<!-- This site is optimized with the Yoast SEO plugin v23.3 - https:\/\/yoast.com\/wordpress\/plugins\/seo\/ -->\n<title>Soft skills m\u00e1s valoradas en 2025 - Universo Fam\u00edlia<\/title>\n<meta name=\"description\" content=\"En un mundo laboral donde la tecnolog\u00eda redefine la manera de trabajar, entender c\u00f3mo potenciar las soft skills m\u00e1s valoradas en 2025 se...\" \/>\n<meta name=\"robots\" content=\"index, follow, max-snippet:-1, max-image-preview:large, max-video-preview:-1\" \/>\n<link rel=\"canonical\" href=\"http:\/\/universofamilia.com\/cs\/soft-skills-mas-valoradas-en-2025\/\" \/>\n<meta property=\"og:locale\" content=\"cs_CZ\" \/>\n<meta property=\"og:type\" content=\"article\" \/>\n<meta property=\"og:title\" content=\"Soft skills m\u00e1s valoradas en 2025 - Universo Fam\u00edlia\" \/>\n<meta property=\"og:description\" content=\"En un mundo laboral donde la tecnolog\u00eda redefine la manera de trabajar, entender c\u00f3mo potenciar las soft skills m\u00e1s valoradas en 2025 se...\" \/>\n<meta property=\"og:url\" content=\"http:\/\/universofamilia.com\/cs\/soft-skills-mas-valoradas-en-2025\/\" \/>\n<meta property=\"og:site_name\" content=\"Universo Fam\u00edlia\" \/>\n<meta property=\"article:published_time\" content=\"2025-10-23T17:55:44+00:00\" \/>\n<meta property=\"article:modified_time\" content=\"2025-10-23T17:55:46+00:00\" \/>\n<meta property=\"og:image\" content=\"http:\/\/universofamilia.com\/wp-content\/uploads\/sites\/148\/2025\/10\/Destaque-Novo-Universo-20.jpg\" \/>\n\t<meta property=\"og:image:width\" content=\"450\" \/>\n\t<meta property=\"og:image:height\" content=\"250\" \/>\n\t<meta property=\"og:image:type\" content=\"image\/jpeg\" \/>\n<meta name=\"author\" content=\"Matheus Sangaletti\" \/>\n<meta name=\"twitter:card\" content=\"summary_large_image\" \/>\n<meta name=\"twitter:label1\" content=\"Written by\" \/>\n\t<meta name=\"twitter:data1\" content=\"Matheus Sangaletti\" \/>\n\t<meta name=\"twitter:label2\" content=\"Est. reading time\" \/>\n\t<meta name=\"twitter:data2\" content=\"9 minut\" \/>\n<script type=\"application\/ld+json\" class=\"yoast-schema-graph\">{\"@context\":\"https:\/\/schema.org\",\"@graph\":[{\"@type\":\"WebPage\",\"@id\":\"http:\/\/universofamilia.com\/hu\/soft-skills-mas-valoradas-en-2025\/\",\"url\":\"http:\/\/universofamilia.com\/hu\/soft-skills-mas-valoradas-en-2025\/\",\"name\":\"Soft skills m\u00e1s valoradas en 2025 - Universo Fam\u00edlia\",\"isPartOf\":{\"@id\":\"http:\/\/universofamilia.com\/zh_hk\/#website\"},\"primaryImageOfPage\":{\"@id\":\"http:\/\/universofamilia.com\/hu\/soft-skills-mas-valoradas-en-2025\/#primaryimage\"},\"image\":{\"@id\":\"http:\/\/universofamilia.com\/hu\/soft-skills-mas-valoradas-en-2025\/#primaryimage\"},\"thumbnailUrl\":\"https:\/\/universofamilia.com\/wp-content\/uploads\/sites\/148\/2025\/10\/Destaque-Novo-Universo-20.jpg\",\"datePublished\":\"2025-10-23T17:55:44+00:00\",\"dateModified\":\"2025-10-23T17:55:46+00:00\",\"author\":{\"@id\":\"http:\/\/universofamilia.com\/zh_hk\/#\/schema\/person\/92fcd07e9b1f4323bf74f3170fc0f78a\"},\"description\":\"En un mundo laboral donde la tecnolog\u00eda redefine la manera de trabajar, entender c\u00f3mo potenciar las soft skills m\u00e1s valoradas en 2025 se...\",\"breadcrumb\":{\"@id\":\"http:\/\/universofamilia.com\/hu\/soft-skills-mas-valoradas-en-2025\/#breadcrumb\"},\"inLanguage\":\"cs\",\"potentialAction\":[{\"@type\":\"ReadAction\",\"target\":[\"http:\/\/universofamilia.com\/hu\/soft-skills-mas-valoradas-en-2025\/\"]}]},{\"@type\":\"ImageObject\",\"inLanguage\":\"cs\",\"@id\":\"http:\/\/universofamilia.com\/hu\/soft-skills-mas-valoradas-en-2025\/#primaryimage\",\"url\":\"https:\/\/universofamilia.com\/wp-content\/uploads\/sites\/148\/2025\/10\/Destaque-Novo-Universo-20.jpg\",\"contentUrl\":\"https:\/\/universofamilia.com\/wp-content\/uploads\/sites\/148\/2025\/10\/Destaque-Novo-Universo-20.jpg\",\"width\":450,\"height\":250},{\"@type\":\"BreadcrumbList\",\"@id\":\"http:\/\/universofamilia.com\/hu\/soft-skills-mas-valoradas-en-2025\/#breadcrumb\",\"itemListElement\":[{\"@type\":\"ListItem\",\"position\":1,\"name\":\"Home\",\"item\":\"http:\/\/universofamilia.com\/zh_hk\/\"},{\"@type\":\"ListItem\",\"position\":2,\"name\":\"Soft skills m\u00e1s valoradas en 2025\"}]},{\"@type\":\"WebSite\",\"@id\":\"http:\/\/universofamilia.com\/zh_hk\/#website\",\"url\":\"http:\/\/universofamilia.com\/zh_hk\/\",\"name\":\"Universo Fam\u00edlia\",\"description\":\"\",\"potentialAction\":[{\"@type\":\"SearchAction\",\"target\":{\"@type\":\"EntryPoint\",\"urlTemplate\":\"http:\/\/universofamilia.com\/zh_hk\/?s={search_term_string}\"},\"query-input\":\"required name=search_term_string\"}],\"inLanguage\":\"cs\"},{\"@type\":\"Person\",\"@id\":\"http:\/\/universofamilia.com\/zh_hk\/#\/schema\/person\/92fcd07e9b1f4323bf74f3170fc0f78a\",\"name\":\"Matheus Sangaletti\",\"image\":{\"@type\":\"ImageObject\",\"inLanguage\":\"cs\",\"@id\":\"http:\/\/universofamilia.com\/zh_hk\/#\/schema\/person\/image\/\",\"url\":\"https:\/\/secure.gravatar.com\/avatar\/280ea957a14a48e6a1ad2133d2cc27c9?s=96&d=mm&r=g\",\"contentUrl\":\"https:\/\/secure.gravatar.com\/avatar\/280ea957a14a48e6a1ad2133d2cc27c9?s=96&d=mm&r=g\",\"caption\":\"Matheus Sangaletti\"},\"url\":\"https:\/\/universofamilia.com\/cs\/author\/matheuss\/\"}]}<\/script>\n<!-- \/ Yoast SEO plugin. -->","yoast_head_json":{"title":"Soft skills m\u00e1s valoradas en 2025 - Universo Fam\u00edlia","description":"En un mundo laboral donde la tecnolog\u00eda redefine la manera de trabajar, entender c\u00f3mo potenciar las soft skills m\u00e1s valoradas en 2025 se...","robots":{"index":"index","follow":"follow","max-snippet":"max-snippet:-1","max-image-preview":"max-image-preview:large","max-video-preview":"max-video-preview:-1"},"canonical":"http:\/\/universofamilia.com\/cs\/soft-skills-mas-valoradas-en-2025\/","og_locale":"cs_CZ","og_type":"article","og_title":"Soft skills m\u00e1s valoradas en 2025 - Universo Fam\u00edlia","og_description":"En un mundo laboral donde la tecnolog\u00eda redefine la manera de trabajar, entender c\u00f3mo potenciar las soft skills m\u00e1s valoradas en 2025 se...","og_url":"http:\/\/universofamilia.com\/cs\/soft-skills-mas-valoradas-en-2025\/","og_site_name":"Universo Fam\u00edlia","article_published_time":"2025-10-23T17:55:44+00:00","article_modified_time":"2025-10-23T17:55:46+00:00","og_image":[{"width":450,"height":250,"url":"http:\/\/universofamilia.com\/wp-content\/uploads\/sites\/148\/2025\/10\/Destaque-Novo-Universo-20.jpg","type":"image\/jpeg"}],"author":"Matheus Sangaletti","twitter_card":"summary_large_image","twitter_misc":{"Written by":"Matheus Sangaletti","Est. reading time":"9 minut"},"schema":{"@context":"https:\/\/schema.org","@graph":[{"@type":"WebPage","@id":"http:\/\/universofamilia.com\/hu\/soft-skills-mas-valoradas-en-2025\/","url":"http:\/\/universofamilia.com\/hu\/soft-skills-mas-valoradas-en-2025\/","name":"Soft skills m\u00e1s valoradas en 2025 - Universo Fam\u00edlia","isPartOf":{"@id":"http:\/\/universofamilia.com\/zh_hk\/#website"},"primaryImageOfPage":{"@id":"http:\/\/universofamilia.com\/hu\/soft-skills-mas-valoradas-en-2025\/#primaryimage"},"image":{"@id":"http:\/\/universofamilia.com\/hu\/soft-skills-mas-valoradas-en-2025\/#primaryimage"},"thumbnailUrl":"https:\/\/universofamilia.com\/wp-content\/uploads\/sites\/148\/2025\/10\/Destaque-Novo-Universo-20.jpg","datePublished":"2025-10-23T17:55:44+00:00","dateModified":"2025-10-23T17:55:46+00:00","author":{"@id":"http:\/\/universofamilia.com\/zh_hk\/#\/schema\/person\/92fcd07e9b1f4323bf74f3170fc0f78a"},"description":"En un mundo laboral donde la tecnolog\u00eda redefine la manera de trabajar, entender c\u00f3mo potenciar las soft skills m\u00e1s valoradas en 2025 se...","breadcrumb":{"@id":"http:\/\/universofamilia.com\/hu\/soft-skills-mas-valoradas-en-2025\/#breadcrumb"},"inLanguage":"cs","potentialAction":[{"@type":"ReadAction","target":["http:\/\/universofamilia.com\/hu\/soft-skills-mas-valoradas-en-2025\/"]}]},{"@type":"ImageObject","inLanguage":"cs","@id":"http:\/\/universofamilia.com\/hu\/soft-skills-mas-valoradas-en-2025\/#primaryimage","url":"https:\/\/universofamilia.com\/wp-content\/uploads\/sites\/148\/2025\/10\/Destaque-Novo-Universo-20.jpg","contentUrl":"https:\/\/universofamilia.com\/wp-content\/uploads\/sites\/148\/2025\/10\/Destaque-Novo-Universo-20.jpg","width":450,"height":250},{"@type":"BreadcrumbList","@id":"http:\/\/universofamilia.com\/hu\/soft-skills-mas-valoradas-en-2025\/#breadcrumb","itemListElement":[{"@type":"ListItem","position":1,"name":"Home","item":"http:\/\/universofamilia.com\/zh_hk\/"},{"@type":"ListItem","position":2,"name":"Soft skills m\u00e1s valoradas en 2025"}]},{"@type":"WebSite","@id":"http:\/\/universofamilia.com\/zh_hk\/#website","url":"http:\/\/universofamilia.com\/zh_hk\/","name":"Universo Fam\u00edlia","description":"","potentialAction":[{"@type":"SearchAction","target":{"@type":"EntryPoint","urlTemplate":"http:\/\/universofamilia.com\/zh_hk\/?s={search_term_string}"},"query-input":"required name=search_term_string"}],"inLanguage":"cs"},{"@type":"Person","@id":"http:\/\/universofamilia.com\/zh_hk\/#\/schema\/person\/92fcd07e9b1f4323bf74f3170fc0f78a","name":"Matheus Sangaletti","image":{"@type":"ImageObject","inLanguage":"cs","@id":"http:\/\/universofamilia.com\/zh_hk\/#\/schema\/person\/image\/","url":"https:\/\/secure.gravatar.com\/avatar\/280ea957a14a48e6a1ad2133d2cc27c9?s=96&d=mm&r=g","contentUrl":"https:\/\/secure.gravatar.com\/avatar\/280ea957a14a48e6a1ad2133d2cc27c9?s=96&d=mm&r=g","caption":"Matheus Sangaletti"},"url":"https:\/\/universofamilia.com\/cs\/author\/matheuss\/"}]}},"_links":{"self":[{"href":"https:\/\/universofamilia.com\/cs\/wp-json\/wp\/v2\/posts\/10199"}],"collection":[{"href":"https:\/\/universofamilia.com\/cs\/wp-json\/wp\/v2\/posts"}],"about":[{"href":"https:\/\/universofamilia.com\/cs\/wp-json\/wp\/v2\/types\/post"}],"author":[{"embeddable":true,"href":"https:\/\/universofamilia.com\/cs\/wp-json\/wp\/v2\/users\/219"}],"replies":[{"embeddable":true,"href":"https:\/\/universofamilia.com\/cs\/wp-json\/wp\/v2\/comments?post=10199"}],"version-history":[{"count":1,"href":"https:\/\/universofamilia.com\/cs\/wp-json\/wp\/v2\/posts\/10199\/revisions"}],"predecessor-version":[{"id":10203,"href":"https:\/\/universofamilia.com\/cs\/wp-json\/wp\/v2\/posts\/10199\/revisions\/10203"}],"wp:featuredmedia":[{"embeddable":true,"href":"https:\/\/universofamilia.com\/cs\/wp-json\/wp\/v2\/media\/10200"}],"wp:attachment":[{"href":"https:\/\/universofamilia.com\/cs\/wp-json\/wp\/v2\/media?parent=10199"}],"wp:term":[{"taxonomy":"category","embeddable":true,"href":"https:\/\/universofamilia.com\/cs\/wp-json\/wp\/v2\/categories?post=10199"},{"taxonomy":"post_tag","embeddable":true,"href":"https:\/\/universofamilia.com\/cs\/wp-json\/wp\/v2\/tags?post=10199"}],"curies":[{"name":"wp","href":"https:\/\/api.w.org\/{rel}","templated":true}]}}