{"id":10230,"date":"2025-10-28T17:07:40","date_gmt":"2025-10-28T20:07:40","guid":{"rendered":"https:\/\/universofamilia.com\/?p=10230"},"modified":"2025-10-28T17:07:43","modified_gmt":"2025-10-28T20:07:43","slug":"guia-practica-para-un-hogar-inteligente-y-conectado","status":"publish","type":"post","link":"https:\/\/universofamilia.com\/cs\/guia-practica-para-un-hogar-inteligente-y-conectado\/","title":{"rendered":"Praktick\u00fd pr\u016fvodce chytrou a propojenou dom\u00e1cnost\u00ed"},"content":{"rendered":"<p class=\"has-text-align-center\">V digit\u00e1ln\u00edm v\u011bku, kdy technologie nov\u011b definuj\u00ed zp\u016fsob, jak\u00fdm \u017eijeme, <strong>Praktick\u00fd pr\u016fvodce chytrou a propojenou dom\u00e1cnost\u00ed<\/strong> Stalo se to z\u00e1sadn\u00edm t\u00e9matem pro ty, kte\u0159\u00ed hledaj\u00ed pohodl\u00ed, efektivitu a udr\u017eitelnost.<\/p>\n\n\n\n<figure class=\"wp-block-gallery aligncenter has-nested-images columns-default is-cropped wp-block-gallery-1 is-layout-flex wp-block-gallery-is-layout-flex\">\n<figure class=\"wp-block-image size-full\"><img loading=\"lazy\" decoding=\"async\" width=\"450\" height=\"250\" data-id=\"10232\" src=\"https:\/\/universofamilia.com\/wp-content\/uploads\/sites\/148\/2025\/10\/Destaque-Novo-Universo-29-1.jpg\" alt=\"\" class=\"wp-image-10232\" srcset=\"https:\/\/universofamilia.com\/wp-content\/uploads\/sites\/148\/2025\/10\/Destaque-Novo-Universo-29-1.jpg 450w, https:\/\/universofamilia.com\/wp-content\/uploads\/sites\/148\/2025\/10\/Destaque-Novo-Universo-29-1-300x167.jpg 300w, https:\/\/universofamilia.com\/wp-content\/uploads\/sites\/148\/2025\/10\/Destaque-Novo-Universo-29-1-18x10.jpg 18w\" sizes=\"(max-width: 450px) 100vw, 450px\" \/><figcaption class=\"wp-element-caption\">CANVA<\/figcaption><\/figure>\n<\/figure>\n\n\n\n<p class=\"has-text-align-center\">Tento typ bydlen\u00ed nen\u00ed luxusem vyhrazen\u00fdm jen pro n\u011bkter\u00e9; je to dostupn\u00fd a strategick\u00fd v\u00fdvoj, kter\u00fd zlep\u0161uje kvalitu ka\u017edodenn\u00edho \u017eivota, optimalizuje zdroje a nab\u00edz\u00ed pokro\u010dil\u00e9 zabezpe\u010den\u00ed.<\/p>\n\n\n\n<h3 class=\"wp-block-heading\">Shrnut\u00ed<\/h3>\n\n\n\n<p>V tomto \u010dl\u00e1nku se dozv\u00edte, jak funguj\u00ed syst\u00e9my chytr\u00e9 dom\u00e1cnosti, jak\u00e9 v\u00fdhody nab\u00edzej\u00ed, kter\u00e1 za\u0159\u00edzen\u00ed jsou v roce 2025 nejv\u00edce doporu\u010dov\u00e1na, jak bezpe\u010dn\u011b integrovat technologie a jak\u00e9 trendy budou formovat budoucnost propojen\u00fdch dom\u00e1cnost\u00ed.<\/p>\n\n\n\n<p>Na konci jsou nav\u00edc uvedeny relevantn\u00ed statistiky, srovn\u00e1vac\u00ed tabulka, praktick\u00e9 p\u0159\u00edklady a sekce s \u010dasto kladen\u00fdmi ot\u00e1zkami.<\/p>\n\n\n\n<h2 class=\"wp-block-heading\">V\u00fdvoj sm\u011brem k chytr\u00e9 dom\u00e1cnosti<\/h2>\n\n\n\n<p>P\u0159ed deseti lety se zap\u00edn\u00e1n\u00ed sv\u011btel hlasem nebo nastavov\u00e1n\u00ed teploty z mobiln\u00edho telefonu zd\u00e1lo jako sci-fi.<\/p>\n\n\n\n<p>Dnes je to ka\u017edodenn\u00ed realita.<\/p>\n\n\n\n<p>A <strong>chytr\u00e1 dom\u00e1cnost<\/strong> Vyu\u017e\u00edv\u00e1 propojen\u00e1 za\u0159\u00edzen\u00ed, od senzor\u016f a\u017e po virtu\u00e1ln\u00ed asistenty, kter\u00e1 spolu komunikuj\u00ed p\u0159es internet, automatizuj\u00ed \u00fakoly a vytv\u00e1\u0159ej\u00ed personalizovan\u00e9 z\u00e1\u017eitky.<\/p>\n\n\n\n<p>Podle <strong>Statista (2025)<\/strong>V\u00edce ne\u017e 471 % dom\u00e1cnost\u00ed v Latinsk\u00e9 Americe ji\u017e m\u00e1 alespo\u0148 jedno chytr\u00e9 za\u0159\u00edzen\u00ed, p\u0159i\u010dem\u017e toto \u010d\u00edslo ka\u017edoro\u010dn\u011b roste d\u00edky dostupnosti a z\u00e1jmu o \u00fasporu energie.<\/p>\n\n\n\n<p>Zejm\u00e9na Mexiko vede v regionu v oblasti zav\u00e1d\u011bn\u00ed technologi\u00ed 5G d\u00edky n\u00e1r\u016fstu s\u00edt\u00ed 5G a integraci syst\u00e9m\u016f kompatibiln\u00edch s v\u00edce zna\u010dkami.<\/p>\n\n\n\n<p>Tato technologick\u00e1 revoluce nejen transformuje bydlen\u00ed, ale tak\u00e9 vztah lid\u00ed k jejich prost\u0159ed\u00ed:<\/p>\n\n\n\n<p>Domov p\u0159est\u00e1v\u00e1 b\u00fdt pasivn\u00edm prostorem a st\u00e1v\u00e1 se <strong>interaktivn\u00ed ekosyst\u00e9m<\/strong> kter\u00fd se p\u0159izp\u016fsob\u00ed tempu ka\u017ed\u00e9ho \u010dlov\u011bka.<\/p>\n\n\n\n<h2 class=\"wp-block-heading\">Pro\u010d prom\u011bnit sv\u016fj d\u016fm v chytr\u00fd domov?<\/h2>\n\n\n\n<p>Odvol\u00e1n\u00ed <strong><strong>Praktick\u00fd pr\u016fvodce chytrou a propojenou dom\u00e1cnost\u00ed<\/strong><\/strong> Spo\u010d\u00edv\u00e1 v rovnov\u00e1ze mezi funk\u010dnost\u00ed, pohodl\u00edm a udr\u017eitelnost\u00ed.<\/p>\n\n\n\n<p>Dom\u00e1c\u00ed automatizace nab\u00edz\u00ed konkr\u00e9tn\u00ed v\u00fdhody:<\/p>\n\n\n\n<ol>\n<li><strong>Energetick\u00e1 \u00fa\u010dinnost:<\/strong> Inteligentn\u00ed syst\u00e9my upravuj\u00ed spot\u0159ebu sv\u011btla, vody a klimatizace podle skute\u010dn\u00e9 spot\u0159eby, \u010d\u00edm\u017e sni\u017euj\u00ed n\u00e1klady a\u017e o 251 TP3T, uv\u00e1d\u011bj\u00ed data Meziamerick\u00e9 rozvojov\u00e9 banky (IDB).<\/li>\n\n\n\n<li><strong>Pokro\u010dil\u00e9 zabezpe\u010den\u00ed:<\/strong> Kamery s um\u011blou inteligenc\u00ed, pohybov\u00e9 senzory a digit\u00e1ln\u00ed z\u00e1mky poskytuj\u00ed d\u00e1lkov\u00e9 ovl\u00e1d\u00e1n\u00ed a upozorn\u011bn\u00ed v re\u00e1ln\u00e9m \u010dase.<\/li>\n\n\n\n<li><strong>Personalizovan\u00e9 pohodl\u00ed:<\/strong> Za\u0159\u00edzen\u00ed se \u201eu\u010d\u00ed\u201c z u\u017eivatelsk\u00fdch zvyk\u016f a vytv\u00e1\u0159ej\u00ed ide\u00e1ln\u00ed prost\u0159ed\u00ed podle \u010dasu, po\u010das\u00ed nebo n\u00e1lady.<\/li>\n\n\n\n<li><strong>Centralizovan\u00e9 ovl\u00e1d\u00e1n\u00ed:<\/strong> V\u0161e lze ovl\u00e1dat z aplikace nebo hlasov\u00fdmi p\u0159\u00edkazy, a to i mimo domov.<\/li>\n<\/ol>\n\n\n\n<p>Kl\u00ed\u010dem je pochopit, \u017ee technologie nem\u00e1 komplikovat \u017eivot, ale <strong>zjednodu\u0161it, zintenzivnit a zkvalitnit<\/strong>.<\/p>\n\n\n\n<h2 class=\"wp-block-heading\">Jak za\u010d\u00edt s prom\u011bnou va\u0161eho domova<\/h2>\n\n\n\n<p>Zaveden\u00ed chytr\u00e9 dom\u00e1cnosti nevy\u017eaduje velkou po\u010d\u00e1te\u010dn\u00ed investici.<\/p>\n\n\n\n<p>Ide\u00e1ln\u00ed strategi\u00ed je postupovat krok za krokem a up\u0159ednost\u0148ovat oblasti, kter\u00e9 maj\u00ed nejv\u011bt\u0161\u00ed dopad na va\u0161i ka\u017edodenn\u00ed pohodu.<\/p>\n\n\n\n<h3 class=\"wp-block-heading\">1. Za\u010dn\u011bte s osv\u011btlen\u00edm<\/h3>\n\n\n\n<p>Chytr\u00e9 bodov\u00e9 osv\u011btlen\u00ed je nejobl\u00edben\u011bj\u0161\u00edm v\u00fdchoz\u00edm bodem.<\/p>\n\n\n\n<p>Umo\u017e\u0148uj\u00ed v\u00e1m ovl\u00e1dat intenzitu, rozvrhy a barvy z telefonu.<\/p>\n\n\n\n<p>Konkr\u00e9tn\u00ed p\u0159\u00edklad: sv\u011btla si m\u016f\u017eete naprogramovat tak, aby se za \u00fasvitu jemn\u011b rozsv\u011bcela, co\u017e v\u00e1m zlep\u0161\u00ed odpo\u010dinek a sn\u00ed\u017e\u00ed zbyte\u010dnou spot\u0159ebu energie.<\/p>\n\n\n\n<h3 class=\"wp-block-heading\">2. P\u0159esn\u00e9 ovl\u00e1d\u00e1n\u00ed klimatu<\/h3>\n\n\n\n<p>Chytr\u00e9 termostaty, jako nap\u0159\u00edklad Nest nebo Ecobee, analyzuj\u00ed va\u0161e chov\u00e1n\u00ed a automaticky upravuj\u00ed teplotu.<\/p>\n\n\n\n<p>Pokud zjist\u00ed, \u017ee nikdo nen\u00ed doma, sn\u00ed\u017e\u00ed spot\u0159ebu energie.<\/p>\n\n\n\n<p>N\u011bkter\u00e9 modely nav\u00edc integruj\u00ed klimatick\u00e9 informace, aby p\u0159edv\u00eddaly zm\u011bny a udr\u017eovaly stabiln\u00ed prost\u0159ed\u00ed.<\/p>\n\n\n\n<h3 class=\"wp-block-heading\">3. Zvy\u0161te bezpe\u010dnost<\/h3>\n\n\n\n<p>Digit\u00e1ln\u00ed z\u00e1mky s rozpozn\u00e1v\u00e1n\u00edm obli\u010deje nebo otisk\u016f prst\u016f nab\u00edzej\u00ed vy\u0161\u0161\u00ed \u00farove\u0148 ochrany ne\u017e tradi\u010dn\u00ed kl\u00ed\u010de.<\/p>\n\n\n\n<p>Kamery s um\u011blou inteligenc\u00ed mezit\u00edm rozli\u0161uj\u00ed mezi lidmi, dom\u00e1c\u00edmi mazl\u00ed\u010dky nebo podez\u0159el\u00fdmi pohyby, \u010d\u00edm\u017e se vyh\u00fdbaj\u00ed fale\u0161n\u00fdm poplach\u016fm.<\/p>\n\n\n\n<h3 class=\"wp-block-heading\">4. Zapojte sv\u00e9 spot\u0159ebi\u010de<\/h3>\n\n\n\n<p>V\u011bt\u0161ina zna\u010dek ji\u017e zahrnuje chytr\u00e9 funkce:<\/p>\n\n\n\n<p>Ledni\u010dky, kter\u00e9 navrhuj\u00ed recepty na z\u00e1klad\u011b skladov\u00fdch z\u00e1sob, pra\u010dky, kter\u00e9 upravuj\u00ed cykly podle mno\u017estv\u00ed pr\u00e1dla, nebo robotick\u00e9 vysava\u010de, kter\u00e9 rozpozn\u00e1vaj\u00ed mezery.<\/p>\n\n\n\n<h3 class=\"wp-block-heading\">5. Centralizujte \u0159\u00edzen\u00ed<\/h3>\n\n\n\n<p>Skute\u010dn\u00e1 s\u00edla chytr\u00e9 dom\u00e1cnosti spo\u010d\u00edv\u00e1 v <strong>integrace<\/strong>.<\/p>\n\n\n\n<p>Platformy jako Google Home, Alexa nebo Apple HomeKit v\u00e1m umo\u017e\u0148uj\u00ed sjednotit v\u0161echna za\u0159\u00edzen\u00ed do jednoho ekosyst\u00e9mu a poskytnout tak \u00faplnou kontrolu z aplikace nebo pomoc\u00ed hlasov\u00fdch p\u0159\u00edkaz\u016f.<\/p>\n\n\n\n<h2 class=\"wp-block-heading\">Srovn\u00e1vac\u00ed tabulka: hlavn\u00ed \u0159\u00eddic\u00ed syst\u00e9my<\/h2>\n\n\n\n<figure class=\"wp-block-table\"><table><thead><tr><th>Platforma<\/th><th>Kompatibilita<\/th><th>U\u017eivatelsk\u00e9 rozhran\u00ed<\/th><th>Hlasov\u00fd asistent<\/th><th>\u00darove\u0148 zabezpe\u010den\u00ed<\/th><\/tr><\/thead><tbody><tr><td>Domovsk\u00e1 str\u00e1nka Google<\/td><td>V\u00edcezna\u010dkov\u00e9 (Nest, Philips, LG atd.)<\/td><td>Velmi intuitivn\u00ed<\/td><td>Asistent Google<\/td><td>Vysok\u00fd<\/td><\/tr><tr><td>Amazon Alexa<\/td><td>\u0160irok\u00e1 \u0161k\u00e1la za\u0159\u00edzen\u00ed<\/td><td>P\u0159\u00edstupn\u00e9 a stabiln\u00ed<\/td><td>Alexo<\/td><td>Vysok\u00fd<\/td><\/tr><tr><td>Apple HomeKit<\/td><td>Apple ekosyst\u00e9m<\/td><td>Minimalistick\u00fd<\/td><td>Siri<\/td><td>Velmi vysok\u00e1<\/td><\/tr><\/tbody><\/table><figcaption class=\"wp-element-caption\">Praktick\u00fd pr\u016fvodce chytrou a propojenou dom\u00e1cnost\u00ed<br><br><\/figcaption><\/figure>\n\n\n\n<figure class=\"wp-block-gallery aligncenter has-nested-images columns-default is-cropped wp-block-gallery-2 is-layout-flex wp-block-gallery-is-layout-flex\">\n<figure class=\"wp-block-image size-full\"><img loading=\"lazy\" decoding=\"async\" width=\"450\" height=\"250\" data-id=\"10233\" src=\"https:\/\/universofamilia.com\/wp-content\/uploads\/sites\/148\/2025\/10\/Destaque-Novo-Universo-30.jpg\" alt=\"\" class=\"wp-image-10233\" srcset=\"https:\/\/universofamilia.com\/wp-content\/uploads\/sites\/148\/2025\/10\/Destaque-Novo-Universo-30.jpg 450w, https:\/\/universofamilia.com\/wp-content\/uploads\/sites\/148\/2025\/10\/Destaque-Novo-Universo-30-300x167.jpg 300w, https:\/\/universofamilia.com\/wp-content\/uploads\/sites\/148\/2025\/10\/Destaque-Novo-Universo-30-18x10.jpg 18w\" sizes=\"(max-width: 450px) 100vw, 450px\" \/><figcaption class=\"wp-element-caption\">CANVA<\/figcaption><\/figure>\n<\/figure>\n\n\n\n<p>\u010ct\u011bte v\u00edce:<a href=\"https:\/\/universofamilia.com\/cs\/inteligencia-artificial-en-el-dia-a-dia\/\">\u00a0Um\u011bl\u00e1 inteligence v ka\u017edodenn\u00edm \u017eivot\u011b<\/a><\/p>\n\n\n\n<h2 class=\"wp-block-heading\">P\u0159\u00edklad 1: automatizovan\u00e1 rutina v re\u00e1ln\u00e9m \u017eivot\u011b<\/h2>\n\n\n\n<p>P\u0159edstavte si, \u017ee se po probuzen\u00ed pomalu otev\u0159ou z\u00e1v\u011bsy, k\u00e1vovar se s\u00e1m zapne a za\u010dne hr\u00e1t v\u00e1\u0161 rann\u00ed playlist.<\/p>\n\n\n\n<p>Mezit\u00edm se termostat nastav\u00ed na ide\u00e1ln\u00ed teplotu a koupelnov\u00e9 zrcadlo v\u00e1m ukazuje aktu\u00e1ln\u00ed po\u010das\u00ed.<\/p>\n\n\n\n<p>Nejde o luxus, ale o efektivitu aplikovanou na pohodu.<\/p>\n\n\n\n<p>Tato ka\u017edodenn\u00ed zku\u0161enost, \u0159\u00edzen\u00e1 senzory a naprogramovan\u00fdmi rutinami, p\u0159edstavuje podstatu <strong>Praktick\u00fd pr\u016fvodce chytrou a propojenou dom\u00e1cnost\u00ed<\/strong>:<\/p>\n\n\n\n<p>Zjednodu\u0161te si \u017eivot a z\u00e1rove\u0148 pe\u010dujte o \u017eivotn\u00ed prost\u0159ed\u00ed.<\/p>\n\n\n\n<h2 class=\"wp-block-heading\">Spojen\u00ed mezi technologi\u00ed a udr\u017eitelnost\u00ed<\/h2>\n\n\n\n<p>Chytr\u00e9 domy jsou tak\u00e9 spojenci planety.<\/p>\n\n\n\n<p>D\u00edky automatizaci se v\u00fdrazn\u011b sni\u017euje spot\u0159eba energie a vody.<\/p>\n\n\n\n<p>V Mexiku, <strong>N\u00e1rodn\u00ed komise pro efektivn\u00ed vyu\u017e\u00edv\u00e1n\u00ed energie (CONUEE)<\/strong> Podporuje vyu\u017e\u00edv\u00e1n\u00ed technologi\u00ed chytr\u00e9 dom\u00e1cnosti jako sou\u010d\u00e1st n\u00e1rodn\u00edch politik \u00faspor energie.<\/p>\n\n\n\n<p>Koncept technologick\u00e9 udr\u017eitelnosti ji\u017e nen\u00ed voliteln\u00fd, ale sd\u00edlen\u00e1 odpov\u011bdnost. Domov, kter\u00fd \u201emysl\u00ed\u201c, se star\u00e1 nejen o sv\u00e9 finance, ale tak\u00e9 <strong>chr\u00e1n\u00ed p\u0159\u00edrodn\u00ed zdroje<\/strong>.<\/p>\n\n\n\n<h2 class=\"wp-block-heading\">P\u0159\u00edklad 2: d\u016fm pro seniory<\/h2>\n\n\n\n<p>Inspirativn\u00edm p\u0159\u00edkladem je d\u016fchodov\u00fd p\u00e1r, kter\u00fd integruje senzory pohybu, detektory kou\u0159e a automatick\u00e9 p\u0159ipomenut\u00ed l\u00e9ka\u0159sk\u00fdch pokyn\u016f.<\/p>\n\n\n\n<p>Um\u011bl\u00e1 inteligence je upozorn\u00ed, kdy\u017e zapomenou vz\u00edt l\u00e9ky nebo pokud dojde k anom\u00e1lii ve spot\u0159eb\u011b elekt\u0159iny.<\/p>\n\n\n\n<p>Tento typ \u0159e\u0161en\u00ed ukazuje, jak m\u016f\u017ee m\u00edt technologie lidsk\u00fd \u00fa\u010del: doprov\u00e1zet, pe\u010dovat o \u010dlov\u011bka a nab\u00edzet mu nez\u00e1vislost.<\/p>\n\n\n\n<h2 class=\"wp-block-heading\">Analogie domova jako \u017eiv\u00e9ho organismu<\/h2>\n\n\n\n<p>P\u0159edstavte si sv\u016fj domov jako organismus, kter\u00fd d\u00fdch\u00e1, c\u00edt\u00ed a reaguje.<\/p>\n\n\n\n<p>Ka\u017ed\u00e9 p\u0159ipojen\u00e9 za\u0159\u00edzen\u00ed funguje jako \u201eorg\u00e1n\u201c, kter\u00fd detekuje, analyzuje a reaguje na podn\u011bty.<\/p>\n\n\n\n<p>Um\u011bl\u00e1 inteligence by byla centr\u00e1ln\u00ed nervov\u00fd syst\u00e9m, kter\u00fd koordinuje v\u0161e v harmonii.<\/p>\n\n\n\n<p>T\u00edmto zp\u016fsobem chytr\u00e1 dom\u00e1cnost nejen automatizuje \u00fakoly:<\/p>\n\n\n\n<p><strong>Vytvo\u0159te synergii mezi technologi\u00ed a emocemi<\/strong>kde ka\u017ed\u00e1 akce m\u00e1 sv\u016fj \u00fa\u010del a ka\u017ed\u00e1 interakce p\u0159isp\u00edv\u00e1 k blahobytu.<\/p>\n\n\n\n<h2 class=\"wp-block-heading\">Trendy v propojen\u00e9 dom\u00e1cnosti v roce 2025<\/h2>\n\n\n\n<p>Pokrok pokra\u010duje. Toto jsou hlavn\u00ed trendy, kter\u00e9 definuj\u00ed sou\u010dasnou situaci:<\/p>\n\n\n\n<ul>\n<li><strong>Kontextov\u00e1 um\u011bl\u00e1 inteligence:<\/strong> Syst\u00e9my se u\u010d\u00ed nejen zvyk\u016fm, ale tak\u00e9 emoc\u00edm a n\u00e1lad\u00e1m, aby p\u0159izp\u016fsobily osv\u011btlen\u00ed, hudbu nebo klima.<\/li>\n\n\n\n<li><strong>Dom\u00e1c\u00ed obnoviteln\u00e9 zdroje energie:<\/strong> Integrace sol\u00e1rn\u00edch panel\u016f s inteligentn\u00edmi syst\u00e9my, kter\u00e9 \u0159\u00edd\u00ed jejich vyu\u017eit\u00ed a ukl\u00e1d\u00e1n\u00ed.<\/li>\n\n\n\n<li><strong>Pln\u00e1 interoperabilita:<\/strong> Trend Matter umo\u017en\u00ed za\u0159\u00edzen\u00edm r\u016fzn\u00fdch zna\u010dek komunikovat bez omezen\u00ed.<\/li>\n\n\n\n<li><strong>Vizion\u00e1\u0159sk\u00e9 asistentky:<\/strong> Kamery, kter\u00e9 interpretuj\u00ed gesta a pohyby k prov\u00e1d\u011bn\u00ed hlasov\u00fdch p\u0159\u00edkaz\u016f.<\/li>\n<\/ul>\n\n\n\n<p>Tyto inovace poh\u00e1n\u011bj\u00ed p\u0159echod ke skute\u010dn\u011b propojen\u00fdm, v\u011bdom\u00fdm a personalizovan\u00fdm domov\u016fm.<\/p>\n\n\n\n<h2 class=\"wp-block-heading\">V\u00fdzvy a opat\u0159en\u00ed<\/h2>\n\n\n\n<p>P\u0159esto\u017ee jsou v\u00fdhody rozs\u00e1hl\u00e9, nem\u011bla by se ignorovat rizika.<\/p>\n\n\n\n<p>Ochrana soukrom\u00ed a kybernetick\u00e1 bezpe\u010dnost jsou kl\u00ed\u010dov\u00fdmi aspekty v <strong><strong>Praktick\u00fd pr\u016fvodce chytrou a propojenou dom\u00e1cnost\u00ed<\/strong><\/strong>.<\/p>\n\n\n\n<p>Odborn\u00edci doporu\u010duj\u00ed:<\/p>\n\n\n\n<ul>\n<li>Pou\u017e\u00edvejte siln\u00e1 hesla a pravideln\u011b je aktualizujte.<\/li>\n\n\n\n<li>Udr\u017eujte firmware za\u0159\u00edzen\u00ed aktu\u00e1ln\u00ed.<\/li>\n\n\n\n<li>Zkontrolujte p\u0159\u00edstupov\u00e1 opr\u00e1vn\u011bn\u00ed v ka\u017ed\u00e9 propojen\u00e9 aplikaci.<\/li>\n<\/ul>\n\n\n\n<p>C\u00edlem je u\u017e\u00edvat si pohodl\u00ed bez kompromis\u016f v digit\u00e1ln\u00ed bezpe\u010dnosti.<\/p>\n\n\n\n<h2 class=\"wp-block-heading\">Z\u00e1v\u011br<\/h2>\n\n\n\n<p>Prom\u011bna va\u0161eho domu v propojen\u00fd domov je rozhodnut\u00ed, kter\u00e9 jde nad r\u00e1mec technologi\u00ed. Znamen\u00e1 to p\u0159ijet\u00ed efektivn\u011bj\u0161\u00edho, bezpe\u010dn\u011bj\u0161\u00edho a udr\u017eiteln\u011bj\u0161\u00edho \u017eivotn\u00edho stylu.<\/p>\n\n\n\n<p>On <strong><strong>Praktick\u00fd pr\u016fvodce chytrou a propojenou dom\u00e1cnost\u00ed<\/strong><\/strong> Nab\u00edz\u00ed v\u00e1m n\u00e1stroje k vytvo\u0159en\u00ed prostoru, kde technologie pracuje ve v\u00e1\u0161 prosp\u011bch a ne naopak.<\/p>\n\n\n\n<p>V kone\u010dn\u00e9m d\u016fsledku nejde o to m\u00edt v\u00edce za\u0159\u00edzen\u00ed, ale o to, <strong>\u017e\u00edt l\u00e9pe<\/strong>, s rovnov\u00e1hou mezi inovac\u00ed a lidskost\u00ed.<\/p>\n\n\n\n<p>Jste p\u0159ipraveni nechat sv\u016fj domov nau\u010dit se starat i o v\u00e1s?<\/p>\n\n\n\n<p>\u010ct\u011bte v\u00edce:<a href=\"https:\/\/universofamilia.com\/cs\/inteligencia-artificial-en-el-dia-a-dia\/\">\u00a0<\/a><a href=\"https:\/\/universofamilia.com\/cs\/5-apps-de-ia-para-organizar-tu-rutina-en-casa\/\">5 aplikac\u00ed s um\u011blou inteligenc\u00ed pro organizaci va\u0161\u00ed dom\u00e1c\u00ed rutiny<\/a><\/p>\n\n\n\n<h2 class=\"wp-block-heading\">\u010casto kladen\u00e9 ot\u00e1zky<\/h2>\n\n\n\n<p><strong>1. Kolik stoj\u00ed p\u0159em\u011bna domu na chytr\u00fd domov?<\/strong><br>Z\u00e1le\u017e\u00ed na \u00farovni automatizace.<\/p>\n\n\n\n<p>Z\u00e1kladn\u00ed po\u010d\u00e1te\u010dn\u00ed investice se v pr\u016fm\u011bru pohybuje od 300 do 600 dolar\u016f, co\u017e sta\u010d\u00ed na integraci osv\u011btlen\u00ed, zabezpe\u010den\u00ed a klimatizace.<\/p>\n\n\n\n<p><strong>2. Je vy\u017eadov\u00e1no neust\u00e1l\u00e9 p\u0159ipojen\u00ed k internetu?<\/strong><br>Ano, v\u011bt\u0161ina za\u0159\u00edzen\u00ed vy\u017eaduje pro spr\u00e1vn\u00e9 fungov\u00e1n\u00ed a p\u0159ij\u00edm\u00e1n\u00ed aktualizac\u00ed stabiln\u00ed p\u0159ipojen\u00ed k Wi-Fi.<\/p>\n\n\n\n<p><strong>3. Je mo\u017en\u00e9 ve stejn\u00e9m syst\u00e9mu pou\u017e\u00edvat r\u016fzn\u00e9 zna\u010dky?<\/strong><br>D\u00edky standardu Matter, kter\u00fd byl spu\u0161t\u011bn v roce 2023, nyn\u00ed m\u016f\u017ee v\u011bt\u0161ina za\u0159\u00edzen\u00ed od r\u016fzn\u00fdch zna\u010dek spolupracovat.<\/p>\n\n\n\n<p><strong>4. Spot\u0159ebov\u00e1vaj\u00ed inteligentn\u00ed syst\u00e9my hodn\u011b energie?<\/strong><br>Ne. Jeho \u00fa\u010delem je pr\u00e1v\u011b sn\u00ed\u017eit spot\u0159ebu a automaticky upravovat popt\u00e1vku podle skute\u010dn\u00e9 spot\u0159eby.<\/p>\n\n\n\n<p><strong>5. Jak\u00fd trend bude dominovat budoucnosti chytr\u00fdch dom\u016f?<\/strong><br>Emo\u010dn\u00ed personalizace: domovy, kter\u00e9 rozpozn\u00e1vaj\u00ed n\u00e1lady a p\u0159izp\u016fsobuj\u00ed sv\u00e9 prost\u0159ed\u00ed tak, aby zlep\u0161ily pohodu a du\u0161evn\u00ed zdrav\u00ed.<\/p>","protected":false},"excerpt":{"rendered":"<p>En la era digital, donde la tecnolog\u00eda redefine la forma de vivir, Gu\u00eda pr\u00e1ctica para un hogar inteligente y conectado se ha convertido en un tema esencial para quienes buscan comodidad, eficiencia y sostenibilidad. Este tipo de vivienda no es un lujo reservado para unos pocos; es una evoluci\u00f3n accesible y estrat\u00e9gica que mejora la [&hellip;]<\/p>","protected":false},"author":219,"featured_media":10231,"comment_status":"closed","ping_status":"open","sticky":false,"template":"","format":"standard","meta":{"footnotes":""},"categories":[3],"tags":[],"yoast_head":"<!-- This site is optimized with the Yoast SEO plugin v23.3 - https:\/\/yoast.com\/wordpress\/plugins\/seo\/ -->\n<title>Gu\u00eda pr\u00e1ctica para un hogar inteligente y conectado - Universo Fam\u00edlia<\/title>\n<meta name=\"description\" content=\"En la era digital, donde la tecnolog\u00eda redefine la forma de vivir, Gu\u00eda pr\u00e1ctica para un hogar inteligente y conectado se ha convertido en...\" \/>\n<meta name=\"robots\" content=\"index, follow, max-snippet:-1, max-image-preview:large, max-video-preview:-1\" \/>\n<link rel=\"canonical\" href=\"http:\/\/universofamilia.com\/cs\/guia-practica-para-un-hogar-inteligente-y-conectado\/\" \/>\n<meta property=\"og:locale\" content=\"cs_CZ\" \/>\n<meta property=\"og:type\" content=\"article\" \/>\n<meta property=\"og:title\" content=\"Gu\u00eda pr\u00e1ctica para un hogar inteligente y conectado - Universo Fam\u00edlia\" \/>\n<meta property=\"og:description\" content=\"En la era digital, donde la tecnolog\u00eda redefine la forma de vivir, Gu\u00eda pr\u00e1ctica para un hogar inteligente y conectado se ha convertido en...\" \/>\n<meta property=\"og:url\" content=\"http:\/\/universofamilia.com\/cs\/guia-practica-para-un-hogar-inteligente-y-conectado\/\" \/>\n<meta property=\"og:site_name\" content=\"Universo Fam\u00edlia\" \/>\n<meta property=\"article:published_time\" content=\"2025-10-28T20:07:40+00:00\" \/>\n<meta property=\"article:modified_time\" content=\"2025-10-28T20:07:43+00:00\" \/>\n<meta property=\"og:image\" content=\"http:\/\/universofamilia.com\/wp-content\/uploads\/sites\/148\/2025\/10\/Destaque-Novo-Universo-29.jpg\" \/>\n\t<meta property=\"og:image:width\" content=\"450\" \/>\n\t<meta property=\"og:image:height\" content=\"250\" \/>\n\t<meta property=\"og:image:type\" content=\"image\/jpeg\" \/>\n<meta name=\"author\" content=\"Matheus Sangaletti\" \/>\n<meta name=\"twitter:card\" content=\"summary_large_image\" \/>\n<meta name=\"twitter:label1\" content=\"Written by\" \/>\n\t<meta name=\"twitter:data1\" content=\"Matheus Sangaletti\" \/>\n\t<meta name=\"twitter:label2\" content=\"Est. reading time\" \/>\n\t<meta name=\"twitter:data2\" content=\"9 minut\" \/>\n<script type=\"application\/ld+json\" class=\"yoast-schema-graph\">{\"@context\":\"https:\/\/schema.org\",\"@graph\":[{\"@type\":\"WebPage\",\"@id\":\"http:\/\/universofamilia.com\/sk\/guia-practica-para-un-hogar-inteligente-y-conectado\/\",\"url\":\"http:\/\/universofamilia.com\/sk\/guia-practica-para-un-hogar-inteligente-y-conectado\/\",\"name\":\"Gu\u00eda pr\u00e1ctica para un hogar inteligente y conectado - Universo Fam\u00edlia\",\"isPartOf\":{\"@id\":\"http:\/\/universofamilia.com\/zh_hk\/#website\"},\"primaryImageOfPage\":{\"@id\":\"http:\/\/universofamilia.com\/sk\/guia-practica-para-un-hogar-inteligente-y-conectado\/#primaryimage\"},\"image\":{\"@id\":\"http:\/\/universofamilia.com\/sk\/guia-practica-para-un-hogar-inteligente-y-conectado\/#primaryimage\"},\"thumbnailUrl\":\"https:\/\/universofamilia.com\/wp-content\/uploads\/sites\/148\/2025\/10\/Destaque-Novo-Universo-29.jpg\",\"datePublished\":\"2025-10-28T20:07:40+00:00\",\"dateModified\":\"2025-10-28T20:07:43+00:00\",\"author\":{\"@id\":\"http:\/\/universofamilia.com\/zh_hk\/#\/schema\/person\/92fcd07e9b1f4323bf74f3170fc0f78a\"},\"description\":\"En la era digital, donde la tecnolog\u00eda redefine la forma de vivir, Gu\u00eda pr\u00e1ctica para un hogar inteligente y conectado se ha convertido en...\",\"breadcrumb\":{\"@id\":\"http:\/\/universofamilia.com\/sk\/guia-practica-para-un-hogar-inteligente-y-conectado\/#breadcrumb\"},\"inLanguage\":\"cs\",\"potentialAction\":[{\"@type\":\"ReadAction\",\"target\":[\"http:\/\/universofamilia.com\/sk\/guia-practica-para-un-hogar-inteligente-y-conectado\/\"]}]},{\"@type\":\"ImageObject\",\"inLanguage\":\"cs\",\"@id\":\"http:\/\/universofamilia.com\/sk\/guia-practica-para-un-hogar-inteligente-y-conectado\/#primaryimage\",\"url\":\"https:\/\/universofamilia.com\/wp-content\/uploads\/sites\/148\/2025\/10\/Destaque-Novo-Universo-29.jpg\",\"contentUrl\":\"https:\/\/universofamilia.com\/wp-content\/uploads\/sites\/148\/2025\/10\/Destaque-Novo-Universo-29.jpg\",\"width\":450,\"height\":250},{\"@type\":\"BreadcrumbList\",\"@id\":\"http:\/\/universofamilia.com\/sk\/guia-practica-para-un-hogar-inteligente-y-conectado\/#breadcrumb\",\"itemListElement\":[{\"@type\":\"ListItem\",\"position\":1,\"name\":\"Home\",\"item\":\"http:\/\/universofamilia.com\/zh_hk\/\"},{\"@type\":\"ListItem\",\"position\":2,\"name\":\"Gu\u00eda pr\u00e1ctica para un hogar inteligente y conectado\"}]},{\"@type\":\"WebSite\",\"@id\":\"http:\/\/universofamilia.com\/zh_hk\/#website\",\"url\":\"http:\/\/universofamilia.com\/zh_hk\/\",\"name\":\"Universo Fam\u00edlia\",\"description\":\"\",\"potentialAction\":[{\"@type\":\"SearchAction\",\"target\":{\"@type\":\"EntryPoint\",\"urlTemplate\":\"http:\/\/universofamilia.com\/zh_hk\/?s={search_term_string}\"},\"query-input\":\"required name=search_term_string\"}],\"inLanguage\":\"cs\"},{\"@type\":\"Person\",\"@id\":\"http:\/\/universofamilia.com\/zh_hk\/#\/schema\/person\/92fcd07e9b1f4323bf74f3170fc0f78a\",\"name\":\"Matheus Sangaletti\",\"image\":{\"@type\":\"ImageObject\",\"inLanguage\":\"cs\",\"@id\":\"http:\/\/universofamilia.com\/zh_hk\/#\/schema\/person\/image\/\",\"url\":\"https:\/\/secure.gravatar.com\/avatar\/280ea957a14a48e6a1ad2133d2cc27c9?s=96&d=mm&r=g\",\"contentUrl\":\"https:\/\/secure.gravatar.com\/avatar\/280ea957a14a48e6a1ad2133d2cc27c9?s=96&d=mm&r=g\",\"caption\":\"Matheus Sangaletti\"},\"url\":\"https:\/\/universofamilia.com\/cs\/author\/matheuss\/\"}]}<\/script>\n<!-- \/ Yoast SEO plugin. -->","yoast_head_json":{"title":"Gu\u00eda pr\u00e1ctica para un hogar inteligente y conectado - Universo Fam\u00edlia","description":"En la era digital, donde la tecnolog\u00eda redefine la forma de vivir, Gu\u00eda pr\u00e1ctica para un hogar inteligente y conectado se ha convertido en...","robots":{"index":"index","follow":"follow","max-snippet":"max-snippet:-1","max-image-preview":"max-image-preview:large","max-video-preview":"max-video-preview:-1"},"canonical":"http:\/\/universofamilia.com\/cs\/guia-practica-para-un-hogar-inteligente-y-conectado\/","og_locale":"cs_CZ","og_type":"article","og_title":"Gu\u00eda pr\u00e1ctica para un hogar inteligente y conectado - Universo Fam\u00edlia","og_description":"En la era digital, donde la tecnolog\u00eda redefine la forma de vivir, Gu\u00eda pr\u00e1ctica para un hogar inteligente y conectado se ha convertido en...","og_url":"http:\/\/universofamilia.com\/cs\/guia-practica-para-un-hogar-inteligente-y-conectado\/","og_site_name":"Universo Fam\u00edlia","article_published_time":"2025-10-28T20:07:40+00:00","article_modified_time":"2025-10-28T20:07:43+00:00","og_image":[{"width":450,"height":250,"url":"http:\/\/universofamilia.com\/wp-content\/uploads\/sites\/148\/2025\/10\/Destaque-Novo-Universo-29.jpg","type":"image\/jpeg"}],"author":"Matheus Sangaletti","twitter_card":"summary_large_image","twitter_misc":{"Written by":"Matheus Sangaletti","Est. reading time":"9 minut"},"schema":{"@context":"https:\/\/schema.org","@graph":[{"@type":"WebPage","@id":"http:\/\/universofamilia.com\/sk\/guia-practica-para-un-hogar-inteligente-y-conectado\/","url":"http:\/\/universofamilia.com\/sk\/guia-practica-para-un-hogar-inteligente-y-conectado\/","name":"Gu\u00eda pr\u00e1ctica para un hogar inteligente y conectado - Universo Fam\u00edlia","isPartOf":{"@id":"http:\/\/universofamilia.com\/zh_hk\/#website"},"primaryImageOfPage":{"@id":"http:\/\/universofamilia.com\/sk\/guia-practica-para-un-hogar-inteligente-y-conectado\/#primaryimage"},"image":{"@id":"http:\/\/universofamilia.com\/sk\/guia-practica-para-un-hogar-inteligente-y-conectado\/#primaryimage"},"thumbnailUrl":"https:\/\/universofamilia.com\/wp-content\/uploads\/sites\/148\/2025\/10\/Destaque-Novo-Universo-29.jpg","datePublished":"2025-10-28T20:07:40+00:00","dateModified":"2025-10-28T20:07:43+00:00","author":{"@id":"http:\/\/universofamilia.com\/zh_hk\/#\/schema\/person\/92fcd07e9b1f4323bf74f3170fc0f78a"},"description":"En la era digital, donde la tecnolog\u00eda redefine la forma de vivir, Gu\u00eda pr\u00e1ctica para un hogar inteligente y conectado se ha convertido en...","breadcrumb":{"@id":"http:\/\/universofamilia.com\/sk\/guia-practica-para-un-hogar-inteligente-y-conectado\/#breadcrumb"},"inLanguage":"cs","potentialAction":[{"@type":"ReadAction","target":["http:\/\/universofamilia.com\/sk\/guia-practica-para-un-hogar-inteligente-y-conectado\/"]}]},{"@type":"ImageObject","inLanguage":"cs","@id":"http:\/\/universofamilia.com\/sk\/guia-practica-para-un-hogar-inteligente-y-conectado\/#primaryimage","url":"https:\/\/universofamilia.com\/wp-content\/uploads\/sites\/148\/2025\/10\/Destaque-Novo-Universo-29.jpg","contentUrl":"https:\/\/universofamilia.com\/wp-content\/uploads\/sites\/148\/2025\/10\/Destaque-Novo-Universo-29.jpg","width":450,"height":250},{"@type":"BreadcrumbList","@id":"http:\/\/universofamilia.com\/sk\/guia-practica-para-un-hogar-inteligente-y-conectado\/#breadcrumb","itemListElement":[{"@type":"ListItem","position":1,"name":"Home","item":"http:\/\/universofamilia.com\/zh_hk\/"},{"@type":"ListItem","position":2,"name":"Gu\u00eda pr\u00e1ctica para un hogar inteligente y conectado"}]},{"@type":"WebSite","@id":"http:\/\/universofamilia.com\/zh_hk\/#website","url":"http:\/\/universofamilia.com\/zh_hk\/","name":"Universo Fam\u00edlia","description":"","potentialAction":[{"@type":"SearchAction","target":{"@type":"EntryPoint","urlTemplate":"http:\/\/universofamilia.com\/zh_hk\/?s={search_term_string}"},"query-input":"required name=search_term_string"}],"inLanguage":"cs"},{"@type":"Person","@id":"http:\/\/universofamilia.com\/zh_hk\/#\/schema\/person\/92fcd07e9b1f4323bf74f3170fc0f78a","name":"Matheus Sangaletti","image":{"@type":"ImageObject","inLanguage":"cs","@id":"http:\/\/universofamilia.com\/zh_hk\/#\/schema\/person\/image\/","url":"https:\/\/secure.gravatar.com\/avatar\/280ea957a14a48e6a1ad2133d2cc27c9?s=96&d=mm&r=g","contentUrl":"https:\/\/secure.gravatar.com\/avatar\/280ea957a14a48e6a1ad2133d2cc27c9?s=96&d=mm&r=g","caption":"Matheus Sangaletti"},"url":"https:\/\/universofamilia.com\/cs\/author\/matheuss\/"}]}},"_links":{"self":[{"href":"https:\/\/universofamilia.com\/cs\/wp-json\/wp\/v2\/posts\/10230"}],"collection":[{"href":"https:\/\/universofamilia.com\/cs\/wp-json\/wp\/v2\/posts"}],"about":[{"href":"https:\/\/universofamilia.com\/cs\/wp-json\/wp\/v2\/types\/post"}],"author":[{"embeddable":true,"href":"https:\/\/universofamilia.com\/cs\/wp-json\/wp\/v2\/users\/219"}],"replies":[{"embeddable":true,"href":"https:\/\/universofamilia.com\/cs\/wp-json\/wp\/v2\/comments?post=10230"}],"version-history":[{"count":1,"href":"https:\/\/universofamilia.com\/cs\/wp-json\/wp\/v2\/posts\/10230\/revisions"}],"predecessor-version":[{"id":10234,"href":"https:\/\/universofamilia.com\/cs\/wp-json\/wp\/v2\/posts\/10230\/revisions\/10234"}],"wp:featuredmedia":[{"embeddable":true,"href":"https:\/\/universofamilia.com\/cs\/wp-json\/wp\/v2\/media\/10231"}],"wp:attachment":[{"href":"https:\/\/universofamilia.com\/cs\/wp-json\/wp\/v2\/media?parent=10230"}],"wp:term":[{"taxonomy":"category","embeddable":true,"href":"https:\/\/universofamilia.com\/cs\/wp-json\/wp\/v2\/categories?post=10230"},{"taxonomy":"post_tag","embeddable":true,"href":"https:\/\/universofamilia.com\/cs\/wp-json\/wp\/v2\/tags?post=10230"}],"curies":[{"name":"wp","href":"https:\/\/api.w.org\/{rel}","templated":true}]}}