{"id":10346,"date":"2025-11-17T14:50:39","date_gmt":"2025-11-17T17:50:39","guid":{"rendered":"https:\/\/universofamilia.com\/?p=10346"},"modified":"2025-11-17T14:50:41","modified_gmt":"2025-11-17T17:50:41","slug":"carreras-sostenibles-empleos-verdes-en-auge","status":"publish","type":"post","link":"https:\/\/universofamilia.com\/cs\/carreras-sostenibles-empleos-verdes-en-auge\/","title":{"rendered":"Udr\u017eiteln\u00e9 kari\u00e9ry: rozmach zelen\u00fdch pracovn\u00edch m\u00edst"},"content":{"rendered":"<p class=\"has-text-align-center\">Udr\u017eiteln\u00e9 kari\u00e9ry: rozmach zelen\u00fdch pracovn\u00edch m\u00edst. Ve sv\u011bt\u011b, kde talenty \u010del\u00ed neust\u00e1l\u00fdm zm\u011bn\u00e1m, je kl\u00ed\u010dov\u00e9 hovo\u0159it o \u201eudr\u017eiteln\u00fdch kari\u00e9r\u00e1ch: rozmachu zelen\u00fdch pracovn\u00edch m\u00edst\u201c.<\/p>\n\n\n\n<figure class=\"wp-block-gallery aligncenter has-nested-images columns-default is-cropped wp-block-gallery-1 is-layout-flex wp-block-gallery-is-layout-flex\">\n<figure class=\"wp-block-image size-full\"><img loading=\"lazy\" decoding=\"async\" width=\"450\" height=\"250\" data-id=\"10348\" src=\"https:\/\/universofamilia.com\/wp-content\/uploads\/sites\/148\/2025\/11\/Destaque-Novo-Universo-4.jpg\" alt=\"\" class=\"wp-image-10348\" srcset=\"https:\/\/universofamilia.com\/wp-content\/uploads\/sites\/148\/2025\/11\/Destaque-Novo-Universo-4.jpg 450w, https:\/\/universofamilia.com\/wp-content\/uploads\/sites\/148\/2025\/11\/Destaque-Novo-Universo-4-300x167.jpg 300w, https:\/\/universofamilia.com\/wp-content\/uploads\/sites\/148\/2025\/11\/Destaque-Novo-Universo-4-18x10.jpg 18w\" sizes=\"(max-width: 450px) 100vw, 450px\" \/><figcaption class=\"wp-element-caption\">Canva<\/figcaption><\/figure>\n<\/figure>\n\n\n\n<p class=\"has-text-align-center\">U\u017e to nen\u00ed jen pom\u00edjiv\u00fd trend, ale p\u0159\u00edm\u00e1 reakce na klimatickou, technologickou a ekonomickou nal\u00e9havost. A ne\u017e se pono\u0159\u00edme do jednotliv\u00fdch oblast\u00ed, zde je stru\u010dn\u00e9 shrnut\u00ed, kter\u00e9 v\u00e1m pom\u016f\u017ee \u010d\u00edst:<\/p>\n\n\n\n<p class=\"has-text-align-center\">Jasn\u00e1 definice konceptu, pro\u010d roste v Mexiku a po cel\u00e9m sv\u011bt\u011b.<\/p>\n\n\n\n<p>Oblasti s nejvy\u0161\u0161\u00ed popt\u00e1vkou, nejcenn\u011bj\u0161\u00ed dovednosti, dva p\u0159\u00edklady z re\u00e1ln\u00e9ho sv\u011bta, ov\u011b\u0159iteln\u00e9 statistiky, analogie pro vizualizaci dopadu, u\u017eite\u010dn\u00e1 srovn\u00e1vac\u00ed tabulka a sekce s \u010dasto kladen\u00fdmi ot\u00e1zkami.<\/p>\n\n\n\n<h2 class=\"wp-block-heading\">Zm\u011bna kari\u00e9ry, kter\u00e1 odr\u00e1\u017e\u00ed to, co sv\u011bt pot\u0159ebuje<\/h2>\n\n\n\n<p>Mluvte o <strong><em>\u201eUdr\u017eiteln\u00e9 kari\u00e9ry: zelen\u00e1 pracovn\u00ed m\u00edsta na vzestupu.\u201c<\/em><\/strong> To zahrnuje pozorov\u00e1n\u00ed, jak energetick\u00e1 transformace a zav\u00e1d\u011bn\u00ed odpov\u011bdn\u00fdch postup\u016f transformuj\u00ed mexick\u00fd trh pr\u00e1ce.<\/p>\n\n\n\n<p>St\u00e1le v\u00edce spole\u010dnost\u00ed hled\u00e1 profily, kter\u00e9 dok\u00e1\u017e\u00ed sn\u00ed\u017eit dopad na \u017eivotn\u00ed prost\u0159ed\u00ed, ani\u017e by to sn\u00ed\u017eilo produktivitu.<\/p>\n\n\n\n<p>Nen\u00ed logick\u00e9 si myslet, \u017ee nov\u00e1 ekonomika vy\u017eaduje profesion\u00e1ly, kte\u0159\u00ed v\u011bd\u00ed, jak vyv\u00e1\u017eit pokrok a ochranu planety?<\/p>\n\n\n\n<p>Popt\u00e1vka roste z n\u011bkolika d\u016fvod\u016f:<\/p>\n\n\n\n<p>P\u0159\u00edsn\u011bj\u0161\u00ed environment\u00e1ln\u00ed p\u0159edpisy, da\u0148ov\u00e9 pob\u00eddky pro \u010distou energii, zm\u011bny ve spot\u0159eb\u011b a soukrom\u00fd sektor, kter\u00fd za\u010d\u00edn\u00e1 v\u00e1\u017en\u011bji m\u011b\u0159it svou uhl\u00edkovou stopu.<\/p>\n\n\n\n<p>MOP uv\u00e1d\u00ed, \u017ee p\u0159echod na zelenou ekonomiku by mohl do roku 2030 vytvo\u0159it a\u017e 24 milion\u016f pracovn\u00edch m\u00edst na cel\u00e9m sv\u011bt\u011b, za p\u0159edpokladu, \u017ee se urychl\u00ed zm\u00edr\u0148uj\u00edc\u00ed politiky a zav\u00e1d\u011bn\u00ed technologi\u00ed.<\/p>\n\n\n\n<p>Fakt, kter\u00fd ukazuje rozsah p\u0159\u00edle\u017eitosti.<\/p>\n\n\n\n<h2 class=\"wp-block-heading\">Co definuje udr\u017eitelnou kari\u00e9ru<\/h2>\n\n\n\n<p>A\u010dkoli je \u010dasto spojov\u00e1n v\u00fdhradn\u011b s obnoviteln\u00fdmi zdroji energie, tento koncept zahrnuje mnohem v\u00edce. Udr\u017eiteln\u00e1 kari\u00e9ra integruje t\u0159i z\u00e1kladn\u00ed prvky:<\/p>\n\n\n\n<p><strong>Efektivn\u00ed vyu\u017e\u00edv\u00e1n\u00ed zdroj\u016f.<\/strong> Odborn\u00edci schopn\u00ed navrhovat, \u0159\u00eddit nebo vylep\u0161ovat procesy s ni\u017e\u0161\u00ed spot\u0159ebou energie a men\u0161\u00edm zne\u010di\u0161t\u011bn\u00edm.<\/p>\n\n\n\n<p><strong>Pozitivn\u00ed soci\u00e1ln\u00ed dopad.<\/strong> Projekty, kter\u00e9 vytv\u00e1\u0159ej\u00ed blahobyt, d\u016fstojn\u00e1 pracovn\u00ed m\u00edsta a odolnost komunity.<\/p>\n\n\n\n<p><strong>Dlouhodob\u00e1 vize.<\/strong> Rozhodnut\u00ed se zam\u011b\u0159ovala na trval\u00e9 v\u00fdhody, nikoli pouze na okam\u017eit\u00e9 v\u00fdsledky.<\/p>\n\n\n\n<p>Tato povol\u00e1n\u00ed jsou jako ko\u0159enov\u00fd syst\u00e9m pod lesem: pro mnoh\u00e9 neviditeln\u00fd, ale nezbytn\u00fd pro jeho udr\u017een\u00ed p\u0159i \u017eivot\u011b a stabilit\u011b.<\/p>\n\n\n\n<h2 class=\"wp-block-heading\">Oblasti, kter\u00e9 v Mexiku podporuj\u00ed zelen\u00e1 pracovn\u00ed m\u00edsta<\/h2>\n\n\n\n<h3 class=\"wp-block-heading\">Obnoviteln\u00e9 energie a energetick\u00e1 transformace<\/h3>\n\n\n\n<p>Roz\u0161\u00ed\u0159en\u00ed sol\u00e1rn\u00edch a v\u011btrn\u00fdch elektr\u00e1ren \u010din\u00ed z elektrotechniky, \u0159\u00edzen\u00ed energetick\u00fdch projekt\u016f a optimalizace \u010dist\u00fdch s\u00edt\u00ed z\u00e1kladn\u00ed pil\u00ed\u0159e.<\/p>\n\n\n\n<p>Specializovan\u00ed technici, analytici energetick\u00fdch dat a n\u00e1vrh\u00e1\u0159i fotovoltaick\u00fdch syst\u00e9m\u016f zde nach\u00e1zej\u00ed \u00farodnou p\u016fdu.<\/p>\n\n\n\n<p>Profesionalizace je kl\u00ed\u010dov\u00e1, proto\u017ee technologick\u00e1 slo\u017eitost rychle roste.<\/p>\n\n\n\n<h3 class=\"wp-block-heading\">Cirkul\u00e1rn\u00ed ekonomika a nakl\u00e1d\u00e1n\u00ed s odpady<\/h3>\n\n\n\n<p>V\u00fdrobn\u00ed, potravin\u00e1\u0159sk\u00e9, stavebn\u00ed a maloobchodn\u00ed spole\u010dnosti ji\u017e integruj\u00ed cirkul\u00e1rn\u00ed modely, kter\u00e9 sni\u017euj\u00ed mno\u017estv\u00ed odpadu a p\u0159etv\u00e1\u0159ej\u00ed dodavatelsk\u00e9 \u0159et\u011bzce.<\/p>\n\n\n\n<p>Zde vynikaj\u00ed profesion\u00e1lov\u00e9 v oblasti udr\u017eiteln\u00e9ho designu, environment\u00e1ln\u00ed konzultanti a specialist\u00e9 na zhodnocov\u00e1n\u00ed odpadu, kte\u0159\u00ed jsou schopni p\u0159em\u011bnit odpad na produktivn\u00ed vstupy.<\/p>\n\n\n\n<h3 class=\"wp-block-heading\">Regenerativn\u00ed zem\u011bd\u011blstv\u00ed a potravin\u00e1\u0159sk\u00e9 syst\u00e9my<\/h3>\n\n\n\n<p>Agronomov\u00e9, odborn\u00edci na p\u016fdu a zem\u011bd\u011blsk\u00ed technologov\u00e9 propaguj\u00ed zem\u011bd\u011blsk\u00e9 metody, kter\u00e9 obnovuj\u00ed ekosyst\u00e9my, zvy\u0161uj\u00ed \u00fa\u010dinnost vyu\u017e\u00edv\u00e1n\u00ed vody a vyu\u017e\u00edvaj\u00ed inteligentn\u00ed senzory k monitorov\u00e1n\u00ed.<\/p>\n\n\n\n<p>Toto odv\u011btv\u00ed roste zejm\u00e9na v regionech s nedostatkem vody nebo tlakem na produkci.<\/p>\n\n\n\n<h3 class=\"wp-block-heading\">Chytr\u00e1 mobilita a \u010dist\u00e1 doprava<\/h3>\n\n\n\n<p>Elektrifikace dopravy zvy\u0161uje popt\u00e1vku po profilech v oblasti nab\u00edjec\u00ed infrastruktury, automatizace vozidel, udr\u017eiteln\u00e9 logistiky a m\u011bstsk\u00e9ho designu orientovan\u00e9ho na aktivn\u00ed mobilitu.<\/p>\n\n\n\n<h3 class=\"wp-block-heading\">Udr\u017eiteln\u00e1 v\u00fdstavba a energetick\u00e1 \u00fa\u010dinnost budov<\/h3>\n\n\n\n<p>Architekti, urbanist\u00e9, specialist\u00e9 na regulaci klimatu a konzultanti pro certifikace jako LEED nebo EDGE jsou nezbytn\u00ed pro budovy, kter\u00e9 spot\u0159ebov\u00e1vaj\u00ed m\u00e9n\u011b energie a vytv\u00e1\u0159ej\u00ed zdrav\u011bj\u0161\u00ed prostory.<\/p>\n\n\n\n<h2 class=\"wp-block-heading\">Dovednosti, kter\u00e9 si zelen\u00e9 firmy nejv\u00edce cen\u00ed<\/h2>\n\n\n\n<p><strong>Syst\u00e9mov\u00e9 my\u0161len\u00ed.<\/strong> Schopnost porozum\u011bt vztah\u016fm mezi procesy, dopady na \u017eivotn\u00ed prost\u0159ed\u00ed a n\u00e1klady.<\/p>\n\n\n\n<p><strong>Digit\u00e1ln\u00ed dovednosti.<\/strong> Znalost simula\u010dn\u00edho softwaru, anal\u00fdzy dat a automatizace.<\/p>\n\n\n\n<p><strong>\u00da\u010delov\u011b orientovan\u00e9 inovace.<\/strong> Adaptabilita na hled\u00e1n\u00ed \u0159e\u0161en\u00ed v m\u011bn\u00edc\u00edm se prost\u0159ed\u00ed.<\/p>\n\n\n\n<p><strong>Technick\u00e1 komunikace.<\/strong> Vysv\u011btlov\u00e1n\u00ed slo\u017eit\u00fdch proces\u016f nespecializovan\u00e9mu publiku.<\/p>\n\n\n\n<p><strong>Etick\u00e9 \u0159\u00edzen\u00ed zdroj\u016f.<\/strong> Rozhodnut\u00ed zalo\u017een\u00e1 na d\u016fkazech a profesion\u00e1ln\u00ed odpov\u011bdnost.<\/p>\n\n\n\n<p>Firmy nehledaj\u00ed jen technick\u00e9 znalosti, ale tak\u00e9 zam\u011b\u0159en\u00ed na neust\u00e1l\u00e9 zlep\u0161ov\u00e1n\u00ed.<\/p>\n\n\n\n<h2 class=\"wp-block-heading\">Dva p\u0159\u00edklady, kter\u00e9 ilustruj\u00ed skute\u010dn\u00fd dopad<\/h2>\n\n\n\n<p><strong>Sol\u00e1rn\u00ed in\u017een\u00fdrstv\u00ed ve venkovsk\u00fdch oblastech.<\/strong><\/p>\n\n\n\n<p>Profesion\u00e1l specializuj\u00edc\u00ed se na fotovoltaickou elektrifikaci m\u016f\u017ee koordinovat projekty, kter\u00e9 propojuj\u00ed odlehl\u00e9 komunity s \u010distou energi\u00ed, sni\u017euj\u00ed provozn\u00ed n\u00e1klady a umo\u017e\u0148uj\u00ed stabiln\u011bj\u0161\u00ed fungov\u00e1n\u00ed \u0161kol nebo zdravotn\u00edch st\u0159edisek.<\/p>\n\n\n\n<p><strong>Environment\u00e1ln\u00ed poradenstv\u00ed pro pr\u016fmyslov\u00e1 odv\u011btv\u00ed.<\/strong> Exportn\u00ed spole\u010dnosti jsou povinny dodr\u017eovat environment\u00e1ln\u00ed normy.<\/p>\n\n\n\n<p>Specializovan\u00fd konzultant m\u016f\u017ee m\u011b\u0159it emise, navrhovat energetick\u00e1 vylep\u0161en\u00ed a pom\u00e1hat s mezin\u00e1rodn\u00edmi audity, \u010d\u00edm\u017e otev\u00edr\u00e1 dve\u0159e na glob\u00e1ln\u00ed trhy.<\/p>\n\n\n\n<p>Tyto p\u0159\u00edpady ukazuj\u00ed, jak zelen\u00e1 kari\u00e9rn\u00ed cesta spojuje spole\u010densk\u00fd dopad se solidn\u00edm profesn\u00edm r\u016fstem.<\/p>\n\n\n\n<h2 class=\"wp-block-heading\">Tabulka: Hlavn\u00ed zelen\u00e9 plochy a jejich nejvyhled\u00e1van\u011bj\u0161\u00ed profily<\/h2>\n\n\n\n<figure class=\"wp-block-table\"><table><thead><tr><th>Sektor<\/th><th>Doporu\u010den\u00e9 profily<\/th><th>Typ p\u0159\u00edle\u017eitosti<\/th><\/tr><\/thead><tbody><tr><td>Obnoviteln\u00e9 zdroje energie<\/td><td>Elektrotechnici, technici fotovoltaiky, analytici \u00fa\u010dinnosti<\/td><td>Vysok\u00e1 popt\u00e1vka a technick\u00e1 specializace<\/td><\/tr><tr><td>Cirkul\u00e1rn\u00ed ekonomika<\/td><td>Environment\u00e1ln\u00ed konzultanti, udr\u017eiteln\u00ed design\u00e9\u0159i, spr\u00e1vci odpad\u016f<\/td><td>Stabiln\u00ed r\u016fst ve v\u00fdrob\u011b<\/td><\/tr><tr><td>Udr\u017eiteln\u00e1 v\u00fdstavba<\/td><td>Architekti, energetick\u00ed audito\u0159i, specialist\u00e9 na LEED<\/td><td>M\u011bstsk\u00e9 a firemn\u00ed projekty<\/td><\/tr><tr><td>\u010cist\u00e1 mobilita<\/td><td>Specialist\u00e9 na nab\u00edjec\u00ed infrastrukturu, analytici mobility<\/td><td>Ve\u0159ejn\u00fd a soukrom\u00fd sektor<\/td><\/tr><tr><td>Regenerativn\u00ed zem\u011bd\u011blstv\u00ed<\/td><td>Zem\u011bd\u011bl\u0161t\u00ed in\u017een\u00fd\u0159i, zem\u011bd\u011blsk\u00ed technologi<\/td><td>Inovace v potravinov\u00fdch \u0159et\u011bzc\u00edch<\/td><\/tr><\/tbody><\/table><figcaption class=\"wp-element-caption\">Udr\u017eiteln\u00e9 kari\u00e9ry: rozmach zelen\u00fdch pracovn\u00edch m\u00edst<\/figcaption><\/figure>\n\n\n\n<figure class=\"wp-block-gallery aligncenter has-nested-images columns-default is-cropped wp-block-gallery-2 is-layout-flex wp-block-gallery-is-layout-flex\">\n<figure class=\"wp-block-image size-full\"><img loading=\"lazy\" decoding=\"async\" width=\"450\" height=\"250\" data-id=\"10349\" src=\"https:\/\/universofamilia.com\/wp-content\/uploads\/sites\/148\/2025\/11\/Destaque-Novo-Universo-1-2.jpg\" alt=\"\" class=\"wp-image-10349\" srcset=\"https:\/\/universofamilia.com\/wp-content\/uploads\/sites\/148\/2025\/11\/Destaque-Novo-Universo-1-2.jpg 450w, https:\/\/universofamilia.com\/wp-content\/uploads\/sites\/148\/2025\/11\/Destaque-Novo-Universo-1-2-300x167.jpg 300w, https:\/\/universofamilia.com\/wp-content\/uploads\/sites\/148\/2025\/11\/Destaque-Novo-Universo-1-2-18x10.jpg 18w\" sizes=\"(max-width: 450px) 100vw, 450px\" \/><figcaption class=\"wp-element-caption\">Canva<\/figcaption><\/figure>\n<\/figure>\n\n\n\n<p>\u010ct\u011bte v\u00edce:\u00a0<a href=\"https:\/\/universofamilia.com\/cs\/el-teletrabajo-en-2025-las-nuevas-tendencias-del-home-office\/\">Pr\u00e1ce na d\u00e1lku v roce 2025: Nov\u00e9 trendy v pr\u00e1ci z domova<\/a><\/p>\n\n\n\n<h2 class=\"wp-block-heading\">Pro\u010d budou tyto kari\u00e9ry i v roce 2025 nad\u00e1le r\u016fst?<\/h2>\n\n\n\n<p>Ve\u0159ejn\u00e1 politika v Mexiku sm\u011b\u0159uje ke sni\u017eov\u00e1n\u00ed emis\u00ed a pln\u011bn\u00ed mezin\u00e1rodn\u00edch c\u00edl\u016f.<\/p>\n\n\n\n<p>Soukrom\u00fd sektor si nav\u00edc ji\u017e uv\u011bdomuje, \u017ee \u0161patn\u00e1 environment\u00e1ln\u00ed v\u00fdkonnost ovliv\u0148uje reputaci, n\u00e1klady a p\u0159\u00edstup k financov\u00e1n\u00ed.<\/p>\n\n\n\n<p>Investo\u0159i po\u017eaduj\u00ed transparentnost v oblasti klimatu, co\u017e vede k naj\u00edm\u00e1n\u00ed profesion\u00e1l\u016f schopn\u00fdch zajistit p\u0159esn\u00e1 m\u011b\u0159en\u00ed a strategie p\u0159echodu.<\/p>\n\n\n\n<p>Z\u00e1rove\u0148 si spot\u0159ebitel\u00e9 cen\u00ed produkt\u016f s men\u0161\u00ed ekologickou stopou, co\u017e vede firmy k p\u0159ekonfigurov\u00e1n\u00ed cel\u00fdch proces\u016f.<\/p>\n\n\n\n<p>Tento kulturn\u00ed posun poh\u00e1n\u00ed expanzi zelen\u00fdch profil\u016f v marketingu, auditu, logistice a v\u00fdvoji produkt\u016f.<\/p>\n\n\n\n<h2 class=\"wp-block-heading\">Technologick\u00e9 transformace, kter\u00e9 nov\u011b definuj\u00ed budoucnost pr\u00e1ce<\/h2>\n\n\n\n<p>Digitalizace se prol\u00edn\u00e1 s udr\u017eitelnost\u00ed. N\u00e1stroje prediktivn\u00ed analytiky, senzory internetu v\u011bc\u00ed, monitorovac\u00ed platformy a digit\u00e1ln\u00ed dvoj\u010data umo\u017e\u0148uj\u00ed p\u0159esn\u011bj\u0161\u00ed rozhodov\u00e1n\u00ed.<\/p>\n\n\n\n<p>Tato konvergence vytv\u00e1\u0159\u00ed hybridn\u00ed role: specialisty, kte\u0159\u00ed kombinuj\u00ed in\u017een\u00fdrstv\u00ed s anal\u00fdzou dat nebo environment\u00e1ln\u00ed profily se z\u00e1kladn\u00edmi program\u00e1torsk\u00fdmi dovednostmi.<\/p>\n\n\n\n<p>Roste tak\u00e9 popt\u00e1vka po odborn\u00edc\u00edch, kte\u0159\u00ed rozum\u00ed p\u0159edpis\u016fm v oblasti \u017eivotn\u00edho prost\u0159ed\u00ed, proto\u017ee ka\u017ed\u00fd udr\u017eiteln\u00fd projekt souvis\u00ed s povolen\u00edmi, stavebn\u00edmi normami, energetickou politikou a da\u0148ov\u00fdmi po\u017eadavky.<\/p>\n\n\n\n<h2 class=\"wp-block-heading\">Ekonomika, kter\u00e1 se znovuobjevuje skrze vzd\u011bl\u00e1v\u00e1n\u00ed<\/h2>\n\n\n\n<p>Mexick\u00e9 univerzity a v\u00fdzkumn\u00e1 centra ji\u017e nab\u00edzej\u00ed tituly a diplomy p\u0159izp\u016fsoben\u00e9 tomuto nov\u00e9mu sc\u00e9n\u00e1\u0159i.<\/p>\n\n\n\n<p>Programy v oblasti environment\u00e1ln\u00edho in\u017een\u00fdrstv\u00ed, obnoviteln\u00fdch zdroj\u016f energie, biotechnologi\u00ed, ob\u011bhov\u00e9ho hospod\u00e1\u0159stv\u00ed, hospoda\u0159en\u00ed s p\u0159\u00edrodn\u00edmi zdroji a udr\u017eiteln\u00e9ho urbanistick\u00e9ho pl\u00e1nov\u00e1n\u00ed zahrnuj\u00ed moduly o inovac\u00edch, profesn\u00ed etice a nov\u011b vznikaj\u00edc\u00edch technologi\u00edch.<\/p>\n\n\n\n<p>Posilov\u00e1n\u00ed akademick\u00e9 sf\u00e9ry je nezbytn\u00e9, proto\u017ee d\u016fv\u011bryhodnost tohoto odv\u011btv\u00ed z\u00e1vis\u00ed na dob\u0159e vy\u0161kolen\u00fdch odborn\u00edc\u00edch. Udr\u017eitelnost vy\u017eaduje technickou d\u016fslednost, v\u011bdeck\u00e9 d\u016fkazy a spole\u010denskou odpov\u011bdnost.<\/p>\n\n\n\n<h2 class=\"wp-block-heading\">Je te\u010f ten spr\u00e1vn\u00fd \u010das za\u010d\u00edt s ekologickou kari\u00e9rou?<\/h2>\n\n\n\n<p>Odpov\u011b\u010f z\u00e1vis\u00ed na va\u0161ich z\u00e1jmech, ale vyhl\u00eddky jsou p\u0159\u00edzniv\u00e9. P\u0159\u00edle\u017eitosti se zvy\u0161uj\u00ed, platy jsou konkurenceschopn\u00e9 a profesn\u00ed dopad p\u0159esahuje finan\u010dn\u00ed zisk.<\/p>\n\n\n\n<p>Zah\u00e1jen\u00ed kari\u00e9ry v tomto odv\u011btv\u00ed znamen\u00e1 p\u0159\u00edmo p\u0159isp\u011bt k transformaci, kter\u00e1 ur\u010d\u00ed kvalitu \u017eivota milion\u016f lid\u00ed.<\/p>\n\n\n\n<h2 class=\"wp-block-heading\">Z\u00e1v\u011br<\/h2>\n\n\n\n<p>Ten\/Ta\/To <strong><em>\u201eUdr\u017eiteln\u00e9 kari\u00e9ry: zelen\u00e1 pracovn\u00ed m\u00edsta na vzestupu.\u201c<\/em><\/strong> P\u0159edstavuj\u00ed br\u00e1nu k odoln\u011bj\u0161\u00ed, inovativn\u011bj\u0161\u00ed a spravedliv\u011bj\u0161\u00ed ekonomick\u00e9 budoucnosti.<\/p>\n\n\n\n<p>Kombinace profesn\u00edho r\u016fstu, dopadu na \u017eivotn\u00ed prost\u0159ed\u00ed a stability zam\u011bstn\u00e1n\u00ed \u010din\u00ed z t\u011bchto profes\u00ed jednu z nejstrategi\u010dt\u011bj\u0161\u00edch s\u00e1zek pro rok 2025.<\/p>\n\n\n\n<p>Pokud hled\u00e1te smysluplnou kari\u00e9rn\u00ed dr\u00e1hu s potenci\u00e1lem specializace a stabiln\u00ed popt\u00e1vkou, tento profesn\u00ed sv\u011bt si zaslou\u017e\u00ed va\u0161i plnou pozornost.<\/p>\n\n\n\n<p>\u010ct\u011bte v\u00edce:\u00a0<a href=\"https:\/\/universofamilia.com\/cs\/errores-clave-al-iniciar-un-negocio-online\/\">Hlavn\u00ed chyby p\u0159i zakl\u00e1d\u00e1n\u00ed online podnik\u00e1n\u00ed<\/a><\/p>\n\n\n\n<h2 class=\"wp-block-heading\">\u010casto kladen\u00e9 ot\u00e1zky<\/h2>\n\n\n\n<p><strong>Jak\u00e9 studium se doporu\u010duje pro zah\u00e1jen\u00ed pr\u00e1ce v zelen\u00fdch profes\u00edch?<\/strong><\/p>\n\n\n\n<p><br>Environment\u00e1ln\u00ed in\u017een\u00fdrstv\u00ed, obnoviteln\u00e9 zdroje energie, agronomie, udr\u017eiteln\u00fd design, urbanistick\u00e9 pl\u00e1nov\u00e1n\u00ed a technick\u00e9 programy souvisej\u00edc\u00ed s energetickou \u00fa\u010dinnost\u00ed nebo nakl\u00e1d\u00e1n\u00edm s odpady.<\/p>\n\n\n\n<p><strong>Jsou vy\u017eadov\u00e1ny p\u0159edchoz\u00ed zku\u0161enosti?<\/strong><\/p>\n\n\n\n<p><br>Ne v\u017edy. Mnoho pozic na z\u00e1kladn\u00ed \u00farovni se zam\u011b\u0159uje na anal\u00fdzu dat, technickou podporu nebo provozn\u00ed role. Pr\u016fb\u011b\u017en\u00e9 vzd\u011bl\u00e1v\u00e1n\u00ed je kl\u00ed\u010dov\u00e9.<\/p>\n\n\n\n<p><strong>Existuj\u00ed zelen\u00e1 pracovn\u00ed m\u00edsta pouze ve velk\u00fdch firm\u00e1ch?<\/strong><\/p>\n\n\n\n<p><br>Ne. Mal\u00e9 a st\u0159edn\u00ed podniky tak\u00e9 zav\u00e1d\u011bj\u00ed udr\u017eiteln\u00e9 modely. P\u0159\u00edle\u017eitosti nav\u00edc existuj\u00ed v nevl\u00e1dn\u00edch organizac\u00edch, vl\u00e1d\u011b a nez\u00e1visl\u00fdch poradensk\u00fdch spole\u010dnostech.<\/p>\n\n\n\n<p><strong>M\u016f\u017ee profesion\u00e1l bez environment\u00e1ln\u00edho vzd\u011bl\u00e1n\u00ed zm\u011bnit odv\u011btv\u00ed?<\/strong><\/p>\n\n\n\n<p><br>Ano. Marketing, pr\u00e1vo, komunikace, finance a logistika \u2013 v\u0161echny obory maj\u00ed zelen\u00e9 verze, kter\u00e9 vy\u017eaduj\u00ed p\u0159enositeln\u00e9 dovednosti.<\/p>\n\n\n\n<p><strong>Zaru\u010duj\u00ed tyto kari\u00e9ry budouc\u00ed stabilitu?<\/strong><\/p>\n\n\n\n<p><br>Dokud vl\u00e1dy a trhy z\u016fstanou na cest\u011b k dekarbonizaci, budou se udr\u017eiteln\u00e1 povol\u00e1n\u00ed i nad\u00e1le roz\u0161i\u0159ovat.<\/p>\n\n\n\n<p>P\u0159edstavuj\u00ed solidn\u00ed p\u0159\u00edle\u017eitost s dlouhodobou perspektivou.<\/p>","protected":false},"excerpt":{"rendered":"<p>Carreras sostenibles: empleos verdes en auge. En un mundo donde el talento se enfrenta a cambios constantes, hablar de \u201cCarreras sostenibles: empleos verdes en auge.\u201d Ya no es una tendencia pasajera, sino una respuesta directa a la urgencia clim\u00e1tica, tecnol\u00f3gica y econ\u00f3mica.Y antes de entrar en cada \u00e1rea, aqu\u00ed tienes un sumario r\u00e1pido que orienta [&hellip;]<\/p>","protected":false},"author":219,"featured_media":10347,"comment_status":"closed","ping_status":"open","sticky":false,"template":"","format":"standard","meta":{"footnotes":""},"categories":[5],"tags":[],"yoast_head":"<!-- This site is optimized with the Yoast SEO plugin v23.3 - https:\/\/yoast.com\/wordpress\/plugins\/seo\/ -->\n<title>Carreras sostenibles: empleos verdes en auge - Universo Fam\u00edlia<\/title>\n<meta name=\"description\" content=\"Carreras sostenibles: empleos verdes en auge. En un mundo donde el talento se enfrenta a cambios constantes, hablar de \u201cCarreras sostenibles:\" \/>\n<meta name=\"robots\" content=\"index, follow, max-snippet:-1, max-image-preview:large, max-video-preview:-1\" \/>\n<link rel=\"canonical\" href=\"http:\/\/universofamilia.com\/cs\/carreras-sostenibles-empleos-verdes-en-auge\/\" \/>\n<meta property=\"og:locale\" content=\"cs_CZ\" \/>\n<meta property=\"og:type\" content=\"article\" \/>\n<meta property=\"og:title\" content=\"Carreras sostenibles: empleos verdes en auge - Universo Fam\u00edlia\" \/>\n<meta property=\"og:description\" content=\"Carreras sostenibles: empleos verdes en auge. En un mundo donde el talento se enfrenta a cambios constantes, hablar de \u201cCarreras sostenibles:\" \/>\n<meta property=\"og:url\" content=\"http:\/\/universofamilia.com\/cs\/carreras-sostenibles-empleos-verdes-en-auge\/\" \/>\n<meta property=\"og:site_name\" content=\"Universo Fam\u00edlia\" \/>\n<meta property=\"article:published_time\" content=\"2025-11-17T17:50:39+00:00\" \/>\n<meta property=\"article:modified_time\" content=\"2025-11-17T17:50:41+00:00\" \/>\n<meta property=\"og:image\" content=\"http:\/\/universofamilia.com\/wp-content\/uploads\/sites\/148\/2025\/11\/Destaque-Novo-Universo-3.jpg\" \/>\n\t<meta property=\"og:image:width\" content=\"450\" \/>\n\t<meta property=\"og:image:height\" content=\"250\" \/>\n\t<meta property=\"og:image:type\" content=\"image\/jpeg\" \/>\n<meta name=\"author\" content=\"Matheus Sangaletti\" \/>\n<meta name=\"twitter:card\" content=\"summary_large_image\" \/>\n<meta name=\"twitter:label1\" content=\"Written by\" \/>\n\t<meta name=\"twitter:data1\" content=\"Matheus Sangaletti\" \/>\n\t<meta name=\"twitter:label2\" content=\"Est. reading time\" \/>\n\t<meta name=\"twitter:data2\" content=\"8 minut\" \/>\n<script type=\"application\/ld+json\" class=\"yoast-schema-graph\">{\"@context\":\"https:\/\/schema.org\",\"@graph\":[{\"@type\":\"WebPage\",\"@id\":\"http:\/\/universofamilia.com\/pt\/carreras-sostenibles-empleos-verdes-en-auge\/\",\"url\":\"http:\/\/universofamilia.com\/pt\/carreras-sostenibles-empleos-verdes-en-auge\/\",\"name\":\"Carreras sostenibles: empleos verdes en auge - Universo Fam\u00edlia\",\"isPartOf\":{\"@id\":\"http:\/\/universofamilia.com\/zh_hk\/#website\"},\"primaryImageOfPage\":{\"@id\":\"http:\/\/universofamilia.com\/pt\/carreras-sostenibles-empleos-verdes-en-auge\/#primaryimage\"},\"image\":{\"@id\":\"http:\/\/universofamilia.com\/pt\/carreras-sostenibles-empleos-verdes-en-auge\/#primaryimage\"},\"thumbnailUrl\":\"https:\/\/universofamilia.com\/wp-content\/uploads\/sites\/148\/2025\/11\/Destaque-Novo-Universo-3.jpg\",\"datePublished\":\"2025-11-17T17:50:39+00:00\",\"dateModified\":\"2025-11-17T17:50:41+00:00\",\"author\":{\"@id\":\"http:\/\/universofamilia.com\/zh_hk\/#\/schema\/person\/92fcd07e9b1f4323bf74f3170fc0f78a\"},\"description\":\"Carreras sostenibles: empleos verdes en auge. En un mundo donde el talento se enfrenta a cambios constantes, hablar de \u201cCarreras sostenibles:\",\"breadcrumb\":{\"@id\":\"http:\/\/universofamilia.com\/pt\/carreras-sostenibles-empleos-verdes-en-auge\/#breadcrumb\"},\"inLanguage\":\"cs\",\"potentialAction\":[{\"@type\":\"ReadAction\",\"target\":[\"http:\/\/universofamilia.com\/pt\/carreras-sostenibles-empleos-verdes-en-auge\/\"]}]},{\"@type\":\"ImageObject\",\"inLanguage\":\"cs\",\"@id\":\"http:\/\/universofamilia.com\/pt\/carreras-sostenibles-empleos-verdes-en-auge\/#primaryimage\",\"url\":\"https:\/\/universofamilia.com\/wp-content\/uploads\/sites\/148\/2025\/11\/Destaque-Novo-Universo-3.jpg\",\"contentUrl\":\"https:\/\/universofamilia.com\/wp-content\/uploads\/sites\/148\/2025\/11\/Destaque-Novo-Universo-3.jpg\",\"width\":450,\"height\":250},{\"@type\":\"BreadcrumbList\",\"@id\":\"http:\/\/universofamilia.com\/pt\/carreras-sostenibles-empleos-verdes-en-auge\/#breadcrumb\",\"itemListElement\":[{\"@type\":\"ListItem\",\"position\":1,\"name\":\"Home\",\"item\":\"http:\/\/universofamilia.com\/zh_hk\/\"},{\"@type\":\"ListItem\",\"position\":2,\"name\":\"Carreras sostenibles: empleos verdes en auge\"}]},{\"@type\":\"WebSite\",\"@id\":\"http:\/\/universofamilia.com\/zh_hk\/#website\",\"url\":\"http:\/\/universofamilia.com\/zh_hk\/\",\"name\":\"Universo Fam\u00edlia\",\"description\":\"\",\"potentialAction\":[{\"@type\":\"SearchAction\",\"target\":{\"@type\":\"EntryPoint\",\"urlTemplate\":\"http:\/\/universofamilia.com\/zh_hk\/?s={search_term_string}\"},\"query-input\":\"required name=search_term_string\"}],\"inLanguage\":\"cs\"},{\"@type\":\"Person\",\"@id\":\"http:\/\/universofamilia.com\/zh_hk\/#\/schema\/person\/92fcd07e9b1f4323bf74f3170fc0f78a\",\"name\":\"Matheus Sangaletti\",\"image\":{\"@type\":\"ImageObject\",\"inLanguage\":\"cs\",\"@id\":\"http:\/\/universofamilia.com\/zh_hk\/#\/schema\/person\/image\/\",\"url\":\"https:\/\/secure.gravatar.com\/avatar\/280ea957a14a48e6a1ad2133d2cc27c9?s=96&d=mm&r=g\",\"contentUrl\":\"https:\/\/secure.gravatar.com\/avatar\/280ea957a14a48e6a1ad2133d2cc27c9?s=96&d=mm&r=g\",\"caption\":\"Matheus Sangaletti\"},\"url\":\"https:\/\/universofamilia.com\/cs\/author\/matheuss\/\"}]}<\/script>\n<!-- \/ Yoast SEO plugin. -->","yoast_head_json":{"title":"Carreras sostenibles: empleos verdes en auge - Universo Fam\u00edlia","description":"Carreras sostenibles: empleos verdes en auge. En un mundo donde el talento se enfrenta a cambios constantes, hablar de \u201cCarreras sostenibles:","robots":{"index":"index","follow":"follow","max-snippet":"max-snippet:-1","max-image-preview":"max-image-preview:large","max-video-preview":"max-video-preview:-1"},"canonical":"http:\/\/universofamilia.com\/cs\/carreras-sostenibles-empleos-verdes-en-auge\/","og_locale":"cs_CZ","og_type":"article","og_title":"Carreras sostenibles: empleos verdes en auge - Universo Fam\u00edlia","og_description":"Carreras sostenibles: empleos verdes en auge. En un mundo donde el talento se enfrenta a cambios constantes, hablar de \u201cCarreras sostenibles:","og_url":"http:\/\/universofamilia.com\/cs\/carreras-sostenibles-empleos-verdes-en-auge\/","og_site_name":"Universo Fam\u00edlia","article_published_time":"2025-11-17T17:50:39+00:00","article_modified_time":"2025-11-17T17:50:41+00:00","og_image":[{"width":450,"height":250,"url":"http:\/\/universofamilia.com\/wp-content\/uploads\/sites\/148\/2025\/11\/Destaque-Novo-Universo-3.jpg","type":"image\/jpeg"}],"author":"Matheus Sangaletti","twitter_card":"summary_large_image","twitter_misc":{"Written by":"Matheus Sangaletti","Est. reading time":"8 minut"},"schema":{"@context":"https:\/\/schema.org","@graph":[{"@type":"WebPage","@id":"http:\/\/universofamilia.com\/pt\/carreras-sostenibles-empleos-verdes-en-auge\/","url":"http:\/\/universofamilia.com\/pt\/carreras-sostenibles-empleos-verdes-en-auge\/","name":"Carreras sostenibles: empleos verdes en auge - Universo Fam\u00edlia","isPartOf":{"@id":"http:\/\/universofamilia.com\/zh_hk\/#website"},"primaryImageOfPage":{"@id":"http:\/\/universofamilia.com\/pt\/carreras-sostenibles-empleos-verdes-en-auge\/#primaryimage"},"image":{"@id":"http:\/\/universofamilia.com\/pt\/carreras-sostenibles-empleos-verdes-en-auge\/#primaryimage"},"thumbnailUrl":"https:\/\/universofamilia.com\/wp-content\/uploads\/sites\/148\/2025\/11\/Destaque-Novo-Universo-3.jpg","datePublished":"2025-11-17T17:50:39+00:00","dateModified":"2025-11-17T17:50:41+00:00","author":{"@id":"http:\/\/universofamilia.com\/zh_hk\/#\/schema\/person\/92fcd07e9b1f4323bf74f3170fc0f78a"},"description":"Carreras sostenibles: empleos verdes en auge. En un mundo donde el talento se enfrenta a cambios constantes, hablar de \u201cCarreras sostenibles:","breadcrumb":{"@id":"http:\/\/universofamilia.com\/pt\/carreras-sostenibles-empleos-verdes-en-auge\/#breadcrumb"},"inLanguage":"cs","potentialAction":[{"@type":"ReadAction","target":["http:\/\/universofamilia.com\/pt\/carreras-sostenibles-empleos-verdes-en-auge\/"]}]},{"@type":"ImageObject","inLanguage":"cs","@id":"http:\/\/universofamilia.com\/pt\/carreras-sostenibles-empleos-verdes-en-auge\/#primaryimage","url":"https:\/\/universofamilia.com\/wp-content\/uploads\/sites\/148\/2025\/11\/Destaque-Novo-Universo-3.jpg","contentUrl":"https:\/\/universofamilia.com\/wp-content\/uploads\/sites\/148\/2025\/11\/Destaque-Novo-Universo-3.jpg","width":450,"height":250},{"@type":"BreadcrumbList","@id":"http:\/\/universofamilia.com\/pt\/carreras-sostenibles-empleos-verdes-en-auge\/#breadcrumb","itemListElement":[{"@type":"ListItem","position":1,"name":"Home","item":"http:\/\/universofamilia.com\/zh_hk\/"},{"@type":"ListItem","position":2,"name":"Carreras sostenibles: empleos verdes en auge"}]},{"@type":"WebSite","@id":"http:\/\/universofamilia.com\/zh_hk\/#website","url":"http:\/\/universofamilia.com\/zh_hk\/","name":"Universo Fam\u00edlia","description":"","potentialAction":[{"@type":"SearchAction","target":{"@type":"EntryPoint","urlTemplate":"http:\/\/universofamilia.com\/zh_hk\/?s={search_term_string}"},"query-input":"required name=search_term_string"}],"inLanguage":"cs"},{"@type":"Person","@id":"http:\/\/universofamilia.com\/zh_hk\/#\/schema\/person\/92fcd07e9b1f4323bf74f3170fc0f78a","name":"Matheus Sangaletti","image":{"@type":"ImageObject","inLanguage":"cs","@id":"http:\/\/universofamilia.com\/zh_hk\/#\/schema\/person\/image\/","url":"https:\/\/secure.gravatar.com\/avatar\/280ea957a14a48e6a1ad2133d2cc27c9?s=96&d=mm&r=g","contentUrl":"https:\/\/secure.gravatar.com\/avatar\/280ea957a14a48e6a1ad2133d2cc27c9?s=96&d=mm&r=g","caption":"Matheus Sangaletti"},"url":"https:\/\/universofamilia.com\/cs\/author\/matheuss\/"}]}},"_links":{"self":[{"href":"https:\/\/universofamilia.com\/cs\/wp-json\/wp\/v2\/posts\/10346"}],"collection":[{"href":"https:\/\/universofamilia.com\/cs\/wp-json\/wp\/v2\/posts"}],"about":[{"href":"https:\/\/universofamilia.com\/cs\/wp-json\/wp\/v2\/types\/post"}],"author":[{"embeddable":true,"href":"https:\/\/universofamilia.com\/cs\/wp-json\/wp\/v2\/users\/219"}],"replies":[{"embeddable":true,"href":"https:\/\/universofamilia.com\/cs\/wp-json\/wp\/v2\/comments?post=10346"}],"version-history":[{"count":1,"href":"https:\/\/universofamilia.com\/cs\/wp-json\/wp\/v2\/posts\/10346\/revisions"}],"predecessor-version":[{"id":10350,"href":"https:\/\/universofamilia.com\/cs\/wp-json\/wp\/v2\/posts\/10346\/revisions\/10350"}],"wp:featuredmedia":[{"embeddable":true,"href":"https:\/\/universofamilia.com\/cs\/wp-json\/wp\/v2\/media\/10347"}],"wp:attachment":[{"href":"https:\/\/universofamilia.com\/cs\/wp-json\/wp\/v2\/media?parent=10346"}],"wp:term":[{"taxonomy":"category","embeddable":true,"href":"https:\/\/universofamilia.com\/cs\/wp-json\/wp\/v2\/categories?post=10346"},{"taxonomy":"post_tag","embeddable":true,"href":"https:\/\/universofamilia.com\/cs\/wp-json\/wp\/v2\/tags?post=10346"}],"curies":[{"name":"wp","href":"https:\/\/api.w.org\/{rel}","templated":true}]}}